{"id":9495,"date":"2023-04-08T09:30:32","date_gmt":"2023-04-08T07:30:32","guid":{"rendered":"https:\/\/sceaux-lagazette.fr\/?p=9495"},"modified":"2023-08-18T17:21:53","modified_gmt":"2023-08-18T15:21:53","slug":"gepeto-fait-salle-comble","status":"publish","type":"post","link":"https:\/\/sceaux-lagazette.fr\/index.php\/2023\/04\/08\/gepeto-fait-salle-comble\/","title":{"rendered":"Gepeto fait salle comble"},"content":{"rendered":"\n<p>Mercredi dernier, le Comit\u00e9 consultatif des transitions anim\u00e9 par Florence Presson, \u00e9lue sc\u00e9enne, organisait avec les Conf\u00e9rences de Sceaux, une rencontre sur l\u2019intelligence artificielle (IA). Loin d\u2019\u00eatre dans une stricte intimit\u00e9, l\u2019initiative a bourr\u00e9 \u00e0 craquer la grande salle de la mairie. Et pourtant, ce n\u2019\u00e9tait ni un concert ni une finale de coupe du monde. Seule \u00ab&nbsp;en sc\u00e8ne&nbsp;\u00bb, seulement \u00e9quip\u00e9e d\u2019un vid\u00e9oprojecteur, Laurence Devillers, professeure en IA \u00e0 Sorbonne Universit\u00e9 et chercheuse au CNRS a captiv\u00e9 son auditoire.<\/p>\n\n\n\n<div class=\"wp-block-image\"><figure class=\"alignright size-medium\"><img decoding=\"async\" width=\"200\" height=\"300\" src=\"https:\/\/sceaux-lagazette.fr\/wp-content\/uploads\/2023\/04\/Laurence_Devillers_Portrait-200x300.jpg\" alt=\"\" class=\"wp-image-9498\" srcset=\"https:\/\/sceaux-lagazette.fr\/wp-content\/uploads\/2023\/04\/Laurence_Devillers_Portrait-200x300.jpg 200w, https:\/\/sceaux-lagazette.fr\/wp-content\/uploads\/2023\/04\/Laurence_Devillers_Portrait.jpg 256w\" sizes=\"(max-width: 200px) 100vw, 200px\" \/><figcaption>L. Devillers (Common Wikimedia)<\/figcaption><\/figure><\/div>\n\n\n\n<p>Elle attaque avec un petit historique sur l\u2019IA en guise de hors-d\u2019\u0153uvre. Puis, c&rsquo;est le plat de r\u00e9sistance, ChatGPT qui occupe une place de choix dans la chronique. Les articles sur les performances du logiciel et les menaces qu\u2019il fait planer sur l\u2019emploi et le rapport \u00e0 la connaissance.<\/p>\n\n\n\n<p>On s\u2019est plusieurs fois \u00e9poustoufl\u00e9 dans La Gazette devant la musculature de Gepeto (son sobriquet) qui, pour num\u00e9rique qu\u2019elle soit, impressionne l\u2019estivant des nouvelles technologies. Sur les bris\u00e9es de Salvador Dali et de sa passion pour le chocolat Lanvin, nos moustaches ont tressailli devant la capacit\u00e9 \u00e0 produire des textes parfaitement organis\u00e9s. Mais surtout devant l\u2019aisance, conduite par le calcul tranquille, avec laquelle Gepeto produit du vrai et du faux, m\u00e9lange le tout et l\u2019enveloppe d\u2019une apparence ultra sympa. Persuasive.<\/p>\n\n\n\n<p>Plaisanterie mise \u00e0 part, tout n\u2019est pas noir. Et tout n\u2019est pas une somme de dangers, m\u00eame s\u2019ils existent vraiment. Les applications sont nombreuses notamment en mati\u00e8re d\u2019assistance m\u00e9dicale. Laurence Devillers, dont on a appris qu\u2019elle est Sc\u00e9enne, en a \u00e9num\u00e9r\u00e9 beaucoup et d\u2019irr\u00e9prochables, en particulier pour des personnes avec handicap. C\u2019est un de ses sujets de travaux.<\/p>\n\n\n\n<p>P\u00e9dagogue, pour donner \u00e0 sentir la puissance du ph\u00e9nom\u00e8ne, elle afficha des s\u00e9ries de 3 images. Question&nbsp;: laquelle parmi les trois est d\u2019origine humaine&nbsp;? R\u00e9ponses de l\u2019assistance totalement divergentes, montrant la difficult\u00e9 \u00e0 trancher. Impossible de les diff\u00e9rencier sans h\u00e9siter. Les performances de l\u2019IA apparaissaient d\u2019autant mieux. D\u2019ailleurs le discours de l\u2019universitaire n\u2019\u00e9tait s\u00fbrement pas de les diminuer, mais de les mettre en en contexte. Et d\u2019avertir.<\/p>\n\n\n\n<p>Car plus les capacit\u00e9s sont grandes, plus il est important (urgent m\u00eame \u00e0 l\u2019\u00e9couter) est de savoir comment les utiliser et en comprendre les limites. Pas s\u00fbr qu\u2019on ait tout compris. On en redemande.<\/p>\n","protected":false},"excerpt":{"rendered":"<p>Mercredi dernier, le Comit\u00e9 consultatif des transitions anim\u00e9 par Florence Presson, \u00e9lue sc\u00e9enne, organisait avec les Conf\u00e9rences de Sceaux, une rencontre sur l\u2019intelligence artificielle (IA). Loin d\u2019\u00eatre dans une stricte intimit\u00e9, l\u2019initiative a bourr\u00e9 \u00e0 craquer la grande salle de la mairie. Et pourtant, ce n\u2019\u00e9tait ni un concert ni&#8230;<\/p>\n","protected":false},"author":26,"featured_media":9496,"comment_status":"open","ping_status":"open","sticky":false,"template":"","format":"standard","meta":{"om_disable_all_campaigns":false,"_monsterinsights_skip_tracking":false,"_monsterinsights_sitenote_active":false,"_monsterinsights_sitenote_note":"","_monsterinsights_sitenote_category":0,"_uf_show_specific_survey":0,"_uf_disable_surveys":false,"footnotes":""},"categories":[272,266],"tags":[],"class_list":["post-9495","post","type-post","status-publish","format-standard","has-post-thumbnail","hentry","category-conferences-2","category-sceaux","entry","simple"],"yoast_head":"<!-- This site is optimized with the Yoast SEO plugin v25.6 - https:\/\/yoast.com\/wordpress\/plugins\/seo\/ -->\n<title>Gepeto fait salle comble - La Gazette<\/title>\n<meta name=\"robots\" content=\"index, follow, max-snippet:-1, max-image-preview:large, max-video-preview:-1\" \/>\n<link rel=\"canonical\" href=\"https:\/\/sceaux-lagazette.fr\/index.php\/2023\/04\/08\/gepeto-fait-salle-comble\/\" \/>\n<meta property=\"og:locale\" content=\"fr_FR\" \/>\n<meta property=\"og:type\" content=\"article\" \/>\n<meta property=\"og:title\" content=\"Gepeto fait salle comble - La Gazette\" \/>\n<meta property=\"og:description\" content=\"Mercredi dernier, le Comit\u00e9 consultatif des transitions anim\u00e9 par Florence Presson, \u00e9lue sc\u00e9enne, organisait avec les Conf\u00e9rences de Sceaux, une rencontre sur l\u2019intelligence artificielle (IA). Loin d\u2019\u00eatre dans une stricte intimit\u00e9, l\u2019initiative a bourr\u00e9 \u00e0 craquer la grande salle de la mairie. Et pourtant, ce n\u2019\u00e9tait ni un concert ni&#8230;\" \/>\n<meta property=\"og:url\" content=\"https:\/\/sceaux-lagazette.fr\/index.php\/2023\/04\/08\/gepeto-fait-salle-comble\/\" \/>\n<meta property=\"og:site_name\" content=\"La Gazette\" \/>\n<meta property=\"article:published_time\" content=\"2023-04-08T07:30:32+00:00\" \/>\n<meta property=\"article:modified_time\" content=\"2023-08-18T15:21:53+00:00\" \/>\n<meta property=\"og:image\" content=\"https:\/\/sceaux-lagazette.fr\/wp-content\/uploads\/2023\/04\/Laurence-Devillers-IA-a-Sceaux.jpg\" \/>\n\t<meta property=\"og:image:width\" content=\"960\" \/>\n\t<meta property=\"og:image:height\" content=\"489\" \/>\n\t<meta property=\"og:image:type\" content=\"image\/jpeg\" \/>\n<meta name=\"author\" content=\"Bob Trotter\" \/>\n<meta name=\"twitter:card\" content=\"summary_large_image\" \/>\n<meta name=\"twitter:label1\" content=\"\u00c9crit par\" \/>\n\t<meta name=\"twitter:data1\" content=\"Bob Trotter\" \/>\n\t<meta name=\"twitter:label2\" content=\"Dur\u00e9e de lecture estim\u00e9e\" \/>\n\t<meta name=\"twitter:data2\" content=\"2 minutes\" \/>\n<script type=\"application\/ld+json\" class=\"yoast-schema-graph\">{\"@context\":\"https:\/\/schema.org\",\"@graph\":[{\"@type\":\"Article\",\"@id\":\"https:\/\/sceaux-lagazette.fr\/index.php\/2023\/04\/08\/gepeto-fait-salle-comble\/#article\",\"isPartOf\":{\"@id\":\"https:\/\/sceaux-lagazette.fr\/index.php\/2023\/04\/08\/gepeto-fait-salle-comble\/\"},\"author\":{\"name\":\"Bob Trotter\",\"@id\":\"https:\/\/sceaux-lagazette.fr\/#\/schema\/person\/6a722b0a04ce43936c921179f282272b\"},\"headline\":\"Gepeto fait salle comble\",\"datePublished\":\"2023-04-08T07:30:32+00:00\",\"dateModified\":\"2023-08-18T15:21:53+00:00\",\"mainEntityOfPage\":{\"@id\":\"https:\/\/sceaux-lagazette.fr\/index.php\/2023\/04\/08\/gepeto-fait-salle-comble\/\"},\"wordCount\":430,\"commentCount\":4,\"publisher\":{\"@id\":\"https:\/\/sceaux-lagazette.fr\/#organization\"},\"image\":{\"@id\":\"https:\/\/sceaux-lagazette.fr\/index.php\/2023\/04\/08\/gepeto-fait-salle-comble\/#primaryimage\"},\"thumbnailUrl\":\"https:\/\/sceaux-lagazette.fr\/wp-content\/uploads\/2023\/04\/Laurence-Devillers-IA-a-Sceaux.jpg\",\"articleSection\":[\"Conf\u00e9rences\",\"Sceaux\"],\"inLanguage\":\"fr-FR\",\"potentialAction\":[{\"@type\":\"CommentAction\",\"name\":\"Comment\",\"target\":[\"https:\/\/sceaux-lagazette.fr\/index.php\/2023\/04\/08\/gepeto-fait-salle-comble\/#respond\"]}]},{\"@type\":\"WebPage\",\"@id\":\"https:\/\/sceaux-lagazette.fr\/index.php\/2023\/04\/08\/gepeto-fait-salle-comble\/\",\"url\":\"https:\/\/sceaux-lagazette.fr\/index.php\/2023\/04\/08\/gepeto-fait-salle-comble\/\",\"name\":\"Gepeto fait salle comble - La Gazette\",\"isPartOf\":{\"@id\":\"https:\/\/sceaux-lagazette.fr\/#website\"},\"primaryImageOfPage\":{\"@id\":\"https:\/\/sceaux-lagazette.fr\/index.php\/2023\/04\/08\/gepeto-fait-salle-comble\/#primaryimage\"},\"image\":{\"@id\":\"https:\/\/sceaux-lagazette.fr\/index.php\/2023\/04\/08\/gepeto-fait-salle-comble\/#primaryimage\"},\"thumbnailUrl\":\"https:\/\/sceaux-lagazette.fr\/wp-content\/uploads\/2023\/04\/Laurence-Devillers-IA-a-Sceaux.jpg\",\"datePublished\":\"2023-04-08T07:30:32+00:00\",\"dateModified\":\"2023-08-18T15:21:53+00:00\",\"breadcrumb\":{\"@id\":\"https:\/\/sceaux-lagazette.fr\/index.php\/2023\/04\/08\/gepeto-fait-salle-comble\/#breadcrumb\"},\"inLanguage\":\"fr-FR\",\"potentialAction\":[{\"@type\":\"ReadAction\",\"target\":[\"https:\/\/sceaux-lagazette.fr\/index.php\/2023\/04\/08\/gepeto-fait-salle-comble\/\"]}]},{\"@type\":\"ImageObject\",\"inLanguage\":\"fr-FR\",\"@id\":\"https:\/\/sceaux-lagazette.fr\/index.php\/2023\/04\/08\/gepeto-fait-salle-comble\/#primaryimage\",\"url\":\"https:\/\/sceaux-lagazette.fr\/wp-content\/uploads\/2023\/04\/Laurence-Devillers-IA-a-Sceaux.jpg\",\"contentUrl\":\"https:\/\/sceaux-lagazette.fr\/wp-content\/uploads\/2023\/04\/Laurence-Devillers-IA-a-Sceaux.jpg\",\"width\":960,\"height\":489},{\"@type\":\"BreadcrumbList\",\"@id\":\"https:\/\/sceaux-lagazette.fr\/index.php\/2023\/04\/08\/gepeto-fait-salle-comble\/#breadcrumb\",\"itemListElement\":[{\"@type\":\"ListItem\",\"position\":1,\"name\":\"Accueil\",\"item\":\"https:\/\/sceaux-lagazette.fr\/\"},{\"@type\":\"ListItem\",\"position\":2,\"name\":\"Gepeto fait salle comble\"}]},{\"@type\":\"WebSite\",\"@id\":\"https:\/\/sceaux-lagazette.fr\/#website\",\"url\":\"https:\/\/sceaux-lagazette.fr\/\",\"name\":\"La Gazette\",\"description\":\"Bourg-la-Reine, Ch\u00e2tenay, Fontenay, Sceaux\",\"publisher\":{\"@id\":\"https:\/\/sceaux-lagazette.fr\/#organization\"},\"potentialAction\":[{\"@type\":\"SearchAction\",\"target\":{\"@type\":\"EntryPoint\",\"urlTemplate\":\"https:\/\/sceaux-lagazette.fr\/?s={search_term_string}\"},\"query-input\":{\"@type\":\"PropertyValueSpecification\",\"valueRequired\":true,\"valueName\":\"search_term_string\"}}],\"inLanguage\":\"fr-FR\"},{\"@type\":\"Organization\",\"@id\":\"https:\/\/sceaux-lagazette.fr\/#organization\",\"name\":\"La Gazette\",\"url\":\"https:\/\/sceaux-lagazette.fr\/\",\"logo\":{\"@type\":\"ImageObject\",\"inLanguage\":\"fr-FR\",\"@id\":\"https:\/\/sceaux-lagazette.fr\/#\/schema\/logo\/image\/\",\"url\":\"https:\/\/sceaux-lagazette.fr\/wp-content\/uploads\/2025\/08\/Logo-Gazette-Aout-2025-V3.jpg\",\"contentUrl\":\"https:\/\/sceaux-lagazette.fr\/wp-content\/uploads\/2025\/08\/Logo-Gazette-Aout-2025-V3.jpg\",\"width\":525,\"height\":130,\"caption\":\"La Gazette\"},\"image\":{\"@id\":\"https:\/\/sceaux-lagazette.fr\/#\/schema\/logo\/image\/\"}},{\"@type\":\"Person\",\"@id\":\"https:\/\/sceaux-lagazette.fr\/#\/schema\/person\/6a722b0a04ce43936c921179f282272b\",\"name\":\"Bob Trotter\",\"image\":{\"@type\":\"ImageObject\",\"inLanguage\":\"fr-FR\",\"@id\":\"https:\/\/sceaux-lagazette.fr\/#\/schema\/person\/image\/\",\"url\":\"https:\/\/secure.gravatar.com\/avatar\/7b80be6425a418a33c1b7fcf62c4f1bc?s=96&r=g\",\"contentUrl\":\"https:\/\/secure.gravatar.com\/avatar\/7b80be6425a418a33c1b7fcf62c4f1bc?s=96&r=g\",\"caption\":\"Bob Trotter\"},\"url\":\"https:\/\/sceaux-lagazette.fr\/index.php\/author\/bob-trotter\/\"}]}<\/script>\n<!-- \/ Yoast SEO plugin. -->","yoast_head_json":{"title":"Gepeto fait salle comble - La Gazette","robots":{"index":"index","follow":"follow","max-snippet":"max-snippet:-1","max-image-preview":"max-image-preview:large","max-video-preview":"max-video-preview:-1"},"canonical":"https:\/\/sceaux-lagazette.fr\/index.php\/2023\/04\/08\/gepeto-fait-salle-comble\/","og_locale":"fr_FR","og_type":"article","og_title":"Gepeto fait salle comble - La Gazette","og_description":"Mercredi dernier, le Comit\u00e9 consultatif des transitions anim\u00e9 par Florence Presson, \u00e9lue sc\u00e9enne, organisait avec les Conf\u00e9rences de Sceaux, une rencontre sur l\u2019intelligence artificielle (IA). Loin d\u2019\u00eatre dans une stricte intimit\u00e9, l\u2019initiative a bourr\u00e9 \u00e0 craquer la grande salle de la mairie. Et pourtant, ce n\u2019\u00e9tait ni un concert ni&#8230;","og_url":"https:\/\/sceaux-lagazette.fr\/index.php\/2023\/04\/08\/gepeto-fait-salle-comble\/","og_site_name":"La Gazette","article_published_time":"2023-04-08T07:30:32+00:00","article_modified_time":"2023-08-18T15:21:53+00:00","og_image":[{"width":960,"height":489,"url":"https:\/\/sceaux-lagazette.fr\/wp-content\/uploads\/2023\/04\/Laurence-Devillers-IA-a-Sceaux.jpg","type":"image\/jpeg"}],"author":"Bob Trotter","twitter_card":"summary_large_image","twitter_misc":{"\u00c9crit par":"Bob Trotter","Dur\u00e9e de lecture estim\u00e9e":"2 minutes"},"schema":{"@context":"https:\/\/schema.org","@graph":[{"@type":"Article","@id":"https:\/\/sceaux-lagazette.fr\/index.php\/2023\/04\/08\/gepeto-fait-salle-comble\/#article","isPartOf":{"@id":"https:\/\/sceaux-lagazette.fr\/index.php\/2023\/04\/08\/gepeto-fait-salle-comble\/"},"author":{"name":"Bob Trotter","@id":"https:\/\/sceaux-lagazette.fr\/#\/schema\/person\/6a722b0a04ce43936c921179f282272b"},"headline":"Gepeto fait salle comble","datePublished":"2023-04-08T07:30:32+00:00","dateModified":"2023-08-18T15:21:53+00:00","mainEntityOfPage":{"@id":"https:\/\/sceaux-lagazette.fr\/index.php\/2023\/04\/08\/gepeto-fait-salle-comble\/"},"wordCount":430,"commentCount":4,"publisher":{"@id":"https:\/\/sceaux-lagazette.fr\/#organization"},"image":{"@id":"https:\/\/sceaux-lagazette.fr\/index.php\/2023\/04\/08\/gepeto-fait-salle-comble\/#primaryimage"},"thumbnailUrl":"https:\/\/sceaux-lagazette.fr\/wp-content\/uploads\/2023\/04\/Laurence-Devillers-IA-a-Sceaux.jpg","articleSection":["Conf\u00e9rences","Sceaux"],"inLanguage":"fr-FR","potentialAction":[{"@type":"CommentAction","name":"Comment","target":["https:\/\/sceaux-lagazette.fr\/index.php\/2023\/04\/08\/gepeto-fait-salle-comble\/#respond"]}]},{"@type":"WebPage","@id":"https:\/\/sceaux-lagazette.fr\/index.php\/2023\/04\/08\/gepeto-fait-salle-comble\/","url":"https:\/\/sceaux-lagazette.fr\/index.php\/2023\/04\/08\/gepeto-fait-salle-comble\/","name":"Gepeto fait salle comble - La Gazette","isPartOf":{"@id":"https:\/\/sceaux-lagazette.fr\/#website"},"primaryImageOfPage":{"@id":"https:\/\/sceaux-lagazette.fr\/index.php\/2023\/04\/08\/gepeto-fait-salle-comble\/#primaryimage"},"image":{"@id":"https:\/\/sceaux-lagazette.fr\/index.php\/2023\/04\/08\/gepeto-fait-salle-comble\/#primaryimage"},"thumbnailUrl":"https:\/\/sceaux-lagazette.fr\/wp-content\/uploads\/2023\/04\/Laurence-Devillers-IA-a-Sceaux.jpg","datePublished":"2023-04-08T07:30:32+00:00","dateModified":"2023-08-18T15:21:53+00:00","breadcrumb":{"@id":"https:\/\/sceaux-lagazette.fr\/index.php\/2023\/04\/08\/gepeto-fait-salle-comble\/#breadcrumb"},"inLanguage":"fr-FR","potentialAction":[{"@type":"ReadAction","target":["https:\/\/sceaux-lagazette.fr\/index.php\/2023\/04\/08\/gepeto-fait-salle-comble\/"]}]},{"@type":"ImageObject","inLanguage":"fr-FR","@id":"https:\/\/sceaux-lagazette.fr\/index.php\/2023\/04\/08\/gepeto-fait-salle-comble\/#primaryimage","url":"https:\/\/sceaux-lagazette.fr\/wp-content\/uploads\/2023\/04\/Laurence-Devillers-IA-a-Sceaux.jpg","contentUrl":"https:\/\/sceaux-lagazette.fr\/wp-content\/uploads\/2023\/04\/Laurence-Devillers-IA-a-Sceaux.jpg","width":960,"height":489},{"@type":"BreadcrumbList","@id":"https:\/\/sceaux-lagazette.fr\/index.php\/2023\/04\/08\/gepeto-fait-salle-comble\/#breadcrumb","itemListElement":[{"@type":"ListItem","position":1,"name":"Accueil","item":"https:\/\/sceaux-lagazette.fr\/"},{"@type":"ListItem","position":2,"name":"Gepeto fait salle comble"}]},{"@type":"WebSite","@id":"https:\/\/sceaux-lagazette.fr\/#website","url":"https:\/\/sceaux-lagazette.fr\/","name":"La Gazette","description":"Bourg-la-Reine, Ch\u00e2tenay, Fontenay, Sceaux","publisher":{"@id":"https:\/\/sceaux-lagazette.fr\/#organization"},"potentialAction":[{"@type":"SearchAction","target":{"@type":"EntryPoint","urlTemplate":"https:\/\/sceaux-lagazette.fr\/?s={search_term_string}"},"query-input":{"@type":"PropertyValueSpecification","valueRequired":true,"valueName":"search_term_string"}}],"inLanguage":"fr-FR"},{"@type":"Organization","@id":"https:\/\/sceaux-lagazette.fr\/#organization","name":"La Gazette","url":"https:\/\/sceaux-lagazette.fr\/","logo":{"@type":"ImageObject","inLanguage":"fr-FR","@id":"https:\/\/sceaux-lagazette.fr\/#\/schema\/logo\/image\/","url":"https:\/\/sceaux-lagazette.fr\/wp-content\/uploads\/2025\/08\/Logo-Gazette-Aout-2025-V3.jpg","contentUrl":"https:\/\/sceaux-lagazette.fr\/wp-content\/uploads\/2025\/08\/Logo-Gazette-Aout-2025-V3.jpg","width":525,"height":130,"caption":"La Gazette"},"image":{"@id":"https:\/\/sceaux-lagazette.fr\/#\/schema\/logo\/image\/"}},{"@type":"Person","@id":"https:\/\/sceaux-lagazette.fr\/#\/schema\/person\/6a722b0a04ce43936c921179f282272b","name":"Bob Trotter","image":{"@type":"ImageObject","inLanguage":"fr-FR","@id":"https:\/\/sceaux-lagazette.fr\/#\/schema\/person\/image\/","url":"https:\/\/secure.gravatar.com\/avatar\/7b80be6425a418a33c1b7fcf62c4f1bc?s=96&r=g","contentUrl":"https:\/\/secure.gravatar.com\/avatar\/7b80be6425a418a33c1b7fcf62c4f1bc?s=96&r=g","caption":"Bob Trotter"},"url":"https:\/\/sceaux-lagazette.fr\/index.php\/author\/bob-trotter\/"}]}},"cc_featured_image_caption":{"caption_text":"Photo LGdS","source_text":"","source_url":""},"_links":{"self":[{"href":"https:\/\/sceaux-lagazette.fr\/index.php\/wp-json\/wp\/v2\/posts\/9495"}],"collection":[{"href":"https:\/\/sceaux-lagazette.fr\/index.php\/wp-json\/wp\/v2\/posts"}],"about":[{"href":"https:\/\/sceaux-lagazette.fr\/index.php\/wp-json\/wp\/v2\/types\/post"}],"author":[{"embeddable":true,"href":"https:\/\/sceaux-lagazette.fr\/index.php\/wp-json\/wp\/v2\/users\/26"}],"replies":[{"embeddable":true,"href":"https:\/\/sceaux-lagazette.fr\/index.php\/wp-json\/wp\/v2\/comments?post=9495"}],"version-history":[{"count":6,"href":"https:\/\/sceaux-lagazette.fr\/index.php\/wp-json\/wp\/v2\/posts\/9495\/revisions"}],"predecessor-version":[{"id":9584,"href":"https:\/\/sceaux-lagazette.fr\/index.php\/wp-json\/wp\/v2\/posts\/9495\/revisions\/9584"}],"wp:featuredmedia":[{"embeddable":true,"href":"https:\/\/sceaux-lagazette.fr\/index.php\/wp-json\/wp\/v2\/media\/9496"}],"wp:attachment":[{"href":"https:\/\/sceaux-lagazette.fr\/index.php\/wp-json\/wp\/v2\/media?parent=9495"}],"wp:term":[{"taxonomy":"category","embeddable":true,"href":"https:\/\/sceaux-lagazette.fr\/index.php\/wp-json\/wp\/v2\/categories?post=9495"},{"taxonomy":"post_tag","embeddable":true,"href":"https:\/\/sceaux-lagazette.fr\/index.php\/wp-json\/wp\/v2\/tags?post=9495"}],"curies":[{"name":"wp","href":"https:\/\/api.w.org\/{rel}","templated":true}]}}