{"id":9006,"date":"2023-02-27T10:30:01","date_gmt":"2023-02-27T09:30:01","guid":{"rendered":"https:\/\/sceaux-lagazette.fr\/?p=9006"},"modified":"2023-08-18T17:22:36","modified_gmt":"2023-08-18T15:22:36","slug":"60-ans-damities-internationales","status":"publish","type":"post","link":"https:\/\/sceaux-lagazette.fr\/index.php\/2023\/02\/27\/60-ans-damities-internationales\/","title":{"rendered":"60 ans d\u2019amiti\u00e9s internationales"},"content":{"rendered":"\n<p>En 1963, une d\u00e9lib\u00e9ration du conseil municipal de Sceaux a act\u00e9 un jumelage avec la ville de Br\u00fchl. La m\u00eame d\u00e9lib\u00e9ration missionnait le <a href=\"https:\/\/www.csai-sceaux.fr\/\" target=\"_blank\" rel=\"noreferrer noopener\">Centre Sc\u00e9en des Amiti\u00e9s Internationales <\/a>(CSAI) pour faire vivre ce jumelage (et d\u2019autres \u00e0 venir). 60 ans plus tard, le CSAI continue \u00e0 animer le jumelage de la ville. Jack Bont\u00e9 en est le pr\u00e9sident depuis 2013.<\/p>\n\n\n\n<h2 class=\"wp-block-heading\">Au 47<sup>e<\/sup> cross de Sceaux<\/h2>\n\n\n\n<p>Dimanche 12 f\u00e9vrier avait lieu le 47<sup>e<\/sup> cross de Sceaux. <a href=\"https:\/\/mpse-chrono.fr\/resultats\/2023-cross-de-sceaux\/\" target=\"_blank\" rel=\"noreferrer noopener\">Au palmar\u00e8s <\/a>du 5 kms, on trouvait en t\u00eate Moritz Kummeler, du club de <a href=\"https:\/\/fr.wikipedia.org\/wiki\/Br%C3%BChl_(Rh%C3%A9nanie-du-Nord-Westphalie)\" target=\"_blank\" rel=\"noreferrer noopener\">Br\u00fchl,<\/a> avec plus de 30 secondes d\u2019avance sur le suivant. Peter Christian, deuxi\u00e8me du 10 km et Ines Birk 1<sup>re<\/sup> femme en cat\u00e9gorie master 2 du 10km, repr\u00e9sentaient aussi le club d\u2019athl\u00e9tisme de Br\u00fchl.<\/p>\n\n\n\n<p>Cette pr\u00e9sence sportive n\u2019est qu\u2019un des aspects des relations entre les deux villes. Des relations qui ne sont pas que dans la comp\u00e9tition sportive&nbsp;: apr\u00e8s le cross, les 24 Allemands de tous \u00e2ges sont all\u00e9s d\u00e9jeuner chez le pr\u00e9sident du CSAI.<\/p>\n\n\n\n<h2 class=\"wp-block-heading\">Activit\u00e9 de l\u2019association<\/h2>\n\n\n\n<p>Le CSAI organise les d\u00e9l\u00e9gations amicales entre les villes. Ces rencontres annuelles entre associations, se d\u00e9roulent une ann\u00e9e chez l\u2019un, une ann\u00e9e chez l\u2019autre. Cette activit\u00e9 a \u00e9t\u00e9 compl\u00e9t\u00e9e par d\u2019autres, au gr\u00e9 des bonnes volont\u00e9s et des opportunit\u00e9s. Le lien autour de l\u2019athl\u00e9tisme est limit\u00e9 de fait par l\u2019absence de club \u00e0 Sceaux, pour partager avec celui de Br\u00fchl.<\/p>\n\n\n\n<p>Mais des liens ont pu s\u2019\u00e9tablir, plus ou moins durablement, entre coll\u00e8ges ou lyc\u00e9es ou entre associations diverses. Il y eut des \u00e9changes entre chorales et m\u00eame entre associations d\u2019handicap\u00e9s.<\/p>\n\n\n\n<div class=\"wp-block-image\"><figure class=\"alignright size-medium\"><img decoding=\"async\" width=\"300\" height=\"225\" src=\"https:\/\/sceaux-lagazette.fr\/wp-content\/uploads\/2023\/02\/carnaval-les-fran\u00e7ais-300x225.jpg\" alt=\"\" class=\"wp-image-9013\" srcset=\"https:\/\/sceaux-lagazette.fr\/wp-content\/uploads\/2023\/02\/carnaval-les-fran\u00e7ais-300x225.jpg 300w, https:\/\/sceaux-lagazette.fr\/wp-content\/uploads\/2023\/02\/carnaval-les-fran\u00e7ais-1024x768.jpg 1024w, https:\/\/sceaux-lagazette.fr\/wp-content\/uploads\/2023\/02\/carnaval-les-fran\u00e7ais-768x576.jpg 768w, https:\/\/sceaux-lagazette.fr\/wp-content\/uploads\/2023\/02\/carnaval-les-fran\u00e7ais-1536x1152.jpg 1536w, https:\/\/sceaux-lagazette.fr\/wp-content\/uploads\/2023\/02\/carnaval-les-fran\u00e7ais-2048x1536.jpg 2048w\" sizes=\"(max-width: 300px) 100vw, 300px\" \/><\/figure><\/div>\n\n\n\n<p>Et tout cela se passe dans la bonne humeur, comme le montre cette photo de la d\u00e9l\u00e9gation fran\u00e7aise lors d\u00a0\u00bbun carnaval.<\/p>\n\n\n\n<p>La visite du site du CSAI montre des rencontres nombreuses, depuis les v\u0153ux jusque\u2026en passant bien s\u00fbr par l\u2019Assembl\u00e9e g\u00e9n\u00e9rale et l\u2019\u00e9lection du bureau. L\u2019association compte une centaine d\u2019adh\u00e9rents fid\u00e8les. Jack Bont\u00e9, pr\u00e9sident de l\u2019association depuis 2013, est un exemple de cette fid\u00e9lit\u00e9, lui qui adh\u00e9ra au CSAI en 1975. Comme il le fait remarquer, une ann\u00e9e particuli\u00e8rement importante pour lui, puisqu\u2019elle fut aussi celle de son mariage.<\/p>\n\n\n\n<h2 class=\"wp-block-heading\">Br\u00fchl, ville natale de Max Ernst<\/h2>\n\n\n\n<p>Pendant plus de 8 si\u00e8cles, la ville de Br\u00fchl est rattach\u00e9e \u00e0 l\u2019archev\u00each\u00e9 de Cologne, dont <a href=\"https:\/\/fr.wikipedia.org\/wiki\/%C3%89lectorat_de_Cologne\" target=\"_blank\" rel=\"noreferrer noopener\">le titulaire <\/a>est l\u2019un de 7 princes \u00e9lecteurs du Saint Empire germanique. Des titulaires qui, au XV et XVIe si\u00e8cle firent de Br\u00fchl leur r\u00e9sidence.<\/p>\n\n\n\n<div class=\"wp-block-image\"><figure class=\"alignright size-medium is-resized\"><img decoding=\"async\" src=\"https:\/\/sceaux-lagazette.fr\/wp-content\/uploads\/2023\/02\/CHATEAU-BR\u00dcHL-2JPG-300x201.jpg\" alt=\"\" class=\"wp-image-9009\" width=\"300\" height=\"201\" srcset=\"https:\/\/sceaux-lagazette.fr\/wp-content\/uploads\/2023\/02\/CHATEAU-BR\u00dcHL-2JPG-300x201.jpg 300w, https:\/\/sceaux-lagazette.fr\/wp-content\/uploads\/2023\/02\/CHATEAU-BR\u00dcHL-2JPG-1024x685.jpg 1024w, https:\/\/sceaux-lagazette.fr\/wp-content\/uploads\/2023\/02\/CHATEAU-BR\u00dcHL-2JPG-768x514.jpg 768w, https:\/\/sceaux-lagazette.fr\/wp-content\/uploads\/2023\/02\/CHATEAU-BR\u00dcHL-2JPG-1536x1028.jpg 1536w, https:\/\/sceaux-lagazette.fr\/wp-content\/uploads\/2023\/02\/CHATEAU-BR\u00dcHL-2JPG-2048x1371.jpg 2048w\" sizes=\"(max-width: 300px) 100vw, 300px\" \/><figcaption>Ch\u00e2teau de Br\u00fchl<\/figcaption><\/figure><\/div>\n\n\n\n<p>Mais c\u2019est au XVIIIe qu\u2019ils firent construire le ch\u00e2teau Augustusburg, qui a r\u00e9sist\u00e9 \u00e0 la Seconde Guerre mondiale. Le mus\u00e9e Max Ernst date, lui, de 2005.<\/p>\n\n\n\n<p>La ville abrite le si\u00e8ge de Renault Allemagne, longtemps dirig\u00e9 par Jacques Bart puis par Jean Michel Sicre, tous deux membres du CSAI. Elle poss\u00e8de aussi un parc d\u2019attractions, <a href=\"https:\/\/www.phantasialand.de\/fr\/\" target=\"_blank\" rel=\"noreferrer noopener\">Phantasialand<\/a>, devenu en 50 ans un des plus importants d\u2019Europe.<\/p>\n\n\n\n<p>La ville compte environ 45.000 habitants. C\u2019est une ville r\u00e9sidentielle, assez \u00e0 l\u2019image de Sceaux.<\/p>\n\n\n\n<h2 class=\"wp-block-heading\">Voyage en avril en Angleterre<\/h2>\n\n\n\n<p>Du 21 au 25 avril, des Sc\u00e9ens iront \u00e0 Leamington, ville d\u2019Angleterre<a href=\"https:\/\/www.sceaux.fr\/sites\/default\/files\/files_d6\/am_sceaux_bm_0068_1975_septembre-octobre_0.pdf\" target=\"_blank\" rel=\"noreferrer noopener\"> jumel\u00e9e \u00e0 Sceaux<\/a> depuis 1969. Comme d\u2019habitude, les familles avec leurs enfants seront log\u00e9es par des habitants de Leamington. Cette pratique limite le nombre de places \u00e0 une trentaine. Mais elle est un moyen essentiel de la d\u00e9couverte de la vie l\u00e0-bas.<\/p>\n\n\n\n<p>Le voyage se fait par Eurostar jusqu\u2019\u00e0 Londres, puis par car jusqu\u2019\u00e0 Leamington, \u00e0 une centaine de miles de la gare de St Pancras. Il se d\u00e9roule traditionnellement du vendredi matin au mardi soir suivant. Les inscriptions sont ouvertes jusqu\u2019au 25 f\u00e9vrier. La participation est de 220 \u20ac (prix sp\u00e9cial pour les enfants).<\/p>\n\n\n\n<h2 class=\"wp-block-heading\">Une ville r\u00e9sidentielle et \u00e9tudiante<\/h2>\n\n\n\n<div class=\"wp-block-image\"><figure class=\"alignright size-medium\"><img decoding=\"async\" width=\"300\" height=\"200\" src=\"https:\/\/sceaux-lagazette.fr\/wp-content\/uploads\/2023\/02\/Leamington-image-by-Tony-Hisgett2-1600x1067-1-300x200.jpeg\" alt=\"\" class=\"wp-image-9010\" srcset=\"https:\/\/sceaux-lagazette.fr\/wp-content\/uploads\/2023\/02\/Leamington-image-by-Tony-Hisgett2-1600x1067-1-300x200.jpeg 300w, https:\/\/sceaux-lagazette.fr\/wp-content\/uploads\/2023\/02\/Leamington-image-by-Tony-Hisgett2-1600x1067-1-1024x683.jpeg 1024w, https:\/\/sceaux-lagazette.fr\/wp-content\/uploads\/2023\/02\/Leamington-image-by-Tony-Hisgett2-1600x1067-1-768x512.jpeg 768w, https:\/\/sceaux-lagazette.fr\/wp-content\/uploads\/2023\/02\/Leamington-image-by-Tony-Hisgett2-1600x1067-1-1536x1024.jpeg 1536w, https:\/\/sceaux-lagazette.fr\/wp-content\/uploads\/2023\/02\/Leamington-image-by-Tony-Hisgett2-1600x1067-1.jpeg 1600w\" sizes=\"(max-width: 300px) 100vw, 300px\" \/><\/figure><\/div>\n\n\n\n<p>Leamington, de son nom complet, Royal Leamington Spa, est une ville thermale (d\u2019o\u00f9 le \u00ab&nbsp;Spa&nbsp;\u00bb) &nbsp;qui fut fr\u00e9quent\u00e9e par la reine (Victoria&nbsp;?) (d\u2019o\u00f9 le \u00ab&nbsp;Royal&nbsp;\u00bb). Situ\u00e9e \u00e0 12 kilom\u00e8tres de l&rsquo;universit\u00e9 de Warwick, elle abrite de nombreux logements de l&rsquo;universit\u00e9 et conna\u00eet une vie \u00e9tudiante assez active. Elle compte plus de 50.000 habitants.<\/p>\n\n\n\n<p>La ville est jumel\u00e9e \u00e0 Br\u00fchl depuis 1973, Sceaux ayant provoqu\u00e9 la mise en relation. Le magnifique <a href=\"https:\/\/fr.wikipedia.org\/wiki\/Ch%C3%A2teau_de_Warwick\" target=\"_blank\" rel=\"noreferrer noopener\">ch\u00e2teau de Warwick<\/a>, qui date de Guillaume le Conqu\u00e9rant, se <a href=\"https:\/\/trucslondres.com\/tourisme\/londres\/chateau-warwick\/\" target=\"_blank\" rel=\"noreferrer noopener\">trouve \u00e0 proximit\u00e9<\/a>. Pour l\u2019anecdote, ce fut un comte de Warwick d\u2019origine fran\u00e7aise (Richard de Beauchamp) qui fit br\u00fbler Jeanne d\u2019Arc.<\/p>\n\n\n\n<h2 class=\"wp-block-heading\">Le d\u00e9roulement g\u00e9n\u00e9ral des rencontres<\/h2>\n\n\n\n<p>Chaque ann\u00e9e, Sceaux re\u00e7oit une d\u00e9l\u00e9gation d\u2019une ville et rend visite \u00e0 l\u2019autre. Il en est de m\u00eame \u00e0 Br\u00fchl et \u00e0 Leamington. La visite comprend une part officielle avec les \u00e9lus. A Sceaux, la mairie organise un d\u00eener le samedi soir. C\u2019est le temps des discours et des \u00e9changes de cadeaux.<\/p>\n\n\n\n<p>Des activit\u00e9s collectives sont organis\u00e9es pour d\u00e9couvrir les environs. En France, il y a souvent une journ\u00e9e \u00e0 Paris. Il y a aussi des temps au sein des familles.<\/p>\n\n\n\n<p>La visite de la d\u00e9l\u00e9gation de Br\u00fchl en 2019, lors du week-end de Pentec\u00f4te, d\u00e9crite sur le site de la CSAI, donne un exemple de d\u00e9roulement. Les Allemands ont voyag\u00e9 en car le vendredi et arrivent \u00e0 temps pour un ap\u00e9ro \u00e0 la mairie. Ils rejoignent ensuite la famille d\u2019accueil pour un d\u00eener regroupant parfois plusieurs familles.<\/p>\n\n\n\n<p>Le samedi est consacr\u00e9 \u00e0 une visite du ch\u00e2teau de Saint Jean de Beauregard. Une inauguration de la place de Br\u00fchl pr\u00e9c\u00e8de le repas \u00e0 la mairie, avec les \u00e9lus. Le dimanche est libre avec les familles.<\/p>\n\n\n\n<p>Le lundi est consacr\u00e9 \u00e0 une visite du 6<sup>e<\/sup> arrondissement de Paris, le repas du soir ayant lieu \u00e0 l\u2019ancienne mairie. Les visiteurs reprennent le car le lendemain matin.<\/p>\n\n\n\n<h2 class=\"wp-block-heading\">Visite \u00e0 Lille<\/h2>\n\n\n\n<div class=\"wp-block-image\"><figure class=\"alignright size-medium\"><img decoding=\"async\" width=\"225\" height=\"300\" src=\"https:\/\/sceaux-lagazette.fr\/wp-content\/uploads\/2023\/02\/DEVANT-LA-CATHEDRALE-225x300.jpg\" alt=\"\" class=\"wp-image-9011\" srcset=\"https:\/\/sceaux-lagazette.fr\/wp-content\/uploads\/2023\/02\/DEVANT-LA-CATHEDRALE-225x300.jpg 225w, https:\/\/sceaux-lagazette.fr\/wp-content\/uploads\/2023\/02\/DEVANT-LA-CATHEDRALE-768x1024.jpg 768w, https:\/\/sceaux-lagazette.fr\/wp-content\/uploads\/2023\/02\/DEVANT-LA-CATHEDRALE-1152x1536.jpg 1152w, https:\/\/sceaux-lagazette.fr\/wp-content\/uploads\/2023\/02\/DEVANT-LA-CATHEDRALE-1536x2048.jpg 1536w, https:\/\/sceaux-lagazette.fr\/wp-content\/uploads\/2023\/02\/DEVANT-LA-CATHEDRALE-scaled.jpg 1920w\" sizes=\"(max-width: 225px) 100vw, 225px\" \/><\/figure><\/div>\n\n\n\n<p>2019, derni\u00e8re ann\u00e9e avant Covid, avait \u00e9t\u00e9 l\u2019occasion d\u2019une rencontre \u00ab&nbsp;tripartite&nbsp;\u00bb \u00e0 Lille organis\u00e9e par le CSAI. Allemands, Anglais et Fran\u00e7ais s\u2019y sont retrouv\u00e9s le temps d\u2019un week-end de trois jours, du 10 au 12 mai. Les temps en petits ou en grands groupes ont altern\u00e9 pour d\u00e9couvrir une ville charg\u00e9e d\u2019histoire et de sens de la f\u00eate.<\/p>\n\n\n\n<p>On retrouve le groupe devant une \u00e9glise moderne et on note que le beau temps fut de la partie!<\/p>\n\n\n\n<p>Manifestement, une exp\u00e9rience \u00e0 renouveler.<\/p>\n\n\n\n<h2 class=\"wp-block-heading\">Des jumelages lanc\u00e9s par la ville<\/h2>\n\n\n\n<p>Toutes ces activit\u00e9s sont maintenant la suite d\u2019une longue histoire, dont Jack Bont\u00e9 signale quelques rep\u00e8res.<\/p>\n\n\n\n<p>Le premier jumelage a \u00e9t\u00e9 conclu en 1956 par \u00c9douard Depreux (maire de 1944 \u00e0 1959), avec la ville de Camberwell (qui a donn\u00e9 son nom \u00e0 une avenue). &nbsp;Ce jumelage n\u2019a pas dur\u00e9, pour cause de trop de diff\u00e9rences entre les deux villes, notamment du point de vue de leur taille.<\/p>\n\n\n\n<p>Erwin Guldner a voulu faire un jumelage avec les Allemands&nbsp;: un accord a \u00e9t\u00e9 trouv\u00e9 en 1963 avec Br\u00fchl. C\u2019est de cette ann\u00e9e que date le CSAI.<\/p>\n\n\n\n<p>Le jumelage avec Camberwell ayant cess\u00e9, une autre ville anglaise a \u00e9t\u00e9 recherch\u00e9e, aboutissant en 1969 \u00e0 une d\u00e9lib\u00e9ration officielle. C\u2019est ainsi que Sceaux est maintenant jumel\u00e9e avec Royal Leamington Spa.<\/p>\n\n\n\n<h2 class=\"wp-block-heading\">Quelques contributeurs remarquables<\/h2>\n\n\n\n<p>Michel Logan est le fondateur du CSAI. \u00c9lu sur la liste d\u2019Erwin Gudner en 1959, il prend en charge la cr\u00e9ation du bulletin municipal, alors trimestriel, qui deviendra plus tard Sceaux Mag. Il est d\u2019ailleurs <a href=\"https:\/\/www.sceaux.fr\/sites\/default\/files\/files_d6\/am_sceaux_bm_0012_1962_4eme_trimestre_0.pdf\" target=\"_blank\" rel=\"noreferrer noopener\">souvent<\/a> <a href=\"https:\/\/www.sceaux.fr\/sites\/default\/files\/files_d6\/am_sceaux_bm_0020_1964_septembre-octobre_0.pdf\" target=\"_blank\" rel=\"noreferrer noopener\">en charge de l\u2019\u00e9ditorial<\/a>.<\/p>\n\n\n\n<p>Pr\u00e9sident d\u2019une association d\u2019\u00e9lus municipaux lors d\u2019un colloque \u00e0 Cologne en 1962, il fait connaissance d\u2019\u00e9lus de Br\u00fchl et du Stadtdirektor <a href=\"#_ftn1\">[1]<\/a>de cette ville. Avec l\u2019accord du maire, il pr\u00e9para le jumelage par de premi\u00e8res rencontres, dont une avec la chorale de Sceaux&nbsp;: la Villanelle. Il fut, tr\u00e8s peu de temps, le premier pr\u00e9sident du CSAI. Il d\u00e9c\u00e8de en 2013. &nbsp;<a href=\"https:\/\/archives.sceaux.fr\/sites\/default\/files\/files_d6\/SM440_0.pdf\" target=\"_blank\" rel=\"noreferrer noopener\">Sceaux Mag<\/a> (page 13) et le <a href=\"https:\/\/www.csai-sceaux.fr\/spip.php?article24\" target=\"_blank\" rel=\"noreferrer noopener\">bulletin du CSAI<\/a> rappellent son r\u00f4le.<\/p>\n\n\n\n<p>Jacques Steverlynck lui succ\u00e8de rapidement, avant d\u2019entrer lui aussi au conseil municipal (en 1965). Il en restera longtemps le pr\u00e9sident. Sceaux Magazine lui consacre <a rel=\"noreferrer noopener\" href=\"https:\/\/www.sceaux.fr\/sites\/default\/files\/files_d6\/am_sceaux_bm_0209_1991_octobre_0.pdf\" target=\"_blank\">une page en 1991<\/a>(page 6) \u00e0 l\u2019occasion de sa d\u00e9coration de l\u2019ordre du m\u00e9rite. <a href=\"https:\/\/www.sceaux.fr\/sites\/default\/files\/files_d6\/am_sceaux_bm_0309_2001_octobre_0.pdf\" target=\"_blank\" rel=\"noreferrer noopener\">Un dossier de trois pages<\/a> lui est consacr\u00e9 lors de son d\u00e9c\u00e8s en 2001. Michel Guillouf, puis Wilhelm Eller et enfin Jack Brosse lui succ\u00e8deront avant que Jack Bont\u00e9 devienne pr\u00e9sident \u00e0 son tour.<\/p>\n\n\n\n<div class=\"wp-block-image\"><figure class=\"alignright size-medium\"><img decoding=\"async\" width=\"300\" height=\"200\" src=\"https:\/\/sceaux-lagazette.fr\/wp-content\/uploads\/2023\/02\/LAKANAL-ESCALIER-TOWN-HALL-300x200.jpg\" alt=\"\" class=\"wp-image-9014\" srcset=\"https:\/\/sceaux-lagazette.fr\/wp-content\/uploads\/2023\/02\/LAKANAL-ESCALIER-TOWN-HALL-300x200.jpg 300w, https:\/\/sceaux-lagazette.fr\/wp-content\/uploads\/2023\/02\/LAKANAL-ESCALIER-TOWN-HALL-1024x683.jpg 1024w, https:\/\/sceaux-lagazette.fr\/wp-content\/uploads\/2023\/02\/LAKANAL-ESCALIER-TOWN-HALL-768x512.jpg 768w, https:\/\/sceaux-lagazette.fr\/wp-content\/uploads\/2023\/02\/LAKANAL-ESCALIER-TOWN-HALL-1536x1024.jpg 1536w, https:\/\/sceaux-lagazette.fr\/wp-content\/uploads\/2023\/02\/LAKANAL-ESCALIER-TOWN-HALL-2048x1365.jpg 2048w\" sizes=\"(max-width: 300px) 100vw, 300px\" \/><\/figure><\/div>\n\n\n\n<p>Th\u00e9r\u00e8se Friberg a longtemps \u00e9t\u00e9 professeur d\u2019anglais au lyc\u00e9e Lakanal. Elle a organis\u00e9 beaucoup d\u2019\u00e9changes avec les \u00e9tablissements scolaires de Leamington. Des \u00e9changes qui n\u2019ont pas \u00e9t\u00e9 poursuivis ensuite. Le bulletin 1114 de la paroisse Saint-Gilles \u00e0 Bourg-la-Reine <a href=\"https:\/\/paroisse-saint-gilles.diocese92.fr\/sites\/default\/files\/files\/bulletins\/BP_1114.pdf\" target=\"_blank\" rel=\"noreferrer noopener\">\u00e9voque son d\u00e9c\u00e8s<\/a> en 2021.<\/p>\n\n\n\n<p>Cette courte liste ignore la tr\u00e8s longue liste de tous ceux qui ont particip\u00e9, ou participent aujourd\u2019hui, ou participeront demain, \u00e0 ces rencontres. Par leur visite \u00e0 Br\u00fchl ou Leamington, par leur accueil d\u2019une ou plusieurs personnes dans leur logement. Ou par tout une s\u00e9rie de taches souvent obscures mais essentielles au bon fonctionnement d\u2019un \u00e9change.<\/p>\n\n\n\n<hr class=\"wp-block-separator\"\/>\n\n\n\n<p><a href=\"#_ftnref1\">[1]<\/a> Qui correspond \u00e0 notre Directeur G\u00e9n\u00e9ral des Services<\/p>\n","protected":false},"excerpt":{"rendered":"<p>En 1963, une d\u00e9lib\u00e9ration du conseil municipal de Sceaux a act\u00e9 un jumelage avec la ville de Br\u00fchl. La m\u00eame d\u00e9lib\u00e9ration missionnait le Centre Sc\u00e9en des Amiti\u00e9s Internationales (CSAI) pour faire vivre ce jumelage (et d\u2019autres \u00e0 venir). 60 ans plus tard, le CSAI continue \u00e0 animer le jumelage de&#8230;<\/p>\n","protected":false},"author":11,"featured_media":9008,"comment_status":"open","ping_status":"open","sticky":false,"template":"","format":"standard","meta":{"om_disable_all_campaigns":false,"_monsterinsights_skip_tracking":false,"_monsterinsights_sitenote_active":false,"_monsterinsights_sitenote_note":"","_monsterinsights_sitenote_category":0,"_uf_show_specific_survey":0,"_uf_disable_surveys":false,"footnotes":""},"categories":[261,266],"tags":[],"class_list":["post-9006","post","type-post","status-publish","format-standard","has-post-thumbnail","hentry","category-associations","category-sceaux","entry","simple"],"yoast_head":"<!-- This site is optimized with the Yoast SEO plugin v25.6 - https:\/\/yoast.com\/wordpress\/plugins\/seo\/ -->\n<title>60 ans d\u2019amiti\u00e9s internationales - La Gazette<\/title>\n<meta name=\"robots\" content=\"index, follow, max-snippet:-1, max-image-preview:large, max-video-preview:-1\" \/>\n<link rel=\"canonical\" href=\"https:\/\/sceaux-lagazette.fr\/index.php\/2023\/02\/27\/60-ans-damities-internationales\/\" \/>\n<meta property=\"og:locale\" content=\"fr_FR\" \/>\n<meta property=\"og:type\" content=\"article\" \/>\n<meta property=\"og:title\" content=\"60 ans d\u2019amiti\u00e9s internationales - La Gazette\" \/>\n<meta property=\"og:description\" content=\"En 1963, une d\u00e9lib\u00e9ration du conseil municipal de Sceaux a act\u00e9 un jumelage avec la ville de Br\u00fchl. La m\u00eame d\u00e9lib\u00e9ration missionnait le Centre Sc\u00e9en des Amiti\u00e9s Internationales (CSAI) pour faire vivre ce jumelage (et d\u2019autres \u00e0 venir). 60 ans plus tard, le CSAI continue \u00e0 animer le jumelage de&#8230;\" \/>\n<meta property=\"og:url\" content=\"https:\/\/sceaux-lagazette.fr\/index.php\/2023\/02\/27\/60-ans-damities-internationales\/\" \/>\n<meta property=\"og:site_name\" content=\"La Gazette\" \/>\n<meta property=\"article:published_time\" content=\"2023-02-27T09:30:01+00:00\" \/>\n<meta property=\"article:modified_time\" content=\"2023-08-18T15:22:36+00:00\" \/>\n<meta property=\"og:image\" content=\"https:\/\/sceaux-lagazette.fr\/wp-content\/uploads\/2023\/02\/LES-ALLEMANDS-DU-CROSS-scaled.jpeg\" \/>\n\t<meta property=\"og:image:width\" content=\"2560\" \/>\n\t<meta property=\"og:image:height\" content=\"1920\" \/>\n\t<meta property=\"og:image:type\" content=\"image\/jpeg\" \/>\n<meta name=\"author\" content=\"G\u00e9rard Bardier\" \/>\n<meta name=\"twitter:card\" content=\"summary_large_image\" \/>\n<meta name=\"twitter:label1\" content=\"\u00c9crit par\" \/>\n\t<meta name=\"twitter:data1\" content=\"G\u00e9rard Bardier\" \/>\n\t<meta name=\"twitter:label2\" content=\"Dur\u00e9e de lecture estim\u00e9e\" \/>\n\t<meta name=\"twitter:data2\" content=\"8 minutes\" \/>\n<script type=\"application\/ld+json\" class=\"yoast-schema-graph\">{\"@context\":\"https:\/\/schema.org\",\"@graph\":[{\"@type\":\"Article\",\"@id\":\"https:\/\/sceaux-lagazette.fr\/index.php\/2023\/02\/27\/60-ans-damities-internationales\/#article\",\"isPartOf\":{\"@id\":\"https:\/\/sceaux-lagazette.fr\/index.php\/2023\/02\/27\/60-ans-damities-internationales\/\"},\"author\":{\"name\":\"G\u00e9rard Bardier\",\"@id\":\"https:\/\/sceaux-lagazette.fr\/#\/schema\/person\/5650e206a121f68c6f5e76379bccfbc4\"},\"headline\":\"60 ans d\u2019amiti\u00e9s internationales\",\"datePublished\":\"2023-02-27T09:30:01+00:00\",\"dateModified\":\"2023-08-18T15:22:36+00:00\",\"mainEntityOfPage\":{\"@id\":\"https:\/\/sceaux-lagazette.fr\/index.php\/2023\/02\/27\/60-ans-damities-internationales\/\"},\"wordCount\":1586,\"commentCount\":6,\"publisher\":{\"@id\":\"https:\/\/sceaux-lagazette.fr\/#organization\"},\"image\":{\"@id\":\"https:\/\/sceaux-lagazette.fr\/index.php\/2023\/02\/27\/60-ans-damities-internationales\/#primaryimage\"},\"thumbnailUrl\":\"https:\/\/sceaux-lagazette.fr\/wp-content\/uploads\/2023\/02\/LES-ALLEMANDS-DU-CROSS-scaled.jpeg\",\"articleSection\":[\"Associations\",\"Sceaux\"],\"inLanguage\":\"fr-FR\",\"potentialAction\":[{\"@type\":\"CommentAction\",\"name\":\"Comment\",\"target\":[\"https:\/\/sceaux-lagazette.fr\/index.php\/2023\/02\/27\/60-ans-damities-internationales\/#respond\"]}]},{\"@type\":\"WebPage\",\"@id\":\"https:\/\/sceaux-lagazette.fr\/index.php\/2023\/02\/27\/60-ans-damities-internationales\/\",\"url\":\"https:\/\/sceaux-lagazette.fr\/index.php\/2023\/02\/27\/60-ans-damities-internationales\/\",\"name\":\"60 ans d\u2019amiti\u00e9s internationales - La Gazette\",\"isPartOf\":{\"@id\":\"https:\/\/sceaux-lagazette.fr\/#website\"},\"primaryImageOfPage\":{\"@id\":\"https:\/\/sceaux-lagazette.fr\/index.php\/2023\/02\/27\/60-ans-damities-internationales\/#primaryimage\"},\"image\":{\"@id\":\"https:\/\/sceaux-lagazette.fr\/index.php\/2023\/02\/27\/60-ans-damities-internationales\/#primaryimage\"},\"thumbnailUrl\":\"https:\/\/sceaux-lagazette.fr\/wp-content\/uploads\/2023\/02\/LES-ALLEMANDS-DU-CROSS-scaled.jpeg\",\"datePublished\":\"2023-02-27T09:30:01+00:00\",\"dateModified\":\"2023-08-18T15:22:36+00:00\",\"breadcrumb\":{\"@id\":\"https:\/\/sceaux-lagazette.fr\/index.php\/2023\/02\/27\/60-ans-damities-internationales\/#breadcrumb\"},\"inLanguage\":\"fr-FR\",\"potentialAction\":[{\"@type\":\"ReadAction\",\"target\":[\"https:\/\/sceaux-lagazette.fr\/index.php\/2023\/02\/27\/60-ans-damities-internationales\/\"]}]},{\"@type\":\"ImageObject\",\"inLanguage\":\"fr-FR\",\"@id\":\"https:\/\/sceaux-lagazette.fr\/index.php\/2023\/02\/27\/60-ans-damities-internationales\/#primaryimage\",\"url\":\"https:\/\/sceaux-lagazette.fr\/wp-content\/uploads\/2023\/02\/LES-ALLEMANDS-DU-CROSS-scaled.jpeg\",\"contentUrl\":\"https:\/\/sceaux-lagazette.fr\/wp-content\/uploads\/2023\/02\/LES-ALLEMANDS-DU-CROSS-scaled.jpeg\",\"width\":2560,\"height\":1920},{\"@type\":\"BreadcrumbList\",\"@id\":\"https:\/\/sceaux-lagazette.fr\/index.php\/2023\/02\/27\/60-ans-damities-internationales\/#breadcrumb\",\"itemListElement\":[{\"@type\":\"ListItem\",\"position\":1,\"name\":\"Accueil\",\"item\":\"https:\/\/sceaux-lagazette.fr\/\"},{\"@type\":\"ListItem\",\"position\":2,\"name\":\"60 ans d\u2019amiti\u00e9s internationales\"}]},{\"@type\":\"WebSite\",\"@id\":\"https:\/\/sceaux-lagazette.fr\/#website\",\"url\":\"https:\/\/sceaux-lagazette.fr\/\",\"name\":\"La Gazette\",\"description\":\"Bourg-la-Reine, Ch\u00e2tenay, Fontenay, Sceaux\",\"publisher\":{\"@id\":\"https:\/\/sceaux-lagazette.fr\/#organization\"},\"potentialAction\":[{\"@type\":\"SearchAction\",\"target\":{\"@type\":\"EntryPoint\",\"urlTemplate\":\"https:\/\/sceaux-lagazette.fr\/?s={search_term_string}\"},\"query-input\":{\"@type\":\"PropertyValueSpecification\",\"valueRequired\":true,\"valueName\":\"search_term_string\"}}],\"inLanguage\":\"fr-FR\"},{\"@type\":\"Organization\",\"@id\":\"https:\/\/sceaux-lagazette.fr\/#organization\",\"name\":\"La Gazette\",\"url\":\"https:\/\/sceaux-lagazette.fr\/\",\"logo\":{\"@type\":\"ImageObject\",\"inLanguage\":\"fr-FR\",\"@id\":\"https:\/\/sceaux-lagazette.fr\/#\/schema\/logo\/image\/\",\"url\":\"https:\/\/sceaux-lagazette.fr\/wp-content\/uploads\/2025\/08\/Logo-Gazette-Aout-2025-V3.jpg\",\"contentUrl\":\"https:\/\/sceaux-lagazette.fr\/wp-content\/uploads\/2025\/08\/Logo-Gazette-Aout-2025-V3.jpg\",\"width\":525,\"height\":130,\"caption\":\"La Gazette\"},\"image\":{\"@id\":\"https:\/\/sceaux-lagazette.fr\/#\/schema\/logo\/image\/\"}},{\"@type\":\"Person\",\"@id\":\"https:\/\/sceaux-lagazette.fr\/#\/schema\/person\/5650e206a121f68c6f5e76379bccfbc4\",\"name\":\"G\u00e9rard Bardier\",\"image\":{\"@type\":\"ImageObject\",\"inLanguage\":\"fr-FR\",\"@id\":\"https:\/\/sceaux-lagazette.fr\/#\/schema\/person\/image\/\",\"url\":\"https:\/\/secure.gravatar.com\/avatar\/5cf4391ef9dbc0367750202561279a29?s=96&r=g\",\"contentUrl\":\"https:\/\/secure.gravatar.com\/avatar\/5cf4391ef9dbc0367750202561279a29?s=96&r=g\",\"caption\":\"G\u00e9rard Bardier\"},\"url\":\"https:\/\/sceaux-lagazette.fr\/index.php\/author\/gb\/\"}]}<\/script>\n<!-- \/ Yoast SEO plugin. -->","yoast_head_json":{"title":"60 ans d\u2019amiti\u00e9s internationales - La Gazette","robots":{"index":"index","follow":"follow","max-snippet":"max-snippet:-1","max-image-preview":"max-image-preview:large","max-video-preview":"max-video-preview:-1"},"canonical":"https:\/\/sceaux-lagazette.fr\/index.php\/2023\/02\/27\/60-ans-damities-internationales\/","og_locale":"fr_FR","og_type":"article","og_title":"60 ans d\u2019amiti\u00e9s internationales - La Gazette","og_description":"En 1963, une d\u00e9lib\u00e9ration du conseil municipal de Sceaux a act\u00e9 un jumelage avec la ville de Br\u00fchl. La m\u00eame d\u00e9lib\u00e9ration missionnait le Centre Sc\u00e9en des Amiti\u00e9s Internationales (CSAI) pour faire vivre ce jumelage (et d\u2019autres \u00e0 venir). 60 ans plus tard, le CSAI continue \u00e0 animer le jumelage de&#8230;","og_url":"https:\/\/sceaux-lagazette.fr\/index.php\/2023\/02\/27\/60-ans-damities-internationales\/","og_site_name":"La Gazette","article_published_time":"2023-02-27T09:30:01+00:00","article_modified_time":"2023-08-18T15:22:36+00:00","og_image":[{"width":2560,"height":1920,"url":"https:\/\/sceaux-lagazette.fr\/wp-content\/uploads\/2023\/02\/LES-ALLEMANDS-DU-CROSS-scaled.jpeg","type":"image\/jpeg"}],"author":"G\u00e9rard Bardier","twitter_card":"summary_large_image","twitter_misc":{"\u00c9crit par":"G\u00e9rard Bardier","Dur\u00e9e de lecture estim\u00e9e":"8 minutes"},"schema":{"@context":"https:\/\/schema.org","@graph":[{"@type":"Article","@id":"https:\/\/sceaux-lagazette.fr\/index.php\/2023\/02\/27\/60-ans-damities-internationales\/#article","isPartOf":{"@id":"https:\/\/sceaux-lagazette.fr\/index.php\/2023\/02\/27\/60-ans-damities-internationales\/"},"author":{"name":"G\u00e9rard Bardier","@id":"https:\/\/sceaux-lagazette.fr\/#\/schema\/person\/5650e206a121f68c6f5e76379bccfbc4"},"headline":"60 ans d\u2019amiti\u00e9s internationales","datePublished":"2023-02-27T09:30:01+00:00","dateModified":"2023-08-18T15:22:36+00:00","mainEntityOfPage":{"@id":"https:\/\/sceaux-lagazette.fr\/index.php\/2023\/02\/27\/60-ans-damities-internationales\/"},"wordCount":1586,"commentCount":6,"publisher":{"@id":"https:\/\/sceaux-lagazette.fr\/#organization"},"image":{"@id":"https:\/\/sceaux-lagazette.fr\/index.php\/2023\/02\/27\/60-ans-damities-internationales\/#primaryimage"},"thumbnailUrl":"https:\/\/sceaux-lagazette.fr\/wp-content\/uploads\/2023\/02\/LES-ALLEMANDS-DU-CROSS-scaled.jpeg","articleSection":["Associations","Sceaux"],"inLanguage":"fr-FR","potentialAction":[{"@type":"CommentAction","name":"Comment","target":["https:\/\/sceaux-lagazette.fr\/index.php\/2023\/02\/27\/60-ans-damities-internationales\/#respond"]}]},{"@type":"WebPage","@id":"https:\/\/sceaux-lagazette.fr\/index.php\/2023\/02\/27\/60-ans-damities-internationales\/","url":"https:\/\/sceaux-lagazette.fr\/index.php\/2023\/02\/27\/60-ans-damities-internationales\/","name":"60 ans d\u2019amiti\u00e9s internationales - La Gazette","isPartOf":{"@id":"https:\/\/sceaux-lagazette.fr\/#website"},"primaryImageOfPage":{"@id":"https:\/\/sceaux-lagazette.fr\/index.php\/2023\/02\/27\/60-ans-damities-internationales\/#primaryimage"},"image":{"@id":"https:\/\/sceaux-lagazette.fr\/index.php\/2023\/02\/27\/60-ans-damities-internationales\/#primaryimage"},"thumbnailUrl":"https:\/\/sceaux-lagazette.fr\/wp-content\/uploads\/2023\/02\/LES-ALLEMANDS-DU-CROSS-scaled.jpeg","datePublished":"2023-02-27T09:30:01+00:00","dateModified":"2023-08-18T15:22:36+00:00","breadcrumb":{"@id":"https:\/\/sceaux-lagazette.fr\/index.php\/2023\/02\/27\/60-ans-damities-internationales\/#breadcrumb"},"inLanguage":"fr-FR","potentialAction":[{"@type":"ReadAction","target":["https:\/\/sceaux-lagazette.fr\/index.php\/2023\/02\/27\/60-ans-damities-internationales\/"]}]},{"@type":"ImageObject","inLanguage":"fr-FR","@id":"https:\/\/sceaux-lagazette.fr\/index.php\/2023\/02\/27\/60-ans-damities-internationales\/#primaryimage","url":"https:\/\/sceaux-lagazette.fr\/wp-content\/uploads\/2023\/02\/LES-ALLEMANDS-DU-CROSS-scaled.jpeg","contentUrl":"https:\/\/sceaux-lagazette.fr\/wp-content\/uploads\/2023\/02\/LES-ALLEMANDS-DU-CROSS-scaled.jpeg","width":2560,"height":1920},{"@type":"BreadcrumbList","@id":"https:\/\/sceaux-lagazette.fr\/index.php\/2023\/02\/27\/60-ans-damities-internationales\/#breadcrumb","itemListElement":[{"@type":"ListItem","position":1,"name":"Accueil","item":"https:\/\/sceaux-lagazette.fr\/"},{"@type":"ListItem","position":2,"name":"60 ans d\u2019amiti\u00e9s internationales"}]},{"@type":"WebSite","@id":"https:\/\/sceaux-lagazette.fr\/#website","url":"https:\/\/sceaux-lagazette.fr\/","name":"La Gazette","description":"Bourg-la-Reine, Ch\u00e2tenay, Fontenay, Sceaux","publisher":{"@id":"https:\/\/sceaux-lagazette.fr\/#organization"},"potentialAction":[{"@type":"SearchAction","target":{"@type":"EntryPoint","urlTemplate":"https:\/\/sceaux-lagazette.fr\/?s={search_term_string}"},"query-input":{"@type":"PropertyValueSpecification","valueRequired":true,"valueName":"search_term_string"}}],"inLanguage":"fr-FR"},{"@type":"Organization","@id":"https:\/\/sceaux-lagazette.fr\/#organization","name":"La Gazette","url":"https:\/\/sceaux-lagazette.fr\/","logo":{"@type":"ImageObject","inLanguage":"fr-FR","@id":"https:\/\/sceaux-lagazette.fr\/#\/schema\/logo\/image\/","url":"https:\/\/sceaux-lagazette.fr\/wp-content\/uploads\/2025\/08\/Logo-Gazette-Aout-2025-V3.jpg","contentUrl":"https:\/\/sceaux-lagazette.fr\/wp-content\/uploads\/2025\/08\/Logo-Gazette-Aout-2025-V3.jpg","width":525,"height":130,"caption":"La Gazette"},"image":{"@id":"https:\/\/sceaux-lagazette.fr\/#\/schema\/logo\/image\/"}},{"@type":"Person","@id":"https:\/\/sceaux-lagazette.fr\/#\/schema\/person\/5650e206a121f68c6f5e76379bccfbc4","name":"G\u00e9rard Bardier","image":{"@type":"ImageObject","inLanguage":"fr-FR","@id":"https:\/\/sceaux-lagazette.fr\/#\/schema\/person\/image\/","url":"https:\/\/secure.gravatar.com\/avatar\/5cf4391ef9dbc0367750202561279a29?s=96&r=g","contentUrl":"https:\/\/secure.gravatar.com\/avatar\/5cf4391ef9dbc0367750202561279a29?s=96&r=g","caption":"G\u00e9rard Bardier"},"url":"https:\/\/sceaux-lagazette.fr\/index.php\/author\/gb\/"}]}},"cc_featured_image_caption":{"caption_text":"Venus de Br\u00fchl pour participer au 47\u00e8me cross de Sceaux\r\nPhoto JB","source_text":"","source_url":""},"_links":{"self":[{"href":"https:\/\/sceaux-lagazette.fr\/index.php\/wp-json\/wp\/v2\/posts\/9006"}],"collection":[{"href":"https:\/\/sceaux-lagazette.fr\/index.php\/wp-json\/wp\/v2\/posts"}],"about":[{"href":"https:\/\/sceaux-lagazette.fr\/index.php\/wp-json\/wp\/v2\/types\/post"}],"author":[{"embeddable":true,"href":"https:\/\/sceaux-lagazette.fr\/index.php\/wp-json\/wp\/v2\/users\/11"}],"replies":[{"embeddable":true,"href":"https:\/\/sceaux-lagazette.fr\/index.php\/wp-json\/wp\/v2\/comments?post=9006"}],"version-history":[{"count":10,"href":"https:\/\/sceaux-lagazette.fr\/index.php\/wp-json\/wp\/v2\/posts\/9006\/revisions"}],"predecessor-version":[{"id":9216,"href":"https:\/\/sceaux-lagazette.fr\/index.php\/wp-json\/wp\/v2\/posts\/9006\/revisions\/9216"}],"wp:featuredmedia":[{"embeddable":true,"href":"https:\/\/sceaux-lagazette.fr\/index.php\/wp-json\/wp\/v2\/media\/9008"}],"wp:attachment":[{"href":"https:\/\/sceaux-lagazette.fr\/index.php\/wp-json\/wp\/v2\/media?parent=9006"}],"wp:term":[{"taxonomy":"category","embeddable":true,"href":"https:\/\/sceaux-lagazette.fr\/index.php\/wp-json\/wp\/v2\/categories?post=9006"},{"taxonomy":"post_tag","embeddable":true,"href":"https:\/\/sceaux-lagazette.fr\/index.php\/wp-json\/wp\/v2\/tags?post=9006"}],"curies":[{"name":"wp","href":"https:\/\/api.w.org\/{rel}","templated":true}]}}