{"id":8961,"date":"2023-02-23T09:17:21","date_gmt":"2023-02-23T08:17:21","guid":{"rendered":"https:\/\/sceaux-lagazette.fr\/?p=8961"},"modified":"2023-02-23T09:17:21","modified_gmt":"2023-02-23T08:17:21","slug":"dpe-on-ny-voit-que-du-bleu","status":"publish","type":"post","link":"https:\/\/sceaux-lagazette.fr\/index.php\/2023\/02\/23\/dpe-on-ny-voit-que-du-bleu\/","title":{"rendered":"DPE : On n\u2019y voit que\u2026 du bleu ?"},"content":{"rendered":"\n<div class=\"wp-block-image\"><figure class=\"alignright size-large\"><img decoding=\"async\" width=\"241\" height=\"271\" src=\"https:\/\/sceaux-lagazette.fr\/wp-content\/uploads\/2023\/02\/DPE-Classement.png\" alt=\"\" class=\"wp-image-8968\"\/><\/figure><\/div>\n\n\n\n<p>Aujourd\u2019hui, cette image du Diagnostic de performance \u00e9nerg\u00e9tique n\u2019a plus de secrets pour personne. Et pourtant\u2026&nbsp;!<\/p>\n\n\n\n<p>L\u2019information qu\u2019elle donne est-elle en accord avec ce qu\u2019elle contient&nbsp;?<\/p>\n\n\n\n<h2 class=\"wp-block-heading\">Un rien manipulatoire<\/h2>\n\n\n\n<p>Au premier coup d\u2019\u0153il on voit de jolies couleurs. Depuis le rouge, symbole de l\u2019interdit, qui s\u2019\u00e9tend largement comme une base infernale, jusqu\u2019au vert, symbole de l\u2019espoir, qui plane modestement vers les hauteurs de la vertu. Pour que ce soit bien clair, ces niveaux color\u00e9s sont affect\u00e9s d\u2019une lettre qui, du haut vers le bas, donnent du A comme l\u2019Azur jusqu\u2019au&nbsp;G comme G\u00e9henne. Le lecteur pourra certainement trouver les mots qui compl\u00e8tent ce d\u00e9but d\u2019acrostiche alphab\u00e9tique.<\/p>\n\n\n\n<p>Pour en terminer avec l\u2019image, on peut y voir, de courtes barrettes noires rappelant les niveaux A, B, C\u2026 et G, renvoyant avec insistance vers son centre en une sorte de tautologie technocratique. On n\u2019a que le choix d\u2019y rester&nbsp;!<\/p>\n\n\n\n<p>Il y a aussi des textes, ou \u00e9l\u00e9ments de langage, qui sont cens\u00e9s apporter des explications sur ce qu\u2019il faut comprendre. La p\u00e9dagogie du marketing s\u2019affirme.<\/p>\n\n\n\n<p>Il s\u2019agit donc des <strong>Consommations \u00e9nerg\u00e9tiques<\/strong> de nos logements. Depuis le <strong>Logement \u00e9conome<\/strong>, qui qualifie la vertu, jusqu\u2019au <strong>Logement \u00e9nergivore<\/strong> o\u00f9 r\u00e9side l\u2019ogre affam\u00e9.<\/p>\n\n\n\n<h2 class=\"wp-block-heading\">Petite r\u00e9vision<\/h2>\n\n\n\n<p>Comme chacun le sait, pour nous chauffer, nous rafra\u00eechir et faire cuire nos aliments \u2014 car c\u2019est bien de cela qu\u2019il s\u2019agit &#8211; nous consommons de l\u2019\u00e9nergie qui se limite \u00e0 quelques fossiles, du bois et de l\u2019\u00e9lectricit\u00e9. Pour tenir compte de tout le reste et remonter aux \u00e9nergies primaires, il faudra bien, que dans les estimations de consommation, il y ait des conversions qui se fassent quelque part avec force calculs et approximations habituelles. Passons. C\u2019est aussi l\u2019objet du DPE.<\/p>\n\n\n\n<p>La formule indique que cette consommation est rapport\u00e9e \u00e0 la surface de nos logements exprim\u00e9e en m2&nbsp;et par an. On pourrait s\u2019attarder sur la mani\u00e8re d\u2019estimer la surface mais ceci nous emm\u00e8nerait bien au-del\u00e0 de cette courte revue. On peut aller lire et analyser le <em>Guide_pour_les_diagnostiqueurs_DPE <\/em>(version 2-octobre 2021)qui est t\u00e9l\u00e9chargeable <a href=\"https:\/\/www.google.com\/search?q=Guide_pour_les_diagnostiqueurs_DPE&amp;client=firefox-b-d&amp;ei=8mjiY7S1G4jAkdUPxfSm0AQ&amp;ved=0ahUKEwi09vXu14P9AhUIYKQEHUW6CUoQ4dUDCA4&amp;uact=5&amp;oq=Guide_pour_les_diagnostiqueurs_DPE&amp;gs_lcp=Cgxnd3Mtd2l6LXNlcnAQAzIFCAAQogQyBQgAEKIEMgUIABCiBDIFCAAQogQyBQgAEKIEOgoIABBHENYEELADSgQIQRgASgQIRhgAUJsGWJsGYPUWaAFwAXgAgAHBAYgBwQGSAQMwLjGYAQCgAQKgAQHIAQjAAQE&amp;sclient=gws-wiz-serp\">ici<\/a>. Ce document de 183 pages donne un aper\u00e7u de la gymnastique physique et c\u00e9r\u00e9brale impos\u00e9e au diagnostiqueur pour faire ses estimations.<\/p>\n\n\n\n<p>Enfin on nous pr\u00e9cise que cette estimation de consommation \u00e9nerg\u00e9tique est \u00e0 rapporter \u00e0 la dur\u00e9e d\u2019une ann\u00e9e, sans pr\u00e9ciser si on doit tenir compte des ann\u00e9es bissextiles. \ud83d\ude09<\/p>\n\n\n\n<h2 class=\"wp-block-heading\">Emprisonn\u00e9s dans une fourchette<\/h2>\n\n\n\n<p>Mais la derni\u00e8re information est sans doute la plus importante&nbsp;: la consommation affect\u00e9e \u00e0 la classe du logement. Celle-ci est donn\u00e9e par une paire de nombres figurant dans chaque barre de couleur. On comprend que le classement \u00e9nerg\u00e9tique d\u2019un logement se fait par sa position \u00e9nerg\u00e9tique dans cette fourchette.<\/p>\n\n\n\n<p>Cette longue description n\u2019est faite que pour introduire le graphique suivant.<\/p>\n\n\n\n<figure class=\"wp-block-image size-large\"><img decoding=\"async\" width=\"1024\" height=\"744\" src=\"https:\/\/sceaux-lagazette.fr\/wp-content\/uploads\/2023\/02\/Pr\u00e9sentation-DPE-JCH-1024x744.png\" alt=\"\" class=\"wp-image-8969\" srcset=\"https:\/\/sceaux-lagazette.fr\/wp-content\/uploads\/2023\/02\/Pr\u00e9sentation-DPE-JCH-1024x744.png 1024w, https:\/\/sceaux-lagazette.fr\/wp-content\/uploads\/2023\/02\/Pr\u00e9sentation-DPE-JCH-300x218.png 300w, https:\/\/sceaux-lagazette.fr\/wp-content\/uploads\/2023\/02\/Pr\u00e9sentation-DPE-JCH-768x558.png 768w, https:\/\/sceaux-lagazette.fr\/wp-content\/uploads\/2023\/02\/Pr\u00e9sentation-DPE-JCH-1536x1116.png 1536w, https:\/\/sceaux-lagazette.fr\/wp-content\/uploads\/2023\/02\/Pr\u00e9sentation-DPE-JCH.png 1844w\" sizes=\"(max-width: 1024px) 100vw, 1024px\" \/><\/figure>\n\n\n\n<p>Les m\u00eames informations y figurent.<\/p>\n\n\n\n<p>C\u2019est \u00e9videmment moins joli.<\/p>\n\n\n\n<p>Mais cela montre les choses d\u2019une mani\u00e8re plus claire.<\/p>\n\n\n\n<p>Ainsi, par exemple, les logements de cat\u00e9gorie G ont une consommation \u00e9nerg\u00e9tique qui commence \u00e0 450 et pas \u00e0 z\u00e9ro.<\/p>\n\n\n\n<p>Les consommations minimum et maximum de chaque cat\u00e9gorie sont clairement visibles.<\/p>\n\n\n\n<p>On peut aussi facilement lire qu\u2019un logement dont le DPE \u00e9tabli une consommation de 451 kWhEP\/m2.an et passe, apr\u00e8s isolation, \u00e0 une consommation de 329 kWhEP\/m2.an, va sauter de cat\u00e9gorie G \u00e0 la cat\u00e9gorie E. Bravo&nbsp;!<\/p>\n\n\n\n<p>Par contre celui qui va passer de 450 \u00e0 331 kWhEP\/m2.an (-1 d\u2019un c\u00f4t\u00e9, +1 de l\u2019autre), restera en cat\u00e9gorie F. Pas de chance&nbsp;!<\/p>\n\n\n\n<p>\u00c0 la suite de ces deux remarques, d\u00e9coulent toute une s\u00e9rie de questions sur la r\u00e9novation \u00e9nerg\u00e9tique elle-m\u00eame, et surtout sur la mani\u00e8re dont sont \u00e9tablies ces cat\u00e9gorisations.<\/p>\n\n\n\n<h2 class=\"wp-block-heading\">Comment serons-nous mang\u00e9s&nbsp;?<\/h2>\n\n\n\n<p>Les estimations qui d\u00e9coulent du travail d\u00e9crit par ce <em>Guide_pour_les_diagnostiqueurs_DPE, s<\/em>e transforment en expertises. Il y est \u00e9crit en pr\u00e9ambule&nbsp;:<\/p>\n\n\n\n<p><em>\u2026<\/em>Avec le nouveau DPE, qui sera <strong>d\u00e9sormais opposable juridiquement<\/strong>\u2026 O\u00f9 va-t-on&nbsp;?<\/p>\n\n\n\n<p>Apr\u00e8s le plomb et l\u2019amiante, voici que s\u2019impose une nouvelle r\u00e9glementation.<\/p>\n\n\n\n<p>Celle-ci, contrairement aux deux pr\u00e9c\u00e9dentes <em>(<\/em>qui se bornent \u00e0 faire un constat factuel sur la pr\u00e9sence ou non d\u2019un \u00e9l\u00e9ment physique) encadr\u00e9es par le <em>Code de sant\u00e9 publique<\/em>, d\u00e9coule d\u2019examens et de relev\u00e9s multiples tr\u00e8s compliqu\u00e9s, o\u00f9 la part de subjectivit\u00e9 est grande.<\/p>\n\n\n\n<p>Ce guide pr\u00e9cise \u00e9galement&nbsp;: \u00ab&nbsp;C&rsquo;est aussi sur cette base solide que seront fix\u00e9es, \u00e0 travers la future loi \u00ab&nbsp;Climat et r\u00e9silience&nbsp;\u00bb, les obligations de r\u00e9novations\u2026&nbsp;\u00bb.<\/p>\n\n\n\n<p>J\u2019ai vainement cherch\u00e9 la <strong>solidit\u00e9 <\/strong>de ces bases.<\/p>\n\n\n\n<p>J\u2019ai m\u00eame trouv\u00e9 une analyse qui en montre la fragilit\u00e9&nbsp;: <a href=\"https:\/\/conseils.xpair.com\/actualite_experts\/nouveau-dpe-chronique-desastre-annonce.htm\">ici<\/a><\/p>\n\n\n\n<p>Qui plus est, ce guide annonce (page 15) en caract\u00e8res gras&nbsp;: <strong>Afin de permettre une comparaison entre logements, il est n\u00e9cessaire de supposer une occupation \u00ab&nbsp;conventionnelle&nbsp;<\/strong><strong>\u00bb <\/strong><strong>en s<\/strong><strong>\u2019<\/strong><strong>affranchissant des sp\u00e9<\/strong><strong>cificit<\/strong><strong>\u00e9s d<\/strong><strong>\u2019<\/strong><strong>occupation li\u00e9es \u00e0 chaque foyer.<\/strong><strong><\/strong><\/p>\n\n\n\n<p>Ainsi, les \u00ab&nbsp;kWhEP\/m<sup>2<\/sup>.an&nbsp;\u00bb sont \u00e9tablis de mani\u00e8re \u00ab&nbsp;conventionnelle&nbsp;\u00bb. Les kWhEP comme les m<sup>2<\/sup>\u2026&nbsp;!<strong><\/strong><\/p>\n\n\n\n<p>Tout ceci veut clairement dire que le placement dans une cat\u00e9gorie ne d\u00e9pend pas de la consommation r\u00e9elle d\u2019\u00e9nergie, quelle qu\u2019en soit la source, ni de la surface occup\u00e9e, comme peut le laisser penser cette image color\u00e9e.<\/p>\n\n\n\n<p>R\u00e9duisez votre temp\u00e9rature, mettez des pulls et ne chauffez pas les pi\u00e8ces inoccup\u00e9es, \u00e7a ne sert \u00e0 rien. La cat\u00e9gorie de votre logement est celle qui d\u00e9coule du travail du diagnostiqueur.<\/p>\n\n\n\n<p>\u00c7a devient kafka\u00efen ou ubuesque suivant les cat\u00e9gories bureaucratiques auxquelles on se r\u00e9f\u00e8re.<\/p>\n\n\n\n<h2 class=\"wp-block-heading\">\u00c7a co\u00fbte un bras<\/h2>\n\n\n\n<p>On peut aller plus loin. Il est de notori\u00e9t\u00e9 publique que le parc de logements en France n\u00e9cessite un effort consid\u00e9rable pour atteindre l\u2019objectif de la COP 21 qui est, faut-il le rappeler \u00ab&nbsp;de limiter le r\u00e9chauffement climatique \u00e0 un niveau bien inf\u00e9rieur \u00e0 2, de pr\u00e9f\u00e9rence \u00e0 1,5 degr\u00e9 Celsius, par rapport au niveau pr\u00e9industriel&nbsp;\u00bb. Ce qui impose de r\u00e9duire la production de gaz \u00e0 effet de serre (GES), donc de CO2.<\/p>\n\n\n\n<p>Or, les moyens industriels (fabrication des isolants et des chauffages nouveaux) et les entreprises capables de mener \u00e0 bien ces travaux sont en nombre limit\u00e9.<\/p>\n\n\n\n<p>Il faudrait, logiquement, remplacer tous les moyens de chauffage utilisant des combustibles fossiles et, en m\u00eame temps, isoler en priorit\u00e9 les logements \u00e9nergivores. En a-t-on les moyens&nbsp;?<\/p>\n\n\n\n<p>S\u2019il faut faire un choix, la raison nous incite \u00e0 privil\u00e9gier d\u2019abord un mode de chauffage qui n\u2019utilise aucun combustible fossile&nbsp;: charbon, fuel, gaz et m\u00eame le bois. Par exemple une pompe \u00e0 chaleur (PAC) qui ne consomme que de l\u2019\u00e9lectricit\u00e9.<\/p>\n\n\n\n<p>Ce choix devrait \u00eatre examin\u00e9 au cas par cas. On peut avoir int\u00e9r\u00eat \u00e0 aller voir la g\u00e9othermie de surface comme le pr\u00e9conise le Haut-Commissariat au Plan ou m\u00eame la g\u00e9othermie profonde pour les gros b\u00e2timents anciens dont l\u2019isolation est probl\u00e9matique.<\/p>\n\n\n\n<p>Ensuite l\u2019isolation serait mise en place en privil\u00e9giant les zones qui laissent fuir le plus de chaleur.<\/p>\n\n\n\n<h2 class=\"wp-block-heading\">Un effort collectif&nbsp;?<\/h2>\n\n\n\n<p>On peut penser que les incitations individuelles, carottes offertes aux contribuables, n\u2019y suffiront pas.<\/p>\n\n\n\n<p>Il a donc des choix draconiens \u00e0 faire, et sans tarder, support\u00e9s par un financement collectif par l\u2019imp\u00f4t.<\/p>\n\n\n\n<p>Et tout le monde devra y mettre de sa poche, surtout ceux qui l\u2019ont grande et profonde.<\/p>\n\n\n\n<p>Et il faudra qu\u2019elle soit tr\u00e8s profonde.<\/p>\n\n\n\n<p>C\u2019est raide, mais l\u2019urgence le commande.<\/p>\n\n\n\n<p>C\u2019est une strat\u00e9gie nationale qu\u2019il y faut. Exemplaire, car c\u2019est la plan\u00e8te qui est concern\u00e9e.<\/p>\n\n\n\n<p>Un plan d\u2019action pourrait s\u2019imposer. C\u2019est peut-\u00eatre une des missions du Haut-Commissariat au Plan.<\/p>\n\n\n\n<p>Ne faudrait-il pas que celui-ci soit, en m\u00eame temps, saisi de la mission de reconsid\u00e9rer les r\u00e8gles de cat\u00e9gorisation des performances \u00e9nerg\u00e9tiques des logements&nbsp;?<\/p>\n","protected":false},"excerpt":{"rendered":"<p>Aujourd\u2019hui, cette image du Diagnostic de performance \u00e9nerg\u00e9tique n\u2019a plus de secrets pour personne. Et pourtant\u2026&nbsp;! L\u2019information qu\u2019elle donne est-elle en accord avec ce qu\u2019elle contient&nbsp;? Un rien manipulatoire Au premier coup d\u2019\u0153il on voit de jolies couleurs. Depuis le rouge, symbole de l\u2019interdit, qui s\u2019\u00e9tend largement comme une base&#8230;<\/p>\n","protected":false},"author":28,"featured_media":8966,"comment_status":"open","ping_status":"open","sticky":false,"template":"","format":"standard","meta":{"om_disable_all_campaigns":false,"_monsterinsights_skip_tracking":false,"_monsterinsights_sitenote_active":false,"_monsterinsights_sitenote_note":"","_monsterinsights_sitenote_category":0,"_uf_show_specific_survey":0,"_uf_disable_surveys":false,"footnotes":""},"categories":[238],"tags":[],"class_list":["post-8961","post","type-post","status-publish","format-standard","has-post-thumbnail","hentry","category-opinions","entry","simple"],"yoast_head":"<!-- This site is optimized with the Yoast SEO plugin v25.6 - https:\/\/yoast.com\/wordpress\/plugins\/seo\/ -->\n<title>DPE : On n\u2019y voit que\u2026 du bleu ? - La Gazette<\/title>\n<meta name=\"robots\" content=\"index, follow, max-snippet:-1, max-image-preview:large, max-video-preview:-1\" \/>\n<link rel=\"canonical\" href=\"https:\/\/sceaux-lagazette.fr\/index.php\/2023\/02\/23\/dpe-on-ny-voit-que-du-bleu\/\" \/>\n<meta property=\"og:locale\" content=\"fr_FR\" \/>\n<meta property=\"og:type\" content=\"article\" \/>\n<meta property=\"og:title\" content=\"DPE : On n\u2019y voit que\u2026 du bleu ? - La Gazette\" \/>\n<meta property=\"og:description\" content=\"Aujourd\u2019hui, cette image du Diagnostic de performance \u00e9nerg\u00e9tique n\u2019a plus de secrets pour personne. Et pourtant\u2026&nbsp;! L\u2019information qu\u2019elle donne est-elle en accord avec ce qu\u2019elle contient&nbsp;? Un rien manipulatoire Au premier coup d\u2019\u0153il on voit de jolies couleurs. Depuis le rouge, symbole de l\u2019interdit, qui s\u2019\u00e9tend largement comme une base&#8230;\" \/>\n<meta property=\"og:url\" content=\"https:\/\/sceaux-lagazette.fr\/index.php\/2023\/02\/23\/dpe-on-ny-voit-que-du-bleu\/\" \/>\n<meta property=\"og:site_name\" content=\"La Gazette\" \/>\n<meta property=\"article:published_time\" content=\"2023-02-23T08:17:21+00:00\" \/>\n<meta property=\"og:image\" content=\"https:\/\/sceaux-lagazette.fr\/wp-content\/uploads\/2023\/02\/R\u00e9partition-des-DPE-du-parc-de-logement-Insee.png\" \/>\n\t<meta property=\"og:image:width\" content=\"722\" \/>\n\t<meta property=\"og:image:height\" content=\"474\" \/>\n\t<meta property=\"og:image:type\" content=\"image\/png\" \/>\n<meta name=\"author\" content=\"Jean-Claude Herrenschmidt\" \/>\n<meta name=\"twitter:card\" content=\"summary_large_image\" \/>\n<meta name=\"twitter:label1\" content=\"\u00c9crit par\" \/>\n\t<meta name=\"twitter:data1\" content=\"Jean-Claude Herrenschmidt\" \/>\n\t<meta name=\"twitter:label2\" content=\"Dur\u00e9e de lecture estim\u00e9e\" \/>\n\t<meta name=\"twitter:data2\" content=\"7 minutes\" \/>\n<script type=\"application\/ld+json\" class=\"yoast-schema-graph\">{\"@context\":\"https:\/\/schema.org\",\"@graph\":[{\"@type\":\"Article\",\"@id\":\"https:\/\/sceaux-lagazette.fr\/index.php\/2023\/02\/23\/dpe-on-ny-voit-que-du-bleu\/#article\",\"isPartOf\":{\"@id\":\"https:\/\/sceaux-lagazette.fr\/index.php\/2023\/02\/23\/dpe-on-ny-voit-que-du-bleu\/\"},\"author\":{\"name\":\"Jean-Claude Herrenschmidt\",\"@id\":\"https:\/\/sceaux-lagazette.fr\/#\/schema\/person\/33fa531190c9596cebfe8fcb9411d0bb\"},\"headline\":\"DPE : On n\u2019y voit que\u2026 du bleu ?\",\"datePublished\":\"2023-02-23T08:17:21+00:00\",\"mainEntityOfPage\":{\"@id\":\"https:\/\/sceaux-lagazette.fr\/index.php\/2023\/02\/23\/dpe-on-ny-voit-que-du-bleu\/\"},\"wordCount\":1407,\"commentCount\":0,\"publisher\":{\"@id\":\"https:\/\/sceaux-lagazette.fr\/#organization\"},\"image\":{\"@id\":\"https:\/\/sceaux-lagazette.fr\/index.php\/2023\/02\/23\/dpe-on-ny-voit-que-du-bleu\/#primaryimage\"},\"thumbnailUrl\":\"https:\/\/sceaux-lagazette.fr\/wp-content\/uploads\/2023\/02\/R\u00e9partition-des-DPE-du-parc-de-logement-Insee.png\",\"articleSection\":[\"Opinions\"],\"inLanguage\":\"fr-FR\",\"potentialAction\":[{\"@type\":\"CommentAction\",\"name\":\"Comment\",\"target\":[\"https:\/\/sceaux-lagazette.fr\/index.php\/2023\/02\/23\/dpe-on-ny-voit-que-du-bleu\/#respond\"]}]},{\"@type\":\"WebPage\",\"@id\":\"https:\/\/sceaux-lagazette.fr\/index.php\/2023\/02\/23\/dpe-on-ny-voit-que-du-bleu\/\",\"url\":\"https:\/\/sceaux-lagazette.fr\/index.php\/2023\/02\/23\/dpe-on-ny-voit-que-du-bleu\/\",\"name\":\"DPE : On n\u2019y voit que\u2026 du bleu ? - La Gazette\",\"isPartOf\":{\"@id\":\"https:\/\/sceaux-lagazette.fr\/#website\"},\"primaryImageOfPage\":{\"@id\":\"https:\/\/sceaux-lagazette.fr\/index.php\/2023\/02\/23\/dpe-on-ny-voit-que-du-bleu\/#primaryimage\"},\"image\":{\"@id\":\"https:\/\/sceaux-lagazette.fr\/index.php\/2023\/02\/23\/dpe-on-ny-voit-que-du-bleu\/#primaryimage\"},\"thumbnailUrl\":\"https:\/\/sceaux-lagazette.fr\/wp-content\/uploads\/2023\/02\/R\u00e9partition-des-DPE-du-parc-de-logement-Insee.png\",\"datePublished\":\"2023-02-23T08:17:21+00:00\",\"breadcrumb\":{\"@id\":\"https:\/\/sceaux-lagazette.fr\/index.php\/2023\/02\/23\/dpe-on-ny-voit-que-du-bleu\/#breadcrumb\"},\"inLanguage\":\"fr-FR\",\"potentialAction\":[{\"@type\":\"ReadAction\",\"target\":[\"https:\/\/sceaux-lagazette.fr\/index.php\/2023\/02\/23\/dpe-on-ny-voit-que-du-bleu\/\"]}]},{\"@type\":\"ImageObject\",\"inLanguage\":\"fr-FR\",\"@id\":\"https:\/\/sceaux-lagazette.fr\/index.php\/2023\/02\/23\/dpe-on-ny-voit-que-du-bleu\/#primaryimage\",\"url\":\"https:\/\/sceaux-lagazette.fr\/wp-content\/uploads\/2023\/02\/R\u00e9partition-des-DPE-du-parc-de-logement-Insee.png\",\"contentUrl\":\"https:\/\/sceaux-lagazette.fr\/wp-content\/uploads\/2023\/02\/R\u00e9partition-des-DPE-du-parc-de-logement-Insee.png\",\"width\":722,\"height\":474},{\"@type\":\"BreadcrumbList\",\"@id\":\"https:\/\/sceaux-lagazette.fr\/index.php\/2023\/02\/23\/dpe-on-ny-voit-que-du-bleu\/#breadcrumb\",\"itemListElement\":[{\"@type\":\"ListItem\",\"position\":1,\"name\":\"Accueil\",\"item\":\"https:\/\/sceaux-lagazette.fr\/\"},{\"@type\":\"ListItem\",\"position\":2,\"name\":\"DPE : On n\u2019y voit que\u2026 du bleu ?\"}]},{\"@type\":\"WebSite\",\"@id\":\"https:\/\/sceaux-lagazette.fr\/#website\",\"url\":\"https:\/\/sceaux-lagazette.fr\/\",\"name\":\"La Gazette\",\"description\":\"Bourg-la-Reine, Ch\u00e2tenay, Fontenay, Sceaux\",\"publisher\":{\"@id\":\"https:\/\/sceaux-lagazette.fr\/#organization\"},\"potentialAction\":[{\"@type\":\"SearchAction\",\"target\":{\"@type\":\"EntryPoint\",\"urlTemplate\":\"https:\/\/sceaux-lagazette.fr\/?s={search_term_string}\"},\"query-input\":{\"@type\":\"PropertyValueSpecification\",\"valueRequired\":true,\"valueName\":\"search_term_string\"}}],\"inLanguage\":\"fr-FR\"},{\"@type\":\"Organization\",\"@id\":\"https:\/\/sceaux-lagazette.fr\/#organization\",\"name\":\"La Gazette\",\"url\":\"https:\/\/sceaux-lagazette.fr\/\",\"logo\":{\"@type\":\"ImageObject\",\"inLanguage\":\"fr-FR\",\"@id\":\"https:\/\/sceaux-lagazette.fr\/#\/schema\/logo\/image\/\",\"url\":\"https:\/\/sceaux-lagazette.fr\/wp-content\/uploads\/2025\/08\/Logo-Gazette-Aout-2025-V3.jpg\",\"contentUrl\":\"https:\/\/sceaux-lagazette.fr\/wp-content\/uploads\/2025\/08\/Logo-Gazette-Aout-2025-V3.jpg\",\"width\":525,\"height\":130,\"caption\":\"La Gazette\"},\"image\":{\"@id\":\"https:\/\/sceaux-lagazette.fr\/#\/schema\/logo\/image\/\"}},{\"@type\":\"Person\",\"@id\":\"https:\/\/sceaux-lagazette.fr\/#\/schema\/person\/33fa531190c9596cebfe8fcb9411d0bb\",\"name\":\"Jean-Claude Herrenschmidt\",\"image\":{\"@type\":\"ImageObject\",\"inLanguage\":\"fr-FR\",\"@id\":\"https:\/\/sceaux-lagazette.fr\/#\/schema\/person\/image\/\",\"url\":\"https:\/\/secure.gravatar.com\/avatar\/816423af13c7b24aed117a9bf5b04b4e?s=96&r=g\",\"contentUrl\":\"https:\/\/secure.gravatar.com\/avatar\/816423af13c7b24aed117a9bf5b04b4e?s=96&r=g\",\"caption\":\"Jean-Claude Herrenschmidt\"},\"url\":\"https:\/\/sceaux-lagazette.fr\/index.php\/author\/jean-claude\/\"}]}<\/script>\n<!-- \/ Yoast SEO plugin. -->","yoast_head_json":{"title":"DPE : On n\u2019y voit que\u2026 du bleu ? - La Gazette","robots":{"index":"index","follow":"follow","max-snippet":"max-snippet:-1","max-image-preview":"max-image-preview:large","max-video-preview":"max-video-preview:-1"},"canonical":"https:\/\/sceaux-lagazette.fr\/index.php\/2023\/02\/23\/dpe-on-ny-voit-que-du-bleu\/","og_locale":"fr_FR","og_type":"article","og_title":"DPE : On n\u2019y voit que\u2026 du bleu ? - La Gazette","og_description":"Aujourd\u2019hui, cette image du Diagnostic de performance \u00e9nerg\u00e9tique n\u2019a plus de secrets pour personne. Et pourtant\u2026&nbsp;! L\u2019information qu\u2019elle donne est-elle en accord avec ce qu\u2019elle contient&nbsp;? Un rien manipulatoire Au premier coup d\u2019\u0153il on voit de jolies couleurs. Depuis le rouge, symbole de l\u2019interdit, qui s\u2019\u00e9tend largement comme une base&#8230;","og_url":"https:\/\/sceaux-lagazette.fr\/index.php\/2023\/02\/23\/dpe-on-ny-voit-que-du-bleu\/","og_site_name":"La Gazette","article_published_time":"2023-02-23T08:17:21+00:00","og_image":[{"width":722,"height":474,"url":"https:\/\/sceaux-lagazette.fr\/wp-content\/uploads\/2023\/02\/R\u00e9partition-des-DPE-du-parc-de-logement-Insee.png","type":"image\/png"}],"author":"Jean-Claude Herrenschmidt","twitter_card":"summary_large_image","twitter_misc":{"\u00c9crit par":"Jean-Claude Herrenschmidt","Dur\u00e9e de lecture estim\u00e9e":"7 minutes"},"schema":{"@context":"https:\/\/schema.org","@graph":[{"@type":"Article","@id":"https:\/\/sceaux-lagazette.fr\/index.php\/2023\/02\/23\/dpe-on-ny-voit-que-du-bleu\/#article","isPartOf":{"@id":"https:\/\/sceaux-lagazette.fr\/index.php\/2023\/02\/23\/dpe-on-ny-voit-que-du-bleu\/"},"author":{"name":"Jean-Claude Herrenschmidt","@id":"https:\/\/sceaux-lagazette.fr\/#\/schema\/person\/33fa531190c9596cebfe8fcb9411d0bb"},"headline":"DPE : On n\u2019y voit que\u2026 du bleu ?","datePublished":"2023-02-23T08:17:21+00:00","mainEntityOfPage":{"@id":"https:\/\/sceaux-lagazette.fr\/index.php\/2023\/02\/23\/dpe-on-ny-voit-que-du-bleu\/"},"wordCount":1407,"commentCount":0,"publisher":{"@id":"https:\/\/sceaux-lagazette.fr\/#organization"},"image":{"@id":"https:\/\/sceaux-lagazette.fr\/index.php\/2023\/02\/23\/dpe-on-ny-voit-que-du-bleu\/#primaryimage"},"thumbnailUrl":"https:\/\/sceaux-lagazette.fr\/wp-content\/uploads\/2023\/02\/R\u00e9partition-des-DPE-du-parc-de-logement-Insee.png","articleSection":["Opinions"],"inLanguage":"fr-FR","potentialAction":[{"@type":"CommentAction","name":"Comment","target":["https:\/\/sceaux-lagazette.fr\/index.php\/2023\/02\/23\/dpe-on-ny-voit-que-du-bleu\/#respond"]}]},{"@type":"WebPage","@id":"https:\/\/sceaux-lagazette.fr\/index.php\/2023\/02\/23\/dpe-on-ny-voit-que-du-bleu\/","url":"https:\/\/sceaux-lagazette.fr\/index.php\/2023\/02\/23\/dpe-on-ny-voit-que-du-bleu\/","name":"DPE : On n\u2019y voit que\u2026 du bleu ? - La Gazette","isPartOf":{"@id":"https:\/\/sceaux-lagazette.fr\/#website"},"primaryImageOfPage":{"@id":"https:\/\/sceaux-lagazette.fr\/index.php\/2023\/02\/23\/dpe-on-ny-voit-que-du-bleu\/#primaryimage"},"image":{"@id":"https:\/\/sceaux-lagazette.fr\/index.php\/2023\/02\/23\/dpe-on-ny-voit-que-du-bleu\/#primaryimage"},"thumbnailUrl":"https:\/\/sceaux-lagazette.fr\/wp-content\/uploads\/2023\/02\/R\u00e9partition-des-DPE-du-parc-de-logement-Insee.png","datePublished":"2023-02-23T08:17:21+00:00","breadcrumb":{"@id":"https:\/\/sceaux-lagazette.fr\/index.php\/2023\/02\/23\/dpe-on-ny-voit-que-du-bleu\/#breadcrumb"},"inLanguage":"fr-FR","potentialAction":[{"@type":"ReadAction","target":["https:\/\/sceaux-lagazette.fr\/index.php\/2023\/02\/23\/dpe-on-ny-voit-que-du-bleu\/"]}]},{"@type":"ImageObject","inLanguage":"fr-FR","@id":"https:\/\/sceaux-lagazette.fr\/index.php\/2023\/02\/23\/dpe-on-ny-voit-que-du-bleu\/#primaryimage","url":"https:\/\/sceaux-lagazette.fr\/wp-content\/uploads\/2023\/02\/R\u00e9partition-des-DPE-du-parc-de-logement-Insee.png","contentUrl":"https:\/\/sceaux-lagazette.fr\/wp-content\/uploads\/2023\/02\/R\u00e9partition-des-DPE-du-parc-de-logement-Insee.png","width":722,"height":474},{"@type":"BreadcrumbList","@id":"https:\/\/sceaux-lagazette.fr\/index.php\/2023\/02\/23\/dpe-on-ny-voit-que-du-bleu\/#breadcrumb","itemListElement":[{"@type":"ListItem","position":1,"name":"Accueil","item":"https:\/\/sceaux-lagazette.fr\/"},{"@type":"ListItem","position":2,"name":"DPE : On n\u2019y voit que\u2026 du bleu ?"}]},{"@type":"WebSite","@id":"https:\/\/sceaux-lagazette.fr\/#website","url":"https:\/\/sceaux-lagazette.fr\/","name":"La Gazette","description":"Bourg-la-Reine, Ch\u00e2tenay, Fontenay, Sceaux","publisher":{"@id":"https:\/\/sceaux-lagazette.fr\/#organization"},"potentialAction":[{"@type":"SearchAction","target":{"@type":"EntryPoint","urlTemplate":"https:\/\/sceaux-lagazette.fr\/?s={search_term_string}"},"query-input":{"@type":"PropertyValueSpecification","valueRequired":true,"valueName":"search_term_string"}}],"inLanguage":"fr-FR"},{"@type":"Organization","@id":"https:\/\/sceaux-lagazette.fr\/#organization","name":"La Gazette","url":"https:\/\/sceaux-lagazette.fr\/","logo":{"@type":"ImageObject","inLanguage":"fr-FR","@id":"https:\/\/sceaux-lagazette.fr\/#\/schema\/logo\/image\/","url":"https:\/\/sceaux-lagazette.fr\/wp-content\/uploads\/2025\/08\/Logo-Gazette-Aout-2025-V3.jpg","contentUrl":"https:\/\/sceaux-lagazette.fr\/wp-content\/uploads\/2025\/08\/Logo-Gazette-Aout-2025-V3.jpg","width":525,"height":130,"caption":"La Gazette"},"image":{"@id":"https:\/\/sceaux-lagazette.fr\/#\/schema\/logo\/image\/"}},{"@type":"Person","@id":"https:\/\/sceaux-lagazette.fr\/#\/schema\/person\/33fa531190c9596cebfe8fcb9411d0bb","name":"Jean-Claude Herrenschmidt","image":{"@type":"ImageObject","inLanguage":"fr-FR","@id":"https:\/\/sceaux-lagazette.fr\/#\/schema\/person\/image\/","url":"https:\/\/secure.gravatar.com\/avatar\/816423af13c7b24aed117a9bf5b04b4e?s=96&r=g","contentUrl":"https:\/\/secure.gravatar.com\/avatar\/816423af13c7b24aed117a9bf5b04b4e?s=96&r=g","caption":"Jean-Claude Herrenschmidt"},"url":"https:\/\/sceaux-lagazette.fr\/index.php\/author\/jean-claude\/"}]}},"cc_featured_image_caption":{"caption_text":"R\u00e9partition du parc de logement selon DPE Source : Insee","source_text":"","source_url":""},"_links":{"self":[{"href":"https:\/\/sceaux-lagazette.fr\/index.php\/wp-json\/wp\/v2\/posts\/8961"}],"collection":[{"href":"https:\/\/sceaux-lagazette.fr\/index.php\/wp-json\/wp\/v2\/posts"}],"about":[{"href":"https:\/\/sceaux-lagazette.fr\/index.php\/wp-json\/wp\/v2\/types\/post"}],"author":[{"embeddable":true,"href":"https:\/\/sceaux-lagazette.fr\/index.php\/wp-json\/wp\/v2\/users\/28"}],"replies":[{"embeddable":true,"href":"https:\/\/sceaux-lagazette.fr\/index.php\/wp-json\/wp\/v2\/comments?post=8961"}],"version-history":[{"count":5,"href":"https:\/\/sceaux-lagazette.fr\/index.php\/wp-json\/wp\/v2\/posts\/8961\/revisions"}],"predecessor-version":[{"id":9002,"href":"https:\/\/sceaux-lagazette.fr\/index.php\/wp-json\/wp\/v2\/posts\/8961\/revisions\/9002"}],"wp:featuredmedia":[{"embeddable":true,"href":"https:\/\/sceaux-lagazette.fr\/index.php\/wp-json\/wp\/v2\/media\/8966"}],"wp:attachment":[{"href":"https:\/\/sceaux-lagazette.fr\/index.php\/wp-json\/wp\/v2\/media?parent=8961"}],"wp:term":[{"taxonomy":"category","embeddable":true,"href":"https:\/\/sceaux-lagazette.fr\/index.php\/wp-json\/wp\/v2\/categories?post=8961"},{"taxonomy":"post_tag","embeddable":true,"href":"https:\/\/sceaux-lagazette.fr\/index.php\/wp-json\/wp\/v2\/tags?post=8961"}],"curies":[{"name":"wp","href":"https:\/\/api.w.org\/{rel}","templated":true}]}}