{"id":8940,"date":"2023-02-20T09:30:17","date_gmt":"2023-02-20T08:30:17","guid":{"rendered":"https:\/\/sceaux-lagazette.fr\/?p=8940"},"modified":"2023-02-20T09:26:36","modified_gmt":"2023-02-20T08:26:36","slug":"faire-vivre-le-quartier-des-blagis","status":"publish","type":"post","link":"https:\/\/sceaux-lagazette.fr\/index.php\/2023\/02\/20\/faire-vivre-le-quartier-des-blagis\/","title":{"rendered":"Faire vivre le quartier des Blagis"},"content":{"rendered":"\n<p>Blagis Solidarit\u00e9 , que pr\u00e9side Simone Pennec, inscrit son action sur le large territoire de la <em>Commune des Blagis<\/em>. Si cette <em>Commune <\/em>est l\u00e9galement imaginaire, elle a \u00e9t\u00e9 con\u00e7ue par une p\u00e9tillante inventivit\u00e9 populaire de l\u2019apr\u00e8s-guerre. On y cr\u00e9ait des f\u00eates et une certaine chaleur collective. Aujourd\u2019hui, Blagis Solidarit\u00e9 cherche \u00e0 continuer un esprit de solidarit\u00e9 (il y a beaucoup de solitudes), d\u2019entraide et de lien entre les 4 communes\u00a0: Bagneux, Bourg-la-Reine, Fontenay-aux-Roses et Sceaux. Avec le CSCB au c\u0153ur de son action.<\/p>\n\n\n\n<h2 class=\"wp-block-heading\">Une reprise dynamique apr\u00e8s la p\u00e9riode cloisonn\u00e9e<\/h2>\n\n\n\n<p>19 f\u00e9vrier visite \u00e9glise Saint-Stanislaas aux Blagis qui fut consacr\u00e9e en 1936. Sa construction faisait partie d\u2019un vaste programme de d\u00e9veloppement des \u00e9glises catholiques de Paris et de la r\u00e9gion parisienne. \u00ab&nbsp;<em>Je me suis rendu compte, raconte Simone Pennec, que de nombreux habitants du quartier, toutes religions confondues, n\u2019y \u00e9taient jamais entr\u00e9s.&nbsp;<\/em>\u00bb Ils ont d\u00e9couvert l\u2019int\u00e9rieur avec \u00e9tonnement et son histoire aussi.<\/p>\n\n\n\n<p>21 mai. Visite de la centrale de g\u00e9othermie de Bagneux, avenue du Mar\u00e9chal Foch, toute proche de l\u2019\u00e9glise Stanislas. Elle utilise la chaleur du sous-sol et elle est non polluante. La g\u00e9othermie est une ressource tr\u00e8s en vogue et pleine d\u2019esp\u00e9rance. De sorte qu\u2019elle a suscit\u00e9 une grande curiosit\u00e9 \u00ab<em>&nbsp;surtout de la part des messieurs<\/em>, souligne Simone Pennec en mani\u00e8re de plaisanterie.&nbsp;\u00bb Beaucoup de questions techniques auxquelles ont r\u00e9pondu avec force d\u00e9tails les personnels qui accueillaient.<\/p>\n\n\n\n<p>Le 18 ao\u00fbt, en plein \u00e9t\u00e9, ils organisaient un ap\u00e9ro solidaire. Un peu anxieux du risque pris. L\u2019assistance a d\u00e9pass\u00e9 les esp\u00e9rances. On avait dress\u00e9 une table dans la grande salle du CSCB. Du liquide et du solide, simple et efficace. Ce que chacun avait apport\u00e9. On se rencontre. La discussion est ouverte. Visite de Florence Presson et de Patrick Donath, maire de Bourg-la-Reine. \u00ab&nbsp;<em>Pour nous, c\u2019\u00e9tait un succ\u00e8s. D\u2019autant que l\u2019ambiance y \u00e9tait. Tr\u00e8s sympa. De l\u2019avis de tous, pas seulement du mien.<\/em>&nbsp;\u00bb<\/p>\n\n\n\n<p>Et comme, on ne change pas une id\u00e9e qui gagne, on remet le couvert, le 2 septembre, le jour de la rentr\u00e9e des classes. L\u2019orientation go\u00fbter est choisie pour toucher des m\u00e8res et des enfants. Le CSCB, devant lequel tout le monde passe, est id\u00e9al. 17h, c\u2019\u00e9tait la sortie des \u00e9coles. Le go\u00fbter fut offert par Blagis Solidarit\u00e9.<\/p>\n\n\n\n<p>22 octobre une brocante au CSCB. \u00ab&nbsp;<em>Il fallait renflouer notre maigre tr\u00e9sorerie sourit-elle. Initialement, on avait pens\u00e9 \u00e0 des livres d\u2019occasion. Et puis, des gens ont offert \u00e0 l\u2019association des objets, bibelots, saladiers, des CD aussi. On les a mis en vente \u00e0 c\u00f4t\u00e9 des livres. Eh bien, ils sont partis comme des petits pains.&nbsp;<\/em>\u00bb Les petits prix ont d\u00fb aider.<\/p>\n\n\n\n<p>Le 26 novembre, l\u2019association se lance dans le loto avec la collaboration du CSCB, dans leur grande salle on place des tables de 6 ou 8 personnes. Ce sont des Quine&nbsp;!! et des Carton&nbsp;!!! qui ponctuent un apr\u00e8s-midi semble-t-il bien jovial o\u00f9 participent des familles avec enfants. Les 35 ou 40 personnes en ont redemand\u00e9. Un nouveau loto est pr\u00e9vu le 1er avril toujours en participation avec le CSCB.<\/p>\n\n\n\n<p>Le 21 d\u00e9cembre, un go\u00fbter \u00e0 nouveau. C\u2019est normal, No\u00ebl est tout pr\u00e8s, on attend des enfants. Blagis Solidarit\u00e9 a pr\u00e9vu des jouets et un petit cadeau pour chaque adulte. Les petites mains de l\u2019association les ont consciencieusement empaquet\u00e9s. Du boulot, semble-t-il, les commer\u00e7ants du quartier ont \u00e9t\u00e9 tr\u00e8s g\u00e9n\u00e9reux.<\/p>\n\n\n\n<h2 class=\"wp-block-heading\">2023, avec plein de projets<\/h2>\n\n\n\n<p>Apr\u00e8s un mois de janvier un peu ralenti, le rythme est reparti et les projets avec.<\/p>\n\n\n\n<p>Le 18 mars, ce sera une r\u00e9union de philat\u00e9lie avec l\u2019aide de Roland Berthou. Il est le pr\u00e9sident du cercle de Bourg-la-Reine qui est affili\u00e9 \u00e0 la F\u00e9d\u00e9ration fran\u00e7aise des associations philat\u00e9liques. Le cercle existe depuis de nombreuses ann\u00e9es et c\u2019est une exp\u00e9rience qu\u2019il proposera de d\u00e9couvrir. Avis aux amateurs.<\/p>\n\n\n\n<p>Le 1<sup>er<\/sup> avril, ce n\u2019est pas une plaisanterie, il est annonc\u00e9 plus haut&nbsp;: un loto est \u00e0 nouveau pr\u00e9vu. Peut-\u00eatre que la date donnera des id\u00e9es aux participants et qu\u2019on essaiera de se coller des poissons dans le dos. Allez savoir.<\/p>\n\n\n\n<p>Le m\u00eame mois, mais le 15, ce sera un \u00e9change de plantes et de graines. L\u2019initiative r\u00e9pond \u00e0 une demande d\u2019habitants du quartier. Entre ceux qui ont un morceau de jardin et d\u2019autres qui entretiennent des jardini\u00e8res sur leur balcon, l\u2019id\u00e9e est de favoriser le partage. Simone Pennec a rencontr\u00e9 une association de Bourg-la-Reine qui organise ce genre de rencontre, \u00ab&nbsp;<em>et cela marche tr\u00e8s bien.<\/em>&nbsp;\u00bb<\/p>\n\n\n\n<p>En mai, ce sera une visite au th\u00e9\u00e2tre des G\u00e9meaux, c\u00f4t\u00e9 arri\u00e8re-sc\u00e8ne, l\u2019au-del\u00e0 du d\u00e9cor. On sillonnera le th\u00e9\u00e2tre de haut en bas, \u00e0 la d\u00e9couverte des coulisses et des machineries.<\/p>\n\n\n\n<p>Pour juin, les projets sont encore en gestation. Une surprise&nbsp;?<\/p>\n\n\n\n<h2 class=\"wp-block-heading\">Grandir<\/h2>\n\n\n\n<p>L\u2019organisation de toutes ces activit\u00e9s rel\u00e8ve d\u2019un bureau qui compte 6 personnes. Il organise, con\u00e7oit, fabrique des flyers et surtout les distribue. Les bo\u00eetes \u00e0 lettres sont nombreuses. Cela fait de la marche \u00e0 pied. C\u2019est un moyen s\u00fbr de d\u00e9couvrir la \u00ab&nbsp;commune&nbsp;\u00bb.<\/p>\n\n\n\n<p>Les adh\u00e9rents sont pour l\u2019instant une cinquantaine. \u00ab&nbsp;<em>Dans le contexte assez individualiste qui est le n\u00f4tre, dit Simone Pennec, c\u2019est plut\u00f4t une performance<\/em>. Mais <em>nous pensons attirer beaucoup de nouvelles personnes lors de notre Assembl\u00e9e g\u00e9n\u00e9rale pr\u00e9vue le 11 mars au CSCB.<\/em>&nbsp;\u00bb L\u2019adh\u00e9sion est de 10\u20ac. Les activit\u00e9s sont gratuites. \u00ab&nbsp;<em>Franchement, on ne peut pas faire plus attractif.<\/em>&nbsp;\u00bb<\/p>\n\n\n\n<p>L\u2019objectif pour l\u2019ann\u00e9e est clairement de cro\u00eetre en effectif. La cible \u00e0 entra\u00eener est on ne peut plus \u00e9vidente&nbsp;: tous les habitants de ce quartier plein d\u2019imaginaire, habitants d\u00e9cid\u00e9s \u00e0 partager des moments, des visites, \u00e0 sortir de chez soi, \u00e9ventuellement de sa solitude. La distance ne saurait \u00eatre une raison d\u2019h\u00e9siter. Tout se passe entre voisins.<\/p>\n\n\n\n<p>Prochain rendez-vous, le 11 mars donc. <a href=\"https:\/\/www.facebook.com\/blagis.solidarite\" target=\"_blank\" rel=\"noreferrer noopener\">Pour en savoir plus.<\/a><\/p>\n","protected":false},"excerpt":{"rendered":"<p>Blagis Solidarit\u00e9 , que pr\u00e9side Simone Pennec, inscrit son action sur le large territoire de la Commune des Blagis. Si cette Commune est l\u00e9galement imaginaire, elle a \u00e9t\u00e9 con\u00e7ue par une p\u00e9tillante inventivit\u00e9 populaire de l\u2019apr\u00e8s-guerre. On y cr\u00e9ait des f\u00eates et une certaine chaleur collective. Aujourd\u2019hui, Blagis Solidarit\u00e9 cherche&#8230;<\/p>\n","protected":false},"author":6,"featured_media":8942,"comment_status":"open","ping_status":"open","sticky":false,"template":"","format":"standard","meta":{"om_disable_all_campaigns":false,"_monsterinsights_skip_tracking":false,"_monsterinsights_sitenote_active":false,"_monsterinsights_sitenote_note":"","_monsterinsights_sitenote_category":0,"_uf_show_specific_survey":0,"_uf_disable_surveys":false,"footnotes":""},"categories":[268,265,264,5,266],"tags":[],"class_list":["post-8940","post","type-post","status-publish","format-standard","has-post-thumbnail","hentry","category-bagneux","category-bourg-la-reine","category-fontenay-aux-roses","category-des-quartiers-de-sceaux","category-sceaux","entry","simple"],"yoast_head":"<!-- This site is optimized with the Yoast SEO plugin v25.6 - https:\/\/yoast.com\/wordpress\/plugins\/seo\/ -->\n<title>Faire vivre le quartier des Blagis - La Gazette<\/title>\n<meta name=\"robots\" content=\"index, follow, max-snippet:-1, max-image-preview:large, max-video-preview:-1\" \/>\n<link rel=\"canonical\" href=\"https:\/\/sceaux-lagazette.fr\/index.php\/2023\/02\/20\/faire-vivre-le-quartier-des-blagis\/\" \/>\n<meta property=\"og:locale\" content=\"fr_FR\" \/>\n<meta property=\"og:type\" content=\"article\" \/>\n<meta property=\"og:title\" content=\"Faire vivre le quartier des Blagis - La Gazette\" \/>\n<meta property=\"og:description\" content=\"Blagis Solidarit\u00e9 , que pr\u00e9side Simone Pennec, inscrit son action sur le large territoire de la Commune des Blagis. Si cette Commune est l\u00e9galement imaginaire, elle a \u00e9t\u00e9 con\u00e7ue par une p\u00e9tillante inventivit\u00e9 populaire de l\u2019apr\u00e8s-guerre. On y cr\u00e9ait des f\u00eates et une certaine chaleur collective. Aujourd\u2019hui, Blagis Solidarit\u00e9 cherche&#8230;\" \/>\n<meta property=\"og:url\" content=\"https:\/\/sceaux-lagazette.fr\/index.php\/2023\/02\/20\/faire-vivre-le-quartier-des-blagis\/\" \/>\n<meta property=\"og:site_name\" content=\"La Gazette\" \/>\n<meta property=\"article:published_time\" content=\"2023-02-20T08:30:17+00:00\" \/>\n<meta property=\"og:image\" content=\"https:\/\/sceaux-lagazette.fr\/wp-content\/uploads\/2023\/02\/Carte-Commune-Blagi-Puzzle.jpg\" \/>\n\t<meta property=\"og:image:width\" content=\"1280\" \/>\n\t<meta property=\"og:image:height\" content=\"654\" \/>\n\t<meta property=\"og:image:type\" content=\"image\/jpeg\" \/>\n<meta name=\"author\" content=\"Maurice Zytnicki\" \/>\n<meta name=\"twitter:card\" content=\"summary_large_image\" \/>\n<meta name=\"twitter:label1\" content=\"\u00c9crit par\" \/>\n\t<meta name=\"twitter:data1\" content=\"Maurice Zytnicki\" \/>\n\t<meta name=\"twitter:label2\" content=\"Dur\u00e9e de lecture estim\u00e9e\" \/>\n\t<meta name=\"twitter:data2\" content=\"5 minutes\" \/>\n<script type=\"application\/ld+json\" class=\"yoast-schema-graph\">{\"@context\":\"https:\/\/schema.org\",\"@graph\":[{\"@type\":\"Article\",\"@id\":\"https:\/\/sceaux-lagazette.fr\/index.php\/2023\/02\/20\/faire-vivre-le-quartier-des-blagis\/#article\",\"isPartOf\":{\"@id\":\"https:\/\/sceaux-lagazette.fr\/index.php\/2023\/02\/20\/faire-vivre-le-quartier-des-blagis\/\"},\"author\":{\"name\":\"Maurice Zytnicki\",\"@id\":\"https:\/\/sceaux-lagazette.fr\/#\/schema\/person\/060ab8fc058c4220d9079707a58da9f1\"},\"headline\":\"Faire vivre le quartier des Blagis\",\"datePublished\":\"2023-02-20T08:30:17+00:00\",\"mainEntityOfPage\":{\"@id\":\"https:\/\/sceaux-lagazette.fr\/index.php\/2023\/02\/20\/faire-vivre-le-quartier-des-blagis\/\"},\"wordCount\":1070,\"commentCount\":1,\"publisher\":{\"@id\":\"https:\/\/sceaux-lagazette.fr\/#organization\"},\"image\":{\"@id\":\"https:\/\/sceaux-lagazette.fr\/index.php\/2023\/02\/20\/faire-vivre-le-quartier-des-blagis\/#primaryimage\"},\"thumbnailUrl\":\"https:\/\/sceaux-lagazette.fr\/wp-content\/uploads\/2023\/02\/Carte-Commune-Blagi-Puzzle.jpg\",\"articleSection\":[\"Bagneux\",\"Bourg-la-Reine\",\"Fontenay-aux-Roses\",\"Quartiers\",\"Sceaux\"],\"inLanguage\":\"fr-FR\",\"potentialAction\":[{\"@type\":\"CommentAction\",\"name\":\"Comment\",\"target\":[\"https:\/\/sceaux-lagazette.fr\/index.php\/2023\/02\/20\/faire-vivre-le-quartier-des-blagis\/#respond\"]}]},{\"@type\":\"WebPage\",\"@id\":\"https:\/\/sceaux-lagazette.fr\/index.php\/2023\/02\/20\/faire-vivre-le-quartier-des-blagis\/\",\"url\":\"https:\/\/sceaux-lagazette.fr\/index.php\/2023\/02\/20\/faire-vivre-le-quartier-des-blagis\/\",\"name\":\"Faire vivre le quartier des Blagis - La Gazette\",\"isPartOf\":{\"@id\":\"https:\/\/sceaux-lagazette.fr\/#website\"},\"primaryImageOfPage\":{\"@id\":\"https:\/\/sceaux-lagazette.fr\/index.php\/2023\/02\/20\/faire-vivre-le-quartier-des-blagis\/#primaryimage\"},\"image\":{\"@id\":\"https:\/\/sceaux-lagazette.fr\/index.php\/2023\/02\/20\/faire-vivre-le-quartier-des-blagis\/#primaryimage\"},\"thumbnailUrl\":\"https:\/\/sceaux-lagazette.fr\/wp-content\/uploads\/2023\/02\/Carte-Commune-Blagi-Puzzle.jpg\",\"datePublished\":\"2023-02-20T08:30:17+00:00\",\"breadcrumb\":{\"@id\":\"https:\/\/sceaux-lagazette.fr\/index.php\/2023\/02\/20\/faire-vivre-le-quartier-des-blagis\/#breadcrumb\"},\"inLanguage\":\"fr-FR\",\"potentialAction\":[{\"@type\":\"ReadAction\",\"target\":[\"https:\/\/sceaux-lagazette.fr\/index.php\/2023\/02\/20\/faire-vivre-le-quartier-des-blagis\/\"]}]},{\"@type\":\"ImageObject\",\"inLanguage\":\"fr-FR\",\"@id\":\"https:\/\/sceaux-lagazette.fr\/index.php\/2023\/02\/20\/faire-vivre-le-quartier-des-blagis\/#primaryimage\",\"url\":\"https:\/\/sceaux-lagazette.fr\/wp-content\/uploads\/2023\/02\/Carte-Commune-Blagi-Puzzle.jpg\",\"contentUrl\":\"https:\/\/sceaux-lagazette.fr\/wp-content\/uploads\/2023\/02\/Carte-Commune-Blagi-Puzzle.jpg\",\"width\":1280,\"height\":654},{\"@type\":\"BreadcrumbList\",\"@id\":\"https:\/\/sceaux-lagazette.fr\/index.php\/2023\/02\/20\/faire-vivre-le-quartier-des-blagis\/#breadcrumb\",\"itemListElement\":[{\"@type\":\"ListItem\",\"position\":1,\"name\":\"Accueil\",\"item\":\"https:\/\/sceaux-lagazette.fr\/\"},{\"@type\":\"ListItem\",\"position\":2,\"name\":\"Faire vivre le quartier des Blagis\"}]},{\"@type\":\"WebSite\",\"@id\":\"https:\/\/sceaux-lagazette.fr\/#website\",\"url\":\"https:\/\/sceaux-lagazette.fr\/\",\"name\":\"La Gazette\",\"description\":\"Bourg-la-Reine, Ch\u00e2tenay, Fontenay, Sceaux\",\"publisher\":{\"@id\":\"https:\/\/sceaux-lagazette.fr\/#organization\"},\"potentialAction\":[{\"@type\":\"SearchAction\",\"target\":{\"@type\":\"EntryPoint\",\"urlTemplate\":\"https:\/\/sceaux-lagazette.fr\/?s={search_term_string}\"},\"query-input\":{\"@type\":\"PropertyValueSpecification\",\"valueRequired\":true,\"valueName\":\"search_term_string\"}}],\"inLanguage\":\"fr-FR\"},{\"@type\":\"Organization\",\"@id\":\"https:\/\/sceaux-lagazette.fr\/#organization\",\"name\":\"La Gazette\",\"url\":\"https:\/\/sceaux-lagazette.fr\/\",\"logo\":{\"@type\":\"ImageObject\",\"inLanguage\":\"fr-FR\",\"@id\":\"https:\/\/sceaux-lagazette.fr\/#\/schema\/logo\/image\/\",\"url\":\"https:\/\/sceaux-lagazette.fr\/wp-content\/uploads\/2025\/08\/Logo-Gazette-Aout-2025-V3.jpg\",\"contentUrl\":\"https:\/\/sceaux-lagazette.fr\/wp-content\/uploads\/2025\/08\/Logo-Gazette-Aout-2025-V3.jpg\",\"width\":525,\"height\":130,\"caption\":\"La Gazette\"},\"image\":{\"@id\":\"https:\/\/sceaux-lagazette.fr\/#\/schema\/logo\/image\/\"}},{\"@type\":\"Person\",\"@id\":\"https:\/\/sceaux-lagazette.fr\/#\/schema\/person\/060ab8fc058c4220d9079707a58da9f1\",\"name\":\"Maurice Zytnicki\",\"image\":{\"@type\":\"ImageObject\",\"inLanguage\":\"fr-FR\",\"@id\":\"https:\/\/sceaux-lagazette.fr\/#\/schema\/person\/image\/\",\"url\":\"https:\/\/secure.gravatar.com\/avatar\/d94d30d6fa0e9cb7af48a89366fc0cdb?s=96&r=g\",\"contentUrl\":\"https:\/\/secure.gravatar.com\/avatar\/d94d30d6fa0e9cb7af48a89366fc0cdb?s=96&r=g\",\"caption\":\"Maurice Zytnicki\"},\"url\":\"https:\/\/sceaux-lagazette.fr\/index.php\/author\/maurice\/\"}]}<\/script>\n<!-- \/ Yoast SEO plugin. -->","yoast_head_json":{"title":"Faire vivre le quartier des Blagis - La Gazette","robots":{"index":"index","follow":"follow","max-snippet":"max-snippet:-1","max-image-preview":"max-image-preview:large","max-video-preview":"max-video-preview:-1"},"canonical":"https:\/\/sceaux-lagazette.fr\/index.php\/2023\/02\/20\/faire-vivre-le-quartier-des-blagis\/","og_locale":"fr_FR","og_type":"article","og_title":"Faire vivre le quartier des Blagis - La Gazette","og_description":"Blagis Solidarit\u00e9 , que pr\u00e9side Simone Pennec, inscrit son action sur le large territoire de la Commune des Blagis. Si cette Commune est l\u00e9galement imaginaire, elle a \u00e9t\u00e9 con\u00e7ue par une p\u00e9tillante inventivit\u00e9 populaire de l\u2019apr\u00e8s-guerre. On y cr\u00e9ait des f\u00eates et une certaine chaleur collective. Aujourd\u2019hui, Blagis Solidarit\u00e9 cherche&#8230;","og_url":"https:\/\/sceaux-lagazette.fr\/index.php\/2023\/02\/20\/faire-vivre-le-quartier-des-blagis\/","og_site_name":"La Gazette","article_published_time":"2023-02-20T08:30:17+00:00","og_image":[{"width":1280,"height":654,"url":"https:\/\/sceaux-lagazette.fr\/wp-content\/uploads\/2023\/02\/Carte-Commune-Blagi-Puzzle.jpg","type":"image\/jpeg"}],"author":"Maurice Zytnicki","twitter_card":"summary_large_image","twitter_misc":{"\u00c9crit par":"Maurice Zytnicki","Dur\u00e9e de lecture estim\u00e9e":"5 minutes"},"schema":{"@context":"https:\/\/schema.org","@graph":[{"@type":"Article","@id":"https:\/\/sceaux-lagazette.fr\/index.php\/2023\/02\/20\/faire-vivre-le-quartier-des-blagis\/#article","isPartOf":{"@id":"https:\/\/sceaux-lagazette.fr\/index.php\/2023\/02\/20\/faire-vivre-le-quartier-des-blagis\/"},"author":{"name":"Maurice Zytnicki","@id":"https:\/\/sceaux-lagazette.fr\/#\/schema\/person\/060ab8fc058c4220d9079707a58da9f1"},"headline":"Faire vivre le quartier des Blagis","datePublished":"2023-02-20T08:30:17+00:00","mainEntityOfPage":{"@id":"https:\/\/sceaux-lagazette.fr\/index.php\/2023\/02\/20\/faire-vivre-le-quartier-des-blagis\/"},"wordCount":1070,"commentCount":1,"publisher":{"@id":"https:\/\/sceaux-lagazette.fr\/#organization"},"image":{"@id":"https:\/\/sceaux-lagazette.fr\/index.php\/2023\/02\/20\/faire-vivre-le-quartier-des-blagis\/#primaryimage"},"thumbnailUrl":"https:\/\/sceaux-lagazette.fr\/wp-content\/uploads\/2023\/02\/Carte-Commune-Blagi-Puzzle.jpg","articleSection":["Bagneux","Bourg-la-Reine","Fontenay-aux-Roses","Quartiers","Sceaux"],"inLanguage":"fr-FR","potentialAction":[{"@type":"CommentAction","name":"Comment","target":["https:\/\/sceaux-lagazette.fr\/index.php\/2023\/02\/20\/faire-vivre-le-quartier-des-blagis\/#respond"]}]},{"@type":"WebPage","@id":"https:\/\/sceaux-lagazette.fr\/index.php\/2023\/02\/20\/faire-vivre-le-quartier-des-blagis\/","url":"https:\/\/sceaux-lagazette.fr\/index.php\/2023\/02\/20\/faire-vivre-le-quartier-des-blagis\/","name":"Faire vivre le quartier des Blagis - La Gazette","isPartOf":{"@id":"https:\/\/sceaux-lagazette.fr\/#website"},"primaryImageOfPage":{"@id":"https:\/\/sceaux-lagazette.fr\/index.php\/2023\/02\/20\/faire-vivre-le-quartier-des-blagis\/#primaryimage"},"image":{"@id":"https:\/\/sceaux-lagazette.fr\/index.php\/2023\/02\/20\/faire-vivre-le-quartier-des-blagis\/#primaryimage"},"thumbnailUrl":"https:\/\/sceaux-lagazette.fr\/wp-content\/uploads\/2023\/02\/Carte-Commune-Blagi-Puzzle.jpg","datePublished":"2023-02-20T08:30:17+00:00","breadcrumb":{"@id":"https:\/\/sceaux-lagazette.fr\/index.php\/2023\/02\/20\/faire-vivre-le-quartier-des-blagis\/#breadcrumb"},"inLanguage":"fr-FR","potentialAction":[{"@type":"ReadAction","target":["https:\/\/sceaux-lagazette.fr\/index.php\/2023\/02\/20\/faire-vivre-le-quartier-des-blagis\/"]}]},{"@type":"ImageObject","inLanguage":"fr-FR","@id":"https:\/\/sceaux-lagazette.fr\/index.php\/2023\/02\/20\/faire-vivre-le-quartier-des-blagis\/#primaryimage","url":"https:\/\/sceaux-lagazette.fr\/wp-content\/uploads\/2023\/02\/Carte-Commune-Blagi-Puzzle.jpg","contentUrl":"https:\/\/sceaux-lagazette.fr\/wp-content\/uploads\/2023\/02\/Carte-Commune-Blagi-Puzzle.jpg","width":1280,"height":654},{"@type":"BreadcrumbList","@id":"https:\/\/sceaux-lagazette.fr\/index.php\/2023\/02\/20\/faire-vivre-le-quartier-des-blagis\/#breadcrumb","itemListElement":[{"@type":"ListItem","position":1,"name":"Accueil","item":"https:\/\/sceaux-lagazette.fr\/"},{"@type":"ListItem","position":2,"name":"Faire vivre le quartier des Blagis"}]},{"@type":"WebSite","@id":"https:\/\/sceaux-lagazette.fr\/#website","url":"https:\/\/sceaux-lagazette.fr\/","name":"La Gazette","description":"Bourg-la-Reine, Ch\u00e2tenay, Fontenay, Sceaux","publisher":{"@id":"https:\/\/sceaux-lagazette.fr\/#organization"},"potentialAction":[{"@type":"SearchAction","target":{"@type":"EntryPoint","urlTemplate":"https:\/\/sceaux-lagazette.fr\/?s={search_term_string}"},"query-input":{"@type":"PropertyValueSpecification","valueRequired":true,"valueName":"search_term_string"}}],"inLanguage":"fr-FR"},{"@type":"Organization","@id":"https:\/\/sceaux-lagazette.fr\/#organization","name":"La Gazette","url":"https:\/\/sceaux-lagazette.fr\/","logo":{"@type":"ImageObject","inLanguage":"fr-FR","@id":"https:\/\/sceaux-lagazette.fr\/#\/schema\/logo\/image\/","url":"https:\/\/sceaux-lagazette.fr\/wp-content\/uploads\/2025\/08\/Logo-Gazette-Aout-2025-V3.jpg","contentUrl":"https:\/\/sceaux-lagazette.fr\/wp-content\/uploads\/2025\/08\/Logo-Gazette-Aout-2025-V3.jpg","width":525,"height":130,"caption":"La Gazette"},"image":{"@id":"https:\/\/sceaux-lagazette.fr\/#\/schema\/logo\/image\/"}},{"@type":"Person","@id":"https:\/\/sceaux-lagazette.fr\/#\/schema\/person\/060ab8fc058c4220d9079707a58da9f1","name":"Maurice Zytnicki","image":{"@type":"ImageObject","inLanguage":"fr-FR","@id":"https:\/\/sceaux-lagazette.fr\/#\/schema\/person\/image\/","url":"https:\/\/secure.gravatar.com\/avatar\/d94d30d6fa0e9cb7af48a89366fc0cdb?s=96&r=g","contentUrl":"https:\/\/secure.gravatar.com\/avatar\/d94d30d6fa0e9cb7af48a89366fc0cdb?s=96&r=g","caption":"Maurice Zytnicki"},"url":"https:\/\/sceaux-lagazette.fr\/index.php\/author\/maurice\/"}]}},"cc_featured_image_caption":{"caption_text":"Carte Blagis Solidarit\u00e9 revue avec PhotoFiltre LGdS","source_text":"","source_url":""},"_links":{"self":[{"href":"https:\/\/sceaux-lagazette.fr\/index.php\/wp-json\/wp\/v2\/posts\/8940"}],"collection":[{"href":"https:\/\/sceaux-lagazette.fr\/index.php\/wp-json\/wp\/v2\/posts"}],"about":[{"href":"https:\/\/sceaux-lagazette.fr\/index.php\/wp-json\/wp\/v2\/types\/post"}],"author":[{"embeddable":true,"href":"https:\/\/sceaux-lagazette.fr\/index.php\/wp-json\/wp\/v2\/users\/6"}],"replies":[{"embeddable":true,"href":"https:\/\/sceaux-lagazette.fr\/index.php\/wp-json\/wp\/v2\/comments?post=8940"}],"version-history":[{"count":2,"href":"https:\/\/sceaux-lagazette.fr\/index.php\/wp-json\/wp\/v2\/posts\/8940\/revisions"}],"predecessor-version":[{"id":8944,"href":"https:\/\/sceaux-lagazette.fr\/index.php\/wp-json\/wp\/v2\/posts\/8940\/revisions\/8944"}],"wp:featuredmedia":[{"embeddable":true,"href":"https:\/\/sceaux-lagazette.fr\/index.php\/wp-json\/wp\/v2\/media\/8942"}],"wp:attachment":[{"href":"https:\/\/sceaux-lagazette.fr\/index.php\/wp-json\/wp\/v2\/media?parent=8940"}],"wp:term":[{"taxonomy":"category","embeddable":true,"href":"https:\/\/sceaux-lagazette.fr\/index.php\/wp-json\/wp\/v2\/categories?post=8940"},{"taxonomy":"post_tag","embeddable":true,"href":"https:\/\/sceaux-lagazette.fr\/index.php\/wp-json\/wp\/v2\/tags?post=8940"}],"curies":[{"name":"wp","href":"https:\/\/api.w.org\/{rel}","templated":true}]}}