{"id":8765,"date":"2023-02-01T08:58:19","date_gmt":"2023-02-01T07:58:19","guid":{"rendered":"https:\/\/sceaux-lagazette.fr\/?p=8765"},"modified":"2023-02-01T08:58:21","modified_gmt":"2023-02-01T07:58:21","slug":"conseil-de-territoire-a-sceaux","status":"publish","type":"post","link":"https:\/\/sceaux-lagazette.fr\/index.php\/2023\/02\/01\/conseil-de-territoire-a-sceaux\/","title":{"rendered":"Conseil de territoire \u00e0 Sceaux"},"content":{"rendered":"\n<p>Le conseil de <a rel=\"noreferrer noopener\" href=\"https:\/\/www.valleesud.fr\/fr\" target=\"_blank\">territoire VSGP <\/a>se tenait \u00e0 Sceaux le 26 janvier 2023. Il a trait\u00e9 les 17 points de <a rel=\"noreferrer noopener\" href=\"https:\/\/www.valleesud.fr\/sites\/default\/files\/media\/downloads\/20230120_161537_0.pdf\" target=\"_blank\">l\u2019ordre du jour <\/a>en une heure. Officiellement convoqu\u00e9 \u00e0 18 h 30, il \u00e9tait en effet termin\u00e9 \u00e0 19h 35. L\u2019ordre du jour comprenait pourtant le vote du budget, sujet important s\u2019il en est. Le dossier envoy\u00e9 aux conseillers territoriaux avant la r\u00e9union faisait 393 pages. Compar\u00e9e aux dur\u00e9es des conseils municipaux, une dur\u00e9e si faible a de quoi surprendre.<\/p>\n\n\n\n<h2 class=\"wp-block-heading\">Remarque pr\u00e9alable<\/h2>\n\n\n\n<p>Le pr\u00e9sent article analyse deux faits qui frappent imm\u00e9diatement l\u2019observateur, la faible dur\u00e9e des d\u00e9bats, le manque de parit\u00e9. D\u2019autres r\u00e9flexions sont n\u00e9cessaires sur une instance financi\u00e8rement tr\u00e8s importante. Le budget de fonctionnement de VSGP est d\u2019environ 200M\u20ac. Le programme d\u2019investissement sur 4 ans est de 452M\u20ac. Tout cela m\u00e9rite un peu d\u2019attention des citoyens !<\/p>\n\n\n\n<h2 class=\"wp-block-heading\">Un conseil de faible dur\u00e9e<\/h2>\n\n\n\n<p>les s\u00e9ances de conseil municipal sont souvent longues quand ce n\u2019est pas tr\u00e8s longues. Elles d\u00e9marrent \u00e0 19h 30 \u00e0 Sceaux, comme \u00e0 Bourg-la-Reine ou Fontenay-aux-Roses. Elles se terminent g\u00e9n\u00e9ralement apr\u00e8s 23 heures \u00e0 Bourg-la-Reine et apr\u00e8s minuit dans les deux autres villes. A Ch\u00e2tenay-Malabry les s\u00e9ances sont plus rapides, puisque commenc\u00e9es \u00e0 la m\u00eame heure, elles se terminent entre 22 et 23 heures.<\/p>\n\n\n\n<p>La lecture de la charte de gouvernance du territoire VSGP donne cependant une explication \u00e0 cette situation. On peut en effet y lire la phrase suivante&nbsp;: \u00ab&nbsp;<em>les d\u00e9cisions essentielles sont prises de mani\u00e8re coll\u00e9giale au sein du bureau du territoire et le consensus y est recherch\u00e9<\/em>&nbsp;\u00bb.<\/p>\n\n\n\n<p>Le conseil de territoire fonctionne alors comme une chambre d\u2019enregistrement formelle de d\u00e9cisions prises en bureau. Celui-comprend, outre son pr\u00e9sident (maire de Clamart) un repr\u00e9sentant de chacune des 11 communes du territoire. Dans neuf cas sur onze, ce repr\u00e9sentant est le maire de la commune, Clamart et Le Plessis-Robinson faisant exception.<\/p>\n\n\n\n<p>Les comptes rendus des conseils de territoire sont disponibles sur le site de VSGP. On n\u2019y trouve en revanche aucune trace des r\u00e9unions de bureau. Selon la charte de gouvernance, celles-ci font l\u2019objet d\u2019une pr\u00e9paration soign\u00e9e&nbsp;:<\/p>\n\n\n\n<p><em>\u00ab&nbsp;Le bureau du territoire est r\u00e9uni r\u00e9guli\u00e8rement et, notamment, au moins dix jours avant chaque conseil de territoire, afin d\u2019examiner les dossiers qui lui sont soumis&nbsp;\u00bb.<\/em><\/p>\n\n\n\n<p><em>Une r\u00e9union des directeurs g\u00e9n\u00e9raux des services du territoire et de ses communes membres pr\u00e9pare chaque r\u00e9union du bureau du territoire. Les projets de d\u00e9lib\u00e9ration sont envoy\u00e9s en amont aux directeurs g\u00e9n\u00e9raux des services, qui assurent l\u2019information de leur maire&nbsp;\u00bb<\/em><\/p>\n\n\n\n<h2 class=\"wp-block-heading\">Un consensus qui se b\u00e2tit sur chaque th\u00e8me<\/h2>\n\n\n\n<p>Chaque vice-pr\u00e9sident (en charge d\u2019un th\u00e8me) r\u00e9unit r\u00e9guli\u00e8rement les adjoints ou conseillers municipaux en charge de ce th\u00e8me dans les communes. Cela permet de prendre en compte les \u00e9ventuelles particularit\u00e9s locales&nbsp;; les solutions sont alors consensuelles.<\/p>\n\n\n\n<p>Le conseil de territoire est alors le r\u00e9sultat des consensus construits au pr\u00e9alable. Il n\u2019y a besoin ni de longues explications ni de d\u00e9bat entre points de vue oppos\u00e9s.<\/p>\n\n\n\n<p>Les conseillers sont \u00e9lus en m\u00eame temps que les conseils municipaux, avec le m\u00eame m\u00e9canisme de prime \u00e0 la liste en t\u00eate et de proportionnelle pour les autres si\u00e8ges. Le nombre de si\u00e8ges d\u2019une commune d\u00e9pend de sa population. S\u2019il est faible (il est de 4 pour Sceaux ou Bourg-la-Reine), seule la majorit\u00e9 est repr\u00e9sent\u00e9e.<\/p>\n\n\n\n<p>De fait, sur les 80 conseillers territoriaux, seuls 8 ne font pas partie de la majorit\u00e9 dans leur commune. Il s\u2019agit d\u2019\u00e9lus d\u2019Antony (2), Bagneux, Ch\u00e2tillon, Clamart (2), Fontenay-aux-Roses et Montrouge. Il leur est difficile de s\u2019opposer aux projets construits avec les \u00e9lus de leur commune et les \u00e9lus du m\u00eame courant politique qu\u2019eux, majoritaires dans d\u2019autres communes.<\/p>\n\n\n\n<h2 class=\"wp-block-heading\">Une majorit\u00e9 masculine<\/h2>\n\n\n\n<div class=\"wp-block-image\"><figure class=\"alignright size-medium\"><img decoding=\"async\" width=\"300\" height=\"225\" src=\"https:\/\/sceaux-lagazette.fr\/wp-content\/uploads\/2023\/01\/VSGP-IMG_20230126_193544-300x225.jpg\" alt=\"\" class=\"wp-image-8769\" srcset=\"https:\/\/sceaux-lagazette.fr\/wp-content\/uploads\/2023\/01\/VSGP-IMG_20230126_193544-300x225.jpg 300w, https:\/\/sceaux-lagazette.fr\/wp-content\/uploads\/2023\/01\/VSGP-IMG_20230126_193544-1024x768.jpg 1024w, https:\/\/sceaux-lagazette.fr\/wp-content\/uploads\/2023\/01\/VSGP-IMG_20230126_193544-768x576.jpg 768w, https:\/\/sceaux-lagazette.fr\/wp-content\/uploads\/2023\/01\/VSGP-IMG_20230126_193544-1536x1152.jpg 1536w, https:\/\/sceaux-lagazette.fr\/wp-content\/uploads\/2023\/01\/VSGP-IMG_20230126_193544-2048x1536.jpg 2048w\" sizes=\"(max-width: 300px) 100vw, 300px\" \/><\/figure><\/div>\n\n\n\n<p>L\u2019observation des conseillers pr\u00e9sents le 26 janvier \u00e0 Sceaux donnait le sentiment qu\u2019il y avait nettement plus d\u2019hommes que de femmes. Cette situation pouvait s\u2019expliquer par un plus grand nombre d\u2019absences f\u00e9minines. C\u2019\u00e9tait peut-\u00eatre le cas, mais il y a une explication plus simple&nbsp;: v\u00e9rification faite,<a rel=\"noreferrer noopener\" href=\"https:\/\/www.valleesud.fr\/fr\/gouvernance-les-elus-du-territoire\" target=\"_blank\"> le conseil comprend 45 hommes et 35 femmes<\/a>.<\/p>\n\n\n\n<p>Et pourtant, les listes aux municipales sont paritaires. Un examen ville par ville s\u2019impose donc. Six villes ont envoy\u00e9 au conseil du territoire autant de femmes que d\u2019hommes. Il s\u2019agit de Bagneux, Bourg-la-Reine, Le Plessis-Robinson, Malakoff, Montrouge et Sceaux.<\/p>\n\n\n\n<p>On notera que les conseillers territoriaux ne sont pas forc\u00e9ment les premiers de liste. A Sceaux, les trois premiers de la liste majoritaire sont \u00e9galement au territoire, mais le quatri\u00e8me si\u00e8ge est occup\u00e9 par la douzi\u00e8me de liste.<\/p>\n\n\n\n<p>Antony avait droit \u00e0 13 conseillers, dont 11 pour la majorit\u00e9. Celle-ci a envoy\u00e9 le maire (un homme) plus cinq hommes et cinq femmes. Deux listes minoritaires ont eu chacune un \u00e9lu et c\u2019est un homme qui a \u00e9t\u00e9 choisi dans les deux cas. A la fin, on a huit conseillers hommes et cinq femmes.<\/p>\n\n\n\n<p>Pourtant les trois listes d\u2019opposition \u00e9taient chacune men\u00e9es par une femme. Ce qui fait qu\u2019il y a plus de femmes que d\u2019hommes au conseil municipal.<\/p>\n\n\n\n<p>A <a>Ch\u00e2tenay-Malabry<\/a>, seule la majorit\u00e9 a eu des \u00e9lus. Elle a choisi d\u2019envoyer 4 hommes et deux femmes.<\/p>\n\n\n\n<p>A Ch\u00e2tillon, la majorit\u00e9 a envoy\u00e9 trois hommes et trois femmes, l\u2019opposition ayant un \u00e9lu, un homme.<\/p>\n\n\n\n<p>A Clamart, la majorit\u00e9 a envoy\u00e9 5 hommes et quatre femmes. Les deux listes d\u2019opposition ont eu chacune un \u00e9lu, un homme dans les deux cas. Au total, il y a donc sept hommes et quatre femmes de Clamart.<\/p>\n\n\n\n<p>Enfin, \u00e0 Fontenay-aux-Roses, la majorit\u00e9 envoie deux hommes et deux femmes et l\u2019opposition un homme.<\/p>\n\n\n\n<p>Au total, la majorit\u00e9 de Ch\u00e2tenay-Malabry est la seule \u00e0 ne pas respecter la parit\u00e9. Et sept des huit conseillers d\u2019opposition \u00e9lus sur l\u2019ensemble du territoire sont des hommes.<\/p>\n\n\n\n<h2 class=\"wp-block-heading\">VSGP dans la Gazette<\/h2>\n\n\n\n<p>La Gazette a consacr\u00e9 d\u2019autres articles \u00e0 VSGP&nbsp;:<\/p>\n\n\n\n<ul class=\"wp-block-list\"><li><a rel=\"noreferrer noopener\" href=\"https:\/\/sceaux-lagazette.fr\/index.php\/2023\/01\/11\/plan-climat-vallee-sud-entretien-avec-jacqueline-belhomme\/\" target=\"_blank\">Plan climat Vall\u00e9e Sud : entretien avec Jacqueline Belhomme<\/a><\/li><li><a rel=\"noreferrer noopener\" href=\"https:\/\/sceaux-lagazette.fr\/index.php\/2022\/11\/10\/comment-se-loge-t-on-sur-notre-territoire\/\" target=\"_blank\">Comment se loge-t-on sur notre territoire ?<\/a><\/li><li><a rel=\"noreferrer noopener\" href=\"https:\/\/sceaux-lagazette.fr\/index.php\/2022\/06\/01\/rencontres-de-lalternance\/\" target=\"_blank\">Rencontres de l\u2019alternance<\/a><\/li><li><a rel=\"noreferrer noopener\" href=\"https:\/\/sceaux-lagazette.fr\/index.php\/2022\/02\/07\/remarques-sur-laction-de-vallee-sud-emploi\/\" target=\"_blank\">Remarques sur l\u2019action de Vall\u00e9e Sud emploi<\/a><\/li><li><a rel=\"noreferrer noopener\" href=\"https:\/\/sceaux-lagazette.fr\/index.php\/2022\/02\/01\/vallee-sud-emploi\/\" target=\"_blank\">Vall\u00e9e Sud Emploi<\/a><\/li><li><a rel=\"noreferrer noopener\" href=\"https:\/\/sceaux-lagazette.fr\/index.php\/2022\/01\/14\/a-propos-du-projet-de-plan-climat-du-territoire-vsgp\/\" target=\"_blank\">A propos du projet de plan Climat du territoire VSGP<\/a><\/li><li><a rel=\"noreferrer noopener\" href=\"https:\/\/sceaux-lagazette.fr\/index.php\/2021\/12\/10\/parler-du-territoire-un-jour-de-pluie\/\" target=\"_blank\">Parler du territoire, un jour de pluie<\/a><\/li><li><a href=\"https:\/\/sceaux-lagazette.fr\/index.php\/2021\/12\/09\/plan-climat-on-demande-votre-avis\/\" target=\"_blank\" rel=\"noreferrer noopener\">Plan climat : on demande votre avis<\/a><\/li><li><a href=\"https:\/\/sceaux-lagazette.fr\/index.php\/2020\/11\/12\/mobilite-choix-delicats-en-perspective\/\" target=\"_blank\" rel=\"noreferrer noopener\">Mobilit\u00e9 : choix d\u00e9licats en perspective<\/a><\/li><li><a href=\"https:\/\/sceaux-lagazette.fr\/index.php\/2020\/06\/09\/une-election-peut-en-cacher-une-autre\/\">Une \u00e9lection peut en cacher une autre<\/a><\/li><\/ul>\n\n\n\n<p><\/p>\n","protected":false},"excerpt":{"rendered":"<p>Le conseil de territoire VSGP se tenait \u00e0 Sceaux le 26 janvier 2023. Il a trait\u00e9 les 17 points de l\u2019ordre du jour en une heure. Officiellement convoqu\u00e9 \u00e0 18 h 30, il \u00e9tait en effet termin\u00e9 \u00e0 19h 35. L\u2019ordre du jour comprenait pourtant le vote du budget, sujet&#8230;<\/p>\n","protected":false},"author":11,"featured_media":2765,"comment_status":"open","ping_status":"open","sticky":false,"template":"","format":"standard","meta":{"om_disable_all_campaigns":false,"_monsterinsights_skip_tracking":false,"_monsterinsights_sitenote_active":false,"_monsterinsights_sitenote_note":"","_monsterinsights_sitenote_category":0,"_uf_show_specific_survey":0,"_uf_disable_surveys":false,"footnotes":""},"categories":[53,246],"tags":[],"class_list":["post-8765","post","type-post","status-publish","format-standard","has-post-thumbnail","hentry","category-analyses","category-vie-publique","entry","simple"],"yoast_head":"<!-- This site is optimized with the Yoast SEO plugin v25.6 - https:\/\/yoast.com\/wordpress\/plugins\/seo\/ -->\n<title>Conseil de territoire \u00e0 Sceaux - La Gazette<\/title>\n<meta name=\"robots\" content=\"index, follow, max-snippet:-1, max-image-preview:large, max-video-preview:-1\" \/>\n<link rel=\"canonical\" href=\"https:\/\/sceaux-lagazette.fr\/index.php\/2023\/02\/01\/conseil-de-territoire-a-sceaux\/\" \/>\n<meta property=\"og:locale\" content=\"fr_FR\" \/>\n<meta property=\"og:type\" content=\"article\" \/>\n<meta property=\"og:title\" content=\"Conseil de territoire \u00e0 Sceaux - La Gazette\" \/>\n<meta property=\"og:description\" content=\"Le conseil de territoire VSGP se tenait \u00e0 Sceaux le 26 janvier 2023. Il a trait\u00e9 les 17 points de l\u2019ordre du jour en une heure. Officiellement convoqu\u00e9 \u00e0 18 h 30, il \u00e9tait en effet termin\u00e9 \u00e0 19h 35. L\u2019ordre du jour comprenait pourtant le vote du budget, sujet&#8230;\" \/>\n<meta property=\"og:url\" content=\"https:\/\/sceaux-lagazette.fr\/index.php\/2023\/02\/01\/conseil-de-territoire-a-sceaux\/\" \/>\n<meta property=\"og:site_name\" content=\"La Gazette\" \/>\n<meta property=\"article:published_time\" content=\"2023-02-01T07:58:19+00:00\" \/>\n<meta property=\"article:modified_time\" content=\"2023-02-01T07:58:21+00:00\" \/>\n<meta property=\"og:image\" content=\"https:\/\/sceaux-lagazette.fr\/wp-content\/uploads\/2020\/12\/VSGP.png\" \/>\n\t<meta property=\"og:image:width\" content=\"492\" \/>\n\t<meta property=\"og:image:height\" content=\"538\" \/>\n\t<meta property=\"og:image:type\" content=\"image\/png\" \/>\n<meta name=\"author\" content=\"G\u00e9rard Bardier\" \/>\n<meta name=\"twitter:card\" content=\"summary_large_image\" \/>\n<meta name=\"twitter:label1\" content=\"\u00c9crit par\" \/>\n\t<meta name=\"twitter:data1\" content=\"G\u00e9rard Bardier\" \/>\n\t<meta name=\"twitter:label2\" content=\"Dur\u00e9e de lecture estim\u00e9e\" \/>\n\t<meta name=\"twitter:data2\" content=\"5 minutes\" \/>\n<script type=\"application\/ld+json\" class=\"yoast-schema-graph\">{\"@context\":\"https:\/\/schema.org\",\"@graph\":[{\"@type\":\"Article\",\"@id\":\"https:\/\/sceaux-lagazette.fr\/index.php\/2023\/02\/01\/conseil-de-territoire-a-sceaux\/#article\",\"isPartOf\":{\"@id\":\"https:\/\/sceaux-lagazette.fr\/index.php\/2023\/02\/01\/conseil-de-territoire-a-sceaux\/\"},\"author\":{\"name\":\"G\u00e9rard Bardier\",\"@id\":\"https:\/\/sceaux-lagazette.fr\/#\/schema\/person\/5650e206a121f68c6f5e76379bccfbc4\"},\"headline\":\"Conseil de territoire \u00e0 Sceaux\",\"datePublished\":\"2023-02-01T07:58:19+00:00\",\"dateModified\":\"2023-02-01T07:58:21+00:00\",\"mainEntityOfPage\":{\"@id\":\"https:\/\/sceaux-lagazette.fr\/index.php\/2023\/02\/01\/conseil-de-territoire-a-sceaux\/\"},\"wordCount\":1107,\"commentCount\":3,\"publisher\":{\"@id\":\"https:\/\/sceaux-lagazette.fr\/#organization\"},\"image\":{\"@id\":\"https:\/\/sceaux-lagazette.fr\/index.php\/2023\/02\/01\/conseil-de-territoire-a-sceaux\/#primaryimage\"},\"thumbnailUrl\":\"https:\/\/sceaux-lagazette.fr\/wp-content\/uploads\/2020\/12\/VSGP.png\",\"articleSection\":[\"Analyses\",\"Vie publique\"],\"inLanguage\":\"fr-FR\",\"potentialAction\":[{\"@type\":\"CommentAction\",\"name\":\"Comment\",\"target\":[\"https:\/\/sceaux-lagazette.fr\/index.php\/2023\/02\/01\/conseil-de-territoire-a-sceaux\/#respond\"]}]},{\"@type\":\"WebPage\",\"@id\":\"https:\/\/sceaux-lagazette.fr\/index.php\/2023\/02\/01\/conseil-de-territoire-a-sceaux\/\",\"url\":\"https:\/\/sceaux-lagazette.fr\/index.php\/2023\/02\/01\/conseil-de-territoire-a-sceaux\/\",\"name\":\"Conseil de territoire \u00e0 Sceaux - La Gazette\",\"isPartOf\":{\"@id\":\"https:\/\/sceaux-lagazette.fr\/#website\"},\"primaryImageOfPage\":{\"@id\":\"https:\/\/sceaux-lagazette.fr\/index.php\/2023\/02\/01\/conseil-de-territoire-a-sceaux\/#primaryimage\"},\"image\":{\"@id\":\"https:\/\/sceaux-lagazette.fr\/index.php\/2023\/02\/01\/conseil-de-territoire-a-sceaux\/#primaryimage\"},\"thumbnailUrl\":\"https:\/\/sceaux-lagazette.fr\/wp-content\/uploads\/2020\/12\/VSGP.png\",\"datePublished\":\"2023-02-01T07:58:19+00:00\",\"dateModified\":\"2023-02-01T07:58:21+00:00\",\"breadcrumb\":{\"@id\":\"https:\/\/sceaux-lagazette.fr\/index.php\/2023\/02\/01\/conseil-de-territoire-a-sceaux\/#breadcrumb\"},\"inLanguage\":\"fr-FR\",\"potentialAction\":[{\"@type\":\"ReadAction\",\"target\":[\"https:\/\/sceaux-lagazette.fr\/index.php\/2023\/02\/01\/conseil-de-territoire-a-sceaux\/\"]}]},{\"@type\":\"ImageObject\",\"inLanguage\":\"fr-FR\",\"@id\":\"https:\/\/sceaux-lagazette.fr\/index.php\/2023\/02\/01\/conseil-de-territoire-a-sceaux\/#primaryimage\",\"url\":\"https:\/\/sceaux-lagazette.fr\/wp-content\/uploads\/2020\/12\/VSGP.png\",\"contentUrl\":\"https:\/\/sceaux-lagazette.fr\/wp-content\/uploads\/2020\/12\/VSGP.png\",\"width\":492,\"height\":538},{\"@type\":\"BreadcrumbList\",\"@id\":\"https:\/\/sceaux-lagazette.fr\/index.php\/2023\/02\/01\/conseil-de-territoire-a-sceaux\/#breadcrumb\",\"itemListElement\":[{\"@type\":\"ListItem\",\"position\":1,\"name\":\"Accueil\",\"item\":\"https:\/\/sceaux-lagazette.fr\/\"},{\"@type\":\"ListItem\",\"position\":2,\"name\":\"Conseil de territoire \u00e0 Sceaux\"}]},{\"@type\":\"WebSite\",\"@id\":\"https:\/\/sceaux-lagazette.fr\/#website\",\"url\":\"https:\/\/sceaux-lagazette.fr\/\",\"name\":\"La Gazette\",\"description\":\"Bourg-la-Reine, Ch\u00e2tenay, Fontenay, Sceaux\",\"publisher\":{\"@id\":\"https:\/\/sceaux-lagazette.fr\/#organization\"},\"potentialAction\":[{\"@type\":\"SearchAction\",\"target\":{\"@type\":\"EntryPoint\",\"urlTemplate\":\"https:\/\/sceaux-lagazette.fr\/?s={search_term_string}\"},\"query-input\":{\"@type\":\"PropertyValueSpecification\",\"valueRequired\":true,\"valueName\":\"search_term_string\"}}],\"inLanguage\":\"fr-FR\"},{\"@type\":\"Organization\",\"@id\":\"https:\/\/sceaux-lagazette.fr\/#organization\",\"name\":\"La Gazette\",\"url\":\"https:\/\/sceaux-lagazette.fr\/\",\"logo\":{\"@type\":\"ImageObject\",\"inLanguage\":\"fr-FR\",\"@id\":\"https:\/\/sceaux-lagazette.fr\/#\/schema\/logo\/image\/\",\"url\":\"https:\/\/sceaux-lagazette.fr\/wp-content\/uploads\/2025\/08\/Logo-Gazette-Aout-2025-V3.jpg\",\"contentUrl\":\"https:\/\/sceaux-lagazette.fr\/wp-content\/uploads\/2025\/08\/Logo-Gazette-Aout-2025-V3.jpg\",\"width\":525,\"height\":130,\"caption\":\"La Gazette\"},\"image\":{\"@id\":\"https:\/\/sceaux-lagazette.fr\/#\/schema\/logo\/image\/\"}},{\"@type\":\"Person\",\"@id\":\"https:\/\/sceaux-lagazette.fr\/#\/schema\/person\/5650e206a121f68c6f5e76379bccfbc4\",\"name\":\"G\u00e9rard Bardier\",\"image\":{\"@type\":\"ImageObject\",\"inLanguage\":\"fr-FR\",\"@id\":\"https:\/\/sceaux-lagazette.fr\/#\/schema\/person\/image\/\",\"url\":\"https:\/\/secure.gravatar.com\/avatar\/5cf4391ef9dbc0367750202561279a29?s=96&r=g\",\"contentUrl\":\"https:\/\/secure.gravatar.com\/avatar\/5cf4391ef9dbc0367750202561279a29?s=96&r=g\",\"caption\":\"G\u00e9rard Bardier\"},\"url\":\"https:\/\/sceaux-lagazette.fr\/index.php\/author\/gb\/\"}]}<\/script>\n<!-- \/ Yoast SEO plugin. -->","yoast_head_json":{"title":"Conseil de territoire \u00e0 Sceaux - La Gazette","robots":{"index":"index","follow":"follow","max-snippet":"max-snippet:-1","max-image-preview":"max-image-preview:large","max-video-preview":"max-video-preview:-1"},"canonical":"https:\/\/sceaux-lagazette.fr\/index.php\/2023\/02\/01\/conseil-de-territoire-a-sceaux\/","og_locale":"fr_FR","og_type":"article","og_title":"Conseil de territoire \u00e0 Sceaux - La Gazette","og_description":"Le conseil de territoire VSGP se tenait \u00e0 Sceaux le 26 janvier 2023. Il a trait\u00e9 les 17 points de l\u2019ordre du jour en une heure. Officiellement convoqu\u00e9 \u00e0 18 h 30, il \u00e9tait en effet termin\u00e9 \u00e0 19h 35. L\u2019ordre du jour comprenait pourtant le vote du budget, sujet&#8230;","og_url":"https:\/\/sceaux-lagazette.fr\/index.php\/2023\/02\/01\/conseil-de-territoire-a-sceaux\/","og_site_name":"La Gazette","article_published_time":"2023-02-01T07:58:19+00:00","article_modified_time":"2023-02-01T07:58:21+00:00","og_image":[{"width":492,"height":538,"url":"https:\/\/sceaux-lagazette.fr\/wp-content\/uploads\/2020\/12\/VSGP.png","type":"image\/png"}],"author":"G\u00e9rard Bardier","twitter_card":"summary_large_image","twitter_misc":{"\u00c9crit par":"G\u00e9rard Bardier","Dur\u00e9e de lecture estim\u00e9e":"5 minutes"},"schema":{"@context":"https:\/\/schema.org","@graph":[{"@type":"Article","@id":"https:\/\/sceaux-lagazette.fr\/index.php\/2023\/02\/01\/conseil-de-territoire-a-sceaux\/#article","isPartOf":{"@id":"https:\/\/sceaux-lagazette.fr\/index.php\/2023\/02\/01\/conseil-de-territoire-a-sceaux\/"},"author":{"name":"G\u00e9rard Bardier","@id":"https:\/\/sceaux-lagazette.fr\/#\/schema\/person\/5650e206a121f68c6f5e76379bccfbc4"},"headline":"Conseil de territoire \u00e0 Sceaux","datePublished":"2023-02-01T07:58:19+00:00","dateModified":"2023-02-01T07:58:21+00:00","mainEntityOfPage":{"@id":"https:\/\/sceaux-lagazette.fr\/index.php\/2023\/02\/01\/conseil-de-territoire-a-sceaux\/"},"wordCount":1107,"commentCount":3,"publisher":{"@id":"https:\/\/sceaux-lagazette.fr\/#organization"},"image":{"@id":"https:\/\/sceaux-lagazette.fr\/index.php\/2023\/02\/01\/conseil-de-territoire-a-sceaux\/#primaryimage"},"thumbnailUrl":"https:\/\/sceaux-lagazette.fr\/wp-content\/uploads\/2020\/12\/VSGP.png","articleSection":["Analyses","Vie publique"],"inLanguage":"fr-FR","potentialAction":[{"@type":"CommentAction","name":"Comment","target":["https:\/\/sceaux-lagazette.fr\/index.php\/2023\/02\/01\/conseil-de-territoire-a-sceaux\/#respond"]}]},{"@type":"WebPage","@id":"https:\/\/sceaux-lagazette.fr\/index.php\/2023\/02\/01\/conseil-de-territoire-a-sceaux\/","url":"https:\/\/sceaux-lagazette.fr\/index.php\/2023\/02\/01\/conseil-de-territoire-a-sceaux\/","name":"Conseil de territoire \u00e0 Sceaux - La Gazette","isPartOf":{"@id":"https:\/\/sceaux-lagazette.fr\/#website"},"primaryImageOfPage":{"@id":"https:\/\/sceaux-lagazette.fr\/index.php\/2023\/02\/01\/conseil-de-territoire-a-sceaux\/#primaryimage"},"image":{"@id":"https:\/\/sceaux-lagazette.fr\/index.php\/2023\/02\/01\/conseil-de-territoire-a-sceaux\/#primaryimage"},"thumbnailUrl":"https:\/\/sceaux-lagazette.fr\/wp-content\/uploads\/2020\/12\/VSGP.png","datePublished":"2023-02-01T07:58:19+00:00","dateModified":"2023-02-01T07:58:21+00:00","breadcrumb":{"@id":"https:\/\/sceaux-lagazette.fr\/index.php\/2023\/02\/01\/conseil-de-territoire-a-sceaux\/#breadcrumb"},"inLanguage":"fr-FR","potentialAction":[{"@type":"ReadAction","target":["https:\/\/sceaux-lagazette.fr\/index.php\/2023\/02\/01\/conseil-de-territoire-a-sceaux\/"]}]},{"@type":"ImageObject","inLanguage":"fr-FR","@id":"https:\/\/sceaux-lagazette.fr\/index.php\/2023\/02\/01\/conseil-de-territoire-a-sceaux\/#primaryimage","url":"https:\/\/sceaux-lagazette.fr\/wp-content\/uploads\/2020\/12\/VSGP.png","contentUrl":"https:\/\/sceaux-lagazette.fr\/wp-content\/uploads\/2020\/12\/VSGP.png","width":492,"height":538},{"@type":"BreadcrumbList","@id":"https:\/\/sceaux-lagazette.fr\/index.php\/2023\/02\/01\/conseil-de-territoire-a-sceaux\/#breadcrumb","itemListElement":[{"@type":"ListItem","position":1,"name":"Accueil","item":"https:\/\/sceaux-lagazette.fr\/"},{"@type":"ListItem","position":2,"name":"Conseil de territoire \u00e0 Sceaux"}]},{"@type":"WebSite","@id":"https:\/\/sceaux-lagazette.fr\/#website","url":"https:\/\/sceaux-lagazette.fr\/","name":"La Gazette","description":"Bourg-la-Reine, Ch\u00e2tenay, Fontenay, Sceaux","publisher":{"@id":"https:\/\/sceaux-lagazette.fr\/#organization"},"potentialAction":[{"@type":"SearchAction","target":{"@type":"EntryPoint","urlTemplate":"https:\/\/sceaux-lagazette.fr\/?s={search_term_string}"},"query-input":{"@type":"PropertyValueSpecification","valueRequired":true,"valueName":"search_term_string"}}],"inLanguage":"fr-FR"},{"@type":"Organization","@id":"https:\/\/sceaux-lagazette.fr\/#organization","name":"La Gazette","url":"https:\/\/sceaux-lagazette.fr\/","logo":{"@type":"ImageObject","inLanguage":"fr-FR","@id":"https:\/\/sceaux-lagazette.fr\/#\/schema\/logo\/image\/","url":"https:\/\/sceaux-lagazette.fr\/wp-content\/uploads\/2025\/08\/Logo-Gazette-Aout-2025-V3.jpg","contentUrl":"https:\/\/sceaux-lagazette.fr\/wp-content\/uploads\/2025\/08\/Logo-Gazette-Aout-2025-V3.jpg","width":525,"height":130,"caption":"La Gazette"},"image":{"@id":"https:\/\/sceaux-lagazette.fr\/#\/schema\/logo\/image\/"}},{"@type":"Person","@id":"https:\/\/sceaux-lagazette.fr\/#\/schema\/person\/5650e206a121f68c6f5e76379bccfbc4","name":"G\u00e9rard Bardier","image":{"@type":"ImageObject","inLanguage":"fr-FR","@id":"https:\/\/sceaux-lagazette.fr\/#\/schema\/person\/image\/","url":"https:\/\/secure.gravatar.com\/avatar\/5cf4391ef9dbc0367750202561279a29?s=96&r=g","contentUrl":"https:\/\/secure.gravatar.com\/avatar\/5cf4391ef9dbc0367750202561279a29?s=96&r=g","caption":"G\u00e9rard Bardier"},"url":"https:\/\/sceaux-lagazette.fr\/index.php\/author\/gb\/"}]}},"cc_featured_image_caption":{"caption_text":"","source_text":"","source_url":""},"_links":{"self":[{"href":"https:\/\/sceaux-lagazette.fr\/index.php\/wp-json\/wp\/v2\/posts\/8765"}],"collection":[{"href":"https:\/\/sceaux-lagazette.fr\/index.php\/wp-json\/wp\/v2\/posts"}],"about":[{"href":"https:\/\/sceaux-lagazette.fr\/index.php\/wp-json\/wp\/v2\/types\/post"}],"author":[{"embeddable":true,"href":"https:\/\/sceaux-lagazette.fr\/index.php\/wp-json\/wp\/v2\/users\/11"}],"replies":[{"embeddable":true,"href":"https:\/\/sceaux-lagazette.fr\/index.php\/wp-json\/wp\/v2\/comments?post=8765"}],"version-history":[{"count":6,"href":"https:\/\/sceaux-lagazette.fr\/index.php\/wp-json\/wp\/v2\/posts\/8765\/revisions"}],"predecessor-version":[{"id":8787,"href":"https:\/\/sceaux-lagazette.fr\/index.php\/wp-json\/wp\/v2\/posts\/8765\/revisions\/8787"}],"wp:featuredmedia":[{"embeddable":true,"href":"https:\/\/sceaux-lagazette.fr\/index.php\/wp-json\/wp\/v2\/media\/2765"}],"wp:attachment":[{"href":"https:\/\/sceaux-lagazette.fr\/index.php\/wp-json\/wp\/v2\/media?parent=8765"}],"wp:term":[{"taxonomy":"category","embeddable":true,"href":"https:\/\/sceaux-lagazette.fr\/index.php\/wp-json\/wp\/v2\/categories?post=8765"},{"taxonomy":"post_tag","embeddable":true,"href":"https:\/\/sceaux-lagazette.fr\/index.php\/wp-json\/wp\/v2\/tags?post=8765"}],"curies":[{"name":"wp","href":"https:\/\/api.w.org\/{rel}","templated":true}]}}