{"id":8745,"date":"2023-01-28T09:32:19","date_gmt":"2023-01-28T08:32:19","guid":{"rendered":"https:\/\/sceaux-lagazette.fr\/?p=8745"},"modified":"2023-01-28T11:31:47","modified_gmt":"2023-01-28T10:31:47","slug":"vieux-portraits-et-sono-pop","status":"publish","type":"post","link":"https:\/\/sceaux-lagazette.fr\/index.php\/2023\/01\/28\/vieux-portraits-et-sono-pop\/","title":{"rendered":"Vieux portraits et sono pop"},"content":{"rendered":"\n<p>Faire chanter de vieilles figures, la Joconde, Van Gogh, Marat ou Marilyn? C&rsquo;est possible. Rien n&rsquo;\u00e9chappe aux effets sp\u00e9ciaux et au au calcul des ordinateurs. La preuve en cliquant sur l&rsquo;image. <\/p>\n\n\n\n<p>Relev\u00e9 sur Youtube.<\/p>\n\n\n\n<figure class=\"wp-block-image size-large\"><a href=\"https:\/\/www.youtube.com\/shorts\/gETvWi9ua-U\" target=\"_blank\" rel=\"noopener noreferrer\"><img decoding=\"async\" width=\"1024\" height=\"610\" src=\"https:\/\/sceaux-lagazette.fr\/wp-content\/uploads\/2023\/01\/Van-Gogh-1024x610.jpg\" alt=\"\" class=\"wp-image-8758\" srcset=\"https:\/\/sceaux-lagazette.fr\/wp-content\/uploads\/2023\/01\/Van-Gogh-1024x610.jpg 1024w, https:\/\/sceaux-lagazette.fr\/wp-content\/uploads\/2023\/01\/Van-Gogh-300x179.jpg 300w, https:\/\/sceaux-lagazette.fr\/wp-content\/uploads\/2023\/01\/Van-Gogh-768x457.jpg 768w, https:\/\/sceaux-lagazette.fr\/wp-content\/uploads\/2023\/01\/Van-Gogh-1536x915.jpg 1536w, https:\/\/sceaux-lagazette.fr\/wp-content\/uploads\/2023\/01\/Van-Gogh.jpg 1605w\" sizes=\"(max-width: 1024px) 100vw, 1024px\" \/><\/a><\/figure>\n","protected":false},"excerpt":{"rendered":"<p>Faire chanter de vieilles figures, la Joconde, Van Gogh, Marat ou Marilyn? C&rsquo;est possible. Rien n&rsquo;\u00e9chappe aux effets sp\u00e9ciaux et au au calcul des ordinateurs. La preuve en cliquant sur l&rsquo;image. Relev\u00e9 sur Youtube.<\/p>\n","protected":false},"author":6,"featured_media":8750,"comment_status":"open","ping_status":"open","sticky":false,"template":"","format":"standard","meta":{"om_disable_all_campaigns":false,"_monsterinsights_skip_tracking":false,"_monsterinsights_sitenote_active":false,"_monsterinsights_sitenote_note":"","_monsterinsights_sitenote_category":0,"_uf_show_specific_survey":0,"_uf_disable_surveys":false,"footnotes":""},"categories":[3],"tags":[],"class_list":["post-8745","post","type-post","status-publish","format-standard","has-post-thumbnail","hentry","category-futiles","entry","simple"],"yoast_head":"<!-- This site is optimized with the Yoast SEO plugin v25.6 - https:\/\/yoast.com\/wordpress\/plugins\/seo\/ -->\n<title>Vieux portraits et sono pop - La Gazette<\/title>\n<meta name=\"robots\" content=\"index, follow, max-snippet:-1, max-image-preview:large, max-video-preview:-1\" \/>\n<link rel=\"canonical\" href=\"https:\/\/sceaux-lagazette.fr\/index.php\/2023\/01\/28\/vieux-portraits-et-sono-pop\/\" \/>\n<meta property=\"og:locale\" content=\"fr_FR\" \/>\n<meta property=\"og:type\" content=\"article\" \/>\n<meta property=\"og:title\" content=\"Vieux portraits et sono pop - La Gazette\" \/>\n<meta property=\"og:description\" content=\"Faire chanter de vieilles figures, la Joconde, Van Gogh, Marat ou Marilyn? C&rsquo;est possible. Rien n&rsquo;\u00e9chappe aux effets sp\u00e9ciaux et au au calcul des ordinateurs. La preuve en cliquant sur l&rsquo;image. Relev\u00e9 sur Youtube.\" \/>\n<meta property=\"og:url\" content=\"https:\/\/sceaux-lagazette.fr\/index.php\/2023\/01\/28\/vieux-portraits-et-sono-pop\/\" \/>\n<meta property=\"og:site_name\" content=\"La Gazette\" \/>\n<meta property=\"article:published_time\" content=\"2023-01-28T08:32:19+00:00\" \/>\n<meta property=\"article:modified_time\" content=\"2023-01-28T10:31:47+00:00\" \/>\n<meta property=\"og:image\" content=\"https:\/\/sceaux-lagazette.fr\/wp-content\/uploads\/2023\/01\/Joconde-en-chantant.jpg\" \/>\n\t<meta property=\"og:image:width\" content=\"432\" \/>\n\t<meta property=\"og:image:height\" content=\"284\" \/>\n\t<meta property=\"og:image:type\" content=\"image\/jpeg\" \/>\n<meta name=\"author\" content=\"Maurice Zytnicki\" \/>\n<meta name=\"twitter:card\" content=\"summary_large_image\" \/>\n<meta name=\"twitter:label1\" content=\"\u00c9crit par\" \/>\n\t<meta name=\"twitter:data1\" content=\"Maurice Zytnicki\" \/>\n<script type=\"application\/ld+json\" class=\"yoast-schema-graph\">{\"@context\":\"https:\/\/schema.org\",\"@graph\":[{\"@type\":\"Article\",\"@id\":\"https:\/\/sceaux-lagazette.fr\/index.php\/2023\/01\/28\/vieux-portraits-et-sono-pop\/#article\",\"isPartOf\":{\"@id\":\"https:\/\/sceaux-lagazette.fr\/index.php\/2023\/01\/28\/vieux-portraits-et-sono-pop\/\"},\"author\":{\"name\":\"Maurice Zytnicki\",\"@id\":\"https:\/\/sceaux-lagazette.fr\/#\/schema\/person\/060ab8fc058c4220d9079707a58da9f1\"},\"headline\":\"Vieux portraits et sono pop\",\"datePublished\":\"2023-01-28T08:32:19+00:00\",\"dateModified\":\"2023-01-28T10:31:47+00:00\",\"mainEntityOfPage\":{\"@id\":\"https:\/\/sceaux-lagazette.fr\/index.php\/2023\/01\/28\/vieux-portraits-et-sono-pop\/\"},\"wordCount\":43,\"commentCount\":0,\"publisher\":{\"@id\":\"https:\/\/sceaux-lagazette.fr\/#organization\"},\"image\":{\"@id\":\"https:\/\/sceaux-lagazette.fr\/index.php\/2023\/01\/28\/vieux-portraits-et-sono-pop\/#primaryimage\"},\"thumbnailUrl\":\"https:\/\/sceaux-lagazette.fr\/wp-content\/uploads\/2023\/01\/Joconde-en-chantant.jpg\",\"articleSection\":[\"Futiles\"],\"inLanguage\":\"fr-FR\",\"potentialAction\":[{\"@type\":\"CommentAction\",\"name\":\"Comment\",\"target\":[\"https:\/\/sceaux-lagazette.fr\/index.php\/2023\/01\/28\/vieux-portraits-et-sono-pop\/#respond\"]}]},{\"@type\":\"WebPage\",\"@id\":\"https:\/\/sceaux-lagazette.fr\/index.php\/2023\/01\/28\/vieux-portraits-et-sono-pop\/\",\"url\":\"https:\/\/sceaux-lagazette.fr\/index.php\/2023\/01\/28\/vieux-portraits-et-sono-pop\/\",\"name\":\"Vieux portraits et sono pop - La Gazette\",\"isPartOf\":{\"@id\":\"https:\/\/sceaux-lagazette.fr\/#website\"},\"primaryImageOfPage\":{\"@id\":\"https:\/\/sceaux-lagazette.fr\/index.php\/2023\/01\/28\/vieux-portraits-et-sono-pop\/#primaryimage\"},\"image\":{\"@id\":\"https:\/\/sceaux-lagazette.fr\/index.php\/2023\/01\/28\/vieux-portraits-et-sono-pop\/#primaryimage\"},\"thumbnailUrl\":\"https:\/\/sceaux-lagazette.fr\/wp-content\/uploads\/2023\/01\/Joconde-en-chantant.jpg\",\"datePublished\":\"2023-01-28T08:32:19+00:00\",\"dateModified\":\"2023-01-28T10:31:47+00:00\",\"breadcrumb\":{\"@id\":\"https:\/\/sceaux-lagazette.fr\/index.php\/2023\/01\/28\/vieux-portraits-et-sono-pop\/#breadcrumb\"},\"inLanguage\":\"fr-FR\",\"potentialAction\":[{\"@type\":\"ReadAction\",\"target\":[\"https:\/\/sceaux-lagazette.fr\/index.php\/2023\/01\/28\/vieux-portraits-et-sono-pop\/\"]}]},{\"@type\":\"ImageObject\",\"inLanguage\":\"fr-FR\",\"@id\":\"https:\/\/sceaux-lagazette.fr\/index.php\/2023\/01\/28\/vieux-portraits-et-sono-pop\/#primaryimage\",\"url\":\"https:\/\/sceaux-lagazette.fr\/wp-content\/uploads\/2023\/01\/Joconde-en-chantant.jpg\",\"contentUrl\":\"https:\/\/sceaux-lagazette.fr\/wp-content\/uploads\/2023\/01\/Joconde-en-chantant.jpg\",\"width\":432,\"height\":284},{\"@type\":\"BreadcrumbList\",\"@id\":\"https:\/\/sceaux-lagazette.fr\/index.php\/2023\/01\/28\/vieux-portraits-et-sono-pop\/#breadcrumb\",\"itemListElement\":[{\"@type\":\"ListItem\",\"position\":1,\"name\":\"Accueil\",\"item\":\"https:\/\/sceaux-lagazette.fr\/\"},{\"@type\":\"ListItem\",\"position\":2,\"name\":\"Vieux portraits et sono pop\"}]},{\"@type\":\"WebSite\",\"@id\":\"https:\/\/sceaux-lagazette.fr\/#website\",\"url\":\"https:\/\/sceaux-lagazette.fr\/\",\"name\":\"La Gazette\",\"description\":\"Bourg-la-Reine, Ch\u00e2tenay, Fontenay, Sceaux\",\"publisher\":{\"@id\":\"https:\/\/sceaux-lagazette.fr\/#organization\"},\"potentialAction\":[{\"@type\":\"SearchAction\",\"target\":{\"@type\":\"EntryPoint\",\"urlTemplate\":\"https:\/\/sceaux-lagazette.fr\/?s={search_term_string}\"},\"query-input\":{\"@type\":\"PropertyValueSpecification\",\"valueRequired\":true,\"valueName\":\"search_term_string\"}}],\"inLanguage\":\"fr-FR\"},{\"@type\":\"Organization\",\"@id\":\"https:\/\/sceaux-lagazette.fr\/#organization\",\"name\":\"La Gazette\",\"url\":\"https:\/\/sceaux-lagazette.fr\/\",\"logo\":{\"@type\":\"ImageObject\",\"inLanguage\":\"fr-FR\",\"@id\":\"https:\/\/sceaux-lagazette.fr\/#\/schema\/logo\/image\/\",\"url\":\"https:\/\/sceaux-lagazette.fr\/wp-content\/uploads\/2025\/08\/Logo-Gazette-Aout-2025-V3.jpg\",\"contentUrl\":\"https:\/\/sceaux-lagazette.fr\/wp-content\/uploads\/2025\/08\/Logo-Gazette-Aout-2025-V3.jpg\",\"width\":525,\"height\":130,\"caption\":\"La Gazette\"},\"image\":{\"@id\":\"https:\/\/sceaux-lagazette.fr\/#\/schema\/logo\/image\/\"}},{\"@type\":\"Person\",\"@id\":\"https:\/\/sceaux-lagazette.fr\/#\/schema\/person\/060ab8fc058c4220d9079707a58da9f1\",\"name\":\"Maurice Zytnicki\",\"image\":{\"@type\":\"ImageObject\",\"inLanguage\":\"fr-FR\",\"@id\":\"https:\/\/sceaux-lagazette.fr\/#\/schema\/person\/image\/\",\"url\":\"https:\/\/secure.gravatar.com\/avatar\/d94d30d6fa0e9cb7af48a89366fc0cdb?s=96&r=g\",\"contentUrl\":\"https:\/\/secure.gravatar.com\/avatar\/d94d30d6fa0e9cb7af48a89366fc0cdb?s=96&r=g\",\"caption\":\"Maurice Zytnicki\"},\"url\":\"https:\/\/sceaux-lagazette.fr\/index.php\/author\/maurice\/\"}]}<\/script>\n<!-- \/ Yoast SEO plugin. -->","yoast_head_json":{"title":"Vieux portraits et sono pop - La Gazette","robots":{"index":"index","follow":"follow","max-snippet":"max-snippet:-1","max-image-preview":"max-image-preview:large","max-video-preview":"max-video-preview:-1"},"canonical":"https:\/\/sceaux-lagazette.fr\/index.php\/2023\/01\/28\/vieux-portraits-et-sono-pop\/","og_locale":"fr_FR","og_type":"article","og_title":"Vieux portraits et sono pop - La Gazette","og_description":"Faire chanter de vieilles figures, la Joconde, Van Gogh, Marat ou Marilyn? C&rsquo;est possible. Rien n&rsquo;\u00e9chappe aux effets sp\u00e9ciaux et au au calcul des ordinateurs. La preuve en cliquant sur l&rsquo;image. Relev\u00e9 sur Youtube.","og_url":"https:\/\/sceaux-lagazette.fr\/index.php\/2023\/01\/28\/vieux-portraits-et-sono-pop\/","og_site_name":"La Gazette","article_published_time":"2023-01-28T08:32:19+00:00","article_modified_time":"2023-01-28T10:31:47+00:00","og_image":[{"width":432,"height":284,"url":"https:\/\/sceaux-lagazette.fr\/wp-content\/uploads\/2023\/01\/Joconde-en-chantant.jpg","type":"image\/jpeg"}],"author":"Maurice Zytnicki","twitter_card":"summary_large_image","twitter_misc":{"\u00c9crit par":"Maurice Zytnicki"},"schema":{"@context":"https:\/\/schema.org","@graph":[{"@type":"Article","@id":"https:\/\/sceaux-lagazette.fr\/index.php\/2023\/01\/28\/vieux-portraits-et-sono-pop\/#article","isPartOf":{"@id":"https:\/\/sceaux-lagazette.fr\/index.php\/2023\/01\/28\/vieux-portraits-et-sono-pop\/"},"author":{"name":"Maurice Zytnicki","@id":"https:\/\/sceaux-lagazette.fr\/#\/schema\/person\/060ab8fc058c4220d9079707a58da9f1"},"headline":"Vieux portraits et sono pop","datePublished":"2023-01-28T08:32:19+00:00","dateModified":"2023-01-28T10:31:47+00:00","mainEntityOfPage":{"@id":"https:\/\/sceaux-lagazette.fr\/index.php\/2023\/01\/28\/vieux-portraits-et-sono-pop\/"},"wordCount":43,"commentCount":0,"publisher":{"@id":"https:\/\/sceaux-lagazette.fr\/#organization"},"image":{"@id":"https:\/\/sceaux-lagazette.fr\/index.php\/2023\/01\/28\/vieux-portraits-et-sono-pop\/#primaryimage"},"thumbnailUrl":"https:\/\/sceaux-lagazette.fr\/wp-content\/uploads\/2023\/01\/Joconde-en-chantant.jpg","articleSection":["Futiles"],"inLanguage":"fr-FR","potentialAction":[{"@type":"CommentAction","name":"Comment","target":["https:\/\/sceaux-lagazette.fr\/index.php\/2023\/01\/28\/vieux-portraits-et-sono-pop\/#respond"]}]},{"@type":"WebPage","@id":"https:\/\/sceaux-lagazette.fr\/index.php\/2023\/01\/28\/vieux-portraits-et-sono-pop\/","url":"https:\/\/sceaux-lagazette.fr\/index.php\/2023\/01\/28\/vieux-portraits-et-sono-pop\/","name":"Vieux portraits et sono pop - La Gazette","isPartOf":{"@id":"https:\/\/sceaux-lagazette.fr\/#website"},"primaryImageOfPage":{"@id":"https:\/\/sceaux-lagazette.fr\/index.php\/2023\/01\/28\/vieux-portraits-et-sono-pop\/#primaryimage"},"image":{"@id":"https:\/\/sceaux-lagazette.fr\/index.php\/2023\/01\/28\/vieux-portraits-et-sono-pop\/#primaryimage"},"thumbnailUrl":"https:\/\/sceaux-lagazette.fr\/wp-content\/uploads\/2023\/01\/Joconde-en-chantant.jpg","datePublished":"2023-01-28T08:32:19+00:00","dateModified":"2023-01-28T10:31:47+00:00","breadcrumb":{"@id":"https:\/\/sceaux-lagazette.fr\/index.php\/2023\/01\/28\/vieux-portraits-et-sono-pop\/#breadcrumb"},"inLanguage":"fr-FR","potentialAction":[{"@type":"ReadAction","target":["https:\/\/sceaux-lagazette.fr\/index.php\/2023\/01\/28\/vieux-portraits-et-sono-pop\/"]}]},{"@type":"ImageObject","inLanguage":"fr-FR","@id":"https:\/\/sceaux-lagazette.fr\/index.php\/2023\/01\/28\/vieux-portraits-et-sono-pop\/#primaryimage","url":"https:\/\/sceaux-lagazette.fr\/wp-content\/uploads\/2023\/01\/Joconde-en-chantant.jpg","contentUrl":"https:\/\/sceaux-lagazette.fr\/wp-content\/uploads\/2023\/01\/Joconde-en-chantant.jpg","width":432,"height":284},{"@type":"BreadcrumbList","@id":"https:\/\/sceaux-lagazette.fr\/index.php\/2023\/01\/28\/vieux-portraits-et-sono-pop\/#breadcrumb","itemListElement":[{"@type":"ListItem","position":1,"name":"Accueil","item":"https:\/\/sceaux-lagazette.fr\/"},{"@type":"ListItem","position":2,"name":"Vieux portraits et sono pop"}]},{"@type":"WebSite","@id":"https:\/\/sceaux-lagazette.fr\/#website","url":"https:\/\/sceaux-lagazette.fr\/","name":"La Gazette","description":"Bourg-la-Reine, Ch\u00e2tenay, Fontenay, Sceaux","publisher":{"@id":"https:\/\/sceaux-lagazette.fr\/#organization"},"potentialAction":[{"@type":"SearchAction","target":{"@type":"EntryPoint","urlTemplate":"https:\/\/sceaux-lagazette.fr\/?s={search_term_string}"},"query-input":{"@type":"PropertyValueSpecification","valueRequired":true,"valueName":"search_term_string"}}],"inLanguage":"fr-FR"},{"@type":"Organization","@id":"https:\/\/sceaux-lagazette.fr\/#organization","name":"La Gazette","url":"https:\/\/sceaux-lagazette.fr\/","logo":{"@type":"ImageObject","inLanguage":"fr-FR","@id":"https:\/\/sceaux-lagazette.fr\/#\/schema\/logo\/image\/","url":"https:\/\/sceaux-lagazette.fr\/wp-content\/uploads\/2025\/08\/Logo-Gazette-Aout-2025-V3.jpg","contentUrl":"https:\/\/sceaux-lagazette.fr\/wp-content\/uploads\/2025\/08\/Logo-Gazette-Aout-2025-V3.jpg","width":525,"height":130,"caption":"La Gazette"},"image":{"@id":"https:\/\/sceaux-lagazette.fr\/#\/schema\/logo\/image\/"}},{"@type":"Person","@id":"https:\/\/sceaux-lagazette.fr\/#\/schema\/person\/060ab8fc058c4220d9079707a58da9f1","name":"Maurice Zytnicki","image":{"@type":"ImageObject","inLanguage":"fr-FR","@id":"https:\/\/sceaux-lagazette.fr\/#\/schema\/person\/image\/","url":"https:\/\/secure.gravatar.com\/avatar\/d94d30d6fa0e9cb7af48a89366fc0cdb?s=96&r=g","contentUrl":"https:\/\/secure.gravatar.com\/avatar\/d94d30d6fa0e9cb7af48a89366fc0cdb?s=96&r=g","caption":"Maurice Zytnicki"},"url":"https:\/\/sceaux-lagazette.fr\/index.php\/author\/maurice\/"}]}},"cc_featured_image_caption":{"caption_text":"","source_text":"","source_url":""},"_links":{"self":[{"href":"https:\/\/sceaux-lagazette.fr\/index.php\/wp-json\/wp\/v2\/posts\/8745"}],"collection":[{"href":"https:\/\/sceaux-lagazette.fr\/index.php\/wp-json\/wp\/v2\/posts"}],"about":[{"href":"https:\/\/sceaux-lagazette.fr\/index.php\/wp-json\/wp\/v2\/types\/post"}],"author":[{"embeddable":true,"href":"https:\/\/sceaux-lagazette.fr\/index.php\/wp-json\/wp\/v2\/users\/6"}],"replies":[{"embeddable":true,"href":"https:\/\/sceaux-lagazette.fr\/index.php\/wp-json\/wp\/v2\/comments?post=8745"}],"version-history":[{"count":9,"href":"https:\/\/sceaux-lagazette.fr\/index.php\/wp-json\/wp\/v2\/posts\/8745\/revisions"}],"predecessor-version":[{"id":8784,"href":"https:\/\/sceaux-lagazette.fr\/index.php\/wp-json\/wp\/v2\/posts\/8745\/revisions\/8784"}],"wp:featuredmedia":[{"embeddable":true,"href":"https:\/\/sceaux-lagazette.fr\/index.php\/wp-json\/wp\/v2\/media\/8750"}],"wp:attachment":[{"href":"https:\/\/sceaux-lagazette.fr\/index.php\/wp-json\/wp\/v2\/media?parent=8745"}],"wp:term":[{"taxonomy":"category","embeddable":true,"href":"https:\/\/sceaux-lagazette.fr\/index.php\/wp-json\/wp\/v2\/categories?post=8745"},{"taxonomy":"post_tag","embeddable":true,"href":"https:\/\/sceaux-lagazette.fr\/index.php\/wp-json\/wp\/v2\/tags?post=8745"}],"curies":[{"name":"wp","href":"https:\/\/api.w.org\/{rel}","templated":true}]}}