{"id":8704,"date":"2023-01-26T08:49:15","date_gmt":"2023-01-26T07:49:15","guid":{"rendered":"https:\/\/sceaux-lagazette.fr\/?p=8704"},"modified":"2023-01-26T08:49:16","modified_gmt":"2023-01-26T07:49:16","slug":"une-association-particulierement-dynamique-a-bourg-la-reine","status":"publish","type":"post","link":"https:\/\/sceaux-lagazette.fr\/index.php\/2023\/01\/26\/une-association-particulierement-dynamique-a-bourg-la-reine\/","title":{"rendered":"Une association particuli\u00e8rement dynamique \u00e0 Bourg-la-Reine"},"content":{"rendered":"\n<p>Fond\u00e9e en 2014, l\u2019association BLR Dynamique et Solidaire (ADS) s\u2019est donn\u00e9 comme raison d\u2019\u00eatre d\u2019agir pour l\u2019\u00e9galit\u00e9 des chances et l\u2019\u00e9galit\u00e9 homme-femme. Cela l\u2019a conduit \u00e0 lancer une s\u00e9rie d\u2019actions pratiques et \u00e0 mobiliser de nombreux b\u00e9n\u00e9voles. L\u2019association se donne aussi les moyens d\u2019action de qualit\u00e9. Elle a plus que tripl\u00e9 le nombre de ses adh\u00e9rents depuis 2016.<\/p>\n\n\n\n<h2 class=\"wp-block-heading\">Une association aux activit\u00e9s multiples<\/h2>\n\n\n\n<p>ADS agit de deux mani\u00e8res. D\u2019abord en organisant de nombreuses actions d\u2019information et de sensibilisation du public. Ensuite par du soutien adapt\u00e9 \u00e0 des personnes dans le besoin.<\/p>\n\n\n\n<p>Le <a href=\"https:\/\/sceaux-lagazette.fr\/index.php\/2022\/11\/28\/forum-des-droits-de-lhomme\/\" target=\"_blank\" rel=\"noreferrer noopener\">forum des Droits de l\u2019Homme<\/a> qui a eu lieu du 28 novembre au 10 d\u00e9cembre 2022 a \u00e9t\u00e9 l\u2019occasion pour l\u2019association de s\u2019impliquer dans l\u2019organisation g\u00e9n\u00e9rale et dans quelques \u00e9v\u00e9nements. Onze entretiens avec des migrants ont eu lieu tout le long de l\u2019ann\u00e9e. Un b\u00e9n\u00e9vole les a mis par \u00e9crit, un autre les a illustr\u00e9s. Le tout donne un petit livre de t\u00e9moignages disponible aupr\u00e8s de l\u2019association. Des sayn\u00e8tes, issues de ces entretiens ont \u00e9t\u00e9 mises en sc\u00e8ne et jou\u00e9es par la Compagnie th\u00e9\u00e2trale \u00ab La Mouette \u00bb. Celle-ci est intervenue pour illustrer une conf\u00e9rence le 8 d\u00e9cembre et deux tables rondes du 10 d\u00e9cembre 2022.<\/p>\n\n\n\n<p>\u00ab&nbsp;<em>Heureuse surprise, les com\u00e9diens ont inclus au dernier moment les migrants concern\u00e9s par les sc\u00e8nes&nbsp;: un beau moment de fiert\u00e9 pour eux quand ils ont pu nous dire ce qu\u2019ils sont devenus. Et quelle \u00e9motion aussi pour les b\u00e9n\u00e9voles qui les ont accompagn\u00e9s et pour les com\u00e9diens qui se sont rendu compte que leurs textes, parfois tr\u00e8s durs, d\u00e9crivaient une r\u00e9alit\u00e9<\/em>&nbsp;\u00bb<\/p>\n\n\n\n<p>ADS inclut dans l\u2019aide \u00e0 l\u2019insertion de nombreuses actions. Coaching professionnel et accompagnement vers l\u2019emploi. Soutien scolaire. Aide aux d\u00e9marches. Pratique du fran\u00e7ais. S\u00e9ances de bien-\u00eatre. Ateliers collectifs enfants ou adultes.<\/p>\n\n\n\n<p>Le principe g\u00e9n\u00e9ral&nbsp;: un b\u00e9n\u00e9vole accompagne une personne sur un point pr\u00e9cis. Les personnes aid\u00e9es sont adress\u00e9es \u00e0 ADS par des associations partenaires.<\/p>\n\n\n\n<h2 class=\"wp-block-heading\">Une association qui se donne les moyens de bien agir<\/h2>\n\n\n\n<p>ADS est li\u00e9 par des conventions avec<a href=\"https:\/\/ads-blr.fr\/qui-sommes-nous\/nos-partenaires\/\" target=\"_blank\" rel=\"noreferrer noopener\"> ses partenaires <\/a>(une dizaine d\u2019associations, en plus de la mairie et de la DRIEETS). Cela lui permet de laisser \u00e0 des professionnels le soin de d\u00e9finir les personnes pour qui une aide particuli\u00e8re est adapt\u00e9e.<\/p>\n\n\n\n<p>Dans le m\u00eame esprit, ADS invite syst\u00e9matiquement des experts pour ses conf\u00e9rences. &nbsp;Le 14 janvier, une conf\u00e9rence au CSCB <a href=\"https:\/\/ads-blr.fr\/event\/la-prostitution-des-mineures-conference-debat-14-janvier-2023\/\" target=\"_blank\" rel=\"noreferrer noopener\">sur la prostitution des mineurs<\/a> \u00e9tait anim\u00e9e par deux membres de l\u2019association \u00ab&nbsp;le Nid&nbsp;\u00bb et une journaliste ayant co\u00e9crit un livre sur le sujet. Lors de cette conf\u00e9rence, ADS a organis\u00e9 une garderie d\u2019enfants pour que les parents puissent venir. Cette solution avait fait ses preuves lors d\u2019une conf\u00e9rence \u00e0 l\u2019automne au CSCB sur les enfants et les \u00e9crans.<\/p>\n\n\n\n<p>R\u00e9cemment, ADS a utilis\u00e9 une subvention de la DRIEETS pour organiser deux formations pour ses b\u00e9n\u00e9voles. L\u2019une sur l\u2019accompagnement \u00e0 l\u2019emploi, l\u2019autre sur l\u2019apprentissage du fran\u00e7ais. Dans les deux cas avec des professionnels du sujet.<\/p>\n\n\n\n<p>L\u2019accompagnement \u00e0 l\u2019emploi est donc fait individuellement par des b\u00e9n\u00e9voles. Ceux-ci se r\u00e9unissent r\u00e9guli\u00e8rement pour \u00e9changer sur leurs pratiques. L\u2019un d\u2019entre eux est parfois sollicit\u00e9 par les autres pour la pr\u00e9paration \u00e0 l\u2019entretien d\u2019embauche qu\u2019il ma\u00eetrise bien.<\/p>\n\n\n\n<p>De la m\u00eame mani\u00e8re, l\u2019accompagnement pour le fran\u00e7ais commence par une \u00e9valuation du niveau de la personne accompagn\u00e9e par un connaisseur de la m\u00e9thode d\u2019\u00e9valuation.<\/p>\n\n\n\n<p>Enfin, ADS se donne les moyens d\u2019\u00e9valuer les r\u00e9sultats de ses pratiques&nbsp;: taux de retour \u00e0 l\u2019emploi, taux de r\u00e9ussite aux examens, etc.<\/p>\n\n\n\n<h2 class=\"wp-block-heading\">Un site tr\u00e8s fourni<\/h2>\n\n\n\n<p>Cet article ne peut citer toutes les actions de l\u2019association. Les personnes int\u00e9ress\u00e9es pourront consulter <a rel=\"noreferrer noopener\" href=\"https:\/\/ads-blr.fr\/\" target=\"_blank\">le site<\/a> qui propose de tr\u00e8s nombreuses informations. On y trouvera par exemple un retour d\u00e9taill\u00e9 sur les manifestations du forum ou sur les entretiens avec des migrants. <a href=\"https:\/\/ads-blr.fr\/contact-ou-suggestion\/\" target=\"_blank\" rel=\"noreferrer noopener\">Un formulaire de contact<\/a> permet de joindre l\u2019association pour ceux qui auraient envie de rejoindre l\u2019\u00e9quipe des b\u00e9n\u00e9voles.<\/p>\n","protected":false},"excerpt":{"rendered":"<p>Fond\u00e9e en 2014, l\u2019association BLR Dynamique et Solidaire (ADS) s\u2019est donn\u00e9 comme raison d\u2019\u00eatre d\u2019agir pour l\u2019\u00e9galit\u00e9 des chances et l\u2019\u00e9galit\u00e9 homme-femme. Cela l\u2019a conduit \u00e0 lancer une s\u00e9rie d\u2019actions pratiques et \u00e0 mobiliser de nombreux b\u00e9n\u00e9voles. L\u2019association se donne aussi les moyens d\u2019action de qualit\u00e9. Elle a plus que&#8230;<\/p>\n","protected":false},"author":11,"featured_media":8731,"comment_status":"open","ping_status":"open","sticky":false,"template":"","format":"standard","meta":{"om_disable_all_campaigns":false,"_monsterinsights_skip_tracking":false,"_monsterinsights_sitenote_active":false,"_monsterinsights_sitenote_note":"","_monsterinsights_sitenote_category":0,"_uf_show_specific_survey":0,"_uf_disable_surveys":false,"footnotes":""},"categories":[261,265],"tags":[],"class_list":["post-8704","post","type-post","status-publish","format-standard","has-post-thumbnail","hentry","category-associations","category-bourg-la-reine","entry","simple"],"yoast_head":"<!-- This site is optimized with the Yoast SEO plugin v25.6 - https:\/\/yoast.com\/wordpress\/plugins\/seo\/ -->\n<title>Une association particuli\u00e8rement dynamique \u00e0 Bourg-la-Reine - La Gazette<\/title>\n<meta name=\"robots\" content=\"index, follow, max-snippet:-1, max-image-preview:large, max-video-preview:-1\" \/>\n<link rel=\"canonical\" href=\"https:\/\/sceaux-lagazette.fr\/index.php\/2023\/01\/26\/une-association-particulierement-dynamique-a-bourg-la-reine\/\" \/>\n<meta property=\"og:locale\" content=\"fr_FR\" \/>\n<meta property=\"og:type\" content=\"article\" \/>\n<meta property=\"og:title\" content=\"Une association particuli\u00e8rement dynamique \u00e0 Bourg-la-Reine - La Gazette\" \/>\n<meta property=\"og:description\" content=\"Fond\u00e9e en 2014, l\u2019association BLR Dynamique et Solidaire (ADS) s\u2019est donn\u00e9 comme raison d\u2019\u00eatre d\u2019agir pour l\u2019\u00e9galit\u00e9 des chances et l\u2019\u00e9galit\u00e9 homme-femme. Cela l\u2019a conduit \u00e0 lancer une s\u00e9rie d\u2019actions pratiques et \u00e0 mobiliser de nombreux b\u00e9n\u00e9voles. L\u2019association se donne aussi les moyens d\u2019action de qualit\u00e9. Elle a plus que&#8230;\" \/>\n<meta property=\"og:url\" content=\"https:\/\/sceaux-lagazette.fr\/index.php\/2023\/01\/26\/une-association-particulierement-dynamique-a-bourg-la-reine\/\" \/>\n<meta property=\"og:site_name\" content=\"La Gazette\" \/>\n<meta property=\"article:published_time\" content=\"2023-01-26T07:49:15+00:00\" \/>\n<meta property=\"article:modified_time\" content=\"2023-01-26T07:49:16+00:00\" \/>\n<meta property=\"og:image\" content=\"https:\/\/sceaux-lagazette.fr\/wp-content\/uploads\/2023\/01\/image-gazette-ads.jpg\" \/>\n\t<meta property=\"og:image:width\" content=\"1280\" \/>\n\t<meta property=\"og:image:height\" content=\"720\" \/>\n\t<meta property=\"og:image:type\" content=\"image\/jpeg\" \/>\n<meta name=\"author\" content=\"G\u00e9rard Bardier\" \/>\n<meta name=\"twitter:card\" content=\"summary_large_image\" \/>\n<meta name=\"twitter:label1\" content=\"\u00c9crit par\" \/>\n\t<meta name=\"twitter:data1\" content=\"G\u00e9rard Bardier\" \/>\n\t<meta name=\"twitter:label2\" content=\"Dur\u00e9e de lecture estim\u00e9e\" \/>\n\t<meta name=\"twitter:data2\" content=\"4 minutes\" \/>\n<script type=\"application\/ld+json\" class=\"yoast-schema-graph\">{\"@context\":\"https:\/\/schema.org\",\"@graph\":[{\"@type\":\"Article\",\"@id\":\"https:\/\/sceaux-lagazette.fr\/index.php\/2023\/01\/26\/une-association-particulierement-dynamique-a-bourg-la-reine\/#article\",\"isPartOf\":{\"@id\":\"https:\/\/sceaux-lagazette.fr\/index.php\/2023\/01\/26\/une-association-particulierement-dynamique-a-bourg-la-reine\/\"},\"author\":{\"name\":\"G\u00e9rard Bardier\",\"@id\":\"https:\/\/sceaux-lagazette.fr\/#\/schema\/person\/5650e206a121f68c6f5e76379bccfbc4\"},\"headline\":\"Une association particuli\u00e8rement dynamique \u00e0 Bourg-la-Reine\",\"datePublished\":\"2023-01-26T07:49:15+00:00\",\"dateModified\":\"2023-01-26T07:49:16+00:00\",\"mainEntityOfPage\":{\"@id\":\"https:\/\/sceaux-lagazette.fr\/index.php\/2023\/01\/26\/une-association-particulierement-dynamique-a-bourg-la-reine\/\"},\"wordCount\":748,\"commentCount\":2,\"publisher\":{\"@id\":\"https:\/\/sceaux-lagazette.fr\/#organization\"},\"image\":{\"@id\":\"https:\/\/sceaux-lagazette.fr\/index.php\/2023\/01\/26\/une-association-particulierement-dynamique-a-bourg-la-reine\/#primaryimage\"},\"thumbnailUrl\":\"https:\/\/sceaux-lagazette.fr\/wp-content\/uploads\/2023\/01\/image-gazette-ads.jpg\",\"articleSection\":[\"Associations\",\"Bourg-la-Reine\"],\"inLanguage\":\"fr-FR\",\"potentialAction\":[{\"@type\":\"CommentAction\",\"name\":\"Comment\",\"target\":[\"https:\/\/sceaux-lagazette.fr\/index.php\/2023\/01\/26\/une-association-particulierement-dynamique-a-bourg-la-reine\/#respond\"]}]},{\"@type\":\"WebPage\",\"@id\":\"https:\/\/sceaux-lagazette.fr\/index.php\/2023\/01\/26\/une-association-particulierement-dynamique-a-bourg-la-reine\/\",\"url\":\"https:\/\/sceaux-lagazette.fr\/index.php\/2023\/01\/26\/une-association-particulierement-dynamique-a-bourg-la-reine\/\",\"name\":\"Une association particuli\u00e8rement dynamique \u00e0 Bourg-la-Reine - La Gazette\",\"isPartOf\":{\"@id\":\"https:\/\/sceaux-lagazette.fr\/#website\"},\"primaryImageOfPage\":{\"@id\":\"https:\/\/sceaux-lagazette.fr\/index.php\/2023\/01\/26\/une-association-particulierement-dynamique-a-bourg-la-reine\/#primaryimage\"},\"image\":{\"@id\":\"https:\/\/sceaux-lagazette.fr\/index.php\/2023\/01\/26\/une-association-particulierement-dynamique-a-bourg-la-reine\/#primaryimage\"},\"thumbnailUrl\":\"https:\/\/sceaux-lagazette.fr\/wp-content\/uploads\/2023\/01\/image-gazette-ads.jpg\",\"datePublished\":\"2023-01-26T07:49:15+00:00\",\"dateModified\":\"2023-01-26T07:49:16+00:00\",\"breadcrumb\":{\"@id\":\"https:\/\/sceaux-lagazette.fr\/index.php\/2023\/01\/26\/une-association-particulierement-dynamique-a-bourg-la-reine\/#breadcrumb\"},\"inLanguage\":\"fr-FR\",\"potentialAction\":[{\"@type\":\"ReadAction\",\"target\":[\"https:\/\/sceaux-lagazette.fr\/index.php\/2023\/01\/26\/une-association-particulierement-dynamique-a-bourg-la-reine\/\"]}]},{\"@type\":\"ImageObject\",\"inLanguage\":\"fr-FR\",\"@id\":\"https:\/\/sceaux-lagazette.fr\/index.php\/2023\/01\/26\/une-association-particulierement-dynamique-a-bourg-la-reine\/#primaryimage\",\"url\":\"https:\/\/sceaux-lagazette.fr\/wp-content\/uploads\/2023\/01\/image-gazette-ads.jpg\",\"contentUrl\":\"https:\/\/sceaux-lagazette.fr\/wp-content\/uploads\/2023\/01\/image-gazette-ads.jpg\",\"width\":1280,\"height\":720},{\"@type\":\"BreadcrumbList\",\"@id\":\"https:\/\/sceaux-lagazette.fr\/index.php\/2023\/01\/26\/une-association-particulierement-dynamique-a-bourg-la-reine\/#breadcrumb\",\"itemListElement\":[{\"@type\":\"ListItem\",\"position\":1,\"name\":\"Accueil\",\"item\":\"https:\/\/sceaux-lagazette.fr\/\"},{\"@type\":\"ListItem\",\"position\":2,\"name\":\"Une association particuli\u00e8rement dynamique \u00e0 Bourg-la-Reine\"}]},{\"@type\":\"WebSite\",\"@id\":\"https:\/\/sceaux-lagazette.fr\/#website\",\"url\":\"https:\/\/sceaux-lagazette.fr\/\",\"name\":\"La Gazette\",\"description\":\"Bourg-la-Reine, Ch\u00e2tenay, Fontenay, Sceaux\",\"publisher\":{\"@id\":\"https:\/\/sceaux-lagazette.fr\/#organization\"},\"potentialAction\":[{\"@type\":\"SearchAction\",\"target\":{\"@type\":\"EntryPoint\",\"urlTemplate\":\"https:\/\/sceaux-lagazette.fr\/?s={search_term_string}\"},\"query-input\":{\"@type\":\"PropertyValueSpecification\",\"valueRequired\":true,\"valueName\":\"search_term_string\"}}],\"inLanguage\":\"fr-FR\"},{\"@type\":\"Organization\",\"@id\":\"https:\/\/sceaux-lagazette.fr\/#organization\",\"name\":\"La Gazette\",\"url\":\"https:\/\/sceaux-lagazette.fr\/\",\"logo\":{\"@type\":\"ImageObject\",\"inLanguage\":\"fr-FR\",\"@id\":\"https:\/\/sceaux-lagazette.fr\/#\/schema\/logo\/image\/\",\"url\":\"https:\/\/sceaux-lagazette.fr\/wp-content\/uploads\/2025\/08\/Logo-Gazette-Aout-2025-V3.jpg\",\"contentUrl\":\"https:\/\/sceaux-lagazette.fr\/wp-content\/uploads\/2025\/08\/Logo-Gazette-Aout-2025-V3.jpg\",\"width\":525,\"height\":130,\"caption\":\"La Gazette\"},\"image\":{\"@id\":\"https:\/\/sceaux-lagazette.fr\/#\/schema\/logo\/image\/\"}},{\"@type\":\"Person\",\"@id\":\"https:\/\/sceaux-lagazette.fr\/#\/schema\/person\/5650e206a121f68c6f5e76379bccfbc4\",\"name\":\"G\u00e9rard Bardier\",\"image\":{\"@type\":\"ImageObject\",\"inLanguage\":\"fr-FR\",\"@id\":\"https:\/\/sceaux-lagazette.fr\/#\/schema\/person\/image\/\",\"url\":\"https:\/\/secure.gravatar.com\/avatar\/5cf4391ef9dbc0367750202561279a29?s=96&r=g\",\"contentUrl\":\"https:\/\/secure.gravatar.com\/avatar\/5cf4391ef9dbc0367750202561279a29?s=96&r=g\",\"caption\":\"G\u00e9rard Bardier\"},\"url\":\"https:\/\/sceaux-lagazette.fr\/index.php\/author\/gb\/\"}]}<\/script>\n<!-- \/ Yoast SEO plugin. -->","yoast_head_json":{"title":"Une association particuli\u00e8rement dynamique \u00e0 Bourg-la-Reine - La Gazette","robots":{"index":"index","follow":"follow","max-snippet":"max-snippet:-1","max-image-preview":"max-image-preview:large","max-video-preview":"max-video-preview:-1"},"canonical":"https:\/\/sceaux-lagazette.fr\/index.php\/2023\/01\/26\/une-association-particulierement-dynamique-a-bourg-la-reine\/","og_locale":"fr_FR","og_type":"article","og_title":"Une association particuli\u00e8rement dynamique \u00e0 Bourg-la-Reine - La Gazette","og_description":"Fond\u00e9e en 2014, l\u2019association BLR Dynamique et Solidaire (ADS) s\u2019est donn\u00e9 comme raison d\u2019\u00eatre d\u2019agir pour l\u2019\u00e9galit\u00e9 des chances et l\u2019\u00e9galit\u00e9 homme-femme. Cela l\u2019a conduit \u00e0 lancer une s\u00e9rie d\u2019actions pratiques et \u00e0 mobiliser de nombreux b\u00e9n\u00e9voles. L\u2019association se donne aussi les moyens d\u2019action de qualit\u00e9. Elle a plus que&#8230;","og_url":"https:\/\/sceaux-lagazette.fr\/index.php\/2023\/01\/26\/une-association-particulierement-dynamique-a-bourg-la-reine\/","og_site_name":"La Gazette","article_published_time":"2023-01-26T07:49:15+00:00","article_modified_time":"2023-01-26T07:49:16+00:00","og_image":[{"width":1280,"height":720,"url":"https:\/\/sceaux-lagazette.fr\/wp-content\/uploads\/2023\/01\/image-gazette-ads.jpg","type":"image\/jpeg"}],"author":"G\u00e9rard Bardier","twitter_card":"summary_large_image","twitter_misc":{"\u00c9crit par":"G\u00e9rard Bardier","Dur\u00e9e de lecture estim\u00e9e":"4 minutes"},"schema":{"@context":"https:\/\/schema.org","@graph":[{"@type":"Article","@id":"https:\/\/sceaux-lagazette.fr\/index.php\/2023\/01\/26\/une-association-particulierement-dynamique-a-bourg-la-reine\/#article","isPartOf":{"@id":"https:\/\/sceaux-lagazette.fr\/index.php\/2023\/01\/26\/une-association-particulierement-dynamique-a-bourg-la-reine\/"},"author":{"name":"G\u00e9rard Bardier","@id":"https:\/\/sceaux-lagazette.fr\/#\/schema\/person\/5650e206a121f68c6f5e76379bccfbc4"},"headline":"Une association particuli\u00e8rement dynamique \u00e0 Bourg-la-Reine","datePublished":"2023-01-26T07:49:15+00:00","dateModified":"2023-01-26T07:49:16+00:00","mainEntityOfPage":{"@id":"https:\/\/sceaux-lagazette.fr\/index.php\/2023\/01\/26\/une-association-particulierement-dynamique-a-bourg-la-reine\/"},"wordCount":748,"commentCount":2,"publisher":{"@id":"https:\/\/sceaux-lagazette.fr\/#organization"},"image":{"@id":"https:\/\/sceaux-lagazette.fr\/index.php\/2023\/01\/26\/une-association-particulierement-dynamique-a-bourg-la-reine\/#primaryimage"},"thumbnailUrl":"https:\/\/sceaux-lagazette.fr\/wp-content\/uploads\/2023\/01\/image-gazette-ads.jpg","articleSection":["Associations","Bourg-la-Reine"],"inLanguage":"fr-FR","potentialAction":[{"@type":"CommentAction","name":"Comment","target":["https:\/\/sceaux-lagazette.fr\/index.php\/2023\/01\/26\/une-association-particulierement-dynamique-a-bourg-la-reine\/#respond"]}]},{"@type":"WebPage","@id":"https:\/\/sceaux-lagazette.fr\/index.php\/2023\/01\/26\/une-association-particulierement-dynamique-a-bourg-la-reine\/","url":"https:\/\/sceaux-lagazette.fr\/index.php\/2023\/01\/26\/une-association-particulierement-dynamique-a-bourg-la-reine\/","name":"Une association particuli\u00e8rement dynamique \u00e0 Bourg-la-Reine - La Gazette","isPartOf":{"@id":"https:\/\/sceaux-lagazette.fr\/#website"},"primaryImageOfPage":{"@id":"https:\/\/sceaux-lagazette.fr\/index.php\/2023\/01\/26\/une-association-particulierement-dynamique-a-bourg-la-reine\/#primaryimage"},"image":{"@id":"https:\/\/sceaux-lagazette.fr\/index.php\/2023\/01\/26\/une-association-particulierement-dynamique-a-bourg-la-reine\/#primaryimage"},"thumbnailUrl":"https:\/\/sceaux-lagazette.fr\/wp-content\/uploads\/2023\/01\/image-gazette-ads.jpg","datePublished":"2023-01-26T07:49:15+00:00","dateModified":"2023-01-26T07:49:16+00:00","breadcrumb":{"@id":"https:\/\/sceaux-lagazette.fr\/index.php\/2023\/01\/26\/une-association-particulierement-dynamique-a-bourg-la-reine\/#breadcrumb"},"inLanguage":"fr-FR","potentialAction":[{"@type":"ReadAction","target":["https:\/\/sceaux-lagazette.fr\/index.php\/2023\/01\/26\/une-association-particulierement-dynamique-a-bourg-la-reine\/"]}]},{"@type":"ImageObject","inLanguage":"fr-FR","@id":"https:\/\/sceaux-lagazette.fr\/index.php\/2023\/01\/26\/une-association-particulierement-dynamique-a-bourg-la-reine\/#primaryimage","url":"https:\/\/sceaux-lagazette.fr\/wp-content\/uploads\/2023\/01\/image-gazette-ads.jpg","contentUrl":"https:\/\/sceaux-lagazette.fr\/wp-content\/uploads\/2023\/01\/image-gazette-ads.jpg","width":1280,"height":720},{"@type":"BreadcrumbList","@id":"https:\/\/sceaux-lagazette.fr\/index.php\/2023\/01\/26\/une-association-particulierement-dynamique-a-bourg-la-reine\/#breadcrumb","itemListElement":[{"@type":"ListItem","position":1,"name":"Accueil","item":"https:\/\/sceaux-lagazette.fr\/"},{"@type":"ListItem","position":2,"name":"Une association particuli\u00e8rement dynamique \u00e0 Bourg-la-Reine"}]},{"@type":"WebSite","@id":"https:\/\/sceaux-lagazette.fr\/#website","url":"https:\/\/sceaux-lagazette.fr\/","name":"La Gazette","description":"Bourg-la-Reine, Ch\u00e2tenay, Fontenay, Sceaux","publisher":{"@id":"https:\/\/sceaux-lagazette.fr\/#organization"},"potentialAction":[{"@type":"SearchAction","target":{"@type":"EntryPoint","urlTemplate":"https:\/\/sceaux-lagazette.fr\/?s={search_term_string}"},"query-input":{"@type":"PropertyValueSpecification","valueRequired":true,"valueName":"search_term_string"}}],"inLanguage":"fr-FR"},{"@type":"Organization","@id":"https:\/\/sceaux-lagazette.fr\/#organization","name":"La Gazette","url":"https:\/\/sceaux-lagazette.fr\/","logo":{"@type":"ImageObject","inLanguage":"fr-FR","@id":"https:\/\/sceaux-lagazette.fr\/#\/schema\/logo\/image\/","url":"https:\/\/sceaux-lagazette.fr\/wp-content\/uploads\/2025\/08\/Logo-Gazette-Aout-2025-V3.jpg","contentUrl":"https:\/\/sceaux-lagazette.fr\/wp-content\/uploads\/2025\/08\/Logo-Gazette-Aout-2025-V3.jpg","width":525,"height":130,"caption":"La Gazette"},"image":{"@id":"https:\/\/sceaux-lagazette.fr\/#\/schema\/logo\/image\/"}},{"@type":"Person","@id":"https:\/\/sceaux-lagazette.fr\/#\/schema\/person\/5650e206a121f68c6f5e76379bccfbc4","name":"G\u00e9rard Bardier","image":{"@type":"ImageObject","inLanguage":"fr-FR","@id":"https:\/\/sceaux-lagazette.fr\/#\/schema\/person\/image\/","url":"https:\/\/secure.gravatar.com\/avatar\/5cf4391ef9dbc0367750202561279a29?s=96&r=g","contentUrl":"https:\/\/secure.gravatar.com\/avatar\/5cf4391ef9dbc0367750202561279a29?s=96&r=g","caption":"G\u00e9rard Bardier"},"url":"https:\/\/sceaux-lagazette.fr\/index.php\/author\/gb\/"}]}},"cc_featured_image_caption":{"caption_text":"Source ADS","source_text":"","source_url":""},"_links":{"self":[{"href":"https:\/\/sceaux-lagazette.fr\/index.php\/wp-json\/wp\/v2\/posts\/8704"}],"collection":[{"href":"https:\/\/sceaux-lagazette.fr\/index.php\/wp-json\/wp\/v2\/posts"}],"about":[{"href":"https:\/\/sceaux-lagazette.fr\/index.php\/wp-json\/wp\/v2\/types\/post"}],"author":[{"embeddable":true,"href":"https:\/\/sceaux-lagazette.fr\/index.php\/wp-json\/wp\/v2\/users\/11"}],"replies":[{"embeddable":true,"href":"https:\/\/sceaux-lagazette.fr\/index.php\/wp-json\/wp\/v2\/comments?post=8704"}],"version-history":[{"count":3,"href":"https:\/\/sceaux-lagazette.fr\/index.php\/wp-json\/wp\/v2\/posts\/8704\/revisions"}],"predecessor-version":[{"id":8721,"href":"https:\/\/sceaux-lagazette.fr\/index.php\/wp-json\/wp\/v2\/posts\/8704\/revisions\/8721"}],"wp:featuredmedia":[{"embeddable":true,"href":"https:\/\/sceaux-lagazette.fr\/index.php\/wp-json\/wp\/v2\/media\/8731"}],"wp:attachment":[{"href":"https:\/\/sceaux-lagazette.fr\/index.php\/wp-json\/wp\/v2\/media?parent=8704"}],"wp:term":[{"taxonomy":"category","embeddable":true,"href":"https:\/\/sceaux-lagazette.fr\/index.php\/wp-json\/wp\/v2\/categories?post=8704"},{"taxonomy":"post_tag","embeddable":true,"href":"https:\/\/sceaux-lagazette.fr\/index.php\/wp-json\/wp\/v2\/tags?post=8704"}],"curies":[{"name":"wp","href":"https:\/\/api.w.org\/{rel}","templated":true}]}}