{"id":8628,"date":"2023-01-13T09:30:21","date_gmt":"2023-01-13T08:30:21","guid":{"rendered":"https:\/\/sceaux-lagazette.fr\/?p=8628"},"modified":"2023-01-12T19:54:49","modified_gmt":"2023-01-12T18:54:49","slug":"le-cscb-en-plein-mouvement","status":"publish","type":"post","link":"https:\/\/sceaux-lagazette.fr\/index.php\/2023\/01\/13\/le-cscb-en-plein-mouvement\/","title":{"rendered":"Le CSCB en plein mouvement"},"content":{"rendered":"\n<p>Pour pr\u00e9senter nos meilleurs v\u0153ux de succ\u00e8s au CSCB, une rencontre avec Sandrine Fahrasmane, la pr\u00e9sidente de l\u2019association s\u2019imposait. Le centre traverse une \u00e9tape importante\u00a0: la refonte de son projet social. Ce n\u2019est pas une mince affaire, car son positionnement est \u00e0 red\u00e9finir. Le bilan est en cours. Des projets se dessinent qui vont prendre corps d\u2019ici avril.<\/p>\n\n\n\n<p>L\u2019\u00e9laboration d\u2019un projet social s\u2019inscrit dans la multitude de t\u00e2ches qui \u00e9choient \u00e0 la pr\u00e9sidente en particulier et \u00e0 l\u2019\u00e9quipe en g\u00e9n\u00e9ral&nbsp;: les relations externes avec les partenaires, les dossiers fournisseurs, \u00ab&nbsp;<em>nous n\u2019avons pas de secr\u00e9taire<\/em>&nbsp;\u00bb, le suivi de la maintenance des \u00e9quipements, les projets d\u2019am\u00e9lioration, la r\u00e9alisation du bilan et l\u2019\u00e9laboration de nouvelles propositions pour l\u2019exercice \u00e0 venir. Il y a les relations avec le personnel, les demandes de subvention. Sans oublier le dialogue \u00e9troit avec Chantal Brault qui, au nom de la municipalit\u00e9, accompagne le destin du CSCB. &nbsp;&nbsp;\u00ab&nbsp;J\u2019ai par ailleurs <em>un contact privil\u00e9gi\u00e9 avec notre r\u00e9f\u00e9rent de secteur de la CAF. Cette personne assure un suivi et une aide pr\u00e9cieuse \u00e0 chaque p\u00e9riode de la vie de notre structure.&nbsp;\u00bb<\/em><\/p>\n\n\n\n<p>Sandrine Fahrasmane qui exerce la fonction depuis 5 ans insiste \u00e0 plusieurs reprises sur la vari\u00e9t\u00e9 des sujets \u00e0 traiter \u00e0 la fois juridiques, financiers, manag\u00e9riaux, culturels. Le d\u00e9part pr\u00e9cipit\u00e9 du directeur et son remplacement par un duo de choc&nbsp;\ud83d\ude09Sarah Safi et Delphine Kerlau Corbier, s\u2019il s\u2019est bien termin\u00e9 n\u2019a pas \u00e9t\u00e9 simple \u00e0 g\u00e9rer. Faut-il mentionner qu\u2019elle a un travail par ailleurs.<\/p>\n\n\n\n<h2 class=\"wp-block-heading\">Un retour \u00e0 la normale apr\u00e8s les ann\u00e9es covid<\/h2>\n\n\n\n<p>En ce d\u00e9but d\u2019ann\u00e9e, les inscriptions sont d\u2019un bon niveau. Le CSCB a retrouv\u00e9 sa fr\u00e9quentation d\u2019avant covid. Ce qui n\u2019\u00e9tait vraiment pas gagn\u00e9. Mieux, elle augmente du c\u00f4t\u00e9 des Bas-Coudrais, ce qui \u00e9tait dans ses objectifs.<\/p>\n\n\n\n<div class=\"wp-block-image\"><figure class=\"alignleft size-medium\"><img decoding=\"async\" width=\"192\" height=\"300\" src=\"https:\/\/sceaux-lagazette.fr\/wp-content\/uploads\/2023\/01\/CSCB-Projet-social-192x300.jpg\" alt=\"\" class=\"wp-image-8631\" srcset=\"https:\/\/sceaux-lagazette.fr\/wp-content\/uploads\/2023\/01\/CSCB-Projet-social-192x300.jpg 192w, https:\/\/sceaux-lagazette.fr\/wp-content\/uploads\/2023\/01\/CSCB-Projet-social.jpg 461w\" sizes=\"(max-width: 192px) 100vw, 192px\" \/><\/figure><\/div>\n\n\n\n<p>On ne va pas d\u00e9tailler ici la multitude d\u2019activit\u00e9s du centre, <a href=\"https:\/\/www.cscb.asso.fr\/\"><strong>elles sont l\u00e0<\/strong><\/a>. Il faut savoir que la ville finance en grande partie le CSCB et passe avec lui une convention d\u2019objectifs. Au-del\u00e0 des activit\u00e9s, le lieu a une vocation sociale. L\u2019accent au cours de l\u2019exercice en cours (2021-2022-2023) a \u00e9t\u00e9 mis sur le soutien et l\u2019accompagnement de la famille <em>dans sa diversit\u00e9<\/em>. Ainsi le centre \u00ab&nbsp;<em>accompagne les familles dans leur fonction d\u2019\u00e9ducation.<\/em>&nbsp;\u00bb Il a cr\u00e9\u00e9 pour cela des \u00ab&nbsp;<em>groupes de paroles<\/em>&nbsp;\u00bb et des sorties collectives. Pour lutter contre l\u2019\u00e9chec scolaire, ce sont des soutiens \u00e0 des enfants en difficult\u00e9.<\/p>\n\n\n\n<p>Pour satisfaire \u00e0 ce cahier des charges municipal, le CSCB a d\u00e9velopp\u00e9 pendant l\u2019exercice des initiatives dans plusieurs directions.<\/p>\n\n\n\n<p>La R\u00e9f\u00e9rente familiale Florence Bendaher a d\u00e9sormais un temps plein, alors que la pr\u00e9c\u00e9dente Nadine (en retraite aujourd\u2019hui) n\u2019\u00e9tait qu\u2019\u00e0 temps partiel. Cela a permis de d\u00e9velopper l\u2019activit\u00e9. Plusieurs sorties famille ont \u00e9t\u00e9 organis\u00e9es&nbsp;: un <em>escape game<\/em> \u00e0 Paris, la visite de la cath\u00e9drale d\u2019Amiens. Les familles du quartier sont plus attir\u00e9es.<\/p>\n\n\n\n<p>A la biblioth\u00e8que, le CSCB s\u2019est attach\u00e9 \u00e0 promouvoir la lecture aupr\u00e8s des tr\u00e8s jeunes enfants et enfants. Les liens avec la Biblioth\u00e8que municipale se sont renforc\u00e9s. Des r\u00e9flexions sont en cours pour la dynamiser encore. Un caf\u00e9 des parents est en projet, quand la biblioth\u00e8que sera r\u00e9am\u00e9nag\u00e9e. Ouvert en journ\u00e9e, la R\u00e9f\u00e9rente familiale y accueillerait des m\u00e8res tandis que les enfants pourraient lire ou jouer \u00e0 des jeux \u00e9ducatifs. Autres pistes&nbsp;: inviter des auteurs&nbsp;; axer sur la jeunesse et l\u2019enfance, d\u00e9velopper le conte. \u00ab&nbsp;<em>C\u2019est ce qui r\u00e9sulte d\u2019une analyse des livres emprunt\u00e9s.<\/em>&nbsp;\u00bb. A suivre.<\/p>\n\n\n\n<h2 class=\"wp-block-heading\">Bon vent&nbsp;!<\/h2>\n\n\n\n<p>Le CSCB s&rsquo;associe aux actions men\u00e9es par la ville et ses partenaires. Il accueille les associations qui le souhaitent, en liaison avec l&rsquo;objet statutaire qu&rsquo;il poursuit.<\/p>\n\n\n\n<p>Entre autres relations avec des acteurs du territoire, il y a l\u2019AMAP qui apporte les produits le samedi matin. La biblioth\u00e8que de Sceaux a apport\u00e9 son aide \u00e0 la fiche de poste pour un recrutement de biblioth\u00e9caire. \u00ab&nbsp;<em>Nous avons des relations \u00e9troites avec Blagis Solidarit\u00e9 m\u00e8ne des actions solidaires pour les habitants du quartier (loto, braderie, go\u00fbter de No\u00ebl). De son c\u00f4t\u00e9, ADS assure des permanences d\u2019\u00e9crivain public, des journ\u00e9es de pr\u00e9vention et des conf\u00e9rences sur des sujets d\u2019actualit\u00e9.<\/em>&nbsp;\u00bb Sandrine Fahrasmane voit dans ces ouvertures un vecteur de rayonnement pour toutes les parties prenantes.<\/p>\n\n\n\n<p>Le CSCB se doit d\u2019\u00eatre un lieu d\u2019accueil de \u00ab&nbsp;<em>toute la population en veillant \u00e0 la mixit\u00e9 sociale<\/em>&nbsp;\u00bb. Les demandes \u00e9tant fort diff\u00e9rentes selon les milieux, c\u2019est un d\u00e9fi que de permettre aux \u00ab&nbsp;<em>habitants d\u2019exprimer, de concevoir et de r\u00e9aliser leurs projets<\/em>\u2026&nbsp;\u00bb et d\u2019\u00eatre \u00e0 leur \u00e9coute.<a href=\"#_ftn1\">[1]<\/a> Et d\u2019y associer autant de partenaires que possible.<\/p>\n\n\n\n<p>Attendons le printemps et la prochaine assembl\u00e9e g\u00e9n\u00e9rale en avril. Elle en dira plus sur les nouvelles orientations. Souhaitons une bonne ann\u00e9e aux neuf permanents, aux 22 professeurs d\u2019activit\u00e9s, aux quelque 70 b\u00e9n\u00e9voles, au conseil d\u2019administration que de nouvelles forces ont rejoint cette ann\u00e9e. Le renouvellement des initiatives est totalement li\u00e9 \u00e0 celui des \u00e9nergies. Sandrine Fahrasmane y croit dur comme fer. Nous nous faisons un plaisir de transmettre cette conviction et d\u2019y joindre notre v\u0153u pour 2023.<\/p>\n\n\n\n<hr class=\"wp-block-separator\"\/>\n\n\n\n<p><a href=\"#_ftnref1\">[1]<\/a> Voir la <a href=\"https:\/\/www.sceaux.fr\/sites\/default\/files\/deliberations\/2021-05-20\/20210520-pj-02-convention-objectifs-cscb.pdf\">convention d\u2019objectifs<\/a> sur l\u2019exercice 2021-2022-2023<\/p>\n","protected":false},"excerpt":{"rendered":"<p>Pour pr\u00e9senter nos meilleurs v\u0153ux de succ\u00e8s au CSCB, une rencontre avec Sandrine Fahrasmane, la pr\u00e9sidente de l\u2019association s\u2019imposait. Le centre traverse une \u00e9tape importante\u00a0: la refonte de son projet social. Ce n\u2019est pas une mince affaire, car son positionnement est \u00e0 red\u00e9finir. Le bilan est en cours. Des projets&#8230;<\/p>\n","protected":false},"author":6,"featured_media":8630,"comment_status":"open","ping_status":"open","sticky":false,"template":"","format":"standard","meta":{"om_disable_all_campaigns":false,"_monsterinsights_skip_tracking":false,"_monsterinsights_sitenote_active":false,"_monsterinsights_sitenote_note":"","_monsterinsights_sitenote_category":0,"_uf_show_specific_survey":0,"_uf_disable_surveys":false,"footnotes":""},"categories":[268,265,51,264,5,266],"tags":[],"class_list":["post-8628","post","type-post","status-publish","format-standard","has-post-thumbnail","hentry","category-bagneux","category-bourg-la-reine","category-competences-sceennes","category-fontenay-aux-roses","category-des-quartiers-de-sceaux","category-sceaux","entry","simple"],"yoast_head":"<!-- This site is optimized with the Yoast SEO plugin v25.6 - https:\/\/yoast.com\/wordpress\/plugins\/seo\/ -->\n<title>Le CSCB en plein mouvement - La Gazette<\/title>\n<meta name=\"robots\" content=\"index, follow, max-snippet:-1, max-image-preview:large, max-video-preview:-1\" \/>\n<link rel=\"canonical\" href=\"https:\/\/sceaux-lagazette.fr\/index.php\/2023\/01\/13\/le-cscb-en-plein-mouvement\/\" \/>\n<meta property=\"og:locale\" content=\"fr_FR\" \/>\n<meta property=\"og:type\" content=\"article\" \/>\n<meta property=\"og:title\" content=\"Le CSCB en plein mouvement - La Gazette\" \/>\n<meta property=\"og:description\" content=\"Pour pr\u00e9senter nos meilleurs v\u0153ux de succ\u00e8s au CSCB, une rencontre avec Sandrine Fahrasmane, la pr\u00e9sidente de l\u2019association s\u2019imposait. Le centre traverse une \u00e9tape importante\u00a0: la refonte de son projet social. Ce n\u2019est pas une mince affaire, car son positionnement est \u00e0 red\u00e9finir. Le bilan est en cours. Des projets&#8230;\" \/>\n<meta property=\"og:url\" content=\"https:\/\/sceaux-lagazette.fr\/index.php\/2023\/01\/13\/le-cscb-en-plein-mouvement\/\" \/>\n<meta property=\"og:site_name\" content=\"La Gazette\" \/>\n<meta property=\"article:published_time\" content=\"2023-01-13T08:30:21+00:00\" \/>\n<meta property=\"og:image\" content=\"https:\/\/sceaux-lagazette.fr\/wp-content\/uploads\/2023\/01\/Sandrine-Fahrasmane.jpg\" \/>\n\t<meta property=\"og:image:width\" content=\"960\" \/>\n\t<meta property=\"og:image:height\" content=\"591\" \/>\n\t<meta property=\"og:image:type\" content=\"image\/jpeg\" \/>\n<meta name=\"author\" content=\"Maurice Zytnicki\" \/>\n<meta name=\"twitter:card\" content=\"summary_large_image\" \/>\n<meta name=\"twitter:label1\" content=\"\u00c9crit par\" \/>\n\t<meta name=\"twitter:data1\" content=\"Maurice Zytnicki\" \/>\n\t<meta name=\"twitter:label2\" content=\"Dur\u00e9e de lecture estim\u00e9e\" \/>\n\t<meta name=\"twitter:data2\" content=\"5 minutes\" \/>\n<script type=\"application\/ld+json\" class=\"yoast-schema-graph\">{\"@context\":\"https:\/\/schema.org\",\"@graph\":[{\"@type\":\"Article\",\"@id\":\"https:\/\/sceaux-lagazette.fr\/index.php\/2023\/01\/13\/le-cscb-en-plein-mouvement\/#article\",\"isPartOf\":{\"@id\":\"https:\/\/sceaux-lagazette.fr\/index.php\/2023\/01\/13\/le-cscb-en-plein-mouvement\/\"},\"author\":{\"name\":\"Maurice Zytnicki\",\"@id\":\"https:\/\/sceaux-lagazette.fr\/#\/schema\/person\/060ab8fc058c4220d9079707a58da9f1\"},\"headline\":\"Le CSCB en plein mouvement\",\"datePublished\":\"2023-01-13T08:30:21+00:00\",\"mainEntityOfPage\":{\"@id\":\"https:\/\/sceaux-lagazette.fr\/index.php\/2023\/01\/13\/le-cscb-en-plein-mouvement\/\"},\"wordCount\":961,\"commentCount\":0,\"publisher\":{\"@id\":\"https:\/\/sceaux-lagazette.fr\/#organization\"},\"image\":{\"@id\":\"https:\/\/sceaux-lagazette.fr\/index.php\/2023\/01\/13\/le-cscb-en-plein-mouvement\/#primaryimage\"},\"thumbnailUrl\":\"https:\/\/sceaux-lagazette.fr\/wp-content\/uploads\/2023\/01\/Sandrine-Fahrasmane.jpg\",\"articleSection\":[\"Bagneux\",\"Bourg-la-Reine\",\"Comp\u00e9tences sc\u00e9ennes\",\"Fontenay-aux-Roses\",\"Quartiers\",\"Sceaux\"],\"inLanguage\":\"fr-FR\",\"potentialAction\":[{\"@type\":\"CommentAction\",\"name\":\"Comment\",\"target\":[\"https:\/\/sceaux-lagazette.fr\/index.php\/2023\/01\/13\/le-cscb-en-plein-mouvement\/#respond\"]}]},{\"@type\":\"WebPage\",\"@id\":\"https:\/\/sceaux-lagazette.fr\/index.php\/2023\/01\/13\/le-cscb-en-plein-mouvement\/\",\"url\":\"https:\/\/sceaux-lagazette.fr\/index.php\/2023\/01\/13\/le-cscb-en-plein-mouvement\/\",\"name\":\"Le CSCB en plein mouvement - La Gazette\",\"isPartOf\":{\"@id\":\"https:\/\/sceaux-lagazette.fr\/#website\"},\"primaryImageOfPage\":{\"@id\":\"https:\/\/sceaux-lagazette.fr\/index.php\/2023\/01\/13\/le-cscb-en-plein-mouvement\/#primaryimage\"},\"image\":{\"@id\":\"https:\/\/sceaux-lagazette.fr\/index.php\/2023\/01\/13\/le-cscb-en-plein-mouvement\/#primaryimage\"},\"thumbnailUrl\":\"https:\/\/sceaux-lagazette.fr\/wp-content\/uploads\/2023\/01\/Sandrine-Fahrasmane.jpg\",\"datePublished\":\"2023-01-13T08:30:21+00:00\",\"breadcrumb\":{\"@id\":\"https:\/\/sceaux-lagazette.fr\/index.php\/2023\/01\/13\/le-cscb-en-plein-mouvement\/#breadcrumb\"},\"inLanguage\":\"fr-FR\",\"potentialAction\":[{\"@type\":\"ReadAction\",\"target\":[\"https:\/\/sceaux-lagazette.fr\/index.php\/2023\/01\/13\/le-cscb-en-plein-mouvement\/\"]}]},{\"@type\":\"ImageObject\",\"inLanguage\":\"fr-FR\",\"@id\":\"https:\/\/sceaux-lagazette.fr\/index.php\/2023\/01\/13\/le-cscb-en-plein-mouvement\/#primaryimage\",\"url\":\"https:\/\/sceaux-lagazette.fr\/wp-content\/uploads\/2023\/01\/Sandrine-Fahrasmane.jpg\",\"contentUrl\":\"https:\/\/sceaux-lagazette.fr\/wp-content\/uploads\/2023\/01\/Sandrine-Fahrasmane.jpg\",\"width\":960,\"height\":591},{\"@type\":\"BreadcrumbList\",\"@id\":\"https:\/\/sceaux-lagazette.fr\/index.php\/2023\/01\/13\/le-cscb-en-plein-mouvement\/#breadcrumb\",\"itemListElement\":[{\"@type\":\"ListItem\",\"position\":1,\"name\":\"Accueil\",\"item\":\"https:\/\/sceaux-lagazette.fr\/\"},{\"@type\":\"ListItem\",\"position\":2,\"name\":\"Le CSCB en plein mouvement\"}]},{\"@type\":\"WebSite\",\"@id\":\"https:\/\/sceaux-lagazette.fr\/#website\",\"url\":\"https:\/\/sceaux-lagazette.fr\/\",\"name\":\"La Gazette\",\"description\":\"Bourg-la-Reine, Ch\u00e2tenay, Fontenay, Sceaux\",\"publisher\":{\"@id\":\"https:\/\/sceaux-lagazette.fr\/#organization\"},\"potentialAction\":[{\"@type\":\"SearchAction\",\"target\":{\"@type\":\"EntryPoint\",\"urlTemplate\":\"https:\/\/sceaux-lagazette.fr\/?s={search_term_string}\"},\"query-input\":{\"@type\":\"PropertyValueSpecification\",\"valueRequired\":true,\"valueName\":\"search_term_string\"}}],\"inLanguage\":\"fr-FR\"},{\"@type\":\"Organization\",\"@id\":\"https:\/\/sceaux-lagazette.fr\/#organization\",\"name\":\"La Gazette\",\"url\":\"https:\/\/sceaux-lagazette.fr\/\",\"logo\":{\"@type\":\"ImageObject\",\"inLanguage\":\"fr-FR\",\"@id\":\"https:\/\/sceaux-lagazette.fr\/#\/schema\/logo\/image\/\",\"url\":\"https:\/\/sceaux-lagazette.fr\/wp-content\/uploads\/2025\/08\/Logo-Gazette-Aout-2025-V3.jpg\",\"contentUrl\":\"https:\/\/sceaux-lagazette.fr\/wp-content\/uploads\/2025\/08\/Logo-Gazette-Aout-2025-V3.jpg\",\"width\":525,\"height\":130,\"caption\":\"La Gazette\"},\"image\":{\"@id\":\"https:\/\/sceaux-lagazette.fr\/#\/schema\/logo\/image\/\"}},{\"@type\":\"Person\",\"@id\":\"https:\/\/sceaux-lagazette.fr\/#\/schema\/person\/060ab8fc058c4220d9079707a58da9f1\",\"name\":\"Maurice Zytnicki\",\"image\":{\"@type\":\"ImageObject\",\"inLanguage\":\"fr-FR\",\"@id\":\"https:\/\/sceaux-lagazette.fr\/#\/schema\/person\/image\/\",\"url\":\"https:\/\/secure.gravatar.com\/avatar\/d94d30d6fa0e9cb7af48a89366fc0cdb?s=96&r=g\",\"contentUrl\":\"https:\/\/secure.gravatar.com\/avatar\/d94d30d6fa0e9cb7af48a89366fc0cdb?s=96&r=g\",\"caption\":\"Maurice Zytnicki\"},\"url\":\"https:\/\/sceaux-lagazette.fr\/index.php\/author\/maurice\/\"}]}<\/script>\n<!-- \/ Yoast SEO plugin. -->","yoast_head_json":{"title":"Le CSCB en plein mouvement - La Gazette","robots":{"index":"index","follow":"follow","max-snippet":"max-snippet:-1","max-image-preview":"max-image-preview:large","max-video-preview":"max-video-preview:-1"},"canonical":"https:\/\/sceaux-lagazette.fr\/index.php\/2023\/01\/13\/le-cscb-en-plein-mouvement\/","og_locale":"fr_FR","og_type":"article","og_title":"Le CSCB en plein mouvement - La Gazette","og_description":"Pour pr\u00e9senter nos meilleurs v\u0153ux de succ\u00e8s au CSCB, une rencontre avec Sandrine Fahrasmane, la pr\u00e9sidente de l\u2019association s\u2019imposait. Le centre traverse une \u00e9tape importante\u00a0: la refonte de son projet social. Ce n\u2019est pas une mince affaire, car son positionnement est \u00e0 red\u00e9finir. Le bilan est en cours. Des projets&#8230;","og_url":"https:\/\/sceaux-lagazette.fr\/index.php\/2023\/01\/13\/le-cscb-en-plein-mouvement\/","og_site_name":"La Gazette","article_published_time":"2023-01-13T08:30:21+00:00","og_image":[{"width":960,"height":591,"url":"https:\/\/sceaux-lagazette.fr\/wp-content\/uploads\/2023\/01\/Sandrine-Fahrasmane.jpg","type":"image\/jpeg"}],"author":"Maurice Zytnicki","twitter_card":"summary_large_image","twitter_misc":{"\u00c9crit par":"Maurice Zytnicki","Dur\u00e9e de lecture estim\u00e9e":"5 minutes"},"schema":{"@context":"https:\/\/schema.org","@graph":[{"@type":"Article","@id":"https:\/\/sceaux-lagazette.fr\/index.php\/2023\/01\/13\/le-cscb-en-plein-mouvement\/#article","isPartOf":{"@id":"https:\/\/sceaux-lagazette.fr\/index.php\/2023\/01\/13\/le-cscb-en-plein-mouvement\/"},"author":{"name":"Maurice Zytnicki","@id":"https:\/\/sceaux-lagazette.fr\/#\/schema\/person\/060ab8fc058c4220d9079707a58da9f1"},"headline":"Le CSCB en plein mouvement","datePublished":"2023-01-13T08:30:21+00:00","mainEntityOfPage":{"@id":"https:\/\/sceaux-lagazette.fr\/index.php\/2023\/01\/13\/le-cscb-en-plein-mouvement\/"},"wordCount":961,"commentCount":0,"publisher":{"@id":"https:\/\/sceaux-lagazette.fr\/#organization"},"image":{"@id":"https:\/\/sceaux-lagazette.fr\/index.php\/2023\/01\/13\/le-cscb-en-plein-mouvement\/#primaryimage"},"thumbnailUrl":"https:\/\/sceaux-lagazette.fr\/wp-content\/uploads\/2023\/01\/Sandrine-Fahrasmane.jpg","articleSection":["Bagneux","Bourg-la-Reine","Comp\u00e9tences sc\u00e9ennes","Fontenay-aux-Roses","Quartiers","Sceaux"],"inLanguage":"fr-FR","potentialAction":[{"@type":"CommentAction","name":"Comment","target":["https:\/\/sceaux-lagazette.fr\/index.php\/2023\/01\/13\/le-cscb-en-plein-mouvement\/#respond"]}]},{"@type":"WebPage","@id":"https:\/\/sceaux-lagazette.fr\/index.php\/2023\/01\/13\/le-cscb-en-plein-mouvement\/","url":"https:\/\/sceaux-lagazette.fr\/index.php\/2023\/01\/13\/le-cscb-en-plein-mouvement\/","name":"Le CSCB en plein mouvement - La Gazette","isPartOf":{"@id":"https:\/\/sceaux-lagazette.fr\/#website"},"primaryImageOfPage":{"@id":"https:\/\/sceaux-lagazette.fr\/index.php\/2023\/01\/13\/le-cscb-en-plein-mouvement\/#primaryimage"},"image":{"@id":"https:\/\/sceaux-lagazette.fr\/index.php\/2023\/01\/13\/le-cscb-en-plein-mouvement\/#primaryimage"},"thumbnailUrl":"https:\/\/sceaux-lagazette.fr\/wp-content\/uploads\/2023\/01\/Sandrine-Fahrasmane.jpg","datePublished":"2023-01-13T08:30:21+00:00","breadcrumb":{"@id":"https:\/\/sceaux-lagazette.fr\/index.php\/2023\/01\/13\/le-cscb-en-plein-mouvement\/#breadcrumb"},"inLanguage":"fr-FR","potentialAction":[{"@type":"ReadAction","target":["https:\/\/sceaux-lagazette.fr\/index.php\/2023\/01\/13\/le-cscb-en-plein-mouvement\/"]}]},{"@type":"ImageObject","inLanguage":"fr-FR","@id":"https:\/\/sceaux-lagazette.fr\/index.php\/2023\/01\/13\/le-cscb-en-plein-mouvement\/#primaryimage","url":"https:\/\/sceaux-lagazette.fr\/wp-content\/uploads\/2023\/01\/Sandrine-Fahrasmane.jpg","contentUrl":"https:\/\/sceaux-lagazette.fr\/wp-content\/uploads\/2023\/01\/Sandrine-Fahrasmane.jpg","width":960,"height":591},{"@type":"BreadcrumbList","@id":"https:\/\/sceaux-lagazette.fr\/index.php\/2023\/01\/13\/le-cscb-en-plein-mouvement\/#breadcrumb","itemListElement":[{"@type":"ListItem","position":1,"name":"Accueil","item":"https:\/\/sceaux-lagazette.fr\/"},{"@type":"ListItem","position":2,"name":"Le CSCB en plein mouvement"}]},{"@type":"WebSite","@id":"https:\/\/sceaux-lagazette.fr\/#website","url":"https:\/\/sceaux-lagazette.fr\/","name":"La Gazette","description":"Bourg-la-Reine, Ch\u00e2tenay, Fontenay, Sceaux","publisher":{"@id":"https:\/\/sceaux-lagazette.fr\/#organization"},"potentialAction":[{"@type":"SearchAction","target":{"@type":"EntryPoint","urlTemplate":"https:\/\/sceaux-lagazette.fr\/?s={search_term_string}"},"query-input":{"@type":"PropertyValueSpecification","valueRequired":true,"valueName":"search_term_string"}}],"inLanguage":"fr-FR"},{"@type":"Organization","@id":"https:\/\/sceaux-lagazette.fr\/#organization","name":"La Gazette","url":"https:\/\/sceaux-lagazette.fr\/","logo":{"@type":"ImageObject","inLanguage":"fr-FR","@id":"https:\/\/sceaux-lagazette.fr\/#\/schema\/logo\/image\/","url":"https:\/\/sceaux-lagazette.fr\/wp-content\/uploads\/2025\/08\/Logo-Gazette-Aout-2025-V3.jpg","contentUrl":"https:\/\/sceaux-lagazette.fr\/wp-content\/uploads\/2025\/08\/Logo-Gazette-Aout-2025-V3.jpg","width":525,"height":130,"caption":"La Gazette"},"image":{"@id":"https:\/\/sceaux-lagazette.fr\/#\/schema\/logo\/image\/"}},{"@type":"Person","@id":"https:\/\/sceaux-lagazette.fr\/#\/schema\/person\/060ab8fc058c4220d9079707a58da9f1","name":"Maurice Zytnicki","image":{"@type":"ImageObject","inLanguage":"fr-FR","@id":"https:\/\/sceaux-lagazette.fr\/#\/schema\/person\/image\/","url":"https:\/\/secure.gravatar.com\/avatar\/d94d30d6fa0e9cb7af48a89366fc0cdb?s=96&r=g","contentUrl":"https:\/\/secure.gravatar.com\/avatar\/d94d30d6fa0e9cb7af48a89366fc0cdb?s=96&r=g","caption":"Maurice Zytnicki"},"url":"https:\/\/sceaux-lagazette.fr\/index.php\/author\/maurice\/"}]}},"cc_featured_image_caption":{"caption_text":"Photo LGdS","source_text":"","source_url":""},"_links":{"self":[{"href":"https:\/\/sceaux-lagazette.fr\/index.php\/wp-json\/wp\/v2\/posts\/8628"}],"collection":[{"href":"https:\/\/sceaux-lagazette.fr\/index.php\/wp-json\/wp\/v2\/posts"}],"about":[{"href":"https:\/\/sceaux-lagazette.fr\/index.php\/wp-json\/wp\/v2\/types\/post"}],"author":[{"embeddable":true,"href":"https:\/\/sceaux-lagazette.fr\/index.php\/wp-json\/wp\/v2\/users\/6"}],"replies":[{"embeddable":true,"href":"https:\/\/sceaux-lagazette.fr\/index.php\/wp-json\/wp\/v2\/comments?post=8628"}],"version-history":[{"count":4,"href":"https:\/\/sceaux-lagazette.fr\/index.php\/wp-json\/wp\/v2\/posts\/8628\/revisions"}],"predecessor-version":[{"id":8782,"href":"https:\/\/sceaux-lagazette.fr\/index.php\/wp-json\/wp\/v2\/posts\/8628\/revisions\/8782"}],"wp:featuredmedia":[{"embeddable":true,"href":"https:\/\/sceaux-lagazette.fr\/index.php\/wp-json\/wp\/v2\/media\/8630"}],"wp:attachment":[{"href":"https:\/\/sceaux-lagazette.fr\/index.php\/wp-json\/wp\/v2\/media?parent=8628"}],"wp:term":[{"taxonomy":"category","embeddable":true,"href":"https:\/\/sceaux-lagazette.fr\/index.php\/wp-json\/wp\/v2\/categories?post=8628"},{"taxonomy":"post_tag","embeddable":true,"href":"https:\/\/sceaux-lagazette.fr\/index.php\/wp-json\/wp\/v2\/tags?post=8628"}],"curies":[{"name":"wp","href":"https:\/\/api.w.org\/{rel}","templated":true}]}}