{"id":857,"date":"2020-06-10T13:30:12","date_gmt":"2020-06-10T11:30:12","guid":{"rendered":"http:\/\/sceaux-lagazette.fr\/?p=857"},"modified":"2020-06-10T17:26:43","modified_gmt":"2020-06-10T15:26:43","slug":"le-poete-meconnu-du-lycee-et-de-la-rue-florian-a-sceaux","status":"publish","type":"post","link":"https:\/\/sceaux-lagazette.fr\/index.php\/2020\/06\/10\/le-poete-meconnu-du-lycee-et-de-la-rue-florian-a-sceaux\/","title":{"rendered":"Jean-Pierre Clairs de Florian"},"content":{"rendered":"\n<p>Il a donn\u00e9 son nom \u00e0 un lyc\u00e9e en m\u00eame temps qu&rsquo;\u00e0 une rue, Jean-Pierre Clairs de Florian est un po\u00e8te assez m\u00e9connu dont la vie fut courte. Il na\u00eet dans le Gard, le 6 mars 1755 et meurt \u00e0 Sceaux le 13 septembre 1794, \u00e0 l&rsquo;\u00e2ge de 39 ans. <\/p>\n\n\n\n<div class=\"wp-block-image\"><figure class=\"alignright size-medium\"><img decoding=\"async\" src=\"http:\/\/sceaux-lagazette.fr\/wp-content\/uploads\/2020\/05\/20200522_095405-300x225.jpg\" alt=\"Plaque rue Florian\" class=\"wp-image-835\"\/><\/figure><\/div>\n\n\n\n<p>M\u00eame si sa v\u00e9ritable vocation fut po\u00e9tique, il laisse derri\u00e8re lui une \u0153uvre tr\u00e8s diverse et abondante avec des pi\u00e8ces de th\u00e9\u00e2tres, des nouvelles, des pastorales, des \u00e9glogues, des contes, des varia et des chants patriotiques.&nbsp;<\/p>\n\n\n\n<p>Sa source po\u00e9tique jaillit des souvenirs de son enfance au pays de l&rsquo;Occitanie. Elle est d<strong>&lsquo;une inspiration romantique<\/strong> exaltant les gr\u00e2ces de la nature. L&rsquo;histoire que raconte  <em>Estelle<\/em>, nom d&rsquo;une jeune et ravissante berg\u00e8re, est \u00e0 ce titre \u00e9loquente. Elle est fille de Raimond et de Marguerite, amoureuse de N\u00e9morin et cependant promise au fils de Maurice, un laboureur aupr\u00e8s duquel Raimond a engag\u00e9 sa parole de p\u00e8re. Il faut dire que l&rsquo;action se passe au XIIe si\u00e8cle. On ne rigole pas avec les engagements paternels. L&rsquo;histoire semblera assez d\u00e9su\u00e8te aux esprits d&rsquo;aujourd&rsquo;hui. Retenons-en \u00e0 l&rsquo;hommage permanent rendu aux enchantements du monde champ\u00eatre et vallonn\u00e9, lesquels ne sont pas sans rappeler les invocations au village et \u00e0 la for\u00eat qui essaiment dans nombre de discours. Citons pour l&rsquo;exemple :<\/p>\n\n\n\n<blockquote class=\"wp-block-quote is-layout-flow wp-block-quote-is-layout-flow\"><p><em> \u00ab\u00a0Sur les bords du Gardon, au pied des hautes montagnes des C\u00e9vennes, entre la ville d&rsquo;Anduze et le village de Massane, est un vallon o\u00f9 la nature semble avoir rassembl\u00e9 tous ses tr\u00e9sors.\u00a0\u00bb<\/em><\/p><cite>Estelle<\/cite><\/blockquote>\n\n\n\n<p>Il se fit aussi <strong>fabuliste <\/strong>et avec \u00ab\u00a0<em>La Guenon, le Singe et la Noix<\/em>\u00a0\u00bb qui date de 1792, on trouve un exemple de po\u00e8me all\u00e9gorique qui conduit \u00e0 une morale, \u00e0 la fa\u00e7on de La Fontaine:\u00a0\u00a0\u00a0<\/p>\n\n\n\n<blockquote class=\"wp-block-quote is-layout-flow wp-block-quote-is-layout-flow\"><p>Souvenez-vous que, dans la Vie, Sans un peu de travail, on n&rsquo;a point de plaisir \u00ab\u00a0<\/p><cite>La Guenon, le Singe et la Noix<\/cite><\/blockquote>\n\n\n\n<p>Il est \u00e9lu membre de l&rsquo;Acad\u00e9mie Fran\u00e7aise en 1788. C\u2019est en 1792 que les nobles sont chass\u00e9s de Paris, par un d\u00e9cret de la Convention. Florian s\u2019installe \u00e0 Sceaux qu\u2019il connaissait bien puisqu\u2019il y fut commandant de la Garde nationale de 1789 \u00e0 1792.<\/p>\n\n\n\n<h3 class=\"wp-block-heading\">Florian entreprend alors de traduire et d&rsquo;adapter \u00ab\u00a0Don Quichotte\u00a0\u00bb de Cervantes. <\/h3>\n\n\n\n<p>Il est arr\u00eat\u00e9 et incarc\u00e9r\u00e9 \u00e0 la prison de Port-Libre du 15 au 27 juillet 1794. Quelques semaines plus tard, il d\u00e9c\u00e8de de la tuberculose qu&rsquo;il avait contract\u00e9e quelques ann\u00e9es auparavant mais qui s&rsquo;aggrava probablement lors de sa d\u00e9tention.<\/p>\n\n\n\n<p>Il est enterr\u00e9 \u00e0 Sceaux. Sa tombe et son buste se trouvaient dans le jardin des F\u00e9libres, situ\u00e9 derri\u00e8re l&rsquo;\u00e9glise de Sceaux, mais en 2015, une nouvelle inhumation a lieu et sa d\u00e9pouille a rejoint une tombe contemporaine au cimeti\u00e8re de Sceaux.<\/p>\n\n\n\n<p>Un lyc\u00e9e des m\u00e9tiers et une rue du centre-ville de Sceaux portent son nom. Florian reste m\u00e9connu de bon nombre d\u2019entre nous. Esp\u00e9rons que ce petit rappel le sorte un peu de l&rsquo;oubli.<\/p>\n\n\n\n<hr class=\"wp-block-separator\"\/>\n\n\n\n<p>Pour en savoir plus sur le Lyc\u00e9e Florian: <a href=\"http:\/\/www.lyc-florian-sceaux.ac-versailles.fr\/\" target=\"_blank\" rel=\"noreferrer noopener\">http:\/\/www.lyc-florian-sceaux.ac-versailles.fr\/<\/a><\/p>\n\n\n\n<p><\/p>\n","protected":false},"excerpt":{"rendered":"<p>Jean-Pierre Clairs de Florian, \u00e9crivain du XVIIIe si\u00e8cle<\/p>\n","protected":false},"author":20,"featured_media":0,"comment_status":"open","ping_status":"open","sticky":false,"template":"","format":"standard","meta":{"om_disable_all_campaigns":false,"_monsterinsights_skip_tracking":false,"_monsterinsights_sitenote_active":false,"_monsterinsights_sitenote_note":"","_monsterinsights_sitenote_category":0,"_uf_show_specific_survey":0,"_uf_disable_surveys":false,"footnotes":""},"categories":[140,5],"tags":[168,167],"class_list":["post-857","post","type-post","status-publish","format-standard","hentry","category-noms-de-rue","category-des-quartiers-de-sceaux","tag-quartiers","tag-rues","entry","simple"],"yoast_head":"<!-- This site is optimized with the Yoast SEO plugin v25.6 - https:\/\/yoast.com\/wordpress\/plugins\/seo\/ -->\n<title>Jean-Pierre Clairs de Florian - La Gazette<\/title>\n<meta name=\"description\" content=\"Jean-Pierre Clairs de Florian eut une oeuvrediverse et abondante avec des pi\u00e8ces de th\u00e9\u00e2tres, des nouvelles, des pastorales, des \u00e9glogues, des contes, des varia et des chants. Il naquit dans le Gard en 1755 et mourut \u00e0 Sceaux en 1794, \u00e0 l&#039;\u00e2ge de 39 ans.\" \/>\n<meta name=\"robots\" content=\"index, follow, max-snippet:-1, max-image-preview:large, max-video-preview:-1\" \/>\n<link rel=\"canonical\" href=\"https:\/\/sceaux-lagazette.fr\/index.php\/2020\/06\/10\/le-poete-meconnu-du-lycee-et-de-la-rue-florian-a-sceaux\/\" \/>\n<meta property=\"og:locale\" content=\"fr_FR\" \/>\n<meta property=\"og:type\" content=\"article\" \/>\n<meta property=\"og:title\" content=\"Jean-Pierre Clairs de Florian - La Gazette\" \/>\n<meta property=\"og:description\" content=\"Jean-Pierre Clairs de Florian eut une oeuvrediverse et abondante avec des pi\u00e8ces de th\u00e9\u00e2tres, des nouvelles, des pastorales, des \u00e9glogues, des contes, des varia et des chants. Il naquit dans le Gard en 1755 et mourut \u00e0 Sceaux en 1794, \u00e0 l&#039;\u00e2ge de 39 ans.\" \/>\n<meta property=\"og:url\" content=\"https:\/\/sceaux-lagazette.fr\/index.php\/2020\/06\/10\/le-poete-meconnu-du-lycee-et-de-la-rue-florian-a-sceaux\/\" \/>\n<meta property=\"og:site_name\" content=\"La Gazette\" \/>\n<meta property=\"article:published_time\" content=\"2020-06-10T11:30:12+00:00\" \/>\n<meta property=\"article:modified_time\" content=\"2020-06-10T15:26:43+00:00\" \/>\n<meta property=\"og:image\" content=\"http:\/\/sceaux-lagazette.fr\/wp-content\/uploads\/2020\/05\/20200522_095405-300x225.jpg\" \/>\n<meta name=\"author\" content=\"LGdS\" \/>\n<meta name=\"twitter:card\" content=\"summary_large_image\" \/>\n<meta name=\"twitter:label1\" content=\"\u00c9crit par\" \/>\n\t<meta name=\"twitter:data1\" content=\"LGdS\" \/>\n\t<meta name=\"twitter:label2\" content=\"Dur\u00e9e de lecture estim\u00e9e\" \/>\n\t<meta name=\"twitter:data2\" content=\"3 minutes\" \/>\n<script type=\"application\/ld+json\" class=\"yoast-schema-graph\">{\"@context\":\"https:\/\/schema.org\",\"@graph\":[{\"@type\":\"Article\",\"@id\":\"https:\/\/sceaux-lagazette.fr\/index.php\/2020\/06\/10\/le-poete-meconnu-du-lycee-et-de-la-rue-florian-a-sceaux\/#article\",\"isPartOf\":{\"@id\":\"https:\/\/sceaux-lagazette.fr\/index.php\/2020\/06\/10\/le-poete-meconnu-du-lycee-et-de-la-rue-florian-a-sceaux\/\"},\"author\":{\"name\":\"LGdS\",\"@id\":\"https:\/\/sceaux-lagazette.fr\/#\/schema\/person\/806960bbccfc3b4ae295c2b54730eb27\"},\"headline\":\"Jean-Pierre Clairs de Florian\",\"datePublished\":\"2020-06-10T11:30:12+00:00\",\"dateModified\":\"2020-06-10T15:26:43+00:00\",\"mainEntityOfPage\":{\"@id\":\"https:\/\/sceaux-lagazette.fr\/index.php\/2020\/06\/10\/le-poete-meconnu-du-lycee-et-de-la-rue-florian-a-sceaux\/\"},\"wordCount\":539,\"commentCount\":0,\"publisher\":{\"@id\":\"https:\/\/sceaux-lagazette.fr\/#organization\"},\"image\":{\"@id\":\"https:\/\/sceaux-lagazette.fr\/index.php\/2020\/06\/10\/le-poete-meconnu-du-lycee-et-de-la-rue-florian-a-sceaux\/#primaryimage\"},\"thumbnailUrl\":\"http:\/\/sceaux-lagazette.fr\/wp-content\/uploads\/2020\/05\/20200522_095405-300x225.jpg\",\"keywords\":[\"Quartiers\",\"Rues\"],\"articleSection\":[\"Noms de rue\",\"Quartiers\"],\"inLanguage\":\"fr-FR\",\"potentialAction\":[{\"@type\":\"CommentAction\",\"name\":\"Comment\",\"target\":[\"https:\/\/sceaux-lagazette.fr\/index.php\/2020\/06\/10\/le-poete-meconnu-du-lycee-et-de-la-rue-florian-a-sceaux\/#respond\"]}]},{\"@type\":\"WebPage\",\"@id\":\"https:\/\/sceaux-lagazette.fr\/index.php\/2020\/06\/10\/le-poete-meconnu-du-lycee-et-de-la-rue-florian-a-sceaux\/\",\"url\":\"https:\/\/sceaux-lagazette.fr\/index.php\/2020\/06\/10\/le-poete-meconnu-du-lycee-et-de-la-rue-florian-a-sceaux\/\",\"name\":\"Jean-Pierre Clairs de Florian - La Gazette\",\"isPartOf\":{\"@id\":\"https:\/\/sceaux-lagazette.fr\/#website\"},\"primaryImageOfPage\":{\"@id\":\"https:\/\/sceaux-lagazette.fr\/index.php\/2020\/06\/10\/le-poete-meconnu-du-lycee-et-de-la-rue-florian-a-sceaux\/#primaryimage\"},\"image\":{\"@id\":\"https:\/\/sceaux-lagazette.fr\/index.php\/2020\/06\/10\/le-poete-meconnu-du-lycee-et-de-la-rue-florian-a-sceaux\/#primaryimage\"},\"thumbnailUrl\":\"http:\/\/sceaux-lagazette.fr\/wp-content\/uploads\/2020\/05\/20200522_095405-300x225.jpg\",\"datePublished\":\"2020-06-10T11:30:12+00:00\",\"dateModified\":\"2020-06-10T15:26:43+00:00\",\"description\":\"Jean-Pierre Clairs de Florian eut une oeuvrediverse et abondante avec des pi\u00e8ces de th\u00e9\u00e2tres, des nouvelles, des pastorales, des \u00e9glogues, des contes, des varia et des chants. Il naquit dans le Gard en 1755 et mourut \u00e0 Sceaux en 1794, \u00e0 l'\u00e2ge de 39 ans.\",\"breadcrumb\":{\"@id\":\"https:\/\/sceaux-lagazette.fr\/index.php\/2020\/06\/10\/le-poete-meconnu-du-lycee-et-de-la-rue-florian-a-sceaux\/#breadcrumb\"},\"inLanguage\":\"fr-FR\",\"potentialAction\":[{\"@type\":\"ReadAction\",\"target\":[\"https:\/\/sceaux-lagazette.fr\/index.php\/2020\/06\/10\/le-poete-meconnu-du-lycee-et-de-la-rue-florian-a-sceaux\/\"]}]},{\"@type\":\"ImageObject\",\"inLanguage\":\"fr-FR\",\"@id\":\"https:\/\/sceaux-lagazette.fr\/index.php\/2020\/06\/10\/le-poete-meconnu-du-lycee-et-de-la-rue-florian-a-sceaux\/#primaryimage\",\"url\":\"http:\/\/sceaux-lagazette.fr\/wp-content\/uploads\/2020\/05\/20200522_095405-300x225.jpg\",\"contentUrl\":\"http:\/\/sceaux-lagazette.fr\/wp-content\/uploads\/2020\/05\/20200522_095405-300x225.jpg\"},{\"@type\":\"BreadcrumbList\",\"@id\":\"https:\/\/sceaux-lagazette.fr\/index.php\/2020\/06\/10\/le-poete-meconnu-du-lycee-et-de-la-rue-florian-a-sceaux\/#breadcrumb\",\"itemListElement\":[{\"@type\":\"ListItem\",\"position\":1,\"name\":\"Accueil\",\"item\":\"https:\/\/sceaux-lagazette.fr\/\"},{\"@type\":\"ListItem\",\"position\":2,\"name\":\"Jean-Pierre Clairs de Florian\"}]},{\"@type\":\"WebSite\",\"@id\":\"https:\/\/sceaux-lagazette.fr\/#website\",\"url\":\"https:\/\/sceaux-lagazette.fr\/\",\"name\":\"La Gazette\",\"description\":\"Bourg-la-Reine, Ch\u00e2tenay, Fontenay, Sceaux\",\"publisher\":{\"@id\":\"https:\/\/sceaux-lagazette.fr\/#organization\"},\"potentialAction\":[{\"@type\":\"SearchAction\",\"target\":{\"@type\":\"EntryPoint\",\"urlTemplate\":\"https:\/\/sceaux-lagazette.fr\/?s={search_term_string}\"},\"query-input\":{\"@type\":\"PropertyValueSpecification\",\"valueRequired\":true,\"valueName\":\"search_term_string\"}}],\"inLanguage\":\"fr-FR\"},{\"@type\":\"Organization\",\"@id\":\"https:\/\/sceaux-lagazette.fr\/#organization\",\"name\":\"La Gazette\",\"url\":\"https:\/\/sceaux-lagazette.fr\/\",\"logo\":{\"@type\":\"ImageObject\",\"inLanguage\":\"fr-FR\",\"@id\":\"https:\/\/sceaux-lagazette.fr\/#\/schema\/logo\/image\/\",\"url\":\"https:\/\/sceaux-lagazette.fr\/wp-content\/uploads\/2025\/08\/Logo-Gazette-Aout-2025-V3.jpg\",\"contentUrl\":\"https:\/\/sceaux-lagazette.fr\/wp-content\/uploads\/2025\/08\/Logo-Gazette-Aout-2025-V3.jpg\",\"width\":525,\"height\":130,\"caption\":\"La Gazette\"},\"image\":{\"@id\":\"https:\/\/sceaux-lagazette.fr\/#\/schema\/logo\/image\/\"}},{\"@type\":\"Person\",\"@id\":\"https:\/\/sceaux-lagazette.fr\/#\/schema\/person\/806960bbccfc3b4ae295c2b54730eb27\",\"name\":\"LGdS\",\"image\":{\"@type\":\"ImageObject\",\"inLanguage\":\"fr-FR\",\"@id\":\"https:\/\/sceaux-lagazette.fr\/#\/schema\/person\/image\/\",\"url\":\"https:\/\/secure.gravatar.com\/avatar\/996280e569d55491618abd43c427078e?s=96&r=g\",\"contentUrl\":\"https:\/\/secure.gravatar.com\/avatar\/996280e569d55491618abd43c427078e?s=96&r=g\",\"caption\":\"LGdS\"},\"url\":\"https:\/\/sceaux-lagazette.fr\/index.php\/author\/lgds\/\"}]}<\/script>\n<!-- \/ Yoast SEO plugin. -->","yoast_head_json":{"title":"Jean-Pierre Clairs de Florian - La Gazette","description":"Jean-Pierre Clairs de Florian eut une oeuvrediverse et abondante avec des pi\u00e8ces de th\u00e9\u00e2tres, des nouvelles, des pastorales, des \u00e9glogues, des contes, des varia et des chants. Il naquit dans le Gard en 1755 et mourut \u00e0 Sceaux en 1794, \u00e0 l'\u00e2ge de 39 ans.","robots":{"index":"index","follow":"follow","max-snippet":"max-snippet:-1","max-image-preview":"max-image-preview:large","max-video-preview":"max-video-preview:-1"},"canonical":"https:\/\/sceaux-lagazette.fr\/index.php\/2020\/06\/10\/le-poete-meconnu-du-lycee-et-de-la-rue-florian-a-sceaux\/","og_locale":"fr_FR","og_type":"article","og_title":"Jean-Pierre Clairs de Florian - La Gazette","og_description":"Jean-Pierre Clairs de Florian eut une oeuvrediverse et abondante avec des pi\u00e8ces de th\u00e9\u00e2tres, des nouvelles, des pastorales, des \u00e9glogues, des contes, des varia et des chants. Il naquit dans le Gard en 1755 et mourut \u00e0 Sceaux en 1794, \u00e0 l'\u00e2ge de 39 ans.","og_url":"https:\/\/sceaux-lagazette.fr\/index.php\/2020\/06\/10\/le-poete-meconnu-du-lycee-et-de-la-rue-florian-a-sceaux\/","og_site_name":"La Gazette","article_published_time":"2020-06-10T11:30:12+00:00","article_modified_time":"2020-06-10T15:26:43+00:00","og_image":[{"url":"http:\/\/sceaux-lagazette.fr\/wp-content\/uploads\/2020\/05\/20200522_095405-300x225.jpg","type":"","width":"","height":""}],"author":"LGdS","twitter_card":"summary_large_image","twitter_misc":{"\u00c9crit par":"LGdS","Dur\u00e9e de lecture estim\u00e9e":"3 minutes"},"schema":{"@context":"https:\/\/schema.org","@graph":[{"@type":"Article","@id":"https:\/\/sceaux-lagazette.fr\/index.php\/2020\/06\/10\/le-poete-meconnu-du-lycee-et-de-la-rue-florian-a-sceaux\/#article","isPartOf":{"@id":"https:\/\/sceaux-lagazette.fr\/index.php\/2020\/06\/10\/le-poete-meconnu-du-lycee-et-de-la-rue-florian-a-sceaux\/"},"author":{"name":"LGdS","@id":"https:\/\/sceaux-lagazette.fr\/#\/schema\/person\/806960bbccfc3b4ae295c2b54730eb27"},"headline":"Jean-Pierre Clairs de Florian","datePublished":"2020-06-10T11:30:12+00:00","dateModified":"2020-06-10T15:26:43+00:00","mainEntityOfPage":{"@id":"https:\/\/sceaux-lagazette.fr\/index.php\/2020\/06\/10\/le-poete-meconnu-du-lycee-et-de-la-rue-florian-a-sceaux\/"},"wordCount":539,"commentCount":0,"publisher":{"@id":"https:\/\/sceaux-lagazette.fr\/#organization"},"image":{"@id":"https:\/\/sceaux-lagazette.fr\/index.php\/2020\/06\/10\/le-poete-meconnu-du-lycee-et-de-la-rue-florian-a-sceaux\/#primaryimage"},"thumbnailUrl":"http:\/\/sceaux-lagazette.fr\/wp-content\/uploads\/2020\/05\/20200522_095405-300x225.jpg","keywords":["Quartiers","Rues"],"articleSection":["Noms de rue","Quartiers"],"inLanguage":"fr-FR","potentialAction":[{"@type":"CommentAction","name":"Comment","target":["https:\/\/sceaux-lagazette.fr\/index.php\/2020\/06\/10\/le-poete-meconnu-du-lycee-et-de-la-rue-florian-a-sceaux\/#respond"]}]},{"@type":"WebPage","@id":"https:\/\/sceaux-lagazette.fr\/index.php\/2020\/06\/10\/le-poete-meconnu-du-lycee-et-de-la-rue-florian-a-sceaux\/","url":"https:\/\/sceaux-lagazette.fr\/index.php\/2020\/06\/10\/le-poete-meconnu-du-lycee-et-de-la-rue-florian-a-sceaux\/","name":"Jean-Pierre Clairs de Florian - La Gazette","isPartOf":{"@id":"https:\/\/sceaux-lagazette.fr\/#website"},"primaryImageOfPage":{"@id":"https:\/\/sceaux-lagazette.fr\/index.php\/2020\/06\/10\/le-poete-meconnu-du-lycee-et-de-la-rue-florian-a-sceaux\/#primaryimage"},"image":{"@id":"https:\/\/sceaux-lagazette.fr\/index.php\/2020\/06\/10\/le-poete-meconnu-du-lycee-et-de-la-rue-florian-a-sceaux\/#primaryimage"},"thumbnailUrl":"http:\/\/sceaux-lagazette.fr\/wp-content\/uploads\/2020\/05\/20200522_095405-300x225.jpg","datePublished":"2020-06-10T11:30:12+00:00","dateModified":"2020-06-10T15:26:43+00:00","description":"Jean-Pierre Clairs de Florian eut une oeuvrediverse et abondante avec des pi\u00e8ces de th\u00e9\u00e2tres, des nouvelles, des pastorales, des \u00e9glogues, des contes, des varia et des chants. Il naquit dans le Gard en 1755 et mourut \u00e0 Sceaux en 1794, \u00e0 l'\u00e2ge de 39 ans.","breadcrumb":{"@id":"https:\/\/sceaux-lagazette.fr\/index.php\/2020\/06\/10\/le-poete-meconnu-du-lycee-et-de-la-rue-florian-a-sceaux\/#breadcrumb"},"inLanguage":"fr-FR","potentialAction":[{"@type":"ReadAction","target":["https:\/\/sceaux-lagazette.fr\/index.php\/2020\/06\/10\/le-poete-meconnu-du-lycee-et-de-la-rue-florian-a-sceaux\/"]}]},{"@type":"ImageObject","inLanguage":"fr-FR","@id":"https:\/\/sceaux-lagazette.fr\/index.php\/2020\/06\/10\/le-poete-meconnu-du-lycee-et-de-la-rue-florian-a-sceaux\/#primaryimage","url":"http:\/\/sceaux-lagazette.fr\/wp-content\/uploads\/2020\/05\/20200522_095405-300x225.jpg","contentUrl":"http:\/\/sceaux-lagazette.fr\/wp-content\/uploads\/2020\/05\/20200522_095405-300x225.jpg"},{"@type":"BreadcrumbList","@id":"https:\/\/sceaux-lagazette.fr\/index.php\/2020\/06\/10\/le-poete-meconnu-du-lycee-et-de-la-rue-florian-a-sceaux\/#breadcrumb","itemListElement":[{"@type":"ListItem","position":1,"name":"Accueil","item":"https:\/\/sceaux-lagazette.fr\/"},{"@type":"ListItem","position":2,"name":"Jean-Pierre Clairs de Florian"}]},{"@type":"WebSite","@id":"https:\/\/sceaux-lagazette.fr\/#website","url":"https:\/\/sceaux-lagazette.fr\/","name":"La Gazette","description":"Bourg-la-Reine, Ch\u00e2tenay, Fontenay, Sceaux","publisher":{"@id":"https:\/\/sceaux-lagazette.fr\/#organization"},"potentialAction":[{"@type":"SearchAction","target":{"@type":"EntryPoint","urlTemplate":"https:\/\/sceaux-lagazette.fr\/?s={search_term_string}"},"query-input":{"@type":"PropertyValueSpecification","valueRequired":true,"valueName":"search_term_string"}}],"inLanguage":"fr-FR"},{"@type":"Organization","@id":"https:\/\/sceaux-lagazette.fr\/#organization","name":"La Gazette","url":"https:\/\/sceaux-lagazette.fr\/","logo":{"@type":"ImageObject","inLanguage":"fr-FR","@id":"https:\/\/sceaux-lagazette.fr\/#\/schema\/logo\/image\/","url":"https:\/\/sceaux-lagazette.fr\/wp-content\/uploads\/2025\/08\/Logo-Gazette-Aout-2025-V3.jpg","contentUrl":"https:\/\/sceaux-lagazette.fr\/wp-content\/uploads\/2025\/08\/Logo-Gazette-Aout-2025-V3.jpg","width":525,"height":130,"caption":"La Gazette"},"image":{"@id":"https:\/\/sceaux-lagazette.fr\/#\/schema\/logo\/image\/"}},{"@type":"Person","@id":"https:\/\/sceaux-lagazette.fr\/#\/schema\/person\/806960bbccfc3b4ae295c2b54730eb27","name":"LGdS","image":{"@type":"ImageObject","inLanguage":"fr-FR","@id":"https:\/\/sceaux-lagazette.fr\/#\/schema\/person\/image\/","url":"https:\/\/secure.gravatar.com\/avatar\/996280e569d55491618abd43c427078e?s=96&r=g","contentUrl":"https:\/\/secure.gravatar.com\/avatar\/996280e569d55491618abd43c427078e?s=96&r=g","caption":"LGdS"},"url":"https:\/\/sceaux-lagazette.fr\/index.php\/author\/lgds\/"}]}},"cc_featured_image_caption":{"caption_text":false,"source_text":false,"source_url":false},"_links":{"self":[{"href":"https:\/\/sceaux-lagazette.fr\/index.php\/wp-json\/wp\/v2\/posts\/857"}],"collection":[{"href":"https:\/\/sceaux-lagazette.fr\/index.php\/wp-json\/wp\/v2\/posts"}],"about":[{"href":"https:\/\/sceaux-lagazette.fr\/index.php\/wp-json\/wp\/v2\/types\/post"}],"author":[{"embeddable":true,"href":"https:\/\/sceaux-lagazette.fr\/index.php\/wp-json\/wp\/v2\/users\/20"}],"replies":[{"embeddable":true,"href":"https:\/\/sceaux-lagazette.fr\/index.php\/wp-json\/wp\/v2\/comments?post=857"}],"version-history":[{"count":14,"href":"https:\/\/sceaux-lagazette.fr\/index.php\/wp-json\/wp\/v2\/posts\/857\/revisions"}],"predecessor-version":[{"id":1307,"href":"https:\/\/sceaux-lagazette.fr\/index.php\/wp-json\/wp\/v2\/posts\/857\/revisions\/1307"}],"wp:attachment":[{"href":"https:\/\/sceaux-lagazette.fr\/index.php\/wp-json\/wp\/v2\/media?parent=857"}],"wp:term":[{"taxonomy":"category","embeddable":true,"href":"https:\/\/sceaux-lagazette.fr\/index.php\/wp-json\/wp\/v2\/categories?post=857"},{"taxonomy":"post_tag","embeddable":true,"href":"https:\/\/sceaux-lagazette.fr\/index.php\/wp-json\/wp\/v2\/tags?post=857"}],"curies":[{"name":"wp","href":"https:\/\/api.w.org\/{rel}","templated":true}]}}