{"id":8530,"date":"2023-01-11T09:30:56","date_gmt":"2023-01-11T08:30:56","guid":{"rendered":"https:\/\/sceaux-lagazette.fr\/?p=8530"},"modified":"2023-01-11T09:41:37","modified_gmt":"2023-01-11T08:41:37","slug":"plan-climat-vallee-sud-entretien-avec-jacqueline-belhomme","status":"publish","type":"post","link":"https:\/\/sceaux-lagazette.fr\/index.php\/2023\/01\/11\/plan-climat-vallee-sud-entretien-avec-jacqueline-belhomme\/","title":{"rendered":"Plan climat Vall\u00e9e Sud : entretien avec Jacqueline Belhomme"},"content":{"rendered":"\n<p>S\u2019il est un sujet qui mobilise nos communes toutes couleurs politiques confondues, c\u2019est bien la lutte contre le r\u00e9chauffement climatique. La prise de conscience, bien qu\u2019encore tr\u00e8s variable, a grandi dans le monde. Les \u00c9tats communiquent ensemble. De jeunes stars se sont impos\u00e9es. L\u2019agenda, quand il n\u2019est pas consacr\u00e9 \u00e0 la guerre, est \u00e0 l\u2019urgence \u00e9cologique. Logique de voir que localement, on se mobilise aussi. Heureusement m\u00eame. Jacqueline Belhomme n\u2019est pas seulement maire de Malakoff. Elle est vice-pr\u00e9sidente de Vall\u00e9e Sud Grand Paris<a href=\"#_ftn1\">[1]<\/a> (VSGP) en charge du d\u00e9veloppement durable.<\/p>\n\n\n\n<p>La d\u00e9marche est bien document\u00e9e dans le PCAET (<em>Plan Climat Air \u00c9nergie du Territoire<\/em>)<a href=\"#_ftn2\">[2]<\/a>. Mais quel en est l&rsquo;avancement&nbsp;?<\/p>\n\n\n\n<h2 class=\"wp-block-heading\">Un bilan de l&rsquo;existant<\/h2>\n\n\n\n<p><strong>La Gazette de Sceaux (LGdS)\u00a0: Le site de VSGP parle du PCAET comme \u00ab\u00a0des leviers strat\u00e9giques permettant de r\u00e9duire les consommations \u00e9nerg\u00e9tiques et les \u00e9missions de gaz \u00e0 effet de serre, et d\u2019am\u00e9liorer la qualit\u00e9 de l\u2019air.\u00a0\u00bb Dans quel le contexte a-t-il \u00e9t\u00e9 \u00e9labor\u00e9\u00a0?<\/strong><\/p>\n\n\n\n<p><strong>Jacqueline Belhomme<\/strong> <strong>(JB)<\/strong>\u00a0: Le PCAET s\u2019inscrit dans la logique de la m\u00e9tropole du Grand Paris qui a produit un PCAEM (M pour M\u00e9tropole). C\u2019est une sorte de sch\u00e9ma directeur global auquel les diff\u00e9rents PCAET doivent se conformer. C\u2019est une n\u00e9cessit\u00e9. Il serait incons\u00e9quent de ne pas coordonner les actions sur un ensemble aussi interd\u00e9pendant qu\u2019est la M\u00e9tropole. Les PCAET sont \u00e9tablis pour six ans. Le n\u00f4tre a \u00e9t\u00e9 adopt\u00e9 le 30 mars 2022 en Conseil de Territoire.<\/p>\n\n\n\n<p>Le processus d\u2019\u00e9laboration a commenc\u00e9 par une phase de recensement de ce qui se fait dans les communes. Une large concertation avec les habitants a \u00e9t\u00e9 organis\u00e9e lors d\u2019ateliers participatifs. Les associations ont \u00e9t\u00e9 sollicit\u00e9es. Et, bien s\u00fbr, les \u00e9lus des onze villes du Territoire se sont impliqu\u00e9s. Je veux souligner qu\u2019on s\u2019est efforc\u00e9 de communiquer sur les r\u00e9seaux sociaux et le r\u00e9sultat en a \u00e9t\u00e9 positif. Le num\u00e9rique a permis une concertation plus ouverte que les r\u00e9unions par ville qui, en g\u00e9n\u00e9ral, attirent les m\u00eames personnes.<\/p>\n\n\n\n<p>Le covid et les municipales (qui ont conduit \u00e0 des changements d\u2019\u00e9lus) ont ralenti le processus. Mais le voil\u00e0 bien reparti. Une prochaine r\u00e9union d\u2019\u00e9lus est pr\u00e9vue en janvier.<\/p>\n\n\n\n<p>Un point important \u00e0 comprendre est que, pour de nombreuses actions, de grosses \u00e9tudes sont n\u00e9cessaires. Et elles ne sont pas simples. Pensez aux transferts de voirie ou d\u2019\u00e9quipements importants jusque-l\u00e0 g\u00e9r\u00e9s par les communes.<\/p>\n\n\n\n<h2 class=\"wp-block-heading\">60% des actions pr\u00e9vues ont d\u00e9marr\u00e9<\/h2>\n\n\n\n<p><strong>LGdS&nbsp;: O\u00f9 en est-on actuellement&nbsp;?<\/strong><\/p>\n\n\n\n<p><strong>JB&nbsp;<\/strong>: Rappelons d\u2019abord notre objectif principal&nbsp;: la r\u00e9duction de 40% d\u2019\u00e9missions de gaz \u00e0 effets de serre en 2030. Citons aussi d\u2019autres objectifs majeurs.<\/p>\n\n\n\n<div class=\"wp-block-image\"><figure class=\"alignleft size-large\"><img decoding=\"async\" width=\"153\" height=\"150\" src=\"https:\/\/sceaux-lagazette.fr\/wp-content\/uploads\/2023\/01\/PCAET-VSGP-3.jpg\" alt=\"\" class=\"wp-image-8543\"\/><\/figure><\/div>\n\n\n\n<ul class=\"wp-block-list\"><li>Atteindre 100% de d\u00e9chets valoris\u00e9s d\u2019ici 2030,<\/li><li>Atteindre 100% des logements r\u00e9nov\u00e9s \u00e9nerg\u00e9tiquement d\u2019ici 2050,<\/li><li>Diminuer de 45% de d\u00e9chets sur le territoire d\u2019ici 2050, avec une large diffusion des composteurs,<\/li><li>Atteindre 15% de d\u00e9placement \u00e0 v\u00e9lo d\u2019ici 2050.<\/li><\/ul>\n\n\n\n<p>Pour atteindre ces objectifs, une cinquantaine d\u2019actions ont \u00e9t\u00e9 d\u00e9finies (53 pour \u00eatre pr\u00e9cise) qui contribuent \u00e0 <a href=\"https:\/\/www.valleesud.fr\/fr\/actualites\/les-10-projets-phares-du-pcaet-pour-un-avenir-durable\">10 projets phares<\/a>. Sans surprise, ils abordent les gros postes de r\u00e9duction de la consommation \u00e9nerg\u00e9tique que sont les b\u00e2timents, les d\u00e9placements, les entreprises. En ce qui concerne le chauffage des b\u00e2timents, le territoire a engag\u00e9 des projets sur la g\u00e9othermie, l\u2019hydrog\u00e8ne. Pour le solaire, des \u00e9tudes de cadastrage ont \u00e9t\u00e9 lanc\u00e9es pour explorer ses potentialit\u00e9s. Au total, 60 % des actions du PCAET ont d\u00e9j\u00e0 \u00e9t\u00e9 initi\u00e9es.<\/p>\n\n\n\n<h2 class=\"wp-block-heading\">Un d\u00e9monstrateur transversal<\/h2>\n\n\n\n<p><strong>LGdS&nbsp;: Le d\u00e9monstrateur \u00e9cologique fait partie des projets phares. Il est destin\u00e9 \u00e0 montrer concr\u00e8tement les potentialit\u00e9s et \u00e0 faire \u00e9voluer les mentalit\u00e9s. Quel est son avancement&nbsp;?<\/strong><\/p>\n\n\n\n<p><strong>J. B. <\/strong>Le terrain \u00e0 Ch\u00e2tenay-Malabry est en cours d\u2019acquisition. Des contentieux ont ralenti le processus. Mais le premier coup de pioche est pr\u00e9vu pour 2023.<\/p>\n\n\n\n<p>Il comporte diff\u00e9rents volets&nbsp;:<\/p>\n\n\n\n<ul class=\"wp-block-list\"><li>Une \u00e9cole du d\u00e9veloppement durable, \u00e0 comprendre comme un lieu de de cr\u00e9ation de projets \u00e9ducatifs territoriaux au service de l\u2019Education nationale et des services Jeunesse des villes (pour le p\u00e9riscolaire par exemple). La d\u00e9finition pr\u00e9cise de ses missions est en cours.<\/li><li>Un site de production d\u2019hydrog\u00e8ne (la distribution est plut\u00f4t pr\u00e9vue sur un site SNCF \u00e0 la limite entre Bagneaux et Ch\u00e2tillon)<\/li><li>Un showroom pour la SEM Vall\u00e9e Sud Renov<\/li><li>Un site de \u00ab&nbsp;renaturation&nbsp;\u00bb destin\u00e9 \u00e0 inscrire de la biodiversit\u00e9 dans le territoire<\/li><li>Un site de logistique urbaine (dernier km)<\/li><li>Une recyclerie territoriale<\/li><\/ul>\n\n\n\n<p>Le groupe de travail anim\u00e9 par Beno\u00eet Blot contribue \u00e0 ce projet. A VSGP, le maire adjoint au Plessis-Robinson a la charge du PLUi, du traitement des ordures m\u00e9nag\u00e8res, de l\u2019hydrog\u00e8ne.<\/p>\n\n\n\n<p><strong>LGdS&nbsp;: Vous avez cit\u00e9 les d\u00e9placements comme un autre axe important. Comment s\u2019accorde votre action avec IdFM&nbsp;?<\/strong><\/p>\n\n\n\n<p>Les domaines de responsabilit\u00e9s sont tr\u00e8s diff\u00e9rents. En ce qui concerne les bus, VSGP s\u2019occupe de lignes internes aux communes. Elles sont au nombre de 10. Le nouveau march\u00e9 a \u00e9t\u00e9 gagn\u00e9 par Transdev. Les parcours ont \u00e9t\u00e9 revus en fonction des \u00e9tudes faites dans les villes. Leurs cibles principales sont les scolaires, les personnes \u00e2g\u00e9es et les personnes handicap\u00e9es. Ils prennent en compte les trajets des bus IdFM, mais aussi de contraintes de propret\u00e9 des v\u00e9hicules.<\/p>\n\n\n\n<p>En revanche, les liaisons intercommunales sont consid\u00e9r\u00e9es comme du domaine exclusif d\u2019IdFM. Il n\u2019est pas question d\u2019empi\u00e9ter sur leur domaine.<\/p>\n\n\n\n<p>Etienne Langereau (maire de Montrouge) est le vice-pr\u00e9sident VSGP en charge des transports et de la mobilit\u00e9. Il travaille aussi sur le sch\u00e9ma territorial v\u00e9lo. Un des enjeux majeurs est d\u2019assurer la coh\u00e9rence entre les diff\u00e9rentes mobilit\u00e9s locales. Mais, j\u2019insiste sur un point, la mise en place se fait en fonction des villes, de leurs contraintes et de leurs choix.<\/p>\n\n\n\n<p>Un gros sujet est le transfert de voiries, actuellement g\u00e9r\u00e9es par les communes, vers le territoire. Il avance mais, comme il induit des gestions complexes, les \u00e9tudes prennent du temps et c\u2019est normal.<\/p>\n\n\n\n<h2 class=\"wp-block-heading\">Un projet global sur l&rsquo;\u00e9nergie<\/h2>\n\n\n\n<p><strong>LGdS&nbsp;: Le territoire a choisi de d\u00e9velopper fortement la g\u00e9othermie pour r\u00e9pondre aux besoins \u00e9nerg\u00e9tiques de ses habitants. Il semble m\u00eame que vous ayez l\u2019ambition d\u2019en faire la 1re source d\u2019\u00e9nergie produite localement.<\/strong><\/p>\n\n\n\n<p><strong>JB&nbsp;<\/strong>: La g\u00e9othermie vise prioritairement les \u00e9quipements des services publics et les logements collectifs \u00e0 commencer par ceux g\u00e9r\u00e9s par les bailleurs sociaux. Elle s\u2019est impos\u00e9e \u00e0 toutes les communes comme une solution prometteuse. Cela dit, les situations sont assez diff\u00e9rentes. Malakoff ou Bagneux ont des structures existantes. A Malakoff une SPL<a href=\"#_ftn3\">[3]<\/a> avec le SIPERREC. Le Plessis-Robinson m\u00e8ne des \u00e9tudes avec Clamart. Fontenay-aux-Roses a pris la d\u00e9cision de construire un puits et s\u2019est associ\u00e9e avec Sceaux et Bourg-la-Reine. Ch\u00e2tillon est int\u00e9ress\u00e9e par les infrastructures de Bagneux pour la partie proche seulement. Le nouvel \u00e9coquartier LaVall\u00e9e \u00e0 Ch\u00e2tenay-Malabry b\u00e9n\u00e9ficiera lui aussi de la g\u00e9othermie.<\/p>\n\n\n\n<div class=\"wp-block-image\"><figure class=\"alignright size-medium\"><img decoding=\"async\" width=\"204\" height=\"300\" src=\"https:\/\/sceaux-lagazette.fr\/wp-content\/uploads\/2023\/01\/PCAET-VSGP-2-204x300.jpg\" alt=\"\" class=\"wp-image-8540\" srcset=\"https:\/\/sceaux-lagazette.fr\/wp-content\/uploads\/2023\/01\/PCAET-VSGP-2-204x300.jpg 204w, https:\/\/sceaux-lagazette.fr\/wp-content\/uploads\/2023\/01\/PCAET-VSGP-2.jpg 302w\" sizes=\"(max-width: 204px) 100vw, 204px\" \/><figcaption>Source VSGP<\/figcaption><\/figure><\/div>\n\n\n\n<p>Les mises en \u0153uvre seront donc diff\u00e9renti\u00e9es, ce qui n\u2019est pas un handicap dans la mesure o\u00f9 toutes contribuent au m\u00eame objectif. Les travaux (creusement des puits et installation du r\u00e9seau) prendront un temps assez long&nbsp;: les premi\u00e8res mises en service ne sont pas attendues avant 2025\/2026.<\/p>\n\n\n\n<p>Des d\u00e9cisions restent \u00e0 prendre par les communes. Transfert ou non vers le territoire de la comp\u00e9tence g\u00e9othermie, choix d\u2019organisation entre SPL et SEM<a href=\"#_ftn4\">[4]<\/a>. Les d\u00e9cisions rel\u00e8vent des maires et seront faites au 1<sup>er<\/sup> trimestre 2023. Un \u00e9l\u00e9ment de difficult\u00e9 est que la g\u00e9othermie n\u00e9cessite des travaux de voiries importants, ce qui immanquablement provoquera du m\u00e9contentement, m\u00eame si les b\u00e9n\u00e9fices sont \u00e9vidents.<\/p>\n\n\n\n<p>La g\u00e9othermie approvisionnera en priorit\u00e9 les installations communales, les logements sociaux et les grandes r\u00e9sidences. Mais d\u2019autres raccordements seront possibles l\u00e0 o\u00f9 passera le r\u00e9seau.<\/p>\n\n\n\n<h2 class=\"wp-block-heading\">Accompagner les besoins en diagnostics thermiques<\/h2>\n\n\n\n<p><strong>LGdS&nbsp;: D\u2019autres points vous semblent-ils avancer&nbsp;?<\/strong><\/p>\n\n\n\n<p><strong>JB&nbsp;<\/strong>: Oui, bien s\u00fbr. Nous avons des actions sur des th\u00e8mes qui se sont impos\u00e9s \u00e0 tous, mais qu\u2019il faut continuer \u00e0 accompagner. Pour r\u00e9nover l\u2019ensemble du parc de logements d\u2019ici 2050, il faudra en r\u00e9nover 7 000 par an. La SEM Vall\u00e9e Sud Renov, cr\u00e9\u00e9e il y a quelques mois, vise \u00e0 accompagner pavillons et copropri\u00e9t\u00e9s dans les diagnostics d\u2019efficacit\u00e9 thermique et la d\u00e9finition des besoins, mais aussi dans la recherche de financements et le bouclage des dossiers.<\/p>\n\n\n\n<p>Elle est situ\u00e9e \u00e0 Fontenay et son pr\u00e9sident est Beno\u00eet Blot. Elle est un \u00e9l\u00e9ment important pour l\u2019information sur les travaux n\u00e9cessaires, les modes de financement, les entreprises locales comp\u00e9tentes.<\/p>\n\n\n\n<p>Il y a \u00e9galement les ressourceries recyclages qui font la d\u00e9monstration de leur efficacit\u00e9. Le succ\u00e8s est croissant avec l\u2019ouverture partout de Repair caf\u00e9, de fablabs, de circuits d\u2019\u00e9conomie sociale et solidaire. Cela t\u00e9moigne de l\u2019\u00e9volution des mentalit\u00e9s et y participe. L\u2019\u00e9conomie circulaire doit \u00eatre \u00e0 mon avis plus soutenue.<\/p>\n\n\n\n<p>Le ramassage des encombrants \u00e0 la demande a \u00e9t\u00e9 mis en place dans la partie sud du territoire o\u00f9 une d\u00e9chetterie est disponible. C\u2019est un peu plus compliqu\u00e9 au nord o\u00f9 le lieu reste \u00e0 trouver et \u00e0 construire. On esp\u00e8re y parvenir pour 2024.<\/p>\n\n\n\n<h2 class=\"wp-block-heading\">Jouer le jeu<\/h2>\n\n\n\n<p><strong>LGdS&nbsp;: Si vous aviez \u00e0 caract\u00e9riser la valeur ajout\u00e9e du Territoire, comment la r\u00e9sumeriez-vous&nbsp;?<\/strong><\/p>\n\n\n\n<p><strong>JB<\/strong>&nbsp;: Initialement cette structure a \u00e9t\u00e9 impos\u00e9e. Personnellement, j\u2019avais de fortes r\u00e9serves. Les territoires visent, il me semble, \u00e0 affaiblir l\u2019\u00e9chelon communal. Les territoires comme la m\u00e9tropole ne l\u00e8vent pas d\u2019imp\u00f4ts. De sorte que leur action consiste d\u2019abord \u00e0 chercher des subventions pour assurer les responsabilit\u00e9s qu\u2019ils sont cens\u00e9s prendre.<\/p>\n\n\n\n<p>Mais je joue le jeu. Il faut \u00eatre pragmatique dans l\u2019int\u00e9r\u00eat des populations. Cette structure est capable de cr\u00e9er un dynamisme et il ne faut pas rester sur la touche, en regardant le train passer et en restant sur le quai. Autrement dit, ne pas se contenter d\u2019\u00eatre de simples spectateurs d\u2019\u00e9volutions qui, de toute fa\u00e7on, ont lieu.<\/p>\n\n\n\n<p>Les quelque 400.000 habitants du territoire permettent des \u00e9conomies d\u2019\u00e9chelle \u00e9videntes. C\u2019est un lieu de collaboration entre les communes qui permet de lancer des projets inaccessibles \u00e0 une commune seule. Je prends un simple exemple. La reconstruction du stade nautique Malakoff Ch\u00e2tillon avec sa piscine de 50m, son \u00e9nergie positive, son bassin \u00e0 plongeon aurait \u00e9t\u00e9 impossible sans le territoire et sa vice-pr\u00e9sidente aux sports, Nad\u00e8ge Azzaz.<\/p>\n\n\n\n<p>S\u2019il ne faut pas id\u00e9aliser VSGP, il faut que chaque ville s\u2019y retrouve et b\u00e9n\u00e9ficie de sa dynamique.<\/p>\n\n\n\n<figure class=\"wp-block-image size-large\"><img decoding=\"async\" width=\"1010\" height=\"418\" src=\"https:\/\/sceaux-lagazette.fr\/wp-content\/uploads\/2023\/01\/PCAET-VSGP.jpg\" alt=\"\" class=\"wp-image-8537\" srcset=\"https:\/\/sceaux-lagazette.fr\/wp-content\/uploads\/2023\/01\/PCAET-VSGP.jpg 1010w, https:\/\/sceaux-lagazette.fr\/wp-content\/uploads\/2023\/01\/PCAET-VSGP-300x124.jpg 300w, https:\/\/sceaux-lagazette.fr\/wp-content\/uploads\/2023\/01\/PCAET-VSGP-768x318.jpg 768w\" sizes=\"(max-width: 1010px) 100vw, 1010px\" \/><figcaption><a href=\"https:\/\/www.valleesud.fr\/fr\/PCAET\" target=\"_blank\" rel=\"noreferrer noopener\">Source VSGP <\/a><\/figcaption><\/figure>\n\n\n\n<hr class=\"wp-block-separator\"\/>\n\n\n\n<p><a href=\"#_ftnref1\">[1]<\/a> Le territoire Vall\u00e9e Sud Grand Paris regroupe 11 communes&nbsp;: Antony, Bagneux, Bourg-la-Reine, Ch\u00e2tenay-Malabry, Ch\u00e2tillon, Clamart, Fontenay-aux-Roses, Le Plessis-Robinson, Malakoff, Montrouge, Sceaux.<br><a href=\"#_ftnref2\">[2]<\/a> Un <a href=\"https:\/\/www.valleesud.fr\/fr\/participez-notre-quiz-sur-le-pcaet\">quiz est disponible en ligne<\/a> qui combine le ludique et l\u2019informatif.<br><a href=\"#_ftnref3\">[3]<\/a> \u00ab&nbsp;<em>Les collectivit\u00e9s locales et leurs groupements poss\u00e8dent de v\u00e9ritables outils entrepreneuriaux pour mener \u00e0 bien leurs projets tels que les soci\u00e9t\u00e9s d\u2019\u00e9conomie mixte ou encore les soci\u00e9t\u00e9s publiques locales. Elles sont cr\u00e9\u00e9es par une d\u00e9lib\u00e9ration de la collectivit\u00e9 territoriale. Les acteurs publics choisiront de cr\u00e9er une SEM s\u2019ils souhaitent s\u2019allier \u00e0 des comp\u00e9tences priv\u00e9es, ou une SPL s\u2019ils souhaitent contracter directement avec une structure priv\u00e9e, qu\u2019ils contr\u00f4leront \u00e9troitement<\/em>.&nbsp;\u00bb <a href=\"https:\/\/www.morbihan.gouv.fr\/contenu\/telechargement\/48748\/350115\/file\/Fiche+Soci\u00e9t\u00e9s+d'\u00e9conomie+mixte+et+les+soci\u00e9t\u00e9s+publiques+locales.pdf\">Source<\/a>.<br><a href=\"#_ftnref4\">[4]<\/a> Voir note ci-dessus.<\/p>\n","protected":false},"excerpt":{"rendered":"<p>S\u2019il est un sujet qui mobilise nos communes toutes couleurs politiques confondues, c\u2019est bien la lutte contre le r\u00e9chauffement climatique. La prise de conscience, bien qu\u2019encore tr\u00e8s variable, a grandi dans le monde. Les \u00c9tats communiquent ensemble. De jeunes stars se sont impos\u00e9es. L\u2019agenda, quand il n\u2019est pas consacr\u00e9 \u00e0&#8230;<\/p>\n","protected":false},"author":6,"featured_media":8531,"comment_status":"open","ping_status":"open","sticky":false,"template":"","format":"standard","meta":{"om_disable_all_campaigns":false,"_monsterinsights_skip_tracking":false,"_monsterinsights_sitenote_active":false,"_monsterinsights_sitenote_note":"","_monsterinsights_sitenote_category":0,"_uf_show_specific_survey":0,"_uf_disable_surveys":false,"footnotes":""},"categories":[53,238,246],"tags":[],"class_list":["post-8530","post","type-post","status-publish","format-standard","has-post-thumbnail","hentry","category-analyses","category-opinions","category-vie-publique","entry","simple"],"yoast_head":"<!-- This site is optimized with the Yoast SEO plugin v25.6 - https:\/\/yoast.com\/wordpress\/plugins\/seo\/ -->\n<title>Plan climat Vall\u00e9e Sud : entretien avec Jacqueline Belhomme - La Gazette<\/title>\n<meta name=\"robots\" content=\"index, follow, max-snippet:-1, max-image-preview:large, max-video-preview:-1\" \/>\n<link rel=\"canonical\" href=\"https:\/\/sceaux-lagazette.fr\/index.php\/2023\/01\/11\/plan-climat-vallee-sud-entretien-avec-jacqueline-belhomme\/\" \/>\n<meta property=\"og:locale\" content=\"fr_FR\" \/>\n<meta property=\"og:type\" content=\"article\" \/>\n<meta property=\"og:title\" content=\"Plan climat Vall\u00e9e Sud : entretien avec Jacqueline Belhomme - La Gazette\" \/>\n<meta property=\"og:description\" content=\"S\u2019il est un sujet qui mobilise nos communes toutes couleurs politiques confondues, c\u2019est bien la lutte contre le r\u00e9chauffement climatique. La prise de conscience, bien qu\u2019encore tr\u00e8s variable, a grandi dans le monde. Les \u00c9tats communiquent ensemble. De jeunes stars se sont impos\u00e9es. L\u2019agenda, quand il n\u2019est pas consacr\u00e9 \u00e0&#8230;\" \/>\n<meta property=\"og:url\" content=\"https:\/\/sceaux-lagazette.fr\/index.php\/2023\/01\/11\/plan-climat-vallee-sud-entretien-avec-jacqueline-belhomme\/\" \/>\n<meta property=\"og:site_name\" content=\"La Gazette\" \/>\n<meta property=\"article:published_time\" content=\"2023-01-11T08:30:56+00:00\" \/>\n<meta property=\"article:modified_time\" content=\"2023-01-11T08:41:37+00:00\" \/>\n<meta property=\"og:image\" content=\"https:\/\/sceaux-lagazette.fr\/wp-content\/uploads\/2023\/01\/Jacqueline-Belhomme-2.jpg\" \/>\n\t<meta property=\"og:image:width\" content=\"722\" \/>\n\t<meta property=\"og:image:height\" content=\"422\" \/>\n\t<meta property=\"og:image:type\" content=\"image\/jpeg\" \/>\n<meta name=\"author\" content=\"Maurice Zytnicki\" \/>\n<meta name=\"twitter:card\" content=\"summary_large_image\" \/>\n<meta name=\"twitter:label1\" content=\"\u00c9crit par\" \/>\n\t<meta name=\"twitter:data1\" content=\"Maurice Zytnicki\" \/>\n\t<meta name=\"twitter:label2\" content=\"Dur\u00e9e de lecture estim\u00e9e\" \/>\n\t<meta name=\"twitter:data2\" content=\"10 minutes\" \/>\n<script type=\"application\/ld+json\" class=\"yoast-schema-graph\">{\"@context\":\"https:\/\/schema.org\",\"@graph\":[{\"@type\":\"Article\",\"@id\":\"https:\/\/sceaux-lagazette.fr\/index.php\/2023\/01\/11\/plan-climat-vallee-sud-entretien-avec-jacqueline-belhomme\/#article\",\"isPartOf\":{\"@id\":\"https:\/\/sceaux-lagazette.fr\/index.php\/2023\/01\/11\/plan-climat-vallee-sud-entretien-avec-jacqueline-belhomme\/\"},\"author\":{\"name\":\"Maurice Zytnicki\",\"@id\":\"https:\/\/sceaux-lagazette.fr\/#\/schema\/person\/060ab8fc058c4220d9079707a58da9f1\"},\"headline\":\"Plan climat Vall\u00e9e Sud : entretien avec Jacqueline Belhomme\",\"datePublished\":\"2023-01-11T08:30:56+00:00\",\"dateModified\":\"2023-01-11T08:41:37+00:00\",\"mainEntityOfPage\":{\"@id\":\"https:\/\/sceaux-lagazette.fr\/index.php\/2023\/01\/11\/plan-climat-vallee-sud-entretien-avec-jacqueline-belhomme\/\"},\"wordCount\":2001,\"commentCount\":2,\"publisher\":{\"@id\":\"https:\/\/sceaux-lagazette.fr\/#organization\"},\"image\":{\"@id\":\"https:\/\/sceaux-lagazette.fr\/index.php\/2023\/01\/11\/plan-climat-vallee-sud-entretien-avec-jacqueline-belhomme\/#primaryimage\"},\"thumbnailUrl\":\"https:\/\/sceaux-lagazette.fr\/wp-content\/uploads\/2023\/01\/Jacqueline-Belhomme-2.jpg\",\"articleSection\":[\"Analyses\",\"Opinions\",\"Vie publique\"],\"inLanguage\":\"fr-FR\",\"potentialAction\":[{\"@type\":\"CommentAction\",\"name\":\"Comment\",\"target\":[\"https:\/\/sceaux-lagazette.fr\/index.php\/2023\/01\/11\/plan-climat-vallee-sud-entretien-avec-jacqueline-belhomme\/#respond\"]}]},{\"@type\":\"WebPage\",\"@id\":\"https:\/\/sceaux-lagazette.fr\/index.php\/2023\/01\/11\/plan-climat-vallee-sud-entretien-avec-jacqueline-belhomme\/\",\"url\":\"https:\/\/sceaux-lagazette.fr\/index.php\/2023\/01\/11\/plan-climat-vallee-sud-entretien-avec-jacqueline-belhomme\/\",\"name\":\"Plan climat Vall\u00e9e Sud : entretien avec Jacqueline Belhomme - La Gazette\",\"isPartOf\":{\"@id\":\"https:\/\/sceaux-lagazette.fr\/#website\"},\"primaryImageOfPage\":{\"@id\":\"https:\/\/sceaux-lagazette.fr\/index.php\/2023\/01\/11\/plan-climat-vallee-sud-entretien-avec-jacqueline-belhomme\/#primaryimage\"},\"image\":{\"@id\":\"https:\/\/sceaux-lagazette.fr\/index.php\/2023\/01\/11\/plan-climat-vallee-sud-entretien-avec-jacqueline-belhomme\/#primaryimage\"},\"thumbnailUrl\":\"https:\/\/sceaux-lagazette.fr\/wp-content\/uploads\/2023\/01\/Jacqueline-Belhomme-2.jpg\",\"datePublished\":\"2023-01-11T08:30:56+00:00\",\"dateModified\":\"2023-01-11T08:41:37+00:00\",\"breadcrumb\":{\"@id\":\"https:\/\/sceaux-lagazette.fr\/index.php\/2023\/01\/11\/plan-climat-vallee-sud-entretien-avec-jacqueline-belhomme\/#breadcrumb\"},\"inLanguage\":\"fr-FR\",\"potentialAction\":[{\"@type\":\"ReadAction\",\"target\":[\"https:\/\/sceaux-lagazette.fr\/index.php\/2023\/01\/11\/plan-climat-vallee-sud-entretien-avec-jacqueline-belhomme\/\"]}]},{\"@type\":\"ImageObject\",\"inLanguage\":\"fr-FR\",\"@id\":\"https:\/\/sceaux-lagazette.fr\/index.php\/2023\/01\/11\/plan-climat-vallee-sud-entretien-avec-jacqueline-belhomme\/#primaryimage\",\"url\":\"https:\/\/sceaux-lagazette.fr\/wp-content\/uploads\/2023\/01\/Jacqueline-Belhomme-2.jpg\",\"contentUrl\":\"https:\/\/sceaux-lagazette.fr\/wp-content\/uploads\/2023\/01\/Jacqueline-Belhomme-2.jpg\",\"width\":722,\"height\":422},{\"@type\":\"BreadcrumbList\",\"@id\":\"https:\/\/sceaux-lagazette.fr\/index.php\/2023\/01\/11\/plan-climat-vallee-sud-entretien-avec-jacqueline-belhomme\/#breadcrumb\",\"itemListElement\":[{\"@type\":\"ListItem\",\"position\":1,\"name\":\"Accueil\",\"item\":\"https:\/\/sceaux-lagazette.fr\/\"},{\"@type\":\"ListItem\",\"position\":2,\"name\":\"Plan climat Vall\u00e9e Sud : entretien avec Jacqueline Belhomme\"}]},{\"@type\":\"WebSite\",\"@id\":\"https:\/\/sceaux-lagazette.fr\/#website\",\"url\":\"https:\/\/sceaux-lagazette.fr\/\",\"name\":\"La Gazette\",\"description\":\"Bourg-la-Reine, Ch\u00e2tenay, Fontenay, Sceaux\",\"publisher\":{\"@id\":\"https:\/\/sceaux-lagazette.fr\/#organization\"},\"potentialAction\":[{\"@type\":\"SearchAction\",\"target\":{\"@type\":\"EntryPoint\",\"urlTemplate\":\"https:\/\/sceaux-lagazette.fr\/?s={search_term_string}\"},\"query-input\":{\"@type\":\"PropertyValueSpecification\",\"valueRequired\":true,\"valueName\":\"search_term_string\"}}],\"inLanguage\":\"fr-FR\"},{\"@type\":\"Organization\",\"@id\":\"https:\/\/sceaux-lagazette.fr\/#organization\",\"name\":\"La Gazette\",\"url\":\"https:\/\/sceaux-lagazette.fr\/\",\"logo\":{\"@type\":\"ImageObject\",\"inLanguage\":\"fr-FR\",\"@id\":\"https:\/\/sceaux-lagazette.fr\/#\/schema\/logo\/image\/\",\"url\":\"https:\/\/sceaux-lagazette.fr\/wp-content\/uploads\/2025\/08\/Logo-Gazette-Aout-2025-V3.jpg\",\"contentUrl\":\"https:\/\/sceaux-lagazette.fr\/wp-content\/uploads\/2025\/08\/Logo-Gazette-Aout-2025-V3.jpg\",\"width\":525,\"height\":130,\"caption\":\"La Gazette\"},\"image\":{\"@id\":\"https:\/\/sceaux-lagazette.fr\/#\/schema\/logo\/image\/\"}},{\"@type\":\"Person\",\"@id\":\"https:\/\/sceaux-lagazette.fr\/#\/schema\/person\/060ab8fc058c4220d9079707a58da9f1\",\"name\":\"Maurice Zytnicki\",\"image\":{\"@type\":\"ImageObject\",\"inLanguage\":\"fr-FR\",\"@id\":\"https:\/\/sceaux-lagazette.fr\/#\/schema\/person\/image\/\",\"url\":\"https:\/\/secure.gravatar.com\/avatar\/d94d30d6fa0e9cb7af48a89366fc0cdb?s=96&r=g\",\"contentUrl\":\"https:\/\/secure.gravatar.com\/avatar\/d94d30d6fa0e9cb7af48a89366fc0cdb?s=96&r=g\",\"caption\":\"Maurice Zytnicki\"},\"url\":\"https:\/\/sceaux-lagazette.fr\/index.php\/author\/maurice\/\"}]}<\/script>\n<!-- \/ Yoast SEO plugin. -->","yoast_head_json":{"title":"Plan climat Vall\u00e9e Sud : entretien avec Jacqueline Belhomme - La Gazette","robots":{"index":"index","follow":"follow","max-snippet":"max-snippet:-1","max-image-preview":"max-image-preview:large","max-video-preview":"max-video-preview:-1"},"canonical":"https:\/\/sceaux-lagazette.fr\/index.php\/2023\/01\/11\/plan-climat-vallee-sud-entretien-avec-jacqueline-belhomme\/","og_locale":"fr_FR","og_type":"article","og_title":"Plan climat Vall\u00e9e Sud : entretien avec Jacqueline Belhomme - La Gazette","og_description":"S\u2019il est un sujet qui mobilise nos communes toutes couleurs politiques confondues, c\u2019est bien la lutte contre le r\u00e9chauffement climatique. La prise de conscience, bien qu\u2019encore tr\u00e8s variable, a grandi dans le monde. Les \u00c9tats communiquent ensemble. De jeunes stars se sont impos\u00e9es. L\u2019agenda, quand il n\u2019est pas consacr\u00e9 \u00e0&#8230;","og_url":"https:\/\/sceaux-lagazette.fr\/index.php\/2023\/01\/11\/plan-climat-vallee-sud-entretien-avec-jacqueline-belhomme\/","og_site_name":"La Gazette","article_published_time":"2023-01-11T08:30:56+00:00","article_modified_time":"2023-01-11T08:41:37+00:00","og_image":[{"width":722,"height":422,"url":"https:\/\/sceaux-lagazette.fr\/wp-content\/uploads\/2023\/01\/Jacqueline-Belhomme-2.jpg","type":"image\/jpeg"}],"author":"Maurice Zytnicki","twitter_card":"summary_large_image","twitter_misc":{"\u00c9crit par":"Maurice Zytnicki","Dur\u00e9e de lecture estim\u00e9e":"10 minutes"},"schema":{"@context":"https:\/\/schema.org","@graph":[{"@type":"Article","@id":"https:\/\/sceaux-lagazette.fr\/index.php\/2023\/01\/11\/plan-climat-vallee-sud-entretien-avec-jacqueline-belhomme\/#article","isPartOf":{"@id":"https:\/\/sceaux-lagazette.fr\/index.php\/2023\/01\/11\/plan-climat-vallee-sud-entretien-avec-jacqueline-belhomme\/"},"author":{"name":"Maurice Zytnicki","@id":"https:\/\/sceaux-lagazette.fr\/#\/schema\/person\/060ab8fc058c4220d9079707a58da9f1"},"headline":"Plan climat Vall\u00e9e Sud : entretien avec Jacqueline Belhomme","datePublished":"2023-01-11T08:30:56+00:00","dateModified":"2023-01-11T08:41:37+00:00","mainEntityOfPage":{"@id":"https:\/\/sceaux-lagazette.fr\/index.php\/2023\/01\/11\/plan-climat-vallee-sud-entretien-avec-jacqueline-belhomme\/"},"wordCount":2001,"commentCount":2,"publisher":{"@id":"https:\/\/sceaux-lagazette.fr\/#organization"},"image":{"@id":"https:\/\/sceaux-lagazette.fr\/index.php\/2023\/01\/11\/plan-climat-vallee-sud-entretien-avec-jacqueline-belhomme\/#primaryimage"},"thumbnailUrl":"https:\/\/sceaux-lagazette.fr\/wp-content\/uploads\/2023\/01\/Jacqueline-Belhomme-2.jpg","articleSection":["Analyses","Opinions","Vie publique"],"inLanguage":"fr-FR","potentialAction":[{"@type":"CommentAction","name":"Comment","target":["https:\/\/sceaux-lagazette.fr\/index.php\/2023\/01\/11\/plan-climat-vallee-sud-entretien-avec-jacqueline-belhomme\/#respond"]}]},{"@type":"WebPage","@id":"https:\/\/sceaux-lagazette.fr\/index.php\/2023\/01\/11\/plan-climat-vallee-sud-entretien-avec-jacqueline-belhomme\/","url":"https:\/\/sceaux-lagazette.fr\/index.php\/2023\/01\/11\/plan-climat-vallee-sud-entretien-avec-jacqueline-belhomme\/","name":"Plan climat Vall\u00e9e Sud : entretien avec Jacqueline Belhomme - La Gazette","isPartOf":{"@id":"https:\/\/sceaux-lagazette.fr\/#website"},"primaryImageOfPage":{"@id":"https:\/\/sceaux-lagazette.fr\/index.php\/2023\/01\/11\/plan-climat-vallee-sud-entretien-avec-jacqueline-belhomme\/#primaryimage"},"image":{"@id":"https:\/\/sceaux-lagazette.fr\/index.php\/2023\/01\/11\/plan-climat-vallee-sud-entretien-avec-jacqueline-belhomme\/#primaryimage"},"thumbnailUrl":"https:\/\/sceaux-lagazette.fr\/wp-content\/uploads\/2023\/01\/Jacqueline-Belhomme-2.jpg","datePublished":"2023-01-11T08:30:56+00:00","dateModified":"2023-01-11T08:41:37+00:00","breadcrumb":{"@id":"https:\/\/sceaux-lagazette.fr\/index.php\/2023\/01\/11\/plan-climat-vallee-sud-entretien-avec-jacqueline-belhomme\/#breadcrumb"},"inLanguage":"fr-FR","potentialAction":[{"@type":"ReadAction","target":["https:\/\/sceaux-lagazette.fr\/index.php\/2023\/01\/11\/plan-climat-vallee-sud-entretien-avec-jacqueline-belhomme\/"]}]},{"@type":"ImageObject","inLanguage":"fr-FR","@id":"https:\/\/sceaux-lagazette.fr\/index.php\/2023\/01\/11\/plan-climat-vallee-sud-entretien-avec-jacqueline-belhomme\/#primaryimage","url":"https:\/\/sceaux-lagazette.fr\/wp-content\/uploads\/2023\/01\/Jacqueline-Belhomme-2.jpg","contentUrl":"https:\/\/sceaux-lagazette.fr\/wp-content\/uploads\/2023\/01\/Jacqueline-Belhomme-2.jpg","width":722,"height":422},{"@type":"BreadcrumbList","@id":"https:\/\/sceaux-lagazette.fr\/index.php\/2023\/01\/11\/plan-climat-vallee-sud-entretien-avec-jacqueline-belhomme\/#breadcrumb","itemListElement":[{"@type":"ListItem","position":1,"name":"Accueil","item":"https:\/\/sceaux-lagazette.fr\/"},{"@type":"ListItem","position":2,"name":"Plan climat Vall\u00e9e Sud : entretien avec Jacqueline Belhomme"}]},{"@type":"WebSite","@id":"https:\/\/sceaux-lagazette.fr\/#website","url":"https:\/\/sceaux-lagazette.fr\/","name":"La Gazette","description":"Bourg-la-Reine, Ch\u00e2tenay, Fontenay, Sceaux","publisher":{"@id":"https:\/\/sceaux-lagazette.fr\/#organization"},"potentialAction":[{"@type":"SearchAction","target":{"@type":"EntryPoint","urlTemplate":"https:\/\/sceaux-lagazette.fr\/?s={search_term_string}"},"query-input":{"@type":"PropertyValueSpecification","valueRequired":true,"valueName":"search_term_string"}}],"inLanguage":"fr-FR"},{"@type":"Organization","@id":"https:\/\/sceaux-lagazette.fr\/#organization","name":"La Gazette","url":"https:\/\/sceaux-lagazette.fr\/","logo":{"@type":"ImageObject","inLanguage":"fr-FR","@id":"https:\/\/sceaux-lagazette.fr\/#\/schema\/logo\/image\/","url":"https:\/\/sceaux-lagazette.fr\/wp-content\/uploads\/2025\/08\/Logo-Gazette-Aout-2025-V3.jpg","contentUrl":"https:\/\/sceaux-lagazette.fr\/wp-content\/uploads\/2025\/08\/Logo-Gazette-Aout-2025-V3.jpg","width":525,"height":130,"caption":"La Gazette"},"image":{"@id":"https:\/\/sceaux-lagazette.fr\/#\/schema\/logo\/image\/"}},{"@type":"Person","@id":"https:\/\/sceaux-lagazette.fr\/#\/schema\/person\/060ab8fc058c4220d9079707a58da9f1","name":"Maurice Zytnicki","image":{"@type":"ImageObject","inLanguage":"fr-FR","@id":"https:\/\/sceaux-lagazette.fr\/#\/schema\/person\/image\/","url":"https:\/\/secure.gravatar.com\/avatar\/d94d30d6fa0e9cb7af48a89366fc0cdb?s=96&r=g","contentUrl":"https:\/\/secure.gravatar.com\/avatar\/d94d30d6fa0e9cb7af48a89366fc0cdb?s=96&r=g","caption":"Maurice Zytnicki"},"url":"https:\/\/sceaux-lagazette.fr\/index.php\/author\/maurice\/"}]}},"cc_featured_image_caption":{"caption_text":"Photo: Malakoff Infos","source_text":"","source_url":""},"_links":{"self":[{"href":"https:\/\/sceaux-lagazette.fr\/index.php\/wp-json\/wp\/v2\/posts\/8530"}],"collection":[{"href":"https:\/\/sceaux-lagazette.fr\/index.php\/wp-json\/wp\/v2\/posts"}],"about":[{"href":"https:\/\/sceaux-lagazette.fr\/index.php\/wp-json\/wp\/v2\/types\/post"}],"author":[{"embeddable":true,"href":"https:\/\/sceaux-lagazette.fr\/index.php\/wp-json\/wp\/v2\/users\/6"}],"replies":[{"embeddable":true,"href":"https:\/\/sceaux-lagazette.fr\/index.php\/wp-json\/wp\/v2\/comments?post=8530"}],"version-history":[{"count":12,"href":"https:\/\/sceaux-lagazette.fr\/index.php\/wp-json\/wp\/v2\/posts\/8530\/revisions"}],"predecessor-version":[{"id":8622,"href":"https:\/\/sceaux-lagazette.fr\/index.php\/wp-json\/wp\/v2\/posts\/8530\/revisions\/8622"}],"wp:featuredmedia":[{"embeddable":true,"href":"https:\/\/sceaux-lagazette.fr\/index.php\/wp-json\/wp\/v2\/media\/8531"}],"wp:attachment":[{"href":"https:\/\/sceaux-lagazette.fr\/index.php\/wp-json\/wp\/v2\/media?parent=8530"}],"wp:term":[{"taxonomy":"category","embeddable":true,"href":"https:\/\/sceaux-lagazette.fr\/index.php\/wp-json\/wp\/v2\/categories?post=8530"},{"taxonomy":"post_tag","embeddable":true,"href":"https:\/\/sceaux-lagazette.fr\/index.php\/wp-json\/wp\/v2\/tags?post=8530"}],"curies":[{"name":"wp","href":"https:\/\/api.w.org\/{rel}","templated":true}]}}