{"id":8281,"date":"2022-12-07T09:25:00","date_gmt":"2022-12-07T08:25:00","guid":{"rendered":"https:\/\/sceaux-lagazette.fr\/?p=8281"},"modified":"2022-12-07T09:20:09","modified_gmt":"2022-12-07T08:20:09","slug":"frida-kahlo-artiste-rebelle-et-legende-mexicaine","status":"publish","type":"post","link":"https:\/\/sceaux-lagazette.fr\/index.php\/2022\/12\/07\/frida-kahlo-artiste-rebelle-et-legende-mexicaine\/","title":{"rendered":"Frida Kahlo, rebelle et l\u00e9gende mexicaine"},"content":{"rendered":"\n<p>Les rencontres artistiques et litt\u00e9raires de Sceaux organisaient le 16 novembre une conf\u00e9rence portant sur une artiste, ic\u00f4ne de l\u2019art mexicain et universel, une artiste qui a fait de sa souffrance le creuset de sa cr\u00e9ation.  Celle qui d\u00e9clarait malgr\u00e9 tout&nbsp;: \u00ab&nbsp;<em>Je ne suis pas morte et j\u2019ai une raison de vivre. Cette raison, c\u2019est la peinture<\/em>&nbsp;\u00bb.<\/p>\n\n\n\n<h2 class=\"wp-block-heading\">Une conf\u00e9rence \u00e9mouvante<\/h2>\n\n\n\n<p>Toujours aussi pertinente quant au choix des conf\u00e9renciers et des th\u00e9matiques, la pr\u00e9sidente de l\u2019association, Marie-Lou Schenkel, r\u00e9cemment justement honor\u00e9e d\u2019une d\u00e9coration d\u2019officier des Arts et des lettres d\u00e9cern\u00e9e par Madame la ministre de la Culture, a confi\u00e9 l&rsquo;intervention \u00e0 Karin de Cassini.<\/p>\n\n\n\n<p>Elle est dipl\u00f4m\u00e9e de Premier Cycle et d&rsquo;\u00c9tudes Sup\u00e9rieures de l&rsquo;\u00c9cole du Louvre. Conf\u00e9renci\u00e8re de la Ville de Paris, agr\u00e9\u00e9e par le minist\u00e8re de la Culture, dipl\u00f4m\u00e9e de l\u2019\u00c9cole du Louvre, titulaire d\u2019une ma\u00eetrise en histoire de l\u2019art, elle sait rendre son propos passionnant.&nbsp;Avec un phras\u00e9 parfaitement fluide servi par une tr\u00e8s belle voix, elle sait faire partager son enthousiasme et captiver l\u2019attention.<\/p>\n\n\n\n<p>La vie de Frida Kahlo (1907\u20131954) a \u00e9t\u00e9 frapp\u00e9e par le sceau du malheur, entre une poliomy\u00e9lite contract\u00e9e enfant affectant sa colonne vert\u00e9brale et sa jambe droite et un terrible accident qui la laisse meurtrie, son mariage houleux avec l\u2019artiste Diego Rivera et son impossibilit\u00e9 \u00e0 devenir m\u00e8re. Gamine boiteuse, elle est la ris\u00e9e des enfants de son village. La jeune fille est bonne \u00e9l\u00e8ve et int\u00e8gre un \u00e9tablissement de renom, itin\u00e9raire rare dans une soci\u00e9t\u00e9 mexicaine encore tr\u00e8s machiste.<\/p>\n\n\n\n<p>La conf\u00e9rence fait en quelque sorte \u00e9cho \u00e0 l\u2019exposition <a href=\"https:\/\/www.palaisgalliera.paris.fr\/fr\/expositions\/frida-kahlo-au-dela-des-apparences\">qui a lieu en ce moment<\/a> sur Frida Kahlo au Palais Galliera jusqu\u2019au 5 mars 2023 sous le titre \u00ab&nbsp;<em>Frida Kahlo, au-del\u00e0 des apparences<\/em>&nbsp;\u00bb : son handicap, ses souffrances, son engagement politique, son ath\u00e9isme, ses robes, son maquillage&#8230;&nbsp;<\/p>\n\n\n\n<p>Frida Kahlo est d\u00e9c\u00e9d\u00e9e en 1954 \u00e0 l\u2019\u00e2ge de 47 ans apr\u00e8s une vie de souffrance physique, de cr\u00e9ation artistique, de passion pour Di\u00e9go Rivera, son \u00e9poux, et de lutte marxiste. La conf\u00e9rence \u00e9voque son handicap, ses souffrances, son engagement politique, son ath\u00e9isme, ses robes, son maquillage\u2026\u2026<\/p>\n\n\n\n<h2 class=\"wp-block-heading\">La maison bleue<\/h2>\n\n\n\n<p>Frida est n\u00e9e d\u2019une m\u00e8re mexicaine et d\u2019un p\u00e8re allemand. Elle grandit durant la r\u00e9volution mexicaine (1910-1917), ce qui forge \u00e0 la fois ses convictions et son imaginaire. Elle na\u00eet dans la \u00ab&nbsp;Maison bleue&nbsp;\u00bb (la&nbsp;\u00ab&nbsp;Casa azul&nbsp;\u00bb) construite par ses parents en 1904, actuel&nbsp;mus\u00e9e Frida Kahlo, au milieu d\u2019un quartier o\u00f9 habite la petite bourgeoisie, \u00e0&nbsp;Coyoac\u00e1n, au sud de Mexico.<\/p>\n\n\n\n<figure class=\"wp-block-image size-large\"><img decoding=\"async\" width=\"1024\" height=\"680\" src=\"https:\/\/sceaux-lagazette.fr\/wp-content\/uploads\/2022\/12\/Frida_Kahlo_House_Mexico_City_6998147374-1024x680.jpg\" alt=\"Une image contenant arbre, ext\u00e9rieur, b\u00e2timent, porche\n\nDescription g\u00e9n\u00e9r\u00e9e automatiquement\" class=\"wp-image-8283\" srcset=\"https:\/\/sceaux-lagazette.fr\/wp-content\/uploads\/2022\/12\/Frida_Kahlo_House_Mexico_City_6998147374-1024x680.jpg 1024w, https:\/\/sceaux-lagazette.fr\/wp-content\/uploads\/2022\/12\/Frida_Kahlo_House_Mexico_City_6998147374-300x199.jpg 300w, https:\/\/sceaux-lagazette.fr\/wp-content\/uploads\/2022\/12\/Frida_Kahlo_House_Mexico_City_6998147374-768x510.jpg 768w, https:\/\/sceaux-lagazette.fr\/wp-content\/uploads\/2022\/12\/Frida_Kahlo_House_Mexico_City_6998147374-1536x1020.jpg 1536w, https:\/\/sceaux-lagazette.fr\/wp-content\/uploads\/2022\/12\/Frida_Kahlo_House_Mexico_City_6998147374-2048x1360.jpg 2048w\" sizes=\"(max-width: 1024px) 100vw, 1024px\" \/><figcaption>La Maison bleue (la casa azul)              cr\u00e9dit Wikim\u00e9dia Commons<\/figcaption><\/figure>\n\n\n\n<p>Adolescente, elle s\u2019engage dans un groupe d&rsquo;\u00e9tudiants communistes et prend tr\u00e8s vite conscience de l\u2019importance de l\u2019action collective sur le politique et sur le social.<\/p>\n\n\n\n<p>Tout au long de sa vie, elle est dans le handicap. A cause de sa poliomy\u00e9lite, sa jambe droite s\u2019atrophie et son pied ne grandit plus. Elle n&rsquo;atteindra jamais la taille qu&rsquo;elle devrait avoir. Cela lui vaudra le surnom de \u00ab&nbsp;Frida la coja&nbsp;\u00bb (Frida la boiteuse) par ses camarades de classe. Il a \u00e9t\u00e9 suppos\u00e9 qu&rsquo;elle souffr\u00eet de&nbsp;spina bifida, une malformation cong\u00e9nitale de la colonne vert\u00e9brale, qui pourrait \u00e9galement avoir affect\u00e9 le d\u00e9veloppement de la jambe. Elle voulait devenir m\u00e9decin.<\/p>\n\n\n\n<p>En&nbsp;1922, elle falsifie sa date de naissance en 7&nbsp;juillet&nbsp;1910, ann\u00e9e du d\u00e9but de la&nbsp;r\u00e9volution mexicaine, associant sa naissance \u00e0 la fin du&nbsp;r\u00e9gime porfiriste. En 1929, elle \u00e9pouse l\u2019artiste&nbsp;Diego Rivera, mondialement connu pour ses peintures murales.<\/p>\n\n\n\n<p>La jeune femme, qui esp\u00e9rait devenir m\u00e9decin, avait d\u00e9j\u00e0 un temp\u00e9rament libre et affirm\u00e9, s\u2019int\u00e9ressant \u00e0 la politique (la r\u00e9volution communiste n\u2019\u00e9tait pas si loin) et n\u2019h\u00e9sitant pas \u00e0 se v\u00eatir comme un gar\u00e7on&nbsp;!<\/p>\n\n\n\n<h2 class=\"wp-block-heading\">Le sort s&rsquo;acharne<\/h2>\n\n\n\n<p>Sa vie bascule encore \u00e0 18 ans lors d\u2019un accident de la route. Le&nbsp;17&nbsp;septembre&nbsp;1925, Frida prend le bus pour rentrer chez elle apr\u00e8s ses cours. Soudain, l\u2019autobus sort de la route et percute un tramway. Plusieurs personnes trouvent la mort lors de l\u2019accident. Frida, elle, est gri\u00e8vement bless\u00e9e. Son abdomen et sa&nbsp;cavit\u00e9 pelvienne&nbsp;sont transperc\u00e9s par une barre de m\u00e9tal&nbsp;: ce traumatisme est responsable d&rsquo;un&nbsp;syndrome d&rsquo;Asherman (cicatrices et adh\u00e9rences de la muqueuse de l&rsquo;ut\u00e9rus apr\u00e8s qu&rsquo;une l\u00e9sion se soit produite) qui sera la cause des fausses couches de Frida Kahlo. Il explique \u00e9galement le th\u00e8me de nombre de ses \u0153uvres. <\/p>\n\n\n\n<p>Sa jambe droite subit un grand nombre de fractures, onze au total. Son pied droit est \u00e9galement cass\u00e9. Le bassin, les c\u00f4tes et la colonne vert\u00e9brale sont eux aussi bris\u00e9s. L&rsquo;\u00e9paule n&rsquo;est que d\u00e9mise. Elle reste alit\u00e9e pendant trois mois, dont un mois \u00e0 l\u2019h\u00f4pital. Mais environ un an apr\u00e8s l\u2019accident, elle doit retourner \u00e0 l\u2019h\u00f4pital, car on remarque qu\u2019une de ses vert\u00e8bres lombaires est fractur\u00e9e. Frida sera contrainte de porter durant neuf longs mois des corsets en pl\u00e2tre.<\/p>\n\n\n\n<figure class=\"wp-block-image size-large\"><img decoding=\"async\" width=\"1024\" height=\"678\" src=\"https:\/\/sceaux-lagazette.fr\/wp-content\/uploads\/2022\/12\/Closeup_of_Frida_Kahlo_and_Diego_Rivera_Sculpture-1024x678.jpg\" alt=\"\" class=\"wp-image-8284\" srcset=\"https:\/\/sceaux-lagazette.fr\/wp-content\/uploads\/2022\/12\/Closeup_of_Frida_Kahlo_and_Diego_Rivera_Sculpture-1024x678.jpg 1024w, https:\/\/sceaux-lagazette.fr\/wp-content\/uploads\/2022\/12\/Closeup_of_Frida_Kahlo_and_Diego_Rivera_Sculpture-300x199.jpg 300w, https:\/\/sceaux-lagazette.fr\/wp-content\/uploads\/2022\/12\/Closeup_of_Frida_Kahlo_and_Diego_Rivera_Sculpture-768x509.jpg 768w, https:\/\/sceaux-lagazette.fr\/wp-content\/uploads\/2022\/12\/Closeup_of_Frida_Kahlo_and_Diego_Rivera_Sculpture-1536x1017.jpg 1536w, https:\/\/sceaux-lagazette.fr\/wp-content\/uploads\/2022\/12\/Closeup_of_Frida_Kahlo_and_Diego_Rivera_Sculpture-2048x1356.jpg 2048w\" sizes=\"(max-width: 1024px) 100vw, 1024px\" \/><figcaption>Frida et Diego                  Cr\u00e9dit : Wikim\u00e9dia Commons<\/figcaption><\/figure>\n\n\n\n<p>Di\u00e9go Rivera est impressionn\u00e9 par les r\u00e9alisations de la jeune Mexicaine&nbsp;: <em>\u00ab&nbsp;Les toiles r\u00e9v\u00e9laient une extraordinaire force d\u2019expression, une description pr\u00e9cise des caract\u00e8res et un r\u00e9el s\u00e9rieux. Elles poss\u00e9daient une sinc\u00e9rit\u00e9 plastique fondamentale et une personnalit\u00e9 artistique propre. Elles v\u00e9hiculaient une sensualit\u00e9 vitale encore enrichie par une facult\u00e9 d\u2019observation impitoyable, quoique sensible. Pour moi, il \u00e9tait manifeste que cette jeune fille \u00e9tait une v\u00e9ritable artiste<\/em>.&nbsp;\u00bb<\/p>\n\n\n\n<p>En novembre&nbsp;1930, ils emm\u00e9nagent \u00e0&nbsp;San Francisco&nbsp;car Rivera a \u00e9t\u00e9 charg\u00e9 de r\u00e9aliser des peintures murales pour le San Francisco Stock Exchange et pour la California School of Fine Art, l\u2019actuel&nbsp;San Francisco Art Institute.<\/p>\n\n\n\n<p>En&nbsp;1930, elle subit sa premi\u00e8re fausse couche. Lors de leur s\u00e9jour \u00e0 D\u00e9troit, elle est de nouveau enceinte. Au d\u00e9but de cette deuxi\u00e8me grossesse, Frida voit un m\u00e9decin au&nbsp;Henry Ford Hospital&nbsp;qui lui conseille de garder l&rsquo;enfant au lieu d&rsquo;interrompre sa grossesse. Elle pourrait accoucher par c\u00e9sarienne. Malgr\u00e9 les pr\u00e9visions du docteur, elle fait une autre fausse couche le&nbsp;4&nbsp;juillet&nbsp;1932. Elle refl\u00e8te ses sentiments, son impression de solitude et d\u2019abandon apr\u00e8s la perte de l\u2019enfant dans le tableau&nbsp;Henry Ford Hospital&nbsp;ou&nbsp;Le Lit volant, dans lequel elle peint un f\u0153tus masculin surdimensionn\u00e9 en position embryonnaire, l\u2019enfant perdu lors de la fausse couche, le \u00ab&nbsp;petit Diego&nbsp;\u00bb qu\u2019elle avait tant esp\u00e9r\u00e9 porter jusqu\u2019\u00e0 terme.<\/p>\n\n\n\n<h2 class=\"wp-block-heading\">Ces lunatiques de surr\u00e9alistes<\/h2>\n\n\n\n<p>En septembre 1938,&nbsp;Andr\u00e9 Breton&nbsp;est envoy\u00e9 \u00e0 Mexico par le minist\u00e8re des Affaires \u00e9trang\u00e8res fran\u00e7ais pour y prononcer une s\u00e9rie de conf\u00e9rences sur l&rsquo;\u00e9tat de la po\u00e9sie et de la peinture en Europe. Avec sa femme&nbsp;Jacqueline Lamba, il est accueilli \u00e0 Mexico par le couple Kahlo-Rivera.<\/p>\n\n\n\n<p>Breton, subjugu\u00e9 par Frida et admiratif de sa peinture, \u00e9crit&nbsp;:&nbsp;\u00ab&nbsp;<em>L&rsquo;art de Frida Kahlo est un ruban autour d&rsquo;une tombe<\/em>&nbsp;\u00bb. Alors que Breton l&rsquo;exasp\u00e8re, Frida noue une v\u00e9ritable et profonde amiti\u00e9 avec sa femme: \u00ab&nbsp;<em>Le bateau et le quai et le d\u00e9part qui peu \u00e0 peu te rendaient minuscule \u00e0 mes yeux, prisonniers de ce hublot rond, que tu regardais pour me garder dans ton c\u0153ur. Tout cela est intact. Apr\u00e8s, sont venus les jours vierges de toi. Aujourd&rsquo;hui, j&rsquo;aimerais que mon soleil te touche. Je te dis que ta petite fille est ma petite fille, les personnages marionnettes rang\u00e9s dans leur grande chambre vitr\u00e9e sont \u00e0 nous deux\u2026<\/em>&nbsp;\u00bb<\/p>\n\n\n\n<p>Frida Kahlo se d\u00e9fend d&rsquo;\u00eatre surr\u00e9aliste : \u00ab&nbsp;<em>On me prenait pour une surr\u00e9aliste. Ce n\u2019est pas juste. Je n\u2019ai jamais peint de r\u00eaves. Ce que j\u2019ai repr\u00e9sent\u00e9 \u00e9tait ma r\u00e9alit\u00e9<\/em>.&nbsp;\u00bb<\/p>\n\n\n\n<p>En&nbsp;1939, Frida se rend \u00e0&nbsp;Paris&nbsp;\u00e0 la grande exposition sur le Mexique organis\u00e9e par le gouvernement&nbsp;L\u00e1zaro C\u00e1rdenas&nbsp;\u00e0 la galerie Renou et Pierre Colle. Elle loge chez&nbsp;Andr\u00e9 Breton&nbsp;et rencontre les peintres&nbsp;Yves Tanguy,&nbsp;Pablo Picasso&nbsp;et&nbsp;Vassily Kandinsky. Elle n\u2019aime pas le climat de la capitale mais se lie avec Andr\u00e9 Breton et sa femme.<\/p>\n\n\n\n<p>Elle n&rsquo;aime pas Paris qu&rsquo;elle trouve sale et la nourriture ne lui convient pas&nbsp;; elle attrape une&nbsp;colibacillose. L&rsquo;exposition lui d\u00e9pla\u00eet&nbsp;: \u00ab&nbsp;<em>Elle est envahie par cette bande de fils de putes lunatiques que sont les surr\u00e9alistes<\/em>&nbsp;\u00bb. Elle trouve superflue \u00ab<em>&nbsp;toute cette saloperie<\/em>&nbsp;\u00bb expos\u00e9e autour du Mexique. Par-dessus le march\u00e9, l&rsquo;associ\u00e9 de Pierre Colle refuse d&rsquo;exposer toutes les \u0153uvres de Frida dans sa galerie. Il n&rsquo;en retient que 6 sur 27, choqu\u00e9 par la crudit\u00e9 des tableaux. Elle n&rsquo;appr\u00e9cie gu\u00e8re plus le regard qu&rsquo;Andr\u00e9 Breton (\u00ab&nbsp;<em>pr\u00e9tentieux&nbsp;<\/em>\u00bb) porte sur son art. Elle le per\u00e7oit comme teint\u00e9 de m\u00e9pris et d&rsquo;incompr\u00e9hension. Elle s&rsquo;en console aupr\u00e8s de Jacqueline, avec qui elle a une liaison.<\/p>\n\n\n\n<p>En d\u00e9cembre&nbsp;1938, Frida et Diego divorcent. Elle ressent de grandes douleurs dans la colonne vert\u00e9brale et contracte une mycose aigu\u00eb \u00e0 la main droite. En septembre 1940, elle se rend \u00e0 San Francisco pour \u00eatre soign\u00e9e par le docteur Eloesser. Pour le remercier de ses soins, elle peint pour lui&nbsp;<em>Autoportrait d\u00e9di\u00e9 au&nbsp;Dr&nbsp;Eloesser<\/em>. Le tableau porte en d\u00e9dicace&nbsp;: \u00ab&nbsp;<em>J\u2019ai peint mon portrait en 1940 pour le Dr. Eloesser, mon m\u00e9decin et meilleur ami. Avec toute mon affection, Frida Kahlo<\/em>.&nbsp;\u00bb<\/p>\n\n\n\n<p>Diego Rivera est \u00e9galement \u00e0 San Francisco \u00e0 la m\u00eame \u00e9poque. Il propose \u00e0 Frida de l\u2019\u00e9pouser de nouveau. Elle accepte et le second mariage a lieu \u00e0 San Francisco le&nbsp;8 d\u00e9cembre&nbsp;1940, jour de l\u2019anniversaire de Diego. Ils s\u2019installent dans la Casa azul \u00e0 Coyoac\u00e1n apr\u00e8s la mort du p\u00e8re de Frida.<\/p>\n\n\n\n<p>De retour au Mexique, elle s\u2019implique dans l\u2019enseignement et la culture. Son \u00e9tat de sant\u00e9 empirant, elle subit de nouvelles op\u00e9rations qui ne lui apportent aucun soulagement. Elle doit \u00eatre amput\u00e9e de la jambe droite et manque de sombrer dans la folie. Officiellement, Frida Kahlo d\u00e9c\u00e8de d\u2019une pneumonie en juillet 1954.<\/p>\n\n\n\n<h2 class=\"wp-block-heading\">Une \u0153uvre na\u00efve, enracin\u00e9e, symbolique, onirique<\/h2>\n\n\n\n<p>Karin de Cassini pr\u00e9sente <em>Mes grands-parents, mes parents et moi<\/em> (1936) o\u00f9 sa g\u00e9n\u00e9alogie appara\u00eet au moyen d\u2019un ruban rouge \u00e0 partir de son image, enfant nue, au milieu de la maison bleu. La toile montre le dualisme, allemand et mexicain, des origines. Elle introduit le style de l\u2019artiste, m\u00e9lange de peinture na\u00efve, de couleurs vives, et de grande finesse des portraits, avec une grande pr\u00e9sence des symboles.<\/p>\n\n\n\n<p>Viennent ensuite un simple dessin repr\u00e9sentant l\u2019accident qui a fait basculer la vie de Frida (celui du 17 septembre 1926) et un portrait du p\u00e8re. Puis deux \u00e9mouvants autoportraits, l&rsquo;un d\u00e9di\u00e9 \u00e0 L\u00e9on Trotski (1937) et l&rsquo;autre \u00e0 son amie Alexia.<\/p>\n\n\n\n<p>Le portrait du couple de Frida et Diego (1931) est poignant de na\u00efvet\u00e9 et de spontan\u00e9it\u00e9. Ce qui unit ces deux \u00eatres transpire de cette magnifique toile, na\u00efve et onirique.<\/p>\n\n\n\n<p><em>L\u2019autobus<\/em> (1929) montre align\u00e9s diff\u00e9rents arch\u00e9types de la soci\u00e9t\u00e9 mexicaine&nbsp;: une indienne allaitante, l\u2019ouvrier, la femme au foyer et le couple de bourgeois.<\/p>\n\n\n\n<figure class=\"wp-block-image size-large\"><img decoding=\"async\" width=\"1024\" height=\"768\" src=\"https:\/\/sceaux-lagazette.fr\/wp-content\/uploads\/2022\/12\/Mostra_di_Frida_Kahlo_al_Mudec_di_Milano_3_maggio_2018_23-1024x768.jpg\" alt=\"\" class=\"wp-image-8286\" srcset=\"https:\/\/sceaux-lagazette.fr\/wp-content\/uploads\/2022\/12\/Mostra_di_Frida_Kahlo_al_Mudec_di_Milano_3_maggio_2018_23-1024x768.jpg 1024w, https:\/\/sceaux-lagazette.fr\/wp-content\/uploads\/2022\/12\/Mostra_di_Frida_Kahlo_al_Mudec_di_Milano_3_maggio_2018_23-300x225.jpg 300w, https:\/\/sceaux-lagazette.fr\/wp-content\/uploads\/2022\/12\/Mostra_di_Frida_Kahlo_al_Mudec_di_Milano_3_maggio_2018_23-768x576.jpg 768w, https:\/\/sceaux-lagazette.fr\/wp-content\/uploads\/2022\/12\/Mostra_di_Frida_Kahlo_al_Mudec_di_Milano_3_maggio_2018_23-1536x1152.jpg 1536w, https:\/\/sceaux-lagazette.fr\/wp-content\/uploads\/2022\/12\/Mostra_di_Frida_Kahlo_al_Mudec_di_Milano_3_maggio_2018_23-2048x1536.jpg 2048w\" sizes=\"(max-width: 1024px) 100vw, 1024px\" \/><figcaption>Frida Kahlo, The Bus, 1929, Mudec Milano, 3 maggio 2018   Cr\u00e9dit : Wikim\u00e9dia Commons<\/figcaption><\/figure>\n\n\n\n<p>La conf\u00e9renci\u00e8re parle de la p\u00e9riode <em>Au pays des gringos<\/em> au travers du c\u00e9l\u00e8bre <em>Autoportrait \u00e0 la fronti\u00e8re entre le Mexique et les \u00c9tats-Unis<\/em> (1932) qui r\u00e9v\u00e8le \u00e0 la fois l\u2019attachement aux racines mexicaines et azt\u00e8ques sur la partie gauche et l\u2019admiration pour les \u00c9tats-Unis et sa modernit\u00e9 sur la partie droite du tableau. Elle poursuit avec <em>Ma robe est suspendue l\u00e0-ba<\/em>s (1933), hommage \u00e0 New York mais avec un autre t\u00e9moignage avec sa robe mexicaine suspendue en plein centre de la toile.<\/p>\n\n\n\n<p>Nous sommes ensuite troubl\u00e9s par la sanglante <em>Quelques petites piqures<\/em> (1935) qui, \u00e0 l\u2019occasion de l\u2019infid\u00e9lit\u00e9 de Diego avec la plus jeune s\u0153ur de Frida, Cristina, provoquera leur divorce. La toile exprime son sentiment de trahison en prenant pr\u00e9texte de l\u2019assassinat d\u2019une \u00e9pouse par son mari ivre qui a d\u00e9clar\u00e9 \u00e0 la cour de justice&nbsp;: \u00ab&nbsp;<em>Je ne lui ai donn\u00e9 que quelques petites piqures&nbsp;!<\/em>&nbsp;\u00bb. Ce tableau est plein de sang et de coups de poignard, m\u00eame sur le cadre. Comme souvent, l\u2019artiste ajoute une l\u00e9gende, un peu comme une bulle de BD&nbsp;: <em>Quelques petites piqures&nbsp;!<\/em>&nbsp;<\/p>\n\n\n\n<p>La souffrance de Frida apparait \u00e9galement crument sur les toiles qui \u00e9voquent ses fausses couches comme <em>H\u00f4pital Henry Ford&nbsp;<\/em>(1932), ou ses op\u00e9rations chirurgicales multiples comme <em>Le cerf bless\u00e9<\/em> (1947) qui se r\u00e9f\u00e8re \u00e0 une des interventions sur sa colonne vert\u00e9brale.<\/p>\n\n\n\n<p>Nous terminons avec son <em>Autoportrait avec petit singe<\/em> (1947) qui \u00e9voque les liens apaisants que Frida entretient avec le monde animal dans lequel elle trouve une grande consolation.<\/p>\n\n\n\n<p>Toujours inspir\u00e9e dans le choix de ses th\u00e8mes (et de ses intervenants) Marie-Lou Schenkel conclut en conseillant la lecture de <em>Diego&nbsp;et Frida<\/em> de J.M.G Le Cl\u00e9zio qui rend admirablement compte&nbsp;du caract\u00e8re ind\u00e9fectible des liens qui unissaient Frida et Diego.<\/p>\n\n\n\n<figure class=\"wp-block-image size-large\"><img decoding=\"async\" width=\"1024\" height=\"1024\" src=\"https:\/\/sceaux-lagazette.fr\/wp-content\/uploads\/2022\/12\/Entrance_of_the_Casa_Azul-1024x1024.jpg\" alt=\"\" class=\"wp-image-8287\" srcset=\"https:\/\/sceaux-lagazette.fr\/wp-content\/uploads\/2022\/12\/Entrance_of_the_Casa_Azul-1024x1024.jpg 1024w, https:\/\/sceaux-lagazette.fr\/wp-content\/uploads\/2022\/12\/Entrance_of_the_Casa_Azul-300x300.jpg 300w, https:\/\/sceaux-lagazette.fr\/wp-content\/uploads\/2022\/12\/Entrance_of_the_Casa_Azul-150x150.jpg 150w, https:\/\/sceaux-lagazette.fr\/wp-content\/uploads\/2022\/12\/Entrance_of_the_Casa_Azul-768x768.jpg 768w, https:\/\/sceaux-lagazette.fr\/wp-content\/uploads\/2022\/12\/Entrance_of_the_Casa_Azul.jpg 1280w\" sizes=\"(max-width: 1024px) 100vw, 1024px\" \/><figcaption>Entr\u00e9e de la maison bleue (casa azul)     cr\u00e9dit : Wikim\u00e9dia Commons<\/figcaption><\/figure>\n","protected":false},"excerpt":{"rendered":"<p>Les rencontres artistiques et litt\u00e9raires de Sceaux organisaient le 16 novembre une conf\u00e9rence portant sur une artiste, ic\u00f4ne de l\u2019art mexicain et universel, une artiste qui a fait de sa souffrance le creuset de sa cr\u00e9ation. Celle qui d\u00e9clarait malgr\u00e9 tout&nbsp;: \u00ab&nbsp;Je ne suis pas morte et j\u2019ai une raison&#8230;<\/p>\n","protected":false},"author":15,"featured_media":8285,"comment_status":"open","ping_status":"open","sticky":false,"template":"","format":"standard","meta":{"om_disable_all_campaigns":false,"_monsterinsights_skip_tracking":false,"_monsterinsights_sitenote_active":false,"_monsterinsights_sitenote_note":"","_monsterinsights_sitenote_category":0,"_uf_show_specific_survey":0,"_uf_disable_surveys":false,"footnotes":""},"categories":[257],"tags":[],"class_list":["post-8281","post","type-post","status-publish","format-standard","has-post-thumbnail","hentry","category-peinture","entry","simple"],"yoast_head":"<!-- This site is optimized with the Yoast SEO plugin v25.6 - https:\/\/yoast.com\/wordpress\/plugins\/seo\/ -->\n<title>Frida Kahlo, rebelle et l\u00e9gende mexicaine - La Gazette<\/title>\n<meta name=\"robots\" content=\"index, follow, max-snippet:-1, max-image-preview:large, max-video-preview:-1\" \/>\n<link rel=\"canonical\" href=\"https:\/\/sceaux-lagazette.fr\/index.php\/2022\/12\/07\/frida-kahlo-artiste-rebelle-et-legende-mexicaine\/\" \/>\n<meta property=\"og:locale\" content=\"fr_FR\" \/>\n<meta property=\"og:type\" content=\"article\" \/>\n<meta property=\"og:title\" content=\"Frida Kahlo, rebelle et l\u00e9gende mexicaine - La Gazette\" \/>\n<meta property=\"og:description\" content=\"Les rencontres artistiques et litt\u00e9raires de Sceaux organisaient le 16 novembre une conf\u00e9rence portant sur une artiste, ic\u00f4ne de l\u2019art mexicain et universel, une artiste qui a fait de sa souffrance le creuset de sa cr\u00e9ation. Celle qui d\u00e9clarait malgr\u00e9 tout&nbsp;: \u00ab&nbsp;Je ne suis pas morte et j\u2019ai une raison&#8230;\" \/>\n<meta property=\"og:url\" content=\"https:\/\/sceaux-lagazette.fr\/index.php\/2022\/12\/07\/frida-kahlo-artiste-rebelle-et-legende-mexicaine\/\" \/>\n<meta property=\"og:site_name\" content=\"La Gazette\" \/>\n<meta property=\"article:published_time\" content=\"2022-12-07T08:25:00+00:00\" \/>\n<meta property=\"og:image\" content=\"https:\/\/sceaux-lagazette.fr\/wp-content\/uploads\/2022\/12\/Mostra_di_Frida_Kahlo_al_Mudec_di_Milano_3_maggio_2018_13-e1670367796379.jpg\" \/>\n\t<meta property=\"og:image:width\" content=\"2042\" \/>\n\t<meta property=\"og:image:height\" content=\"1521\" \/>\n\t<meta property=\"og:image:type\" content=\"image\/jpeg\" \/>\n<meta name=\"author\" content=\"Fr\u00e9d\u00e9ric N\u00e9grerie\" \/>\n<meta name=\"twitter:card\" content=\"summary_large_image\" \/>\n<meta name=\"twitter:label1\" content=\"\u00c9crit par\" \/>\n\t<meta name=\"twitter:data1\" content=\"Fr\u00e9d\u00e9ric N\u00e9grerie\" \/>\n\t<meta name=\"twitter:label2\" content=\"Dur\u00e9e de lecture estim\u00e9e\" \/>\n\t<meta name=\"twitter:data2\" content=\"12 minutes\" \/>\n<script type=\"application\/ld+json\" class=\"yoast-schema-graph\">{\"@context\":\"https:\/\/schema.org\",\"@graph\":[{\"@type\":\"Article\",\"@id\":\"https:\/\/sceaux-lagazette.fr\/index.php\/2022\/12\/07\/frida-kahlo-artiste-rebelle-et-legende-mexicaine\/#article\",\"isPartOf\":{\"@id\":\"https:\/\/sceaux-lagazette.fr\/index.php\/2022\/12\/07\/frida-kahlo-artiste-rebelle-et-legende-mexicaine\/\"},\"author\":{\"name\":\"Fr\u00e9d\u00e9ric N\u00e9grerie\",\"@id\":\"https:\/\/sceaux-lagazette.fr\/#\/schema\/person\/52a695026f12a914294710645ceec00d\"},\"headline\":\"Frida Kahlo, rebelle et l\u00e9gende mexicaine\",\"datePublished\":\"2022-12-07T08:25:00+00:00\",\"mainEntityOfPage\":{\"@id\":\"https:\/\/sceaux-lagazette.fr\/index.php\/2022\/12\/07\/frida-kahlo-artiste-rebelle-et-legende-mexicaine\/\"},\"wordCount\":2384,\"commentCount\":1,\"publisher\":{\"@id\":\"https:\/\/sceaux-lagazette.fr\/#organization\"},\"image\":{\"@id\":\"https:\/\/sceaux-lagazette.fr\/index.php\/2022\/12\/07\/frida-kahlo-artiste-rebelle-et-legende-mexicaine\/#primaryimage\"},\"thumbnailUrl\":\"https:\/\/sceaux-lagazette.fr\/wp-content\/uploads\/2022\/12\/Mostra_di_Frida_Kahlo_al_Mudec_di_Milano_3_maggio_2018_13-e1670367796379.jpg\",\"articleSection\":[\"peinture\"],\"inLanguage\":\"fr-FR\",\"potentialAction\":[{\"@type\":\"CommentAction\",\"name\":\"Comment\",\"target\":[\"https:\/\/sceaux-lagazette.fr\/index.php\/2022\/12\/07\/frida-kahlo-artiste-rebelle-et-legende-mexicaine\/#respond\"]}]},{\"@type\":\"WebPage\",\"@id\":\"https:\/\/sceaux-lagazette.fr\/index.php\/2022\/12\/07\/frida-kahlo-artiste-rebelle-et-legende-mexicaine\/\",\"url\":\"https:\/\/sceaux-lagazette.fr\/index.php\/2022\/12\/07\/frida-kahlo-artiste-rebelle-et-legende-mexicaine\/\",\"name\":\"Frida Kahlo, rebelle et l\u00e9gende mexicaine - La Gazette\",\"isPartOf\":{\"@id\":\"https:\/\/sceaux-lagazette.fr\/#website\"},\"primaryImageOfPage\":{\"@id\":\"https:\/\/sceaux-lagazette.fr\/index.php\/2022\/12\/07\/frida-kahlo-artiste-rebelle-et-legende-mexicaine\/#primaryimage\"},\"image\":{\"@id\":\"https:\/\/sceaux-lagazette.fr\/index.php\/2022\/12\/07\/frida-kahlo-artiste-rebelle-et-legende-mexicaine\/#primaryimage\"},\"thumbnailUrl\":\"https:\/\/sceaux-lagazette.fr\/wp-content\/uploads\/2022\/12\/Mostra_di_Frida_Kahlo_al_Mudec_di_Milano_3_maggio_2018_13-e1670367796379.jpg\",\"datePublished\":\"2022-12-07T08:25:00+00:00\",\"breadcrumb\":{\"@id\":\"https:\/\/sceaux-lagazette.fr\/index.php\/2022\/12\/07\/frida-kahlo-artiste-rebelle-et-legende-mexicaine\/#breadcrumb\"},\"inLanguage\":\"fr-FR\",\"potentialAction\":[{\"@type\":\"ReadAction\",\"target\":[\"https:\/\/sceaux-lagazette.fr\/index.php\/2022\/12\/07\/frida-kahlo-artiste-rebelle-et-legende-mexicaine\/\"]}]},{\"@type\":\"ImageObject\",\"inLanguage\":\"fr-FR\",\"@id\":\"https:\/\/sceaux-lagazette.fr\/index.php\/2022\/12\/07\/frida-kahlo-artiste-rebelle-et-legende-mexicaine\/#primaryimage\",\"url\":\"https:\/\/sceaux-lagazette.fr\/wp-content\/uploads\/2022\/12\/Mostra_di_Frida_Kahlo_al_Mudec_di_Milano_3_maggio_2018_13-e1670367796379.jpg\",\"contentUrl\":\"https:\/\/sceaux-lagazette.fr\/wp-content\/uploads\/2022\/12\/Mostra_di_Frida_Kahlo_al_Mudec_di_Milano_3_maggio_2018_13-e1670367796379.jpg\",\"width\":2042,\"height\":1521,\"caption\":\"Frida Kahlo, The love embrace of the universe the earth mexico myself diego and senor xolotl, 1949, Mudec Milano, 3 maggio 2018\"},{\"@type\":\"BreadcrumbList\",\"@id\":\"https:\/\/sceaux-lagazette.fr\/index.php\/2022\/12\/07\/frida-kahlo-artiste-rebelle-et-legende-mexicaine\/#breadcrumb\",\"itemListElement\":[{\"@type\":\"ListItem\",\"position\":1,\"name\":\"Accueil\",\"item\":\"https:\/\/sceaux-lagazette.fr\/\"},{\"@type\":\"ListItem\",\"position\":2,\"name\":\"Frida Kahlo, rebelle et l\u00e9gende mexicaine\"}]},{\"@type\":\"WebSite\",\"@id\":\"https:\/\/sceaux-lagazette.fr\/#website\",\"url\":\"https:\/\/sceaux-lagazette.fr\/\",\"name\":\"La Gazette\",\"description\":\"Bourg-la-Reine, Ch\u00e2tenay, Fontenay, Sceaux\",\"publisher\":{\"@id\":\"https:\/\/sceaux-lagazette.fr\/#organization\"},\"potentialAction\":[{\"@type\":\"SearchAction\",\"target\":{\"@type\":\"EntryPoint\",\"urlTemplate\":\"https:\/\/sceaux-lagazette.fr\/?s={search_term_string}\"},\"query-input\":{\"@type\":\"PropertyValueSpecification\",\"valueRequired\":true,\"valueName\":\"search_term_string\"}}],\"inLanguage\":\"fr-FR\"},{\"@type\":\"Organization\",\"@id\":\"https:\/\/sceaux-lagazette.fr\/#organization\",\"name\":\"La Gazette\",\"url\":\"https:\/\/sceaux-lagazette.fr\/\",\"logo\":{\"@type\":\"ImageObject\",\"inLanguage\":\"fr-FR\",\"@id\":\"https:\/\/sceaux-lagazette.fr\/#\/schema\/logo\/image\/\",\"url\":\"https:\/\/sceaux-lagazette.fr\/wp-content\/uploads\/2025\/08\/Logo-Gazette-Aout-2025-V3.jpg\",\"contentUrl\":\"https:\/\/sceaux-lagazette.fr\/wp-content\/uploads\/2025\/08\/Logo-Gazette-Aout-2025-V3.jpg\",\"width\":525,\"height\":130,\"caption\":\"La Gazette\"},\"image\":{\"@id\":\"https:\/\/sceaux-lagazette.fr\/#\/schema\/logo\/image\/\"}},{\"@type\":\"Person\",\"@id\":\"https:\/\/sceaux-lagazette.fr\/#\/schema\/person\/52a695026f12a914294710645ceec00d\",\"name\":\"Fr\u00e9d\u00e9ric N\u00e9grerie\",\"image\":{\"@type\":\"ImageObject\",\"inLanguage\":\"fr-FR\",\"@id\":\"https:\/\/sceaux-lagazette.fr\/#\/schema\/person\/image\/\",\"url\":\"https:\/\/secure.gravatar.com\/avatar\/8b9dcde30c607cbb36d05d2adb0f9ca9?s=96&r=g\",\"contentUrl\":\"https:\/\/secure.gravatar.com\/avatar\/8b9dcde30c607cbb36d05d2adb0f9ca9?s=96&r=g\",\"caption\":\"Fr\u00e9d\u00e9ric N\u00e9grerie\"},\"url\":\"https:\/\/sceaux-lagazette.fr\/index.php\/author\/fn\/\"}]}<\/script>\n<!-- \/ Yoast SEO plugin. -->","yoast_head_json":{"title":"Frida Kahlo, rebelle et l\u00e9gende mexicaine - La Gazette","robots":{"index":"index","follow":"follow","max-snippet":"max-snippet:-1","max-image-preview":"max-image-preview:large","max-video-preview":"max-video-preview:-1"},"canonical":"https:\/\/sceaux-lagazette.fr\/index.php\/2022\/12\/07\/frida-kahlo-artiste-rebelle-et-legende-mexicaine\/","og_locale":"fr_FR","og_type":"article","og_title":"Frida Kahlo, rebelle et l\u00e9gende mexicaine - La Gazette","og_description":"Les rencontres artistiques et litt\u00e9raires de Sceaux organisaient le 16 novembre une conf\u00e9rence portant sur une artiste, ic\u00f4ne de l\u2019art mexicain et universel, une artiste qui a fait de sa souffrance le creuset de sa cr\u00e9ation. Celle qui d\u00e9clarait malgr\u00e9 tout&nbsp;: \u00ab&nbsp;Je ne suis pas morte et j\u2019ai une raison&#8230;","og_url":"https:\/\/sceaux-lagazette.fr\/index.php\/2022\/12\/07\/frida-kahlo-artiste-rebelle-et-legende-mexicaine\/","og_site_name":"La Gazette","article_published_time":"2022-12-07T08:25:00+00:00","og_image":[{"width":2042,"height":1521,"url":"https:\/\/sceaux-lagazette.fr\/wp-content\/uploads\/2022\/12\/Mostra_di_Frida_Kahlo_al_Mudec_di_Milano_3_maggio_2018_13-e1670367796379.jpg","type":"image\/jpeg"}],"author":"Fr\u00e9d\u00e9ric N\u00e9grerie","twitter_card":"summary_large_image","twitter_misc":{"\u00c9crit par":"Fr\u00e9d\u00e9ric N\u00e9grerie","Dur\u00e9e de lecture estim\u00e9e":"12 minutes"},"schema":{"@context":"https:\/\/schema.org","@graph":[{"@type":"Article","@id":"https:\/\/sceaux-lagazette.fr\/index.php\/2022\/12\/07\/frida-kahlo-artiste-rebelle-et-legende-mexicaine\/#article","isPartOf":{"@id":"https:\/\/sceaux-lagazette.fr\/index.php\/2022\/12\/07\/frida-kahlo-artiste-rebelle-et-legende-mexicaine\/"},"author":{"name":"Fr\u00e9d\u00e9ric N\u00e9grerie","@id":"https:\/\/sceaux-lagazette.fr\/#\/schema\/person\/52a695026f12a914294710645ceec00d"},"headline":"Frida Kahlo, rebelle et l\u00e9gende mexicaine","datePublished":"2022-12-07T08:25:00+00:00","mainEntityOfPage":{"@id":"https:\/\/sceaux-lagazette.fr\/index.php\/2022\/12\/07\/frida-kahlo-artiste-rebelle-et-legende-mexicaine\/"},"wordCount":2384,"commentCount":1,"publisher":{"@id":"https:\/\/sceaux-lagazette.fr\/#organization"},"image":{"@id":"https:\/\/sceaux-lagazette.fr\/index.php\/2022\/12\/07\/frida-kahlo-artiste-rebelle-et-legende-mexicaine\/#primaryimage"},"thumbnailUrl":"https:\/\/sceaux-lagazette.fr\/wp-content\/uploads\/2022\/12\/Mostra_di_Frida_Kahlo_al_Mudec_di_Milano_3_maggio_2018_13-e1670367796379.jpg","articleSection":["peinture"],"inLanguage":"fr-FR","potentialAction":[{"@type":"CommentAction","name":"Comment","target":["https:\/\/sceaux-lagazette.fr\/index.php\/2022\/12\/07\/frida-kahlo-artiste-rebelle-et-legende-mexicaine\/#respond"]}]},{"@type":"WebPage","@id":"https:\/\/sceaux-lagazette.fr\/index.php\/2022\/12\/07\/frida-kahlo-artiste-rebelle-et-legende-mexicaine\/","url":"https:\/\/sceaux-lagazette.fr\/index.php\/2022\/12\/07\/frida-kahlo-artiste-rebelle-et-legende-mexicaine\/","name":"Frida Kahlo, rebelle et l\u00e9gende mexicaine - La Gazette","isPartOf":{"@id":"https:\/\/sceaux-lagazette.fr\/#website"},"primaryImageOfPage":{"@id":"https:\/\/sceaux-lagazette.fr\/index.php\/2022\/12\/07\/frida-kahlo-artiste-rebelle-et-legende-mexicaine\/#primaryimage"},"image":{"@id":"https:\/\/sceaux-lagazette.fr\/index.php\/2022\/12\/07\/frida-kahlo-artiste-rebelle-et-legende-mexicaine\/#primaryimage"},"thumbnailUrl":"https:\/\/sceaux-lagazette.fr\/wp-content\/uploads\/2022\/12\/Mostra_di_Frida_Kahlo_al_Mudec_di_Milano_3_maggio_2018_13-e1670367796379.jpg","datePublished":"2022-12-07T08:25:00+00:00","breadcrumb":{"@id":"https:\/\/sceaux-lagazette.fr\/index.php\/2022\/12\/07\/frida-kahlo-artiste-rebelle-et-legende-mexicaine\/#breadcrumb"},"inLanguage":"fr-FR","potentialAction":[{"@type":"ReadAction","target":["https:\/\/sceaux-lagazette.fr\/index.php\/2022\/12\/07\/frida-kahlo-artiste-rebelle-et-legende-mexicaine\/"]}]},{"@type":"ImageObject","inLanguage":"fr-FR","@id":"https:\/\/sceaux-lagazette.fr\/index.php\/2022\/12\/07\/frida-kahlo-artiste-rebelle-et-legende-mexicaine\/#primaryimage","url":"https:\/\/sceaux-lagazette.fr\/wp-content\/uploads\/2022\/12\/Mostra_di_Frida_Kahlo_al_Mudec_di_Milano_3_maggio_2018_13-e1670367796379.jpg","contentUrl":"https:\/\/sceaux-lagazette.fr\/wp-content\/uploads\/2022\/12\/Mostra_di_Frida_Kahlo_al_Mudec_di_Milano_3_maggio_2018_13-e1670367796379.jpg","width":2042,"height":1521,"caption":"Frida Kahlo, The love embrace of the universe the earth mexico myself diego and senor xolotl, 1949, Mudec Milano, 3 maggio 2018"},{"@type":"BreadcrumbList","@id":"https:\/\/sceaux-lagazette.fr\/index.php\/2022\/12\/07\/frida-kahlo-artiste-rebelle-et-legende-mexicaine\/#breadcrumb","itemListElement":[{"@type":"ListItem","position":1,"name":"Accueil","item":"https:\/\/sceaux-lagazette.fr\/"},{"@type":"ListItem","position":2,"name":"Frida Kahlo, rebelle et l\u00e9gende mexicaine"}]},{"@type":"WebSite","@id":"https:\/\/sceaux-lagazette.fr\/#website","url":"https:\/\/sceaux-lagazette.fr\/","name":"La Gazette","description":"Bourg-la-Reine, Ch\u00e2tenay, Fontenay, Sceaux","publisher":{"@id":"https:\/\/sceaux-lagazette.fr\/#organization"},"potentialAction":[{"@type":"SearchAction","target":{"@type":"EntryPoint","urlTemplate":"https:\/\/sceaux-lagazette.fr\/?s={search_term_string}"},"query-input":{"@type":"PropertyValueSpecification","valueRequired":true,"valueName":"search_term_string"}}],"inLanguage":"fr-FR"},{"@type":"Organization","@id":"https:\/\/sceaux-lagazette.fr\/#organization","name":"La Gazette","url":"https:\/\/sceaux-lagazette.fr\/","logo":{"@type":"ImageObject","inLanguage":"fr-FR","@id":"https:\/\/sceaux-lagazette.fr\/#\/schema\/logo\/image\/","url":"https:\/\/sceaux-lagazette.fr\/wp-content\/uploads\/2025\/08\/Logo-Gazette-Aout-2025-V3.jpg","contentUrl":"https:\/\/sceaux-lagazette.fr\/wp-content\/uploads\/2025\/08\/Logo-Gazette-Aout-2025-V3.jpg","width":525,"height":130,"caption":"La Gazette"},"image":{"@id":"https:\/\/sceaux-lagazette.fr\/#\/schema\/logo\/image\/"}},{"@type":"Person","@id":"https:\/\/sceaux-lagazette.fr\/#\/schema\/person\/52a695026f12a914294710645ceec00d","name":"Fr\u00e9d\u00e9ric N\u00e9grerie","image":{"@type":"ImageObject","inLanguage":"fr-FR","@id":"https:\/\/sceaux-lagazette.fr\/#\/schema\/person\/image\/","url":"https:\/\/secure.gravatar.com\/avatar\/8b9dcde30c607cbb36d05d2adb0f9ca9?s=96&r=g","contentUrl":"https:\/\/secure.gravatar.com\/avatar\/8b9dcde30c607cbb36d05d2adb0f9ca9?s=96&r=g","caption":"Fr\u00e9d\u00e9ric N\u00e9grerie"},"url":"https:\/\/sceaux-lagazette.fr\/index.php\/author\/fn\/"}]}},"cc_featured_image_caption":{"caption_text":"","source_text":"","source_url":""},"_links":{"self":[{"href":"https:\/\/sceaux-lagazette.fr\/index.php\/wp-json\/wp\/v2\/posts\/8281"}],"collection":[{"href":"https:\/\/sceaux-lagazette.fr\/index.php\/wp-json\/wp\/v2\/posts"}],"about":[{"href":"https:\/\/sceaux-lagazette.fr\/index.php\/wp-json\/wp\/v2\/types\/post"}],"author":[{"embeddable":true,"href":"https:\/\/sceaux-lagazette.fr\/index.php\/wp-json\/wp\/v2\/users\/15"}],"replies":[{"embeddable":true,"href":"https:\/\/sceaux-lagazette.fr\/index.php\/wp-json\/wp\/v2\/comments?post=8281"}],"version-history":[{"count":11,"href":"https:\/\/sceaux-lagazette.fr\/index.php\/wp-json\/wp\/v2\/posts\/8281\/revisions"}],"predecessor-version":[{"id":8306,"href":"https:\/\/sceaux-lagazette.fr\/index.php\/wp-json\/wp\/v2\/posts\/8281\/revisions\/8306"}],"wp:featuredmedia":[{"embeddable":true,"href":"https:\/\/sceaux-lagazette.fr\/index.php\/wp-json\/wp\/v2\/media\/8285"}],"wp:attachment":[{"href":"https:\/\/sceaux-lagazette.fr\/index.php\/wp-json\/wp\/v2\/media?parent=8281"}],"wp:term":[{"taxonomy":"category","embeddable":true,"href":"https:\/\/sceaux-lagazette.fr\/index.php\/wp-json\/wp\/v2\/categories?post=8281"},{"taxonomy":"post_tag","embeddable":true,"href":"https:\/\/sceaux-lagazette.fr\/index.php\/wp-json\/wp\/v2\/tags?post=8281"}],"curies":[{"name":"wp","href":"https:\/\/api.w.org\/{rel}","templated":true}]}}