{"id":8111,"date":"2022-11-25T09:30:44","date_gmt":"2022-11-25T08:30:44","guid":{"rendered":"https:\/\/sceaux-lagazette.fr\/?p=8111"},"modified":"2023-03-12T10:28:41","modified_gmt":"2023-03-12T09:28:41","slug":"le-sur-mesure-pour-se-surprendre","status":"publish","type":"post","link":"https:\/\/sceaux-lagazette.fr\/index.php\/2022\/11\/25\/le-sur-mesure-pour-se-surprendre\/","title":{"rendered":"Le sur-mesure pour se surprendre"},"content":{"rendered":"\n<p>Le v\u00eatement, comme la musique ou la litt\u00e9rature, c\u2019est sans fin. \u00c0 moins d\u2019une id\u00e9ologie r\u00e9pressive, l\u2019imagination poursuit son cours. Dans nos pays, elle se confond parfois avec provocation. La tenue est alors toute en rupture, mais qui peut la porter&nbsp;? Sa\u00efma K., en cr\u00e9ant <em>1aime7<\/em> est clairement du c\u00f4t\u00e9 de ce qui se porte et du c\u00f4t\u00e9 de l\u2019imagination. Mieux, elle se dit pr\u00eate \u00e0 imaginer ce que vous n\u2019imaginez pas vous-m\u00eame pour vous-m\u00eame. Bref, \u00e0 vous r\u00e9inventer&nbsp;!<\/p>\n\n\n\n<h2 class=\"wp-block-heading\">Chacun est plusieurs<\/h2>\n\n\n\n<p>C\u2019est qu\u2019elle voit ses v\u00eatements comme des parures. Les concevoir est une alchimie qui joue sur la personne. <em>\u00ab&nbsp;C\u2019est pourquoi je suis dans le mod\u00e8le unique ou la toute petite s\u00e9rie de quelques unit\u00e9s.<\/em>&nbsp;\u00bb Seule l\u2019unicit\u00e9 permet de surprendre, d\u2019incorporer une part de r\u00eave. Le v\u00eatement devient une seconde peau qu&rsquo;elle n\u2019imagine pas par raisonnement mais par intuition. C\u2019est son intuition qui lui permet de faire des propositions et de sentir comment elles sont re\u00e7ues. Un client est une personne avec laquelle elle s\u2019entretient, elle \u00e9change. Une sorte d\u2019approche de consultante. Ce qui tombe bien, elle le fut.<\/p>\n\n\n\n<div class=\"wp-block-image\"><figure class=\"aligncenter size-large\"><img decoding=\"async\" width=\"401\" height=\"83\" src=\"https:\/\/sceaux-lagazette.fr\/wp-content\/uploads\/2022\/11\/Logo-1aime7-Rose.jpg\" alt=\"\" class=\"wp-image-8147\" srcset=\"https:\/\/sceaux-lagazette.fr\/wp-content\/uploads\/2022\/11\/Logo-1aime7-Rose.jpg 401w, https:\/\/sceaux-lagazette.fr\/wp-content\/uploads\/2022\/11\/Logo-1aime7-Rose-300x62.jpg 300w\" sizes=\"(max-width: 401px) 100vw, 401px\" \/><figcaption>Cr\u00e9dit photo: 1aime7<\/figcaption><\/figure><\/div>\n\n\n\n<p>Sa\u00efma K. a une ambition&nbsp;: trouver des tenues auxquelles les gens n\u2019ont pas pens\u00e9. Convaincre qu\u2019on peut \u00eatre une autre personne. D\u2019o\u00f9 l\u2019id\u00e9e de parure. \u00ab&nbsp;<em>Je suis celle-l\u00e0, mais je suis aussi une autre.&nbsp;<\/em>\u00bb Du Rimbaud.<\/p>\n\n\n\n<p>Elle a, au service de cette ambition, un savoir-faire form\u00e9 dans ses exp\u00e9riences&nbsp;: costumi\u00e8re de th\u00e9\u00e2tre&nbsp;; designer&nbsp;; directrice artistique junior, le dessin de mod\u00e8les, l\u2019\u00e9laboration des patrons. Mais pas que&nbsp;: coudre, monter, broder. Il y a de la broderie dans toutes les pi\u00e8ces. Elle a tout fait, elle conna\u00eet toute la cha\u00eene de conception et de fabrication. Comment ne pas revendiquer une l\u00e9gitime autorit\u00e9 quand on sait faire tout \u00e7a&nbsp;?<\/p>\n\n\n\n<h2 class=\"wp-block-heading\">Travailler les tissus sauv\u00e9s<\/h2>\n\n\n\n<p>Tout l\u2019inspire. Le v\u00eatement homme. \u00ab&nbsp;<em>Souvent j\u2019ai imagin\u00e9 habiller les hommes autrement. Soit les gammes sont inabordables et visent une cible tr\u00e8s \u00e9troite excentrique. Soit tr\u00e8s classique, sportwear ou costume.<\/em>&nbsp;\u00bb Le v\u00eatement femme forme l\u2019essentiel de sa demande. Le v\u00eatement mixte : ses hoodies conviennent aux filles et aux gar\u00e7ons. Autre chose, iIs sont souvent r\u00e9versibles&nbsp;: pied-de-poule d\u2019un c\u00f4t\u00e9, cotonnade lotus de l\u2019autre. Elle adore le r\u00e9versible, y a pas photo.<\/p>\n\n\n\n<figure class=\"wp-block-gallery columns-2 is-cropped wp-block-gallery-1 is-layout-flex wp-block-gallery-is-layout-flex\"><ul class=\"blocks-gallery-grid\"><li class=\"blocks-gallery-item\"><figure><img decoding=\"async\" width=\"466\" height=\"488\" src=\"https:\/\/sceaux-lagazette.fr\/wp-content\/uploads\/2022\/11\/Hoodie-sur-fille.jpg\" alt=\"\" data-id=\"8140\" data-link=\"https:\/\/sceaux-lagazette.fr\/?attachment_id=8140\" class=\"wp-image-8140\" srcset=\"https:\/\/sceaux-lagazette.fr\/wp-content\/uploads\/2022\/11\/Hoodie-sur-fille.jpg 466w, https:\/\/sceaux-lagazette.fr\/wp-content\/uploads\/2022\/11\/Hoodie-sur-fille-286x300.jpg 286w\" sizes=\"(max-width: 466px) 100vw, 466px\" \/><figcaption class=\"blocks-gallery-item__caption\">Cr\u00e9dit photo : Pierre Vallet<\/figcaption><\/figure><\/li><li class=\"blocks-gallery-item\"><figure><img decoding=\"async\" width=\"466\" height=\"488\" src=\"https:\/\/sceaux-lagazette.fr\/wp-content\/uploads\/2022\/11\/Hoodie-sur-garcon.jpg\" alt=\"\" data-id=\"8141\" data-full-url=\"https:\/\/sceaux-lagazette.fr\/wp-content\/uploads\/2022\/11\/Hoodie-sur-garcon.jpg\" data-link=\"https:\/\/sceaux-lagazette.fr\/?attachment_id=8141\" class=\"wp-image-8141\" srcset=\"https:\/\/sceaux-lagazette.fr\/wp-content\/uploads\/2022\/11\/Hoodie-sur-garcon.jpg 466w, https:\/\/sceaux-lagazette.fr\/wp-content\/uploads\/2022\/11\/Hoodie-sur-garcon-286x300.jpg 286w\" sizes=\"(max-width: 466px) 100vw, 466px\" \/><figcaption class=\"blocks-gallery-item__caption\">Cr\u00e9dit photo : Pierre Vallet<\/figcaption><\/figure><\/li><\/ul><\/figure>\n\n\n\n<p>En septembre dernier, elle a pr\u00e9sent\u00e9 ses cr\u00e9ations \u00e0 Paris chez un d\u00e9corateur peintre. Dans une mise en sc\u00e8ne de d\u00e9fil\u00e9 (avec mannequins, musique, timing d\u2019enfer) elle a montr\u00e9 plein de choses. Allez sur <a href=\"https:\/\/1aime7.paris\/\">son site<\/a> ou son <a href=\"https:\/\/www.instagram.com\/1aime7\/\">compte Instagram<\/a>. Petit \u00e9chantillon. Un sweat en tissu italien et soie sauvage rebrod\u00e9e. Un tailleur en tartan \u00e9cossais qu\u2019elle a achet\u00e9 il y a 14 ans lors d\u2019un voyage (partout o\u00f9 elle se trouve, elle chine, cherche le tissu <em>coup de c\u0153ur<\/em>). Une robe lac\u00e9e dans le dos en voile de soie avec des volants de tulle pour donner du volume. Un ensemble avec pull sans manche en laine mohair, mitaines et bob \u00ab&nbsp;les poissons volants&nbsp;\u00bb.<\/p>\n\n\n\n<div class=\"wp-block-image\"><figure class=\"alignright size-medium\"><img decoding=\"async\" width=\"286\" height=\"300\" src=\"https:\/\/sceaux-lagazette.fr\/wp-content\/uploads\/2022\/11\/Haut-Bob-Mitaines-286x300.jpg\" alt=\"\" class=\"wp-image-8151\" srcset=\"https:\/\/sceaux-lagazette.fr\/wp-content\/uploads\/2022\/11\/Haut-Bob-Mitaines-286x300.jpg 286w, https:\/\/sceaux-lagazette.fr\/wp-content\/uploads\/2022\/11\/Haut-Bob-Mitaines.jpg 466w\" sizes=\"(max-width: 286px) 100vw, 286px\" \/><figcaption>Ensemble Les poissons volants. Cr\u00e9dit photo: Pierre Vallet<\/figcaption><\/figure><\/div>\n\n\n\n<p>Elle travaille tout particuli\u00e8rement les \u00ab&nbsp;tissus sauv\u00e9s&nbsp;\u00bb, en l\u2019occurrence venus des grands couturiers ou de cr\u00e9ateurs. \u00c0 sa fa\u00e7on sensible de toucher un v\u00eatement, on comprend que la texture lui est de premi\u00e8re importance. Elle est dans la mati\u00e8re. La mati\u00e8re premi\u00e8re. La mati\u00e8re sauv\u00e9e.<\/p>\n\n\n\n<h2 class=\"wp-block-heading\">La confection riv\u00e9e au corps<\/h2>\n\n\n\n<p>Le lancement de <em>1aime7<\/em> est l\u2019aboutissement d\u2019un parcours de vie. Il remonte \u00e0 la pand\u00e9mie. C\u2019est le moment o\u00f9, au bout de 15 ans \u00e0 la t\u00eate d\u2019un cabinet de conseil, il est temps pour Sa\u00efma K. de respirer un air nouveau. Et de retrouver une sensibilit\u00e9 form\u00e9e dans son enfance. Elle dessine des mod\u00e8les, prend un atelier, fabrique, trouve des clients.<\/p>\n\n\n\n<p>Elle dessine des habits depuis sa plus tendre enfance. Elle n\u2019a jamais jou\u00e9 \u00e0 la poup\u00e9e, elle a habill\u00e9 ses poup\u00e9es. En Alg\u00e9rie, une nounou lui fabriquait les v\u00eatements qu\u2019elle dessinait d\u00e9j\u00e0.<\/p>\n\n\n\n<p>1973, c\u2019est l\u2019arriv\u00e9e en France avec ses 4 fr\u00e8res et s\u0153ur. Elle est la plus jeune. Le niveau de vie de la famille a s\u00e9v\u00e8rement chut\u00e9. Sa fringale de v\u00eatements ne peut \u00eatre satisfaite. Un jour, son p\u00e8re l\u2019emm\u00e8ne faire des emplettes. Elle r\u00eave, elle esp\u00e8re. Elle imagine d\u00e9j\u00e0 la belle robe, le beau manteau. Son p\u00e8re lui acheta une machine \u00e0 coudre. Certainement le cadeau le plus beau et le plus charg\u00e9 de confiance.<\/p>\n\n\n\n<div class=\"wp-block-image\"><figure class=\"alignleft size-medium\"><img decoding=\"async\" width=\"200\" height=\"300\" src=\"https:\/\/sceaux-lagazette.fr\/wp-content\/uploads\/2022\/11\/Robe-taffetas-200x300.jpg\" alt=\"\" class=\"wp-image-8142\" srcset=\"https:\/\/sceaux-lagazette.fr\/wp-content\/uploads\/2022\/11\/Robe-taffetas-200x300.jpg 200w, https:\/\/sceaux-lagazette.fr\/wp-content\/uploads\/2022\/11\/Robe-taffetas.jpg 480w\" sizes=\"(max-width: 200px) 100vw, 200px\" \/><figcaption>Robe de soir\u00e9e en Taffetas de soie moir\u00e9e. <br>Cr\u00e9dit photo: Pierre Vallet<\/figcaption><\/figure><\/div>\n\n\n\n<p>\u00c0 15 ans, elle rencontre une costumi\u00e8re de th\u00e9\u00e2tre qui la prend sous son aile. Elle forme l\u2019adolescente aux meilleures techniques. Un jour elle la rempla\u00e7a sur une mission qu\u2019elle ne pouvait honorer. Fi\u00e8re comme pas deux&nbsp;! La confiance encore.<\/p>\n\n\n\n<p>Son p\u00e8re voulait qu\u2019elle fasse du droit. Elle en fit. Les \u00e9tudes se d\u00e9rouleront en 2 phases. La premi\u00e8re, juste apr\u00e8s le bac&nbsp;; elle dure 2 ans. Bon, mais faire plaisir \u00e0 papa ne r\u00e9siste pas \u00e0 tous les d\u00e9sirs. Elle entre \u00e0 Met de Penninghen, la c\u00e9l\u00e8bre \u00e9cole d&rsquo;arts et de cr\u00e9ations. Elle fait un pr\u00eat \u00e9tudiant ce qui lui permet de faire ce qu\u2019elle aime. Surtout, elle est ind\u00e9pendante&nbsp;; elle trouve une multitude de jobs en agence de pub, en d\u00e9cor de th\u00e9\u00e2tre, en costume, en agence de presse, en image bank, mais aussi habilleuse\u2026 Il y en eut sans doute d\u2019autres.<\/p>\n\n\n\n<p>Elle gagne sa vie. Il para\u00eet que c\u2019est secondaire dans un milieu o\u00f9 on est plut\u00f4t en \u00ab&nbsp;qu\u00eate de sens&nbsp;\u00bb. On n\u2019a pas partout de ces \u00e9tats d\u2019\u00e2me.<\/p>\n\n\n\n<p>\u00c0 25 ans, elle reprend et termine son droit. Visiblement, ses cours d\u2019anthropologie, ceux de l\u2019institut judiciaire l\u2019ont marqu\u00e9e. Le directeur de son 3<sup>e<\/sup> cycle lui propose d\u2019entrer dans son cabinet de conseil. Pas d\u2019h\u00e9sitation, elle se lance dans une nouvelle carri\u00e8re.<\/p>\n\n\n\n<p>Quelques ann\u00e9es d\u2019exp\u00e9rience et celle qui est devenue juriste en droit social cr\u00e9e son propre cabinet, EssKa Consultants. Elle le sp\u00e9cialise en droit et politique de formation et de certification. Ce faisant, \u00ab&nbsp;<em>j\u2019ai d\u00e9velopp\u00e9 une comp\u00e9tence rare, dit-elle. Je ne me contente pas de d\u00e9finir une fili\u00e8re de formation. Je l\u2019associe fortement \u00e0 sa valeur d&rsquo;usage et \u00e0 un processus de certification. Et croyez-moi, ce n\u2019est pas simple.<\/em>&nbsp;\u00bb Elle travaille pour de grands groupes publics et priv\u00e9s, pour des branches professionnelles et des minist\u00e8res.<\/p>\n\n\n\n<h2 class=\"wp-block-heading\">Revenir \u00e0 ses amours<\/h2>\n\n\n\n<p>Cette carri\u00e8re r\u00e9ussie ne l\u2019emp\u00eache d\u2019en imaginer une autre. Est arriv\u00e9 le temps de tirer parti de son exp\u00e9rience professionnelle. De la mettre au service de cette cr\u00e9ativit\u00e9 qui est en elle depuis toujours. D\u2019utiliser son expertise en droit du travail pour monter une entreprise p\u00e9renne, juste et inventive.<\/p>\n\n\n\n<div class=\"wp-block-image\"><figure class=\"alignright size-medium\"><img decoding=\"async\" width=\"200\" height=\"300\" src=\"https:\/\/sceaux-lagazette.fr\/wp-content\/uploads\/2022\/11\/S-K-Regard-oblique-200x300.jpg\" alt=\"\" class=\"wp-image-8144\" srcset=\"https:\/\/sceaux-lagazette.fr\/wp-content\/uploads\/2022\/11\/S-K-Regard-oblique-200x300.jpg 200w, https:\/\/sceaux-lagazette.fr\/wp-content\/uploads\/2022\/11\/S-K-Regard-oblique.jpg 377w\" sizes=\"(max-width: 200px) 100vw, 200px\" \/><figcaption>Sa\u00efma K. Cr\u00e9dit photo: Pierre Vallet<\/figcaption><\/figure><\/div>\n\n\n\n<p>Sa\u00efma K. se remet en selle, suit des cours \u00e0 l\u2019Institut Fran\u00e7ais de la Mode. Elle revient aux tissus, au taffetas, au coton, \u00e0 la cretonne, au velours, \u00e0 imaginer des robes, des pantalons, des sweats. Le design va dans les d\u00e9tails&nbsp;: les cols, les manches, les ceintures\u2026.&nbsp; Elle veut proposer du vraiment cr\u00e9atif et du vraiment portable. \u00ab&nbsp;<em>Porter une tenue qui nous correspond vraiment nous donne de l\u2019\u00e9nergie. On se sent bien<\/em>.&nbsp;\u00bb Quasiment une ordonnance.<\/p>\n\n\n\n<p>Son atelier est \u00e0 la Manufacture, \u00e0 Sceaux. Son installation une fois de plus, pr\u00e9cise-t-elle, \u00ab&nbsp;<em>est le fruit de belles rencontres, celles de Christiane Gautier et de Florence Presson<\/em>.&nbsp;\u00bb Chez Sa\u00efma K. la reconnaissance est un imp\u00e9ratif cat\u00e9gorique.<\/p>\n\n\n\n<p>Si vous allez la voir, commencez le dialogue en demandant simplement&nbsp;: \u00ab&nbsp;<em>Et pour moi, qu\u2019est-ce que vous pouvez me faire<\/em>&nbsp;?&nbsp;<em>Comment me voyez-vous&nbsp;?<\/em>\u00bb<\/p>\n\n\n\n<p><\/p>\n","protected":false},"excerpt":{"rendered":"<p>Le v\u00eatement, comme la musique ou la litt\u00e9rature, c\u2019est sans fin. \u00c0 moins d\u2019une id\u00e9ologie r\u00e9pressive, l\u2019imagination poursuit son cours. Dans nos pays, elle se confond parfois avec provocation. La tenue est alors toute en rupture, mais qui peut la porter&nbsp;? Sa\u00efma K., en cr\u00e9ant 1aime7 est clairement du c\u00f4t\u00e9&#8230;<\/p>\n","protected":false},"author":6,"featured_media":8137,"comment_status":"open","ping_status":"open","sticky":false,"template":"","format":"standard","meta":{"om_disable_all_campaigns":false,"_monsterinsights_skip_tracking":false,"_monsterinsights_sitenote_active":false,"_monsterinsights_sitenote_note":"","_monsterinsights_sitenote_category":0,"_uf_show_specific_survey":0,"_uf_disable_surveys":false,"footnotes":""},"categories":[51,260,59],"tags":[],"class_list":["post-8111","post","type-post","status-publish","format-standard","has-post-thumbnail","hentry","category-competences-sceennes","category-echos-du-fablab","category-portraits","entry","simple"],"yoast_head":"<!-- This site is optimized with the Yoast SEO plugin v25.6 - https:\/\/yoast.com\/wordpress\/plugins\/seo\/ -->\n<title>Le sur-mesure pour se surprendre - La Gazette<\/title>\n<meta name=\"robots\" content=\"index, follow, max-snippet:-1, max-image-preview:large, max-video-preview:-1\" \/>\n<link rel=\"canonical\" href=\"https:\/\/sceaux-lagazette.fr\/index.php\/2022\/11\/25\/le-sur-mesure-pour-se-surprendre\/\" \/>\n<meta property=\"og:locale\" content=\"fr_FR\" \/>\n<meta property=\"og:type\" content=\"article\" \/>\n<meta property=\"og:title\" content=\"Le sur-mesure pour se surprendre - La Gazette\" \/>\n<meta property=\"og:description\" content=\"Le v\u00eatement, comme la musique ou la litt\u00e9rature, c\u2019est sans fin. \u00c0 moins d\u2019une id\u00e9ologie r\u00e9pressive, l\u2019imagination poursuit son cours. Dans nos pays, elle se confond parfois avec provocation. La tenue est alors toute en rupture, mais qui peut la porter&nbsp;? Sa\u00efma K., en cr\u00e9ant 1aime7 est clairement du c\u00f4t\u00e9&#8230;\" \/>\n<meta property=\"og:url\" content=\"https:\/\/sceaux-lagazette.fr\/index.php\/2022\/11\/25\/le-sur-mesure-pour-se-surprendre\/\" \/>\n<meta property=\"og:site_name\" content=\"La Gazette\" \/>\n<meta property=\"article:published_time\" content=\"2022-11-25T08:30:44+00:00\" \/>\n<meta property=\"article:modified_time\" content=\"2023-03-12T09:28:41+00:00\" \/>\n<meta property=\"og:image\" content=\"https:\/\/sceaux-lagazette.fr\/wp-content\/uploads\/2022\/11\/S-K-au-design.jpg\" \/>\n\t<meta property=\"og:image:width\" content=\"935\" \/>\n\t<meta property=\"og:image:height\" content=\"548\" \/>\n\t<meta property=\"og:image:type\" content=\"image\/jpeg\" \/>\n<meta name=\"author\" content=\"Maurice Zytnicki\" \/>\n<meta name=\"twitter:card\" content=\"summary_large_image\" \/>\n<meta name=\"twitter:label1\" content=\"\u00c9crit par\" \/>\n\t<meta name=\"twitter:data1\" content=\"Maurice Zytnicki\" \/>\n\t<meta name=\"twitter:label2\" content=\"Dur\u00e9e de lecture estim\u00e9e\" \/>\n\t<meta name=\"twitter:data2\" content=\"7 minutes\" \/>\n<script type=\"application\/ld+json\" class=\"yoast-schema-graph\">{\"@context\":\"https:\/\/schema.org\",\"@graph\":[{\"@type\":\"Article\",\"@id\":\"https:\/\/sceaux-lagazette.fr\/index.php\/2022\/11\/25\/le-sur-mesure-pour-se-surprendre\/#article\",\"isPartOf\":{\"@id\":\"https:\/\/sceaux-lagazette.fr\/index.php\/2022\/11\/25\/le-sur-mesure-pour-se-surprendre\/\"},\"author\":{\"name\":\"Maurice Zytnicki\",\"@id\":\"https:\/\/sceaux-lagazette.fr\/#\/schema\/person\/060ab8fc058c4220d9079707a58da9f1\"},\"headline\":\"Le sur-mesure pour se surprendre\",\"datePublished\":\"2022-11-25T08:30:44+00:00\",\"dateModified\":\"2023-03-12T09:28:41+00:00\",\"mainEntityOfPage\":{\"@id\":\"https:\/\/sceaux-lagazette.fr\/index.php\/2022\/11\/25\/le-sur-mesure-pour-se-surprendre\/\"},\"wordCount\":1430,\"commentCount\":1,\"publisher\":{\"@id\":\"https:\/\/sceaux-lagazette.fr\/#organization\"},\"image\":{\"@id\":\"https:\/\/sceaux-lagazette.fr\/index.php\/2022\/11\/25\/le-sur-mesure-pour-se-surprendre\/#primaryimage\"},\"thumbnailUrl\":\"https:\/\/sceaux-lagazette.fr\/wp-content\/uploads\/2022\/11\/S-K-au-design.jpg\",\"articleSection\":[\"Comp\u00e9tences sc\u00e9ennes\",\"Echos du FabLab\",\"Portraits\"],\"inLanguage\":\"fr-FR\",\"potentialAction\":[{\"@type\":\"CommentAction\",\"name\":\"Comment\",\"target\":[\"https:\/\/sceaux-lagazette.fr\/index.php\/2022\/11\/25\/le-sur-mesure-pour-se-surprendre\/#respond\"]}]},{\"@type\":\"WebPage\",\"@id\":\"https:\/\/sceaux-lagazette.fr\/index.php\/2022\/11\/25\/le-sur-mesure-pour-se-surprendre\/\",\"url\":\"https:\/\/sceaux-lagazette.fr\/index.php\/2022\/11\/25\/le-sur-mesure-pour-se-surprendre\/\",\"name\":\"Le sur-mesure pour se surprendre - La Gazette\",\"isPartOf\":{\"@id\":\"https:\/\/sceaux-lagazette.fr\/#website\"},\"primaryImageOfPage\":{\"@id\":\"https:\/\/sceaux-lagazette.fr\/index.php\/2022\/11\/25\/le-sur-mesure-pour-se-surprendre\/#primaryimage\"},\"image\":{\"@id\":\"https:\/\/sceaux-lagazette.fr\/index.php\/2022\/11\/25\/le-sur-mesure-pour-se-surprendre\/#primaryimage\"},\"thumbnailUrl\":\"https:\/\/sceaux-lagazette.fr\/wp-content\/uploads\/2022\/11\/S-K-au-design.jpg\",\"datePublished\":\"2022-11-25T08:30:44+00:00\",\"dateModified\":\"2023-03-12T09:28:41+00:00\",\"breadcrumb\":{\"@id\":\"https:\/\/sceaux-lagazette.fr\/index.php\/2022\/11\/25\/le-sur-mesure-pour-se-surprendre\/#breadcrumb\"},\"inLanguage\":\"fr-FR\",\"potentialAction\":[{\"@type\":\"ReadAction\",\"target\":[\"https:\/\/sceaux-lagazette.fr\/index.php\/2022\/11\/25\/le-sur-mesure-pour-se-surprendre\/\"]}]},{\"@type\":\"ImageObject\",\"inLanguage\":\"fr-FR\",\"@id\":\"https:\/\/sceaux-lagazette.fr\/index.php\/2022\/11\/25\/le-sur-mesure-pour-se-surprendre\/#primaryimage\",\"url\":\"https:\/\/sceaux-lagazette.fr\/wp-content\/uploads\/2022\/11\/S-K-au-design.jpg\",\"contentUrl\":\"https:\/\/sceaux-lagazette.fr\/wp-content\/uploads\/2022\/11\/S-K-au-design.jpg\",\"width\":935,\"height\":548},{\"@type\":\"BreadcrumbList\",\"@id\":\"https:\/\/sceaux-lagazette.fr\/index.php\/2022\/11\/25\/le-sur-mesure-pour-se-surprendre\/#breadcrumb\",\"itemListElement\":[{\"@type\":\"ListItem\",\"position\":1,\"name\":\"Accueil\",\"item\":\"https:\/\/sceaux-lagazette.fr\/\"},{\"@type\":\"ListItem\",\"position\":2,\"name\":\"Le sur-mesure pour se surprendre\"}]},{\"@type\":\"WebSite\",\"@id\":\"https:\/\/sceaux-lagazette.fr\/#website\",\"url\":\"https:\/\/sceaux-lagazette.fr\/\",\"name\":\"La Gazette\",\"description\":\"Bourg-la-Reine, Ch\u00e2tenay, Fontenay, Sceaux\",\"publisher\":{\"@id\":\"https:\/\/sceaux-lagazette.fr\/#organization\"},\"potentialAction\":[{\"@type\":\"SearchAction\",\"target\":{\"@type\":\"EntryPoint\",\"urlTemplate\":\"https:\/\/sceaux-lagazette.fr\/?s={search_term_string}\"},\"query-input\":{\"@type\":\"PropertyValueSpecification\",\"valueRequired\":true,\"valueName\":\"search_term_string\"}}],\"inLanguage\":\"fr-FR\"},{\"@type\":\"Organization\",\"@id\":\"https:\/\/sceaux-lagazette.fr\/#organization\",\"name\":\"La Gazette\",\"url\":\"https:\/\/sceaux-lagazette.fr\/\",\"logo\":{\"@type\":\"ImageObject\",\"inLanguage\":\"fr-FR\",\"@id\":\"https:\/\/sceaux-lagazette.fr\/#\/schema\/logo\/image\/\",\"url\":\"https:\/\/sceaux-lagazette.fr\/wp-content\/uploads\/2025\/08\/Logo-Gazette-Aout-2025-V3.jpg\",\"contentUrl\":\"https:\/\/sceaux-lagazette.fr\/wp-content\/uploads\/2025\/08\/Logo-Gazette-Aout-2025-V3.jpg\",\"width\":525,\"height\":130,\"caption\":\"La Gazette\"},\"image\":{\"@id\":\"https:\/\/sceaux-lagazette.fr\/#\/schema\/logo\/image\/\"}},{\"@type\":\"Person\",\"@id\":\"https:\/\/sceaux-lagazette.fr\/#\/schema\/person\/060ab8fc058c4220d9079707a58da9f1\",\"name\":\"Maurice Zytnicki\",\"image\":{\"@type\":\"ImageObject\",\"inLanguage\":\"fr-FR\",\"@id\":\"https:\/\/sceaux-lagazette.fr\/#\/schema\/person\/image\/\",\"url\":\"https:\/\/secure.gravatar.com\/avatar\/d94d30d6fa0e9cb7af48a89366fc0cdb?s=96&r=g\",\"contentUrl\":\"https:\/\/secure.gravatar.com\/avatar\/d94d30d6fa0e9cb7af48a89366fc0cdb?s=96&r=g\",\"caption\":\"Maurice Zytnicki\"},\"url\":\"https:\/\/sceaux-lagazette.fr\/index.php\/author\/maurice\/\"}]}<\/script>\n<!-- \/ Yoast SEO plugin. -->","yoast_head_json":{"title":"Le sur-mesure pour se surprendre - La Gazette","robots":{"index":"index","follow":"follow","max-snippet":"max-snippet:-1","max-image-preview":"max-image-preview:large","max-video-preview":"max-video-preview:-1"},"canonical":"https:\/\/sceaux-lagazette.fr\/index.php\/2022\/11\/25\/le-sur-mesure-pour-se-surprendre\/","og_locale":"fr_FR","og_type":"article","og_title":"Le sur-mesure pour se surprendre - La Gazette","og_description":"Le v\u00eatement, comme la musique ou la litt\u00e9rature, c\u2019est sans fin. \u00c0 moins d\u2019une id\u00e9ologie r\u00e9pressive, l\u2019imagination poursuit son cours. Dans nos pays, elle se confond parfois avec provocation. La tenue est alors toute en rupture, mais qui peut la porter&nbsp;? Sa\u00efma K., en cr\u00e9ant 1aime7 est clairement du c\u00f4t\u00e9&#8230;","og_url":"https:\/\/sceaux-lagazette.fr\/index.php\/2022\/11\/25\/le-sur-mesure-pour-se-surprendre\/","og_site_name":"La Gazette","article_published_time":"2022-11-25T08:30:44+00:00","article_modified_time":"2023-03-12T09:28:41+00:00","og_image":[{"width":935,"height":548,"url":"https:\/\/sceaux-lagazette.fr\/wp-content\/uploads\/2022\/11\/S-K-au-design.jpg","type":"image\/jpeg"}],"author":"Maurice Zytnicki","twitter_card":"summary_large_image","twitter_misc":{"\u00c9crit par":"Maurice Zytnicki","Dur\u00e9e de lecture estim\u00e9e":"7 minutes"},"schema":{"@context":"https:\/\/schema.org","@graph":[{"@type":"Article","@id":"https:\/\/sceaux-lagazette.fr\/index.php\/2022\/11\/25\/le-sur-mesure-pour-se-surprendre\/#article","isPartOf":{"@id":"https:\/\/sceaux-lagazette.fr\/index.php\/2022\/11\/25\/le-sur-mesure-pour-se-surprendre\/"},"author":{"name":"Maurice Zytnicki","@id":"https:\/\/sceaux-lagazette.fr\/#\/schema\/person\/060ab8fc058c4220d9079707a58da9f1"},"headline":"Le sur-mesure pour se surprendre","datePublished":"2022-11-25T08:30:44+00:00","dateModified":"2023-03-12T09:28:41+00:00","mainEntityOfPage":{"@id":"https:\/\/sceaux-lagazette.fr\/index.php\/2022\/11\/25\/le-sur-mesure-pour-se-surprendre\/"},"wordCount":1430,"commentCount":1,"publisher":{"@id":"https:\/\/sceaux-lagazette.fr\/#organization"},"image":{"@id":"https:\/\/sceaux-lagazette.fr\/index.php\/2022\/11\/25\/le-sur-mesure-pour-se-surprendre\/#primaryimage"},"thumbnailUrl":"https:\/\/sceaux-lagazette.fr\/wp-content\/uploads\/2022\/11\/S-K-au-design.jpg","articleSection":["Comp\u00e9tences sc\u00e9ennes","Echos du FabLab","Portraits"],"inLanguage":"fr-FR","potentialAction":[{"@type":"CommentAction","name":"Comment","target":["https:\/\/sceaux-lagazette.fr\/index.php\/2022\/11\/25\/le-sur-mesure-pour-se-surprendre\/#respond"]}]},{"@type":"WebPage","@id":"https:\/\/sceaux-lagazette.fr\/index.php\/2022\/11\/25\/le-sur-mesure-pour-se-surprendre\/","url":"https:\/\/sceaux-lagazette.fr\/index.php\/2022\/11\/25\/le-sur-mesure-pour-se-surprendre\/","name":"Le sur-mesure pour se surprendre - La Gazette","isPartOf":{"@id":"https:\/\/sceaux-lagazette.fr\/#website"},"primaryImageOfPage":{"@id":"https:\/\/sceaux-lagazette.fr\/index.php\/2022\/11\/25\/le-sur-mesure-pour-se-surprendre\/#primaryimage"},"image":{"@id":"https:\/\/sceaux-lagazette.fr\/index.php\/2022\/11\/25\/le-sur-mesure-pour-se-surprendre\/#primaryimage"},"thumbnailUrl":"https:\/\/sceaux-lagazette.fr\/wp-content\/uploads\/2022\/11\/S-K-au-design.jpg","datePublished":"2022-11-25T08:30:44+00:00","dateModified":"2023-03-12T09:28:41+00:00","breadcrumb":{"@id":"https:\/\/sceaux-lagazette.fr\/index.php\/2022\/11\/25\/le-sur-mesure-pour-se-surprendre\/#breadcrumb"},"inLanguage":"fr-FR","potentialAction":[{"@type":"ReadAction","target":["https:\/\/sceaux-lagazette.fr\/index.php\/2022\/11\/25\/le-sur-mesure-pour-se-surprendre\/"]}]},{"@type":"ImageObject","inLanguage":"fr-FR","@id":"https:\/\/sceaux-lagazette.fr\/index.php\/2022\/11\/25\/le-sur-mesure-pour-se-surprendre\/#primaryimage","url":"https:\/\/sceaux-lagazette.fr\/wp-content\/uploads\/2022\/11\/S-K-au-design.jpg","contentUrl":"https:\/\/sceaux-lagazette.fr\/wp-content\/uploads\/2022\/11\/S-K-au-design.jpg","width":935,"height":548},{"@type":"BreadcrumbList","@id":"https:\/\/sceaux-lagazette.fr\/index.php\/2022\/11\/25\/le-sur-mesure-pour-se-surprendre\/#breadcrumb","itemListElement":[{"@type":"ListItem","position":1,"name":"Accueil","item":"https:\/\/sceaux-lagazette.fr\/"},{"@type":"ListItem","position":2,"name":"Le sur-mesure pour se surprendre"}]},{"@type":"WebSite","@id":"https:\/\/sceaux-lagazette.fr\/#website","url":"https:\/\/sceaux-lagazette.fr\/","name":"La Gazette","description":"Bourg-la-Reine, Ch\u00e2tenay, Fontenay, Sceaux","publisher":{"@id":"https:\/\/sceaux-lagazette.fr\/#organization"},"potentialAction":[{"@type":"SearchAction","target":{"@type":"EntryPoint","urlTemplate":"https:\/\/sceaux-lagazette.fr\/?s={search_term_string}"},"query-input":{"@type":"PropertyValueSpecification","valueRequired":true,"valueName":"search_term_string"}}],"inLanguage":"fr-FR"},{"@type":"Organization","@id":"https:\/\/sceaux-lagazette.fr\/#organization","name":"La Gazette","url":"https:\/\/sceaux-lagazette.fr\/","logo":{"@type":"ImageObject","inLanguage":"fr-FR","@id":"https:\/\/sceaux-lagazette.fr\/#\/schema\/logo\/image\/","url":"https:\/\/sceaux-lagazette.fr\/wp-content\/uploads\/2025\/08\/Logo-Gazette-Aout-2025-V3.jpg","contentUrl":"https:\/\/sceaux-lagazette.fr\/wp-content\/uploads\/2025\/08\/Logo-Gazette-Aout-2025-V3.jpg","width":525,"height":130,"caption":"La Gazette"},"image":{"@id":"https:\/\/sceaux-lagazette.fr\/#\/schema\/logo\/image\/"}},{"@type":"Person","@id":"https:\/\/sceaux-lagazette.fr\/#\/schema\/person\/060ab8fc058c4220d9079707a58da9f1","name":"Maurice Zytnicki","image":{"@type":"ImageObject","inLanguage":"fr-FR","@id":"https:\/\/sceaux-lagazette.fr\/#\/schema\/person\/image\/","url":"https:\/\/secure.gravatar.com\/avatar\/d94d30d6fa0e9cb7af48a89366fc0cdb?s=96&r=g","contentUrl":"https:\/\/secure.gravatar.com\/avatar\/d94d30d6fa0e9cb7af48a89366fc0cdb?s=96&r=g","caption":"Maurice Zytnicki"},"url":"https:\/\/sceaux-lagazette.fr\/index.php\/author\/maurice\/"}]}},"cc_featured_image_caption":{"caption_text":"Sa\u00efma K. Cr\u00e9dit photo Pierre Vallet","source_text":"","source_url":""},"_links":{"self":[{"href":"https:\/\/sceaux-lagazette.fr\/index.php\/wp-json\/wp\/v2\/posts\/8111"}],"collection":[{"href":"https:\/\/sceaux-lagazette.fr\/index.php\/wp-json\/wp\/v2\/posts"}],"about":[{"href":"https:\/\/sceaux-lagazette.fr\/index.php\/wp-json\/wp\/v2\/types\/post"}],"author":[{"embeddable":true,"href":"https:\/\/sceaux-lagazette.fr\/index.php\/wp-json\/wp\/v2\/users\/6"}],"replies":[{"embeddable":true,"href":"https:\/\/sceaux-lagazette.fr\/index.php\/wp-json\/wp\/v2\/comments?post=8111"}],"version-history":[{"count":12,"href":"https:\/\/sceaux-lagazette.fr\/index.php\/wp-json\/wp\/v2\/posts\/8111\/revisions"}],"predecessor-version":[{"id":8153,"href":"https:\/\/sceaux-lagazette.fr\/index.php\/wp-json\/wp\/v2\/posts\/8111\/revisions\/8153"}],"wp:featuredmedia":[{"embeddable":true,"href":"https:\/\/sceaux-lagazette.fr\/index.php\/wp-json\/wp\/v2\/media\/8137"}],"wp:attachment":[{"href":"https:\/\/sceaux-lagazette.fr\/index.php\/wp-json\/wp\/v2\/media?parent=8111"}],"wp:term":[{"taxonomy":"category","embeddable":true,"href":"https:\/\/sceaux-lagazette.fr\/index.php\/wp-json\/wp\/v2\/categories?post=8111"},{"taxonomy":"post_tag","embeddable":true,"href":"https:\/\/sceaux-lagazette.fr\/index.php\/wp-json\/wp\/v2\/tags?post=8111"}],"curies":[{"name":"wp","href":"https:\/\/api.w.org\/{rel}","templated":true}]}}