{"id":7994,"date":"2022-11-12T09:30:23","date_gmt":"2022-11-12T08:30:23","guid":{"rendered":"https:\/\/sceaux-lagazette.fr\/?p=7994"},"modified":"2022-11-20T21:23:30","modified_gmt":"2022-11-20T20:23:30","slug":"les-lumieres-superflues-de-la-nuit-dans-les-villes","status":"publish","type":"post","link":"https:\/\/sceaux-lagazette.fr\/index.php\/2022\/11\/12\/les-lumieres-superflues-de-la-nuit-dans-les-villes\/","title":{"rendered":"Les lumi\u00e8res superflues de la nuit dans les villes"},"content":{"rendered":"\n<p>Le collectif citoyen <em>Sceaux en commun<\/em> organisait mardi 8 novembre une rencontre avec Liliane Wietzerbin conseill\u00e8re municipale de Sceaux et Didier Missenard, maire adjoint d\u2019Orsay en charge de la transition \u00e9cologique. Le th\u00e8me g\u00e9n\u00e9ral en \u00e9tait la sobri\u00e9t\u00e9 \u00e9nerg\u00e9tique. Mais l\u2019accent fut mis sur une proposition d\u00e9fendue par le collectif&nbsp;: \u00e9teindre les lumi\u00e8res dans les rues de Sceaux entre 1h30 et 4h30 du matin. Le conseil municipal du 10 octobre a refus\u00e9. Mais la volont\u00e9 de convaincre du groupe n\u2019est pas \u00e9teinte pour autant.<\/p>\n\n\n\n<h2 class=\"wp-block-heading\">Un probl\u00e8me incontournable<\/h2>\n\n\n\n<p>Bernard Deljarrie, pour le collectif, anime la soir\u00e9e. Il entame le d\u00e9bat sur une question : pourquoi l\u2019urgence de la sobri\u00e9t\u00e9 \u00e9nerg\u00e9tique appara\u00eet-elle tout \u00e0 coup avec une telle force&nbsp;?<\/p>\n\n\n\n<p>Liliane Wietzerbin \u00e9voque deux types de causes&nbsp;: une structurelle et une conjoncturelle. La premi\u00e8re rel\u00e8ve d\u2019une prise de conscience qui est d\u00e9sormais bien partag\u00e9e. Il est n\u00e9cessaire de consommer moins d&rsquo;\u00e9nergie du fait des dommages dus aux \u00e9missions de CO2. Le productivisme appara\u00eet comme une impasse. La sobri\u00e9t\u00e9 est donc une exigence \u00ab&nbsp;pour le monde occidental<em>, pr\u00e9cise-t-elle. Dans les r\u00e9gions moins d\u00e9velopp\u00e9es, comme en Afrique, il est naturel que la consommation s&rsquo;accroisse.<\/em>&nbsp;\u00bb Par ailleurs, les \u00e9quipements sont de plus en plus efficaces. Des solutions se d\u00e9gagent qui rendent r\u00e9aliste la volont\u00e9 de diminuer la consommation d\u2019\u00e9nergie. On le voit avec les syst\u00e8mes d\u2019\u00e9clairage.<\/p>\n\n\n\n<p>L\u2019aspect conjoncturel est li\u00e9 \u00e0 la crise en Ukraine. La situation dramatique pour les approvisionnements en gaz naturel produit une raret\u00e9 en Europe du fait de sa solidarit\u00e9 avec l&rsquo;Ukraine. Cela se traduit par une tension sur les \u00e9conomies europ\u00e9ennes qui oblige \u00e0 diminuer la consommation. En France, la situation croise une crise de l&rsquo;\u00e9nergie nucl\u00e9aire. La moiti\u00e9 des centrales est \u00e0 l&rsquo;arr\u00eat. \u00ab&nbsp;<em>En France, nous avons plut\u00f4t affaire \u00e0 une crise de l&rsquo;\u00e9lectricit\u00e9<\/em>.&nbsp;\u00bb<\/p>\n\n\n\n<p>Didier Missenard voit dans cette situation une sorte de cons\u00e9quence m\u00e9canique. Les centrales nucl\u00e9aires ont \u00e9t\u00e9 construites dans les ann\u00e9es 70. Elles ont besoin d&rsquo;\u00eatre r\u00e9par\u00e9es en m\u00eame temps. Sur les 28 centrales arr\u00eat\u00e9es, plusieurs le sont pour des raisons normales de maintenance.<\/p>\n\n\n\n<p>\u00ab&nbsp;<em>Dans les ann\u00e9es 90, poursuit-il, on avait beaucoup de centrales, donc beaucoup d&rsquo;\u00e9lectricit\u00e9. On promouvait le chauffage \u00e9lectrique.<\/em>&nbsp;\u00bb Pour la premi\u00e8re fois, EDF n&rsquo;est plus exc\u00e9dentaire et n\u2019est plus en mesure d\u2019exporter. La difficult\u00e9 ne risque pas de tomber de sit\u00f4t. Les projets de centrales nucl\u00e9aires ne seront op\u00e9rationnels que dans 15 ans. \u00ab&nbsp;<em>En attendant, d\u00e9fend-il, il faut du photovolta\u00efque, de l&rsquo;\u00e9olien maritime et de la g\u00e9othermie. Le renouvelable est en retard.<\/em>&nbsp;\u00bb<\/p>\n\n\n\n<p>Quand Bernard Deljarrie lance la question de la flamb\u00e9e des prix, les deux intervenants t\u00e9moignent d\u2019une m\u00eame situation. Les communes subissent de plein fouet leur augmentation. Les prix atteignent des niveaux sans pr\u00e9c\u00e9dent.<\/p>\n\n\n\n<p>S\u2019il existe des boucliers tarifaires pour les petites communes, leur application reste encore \u00e0 pr\u00e9ciser. Il faut savoir que les communes ont une obligation de pr\u00e9senter des budgets \u00e0 l&rsquo;\u00e9quilibre. Or l&rsquo;\u00e9lectricit\u00e9 \u00e0 Orsay comme \u00e0 Sceaux a augment\u00e9 entre 2 et 3 fois. Et le gaz d\u2019un facteur entre 4 et 7. Et cette situation, craignent les intervenants, risque de durer.<\/p>\n\n\n\n<h2 class=\"wp-block-heading\">Plans de sobri\u00e9t\u00e9 similaires<\/h2>\n\n\n\n<p><a href=\"https:\/\/www.sceaux.fr\/sites\/default\/files\/deliberations\/2022-10-11\/20221011-np-01-plan-municipal-de-sobritete_0.pdf\">Le plan municipal de sobri\u00e9t\u00e9 de Sceaux<\/a> a \u00e9t\u00e9 adopt\u00e9 le 11 octobre. Il comporte plusieurs volets&nbsp;: les b\u00e2timents, l&rsquo;\u00e9clairage public qui sont d\u00e9terminants&nbsp;; la flotte automobile et le management interne qui ont des impacts moindres.<\/p>\n\n\n\n<p>A Sceaux, les temp\u00e9ratures des b\u00e2timents du patrimoine municipal sont r\u00e9duites \u00e0 19\u00b0C pour les cr\u00e8ches (et 15\u00b0C la nuit), \u00e0 14\u00b0C pour les gymnases et 18\u00b0C pour les autres b\u00e2timents (et 15\u00b0C la nuit). Quant \u00e0 l&rsquo;\u00e9clairage public, Sceaux a engag\u00e9 une r\u00e9novation des r\u00e9seaux qui permet de faire varier les puissances en fonction des plages horaires. C\u2019est \u00e9galement possible dans quelques rues en fonction de la pr\u00e9sence de personnes.<\/p>\n\n\n\n<p>Pour <em>Sceaux en commun<\/em> la diminution \u00e0 25% de la puissance consomm\u00e9e dans la plage horaire de 1h \u00e0 5h du matin ne concerne qu\u2019un quart des dispositifs. Il ne concerne que les lampadaires ayant des leds, donc dont on peut moduler la puissance.<\/p>\n\n\n\n<p>Le plan de sobri\u00e9t\u00e9 \u00e0 Orsay ressemble \u00e0 bien des \u00e9gards \u00e0 celui de Sceaux. La temp\u00e9rature des gymnases est aussi ramen\u00e9e \u00e0 14\u00b0C.<\/p>\n\n\n\n<p>\u00ab&nbsp;<em>L&rsquo;ann\u00e9e prochaine, explique Didier Missenard, ce sera plus dur. Il faudra r\u00e9duire certains services. Le stade nautique pr\u00e9sente des fuites et de grandes d\u00e9perditions de chaleur. Beaucoup de communes ferment les piscines. C&rsquo;est un choix difficile \u00e0 faire. La natation est tr\u00e8s populaire. Faut-il fermer le bassin ext\u00e9rieur ou tout le stade nautique ? C&rsquo;est une des questions qui se pose.&nbsp;\u00bb <\/em>On comprend qu&rsquo;y r\u00e9pondre ne sera pas simple.<\/p>\n\n\n\n<h2 class=\"wp-block-heading\">Atouts de l\u2019extinction<\/h2>\n\n\n\n<p>La proposition du groupe <em>Sceaux en commun<\/em> d\u2019\u00e9teindre l&rsquo;\u00e9clairage public de 1h30 \u00e0 4h30 du matin est en rapport avec le RER. Le dernier arrive \u00e0 1h et le premier commence \u00e0 5h. L\u2019impact est estim\u00e9 plus significatif que la r\u00e9duction de puissance actuellement privil\u00e9gi\u00e9e. Le Conseil municipal a vot\u00e9 contre.<\/p>\n\n\n\n<p>Liliane Wietzerbin regrette que diff\u00e9rentes options n\u2019aient pas \u00e9t\u00e9 pr\u00e9sent\u00e9es. Elle aurait voulu aussi une approche transpartisane. Dans l\u2019assistance, on approuve&nbsp;: le sujet devrait \u00eatre vraiment consensuel. D\u2019autant que l&rsquo;extinction des lumi\u00e8res est facile \u00e0 mettre en \u0153uvre. Un test de 3 mois permettrait de se faire une id\u00e9e pr\u00e9cise de son acceptabilit\u00e9.<\/p>\n\n\n\n<p>Orsay a divis\u00e9 la ville en 3 zones. La zone jaune reste allum\u00e9e toute la nuit. C\u2019est autour des h\u00f4pitaux, le long des escaliers publics, aux arr\u00eats de bus. La zone orange est autour des gares. Elle est \u00e9teinte entre 1h30 et 5h du matin. La zone bleue concerne les pavillons. L&rsquo;extinction est faite entre minuit et 6h.<\/p>\n\n\n\n<p>Quelques consid\u00e9rations techniques. L&rsquo;\u00e9volution du pilotage des \u00e9quipements permet maintenant de les configurer \u00e0 distance. L\u2019exploitation en est grandement facilit\u00e9e. Les tourn\u00e9es ne sont plus n\u00e9cessaires et \u00e0 Orsay, elles sont longues. Les leds sont configur\u00e9es en rouge et orange pour ne pas attirer les insectes.<\/p>\n\n\n\n<h2 class=\"wp-block-heading\">R\u00e9ticences municipales<\/h2>\n\n\n\n<p>La ville justifie son refus par l&rsquo;attente des r\u00e9sultats d\u2019une enqu\u00eate qu&rsquo;elle a men\u00e9e aupr\u00e8s de la population. \u00ab&nbsp;<em>Il provient d\u2019un questionnaire con\u00e7u par Paris-R\u00e9gion, mais qui approche la question avec une certaine complexit\u00e9. A Sceaux, on a privil\u00e9gi\u00e9 l\u2019aspect ins\u00e9curit\u00e9 et le questionnaire est anxiog\u00e8ne plut\u00f4t que d&rsquo;accompagner la r\u00e9flexion sur la diminution de la consommation.&nbsp;\u00bb<\/em><\/p>\n\n\n\n<p>Bernard Deljarrie rappelle que l\u2019extinction de l\u2019\u00e9clairage public la nuit est d\u00e9cid\u00e9e dans de nombreuses villes de France. Les avantages sont \u00e9vidents&nbsp;: \u00e9conomie d&rsquo;\u00e9nergie&nbsp;; moins de CO2&nbsp;; moins de pollution lumineuse donc meilleure qualit\u00e9 du sommeil des habitants&nbsp;; pr\u00e9servation de la biodiversit\u00e9 (les oiseaux, les insectes sont souvent attir\u00e9s par les fortes lumi\u00e8res&nbsp;; diminution des risques d&rsquo;accident de la circulation. Les gens sont plus prudents dans le noir&nbsp;!<\/p>\n\n\n\n<p>Les inconv\u00e9nients sont connus. C&rsquo;est le sentiment de vuln\u00e9rabilit\u00e9, d\u2019ins\u00e9curit\u00e9. Ce sont les d\u00e9placements pi\u00e9tons moins faciles. \u00ab&nbsp;<em>Encore que, dit-il, avec la lumi\u00e8re du smartphone, on se dirige facilement.&nbsp;<\/em>\u00bb<\/p>\n\n\n\n<p>Dans la salle, on se manifeste. Quelqu&rsquo;un dit qu\u2019on \u00e9teint \u00e0 Verri\u00e8res. Un autre cite Fontainebleau et\u2026 \u00ab&nbsp;<em>bien des villes bourgeoises<\/em>&nbsp;\u00bb. Pourquoi pas \u00e0 Sceaux&nbsp;?<\/p>\n\n\n\n<p>A Orsay le maire, David Ros, au d\u00e9but \u00e9tait contre. C\u2019est le covid qui fit pencher la balance. Le confinement, au d\u00e9but, limitait les sorties. On ne voyait pas pourquoi il fallait \u00e9clairer la nuit alors que les rues \u00e9taient vides. En avril 2020, alors que la municipalit\u00e9 avait \u00e9t\u00e9 r\u00e9ticente jusque-l\u00e0 pour ne pas effrayer les habitants, la d\u00e9cision a \u00e9t\u00e9 prise de suspendre l&rsquo;\u00e9clairage public. On comprend que cela n\u2019avait rien d\u2019\u00e9vident.<\/p>\n\n\n\n<p>Mais il ne sera pas dit que l\u2019ins\u00e9curit\u00e9 ne fut pas r\u00e9duite \u00e0 un sentiment, quasiment un fantasme. Pour une dame, la peur du noir, \u00e7a se reprend, \u00e7a s&rsquo;apprend. Il faut commercer par \u00e9duquer les enfants. Et puis on voit des choses dans le noir. Sans doute. Que les inquiets circulent.<\/p>\n\n\n\n<p>Moins d\u00e9finitif, Didier Missenard se r\u00e9f\u00e8re aux statistiques. On n\u2019observe pas d&rsquo;impact particulier sur les accidents ou les cambriolages. Ni plus ni moins. L\u2019extinction des feux ne change pas la donne.<\/p>\n\n\n\n<p>Liliane Wietzerbin voit dans l\u2019effort demand\u00e9 aux citoyens un appel \u00e0 la responsabilit\u00e9 et au civisme. Elle reconna\u00eet l\u2019inqui\u00e9tude, mais la d\u00e9passer est une exigence d\u2019implication dans une d\u00e9marche collective et combien n\u00e9cessaire.<\/p>\n\n\n\n<hr class=\"wp-block-separator\"\/>\n\n\n\n<h2 class=\"wp-block-heading\">Pour aller plus loin<\/h2>\n\n\n\n<p><a href=\"https:\/\/www.amf.asso.fr\/m\/document\/fichier.php?FTP=fe092d30e729028f2ffcd390675635b7.pdf&amp;id=41373\">Le guide de l\u2019Association des maires de France<\/a><br><a href=\"https:\/\/www.sceaux.fr\/sites\/default\/files\/deliberations\/2022-10-11\/20221011-np-01-plan-municipal-de-sobritete_0.pdf\">Note de pr\u00e9sentation du plan de sobri\u00e9t\u00e9 \u00e9nerg\u00e9tique de la ville de Sceaux<\/a><br><a href=\"https:\/\/www.mairie-orsay.fr\/orsay-vous\/actualites\/465-actualite-chaude\/1544-energie-la-ville-renforce-ses-actions-pour-consommer-moins-et-mieux\">Plan de sobri\u00e9t\u00e9 de la ville d\u2019Orsay<\/a><\/p>\n","protected":false},"excerpt":{"rendered":"<p>Le collectif citoyen Sceaux en commun organisait mardi 8 novembre une rencontre avec Liliane Wietzerbin conseill\u00e8re municipale de Sceaux et Didier Missenard, maire adjoint d\u2019Orsay en charge de la transition \u00e9cologique. Le th\u00e8me g\u00e9n\u00e9ral en \u00e9tait la sobri\u00e9t\u00e9 \u00e9nerg\u00e9tique. Mais l\u2019accent fut mis sur une proposition d\u00e9fendue par le collectif&nbsp;:&#8230;<\/p>\n","protected":false},"author":6,"featured_media":8001,"comment_status":"open","ping_status":"open","sticky":false,"template":"","format":"standard","meta":{"om_disable_all_campaigns":false,"_monsterinsights_skip_tracking":false,"_monsterinsights_sitenote_active":false,"_monsterinsights_sitenote_note":"","_monsterinsights_sitenote_category":0,"_uf_show_specific_survey":0,"_uf_disable_surveys":false,"footnotes":""},"categories":[258,237,246],"tags":[],"class_list":["post-7994","post","type-post","status-publish","format-standard","has-post-thumbnail","hentry","category-environnement","category-tribunes","category-vie-publique","entry","simple"],"yoast_head":"<!-- This site is optimized with the Yoast SEO plugin v25.6 - https:\/\/yoast.com\/wordpress\/plugins\/seo\/ -->\n<title>Les lumi\u00e8res superflues de la nuit dans les villes - La Gazette<\/title>\n<meta name=\"robots\" content=\"index, follow, max-snippet:-1, max-image-preview:large, max-video-preview:-1\" \/>\n<link rel=\"canonical\" href=\"https:\/\/sceaux-lagazette.fr\/index.php\/2022\/11\/12\/les-lumieres-superflues-de-la-nuit-dans-les-villes\/\" \/>\n<meta property=\"og:locale\" content=\"fr_FR\" \/>\n<meta property=\"og:type\" content=\"article\" \/>\n<meta property=\"og:title\" content=\"Les lumi\u00e8res superflues de la nuit dans les villes - La Gazette\" \/>\n<meta property=\"og:description\" content=\"Le collectif citoyen Sceaux en commun organisait mardi 8 novembre une rencontre avec Liliane Wietzerbin conseill\u00e8re municipale de Sceaux et Didier Missenard, maire adjoint d\u2019Orsay en charge de la transition \u00e9cologique. Le th\u00e8me g\u00e9n\u00e9ral en \u00e9tait la sobri\u00e9t\u00e9 \u00e9nerg\u00e9tique. Mais l\u2019accent fut mis sur une proposition d\u00e9fendue par le collectif&nbsp;:&#8230;\" \/>\n<meta property=\"og:url\" content=\"https:\/\/sceaux-lagazette.fr\/index.php\/2022\/11\/12\/les-lumieres-superflues-de-la-nuit-dans-les-villes\/\" \/>\n<meta property=\"og:site_name\" content=\"La Gazette\" \/>\n<meta property=\"article:published_time\" content=\"2022-11-12T08:30:23+00:00\" \/>\n<meta property=\"article:modified_time\" content=\"2022-11-20T20:23:30+00:00\" \/>\n<meta property=\"og:image\" content=\"https:\/\/sceaux-lagazette.fr\/wp-content\/uploads\/2022\/11\/Dark_red_night.jpg\" \/>\n\t<meta property=\"og:image:width\" content=\"640\" \/>\n\t<meta property=\"og:image:height\" content=\"359\" \/>\n\t<meta property=\"og:image:type\" content=\"image\/jpeg\" \/>\n<meta name=\"author\" content=\"Maurice Zytnicki\" \/>\n<meta name=\"twitter:card\" content=\"summary_large_image\" \/>\n<meta name=\"twitter:label1\" content=\"\u00c9crit par\" \/>\n\t<meta name=\"twitter:data1\" content=\"Maurice Zytnicki\" \/>\n\t<meta name=\"twitter:label2\" content=\"Dur\u00e9e de lecture estim\u00e9e\" \/>\n\t<meta name=\"twitter:data2\" content=\"8 minutes\" \/>\n<script type=\"application\/ld+json\" class=\"yoast-schema-graph\">{\"@context\":\"https:\/\/schema.org\",\"@graph\":[{\"@type\":\"Article\",\"@id\":\"https:\/\/sceaux-lagazette.fr\/index.php\/2022\/11\/12\/les-lumieres-superflues-de-la-nuit-dans-les-villes\/#article\",\"isPartOf\":{\"@id\":\"https:\/\/sceaux-lagazette.fr\/index.php\/2022\/11\/12\/les-lumieres-superflues-de-la-nuit-dans-les-villes\/\"},\"author\":{\"name\":\"Maurice Zytnicki\",\"@id\":\"https:\/\/sceaux-lagazette.fr\/#\/schema\/person\/060ab8fc058c4220d9079707a58da9f1\"},\"headline\":\"Les lumi\u00e8res superflues de la nuit dans les villes\",\"datePublished\":\"2022-11-12T08:30:23+00:00\",\"dateModified\":\"2022-11-20T20:23:30+00:00\",\"mainEntityOfPage\":{\"@id\":\"https:\/\/sceaux-lagazette.fr\/index.php\/2022\/11\/12\/les-lumieres-superflues-de-la-nuit-dans-les-villes\/\"},\"wordCount\":1571,\"commentCount\":2,\"publisher\":{\"@id\":\"https:\/\/sceaux-lagazette.fr\/#organization\"},\"image\":{\"@id\":\"https:\/\/sceaux-lagazette.fr\/index.php\/2022\/11\/12\/les-lumieres-superflues-de-la-nuit-dans-les-villes\/#primaryimage\"},\"thumbnailUrl\":\"https:\/\/sceaux-lagazette.fr\/wp-content\/uploads\/2022\/11\/Dark_red_night.jpg\",\"articleSection\":[\"Environnement\",\"Tribunes\",\"Vie publique\"],\"inLanguage\":\"fr-FR\",\"potentialAction\":[{\"@type\":\"CommentAction\",\"name\":\"Comment\",\"target\":[\"https:\/\/sceaux-lagazette.fr\/index.php\/2022\/11\/12\/les-lumieres-superflues-de-la-nuit-dans-les-villes\/#respond\"]}]},{\"@type\":\"WebPage\",\"@id\":\"https:\/\/sceaux-lagazette.fr\/index.php\/2022\/11\/12\/les-lumieres-superflues-de-la-nuit-dans-les-villes\/\",\"url\":\"https:\/\/sceaux-lagazette.fr\/index.php\/2022\/11\/12\/les-lumieres-superflues-de-la-nuit-dans-les-villes\/\",\"name\":\"Les lumi\u00e8res superflues de la nuit dans les villes - La Gazette\",\"isPartOf\":{\"@id\":\"https:\/\/sceaux-lagazette.fr\/#website\"},\"primaryImageOfPage\":{\"@id\":\"https:\/\/sceaux-lagazette.fr\/index.php\/2022\/11\/12\/les-lumieres-superflues-de-la-nuit-dans-les-villes\/#primaryimage\"},\"image\":{\"@id\":\"https:\/\/sceaux-lagazette.fr\/index.php\/2022\/11\/12\/les-lumieres-superflues-de-la-nuit-dans-les-villes\/#primaryimage\"},\"thumbnailUrl\":\"https:\/\/sceaux-lagazette.fr\/wp-content\/uploads\/2022\/11\/Dark_red_night.jpg\",\"datePublished\":\"2022-11-12T08:30:23+00:00\",\"dateModified\":\"2022-11-20T20:23:30+00:00\",\"breadcrumb\":{\"@id\":\"https:\/\/sceaux-lagazette.fr\/index.php\/2022\/11\/12\/les-lumieres-superflues-de-la-nuit-dans-les-villes\/#breadcrumb\"},\"inLanguage\":\"fr-FR\",\"potentialAction\":[{\"@type\":\"ReadAction\",\"target\":[\"https:\/\/sceaux-lagazette.fr\/index.php\/2022\/11\/12\/les-lumieres-superflues-de-la-nuit-dans-les-villes\/\"]}]},{\"@type\":\"ImageObject\",\"inLanguage\":\"fr-FR\",\"@id\":\"https:\/\/sceaux-lagazette.fr\/index.php\/2022\/11\/12\/les-lumieres-superflues-de-la-nuit-dans-les-villes\/#primaryimage\",\"url\":\"https:\/\/sceaux-lagazette.fr\/wp-content\/uploads\/2022\/11\/Dark_red_night.jpg\",\"contentUrl\":\"https:\/\/sceaux-lagazette.fr\/wp-content\/uploads\/2022\/11\/Dark_red_night.jpg\",\"width\":640,\"height\":359},{\"@type\":\"BreadcrumbList\",\"@id\":\"https:\/\/sceaux-lagazette.fr\/index.php\/2022\/11\/12\/les-lumieres-superflues-de-la-nuit-dans-les-villes\/#breadcrumb\",\"itemListElement\":[{\"@type\":\"ListItem\",\"position\":1,\"name\":\"Accueil\",\"item\":\"https:\/\/sceaux-lagazette.fr\/\"},{\"@type\":\"ListItem\",\"position\":2,\"name\":\"Les lumi\u00e8res superflues de la nuit dans les villes\"}]},{\"@type\":\"WebSite\",\"@id\":\"https:\/\/sceaux-lagazette.fr\/#website\",\"url\":\"https:\/\/sceaux-lagazette.fr\/\",\"name\":\"La Gazette\",\"description\":\"Bourg-la-Reine, Ch\u00e2tenay, Fontenay, Sceaux\",\"publisher\":{\"@id\":\"https:\/\/sceaux-lagazette.fr\/#organization\"},\"potentialAction\":[{\"@type\":\"SearchAction\",\"target\":{\"@type\":\"EntryPoint\",\"urlTemplate\":\"https:\/\/sceaux-lagazette.fr\/?s={search_term_string}\"},\"query-input\":{\"@type\":\"PropertyValueSpecification\",\"valueRequired\":true,\"valueName\":\"search_term_string\"}}],\"inLanguage\":\"fr-FR\"},{\"@type\":\"Organization\",\"@id\":\"https:\/\/sceaux-lagazette.fr\/#organization\",\"name\":\"La Gazette\",\"url\":\"https:\/\/sceaux-lagazette.fr\/\",\"logo\":{\"@type\":\"ImageObject\",\"inLanguage\":\"fr-FR\",\"@id\":\"https:\/\/sceaux-lagazette.fr\/#\/schema\/logo\/image\/\",\"url\":\"https:\/\/sceaux-lagazette.fr\/wp-content\/uploads\/2025\/08\/Logo-Gazette-Aout-2025-V3.jpg\",\"contentUrl\":\"https:\/\/sceaux-lagazette.fr\/wp-content\/uploads\/2025\/08\/Logo-Gazette-Aout-2025-V3.jpg\",\"width\":525,\"height\":130,\"caption\":\"La Gazette\"},\"image\":{\"@id\":\"https:\/\/sceaux-lagazette.fr\/#\/schema\/logo\/image\/\"}},{\"@type\":\"Person\",\"@id\":\"https:\/\/sceaux-lagazette.fr\/#\/schema\/person\/060ab8fc058c4220d9079707a58da9f1\",\"name\":\"Maurice Zytnicki\",\"image\":{\"@type\":\"ImageObject\",\"inLanguage\":\"fr-FR\",\"@id\":\"https:\/\/sceaux-lagazette.fr\/#\/schema\/person\/image\/\",\"url\":\"https:\/\/secure.gravatar.com\/avatar\/d94d30d6fa0e9cb7af48a89366fc0cdb?s=96&r=g\",\"contentUrl\":\"https:\/\/secure.gravatar.com\/avatar\/d94d30d6fa0e9cb7af48a89366fc0cdb?s=96&r=g\",\"caption\":\"Maurice Zytnicki\"},\"url\":\"https:\/\/sceaux-lagazette.fr\/index.php\/author\/maurice\/\"}]}<\/script>\n<!-- \/ Yoast SEO plugin. -->","yoast_head_json":{"title":"Les lumi\u00e8res superflues de la nuit dans les villes - La Gazette","robots":{"index":"index","follow":"follow","max-snippet":"max-snippet:-1","max-image-preview":"max-image-preview:large","max-video-preview":"max-video-preview:-1"},"canonical":"https:\/\/sceaux-lagazette.fr\/index.php\/2022\/11\/12\/les-lumieres-superflues-de-la-nuit-dans-les-villes\/","og_locale":"fr_FR","og_type":"article","og_title":"Les lumi\u00e8res superflues de la nuit dans les villes - La Gazette","og_description":"Le collectif citoyen Sceaux en commun organisait mardi 8 novembre une rencontre avec Liliane Wietzerbin conseill\u00e8re municipale de Sceaux et Didier Missenard, maire adjoint d\u2019Orsay en charge de la transition \u00e9cologique. Le th\u00e8me g\u00e9n\u00e9ral en \u00e9tait la sobri\u00e9t\u00e9 \u00e9nerg\u00e9tique. Mais l\u2019accent fut mis sur une proposition d\u00e9fendue par le collectif&nbsp;:&#8230;","og_url":"https:\/\/sceaux-lagazette.fr\/index.php\/2022\/11\/12\/les-lumieres-superflues-de-la-nuit-dans-les-villes\/","og_site_name":"La Gazette","article_published_time":"2022-11-12T08:30:23+00:00","article_modified_time":"2022-11-20T20:23:30+00:00","og_image":[{"width":640,"height":359,"url":"https:\/\/sceaux-lagazette.fr\/wp-content\/uploads\/2022\/11\/Dark_red_night.jpg","type":"image\/jpeg"}],"author":"Maurice Zytnicki","twitter_card":"summary_large_image","twitter_misc":{"\u00c9crit par":"Maurice Zytnicki","Dur\u00e9e de lecture estim\u00e9e":"8 minutes"},"schema":{"@context":"https:\/\/schema.org","@graph":[{"@type":"Article","@id":"https:\/\/sceaux-lagazette.fr\/index.php\/2022\/11\/12\/les-lumieres-superflues-de-la-nuit-dans-les-villes\/#article","isPartOf":{"@id":"https:\/\/sceaux-lagazette.fr\/index.php\/2022\/11\/12\/les-lumieres-superflues-de-la-nuit-dans-les-villes\/"},"author":{"name":"Maurice Zytnicki","@id":"https:\/\/sceaux-lagazette.fr\/#\/schema\/person\/060ab8fc058c4220d9079707a58da9f1"},"headline":"Les lumi\u00e8res superflues de la nuit dans les villes","datePublished":"2022-11-12T08:30:23+00:00","dateModified":"2022-11-20T20:23:30+00:00","mainEntityOfPage":{"@id":"https:\/\/sceaux-lagazette.fr\/index.php\/2022\/11\/12\/les-lumieres-superflues-de-la-nuit-dans-les-villes\/"},"wordCount":1571,"commentCount":2,"publisher":{"@id":"https:\/\/sceaux-lagazette.fr\/#organization"},"image":{"@id":"https:\/\/sceaux-lagazette.fr\/index.php\/2022\/11\/12\/les-lumieres-superflues-de-la-nuit-dans-les-villes\/#primaryimage"},"thumbnailUrl":"https:\/\/sceaux-lagazette.fr\/wp-content\/uploads\/2022\/11\/Dark_red_night.jpg","articleSection":["Environnement","Tribunes","Vie publique"],"inLanguage":"fr-FR","potentialAction":[{"@type":"CommentAction","name":"Comment","target":["https:\/\/sceaux-lagazette.fr\/index.php\/2022\/11\/12\/les-lumieres-superflues-de-la-nuit-dans-les-villes\/#respond"]}]},{"@type":"WebPage","@id":"https:\/\/sceaux-lagazette.fr\/index.php\/2022\/11\/12\/les-lumieres-superflues-de-la-nuit-dans-les-villes\/","url":"https:\/\/sceaux-lagazette.fr\/index.php\/2022\/11\/12\/les-lumieres-superflues-de-la-nuit-dans-les-villes\/","name":"Les lumi\u00e8res superflues de la nuit dans les villes - La Gazette","isPartOf":{"@id":"https:\/\/sceaux-lagazette.fr\/#website"},"primaryImageOfPage":{"@id":"https:\/\/sceaux-lagazette.fr\/index.php\/2022\/11\/12\/les-lumieres-superflues-de-la-nuit-dans-les-villes\/#primaryimage"},"image":{"@id":"https:\/\/sceaux-lagazette.fr\/index.php\/2022\/11\/12\/les-lumieres-superflues-de-la-nuit-dans-les-villes\/#primaryimage"},"thumbnailUrl":"https:\/\/sceaux-lagazette.fr\/wp-content\/uploads\/2022\/11\/Dark_red_night.jpg","datePublished":"2022-11-12T08:30:23+00:00","dateModified":"2022-11-20T20:23:30+00:00","breadcrumb":{"@id":"https:\/\/sceaux-lagazette.fr\/index.php\/2022\/11\/12\/les-lumieres-superflues-de-la-nuit-dans-les-villes\/#breadcrumb"},"inLanguage":"fr-FR","potentialAction":[{"@type":"ReadAction","target":["https:\/\/sceaux-lagazette.fr\/index.php\/2022\/11\/12\/les-lumieres-superflues-de-la-nuit-dans-les-villes\/"]}]},{"@type":"ImageObject","inLanguage":"fr-FR","@id":"https:\/\/sceaux-lagazette.fr\/index.php\/2022\/11\/12\/les-lumieres-superflues-de-la-nuit-dans-les-villes\/#primaryimage","url":"https:\/\/sceaux-lagazette.fr\/wp-content\/uploads\/2022\/11\/Dark_red_night.jpg","contentUrl":"https:\/\/sceaux-lagazette.fr\/wp-content\/uploads\/2022\/11\/Dark_red_night.jpg","width":640,"height":359},{"@type":"BreadcrumbList","@id":"https:\/\/sceaux-lagazette.fr\/index.php\/2022\/11\/12\/les-lumieres-superflues-de-la-nuit-dans-les-villes\/#breadcrumb","itemListElement":[{"@type":"ListItem","position":1,"name":"Accueil","item":"https:\/\/sceaux-lagazette.fr\/"},{"@type":"ListItem","position":2,"name":"Les lumi\u00e8res superflues de la nuit dans les villes"}]},{"@type":"WebSite","@id":"https:\/\/sceaux-lagazette.fr\/#website","url":"https:\/\/sceaux-lagazette.fr\/","name":"La Gazette","description":"Bourg-la-Reine, Ch\u00e2tenay, Fontenay, Sceaux","publisher":{"@id":"https:\/\/sceaux-lagazette.fr\/#organization"},"potentialAction":[{"@type":"SearchAction","target":{"@type":"EntryPoint","urlTemplate":"https:\/\/sceaux-lagazette.fr\/?s={search_term_string}"},"query-input":{"@type":"PropertyValueSpecification","valueRequired":true,"valueName":"search_term_string"}}],"inLanguage":"fr-FR"},{"@type":"Organization","@id":"https:\/\/sceaux-lagazette.fr\/#organization","name":"La Gazette","url":"https:\/\/sceaux-lagazette.fr\/","logo":{"@type":"ImageObject","inLanguage":"fr-FR","@id":"https:\/\/sceaux-lagazette.fr\/#\/schema\/logo\/image\/","url":"https:\/\/sceaux-lagazette.fr\/wp-content\/uploads\/2025\/08\/Logo-Gazette-Aout-2025-V3.jpg","contentUrl":"https:\/\/sceaux-lagazette.fr\/wp-content\/uploads\/2025\/08\/Logo-Gazette-Aout-2025-V3.jpg","width":525,"height":130,"caption":"La Gazette"},"image":{"@id":"https:\/\/sceaux-lagazette.fr\/#\/schema\/logo\/image\/"}},{"@type":"Person","@id":"https:\/\/sceaux-lagazette.fr\/#\/schema\/person\/060ab8fc058c4220d9079707a58da9f1","name":"Maurice Zytnicki","image":{"@type":"ImageObject","inLanguage":"fr-FR","@id":"https:\/\/sceaux-lagazette.fr\/#\/schema\/person\/image\/","url":"https:\/\/secure.gravatar.com\/avatar\/d94d30d6fa0e9cb7af48a89366fc0cdb?s=96&r=g","contentUrl":"https:\/\/secure.gravatar.com\/avatar\/d94d30d6fa0e9cb7af48a89366fc0cdb?s=96&r=g","caption":"Maurice Zytnicki"},"url":"https:\/\/sceaux-lagazette.fr\/index.php\/author\/maurice\/"}]}},"cc_featured_image_caption":{"caption_text":"Source : Wikimedia commons","source_text":"","source_url":""},"_links":{"self":[{"href":"https:\/\/sceaux-lagazette.fr\/index.php\/wp-json\/wp\/v2\/posts\/7994"}],"collection":[{"href":"https:\/\/sceaux-lagazette.fr\/index.php\/wp-json\/wp\/v2\/posts"}],"about":[{"href":"https:\/\/sceaux-lagazette.fr\/index.php\/wp-json\/wp\/v2\/types\/post"}],"author":[{"embeddable":true,"href":"https:\/\/sceaux-lagazette.fr\/index.php\/wp-json\/wp\/v2\/users\/6"}],"replies":[{"embeddable":true,"href":"https:\/\/sceaux-lagazette.fr\/index.php\/wp-json\/wp\/v2\/comments?post=7994"}],"version-history":[{"count":8,"href":"https:\/\/sceaux-lagazette.fr\/index.php\/wp-json\/wp\/v2\/posts\/7994\/revisions"}],"predecessor-version":[{"id":8096,"href":"https:\/\/sceaux-lagazette.fr\/index.php\/wp-json\/wp\/v2\/posts\/7994\/revisions\/8096"}],"wp:featuredmedia":[{"embeddable":true,"href":"https:\/\/sceaux-lagazette.fr\/index.php\/wp-json\/wp\/v2\/media\/8001"}],"wp:attachment":[{"href":"https:\/\/sceaux-lagazette.fr\/index.php\/wp-json\/wp\/v2\/media?parent=7994"}],"wp:term":[{"taxonomy":"category","embeddable":true,"href":"https:\/\/sceaux-lagazette.fr\/index.php\/wp-json\/wp\/v2\/categories?post=7994"},{"taxonomy":"post_tag","embeddable":true,"href":"https:\/\/sceaux-lagazette.fr\/index.php\/wp-json\/wp\/v2\/tags?post=7994"}],"curies":[{"name":"wp","href":"https:\/\/api.w.org\/{rel}","templated":true}]}}