{"id":7866,"date":"2022-10-28T08:50:15","date_gmt":"2022-10-28T06:50:15","guid":{"rendered":"https:\/\/sceaux-lagazette.fr\/?p=7866"},"modified":"2023-03-12T10:29:19","modified_gmt":"2023-03-12T09:29:19","slug":"geothermie-demain-a-fontenay-sceaux-et-bourg-la-reine","status":"publish","type":"post","link":"https:\/\/sceaux-lagazette.fr\/index.php\/2022\/10\/28\/geothermie-demain-a-fontenay-sceaux-et-bourg-la-reine\/","title":{"rendered":"G\u00e9othermie demain \u00e0 Fontenay, Sceaux et Bourg-la-Reine ?"},"content":{"rendered":"\n<p>Ce jeudi 13 octobre, l\u2019association <em><a href=\"https:\/\/www.facebook.com\/fontenay.transition\/\" target=\"_blank\" rel=\"noreferrer noopener\">Fontenay Environnement et Transition<\/a><\/em> (FET) organisait une <em><a href=\"https:\/\/www.nouvellesdefontenay.fr\/soiree-economie-denergie-et-geothermie-organisee-par-lassociation-fontenay-environnement-et-transition-fet-jeudi-13-octobre-a-20h-salle-sainte-barbe\/\">Soir\u00e9e \u00e9conomie d\u2019\u00e9nergie et g\u00e9othermie<\/a><\/em>, pour annoncer l\u2019organisation de balades thermiques, avec la participation de l\u2019association <em><a href=\"https:\/\/zen2050maintenant.org\/\" target=\"_blank\" rel=\"noreferrer noopener\">Z.E.N.2050 Maintenant<\/a><\/em>. Gr\u00e2ce \u00e0 une conversation impromptue entre les organisateurs et le maire, Laurent Vastel, quelques jours avant le 13, ce dernier a ouvert la r\u00e9union avec des informations sur un projet de g\u00e9othermie \u00e0 Fontenay-aux-Roses, Sceaux et une partie de Bourg-la-Reine.<\/p>\n\n\n\n<h2 class=\"wp-block-heading\">Hausse des co\u00fbts \u00e0 venir<\/h2>\n\n\n\n<p>En introduction, le maire explique que les d\u00e9penses de chauffage repr\u00e9sentent environ 340K\u20ac dans le budget municipal. Un bilan \u00e9nerg\u00e9tique r\u00e9alis\u00e9 il y a trois ans a permis de construire un plan pour r\u00e9duire la consommation de 40% d\u2019ici 2030. Pour l\u2019instant, les r\u00e9alisations sont conformes au programme&nbsp;: des actions ont \u00e9t\u00e9 men\u00e9es et les actions \u00e0 venir sont connues. La hausse des prix attendue pour 2023 vient percuter ce plan vertueux&nbsp;: la d\u00e9pense risque de se situer entre 1 et 2 M\u20ac en 2023.<\/p>\n\n\n\n<h2 class=\"wp-block-heading\">Projet G\u00e9othermie<\/h2>\n\n\n\n<p>Une \u00e9tude de faisabilit\u00e9 technique a \u00e9t\u00e9 men\u00e9e par <a rel=\"noreferrer noopener\" href=\"https:\/\/www.sipperec.fr\/\" target=\"_blank\">SIPPEREC<\/a> sur une zone comprenant Fontenay-aux-Roses, Sceaux et Bourg-la-Reine, dans le cadre du PCAET (Plan Climat Air \u00c9nergie du Territoire). Cette \u00e9tude a montr\u00e9 d\u2019abord qu\u2019il existe une zone (\u00ab&nbsp;une capsule&nbsp;\u00bb) d\u2019eau chaude disponible \u00e0 la verticale de ces zones. C\u2019est-\u00e0-dire une zone o\u00f9 l\u2019on peut tirer de l\u2019eau chaude \u00e0 une bonne temp\u00e9rature (autour de 65\u00b0), sans empi\u00e9ter sur les projets voisins (\u00e0 Ch\u00e2tenay, Chevilly-Larue ou Bagneux par exemple), ce point \u00e9tant en France de la responsabilit\u00e9 <a rel=\"noreferrer noopener\" href=\"https:\/\/www.brgm.fr\/fr\" target=\"_blank\">du BRGM<\/a>. Elle a aussi montr\u00e9 qu\u2019il y avait a priori suffisamment de consommateurs potentiels sur la zone. Elle a enfin montr\u00e9 qu\u2019un projet sur 30 ans permettait de fournir une \u00e9nergie \u00e0 un prix inf\u00e9rieur de 30% \u00e0 celui du gaz, avant son envol\u00e9e r\u00e9cente.<\/p>\n\n\n\n<p>Si le maire se montre tr\u00e8s optimiste sur la r\u00e9alisation de ce projet, il explique qu\u2019il reste plusieurs \u00e9tapes \u00e0 franchir&nbsp;: la premi\u00e8re consiste \u00e0 trouver suffisamment de clients potentiels pour que le projet soit viable. Le seuil de viabilit\u00e9 a \u00e9t\u00e9 estim\u00e9 \u00e0 l\u2019\u00e9quivalent de 7000 logements. L\u2019investissement pr\u00e9vu est estim\u00e9 \u00e0 60M\u20ac et il serait pris en charge par un organisme sp\u00e9cialis\u00e9, lequel aurait une concession pour 30 ans, \u00e0 l\u2019issue desquels, les installations (qui devraient \u00eatre encore en bon \u00e9tat) seraient reprises par la collectivit\u00e9 publique. Le maire explique par ailleurs que le projet est suivi pas VSGP.<\/p>\n\n\n\n<p>Fran\u00e7ois Brun, en charge de la g\u00e9othermie \u00e0 Z.E.N.2050, a ensuite projet\u00e9 deux vid\u00e9os explicatives de ce qu\u2019est la g\u00e9othermie (<a href=\"https:\/\/www.lespritsorcier.org\/dossier-semaine\/aux-sources-de-la-geothermie\/\" target=\"_blank\" rel=\"noreferrer noopener\">l\u2019une<\/a> de l\u2019\u00e9mission \u00ab&nbsp;esprit sorcier&nbsp;\u00bb, <a href=\"https:\/\/www.brgm.fr\/fr\/actualite\/video\/geothermie-profonde-energie-decarbonee-avenir\" target=\"_blank\" rel=\"noreferrer noopener\">l\u2019autre<\/a> du BRGM) et comment elle peut fonctionner en Ile-de-France. Les questions ont \u00e9t\u00e9 l\u2019occasion d\u2019expliquer ce que pourrait \u00eatre un projet de g\u00e9othermie sur le territoire.<\/p>\n\n\n\n<div class=\"wp-block-image\"><figure class=\"alignright size-large\"><img decoding=\"async\" width=\"300\" height=\"205\" src=\"https:\/\/sceaux-lagazette.fr\/wp-content\/uploads\/2022\/10\/geothermie-3-300x205-2.png\" alt=\"\" class=\"wp-image-7875\"\/><\/figure><\/div>\n\n\n\n<p>Une installation de g\u00e9othermie demande deux puits for\u00e9s pour atteindre le \u00ab&nbsp;r\u00e9servoir&nbsp;\u00bb&nbsp;<a rel=\"noreferrer noopener\" href=\"https:\/\/sigessn.brgm.fr\/spip.php?article254\" target=\"_blank\">du Dogger<\/a>, l\u2019un pour pomper de l\u2019eau, l\u2019autre pour la r\u00e9injecter quelques kilom\u00e8tres plus loin. Un \u00e9changeur thermique principal permet de transf\u00e9rer la chaleur \u00e0 une autre eau, celle qui circule dans le r\u00e9seau urbain. A chaque point d\u2019utilisation, un \u00e9changeur local permet un nouveau transfert de chaleur \u00e0 l\u2019eau qui circulera dans les radiateurs. L\u2019eau extraite du sol, corrosive, ne circule donc pas dans le r\u00e9seau urbain et reste confin\u00e9e dans un r\u00e9seau d\u00e9di\u00e9.<\/p>\n\n\n\n<p>A l\u2019ouest de Fontenay-aux-Roses, le site du Panorama appara\u00eet comme adapt\u00e9 \u00e0 l\u2019installation de l\u2019\u00e9changeur principal et l\u2019acc\u00e8s aux puits. Il faut une emprise de 5000m2 au moment des travaux et de 2000m2 en fonctionnement.<\/p>\n\n\n\n<p>Fran\u00e7ois Brun explique que son association plaide depuis deux ans pour l\u2019\u00e9tude puis le lancement de projets g\u00e9othermiques. Ceux-ci sont devenus localement hyper-rentables avec la hausse des prix du gaz. La d\u00e9cision rel\u00e8ve des collectivit\u00e9s locales et de VSGP comme ma\u00eetre d\u2019ouvrage. Il est important de montrer aux \u00e9lus que les citoyens sont int\u00e9ress\u00e9s. Et qu\u2019il pourrait \u00eatre utile que les pavillons puissent se brancher sur le futur r\u00e9seau.<\/p>\n\n\n\n<p>\u00ab&nbsp;<em>Malakoff, explique-t-il, vient de lancer l\u2019enqu\u00eate publique sur son propre projet et pr\u00e9voit une premi\u00e8re mise en service fin 2025. Un projet sur Fontenay, Sceaux et Bourg-la-Reine pourrait \u00eatre en service un an plus tard.&nbsp;<\/em>\u00bb<\/p>\n\n\n\n<h2 class=\"wp-block-heading\">Balades thermiques<\/h2>\n\n\n\n<p>Pour Pascal N\u00e9d\u00e9lec, le but de l\u2019association qu\u2019il pr\u00e9side,<em> ZEN 2050 Maintenant<\/em>, est de contribuer localement \u00e0 la r\u00e9duction des \u00e9missions de gaz \u00e0 effet de serre gr\u00e2ce \u00e0 des actions \u00e0 fort impact en volume de CO2 \u00e9conomis\u00e9s. Outre la promotion de la g\u00e9othermie, l\u2019association met en place des \u00e9tudes de bilan carbone dans des \u00e9tablissements (EPF, lyc\u00e9e Marie Curie\u2026) avec lyc\u00e9ens ou \u00e9tudiants, enseignants et directions. Elle a aussi choisi de coop\u00e9rer avec d\u2019autres associations locales, comme FET.<\/p>\n\n\n\n<p>&nbsp;\u00ab&nbsp;<em>L\u2019association, dit Pascal N\u00e9d\u00e9lec, a pu se procurer une cam\u00e9ra thermique (bient\u00f4t deux) gr\u00e2ce \u00e0 l\u2019aide de la r\u00e9gion et organise des balades thermiques, l\u2019hiver dernier \u00e0 Sceaux, l\u2019hiver prochain \u00e0 Sceaux, Ch\u00e2tenay-Malabry, Fontenay-aux-Roses et Bourg-la-Reine, en lien avec des associations locales.<\/em>&nbsp;\u00bb<\/p>\n\n\n\n<p>La cam\u00e9ra thermique, \u00e0 infrarouges, permet de voir les zones plus ou moins chaudes, et donc de rep\u00e9rer o\u00f9 se font les fuites de chaleur dans un logement. En rendant ainsi visible l\u2019invisible, les balades sont l\u2019occasion pour les participants de prendre conscience des pertes et de s\u2019interroger sur l\u2019int\u00e9r\u00eat de renforcer l\u2019isolation de leur propre logement, de r\u00e9fl\u00e9chir \u00e0 la temp\u00e9rature de chauffe de certaines pi\u00e8ces. C\u2019est une premi\u00e8re \u00e9tape avant un \u00e9ventuel diagnostic par un professionnel.<\/p>\n\n\n\n<p>La balade se fait en trois temps. Le premier temps consiste en une explication en salle de ce que montre la cam\u00e9ra. C\u2019est aussi le moment o\u00f9 s\u2019organise le renvoi de l\u2019image de la cam\u00e9ra sur les t\u00e9l\u00e9phones des participants. Puis a lieu la balade proprement dite, autour de deux logements rep\u00e9r\u00e9s au pr\u00e9alable par l\u2019association, avec l\u2019accord leurs propri\u00e9taires. Enfin, un retour en salle permet de tirer les enseignements de la balade et de r\u00e9pondre aux questions des participants (voir des exemples ici, ici et ici).<\/p>\n\n\n\n<p>Gabriela Reigada, premi\u00e8re adjointe au maire, intervient pour signaler que VSGP met en place un service d\u2019accompagnement de la r\u00e9novation thermique, <a href=\"https:\/\/www.valleesud.fr\/fr\/renovation-energetique-vallee-sud-grand-paris-est-vos-cotes\" target=\"_blank\" rel=\"noreferrer noopener\">VSGP R\u00e9nov<\/a>. Celui-ci pourra accompagner les demandeurs, tant du point de vue conseil technique qu\u2019obtention des aides \u00e0 la r\u00e9novation. Elle souligne tout l\u2019int\u00e9r\u00eat et le soutien de la ville de Fontenay pour de telles rencontres d\u2019\u00e9changes sur le projet d\u2019importance que constitue le d\u00e9ploiement d\u2019un r\u00e9seau de chaleur. Elle salue l\u2019initiative que sont ces balades thermiques.<\/p>\n","protected":false},"excerpt":{"rendered":"<p>Ce jeudi 13 octobre, l\u2019association Fontenay Environnement et Transition (FET) organisait une Soir\u00e9e \u00e9conomie d\u2019\u00e9nergie et g\u00e9othermie, pour annoncer l\u2019organisation de balades thermiques, avec la participation de l\u2019association Z.E.N.2050 Maintenant. Gr\u00e2ce \u00e0 une conversation impromptue entre les organisateurs et le maire, Laurent Vastel, quelques jours avant le 13, ce dernier&#8230;<\/p>\n","protected":false},"author":11,"featured_media":7873,"comment_status":"open","ping_status":"open","sticky":false,"template":"","format":"standard","meta":{"om_disable_all_campaigns":false,"_monsterinsights_skip_tracking":false,"_monsterinsights_sitenote_active":false,"_monsterinsights_sitenote_note":"","_monsterinsights_sitenote_category":0,"_uf_show_specific_survey":0,"_uf_disable_surveys":false,"footnotes":""},"categories":[265,258,264,253,266],"tags":[],"class_list":["post-7866","post","type-post","status-publish","format-standard","has-post-thumbnail","hentry","category-bourg-la-reine","category-environnement","category-fontenay-aux-roses","category-manifestations-locales","category-sceaux","entry","simple"],"yoast_head":"<!-- This site is optimized with the Yoast SEO plugin v25.6 - https:\/\/yoast.com\/wordpress\/plugins\/seo\/ -->\n<title>G\u00e9othermie demain \u00e0 Fontenay, Sceaux et Bourg-la-Reine ? - La Gazette<\/title>\n<meta name=\"robots\" content=\"index, follow, max-snippet:-1, max-image-preview:large, max-video-preview:-1\" \/>\n<link rel=\"canonical\" href=\"https:\/\/sceaux-lagazette.fr\/index.php\/2022\/10\/28\/geothermie-demain-a-fontenay-sceaux-et-bourg-la-reine\/\" \/>\n<meta property=\"og:locale\" content=\"fr_FR\" \/>\n<meta property=\"og:type\" content=\"article\" \/>\n<meta property=\"og:title\" content=\"G\u00e9othermie demain \u00e0 Fontenay, Sceaux et Bourg-la-Reine ? - La Gazette\" \/>\n<meta property=\"og:description\" content=\"Ce jeudi 13 octobre, l\u2019association Fontenay Environnement et Transition (FET) organisait une Soir\u00e9e \u00e9conomie d\u2019\u00e9nergie et g\u00e9othermie, pour annoncer l\u2019organisation de balades thermiques, avec la participation de l\u2019association Z.E.N.2050 Maintenant. Gr\u00e2ce \u00e0 une conversation impromptue entre les organisateurs et le maire, Laurent Vastel, quelques jours avant le 13, ce dernier&#8230;\" \/>\n<meta property=\"og:url\" content=\"https:\/\/sceaux-lagazette.fr\/index.php\/2022\/10\/28\/geothermie-demain-a-fontenay-sceaux-et-bourg-la-reine\/\" \/>\n<meta property=\"og:site_name\" content=\"La Gazette\" \/>\n<meta property=\"article:published_time\" content=\"2022-10-28T06:50:15+00:00\" \/>\n<meta property=\"article:modified_time\" content=\"2023-03-12T09:29:19+00:00\" \/>\n<meta property=\"og:image\" content=\"https:\/\/sceaux-lagazette.fr\/wp-content\/uploads\/2022\/10\/R\u00e9union-13-oct-2022-FAR-e1666948211212.jpeg\" \/>\n\t<meta property=\"og:image:width\" content=\"2048\" \/>\n\t<meta property=\"og:image:height\" content=\"1105\" \/>\n\t<meta property=\"og:image:type\" content=\"image\/jpeg\" \/>\n<meta name=\"author\" content=\"G\u00e9rard Bardier\" \/>\n<meta name=\"twitter:card\" content=\"summary_large_image\" \/>\n<meta name=\"twitter:label1\" content=\"\u00c9crit par\" \/>\n\t<meta name=\"twitter:data1\" content=\"G\u00e9rard Bardier\" \/>\n\t<meta name=\"twitter:label2\" content=\"Dur\u00e9e de lecture estim\u00e9e\" \/>\n\t<meta name=\"twitter:data2\" content=\"6 minutes\" \/>\n<script type=\"application\/ld+json\" class=\"yoast-schema-graph\">{\"@context\":\"https:\/\/schema.org\",\"@graph\":[{\"@type\":\"Article\",\"@id\":\"https:\/\/sceaux-lagazette.fr\/index.php\/2022\/10\/28\/geothermie-demain-a-fontenay-sceaux-et-bourg-la-reine\/#article\",\"isPartOf\":{\"@id\":\"https:\/\/sceaux-lagazette.fr\/index.php\/2022\/10\/28\/geothermie-demain-a-fontenay-sceaux-et-bourg-la-reine\/\"},\"author\":{\"name\":\"G\u00e9rard Bardier\",\"@id\":\"https:\/\/sceaux-lagazette.fr\/#\/schema\/person\/5650e206a121f68c6f5e76379bccfbc4\"},\"headline\":\"G\u00e9othermie demain \u00e0 Fontenay, Sceaux et Bourg-la-Reine ?\",\"datePublished\":\"2022-10-28T06:50:15+00:00\",\"dateModified\":\"2023-03-12T09:29:19+00:00\",\"mainEntityOfPage\":{\"@id\":\"https:\/\/sceaux-lagazette.fr\/index.php\/2022\/10\/28\/geothermie-demain-a-fontenay-sceaux-et-bourg-la-reine\/\"},\"wordCount\":1189,\"commentCount\":6,\"publisher\":{\"@id\":\"https:\/\/sceaux-lagazette.fr\/#organization\"},\"image\":{\"@id\":\"https:\/\/sceaux-lagazette.fr\/index.php\/2022\/10\/28\/geothermie-demain-a-fontenay-sceaux-et-bourg-la-reine\/#primaryimage\"},\"thumbnailUrl\":\"https:\/\/sceaux-lagazette.fr\/wp-content\/uploads\/2022\/10\/R\u00e9union-13-oct-2022-FAR-e1666948211212.jpeg\",\"articleSection\":[\"Bourg-la-Reine\",\"Environnement\",\"Fontenay-aux-Roses\",\"Manifestations locales\",\"Sceaux\"],\"inLanguage\":\"fr-FR\",\"potentialAction\":[{\"@type\":\"CommentAction\",\"name\":\"Comment\",\"target\":[\"https:\/\/sceaux-lagazette.fr\/index.php\/2022\/10\/28\/geothermie-demain-a-fontenay-sceaux-et-bourg-la-reine\/#respond\"]}]},{\"@type\":\"WebPage\",\"@id\":\"https:\/\/sceaux-lagazette.fr\/index.php\/2022\/10\/28\/geothermie-demain-a-fontenay-sceaux-et-bourg-la-reine\/\",\"url\":\"https:\/\/sceaux-lagazette.fr\/index.php\/2022\/10\/28\/geothermie-demain-a-fontenay-sceaux-et-bourg-la-reine\/\",\"name\":\"G\u00e9othermie demain \u00e0 Fontenay, Sceaux et Bourg-la-Reine ? - La Gazette\",\"isPartOf\":{\"@id\":\"https:\/\/sceaux-lagazette.fr\/#website\"},\"primaryImageOfPage\":{\"@id\":\"https:\/\/sceaux-lagazette.fr\/index.php\/2022\/10\/28\/geothermie-demain-a-fontenay-sceaux-et-bourg-la-reine\/#primaryimage\"},\"image\":{\"@id\":\"https:\/\/sceaux-lagazette.fr\/index.php\/2022\/10\/28\/geothermie-demain-a-fontenay-sceaux-et-bourg-la-reine\/#primaryimage\"},\"thumbnailUrl\":\"https:\/\/sceaux-lagazette.fr\/wp-content\/uploads\/2022\/10\/R\u00e9union-13-oct-2022-FAR-e1666948211212.jpeg\",\"datePublished\":\"2022-10-28T06:50:15+00:00\",\"dateModified\":\"2023-03-12T09:29:19+00:00\",\"breadcrumb\":{\"@id\":\"https:\/\/sceaux-lagazette.fr\/index.php\/2022\/10\/28\/geothermie-demain-a-fontenay-sceaux-et-bourg-la-reine\/#breadcrumb\"},\"inLanguage\":\"fr-FR\",\"potentialAction\":[{\"@type\":\"ReadAction\",\"target\":[\"https:\/\/sceaux-lagazette.fr\/index.php\/2022\/10\/28\/geothermie-demain-a-fontenay-sceaux-et-bourg-la-reine\/\"]}]},{\"@type\":\"ImageObject\",\"inLanguage\":\"fr-FR\",\"@id\":\"https:\/\/sceaux-lagazette.fr\/index.php\/2022\/10\/28\/geothermie-demain-a-fontenay-sceaux-et-bourg-la-reine\/#primaryimage\",\"url\":\"https:\/\/sceaux-lagazette.fr\/wp-content\/uploads\/2022\/10\/R\u00e9union-13-oct-2022-FAR-e1666948211212.jpeg\",\"contentUrl\":\"https:\/\/sceaux-lagazette.fr\/wp-content\/uploads\/2022\/10\/R\u00e9union-13-oct-2022-FAR-e1666948211212.jpeg\",\"width\":2048,\"height\":1105},{\"@type\":\"BreadcrumbList\",\"@id\":\"https:\/\/sceaux-lagazette.fr\/index.php\/2022\/10\/28\/geothermie-demain-a-fontenay-sceaux-et-bourg-la-reine\/#breadcrumb\",\"itemListElement\":[{\"@type\":\"ListItem\",\"position\":1,\"name\":\"Accueil\",\"item\":\"https:\/\/sceaux-lagazette.fr\/\"},{\"@type\":\"ListItem\",\"position\":2,\"name\":\"G\u00e9othermie demain \u00e0 Fontenay, Sceaux et Bourg-la-Reine ?\"}]},{\"@type\":\"WebSite\",\"@id\":\"https:\/\/sceaux-lagazette.fr\/#website\",\"url\":\"https:\/\/sceaux-lagazette.fr\/\",\"name\":\"La Gazette\",\"description\":\"Bourg-la-Reine, Ch\u00e2tenay, Fontenay, Sceaux\",\"publisher\":{\"@id\":\"https:\/\/sceaux-lagazette.fr\/#organization\"},\"potentialAction\":[{\"@type\":\"SearchAction\",\"target\":{\"@type\":\"EntryPoint\",\"urlTemplate\":\"https:\/\/sceaux-lagazette.fr\/?s={search_term_string}\"},\"query-input\":{\"@type\":\"PropertyValueSpecification\",\"valueRequired\":true,\"valueName\":\"search_term_string\"}}],\"inLanguage\":\"fr-FR\"},{\"@type\":\"Organization\",\"@id\":\"https:\/\/sceaux-lagazette.fr\/#organization\",\"name\":\"La Gazette\",\"url\":\"https:\/\/sceaux-lagazette.fr\/\",\"logo\":{\"@type\":\"ImageObject\",\"inLanguage\":\"fr-FR\",\"@id\":\"https:\/\/sceaux-lagazette.fr\/#\/schema\/logo\/image\/\",\"url\":\"https:\/\/sceaux-lagazette.fr\/wp-content\/uploads\/2025\/08\/Logo-Gazette-Aout-2025-V3.jpg\",\"contentUrl\":\"https:\/\/sceaux-lagazette.fr\/wp-content\/uploads\/2025\/08\/Logo-Gazette-Aout-2025-V3.jpg\",\"width\":525,\"height\":130,\"caption\":\"La Gazette\"},\"image\":{\"@id\":\"https:\/\/sceaux-lagazette.fr\/#\/schema\/logo\/image\/\"}},{\"@type\":\"Person\",\"@id\":\"https:\/\/sceaux-lagazette.fr\/#\/schema\/person\/5650e206a121f68c6f5e76379bccfbc4\",\"name\":\"G\u00e9rard Bardier\",\"image\":{\"@type\":\"ImageObject\",\"inLanguage\":\"fr-FR\",\"@id\":\"https:\/\/sceaux-lagazette.fr\/#\/schema\/person\/image\/\",\"url\":\"https:\/\/secure.gravatar.com\/avatar\/5cf4391ef9dbc0367750202561279a29?s=96&r=g\",\"contentUrl\":\"https:\/\/secure.gravatar.com\/avatar\/5cf4391ef9dbc0367750202561279a29?s=96&r=g\",\"caption\":\"G\u00e9rard Bardier\"},\"url\":\"https:\/\/sceaux-lagazette.fr\/index.php\/author\/gb\/\"}]}<\/script>\n<!-- \/ Yoast SEO plugin. -->","yoast_head_json":{"title":"G\u00e9othermie demain \u00e0 Fontenay, Sceaux et Bourg-la-Reine ? - La Gazette","robots":{"index":"index","follow":"follow","max-snippet":"max-snippet:-1","max-image-preview":"max-image-preview:large","max-video-preview":"max-video-preview:-1"},"canonical":"https:\/\/sceaux-lagazette.fr\/index.php\/2022\/10\/28\/geothermie-demain-a-fontenay-sceaux-et-bourg-la-reine\/","og_locale":"fr_FR","og_type":"article","og_title":"G\u00e9othermie demain \u00e0 Fontenay, Sceaux et Bourg-la-Reine ? - La Gazette","og_description":"Ce jeudi 13 octobre, l\u2019association Fontenay Environnement et Transition (FET) organisait une Soir\u00e9e \u00e9conomie d\u2019\u00e9nergie et g\u00e9othermie, pour annoncer l\u2019organisation de balades thermiques, avec la participation de l\u2019association Z.E.N.2050 Maintenant. Gr\u00e2ce \u00e0 une conversation impromptue entre les organisateurs et le maire, Laurent Vastel, quelques jours avant le 13, ce dernier&#8230;","og_url":"https:\/\/sceaux-lagazette.fr\/index.php\/2022\/10\/28\/geothermie-demain-a-fontenay-sceaux-et-bourg-la-reine\/","og_site_name":"La Gazette","article_published_time":"2022-10-28T06:50:15+00:00","article_modified_time":"2023-03-12T09:29:19+00:00","og_image":[{"width":2048,"height":1105,"url":"https:\/\/sceaux-lagazette.fr\/wp-content\/uploads\/2022\/10\/R\u00e9union-13-oct-2022-FAR-e1666948211212.jpeg","type":"image\/jpeg"}],"author":"G\u00e9rard Bardier","twitter_card":"summary_large_image","twitter_misc":{"\u00c9crit par":"G\u00e9rard Bardier","Dur\u00e9e de lecture estim\u00e9e":"6 minutes"},"schema":{"@context":"https:\/\/schema.org","@graph":[{"@type":"Article","@id":"https:\/\/sceaux-lagazette.fr\/index.php\/2022\/10\/28\/geothermie-demain-a-fontenay-sceaux-et-bourg-la-reine\/#article","isPartOf":{"@id":"https:\/\/sceaux-lagazette.fr\/index.php\/2022\/10\/28\/geothermie-demain-a-fontenay-sceaux-et-bourg-la-reine\/"},"author":{"name":"G\u00e9rard Bardier","@id":"https:\/\/sceaux-lagazette.fr\/#\/schema\/person\/5650e206a121f68c6f5e76379bccfbc4"},"headline":"G\u00e9othermie demain \u00e0 Fontenay, Sceaux et Bourg-la-Reine ?","datePublished":"2022-10-28T06:50:15+00:00","dateModified":"2023-03-12T09:29:19+00:00","mainEntityOfPage":{"@id":"https:\/\/sceaux-lagazette.fr\/index.php\/2022\/10\/28\/geothermie-demain-a-fontenay-sceaux-et-bourg-la-reine\/"},"wordCount":1189,"commentCount":6,"publisher":{"@id":"https:\/\/sceaux-lagazette.fr\/#organization"},"image":{"@id":"https:\/\/sceaux-lagazette.fr\/index.php\/2022\/10\/28\/geothermie-demain-a-fontenay-sceaux-et-bourg-la-reine\/#primaryimage"},"thumbnailUrl":"https:\/\/sceaux-lagazette.fr\/wp-content\/uploads\/2022\/10\/R\u00e9union-13-oct-2022-FAR-e1666948211212.jpeg","articleSection":["Bourg-la-Reine","Environnement","Fontenay-aux-Roses","Manifestations locales","Sceaux"],"inLanguage":"fr-FR","potentialAction":[{"@type":"CommentAction","name":"Comment","target":["https:\/\/sceaux-lagazette.fr\/index.php\/2022\/10\/28\/geothermie-demain-a-fontenay-sceaux-et-bourg-la-reine\/#respond"]}]},{"@type":"WebPage","@id":"https:\/\/sceaux-lagazette.fr\/index.php\/2022\/10\/28\/geothermie-demain-a-fontenay-sceaux-et-bourg-la-reine\/","url":"https:\/\/sceaux-lagazette.fr\/index.php\/2022\/10\/28\/geothermie-demain-a-fontenay-sceaux-et-bourg-la-reine\/","name":"G\u00e9othermie demain \u00e0 Fontenay, Sceaux et Bourg-la-Reine ? - La Gazette","isPartOf":{"@id":"https:\/\/sceaux-lagazette.fr\/#website"},"primaryImageOfPage":{"@id":"https:\/\/sceaux-lagazette.fr\/index.php\/2022\/10\/28\/geothermie-demain-a-fontenay-sceaux-et-bourg-la-reine\/#primaryimage"},"image":{"@id":"https:\/\/sceaux-lagazette.fr\/index.php\/2022\/10\/28\/geothermie-demain-a-fontenay-sceaux-et-bourg-la-reine\/#primaryimage"},"thumbnailUrl":"https:\/\/sceaux-lagazette.fr\/wp-content\/uploads\/2022\/10\/R\u00e9union-13-oct-2022-FAR-e1666948211212.jpeg","datePublished":"2022-10-28T06:50:15+00:00","dateModified":"2023-03-12T09:29:19+00:00","breadcrumb":{"@id":"https:\/\/sceaux-lagazette.fr\/index.php\/2022\/10\/28\/geothermie-demain-a-fontenay-sceaux-et-bourg-la-reine\/#breadcrumb"},"inLanguage":"fr-FR","potentialAction":[{"@type":"ReadAction","target":["https:\/\/sceaux-lagazette.fr\/index.php\/2022\/10\/28\/geothermie-demain-a-fontenay-sceaux-et-bourg-la-reine\/"]}]},{"@type":"ImageObject","inLanguage":"fr-FR","@id":"https:\/\/sceaux-lagazette.fr\/index.php\/2022\/10\/28\/geothermie-demain-a-fontenay-sceaux-et-bourg-la-reine\/#primaryimage","url":"https:\/\/sceaux-lagazette.fr\/wp-content\/uploads\/2022\/10\/R\u00e9union-13-oct-2022-FAR-e1666948211212.jpeg","contentUrl":"https:\/\/sceaux-lagazette.fr\/wp-content\/uploads\/2022\/10\/R\u00e9union-13-oct-2022-FAR-e1666948211212.jpeg","width":2048,"height":1105},{"@type":"BreadcrumbList","@id":"https:\/\/sceaux-lagazette.fr\/index.php\/2022\/10\/28\/geothermie-demain-a-fontenay-sceaux-et-bourg-la-reine\/#breadcrumb","itemListElement":[{"@type":"ListItem","position":1,"name":"Accueil","item":"https:\/\/sceaux-lagazette.fr\/"},{"@type":"ListItem","position":2,"name":"G\u00e9othermie demain \u00e0 Fontenay, Sceaux et Bourg-la-Reine ?"}]},{"@type":"WebSite","@id":"https:\/\/sceaux-lagazette.fr\/#website","url":"https:\/\/sceaux-lagazette.fr\/","name":"La Gazette","description":"Bourg-la-Reine, Ch\u00e2tenay, Fontenay, Sceaux","publisher":{"@id":"https:\/\/sceaux-lagazette.fr\/#organization"},"potentialAction":[{"@type":"SearchAction","target":{"@type":"EntryPoint","urlTemplate":"https:\/\/sceaux-lagazette.fr\/?s={search_term_string}"},"query-input":{"@type":"PropertyValueSpecification","valueRequired":true,"valueName":"search_term_string"}}],"inLanguage":"fr-FR"},{"@type":"Organization","@id":"https:\/\/sceaux-lagazette.fr\/#organization","name":"La Gazette","url":"https:\/\/sceaux-lagazette.fr\/","logo":{"@type":"ImageObject","inLanguage":"fr-FR","@id":"https:\/\/sceaux-lagazette.fr\/#\/schema\/logo\/image\/","url":"https:\/\/sceaux-lagazette.fr\/wp-content\/uploads\/2025\/08\/Logo-Gazette-Aout-2025-V3.jpg","contentUrl":"https:\/\/sceaux-lagazette.fr\/wp-content\/uploads\/2025\/08\/Logo-Gazette-Aout-2025-V3.jpg","width":525,"height":130,"caption":"La Gazette"},"image":{"@id":"https:\/\/sceaux-lagazette.fr\/#\/schema\/logo\/image\/"}},{"@type":"Person","@id":"https:\/\/sceaux-lagazette.fr\/#\/schema\/person\/5650e206a121f68c6f5e76379bccfbc4","name":"G\u00e9rard Bardier","image":{"@type":"ImageObject","inLanguage":"fr-FR","@id":"https:\/\/sceaux-lagazette.fr\/#\/schema\/person\/image\/","url":"https:\/\/secure.gravatar.com\/avatar\/5cf4391ef9dbc0367750202561279a29?s=96&r=g","contentUrl":"https:\/\/secure.gravatar.com\/avatar\/5cf4391ef9dbc0367750202561279a29?s=96&r=g","caption":"G\u00e9rard Bardier"},"url":"https:\/\/sceaux-lagazette.fr\/index.php\/author\/gb\/"}]}},"cc_featured_image_caption":{"caption_text":"Photo F.E.T.","source_text":"","source_url":""},"_links":{"self":[{"href":"https:\/\/sceaux-lagazette.fr\/index.php\/wp-json\/wp\/v2\/posts\/7866"}],"collection":[{"href":"https:\/\/sceaux-lagazette.fr\/index.php\/wp-json\/wp\/v2\/posts"}],"about":[{"href":"https:\/\/sceaux-lagazette.fr\/index.php\/wp-json\/wp\/v2\/types\/post"}],"author":[{"embeddable":true,"href":"https:\/\/sceaux-lagazette.fr\/index.php\/wp-json\/wp\/v2\/users\/11"}],"replies":[{"embeddable":true,"href":"https:\/\/sceaux-lagazette.fr\/index.php\/wp-json\/wp\/v2\/comments?post=7866"}],"version-history":[{"count":6,"href":"https:\/\/sceaux-lagazette.fr\/index.php\/wp-json\/wp\/v2\/posts\/7866\/revisions"}],"predecessor-version":[{"id":7877,"href":"https:\/\/sceaux-lagazette.fr\/index.php\/wp-json\/wp\/v2\/posts\/7866\/revisions\/7877"}],"wp:featuredmedia":[{"embeddable":true,"href":"https:\/\/sceaux-lagazette.fr\/index.php\/wp-json\/wp\/v2\/media\/7873"}],"wp:attachment":[{"href":"https:\/\/sceaux-lagazette.fr\/index.php\/wp-json\/wp\/v2\/media?parent=7866"}],"wp:term":[{"taxonomy":"category","embeddable":true,"href":"https:\/\/sceaux-lagazette.fr\/index.php\/wp-json\/wp\/v2\/categories?post=7866"},{"taxonomy":"post_tag","embeddable":true,"href":"https:\/\/sceaux-lagazette.fr\/index.php\/wp-json\/wp\/v2\/tags?post=7866"}],"curies":[{"name":"wp","href":"https:\/\/api.w.org\/{rel}","templated":true}]}}