{"id":7654,"date":"2025-10-22T08:44:33","date_gmt":"2025-10-22T06:44:33","guid":{"rendered":"https:\/\/sceaux-lagazette.fr\/?p=7654"},"modified":"2025-10-22T08:44:35","modified_gmt":"2025-10-22T06:44:35","slug":"une-peintre-a-lecole-primaire-ou-lenfance-de-lart","status":"publish","type":"post","link":"https:\/\/sceaux-lagazette.fr\/index.php\/2025\/10\/22\/une-peintre-a-lecole-primaire-ou-lenfance-de-lart\/","title":{"rendered":"Une peintre \u00e0 l\u2019\u00e9cole primaire, ou l\u2018enfance de l\u2019art"},"content":{"rendered":"\n<p>Article publi\u00e9 la premi\u00e8re fois le 14 octobre2022 et republi\u00e9 le 22 octobre 2025.<\/p>\n\n\n\n<p> Le 14 septembre dernier, les enseignants de l\u2019\u00e9cole de Blagis \u00e9taient rassembl\u00e9s \u00e0 la mairie de Sceaux autour de deux des fresques r\u00e9alis\u00e9es par les \u00e9l\u00e8ves, expos\u00e9es dans la salle pr\u00e9vue \u00e0 cet effet.<\/p>\n\n\n\n<p>La plaquette de pr\u00e9sentation affichait les 14 fresques, provenant chacune d\u2019une classe, et exposait la mani\u00e8re dont elles avaient \u00e9t\u00e9 \u00e9labor\u00e9es. Deux noms sur la plaquette&nbsp;: celui du directeur de l\u2019\u00e9cole, Fr\u00e9d\u00e9ric Delamare, et celui de l\u2019intervenante, <a>H\u00e9l\u00e8ne Szumanski<\/a>. Deux personnes que la Gazette a rencontr\u00e9es ensuite pour en savoir plus.<\/p>\n\n\n\n<p>H\u00e9l\u00e8ne Szumanski est peintre et, pour se faire une id\u00e9e de son travail, le plus direct est d\u2019aller <a href=\"http:\/\/www.helszum.fr\/presentation\">sur son site<\/a>. Parmi ses nombreuses activit\u00e9s, elle intervient pendant la pause m\u00e9ridienne aupr\u00e8s des \u00e9l\u00e8ves des Blagis. Ceux-ci b\u00e9n\u00e9ficient d\u2019un atelier par semestre \u00e0 choisir parmi 8 possibilit\u00e9s. En 8 ans d\u2019intervention, H\u00e9l\u00e8ne Szumanski a eu l\u2019occasion de conna\u00eetre de nombreux \u00e9l\u00e8ves de l\u2019\u00e9cole, en particulier parmi ceux de CM1 et CM2.<\/p>\n\n\n<div class=\"wp-block-image\">\n<figure class=\"alignleft size-medium\"><img decoding=\"async\" width=\"300\" height=\"225\" src=\"https:\/\/sceaux-lagazette.fr\/wp-content\/uploads\/2022\/10\/Maternelle-Blagis-Sceaux-Fresque-pr\u00e9au-pr\u00e9paration-du-fond-avec-les-enseignats-1-300x225.jpg\" alt=\"\" class=\"wp-image-7689\" srcset=\"https:\/\/sceaux-lagazette.fr\/wp-content\/uploads\/2022\/10\/Maternelle-Blagis-Sceaux-Fresque-pr\u00e9au-pr\u00e9paration-du-fond-avec-les-enseignats-1-300x225.jpg 300w, https:\/\/sceaux-lagazette.fr\/wp-content\/uploads\/2022\/10\/Maternelle-Blagis-Sceaux-Fresque-pr\u00e9au-pr\u00e9paration-du-fond-avec-les-enseignats-1-768x576.jpg 768w, https:\/\/sceaux-lagazette.fr\/wp-content\/uploads\/2022\/10\/Maternelle-Blagis-Sceaux-Fresque-pr\u00e9au-pr\u00e9paration-du-fond-avec-les-enseignats-1.jpg 960w\" sizes=\"(max-width: 300px) 100vw, 300px\" \/><\/figure><\/div>\n\n\n<p>Il y a deux ans, l\u2019artiste a r\u00e9alis\u00e9 une grande fresque avec les enseignants et les \u00e9l\u00e8ves de l\u2019\u00e9cole maternelle. Cette fresque orne aujourd\u2019hui le fond du pr\u00e9au de l\u2019\u00e9cole maternelle. Elle a \u00e9t\u00e9 r\u00e9alis\u00e9e avec les enseignants, sur 3 m\u00e8tres de hauteur, puis les enfants ont peint directement sur la partie inf\u00e9rieure du mur, celle qui \u00e9tait \u00e0 leur port\u00e9e. En s\u2019appuyant sur les \u00e9bauches faites sur du canson au pr\u00e9alable, avec des th\u00e9matiques libres (les oiseaux, les dragons, les ch\u00e2teaux, les fleurs, etc..), ce travail sur le canson permettant la construction d\u2019un sch\u00e9ma conducteur.<\/p>\n\n\n\n<p>Cette r\u00e9alisation et une exposition au CSCB des \u0153uvres de l\u2019artiste ont attir\u00e9 l\u2019attention des enseignants de l\u2019\u00e9cole \u00e9l\u00e9mentaire. De fil en aiguille, un projet est n\u00e9 pour l\u2019ann\u00e9e scolaire 2021\/2022. Il fallait d\u00e9marrer sans avoir le temps de solliciter l\u2019inspection pour le financement, la d\u00e9cision a \u00e9t\u00e9 prise d\u2019utiliser les fonds de la caisse des \u00e9coles.<\/p>\n\n\n\n<p>Alors que la fresque de l\u2019\u00e9cole maternelle \u00e9tait unique, le choix, pour l\u2019\u00e9cole \u00e9l\u00e9mentaire a \u00e9t\u00e9 de produire une fresque par classe. Soit au total 14 fresques de 1,8m sur 1,3m.<\/p>\n\n\n\n<h2 class=\"wp-block-heading\">La r\u00e9alisation des fresques<\/h2>\n\n\n\n<p>Chaque fresque a \u00e9t\u00e9 r\u00e9alis\u00e9e en 5 s\u00e9ances de 2 fois 45mn, soit un total de 7h30 seulement. Cela n\u2019a bien s\u00fbr \u00e9tait possible que parce que beaucoup d\u2019\u00e9l\u00e8ves connaissaient d\u00e9j\u00e0 les m\u00e9thodes de l\u2019artiste, et parce que celle-ci a su cr\u00e9er une dynamique avec les groupes d\u2019enfants.<\/p>\n\n\n\n<p>Un point cl\u00e9&nbsp;: chacune des deux s\u00e9ances de 45 minutes concernait un groupe diff\u00e9rent (une moiti\u00e9 de classe normalement). Cela signifie qu\u2019il y avait une r\u00e8gle claire&nbsp;: c\u2019est un autre qui continue le travail que j\u2019ai commenc\u00e9 (ou que j\u2019ai moi-m\u00eame continu\u00e9).<\/p>\n\n\n\n<p>Les fresques sont r\u00e9alis\u00e9es sur du contreplaqu\u00e9, un mat\u00e9riau dont on sait qu\u2019il absorbe l\u2019eau. Il faut donc commencer par poser un enduit blanc. C\u2019est l\u2019un des objets de la premi\u00e8re s\u00e9ance, \u00e9galement l\u2019occasion d\u2019expliquer au groupe la m\u00e9thode. En parall\u00e8le, le groupe choisit un th\u00e8me (en s\u2019inspirant de celui choisi par l\u2019enseignant pour la classe pour l\u2019ann\u00e9e)<\/p>\n\n\n\n<p>La deuxi\u00e8me \u00e9tape consiste \u00e0 poser un fond multicolore. Les enfants choisissent parmi diff\u00e9rentes propositions que leur fait l\u2019artiste, puis ils passent eux-m\u00eames un rouleau pour r\u00e9aliser ce fond. Selon H\u00e9l\u00e8ne Szumanski, ce fond cr\u00e9e une dynamique visuelle qui participe de la dynamique visuelle de cr\u00e9ation.<\/p>\n\n\n\n<p>Pendant l\u2019ex\u00e9cution de ce fond, chaque enfant dessine sur du papier canson, pour exprimer ce que lui inspire le th\u00e8me choisi. Il y a ensuite une \u00e9tape de partage qui d\u00e9bouche sur le choix d\u2019un sch\u00e9ma g\u00e9n\u00e9ral. Il est dessin\u00e9 sur un canson plus grand (quand le groupe a le temps\u2026donc pas \u00e0 chaque fois&nbsp;!). Se d\u00e9gagent ainsi quelques images g\u00e9n\u00e9rales qui vont structurer la fresque, permettant ensuite de placer d\u2019autres images plus petites. Dans la fresque \u00ab&nbsp;le r\u00eave&nbsp;\u00bb, de la classe de CE1B, l\u2019arc-en-ciel et l\u2019arbre qui le soutient au centre jouent ce r\u00f4le.<\/p>\n\n\n\n<p>Le reste de la fresque se fait dans une discussion permanente. Chacun peut dessiner, mais en pratique, certains se positionnent pour dessiner et d\u2019autres jouent plut\u00f4t un r\u00f4le dans la discussion de ce qu\u2019on va mettre. D\u2019autres encore se focalisent sur le travail des petits points, cr\u00e9ant une harmonie de forme et de couleur entre les \u00e9l\u00e9ments dessin\u00e9s. Chacun des enfants a contribu\u00e9 \u00e0 la r\u00e9alisation de la fresque et a jou\u00e9 un r\u00f4le dans les choix.<\/p>\n\n\n\n<p>Le r\u00e9sultat final est assez bluffant, surtout eu \u00e9gard au temps pass\u00e9, finalement bien limit\u00e9. L\u2019expression est celle des r\u00eaves, de l\u2019imagination et des \u00e9motions de chaque groupe.<\/p>\n\n\n\n<h2 class=\"wp-block-heading\">Le projet d\u2019une \u00e9cole<\/h2>\n\n\n\n<p>L\u2019\u00e9cole \u00e9l\u00e9mentaire des Blagis choisit chaque ann\u00e9e un projet culturel. En 2020\/2021 c\u2019\u00e9tait la d\u00e9couverte du Nouveau Monde, en lien avec les G\u00e9meaux et le conservatoire Sceaux\/ Bourg-la-Reine. En 2022\/2023, l\u2019\u00e9cole s\u2019oriente vers un projet autour de la danse et de la chor\u00e9graphie, toujours avec les G\u00e9meaux et le Conservatoire. En 2021\/2022, cela a donc \u00e9t\u00e9 les fresques.<\/p>\n\n\n\n<p>Le co\u00fbt du projet \u00e9tait d\u2019environ 6000 \u20ac. La ville a contribu\u00e9 pour 30%, le reste a \u00e9t\u00e9 fourni par la coop\u00e9rative de l\u2019\u00e9cole, qui se rattrapera partiellement par un pourcentage sur la vente des photos.<\/p>\n\n\n\n<p>Le projet a \u00e9t\u00e9 men\u00e9 d\u2019octobre \u00e0 juin&nbsp;: si H\u00e9l\u00e8ne Szumanski \u00e9tait pr\u00e9sente trois fois par semaine, il fallait d\u00e9cliner sur 14 classes&nbsp;!<\/p>\n\n\n\n<p>C\u2019est un projet collectif qui a suscit\u00e9 l\u2019enthousiasme des \u00e9l\u00e8ves comme des enseignants. L\u2019implication aussi dans un travail collectif, o\u00f9 les enfants avaient \u00e0 se rep\u00e9rer dans l\u2019espace et \u00e0 faire preuve de cr\u00e9ativit\u00e9.  Regardez comme ces fresques sont \u00e9tonnantes!<\/p>\n\n\n\n<p>On peut lire aussi<\/p>\n\n\n\n<p><a href=\"https:\/\/sceaux-lagazette.fr\/index.php\/2022\/12\/02\/retirer-la-couleur-pour-la-faire-advenir\/\">Retirer la couleur pour la faire advenir<\/a><\/p>\n\n\n\n<figure class=\"wp-block-gallery has-nested-images columns-default is-cropped wp-block-gallery-1 is-layout-flex wp-block-gallery-is-layout-flex\">\n<figure class=\"wp-block-image size-large\"><img decoding=\"async\" width=\"1018\" height=\"720\" data-id=\"7671\" src=\"https:\/\/sceaux-lagazette.fr\/wp-content\/uploads\/2022\/10\/Ensemble-CM1A-Mme-BONNET.jpg\" alt=\"\" class=\"wp-image-7671\" srcset=\"https:\/\/sceaux-lagazette.fr\/wp-content\/uploads\/2022\/10\/Ensemble-CM1A-Mme-BONNET.jpg 1018w, https:\/\/sceaux-lagazette.fr\/wp-content\/uploads\/2022\/10\/Ensemble-CM1A-Mme-BONNET-300x212.jpg 300w, https:\/\/sceaux-lagazette.fr\/wp-content\/uploads\/2022\/10\/Ensemble-CM1A-Mme-BONNET-768x543.jpg 768w\" sizes=\"(max-width: 1018px) 100vw, 1018px\" \/><\/figure>\n\n\n\n<figure class=\"wp-block-image size-large\"><img decoding=\"async\" width=\"1024\" height=\"714\" data-id=\"7672\" src=\"https:\/\/sceaux-lagazette.fr\/wp-content\/uploads\/2022\/10\/L_afrique-CPB-Mme-SCHMIDT--1024x714.jpg\" alt=\"\" class=\"wp-image-7672\" srcset=\"https:\/\/sceaux-lagazette.fr\/wp-content\/uploads\/2022\/10\/L_afrique-CPB-Mme-SCHMIDT--1024x714.jpg 1024w, https:\/\/sceaux-lagazette.fr\/wp-content\/uploads\/2022\/10\/L_afrique-CPB-Mme-SCHMIDT--300x209.jpg 300w, https:\/\/sceaux-lagazette.fr\/wp-content\/uploads\/2022\/10\/L_afrique-CPB-Mme-SCHMIDT--768x536.jpg 768w, https:\/\/sceaux-lagazette.fr\/wp-content\/uploads\/2022\/10\/L_afrique-CPB-Mme-SCHMIDT-.jpg 1032w\" sizes=\"(max-width: 1024px) 100vw, 1024px\" \/><\/figure>\n\n\n\n<figure class=\"wp-block-image size-large\"><img decoding=\"async\" width=\"968\" height=\"720\" data-id=\"7673\" src=\"https:\/\/sceaux-lagazette.fr\/wp-content\/uploads\/2022\/10\/L_arbre-des-\u00e9motions-CP-CE2-Mme-MARTIN-.jpg\" alt=\"\" class=\"wp-image-7673\" srcset=\"https:\/\/sceaux-lagazette.fr\/wp-content\/uploads\/2022\/10\/L_arbre-des-\u00e9motions-CP-CE2-Mme-MARTIN-.jpg 968w, https:\/\/sceaux-lagazette.fr\/wp-content\/uploads\/2022\/10\/L_arbre-des-\u00e9motions-CP-CE2-Mme-MARTIN--300x223.jpg 300w, https:\/\/sceaux-lagazette.fr\/wp-content\/uploads\/2022\/10\/L_arbre-des-\u00e9motions-CP-CE2-Mme-MARTIN--768x571.jpg 768w\" sizes=\"(max-width: 968px) 100vw, 968px\" \/><\/figure>\n\n\n\n<figure class=\"wp-block-image size-large\"><img decoding=\"async\" width=\"1014\" height=\"720\" data-id=\"7674\" src=\"https:\/\/sceaux-lagazette.fr\/wp-content\/uploads\/2022\/10\/L_Australie-CM2A-Mme-KIRSTNER.jpg\" alt=\"\" class=\"wp-image-7674\" srcset=\"https:\/\/sceaux-lagazette.fr\/wp-content\/uploads\/2022\/10\/L_Australie-CM2A-Mme-KIRSTNER.jpg 1014w, https:\/\/sceaux-lagazette.fr\/wp-content\/uploads\/2022\/10\/L_Australie-CM2A-Mme-KIRSTNER-300x213.jpg 300w, https:\/\/sceaux-lagazette.fr\/wp-content\/uploads\/2022\/10\/L_Australie-CM2A-Mme-KIRSTNER-768x545.jpg 768w\" sizes=\"(max-width: 1014px) 100vw, 1014px\" \/><\/figure>\n\n\n\n<figure class=\"wp-block-image size-large\"><img decoding=\"async\" width=\"1016\" height=\"720\" data-id=\"7675\" src=\"https:\/\/sceaux-lagazette.fr\/wp-content\/uploads\/2022\/10\/la-coop\u00e9ration-CM2C-Mme-ROSSIGNOL.jpg\" alt=\"\" class=\"wp-image-7675\" srcset=\"https:\/\/sceaux-lagazette.fr\/wp-content\/uploads\/2022\/10\/la-coop\u00e9ration-CM2C-Mme-ROSSIGNOL.jpg 1016w, https:\/\/sceaux-lagazette.fr\/wp-content\/uploads\/2022\/10\/la-coop\u00e9ration-CM2C-Mme-ROSSIGNOL-300x213.jpg 300w, https:\/\/sceaux-lagazette.fr\/wp-content\/uploads\/2022\/10\/la-coop\u00e9ration-CM2C-Mme-ROSSIGNOL-768x544.jpg 768w\" sizes=\"(max-width: 1016px) 100vw, 1016px\" \/><\/figure>\n\n\n\n<figure class=\"wp-block-image size-large\"><img decoding=\"async\" width=\"1024\" height=\"713\" data-id=\"7676\" src=\"https:\/\/sceaux-lagazette.fr\/wp-content\/uploads\/2022\/10\/La-protection-de-l_environnement-CM2B-Mme-PAGNOUX-1024x713.jpg\" alt=\"\" class=\"wp-image-7676\" srcset=\"https:\/\/sceaux-lagazette.fr\/wp-content\/uploads\/2022\/10\/La-protection-de-l_environnement-CM2B-Mme-PAGNOUX-1024x713.jpg 1024w, https:\/\/sceaux-lagazette.fr\/wp-content\/uploads\/2022\/10\/La-protection-de-l_environnement-CM2B-Mme-PAGNOUX-300x209.jpg 300w, https:\/\/sceaux-lagazette.fr\/wp-content\/uploads\/2022\/10\/La-protection-de-l_environnement-CM2B-Mme-PAGNOUX-768x535.jpg 768w, https:\/\/sceaux-lagazette.fr\/wp-content\/uploads\/2022\/10\/La-protection-de-l_environnement-CM2B-Mme-PAGNOUX.jpg 1034w\" sizes=\"(max-width: 1024px) 100vw, 1024px\" \/><\/figure>\n\n\n\n<figure class=\"wp-block-image size-large\"><img decoding=\"async\" width=\"934\" height=\"720\" data-id=\"7677\" src=\"https:\/\/sceaux-lagazette.fr\/wp-content\/uploads\/2022\/10\/Le-Japon-CM1C-Mme-PIONNIER-.jpg\" alt=\"\" class=\"wp-image-7677\" srcset=\"https:\/\/sceaux-lagazette.fr\/wp-content\/uploads\/2022\/10\/Le-Japon-CM1C-Mme-PIONNIER-.jpg 934w, https:\/\/sceaux-lagazette.fr\/wp-content\/uploads\/2022\/10\/Le-Japon-CM1C-Mme-PIONNIER--300x231.jpg 300w, https:\/\/sceaux-lagazette.fr\/wp-content\/uploads\/2022\/10\/Le-Japon-CM1C-Mme-PIONNIER--768x592.jpg 768w\" sizes=\"(max-width: 934px) 100vw, 934px\" \/><\/figure>\n\n\n\n<figure class=\"wp-block-image size-large\"><img decoding=\"async\" width=\"980\" height=\"720\" data-id=\"7678\" src=\"https:\/\/sceaux-lagazette.fr\/wp-content\/uploads\/2022\/10\/Le-r\u00eave-CE1B-Mme-PEREZ-CLEMENTt-.jpg\" alt=\"\" class=\"wp-image-7678\" srcset=\"https:\/\/sceaux-lagazette.fr\/wp-content\/uploads\/2022\/10\/Le-r\u00eave-CE1B-Mme-PEREZ-CLEMENTt-.jpg 980w, https:\/\/sceaux-lagazette.fr\/wp-content\/uploads\/2022\/10\/Le-r\u00eave-CE1B-Mme-PEREZ-CLEMENTt--300x220.jpg 300w, https:\/\/sceaux-lagazette.fr\/wp-content\/uploads\/2022\/10\/Le-r\u00eave-CE1B-Mme-PEREZ-CLEMENTt--768x564.jpg 768w\" sizes=\"(max-width: 980px) 100vw, 980px\" \/><\/figure>\n\n\n\n<figure class=\"wp-block-image size-large\"><img decoding=\"async\" width=\"1012\" height=\"720\" data-id=\"7679\" src=\"https:\/\/sceaux-lagazette.fr\/wp-content\/uploads\/2022\/10\/Le-syst\u00e8me-solaire-CE2B-Mr-MARQUE.jpg\" alt=\"\" class=\"wp-image-7679\" srcset=\"https:\/\/sceaux-lagazette.fr\/wp-content\/uploads\/2022\/10\/Le-syst\u00e8me-solaire-CE2B-Mr-MARQUE.jpg 1012w, https:\/\/sceaux-lagazette.fr\/wp-content\/uploads\/2022\/10\/Le-syst\u00e8me-solaire-CE2B-Mr-MARQUE-300x213.jpg 300w, https:\/\/sceaux-lagazette.fr\/wp-content\/uploads\/2022\/10\/Le-syst\u00e8me-solaire-CE2B-Mr-MARQUE-768x546.jpg 768w\" sizes=\"(max-width: 1012px) 100vw, 1012px\" \/><\/figure>\n\n\n\n<figure class=\"wp-block-image size-large\"><img decoding=\"async\" width=\"1020\" height=\"720\" data-id=\"7680\" src=\"https:\/\/sceaux-lagazette.fr\/wp-content\/uploads\/2022\/10\/Les-animaux-d_Afrique-CPA-Mme-CHAGNON-.jpg\" alt=\"\" class=\"wp-image-7680\" srcset=\"https:\/\/sceaux-lagazette.fr\/wp-content\/uploads\/2022\/10\/Les-animaux-d_Afrique-CPA-Mme-CHAGNON-.jpg 1020w, https:\/\/sceaux-lagazette.fr\/wp-content\/uploads\/2022\/10\/Les-animaux-d_Afrique-CPA-Mme-CHAGNON--300x212.jpg 300w, https:\/\/sceaux-lagazette.fr\/wp-content\/uploads\/2022\/10\/Les-animaux-d_Afrique-CPA-Mme-CHAGNON--768x542.jpg 768w\" sizes=\"(max-width: 1020px) 100vw, 1020px\" \/><\/figure>\n\n\n\n<figure class=\"wp-block-image size-large\"><img decoding=\"async\" width=\"970\" height=\"720\" data-id=\"7681\" src=\"https:\/\/sceaux-lagazette.fr\/wp-content\/uploads\/2022\/10\/Les-Blagis-CE1C-Mme-RHARAFI-.jpg\" alt=\"\" class=\"wp-image-7681\" srcset=\"https:\/\/sceaux-lagazette.fr\/wp-content\/uploads\/2022\/10\/Les-Blagis-CE1C-Mme-RHARAFI-.jpg 970w, https:\/\/sceaux-lagazette.fr\/wp-content\/uploads\/2022\/10\/Les-Blagis-CE1C-Mme-RHARAFI--300x223.jpg 300w, https:\/\/sceaux-lagazette.fr\/wp-content\/uploads\/2022\/10\/Les-Blagis-CE1C-Mme-RHARAFI--768x570.jpg 768w\" sizes=\"(max-width: 970px) 100vw, 970px\" \/><\/figure>\n\n\n\n<figure class=\"wp-block-image size-large\"><img decoding=\"async\" width=\"994\" height=\"720\" data-id=\"7682\" src=\"https:\/\/sceaux-lagazette.fr\/wp-content\/uploads\/2022\/10\/Les-danses-du-monde-CE2A-Mme-LE-CORRE-.jpg\" alt=\"\" class=\"wp-image-7682\" srcset=\"https:\/\/sceaux-lagazette.fr\/wp-content\/uploads\/2022\/10\/Les-danses-du-monde-CE2A-Mme-LE-CORRE-.jpg 994w, https:\/\/sceaux-lagazette.fr\/wp-content\/uploads\/2022\/10\/Les-danses-du-monde-CE2A-Mme-LE-CORRE--300x217.jpg 300w, https:\/\/sceaux-lagazette.fr\/wp-content\/uploads\/2022\/10\/Les-danses-du-monde-CE2A-Mme-LE-CORRE--768x556.jpg 768w\" sizes=\"(max-width: 994px) 100vw, 994px\" \/><\/figure>\n\n\n\n<figure class=\"wp-block-image size-large\"><img decoding=\"async\" width=\"978\" height=\"720\" data-id=\"7683\" src=\"https:\/\/sceaux-lagazette.fr\/wp-content\/uploads\/2022\/10\/les-monuments-du-monde-CM1B-Mme-MARCHAND-.jpg\" alt=\"\" class=\"wp-image-7683\" srcset=\"https:\/\/sceaux-lagazette.fr\/wp-content\/uploads\/2022\/10\/les-monuments-du-monde-CM1B-Mme-MARCHAND-.jpg 978w, https:\/\/sceaux-lagazette.fr\/wp-content\/uploads\/2022\/10\/les-monuments-du-monde-CM1B-Mme-MARCHAND--300x221.jpg 300w, https:\/\/sceaux-lagazette.fr\/wp-content\/uploads\/2022\/10\/les-monuments-du-monde-CM1B-Mme-MARCHAND--768x565.jpg 768w\" sizes=\"(max-width: 978px) 100vw, 978px\" \/><\/figure>\n\n\n\n<figure class=\"wp-block-image size-large\"><img decoding=\"async\" width=\"1024\" height=\"720\" data-id=\"7684\" src=\"https:\/\/sceaux-lagazette.fr\/wp-content\/uploads\/2022\/10\/Les-quatres-saisons-CE1A-Mme-DAUBA.jpg\" alt=\"\" class=\"wp-image-7684\" srcset=\"https:\/\/sceaux-lagazette.fr\/wp-content\/uploads\/2022\/10\/Les-quatres-saisons-CE1A-Mme-DAUBA.jpg 1024w, https:\/\/sceaux-lagazette.fr\/wp-content\/uploads\/2022\/10\/Les-quatres-saisons-CE1A-Mme-DAUBA-300x211.jpg 300w, https:\/\/sceaux-lagazette.fr\/wp-content\/uploads\/2022\/10\/Les-quatres-saisons-CE1A-Mme-DAUBA-768x540.jpg 768w\" sizes=\"(max-width: 1024px) 100vw, 1024px\" \/><\/figure>\n\n\n\n<figure class=\"wp-block-image size-large\"><img decoding=\"async\" width=\"960\" height=\"720\" data-id=\"7686\" src=\"https:\/\/sceaux-lagazette.fr\/wp-content\/uploads\/2022\/10\/Maternelle-Blagis-Sceaux-Fresque-pr\u00e9au-pr\u00e9paration-du-fond-avec-les-enseignats.jpg\" alt=\"\" class=\"wp-image-7686\" srcset=\"https:\/\/sceaux-lagazette.fr\/wp-content\/uploads\/2022\/10\/Maternelle-Blagis-Sceaux-Fresque-pr\u00e9au-pr\u00e9paration-du-fond-avec-les-enseignats.jpg 960w, https:\/\/sceaux-lagazette.fr\/wp-content\/uploads\/2022\/10\/Maternelle-Blagis-Sceaux-Fresque-pr\u00e9au-pr\u00e9paration-du-fond-avec-les-enseignats-300x225.jpg 300w, https:\/\/sceaux-lagazette.fr\/wp-content\/uploads\/2022\/10\/Maternelle-Blagis-Sceaux-Fresque-pr\u00e9au-pr\u00e9paration-du-fond-avec-les-enseignats-768x576.jpg 768w\" sizes=\"(max-width: 960px) 100vw, 960px\" \/><\/figure>\n<\/figure>\n","protected":false},"excerpt":{"rendered":"<p>Article publi\u00e9 la premi\u00e8re fois le 14 octobre2022 et republi\u00e9 le 22 octobre 2025. Le 14 septembre dernier, les enseignants de l\u2019\u00e9cole de Blagis \u00e9taient rassembl\u00e9s \u00e0 la mairie de Sceaux autour de deux des fresques r\u00e9alis\u00e9es par les \u00e9l\u00e8ves, expos\u00e9es dans la salle pr\u00e9vue \u00e0 cet effet. La plaquette&#8230;<\/p>\n","protected":false},"author":11,"featured_media":7687,"comment_status":"open","ping_status":"open","sticky":false,"template":"","format":"standard","meta":{"om_disable_all_campaigns":false,"_monsterinsights_skip_tracking":false,"_monsterinsights_sitenote_active":false,"_monsterinsights_sitenote_note":"","_monsterinsights_sitenote_category":0,"_uf_show_specific_survey":0,"_uf_disable_surveys":false,"footnotes":""},"categories":[265,257,5,266],"tags":[],"class_list":["post-7654","post","type-post","status-publish","format-standard","has-post-thumbnail","hentry","category-bourg-la-reine","category-peinture","category-des-quartiers-de-sceaux","category-sceaux","entry","simple"],"yoast_head":"<!-- This site is optimized with the Yoast SEO plugin v25.6 - https:\/\/yoast.com\/wordpress\/plugins\/seo\/ -->\n<title>Une peintre \u00e0 l\u2019\u00e9cole primaire, ou l\u2018enfance de l\u2019art - La Gazette<\/title>\n<meta name=\"robots\" content=\"index, follow, max-snippet:-1, max-image-preview:large, max-video-preview:-1\" \/>\n<link rel=\"canonical\" href=\"https:\/\/sceaux-lagazette.fr\/index.php\/2025\/10\/22\/une-peintre-a-lecole-primaire-ou-lenfance-de-lart\/\" \/>\n<meta property=\"og:locale\" content=\"fr_FR\" \/>\n<meta property=\"og:type\" content=\"article\" \/>\n<meta property=\"og:title\" content=\"Une peintre \u00e0 l\u2019\u00e9cole primaire, ou l\u2018enfance de l\u2019art - La Gazette\" \/>\n<meta property=\"og:description\" content=\"Article publi\u00e9 la premi\u00e8re fois le 14 octobre2022 et republi\u00e9 le 22 octobre 2025. Le 14 septembre dernier, les enseignants de l\u2019\u00e9cole de Blagis \u00e9taient rassembl\u00e9s \u00e0 la mairie de Sceaux autour de deux des fresques r\u00e9alis\u00e9es par les \u00e9l\u00e8ves, expos\u00e9es dans la salle pr\u00e9vue \u00e0 cet effet. La plaquette&#8230;\" \/>\n<meta property=\"og:url\" content=\"https:\/\/sceaux-lagazette.fr\/index.php\/2025\/10\/22\/une-peintre-a-lecole-primaire-ou-lenfance-de-lart\/\" \/>\n<meta property=\"og:site_name\" content=\"La Gazette\" \/>\n<meta property=\"article:published_time\" content=\"2025-10-22T06:44:33+00:00\" \/>\n<meta property=\"article:modified_time\" content=\"2025-10-22T06:44:35+00:00\" \/>\n<meta property=\"og:image\" content=\"https:\/\/sceaux-lagazette.fr\/wp-content\/uploads\/2022\/10\/le-reve-fond-e1665692430522.jpg\" \/>\n\t<meta property=\"og:image:width\" content=\"970\" \/>\n\t<meta property=\"og:image:height\" content=\"497\" \/>\n\t<meta property=\"og:image:type\" content=\"image\/jpeg\" \/>\n<meta name=\"author\" content=\"G\u00e9rard Bardier\" \/>\n<meta name=\"twitter:card\" content=\"summary_large_image\" \/>\n<meta name=\"twitter:label1\" content=\"\u00c9crit par\" \/>\n\t<meta name=\"twitter:data1\" content=\"G\u00e9rard Bardier\" \/>\n\t<meta name=\"twitter:label2\" content=\"Dur\u00e9e de lecture estim\u00e9e\" \/>\n\t<meta name=\"twitter:data2\" content=\"9 minutes\" \/>\n<script type=\"application\/ld+json\" class=\"yoast-schema-graph\">{\"@context\":\"https:\/\/schema.org\",\"@graph\":[{\"@type\":\"Article\",\"@id\":\"https:\/\/sceaux-lagazette.fr\/index.php\/2025\/10\/22\/une-peintre-a-lecole-primaire-ou-lenfance-de-lart\/#article\",\"isPartOf\":{\"@id\":\"https:\/\/sceaux-lagazette.fr\/index.php\/2025\/10\/22\/une-peintre-a-lecole-primaire-ou-lenfance-de-lart\/\"},\"author\":{\"name\":\"G\u00e9rard Bardier\",\"@id\":\"https:\/\/sceaux-lagazette.fr\/#\/schema\/person\/5650e206a121f68c6f5e76379bccfbc4\"},\"headline\":\"Une peintre \u00e0 l\u2019\u00e9cole primaire, ou l\u2018enfance de l\u2019art\",\"datePublished\":\"2025-10-22T06:44:33+00:00\",\"dateModified\":\"2025-10-22T06:44:35+00:00\",\"mainEntityOfPage\":{\"@id\":\"https:\/\/sceaux-lagazette.fr\/index.php\/2025\/10\/22\/une-peintre-a-lecole-primaire-ou-lenfance-de-lart\/\"},\"wordCount\":1090,\"commentCount\":3,\"publisher\":{\"@id\":\"https:\/\/sceaux-lagazette.fr\/#organization\"},\"image\":{\"@id\":\"https:\/\/sceaux-lagazette.fr\/index.php\/2025\/10\/22\/une-peintre-a-lecole-primaire-ou-lenfance-de-lart\/#primaryimage\"},\"thumbnailUrl\":\"https:\/\/sceaux-lagazette.fr\/wp-content\/uploads\/2022\/10\/le-reve-fond-e1665692430522.jpg\",\"articleSection\":[\"Bourg-la-Reine\",\"peinture\",\"Quartiers\",\"Sceaux\"],\"inLanguage\":\"fr-FR\",\"potentialAction\":[{\"@type\":\"CommentAction\",\"name\":\"Comment\",\"target\":[\"https:\/\/sceaux-lagazette.fr\/index.php\/2025\/10\/22\/une-peintre-a-lecole-primaire-ou-lenfance-de-lart\/#respond\"]}]},{\"@type\":\"WebPage\",\"@id\":\"https:\/\/sceaux-lagazette.fr\/index.php\/2025\/10\/22\/une-peintre-a-lecole-primaire-ou-lenfance-de-lart\/\",\"url\":\"https:\/\/sceaux-lagazette.fr\/index.php\/2025\/10\/22\/une-peintre-a-lecole-primaire-ou-lenfance-de-lart\/\",\"name\":\"Une peintre \u00e0 l\u2019\u00e9cole primaire, ou l\u2018enfance de l\u2019art - La Gazette\",\"isPartOf\":{\"@id\":\"https:\/\/sceaux-lagazette.fr\/#website\"},\"primaryImageOfPage\":{\"@id\":\"https:\/\/sceaux-lagazette.fr\/index.php\/2025\/10\/22\/une-peintre-a-lecole-primaire-ou-lenfance-de-lart\/#primaryimage\"},\"image\":{\"@id\":\"https:\/\/sceaux-lagazette.fr\/index.php\/2025\/10\/22\/une-peintre-a-lecole-primaire-ou-lenfance-de-lart\/#primaryimage\"},\"thumbnailUrl\":\"https:\/\/sceaux-lagazette.fr\/wp-content\/uploads\/2022\/10\/le-reve-fond-e1665692430522.jpg\",\"datePublished\":\"2025-10-22T06:44:33+00:00\",\"dateModified\":\"2025-10-22T06:44:35+00:00\",\"breadcrumb\":{\"@id\":\"https:\/\/sceaux-lagazette.fr\/index.php\/2025\/10\/22\/une-peintre-a-lecole-primaire-ou-lenfance-de-lart\/#breadcrumb\"},\"inLanguage\":\"fr-FR\",\"potentialAction\":[{\"@type\":\"ReadAction\",\"target\":[\"https:\/\/sceaux-lagazette.fr\/index.php\/2025\/10\/22\/une-peintre-a-lecole-primaire-ou-lenfance-de-lart\/\"]}]},{\"@type\":\"ImageObject\",\"inLanguage\":\"fr-FR\",\"@id\":\"https:\/\/sceaux-lagazette.fr\/index.php\/2025\/10\/22\/une-peintre-a-lecole-primaire-ou-lenfance-de-lart\/#primaryimage\",\"url\":\"https:\/\/sceaux-lagazette.fr\/wp-content\/uploads\/2022\/10\/le-reve-fond-e1665692430522.jpg\",\"contentUrl\":\"https:\/\/sceaux-lagazette.fr\/wp-content\/uploads\/2022\/10\/le-reve-fond-e1665692430522.jpg\",\"width\":970,\"height\":497},{\"@type\":\"BreadcrumbList\",\"@id\":\"https:\/\/sceaux-lagazette.fr\/index.php\/2025\/10\/22\/une-peintre-a-lecole-primaire-ou-lenfance-de-lart\/#breadcrumb\",\"itemListElement\":[{\"@type\":\"ListItem\",\"position\":1,\"name\":\"Accueil\",\"item\":\"https:\/\/sceaux-lagazette.fr\/\"},{\"@type\":\"ListItem\",\"position\":2,\"name\":\"Une peintre \u00e0 l\u2019\u00e9cole primaire, ou l\u2018enfance de l\u2019art\"}]},{\"@type\":\"WebSite\",\"@id\":\"https:\/\/sceaux-lagazette.fr\/#website\",\"url\":\"https:\/\/sceaux-lagazette.fr\/\",\"name\":\"La Gazette\",\"description\":\"Bourg-la-Reine, Ch\u00e2tenay, Fontenay, Sceaux\",\"publisher\":{\"@id\":\"https:\/\/sceaux-lagazette.fr\/#organization\"},\"potentialAction\":[{\"@type\":\"SearchAction\",\"target\":{\"@type\":\"EntryPoint\",\"urlTemplate\":\"https:\/\/sceaux-lagazette.fr\/?s={search_term_string}\"},\"query-input\":{\"@type\":\"PropertyValueSpecification\",\"valueRequired\":true,\"valueName\":\"search_term_string\"}}],\"inLanguage\":\"fr-FR\"},{\"@type\":\"Organization\",\"@id\":\"https:\/\/sceaux-lagazette.fr\/#organization\",\"name\":\"La Gazette\",\"url\":\"https:\/\/sceaux-lagazette.fr\/\",\"logo\":{\"@type\":\"ImageObject\",\"inLanguage\":\"fr-FR\",\"@id\":\"https:\/\/sceaux-lagazette.fr\/#\/schema\/logo\/image\/\",\"url\":\"https:\/\/sceaux-lagazette.fr\/wp-content\/uploads\/2025\/08\/Logo-Gazette-Aout-2025-V3.jpg\",\"contentUrl\":\"https:\/\/sceaux-lagazette.fr\/wp-content\/uploads\/2025\/08\/Logo-Gazette-Aout-2025-V3.jpg\",\"width\":525,\"height\":130,\"caption\":\"La Gazette\"},\"image\":{\"@id\":\"https:\/\/sceaux-lagazette.fr\/#\/schema\/logo\/image\/\"}},{\"@type\":\"Person\",\"@id\":\"https:\/\/sceaux-lagazette.fr\/#\/schema\/person\/5650e206a121f68c6f5e76379bccfbc4\",\"name\":\"G\u00e9rard Bardier\",\"image\":{\"@type\":\"ImageObject\",\"inLanguage\":\"fr-FR\",\"@id\":\"https:\/\/sceaux-lagazette.fr\/#\/schema\/person\/image\/\",\"url\":\"https:\/\/secure.gravatar.com\/avatar\/5cf4391ef9dbc0367750202561279a29?s=96&r=g\",\"contentUrl\":\"https:\/\/secure.gravatar.com\/avatar\/5cf4391ef9dbc0367750202561279a29?s=96&r=g\",\"caption\":\"G\u00e9rard Bardier\"},\"url\":\"https:\/\/sceaux-lagazette.fr\/index.php\/author\/gb\/\"}]}<\/script>\n<!-- \/ Yoast SEO plugin. -->","yoast_head_json":{"title":"Une peintre \u00e0 l\u2019\u00e9cole primaire, ou l\u2018enfance de l\u2019art - La Gazette","robots":{"index":"index","follow":"follow","max-snippet":"max-snippet:-1","max-image-preview":"max-image-preview:large","max-video-preview":"max-video-preview:-1"},"canonical":"https:\/\/sceaux-lagazette.fr\/index.php\/2025\/10\/22\/une-peintre-a-lecole-primaire-ou-lenfance-de-lart\/","og_locale":"fr_FR","og_type":"article","og_title":"Une peintre \u00e0 l\u2019\u00e9cole primaire, ou l\u2018enfance de l\u2019art - La Gazette","og_description":"Article publi\u00e9 la premi\u00e8re fois le 14 octobre2022 et republi\u00e9 le 22 octobre 2025. Le 14 septembre dernier, les enseignants de l\u2019\u00e9cole de Blagis \u00e9taient rassembl\u00e9s \u00e0 la mairie de Sceaux autour de deux des fresques r\u00e9alis\u00e9es par les \u00e9l\u00e8ves, expos\u00e9es dans la salle pr\u00e9vue \u00e0 cet effet. La plaquette&#8230;","og_url":"https:\/\/sceaux-lagazette.fr\/index.php\/2025\/10\/22\/une-peintre-a-lecole-primaire-ou-lenfance-de-lart\/","og_site_name":"La Gazette","article_published_time":"2025-10-22T06:44:33+00:00","article_modified_time":"2025-10-22T06:44:35+00:00","og_image":[{"width":970,"height":497,"url":"https:\/\/sceaux-lagazette.fr\/wp-content\/uploads\/2022\/10\/le-reve-fond-e1665692430522.jpg","type":"image\/jpeg"}],"author":"G\u00e9rard Bardier","twitter_card":"summary_large_image","twitter_misc":{"\u00c9crit par":"G\u00e9rard Bardier","Dur\u00e9e de lecture estim\u00e9e":"9 minutes"},"schema":{"@context":"https:\/\/schema.org","@graph":[{"@type":"Article","@id":"https:\/\/sceaux-lagazette.fr\/index.php\/2025\/10\/22\/une-peintre-a-lecole-primaire-ou-lenfance-de-lart\/#article","isPartOf":{"@id":"https:\/\/sceaux-lagazette.fr\/index.php\/2025\/10\/22\/une-peintre-a-lecole-primaire-ou-lenfance-de-lart\/"},"author":{"name":"G\u00e9rard Bardier","@id":"https:\/\/sceaux-lagazette.fr\/#\/schema\/person\/5650e206a121f68c6f5e76379bccfbc4"},"headline":"Une peintre \u00e0 l\u2019\u00e9cole primaire, ou l\u2018enfance de l\u2019art","datePublished":"2025-10-22T06:44:33+00:00","dateModified":"2025-10-22T06:44:35+00:00","mainEntityOfPage":{"@id":"https:\/\/sceaux-lagazette.fr\/index.php\/2025\/10\/22\/une-peintre-a-lecole-primaire-ou-lenfance-de-lart\/"},"wordCount":1090,"commentCount":3,"publisher":{"@id":"https:\/\/sceaux-lagazette.fr\/#organization"},"image":{"@id":"https:\/\/sceaux-lagazette.fr\/index.php\/2025\/10\/22\/une-peintre-a-lecole-primaire-ou-lenfance-de-lart\/#primaryimage"},"thumbnailUrl":"https:\/\/sceaux-lagazette.fr\/wp-content\/uploads\/2022\/10\/le-reve-fond-e1665692430522.jpg","articleSection":["Bourg-la-Reine","peinture","Quartiers","Sceaux"],"inLanguage":"fr-FR","potentialAction":[{"@type":"CommentAction","name":"Comment","target":["https:\/\/sceaux-lagazette.fr\/index.php\/2025\/10\/22\/une-peintre-a-lecole-primaire-ou-lenfance-de-lart\/#respond"]}]},{"@type":"WebPage","@id":"https:\/\/sceaux-lagazette.fr\/index.php\/2025\/10\/22\/une-peintre-a-lecole-primaire-ou-lenfance-de-lart\/","url":"https:\/\/sceaux-lagazette.fr\/index.php\/2025\/10\/22\/une-peintre-a-lecole-primaire-ou-lenfance-de-lart\/","name":"Une peintre \u00e0 l\u2019\u00e9cole primaire, ou l\u2018enfance de l\u2019art - La Gazette","isPartOf":{"@id":"https:\/\/sceaux-lagazette.fr\/#website"},"primaryImageOfPage":{"@id":"https:\/\/sceaux-lagazette.fr\/index.php\/2025\/10\/22\/une-peintre-a-lecole-primaire-ou-lenfance-de-lart\/#primaryimage"},"image":{"@id":"https:\/\/sceaux-lagazette.fr\/index.php\/2025\/10\/22\/une-peintre-a-lecole-primaire-ou-lenfance-de-lart\/#primaryimage"},"thumbnailUrl":"https:\/\/sceaux-lagazette.fr\/wp-content\/uploads\/2022\/10\/le-reve-fond-e1665692430522.jpg","datePublished":"2025-10-22T06:44:33+00:00","dateModified":"2025-10-22T06:44:35+00:00","breadcrumb":{"@id":"https:\/\/sceaux-lagazette.fr\/index.php\/2025\/10\/22\/une-peintre-a-lecole-primaire-ou-lenfance-de-lart\/#breadcrumb"},"inLanguage":"fr-FR","potentialAction":[{"@type":"ReadAction","target":["https:\/\/sceaux-lagazette.fr\/index.php\/2025\/10\/22\/une-peintre-a-lecole-primaire-ou-lenfance-de-lart\/"]}]},{"@type":"ImageObject","inLanguage":"fr-FR","@id":"https:\/\/sceaux-lagazette.fr\/index.php\/2025\/10\/22\/une-peintre-a-lecole-primaire-ou-lenfance-de-lart\/#primaryimage","url":"https:\/\/sceaux-lagazette.fr\/wp-content\/uploads\/2022\/10\/le-reve-fond-e1665692430522.jpg","contentUrl":"https:\/\/sceaux-lagazette.fr\/wp-content\/uploads\/2022\/10\/le-reve-fond-e1665692430522.jpg","width":970,"height":497},{"@type":"BreadcrumbList","@id":"https:\/\/sceaux-lagazette.fr\/index.php\/2025\/10\/22\/une-peintre-a-lecole-primaire-ou-lenfance-de-lart\/#breadcrumb","itemListElement":[{"@type":"ListItem","position":1,"name":"Accueil","item":"https:\/\/sceaux-lagazette.fr\/"},{"@type":"ListItem","position":2,"name":"Une peintre \u00e0 l\u2019\u00e9cole primaire, ou l\u2018enfance de l\u2019art"}]},{"@type":"WebSite","@id":"https:\/\/sceaux-lagazette.fr\/#website","url":"https:\/\/sceaux-lagazette.fr\/","name":"La Gazette","description":"Bourg-la-Reine, Ch\u00e2tenay, Fontenay, Sceaux","publisher":{"@id":"https:\/\/sceaux-lagazette.fr\/#organization"},"potentialAction":[{"@type":"SearchAction","target":{"@type":"EntryPoint","urlTemplate":"https:\/\/sceaux-lagazette.fr\/?s={search_term_string}"},"query-input":{"@type":"PropertyValueSpecification","valueRequired":true,"valueName":"search_term_string"}}],"inLanguage":"fr-FR"},{"@type":"Organization","@id":"https:\/\/sceaux-lagazette.fr\/#organization","name":"La Gazette","url":"https:\/\/sceaux-lagazette.fr\/","logo":{"@type":"ImageObject","inLanguage":"fr-FR","@id":"https:\/\/sceaux-lagazette.fr\/#\/schema\/logo\/image\/","url":"https:\/\/sceaux-lagazette.fr\/wp-content\/uploads\/2025\/08\/Logo-Gazette-Aout-2025-V3.jpg","contentUrl":"https:\/\/sceaux-lagazette.fr\/wp-content\/uploads\/2025\/08\/Logo-Gazette-Aout-2025-V3.jpg","width":525,"height":130,"caption":"La Gazette"},"image":{"@id":"https:\/\/sceaux-lagazette.fr\/#\/schema\/logo\/image\/"}},{"@type":"Person","@id":"https:\/\/sceaux-lagazette.fr\/#\/schema\/person\/5650e206a121f68c6f5e76379bccfbc4","name":"G\u00e9rard Bardier","image":{"@type":"ImageObject","inLanguage":"fr-FR","@id":"https:\/\/sceaux-lagazette.fr\/#\/schema\/person\/image\/","url":"https:\/\/secure.gravatar.com\/avatar\/5cf4391ef9dbc0367750202561279a29?s=96&r=g","contentUrl":"https:\/\/secure.gravatar.com\/avatar\/5cf4391ef9dbc0367750202561279a29?s=96&r=g","caption":"G\u00e9rard Bardier"},"url":"https:\/\/sceaux-lagazette.fr\/index.php\/author\/gb\/"}]}},"cc_featured_image_caption":{"caption_text":"","source_text":"","source_url":""},"_links":{"self":[{"href":"https:\/\/sceaux-lagazette.fr\/index.php\/wp-json\/wp\/v2\/posts\/7654"}],"collection":[{"href":"https:\/\/sceaux-lagazette.fr\/index.php\/wp-json\/wp\/v2\/posts"}],"about":[{"href":"https:\/\/sceaux-lagazette.fr\/index.php\/wp-json\/wp\/v2\/types\/post"}],"author":[{"embeddable":true,"href":"https:\/\/sceaux-lagazette.fr\/index.php\/wp-json\/wp\/v2\/users\/11"}],"replies":[{"embeddable":true,"href":"https:\/\/sceaux-lagazette.fr\/index.php\/wp-json\/wp\/v2\/comments?post=7654"}],"version-history":[{"count":4,"href":"https:\/\/sceaux-lagazette.fr\/index.php\/wp-json\/wp\/v2\/posts\/7654\/revisions"}],"predecessor-version":[{"id":44560,"href":"https:\/\/sceaux-lagazette.fr\/index.php\/wp-json\/wp\/v2\/posts\/7654\/revisions\/44560"}],"wp:featuredmedia":[{"embeddable":true,"href":"https:\/\/sceaux-lagazette.fr\/index.php\/wp-json\/wp\/v2\/media\/7687"}],"wp:attachment":[{"href":"https:\/\/sceaux-lagazette.fr\/index.php\/wp-json\/wp\/v2\/media?parent=7654"}],"wp:term":[{"taxonomy":"category","embeddable":true,"href":"https:\/\/sceaux-lagazette.fr\/index.php\/wp-json\/wp\/v2\/categories?post=7654"},{"taxonomy":"post_tag","embeddable":true,"href":"https:\/\/sceaux-lagazette.fr\/index.php\/wp-json\/wp\/v2\/tags?post=7654"}],"curies":[{"name":"wp","href":"https:\/\/api.w.org\/{rel}","templated":true}]}}