{"id":7528,"date":"2025-10-20T08:06:39","date_gmt":"2025-10-20T06:06:39","guid":{"rendered":"https:\/\/sceaux-lagazette.fr\/?p=7528"},"modified":"2025-10-20T08:06:42","modified_gmt":"2025-10-20T06:06:42","slug":"lire-et-faire-lire-a-chatenay-malabry-ou-ailleurs","status":"publish","type":"post","link":"https:\/\/sceaux-lagazette.fr\/index.php\/2025\/10\/20\/lire-et-faire-lire-a-chatenay-malabry-ou-ailleurs\/","title":{"rendered":"Lire et faire lire \u00e0 Ch\u00e2tenay-Malabry&#8230;ou ailleurs!"},"content":{"rendered":"<div class=\"wp-block-image\">\n<figure class=\"alignright size-medium\"><img decoding=\"async\" width=\"300\" height=\"167\" src=\"https:\/\/sceaux-lagazette.fr\/wp-content\/uploads\/2022\/10\/Charte-biblioth\u00e8ques-300x167.jpg\" alt=\"\" class=\"wp-image-7562\" srcset=\"https:\/\/sceaux-lagazette.fr\/wp-content\/uploads\/2022\/10\/Charte-biblioth\u00e8ques-300x167.jpg 300w, https:\/\/sceaux-lagazette.fr\/wp-content\/uploads\/2022\/10\/Charte-biblioth\u00e8ques.jpg 647w\" sizes=\"(max-width: 300px) 100vw, 300px\" \/><\/figure><\/div>\n\n\n<p>Article publi\u00e9 la premi\u00e8re fois le 3 octobre 2022 et republi\u00e9 le 20 octobre 2025.<\/p>\n\n\n\n<p>L\u2019association nationale \u00ab\u00a0Lire et faire lire\u00a0\u00bb propose \u00e0 des b\u00e9n\u00e9voles d\u2019intervenir dans les \u00e9coles maternelles et \u00e9l\u00e9mentaires. L\u2019initiative vaut d\u2019\u00eatre rapport\u00e9e, d\u2019autant qu\u2019elle cherche des candidats. Avis aux amateurs. Son principe est assez simple\u00a0: le b\u00e9n\u00e9vole intervient une fois par semaine, en coordination \u00e9troite avec l\u2019enseignant. Il lit le livre qu\u2019il a choisi \u00e0 des groupes de 6 ou 7 enfants, pendant que l\u2019enseignant s\u2019occupe du reste de la classe. Puis il renouvelle l\u2019op\u00e9ration avec un autre groupe\u00a0: en 4 fois, il peut ainsi avoir lu \u00e0 toute la classe. Chaque lecture dure environ un quart d\u2019heure, qui comprend une discussion avec les enfants.<\/p>\n\n\n\n<p>L\u2019association, soutenue par de nombreux \u00e9crivains, est pr\u00e9sente partout en France. Dans les Hauts-de-Seine, on compte un millier de b\u00e9n\u00e9voles. A Ch\u00e2tenay-Malabry, ils \u00e9taient 43 l\u2019an dernier. Martine Bellet en est la responsable (\u00ab\u00a0relais\u00a0\u00bb) depuis 7 ans. Elle a adh\u00e9r\u00e9 comme b\u00e9n\u00e9vole il y a 9 ans, au moment de son d\u00e9part en retraite. <\/p>\n\n\n\n<p>Dans les Hauts de Seine, comme dans quelques autres d\u00e9partements en France, le r\u00e9seau est constitu\u00e9 en association. Cette ann\u00e9e Martine Bellet a accept\u00e9 d\u2019en \u00eatre tr\u00e9sori\u00e8re.&nbsp;<\/p>\n\n\n\n<p>Elle continue \u00e0 intervenir comme b\u00e9n\u00e9vole dans trois classes, mais sa mission en tant que relais est de trouver de nouveaux b\u00e9n\u00e9voles (les anciens finissent toujours par partir un jour ou l\u2019autre&nbsp;!), de faire le lien avec les directions d\u2019\u00e9coles, d\u2019organiser tout cela, de g\u00e9rer les probl\u00e8mes \u00e9ventuels, de soutenir les b\u00e9n\u00e9voles quand ils en ont besoin.<\/p>\n\n\n\n<p>En pratique, une fois le contact \u00e9tabli, l\u2019enseignant s\u2019organise directement avec le ou la b\u00e9n\u00e9vole. Et les choses se passent tr\u00e8s bien.<\/p>\n\n\n\n<p>L\u2019association compte aujourd\u2019hui plus de quarante b\u00e9n\u00e9voles \u00e0 Ch\u00e2tenay-Malabry, une trentaine au Plessis-Robinson, une quinzaine \u00e0 Sceaux et Bagneux, une vingtaine \u00e0 Fontenay-aux-Roses(responsable Danielle Blondeau comme \u00e0 Sceaux), une dizaine \u00e0 Bourg-la-Reine et 90 \u00e0 Antony. Mais il y a encore des besoins\u00a0: encore une fois, que ceux que cela int\u00e9resse se le disent\u00a0! En th\u00e9orie, l\u2019association recherche des b\u00e9n\u00e9voles de plus de 50 ans. \u00a0L\u2019id\u00e9e est aussi de favoriser le lien interg\u00e9n\u00e9rationnel. Un des imp\u00e9ratifs est la r\u00e9gularit\u00e9 de l\u2019action, l\u2019enseignant doit pouvoir compter sur le b\u00e9n\u00e9vole.<\/p>\n\n\n\n<p>En pratique, il y a 90 % de femmes parmi les b\u00e9n\u00e9voles. Les quelques hommes font cela tr\u00e8s bien, on est plus dans les a priori qu\u2019autre chose. Tous les m\u00e9tiers sont repr\u00e9sent\u00e9s, du chauffeur de bus \u00e0 l\u2019ancien comptable en passant par le dentiste et le commer\u00e7ant&nbsp;: il n\u2019y a pas de profil type, il suffit d\u2019aimer les livres et les enfants&nbsp;!<\/p>\n\n\n\n<p>Des rencontres sont organis\u00e9es au niveau du d\u00e9partement et des villes pour partager les exp\u00e9riences et apporter des conseils&nbsp;: les b\u00e9n\u00e9voles ne sont pas abandonn\u00e9s \u00e0 leur sort.<\/p>\n\n\n<div class=\"wp-block-image is-resized\">\n<figure class=\"alignright size-medium\"><img decoding=\"async\" width=\"300\" height=\"294\" src=\"https:\/\/sceaux-lagazette.fr\/wp-content\/uploads\/2022\/10\/Albums-300x294.jpg\" alt=\"\" class=\"wp-image-7563\" srcset=\"https:\/\/sceaux-lagazette.fr\/wp-content\/uploads\/2022\/10\/Albums-300x294.jpg 300w, https:\/\/sceaux-lagazette.fr\/wp-content\/uploads\/2022\/10\/Albums.jpg 380w\" sizes=\"(max-width: 300px) 100vw, 300px\" \/><\/figure><\/div>\n\n\n<p>Martine Bellet raconte quelques anecdotes. Un gar\u00e7on qui ne parle jamais, a extraordinairement r\u00e9agi quand le livre de la semaine a parl\u00e9 des pompiers. \u00ab&nbsp;Comment savais-tu que je veux \u00eatre pompier, s\u2019est-il exclam\u00e9 tout heureux&nbsp;?&nbsp;\u00bb. Pour expliquer que l\u2019organisation est flexible, elle \u00e9voque une b\u00e9n\u00e9vole avec qui cela se passait mal en maternelle, mais qui a trouv\u00e9 sa place en primaire. Tout est possible \u00e0 ceux qui veulent transmettre aux petits l\u2019amour des textes et l\u2019imaginaire de belles histoires.<\/p>\n\n\n\n<p>Pour ceux qui veulent contacter Martine Bellet : <a href=\"mailto:martine.bellet@wanadoo.fr\">martine.bellet@wanadoo.fr<\/a><\/p>\n","protected":false},"excerpt":{"rendered":"<p>Article publi\u00e9 la premi\u00e8re fois le 3 octobre 2022 et republi\u00e9 le 20 octobre 2025. L\u2019association nationale \u00ab\u00a0Lire et faire lire\u00a0\u00bb propose \u00e0 des b\u00e9n\u00e9voles d\u2019intervenir dans les \u00e9coles maternelles et \u00e9l\u00e9mentaires. L\u2019initiative vaut d\u2019\u00eatre rapport\u00e9e, d\u2019autant qu\u2019elle cherche des candidats. Avis aux amateurs. Son principe est assez simple\u00a0: le&#8230;<\/p>\n","protected":false},"author":11,"featured_media":7564,"comment_status":"open","ping_status":"open","sticky":false,"template":"","format":"standard","meta":{"om_disable_all_campaigns":false,"_monsterinsights_skip_tracking":false,"_monsterinsights_sitenote_active":false,"_monsterinsights_sitenote_note":"","_monsterinsights_sitenote_category":0,"_uf_show_specific_survey":0,"_uf_disable_surveys":false,"footnotes":""},"categories":[263,5,4],"tags":[],"class_list":["post-7528","post","type-post","status-publish","format-standard","has-post-thumbnail","hentry","category-chatenay-malabry","category-des-quartiers-de-sceaux","category-utiles","entry","simple"],"yoast_head":"<!-- This site is optimized with the Yoast SEO plugin v25.6 - https:\/\/yoast.com\/wordpress\/plugins\/seo\/ -->\n<title>Lire et faire lire \u00e0 Ch\u00e2tenay-Malabry...ou ailleurs! - La Gazette<\/title>\n<meta name=\"robots\" content=\"index, follow, max-snippet:-1, max-image-preview:large, max-video-preview:-1\" \/>\n<link rel=\"canonical\" href=\"https:\/\/sceaux-lagazette.fr\/index.php\/2025\/10\/20\/lire-et-faire-lire-a-chatenay-malabry-ou-ailleurs\/\" \/>\n<meta property=\"og:locale\" content=\"fr_FR\" \/>\n<meta property=\"og:type\" content=\"article\" \/>\n<meta property=\"og:title\" content=\"Lire et faire lire \u00e0 Ch\u00e2tenay-Malabry...ou ailleurs! - La Gazette\" \/>\n<meta property=\"og:description\" content=\"Article publi\u00e9 la premi\u00e8re fois le 3 octobre 2022 et republi\u00e9 le 20 octobre 2025. L\u2019association nationale \u00ab\u00a0Lire et faire lire\u00a0\u00bb propose \u00e0 des b\u00e9n\u00e9voles d\u2019intervenir dans les \u00e9coles maternelles et \u00e9l\u00e9mentaires. L\u2019initiative vaut d\u2019\u00eatre rapport\u00e9e, d\u2019autant qu\u2019elle cherche des candidats. Avis aux amateurs. Son principe est assez simple\u00a0: le&#8230;\" \/>\n<meta property=\"og:url\" content=\"https:\/\/sceaux-lagazette.fr\/index.php\/2025\/10\/20\/lire-et-faire-lire-a-chatenay-malabry-ou-ailleurs\/\" \/>\n<meta property=\"og:site_name\" content=\"La Gazette\" \/>\n<meta property=\"article:published_time\" content=\"2025-10-20T06:06:39+00:00\" \/>\n<meta property=\"article:modified_time\" content=\"2025-10-20T06:06:42+00:00\" \/>\n<meta property=\"og:image\" content=\"https:\/\/sceaux-lagazette.fr\/wp-content\/uploads\/2022\/09\/Remobilisation.jpg\" \/>\n\t<meta property=\"og:image:width\" content=\"1869\" \/>\n\t<meta property=\"og:image:height\" content=\"850\" \/>\n\t<meta property=\"og:image:type\" content=\"image\/jpeg\" \/>\n<meta name=\"author\" content=\"G\u00e9rard Bardier\" \/>\n<meta name=\"twitter:card\" content=\"summary_large_image\" \/>\n<meta name=\"twitter:label1\" content=\"\u00c9crit par\" \/>\n\t<meta name=\"twitter:data1\" content=\"G\u00e9rard Bardier\" \/>\n\t<meta name=\"twitter:label2\" content=\"Dur\u00e9e de lecture estim\u00e9e\" \/>\n\t<meta name=\"twitter:data2\" content=\"4 minutes\" \/>\n<script type=\"application\/ld+json\" class=\"yoast-schema-graph\">{\"@context\":\"https:\/\/schema.org\",\"@graph\":[{\"@type\":\"Article\",\"@id\":\"https:\/\/sceaux-lagazette.fr\/index.php\/2025\/10\/20\/lire-et-faire-lire-a-chatenay-malabry-ou-ailleurs\/#article\",\"isPartOf\":{\"@id\":\"https:\/\/sceaux-lagazette.fr\/index.php\/2025\/10\/20\/lire-et-faire-lire-a-chatenay-malabry-ou-ailleurs\/\"},\"author\":{\"name\":\"G\u00e9rard Bardier\",\"@id\":\"https:\/\/sceaux-lagazette.fr\/#\/schema\/person\/5650e206a121f68c6f5e76379bccfbc4\"},\"headline\":\"Lire et faire lire \u00e0 Ch\u00e2tenay-Malabry&#8230;ou ailleurs!\",\"datePublished\":\"2025-10-20T06:06:39+00:00\",\"dateModified\":\"2025-10-20T06:06:42+00:00\",\"mainEntityOfPage\":{\"@id\":\"https:\/\/sceaux-lagazette.fr\/index.php\/2025\/10\/20\/lire-et-faire-lire-a-chatenay-malabry-ou-ailleurs\/\"},\"wordCount\":635,\"commentCount\":0,\"publisher\":{\"@id\":\"https:\/\/sceaux-lagazette.fr\/#organization\"},\"image\":{\"@id\":\"https:\/\/sceaux-lagazette.fr\/index.php\/2025\/10\/20\/lire-et-faire-lire-a-chatenay-malabry-ou-ailleurs\/#primaryimage\"},\"thumbnailUrl\":\"https:\/\/sceaux-lagazette.fr\/wp-content\/uploads\/2022\/09\/Remobilisation.jpg\",\"articleSection\":[\"Ch\u00e2tenay-Malabry\",\"Quartiers\",\"Utiles\"],\"inLanguage\":\"fr-FR\",\"potentialAction\":[{\"@type\":\"CommentAction\",\"name\":\"Comment\",\"target\":[\"https:\/\/sceaux-lagazette.fr\/index.php\/2025\/10\/20\/lire-et-faire-lire-a-chatenay-malabry-ou-ailleurs\/#respond\"]}]},{\"@type\":\"WebPage\",\"@id\":\"https:\/\/sceaux-lagazette.fr\/index.php\/2025\/10\/20\/lire-et-faire-lire-a-chatenay-malabry-ou-ailleurs\/\",\"url\":\"https:\/\/sceaux-lagazette.fr\/index.php\/2025\/10\/20\/lire-et-faire-lire-a-chatenay-malabry-ou-ailleurs\/\",\"name\":\"Lire et faire lire \u00e0 Ch\u00e2tenay-Malabry...ou ailleurs! - La Gazette\",\"isPartOf\":{\"@id\":\"https:\/\/sceaux-lagazette.fr\/#website\"},\"primaryImageOfPage\":{\"@id\":\"https:\/\/sceaux-lagazette.fr\/index.php\/2025\/10\/20\/lire-et-faire-lire-a-chatenay-malabry-ou-ailleurs\/#primaryimage\"},\"image\":{\"@id\":\"https:\/\/sceaux-lagazette.fr\/index.php\/2025\/10\/20\/lire-et-faire-lire-a-chatenay-malabry-ou-ailleurs\/#primaryimage\"},\"thumbnailUrl\":\"https:\/\/sceaux-lagazette.fr\/wp-content\/uploads\/2022\/09\/Remobilisation.jpg\",\"datePublished\":\"2025-10-20T06:06:39+00:00\",\"dateModified\":\"2025-10-20T06:06:42+00:00\",\"breadcrumb\":{\"@id\":\"https:\/\/sceaux-lagazette.fr\/index.php\/2025\/10\/20\/lire-et-faire-lire-a-chatenay-malabry-ou-ailleurs\/#breadcrumb\"},\"inLanguage\":\"fr-FR\",\"potentialAction\":[{\"@type\":\"ReadAction\",\"target\":[\"https:\/\/sceaux-lagazette.fr\/index.php\/2025\/10\/20\/lire-et-faire-lire-a-chatenay-malabry-ou-ailleurs\/\"]}]},{\"@type\":\"ImageObject\",\"inLanguage\":\"fr-FR\",\"@id\":\"https:\/\/sceaux-lagazette.fr\/index.php\/2025\/10\/20\/lire-et-faire-lire-a-chatenay-malabry-ou-ailleurs\/#primaryimage\",\"url\":\"https:\/\/sceaux-lagazette.fr\/wp-content\/uploads\/2022\/09\/Remobilisation.jpg\",\"contentUrl\":\"https:\/\/sceaux-lagazette.fr\/wp-content\/uploads\/2022\/09\/Remobilisation.jpg\",\"width\":1869,\"height\":850},{\"@type\":\"BreadcrumbList\",\"@id\":\"https:\/\/sceaux-lagazette.fr\/index.php\/2025\/10\/20\/lire-et-faire-lire-a-chatenay-malabry-ou-ailleurs\/#breadcrumb\",\"itemListElement\":[{\"@type\":\"ListItem\",\"position\":1,\"name\":\"Accueil\",\"item\":\"https:\/\/sceaux-lagazette.fr\/\"},{\"@type\":\"ListItem\",\"position\":2,\"name\":\"Lire et faire lire \u00e0 Ch\u00e2tenay-Malabry&#8230;ou ailleurs!\"}]},{\"@type\":\"WebSite\",\"@id\":\"https:\/\/sceaux-lagazette.fr\/#website\",\"url\":\"https:\/\/sceaux-lagazette.fr\/\",\"name\":\"La Gazette\",\"description\":\"Bourg-la-Reine, Ch\u00e2tenay, Fontenay, Sceaux\",\"publisher\":{\"@id\":\"https:\/\/sceaux-lagazette.fr\/#organization\"},\"potentialAction\":[{\"@type\":\"SearchAction\",\"target\":{\"@type\":\"EntryPoint\",\"urlTemplate\":\"https:\/\/sceaux-lagazette.fr\/?s={search_term_string}\"},\"query-input\":{\"@type\":\"PropertyValueSpecification\",\"valueRequired\":true,\"valueName\":\"search_term_string\"}}],\"inLanguage\":\"fr-FR\"},{\"@type\":\"Organization\",\"@id\":\"https:\/\/sceaux-lagazette.fr\/#organization\",\"name\":\"La Gazette\",\"url\":\"https:\/\/sceaux-lagazette.fr\/\",\"logo\":{\"@type\":\"ImageObject\",\"inLanguage\":\"fr-FR\",\"@id\":\"https:\/\/sceaux-lagazette.fr\/#\/schema\/logo\/image\/\",\"url\":\"https:\/\/sceaux-lagazette.fr\/wp-content\/uploads\/2025\/08\/Logo-Gazette-Aout-2025-V3.jpg\",\"contentUrl\":\"https:\/\/sceaux-lagazette.fr\/wp-content\/uploads\/2025\/08\/Logo-Gazette-Aout-2025-V3.jpg\",\"width\":525,\"height\":130,\"caption\":\"La Gazette\"},\"image\":{\"@id\":\"https:\/\/sceaux-lagazette.fr\/#\/schema\/logo\/image\/\"}},{\"@type\":\"Person\",\"@id\":\"https:\/\/sceaux-lagazette.fr\/#\/schema\/person\/5650e206a121f68c6f5e76379bccfbc4\",\"name\":\"G\u00e9rard Bardier\",\"image\":{\"@type\":\"ImageObject\",\"inLanguage\":\"fr-FR\",\"@id\":\"https:\/\/sceaux-lagazette.fr\/#\/schema\/person\/image\/\",\"url\":\"https:\/\/secure.gravatar.com\/avatar\/5cf4391ef9dbc0367750202561279a29?s=96&r=g\",\"contentUrl\":\"https:\/\/secure.gravatar.com\/avatar\/5cf4391ef9dbc0367750202561279a29?s=96&r=g\",\"caption\":\"G\u00e9rard Bardier\"},\"url\":\"https:\/\/sceaux-lagazette.fr\/index.php\/author\/gb\/\"}]}<\/script>\n<!-- \/ Yoast SEO plugin. -->","yoast_head_json":{"title":"Lire et faire lire \u00e0 Ch\u00e2tenay-Malabry...ou ailleurs! - La Gazette","robots":{"index":"index","follow":"follow","max-snippet":"max-snippet:-1","max-image-preview":"max-image-preview:large","max-video-preview":"max-video-preview:-1"},"canonical":"https:\/\/sceaux-lagazette.fr\/index.php\/2025\/10\/20\/lire-et-faire-lire-a-chatenay-malabry-ou-ailleurs\/","og_locale":"fr_FR","og_type":"article","og_title":"Lire et faire lire \u00e0 Ch\u00e2tenay-Malabry...ou ailleurs! - La Gazette","og_description":"Article publi\u00e9 la premi\u00e8re fois le 3 octobre 2022 et republi\u00e9 le 20 octobre 2025. L\u2019association nationale \u00ab\u00a0Lire et faire lire\u00a0\u00bb propose \u00e0 des b\u00e9n\u00e9voles d\u2019intervenir dans les \u00e9coles maternelles et \u00e9l\u00e9mentaires. L\u2019initiative vaut d\u2019\u00eatre rapport\u00e9e, d\u2019autant qu\u2019elle cherche des candidats. Avis aux amateurs. Son principe est assez simple\u00a0: le&#8230;","og_url":"https:\/\/sceaux-lagazette.fr\/index.php\/2025\/10\/20\/lire-et-faire-lire-a-chatenay-malabry-ou-ailleurs\/","og_site_name":"La Gazette","article_published_time":"2025-10-20T06:06:39+00:00","article_modified_time":"2025-10-20T06:06:42+00:00","og_image":[{"width":1869,"height":850,"url":"https:\/\/sceaux-lagazette.fr\/wp-content\/uploads\/2022\/09\/Remobilisation.jpg","type":"image\/jpeg"}],"author":"G\u00e9rard Bardier","twitter_card":"summary_large_image","twitter_misc":{"\u00c9crit par":"G\u00e9rard Bardier","Dur\u00e9e de lecture estim\u00e9e":"4 minutes"},"schema":{"@context":"https:\/\/schema.org","@graph":[{"@type":"Article","@id":"https:\/\/sceaux-lagazette.fr\/index.php\/2025\/10\/20\/lire-et-faire-lire-a-chatenay-malabry-ou-ailleurs\/#article","isPartOf":{"@id":"https:\/\/sceaux-lagazette.fr\/index.php\/2025\/10\/20\/lire-et-faire-lire-a-chatenay-malabry-ou-ailleurs\/"},"author":{"name":"G\u00e9rard Bardier","@id":"https:\/\/sceaux-lagazette.fr\/#\/schema\/person\/5650e206a121f68c6f5e76379bccfbc4"},"headline":"Lire et faire lire \u00e0 Ch\u00e2tenay-Malabry&#8230;ou ailleurs!","datePublished":"2025-10-20T06:06:39+00:00","dateModified":"2025-10-20T06:06:42+00:00","mainEntityOfPage":{"@id":"https:\/\/sceaux-lagazette.fr\/index.php\/2025\/10\/20\/lire-et-faire-lire-a-chatenay-malabry-ou-ailleurs\/"},"wordCount":635,"commentCount":0,"publisher":{"@id":"https:\/\/sceaux-lagazette.fr\/#organization"},"image":{"@id":"https:\/\/sceaux-lagazette.fr\/index.php\/2025\/10\/20\/lire-et-faire-lire-a-chatenay-malabry-ou-ailleurs\/#primaryimage"},"thumbnailUrl":"https:\/\/sceaux-lagazette.fr\/wp-content\/uploads\/2022\/09\/Remobilisation.jpg","articleSection":["Ch\u00e2tenay-Malabry","Quartiers","Utiles"],"inLanguage":"fr-FR","potentialAction":[{"@type":"CommentAction","name":"Comment","target":["https:\/\/sceaux-lagazette.fr\/index.php\/2025\/10\/20\/lire-et-faire-lire-a-chatenay-malabry-ou-ailleurs\/#respond"]}]},{"@type":"WebPage","@id":"https:\/\/sceaux-lagazette.fr\/index.php\/2025\/10\/20\/lire-et-faire-lire-a-chatenay-malabry-ou-ailleurs\/","url":"https:\/\/sceaux-lagazette.fr\/index.php\/2025\/10\/20\/lire-et-faire-lire-a-chatenay-malabry-ou-ailleurs\/","name":"Lire et faire lire \u00e0 Ch\u00e2tenay-Malabry...ou ailleurs! - La Gazette","isPartOf":{"@id":"https:\/\/sceaux-lagazette.fr\/#website"},"primaryImageOfPage":{"@id":"https:\/\/sceaux-lagazette.fr\/index.php\/2025\/10\/20\/lire-et-faire-lire-a-chatenay-malabry-ou-ailleurs\/#primaryimage"},"image":{"@id":"https:\/\/sceaux-lagazette.fr\/index.php\/2025\/10\/20\/lire-et-faire-lire-a-chatenay-malabry-ou-ailleurs\/#primaryimage"},"thumbnailUrl":"https:\/\/sceaux-lagazette.fr\/wp-content\/uploads\/2022\/09\/Remobilisation.jpg","datePublished":"2025-10-20T06:06:39+00:00","dateModified":"2025-10-20T06:06:42+00:00","breadcrumb":{"@id":"https:\/\/sceaux-lagazette.fr\/index.php\/2025\/10\/20\/lire-et-faire-lire-a-chatenay-malabry-ou-ailleurs\/#breadcrumb"},"inLanguage":"fr-FR","potentialAction":[{"@type":"ReadAction","target":["https:\/\/sceaux-lagazette.fr\/index.php\/2025\/10\/20\/lire-et-faire-lire-a-chatenay-malabry-ou-ailleurs\/"]}]},{"@type":"ImageObject","inLanguage":"fr-FR","@id":"https:\/\/sceaux-lagazette.fr\/index.php\/2025\/10\/20\/lire-et-faire-lire-a-chatenay-malabry-ou-ailleurs\/#primaryimage","url":"https:\/\/sceaux-lagazette.fr\/wp-content\/uploads\/2022\/09\/Remobilisation.jpg","contentUrl":"https:\/\/sceaux-lagazette.fr\/wp-content\/uploads\/2022\/09\/Remobilisation.jpg","width":1869,"height":850},{"@type":"BreadcrumbList","@id":"https:\/\/sceaux-lagazette.fr\/index.php\/2025\/10\/20\/lire-et-faire-lire-a-chatenay-malabry-ou-ailleurs\/#breadcrumb","itemListElement":[{"@type":"ListItem","position":1,"name":"Accueil","item":"https:\/\/sceaux-lagazette.fr\/"},{"@type":"ListItem","position":2,"name":"Lire et faire lire \u00e0 Ch\u00e2tenay-Malabry&#8230;ou ailleurs!"}]},{"@type":"WebSite","@id":"https:\/\/sceaux-lagazette.fr\/#website","url":"https:\/\/sceaux-lagazette.fr\/","name":"La Gazette","description":"Bourg-la-Reine, Ch\u00e2tenay, Fontenay, Sceaux","publisher":{"@id":"https:\/\/sceaux-lagazette.fr\/#organization"},"potentialAction":[{"@type":"SearchAction","target":{"@type":"EntryPoint","urlTemplate":"https:\/\/sceaux-lagazette.fr\/?s={search_term_string}"},"query-input":{"@type":"PropertyValueSpecification","valueRequired":true,"valueName":"search_term_string"}}],"inLanguage":"fr-FR"},{"@type":"Organization","@id":"https:\/\/sceaux-lagazette.fr\/#organization","name":"La Gazette","url":"https:\/\/sceaux-lagazette.fr\/","logo":{"@type":"ImageObject","inLanguage":"fr-FR","@id":"https:\/\/sceaux-lagazette.fr\/#\/schema\/logo\/image\/","url":"https:\/\/sceaux-lagazette.fr\/wp-content\/uploads\/2025\/08\/Logo-Gazette-Aout-2025-V3.jpg","contentUrl":"https:\/\/sceaux-lagazette.fr\/wp-content\/uploads\/2025\/08\/Logo-Gazette-Aout-2025-V3.jpg","width":525,"height":130,"caption":"La Gazette"},"image":{"@id":"https:\/\/sceaux-lagazette.fr\/#\/schema\/logo\/image\/"}},{"@type":"Person","@id":"https:\/\/sceaux-lagazette.fr\/#\/schema\/person\/5650e206a121f68c6f5e76379bccfbc4","name":"G\u00e9rard Bardier","image":{"@type":"ImageObject","inLanguage":"fr-FR","@id":"https:\/\/sceaux-lagazette.fr\/#\/schema\/person\/image\/","url":"https:\/\/secure.gravatar.com\/avatar\/5cf4391ef9dbc0367750202561279a29?s=96&r=g","contentUrl":"https:\/\/secure.gravatar.com\/avatar\/5cf4391ef9dbc0367750202561279a29?s=96&r=g","caption":"G\u00e9rard Bardier"},"url":"https:\/\/sceaux-lagazette.fr\/index.php\/author\/gb\/"}]}},"cc_featured_image_caption":{"caption_text":"Association \"Lire et faire lire\"","source_text":"","source_url":""},"_links":{"self":[{"href":"https:\/\/sceaux-lagazette.fr\/index.php\/wp-json\/wp\/v2\/posts\/7528"}],"collection":[{"href":"https:\/\/sceaux-lagazette.fr\/index.php\/wp-json\/wp\/v2\/posts"}],"about":[{"href":"https:\/\/sceaux-lagazette.fr\/index.php\/wp-json\/wp\/v2\/types\/post"}],"author":[{"embeddable":true,"href":"https:\/\/sceaux-lagazette.fr\/index.php\/wp-json\/wp\/v2\/users\/11"}],"replies":[{"embeddable":true,"href":"https:\/\/sceaux-lagazette.fr\/index.php\/wp-json\/wp\/v2\/comments?post=7528"}],"version-history":[{"count":6,"href":"https:\/\/sceaux-lagazette.fr\/index.php\/wp-json\/wp\/v2\/posts\/7528\/revisions"}],"predecessor-version":[{"id":44552,"href":"https:\/\/sceaux-lagazette.fr\/index.php\/wp-json\/wp\/v2\/posts\/7528\/revisions\/44552"}],"wp:featuredmedia":[{"embeddable":true,"href":"https:\/\/sceaux-lagazette.fr\/index.php\/wp-json\/wp\/v2\/media\/7564"}],"wp:attachment":[{"href":"https:\/\/sceaux-lagazette.fr\/index.php\/wp-json\/wp\/v2\/media?parent=7528"}],"wp:term":[{"taxonomy":"category","embeddable":true,"href":"https:\/\/sceaux-lagazette.fr\/index.php\/wp-json\/wp\/v2\/categories?post=7528"},{"taxonomy":"post_tag","embeddable":true,"href":"https:\/\/sceaux-lagazette.fr\/index.php\/wp-json\/wp\/v2\/tags?post=7528"}],"curies":[{"name":"wp","href":"https:\/\/api.w.org\/{rel}","templated":true}]}}