{"id":7506,"date":"2025-10-21T09:04:37","date_gmt":"2025-10-21T07:04:37","guid":{"rendered":"https:\/\/sceaux-lagazette.fr\/?p=7506"},"modified":"2025-10-21T09:08:19","modified_gmt":"2025-10-21T07:08:19","slug":"exposition-joliot-curie","status":"publish","type":"post","link":"https:\/\/sceaux-lagazette.fr\/index.php\/2025\/10\/21\/exposition-joliot-curie\/","title":{"rendered":"Exposition Joliot-Curie"},"content":{"rendered":"\n<p>Article publi\u00e9 la premi\u00e8re fois le 28 septembre 2022 et republi\u00e9 le 21 octobre 2025.<\/p>\n\n\n\n<p>Une exposition \u00ab&nbsp;Ir\u00e8ne et Fr\u00e9d\u00e9ric Joliot-Curie, entre Science et Soci\u00e9t\u00e9&nbsp;\u00bb en l\u2019honneur de ces deux prix Nobel se tient \u00e0 l\u2019H\u00f4tel de Ville de Sceaux depuis le 17 septembre et jusqu\u2019au 15 octobre ( heures d\u2019ouverture de la mairie).<\/p>\n\n\n\n<p>&nbsp;Elle est \u00e0 l\u2019initiative d\u2019une sc\u00e9enne, Jocelyne Blais, qui a travaill\u00e9 au Laboratoire Curie. Celle-ci a r\u00e9agi l\u2019an dernier \u00e0 une liste des personnalit\u00e9s enterr\u00e9es au cimeti\u00e8re de Sceaux, liste qui omettait curieusement I. et F. Joliot Curie. Apr\u00e8s discussion avec H\u00e9l\u00e8ne&nbsp;Langevin , leur fille &nbsp;(petite fille de Pierre et Marie Curie) et Mr Allardi adjoint au maire charg\u00e9 de la culture, &nbsp;s\u2019est impos\u00e9e l\u2019id\u00e9e de &nbsp;r\u00e9aliser une exposition pour mieux faire conna\u00eetre la vie et l\u2019\u0153uvre de ce couple de scientifiques.<\/p>\n\n\n\n<p>La conception des panneaux r\u00e9alis\u00e9s pour cette exposition a \u00e9t\u00e9 r\u00e9alis\u00e9e gr\u00e2ce \u00e0 une \u00e9troite collaboration entre H\u00e9l\u00e8ne Langevin, &nbsp;Jocelyne Blais et&nbsp; Natalie Pigeard-Micault, historienne, directrice adjointe du Mus\u00e9e Curie (Elle travaille sur l&rsquo;histoire des femmes en sciences et en m\u00e9decine et a publi\u00e9 des ouvrages sur Marie Curie.). La r\u00e9alisation est&nbsp; soutenue financi\u00e8rement par l\u2019<a href=\"https:\/\/musee.curie.fr\/nous\/qui-sommes-nous\/acjc\" target=\"_blank\" rel=\"noreferrer noopener\">Association Curie et Joliot-Curie &nbsp;<\/a>(ACJC)<\/p>\n\n\n\n<h2 class=\"wp-block-heading\">Un couple de scientifiques exceptionnel<\/h2>\n\n\n<div class=\"wp-block-image\">\n<figure class=\"alignright size-full\"><img decoding=\"async\" width=\"391\" height=\"340\" src=\"https:\/\/sceaux-lagazette.fr\/wp-content\/uploads\/2022\/09\/Congr\u00e8s-Solvay-1933.png\" alt=\"\" class=\"wp-image-7508\" srcset=\"https:\/\/sceaux-lagazette.fr\/wp-content\/uploads\/2022\/09\/Congr\u00e8s-Solvay-1933.png 391w, https:\/\/sceaux-lagazette.fr\/wp-content\/uploads\/2022\/09\/Congr\u00e8s-Solvay-1933-300x261.png 300w\" sizes=\"(max-width: 391px) 100vw, 391px\" \/><\/figure><\/div>\n\n\n<p>Quand on regarde les photos des <a rel=\"noreferrer noopener\" href=\"https:\/\/fr.wikipedia.org\/wiki\/Congr%C3%A8s_Solvay#\/media\/Fichier:Solvay1933Large.jpg\" target=\"_blank\">congr\u00e8s Solvay,<\/a> ces congr\u00e8s qui r\u00e9unirent le gratin des physiciens ou des chimistes du monde entier, on est surpris de l\u2019\u00e9crasante pr\u00e9sence masculine. Marie Curie est  la seule femme pr\u00e9sente en 1911 et dans tous les congr\u00e8s suivants . Le Conseil Solvay de1933 voit un changement : trois femmes sont pr\u00e9sentes&nbsp;! Marie Curie est toujours l\u00e0. Il y a aussi <a rel=\"noreferrer noopener\" href=\"https:\/\/fr.wikipedia.org\/wiki\/Lise_Meitner\" target=\"_blank\">Lise Meitner<\/a>, n\u00e9e en 1878, souvent cit\u00e9e comme l&rsquo;un des cas les plus flagrants de scientifiques injustement ignor\u00e9s par le comit\u00e9 attribuant le prix Nobel. La jeune Ir\u00e8ne, (n\u00e9e en 1897) et son mari Fr\u00e9d\u00e9ric Joliot, sont pr\u00e9sents et communiquent leurs premiers r\u00e9sultats, au milieu d\u2019autres physiciens dont l\u2019histoire a retenu le nom&nbsp;: Schr\u00f6dinger, Heisenberg, Pauli, Bohr, Rutherford\u2026 .<\/p>\n\n\n\n<p>Ir\u00e8ne et Fr\u00e9d\u00e9ric travaillent ensemble au laboratoire Curie depuis 1924. En 1933, ils mettent en \u00e9vidence la formation d\u2019isotopes radioactifs du phosphore et de l\u2019azote, ce qui leur vaudra le prix Nobel de chimie en 1935 pour la d\u00e9couverte de la radioactivit\u00e9 artificielle.<\/p>\n\n\n\n<p>Le couple Joliot Curie est engag\u00e9 dans les combats de leur temps&nbsp;: soutien du mouvement antifasciste espagnol, droits de la femme .. . En 1936 Ir\u00e8ne entre dans le gouvernement du Front populaire de L\u00e9on Blum, comme sous-secr\u00e9taire d\u2019\u00c9tat \u00e0 la recherche scientifique, une mani\u00e8re pour Ir\u00e8ne d\u2019affirmer les droits de la femme&nbsp;!<\/p>\n\n\n\n<p>En 1939, Ir\u00e8ne Joliot \u00e9tudie les isotopes radioactifs form\u00e9s dans l\u2019Uranium. &nbsp;A partir de ses r\u00e9sultats Otto Hahn et Fritz Strassmann apportent la preuve de la fission de l&rsquo;uranium par bombardement de neutrons. Puis Fr\u00e9d\u00e9ric Joliot et ses collaborateurs montrent la possibilit\u00e9 de la r\u00e9action en cha\u00eene lors de la fission nucl\u00e9aire. Il d\u00e9pose cette ann\u00e9e-l\u00e0 trois brevets sur l\u2019utilisation de la r\u00e9action en cha\u00eene. Deux d\u2019entre eux serviront de base apr\u00e8s la guerre \u00e0 la conception des r\u00e9acteurs nucl\u00e9aires.<\/p>\n\n\n\n<p>La d\u00e9faite fran\u00e7aise de 1940 bouleverse la vie de la famille Joliot-Curie. Fr\u00e9deric entre dans la R\u00e9sistance, adh\u00e8re au Parti Communiste Fran\u00e7ais. Les deux \u00e9poux ont un engagement politique marqu\u00e9 \u00e0 gauche. En 1944, Fr\u00e9d\u00e9ric participe \u00e0 l\u2019insurrection de Paris (on le voit dans le film \u00ab&nbsp;<a href=\"https:\/\/fr.wikipedia.org\/wiki\/Paris_br%C3%BBle-t-il_%3F_(film)\" target=\"_blank\" rel=\"noreferrer noopener\">Paris br\u00fble-t-il<\/a>&nbsp;?&nbsp;\u00bb).<\/p>\n\n\n\n<p>A la Lib\u00e9ration Fr\u00e9d\u00e9ric Joliot-Curie devient directeur du CNRS et en 1945 il est nomm\u00e9 Haut- Commissaire \u00e0 L\u2019\u00c9nergie Atomique (CEA) cr\u00e9e par le G\u00e9n\u00e9ral De Gaule. Ir\u00e8ne y est commissaire. Fr\u00e9d\u00e9ric Joliot supervise la construction, \u00e0 Fontenay-aux Roses de la pile Zo\u00e9 premier r\u00e9acteur nucl\u00e9aire fran\u00e7ais qui est mise en marche en 1948 \u2013<\/p>\n\n\n\n<p>Fr\u00e9d\u00e9ric Joliot est tr\u00e8s actif dans les mouvements pacifistes. Il devient Pr\u00e9sident du Conseil Mondial pour la Paix. EN 1950, il est l\u2019un des premiers signataires de l\u2019 Appel de Stockholm pour l\u2019interdiction de l\u2019arme atomique. &nbsp;Il est alors r\u00e9voqu\u00e9 de son poste au CEA. Ir\u00e8ne quitte \u00e9galement le CEA<\/p>\n\n\n\n<p>Ir\u00e8ne devient directrice du Laboratoire Curie de l\u2019institut du Radium en 1945. Elle reprend la chaire de physique g\u00e9n\u00e9rale et radioactivit\u00e9 pr\u00e9c\u00e9demment occup\u00e9e par sa m\u00e8re. Pendant 10 ans, elle pr\u00e9pare la cr\u00e9ation de ce qui deviendra futur Institut de physique nucl\u00e9aire d&rsquo;Orsay et la mise en place d\u2019un synchrocyclotron. Elle d\u00e9c\u00e8de en 1956 et le projet sera repris par Fr\u00e9d\u00e9ric Joliot qui d\u00e9c\u00e8de \u00e0 son tour en 1958.<\/p>\n\n\n\n<p>Tous les deux auront l\u2019honneur de fun\u00e9railles nationales et seront inhum\u00e9s au cimeti\u00e8re de Sceaux. Leur h\u00e9ritage est consid\u00e9rable dans le d\u00e9veloppement de notre monde moderne.<\/p>\n\n\n\n<p><strong>La Gazette a rendu compte de <a href=\"https:\/\/sceaux-lagazette.fr\/index.php\/2022\/10\/21\/quand-helene-langevin-evoque-ses-parents\/\">la conf\u00e9rence<\/a> donn\u00e9e par  H\u00e9l\u00e8ne Langevin le 10  octobre 2022<\/strong><\/p>\n\n\n\n<p><\/p>\n","protected":false},"excerpt":{"rendered":"<p>Article publi\u00e9 la premi\u00e8re fois le 28 septembre 2022 et republi\u00e9 le 21 octobre 2025. Une exposition \u00ab&nbsp;Ir\u00e8ne et Fr\u00e9d\u00e9ric Joliot-Curie, entre Science et Soci\u00e9t\u00e9&nbsp;\u00bb en l\u2019honneur de ces deux prix Nobel se tient \u00e0 l\u2019H\u00f4tel de Ville de Sceaux depuis le 17 septembre et jusqu\u2019au 15 octobre ( heures&#8230;<\/p>\n","protected":false},"author":11,"featured_media":7510,"comment_status":"open","ping_status":"open","sticky":false,"template":"","format":"standard","meta":{"om_disable_all_campaigns":false,"_monsterinsights_skip_tracking":false,"_monsterinsights_sitenote_active":false,"_monsterinsights_sitenote_note":"","_monsterinsights_sitenote_category":0,"_uf_show_specific_survey":0,"_uf_disable_surveys":false,"footnotes":""},"categories":[53,59,266],"tags":[],"class_list":["post-7506","post","type-post","status-publish","format-standard","has-post-thumbnail","hentry","category-analyses","category-portraits","category-sceaux","entry","simple"],"yoast_head":"<!-- This site is optimized with the Yoast SEO plugin v25.6 - https:\/\/yoast.com\/wordpress\/plugins\/seo\/ -->\n<title>Exposition Joliot-Curie - La Gazette<\/title>\n<meta name=\"robots\" content=\"index, follow, max-snippet:-1, max-image-preview:large, max-video-preview:-1\" \/>\n<link rel=\"canonical\" href=\"https:\/\/sceaux-lagazette.fr\/index.php\/2025\/10\/21\/exposition-joliot-curie\/\" \/>\n<meta property=\"og:locale\" content=\"fr_FR\" \/>\n<meta property=\"og:type\" content=\"article\" \/>\n<meta property=\"og:title\" content=\"Exposition Joliot-Curie - La Gazette\" \/>\n<meta property=\"og:description\" content=\"Article publi\u00e9 la premi\u00e8re fois le 28 septembre 2022 et republi\u00e9 le 21 octobre 2025. Une exposition \u00ab&nbsp;Ir\u00e8ne et Fr\u00e9d\u00e9ric Joliot-Curie, entre Science et Soci\u00e9t\u00e9&nbsp;\u00bb en l\u2019honneur de ces deux prix Nobel se tient \u00e0 l\u2019H\u00f4tel de Ville de Sceaux depuis le 17 septembre et jusqu\u2019au 15 octobre ( heures&#8230;\" \/>\n<meta property=\"og:url\" content=\"https:\/\/sceaux-lagazette.fr\/index.php\/2025\/10\/21\/exposition-joliot-curie\/\" \/>\n<meta property=\"og:site_name\" content=\"La Gazette\" \/>\n<meta property=\"article:published_time\" content=\"2025-10-21T07:04:37+00:00\" \/>\n<meta property=\"article:modified_time\" content=\"2025-10-21T07:08:19+00:00\" \/>\n<meta property=\"og:image\" content=\"https:\/\/sceaux-lagazette.fr\/wp-content\/uploads\/2022\/09\/F-et-I-Joliot-Curie.jpg\" \/>\n\t<meta property=\"og:image:width\" content=\"393\" \/>\n\t<meta property=\"og:image:height\" content=\"264\" \/>\n\t<meta property=\"og:image:type\" content=\"image\/jpeg\" \/>\n<meta name=\"author\" content=\"G\u00e9rard Bardier\" \/>\n<meta name=\"twitter:card\" content=\"summary_large_image\" \/>\n<meta name=\"twitter:label1\" content=\"\u00c9crit par\" \/>\n\t<meta name=\"twitter:data1\" content=\"G\u00e9rard Bardier\" \/>\n\t<meta name=\"twitter:label2\" content=\"Dur\u00e9e de lecture estim\u00e9e\" \/>\n\t<meta name=\"twitter:data2\" content=\"5 minutes\" \/>\n<script type=\"application\/ld+json\" class=\"yoast-schema-graph\">{\"@context\":\"https:\/\/schema.org\",\"@graph\":[{\"@type\":\"Article\",\"@id\":\"https:\/\/sceaux-lagazette.fr\/index.php\/2025\/10\/21\/exposition-joliot-curie\/#article\",\"isPartOf\":{\"@id\":\"https:\/\/sceaux-lagazette.fr\/index.php\/2025\/10\/21\/exposition-joliot-curie\/\"},\"author\":{\"name\":\"G\u00e9rard Bardier\",\"@id\":\"https:\/\/sceaux-lagazette.fr\/#\/schema\/person\/5650e206a121f68c6f5e76379bccfbc4\"},\"headline\":\"Exposition Joliot-Curie\",\"datePublished\":\"2025-10-21T07:04:37+00:00\",\"dateModified\":\"2025-10-21T07:08:19+00:00\",\"mainEntityOfPage\":{\"@id\":\"https:\/\/sceaux-lagazette.fr\/index.php\/2025\/10\/21\/exposition-joliot-curie\/\"},\"wordCount\":901,\"commentCount\":1,\"publisher\":{\"@id\":\"https:\/\/sceaux-lagazette.fr\/#organization\"},\"image\":{\"@id\":\"https:\/\/sceaux-lagazette.fr\/index.php\/2025\/10\/21\/exposition-joliot-curie\/#primaryimage\"},\"thumbnailUrl\":\"https:\/\/sceaux-lagazette.fr\/wp-content\/uploads\/2022\/09\/F-et-I-Joliot-Curie.jpg\",\"articleSection\":[\"Analyses\",\"Portraits\",\"Sceaux\"],\"inLanguage\":\"fr-FR\",\"potentialAction\":[{\"@type\":\"CommentAction\",\"name\":\"Comment\",\"target\":[\"https:\/\/sceaux-lagazette.fr\/index.php\/2025\/10\/21\/exposition-joliot-curie\/#respond\"]}]},{\"@type\":\"WebPage\",\"@id\":\"https:\/\/sceaux-lagazette.fr\/index.php\/2025\/10\/21\/exposition-joliot-curie\/\",\"url\":\"https:\/\/sceaux-lagazette.fr\/index.php\/2025\/10\/21\/exposition-joliot-curie\/\",\"name\":\"Exposition Joliot-Curie - La Gazette\",\"isPartOf\":{\"@id\":\"https:\/\/sceaux-lagazette.fr\/#website\"},\"primaryImageOfPage\":{\"@id\":\"https:\/\/sceaux-lagazette.fr\/index.php\/2025\/10\/21\/exposition-joliot-curie\/#primaryimage\"},\"image\":{\"@id\":\"https:\/\/sceaux-lagazette.fr\/index.php\/2025\/10\/21\/exposition-joliot-curie\/#primaryimage\"},\"thumbnailUrl\":\"https:\/\/sceaux-lagazette.fr\/wp-content\/uploads\/2022\/09\/F-et-I-Joliot-Curie.jpg\",\"datePublished\":\"2025-10-21T07:04:37+00:00\",\"dateModified\":\"2025-10-21T07:08:19+00:00\",\"breadcrumb\":{\"@id\":\"https:\/\/sceaux-lagazette.fr\/index.php\/2025\/10\/21\/exposition-joliot-curie\/#breadcrumb\"},\"inLanguage\":\"fr-FR\",\"potentialAction\":[{\"@type\":\"ReadAction\",\"target\":[\"https:\/\/sceaux-lagazette.fr\/index.php\/2025\/10\/21\/exposition-joliot-curie\/\"]}]},{\"@type\":\"ImageObject\",\"inLanguage\":\"fr-FR\",\"@id\":\"https:\/\/sceaux-lagazette.fr\/index.php\/2025\/10\/21\/exposition-joliot-curie\/#primaryimage\",\"url\":\"https:\/\/sceaux-lagazette.fr\/wp-content\/uploads\/2022\/09\/F-et-I-Joliot-Curie.jpg\",\"contentUrl\":\"https:\/\/sceaux-lagazette.fr\/wp-content\/uploads\/2022\/09\/F-et-I-Joliot-Curie.jpg\",\"width\":393,\"height\":264},{\"@type\":\"BreadcrumbList\",\"@id\":\"https:\/\/sceaux-lagazette.fr\/index.php\/2025\/10\/21\/exposition-joliot-curie\/#breadcrumb\",\"itemListElement\":[{\"@type\":\"ListItem\",\"position\":1,\"name\":\"Accueil\",\"item\":\"https:\/\/sceaux-lagazette.fr\/\"},{\"@type\":\"ListItem\",\"position\":2,\"name\":\"Exposition Joliot-Curie\"}]},{\"@type\":\"WebSite\",\"@id\":\"https:\/\/sceaux-lagazette.fr\/#website\",\"url\":\"https:\/\/sceaux-lagazette.fr\/\",\"name\":\"La Gazette\",\"description\":\"Bourg-la-Reine, Ch\u00e2tenay, Fontenay, Sceaux\",\"publisher\":{\"@id\":\"https:\/\/sceaux-lagazette.fr\/#organization\"},\"potentialAction\":[{\"@type\":\"SearchAction\",\"target\":{\"@type\":\"EntryPoint\",\"urlTemplate\":\"https:\/\/sceaux-lagazette.fr\/?s={search_term_string}\"},\"query-input\":{\"@type\":\"PropertyValueSpecification\",\"valueRequired\":true,\"valueName\":\"search_term_string\"}}],\"inLanguage\":\"fr-FR\"},{\"@type\":\"Organization\",\"@id\":\"https:\/\/sceaux-lagazette.fr\/#organization\",\"name\":\"La Gazette\",\"url\":\"https:\/\/sceaux-lagazette.fr\/\",\"logo\":{\"@type\":\"ImageObject\",\"inLanguage\":\"fr-FR\",\"@id\":\"https:\/\/sceaux-lagazette.fr\/#\/schema\/logo\/image\/\",\"url\":\"https:\/\/sceaux-lagazette.fr\/wp-content\/uploads\/2025\/08\/Logo-Gazette-Aout-2025-V3.jpg\",\"contentUrl\":\"https:\/\/sceaux-lagazette.fr\/wp-content\/uploads\/2025\/08\/Logo-Gazette-Aout-2025-V3.jpg\",\"width\":525,\"height\":130,\"caption\":\"La Gazette\"},\"image\":{\"@id\":\"https:\/\/sceaux-lagazette.fr\/#\/schema\/logo\/image\/\"}},{\"@type\":\"Person\",\"@id\":\"https:\/\/sceaux-lagazette.fr\/#\/schema\/person\/5650e206a121f68c6f5e76379bccfbc4\",\"name\":\"G\u00e9rard Bardier\",\"image\":{\"@type\":\"ImageObject\",\"inLanguage\":\"fr-FR\",\"@id\":\"https:\/\/sceaux-lagazette.fr\/#\/schema\/person\/image\/\",\"url\":\"https:\/\/secure.gravatar.com\/avatar\/5cf4391ef9dbc0367750202561279a29?s=96&r=g\",\"contentUrl\":\"https:\/\/secure.gravatar.com\/avatar\/5cf4391ef9dbc0367750202561279a29?s=96&r=g\",\"caption\":\"G\u00e9rard Bardier\"},\"url\":\"https:\/\/sceaux-lagazette.fr\/index.php\/author\/gb\/\"}]}<\/script>\n<!-- \/ Yoast SEO plugin. -->","yoast_head_json":{"title":"Exposition Joliot-Curie - La Gazette","robots":{"index":"index","follow":"follow","max-snippet":"max-snippet:-1","max-image-preview":"max-image-preview:large","max-video-preview":"max-video-preview:-1"},"canonical":"https:\/\/sceaux-lagazette.fr\/index.php\/2025\/10\/21\/exposition-joliot-curie\/","og_locale":"fr_FR","og_type":"article","og_title":"Exposition Joliot-Curie - La Gazette","og_description":"Article publi\u00e9 la premi\u00e8re fois le 28 septembre 2022 et republi\u00e9 le 21 octobre 2025. Une exposition \u00ab&nbsp;Ir\u00e8ne et Fr\u00e9d\u00e9ric Joliot-Curie, entre Science et Soci\u00e9t\u00e9&nbsp;\u00bb en l\u2019honneur de ces deux prix Nobel se tient \u00e0 l\u2019H\u00f4tel de Ville de Sceaux depuis le 17 septembre et jusqu\u2019au 15 octobre ( heures&#8230;","og_url":"https:\/\/sceaux-lagazette.fr\/index.php\/2025\/10\/21\/exposition-joliot-curie\/","og_site_name":"La Gazette","article_published_time":"2025-10-21T07:04:37+00:00","article_modified_time":"2025-10-21T07:08:19+00:00","og_image":[{"width":393,"height":264,"url":"https:\/\/sceaux-lagazette.fr\/wp-content\/uploads\/2022\/09\/F-et-I-Joliot-Curie.jpg","type":"image\/jpeg"}],"author":"G\u00e9rard Bardier","twitter_card":"summary_large_image","twitter_misc":{"\u00c9crit par":"G\u00e9rard Bardier","Dur\u00e9e de lecture estim\u00e9e":"5 minutes"},"schema":{"@context":"https:\/\/schema.org","@graph":[{"@type":"Article","@id":"https:\/\/sceaux-lagazette.fr\/index.php\/2025\/10\/21\/exposition-joliot-curie\/#article","isPartOf":{"@id":"https:\/\/sceaux-lagazette.fr\/index.php\/2025\/10\/21\/exposition-joliot-curie\/"},"author":{"name":"G\u00e9rard Bardier","@id":"https:\/\/sceaux-lagazette.fr\/#\/schema\/person\/5650e206a121f68c6f5e76379bccfbc4"},"headline":"Exposition Joliot-Curie","datePublished":"2025-10-21T07:04:37+00:00","dateModified":"2025-10-21T07:08:19+00:00","mainEntityOfPage":{"@id":"https:\/\/sceaux-lagazette.fr\/index.php\/2025\/10\/21\/exposition-joliot-curie\/"},"wordCount":901,"commentCount":1,"publisher":{"@id":"https:\/\/sceaux-lagazette.fr\/#organization"},"image":{"@id":"https:\/\/sceaux-lagazette.fr\/index.php\/2025\/10\/21\/exposition-joliot-curie\/#primaryimage"},"thumbnailUrl":"https:\/\/sceaux-lagazette.fr\/wp-content\/uploads\/2022\/09\/F-et-I-Joliot-Curie.jpg","articleSection":["Analyses","Portraits","Sceaux"],"inLanguage":"fr-FR","potentialAction":[{"@type":"CommentAction","name":"Comment","target":["https:\/\/sceaux-lagazette.fr\/index.php\/2025\/10\/21\/exposition-joliot-curie\/#respond"]}]},{"@type":"WebPage","@id":"https:\/\/sceaux-lagazette.fr\/index.php\/2025\/10\/21\/exposition-joliot-curie\/","url":"https:\/\/sceaux-lagazette.fr\/index.php\/2025\/10\/21\/exposition-joliot-curie\/","name":"Exposition Joliot-Curie - La Gazette","isPartOf":{"@id":"https:\/\/sceaux-lagazette.fr\/#website"},"primaryImageOfPage":{"@id":"https:\/\/sceaux-lagazette.fr\/index.php\/2025\/10\/21\/exposition-joliot-curie\/#primaryimage"},"image":{"@id":"https:\/\/sceaux-lagazette.fr\/index.php\/2025\/10\/21\/exposition-joliot-curie\/#primaryimage"},"thumbnailUrl":"https:\/\/sceaux-lagazette.fr\/wp-content\/uploads\/2022\/09\/F-et-I-Joliot-Curie.jpg","datePublished":"2025-10-21T07:04:37+00:00","dateModified":"2025-10-21T07:08:19+00:00","breadcrumb":{"@id":"https:\/\/sceaux-lagazette.fr\/index.php\/2025\/10\/21\/exposition-joliot-curie\/#breadcrumb"},"inLanguage":"fr-FR","potentialAction":[{"@type":"ReadAction","target":["https:\/\/sceaux-lagazette.fr\/index.php\/2025\/10\/21\/exposition-joliot-curie\/"]}]},{"@type":"ImageObject","inLanguage":"fr-FR","@id":"https:\/\/sceaux-lagazette.fr\/index.php\/2025\/10\/21\/exposition-joliot-curie\/#primaryimage","url":"https:\/\/sceaux-lagazette.fr\/wp-content\/uploads\/2022\/09\/F-et-I-Joliot-Curie.jpg","contentUrl":"https:\/\/sceaux-lagazette.fr\/wp-content\/uploads\/2022\/09\/F-et-I-Joliot-Curie.jpg","width":393,"height":264},{"@type":"BreadcrumbList","@id":"https:\/\/sceaux-lagazette.fr\/index.php\/2025\/10\/21\/exposition-joliot-curie\/#breadcrumb","itemListElement":[{"@type":"ListItem","position":1,"name":"Accueil","item":"https:\/\/sceaux-lagazette.fr\/"},{"@type":"ListItem","position":2,"name":"Exposition Joliot-Curie"}]},{"@type":"WebSite","@id":"https:\/\/sceaux-lagazette.fr\/#website","url":"https:\/\/sceaux-lagazette.fr\/","name":"La Gazette","description":"Bourg-la-Reine, Ch\u00e2tenay, Fontenay, Sceaux","publisher":{"@id":"https:\/\/sceaux-lagazette.fr\/#organization"},"potentialAction":[{"@type":"SearchAction","target":{"@type":"EntryPoint","urlTemplate":"https:\/\/sceaux-lagazette.fr\/?s={search_term_string}"},"query-input":{"@type":"PropertyValueSpecification","valueRequired":true,"valueName":"search_term_string"}}],"inLanguage":"fr-FR"},{"@type":"Organization","@id":"https:\/\/sceaux-lagazette.fr\/#organization","name":"La Gazette","url":"https:\/\/sceaux-lagazette.fr\/","logo":{"@type":"ImageObject","inLanguage":"fr-FR","@id":"https:\/\/sceaux-lagazette.fr\/#\/schema\/logo\/image\/","url":"https:\/\/sceaux-lagazette.fr\/wp-content\/uploads\/2025\/08\/Logo-Gazette-Aout-2025-V3.jpg","contentUrl":"https:\/\/sceaux-lagazette.fr\/wp-content\/uploads\/2025\/08\/Logo-Gazette-Aout-2025-V3.jpg","width":525,"height":130,"caption":"La Gazette"},"image":{"@id":"https:\/\/sceaux-lagazette.fr\/#\/schema\/logo\/image\/"}},{"@type":"Person","@id":"https:\/\/sceaux-lagazette.fr\/#\/schema\/person\/5650e206a121f68c6f5e76379bccfbc4","name":"G\u00e9rard Bardier","image":{"@type":"ImageObject","inLanguage":"fr-FR","@id":"https:\/\/sceaux-lagazette.fr\/#\/schema\/person\/image\/","url":"https:\/\/secure.gravatar.com\/avatar\/5cf4391ef9dbc0367750202561279a29?s=96&r=g","contentUrl":"https:\/\/secure.gravatar.com\/avatar\/5cf4391ef9dbc0367750202561279a29?s=96&r=g","caption":"G\u00e9rard Bardier"},"url":"https:\/\/sceaux-lagazette.fr\/index.php\/author\/gb\/"}]}},"cc_featured_image_caption":{"caption_text":"Source : Mus\u00e9e Curie","source_text":"","source_url":""},"_links":{"self":[{"href":"https:\/\/sceaux-lagazette.fr\/index.php\/wp-json\/wp\/v2\/posts\/7506"}],"collection":[{"href":"https:\/\/sceaux-lagazette.fr\/index.php\/wp-json\/wp\/v2\/posts"}],"about":[{"href":"https:\/\/sceaux-lagazette.fr\/index.php\/wp-json\/wp\/v2\/types\/post"}],"author":[{"embeddable":true,"href":"https:\/\/sceaux-lagazette.fr\/index.php\/wp-json\/wp\/v2\/users\/11"}],"replies":[{"embeddable":true,"href":"https:\/\/sceaux-lagazette.fr\/index.php\/wp-json\/wp\/v2\/comments?post=7506"}],"version-history":[{"count":9,"href":"https:\/\/sceaux-lagazette.fr\/index.php\/wp-json\/wp\/v2\/posts\/7506\/revisions"}],"predecessor-version":[{"id":44558,"href":"https:\/\/sceaux-lagazette.fr\/index.php\/wp-json\/wp\/v2\/posts\/7506\/revisions\/44558"}],"wp:featuredmedia":[{"embeddable":true,"href":"https:\/\/sceaux-lagazette.fr\/index.php\/wp-json\/wp\/v2\/media\/7510"}],"wp:attachment":[{"href":"https:\/\/sceaux-lagazette.fr\/index.php\/wp-json\/wp\/v2\/media?parent=7506"}],"wp:term":[{"taxonomy":"category","embeddable":true,"href":"https:\/\/sceaux-lagazette.fr\/index.php\/wp-json\/wp\/v2\/categories?post=7506"},{"taxonomy":"post_tag","embeddable":true,"href":"https:\/\/sceaux-lagazette.fr\/index.php\/wp-json\/wp\/v2\/tags?post=7506"}],"curies":[{"name":"wp","href":"https:\/\/api.w.org\/{rel}","templated":true}]}}