{"id":7281,"date":"2022-09-20T08:40:18","date_gmt":"2022-09-20T06:40:18","guid":{"rendered":"https:\/\/sceaux-lagazette.fr\/?p=7281"},"modified":"2022-09-20T08:40:19","modified_gmt":"2022-09-20T06:40:19","slug":"3-siecles-daugmentation-de-lesperance-de-vie-en-france","status":"publish","type":"post","link":"https:\/\/sceaux-lagazette.fr\/index.php\/2022\/09\/20\/3-siecles-daugmentation-de-lesperance-de-vie-en-france\/","title":{"rendered":"3 si\u00e8cles d\u2019augmentation de l\u2019esp\u00e9rance de vie en France"},"content":{"rendered":"\n<p>La <a rel=\"noreferrer noopener\" href=\"https:\/\/www.liberation.fr\/checknews\/naturopathes-iridologues-mediums-jusquou-ira-le-menage-de-doctolib-20220901_N6TIPW46FRGLJKVSH44PH6RSS4\/\" target=\"_blank\">pol\u00e9mique sur Doctolib<\/a>, qui organise les rendez-vous <a rel=\"noreferrer noopener\" href=\"https:\/\/bloglextracteur.wordpress.com\/2022\/08\/30\/doit-on-faire-confiance-aux-naturopathes\/\" target=\"_blank\">des charlatans<\/a>, a \u00e9t\u00e9 l\u2019occasion pour certains, sur les r\u00e9seaux sociaux, d\u2019exprimer leurs pr\u00e9f\u00e9rences pour les m\u00e9decines alternatives au pr\u00e9texte que la m\u00e9decine ne serait pas efficace.<\/p>\n\n\n\n<p>Le graphique ci-dessous montre l\u2019\u00e9volution de l\u2019esp\u00e9rance de vie depuis 1750 en France. Sur la p\u00e9riode, elle a tripl\u00e9\u00a0: vous avez bien lu, multipli\u00e9e par 3\u00a0! <\/p>\n\n\n\n<p>Nota : pour un \u00e2ge donn\u00e9, plus la courbe est haute, plus est \u00e9lev\u00e9 le nombre de personnes encore vivantes.\u00a0\u00a0\u00a0<\/p>\n\n\n\n<figure class=\"wp-block-image size-large\"><img decoding=\"async\" width=\"437\" height=\"437\" src=\"https:\/\/sceaux-lagazette.fr\/wp-content\/uploads\/2022\/08\/Esp\u00e9rance-de-vi-depuis-1950.png\" alt=\"\" class=\"wp-image-7287\" srcset=\"https:\/\/sceaux-lagazette.fr\/wp-content\/uploads\/2022\/08\/Esp\u00e9rance-de-vi-depuis-1950.png 437w, https:\/\/sceaux-lagazette.fr\/wp-content\/uploads\/2022\/08\/Esp\u00e9rance-de-vi-depuis-1950-300x300.png 300w, https:\/\/sceaux-lagazette.fr\/wp-content\/uploads\/2022\/08\/Esp\u00e9rance-de-vi-depuis-1950-150x150.png 150w\" sizes=\"(max-width: 437px) 100vw, 437px\" \/><\/figure>\n\n\n\n<h2 class=\"wp-block-heading\">Il y a trois si\u00e8cles<\/h2>\n\n\n\n<p>En 1750, la moiti\u00e9 des Fran\u00e7ais meurent avant d\u2019atteindre l\u2019\u00e2ge de 5 ans. Depuis, cette mortalit\u00e9 infantile a \u00e9t\u00e9 divis\u00e9e par 100. <\/p>\n\n\n\n<p>Apr\u00e8s 5 ans, le taux de mortalit\u00e9 est assez constant selon l\u2019\u00e2ge. La moiti\u00e9 de ceux qui ont surv\u00e9cu jusqu\u2019\u00e0 5 ans d\u00e9c\u00e8dent avant 50 ans. En 2017, 80 % des hommes et 90 % des femmes n\u00e9s 50 ans auparavant sont toujours vivants. <\/p>\n\n\n\n<p>En 1750, quelques pour cent des Fran\u00e7ais atteignent l\u2019\u00e2ge de 80 ans, et on a quelques exemples de centenaires&nbsp;: <a href=\"https:\/\/fr.wikipedia.org\/wiki\/Bernard_Le_Bouyer_de_Fontenelle\" target=\"_blank\" rel=\"noreferrer noopener\">Fontenelle<\/a>, secr\u00e9taire perp\u00e9tuel de l\u2019Acad\u00e9mie fran\u00e7aise meurt en 1757 dans sa 100<sup>\u00e8me<\/sup> ann\u00e9e. La doyenne actuelle de l\u2019humanit\u00e9 est une Fran\u00e7aise de 119 ans. Mais l\u2019\u00e2ge limite de fin de vie n\u2019a que peu progress\u00e9 depuis 3 si\u00e8cles au regard de celui de l\u2019esp\u00e9rance de vie.<\/p>\n\n\n\n<p> Observons maintenant <a rel=\"noreferrer noopener\" href=\"https:\/\/www.ined.fr\/fichier\/s_rubrique\/19141\/pes473.fr.pdf\" target=\"_blank\">gr\u00e2ce \u00e0 l\u2019INED<\/a> comment ces progr\u00e8s fantastiques ont \u00e9t\u00e9 possibles. &nbsp;<\/p>\n\n\n\n<h2 class=\"wp-block-heading\">Le r\u00f4le cl\u00e9 de la m\u00e9decine<\/h2>\n\n\n\n<p>La m\u00e9decine moderne \u00e9merge tout doucement aux 16<sup>\u00e8me<\/sup> et 17<sup>\u00e8me<\/sup> si\u00e8cles. En 1687 est r\u00e9ussie l\u2019op\u00e9ration de <a href=\"https:\/\/fr.wikipedia.org\/wiki\/Fistule_anale_de_Louis_XIV\" target=\"_blank\" rel=\"noreferrer noopener\">la fistule anale de Louis XIV<\/a>, qui d\u00e9montre les progr\u00e8s de la chirurgie.<\/p>\n\n\n\n<p>Mais si l\u2019esp\u00e9rance de vie augmente lentement au milieu du 18<sup>\u00e8me<\/sup> si\u00e8cle, c\u2019est d\u2019abord gr\u00e2ce \u00e0 l\u2019am\u00e9lioration des transports et du stockage des denr\u00e9es, qui supprime progressivement les famines locales ou r\u00e9gionales. <\/p>\n\n\n\n<p>1790 voit une rupture&nbsp;: l\u2019esp\u00e9rance de vie commence \u00e0 augmenter s\u00e9rieusement et r\u00e9guli\u00e8rement. Cette rupture co\u00efncide avec la mise au point par <a href=\"https:\/\/fr.wikipedia.org\/wiki\/Edward_Jenner\">Edward Jenner <\/a>du vaccin contre la variole. L\u2019augmentation de l\u2019esp\u00e9rance de vie profite des nombreux progr\u00e8s de la m\u00e9decine (<a rel=\"noreferrer noopener\" href=\"https:\/\/fr.wikipedia.org\/wiki\/Ren%C3%A9_Laennec\" target=\"_blank\">Laennec<\/a> invente le st\u00e9thoscope en 1816) et de l\u2019hygi\u00e8ne publique (r\u00e9seaux d\u2019\u00e9gouts\u2026) et priv\u00e9e. <\/p>\n\n\n\n<div class=\"wp-block-image\"><figure class=\"alignright size-large\"><img decoding=\"async\" width=\"399\" height=\"648\" src=\"https:\/\/sceaux-lagazette.fr\/wp-content\/uploads\/2022\/08\/Esp\u00e9rance-de-vie-F-\u00e0-040-et-60-ans.png\" alt=\"\" class=\"wp-image-7289\" srcset=\"https:\/\/sceaux-lagazette.fr\/wp-content\/uploads\/2022\/08\/Esp\u00e9rance-de-vie-F-\u00e0-040-et-60-ans.png 399w, https:\/\/sceaux-lagazette.fr\/wp-content\/uploads\/2022\/08\/Esp\u00e9rance-de-vie-F-\u00e0-040-et-60-ans-185x300.png 185w\" sizes=\"(max-width: 399px) 100vw, 399px\" \/><\/figure><\/div>\n\n\n\n<p>Un nouvel \u00e9lan est donn\u00e9 \u00e0 partir du milieu des ann\u00e9es 1880, avec ce qu\u2019on appellera la r\u00e9volution pasteurienne\u00a0: les vaccins et l\u2019asepsie puis les sulfamides puis les antibiotiques r\u00e9duisent fortement la mortalit\u00e9 dues aux maladies infectieuses. L\u2019esp\u00e9rance de vie augmente de pr\u00e8s de 4 mois par an pendant des d\u00e9cennies jusque vers 1960. La diffusion des connaissances (instruction publique) en mati\u00e8re d\u2019hygi\u00e8ne et les syst\u00e8me de protection sociale y participent \u00e9videmment.<\/p>\n\n\n\n<p>Jusque vers 1960, c\u2019est la r\u00e9duction de la mortalit\u00e9 infantile qui explique une bonne partie de l\u2019augmentation de l\u2019esp\u00e9rance de vie. Les esp\u00e9rances de vie \u00e0 40 ou 60 ans augmentent certes aussi, mais beaucoup moins vite. En 1960, le niveau de cette mortalit\u00e9 infantile est devenu si faible que sa r\u00e9duction ne peut plus assurer une augmentation significative de l\u2019esp\u00e9rance de vie. Mais les progr\u00e8s aux \u00e2ges plus avanc\u00e9s vont prendre le relais avec ce que l\u2019INED appelle la r\u00e9volution cardiovasculaire. Participent alors aussi \u00e0 la r\u00e9duction de la mortalit\u00e9 \u00e0 tous les \u00e2ges la diminution des accidents de la route, de l\u2019alcoolisme et du tabagisme.<\/p>\n\n\n\n<div class=\"wp-block-image\"><figure class=\"alignright size-large\"><img decoding=\"async\" width=\"396\" height=\"467\" src=\"https:\/\/sceaux-lagazette.fr\/wp-content\/uploads\/2022\/08\/Esp\u00e9rance-de-vie-\u00e0-80-ans.jpg\" alt=\"\" class=\"wp-image-7288\" srcset=\"https:\/\/sceaux-lagazette.fr\/wp-content\/uploads\/2022\/08\/Esp\u00e9rance-de-vie-\u00e0-80-ans.jpg 396w, https:\/\/sceaux-lagazette.fr\/wp-content\/uploads\/2022\/08\/Esp\u00e9rance-de-vie-\u00e0-80-ans-254x300.jpg 254w\" sizes=\"(max-width: 396px) 100vw, 396px\" \/><\/figure><\/div>\n\n\n\n<p>Les progr\u00e8s touchent en particulier les grands \u00e2ges&nbsp;: l\u2019esp\u00e9rance de vie \u00e0 80 ans, qui n\u2019avait pratiquement pas \u00e9volu\u00e9 jusque l\u00e0 se met elle aussi \u00e0 augmenter nettement, avec une forte acc\u00e9l\u00e9ration \u00e0 la fin des ann\u00e9es 90. <\/p>\n\n\n\n<p>Entre 1947 et 2017, l\u2019esp\u00e9rance de vie \u00e0 80 ans passe pour les femmes de 6 \u00e0 11 ans, soit un quasi doublement. <\/p>\n\n\n\n<p>On l\u2019a compris, la m\u00e9decine n\u2019est pas la seule responsable de cette formidable augmentation de l\u2019esp\u00e9rance de vie, mais elle en est un \u00e9l\u00e9ment essentiel. Les chercheurs de l\u2019INED estiment que l\u2019esp\u00e9rance de vie pourrait atteindre 100 ans un jour, sans qu\u2019ils puissent donner une estimation de la date de cet horizon. <\/p>\n\n\n\n<p><\/p>\n\n\n\n<p>&nbsp;&nbsp;&nbsp;&nbsp;&nbsp;&nbsp;&nbsp;&nbsp;<\/p>\n","protected":false},"excerpt":{"rendered":"<p>La pol\u00e9mique sur Doctolib, qui organise les rendez-vous des charlatans, a \u00e9t\u00e9 l\u2019occasion pour certains, sur les r\u00e9seaux sociaux, d\u2019exprimer leurs pr\u00e9f\u00e9rences pour les m\u00e9decines alternatives au pr\u00e9texte que la m\u00e9decine ne serait pas efficace. Le graphique ci-dessous montre l\u2019\u00e9volution de l\u2019esp\u00e9rance de vie depuis 1750 en France. Sur la&#8230;<\/p>\n","protected":false},"author":11,"featured_media":7450,"comment_status":"open","ping_status":"open","sticky":false,"template":"","format":"standard","meta":{"om_disable_all_campaigns":false,"_monsterinsights_skip_tracking":false,"_monsterinsights_sitenote_active":false,"_monsterinsights_sitenote_note":"","_monsterinsights_sitenote_category":0,"_uf_show_specific_survey":0,"_uf_disable_surveys":false,"footnotes":""},"categories":[53,60],"tags":[],"class_list":["post-7281","post","type-post","status-publish","format-standard","has-post-thumbnail","hentry","category-analyses","category-sante","entry","simple"],"yoast_head":"<!-- This site is optimized with the Yoast SEO plugin v25.6 - https:\/\/yoast.com\/wordpress\/plugins\/seo\/ -->\n<title>3 si\u00e8cles d\u2019augmentation de l\u2019esp\u00e9rance de vie en France - La Gazette<\/title>\n<meta name=\"robots\" content=\"index, follow, max-snippet:-1, max-image-preview:large, max-video-preview:-1\" \/>\n<link rel=\"canonical\" href=\"https:\/\/sceaux-lagazette.fr\/index.php\/2022\/09\/20\/3-siecles-daugmentation-de-lesperance-de-vie-en-france\/\" \/>\n<meta property=\"og:locale\" content=\"fr_FR\" \/>\n<meta property=\"og:type\" content=\"article\" \/>\n<meta property=\"og:title\" content=\"3 si\u00e8cles d\u2019augmentation de l\u2019esp\u00e9rance de vie en France - La Gazette\" \/>\n<meta property=\"og:description\" content=\"La pol\u00e9mique sur Doctolib, qui organise les rendez-vous des charlatans, a \u00e9t\u00e9 l\u2019occasion pour certains, sur les r\u00e9seaux sociaux, d\u2019exprimer leurs pr\u00e9f\u00e9rences pour les m\u00e9decines alternatives au pr\u00e9texte que la m\u00e9decine ne serait pas efficace. Le graphique ci-dessous montre l\u2019\u00e9volution de l\u2019esp\u00e9rance de vie depuis 1750 en France. Sur la&#8230;\" \/>\n<meta property=\"og:url\" content=\"https:\/\/sceaux-lagazette.fr\/index.php\/2022\/09\/20\/3-siecles-daugmentation-de-lesperance-de-vie-en-france\/\" \/>\n<meta property=\"og:site_name\" content=\"La Gazette\" \/>\n<meta property=\"article:published_time\" content=\"2022-09-20T06:40:18+00:00\" \/>\n<meta property=\"article:modified_time\" content=\"2022-09-20T06:40:19+00:00\" \/>\n<meta property=\"og:image\" content=\"https:\/\/sceaux-lagazette.fr\/wp-content\/uploads\/2022\/09\/220px-Agesdelafemme.jpg\" \/>\n\t<meta property=\"og:image:width\" content=\"220\" \/>\n\t<meta property=\"og:image:height\" content=\"170\" \/>\n\t<meta property=\"og:image:type\" content=\"image\/jpeg\" \/>\n<meta name=\"author\" content=\"G\u00e9rard Bardier\" \/>\n<meta name=\"twitter:card\" content=\"summary_large_image\" \/>\n<meta name=\"twitter:label1\" content=\"\u00c9crit par\" \/>\n\t<meta name=\"twitter:data1\" content=\"G\u00e9rard Bardier\" \/>\n\t<meta name=\"twitter:label2\" content=\"Dur\u00e9e de lecture estim\u00e9e\" \/>\n\t<meta name=\"twitter:data2\" content=\"4 minutes\" \/>\n<script type=\"application\/ld+json\" class=\"yoast-schema-graph\">{\"@context\":\"https:\/\/schema.org\",\"@graph\":[{\"@type\":\"Article\",\"@id\":\"https:\/\/sceaux-lagazette.fr\/index.php\/2022\/09\/20\/3-siecles-daugmentation-de-lesperance-de-vie-en-france\/#article\",\"isPartOf\":{\"@id\":\"https:\/\/sceaux-lagazette.fr\/index.php\/2022\/09\/20\/3-siecles-daugmentation-de-lesperance-de-vie-en-france\/\"},\"author\":{\"name\":\"G\u00e9rard Bardier\",\"@id\":\"https:\/\/sceaux-lagazette.fr\/#\/schema\/person\/5650e206a121f68c6f5e76379bccfbc4\"},\"headline\":\"3 si\u00e8cles d\u2019augmentation de l\u2019esp\u00e9rance de vie en France\",\"datePublished\":\"2022-09-20T06:40:18+00:00\",\"dateModified\":\"2022-09-20T06:40:19+00:00\",\"mainEntityOfPage\":{\"@id\":\"https:\/\/sceaux-lagazette.fr\/index.php\/2022\/09\/20\/3-siecles-daugmentation-de-lesperance-de-vie-en-france\/\"},\"wordCount\":744,\"commentCount\":3,\"publisher\":{\"@id\":\"https:\/\/sceaux-lagazette.fr\/#organization\"},\"image\":{\"@id\":\"https:\/\/sceaux-lagazette.fr\/index.php\/2022\/09\/20\/3-siecles-daugmentation-de-lesperance-de-vie-en-france\/#primaryimage\"},\"thumbnailUrl\":\"https:\/\/sceaux-lagazette.fr\/wp-content\/uploads\/2022\/09\/220px-Agesdelafemme.jpg\",\"articleSection\":[\"Analyses\",\"Sant\u00e9\"],\"inLanguage\":\"fr-FR\",\"potentialAction\":[{\"@type\":\"CommentAction\",\"name\":\"Comment\",\"target\":[\"https:\/\/sceaux-lagazette.fr\/index.php\/2022\/09\/20\/3-siecles-daugmentation-de-lesperance-de-vie-en-france\/#respond\"]}]},{\"@type\":\"WebPage\",\"@id\":\"https:\/\/sceaux-lagazette.fr\/index.php\/2022\/09\/20\/3-siecles-daugmentation-de-lesperance-de-vie-en-france\/\",\"url\":\"https:\/\/sceaux-lagazette.fr\/index.php\/2022\/09\/20\/3-siecles-daugmentation-de-lesperance-de-vie-en-france\/\",\"name\":\"3 si\u00e8cles d\u2019augmentation de l\u2019esp\u00e9rance de vie en France - La Gazette\",\"isPartOf\":{\"@id\":\"https:\/\/sceaux-lagazette.fr\/#website\"},\"primaryImageOfPage\":{\"@id\":\"https:\/\/sceaux-lagazette.fr\/index.php\/2022\/09\/20\/3-siecles-daugmentation-de-lesperance-de-vie-en-france\/#primaryimage\"},\"image\":{\"@id\":\"https:\/\/sceaux-lagazette.fr\/index.php\/2022\/09\/20\/3-siecles-daugmentation-de-lesperance-de-vie-en-france\/#primaryimage\"},\"thumbnailUrl\":\"https:\/\/sceaux-lagazette.fr\/wp-content\/uploads\/2022\/09\/220px-Agesdelafemme.jpg\",\"datePublished\":\"2022-09-20T06:40:18+00:00\",\"dateModified\":\"2022-09-20T06:40:19+00:00\",\"breadcrumb\":{\"@id\":\"https:\/\/sceaux-lagazette.fr\/index.php\/2022\/09\/20\/3-siecles-daugmentation-de-lesperance-de-vie-en-france\/#breadcrumb\"},\"inLanguage\":\"fr-FR\",\"potentialAction\":[{\"@type\":\"ReadAction\",\"target\":[\"https:\/\/sceaux-lagazette.fr\/index.php\/2022\/09\/20\/3-siecles-daugmentation-de-lesperance-de-vie-en-france\/\"]}]},{\"@type\":\"ImageObject\",\"inLanguage\":\"fr-FR\",\"@id\":\"https:\/\/sceaux-lagazette.fr\/index.php\/2022\/09\/20\/3-siecles-daugmentation-de-lesperance-de-vie-en-france\/#primaryimage\",\"url\":\"https:\/\/sceaux-lagazette.fr\/wp-content\/uploads\/2022\/09\/220px-Agesdelafemme.jpg\",\"contentUrl\":\"https:\/\/sceaux-lagazette.fr\/wp-content\/uploads\/2022\/09\/220px-Agesdelafemme.jpg\",\"width\":220,\"height\":170},{\"@type\":\"BreadcrumbList\",\"@id\":\"https:\/\/sceaux-lagazette.fr\/index.php\/2022\/09\/20\/3-siecles-daugmentation-de-lesperance-de-vie-en-france\/#breadcrumb\",\"itemListElement\":[{\"@type\":\"ListItem\",\"position\":1,\"name\":\"Accueil\",\"item\":\"https:\/\/sceaux-lagazette.fr\/\"},{\"@type\":\"ListItem\",\"position\":2,\"name\":\"3 si\u00e8cles d\u2019augmentation de l\u2019esp\u00e9rance de vie en France\"}]},{\"@type\":\"WebSite\",\"@id\":\"https:\/\/sceaux-lagazette.fr\/#website\",\"url\":\"https:\/\/sceaux-lagazette.fr\/\",\"name\":\"La Gazette\",\"description\":\"Bourg-la-Reine, Ch\u00e2tenay, Fontenay, Sceaux\",\"publisher\":{\"@id\":\"https:\/\/sceaux-lagazette.fr\/#organization\"},\"potentialAction\":[{\"@type\":\"SearchAction\",\"target\":{\"@type\":\"EntryPoint\",\"urlTemplate\":\"https:\/\/sceaux-lagazette.fr\/?s={search_term_string}\"},\"query-input\":{\"@type\":\"PropertyValueSpecification\",\"valueRequired\":true,\"valueName\":\"search_term_string\"}}],\"inLanguage\":\"fr-FR\"},{\"@type\":\"Organization\",\"@id\":\"https:\/\/sceaux-lagazette.fr\/#organization\",\"name\":\"La Gazette\",\"url\":\"https:\/\/sceaux-lagazette.fr\/\",\"logo\":{\"@type\":\"ImageObject\",\"inLanguage\":\"fr-FR\",\"@id\":\"https:\/\/sceaux-lagazette.fr\/#\/schema\/logo\/image\/\",\"url\":\"https:\/\/sceaux-lagazette.fr\/wp-content\/uploads\/2025\/08\/Logo-Gazette-Aout-2025-V3.jpg\",\"contentUrl\":\"https:\/\/sceaux-lagazette.fr\/wp-content\/uploads\/2025\/08\/Logo-Gazette-Aout-2025-V3.jpg\",\"width\":525,\"height\":130,\"caption\":\"La Gazette\"},\"image\":{\"@id\":\"https:\/\/sceaux-lagazette.fr\/#\/schema\/logo\/image\/\"}},{\"@type\":\"Person\",\"@id\":\"https:\/\/sceaux-lagazette.fr\/#\/schema\/person\/5650e206a121f68c6f5e76379bccfbc4\",\"name\":\"G\u00e9rard Bardier\",\"image\":{\"@type\":\"ImageObject\",\"inLanguage\":\"fr-FR\",\"@id\":\"https:\/\/sceaux-lagazette.fr\/#\/schema\/person\/image\/\",\"url\":\"https:\/\/secure.gravatar.com\/avatar\/5cf4391ef9dbc0367750202561279a29?s=96&r=g\",\"contentUrl\":\"https:\/\/secure.gravatar.com\/avatar\/5cf4391ef9dbc0367750202561279a29?s=96&r=g\",\"caption\":\"G\u00e9rard Bardier\"},\"url\":\"https:\/\/sceaux-lagazette.fr\/index.php\/author\/gb\/\"}]}<\/script>\n<!-- \/ Yoast SEO plugin. -->","yoast_head_json":{"title":"3 si\u00e8cles d\u2019augmentation de l\u2019esp\u00e9rance de vie en France - La Gazette","robots":{"index":"index","follow":"follow","max-snippet":"max-snippet:-1","max-image-preview":"max-image-preview:large","max-video-preview":"max-video-preview:-1"},"canonical":"https:\/\/sceaux-lagazette.fr\/index.php\/2022\/09\/20\/3-siecles-daugmentation-de-lesperance-de-vie-en-france\/","og_locale":"fr_FR","og_type":"article","og_title":"3 si\u00e8cles d\u2019augmentation de l\u2019esp\u00e9rance de vie en France - La Gazette","og_description":"La pol\u00e9mique sur Doctolib, qui organise les rendez-vous des charlatans, a \u00e9t\u00e9 l\u2019occasion pour certains, sur les r\u00e9seaux sociaux, d\u2019exprimer leurs pr\u00e9f\u00e9rences pour les m\u00e9decines alternatives au pr\u00e9texte que la m\u00e9decine ne serait pas efficace. Le graphique ci-dessous montre l\u2019\u00e9volution de l\u2019esp\u00e9rance de vie depuis 1750 en France. Sur la&#8230;","og_url":"https:\/\/sceaux-lagazette.fr\/index.php\/2022\/09\/20\/3-siecles-daugmentation-de-lesperance-de-vie-en-france\/","og_site_name":"La Gazette","article_published_time":"2022-09-20T06:40:18+00:00","article_modified_time":"2022-09-20T06:40:19+00:00","og_image":[{"width":220,"height":170,"url":"https:\/\/sceaux-lagazette.fr\/wp-content\/uploads\/2022\/09\/220px-Agesdelafemme.jpg","type":"image\/jpeg"}],"author":"G\u00e9rard Bardier","twitter_card":"summary_large_image","twitter_misc":{"\u00c9crit par":"G\u00e9rard Bardier","Dur\u00e9e de lecture estim\u00e9e":"4 minutes"},"schema":{"@context":"https:\/\/schema.org","@graph":[{"@type":"Article","@id":"https:\/\/sceaux-lagazette.fr\/index.php\/2022\/09\/20\/3-siecles-daugmentation-de-lesperance-de-vie-en-france\/#article","isPartOf":{"@id":"https:\/\/sceaux-lagazette.fr\/index.php\/2022\/09\/20\/3-siecles-daugmentation-de-lesperance-de-vie-en-france\/"},"author":{"name":"G\u00e9rard Bardier","@id":"https:\/\/sceaux-lagazette.fr\/#\/schema\/person\/5650e206a121f68c6f5e76379bccfbc4"},"headline":"3 si\u00e8cles d\u2019augmentation de l\u2019esp\u00e9rance de vie en France","datePublished":"2022-09-20T06:40:18+00:00","dateModified":"2022-09-20T06:40:19+00:00","mainEntityOfPage":{"@id":"https:\/\/sceaux-lagazette.fr\/index.php\/2022\/09\/20\/3-siecles-daugmentation-de-lesperance-de-vie-en-france\/"},"wordCount":744,"commentCount":3,"publisher":{"@id":"https:\/\/sceaux-lagazette.fr\/#organization"},"image":{"@id":"https:\/\/sceaux-lagazette.fr\/index.php\/2022\/09\/20\/3-siecles-daugmentation-de-lesperance-de-vie-en-france\/#primaryimage"},"thumbnailUrl":"https:\/\/sceaux-lagazette.fr\/wp-content\/uploads\/2022\/09\/220px-Agesdelafemme.jpg","articleSection":["Analyses","Sant\u00e9"],"inLanguage":"fr-FR","potentialAction":[{"@type":"CommentAction","name":"Comment","target":["https:\/\/sceaux-lagazette.fr\/index.php\/2022\/09\/20\/3-siecles-daugmentation-de-lesperance-de-vie-en-france\/#respond"]}]},{"@type":"WebPage","@id":"https:\/\/sceaux-lagazette.fr\/index.php\/2022\/09\/20\/3-siecles-daugmentation-de-lesperance-de-vie-en-france\/","url":"https:\/\/sceaux-lagazette.fr\/index.php\/2022\/09\/20\/3-siecles-daugmentation-de-lesperance-de-vie-en-france\/","name":"3 si\u00e8cles d\u2019augmentation de l\u2019esp\u00e9rance de vie en France - La Gazette","isPartOf":{"@id":"https:\/\/sceaux-lagazette.fr\/#website"},"primaryImageOfPage":{"@id":"https:\/\/sceaux-lagazette.fr\/index.php\/2022\/09\/20\/3-siecles-daugmentation-de-lesperance-de-vie-en-france\/#primaryimage"},"image":{"@id":"https:\/\/sceaux-lagazette.fr\/index.php\/2022\/09\/20\/3-siecles-daugmentation-de-lesperance-de-vie-en-france\/#primaryimage"},"thumbnailUrl":"https:\/\/sceaux-lagazette.fr\/wp-content\/uploads\/2022\/09\/220px-Agesdelafemme.jpg","datePublished":"2022-09-20T06:40:18+00:00","dateModified":"2022-09-20T06:40:19+00:00","breadcrumb":{"@id":"https:\/\/sceaux-lagazette.fr\/index.php\/2022\/09\/20\/3-siecles-daugmentation-de-lesperance-de-vie-en-france\/#breadcrumb"},"inLanguage":"fr-FR","potentialAction":[{"@type":"ReadAction","target":["https:\/\/sceaux-lagazette.fr\/index.php\/2022\/09\/20\/3-siecles-daugmentation-de-lesperance-de-vie-en-france\/"]}]},{"@type":"ImageObject","inLanguage":"fr-FR","@id":"https:\/\/sceaux-lagazette.fr\/index.php\/2022\/09\/20\/3-siecles-daugmentation-de-lesperance-de-vie-en-france\/#primaryimage","url":"https:\/\/sceaux-lagazette.fr\/wp-content\/uploads\/2022\/09\/220px-Agesdelafemme.jpg","contentUrl":"https:\/\/sceaux-lagazette.fr\/wp-content\/uploads\/2022\/09\/220px-Agesdelafemme.jpg","width":220,"height":170},{"@type":"BreadcrumbList","@id":"https:\/\/sceaux-lagazette.fr\/index.php\/2022\/09\/20\/3-siecles-daugmentation-de-lesperance-de-vie-en-france\/#breadcrumb","itemListElement":[{"@type":"ListItem","position":1,"name":"Accueil","item":"https:\/\/sceaux-lagazette.fr\/"},{"@type":"ListItem","position":2,"name":"3 si\u00e8cles d\u2019augmentation de l\u2019esp\u00e9rance de vie en France"}]},{"@type":"WebSite","@id":"https:\/\/sceaux-lagazette.fr\/#website","url":"https:\/\/sceaux-lagazette.fr\/","name":"La Gazette","description":"Bourg-la-Reine, Ch\u00e2tenay, Fontenay, Sceaux","publisher":{"@id":"https:\/\/sceaux-lagazette.fr\/#organization"},"potentialAction":[{"@type":"SearchAction","target":{"@type":"EntryPoint","urlTemplate":"https:\/\/sceaux-lagazette.fr\/?s={search_term_string}"},"query-input":{"@type":"PropertyValueSpecification","valueRequired":true,"valueName":"search_term_string"}}],"inLanguage":"fr-FR"},{"@type":"Organization","@id":"https:\/\/sceaux-lagazette.fr\/#organization","name":"La Gazette","url":"https:\/\/sceaux-lagazette.fr\/","logo":{"@type":"ImageObject","inLanguage":"fr-FR","@id":"https:\/\/sceaux-lagazette.fr\/#\/schema\/logo\/image\/","url":"https:\/\/sceaux-lagazette.fr\/wp-content\/uploads\/2025\/08\/Logo-Gazette-Aout-2025-V3.jpg","contentUrl":"https:\/\/sceaux-lagazette.fr\/wp-content\/uploads\/2025\/08\/Logo-Gazette-Aout-2025-V3.jpg","width":525,"height":130,"caption":"La Gazette"},"image":{"@id":"https:\/\/sceaux-lagazette.fr\/#\/schema\/logo\/image\/"}},{"@type":"Person","@id":"https:\/\/sceaux-lagazette.fr\/#\/schema\/person\/5650e206a121f68c6f5e76379bccfbc4","name":"G\u00e9rard Bardier","image":{"@type":"ImageObject","inLanguage":"fr-FR","@id":"https:\/\/sceaux-lagazette.fr\/#\/schema\/person\/image\/","url":"https:\/\/secure.gravatar.com\/avatar\/5cf4391ef9dbc0367750202561279a29?s=96&r=g","contentUrl":"https:\/\/secure.gravatar.com\/avatar\/5cf4391ef9dbc0367750202561279a29?s=96&r=g","caption":"G\u00e9rard Bardier"},"url":"https:\/\/sceaux-lagazette.fr\/index.php\/author\/gb\/"}]}},"cc_featured_image_caption":{"caption_text":"Collection Mus\u00e9e de l'\u00e9ducation","source_text":"","source_url":""},"_links":{"self":[{"href":"https:\/\/sceaux-lagazette.fr\/index.php\/wp-json\/wp\/v2\/posts\/7281"}],"collection":[{"href":"https:\/\/sceaux-lagazette.fr\/index.php\/wp-json\/wp\/v2\/posts"}],"about":[{"href":"https:\/\/sceaux-lagazette.fr\/index.php\/wp-json\/wp\/v2\/types\/post"}],"author":[{"embeddable":true,"href":"https:\/\/sceaux-lagazette.fr\/index.php\/wp-json\/wp\/v2\/users\/11"}],"replies":[{"embeddable":true,"href":"https:\/\/sceaux-lagazette.fr\/index.php\/wp-json\/wp\/v2\/comments?post=7281"}],"version-history":[{"count":5,"href":"https:\/\/sceaux-lagazette.fr\/index.php\/wp-json\/wp\/v2\/posts\/7281\/revisions"}],"predecessor-version":[{"id":7449,"href":"https:\/\/sceaux-lagazette.fr\/index.php\/wp-json\/wp\/v2\/posts\/7281\/revisions\/7449"}],"wp:featuredmedia":[{"embeddable":true,"href":"https:\/\/sceaux-lagazette.fr\/index.php\/wp-json\/wp\/v2\/media\/7450"}],"wp:attachment":[{"href":"https:\/\/sceaux-lagazette.fr\/index.php\/wp-json\/wp\/v2\/media?parent=7281"}],"wp:term":[{"taxonomy":"category","embeddable":true,"href":"https:\/\/sceaux-lagazette.fr\/index.php\/wp-json\/wp\/v2\/categories?post=7281"},{"taxonomy":"post_tag","embeddable":true,"href":"https:\/\/sceaux-lagazette.fr\/index.php\/wp-json\/wp\/v2\/tags?post=7281"}],"curies":[{"name":"wp","href":"https:\/\/api.w.org\/{rel}","templated":true}]}}