{"id":7220,"date":"2022-07-01T09:30:11","date_gmt":"2022-07-01T07:30:11","guid":{"rendered":"https:\/\/sceaux-lagazette.fr\/?p=7220"},"modified":"2022-06-29T21:02:52","modified_gmt":"2022-06-29T19:02:52","slug":"le-sac-a-dos-de-toutes-les-improvisations","status":"publish","type":"post","link":"https:\/\/sceaux-lagazette.fr\/index.php\/2022\/07\/01\/le-sac-a-dos-de-toutes-les-improvisations\/","title":{"rendered":"Le sac \u00e0 dos de toutes les improvisations"},"content":{"rendered":"\n<p>Les vacances arrivent. Il faut bouger et s&rsquo;\u00e9quiper. A la Manufacture, lors de la rencontre de mai, Alix pr\u00e9sentait un produit \u00e0 la fois des plus communs et des plus ing\u00e9nieux. Elle eut des mots pour en parler&nbsp;: modularit\u00e9 et polyvalence.<\/p>\n\n\n\n<p>Sa marque de sacs \u00e0 dos a un nom&nbsp;: Along. Elle est pr\u00e9sente sur le web&nbsp;: <a href=\"https:\/\/www.along-bag.com\/\">https:\/\/www.along-bag.com<\/a>. Elle a un c\u00f4t\u00e9 concours L\u00e9pine et l\u2019\u00e9chelle microscopique qui est la sienne compar\u00e9e \u00e0 l\u2019inventivit\u00e9 industrielle du c\u00e9l\u00e8bre concours ne change pas l\u2019esprit. Son sac est d\u2019une esp\u00e8ce particuli\u00e8re. Il a des propri\u00e9t\u00e9s&nbsp;!<\/p>\n\n\n\n<p>D\u2019abord, il est \u00e9l\u00e9gant. Ensuite, il se transforme. Figurez-vous qu\u2019il est con\u00e7u pour servir tout \u00e0 la fois aux besoins des sportifs, des randonneurs et des travailleuses travailleurs. Son volume peut aller, gr\u00e2ce \u00e0 d\u2019astucieuses extensions, jusqu\u2019\u00e0 30 litres et on peut ajouter des pochettes, des contenants isothermes pour le d\u00e9jeuner ou \u00e9tanches pour les affaires de piscine.<\/p>\n\n\n\n<p>A l\u2019arri\u00e8re, au plus pr\u00e8s du dos, un emplacement pour ordinateur portable jusqu\u2019\u00e0 16 pouces. L\u2019\u00e9lectronique ayant horreur de l\u2019eau, la mati\u00e8re est \u00e9tanche. La page Facebook donne le petit nom de ces trouvailles. \u00ab&nbsp;<em>Nos modules Plouf (\u00e9tanche) et Miam (isotherme) vous permettent de sous-compartimenter votre sac et d&rsquo;y ajouter des fonctions.<\/em>&nbsp;\u00bb<\/p>\n\n\n\n<h2 class=\"wp-block-heading\">Une entrepreneuse<\/h2>\n\n\n\n<p>Alix, \u00e0 l\u2019initiative de ce commerce, s\u2019est form\u00e9 un go\u00fbt pour la configuration flexible \u00e0 l\u2019\u00e9cole d\u2019Arts d\u00e9coratifs de Strasbourg dont elle est dipl\u00f4m\u00e9e. Mais on dirait bien qu\u2019elle jouit d\u2019un instinct particulier qui la porte \u00e0 sentir l\u2019int\u00e9r\u00eat des combinaisons. Elle dit qu\u2019elle s\u2019est lanc\u00e9e dans la fabrication parce qu\u2019elle ne trouvait pas le sac qui lui convenait. Vu le r\u00e9sultat, ce qui lui convenait, ce qu\u2019elle avait en t\u00eate relevait d\u2019un sens certain de la g\u00e9om\u00e9trie dans l\u2019espace.<\/p>\n\n\n\n<p>Elle a mis plus d\u2019un an \u00e0 concevoir son produit. Un an \u00e0 le dessiner, le redessiner, \u00e0 en tester la pertinence aupr\u00e8s d\u2019une bonne vingtaine de testeurs, \u00e0 la prototyper. Elle commence en 2019 tout en assurant son quotidien avec des prestations de design en freelance. Puis, elle tente le crowdfunding, un de ces financements \u00ab&nbsp;participatifs&nbsp;\u00bb qui essaiment depuis une bonne quinzaine d\u2019ann\u00e9es. Des porteurs de projets (particuliers, associations ou entreprises) font appel \u00e0 la participation du public pour financer leurs id\u00e9es.<\/p>\n\n\n\n<p>Alix est pass\u00e9e par une plateforme web sur laquelle elle a pr\u00e9sent\u00e9 son projet. 600 personnes se sont d\u00e9clar\u00e9es preneuses. D\u00e8s lors, elle a pu lancer une production. En trois ans, elle a vendu plus de 1300 pi\u00e8ces. Elle en vit. Pas encore l\u2019opulence, mais d\u00e9j\u00e0 une demande qui se maintient et progresse m\u00eame. Chapeau bas devant le sac.<\/p>\n\n\n\n<h2 class=\"wp-block-heading\">Dans toutes les positions<\/h2>\n\n\n\n<p>Elle a le sens du d\u00e9tail. Une sangle caract\u00e9ristique de la marque fait signature au dos du sac \u00e0 dos. On peut \u00e9videmment la changer de couleur (\u00e0 croire que la designer est habit\u00e9e par la notion d\u2019option). On n\u2019est pas dans la logique&nbsp;: <a href=\"http:\/\/financedemarche.fr\/citations\/les-gens-peuvent-choisir-nimporte-quelle-couleur-pour-la-ford-t-du-moment-que-cest-noir\">n\u2019importe quelle couleur pourvu qu\u2019elle soit noire<\/a>.<\/p>\n\n\n\n<p>Le sac peut \u00eatre mis en bandouli\u00e8re et donne alors acc\u00e8s \u00e0 une poche de c\u00f4t\u00e9, pens\u00e9e pour y mettre de petites affaires devant \u00eatre \u00e0 port\u00e9e de main. Un billet de train ou d\u2019avion, une pi\u00e8ce d\u2019identit\u00e9, un porte-monnaie.<\/p>\n\n\n\n<p>Un clip relie sur la poitrine, de fa\u00e7on ajustable, les deux courroies du sac \u00e0 dos. Les cyclistes y trouveront un moyen de le maintenir bien fixe tandis qu\u2019ils p\u00e9dalent. Vous voyez, \u00e0 la belle mati\u00e8re qui fait l\u2019enveloppe, ont \u00e9t\u00e9 ajout\u00e9es de ces petites attentions qui font la diff\u00e9rence. On ne serait pas complet si on n\u2019\u00e9voquait pas le rapport qualit\u00e9-prix tr\u00e8s, mais vraiment tr\u00e8s, comp\u00e9titif. Vous saurez tout ici&nbsp;: <a href=\"https:\/\/www.along-bag.com\/\">https:\/\/www.along-bag.com<\/a><\/p>\n\n\n\n<figure class=\"wp-block-image size-large\"><img decoding=\"async\" width=\"1024\" height=\"587\" src=\"https:\/\/sceaux-lagazette.fr\/wp-content\/uploads\/2022\/06\/Alix-Sacs-\u00e0-dos-2-1024x587.jpg\" alt=\"\" class=\"wp-image-7222\" srcset=\"https:\/\/sceaux-lagazette.fr\/wp-content\/uploads\/2022\/06\/Alix-Sacs-\u00e0-dos-2-1024x587.jpg 1024w, https:\/\/sceaux-lagazette.fr\/wp-content\/uploads\/2022\/06\/Alix-Sacs-\u00e0-dos-2-300x172.jpg 300w, https:\/\/sceaux-lagazette.fr\/wp-content\/uploads\/2022\/06\/Alix-Sacs-\u00e0-dos-2-768x440.jpg 768w, https:\/\/sceaux-lagazette.fr\/wp-content\/uploads\/2022\/06\/Alix-Sacs-\u00e0-dos-2.jpg 1177w\" sizes=\"(max-width: 1024px) 100vw, 1024px\" \/><figcaption>Source : along-bag.com<\/figcaption><\/figure>\n\n\n\n<p><\/p>\n","protected":false},"excerpt":{"rendered":"<p>Les vacances arrivent. Il faut bouger et s&rsquo;\u00e9quiper. A la Manufacture, lors de la rencontre de mai, Alix pr\u00e9sentait un produit \u00e0 la fois des plus communs et des plus ing\u00e9nieux. Elle eut des mots pour en parler&nbsp;: modularit\u00e9 et polyvalence. Sa marque de sacs \u00e0 dos a un nom&nbsp;:&#8230;<\/p>\n","protected":false},"author":6,"featured_media":7221,"comment_status":"open","ping_status":"open","sticky":false,"template":"","format":"standard","meta":{"om_disable_all_campaigns":false,"_monsterinsights_skip_tracking":false,"_monsterinsights_sitenote_active":false,"_monsterinsights_sitenote_note":"","_monsterinsights_sitenote_category":0,"_uf_show_specific_survey":0,"_uf_disable_surveys":false,"footnotes":""},"categories":[260,59],"tags":[],"class_list":["post-7220","post","type-post","status-publish","format-standard","has-post-thumbnail","hentry","category-echos-du-fablab","category-portraits","entry","simple"],"yoast_head":"<!-- This site is optimized with the Yoast SEO plugin v25.6 - https:\/\/yoast.com\/wordpress\/plugins\/seo\/ -->\n<title>Le sac \u00e0 dos de toutes les improvisations - La Gazette<\/title>\n<meta name=\"robots\" content=\"index, follow, max-snippet:-1, max-image-preview:large, max-video-preview:-1\" \/>\n<link rel=\"canonical\" href=\"https:\/\/sceaux-lagazette.fr\/index.php\/2022\/07\/01\/le-sac-a-dos-de-toutes-les-improvisations\/\" \/>\n<meta property=\"og:locale\" content=\"fr_FR\" \/>\n<meta property=\"og:type\" content=\"article\" \/>\n<meta property=\"og:title\" content=\"Le sac \u00e0 dos de toutes les improvisations - La Gazette\" \/>\n<meta property=\"og:description\" content=\"Les vacances arrivent. Il faut bouger et s&rsquo;\u00e9quiper. A la Manufacture, lors de la rencontre de mai, Alix pr\u00e9sentait un produit \u00e0 la fois des plus communs et des plus ing\u00e9nieux. Elle eut des mots pour en parler&nbsp;: modularit\u00e9 et polyvalence. Sa marque de sacs \u00e0 dos a un nom&nbsp;:&#8230;\" \/>\n<meta property=\"og:url\" content=\"https:\/\/sceaux-lagazette.fr\/index.php\/2022\/07\/01\/le-sac-a-dos-de-toutes-les-improvisations\/\" \/>\n<meta property=\"og:site_name\" content=\"La Gazette\" \/>\n<meta property=\"article:published_time\" content=\"2022-07-01T07:30:11+00:00\" \/>\n<meta property=\"og:image\" content=\"https:\/\/sceaux-lagazette.fr\/wp-content\/uploads\/2022\/06\/Alix-Sacs-\u00e0-dos-1.jpg\" \/>\n\t<meta property=\"og:image:width\" content=\"1293\" \/>\n\t<meta property=\"og:image:height\" content=\"668\" \/>\n\t<meta property=\"og:image:type\" content=\"image\/jpeg\" \/>\n<meta name=\"author\" content=\"Maurice Zytnicki\" \/>\n<meta name=\"twitter:card\" content=\"summary_large_image\" \/>\n<meta name=\"twitter:label1\" content=\"\u00c9crit par\" \/>\n\t<meta name=\"twitter:data1\" content=\"Maurice Zytnicki\" \/>\n\t<meta name=\"twitter:label2\" content=\"Dur\u00e9e de lecture estim\u00e9e\" \/>\n\t<meta name=\"twitter:data2\" content=\"3 minutes\" \/>\n<script type=\"application\/ld+json\" class=\"yoast-schema-graph\">{\"@context\":\"https:\/\/schema.org\",\"@graph\":[{\"@type\":\"Article\",\"@id\":\"https:\/\/sceaux-lagazette.fr\/index.php\/2022\/07\/01\/le-sac-a-dos-de-toutes-les-improvisations\/#article\",\"isPartOf\":{\"@id\":\"https:\/\/sceaux-lagazette.fr\/index.php\/2022\/07\/01\/le-sac-a-dos-de-toutes-les-improvisations\/\"},\"author\":{\"name\":\"Maurice Zytnicki\",\"@id\":\"https:\/\/sceaux-lagazette.fr\/#\/schema\/person\/060ab8fc058c4220d9079707a58da9f1\"},\"headline\":\"Le sac \u00e0 dos de toutes les improvisations\",\"datePublished\":\"2022-07-01T07:30:11+00:00\",\"mainEntityOfPage\":{\"@id\":\"https:\/\/sceaux-lagazette.fr\/index.php\/2022\/07\/01\/le-sac-a-dos-de-toutes-les-improvisations\/\"},\"wordCount\":692,\"commentCount\":0,\"publisher\":{\"@id\":\"https:\/\/sceaux-lagazette.fr\/#organization\"},\"image\":{\"@id\":\"https:\/\/sceaux-lagazette.fr\/index.php\/2022\/07\/01\/le-sac-a-dos-de-toutes-les-improvisations\/#primaryimage\"},\"thumbnailUrl\":\"https:\/\/sceaux-lagazette.fr\/wp-content\/uploads\/2022\/06\/Alix-Sacs-\u00e0-dos-1.jpg\",\"articleSection\":[\"Echos du FabLab\",\"Portraits\"],\"inLanguage\":\"fr-FR\",\"potentialAction\":[{\"@type\":\"CommentAction\",\"name\":\"Comment\",\"target\":[\"https:\/\/sceaux-lagazette.fr\/index.php\/2022\/07\/01\/le-sac-a-dos-de-toutes-les-improvisations\/#respond\"]}]},{\"@type\":\"WebPage\",\"@id\":\"https:\/\/sceaux-lagazette.fr\/index.php\/2022\/07\/01\/le-sac-a-dos-de-toutes-les-improvisations\/\",\"url\":\"https:\/\/sceaux-lagazette.fr\/index.php\/2022\/07\/01\/le-sac-a-dos-de-toutes-les-improvisations\/\",\"name\":\"Le sac \u00e0 dos de toutes les improvisations - La Gazette\",\"isPartOf\":{\"@id\":\"https:\/\/sceaux-lagazette.fr\/#website\"},\"primaryImageOfPage\":{\"@id\":\"https:\/\/sceaux-lagazette.fr\/index.php\/2022\/07\/01\/le-sac-a-dos-de-toutes-les-improvisations\/#primaryimage\"},\"image\":{\"@id\":\"https:\/\/sceaux-lagazette.fr\/index.php\/2022\/07\/01\/le-sac-a-dos-de-toutes-les-improvisations\/#primaryimage\"},\"thumbnailUrl\":\"https:\/\/sceaux-lagazette.fr\/wp-content\/uploads\/2022\/06\/Alix-Sacs-\u00e0-dos-1.jpg\",\"datePublished\":\"2022-07-01T07:30:11+00:00\",\"breadcrumb\":{\"@id\":\"https:\/\/sceaux-lagazette.fr\/index.php\/2022\/07\/01\/le-sac-a-dos-de-toutes-les-improvisations\/#breadcrumb\"},\"inLanguage\":\"fr-FR\",\"potentialAction\":[{\"@type\":\"ReadAction\",\"target\":[\"https:\/\/sceaux-lagazette.fr\/index.php\/2022\/07\/01\/le-sac-a-dos-de-toutes-les-improvisations\/\"]}]},{\"@type\":\"ImageObject\",\"inLanguage\":\"fr-FR\",\"@id\":\"https:\/\/sceaux-lagazette.fr\/index.php\/2022\/07\/01\/le-sac-a-dos-de-toutes-les-improvisations\/#primaryimage\",\"url\":\"https:\/\/sceaux-lagazette.fr\/wp-content\/uploads\/2022\/06\/Alix-Sacs-\u00e0-dos-1.jpg\",\"contentUrl\":\"https:\/\/sceaux-lagazette.fr\/wp-content\/uploads\/2022\/06\/Alix-Sacs-\u00e0-dos-1.jpg\",\"width\":1293,\"height\":668},{\"@type\":\"BreadcrumbList\",\"@id\":\"https:\/\/sceaux-lagazette.fr\/index.php\/2022\/07\/01\/le-sac-a-dos-de-toutes-les-improvisations\/#breadcrumb\",\"itemListElement\":[{\"@type\":\"ListItem\",\"position\":1,\"name\":\"Accueil\",\"item\":\"https:\/\/sceaux-lagazette.fr\/\"},{\"@type\":\"ListItem\",\"position\":2,\"name\":\"Le sac \u00e0 dos de toutes les improvisations\"}]},{\"@type\":\"WebSite\",\"@id\":\"https:\/\/sceaux-lagazette.fr\/#website\",\"url\":\"https:\/\/sceaux-lagazette.fr\/\",\"name\":\"La Gazette\",\"description\":\"Bourg-la-Reine, Ch\u00e2tenay, Fontenay, Sceaux\",\"publisher\":{\"@id\":\"https:\/\/sceaux-lagazette.fr\/#organization\"},\"potentialAction\":[{\"@type\":\"SearchAction\",\"target\":{\"@type\":\"EntryPoint\",\"urlTemplate\":\"https:\/\/sceaux-lagazette.fr\/?s={search_term_string}\"},\"query-input\":{\"@type\":\"PropertyValueSpecification\",\"valueRequired\":true,\"valueName\":\"search_term_string\"}}],\"inLanguage\":\"fr-FR\"},{\"@type\":\"Organization\",\"@id\":\"https:\/\/sceaux-lagazette.fr\/#organization\",\"name\":\"La Gazette\",\"url\":\"https:\/\/sceaux-lagazette.fr\/\",\"logo\":{\"@type\":\"ImageObject\",\"inLanguage\":\"fr-FR\",\"@id\":\"https:\/\/sceaux-lagazette.fr\/#\/schema\/logo\/image\/\",\"url\":\"https:\/\/sceaux-lagazette.fr\/wp-content\/uploads\/2025\/08\/Logo-Gazette-Aout-2025-V3.jpg\",\"contentUrl\":\"https:\/\/sceaux-lagazette.fr\/wp-content\/uploads\/2025\/08\/Logo-Gazette-Aout-2025-V3.jpg\",\"width\":525,\"height\":130,\"caption\":\"La Gazette\"},\"image\":{\"@id\":\"https:\/\/sceaux-lagazette.fr\/#\/schema\/logo\/image\/\"}},{\"@type\":\"Person\",\"@id\":\"https:\/\/sceaux-lagazette.fr\/#\/schema\/person\/060ab8fc058c4220d9079707a58da9f1\",\"name\":\"Maurice Zytnicki\",\"image\":{\"@type\":\"ImageObject\",\"inLanguage\":\"fr-FR\",\"@id\":\"https:\/\/sceaux-lagazette.fr\/#\/schema\/person\/image\/\",\"url\":\"https:\/\/secure.gravatar.com\/avatar\/d94d30d6fa0e9cb7af48a89366fc0cdb?s=96&r=g\",\"contentUrl\":\"https:\/\/secure.gravatar.com\/avatar\/d94d30d6fa0e9cb7af48a89366fc0cdb?s=96&r=g\",\"caption\":\"Maurice Zytnicki\"},\"url\":\"https:\/\/sceaux-lagazette.fr\/index.php\/author\/maurice\/\"}]}<\/script>\n<!-- \/ Yoast SEO plugin. -->","yoast_head_json":{"title":"Le sac \u00e0 dos de toutes les improvisations - La Gazette","robots":{"index":"index","follow":"follow","max-snippet":"max-snippet:-1","max-image-preview":"max-image-preview:large","max-video-preview":"max-video-preview:-1"},"canonical":"https:\/\/sceaux-lagazette.fr\/index.php\/2022\/07\/01\/le-sac-a-dos-de-toutes-les-improvisations\/","og_locale":"fr_FR","og_type":"article","og_title":"Le sac \u00e0 dos de toutes les improvisations - La Gazette","og_description":"Les vacances arrivent. Il faut bouger et s&rsquo;\u00e9quiper. A la Manufacture, lors de la rencontre de mai, Alix pr\u00e9sentait un produit \u00e0 la fois des plus communs et des plus ing\u00e9nieux. Elle eut des mots pour en parler&nbsp;: modularit\u00e9 et polyvalence. Sa marque de sacs \u00e0 dos a un nom&nbsp;:&#8230;","og_url":"https:\/\/sceaux-lagazette.fr\/index.php\/2022\/07\/01\/le-sac-a-dos-de-toutes-les-improvisations\/","og_site_name":"La Gazette","article_published_time":"2022-07-01T07:30:11+00:00","og_image":[{"width":1293,"height":668,"url":"https:\/\/sceaux-lagazette.fr\/wp-content\/uploads\/2022\/06\/Alix-Sacs-\u00e0-dos-1.jpg","type":"image\/jpeg"}],"author":"Maurice Zytnicki","twitter_card":"summary_large_image","twitter_misc":{"\u00c9crit par":"Maurice Zytnicki","Dur\u00e9e de lecture estim\u00e9e":"3 minutes"},"schema":{"@context":"https:\/\/schema.org","@graph":[{"@type":"Article","@id":"https:\/\/sceaux-lagazette.fr\/index.php\/2022\/07\/01\/le-sac-a-dos-de-toutes-les-improvisations\/#article","isPartOf":{"@id":"https:\/\/sceaux-lagazette.fr\/index.php\/2022\/07\/01\/le-sac-a-dos-de-toutes-les-improvisations\/"},"author":{"name":"Maurice Zytnicki","@id":"https:\/\/sceaux-lagazette.fr\/#\/schema\/person\/060ab8fc058c4220d9079707a58da9f1"},"headline":"Le sac \u00e0 dos de toutes les improvisations","datePublished":"2022-07-01T07:30:11+00:00","mainEntityOfPage":{"@id":"https:\/\/sceaux-lagazette.fr\/index.php\/2022\/07\/01\/le-sac-a-dos-de-toutes-les-improvisations\/"},"wordCount":692,"commentCount":0,"publisher":{"@id":"https:\/\/sceaux-lagazette.fr\/#organization"},"image":{"@id":"https:\/\/sceaux-lagazette.fr\/index.php\/2022\/07\/01\/le-sac-a-dos-de-toutes-les-improvisations\/#primaryimage"},"thumbnailUrl":"https:\/\/sceaux-lagazette.fr\/wp-content\/uploads\/2022\/06\/Alix-Sacs-\u00e0-dos-1.jpg","articleSection":["Echos du FabLab","Portraits"],"inLanguage":"fr-FR","potentialAction":[{"@type":"CommentAction","name":"Comment","target":["https:\/\/sceaux-lagazette.fr\/index.php\/2022\/07\/01\/le-sac-a-dos-de-toutes-les-improvisations\/#respond"]}]},{"@type":"WebPage","@id":"https:\/\/sceaux-lagazette.fr\/index.php\/2022\/07\/01\/le-sac-a-dos-de-toutes-les-improvisations\/","url":"https:\/\/sceaux-lagazette.fr\/index.php\/2022\/07\/01\/le-sac-a-dos-de-toutes-les-improvisations\/","name":"Le sac \u00e0 dos de toutes les improvisations - La Gazette","isPartOf":{"@id":"https:\/\/sceaux-lagazette.fr\/#website"},"primaryImageOfPage":{"@id":"https:\/\/sceaux-lagazette.fr\/index.php\/2022\/07\/01\/le-sac-a-dos-de-toutes-les-improvisations\/#primaryimage"},"image":{"@id":"https:\/\/sceaux-lagazette.fr\/index.php\/2022\/07\/01\/le-sac-a-dos-de-toutes-les-improvisations\/#primaryimage"},"thumbnailUrl":"https:\/\/sceaux-lagazette.fr\/wp-content\/uploads\/2022\/06\/Alix-Sacs-\u00e0-dos-1.jpg","datePublished":"2022-07-01T07:30:11+00:00","breadcrumb":{"@id":"https:\/\/sceaux-lagazette.fr\/index.php\/2022\/07\/01\/le-sac-a-dos-de-toutes-les-improvisations\/#breadcrumb"},"inLanguage":"fr-FR","potentialAction":[{"@type":"ReadAction","target":["https:\/\/sceaux-lagazette.fr\/index.php\/2022\/07\/01\/le-sac-a-dos-de-toutes-les-improvisations\/"]}]},{"@type":"ImageObject","inLanguage":"fr-FR","@id":"https:\/\/sceaux-lagazette.fr\/index.php\/2022\/07\/01\/le-sac-a-dos-de-toutes-les-improvisations\/#primaryimage","url":"https:\/\/sceaux-lagazette.fr\/wp-content\/uploads\/2022\/06\/Alix-Sacs-\u00e0-dos-1.jpg","contentUrl":"https:\/\/sceaux-lagazette.fr\/wp-content\/uploads\/2022\/06\/Alix-Sacs-\u00e0-dos-1.jpg","width":1293,"height":668},{"@type":"BreadcrumbList","@id":"https:\/\/sceaux-lagazette.fr\/index.php\/2022\/07\/01\/le-sac-a-dos-de-toutes-les-improvisations\/#breadcrumb","itemListElement":[{"@type":"ListItem","position":1,"name":"Accueil","item":"https:\/\/sceaux-lagazette.fr\/"},{"@type":"ListItem","position":2,"name":"Le sac \u00e0 dos de toutes les improvisations"}]},{"@type":"WebSite","@id":"https:\/\/sceaux-lagazette.fr\/#website","url":"https:\/\/sceaux-lagazette.fr\/","name":"La Gazette","description":"Bourg-la-Reine, Ch\u00e2tenay, Fontenay, Sceaux","publisher":{"@id":"https:\/\/sceaux-lagazette.fr\/#organization"},"potentialAction":[{"@type":"SearchAction","target":{"@type":"EntryPoint","urlTemplate":"https:\/\/sceaux-lagazette.fr\/?s={search_term_string}"},"query-input":{"@type":"PropertyValueSpecification","valueRequired":true,"valueName":"search_term_string"}}],"inLanguage":"fr-FR"},{"@type":"Organization","@id":"https:\/\/sceaux-lagazette.fr\/#organization","name":"La Gazette","url":"https:\/\/sceaux-lagazette.fr\/","logo":{"@type":"ImageObject","inLanguage":"fr-FR","@id":"https:\/\/sceaux-lagazette.fr\/#\/schema\/logo\/image\/","url":"https:\/\/sceaux-lagazette.fr\/wp-content\/uploads\/2025\/08\/Logo-Gazette-Aout-2025-V3.jpg","contentUrl":"https:\/\/sceaux-lagazette.fr\/wp-content\/uploads\/2025\/08\/Logo-Gazette-Aout-2025-V3.jpg","width":525,"height":130,"caption":"La Gazette"},"image":{"@id":"https:\/\/sceaux-lagazette.fr\/#\/schema\/logo\/image\/"}},{"@type":"Person","@id":"https:\/\/sceaux-lagazette.fr\/#\/schema\/person\/060ab8fc058c4220d9079707a58da9f1","name":"Maurice Zytnicki","image":{"@type":"ImageObject","inLanguage":"fr-FR","@id":"https:\/\/sceaux-lagazette.fr\/#\/schema\/person\/image\/","url":"https:\/\/secure.gravatar.com\/avatar\/d94d30d6fa0e9cb7af48a89366fc0cdb?s=96&r=g","contentUrl":"https:\/\/secure.gravatar.com\/avatar\/d94d30d6fa0e9cb7af48a89366fc0cdb?s=96&r=g","caption":"Maurice Zytnicki"},"url":"https:\/\/sceaux-lagazette.fr\/index.php\/author\/maurice\/"}]}},"cc_featured_image_caption":{"caption_text":"Source : along-bag.com","source_text":"","source_url":""},"_links":{"self":[{"href":"https:\/\/sceaux-lagazette.fr\/index.php\/wp-json\/wp\/v2\/posts\/7220"}],"collection":[{"href":"https:\/\/sceaux-lagazette.fr\/index.php\/wp-json\/wp\/v2\/posts"}],"about":[{"href":"https:\/\/sceaux-lagazette.fr\/index.php\/wp-json\/wp\/v2\/types\/post"}],"author":[{"embeddable":true,"href":"https:\/\/sceaux-lagazette.fr\/index.php\/wp-json\/wp\/v2\/users\/6"}],"replies":[{"embeddable":true,"href":"https:\/\/sceaux-lagazette.fr\/index.php\/wp-json\/wp\/v2\/comments?post=7220"}],"version-history":[{"count":3,"href":"https:\/\/sceaux-lagazette.fr\/index.php\/wp-json\/wp\/v2\/posts\/7220\/revisions"}],"predecessor-version":[{"id":7226,"href":"https:\/\/sceaux-lagazette.fr\/index.php\/wp-json\/wp\/v2\/posts\/7220\/revisions\/7226"}],"wp:featuredmedia":[{"embeddable":true,"href":"https:\/\/sceaux-lagazette.fr\/index.php\/wp-json\/wp\/v2\/media\/7221"}],"wp:attachment":[{"href":"https:\/\/sceaux-lagazette.fr\/index.php\/wp-json\/wp\/v2\/media?parent=7220"}],"wp:term":[{"taxonomy":"category","embeddable":true,"href":"https:\/\/sceaux-lagazette.fr\/index.php\/wp-json\/wp\/v2\/categories?post=7220"},{"taxonomy":"post_tag","embeddable":true,"href":"https:\/\/sceaux-lagazette.fr\/index.php\/wp-json\/wp\/v2\/tags?post=7220"}],"curies":[{"name":"wp","href":"https:\/\/api.w.org\/{rel}","templated":true}]}}