{"id":715,"date":"2020-05-19T11:28:01","date_gmt":"2020-05-19T09:28:01","guid":{"rendered":"http:\/\/sceaux-lagazette.fr\/?p=715"},"modified":"2020-05-27T22:38:29","modified_gmt":"2020-05-27T20:38:29","slug":"coulee-verte-oui-non","status":"publish","type":"post","link":"https:\/\/sceaux-lagazette.fr\/index.php\/2020\/05\/19\/coulee-verte-oui-non\/","title":{"rendered":"Coul\u00e9e verte : oui? non ?"},"content":{"rendered":"\n<p>La Coul\u00e9e verte est une solution id\u00e9ale et s\u00e9curis\u00e9e pour circuler \u00e0 pieds ou \u00e0 v\u00e9lo, entre Massy et Paris. Elle \u00e9vite d&rsquo;une part la promiscuit\u00e9 des transports en commun, et d&rsquo;autre part la pollution ! <br>Mais \u00e0 la surprise des cyclistes et autres marcheurs qui l&rsquo;ont emprunt\u00e9e d\u00e8s l&rsquo;annonce de la ministre Elisabeth Borne la semaine derni\u00e8re, le tron\u00e7on traversant Chatenay-Malabry \u00e9tait bel et bien ferm\u00e9&#8230; <\/p>\n\n\n\n<p>Question: la Coul\u00e9e verte est-elle ou..verte ou\u2026 ferm\u00e9e\u2026 ? <\/p>\n\n\n\n<div class=\"wp-block-image\"><figure class=\"alignright size-medium\"><img decoding=\"async\" width=\"300\" height=\"225\" src=\"http:\/\/sceaux-lagazette.fr\/wp-content\/uploads\/2020\/05\/un-homme-en-v\u00e9lo-de-montagne-images-photos-gratuites1-1560x1170-1-300x225.jpg\" alt=\"\" class=\"wp-image-720\" srcset=\"https:\/\/sceaux-lagazette.fr\/wp-content\/uploads\/2020\/05\/un-homme-en-v\u00e9lo-de-montagne-images-photos-gratuites1-1560x1170-1-300x225.jpg 300w, https:\/\/sceaux-lagazette.fr\/wp-content\/uploads\/2020\/05\/un-homme-en-v\u00e9lo-de-montagne-images-photos-gratuites1-1560x1170-1-1024x768.jpg 1024w, https:\/\/sceaux-lagazette.fr\/wp-content\/uploads\/2020\/05\/un-homme-en-v\u00e9lo-de-montagne-images-photos-gratuites1-1560x1170-1-768x576.jpg 768w, https:\/\/sceaux-lagazette.fr\/wp-content\/uploads\/2020\/05\/un-homme-en-v\u00e9lo-de-montagne-images-photos-gratuites1-1560x1170-1-1536x1152.jpg 1536w, https:\/\/sceaux-lagazette.fr\/wp-content\/uploads\/2020\/05\/un-homme-en-v\u00e9lo-de-montagne-images-photos-gratuites1-1560x1170-1.jpg 1560w\" sizes=\"(max-width: 300px) 100vw, 300px\" \/><\/figure><\/div>\n\n\n\n<p>L&rsquo;auteur des lignes ci dessus, \u00e9crites lundi 18 mai au matin, se demandait quel imbroglio administratif avait pu g\u00e9n\u00e9rer une situation quelque peu ubuesque !<\/p>\n\n\n\n<p>Mais lundi 18 au soir, le Collectif V\u00e9lo Vall\u00e9e Sud Grand Paris, tout en estimant que la Coul\u00e9e verte \u00e9tait un axe majeur pour aller en v\u00e9lo au travail, relayait un tweet du d\u00e9partement des Hauts de Seine, post\u00e9 le 18 mai \u00e0 17 H 30 : <\/p>\n\n\n\n<p><em>\u00ab\u00a0A la demande du Pr\u00e9sident <a href=\"https:\/\/twitter.com\/hashtag\/GeorgesSiffredi?src=hashtag_click\">#GeorgesSiffredi<\/a>, les services <a href=\"https:\/\/twitter.com\/Prefet\">@Prefet<\/a> autorise d\u00e8s cet apr\u00e8s-midi le D\u00e9partement \u00e0 proc\u00e9der \u00e0 son ouverture en tant qu&rsquo;itin\u00e9raire r\u00e9serv\u00e9e aux <a href=\"https:\/\/twitter.com\/hashtag\/mobilit\u00e9sdouces?src=hashtag_click\">#mobilit\u00e9sdouces<\/a> et trajet domicile &lt;&gt; travail MAIS interdit aux promenades et ferm\u00e9 le <a href=\"https:\/\/twitter.com\/hashtag\/weekend?src=hashtag_click\">#weekend<\/a>\u00ab\u00a0<\/em><\/p>\n\n\n\n<p>Si on comprend bien le tweet, Georges Siffredi, premier vice-pr\u00e9sident du conseil g\u00e9n\u00e9ral, et pr\u00e9sident par int\u00e9rim depuis le d\u00e9c\u00e8s de Patrick Devedjian, candidat \u00e0 la succession de celui-ci, a demand\u00e9 au pr\u00e9fet l&rsquo;ouverture de la coul\u00e9e verte. Cela se comprend. Sauf que le m\u00eame Georges Siffredi, maire de Ch\u00e2tenay-Malabry, a sign\u00e9 un arr\u00eat\u00e9 le 11 mai, toujours affich\u00e9 sur les barri\u00e8res de la coul\u00e9e verte, interdisant l&rsquo;acc\u00e8s au parcs et jardins.<\/p>\n\n\n\n<p>Son sang ne fait qu&rsquo;un tour et la Gazette de Sceaux se transporte sur place d\u00e8s le mardi 19 au matin. Si l&rsquo;on part du croisement de la rue Houdan et de la Coul\u00e9e verte et qu&rsquo;on se dirige vers Ch\u00e2tenay, \u00e0 la limite des deux communes, on voit que les barri\u00e8res ont \u00e9t\u00e9 \u00e9cart\u00e9es.<br>Le temps de faire l&rsquo;aller et retour \u00e0 pied, 17 v\u00e9los sont pass\u00e9s en direction de Paris et 7 dans le sens oppos\u00e9. A l&rsquo;exception d&rsquo;un seul, les cyclistes allaient manifestement au travail, du moins si on en juge par leur \u00e9quipement (sac \u00e0 dos ou sacoches).<\/p>\n\n\n\n<p>Il y avait aussi des joggeurs et des promeneurs. <br>Esp\u00e9rons qu&rsquo;avec un peu de lubrifiant, la cha\u00eene de transmission retrouvera sa performance.   <\/p>\n","protected":false},"excerpt":{"rendered":"<p>La Coul\u00e9e verte est une solution id\u00e9ale et s\u00e9curis\u00e9e pour circuler \u00e0 pieds ou \u00e0 v\u00e9lo, entre Massy et Paris. Elle \u00e9vite d&rsquo;une part la promiscuit\u00e9 des transports en commun, et d&rsquo;autre part la pollution ! Mais \u00e0 la surprise des cyclistes et autres marcheurs qui l&rsquo;ont emprunt\u00e9e d\u00e8s l&rsquo;annonce&#8230;<\/p>\n","protected":false},"author":14,"featured_media":0,"comment_status":"open","ping_status":"open","sticky":false,"template":"","format":"standard","meta":{"om_disable_all_campaigns":false,"_monsterinsights_skip_tracking":false,"_monsterinsights_sitenote_active":false,"_monsterinsights_sitenote_note":"","_monsterinsights_sitenote_category":0,"_uf_show_specific_survey":0,"_uf_disable_surveys":false,"footnotes":""},"categories":[5],"tags":[95,73],"class_list":["post-715","post","type-post","status-publish","format-standard","hentry","category-des-quartiers-de-sceaux","tag-coulee-verte","tag-velo","entry","simple"],"yoast_head":"<!-- This site is optimized with the Yoast SEO plugin v25.6 - https:\/\/yoast.com\/wordpress\/plugins\/seo\/ -->\n<title>Coul\u00e9e verte : oui? non ? - La Gazette<\/title>\n<meta name=\"robots\" content=\"index, follow, max-snippet:-1, max-image-preview:large, max-video-preview:-1\" \/>\n<link rel=\"canonical\" href=\"https:\/\/sceaux-lagazette.fr\/index.php\/2020\/05\/19\/coulee-verte-oui-non\/\" \/>\n<meta property=\"og:locale\" content=\"fr_FR\" \/>\n<meta property=\"og:type\" content=\"article\" \/>\n<meta property=\"og:title\" content=\"Coul\u00e9e verte : oui? non ? - La Gazette\" \/>\n<meta property=\"og:description\" content=\"La Coul\u00e9e verte est une solution id\u00e9ale et s\u00e9curis\u00e9e pour circuler \u00e0 pieds ou \u00e0 v\u00e9lo, entre Massy et Paris. Elle \u00e9vite d&rsquo;une part la promiscuit\u00e9 des transports en commun, et d&rsquo;autre part la pollution ! Mais \u00e0 la surprise des cyclistes et autres marcheurs qui l&rsquo;ont emprunt\u00e9e d\u00e8s l&rsquo;annonce&#8230;\" \/>\n<meta property=\"og:url\" content=\"https:\/\/sceaux-lagazette.fr\/index.php\/2020\/05\/19\/coulee-verte-oui-non\/\" \/>\n<meta property=\"og:site_name\" content=\"La Gazette\" \/>\n<meta property=\"article:published_time\" content=\"2020-05-19T09:28:01+00:00\" \/>\n<meta property=\"article:modified_time\" content=\"2020-05-27T20:38:29+00:00\" \/>\n<meta property=\"og:image\" content=\"https:\/\/sceaux-lagazette.fr\/wp-content\/uploads\/2025\/12\/Logo-Titre-Gazette-2025-08.jpg\" \/>\n\t<meta property=\"og:image:width\" content=\"636\" \/>\n\t<meta property=\"og:image:height\" content=\"148\" \/>\n\t<meta property=\"og:image:type\" content=\"image\/jpeg\" \/>\n<meta name=\"author\" content=\"AA\" \/>\n<meta name=\"twitter:card\" content=\"summary_large_image\" \/>\n<meta name=\"twitter:label1\" content=\"\u00c9crit par\" \/>\n\t<meta name=\"twitter:data1\" content=\"AA\" \/>\n\t<meta name=\"twitter:label2\" content=\"Dur\u00e9e de lecture estim\u00e9e\" \/>\n\t<meta name=\"twitter:data2\" content=\"2 minutes\" \/>\n<script type=\"application\/ld+json\" class=\"yoast-schema-graph\">{\"@context\":\"https:\/\/schema.org\",\"@graph\":[{\"@type\":\"Article\",\"@id\":\"https:\/\/sceaux-lagazette.fr\/index.php\/2020\/05\/19\/coulee-verte-oui-non\/#article\",\"isPartOf\":{\"@id\":\"https:\/\/sceaux-lagazette.fr\/index.php\/2020\/05\/19\/coulee-verte-oui-non\/\"},\"author\":{\"name\":\"AA\",\"@id\":\"https:\/\/sceaux-lagazette.fr\/#\/schema\/person\/957f441f9b5bc9256a2b276d82085ba7\"},\"headline\":\"Coul\u00e9e verte : oui? non ?\",\"datePublished\":\"2020-05-19T09:28:01+00:00\",\"dateModified\":\"2020-05-27T20:38:29+00:00\",\"mainEntityOfPage\":{\"@id\":\"https:\/\/sceaux-lagazette.fr\/index.php\/2020\/05\/19\/coulee-verte-oui-non\/\"},\"wordCount\":433,\"commentCount\":0,\"publisher\":{\"@id\":\"https:\/\/sceaux-lagazette.fr\/#organization\"},\"keywords\":[\"\\\"Coul\u00e9e verte\\\"\",\"V\u00e9lo\"],\"articleSection\":[\"Quartiers\"],\"inLanguage\":\"fr-FR\",\"potentialAction\":[{\"@type\":\"CommentAction\",\"name\":\"Comment\",\"target\":[\"https:\/\/sceaux-lagazette.fr\/index.php\/2020\/05\/19\/coulee-verte-oui-non\/#respond\"]}]},{\"@type\":\"WebPage\",\"@id\":\"https:\/\/sceaux-lagazette.fr\/index.php\/2020\/05\/19\/coulee-verte-oui-non\/\",\"url\":\"https:\/\/sceaux-lagazette.fr\/index.php\/2020\/05\/19\/coulee-verte-oui-non\/\",\"name\":\"Coul\u00e9e verte : oui? non ? - La Gazette\",\"isPartOf\":{\"@id\":\"https:\/\/sceaux-lagazette.fr\/#website\"},\"datePublished\":\"2020-05-19T09:28:01+00:00\",\"dateModified\":\"2020-05-27T20:38:29+00:00\",\"breadcrumb\":{\"@id\":\"https:\/\/sceaux-lagazette.fr\/index.php\/2020\/05\/19\/coulee-verte-oui-non\/#breadcrumb\"},\"inLanguage\":\"fr-FR\",\"potentialAction\":[{\"@type\":\"ReadAction\",\"target\":[\"https:\/\/sceaux-lagazette.fr\/index.php\/2020\/05\/19\/coulee-verte-oui-non\/\"]}]},{\"@type\":\"BreadcrumbList\",\"@id\":\"https:\/\/sceaux-lagazette.fr\/index.php\/2020\/05\/19\/coulee-verte-oui-non\/#breadcrumb\",\"itemListElement\":[{\"@type\":\"ListItem\",\"position\":1,\"name\":\"Accueil\",\"item\":\"https:\/\/sceaux-lagazette.fr\/\"},{\"@type\":\"ListItem\",\"position\":2,\"name\":\"Coul\u00e9e verte : oui? non ?\"}]},{\"@type\":\"WebSite\",\"@id\":\"https:\/\/sceaux-lagazette.fr\/#website\",\"url\":\"https:\/\/sceaux-lagazette.fr\/\",\"name\":\"La Gazette\",\"description\":\"Bourg-la-Reine, Ch\u00e2tenay, Fontenay, Sceaux\",\"publisher\":{\"@id\":\"https:\/\/sceaux-lagazette.fr\/#organization\"},\"potentialAction\":[{\"@type\":\"SearchAction\",\"target\":{\"@type\":\"EntryPoint\",\"urlTemplate\":\"https:\/\/sceaux-lagazette.fr\/?s={search_term_string}\"},\"query-input\":{\"@type\":\"PropertyValueSpecification\",\"valueRequired\":true,\"valueName\":\"search_term_string\"}}],\"inLanguage\":\"fr-FR\"},{\"@type\":\"Organization\",\"@id\":\"https:\/\/sceaux-lagazette.fr\/#organization\",\"name\":\"La Gazette\",\"url\":\"https:\/\/sceaux-lagazette.fr\/\",\"logo\":{\"@type\":\"ImageObject\",\"inLanguage\":\"fr-FR\",\"@id\":\"https:\/\/sceaux-lagazette.fr\/#\/schema\/logo\/image\/\",\"url\":\"https:\/\/sceaux-lagazette.fr\/wp-content\/uploads\/2025\/08\/Logo-Gazette-Aout-2025-V3.jpg\",\"contentUrl\":\"https:\/\/sceaux-lagazette.fr\/wp-content\/uploads\/2025\/08\/Logo-Gazette-Aout-2025-V3.jpg\",\"width\":525,\"height\":130,\"caption\":\"La Gazette\"},\"image\":{\"@id\":\"https:\/\/sceaux-lagazette.fr\/#\/schema\/logo\/image\/\"}},{\"@type\":\"Person\",\"@id\":\"https:\/\/sceaux-lagazette.fr\/#\/schema\/person\/957f441f9b5bc9256a2b276d82085ba7\",\"name\":\"AA\",\"image\":{\"@type\":\"ImageObject\",\"inLanguage\":\"fr-FR\",\"@id\":\"https:\/\/sceaux-lagazette.fr\/#\/schema\/person\/image\/\",\"url\":\"https:\/\/secure.gravatar.com\/avatar\/23602a70e0483726ad2d4d3cffe08366?s=96&r=g\",\"contentUrl\":\"https:\/\/secure.gravatar.com\/avatar\/23602a70e0483726ad2d4d3cffe08366?s=96&r=g\",\"caption\":\"AA\"},\"url\":\"https:\/\/sceaux-lagazette.fr\/index.php\/author\/aa\/\"}]}<\/script>\n<!-- \/ Yoast SEO plugin. -->","yoast_head_json":{"title":"Coul\u00e9e verte : oui? non ? - La Gazette","robots":{"index":"index","follow":"follow","max-snippet":"max-snippet:-1","max-image-preview":"max-image-preview:large","max-video-preview":"max-video-preview:-1"},"canonical":"https:\/\/sceaux-lagazette.fr\/index.php\/2020\/05\/19\/coulee-verte-oui-non\/","og_locale":"fr_FR","og_type":"article","og_title":"Coul\u00e9e verte : oui? non ? - La Gazette","og_description":"La Coul\u00e9e verte est une solution id\u00e9ale et s\u00e9curis\u00e9e pour circuler \u00e0 pieds ou \u00e0 v\u00e9lo, entre Massy et Paris. Elle \u00e9vite d&rsquo;une part la promiscuit\u00e9 des transports en commun, et d&rsquo;autre part la pollution ! Mais \u00e0 la surprise des cyclistes et autres marcheurs qui l&rsquo;ont emprunt\u00e9e d\u00e8s l&rsquo;annonce&#8230;","og_url":"https:\/\/sceaux-lagazette.fr\/index.php\/2020\/05\/19\/coulee-verte-oui-non\/","og_site_name":"La Gazette","article_published_time":"2020-05-19T09:28:01+00:00","article_modified_time":"2020-05-27T20:38:29+00:00","og_image":[{"width":636,"height":148,"url":"https:\/\/sceaux-lagazette.fr\/wp-content\/uploads\/2025\/12\/Logo-Titre-Gazette-2025-08.jpg","type":"image\/jpeg"}],"author":"AA","twitter_card":"summary_large_image","twitter_misc":{"\u00c9crit par":"AA","Dur\u00e9e de lecture estim\u00e9e":"2 minutes"},"schema":{"@context":"https:\/\/schema.org","@graph":[{"@type":"Article","@id":"https:\/\/sceaux-lagazette.fr\/index.php\/2020\/05\/19\/coulee-verte-oui-non\/#article","isPartOf":{"@id":"https:\/\/sceaux-lagazette.fr\/index.php\/2020\/05\/19\/coulee-verte-oui-non\/"},"author":{"name":"AA","@id":"https:\/\/sceaux-lagazette.fr\/#\/schema\/person\/957f441f9b5bc9256a2b276d82085ba7"},"headline":"Coul\u00e9e verte : oui? non ?","datePublished":"2020-05-19T09:28:01+00:00","dateModified":"2020-05-27T20:38:29+00:00","mainEntityOfPage":{"@id":"https:\/\/sceaux-lagazette.fr\/index.php\/2020\/05\/19\/coulee-verte-oui-non\/"},"wordCount":433,"commentCount":0,"publisher":{"@id":"https:\/\/sceaux-lagazette.fr\/#organization"},"keywords":["\"Coul\u00e9e verte\"","V\u00e9lo"],"articleSection":["Quartiers"],"inLanguage":"fr-FR","potentialAction":[{"@type":"CommentAction","name":"Comment","target":["https:\/\/sceaux-lagazette.fr\/index.php\/2020\/05\/19\/coulee-verte-oui-non\/#respond"]}]},{"@type":"WebPage","@id":"https:\/\/sceaux-lagazette.fr\/index.php\/2020\/05\/19\/coulee-verte-oui-non\/","url":"https:\/\/sceaux-lagazette.fr\/index.php\/2020\/05\/19\/coulee-verte-oui-non\/","name":"Coul\u00e9e verte : oui? non ? - La Gazette","isPartOf":{"@id":"https:\/\/sceaux-lagazette.fr\/#website"},"datePublished":"2020-05-19T09:28:01+00:00","dateModified":"2020-05-27T20:38:29+00:00","breadcrumb":{"@id":"https:\/\/sceaux-lagazette.fr\/index.php\/2020\/05\/19\/coulee-verte-oui-non\/#breadcrumb"},"inLanguage":"fr-FR","potentialAction":[{"@type":"ReadAction","target":["https:\/\/sceaux-lagazette.fr\/index.php\/2020\/05\/19\/coulee-verte-oui-non\/"]}]},{"@type":"BreadcrumbList","@id":"https:\/\/sceaux-lagazette.fr\/index.php\/2020\/05\/19\/coulee-verte-oui-non\/#breadcrumb","itemListElement":[{"@type":"ListItem","position":1,"name":"Accueil","item":"https:\/\/sceaux-lagazette.fr\/"},{"@type":"ListItem","position":2,"name":"Coul\u00e9e verte : oui? non ?"}]},{"@type":"WebSite","@id":"https:\/\/sceaux-lagazette.fr\/#website","url":"https:\/\/sceaux-lagazette.fr\/","name":"La Gazette","description":"Bourg-la-Reine, Ch\u00e2tenay, Fontenay, Sceaux","publisher":{"@id":"https:\/\/sceaux-lagazette.fr\/#organization"},"potentialAction":[{"@type":"SearchAction","target":{"@type":"EntryPoint","urlTemplate":"https:\/\/sceaux-lagazette.fr\/?s={search_term_string}"},"query-input":{"@type":"PropertyValueSpecification","valueRequired":true,"valueName":"search_term_string"}}],"inLanguage":"fr-FR"},{"@type":"Organization","@id":"https:\/\/sceaux-lagazette.fr\/#organization","name":"La Gazette","url":"https:\/\/sceaux-lagazette.fr\/","logo":{"@type":"ImageObject","inLanguage":"fr-FR","@id":"https:\/\/sceaux-lagazette.fr\/#\/schema\/logo\/image\/","url":"https:\/\/sceaux-lagazette.fr\/wp-content\/uploads\/2025\/08\/Logo-Gazette-Aout-2025-V3.jpg","contentUrl":"https:\/\/sceaux-lagazette.fr\/wp-content\/uploads\/2025\/08\/Logo-Gazette-Aout-2025-V3.jpg","width":525,"height":130,"caption":"La Gazette"},"image":{"@id":"https:\/\/sceaux-lagazette.fr\/#\/schema\/logo\/image\/"}},{"@type":"Person","@id":"https:\/\/sceaux-lagazette.fr\/#\/schema\/person\/957f441f9b5bc9256a2b276d82085ba7","name":"AA","image":{"@type":"ImageObject","inLanguage":"fr-FR","@id":"https:\/\/sceaux-lagazette.fr\/#\/schema\/person\/image\/","url":"https:\/\/secure.gravatar.com\/avatar\/23602a70e0483726ad2d4d3cffe08366?s=96&r=g","contentUrl":"https:\/\/secure.gravatar.com\/avatar\/23602a70e0483726ad2d4d3cffe08366?s=96&r=g","caption":"AA"},"url":"https:\/\/sceaux-lagazette.fr\/index.php\/author\/aa\/"}]}},"cc_featured_image_caption":{"caption_text":false,"source_text":false,"source_url":false},"_links":{"self":[{"href":"https:\/\/sceaux-lagazette.fr\/index.php\/wp-json\/wp\/v2\/posts\/715"}],"collection":[{"href":"https:\/\/sceaux-lagazette.fr\/index.php\/wp-json\/wp\/v2\/posts"}],"about":[{"href":"https:\/\/sceaux-lagazette.fr\/index.php\/wp-json\/wp\/v2\/types\/post"}],"author":[{"embeddable":true,"href":"https:\/\/sceaux-lagazette.fr\/index.php\/wp-json\/wp\/v2\/users\/14"}],"replies":[{"embeddable":true,"href":"https:\/\/sceaux-lagazette.fr\/index.php\/wp-json\/wp\/v2\/comments?post=715"}],"version-history":[{"count":5,"href":"https:\/\/sceaux-lagazette.fr\/index.php\/wp-json\/wp\/v2\/posts\/715\/revisions"}],"predecessor-version":[{"id":728,"href":"https:\/\/sceaux-lagazette.fr\/index.php\/wp-json\/wp\/v2\/posts\/715\/revisions\/728"}],"wp:attachment":[{"href":"https:\/\/sceaux-lagazette.fr\/index.php\/wp-json\/wp\/v2\/media?parent=715"}],"wp:term":[{"taxonomy":"category","embeddable":true,"href":"https:\/\/sceaux-lagazette.fr\/index.php\/wp-json\/wp\/v2\/categories?post=715"},{"taxonomy":"post_tag","embeddable":true,"href":"https:\/\/sceaux-lagazette.fr\/index.php\/wp-json\/wp\/v2\/tags?post=715"}],"curies":[{"name":"wp","href":"https:\/\/api.w.org\/{rel}","templated":true}]}}