{"id":7126,"date":"2022-06-21T09:27:23","date_gmt":"2022-06-21T07:27:23","guid":{"rendered":"https:\/\/sceaux-lagazette.fr\/?p=7126"},"modified":"2022-06-20T21:50:51","modified_gmt":"2022-06-20T19:50:51","slug":"a-propos-du-vote-philippe-laurent","status":"publish","type":"post","link":"https:\/\/sceaux-lagazette.fr\/index.php\/2022\/06\/21\/a-propos-du-vote-philippe-laurent\/","title":{"rendered":"A propos du vote Philippe Laurent"},"content":{"rendered":"\n<p>Sceaux, ville centriste s\u2019il en est, mod\u00e9r\u00e9e diront certains, aurait pu mettre son maire en t\u00eate des candidats du 1<sup>er<\/sup> tour des l\u00e9gislatives. Il appartient \u00e0 une formation de centre droit, l\u2019UDI, qui aurait pu en incarner l\u2019esprit. Il n\u2019en fut rien ou, pour \u00eatre moins d\u00e9finitif, il y eut loin de la coupe aux l\u00e8vres. Essayons d\u2019en rendre raison et n\u2019h\u00e9sitons pas pour cela \u00e0 prendre des chemins de traverse. La question qui se pose est&nbsp;: d\u2019o\u00f9 est venu le vote Philippe Laurent dans une comp\u00e9tition qui n\u2019est pas municipale&nbsp;?<\/p>\n\n\n\n<p>Les r\u00e9sultats des \u00e9lections l\u00e9gislatives de 2017 et de 2022 (sur Sceaux uniquement et non sur la totalit\u00e9 de la circonscription) permettent par comparaison se faire une id\u00e9e de l\u2019\u00e9lectorat de Philippe Laurent. Mais la modestie s\u2019impose. En cinq ans, la population sc\u00e9enne a chang\u00e9. On s\u2019y est install\u00e9, on en est parti, on y a d\u00e9c\u00e9d\u00e9\u2026. les abstentionnistes d\u2019une \u00e9lection ne sont pas forc\u00e9ment les m\u00eames qu\u2019\u00e0 la suivante. Il existe donc bien des raisons de relativiser l\u2019analyse du scrutin. Mais la mener pr\u00e9sente tout de m\u00eame un int\u00e9r\u00eat&nbsp;: contribuer \u00e0 la r\u00e9flexion sur les aspirations de la ville.<\/p>\n\n\n\n<h2 class=\"wp-block-heading\">Le vote Siffredi comme r\u00e9f\u00e9rence<\/h2>\n\n\n\n<p>Fr\u00e9d\u00e9rique Dumas, candidate pour LREM aux l\u00e9gislatives, fait en 2017 fait 49,04% au premier tour \u00e0 Sceaux, tandis que Maud Bregeon fait 32,22% en 2022. Il s\u2019\u00e9tait \u00e9tabli depuis le passage au quinquennat une sorte de r\u00e8gle qui voulait que les l\u00e9gislatives ent\u00e9rinent le r\u00e9sultat des pr\u00e9sidentielles qui les pr\u00e9c\u00e9daient. Nul n\u2019ignore qu\u2019avec la r\u00e9\u00e9lection d\u2019Emmanuel Macron qui, pour la premi\u00e8re fois sous la Ve R\u00e9publique, ne suivait pas une cohabitation, cette r\u00e8gle n&rsquo;a plus fonctionn\u00e9 en 2022.<\/p>\n\n\n\n<p>La diff\u00e9rence entre les deux scores est d\u2019environ 17%, tout en sachant que les taux de participation sont assez proches<a href=\"#_ftn1\">[1]<\/a>. Que sont-ils devenus&nbsp;?<\/p>\n\n\n\n<p>Le score de Georges Siffredi en 2017 \u00e9tait de 23,48%. Il se pr\u00e9sentait au nom des R\u00e9publicains. Numa Isnard, sous la m\u00eame \u00e9tiquette, r\u00e9alise 5,76%. Il serait totalement na\u00eff de croire qu\u2019il s\u2019agit d\u2019une explosion en vol des R\u00e9publicains, d\u2019autres \u00e9lections prouvent le contraire<a href=\"#_ftn2\">[2]<\/a>. Interrogeons-nous plut\u00f4t sur ce que sont devenus les presque 17% de diff\u00e9rence. On pourrait l\u00e9gitimement penser qu\u2019ils ont \u00e9t\u00e9 du c\u00f4t\u00e9 de Philippe Laurent. Or dans les cinq ans qui s\u00e9parent les deux scrutins est apparu Reconqu\u00eate et que le Rassemblement national (RN) s\u2019est renforc\u00e9.<\/p>\n\n\n\n<p>Reconqu\u00eate fait 5,88% et le RN 1% de mieux qu\u2019en 2017. On peut supposer que ces presque 7% viennent du vote Siffredi de 2017. Ajoutons-les aux voix de Numa Isnard et on obtient une somme de 12,64% venant du vote Siffredi et qui n\u2019aurait donc pas \u00e9t\u00e9 vers Philippe Laurent. Insistons lourdement sur le fait que cette association ne suppose en rien une proximit\u00e9 id\u00e9ologique entre Numa Isnard, Thibaud Simonin (Reconqu\u00eate) et Patrick Yvars (RN). On se demande seulement comment s\u2019est r\u00e9parti l\u2019\u00e9lectorat de Georges Siffredi.<\/p>\n\n\n\n<h2 class=\"wp-block-heading\">Les transferts<\/h2>\n\n\n\n<p>Reprenons notre cheminement. Georges Siffredi fait 23,48% en 2017. 12,64% se sont port\u00e9s vers trois candidats autres que Philippe Laurent, ce qui donne \u00e0 penser qu\u2019il a b\u00e9n\u00e9fici\u00e9 de la diff\u00e9rence, \u00e0 savoir 10,84%. On aurait une toute petite moiti\u00e9 de l\u2019\u00e9lectorat de Siffredi qui aurait vot\u00e9 Philippe Laurent en 2022. Comme celui-ci a fait 22,77%, il reste \u00e0 expliquer d\u2019o\u00f9 vient la diff\u00e9rence, 12,13%. Ne prenez pas les chiffres apr\u00e8s la virgule pour argent comptant, on est dans les grandes mailles.<\/p>\n\n\n\n<p>Les 17 points de moins pour le parti pr\u00e9sidentiel ont selon toute vraisemblance aliment\u00e9 le vote Laurent. Si on estime que les quelque 12% viennent de l\u00e0 et c\u2019est raisonnable, essayons de le confirmer en regardant o\u00f9 ont pu aller les 5% restant.<\/p>\n\n\n\n<p>Or les gauches passibles de l\u2019estampille NUPES en 2022 faisaient 21,23% en 2017<a href=\"#_ftn3\">[3]<\/a> tandis que Brice Gaillard fait 22,76% en 2022. Le 1,5 point de diff\u00e9rence peut \u00eatre raisonnablement attribu\u00e9 \u00e0 un transfert de l\u2019\u00e9lectorat Macron de 2017. Quant au reste, il y a lieu de regarder le score remarquable m\u00eame si peu comment\u00e9 de Julien Gautrelet qui incarne le courant la\u00efque hostile au ralliement \u00e0 M\u00e9lenchon. Ses 4% ont de quoi expliquer une part significative du diff\u00e9rentiel de Maud Bregeon.<\/p>\n\n\n\n<p>Cela dit, les mouvements \u00e0 gauche ont pu \u00eatre plus enchev\u00eatr\u00e9s avec des transferts un peu plus importants d\u2019\u00e9lecteurs d\u2019En Marche venus de la gauche vers la liste NUPES et des transferts non moins importants d\u2019\u00e9lecteurs de la gauche r\u00e9publicaine vers Julien Gautrelet.<\/p>\n\n\n\n<h2 class=\"wp-block-heading\">Un \u00e9lectorat en deux moiti\u00e9s de m\u00eame poids<\/h2>\n\n\n\n<p>Refermons la parenth\u00e8se pour revenir \u00e0 l\u2019\u00e9lectorat de Philippe Laurent, comme candidat \u00e0 la d\u00e9putation, lequel n\u2019est de toute \u00e9vidence pas identique \u00e0 celui des municipales. On y distingue deux moiti\u00e9s qui expliqueraient les 22,77% qu\u2019il a rassembl\u00e9s \u00e0 Sceaux&nbsp;: 12% viendraient des \u00e9lecteurs En marche et environ 10% des \u00e9lecteurs LR et UDI.<\/p>\n\n\n\n<p>Si la double origine des votes s\u2019inscrit bien dans le positionnement centriste, la parit\u00e9, si elle est v\u00e9rifi\u00e9e, a de quoi surprendre. Et ce qui fut per\u00e7u comme une h\u00e9sitation \u00e0 se positionner politiquement, h\u00e9sitation qui s\u2019av\u00e9rera d\u00e9favorable, t\u00e9moignerait d\u2019une r\u00e9alit\u00e9 \u00e9lectorale. Et le maire aura probablement voulu attirer, parmi les \u00e9lecteurs de 2017 de LR ou d\u2019En Marche, ceux qui votent pour lui aux municipales.<\/p>\n\n\n\n<p>Mais l\u2019importance majeure des enjeux de politique nationale, les \u00ab&nbsp;tout sauf&nbsp;\u00bb tel parti, aura eu raison d\u2019une candidature nourrie d\u2019une notori\u00e9t\u00e9 certaine, mais s\u2019appuyant sur un parti, l\u2019UDI, sans grande assise locale. L\u2019\u00e9poque des d\u00e9put\u00e9s-maires (r\u00e9volue depuis le non-cumul des mandats) rayonnait gr\u00e2ce \u00e0 des partis puissamment implant\u00e9s. Et la double sensibilit\u00e9 politique de son \u00e9lectorat (port\u00e9e par des partis qui le concurren\u00e7aient) rendait la t\u00e2che du maire bien compliqu\u00e9e. Il semble \u00e0 la nettet\u00e9 du r\u00e9sultat qu\u2019elle \u00e9tait mission impossible.<\/p>\n\n\n\n<hr class=\"wp-block-separator\"\/>\n\n\n\n<p><a href=\"#_ftnref1\">[1]<\/a> Taux de participation au 1<sup>er<\/sup> tour des l\u00e9gislatives&nbsp;: 57,59% en 2017 et de 59,67% en 2022.<br><a href=\"#_ftnref2\">[2]<\/a> Pour ne prendre que l\u2019exemple du 1<sup>er<\/sup> tour des r\u00e9gionales des 2021, Val\u00e9rie P\u00e9cresse rassemblait 41,74% des suffrages exprim\u00e9s.<br><a href=\"#_ftnref3\">[3]<\/a> Lasgi (LFI)&nbsp;: 6,79%&nbsp;; Lanier (PS)&nbsp;: 6,55%&nbsp;; Delrieu (EE)&nbsp;: 4,59%&nbsp;; Pin\u00e7on-Charlot (Div. G.)&nbsp;: 3,30%<\/p>\n","protected":false},"excerpt":{"rendered":"<p>Sceaux, ville centriste s\u2019il en est, mod\u00e9r\u00e9e diront certains, aurait pu mettre son maire en t\u00eate des candidats du 1er tour des l\u00e9gislatives. Il appartient \u00e0 une formation de centre droit, l\u2019UDI, qui aurait pu en incarner l\u2019esprit. Il n\u2019en fut rien ou, pour \u00eatre moins d\u00e9finitif, il y eut&#8230;<\/p>\n","protected":false},"author":6,"featured_media":7138,"comment_status":"open","ping_status":"open","sticky":false,"template":"","format":"standard","meta":{"om_disable_all_campaigns":false,"_monsterinsights_skip_tracking":false,"_monsterinsights_sitenote_active":false,"_monsterinsights_sitenote_note":"","_monsterinsights_sitenote_category":0,"_uf_show_specific_survey":0,"_uf_disable_surveys":false,"footnotes":""},"categories":[53],"tags":[],"class_list":["post-7126","post","type-post","status-publish","format-standard","has-post-thumbnail","hentry","category-analyses","entry","simple"],"yoast_head":"<!-- This site is optimized with the Yoast SEO plugin v25.6 - https:\/\/yoast.com\/wordpress\/plugins\/seo\/ -->\n<title>A propos du vote Philippe Laurent - La Gazette<\/title>\n<meta name=\"robots\" content=\"index, follow, max-snippet:-1, max-image-preview:large, max-video-preview:-1\" \/>\n<link rel=\"canonical\" href=\"https:\/\/sceaux-lagazette.fr\/index.php\/2022\/06\/21\/a-propos-du-vote-philippe-laurent\/\" \/>\n<meta property=\"og:locale\" content=\"fr_FR\" \/>\n<meta property=\"og:type\" content=\"article\" \/>\n<meta property=\"og:title\" content=\"A propos du vote Philippe Laurent - La Gazette\" \/>\n<meta property=\"og:description\" content=\"Sceaux, ville centriste s\u2019il en est, mod\u00e9r\u00e9e diront certains, aurait pu mettre son maire en t\u00eate des candidats du 1er tour des l\u00e9gislatives. Il appartient \u00e0 une formation de centre droit, l\u2019UDI, qui aurait pu en incarner l\u2019esprit. Il n\u2019en fut rien ou, pour \u00eatre moins d\u00e9finitif, il y eut&#8230;\" \/>\n<meta property=\"og:url\" content=\"https:\/\/sceaux-lagazette.fr\/index.php\/2022\/06\/21\/a-propos-du-vote-philippe-laurent\/\" \/>\n<meta property=\"og:site_name\" content=\"La Gazette\" \/>\n<meta property=\"article:published_time\" content=\"2022-06-21T07:27:23+00:00\" \/>\n<meta property=\"og:image\" content=\"https:\/\/sceaux-lagazette.fr\/wp-content\/uploads\/2022\/06\/Philippe-Laurent-dans-les-legislatives.jpg\" \/>\n\t<meta property=\"og:image:width\" content=\"640\" \/>\n\t<meta property=\"og:image:height\" content=\"428\" \/>\n\t<meta property=\"og:image:type\" content=\"image\/jpeg\" \/>\n<meta name=\"author\" content=\"Maurice Zytnicki\" \/>\n<meta name=\"twitter:card\" content=\"summary_large_image\" \/>\n<meta name=\"twitter:label1\" content=\"\u00c9crit par\" \/>\n\t<meta name=\"twitter:data1\" content=\"Maurice Zytnicki\" \/>\n\t<meta name=\"twitter:label2\" content=\"Dur\u00e9e de lecture estim\u00e9e\" \/>\n\t<meta name=\"twitter:data2\" content=\"5 minutes\" \/>\n<script type=\"application\/ld+json\" class=\"yoast-schema-graph\">{\"@context\":\"https:\/\/schema.org\",\"@graph\":[{\"@type\":\"Article\",\"@id\":\"https:\/\/sceaux-lagazette.fr\/index.php\/2022\/06\/21\/a-propos-du-vote-philippe-laurent\/#article\",\"isPartOf\":{\"@id\":\"https:\/\/sceaux-lagazette.fr\/index.php\/2022\/06\/21\/a-propos-du-vote-philippe-laurent\/\"},\"author\":{\"name\":\"Maurice Zytnicki\",\"@id\":\"https:\/\/sceaux-lagazette.fr\/#\/schema\/person\/060ab8fc058c4220d9079707a58da9f1\"},\"headline\":\"A propos du vote Philippe Laurent\",\"datePublished\":\"2022-06-21T07:27:23+00:00\",\"mainEntityOfPage\":{\"@id\":\"https:\/\/sceaux-lagazette.fr\/index.php\/2022\/06\/21\/a-propos-du-vote-philippe-laurent\/\"},\"wordCount\":1088,\"commentCount\":0,\"publisher\":{\"@id\":\"https:\/\/sceaux-lagazette.fr\/#organization\"},\"image\":{\"@id\":\"https:\/\/sceaux-lagazette.fr\/index.php\/2022\/06\/21\/a-propos-du-vote-philippe-laurent\/#primaryimage\"},\"thumbnailUrl\":\"https:\/\/sceaux-lagazette.fr\/wp-content\/uploads\/2022\/06\/Philippe-Laurent-dans-les-legislatives.jpg\",\"articleSection\":[\"Analyses\"],\"inLanguage\":\"fr-FR\",\"potentialAction\":[{\"@type\":\"CommentAction\",\"name\":\"Comment\",\"target\":[\"https:\/\/sceaux-lagazette.fr\/index.php\/2022\/06\/21\/a-propos-du-vote-philippe-laurent\/#respond\"]}]},{\"@type\":\"WebPage\",\"@id\":\"https:\/\/sceaux-lagazette.fr\/index.php\/2022\/06\/21\/a-propos-du-vote-philippe-laurent\/\",\"url\":\"https:\/\/sceaux-lagazette.fr\/index.php\/2022\/06\/21\/a-propos-du-vote-philippe-laurent\/\",\"name\":\"A propos du vote Philippe Laurent - La Gazette\",\"isPartOf\":{\"@id\":\"https:\/\/sceaux-lagazette.fr\/#website\"},\"primaryImageOfPage\":{\"@id\":\"https:\/\/sceaux-lagazette.fr\/index.php\/2022\/06\/21\/a-propos-du-vote-philippe-laurent\/#primaryimage\"},\"image\":{\"@id\":\"https:\/\/sceaux-lagazette.fr\/index.php\/2022\/06\/21\/a-propos-du-vote-philippe-laurent\/#primaryimage\"},\"thumbnailUrl\":\"https:\/\/sceaux-lagazette.fr\/wp-content\/uploads\/2022\/06\/Philippe-Laurent-dans-les-legislatives.jpg\",\"datePublished\":\"2022-06-21T07:27:23+00:00\",\"breadcrumb\":{\"@id\":\"https:\/\/sceaux-lagazette.fr\/index.php\/2022\/06\/21\/a-propos-du-vote-philippe-laurent\/#breadcrumb\"},\"inLanguage\":\"fr-FR\",\"potentialAction\":[{\"@type\":\"ReadAction\",\"target\":[\"https:\/\/sceaux-lagazette.fr\/index.php\/2022\/06\/21\/a-propos-du-vote-philippe-laurent\/\"]}]},{\"@type\":\"ImageObject\",\"inLanguage\":\"fr-FR\",\"@id\":\"https:\/\/sceaux-lagazette.fr\/index.php\/2022\/06\/21\/a-propos-du-vote-philippe-laurent\/#primaryimage\",\"url\":\"https:\/\/sceaux-lagazette.fr\/wp-content\/uploads\/2022\/06\/Philippe-Laurent-dans-les-legislatives.jpg\",\"contentUrl\":\"https:\/\/sceaux-lagazette.fr\/wp-content\/uploads\/2022\/06\/Philippe-Laurent-dans-les-legislatives.jpg\",\"width\":640,\"height\":428},{\"@type\":\"BreadcrumbList\",\"@id\":\"https:\/\/sceaux-lagazette.fr\/index.php\/2022\/06\/21\/a-propos-du-vote-philippe-laurent\/#breadcrumb\",\"itemListElement\":[{\"@type\":\"ListItem\",\"position\":1,\"name\":\"Accueil\",\"item\":\"https:\/\/sceaux-lagazette.fr\/\"},{\"@type\":\"ListItem\",\"position\":2,\"name\":\"A propos du vote Philippe Laurent\"}]},{\"@type\":\"WebSite\",\"@id\":\"https:\/\/sceaux-lagazette.fr\/#website\",\"url\":\"https:\/\/sceaux-lagazette.fr\/\",\"name\":\"La Gazette\",\"description\":\"Bourg-la-Reine, Ch\u00e2tenay, Fontenay, Sceaux\",\"publisher\":{\"@id\":\"https:\/\/sceaux-lagazette.fr\/#organization\"},\"potentialAction\":[{\"@type\":\"SearchAction\",\"target\":{\"@type\":\"EntryPoint\",\"urlTemplate\":\"https:\/\/sceaux-lagazette.fr\/?s={search_term_string}\"},\"query-input\":{\"@type\":\"PropertyValueSpecification\",\"valueRequired\":true,\"valueName\":\"search_term_string\"}}],\"inLanguage\":\"fr-FR\"},{\"@type\":\"Organization\",\"@id\":\"https:\/\/sceaux-lagazette.fr\/#organization\",\"name\":\"La Gazette\",\"url\":\"https:\/\/sceaux-lagazette.fr\/\",\"logo\":{\"@type\":\"ImageObject\",\"inLanguage\":\"fr-FR\",\"@id\":\"https:\/\/sceaux-lagazette.fr\/#\/schema\/logo\/image\/\",\"url\":\"https:\/\/sceaux-lagazette.fr\/wp-content\/uploads\/2025\/08\/Logo-Gazette-Aout-2025-V3.jpg\",\"contentUrl\":\"https:\/\/sceaux-lagazette.fr\/wp-content\/uploads\/2025\/08\/Logo-Gazette-Aout-2025-V3.jpg\",\"width\":525,\"height\":130,\"caption\":\"La Gazette\"},\"image\":{\"@id\":\"https:\/\/sceaux-lagazette.fr\/#\/schema\/logo\/image\/\"}},{\"@type\":\"Person\",\"@id\":\"https:\/\/sceaux-lagazette.fr\/#\/schema\/person\/060ab8fc058c4220d9079707a58da9f1\",\"name\":\"Maurice Zytnicki\",\"image\":{\"@type\":\"ImageObject\",\"inLanguage\":\"fr-FR\",\"@id\":\"https:\/\/sceaux-lagazette.fr\/#\/schema\/person\/image\/\",\"url\":\"https:\/\/secure.gravatar.com\/avatar\/d94d30d6fa0e9cb7af48a89366fc0cdb?s=96&r=g\",\"contentUrl\":\"https:\/\/secure.gravatar.com\/avatar\/d94d30d6fa0e9cb7af48a89366fc0cdb?s=96&r=g\",\"caption\":\"Maurice Zytnicki\"},\"url\":\"https:\/\/sceaux-lagazette.fr\/index.php\/author\/maurice\/\"}]}<\/script>\n<!-- \/ Yoast SEO plugin. -->","yoast_head_json":{"title":"A propos du vote Philippe Laurent - La Gazette","robots":{"index":"index","follow":"follow","max-snippet":"max-snippet:-1","max-image-preview":"max-image-preview:large","max-video-preview":"max-video-preview:-1"},"canonical":"https:\/\/sceaux-lagazette.fr\/index.php\/2022\/06\/21\/a-propos-du-vote-philippe-laurent\/","og_locale":"fr_FR","og_type":"article","og_title":"A propos du vote Philippe Laurent - La Gazette","og_description":"Sceaux, ville centriste s\u2019il en est, mod\u00e9r\u00e9e diront certains, aurait pu mettre son maire en t\u00eate des candidats du 1er tour des l\u00e9gislatives. Il appartient \u00e0 une formation de centre droit, l\u2019UDI, qui aurait pu en incarner l\u2019esprit. Il n\u2019en fut rien ou, pour \u00eatre moins d\u00e9finitif, il y eut&#8230;","og_url":"https:\/\/sceaux-lagazette.fr\/index.php\/2022\/06\/21\/a-propos-du-vote-philippe-laurent\/","og_site_name":"La Gazette","article_published_time":"2022-06-21T07:27:23+00:00","og_image":[{"width":640,"height":428,"url":"https:\/\/sceaux-lagazette.fr\/wp-content\/uploads\/2022\/06\/Philippe-Laurent-dans-les-legislatives.jpg","type":"image\/jpeg"}],"author":"Maurice Zytnicki","twitter_card":"summary_large_image","twitter_misc":{"\u00c9crit par":"Maurice Zytnicki","Dur\u00e9e de lecture estim\u00e9e":"5 minutes"},"schema":{"@context":"https:\/\/schema.org","@graph":[{"@type":"Article","@id":"https:\/\/sceaux-lagazette.fr\/index.php\/2022\/06\/21\/a-propos-du-vote-philippe-laurent\/#article","isPartOf":{"@id":"https:\/\/sceaux-lagazette.fr\/index.php\/2022\/06\/21\/a-propos-du-vote-philippe-laurent\/"},"author":{"name":"Maurice Zytnicki","@id":"https:\/\/sceaux-lagazette.fr\/#\/schema\/person\/060ab8fc058c4220d9079707a58da9f1"},"headline":"A propos du vote Philippe Laurent","datePublished":"2022-06-21T07:27:23+00:00","mainEntityOfPage":{"@id":"https:\/\/sceaux-lagazette.fr\/index.php\/2022\/06\/21\/a-propos-du-vote-philippe-laurent\/"},"wordCount":1088,"commentCount":0,"publisher":{"@id":"https:\/\/sceaux-lagazette.fr\/#organization"},"image":{"@id":"https:\/\/sceaux-lagazette.fr\/index.php\/2022\/06\/21\/a-propos-du-vote-philippe-laurent\/#primaryimage"},"thumbnailUrl":"https:\/\/sceaux-lagazette.fr\/wp-content\/uploads\/2022\/06\/Philippe-Laurent-dans-les-legislatives.jpg","articleSection":["Analyses"],"inLanguage":"fr-FR","potentialAction":[{"@type":"CommentAction","name":"Comment","target":["https:\/\/sceaux-lagazette.fr\/index.php\/2022\/06\/21\/a-propos-du-vote-philippe-laurent\/#respond"]}]},{"@type":"WebPage","@id":"https:\/\/sceaux-lagazette.fr\/index.php\/2022\/06\/21\/a-propos-du-vote-philippe-laurent\/","url":"https:\/\/sceaux-lagazette.fr\/index.php\/2022\/06\/21\/a-propos-du-vote-philippe-laurent\/","name":"A propos du vote Philippe Laurent - La Gazette","isPartOf":{"@id":"https:\/\/sceaux-lagazette.fr\/#website"},"primaryImageOfPage":{"@id":"https:\/\/sceaux-lagazette.fr\/index.php\/2022\/06\/21\/a-propos-du-vote-philippe-laurent\/#primaryimage"},"image":{"@id":"https:\/\/sceaux-lagazette.fr\/index.php\/2022\/06\/21\/a-propos-du-vote-philippe-laurent\/#primaryimage"},"thumbnailUrl":"https:\/\/sceaux-lagazette.fr\/wp-content\/uploads\/2022\/06\/Philippe-Laurent-dans-les-legislatives.jpg","datePublished":"2022-06-21T07:27:23+00:00","breadcrumb":{"@id":"https:\/\/sceaux-lagazette.fr\/index.php\/2022\/06\/21\/a-propos-du-vote-philippe-laurent\/#breadcrumb"},"inLanguage":"fr-FR","potentialAction":[{"@type":"ReadAction","target":["https:\/\/sceaux-lagazette.fr\/index.php\/2022\/06\/21\/a-propos-du-vote-philippe-laurent\/"]}]},{"@type":"ImageObject","inLanguage":"fr-FR","@id":"https:\/\/sceaux-lagazette.fr\/index.php\/2022\/06\/21\/a-propos-du-vote-philippe-laurent\/#primaryimage","url":"https:\/\/sceaux-lagazette.fr\/wp-content\/uploads\/2022\/06\/Philippe-Laurent-dans-les-legislatives.jpg","contentUrl":"https:\/\/sceaux-lagazette.fr\/wp-content\/uploads\/2022\/06\/Philippe-Laurent-dans-les-legislatives.jpg","width":640,"height":428},{"@type":"BreadcrumbList","@id":"https:\/\/sceaux-lagazette.fr\/index.php\/2022\/06\/21\/a-propos-du-vote-philippe-laurent\/#breadcrumb","itemListElement":[{"@type":"ListItem","position":1,"name":"Accueil","item":"https:\/\/sceaux-lagazette.fr\/"},{"@type":"ListItem","position":2,"name":"A propos du vote Philippe Laurent"}]},{"@type":"WebSite","@id":"https:\/\/sceaux-lagazette.fr\/#website","url":"https:\/\/sceaux-lagazette.fr\/","name":"La Gazette","description":"Bourg-la-Reine, Ch\u00e2tenay, Fontenay, Sceaux","publisher":{"@id":"https:\/\/sceaux-lagazette.fr\/#organization"},"potentialAction":[{"@type":"SearchAction","target":{"@type":"EntryPoint","urlTemplate":"https:\/\/sceaux-lagazette.fr\/?s={search_term_string}"},"query-input":{"@type":"PropertyValueSpecification","valueRequired":true,"valueName":"search_term_string"}}],"inLanguage":"fr-FR"},{"@type":"Organization","@id":"https:\/\/sceaux-lagazette.fr\/#organization","name":"La Gazette","url":"https:\/\/sceaux-lagazette.fr\/","logo":{"@type":"ImageObject","inLanguage":"fr-FR","@id":"https:\/\/sceaux-lagazette.fr\/#\/schema\/logo\/image\/","url":"https:\/\/sceaux-lagazette.fr\/wp-content\/uploads\/2025\/08\/Logo-Gazette-Aout-2025-V3.jpg","contentUrl":"https:\/\/sceaux-lagazette.fr\/wp-content\/uploads\/2025\/08\/Logo-Gazette-Aout-2025-V3.jpg","width":525,"height":130,"caption":"La Gazette"},"image":{"@id":"https:\/\/sceaux-lagazette.fr\/#\/schema\/logo\/image\/"}},{"@type":"Person","@id":"https:\/\/sceaux-lagazette.fr\/#\/schema\/person\/060ab8fc058c4220d9079707a58da9f1","name":"Maurice Zytnicki","image":{"@type":"ImageObject","inLanguage":"fr-FR","@id":"https:\/\/sceaux-lagazette.fr\/#\/schema\/person\/image\/","url":"https:\/\/secure.gravatar.com\/avatar\/d94d30d6fa0e9cb7af48a89366fc0cdb?s=96&r=g","contentUrl":"https:\/\/secure.gravatar.com\/avatar\/d94d30d6fa0e9cb7af48a89366fc0cdb?s=96&r=g","caption":"Maurice Zytnicki"},"url":"https:\/\/sceaux-lagazette.fr\/index.php\/author\/maurice\/"}]}},"cc_featured_image_caption":{"caption_text":"Source : compte de Twitter de P. Laurent","source_text":"","source_url":"https:\/\/www.lagazettedescommunes.com\/806805\/legislatives-ces-elus-locaux-qui-partent-a-la-bataille\/"},"_links":{"self":[{"href":"https:\/\/sceaux-lagazette.fr\/index.php\/wp-json\/wp\/v2\/posts\/7126"}],"collection":[{"href":"https:\/\/sceaux-lagazette.fr\/index.php\/wp-json\/wp\/v2\/posts"}],"about":[{"href":"https:\/\/sceaux-lagazette.fr\/index.php\/wp-json\/wp\/v2\/types\/post"}],"author":[{"embeddable":true,"href":"https:\/\/sceaux-lagazette.fr\/index.php\/wp-json\/wp\/v2\/users\/6"}],"replies":[{"embeddable":true,"href":"https:\/\/sceaux-lagazette.fr\/index.php\/wp-json\/wp\/v2\/comments?post=7126"}],"version-history":[{"count":3,"href":"https:\/\/sceaux-lagazette.fr\/index.php\/wp-json\/wp\/v2\/posts\/7126\/revisions"}],"predecessor-version":[{"id":7140,"href":"https:\/\/sceaux-lagazette.fr\/index.php\/wp-json\/wp\/v2\/posts\/7126\/revisions\/7140"}],"wp:featuredmedia":[{"embeddable":true,"href":"https:\/\/sceaux-lagazette.fr\/index.php\/wp-json\/wp\/v2\/media\/7138"}],"wp:attachment":[{"href":"https:\/\/sceaux-lagazette.fr\/index.php\/wp-json\/wp\/v2\/media?parent=7126"}],"wp:term":[{"taxonomy":"category","embeddable":true,"href":"https:\/\/sceaux-lagazette.fr\/index.php\/wp-json\/wp\/v2\/categories?post=7126"},{"taxonomy":"post_tag","embeddable":true,"href":"https:\/\/sceaux-lagazette.fr\/index.php\/wp-json\/wp\/v2\/tags?post=7126"}],"curies":[{"name":"wp","href":"https:\/\/api.w.org\/{rel}","templated":true}]}}