{"id":7058,"date":"2022-06-15T08:26:47","date_gmt":"2022-06-15T06:26:47","guid":{"rendered":"https:\/\/sceaux-lagazette.fr\/?p=7058"},"modified":"2022-06-15T08:26:48","modified_gmt":"2022-06-15T06:26:48","slug":"vague-de-chaleur","status":"publish","type":"post","link":"https:\/\/sceaux-lagazette.fr\/index.php\/2022\/06\/15\/vague-de-chaleur\/","title":{"rendered":"Vague de chaleur"},"content":{"rendered":"\n<p>La temp\u00e9rature d\u00e9passera nettement les 30\u00b0 vendredi et samedi en Ile-de-France. Elle pourrait m\u00eame \u00eatre nettement plus \u00e9lev\u00e9e sur la France, comme le montre par exemple <a rel=\"noreferrer noopener\" href=\"https:\/\/twitter.com\/Fabiensapiens\/status\/1535713825013514243\" target=\"_blank\">cette image prospective<\/a>, sur laquelle on voit des temp\u00e9ratures atteignant 40\u00b0 en Ile de France :<\/p>\n\n\n\n<figure class=\"wp-block-image size-large\"><img decoding=\"async\" width=\"985\" height=\"867\" src=\"https:\/\/sceaux-lagazette.fr\/wp-content\/uploads\/2022\/06\/Carte-chaleur-mi-juin-2022.jpg\" alt=\"\" class=\"wp-image-7060\" srcset=\"https:\/\/sceaux-lagazette.fr\/wp-content\/uploads\/2022\/06\/Carte-chaleur-mi-juin-2022.jpg 985w, https:\/\/sceaux-lagazette.fr\/wp-content\/uploads\/2022\/06\/Carte-chaleur-mi-juin-2022-300x264.jpg 300w, https:\/\/sceaux-lagazette.fr\/wp-content\/uploads\/2022\/06\/Carte-chaleur-mi-juin-2022-768x676.jpg 768w\" sizes=\"(max-width: 985px) 100vw, 985px\" \/><\/figure>\n\n\n\n<p>Dans une <a href=\"https:\/\/threadreaderapp.com\/thread\/1535905242793103362.html\" target=\"_blank\" rel=\"noreferrer noopener\">s\u00e9rie de tweets <\/a>publi\u00e9s le 12 juin, <a href=\"https:\/\/www.linkedin.com\/in\/christophe-cassou-9488221b5\/?originalSubdomain=fr\" target=\"_blank\" rel=\"noreferrer noopener\">Christophe Cassou<\/a>, climatologue, directeur de recherche au CNRS et l\u2019un des principaux auteurs du 6<sup>e<\/sup> rapport du GIEC, explique cette vague de chaleur par la combinaison d\u2019une \u00ab&nbsp;plume de chaleur&nbsp;\u00bb venue du Maghreb et d\u2019une \u00ab&nbsp;goutte froide&nbsp;\u00bb au large de la p\u00e9ninsule ib\u00e9rique qui pousse cette \u00ab&nbsp;plume de chaleur&nbsp;\u00bb vers le nord. Des explications d\u00e9taill\u00e9es <a href=\"https:\/\/threadreaderapp.com\/thread\/1535905242793103362.html\" target=\"_blank\" rel=\"noreferrer noopener\">ici<\/a> et <a href=\"https:\/\/www.numerama.com\/sciences\/1000251-quelle-est-la-plume-de-chaleur-qui-va-sabattre-sur-la-france.html\" target=\"_blank\" rel=\"noreferrer noopener\">ici<\/a>.<\/p>\n\n\n\n<p>Le chercheur explique que le ph\u00e9nom\u00e8ne \u00ab&nbsp;plume de chaleur&nbsp;\u00bb est un ph\u00e9nom\u00e8ne dynamique, contrairement au ph\u00e9nom\u00e8ne \u00ab&nbsp;d\u00f4me de chaleur&nbsp;\u00bb qui est plus statique\u2026et donc plus durable. Le plus probable est donc que cette vague de chaleur ne dure pas, des orages venant faire baisser la temp\u00e9rature en fin de semaine.<\/p>\n\n\n\n<p>Entretemps, des records de chaleur pour un mois de juin auront tr\u00e8s probablement \u00e9t\u00e9 battus sur une partie de la France. La carte suivante montre une tr\u00e8s grande probabilit\u00e9 de records de chaleur sur une moiti\u00e9 ouest de la France, en particulier en Bretagne.<\/p>\n\n\n\n<figure class=\"wp-block-image size-large\"><img decoding=\"async\" width=\"1024\" height=\"786\" src=\"https:\/\/sceaux-lagazette.fr\/wp-content\/uploads\/2022\/06\/Record-de-chaleur-mi-juin-2022-1024x786.jpg\" alt=\"\" class=\"wp-image-7061\" srcset=\"https:\/\/sceaux-lagazette.fr\/wp-content\/uploads\/2022\/06\/Record-de-chaleur-mi-juin-2022-1024x786.jpg 1024w, https:\/\/sceaux-lagazette.fr\/wp-content\/uploads\/2022\/06\/Record-de-chaleur-mi-juin-2022-300x230.jpg 300w, https:\/\/sceaux-lagazette.fr\/wp-content\/uploads\/2022\/06\/Record-de-chaleur-mi-juin-2022-768x589.jpg 768w, https:\/\/sceaux-lagazette.fr\/wp-content\/uploads\/2022\/06\/Record-de-chaleur-mi-juin-2022.jpg 1199w\" sizes=\"(max-width: 1024px) 100vw, 1024px\" \/><\/figure>\n\n\n\n<p>Le climatologue resitue cet \u00e9pisode dans l\u2019\u00e9volution des \u00e9pisodes caniculaires en France, \u00e0 partir des conclusions du 6<sup>e<\/sup> rapport du GIEC (dont il est un des auteurs, il faut suivre&nbsp;!). <em>Ces \u00e9pisodes sont d\u00e9j\u00e0 en augmentation&nbsp;: 23 \u00e9pisodes de canicule ont \u00e9t\u00e9 enregistr\u00e9s sur les 21 derni\u00e8res ann\u00e9es [2000-2021] contre seulement 17 en 53 ans sur 1947-1999, c<\/em>omme le montre le graphique suivant.<\/p>\n\n\n\n<figure class=\"wp-block-image size-large\"><img decoding=\"async\" width=\"768\" height=\"460\" src=\"https:\/\/sceaux-lagazette.fr\/wp-content\/uploads\/2022\/06\/Vagues-de-chaleur-en-France.png\" alt=\"\" class=\"wp-image-7062\" srcset=\"https:\/\/sceaux-lagazette.fr\/wp-content\/uploads\/2022\/06\/Vagues-de-chaleur-en-France.png 768w, https:\/\/sceaux-lagazette.fr\/wp-content\/uploads\/2022\/06\/Vagues-de-chaleur-en-France-300x180.png 300w\" sizes=\"(max-width: 768px) 100vw, 768px\" \/><\/figure>\n\n\n\n<p>Il pr\u00e9vient aussi&nbsp;: \u00ab&nbsp;I<em>l est quasiment certain que l&rsquo;augmentation de l&rsquo;intensit\u00e9 et de la fr\u00e9quence des extr\u00eames de chaleur et la diminution de l&rsquo;intensit\u00e9 et de la fr\u00e9quence des extr\u00eames de froid se poursuivront tout au long du 21e si\u00e8cle et dans le monde entier.&nbsp;\u00bb <\/em>Nous allons conna\u00eetre <a href=\"https:\/\/bonpote.com\/canicules-a-venir-des-etes-a-50-degres-en-france\/\" target=\"_blank\" rel=\"noreferrer noopener\">des \u00e9t\u00e9s \u00e0 50\u00b0 en France<\/a>.<\/p>\n\n\n\n<p><em>\u00ab&nbsp;Chaque tonne de CO\u2082 compte, car c&rsquo;est le cumul de CO\u2082 qui d\u00e9termine le niveau de r\u00e9chauffement. Chaque incr\u00e9ment de degr\u00e9 compte, car il y a une relation directe r\u00e9chauffement-\u00e9v\u00e9nement extr\u00eame puis risque.<\/em><\/p>\n\n\n\n<p><em>Nous vivons un avant-go\u00fbt de notre futur climatique. Pour que l&rsquo;exceptionnel ne devienne pas la norme, il faut r\u00e9duire nos \u00e9missions de gaz \u00e0 effet de serre de mani\u00e8re imm\u00e9diate, soutenue dans le temps et dans tous les secteurs. Pas dans 3 ans, maintenant !&nbsp;\u00bb<\/em><\/p>\n\n\n\n<h2 class=\"wp-block-heading\">Feux de for\u00eat<\/h2>\n\n\n\n<p>Il y a moins d\u2019un an, la Gazette de Sceaux publiait <a href=\"https:\/\/sceaux-lagazette.fr\/index.php\/2021\/08\/31\/lete-2021-et-les-incendies-de-foret\/\" target=\"_blank\" rel=\"noreferrer noopener\">un article<\/a> sur les feux de for\u00eat et les records de chaleur.<\/p>\n\n\n\n<p>Le 13 juin, la pr\u00e9f\u00e8te du Gard <a href=\"https:\/\/twitter.com\/Prefet30\/status\/1536340138917126145\" target=\"_blank\" rel=\"noreferrer noopener\">informe<\/a> qu\u2019un incendie dans un camping mobilise d\u00e9j\u00e0 100 pompiers. Au m\u00eame moment, mais plus loin, un internaute filme depuis une autoroute une intervention de canadair&nbsp;: l\u2019\u00e9t\u00e9 n\u2019est pas encore l\u00e0, mais les feux le sont d\u00e9j\u00e0.<\/p>\n\n\n\n<h2 class=\"wp-block-heading\">Quelques commentaires<\/h2>\n\n\n\n<p>Le GIEC a \u00e9t\u00e9 fond\u00e9 en 1988, il y a donc 34 ans. On peut s\u2019inqui\u00e9ter du fait que ses alertes ne semblent gu\u00e8re entendues de la population comme des d\u00e9cideurs. Regardons plut\u00f4t le verre \u00e0 moiti\u00e9 plein et notons que la prise de conscience progresse. Les \u00e9missions de gaz \u00e0 effets de serre <a href=\"https:\/\/www.ecologie.gouv.fr\/emissions-gaz-effet-serre-france-atteint-objectifs\" target=\"_blank\" rel=\"noreferrer noopener\">baissent en France<\/a> et en Europe. La Finlande, qui vient de d\u00e9marrer son premier EPR (les \u00e9cologistes locaux se sont ralli\u00e9s au nucl\u00e9aire), <a href=\"https:\/\/finland.fi\/fr\/vie-amp-societe\/les-actions-carbone-et-strategies-de-la-finlande-prefigurent-la-neutralite-carbone-dici-2035\/\" target=\"_blank\" rel=\"noreferrer noopener\">vise maintenant 2035<\/a> pour atteindre le \u00ab\u00a0z\u00e9ro \u00e9mission de CO2\u00a0\u00bb.<\/p>\n\n\n\n<p>Dans notre commune, <em><a href=\"https:\/\/zen2050maintenant.org\/\" target=\"_blank\" rel=\"noreferrer noopener\">ZEN2050 Maintenant<\/a><\/em> constate que sa proposition de <a href=\"http:\/\/sceaux-lagazette.fr\/index.php\/2022\/03\/16\/balade-thermique-a-la-cite-henri-sellier\/\" target=\"_blank\" rel=\"noreferrer noopener\">balades thermiques <\/a>attire bien des participants.<\/p>\n\n\n\n<p>L\u2019\u00e9pisode caniculaire qui va arriver nous invite \u00e0 nous adapter, \u00e0 nous pr\u00e9parer au changement climatique en cours. Comment&nbsp;? On y reviendra&nbsp;; notons d\u00e9j\u00e0 que bien isoler son logement, c\u2019est utile \u00e0 la fois pour limiter les \u00e9missions de GES et pour se prot\u00e9ger des canicules&nbsp;!<\/p>\n","protected":false},"excerpt":{"rendered":"<p>La temp\u00e9rature d\u00e9passera nettement les 30\u00b0 vendredi et samedi en Ile-de-France. Elle pourrait m\u00eame \u00eatre nettement plus \u00e9lev\u00e9e sur la France, comme le montre par exemple cette image prospective, sur laquelle on voit des temp\u00e9ratures atteignant 40\u00b0 en Ile de France : Dans une s\u00e9rie de tweets publi\u00e9s le 12&#8230;<\/p>\n","protected":false},"author":11,"featured_media":7064,"comment_status":"open","ping_status":"open","sticky":false,"template":"","format":"standard","meta":{"om_disable_all_campaigns":false,"_monsterinsights_skip_tracking":false,"_monsterinsights_sitenote_active":false,"_monsterinsights_sitenote_note":"","_monsterinsights_sitenote_category":0,"_uf_show_specific_survey":0,"_uf_disable_surveys":false,"footnotes":""},"categories":[53],"tags":[],"class_list":["post-7058","post","type-post","status-publish","format-standard","has-post-thumbnail","hentry","category-analyses","entry","simple"],"yoast_head":"<!-- This site is optimized with the Yoast SEO plugin v25.6 - https:\/\/yoast.com\/wordpress\/plugins\/seo\/ -->\n<title>Vague de chaleur - La Gazette<\/title>\n<meta name=\"robots\" content=\"index, follow, max-snippet:-1, max-image-preview:large, max-video-preview:-1\" \/>\n<link rel=\"canonical\" href=\"https:\/\/sceaux-lagazette.fr\/index.php\/2022\/06\/15\/vague-de-chaleur\/\" \/>\n<meta property=\"og:locale\" content=\"fr_FR\" \/>\n<meta property=\"og:type\" content=\"article\" \/>\n<meta property=\"og:title\" content=\"Vague de chaleur - La Gazette\" \/>\n<meta property=\"og:description\" content=\"La temp\u00e9rature d\u00e9passera nettement les 30\u00b0 vendredi et samedi en Ile-de-France. Elle pourrait m\u00eame \u00eatre nettement plus \u00e9lev\u00e9e sur la France, comme le montre par exemple cette image prospective, sur laquelle on voit des temp\u00e9ratures atteignant 40\u00b0 en Ile de France : Dans une s\u00e9rie de tweets publi\u00e9s le 12&#8230;\" \/>\n<meta property=\"og:url\" content=\"https:\/\/sceaux-lagazette.fr\/index.php\/2022\/06\/15\/vague-de-chaleur\/\" \/>\n<meta property=\"og:site_name\" content=\"La Gazette\" \/>\n<meta property=\"article:published_time\" content=\"2022-06-15T06:26:47+00:00\" \/>\n<meta property=\"article:modified_time\" content=\"2022-06-15T06:26:48+00:00\" \/>\n<meta property=\"og:image\" content=\"https:\/\/sceaux-lagazette.fr\/wp-content\/uploads\/2022\/06\/Feature._Heat_Wave_-_Park_Place_Viger_BAnQ_P48S1P10462.jpg\" \/>\n\t<meta property=\"og:image:width\" content=\"640\" \/>\n\t<meta property=\"og:image:height\" content=\"476\" \/>\n\t<meta property=\"og:image:type\" content=\"image\/jpeg\" \/>\n<meta name=\"author\" content=\"G\u00e9rard Bardier\" \/>\n<meta name=\"twitter:card\" content=\"summary_large_image\" \/>\n<meta name=\"twitter:label1\" content=\"\u00c9crit par\" \/>\n\t<meta name=\"twitter:data1\" content=\"G\u00e9rard Bardier\" \/>\n\t<meta name=\"twitter:label2\" content=\"Dur\u00e9e de lecture estim\u00e9e\" \/>\n\t<meta name=\"twitter:data2\" content=\"3 minutes\" \/>\n<script type=\"application\/ld+json\" class=\"yoast-schema-graph\">{\"@context\":\"https:\/\/schema.org\",\"@graph\":[{\"@type\":\"Article\",\"@id\":\"https:\/\/sceaux-lagazette.fr\/index.php\/2022\/06\/15\/vague-de-chaleur\/#article\",\"isPartOf\":{\"@id\":\"https:\/\/sceaux-lagazette.fr\/index.php\/2022\/06\/15\/vague-de-chaleur\/\"},\"author\":{\"name\":\"G\u00e9rard Bardier\",\"@id\":\"https:\/\/sceaux-lagazette.fr\/#\/schema\/person\/5650e206a121f68c6f5e76379bccfbc4\"},\"headline\":\"Vague de chaleur\",\"datePublished\":\"2022-06-15T06:26:47+00:00\",\"dateModified\":\"2022-06-15T06:26:48+00:00\",\"mainEntityOfPage\":{\"@id\":\"https:\/\/sceaux-lagazette.fr\/index.php\/2022\/06\/15\/vague-de-chaleur\/\"},\"wordCount\":698,\"commentCount\":0,\"publisher\":{\"@id\":\"https:\/\/sceaux-lagazette.fr\/#organization\"},\"image\":{\"@id\":\"https:\/\/sceaux-lagazette.fr\/index.php\/2022\/06\/15\/vague-de-chaleur\/#primaryimage\"},\"thumbnailUrl\":\"https:\/\/sceaux-lagazette.fr\/wp-content\/uploads\/2022\/06\/Feature._Heat_Wave_-_Park_Place_Viger_BAnQ_P48S1P10462.jpg\",\"articleSection\":[\"Analyses\"],\"inLanguage\":\"fr-FR\",\"potentialAction\":[{\"@type\":\"CommentAction\",\"name\":\"Comment\",\"target\":[\"https:\/\/sceaux-lagazette.fr\/index.php\/2022\/06\/15\/vague-de-chaleur\/#respond\"]}]},{\"@type\":\"WebPage\",\"@id\":\"https:\/\/sceaux-lagazette.fr\/index.php\/2022\/06\/15\/vague-de-chaleur\/\",\"url\":\"https:\/\/sceaux-lagazette.fr\/index.php\/2022\/06\/15\/vague-de-chaleur\/\",\"name\":\"Vague de chaleur - La Gazette\",\"isPartOf\":{\"@id\":\"https:\/\/sceaux-lagazette.fr\/#website\"},\"primaryImageOfPage\":{\"@id\":\"https:\/\/sceaux-lagazette.fr\/index.php\/2022\/06\/15\/vague-de-chaleur\/#primaryimage\"},\"image\":{\"@id\":\"https:\/\/sceaux-lagazette.fr\/index.php\/2022\/06\/15\/vague-de-chaleur\/#primaryimage\"},\"thumbnailUrl\":\"https:\/\/sceaux-lagazette.fr\/wp-content\/uploads\/2022\/06\/Feature._Heat_Wave_-_Park_Place_Viger_BAnQ_P48S1P10462.jpg\",\"datePublished\":\"2022-06-15T06:26:47+00:00\",\"dateModified\":\"2022-06-15T06:26:48+00:00\",\"breadcrumb\":{\"@id\":\"https:\/\/sceaux-lagazette.fr\/index.php\/2022\/06\/15\/vague-de-chaleur\/#breadcrumb\"},\"inLanguage\":\"fr-FR\",\"potentialAction\":[{\"@type\":\"ReadAction\",\"target\":[\"https:\/\/sceaux-lagazette.fr\/index.php\/2022\/06\/15\/vague-de-chaleur\/\"]}]},{\"@type\":\"ImageObject\",\"inLanguage\":\"fr-FR\",\"@id\":\"https:\/\/sceaux-lagazette.fr\/index.php\/2022\/06\/15\/vague-de-chaleur\/#primaryimage\",\"url\":\"https:\/\/sceaux-lagazette.fr\/wp-content\/uploads\/2022\/06\/Feature._Heat_Wave_-_Park_Place_Viger_BAnQ_P48S1P10462.jpg\",\"contentUrl\":\"https:\/\/sceaux-lagazette.fr\/wp-content\/uploads\/2022\/06\/Feature._Heat_Wave_-_Park_Place_Viger_BAnQ_P48S1P10462.jpg\",\"width\":640,\"height\":476},{\"@type\":\"BreadcrumbList\",\"@id\":\"https:\/\/sceaux-lagazette.fr\/index.php\/2022\/06\/15\/vague-de-chaleur\/#breadcrumb\",\"itemListElement\":[{\"@type\":\"ListItem\",\"position\":1,\"name\":\"Accueil\",\"item\":\"https:\/\/sceaux-lagazette.fr\/\"},{\"@type\":\"ListItem\",\"position\":2,\"name\":\"Vague de chaleur\"}]},{\"@type\":\"WebSite\",\"@id\":\"https:\/\/sceaux-lagazette.fr\/#website\",\"url\":\"https:\/\/sceaux-lagazette.fr\/\",\"name\":\"La Gazette\",\"description\":\"Bourg-la-Reine, Ch\u00e2tenay, Fontenay, Sceaux\",\"publisher\":{\"@id\":\"https:\/\/sceaux-lagazette.fr\/#organization\"},\"potentialAction\":[{\"@type\":\"SearchAction\",\"target\":{\"@type\":\"EntryPoint\",\"urlTemplate\":\"https:\/\/sceaux-lagazette.fr\/?s={search_term_string}\"},\"query-input\":{\"@type\":\"PropertyValueSpecification\",\"valueRequired\":true,\"valueName\":\"search_term_string\"}}],\"inLanguage\":\"fr-FR\"},{\"@type\":\"Organization\",\"@id\":\"https:\/\/sceaux-lagazette.fr\/#organization\",\"name\":\"La Gazette\",\"url\":\"https:\/\/sceaux-lagazette.fr\/\",\"logo\":{\"@type\":\"ImageObject\",\"inLanguage\":\"fr-FR\",\"@id\":\"https:\/\/sceaux-lagazette.fr\/#\/schema\/logo\/image\/\",\"url\":\"https:\/\/sceaux-lagazette.fr\/wp-content\/uploads\/2025\/08\/Logo-Gazette-Aout-2025-V3.jpg\",\"contentUrl\":\"https:\/\/sceaux-lagazette.fr\/wp-content\/uploads\/2025\/08\/Logo-Gazette-Aout-2025-V3.jpg\",\"width\":525,\"height\":130,\"caption\":\"La Gazette\"},\"image\":{\"@id\":\"https:\/\/sceaux-lagazette.fr\/#\/schema\/logo\/image\/\"}},{\"@type\":\"Person\",\"@id\":\"https:\/\/sceaux-lagazette.fr\/#\/schema\/person\/5650e206a121f68c6f5e76379bccfbc4\",\"name\":\"G\u00e9rard Bardier\",\"image\":{\"@type\":\"ImageObject\",\"inLanguage\":\"fr-FR\",\"@id\":\"https:\/\/sceaux-lagazette.fr\/#\/schema\/person\/image\/\",\"url\":\"https:\/\/secure.gravatar.com\/avatar\/5cf4391ef9dbc0367750202561279a29?s=96&r=g\",\"contentUrl\":\"https:\/\/secure.gravatar.com\/avatar\/5cf4391ef9dbc0367750202561279a29?s=96&r=g\",\"caption\":\"G\u00e9rard Bardier\"},\"url\":\"https:\/\/sceaux-lagazette.fr\/index.php\/author\/gb\/\"}]}<\/script>\n<!-- \/ Yoast SEO plugin. -->","yoast_head_json":{"title":"Vague de chaleur - La Gazette","robots":{"index":"index","follow":"follow","max-snippet":"max-snippet:-1","max-image-preview":"max-image-preview:large","max-video-preview":"max-video-preview:-1"},"canonical":"https:\/\/sceaux-lagazette.fr\/index.php\/2022\/06\/15\/vague-de-chaleur\/","og_locale":"fr_FR","og_type":"article","og_title":"Vague de chaleur - La Gazette","og_description":"La temp\u00e9rature d\u00e9passera nettement les 30\u00b0 vendredi et samedi en Ile-de-France. Elle pourrait m\u00eame \u00eatre nettement plus \u00e9lev\u00e9e sur la France, comme le montre par exemple cette image prospective, sur laquelle on voit des temp\u00e9ratures atteignant 40\u00b0 en Ile de France : Dans une s\u00e9rie de tweets publi\u00e9s le 12&#8230;","og_url":"https:\/\/sceaux-lagazette.fr\/index.php\/2022\/06\/15\/vague-de-chaleur\/","og_site_name":"La Gazette","article_published_time":"2022-06-15T06:26:47+00:00","article_modified_time":"2022-06-15T06:26:48+00:00","og_image":[{"width":640,"height":476,"url":"https:\/\/sceaux-lagazette.fr\/wp-content\/uploads\/2022\/06\/Feature._Heat_Wave_-_Park_Place_Viger_BAnQ_P48S1P10462.jpg","type":"image\/jpeg"}],"author":"G\u00e9rard Bardier","twitter_card":"summary_large_image","twitter_misc":{"\u00c9crit par":"G\u00e9rard Bardier","Dur\u00e9e de lecture estim\u00e9e":"3 minutes"},"schema":{"@context":"https:\/\/schema.org","@graph":[{"@type":"Article","@id":"https:\/\/sceaux-lagazette.fr\/index.php\/2022\/06\/15\/vague-de-chaleur\/#article","isPartOf":{"@id":"https:\/\/sceaux-lagazette.fr\/index.php\/2022\/06\/15\/vague-de-chaleur\/"},"author":{"name":"G\u00e9rard Bardier","@id":"https:\/\/sceaux-lagazette.fr\/#\/schema\/person\/5650e206a121f68c6f5e76379bccfbc4"},"headline":"Vague de chaleur","datePublished":"2022-06-15T06:26:47+00:00","dateModified":"2022-06-15T06:26:48+00:00","mainEntityOfPage":{"@id":"https:\/\/sceaux-lagazette.fr\/index.php\/2022\/06\/15\/vague-de-chaleur\/"},"wordCount":698,"commentCount":0,"publisher":{"@id":"https:\/\/sceaux-lagazette.fr\/#organization"},"image":{"@id":"https:\/\/sceaux-lagazette.fr\/index.php\/2022\/06\/15\/vague-de-chaleur\/#primaryimage"},"thumbnailUrl":"https:\/\/sceaux-lagazette.fr\/wp-content\/uploads\/2022\/06\/Feature._Heat_Wave_-_Park_Place_Viger_BAnQ_P48S1P10462.jpg","articleSection":["Analyses"],"inLanguage":"fr-FR","potentialAction":[{"@type":"CommentAction","name":"Comment","target":["https:\/\/sceaux-lagazette.fr\/index.php\/2022\/06\/15\/vague-de-chaleur\/#respond"]}]},{"@type":"WebPage","@id":"https:\/\/sceaux-lagazette.fr\/index.php\/2022\/06\/15\/vague-de-chaleur\/","url":"https:\/\/sceaux-lagazette.fr\/index.php\/2022\/06\/15\/vague-de-chaleur\/","name":"Vague de chaleur - La Gazette","isPartOf":{"@id":"https:\/\/sceaux-lagazette.fr\/#website"},"primaryImageOfPage":{"@id":"https:\/\/sceaux-lagazette.fr\/index.php\/2022\/06\/15\/vague-de-chaleur\/#primaryimage"},"image":{"@id":"https:\/\/sceaux-lagazette.fr\/index.php\/2022\/06\/15\/vague-de-chaleur\/#primaryimage"},"thumbnailUrl":"https:\/\/sceaux-lagazette.fr\/wp-content\/uploads\/2022\/06\/Feature._Heat_Wave_-_Park_Place_Viger_BAnQ_P48S1P10462.jpg","datePublished":"2022-06-15T06:26:47+00:00","dateModified":"2022-06-15T06:26:48+00:00","breadcrumb":{"@id":"https:\/\/sceaux-lagazette.fr\/index.php\/2022\/06\/15\/vague-de-chaleur\/#breadcrumb"},"inLanguage":"fr-FR","potentialAction":[{"@type":"ReadAction","target":["https:\/\/sceaux-lagazette.fr\/index.php\/2022\/06\/15\/vague-de-chaleur\/"]}]},{"@type":"ImageObject","inLanguage":"fr-FR","@id":"https:\/\/sceaux-lagazette.fr\/index.php\/2022\/06\/15\/vague-de-chaleur\/#primaryimage","url":"https:\/\/sceaux-lagazette.fr\/wp-content\/uploads\/2022\/06\/Feature._Heat_Wave_-_Park_Place_Viger_BAnQ_P48S1P10462.jpg","contentUrl":"https:\/\/sceaux-lagazette.fr\/wp-content\/uploads\/2022\/06\/Feature._Heat_Wave_-_Park_Place_Viger_BAnQ_P48S1P10462.jpg","width":640,"height":476},{"@type":"BreadcrumbList","@id":"https:\/\/sceaux-lagazette.fr\/index.php\/2022\/06\/15\/vague-de-chaleur\/#breadcrumb","itemListElement":[{"@type":"ListItem","position":1,"name":"Accueil","item":"https:\/\/sceaux-lagazette.fr\/"},{"@type":"ListItem","position":2,"name":"Vague de chaleur"}]},{"@type":"WebSite","@id":"https:\/\/sceaux-lagazette.fr\/#website","url":"https:\/\/sceaux-lagazette.fr\/","name":"La Gazette","description":"Bourg-la-Reine, Ch\u00e2tenay, Fontenay, Sceaux","publisher":{"@id":"https:\/\/sceaux-lagazette.fr\/#organization"},"potentialAction":[{"@type":"SearchAction","target":{"@type":"EntryPoint","urlTemplate":"https:\/\/sceaux-lagazette.fr\/?s={search_term_string}"},"query-input":{"@type":"PropertyValueSpecification","valueRequired":true,"valueName":"search_term_string"}}],"inLanguage":"fr-FR"},{"@type":"Organization","@id":"https:\/\/sceaux-lagazette.fr\/#organization","name":"La Gazette","url":"https:\/\/sceaux-lagazette.fr\/","logo":{"@type":"ImageObject","inLanguage":"fr-FR","@id":"https:\/\/sceaux-lagazette.fr\/#\/schema\/logo\/image\/","url":"https:\/\/sceaux-lagazette.fr\/wp-content\/uploads\/2025\/08\/Logo-Gazette-Aout-2025-V3.jpg","contentUrl":"https:\/\/sceaux-lagazette.fr\/wp-content\/uploads\/2025\/08\/Logo-Gazette-Aout-2025-V3.jpg","width":525,"height":130,"caption":"La Gazette"},"image":{"@id":"https:\/\/sceaux-lagazette.fr\/#\/schema\/logo\/image\/"}},{"@type":"Person","@id":"https:\/\/sceaux-lagazette.fr\/#\/schema\/person\/5650e206a121f68c6f5e76379bccfbc4","name":"G\u00e9rard Bardier","image":{"@type":"ImageObject","inLanguage":"fr-FR","@id":"https:\/\/sceaux-lagazette.fr\/#\/schema\/person\/image\/","url":"https:\/\/secure.gravatar.com\/avatar\/5cf4391ef9dbc0367750202561279a29?s=96&r=g","contentUrl":"https:\/\/secure.gravatar.com\/avatar\/5cf4391ef9dbc0367750202561279a29?s=96&r=g","caption":"G\u00e9rard Bardier"},"url":"https:\/\/sceaux-lagazette.fr\/index.php\/author\/gb\/"}]}},"cc_featured_image_caption":{"caption_text":"Vague de chaleur au Qu\u00e9bec. Collection Conrad Poirier","source_text":"","source_url":""},"_links":{"self":[{"href":"https:\/\/sceaux-lagazette.fr\/index.php\/wp-json\/wp\/v2\/posts\/7058"}],"collection":[{"href":"https:\/\/sceaux-lagazette.fr\/index.php\/wp-json\/wp\/v2\/posts"}],"about":[{"href":"https:\/\/sceaux-lagazette.fr\/index.php\/wp-json\/wp\/v2\/types\/post"}],"author":[{"embeddable":true,"href":"https:\/\/sceaux-lagazette.fr\/index.php\/wp-json\/wp\/v2\/users\/11"}],"replies":[{"embeddable":true,"href":"https:\/\/sceaux-lagazette.fr\/index.php\/wp-json\/wp\/v2\/comments?post=7058"}],"version-history":[{"count":3,"href":"https:\/\/sceaux-lagazette.fr\/index.php\/wp-json\/wp\/v2\/posts\/7058\/revisions"}],"predecessor-version":[{"id":7073,"href":"https:\/\/sceaux-lagazette.fr\/index.php\/wp-json\/wp\/v2\/posts\/7058\/revisions\/7073"}],"wp:featuredmedia":[{"embeddable":true,"href":"https:\/\/sceaux-lagazette.fr\/index.php\/wp-json\/wp\/v2\/media\/7064"}],"wp:attachment":[{"href":"https:\/\/sceaux-lagazette.fr\/index.php\/wp-json\/wp\/v2\/media?parent=7058"}],"wp:term":[{"taxonomy":"category","embeddable":true,"href":"https:\/\/sceaux-lagazette.fr\/index.php\/wp-json\/wp\/v2\/categories?post=7058"},{"taxonomy":"post_tag","embeddable":true,"href":"https:\/\/sceaux-lagazette.fr\/index.php\/wp-json\/wp\/v2\/tags?post=7058"}],"curies":[{"name":"wp","href":"https:\/\/api.w.org\/{rel}","templated":true}]}}