{"id":6974,"date":"2022-06-09T09:13:39","date_gmt":"2022-06-09T07:13:39","guid":{"rendered":"https:\/\/sceaux-lagazette.fr\/?p=6974"},"modified":"2022-06-09T09:12:21","modified_gmt":"2022-06-09T07:12:21","slug":"paroles-de-candidats","status":"publish","type":"post","link":"https:\/\/sceaux-lagazette.fr\/index.php\/2022\/06\/09\/paroles-de-candidats\/","title":{"rendered":"Paroles de candidats"},"content":{"rendered":"\n<p>Les \u00e9lections l\u00e9gislatives sont au bout de la semaine. La ville se montrera sous un jour plus divers que celui qu&rsquo;elle montra pour les pr\u00e9sidentielles. Non que le nombre de candidats ait sensiblement augment\u00e9. Mais les candidats, les principaux du moins, sont bien plus inscrits dans le territoire. Rappeler cette \u00e9vidence (les circonscriptions sont plus locales que le national, d\u2019ailleurs elles sont 577) ne vise pas (seulement) \u00e0 faire des lapalissades.<\/p>\n\n\n\n<p>La Gazette a souhait\u00e9 donner la parole aux candidats qu\u2019elle estime \u00eatre les plus pr\u00e9sents dans notre quotidien. Sur quels crit\u00e8res&nbsp;? Un premier qui fera sourire est celui d\u2019avoir un acc\u00e8s simple \u00e0 eux. Philippe Laurent est notre maire. Numa Isnard est conseiller municipal. Brice Gaillard a le soutien direct des \u00e9lus de Sceaux en commun, tandis que Maud Bregeon a un soutien tout aussi net des \u00e9lus de Sceaux Ensemble.<\/p>\n\n\n\n<p>Un deuxi\u00e8me crit\u00e8re qui n\u2019est qu\u2019une autre facette du premier est de les avoir crois\u00e9s dans les rues, de nous \u00eatre adress\u00e9 \u00e0 eux, de les situer.<\/p>\n\n\n\n<p>Un dernier crit\u00e8re est d\u2019en rester \u00e0 un nombre modeste qui refl\u00e8te \u00e0 la fois une diversit\u00e9 d\u2019opinions et qui permette de comparer. On ne compare pas onze discours. On se souvient des \u00e9changes \u00e0 la t\u00e9l\u00e9vision entre une dizaine de candidats dont on oublie les propos, \u00e0 part les petites phrases et les provocations.<\/p>\n\n\n\n<p>Pourquoi consigner des positions par d\u00e9finition format\u00e9es par les imp\u00e9ratifs de campagne&nbsp;? C\u2019est qu\u2019en les comparant, en relevant ce qui les distingue, la r\u00e9partition des votes permettra de mieux comprendre nos quatre villes. La circonscription form\u00e9e d\u2019Antony, Ch\u00e2tenay-Malabry, Bourg-La-Reine et Sceaux forme une unit\u00e9 qui n\u2019est pas que formelle.<\/p>\n\n\n\n<p>Esp\u00e9rons que celle ou celui qui sera notre repr\u00e9sentant aura \u00e0 c\u0153ur d&rsquo;\u00eatre un interm\u00e9diaire entre ses \u00e9lecteurs et les d\u00e9bats qui se m\u00e8nent au niveau national. Ce serait certainement une valeur ajout\u00e9e, un lien positif \u00e0 nos yeux entre le quotidien de nos vies et ce qui fait nation.<\/p>\n\n\n\n<p>Se tenir \u00e0 distance des oppositions politiques ne revient pas \u00e0 les ignorer. En rendre compte, entendre ce que les candidats nous disent, c&rsquo;est se pr\u00e9parer \u00e0 mieux comprendre, quand les r\u00e9sultats tomberont, \u00e0 quoi nous ressemblons collectivement.<\/p>\n\n\n\n<p>Par ordre alphab\u00e9tique :<\/p>\n\n\n\n<ul class=\"wp-block-list\"><li><a href=\"https:\/\/sceaux-lagazette.fr\/index.php\/2022\/06\/09\/maud-bregeon-une-majorite-claire-pour-le-president-de-la-republique\/\" target=\"_blank\" rel=\"noreferrer noopener\">Maud Br\u00e9geon : une majorit\u00e9 claire pour le pr\u00e9sident de la R\u00e9publique<\/a><\/li><li><a href=\"https:\/\/sceaux-lagazette.fr\/index.php\/2022\/06\/09\/brice-gaillard-la-fierte-nupes\/\" target=\"_blank\" rel=\"noreferrer noopener\">Brice Gaillard : la fiert\u00e9 NUPES<\/a><\/li><li><a href=\"https:\/\/sceaux-lagazette.fr\/index.php\/2022\/06\/09\/numa-isnard-faire-bouger-les-lignes-politiques\/\" target=\"_blank\" rel=\"noreferrer noopener\">Numa Isnard : faire bouger les lignes politiques<\/a><\/li><li><a href=\"https:\/\/sceaux-lagazette.fr\/index.php\/2022\/06\/09\/philippe-laurent-du-local-au-national\/\" target=\"_blank\" rel=\"noreferrer noopener\">Philippe Laurent : du local au national<\/a><\/li><\/ul>\n\n\n\n<p><\/p>\n","protected":false},"excerpt":{"rendered":"<p>Les \u00e9lections l\u00e9gislatives sont au bout de la semaine. La ville se montrera sous un jour plus divers que celui qu&rsquo;elle montra pour les pr\u00e9sidentielles. Non que le nombre de candidats ait sensiblement augment\u00e9. Mais les candidats, les principaux du moins, sont bien plus inscrits dans le territoire. Rappeler cette&#8230;<\/p>\n","protected":false},"author":6,"featured_media":6914,"comment_status":"open","ping_status":"open","sticky":false,"template":"","format":"standard","meta":{"om_disable_all_campaigns":false,"_monsterinsights_skip_tracking":false,"_monsterinsights_sitenote_active":false,"_monsterinsights_sitenote_note":"","_monsterinsights_sitenote_category":0,"_uf_show_specific_survey":0,"_uf_disable_surveys":false,"footnotes":""},"categories":[246],"tags":[],"class_list":["post-6974","post","type-post","status-publish","format-standard","has-post-thumbnail","hentry","category-vie-publique","entry","simple"],"yoast_head":"<!-- This site is optimized with the Yoast SEO plugin v25.6 - https:\/\/yoast.com\/wordpress\/plugins\/seo\/ -->\n<title>Paroles de candidats - La Gazette<\/title>\n<meta name=\"robots\" content=\"index, follow, max-snippet:-1, max-image-preview:large, max-video-preview:-1\" \/>\n<link rel=\"canonical\" href=\"https:\/\/sceaux-lagazette.fr\/index.php\/2022\/06\/09\/paroles-de-candidats\/\" \/>\n<meta property=\"og:locale\" content=\"fr_FR\" \/>\n<meta property=\"og:type\" content=\"article\" \/>\n<meta property=\"og:title\" content=\"Paroles de candidats - La Gazette\" \/>\n<meta property=\"og:description\" content=\"Les \u00e9lections l\u00e9gislatives sont au bout de la semaine. La ville se montrera sous un jour plus divers que celui qu&rsquo;elle montra pour les pr\u00e9sidentielles. Non que le nombre de candidats ait sensiblement augment\u00e9. Mais les candidats, les principaux du moins, sont bien plus inscrits dans le territoire. Rappeler cette&#8230;\" \/>\n<meta property=\"og:url\" content=\"https:\/\/sceaux-lagazette.fr\/index.php\/2022\/06\/09\/paroles-de-candidats\/\" \/>\n<meta property=\"og:site_name\" content=\"La Gazette\" \/>\n<meta property=\"article:published_time\" content=\"2022-06-09T07:13:39+00:00\" \/>\n<meta property=\"og:image\" content=\"https:\/\/sceaux-lagazette.fr\/wp-content\/uploads\/2022\/06\/seance-assemblee-nationale.jpg\" \/>\n\t<meta property=\"og:image:width\" content=\"645\" \/>\n\t<meta property=\"og:image:height\" content=\"363\" \/>\n\t<meta property=\"og:image:type\" content=\"image\/jpeg\" \/>\n<meta name=\"author\" content=\"Maurice Zytnicki\" \/>\n<meta name=\"twitter:card\" content=\"summary_large_image\" \/>\n<meta name=\"twitter:label1\" content=\"\u00c9crit par\" \/>\n\t<meta name=\"twitter:data1\" content=\"Maurice Zytnicki\" \/>\n\t<meta name=\"twitter:label2\" content=\"Dur\u00e9e de lecture estim\u00e9e\" \/>\n\t<meta name=\"twitter:data2\" content=\"2 minutes\" \/>\n<script type=\"application\/ld+json\" class=\"yoast-schema-graph\">{\"@context\":\"https:\/\/schema.org\",\"@graph\":[{\"@type\":\"Article\",\"@id\":\"https:\/\/sceaux-lagazette.fr\/index.php\/2022\/06\/09\/paroles-de-candidats\/#article\",\"isPartOf\":{\"@id\":\"https:\/\/sceaux-lagazette.fr\/index.php\/2022\/06\/09\/paroles-de-candidats\/\"},\"author\":{\"name\":\"Maurice Zytnicki\",\"@id\":\"https:\/\/sceaux-lagazette.fr\/#\/schema\/person\/060ab8fc058c4220d9079707a58da9f1\"},\"headline\":\"Paroles de candidats\",\"datePublished\":\"2022-06-09T07:13:39+00:00\",\"mainEntityOfPage\":{\"@id\":\"https:\/\/sceaux-lagazette.fr\/index.php\/2022\/06\/09\/paroles-de-candidats\/\"},\"wordCount\":429,\"commentCount\":4,\"publisher\":{\"@id\":\"https:\/\/sceaux-lagazette.fr\/#organization\"},\"image\":{\"@id\":\"https:\/\/sceaux-lagazette.fr\/index.php\/2022\/06\/09\/paroles-de-candidats\/#primaryimage\"},\"thumbnailUrl\":\"https:\/\/sceaux-lagazette.fr\/wp-content\/uploads\/2022\/06\/seance-assemblee-nationale.jpg\",\"articleSection\":[\"Vie publique\"],\"inLanguage\":\"fr-FR\",\"potentialAction\":[{\"@type\":\"CommentAction\",\"name\":\"Comment\",\"target\":[\"https:\/\/sceaux-lagazette.fr\/index.php\/2022\/06\/09\/paroles-de-candidats\/#respond\"]}]},{\"@type\":\"WebPage\",\"@id\":\"https:\/\/sceaux-lagazette.fr\/index.php\/2022\/06\/09\/paroles-de-candidats\/\",\"url\":\"https:\/\/sceaux-lagazette.fr\/index.php\/2022\/06\/09\/paroles-de-candidats\/\",\"name\":\"Paroles de candidats - La Gazette\",\"isPartOf\":{\"@id\":\"https:\/\/sceaux-lagazette.fr\/#website\"},\"primaryImageOfPage\":{\"@id\":\"https:\/\/sceaux-lagazette.fr\/index.php\/2022\/06\/09\/paroles-de-candidats\/#primaryimage\"},\"image\":{\"@id\":\"https:\/\/sceaux-lagazette.fr\/index.php\/2022\/06\/09\/paroles-de-candidats\/#primaryimage\"},\"thumbnailUrl\":\"https:\/\/sceaux-lagazette.fr\/wp-content\/uploads\/2022\/06\/seance-assemblee-nationale.jpg\",\"datePublished\":\"2022-06-09T07:13:39+00:00\",\"breadcrumb\":{\"@id\":\"https:\/\/sceaux-lagazette.fr\/index.php\/2022\/06\/09\/paroles-de-candidats\/#breadcrumb\"},\"inLanguage\":\"fr-FR\",\"potentialAction\":[{\"@type\":\"ReadAction\",\"target\":[\"https:\/\/sceaux-lagazette.fr\/index.php\/2022\/06\/09\/paroles-de-candidats\/\"]}]},{\"@type\":\"ImageObject\",\"inLanguage\":\"fr-FR\",\"@id\":\"https:\/\/sceaux-lagazette.fr\/index.php\/2022\/06\/09\/paroles-de-candidats\/#primaryimage\",\"url\":\"https:\/\/sceaux-lagazette.fr\/wp-content\/uploads\/2022\/06\/seance-assemblee-nationale.jpg\",\"contentUrl\":\"https:\/\/sceaux-lagazette.fr\/wp-content\/uploads\/2022\/06\/seance-assemblee-nationale.jpg\",\"width\":645,\"height\":363},{\"@type\":\"BreadcrumbList\",\"@id\":\"https:\/\/sceaux-lagazette.fr\/index.php\/2022\/06\/09\/paroles-de-candidats\/#breadcrumb\",\"itemListElement\":[{\"@type\":\"ListItem\",\"position\":1,\"name\":\"Accueil\",\"item\":\"https:\/\/sceaux-lagazette.fr\/\"},{\"@type\":\"ListItem\",\"position\":2,\"name\":\"Paroles de candidats\"}]},{\"@type\":\"WebSite\",\"@id\":\"https:\/\/sceaux-lagazette.fr\/#website\",\"url\":\"https:\/\/sceaux-lagazette.fr\/\",\"name\":\"La Gazette\",\"description\":\"Bourg-la-Reine, Ch\u00e2tenay, Fontenay, Sceaux\",\"publisher\":{\"@id\":\"https:\/\/sceaux-lagazette.fr\/#organization\"},\"potentialAction\":[{\"@type\":\"SearchAction\",\"target\":{\"@type\":\"EntryPoint\",\"urlTemplate\":\"https:\/\/sceaux-lagazette.fr\/?s={search_term_string}\"},\"query-input\":{\"@type\":\"PropertyValueSpecification\",\"valueRequired\":true,\"valueName\":\"search_term_string\"}}],\"inLanguage\":\"fr-FR\"},{\"@type\":\"Organization\",\"@id\":\"https:\/\/sceaux-lagazette.fr\/#organization\",\"name\":\"La Gazette\",\"url\":\"https:\/\/sceaux-lagazette.fr\/\",\"logo\":{\"@type\":\"ImageObject\",\"inLanguage\":\"fr-FR\",\"@id\":\"https:\/\/sceaux-lagazette.fr\/#\/schema\/logo\/image\/\",\"url\":\"https:\/\/sceaux-lagazette.fr\/wp-content\/uploads\/2025\/08\/Logo-Gazette-Aout-2025-V3.jpg\",\"contentUrl\":\"https:\/\/sceaux-lagazette.fr\/wp-content\/uploads\/2025\/08\/Logo-Gazette-Aout-2025-V3.jpg\",\"width\":525,\"height\":130,\"caption\":\"La Gazette\"},\"image\":{\"@id\":\"https:\/\/sceaux-lagazette.fr\/#\/schema\/logo\/image\/\"}},{\"@type\":\"Person\",\"@id\":\"https:\/\/sceaux-lagazette.fr\/#\/schema\/person\/060ab8fc058c4220d9079707a58da9f1\",\"name\":\"Maurice Zytnicki\",\"image\":{\"@type\":\"ImageObject\",\"inLanguage\":\"fr-FR\",\"@id\":\"https:\/\/sceaux-lagazette.fr\/#\/schema\/person\/image\/\",\"url\":\"https:\/\/secure.gravatar.com\/avatar\/d94d30d6fa0e9cb7af48a89366fc0cdb?s=96&r=g\",\"contentUrl\":\"https:\/\/secure.gravatar.com\/avatar\/d94d30d6fa0e9cb7af48a89366fc0cdb?s=96&r=g\",\"caption\":\"Maurice Zytnicki\"},\"url\":\"https:\/\/sceaux-lagazette.fr\/index.php\/author\/maurice\/\"}]}<\/script>\n<!-- \/ Yoast SEO plugin. -->","yoast_head_json":{"title":"Paroles de candidats - La Gazette","robots":{"index":"index","follow":"follow","max-snippet":"max-snippet:-1","max-image-preview":"max-image-preview:large","max-video-preview":"max-video-preview:-1"},"canonical":"https:\/\/sceaux-lagazette.fr\/index.php\/2022\/06\/09\/paroles-de-candidats\/","og_locale":"fr_FR","og_type":"article","og_title":"Paroles de candidats - La Gazette","og_description":"Les \u00e9lections l\u00e9gislatives sont au bout de la semaine. La ville se montrera sous un jour plus divers que celui qu&rsquo;elle montra pour les pr\u00e9sidentielles. Non que le nombre de candidats ait sensiblement augment\u00e9. Mais les candidats, les principaux du moins, sont bien plus inscrits dans le territoire. Rappeler cette&#8230;","og_url":"https:\/\/sceaux-lagazette.fr\/index.php\/2022\/06\/09\/paroles-de-candidats\/","og_site_name":"La Gazette","article_published_time":"2022-06-09T07:13:39+00:00","og_image":[{"width":645,"height":363,"url":"https:\/\/sceaux-lagazette.fr\/wp-content\/uploads\/2022\/06\/seance-assemblee-nationale.jpg","type":"image\/jpeg"}],"author":"Maurice Zytnicki","twitter_card":"summary_large_image","twitter_misc":{"\u00c9crit par":"Maurice Zytnicki","Dur\u00e9e de lecture estim\u00e9e":"2 minutes"},"schema":{"@context":"https:\/\/schema.org","@graph":[{"@type":"Article","@id":"https:\/\/sceaux-lagazette.fr\/index.php\/2022\/06\/09\/paroles-de-candidats\/#article","isPartOf":{"@id":"https:\/\/sceaux-lagazette.fr\/index.php\/2022\/06\/09\/paroles-de-candidats\/"},"author":{"name":"Maurice Zytnicki","@id":"https:\/\/sceaux-lagazette.fr\/#\/schema\/person\/060ab8fc058c4220d9079707a58da9f1"},"headline":"Paroles de candidats","datePublished":"2022-06-09T07:13:39+00:00","mainEntityOfPage":{"@id":"https:\/\/sceaux-lagazette.fr\/index.php\/2022\/06\/09\/paroles-de-candidats\/"},"wordCount":429,"commentCount":4,"publisher":{"@id":"https:\/\/sceaux-lagazette.fr\/#organization"},"image":{"@id":"https:\/\/sceaux-lagazette.fr\/index.php\/2022\/06\/09\/paroles-de-candidats\/#primaryimage"},"thumbnailUrl":"https:\/\/sceaux-lagazette.fr\/wp-content\/uploads\/2022\/06\/seance-assemblee-nationale.jpg","articleSection":["Vie publique"],"inLanguage":"fr-FR","potentialAction":[{"@type":"CommentAction","name":"Comment","target":["https:\/\/sceaux-lagazette.fr\/index.php\/2022\/06\/09\/paroles-de-candidats\/#respond"]}]},{"@type":"WebPage","@id":"https:\/\/sceaux-lagazette.fr\/index.php\/2022\/06\/09\/paroles-de-candidats\/","url":"https:\/\/sceaux-lagazette.fr\/index.php\/2022\/06\/09\/paroles-de-candidats\/","name":"Paroles de candidats - La Gazette","isPartOf":{"@id":"https:\/\/sceaux-lagazette.fr\/#website"},"primaryImageOfPage":{"@id":"https:\/\/sceaux-lagazette.fr\/index.php\/2022\/06\/09\/paroles-de-candidats\/#primaryimage"},"image":{"@id":"https:\/\/sceaux-lagazette.fr\/index.php\/2022\/06\/09\/paroles-de-candidats\/#primaryimage"},"thumbnailUrl":"https:\/\/sceaux-lagazette.fr\/wp-content\/uploads\/2022\/06\/seance-assemblee-nationale.jpg","datePublished":"2022-06-09T07:13:39+00:00","breadcrumb":{"@id":"https:\/\/sceaux-lagazette.fr\/index.php\/2022\/06\/09\/paroles-de-candidats\/#breadcrumb"},"inLanguage":"fr-FR","potentialAction":[{"@type":"ReadAction","target":["https:\/\/sceaux-lagazette.fr\/index.php\/2022\/06\/09\/paroles-de-candidats\/"]}]},{"@type":"ImageObject","inLanguage":"fr-FR","@id":"https:\/\/sceaux-lagazette.fr\/index.php\/2022\/06\/09\/paroles-de-candidats\/#primaryimage","url":"https:\/\/sceaux-lagazette.fr\/wp-content\/uploads\/2022\/06\/seance-assemblee-nationale.jpg","contentUrl":"https:\/\/sceaux-lagazette.fr\/wp-content\/uploads\/2022\/06\/seance-assemblee-nationale.jpg","width":645,"height":363},{"@type":"BreadcrumbList","@id":"https:\/\/sceaux-lagazette.fr\/index.php\/2022\/06\/09\/paroles-de-candidats\/#breadcrumb","itemListElement":[{"@type":"ListItem","position":1,"name":"Accueil","item":"https:\/\/sceaux-lagazette.fr\/"},{"@type":"ListItem","position":2,"name":"Paroles de candidats"}]},{"@type":"WebSite","@id":"https:\/\/sceaux-lagazette.fr\/#website","url":"https:\/\/sceaux-lagazette.fr\/","name":"La Gazette","description":"Bourg-la-Reine, Ch\u00e2tenay, Fontenay, Sceaux","publisher":{"@id":"https:\/\/sceaux-lagazette.fr\/#organization"},"potentialAction":[{"@type":"SearchAction","target":{"@type":"EntryPoint","urlTemplate":"https:\/\/sceaux-lagazette.fr\/?s={search_term_string}"},"query-input":{"@type":"PropertyValueSpecification","valueRequired":true,"valueName":"search_term_string"}}],"inLanguage":"fr-FR"},{"@type":"Organization","@id":"https:\/\/sceaux-lagazette.fr\/#organization","name":"La Gazette","url":"https:\/\/sceaux-lagazette.fr\/","logo":{"@type":"ImageObject","inLanguage":"fr-FR","@id":"https:\/\/sceaux-lagazette.fr\/#\/schema\/logo\/image\/","url":"https:\/\/sceaux-lagazette.fr\/wp-content\/uploads\/2025\/08\/Logo-Gazette-Aout-2025-V3.jpg","contentUrl":"https:\/\/sceaux-lagazette.fr\/wp-content\/uploads\/2025\/08\/Logo-Gazette-Aout-2025-V3.jpg","width":525,"height":130,"caption":"La Gazette"},"image":{"@id":"https:\/\/sceaux-lagazette.fr\/#\/schema\/logo\/image\/"}},{"@type":"Person","@id":"https:\/\/sceaux-lagazette.fr\/#\/schema\/person\/060ab8fc058c4220d9079707a58da9f1","name":"Maurice Zytnicki","image":{"@type":"ImageObject","inLanguage":"fr-FR","@id":"https:\/\/sceaux-lagazette.fr\/#\/schema\/person\/image\/","url":"https:\/\/secure.gravatar.com\/avatar\/d94d30d6fa0e9cb7af48a89366fc0cdb?s=96&r=g","contentUrl":"https:\/\/secure.gravatar.com\/avatar\/d94d30d6fa0e9cb7af48a89366fc0cdb?s=96&r=g","caption":"Maurice Zytnicki"},"url":"https:\/\/sceaux-lagazette.fr\/index.php\/author\/maurice\/"}]}},"cc_featured_image_caption":{"caption_text":"Source : Assembl\u00e9e nationale","source_text":"","source_url":""},"_links":{"self":[{"href":"https:\/\/sceaux-lagazette.fr\/index.php\/wp-json\/wp\/v2\/posts\/6974"}],"collection":[{"href":"https:\/\/sceaux-lagazette.fr\/index.php\/wp-json\/wp\/v2\/posts"}],"about":[{"href":"https:\/\/sceaux-lagazette.fr\/index.php\/wp-json\/wp\/v2\/types\/post"}],"author":[{"embeddable":true,"href":"https:\/\/sceaux-lagazette.fr\/index.php\/wp-json\/wp\/v2\/users\/6"}],"replies":[{"embeddable":true,"href":"https:\/\/sceaux-lagazette.fr\/index.php\/wp-json\/wp\/v2\/comments?post=6974"}],"version-history":[{"count":6,"href":"https:\/\/sceaux-lagazette.fr\/index.php\/wp-json\/wp\/v2\/posts\/6974\/revisions"}],"predecessor-version":[{"id":6994,"href":"https:\/\/sceaux-lagazette.fr\/index.php\/wp-json\/wp\/v2\/posts\/6974\/revisions\/6994"}],"wp:featuredmedia":[{"embeddable":true,"href":"https:\/\/sceaux-lagazette.fr\/index.php\/wp-json\/wp\/v2\/media\/6914"}],"wp:attachment":[{"href":"https:\/\/sceaux-lagazette.fr\/index.php\/wp-json\/wp\/v2\/media?parent=6974"}],"wp:term":[{"taxonomy":"category","embeddable":true,"href":"https:\/\/sceaux-lagazette.fr\/index.php\/wp-json\/wp\/v2\/categories?post=6974"},{"taxonomy":"post_tag","embeddable":true,"href":"https:\/\/sceaux-lagazette.fr\/index.php\/wp-json\/wp\/v2\/tags?post=6974"}],"curies":[{"name":"wp","href":"https:\/\/api.w.org\/{rel}","templated":true}]}}