{"id":6659,"date":"2022-05-14T17:43:29","date_gmt":"2022-05-14T15:43:29","guid":{"rendered":"https:\/\/sceaux-lagazette.fr\/?p=6659"},"modified":"2022-05-14T17:43:30","modified_gmt":"2022-05-14T15:43:30","slug":"la-gazette-de-sceaux-fete-son-deuxieme-anniversaire","status":"publish","type":"post","link":"https:\/\/sceaux-lagazette.fr\/index.php\/2022\/05\/14\/la-gazette-de-sceaux-fete-son-deuxieme-anniversaire\/","title":{"rendered":"La Gazette de Sceaux f\u00eate son deuxi\u00e8me anniversaire"},"content":{"rendered":"\n<p>Et voil\u00e0&nbsp;! Un an de plus. Et 550 articles publi\u00e9s&nbsp;:&nbsp; la Gazette continue son chemin. Merci au passage aux contributeurs de cette ann\u00e9e (Brigitte N\u00e9grerie, Dominique Jourdain, Fran\u00e7ois Brun, Fran\u00e7ois L\u00e9vy, H\u00e9l\u00e8ne Loup, Jean Claude Herrenschmidt, Jean Pierre Gr\u00e9goire, Louise Marguerite\u2026).<\/p>\n\n\n\n<p>Cette ann\u00e9e s\u2019est faite sous le signe d\u2019une certaine continuit\u00e9, avec toujours des articles sp\u00e9cifiquement sc\u00e9ens et d\u2019autres \u00e0 caract\u00e8re plus g\u00e9n\u00e9ral, des portraits, des analyses ou des nouvelles des quartiers. Du c\u00f4t\u00e9 des changements, depuis la fin 2021, la publication mensuelle d\u2019une photo myst\u00e8re teste la curiosit\u00e9 des lecteurs et leur connaissance fine de la ville. L\u2019id\u00e9e de faire de la publication du samedi une occasion de d\u00e9tente persiste, et les r\u00e9actions des lecteurs nous permettent de l\u2019ajuster.<\/p>\n\n\n\n<p>Autre changement, r\u00e9cent, la publication d\u2019articles consacr\u00e9s \u00e0 des \u00e9v\u00e9nements dans une ville voisine de Sceaux. Ce n\u2019est pas enti\u00e8rement une nouveaut\u00e9&nbsp;: nous avions publi\u00e9 d\u00e9but 2021 <a rel=\"noreferrer noopener\" href=\"https:\/\/sceaux-lagazette.fr\/index.php\/2021\/01\/16\/ca-bouge-a-la-butte\/\" target=\"_blank\">un article<\/a> sur la Butte Rouge, \u00e0 Ch\u00e2tenay-Malabry. Et consacr\u00e9 quelques articles \u00e0 <a rel=\"noreferrer noopener\" href=\"https:\/\/sceaux-lagazette.fr\/index.php\/2022\/02\/01\/vallee-sud-emploi\/\" target=\"_blank\">des activit\u00e9s<\/a> ou \u00e9v\u00e9nements de Vall\u00e9e Sud Grand Paris. En avril, plusieurs articles ont port\u00e9 sur <a rel=\"noreferrer noopener\" href=\"http:\/\/sceaux-lagazette.fr\/index.php\/2022\/04\/12\/ecoquartier-a-bourg-la-reine-resultat-de-nos-rencontres\/\" target=\"_blank\">un projet d\u2019am\u00e9nagement<\/a> du quartier de la Fa\u00efencerie \u00e0 Bourg-la-Reine. Ceux qui ont lu les articles concernant les r\u00e9sultats locaux ou leur analyse ont certainement not\u00e9 qu\u2019ils portaient sur Sceaux et quelques villes voisines, en particulier les trois (Antony, Bourg-la-Reine et Ch\u00e2tenay-Malabry) qui font partie, comme Sceaux, de la 13<sup>e<\/sup> circonscription des Hauts-de-Seine. Nous n\u2019imaginons pas suivre localement les tr\u00e8s prochaines l\u00e9gislatives sans le faire sur l\u2019ensemble de la circonscription&nbsp;!<\/p>\n\n\n\n<p>Mais cela va plus loin et traduit notre volont\u00e9 d\u2019\u00e9largir l\u2019activit\u00e9 de la Gazette aux villes voisines. Parce que la vie ne s\u2019arr\u00eate pas \u00e0 une limite administrative. Sceaux voit des habitants des villes voisines fr\u00e9quenter la rue Houdan ou ses diff\u00e9rents clubs. Cela va bien s\u00fbr dans les deux sens&nbsp;: des Sc\u00e9ens participent \u00e0 des activit\u00e9s dans des villes voisines, font leurs courses aux march\u00e9s de Bourg-la-Reine, Antony ou Le Plessis-Robinson, se baladent \u00e0 l\u2019Arboretum ou au parc de la Vall\u00e9e-aux-loups. Lors du dernier conseil municipal, on a m\u00eame vu l\u2019approbation d\u2019une convention avec le club de Rugby d\u2019Antony&nbsp;! L\u2019association Z.E.N.2050 Maintenant, qui organise un \u00e9v\u00e8nement sur Sceaux le 14 mai y a invit\u00e9 des associations de villes voisines.<\/p>\n\n\n\n<p>C\u2019est pourquoi nous avons commenc\u00e9 \u00e0 publier des articles sur ce voisinage et souhaitons, le faire de mani\u00e8re plus r\u00e9guli\u00e8re. C\u2019est  un de nos challenges pour l\u2019ann\u00e9e \u00e0 venir\u00a0: pouvoir rendre compte d\u2019\u00e9v\u00e9nements, d\u2019initiatives, d\u2019activit\u00e9s associatives sur cet ensemble de communes, si proches et si li\u00e9es.<\/p>\n\n\n\n<p><\/p>\n","protected":false},"excerpt":{"rendered":"<p>Et voil\u00e0&nbsp;! Un an de plus. Et 550 articles publi\u00e9s&nbsp;:&nbsp; la Gazette continue son chemin. Merci au passage aux contributeurs de cette ann\u00e9e (Brigitte N\u00e9grerie, Dominique Jourdain, Fran\u00e7ois Brun, Fran\u00e7ois L\u00e9vy, H\u00e9l\u00e8ne Loup, Jean Claude Herrenschmidt, Jean Pierre Gr\u00e9goire, Louise Marguerite\u2026). Cette ann\u00e9e s\u2019est faite sous le signe d\u2019une certaine&#8230;<\/p>\n","protected":false},"author":11,"featured_media":6661,"comment_status":"open","ping_status":"open","sticky":false,"template":"","format":"standard","meta":{"om_disable_all_campaigns":false,"_monsterinsights_skip_tracking":false,"_monsterinsights_sitenote_active":false,"_monsterinsights_sitenote_note":"","_monsterinsights_sitenote_category":0,"_uf_show_specific_survey":0,"_uf_disable_surveys":false,"footnotes":""},"categories":[58],"tags":[],"class_list":["post-6659","post","type-post","status-publish","format-standard","has-post-thumbnail","hentry","category-notre-projet","entry","simple"],"yoast_head":"<!-- This site is optimized with the Yoast SEO plugin v25.6 - https:\/\/yoast.com\/wordpress\/plugins\/seo\/ -->\n<title>La Gazette de Sceaux f\u00eate son deuxi\u00e8me anniversaire - La Gazette<\/title>\n<meta name=\"robots\" content=\"index, follow, max-snippet:-1, max-image-preview:large, max-video-preview:-1\" \/>\n<link rel=\"canonical\" href=\"https:\/\/sceaux-lagazette.fr\/index.php\/2022\/05\/14\/la-gazette-de-sceaux-fete-son-deuxieme-anniversaire\/\" \/>\n<meta property=\"og:locale\" content=\"fr_FR\" \/>\n<meta property=\"og:type\" content=\"article\" \/>\n<meta property=\"og:title\" content=\"La Gazette de Sceaux f\u00eate son deuxi\u00e8me anniversaire - La Gazette\" \/>\n<meta property=\"og:description\" content=\"Et voil\u00e0&nbsp;! Un an de plus. Et 550 articles publi\u00e9s&nbsp;:&nbsp; la Gazette continue son chemin. Merci au passage aux contributeurs de cette ann\u00e9e (Brigitte N\u00e9grerie, Dominique Jourdain, Fran\u00e7ois Brun, Fran\u00e7ois L\u00e9vy, H\u00e9l\u00e8ne Loup, Jean Claude Herrenschmidt, Jean Pierre Gr\u00e9goire, Louise Marguerite\u2026). Cette ann\u00e9e s\u2019est faite sous le signe d\u2019une certaine&#8230;\" \/>\n<meta property=\"og:url\" content=\"https:\/\/sceaux-lagazette.fr\/index.php\/2022\/05\/14\/la-gazette-de-sceaux-fete-son-deuxieme-anniversaire\/\" \/>\n<meta property=\"og:site_name\" content=\"La Gazette\" \/>\n<meta property=\"article:published_time\" content=\"2022-05-14T15:43:29+00:00\" \/>\n<meta property=\"article:modified_time\" content=\"2022-05-14T15:43:30+00:00\" \/>\n<meta property=\"og:image\" content=\"https:\/\/sceaux-lagazette.fr\/wp-content\/uploads\/2022\/05\/20191231_205556-1560x878-Fotom\u00e9lia.jpg\" \/>\n\t<meta property=\"og:image:width\" content=\"1560\" \/>\n\t<meta property=\"og:image:height\" content=\"878\" \/>\n\t<meta property=\"og:image:type\" content=\"image\/jpeg\" \/>\n<meta name=\"author\" content=\"G\u00e9rard Bardier\" \/>\n<meta name=\"twitter:card\" content=\"summary_large_image\" \/>\n<meta name=\"twitter:label1\" content=\"\u00c9crit par\" \/>\n\t<meta name=\"twitter:data1\" content=\"G\u00e9rard Bardier\" \/>\n\t<meta name=\"twitter:label2\" content=\"Dur\u00e9e de lecture estim\u00e9e\" \/>\n\t<meta name=\"twitter:data2\" content=\"2 minutes\" \/>\n<script type=\"application\/ld+json\" class=\"yoast-schema-graph\">{\"@context\":\"https:\/\/schema.org\",\"@graph\":[{\"@type\":\"Article\",\"@id\":\"https:\/\/sceaux-lagazette.fr\/index.php\/2022\/05\/14\/la-gazette-de-sceaux-fete-son-deuxieme-anniversaire\/#article\",\"isPartOf\":{\"@id\":\"https:\/\/sceaux-lagazette.fr\/index.php\/2022\/05\/14\/la-gazette-de-sceaux-fete-son-deuxieme-anniversaire\/\"},\"author\":{\"name\":\"G\u00e9rard Bardier\",\"@id\":\"https:\/\/sceaux-lagazette.fr\/#\/schema\/person\/5650e206a121f68c6f5e76379bccfbc4\"},\"headline\":\"La Gazette de Sceaux f\u00eate son deuxi\u00e8me anniversaire\",\"datePublished\":\"2022-05-14T15:43:29+00:00\",\"dateModified\":\"2022-05-14T15:43:30+00:00\",\"mainEntityOfPage\":{\"@id\":\"https:\/\/sceaux-lagazette.fr\/index.php\/2022\/05\/14\/la-gazette-de-sceaux-fete-son-deuxieme-anniversaire\/\"},\"wordCount\":495,\"commentCount\":2,\"publisher\":{\"@id\":\"https:\/\/sceaux-lagazette.fr\/#organization\"},\"image\":{\"@id\":\"https:\/\/sceaux-lagazette.fr\/index.php\/2022\/05\/14\/la-gazette-de-sceaux-fete-son-deuxieme-anniversaire\/#primaryimage\"},\"thumbnailUrl\":\"https:\/\/sceaux-lagazette.fr\/wp-content\/uploads\/2022\/05\/20191231_205556-1560x878-Fotom\u00e9lia.jpg\",\"articleSection\":[\"Notre projet\"],\"inLanguage\":\"fr-FR\",\"potentialAction\":[{\"@type\":\"CommentAction\",\"name\":\"Comment\",\"target\":[\"https:\/\/sceaux-lagazette.fr\/index.php\/2022\/05\/14\/la-gazette-de-sceaux-fete-son-deuxieme-anniversaire\/#respond\"]}]},{\"@type\":\"WebPage\",\"@id\":\"https:\/\/sceaux-lagazette.fr\/index.php\/2022\/05\/14\/la-gazette-de-sceaux-fete-son-deuxieme-anniversaire\/\",\"url\":\"https:\/\/sceaux-lagazette.fr\/index.php\/2022\/05\/14\/la-gazette-de-sceaux-fete-son-deuxieme-anniversaire\/\",\"name\":\"La Gazette de Sceaux f\u00eate son deuxi\u00e8me anniversaire - La Gazette\",\"isPartOf\":{\"@id\":\"https:\/\/sceaux-lagazette.fr\/#website\"},\"primaryImageOfPage\":{\"@id\":\"https:\/\/sceaux-lagazette.fr\/index.php\/2022\/05\/14\/la-gazette-de-sceaux-fete-son-deuxieme-anniversaire\/#primaryimage\"},\"image\":{\"@id\":\"https:\/\/sceaux-lagazette.fr\/index.php\/2022\/05\/14\/la-gazette-de-sceaux-fete-son-deuxieme-anniversaire\/#primaryimage\"},\"thumbnailUrl\":\"https:\/\/sceaux-lagazette.fr\/wp-content\/uploads\/2022\/05\/20191231_205556-1560x878-Fotom\u00e9lia.jpg\",\"datePublished\":\"2022-05-14T15:43:29+00:00\",\"dateModified\":\"2022-05-14T15:43:30+00:00\",\"breadcrumb\":{\"@id\":\"https:\/\/sceaux-lagazette.fr\/index.php\/2022\/05\/14\/la-gazette-de-sceaux-fete-son-deuxieme-anniversaire\/#breadcrumb\"},\"inLanguage\":\"fr-FR\",\"potentialAction\":[{\"@type\":\"ReadAction\",\"target\":[\"https:\/\/sceaux-lagazette.fr\/index.php\/2022\/05\/14\/la-gazette-de-sceaux-fete-son-deuxieme-anniversaire\/\"]}]},{\"@type\":\"ImageObject\",\"inLanguage\":\"fr-FR\",\"@id\":\"https:\/\/sceaux-lagazette.fr\/index.php\/2022\/05\/14\/la-gazette-de-sceaux-fete-son-deuxieme-anniversaire\/#primaryimage\",\"url\":\"https:\/\/sceaux-lagazette.fr\/wp-content\/uploads\/2022\/05\/20191231_205556-1560x878-Fotom\u00e9lia.jpg\",\"contentUrl\":\"https:\/\/sceaux-lagazette.fr\/wp-content\/uploads\/2022\/05\/20191231_205556-1560x878-Fotom\u00e9lia.jpg\",\"width\":1560,\"height\":878},{\"@type\":\"BreadcrumbList\",\"@id\":\"https:\/\/sceaux-lagazette.fr\/index.php\/2022\/05\/14\/la-gazette-de-sceaux-fete-son-deuxieme-anniversaire\/#breadcrumb\",\"itemListElement\":[{\"@type\":\"ListItem\",\"position\":1,\"name\":\"Accueil\",\"item\":\"https:\/\/sceaux-lagazette.fr\/\"},{\"@type\":\"ListItem\",\"position\":2,\"name\":\"La Gazette de Sceaux f\u00eate son deuxi\u00e8me anniversaire\"}]},{\"@type\":\"WebSite\",\"@id\":\"https:\/\/sceaux-lagazette.fr\/#website\",\"url\":\"https:\/\/sceaux-lagazette.fr\/\",\"name\":\"La Gazette\",\"description\":\"Bourg-la-Reine, Ch\u00e2tenay, Fontenay, Sceaux\",\"publisher\":{\"@id\":\"https:\/\/sceaux-lagazette.fr\/#organization\"},\"potentialAction\":[{\"@type\":\"SearchAction\",\"target\":{\"@type\":\"EntryPoint\",\"urlTemplate\":\"https:\/\/sceaux-lagazette.fr\/?s={search_term_string}\"},\"query-input\":{\"@type\":\"PropertyValueSpecification\",\"valueRequired\":true,\"valueName\":\"search_term_string\"}}],\"inLanguage\":\"fr-FR\"},{\"@type\":\"Organization\",\"@id\":\"https:\/\/sceaux-lagazette.fr\/#organization\",\"name\":\"La Gazette\",\"url\":\"https:\/\/sceaux-lagazette.fr\/\",\"logo\":{\"@type\":\"ImageObject\",\"inLanguage\":\"fr-FR\",\"@id\":\"https:\/\/sceaux-lagazette.fr\/#\/schema\/logo\/image\/\",\"url\":\"https:\/\/sceaux-lagazette.fr\/wp-content\/uploads\/2025\/08\/Logo-Gazette-Aout-2025-V3.jpg\",\"contentUrl\":\"https:\/\/sceaux-lagazette.fr\/wp-content\/uploads\/2025\/08\/Logo-Gazette-Aout-2025-V3.jpg\",\"width\":525,\"height\":130,\"caption\":\"La Gazette\"},\"image\":{\"@id\":\"https:\/\/sceaux-lagazette.fr\/#\/schema\/logo\/image\/\"}},{\"@type\":\"Person\",\"@id\":\"https:\/\/sceaux-lagazette.fr\/#\/schema\/person\/5650e206a121f68c6f5e76379bccfbc4\",\"name\":\"G\u00e9rard Bardier\",\"image\":{\"@type\":\"ImageObject\",\"inLanguage\":\"fr-FR\",\"@id\":\"https:\/\/sceaux-lagazette.fr\/#\/schema\/person\/image\/\",\"url\":\"https:\/\/secure.gravatar.com\/avatar\/5cf4391ef9dbc0367750202561279a29?s=96&r=g\",\"contentUrl\":\"https:\/\/secure.gravatar.com\/avatar\/5cf4391ef9dbc0367750202561279a29?s=96&r=g\",\"caption\":\"G\u00e9rard Bardier\"},\"url\":\"https:\/\/sceaux-lagazette.fr\/index.php\/author\/gb\/\"}]}<\/script>\n<!-- \/ Yoast SEO plugin. -->","yoast_head_json":{"title":"La Gazette de Sceaux f\u00eate son deuxi\u00e8me anniversaire - La Gazette","robots":{"index":"index","follow":"follow","max-snippet":"max-snippet:-1","max-image-preview":"max-image-preview:large","max-video-preview":"max-video-preview:-1"},"canonical":"https:\/\/sceaux-lagazette.fr\/index.php\/2022\/05\/14\/la-gazette-de-sceaux-fete-son-deuxieme-anniversaire\/","og_locale":"fr_FR","og_type":"article","og_title":"La Gazette de Sceaux f\u00eate son deuxi\u00e8me anniversaire - La Gazette","og_description":"Et voil\u00e0&nbsp;! Un an de plus. Et 550 articles publi\u00e9s&nbsp;:&nbsp; la Gazette continue son chemin. Merci au passage aux contributeurs de cette ann\u00e9e (Brigitte N\u00e9grerie, Dominique Jourdain, Fran\u00e7ois Brun, Fran\u00e7ois L\u00e9vy, H\u00e9l\u00e8ne Loup, Jean Claude Herrenschmidt, Jean Pierre Gr\u00e9goire, Louise Marguerite\u2026). Cette ann\u00e9e s\u2019est faite sous le signe d\u2019une certaine&#8230;","og_url":"https:\/\/sceaux-lagazette.fr\/index.php\/2022\/05\/14\/la-gazette-de-sceaux-fete-son-deuxieme-anniversaire\/","og_site_name":"La Gazette","article_published_time":"2022-05-14T15:43:29+00:00","article_modified_time":"2022-05-14T15:43:30+00:00","og_image":[{"width":1560,"height":878,"url":"https:\/\/sceaux-lagazette.fr\/wp-content\/uploads\/2022\/05\/20191231_205556-1560x878-Fotom\u00e9lia.jpg","type":"image\/jpeg"}],"author":"G\u00e9rard Bardier","twitter_card":"summary_large_image","twitter_misc":{"\u00c9crit par":"G\u00e9rard Bardier","Dur\u00e9e de lecture estim\u00e9e":"2 minutes"},"schema":{"@context":"https:\/\/schema.org","@graph":[{"@type":"Article","@id":"https:\/\/sceaux-lagazette.fr\/index.php\/2022\/05\/14\/la-gazette-de-sceaux-fete-son-deuxieme-anniversaire\/#article","isPartOf":{"@id":"https:\/\/sceaux-lagazette.fr\/index.php\/2022\/05\/14\/la-gazette-de-sceaux-fete-son-deuxieme-anniversaire\/"},"author":{"name":"G\u00e9rard Bardier","@id":"https:\/\/sceaux-lagazette.fr\/#\/schema\/person\/5650e206a121f68c6f5e76379bccfbc4"},"headline":"La Gazette de Sceaux f\u00eate son deuxi\u00e8me anniversaire","datePublished":"2022-05-14T15:43:29+00:00","dateModified":"2022-05-14T15:43:30+00:00","mainEntityOfPage":{"@id":"https:\/\/sceaux-lagazette.fr\/index.php\/2022\/05\/14\/la-gazette-de-sceaux-fete-son-deuxieme-anniversaire\/"},"wordCount":495,"commentCount":2,"publisher":{"@id":"https:\/\/sceaux-lagazette.fr\/#organization"},"image":{"@id":"https:\/\/sceaux-lagazette.fr\/index.php\/2022\/05\/14\/la-gazette-de-sceaux-fete-son-deuxieme-anniversaire\/#primaryimage"},"thumbnailUrl":"https:\/\/sceaux-lagazette.fr\/wp-content\/uploads\/2022\/05\/20191231_205556-1560x878-Fotom\u00e9lia.jpg","articleSection":["Notre projet"],"inLanguage":"fr-FR","potentialAction":[{"@type":"CommentAction","name":"Comment","target":["https:\/\/sceaux-lagazette.fr\/index.php\/2022\/05\/14\/la-gazette-de-sceaux-fete-son-deuxieme-anniversaire\/#respond"]}]},{"@type":"WebPage","@id":"https:\/\/sceaux-lagazette.fr\/index.php\/2022\/05\/14\/la-gazette-de-sceaux-fete-son-deuxieme-anniversaire\/","url":"https:\/\/sceaux-lagazette.fr\/index.php\/2022\/05\/14\/la-gazette-de-sceaux-fete-son-deuxieme-anniversaire\/","name":"La Gazette de Sceaux f\u00eate son deuxi\u00e8me anniversaire - La Gazette","isPartOf":{"@id":"https:\/\/sceaux-lagazette.fr\/#website"},"primaryImageOfPage":{"@id":"https:\/\/sceaux-lagazette.fr\/index.php\/2022\/05\/14\/la-gazette-de-sceaux-fete-son-deuxieme-anniversaire\/#primaryimage"},"image":{"@id":"https:\/\/sceaux-lagazette.fr\/index.php\/2022\/05\/14\/la-gazette-de-sceaux-fete-son-deuxieme-anniversaire\/#primaryimage"},"thumbnailUrl":"https:\/\/sceaux-lagazette.fr\/wp-content\/uploads\/2022\/05\/20191231_205556-1560x878-Fotom\u00e9lia.jpg","datePublished":"2022-05-14T15:43:29+00:00","dateModified":"2022-05-14T15:43:30+00:00","breadcrumb":{"@id":"https:\/\/sceaux-lagazette.fr\/index.php\/2022\/05\/14\/la-gazette-de-sceaux-fete-son-deuxieme-anniversaire\/#breadcrumb"},"inLanguage":"fr-FR","potentialAction":[{"@type":"ReadAction","target":["https:\/\/sceaux-lagazette.fr\/index.php\/2022\/05\/14\/la-gazette-de-sceaux-fete-son-deuxieme-anniversaire\/"]}]},{"@type":"ImageObject","inLanguage":"fr-FR","@id":"https:\/\/sceaux-lagazette.fr\/index.php\/2022\/05\/14\/la-gazette-de-sceaux-fete-son-deuxieme-anniversaire\/#primaryimage","url":"https:\/\/sceaux-lagazette.fr\/wp-content\/uploads\/2022\/05\/20191231_205556-1560x878-Fotom\u00e9lia.jpg","contentUrl":"https:\/\/sceaux-lagazette.fr\/wp-content\/uploads\/2022\/05\/20191231_205556-1560x878-Fotom\u00e9lia.jpg","width":1560,"height":878},{"@type":"BreadcrumbList","@id":"https:\/\/sceaux-lagazette.fr\/index.php\/2022\/05\/14\/la-gazette-de-sceaux-fete-son-deuxieme-anniversaire\/#breadcrumb","itemListElement":[{"@type":"ListItem","position":1,"name":"Accueil","item":"https:\/\/sceaux-lagazette.fr\/"},{"@type":"ListItem","position":2,"name":"La Gazette de Sceaux f\u00eate son deuxi\u00e8me anniversaire"}]},{"@type":"WebSite","@id":"https:\/\/sceaux-lagazette.fr\/#website","url":"https:\/\/sceaux-lagazette.fr\/","name":"La Gazette","description":"Bourg-la-Reine, Ch\u00e2tenay, Fontenay, Sceaux","publisher":{"@id":"https:\/\/sceaux-lagazette.fr\/#organization"},"potentialAction":[{"@type":"SearchAction","target":{"@type":"EntryPoint","urlTemplate":"https:\/\/sceaux-lagazette.fr\/?s={search_term_string}"},"query-input":{"@type":"PropertyValueSpecification","valueRequired":true,"valueName":"search_term_string"}}],"inLanguage":"fr-FR"},{"@type":"Organization","@id":"https:\/\/sceaux-lagazette.fr\/#organization","name":"La Gazette","url":"https:\/\/sceaux-lagazette.fr\/","logo":{"@type":"ImageObject","inLanguage":"fr-FR","@id":"https:\/\/sceaux-lagazette.fr\/#\/schema\/logo\/image\/","url":"https:\/\/sceaux-lagazette.fr\/wp-content\/uploads\/2025\/08\/Logo-Gazette-Aout-2025-V3.jpg","contentUrl":"https:\/\/sceaux-lagazette.fr\/wp-content\/uploads\/2025\/08\/Logo-Gazette-Aout-2025-V3.jpg","width":525,"height":130,"caption":"La Gazette"},"image":{"@id":"https:\/\/sceaux-lagazette.fr\/#\/schema\/logo\/image\/"}},{"@type":"Person","@id":"https:\/\/sceaux-lagazette.fr\/#\/schema\/person\/5650e206a121f68c6f5e76379bccfbc4","name":"G\u00e9rard Bardier","image":{"@type":"ImageObject","inLanguage":"fr-FR","@id":"https:\/\/sceaux-lagazette.fr\/#\/schema\/person\/image\/","url":"https:\/\/secure.gravatar.com\/avatar\/5cf4391ef9dbc0367750202561279a29?s=96&r=g","contentUrl":"https:\/\/secure.gravatar.com\/avatar\/5cf4391ef9dbc0367750202561279a29?s=96&r=g","caption":"G\u00e9rard Bardier"},"url":"https:\/\/sceaux-lagazette.fr\/index.php\/author\/gb\/"}]}},"cc_featured_image_caption":{"caption_text":"","source_text":"","source_url":""},"_links":{"self":[{"href":"https:\/\/sceaux-lagazette.fr\/index.php\/wp-json\/wp\/v2\/posts\/6659"}],"collection":[{"href":"https:\/\/sceaux-lagazette.fr\/index.php\/wp-json\/wp\/v2\/posts"}],"about":[{"href":"https:\/\/sceaux-lagazette.fr\/index.php\/wp-json\/wp\/v2\/types\/post"}],"author":[{"embeddable":true,"href":"https:\/\/sceaux-lagazette.fr\/index.php\/wp-json\/wp\/v2\/users\/11"}],"replies":[{"embeddable":true,"href":"https:\/\/sceaux-lagazette.fr\/index.php\/wp-json\/wp\/v2\/comments?post=6659"}],"version-history":[{"count":4,"href":"https:\/\/sceaux-lagazette.fr\/index.php\/wp-json\/wp\/v2\/posts\/6659\/revisions"}],"predecessor-version":[{"id":6696,"href":"https:\/\/sceaux-lagazette.fr\/index.php\/wp-json\/wp\/v2\/posts\/6659\/revisions\/6696"}],"wp:featuredmedia":[{"embeddable":true,"href":"https:\/\/sceaux-lagazette.fr\/index.php\/wp-json\/wp\/v2\/media\/6661"}],"wp:attachment":[{"href":"https:\/\/sceaux-lagazette.fr\/index.php\/wp-json\/wp\/v2\/media?parent=6659"}],"wp:term":[{"taxonomy":"category","embeddable":true,"href":"https:\/\/sceaux-lagazette.fr\/index.php\/wp-json\/wp\/v2\/categories?post=6659"},{"taxonomy":"post_tag","embeddable":true,"href":"https:\/\/sceaux-lagazette.fr\/index.php\/wp-json\/wp\/v2\/tags?post=6659"}],"curies":[{"name":"wp","href":"https:\/\/api.w.org\/{rel}","templated":true}]}}