{"id":6645,"date":"2022-05-09T09:22:37","date_gmt":"2022-05-09T07:22:37","guid":{"rendered":"https:\/\/sceaux-lagazette.fr\/?p=6645"},"modified":"2022-05-09T09:22:38","modified_gmt":"2022-05-09T07:22:38","slug":"le-14-mai-agissons-ensemble-pour-le-climat","status":"publish","type":"post","link":"https:\/\/sceaux-lagazette.fr\/index.php\/2022\/05\/09\/le-14-mai-agissons-ensemble-pour-le-climat\/","title":{"rendered":"Le 14 mai, agissons ensemble pour le climat !"},"content":{"rendered":"\n<p>Ce titre n\u2019est pas un \u00e9ni\u00e8me slogan pour protester contre le r\u00e9chauffement climatique et en d\u00e9signer les m\u00e9chants responsables. C\u2019est une invitation qui se veut positive pour d\u00e9couvrir ce que certains font d\u00e9j\u00e0 \u00e0 leur \u00e9chelle, et aussi pour en savoir plus sur le climat, avec une matin\u00e9e d\u2019animation et un apr\u00e8s-midi de jeux.<\/p>\n\n\n\n<p>L\u2019association Z.E.N. 2050 Maintenant, dont nous <a href=\"https:\/\/sceaux-lagazette.fr\/index.php\/2022\/03\/23\/reunion-publique-zen-2050\/\" target=\"_blank\" rel=\"noreferrer noopener\">avons d\u00e9j\u00e0 parl\u00e9<\/a> dans ces colonnes, en est l\u2019organisatrice, en partenariat avec des \u00e9tudiants de l\u2019IUT de Sceaux. Le th\u00e8me&nbsp;: la r\u00e9duction des \u00e9missions de gaz \u00e0 effet de serre. Au programme de nombreux points de rencontre et de partages d\u2019exp\u00e9rience. Et des jeux : fresques quiz sur le climat, la mobilit\u00e9 et le num\u00e9rique, activit\u00e9 \u00ab Do It Yourself \u00bb, bingo sur le droit de l\u2019environnement, jeux divers, bilan \u00ab carbone \u00bb personnel et bien d\u2019autres !<\/p>\n\n\n\n<p>La particularit\u00e9 de cette journ\u00e9e est qu\u2019on pourra y d\u00e9couvrir des associations sc\u00e9ennes (L\u2019\u00eele aux ressources, l\u2019AMAP bio de Sceaux, MDB Sceaux \u00e0 v\u00e9lo, l\u2019AJME\u2026), des associations des villes voisines (Bourg-la-Reine, Fontenay-aux-Roses, Ch\u00e2tenay-Malabry, Bagneux), mais aussi des associations qui interviennent \u00e0 des \u00e9chelles plus larges (les Shifters, Rue de l\u2019Avenir, la Fresque du climat et bien d\u2019autres).<\/p>\n\n\n\n<p>Elles sont pr\u00e9sent\u00e9es sur <a href=\"https:\/\/zen2050maintenant.org\/index.php\/inscription-aux-ateliers-du-14-mai\/\">la page sp\u00e9ciale \u00ab&nbsp;14 mai&nbsp;\u00bb<\/a> du site de Z.E.N. 2050 Maintenant. Quatre \u00e9coles participeront aussi \u00e0 cet \u00e9v\u00e8nement&nbsp;: l\u2019IUT de Sceaux, l\u2019EPF, la Cit\u00e9 scolaire Marie-Curie de Sceaux et la facult\u00e9 Jean-Monnet (\u00e0 travers l\u2019association des juristes en droit de l\u2019environnement).<\/p>\n\n\n\n<p>La manifestation, organis\u00e9e en lien avec la ville de Sceaux et la r\u00e9gion Ile de France, aura lieu au parc de la M\u00e9nagerie. Les diff\u00e9rents stands seront ouverts toute la matin\u00e9e \u00e0 partir de 9H 30. Dans l\u2019apr\u00e8s-midi quatre ateliers permettront de jouer tout en se familiarisant avec les enjeux environnementaux. Il suffit de <a href=\"https:\/\/zen2050maintenant.org\/index.php\/inscription-aux-ateliers-du-14-mai\/\">s\u2019inscrire et c\u2019est l\u00e0<\/a>.<\/p>\n\n\n\n<figure class=\"wp-block-image size-large\"><img decoding=\"async\" width=\"723\" height=\"1024\" src=\"https:\/\/sceaux-lagazette.fr\/wp-content\/uploads\/2022\/05\/Bienvenue-vers-Net-Zero-2050-affiche-723x1024-1.jpg\" alt=\"\" class=\"wp-image-6646\" srcset=\"https:\/\/sceaux-lagazette.fr\/wp-content\/uploads\/2022\/05\/Bienvenue-vers-Net-Zero-2050-affiche-723x1024-1.jpg 723w, https:\/\/sceaux-lagazette.fr\/wp-content\/uploads\/2022\/05\/Bienvenue-vers-Net-Zero-2050-affiche-723x1024-1-212x300.jpg 212w\" sizes=\"(max-width: 723px) 100vw, 723px\" \/><figcaption>Bienvenue vers Net Z\u00e9ro 2050 <\/figcaption><\/figure>\n\n\n\n<p><\/p>\n","protected":false},"excerpt":{"rendered":"<p>Ce titre n\u2019est pas un \u00e9ni\u00e8me slogan pour protester contre le r\u00e9chauffement climatique et en d\u00e9signer les m\u00e9chants responsables. C\u2019est une invitation qui se veut positive pour d\u00e9couvrir ce que certains font d\u00e9j\u00e0 \u00e0 leur \u00e9chelle, et aussi pour en savoir plus sur le climat, avec une matin\u00e9e d\u2019animation et&#8230;<\/p>\n","protected":false},"author":11,"featured_media":6648,"comment_status":"open","ping_status":"open","sticky":false,"template":"","format":"standard","meta":{"om_disable_all_campaigns":false,"_monsterinsights_skip_tracking":false,"_monsterinsights_sitenote_active":false,"_monsterinsights_sitenote_note":"","_monsterinsights_sitenote_category":0,"_uf_show_specific_survey":0,"_uf_disable_surveys":false,"footnotes":""},"categories":[253,5],"tags":[],"class_list":["post-6645","post","type-post","status-publish","format-standard","has-post-thumbnail","hentry","category-manifestations-locales","category-des-quartiers-de-sceaux","entry","simple"],"yoast_head":"<!-- This site is optimized with the Yoast SEO plugin v25.6 - https:\/\/yoast.com\/wordpress\/plugins\/seo\/ -->\n<title>Le 14 mai, agissons ensemble pour le climat ! - La Gazette<\/title>\n<meta name=\"robots\" content=\"index, follow, max-snippet:-1, max-image-preview:large, max-video-preview:-1\" \/>\n<link rel=\"canonical\" href=\"https:\/\/sceaux-lagazette.fr\/index.php\/2022\/05\/09\/le-14-mai-agissons-ensemble-pour-le-climat\/\" \/>\n<meta property=\"og:locale\" content=\"fr_FR\" \/>\n<meta property=\"og:type\" content=\"article\" \/>\n<meta property=\"og:title\" content=\"Le 14 mai, agissons ensemble pour le climat ! - La Gazette\" \/>\n<meta property=\"og:description\" content=\"Ce titre n\u2019est pas un \u00e9ni\u00e8me slogan pour protester contre le r\u00e9chauffement climatique et en d\u00e9signer les m\u00e9chants responsables. C\u2019est une invitation qui se veut positive pour d\u00e9couvrir ce que certains font d\u00e9j\u00e0 \u00e0 leur \u00e9chelle, et aussi pour en savoir plus sur le climat, avec une matin\u00e9e d\u2019animation et&#8230;\" \/>\n<meta property=\"og:url\" content=\"https:\/\/sceaux-lagazette.fr\/index.php\/2022\/05\/09\/le-14-mai-agissons-ensemble-pour-le-climat\/\" \/>\n<meta property=\"og:site_name\" content=\"La Gazette\" \/>\n<meta property=\"article:published_time\" content=\"2022-05-09T07:22:37+00:00\" \/>\n<meta property=\"article:modified_time\" content=\"2022-05-09T07:22:38+00:00\" \/>\n<meta property=\"og:image\" content=\"https:\/\/sceaux-lagazette.fr\/wp-content\/uploads\/2022\/05\/Invitation-14-mai.png\" \/>\n\t<meta property=\"og:image:width\" content=\"730\" \/>\n\t<meta property=\"og:image:height\" content=\"141\" \/>\n\t<meta property=\"og:image:type\" content=\"image\/png\" \/>\n<meta name=\"author\" content=\"G\u00e9rard Bardier\" \/>\n<meta name=\"twitter:card\" content=\"summary_large_image\" \/>\n<meta name=\"twitter:label1\" content=\"\u00c9crit par\" \/>\n\t<meta name=\"twitter:data1\" content=\"G\u00e9rard Bardier\" \/>\n\t<meta name=\"twitter:label2\" content=\"Dur\u00e9e de lecture estim\u00e9e\" \/>\n\t<meta name=\"twitter:data2\" content=\"2 minutes\" \/>\n<script type=\"application\/ld+json\" class=\"yoast-schema-graph\">{\"@context\":\"https:\/\/schema.org\",\"@graph\":[{\"@type\":\"Article\",\"@id\":\"https:\/\/sceaux-lagazette.fr\/index.php\/2022\/05\/09\/le-14-mai-agissons-ensemble-pour-le-climat\/#article\",\"isPartOf\":{\"@id\":\"https:\/\/sceaux-lagazette.fr\/index.php\/2022\/05\/09\/le-14-mai-agissons-ensemble-pour-le-climat\/\"},\"author\":{\"name\":\"G\u00e9rard Bardier\",\"@id\":\"https:\/\/sceaux-lagazette.fr\/#\/schema\/person\/5650e206a121f68c6f5e76379bccfbc4\"},\"headline\":\"Le 14 mai, agissons ensemble pour le climat !\",\"datePublished\":\"2022-05-09T07:22:37+00:00\",\"dateModified\":\"2022-05-09T07:22:38+00:00\",\"mainEntityOfPage\":{\"@id\":\"https:\/\/sceaux-lagazette.fr\/index.php\/2022\/05\/09\/le-14-mai-agissons-ensemble-pour-le-climat\/\"},\"wordCount\":351,\"commentCount\":1,\"publisher\":{\"@id\":\"https:\/\/sceaux-lagazette.fr\/#organization\"},\"image\":{\"@id\":\"https:\/\/sceaux-lagazette.fr\/index.php\/2022\/05\/09\/le-14-mai-agissons-ensemble-pour-le-climat\/#primaryimage\"},\"thumbnailUrl\":\"https:\/\/sceaux-lagazette.fr\/wp-content\/uploads\/2022\/05\/Invitation-14-mai.png\",\"articleSection\":[\"Manifestations locales\",\"Quartiers\"],\"inLanguage\":\"fr-FR\",\"potentialAction\":[{\"@type\":\"CommentAction\",\"name\":\"Comment\",\"target\":[\"https:\/\/sceaux-lagazette.fr\/index.php\/2022\/05\/09\/le-14-mai-agissons-ensemble-pour-le-climat\/#respond\"]}]},{\"@type\":\"WebPage\",\"@id\":\"https:\/\/sceaux-lagazette.fr\/index.php\/2022\/05\/09\/le-14-mai-agissons-ensemble-pour-le-climat\/\",\"url\":\"https:\/\/sceaux-lagazette.fr\/index.php\/2022\/05\/09\/le-14-mai-agissons-ensemble-pour-le-climat\/\",\"name\":\"Le 14 mai, agissons ensemble pour le climat ! - La Gazette\",\"isPartOf\":{\"@id\":\"https:\/\/sceaux-lagazette.fr\/#website\"},\"primaryImageOfPage\":{\"@id\":\"https:\/\/sceaux-lagazette.fr\/index.php\/2022\/05\/09\/le-14-mai-agissons-ensemble-pour-le-climat\/#primaryimage\"},\"image\":{\"@id\":\"https:\/\/sceaux-lagazette.fr\/index.php\/2022\/05\/09\/le-14-mai-agissons-ensemble-pour-le-climat\/#primaryimage\"},\"thumbnailUrl\":\"https:\/\/sceaux-lagazette.fr\/wp-content\/uploads\/2022\/05\/Invitation-14-mai.png\",\"datePublished\":\"2022-05-09T07:22:37+00:00\",\"dateModified\":\"2022-05-09T07:22:38+00:00\",\"breadcrumb\":{\"@id\":\"https:\/\/sceaux-lagazette.fr\/index.php\/2022\/05\/09\/le-14-mai-agissons-ensemble-pour-le-climat\/#breadcrumb\"},\"inLanguage\":\"fr-FR\",\"potentialAction\":[{\"@type\":\"ReadAction\",\"target\":[\"https:\/\/sceaux-lagazette.fr\/index.php\/2022\/05\/09\/le-14-mai-agissons-ensemble-pour-le-climat\/\"]}]},{\"@type\":\"ImageObject\",\"inLanguage\":\"fr-FR\",\"@id\":\"https:\/\/sceaux-lagazette.fr\/index.php\/2022\/05\/09\/le-14-mai-agissons-ensemble-pour-le-climat\/#primaryimage\",\"url\":\"https:\/\/sceaux-lagazette.fr\/wp-content\/uploads\/2022\/05\/Invitation-14-mai.png\",\"contentUrl\":\"https:\/\/sceaux-lagazette.fr\/wp-content\/uploads\/2022\/05\/Invitation-14-mai.png\",\"width\":730,\"height\":141},{\"@type\":\"BreadcrumbList\",\"@id\":\"https:\/\/sceaux-lagazette.fr\/index.php\/2022\/05\/09\/le-14-mai-agissons-ensemble-pour-le-climat\/#breadcrumb\",\"itemListElement\":[{\"@type\":\"ListItem\",\"position\":1,\"name\":\"Accueil\",\"item\":\"https:\/\/sceaux-lagazette.fr\/\"},{\"@type\":\"ListItem\",\"position\":2,\"name\":\"Le 14 mai, agissons ensemble pour le climat !\"}]},{\"@type\":\"WebSite\",\"@id\":\"https:\/\/sceaux-lagazette.fr\/#website\",\"url\":\"https:\/\/sceaux-lagazette.fr\/\",\"name\":\"La Gazette\",\"description\":\"Bourg-la-Reine, Ch\u00e2tenay, Fontenay, Sceaux\",\"publisher\":{\"@id\":\"https:\/\/sceaux-lagazette.fr\/#organization\"},\"potentialAction\":[{\"@type\":\"SearchAction\",\"target\":{\"@type\":\"EntryPoint\",\"urlTemplate\":\"https:\/\/sceaux-lagazette.fr\/?s={search_term_string}\"},\"query-input\":{\"@type\":\"PropertyValueSpecification\",\"valueRequired\":true,\"valueName\":\"search_term_string\"}}],\"inLanguage\":\"fr-FR\"},{\"@type\":\"Organization\",\"@id\":\"https:\/\/sceaux-lagazette.fr\/#organization\",\"name\":\"La Gazette\",\"url\":\"https:\/\/sceaux-lagazette.fr\/\",\"logo\":{\"@type\":\"ImageObject\",\"inLanguage\":\"fr-FR\",\"@id\":\"https:\/\/sceaux-lagazette.fr\/#\/schema\/logo\/image\/\",\"url\":\"https:\/\/sceaux-lagazette.fr\/wp-content\/uploads\/2025\/08\/Logo-Gazette-Aout-2025-V3.jpg\",\"contentUrl\":\"https:\/\/sceaux-lagazette.fr\/wp-content\/uploads\/2025\/08\/Logo-Gazette-Aout-2025-V3.jpg\",\"width\":525,\"height\":130,\"caption\":\"La Gazette\"},\"image\":{\"@id\":\"https:\/\/sceaux-lagazette.fr\/#\/schema\/logo\/image\/\"}},{\"@type\":\"Person\",\"@id\":\"https:\/\/sceaux-lagazette.fr\/#\/schema\/person\/5650e206a121f68c6f5e76379bccfbc4\",\"name\":\"G\u00e9rard Bardier\",\"image\":{\"@type\":\"ImageObject\",\"inLanguage\":\"fr-FR\",\"@id\":\"https:\/\/sceaux-lagazette.fr\/#\/schema\/person\/image\/\",\"url\":\"https:\/\/secure.gravatar.com\/avatar\/5cf4391ef9dbc0367750202561279a29?s=96&r=g\",\"contentUrl\":\"https:\/\/secure.gravatar.com\/avatar\/5cf4391ef9dbc0367750202561279a29?s=96&r=g\",\"caption\":\"G\u00e9rard Bardier\"},\"url\":\"https:\/\/sceaux-lagazette.fr\/index.php\/author\/gb\/\"}]}<\/script>\n<!-- \/ Yoast SEO plugin. -->","yoast_head_json":{"title":"Le 14 mai, agissons ensemble pour le climat ! - La Gazette","robots":{"index":"index","follow":"follow","max-snippet":"max-snippet:-1","max-image-preview":"max-image-preview:large","max-video-preview":"max-video-preview:-1"},"canonical":"https:\/\/sceaux-lagazette.fr\/index.php\/2022\/05\/09\/le-14-mai-agissons-ensemble-pour-le-climat\/","og_locale":"fr_FR","og_type":"article","og_title":"Le 14 mai, agissons ensemble pour le climat ! - La Gazette","og_description":"Ce titre n\u2019est pas un \u00e9ni\u00e8me slogan pour protester contre le r\u00e9chauffement climatique et en d\u00e9signer les m\u00e9chants responsables. C\u2019est une invitation qui se veut positive pour d\u00e9couvrir ce que certains font d\u00e9j\u00e0 \u00e0 leur \u00e9chelle, et aussi pour en savoir plus sur le climat, avec une matin\u00e9e d\u2019animation et&#8230;","og_url":"https:\/\/sceaux-lagazette.fr\/index.php\/2022\/05\/09\/le-14-mai-agissons-ensemble-pour-le-climat\/","og_site_name":"La Gazette","article_published_time":"2022-05-09T07:22:37+00:00","article_modified_time":"2022-05-09T07:22:38+00:00","og_image":[{"width":730,"height":141,"url":"https:\/\/sceaux-lagazette.fr\/wp-content\/uploads\/2022\/05\/Invitation-14-mai.png","type":"image\/png"}],"author":"G\u00e9rard Bardier","twitter_card":"summary_large_image","twitter_misc":{"\u00c9crit par":"G\u00e9rard Bardier","Dur\u00e9e de lecture estim\u00e9e":"2 minutes"},"schema":{"@context":"https:\/\/schema.org","@graph":[{"@type":"Article","@id":"https:\/\/sceaux-lagazette.fr\/index.php\/2022\/05\/09\/le-14-mai-agissons-ensemble-pour-le-climat\/#article","isPartOf":{"@id":"https:\/\/sceaux-lagazette.fr\/index.php\/2022\/05\/09\/le-14-mai-agissons-ensemble-pour-le-climat\/"},"author":{"name":"G\u00e9rard Bardier","@id":"https:\/\/sceaux-lagazette.fr\/#\/schema\/person\/5650e206a121f68c6f5e76379bccfbc4"},"headline":"Le 14 mai, agissons ensemble pour le climat !","datePublished":"2022-05-09T07:22:37+00:00","dateModified":"2022-05-09T07:22:38+00:00","mainEntityOfPage":{"@id":"https:\/\/sceaux-lagazette.fr\/index.php\/2022\/05\/09\/le-14-mai-agissons-ensemble-pour-le-climat\/"},"wordCount":351,"commentCount":1,"publisher":{"@id":"https:\/\/sceaux-lagazette.fr\/#organization"},"image":{"@id":"https:\/\/sceaux-lagazette.fr\/index.php\/2022\/05\/09\/le-14-mai-agissons-ensemble-pour-le-climat\/#primaryimage"},"thumbnailUrl":"https:\/\/sceaux-lagazette.fr\/wp-content\/uploads\/2022\/05\/Invitation-14-mai.png","articleSection":["Manifestations locales","Quartiers"],"inLanguage":"fr-FR","potentialAction":[{"@type":"CommentAction","name":"Comment","target":["https:\/\/sceaux-lagazette.fr\/index.php\/2022\/05\/09\/le-14-mai-agissons-ensemble-pour-le-climat\/#respond"]}]},{"@type":"WebPage","@id":"https:\/\/sceaux-lagazette.fr\/index.php\/2022\/05\/09\/le-14-mai-agissons-ensemble-pour-le-climat\/","url":"https:\/\/sceaux-lagazette.fr\/index.php\/2022\/05\/09\/le-14-mai-agissons-ensemble-pour-le-climat\/","name":"Le 14 mai, agissons ensemble pour le climat ! - La Gazette","isPartOf":{"@id":"https:\/\/sceaux-lagazette.fr\/#website"},"primaryImageOfPage":{"@id":"https:\/\/sceaux-lagazette.fr\/index.php\/2022\/05\/09\/le-14-mai-agissons-ensemble-pour-le-climat\/#primaryimage"},"image":{"@id":"https:\/\/sceaux-lagazette.fr\/index.php\/2022\/05\/09\/le-14-mai-agissons-ensemble-pour-le-climat\/#primaryimage"},"thumbnailUrl":"https:\/\/sceaux-lagazette.fr\/wp-content\/uploads\/2022\/05\/Invitation-14-mai.png","datePublished":"2022-05-09T07:22:37+00:00","dateModified":"2022-05-09T07:22:38+00:00","breadcrumb":{"@id":"https:\/\/sceaux-lagazette.fr\/index.php\/2022\/05\/09\/le-14-mai-agissons-ensemble-pour-le-climat\/#breadcrumb"},"inLanguage":"fr-FR","potentialAction":[{"@type":"ReadAction","target":["https:\/\/sceaux-lagazette.fr\/index.php\/2022\/05\/09\/le-14-mai-agissons-ensemble-pour-le-climat\/"]}]},{"@type":"ImageObject","inLanguage":"fr-FR","@id":"https:\/\/sceaux-lagazette.fr\/index.php\/2022\/05\/09\/le-14-mai-agissons-ensemble-pour-le-climat\/#primaryimage","url":"https:\/\/sceaux-lagazette.fr\/wp-content\/uploads\/2022\/05\/Invitation-14-mai.png","contentUrl":"https:\/\/sceaux-lagazette.fr\/wp-content\/uploads\/2022\/05\/Invitation-14-mai.png","width":730,"height":141},{"@type":"BreadcrumbList","@id":"https:\/\/sceaux-lagazette.fr\/index.php\/2022\/05\/09\/le-14-mai-agissons-ensemble-pour-le-climat\/#breadcrumb","itemListElement":[{"@type":"ListItem","position":1,"name":"Accueil","item":"https:\/\/sceaux-lagazette.fr\/"},{"@type":"ListItem","position":2,"name":"Le 14 mai, agissons ensemble pour le climat !"}]},{"@type":"WebSite","@id":"https:\/\/sceaux-lagazette.fr\/#website","url":"https:\/\/sceaux-lagazette.fr\/","name":"La Gazette","description":"Bourg-la-Reine, Ch\u00e2tenay, Fontenay, Sceaux","publisher":{"@id":"https:\/\/sceaux-lagazette.fr\/#organization"},"potentialAction":[{"@type":"SearchAction","target":{"@type":"EntryPoint","urlTemplate":"https:\/\/sceaux-lagazette.fr\/?s={search_term_string}"},"query-input":{"@type":"PropertyValueSpecification","valueRequired":true,"valueName":"search_term_string"}}],"inLanguage":"fr-FR"},{"@type":"Organization","@id":"https:\/\/sceaux-lagazette.fr\/#organization","name":"La Gazette","url":"https:\/\/sceaux-lagazette.fr\/","logo":{"@type":"ImageObject","inLanguage":"fr-FR","@id":"https:\/\/sceaux-lagazette.fr\/#\/schema\/logo\/image\/","url":"https:\/\/sceaux-lagazette.fr\/wp-content\/uploads\/2025\/08\/Logo-Gazette-Aout-2025-V3.jpg","contentUrl":"https:\/\/sceaux-lagazette.fr\/wp-content\/uploads\/2025\/08\/Logo-Gazette-Aout-2025-V3.jpg","width":525,"height":130,"caption":"La Gazette"},"image":{"@id":"https:\/\/sceaux-lagazette.fr\/#\/schema\/logo\/image\/"}},{"@type":"Person","@id":"https:\/\/sceaux-lagazette.fr\/#\/schema\/person\/5650e206a121f68c6f5e76379bccfbc4","name":"G\u00e9rard Bardier","image":{"@type":"ImageObject","inLanguage":"fr-FR","@id":"https:\/\/sceaux-lagazette.fr\/#\/schema\/person\/image\/","url":"https:\/\/secure.gravatar.com\/avatar\/5cf4391ef9dbc0367750202561279a29?s=96&r=g","contentUrl":"https:\/\/secure.gravatar.com\/avatar\/5cf4391ef9dbc0367750202561279a29?s=96&r=g","caption":"G\u00e9rard Bardier"},"url":"https:\/\/sceaux-lagazette.fr\/index.php\/author\/gb\/"}]}},"cc_featured_image_caption":{"caption_text":"","source_text":"","source_url":""},"_links":{"self":[{"href":"https:\/\/sceaux-lagazette.fr\/index.php\/wp-json\/wp\/v2\/posts\/6645"}],"collection":[{"href":"https:\/\/sceaux-lagazette.fr\/index.php\/wp-json\/wp\/v2\/posts"}],"about":[{"href":"https:\/\/sceaux-lagazette.fr\/index.php\/wp-json\/wp\/v2\/types\/post"}],"author":[{"embeddable":true,"href":"https:\/\/sceaux-lagazette.fr\/index.php\/wp-json\/wp\/v2\/users\/11"}],"replies":[{"embeddable":true,"href":"https:\/\/sceaux-lagazette.fr\/index.php\/wp-json\/wp\/v2\/comments?post=6645"}],"version-history":[{"count":3,"href":"https:\/\/sceaux-lagazette.fr\/index.php\/wp-json\/wp\/v2\/posts\/6645\/revisions"}],"predecessor-version":[{"id":6650,"href":"https:\/\/sceaux-lagazette.fr\/index.php\/wp-json\/wp\/v2\/posts\/6645\/revisions\/6650"}],"wp:featuredmedia":[{"embeddable":true,"href":"https:\/\/sceaux-lagazette.fr\/index.php\/wp-json\/wp\/v2\/media\/6648"}],"wp:attachment":[{"href":"https:\/\/sceaux-lagazette.fr\/index.php\/wp-json\/wp\/v2\/media?parent=6645"}],"wp:term":[{"taxonomy":"category","embeddable":true,"href":"https:\/\/sceaux-lagazette.fr\/index.php\/wp-json\/wp\/v2\/categories?post=6645"},{"taxonomy":"post_tag","embeddable":true,"href":"https:\/\/sceaux-lagazette.fr\/index.php\/wp-json\/wp\/v2\/tags?post=6645"}],"curies":[{"name":"wp","href":"https:\/\/api.w.org\/{rel}","templated":true}]}}