{"id":6465,"date":"2022-04-12T11:48:00","date_gmt":"2022-04-12T09:48:00","guid":{"rendered":"https:\/\/sceaux-lagazette.fr\/?p=6465"},"modified":"2022-10-17T18:09:36","modified_gmt":"2022-10-17T16:09:36","slug":"projet-decoquartier-a-bourg-la-reine-avec-le-chef-de-file-de-lopposition-municipale","status":"publish","type":"post","link":"https:\/\/sceaux-lagazette.fr\/index.php\/2022\/04\/12\/projet-decoquartier-a-bourg-la-reine-avec-le-chef-de-file-de-lopposition-municipale\/","title":{"rendered":"Projet d\u2019\u00e9coquartier \u00e0 Bourg-la Reine :  avec le chef de file de l\u2019opposition municipale"},"content":{"rendered":"\n<p>Christophe Bonazzi conduisait la liste \u00ab&nbsp;<a href=\"https:\/\/www.facebook.com\/laVilleenpartage\" target=\"_blank\" rel=\"noreferrer noopener\">La Ville en Partage&nbsp;<\/a>\u00bb lors des municipales, liste qui <a href=\"https:\/\/www.bourg-la-reine.fr\/Vie-municipale-citoyenne\/Conseil-municipal\/Vos-elus\" target=\"_blank\" rel=\"noreferrer noopener\">a obtenu 6<\/a> \u00e9lus. C\u2019est son troisi\u00e8me mandat, toujours dans l\u2019opposition. Il milite \u00e0 EELV. Il trouve mauvais le projet de la Fa\u00efencerie et explique pourquoi&nbsp;: le processus \u00e9tait mauvais \u00e0 tout point de vue (d\u00e9marche, juridique, \u00e9cologique, financier\u2026), ce qui explique un r\u00e9sultat final qui cumule les d\u00e9fauts et p\u00e9nalise ceux qu\u2019il devrait servir, les enfants.<\/p>\n\n\n\n<h2 class=\"wp-block-heading\">Un processus non d\u00e9mocratique.&nbsp; &nbsp;<\/h2>\n\n\n\n<p>Pour l\u2019\u00e9lu, le bon processus consiste \u00e0 \u00e9laborer un cahier des charges en impliquant les acteurs concern\u00e9s, et de faire travailler les professionnels sur ce cahier des charges, en int\u00e9grant la contrainte financi\u00e8re. Ce n\u2018est pas du tout ce qui s\u2019est pass\u00e9&nbsp;:<\/p>\n\n\n\n<p><em>Le maire a d\u00e9cid\u00e9 tout seul de participer au concours d\u2019id\u00e9es \u00ab&nbsp;Inventons la m\u00e9tropole du Grand Paris&nbsp;\u00bb. Le jury qui a \u00ab&nbsp;choisi&nbsp;\u00bb le laur\u00e9at \u00e9tait compos\u00e9 de trois personnes&nbsp;: Patrick Ollier, pr\u00e9sident de la m\u00e9tropole, Jean-Didier Berger, pr\u00e9sident du territoire Vall\u00e9e Sud Grand Paris et le maire de Bourg-la Reine, Patrick Bonath. En pratique, celui-ci \u00e9tait le seul d\u00e9cideur. Le cahier des charges du concours n\u2019a m\u00eame pas \u00e9t\u00e9 explicit\u00e9 ni partag\u00e9 en conseil municipal.<\/em><\/p>\n\n\n\n<p><em>Le maire a ensuite fait la publicit\u00e9 tapageuse du projet, avec une vid\u00e9o produite par COGEDIM, avec une pr\u00e9sentation devant les \u00e9lus, puis \u00e0 la population dans une grande salle o\u00f9 il a mis fin aux d\u00e9bats \u00e0 21 h sans \u00e9couter l\u2019avis des nombreuses personnes comp\u00e9tentes pr\u00e9sentes.<\/em><\/p>\n\n\n\n<p><em>Il y a eu en 2019 une concertation, plut\u00f4t bien faite et avec une restitution honn\u00eate, mais dont le poids dans le processus n\u2019a pas \u00e9t\u00e9 annonc\u00e9. Depuis, c\u2019est la marche forc\u00e9e en sous-marin.<\/em><\/p>\n\n\n\n<p><em>Les participants au Comit\u00e9 de Suivi des Usagers (CSU) ont d\u00fb promettre le secret au pr\u00e9texte qu\u2019il s\u2019agissait de produire le cahier des charges du programmiste. Mais le seul objectif \u00e9tait de vendre le projet du maire. La discussion \u00e9tait compl\u00e9tement ferm\u00e9e entre les trois versions du projet initial encore ouvertes. Et le maire n\u2019a pas int\u00e9gr\u00e9 le centre de loisirs au CSU. Il faut dire que ce centre met en porte \u00e0 faux l\u2019un de ses principaux arguments, l\u2019id\u00e9e que la cour de l\u2019\u00e9cole n\u2019est utilis\u00e9e que quelques 160 jours par an.<\/em><\/p>\n\n\n\n<p><em>Il a fallu que les trois associations de parents d\u2019\u00e9l\u00e8ves et les enseignants de l\u2019\u00e9cole fassent hors du CSU une p\u00e9tition pour que le maire revienne sur son id\u00e9e de cour en terrasse.<\/em><\/p>\n\n\n\n<h2 class=\"wp-block-heading\">Un projet totalement inadapt\u00e9.<\/h2>\n\n\n\n<p><em>Le projet du maire, c\u2019est une r\u00e9partition du p\u00e9rim\u00e8tre en trois parties&nbsp;: une partie vendue \u00e0 la Cogedim pour financer l\u2019op\u00e9ration, des \u00e9quipements publics rel\u00e9gu\u00e9s \u00e0 l\u2019Est, pour pouvoir faire un square au d\u00e9triment de l\u2019\u00e9cole. Appeler tout cela \u00ab&nbsp;campus de l\u2019Enfance&nbsp;\u00bb alors qu\u2019on enl\u00e8ve leur cours aux \u00e9l\u00e8ves&nbsp;!<\/em><\/p>\n\n\n\n<p><em>Au tout d\u00e9but, il y avait un discours \u00ab&nbsp;p\u00e9dagogique&nbsp;\u00bb sur une \u00e9cole \u00ab&nbsp;moderne&nbsp;\u00bb alors que la p\u00e9dagogie ne fait pas partie des pr\u00e9rogatives de la municipalit\u00e9<\/em><\/p>\n\n\n\n<p><em>Au d\u00e9but du projet, la cr\u00e8che devait se trouver avec les autres b\u00e2timents publics et le maire mettait en avant que cela l\u2019\u00e9loignait des nuisances de la D920. Elle est maintenant privatis\u00e9e et se retrouve sur cette D920, sans que cela soit annonc\u00e9 clairement.<\/em><\/p>\n\n\n\n<p><em>La mairie pr\u00e9tend qu\u2019il est impossible de r\u00e9habiliter l\u2019\u00e9cole, mais c\u2019est bien s\u00fbr faux. Cela va produire des tonnes de d\u00e9chets. R\u00e9habiliter le b\u00e2ti et r\u00e9aliser une op\u00e9ration et tiroir en utilisant le b\u00e2timent de la CPAM aurait d\u00fb \u00eatre un sc\u00e9nario alternatif. On va b\u00e2tir sur la terre utilis\u00e9e par le jardin partag\u00e9 et on va tenter de transformer les partis bitum\u00e9e en espace vert&nbsp;! Le label \u00ab&nbsp;\u00e9coquartier&nbsp;\u00bb c\u2019est du pipeau absolu, autour d\u2019adjectifs qualitatifs tr\u00e8s vagues du type \u00ab&nbsp;contribue \u00e0 l\u2019insertion et \u00e0 la diversit\u00e9&nbsp;\u00bb, mais sans aucun seuil chiffr\u00e9. On nous sort maintenant un nouveau label (BDF, b\u00e2timent durable de France).<\/em><\/p>\n\n\n\n<p><em>Il est aussi pr\u00e9vu de construire quelques pavillons. Pourquoi, alors qu\u2019on d\u00e9truit tous les jours des pavillons pour trouver du foncier&nbsp;? On aurait pu aussi profiter du projet pour construire des logements sociaux, dans une ville qui ne respecte toujours pas le taux l\u00e9gal (on est \u00e0 18 %)<\/em><\/p>\n\n\n\n<p><em>Au d\u00e9part, il \u00e9tait pr\u00e9vu un chauffage par biomasse, ce qui est une aberration en Ile de France. Aujourd\u2019hui, on ne sait plus.<\/em><\/p>\n\n\n\n<p><em>On ne sait pas combien tout cela va co\u00fbter. On parle de 23,7 M\u20ac, alors que le sujet de l\u2019\u00e9nergie des b\u00e2timents n\u2019est m\u00eame pas \u00e9tudi\u00e9. Le 13, ce sera aussi le vote du budget, avec une augmentation de 20 % des imp\u00f4ts fonciers. Nous r\u00e9clamons du s\u00e9rieux chiffr\u00e9.<\/em><\/p>\n\n\n\n<p><em>En conseil municipal, nous ne pourrons que nous opposer \u00e0 ce projet, qui devrait \u00eatre organis\u00e9 sous forme de ZAC.<\/em><\/p>\n\n\n\n<p>Retour \u00e0 l&rsquo;article <a rel=\"noreferrer noopener\" href=\"https:\/\/sceaux-lagazette.fr\/index.php\/2022\/04\/12\/ecoquartier-a-bourg-la-reine-resultat-de-nos-rencontres\/\" target=\"_blank\">\u00ab\u00a0r\u00e9sultat de nos rencontres<\/a> \u00ab\u00a0<\/p>\n\n\n\n<p>Article de pr\u00e9sentation :<a href=\"https:\/\/sceaux-lagazette.fr\/index.php\/2022\/04\/04\/projet-decoquartier-a-bourg-la-reine-1-le-decor\/\" target=\"_blank\" rel=\"noreferrer noopener\"> Projet d&rsquo;\u00e9coquartier \u00e0 Bourg-la Reine : le d\u00e9cor<\/a><\/p>\n","protected":false},"excerpt":{"rendered":"<p>Christophe Bonazzi conduisait la liste \u00ab&nbsp;La Ville en Partage&nbsp;\u00bb lors des municipales, liste qui a obtenu 6 \u00e9lus. C\u2019est son troisi\u00e8me mandat, toujours dans l\u2019opposition. Il milite \u00e0 EELV. Il trouve mauvais le projet de la Fa\u00efencerie et explique pourquoi&nbsp;: le processus \u00e9tait mauvais \u00e0 tout point de vue (d\u00e9marche,&#8230;<\/p>\n","protected":false},"author":11,"featured_media":6474,"comment_status":"open","ping_status":"open","sticky":false,"template":"","format":"standard","meta":{"om_disable_all_campaigns":false,"_monsterinsights_skip_tracking":false,"_monsterinsights_sitenote_active":false,"_monsterinsights_sitenote_note":"","_monsterinsights_sitenote_category":0,"_uf_show_specific_survey":0,"_uf_disable_surveys":false,"footnotes":""},"categories":[250,265,238,5],"tags":[],"class_list":["post-6465","post","type-post","status-publish","format-standard","has-post-thumbnail","hentry","category-architecture","category-bourg-la-reine","category-opinions","category-des-quartiers-de-sceaux","entry","simple"],"yoast_head":"<!-- This site is optimized with the Yoast SEO plugin v25.6 - https:\/\/yoast.com\/wordpress\/plugins\/seo\/ -->\n<title>Projet d\u2019\u00e9coquartier \u00e0 Bourg-la Reine : avec le chef de file de l\u2019opposition municipale - La Gazette<\/title>\n<meta name=\"robots\" content=\"index, follow, max-snippet:-1, max-image-preview:large, max-video-preview:-1\" \/>\n<link rel=\"canonical\" href=\"https:\/\/sceaux-lagazette.fr\/index.php\/2022\/04\/12\/projet-decoquartier-a-bourg-la-reine-avec-le-chef-de-file-de-lopposition-municipale\/\" \/>\n<meta property=\"og:locale\" content=\"fr_FR\" \/>\n<meta property=\"og:type\" content=\"article\" \/>\n<meta property=\"og:title\" content=\"Projet d\u2019\u00e9coquartier \u00e0 Bourg-la Reine : avec le chef de file de l\u2019opposition municipale - La Gazette\" \/>\n<meta property=\"og:description\" content=\"Christophe Bonazzi conduisait la liste \u00ab&nbsp;La Ville en Partage&nbsp;\u00bb lors des municipales, liste qui a obtenu 6 \u00e9lus. C\u2019est son troisi\u00e8me mandat, toujours dans l\u2019opposition. Il milite \u00e0 EELV. Il trouve mauvais le projet de la Fa\u00efencerie et explique pourquoi&nbsp;: le processus \u00e9tait mauvais \u00e0 tout point de vue (d\u00e9marche,&#8230;\" \/>\n<meta property=\"og:url\" content=\"https:\/\/sceaux-lagazette.fr\/index.php\/2022\/04\/12\/projet-decoquartier-a-bourg-la-reine-avec-le-chef-de-file-de-lopposition-municipale\/\" \/>\n<meta property=\"og:site_name\" content=\"La Gazette\" \/>\n<meta property=\"article:published_time\" content=\"2022-04-12T09:48:00+00:00\" \/>\n<meta property=\"article:modified_time\" content=\"2022-10-17T16:09:36+00:00\" \/>\n<meta property=\"og:image\" content=\"https:\/\/sceaux-lagazette.fr\/wp-content\/uploads\/2022\/04\/MKT_9635-scaled.jpg\" \/>\n\t<meta property=\"og:image:width\" content=\"2560\" \/>\n\t<meta property=\"og:image:height\" content=\"1703\" \/>\n\t<meta property=\"og:image:type\" content=\"image\/jpeg\" \/>\n<meta name=\"author\" content=\"G\u00e9rard Bardier\" \/>\n<meta name=\"twitter:card\" content=\"summary_large_image\" \/>\n<meta name=\"twitter:label1\" content=\"\u00c9crit par\" \/>\n\t<meta name=\"twitter:data1\" content=\"G\u00e9rard Bardier\" \/>\n\t<meta name=\"twitter:label2\" content=\"Dur\u00e9e de lecture estim\u00e9e\" \/>\n\t<meta name=\"twitter:data2\" content=\"5 minutes\" \/>\n<script type=\"application\/ld+json\" class=\"yoast-schema-graph\">{\"@context\":\"https:\/\/schema.org\",\"@graph\":[{\"@type\":\"Article\",\"@id\":\"https:\/\/sceaux-lagazette.fr\/index.php\/2022\/04\/12\/projet-decoquartier-a-bourg-la-reine-avec-le-chef-de-file-de-lopposition-municipale\/#article\",\"isPartOf\":{\"@id\":\"https:\/\/sceaux-lagazette.fr\/index.php\/2022\/04\/12\/projet-decoquartier-a-bourg-la-reine-avec-le-chef-de-file-de-lopposition-municipale\/\"},\"author\":{\"name\":\"G\u00e9rard Bardier\",\"@id\":\"https:\/\/sceaux-lagazette.fr\/#\/schema\/person\/5650e206a121f68c6f5e76379bccfbc4\"},\"headline\":\"Projet d\u2019\u00e9coquartier \u00e0 Bourg-la Reine : avec le chef de file de l\u2019opposition municipale\",\"datePublished\":\"2022-04-12T09:48:00+00:00\",\"dateModified\":\"2022-10-17T16:09:36+00:00\",\"mainEntityOfPage\":{\"@id\":\"https:\/\/sceaux-lagazette.fr\/index.php\/2022\/04\/12\/projet-decoquartier-a-bourg-la-reine-avec-le-chef-de-file-de-lopposition-municipale\/\"},\"wordCount\":922,\"commentCount\":1,\"publisher\":{\"@id\":\"https:\/\/sceaux-lagazette.fr\/#organization\"},\"image\":{\"@id\":\"https:\/\/sceaux-lagazette.fr\/index.php\/2022\/04\/12\/projet-decoquartier-a-bourg-la-reine-avec-le-chef-de-file-de-lopposition-municipale\/#primaryimage\"},\"thumbnailUrl\":\"https:\/\/sceaux-lagazette.fr\/wp-content\/uploads\/2022\/04\/MKT_9635-scaled.jpg\",\"articleSection\":[\"Architecture\",\"Bourg-la-Reine\",\"Opinions\",\"Quartiers\"],\"inLanguage\":\"fr-FR\",\"potentialAction\":[{\"@type\":\"CommentAction\",\"name\":\"Comment\",\"target\":[\"https:\/\/sceaux-lagazette.fr\/index.php\/2022\/04\/12\/projet-decoquartier-a-bourg-la-reine-avec-le-chef-de-file-de-lopposition-municipale\/#respond\"]}]},{\"@type\":\"WebPage\",\"@id\":\"https:\/\/sceaux-lagazette.fr\/index.php\/2022\/04\/12\/projet-decoquartier-a-bourg-la-reine-avec-le-chef-de-file-de-lopposition-municipale\/\",\"url\":\"https:\/\/sceaux-lagazette.fr\/index.php\/2022\/04\/12\/projet-decoquartier-a-bourg-la-reine-avec-le-chef-de-file-de-lopposition-municipale\/\",\"name\":\"Projet d\u2019\u00e9coquartier \u00e0 Bourg-la Reine : avec le chef de file de l\u2019opposition municipale - La Gazette\",\"isPartOf\":{\"@id\":\"https:\/\/sceaux-lagazette.fr\/#website\"},\"primaryImageOfPage\":{\"@id\":\"https:\/\/sceaux-lagazette.fr\/index.php\/2022\/04\/12\/projet-decoquartier-a-bourg-la-reine-avec-le-chef-de-file-de-lopposition-municipale\/#primaryimage\"},\"image\":{\"@id\":\"https:\/\/sceaux-lagazette.fr\/index.php\/2022\/04\/12\/projet-decoquartier-a-bourg-la-reine-avec-le-chef-de-file-de-lopposition-municipale\/#primaryimage\"},\"thumbnailUrl\":\"https:\/\/sceaux-lagazette.fr\/wp-content\/uploads\/2022\/04\/MKT_9635-scaled.jpg\",\"datePublished\":\"2022-04-12T09:48:00+00:00\",\"dateModified\":\"2022-10-17T16:09:36+00:00\",\"breadcrumb\":{\"@id\":\"https:\/\/sceaux-lagazette.fr\/index.php\/2022\/04\/12\/projet-decoquartier-a-bourg-la-reine-avec-le-chef-de-file-de-lopposition-municipale\/#breadcrumb\"},\"inLanguage\":\"fr-FR\",\"potentialAction\":[{\"@type\":\"ReadAction\",\"target\":[\"https:\/\/sceaux-lagazette.fr\/index.php\/2022\/04\/12\/projet-decoquartier-a-bourg-la-reine-avec-le-chef-de-file-de-lopposition-municipale\/\"]}]},{\"@type\":\"ImageObject\",\"inLanguage\":\"fr-FR\",\"@id\":\"https:\/\/sceaux-lagazette.fr\/index.php\/2022\/04\/12\/projet-decoquartier-a-bourg-la-reine-avec-le-chef-de-file-de-lopposition-municipale\/#primaryimage\",\"url\":\"https:\/\/sceaux-lagazette.fr\/wp-content\/uploads\/2022\/04\/MKT_9635-scaled.jpg\",\"contentUrl\":\"https:\/\/sceaux-lagazette.fr\/wp-content\/uploads\/2022\/04\/MKT_9635-scaled.jpg\",\"width\":2560,\"height\":1703},{\"@type\":\"BreadcrumbList\",\"@id\":\"https:\/\/sceaux-lagazette.fr\/index.php\/2022\/04\/12\/projet-decoquartier-a-bourg-la-reine-avec-le-chef-de-file-de-lopposition-municipale\/#breadcrumb\",\"itemListElement\":[{\"@type\":\"ListItem\",\"position\":1,\"name\":\"Accueil\",\"item\":\"https:\/\/sceaux-lagazette.fr\/\"},{\"@type\":\"ListItem\",\"position\":2,\"name\":\"Projet d\u2019\u00e9coquartier \u00e0 Bourg-la Reine : avec le chef de file de l\u2019opposition municipale\"}]},{\"@type\":\"WebSite\",\"@id\":\"https:\/\/sceaux-lagazette.fr\/#website\",\"url\":\"https:\/\/sceaux-lagazette.fr\/\",\"name\":\"La Gazette\",\"description\":\"Bourg-la-Reine, Ch\u00e2tenay, Fontenay, Sceaux\",\"publisher\":{\"@id\":\"https:\/\/sceaux-lagazette.fr\/#organization\"},\"potentialAction\":[{\"@type\":\"SearchAction\",\"target\":{\"@type\":\"EntryPoint\",\"urlTemplate\":\"https:\/\/sceaux-lagazette.fr\/?s={search_term_string}\"},\"query-input\":{\"@type\":\"PropertyValueSpecification\",\"valueRequired\":true,\"valueName\":\"search_term_string\"}}],\"inLanguage\":\"fr-FR\"},{\"@type\":\"Organization\",\"@id\":\"https:\/\/sceaux-lagazette.fr\/#organization\",\"name\":\"La Gazette\",\"url\":\"https:\/\/sceaux-lagazette.fr\/\",\"logo\":{\"@type\":\"ImageObject\",\"inLanguage\":\"fr-FR\",\"@id\":\"https:\/\/sceaux-lagazette.fr\/#\/schema\/logo\/image\/\",\"url\":\"https:\/\/sceaux-lagazette.fr\/wp-content\/uploads\/2025\/08\/Logo-Gazette-Aout-2025-V3.jpg\",\"contentUrl\":\"https:\/\/sceaux-lagazette.fr\/wp-content\/uploads\/2025\/08\/Logo-Gazette-Aout-2025-V3.jpg\",\"width\":525,\"height\":130,\"caption\":\"La Gazette\"},\"image\":{\"@id\":\"https:\/\/sceaux-lagazette.fr\/#\/schema\/logo\/image\/\"}},{\"@type\":\"Person\",\"@id\":\"https:\/\/sceaux-lagazette.fr\/#\/schema\/person\/5650e206a121f68c6f5e76379bccfbc4\",\"name\":\"G\u00e9rard Bardier\",\"image\":{\"@type\":\"ImageObject\",\"inLanguage\":\"fr-FR\",\"@id\":\"https:\/\/sceaux-lagazette.fr\/#\/schema\/person\/image\/\",\"url\":\"https:\/\/secure.gravatar.com\/avatar\/5cf4391ef9dbc0367750202561279a29?s=96&r=g\",\"contentUrl\":\"https:\/\/secure.gravatar.com\/avatar\/5cf4391ef9dbc0367750202561279a29?s=96&r=g\",\"caption\":\"G\u00e9rard Bardier\"},\"url\":\"https:\/\/sceaux-lagazette.fr\/index.php\/author\/gb\/\"}]}<\/script>\n<!-- \/ Yoast SEO plugin. -->","yoast_head_json":{"title":"Projet d\u2019\u00e9coquartier \u00e0 Bourg-la Reine : avec le chef de file de l\u2019opposition municipale - La Gazette","robots":{"index":"index","follow":"follow","max-snippet":"max-snippet:-1","max-image-preview":"max-image-preview:large","max-video-preview":"max-video-preview:-1"},"canonical":"https:\/\/sceaux-lagazette.fr\/index.php\/2022\/04\/12\/projet-decoquartier-a-bourg-la-reine-avec-le-chef-de-file-de-lopposition-municipale\/","og_locale":"fr_FR","og_type":"article","og_title":"Projet d\u2019\u00e9coquartier \u00e0 Bourg-la Reine : avec le chef de file de l\u2019opposition municipale - La Gazette","og_description":"Christophe Bonazzi conduisait la liste \u00ab&nbsp;La Ville en Partage&nbsp;\u00bb lors des municipales, liste qui a obtenu 6 \u00e9lus. C\u2019est son troisi\u00e8me mandat, toujours dans l\u2019opposition. Il milite \u00e0 EELV. Il trouve mauvais le projet de la Fa\u00efencerie et explique pourquoi&nbsp;: le processus \u00e9tait mauvais \u00e0 tout point de vue (d\u00e9marche,&#8230;","og_url":"https:\/\/sceaux-lagazette.fr\/index.php\/2022\/04\/12\/projet-decoquartier-a-bourg-la-reine-avec-le-chef-de-file-de-lopposition-municipale\/","og_site_name":"La Gazette","article_published_time":"2022-04-12T09:48:00+00:00","article_modified_time":"2022-10-17T16:09:36+00:00","og_image":[{"width":2560,"height":1703,"url":"https:\/\/sceaux-lagazette.fr\/wp-content\/uploads\/2022\/04\/MKT_9635-scaled.jpg","type":"image\/jpeg"}],"author":"G\u00e9rard Bardier","twitter_card":"summary_large_image","twitter_misc":{"\u00c9crit par":"G\u00e9rard Bardier","Dur\u00e9e de lecture estim\u00e9e":"5 minutes"},"schema":{"@context":"https:\/\/schema.org","@graph":[{"@type":"Article","@id":"https:\/\/sceaux-lagazette.fr\/index.php\/2022\/04\/12\/projet-decoquartier-a-bourg-la-reine-avec-le-chef-de-file-de-lopposition-municipale\/#article","isPartOf":{"@id":"https:\/\/sceaux-lagazette.fr\/index.php\/2022\/04\/12\/projet-decoquartier-a-bourg-la-reine-avec-le-chef-de-file-de-lopposition-municipale\/"},"author":{"name":"G\u00e9rard Bardier","@id":"https:\/\/sceaux-lagazette.fr\/#\/schema\/person\/5650e206a121f68c6f5e76379bccfbc4"},"headline":"Projet d\u2019\u00e9coquartier \u00e0 Bourg-la Reine : avec le chef de file de l\u2019opposition municipale","datePublished":"2022-04-12T09:48:00+00:00","dateModified":"2022-10-17T16:09:36+00:00","mainEntityOfPage":{"@id":"https:\/\/sceaux-lagazette.fr\/index.php\/2022\/04\/12\/projet-decoquartier-a-bourg-la-reine-avec-le-chef-de-file-de-lopposition-municipale\/"},"wordCount":922,"commentCount":1,"publisher":{"@id":"https:\/\/sceaux-lagazette.fr\/#organization"},"image":{"@id":"https:\/\/sceaux-lagazette.fr\/index.php\/2022\/04\/12\/projet-decoquartier-a-bourg-la-reine-avec-le-chef-de-file-de-lopposition-municipale\/#primaryimage"},"thumbnailUrl":"https:\/\/sceaux-lagazette.fr\/wp-content\/uploads\/2022\/04\/MKT_9635-scaled.jpg","articleSection":["Architecture","Bourg-la-Reine","Opinions","Quartiers"],"inLanguage":"fr-FR","potentialAction":[{"@type":"CommentAction","name":"Comment","target":["https:\/\/sceaux-lagazette.fr\/index.php\/2022\/04\/12\/projet-decoquartier-a-bourg-la-reine-avec-le-chef-de-file-de-lopposition-municipale\/#respond"]}]},{"@type":"WebPage","@id":"https:\/\/sceaux-lagazette.fr\/index.php\/2022\/04\/12\/projet-decoquartier-a-bourg-la-reine-avec-le-chef-de-file-de-lopposition-municipale\/","url":"https:\/\/sceaux-lagazette.fr\/index.php\/2022\/04\/12\/projet-decoquartier-a-bourg-la-reine-avec-le-chef-de-file-de-lopposition-municipale\/","name":"Projet d\u2019\u00e9coquartier \u00e0 Bourg-la Reine : avec le chef de file de l\u2019opposition municipale - La Gazette","isPartOf":{"@id":"https:\/\/sceaux-lagazette.fr\/#website"},"primaryImageOfPage":{"@id":"https:\/\/sceaux-lagazette.fr\/index.php\/2022\/04\/12\/projet-decoquartier-a-bourg-la-reine-avec-le-chef-de-file-de-lopposition-municipale\/#primaryimage"},"image":{"@id":"https:\/\/sceaux-lagazette.fr\/index.php\/2022\/04\/12\/projet-decoquartier-a-bourg-la-reine-avec-le-chef-de-file-de-lopposition-municipale\/#primaryimage"},"thumbnailUrl":"https:\/\/sceaux-lagazette.fr\/wp-content\/uploads\/2022\/04\/MKT_9635-scaled.jpg","datePublished":"2022-04-12T09:48:00+00:00","dateModified":"2022-10-17T16:09:36+00:00","breadcrumb":{"@id":"https:\/\/sceaux-lagazette.fr\/index.php\/2022\/04\/12\/projet-decoquartier-a-bourg-la-reine-avec-le-chef-de-file-de-lopposition-municipale\/#breadcrumb"},"inLanguage":"fr-FR","potentialAction":[{"@type":"ReadAction","target":["https:\/\/sceaux-lagazette.fr\/index.php\/2022\/04\/12\/projet-decoquartier-a-bourg-la-reine-avec-le-chef-de-file-de-lopposition-municipale\/"]}]},{"@type":"ImageObject","inLanguage":"fr-FR","@id":"https:\/\/sceaux-lagazette.fr\/index.php\/2022\/04\/12\/projet-decoquartier-a-bourg-la-reine-avec-le-chef-de-file-de-lopposition-municipale\/#primaryimage","url":"https:\/\/sceaux-lagazette.fr\/wp-content\/uploads\/2022\/04\/MKT_9635-scaled.jpg","contentUrl":"https:\/\/sceaux-lagazette.fr\/wp-content\/uploads\/2022\/04\/MKT_9635-scaled.jpg","width":2560,"height":1703},{"@type":"BreadcrumbList","@id":"https:\/\/sceaux-lagazette.fr\/index.php\/2022\/04\/12\/projet-decoquartier-a-bourg-la-reine-avec-le-chef-de-file-de-lopposition-municipale\/#breadcrumb","itemListElement":[{"@type":"ListItem","position":1,"name":"Accueil","item":"https:\/\/sceaux-lagazette.fr\/"},{"@type":"ListItem","position":2,"name":"Projet d\u2019\u00e9coquartier \u00e0 Bourg-la Reine : avec le chef de file de l\u2019opposition municipale"}]},{"@type":"WebSite","@id":"https:\/\/sceaux-lagazette.fr\/#website","url":"https:\/\/sceaux-lagazette.fr\/","name":"La Gazette","description":"Bourg-la-Reine, Ch\u00e2tenay, Fontenay, Sceaux","publisher":{"@id":"https:\/\/sceaux-lagazette.fr\/#organization"},"potentialAction":[{"@type":"SearchAction","target":{"@type":"EntryPoint","urlTemplate":"https:\/\/sceaux-lagazette.fr\/?s={search_term_string}"},"query-input":{"@type":"PropertyValueSpecification","valueRequired":true,"valueName":"search_term_string"}}],"inLanguage":"fr-FR"},{"@type":"Organization","@id":"https:\/\/sceaux-lagazette.fr\/#organization","name":"La Gazette","url":"https:\/\/sceaux-lagazette.fr\/","logo":{"@type":"ImageObject","inLanguage":"fr-FR","@id":"https:\/\/sceaux-lagazette.fr\/#\/schema\/logo\/image\/","url":"https:\/\/sceaux-lagazette.fr\/wp-content\/uploads\/2025\/08\/Logo-Gazette-Aout-2025-V3.jpg","contentUrl":"https:\/\/sceaux-lagazette.fr\/wp-content\/uploads\/2025\/08\/Logo-Gazette-Aout-2025-V3.jpg","width":525,"height":130,"caption":"La Gazette"},"image":{"@id":"https:\/\/sceaux-lagazette.fr\/#\/schema\/logo\/image\/"}},{"@type":"Person","@id":"https:\/\/sceaux-lagazette.fr\/#\/schema\/person\/5650e206a121f68c6f5e76379bccfbc4","name":"G\u00e9rard Bardier","image":{"@type":"ImageObject","inLanguage":"fr-FR","@id":"https:\/\/sceaux-lagazette.fr\/#\/schema\/person\/image\/","url":"https:\/\/secure.gravatar.com\/avatar\/5cf4391ef9dbc0367750202561279a29?s=96&r=g","contentUrl":"https:\/\/secure.gravatar.com\/avatar\/5cf4391ef9dbc0367750202561279a29?s=96&r=g","caption":"G\u00e9rard Bardier"},"url":"https:\/\/sceaux-lagazette.fr\/index.php\/author\/gb\/"}]}},"cc_featured_image_caption":{"caption_text":"Photo Mostfa Turki","source_text":"","source_url":""},"_links":{"self":[{"href":"https:\/\/sceaux-lagazette.fr\/index.php\/wp-json\/wp\/v2\/posts\/6465"}],"collection":[{"href":"https:\/\/sceaux-lagazette.fr\/index.php\/wp-json\/wp\/v2\/posts"}],"about":[{"href":"https:\/\/sceaux-lagazette.fr\/index.php\/wp-json\/wp\/v2\/types\/post"}],"author":[{"embeddable":true,"href":"https:\/\/sceaux-lagazette.fr\/index.php\/wp-json\/wp\/v2\/users\/11"}],"replies":[{"embeddable":true,"href":"https:\/\/sceaux-lagazette.fr\/index.php\/wp-json\/wp\/v2\/comments?post=6465"}],"version-history":[{"count":4,"href":"https:\/\/sceaux-lagazette.fr\/index.php\/wp-json\/wp\/v2\/posts\/6465\/revisions"}],"predecessor-version":[{"id":6483,"href":"https:\/\/sceaux-lagazette.fr\/index.php\/wp-json\/wp\/v2\/posts\/6465\/revisions\/6483"}],"wp:featuredmedia":[{"embeddable":true,"href":"https:\/\/sceaux-lagazette.fr\/index.php\/wp-json\/wp\/v2\/media\/6474"}],"wp:attachment":[{"href":"https:\/\/sceaux-lagazette.fr\/index.php\/wp-json\/wp\/v2\/media?parent=6465"}],"wp:term":[{"taxonomy":"category","embeddable":true,"href":"https:\/\/sceaux-lagazette.fr\/index.php\/wp-json\/wp\/v2\/categories?post=6465"},{"taxonomy":"post_tag","embeddable":true,"href":"https:\/\/sceaux-lagazette.fr\/index.php\/wp-json\/wp\/v2\/tags?post=6465"}],"curies":[{"name":"wp","href":"https:\/\/api.w.org\/{rel}","templated":true}]}}