{"id":6276,"date":"2025-04-18T08:20:12","date_gmt":"2025-04-18T06:20:12","guid":{"rendered":"https:\/\/sceaux-lagazette.fr\/?p=6276"},"modified":"2025-04-18T11:01:41","modified_gmt":"2025-04-18T09:01:41","slug":"strategie-bas-carbone-a-sceaux","status":"publish","type":"post","link":"https:\/\/sceaux-lagazette.fr\/index.php\/2025\/04\/18\/strategie-bas-carbone-a-sceaux\/","title":{"rendered":"Strat\u00e9gie bas-carbone \u00e0 Sceaux"},"content":{"rendered":"\n<p>[<em>Article publi\u00e9 la premi\u00e8re fois le 28 mars 2022<\/em>.]<\/p>\n\n\n\n<p>Le 17 mars dernier, dans la partie \u00ab&nbsp;Agenda&nbsp;\u00bb du Sceaux Mag de mars, on apprenait sous le titre \u00ab&nbsp;Strat\u00e9gie bas-carbone&nbsp;\u00bb que la municipalit\u00e9 invitait tous les citoyens qui le souhaitaient \u00e0 une rencontre le soir du 17 mars. Enjeu&nbsp;: participer \u00e0 l\u2019\u00e9laboration de la strat\u00e9gie bas-carbone de Sceaux.<\/p>\n\n\n\n<p>La r\u00e9union s\u2019est d\u00e9roul\u00e9e en deux temps, avec d\u2019abord une pr\u00e9sentation du r\u00e9sultat d\u2019un bilan carbone, puis par la sollicitation de l\u2019avis des personnes pr\u00e9sentes, en petits groupes.<\/p>\n\n\n\n<h2 class=\"wp-block-heading\">Bilan carbone<\/h2>\n\n\n\n<p>La municipalit\u00e9 a fait appel \u00e0 la soci\u00e9t\u00e9 de conseil sp\u00e9cialis\u00e9e <a href=\"https:\/\/www.carbone4.com\/\" target=\"_blank\" rel=\"noreferrer noopener\">Carbone 4<\/a> (dont l\u2019un des associ\u00e9s est Jean-Marc Jancovici) dans cette d\u00e9marche. Les consultantes ont r\u00e9alis\u00e9 une \u00e9valuation des \u00e9missions ayant lieu sur le territoire de mani\u00e8re directe ou indirecte (ce <a href=\"https:\/\/bilans-ges.ademe.fr\/fr\/accueil\/contenu\/index\/page\/categorie\/siGras\/0\" target=\"_blank\" rel=\"noreferrer noopener\">qu\u2019on appelle<\/a> les scopes 1 et 2). Cela ne comprend donc pas les \u00e9missions li\u00e9es \u00e0 la production de biens alimentaires ou manufactur\u00e9s consomm\u00e9s \u00e0 Sceaux ni les \u00e9missions li\u00e9es aux voyages de Sc\u00e9ens en p\u00e9riode de vacances, mais cela comprend les transports en ville.<\/p>\n\n\n\n<p>Dans la mesure o\u00f9 il n\u2019y a ni industrie ni agriculture \u00e0 Sceaux, ce choix (qui a sa logique, si on veut consolider sur un territoire plus grand en \u00e9vitant de compter deux fois) conduit \u00e0 se concentrer essentiellement sur les \u00e9missions li\u00e9es au chauffage et au transport.<\/p>\n\n\n\n<p>Les consultantes se sont servi des donn\u00e9es fournies par ROSE, \u00ab&nbsp;l\u2019observatoire francilien de l\u2019\u00e9nergie &amp; des gaz \u00e0 effet de serre&nbsp;\u00bb. On peut retrouver les donn\u00e9es sur le site de cet observatoire. Et observer au passage qu\u2019il estime \u00e0 22% la baisse des \u00e9missions de GES depuis 2005 (dans les scopes 1 et 2) pour l\u2019\u00cele-de-France.<\/p>\n\n\n\n<p>Le bilan pour Sceaux est de 40 KT de CO2e. Il est de 801 KT pour le territoire VSGP. Celui-ci ayant une population 20 fois plus grande que la ville de Sceaux, on notera que les \u00e9missions par habitant de Sceaux sont \u00e9gales \u00e0 la moyenne de celles de VSGP.<\/p>\n\n\n\n<p>Ces 40 KT se r\u00e9partissent en 68 % pour le r\u00e9sidentiel, 19 % pour le tertiaire et 11 % pour les transports (l\u2019importance du r\u00e9sidentiel est li\u00e9e \u00e0 la m\u00e9thode utilis\u00e9e et au fait que la ville de Sceaux est avant tout une commune r\u00e9sidentielle).<\/p>\n\n\n\n<p>Les \u00e9missions dues aux transports ont la voiture pour origine \u00e0 96 %.<\/p>\n\n\n\n<p>Les pavillons, qui comptent pour 22 % des logements sur la ville, repr\u00e9sentent 65 % de la consommation \u00e9nerg\u00e9tique et 68 % des \u00e9missions de GES du r\u00e9sidentiel. Cette sp\u00e9cificit\u00e9 des pavillons n\u2019a pas \u00e9t\u00e9 expliqu\u00e9e en s\u00e9ance,mais on lui trouvera ici quatre explications compl\u00e9mentaires \u00e0 partir des informations de l\u2019Insee sur le parc de logement de notre ville :<\/p>\n\n\n<div class=\"wp-block-image\">\n<figure class=\"alignright size-medium is-resized\"><img decoding=\"async\" width=\"300\" height=\"220\" src=\"https:\/\/sceaux-lagazette.fr\/wp-content\/uploads\/2022\/03\/Maisons-et-appartements-300x220.png\" alt=\"\" class=\"wp-image-6278\" style=\"width:300px;height:220px\" srcset=\"https:\/\/sceaux-lagazette.fr\/wp-content\/uploads\/2022\/03\/Maisons-et-appartements-300x220.png 300w, https:\/\/sceaux-lagazette.fr\/wp-content\/uploads\/2022\/03\/Maisons-et-appartements.png 698w\" sizes=\"(max-width: 300px) 100vw, 300px\" \/><\/figure><\/div>\n\n\n<ol class=\"wp-block-list\">\n<li>Les pavillons ont en moyenne une surface habitable nettement plus importante que les appartements. A Sceaux, en 2018, les pavillons avaient en moyenne 5,8 pi\u00e8ces contre 3,1 pour les appartements. Les pi\u00e8ces \u00e9tant souvent plus grandes dans les pavillons, on peut estimer que la surface des pavillons est en moyenne le double de celles des appartements.<\/li>\n\n\n\n<li>Les pertes de chaleur d\u00e9pendent de la surface en contact avec l\u2019ext\u00e9rieur, quand la surface habitable d\u00e9pend du volume de la construction. Les pertes par m2 habitable sont donc m\u00e9caniquement plus faibles pour des collectifs et d\u2019autant plus s\u2019ils sont de grand volume.<\/li>\n\n\n\n<li>Les pavillons sont en moyenne plus anciens que les collectifs \u00e0 Sceaux (ce qui n\u2019est pas le cas en France enti\u00e8re) comme on le voit dans le graphique plus bas. 45 % des appartements ont \u00e9t\u00e9 construits depuis 1971 et 20 % des pavillons seulement. Les premi\u00e8res normes d\u2019isolation des logements sont apparues apr\u00e8s le premier choc p\u00e9trolier en 1973.<\/li>\n\n\n\n<li>Le chauffage \u00e9lectrique qui \u00e9met moins de GES est plus fr\u00e9quent dans les collectifs. Ce qui explique que les pavillons soient responsables de 68 % des \u00e9missions de GES pour 65 % de la consommation \u00e9nerg\u00e9tique. Ce n\u2019est clairement pas la cause la plus importante.<\/li>\n<\/ol>\n\n\n\n<h2 class=\"wp-block-heading\">\u00c9valuation des consommations moyennes<\/h2>\n\n\n\n<p>Le r\u00e9sidentiel repr\u00e9sente 68 % des \u00e9missions de la ville (40*0,68) soit 27,2KT (c\u2019est un arrondi, <a href=\"https:\/\/www.roseidf.org\/\" target=\"_blank\" rel=\"noreferrer noopener\">ROSE<\/a> donne 27,3 KT).<\/p>\n\n\n\n<p>Les pavillons en repr\u00e9sentent 68% (27,2*0,68), soit 18,5 KT pour 1808 pavillons, ce qui donne 10,2T par pavillon en moyenne.<\/p>\n\n\n\n<p>Les appartements en repr\u00e9sentent 32 % (27,2*0,32), soit 8,7KT pour 6538 appartements, ce qui donne 1,33T par appartement en moyenne (8 fois moins que par pavillon).<\/p>\n\n\n\n<p><a href=\"https:\/\/www.roseidf.org\/\" target=\"_blank\" rel=\"noreferrer noopener\">Le site ROSE<\/a> fournit aussi les consommations \u00e9nerg\u00e9tiques. Voici celles obtenues \u00e0 climat normal et classes fixes pour le r\u00e9sidentiel, principal et secondaire<\/p>\n\n\n\n<ul class=\"wp-block-list\">\n<li>107&nbsp;390 MWh pour les maisons, soit en moyenne 59&nbsp;397 kWh par logement<\/li>\n\n\n\n<li>59 070 MWh pour les appartements, soit en moyenne 9 035 kWh par logement<\/li>\n\n\n\n<li>166 450 MWh au total<\/li>\n<\/ul>\n\n\n\n<p>Soit 6,5 fois plus pour un pavillon que pour un appartement.<\/p>\n\n\n\n<p>Florence Presson, qui, en tant qu\u2019adjointe au maire en charge du sujet, pr\u00e9sidait la r\u00e9union a not\u00e9 que ce r\u00e9sultat justifiait le choix fait par la municipalit\u00e9 d\u2019un effort particulier vers les propri\u00e9taires de pavillon, avec le dispositif PREP.<\/p>\n\n\n\n<h2 class=\"wp-block-heading\">Temps participatif<\/h2>\n\n\n\n<p>Le travail en petits groupes se faisait dans un cadre pr\u00e9cis&nbsp;: le groupe o\u00f9 je me trouvais avait ainsi comme consigne de r\u00e9fl\u00e9chir aux actions possibles pour les pavillons.<\/p>\n\n\n\n<p>J\u2019ai jou\u00e9 le jeu, rappelant notamment les observations et les id\u00e9es entendues lors de diff\u00e9rentes balades thermiques, tout en pr\u00e9cisant d\u00e8s le d\u00e9but que j\u2019attends en priorit\u00e9 de la mairie&nbsp;:<\/p>\n\n\n\n<ul class=\"wp-block-list\">\n<li>Qu\u2019elle traite en priorit\u00e9 ce qui d\u00e9pend directement ou indirectement d\u2019elle&nbsp;: ses propres b\u00e2timents, les installations sportives qu\u2019elle g\u00e8re, les \u00e9coles \u00e9l\u00e9mentaires et maternelles, les logements sociaux,<\/li>\n\n\n\n<li>Qu\u2019elle mette en \u0153uvre les orientations du PCAET du territoire VSGP.<\/li>\n<\/ul>\n\n\n\n<p>La r\u00e9flexion sur la strat\u00e9gie bas-carbone devrait \u00eatre \u00e9voqu\u00e9e lors d\u2019un prochain conseil municipal.<\/p>\n","protected":false},"excerpt":{"rendered":"<p>[Article publi\u00e9 la premi\u00e8re fois le 28 mars 2022.] Le 17 mars dernier, dans la partie \u00ab&nbsp;Agenda&nbsp;\u00bb du Sceaux Mag de mars, on apprenait sous le titre \u00ab&nbsp;Strat\u00e9gie bas-carbone&nbsp;\u00bb que la municipalit\u00e9 invitait tous les citoyens qui le souhaitaient \u00e0 une rencontre le soir du 17 mars. Enjeu&nbsp;: participer \u00e0&#8230;<\/p>\n","protected":false},"author":11,"featured_media":6313,"comment_status":"open","ping_status":"open","sticky":false,"template":"","format":"standard","meta":{"om_disable_all_campaigns":false,"_monsterinsights_skip_tracking":false,"_monsterinsights_sitenote_active":false,"_monsterinsights_sitenote_note":"","_monsterinsights_sitenote_category":0,"_uf_show_specific_survey":0,"_uf_disable_surveys":false,"footnotes":""},"categories":[53,246],"tags":[],"class_list":["post-6276","post","type-post","status-publish","format-standard","has-post-thumbnail","hentry","category-analyses","category-vie-publique","entry","simple"],"yoast_head":"<!-- This site is optimized with the Yoast SEO plugin v25.6 - https:\/\/yoast.com\/wordpress\/plugins\/seo\/ -->\n<title>Strat\u00e9gie bas-carbone \u00e0 Sceaux - La Gazette<\/title>\n<meta name=\"robots\" content=\"index, follow, max-snippet:-1, max-image-preview:large, max-video-preview:-1\" \/>\n<link rel=\"canonical\" href=\"https:\/\/sceaux-lagazette.fr\/index.php\/2025\/04\/18\/strategie-bas-carbone-a-sceaux\/\" \/>\n<meta property=\"og:locale\" content=\"fr_FR\" \/>\n<meta property=\"og:type\" content=\"article\" \/>\n<meta property=\"og:title\" content=\"Strat\u00e9gie bas-carbone \u00e0 Sceaux - La Gazette\" \/>\n<meta property=\"og:description\" content=\"[Article publi\u00e9 la premi\u00e8re fois le 28 mars 2022.] Le 17 mars dernier, dans la partie \u00ab&nbsp;Agenda&nbsp;\u00bb du Sceaux Mag de mars, on apprenait sous le titre \u00ab&nbsp;Strat\u00e9gie bas-carbone&nbsp;\u00bb que la municipalit\u00e9 invitait tous les citoyens qui le souhaitaient \u00e0 une rencontre le soir du 17 mars. Enjeu&nbsp;: participer \u00e0&#8230;\" \/>\n<meta property=\"og:url\" content=\"https:\/\/sceaux-lagazette.fr\/index.php\/2025\/04\/18\/strategie-bas-carbone-a-sceaux\/\" \/>\n<meta property=\"og:site_name\" content=\"La Gazette\" \/>\n<meta property=\"article:published_time\" content=\"2025-04-18T06:20:12+00:00\" \/>\n<meta property=\"article:modified_time\" content=\"2025-04-18T09:01:41+00:00\" \/>\n<meta property=\"og:image\" content=\"https:\/\/sceaux-lagazette.fr\/wp-content\/uploads\/2022\/03\/Strategie-Bas-carbone.jpg\" \/>\n\t<meta property=\"og:image:width\" content=\"1949\" \/>\n\t<meta property=\"og:image:height\" content=\"1089\" \/>\n\t<meta property=\"og:image:type\" content=\"image\/jpeg\" \/>\n<meta name=\"author\" content=\"G\u00e9rard Bardier\" \/>\n<meta name=\"twitter:card\" content=\"summary_large_image\" \/>\n<meta name=\"twitter:label1\" content=\"\u00c9crit par\" \/>\n\t<meta name=\"twitter:data1\" content=\"G\u00e9rard Bardier\" \/>\n\t<meta name=\"twitter:label2\" content=\"Dur\u00e9e de lecture estim\u00e9e\" \/>\n\t<meta name=\"twitter:data2\" content=\"6 minutes\" \/>\n<script type=\"application\/ld+json\" class=\"yoast-schema-graph\">{\"@context\":\"https:\/\/schema.org\",\"@graph\":[{\"@type\":\"Article\",\"@id\":\"https:\/\/sceaux-lagazette.fr\/index.php\/2025\/04\/18\/strategie-bas-carbone-a-sceaux\/#article\",\"isPartOf\":{\"@id\":\"https:\/\/sceaux-lagazette.fr\/index.php\/2025\/04\/18\/strategie-bas-carbone-a-sceaux\/\"},\"author\":{\"name\":\"G\u00e9rard Bardier\",\"@id\":\"https:\/\/sceaux-lagazette.fr\/#\/schema\/person\/5650e206a121f68c6f5e76379bccfbc4\"},\"headline\":\"Strat\u00e9gie bas-carbone \u00e0 Sceaux\",\"datePublished\":\"2025-04-18T06:20:12+00:00\",\"dateModified\":\"2025-04-18T09:01:41+00:00\",\"mainEntityOfPage\":{\"@id\":\"https:\/\/sceaux-lagazette.fr\/index.php\/2025\/04\/18\/strategie-bas-carbone-a-sceaux\/\"},\"wordCount\":982,\"commentCount\":1,\"publisher\":{\"@id\":\"https:\/\/sceaux-lagazette.fr\/#organization\"},\"image\":{\"@id\":\"https:\/\/sceaux-lagazette.fr\/index.php\/2025\/04\/18\/strategie-bas-carbone-a-sceaux\/#primaryimage\"},\"thumbnailUrl\":\"https:\/\/sceaux-lagazette.fr\/wp-content\/uploads\/2022\/03\/Strategie-Bas-carbone.jpg\",\"articleSection\":[\"Analyses\",\"Vie publique\"],\"inLanguage\":\"fr-FR\",\"potentialAction\":[{\"@type\":\"CommentAction\",\"name\":\"Comment\",\"target\":[\"https:\/\/sceaux-lagazette.fr\/index.php\/2025\/04\/18\/strategie-bas-carbone-a-sceaux\/#respond\"]}]},{\"@type\":\"WebPage\",\"@id\":\"https:\/\/sceaux-lagazette.fr\/index.php\/2025\/04\/18\/strategie-bas-carbone-a-sceaux\/\",\"url\":\"https:\/\/sceaux-lagazette.fr\/index.php\/2025\/04\/18\/strategie-bas-carbone-a-sceaux\/\",\"name\":\"Strat\u00e9gie bas-carbone \u00e0 Sceaux - La Gazette\",\"isPartOf\":{\"@id\":\"https:\/\/sceaux-lagazette.fr\/#website\"},\"primaryImageOfPage\":{\"@id\":\"https:\/\/sceaux-lagazette.fr\/index.php\/2025\/04\/18\/strategie-bas-carbone-a-sceaux\/#primaryimage\"},\"image\":{\"@id\":\"https:\/\/sceaux-lagazette.fr\/index.php\/2025\/04\/18\/strategie-bas-carbone-a-sceaux\/#primaryimage\"},\"thumbnailUrl\":\"https:\/\/sceaux-lagazette.fr\/wp-content\/uploads\/2022\/03\/Strategie-Bas-carbone.jpg\",\"datePublished\":\"2025-04-18T06:20:12+00:00\",\"dateModified\":\"2025-04-18T09:01:41+00:00\",\"breadcrumb\":{\"@id\":\"https:\/\/sceaux-lagazette.fr\/index.php\/2025\/04\/18\/strategie-bas-carbone-a-sceaux\/#breadcrumb\"},\"inLanguage\":\"fr-FR\",\"potentialAction\":[{\"@type\":\"ReadAction\",\"target\":[\"https:\/\/sceaux-lagazette.fr\/index.php\/2025\/04\/18\/strategie-bas-carbone-a-sceaux\/\"]}]},{\"@type\":\"ImageObject\",\"inLanguage\":\"fr-FR\",\"@id\":\"https:\/\/sceaux-lagazette.fr\/index.php\/2025\/04\/18\/strategie-bas-carbone-a-sceaux\/#primaryimage\",\"url\":\"https:\/\/sceaux-lagazette.fr\/wp-content\/uploads\/2022\/03\/Strategie-Bas-carbone.jpg\",\"contentUrl\":\"https:\/\/sceaux-lagazette.fr\/wp-content\/uploads\/2022\/03\/Strategie-Bas-carbone.jpg\",\"width\":1949,\"height\":1089},{\"@type\":\"BreadcrumbList\",\"@id\":\"https:\/\/sceaux-lagazette.fr\/index.php\/2025\/04\/18\/strategie-bas-carbone-a-sceaux\/#breadcrumb\",\"itemListElement\":[{\"@type\":\"ListItem\",\"position\":1,\"name\":\"Accueil\",\"item\":\"https:\/\/sceaux-lagazette.fr\/\"},{\"@type\":\"ListItem\",\"position\":2,\"name\":\"Strat\u00e9gie bas-carbone \u00e0 Sceaux\"}]},{\"@type\":\"WebSite\",\"@id\":\"https:\/\/sceaux-lagazette.fr\/#website\",\"url\":\"https:\/\/sceaux-lagazette.fr\/\",\"name\":\"La Gazette\",\"description\":\"Bourg-la-Reine, Ch\u00e2tenay, Fontenay, Sceaux\",\"publisher\":{\"@id\":\"https:\/\/sceaux-lagazette.fr\/#organization\"},\"potentialAction\":[{\"@type\":\"SearchAction\",\"target\":{\"@type\":\"EntryPoint\",\"urlTemplate\":\"https:\/\/sceaux-lagazette.fr\/?s={search_term_string}\"},\"query-input\":{\"@type\":\"PropertyValueSpecification\",\"valueRequired\":true,\"valueName\":\"search_term_string\"}}],\"inLanguage\":\"fr-FR\"},{\"@type\":\"Organization\",\"@id\":\"https:\/\/sceaux-lagazette.fr\/#organization\",\"name\":\"La Gazette\",\"url\":\"https:\/\/sceaux-lagazette.fr\/\",\"logo\":{\"@type\":\"ImageObject\",\"inLanguage\":\"fr-FR\",\"@id\":\"https:\/\/sceaux-lagazette.fr\/#\/schema\/logo\/image\/\",\"url\":\"https:\/\/sceaux-lagazette.fr\/wp-content\/uploads\/2025\/08\/Logo-Gazette-Aout-2025-V3.jpg\",\"contentUrl\":\"https:\/\/sceaux-lagazette.fr\/wp-content\/uploads\/2025\/08\/Logo-Gazette-Aout-2025-V3.jpg\",\"width\":525,\"height\":130,\"caption\":\"La Gazette\"},\"image\":{\"@id\":\"https:\/\/sceaux-lagazette.fr\/#\/schema\/logo\/image\/\"}},{\"@type\":\"Person\",\"@id\":\"https:\/\/sceaux-lagazette.fr\/#\/schema\/person\/5650e206a121f68c6f5e76379bccfbc4\",\"name\":\"G\u00e9rard Bardier\",\"image\":{\"@type\":\"ImageObject\",\"inLanguage\":\"fr-FR\",\"@id\":\"https:\/\/sceaux-lagazette.fr\/#\/schema\/person\/image\/\",\"url\":\"https:\/\/secure.gravatar.com\/avatar\/5cf4391ef9dbc0367750202561279a29?s=96&r=g\",\"contentUrl\":\"https:\/\/secure.gravatar.com\/avatar\/5cf4391ef9dbc0367750202561279a29?s=96&r=g\",\"caption\":\"G\u00e9rard Bardier\"},\"url\":\"https:\/\/sceaux-lagazette.fr\/index.php\/author\/gb\/\"}]}<\/script>\n<!-- \/ Yoast SEO plugin. -->","yoast_head_json":{"title":"Strat\u00e9gie bas-carbone \u00e0 Sceaux - La Gazette","robots":{"index":"index","follow":"follow","max-snippet":"max-snippet:-1","max-image-preview":"max-image-preview:large","max-video-preview":"max-video-preview:-1"},"canonical":"https:\/\/sceaux-lagazette.fr\/index.php\/2025\/04\/18\/strategie-bas-carbone-a-sceaux\/","og_locale":"fr_FR","og_type":"article","og_title":"Strat\u00e9gie bas-carbone \u00e0 Sceaux - La Gazette","og_description":"[Article publi\u00e9 la premi\u00e8re fois le 28 mars 2022.] Le 17 mars dernier, dans la partie \u00ab&nbsp;Agenda&nbsp;\u00bb du Sceaux Mag de mars, on apprenait sous le titre \u00ab&nbsp;Strat\u00e9gie bas-carbone&nbsp;\u00bb que la municipalit\u00e9 invitait tous les citoyens qui le souhaitaient \u00e0 une rencontre le soir du 17 mars. Enjeu&nbsp;: participer \u00e0&#8230;","og_url":"https:\/\/sceaux-lagazette.fr\/index.php\/2025\/04\/18\/strategie-bas-carbone-a-sceaux\/","og_site_name":"La Gazette","article_published_time":"2025-04-18T06:20:12+00:00","article_modified_time":"2025-04-18T09:01:41+00:00","og_image":[{"width":1949,"height":1089,"url":"https:\/\/sceaux-lagazette.fr\/wp-content\/uploads\/2022\/03\/Strategie-Bas-carbone.jpg","type":"image\/jpeg"}],"author":"G\u00e9rard Bardier","twitter_card":"summary_large_image","twitter_misc":{"\u00c9crit par":"G\u00e9rard Bardier","Dur\u00e9e de lecture estim\u00e9e":"6 minutes"},"schema":{"@context":"https:\/\/schema.org","@graph":[{"@type":"Article","@id":"https:\/\/sceaux-lagazette.fr\/index.php\/2025\/04\/18\/strategie-bas-carbone-a-sceaux\/#article","isPartOf":{"@id":"https:\/\/sceaux-lagazette.fr\/index.php\/2025\/04\/18\/strategie-bas-carbone-a-sceaux\/"},"author":{"name":"G\u00e9rard Bardier","@id":"https:\/\/sceaux-lagazette.fr\/#\/schema\/person\/5650e206a121f68c6f5e76379bccfbc4"},"headline":"Strat\u00e9gie bas-carbone \u00e0 Sceaux","datePublished":"2025-04-18T06:20:12+00:00","dateModified":"2025-04-18T09:01:41+00:00","mainEntityOfPage":{"@id":"https:\/\/sceaux-lagazette.fr\/index.php\/2025\/04\/18\/strategie-bas-carbone-a-sceaux\/"},"wordCount":982,"commentCount":1,"publisher":{"@id":"https:\/\/sceaux-lagazette.fr\/#organization"},"image":{"@id":"https:\/\/sceaux-lagazette.fr\/index.php\/2025\/04\/18\/strategie-bas-carbone-a-sceaux\/#primaryimage"},"thumbnailUrl":"https:\/\/sceaux-lagazette.fr\/wp-content\/uploads\/2022\/03\/Strategie-Bas-carbone.jpg","articleSection":["Analyses","Vie publique"],"inLanguage":"fr-FR","potentialAction":[{"@type":"CommentAction","name":"Comment","target":["https:\/\/sceaux-lagazette.fr\/index.php\/2025\/04\/18\/strategie-bas-carbone-a-sceaux\/#respond"]}]},{"@type":"WebPage","@id":"https:\/\/sceaux-lagazette.fr\/index.php\/2025\/04\/18\/strategie-bas-carbone-a-sceaux\/","url":"https:\/\/sceaux-lagazette.fr\/index.php\/2025\/04\/18\/strategie-bas-carbone-a-sceaux\/","name":"Strat\u00e9gie bas-carbone \u00e0 Sceaux - La Gazette","isPartOf":{"@id":"https:\/\/sceaux-lagazette.fr\/#website"},"primaryImageOfPage":{"@id":"https:\/\/sceaux-lagazette.fr\/index.php\/2025\/04\/18\/strategie-bas-carbone-a-sceaux\/#primaryimage"},"image":{"@id":"https:\/\/sceaux-lagazette.fr\/index.php\/2025\/04\/18\/strategie-bas-carbone-a-sceaux\/#primaryimage"},"thumbnailUrl":"https:\/\/sceaux-lagazette.fr\/wp-content\/uploads\/2022\/03\/Strategie-Bas-carbone.jpg","datePublished":"2025-04-18T06:20:12+00:00","dateModified":"2025-04-18T09:01:41+00:00","breadcrumb":{"@id":"https:\/\/sceaux-lagazette.fr\/index.php\/2025\/04\/18\/strategie-bas-carbone-a-sceaux\/#breadcrumb"},"inLanguage":"fr-FR","potentialAction":[{"@type":"ReadAction","target":["https:\/\/sceaux-lagazette.fr\/index.php\/2025\/04\/18\/strategie-bas-carbone-a-sceaux\/"]}]},{"@type":"ImageObject","inLanguage":"fr-FR","@id":"https:\/\/sceaux-lagazette.fr\/index.php\/2025\/04\/18\/strategie-bas-carbone-a-sceaux\/#primaryimage","url":"https:\/\/sceaux-lagazette.fr\/wp-content\/uploads\/2022\/03\/Strategie-Bas-carbone.jpg","contentUrl":"https:\/\/sceaux-lagazette.fr\/wp-content\/uploads\/2022\/03\/Strategie-Bas-carbone.jpg","width":1949,"height":1089},{"@type":"BreadcrumbList","@id":"https:\/\/sceaux-lagazette.fr\/index.php\/2025\/04\/18\/strategie-bas-carbone-a-sceaux\/#breadcrumb","itemListElement":[{"@type":"ListItem","position":1,"name":"Accueil","item":"https:\/\/sceaux-lagazette.fr\/"},{"@type":"ListItem","position":2,"name":"Strat\u00e9gie bas-carbone \u00e0 Sceaux"}]},{"@type":"WebSite","@id":"https:\/\/sceaux-lagazette.fr\/#website","url":"https:\/\/sceaux-lagazette.fr\/","name":"La Gazette","description":"Bourg-la-Reine, Ch\u00e2tenay, Fontenay, Sceaux","publisher":{"@id":"https:\/\/sceaux-lagazette.fr\/#organization"},"potentialAction":[{"@type":"SearchAction","target":{"@type":"EntryPoint","urlTemplate":"https:\/\/sceaux-lagazette.fr\/?s={search_term_string}"},"query-input":{"@type":"PropertyValueSpecification","valueRequired":true,"valueName":"search_term_string"}}],"inLanguage":"fr-FR"},{"@type":"Organization","@id":"https:\/\/sceaux-lagazette.fr\/#organization","name":"La Gazette","url":"https:\/\/sceaux-lagazette.fr\/","logo":{"@type":"ImageObject","inLanguage":"fr-FR","@id":"https:\/\/sceaux-lagazette.fr\/#\/schema\/logo\/image\/","url":"https:\/\/sceaux-lagazette.fr\/wp-content\/uploads\/2025\/08\/Logo-Gazette-Aout-2025-V3.jpg","contentUrl":"https:\/\/sceaux-lagazette.fr\/wp-content\/uploads\/2025\/08\/Logo-Gazette-Aout-2025-V3.jpg","width":525,"height":130,"caption":"La Gazette"},"image":{"@id":"https:\/\/sceaux-lagazette.fr\/#\/schema\/logo\/image\/"}},{"@type":"Person","@id":"https:\/\/sceaux-lagazette.fr\/#\/schema\/person\/5650e206a121f68c6f5e76379bccfbc4","name":"G\u00e9rard Bardier","image":{"@type":"ImageObject","inLanguage":"fr-FR","@id":"https:\/\/sceaux-lagazette.fr\/#\/schema\/person\/image\/","url":"https:\/\/secure.gravatar.com\/avatar\/5cf4391ef9dbc0367750202561279a29?s=96&r=g","contentUrl":"https:\/\/secure.gravatar.com\/avatar\/5cf4391ef9dbc0367750202561279a29?s=96&r=g","caption":"G\u00e9rard Bardier"},"url":"https:\/\/sceaux-lagazette.fr\/index.php\/author\/gb\/"}]}},"cc_featured_image_caption":{"caption_text":"Source : Wikim\u00e9dia Communs","source_text":"","source_url":""},"_links":{"self":[{"href":"https:\/\/sceaux-lagazette.fr\/index.php\/wp-json\/wp\/v2\/posts\/6276"}],"collection":[{"href":"https:\/\/sceaux-lagazette.fr\/index.php\/wp-json\/wp\/v2\/posts"}],"about":[{"href":"https:\/\/sceaux-lagazette.fr\/index.php\/wp-json\/wp\/v2\/types\/post"}],"author":[{"embeddable":true,"href":"https:\/\/sceaux-lagazette.fr\/index.php\/wp-json\/wp\/v2\/users\/11"}],"replies":[{"embeddable":true,"href":"https:\/\/sceaux-lagazette.fr\/index.php\/wp-json\/wp\/v2\/comments?post=6276"}],"version-history":[{"count":5,"href":"https:\/\/sceaux-lagazette.fr\/index.php\/wp-json\/wp\/v2\/posts\/6276\/revisions"}],"predecessor-version":[{"id":43342,"href":"https:\/\/sceaux-lagazette.fr\/index.php\/wp-json\/wp\/v2\/posts\/6276\/revisions\/43342"}],"wp:featuredmedia":[{"embeddable":true,"href":"https:\/\/sceaux-lagazette.fr\/index.php\/wp-json\/wp\/v2\/media\/6313"}],"wp:attachment":[{"href":"https:\/\/sceaux-lagazette.fr\/index.php\/wp-json\/wp\/v2\/media?parent=6276"}],"wp:term":[{"taxonomy":"category","embeddable":true,"href":"https:\/\/sceaux-lagazette.fr\/index.php\/wp-json\/wp\/v2\/categories?post=6276"},{"taxonomy":"post_tag","embeddable":true,"href":"https:\/\/sceaux-lagazette.fr\/index.php\/wp-json\/wp\/v2\/tags?post=6276"}],"curies":[{"name":"wp","href":"https:\/\/api.w.org\/{rel}","templated":true}]}}