{"id":6167,"date":"2022-03-16T08:19:51","date_gmt":"2022-03-16T07:19:51","guid":{"rendered":"https:\/\/sceaux-lagazette.fr\/?p=6167"},"modified":"2023-01-23T07:11:27","modified_gmt":"2023-01-23T06:11:27","slug":"balade-thermique-a-la-cite-henri-sellier","status":"publish","type":"post","link":"https:\/\/sceaux-lagazette.fr\/index.php\/2022\/03\/16\/balade-thermique-a-la-cite-henri-sellier\/","title":{"rendered":"Balade thermique \u00e0 la Cit\u00e9 Henri Sellier"},"content":{"rendered":"\n<p>Ce lundi 7 mars, l\u2019association Z.E.N.2050 Maintenant organisait une nouvelle balade avec la <a rel=\"noreferrer noopener\" href=\"https:\/\/sceaux-lagazette.fr\/index.php\/2022\/01\/26\/balade-thermique-aux-cheneaux-sablons\/\" target=\"_blank\">m\u00eame m\u00e9thode que pr\u00e9c\u00e9demment<\/a>&nbsp;: visite de deux pavillons avec une cam\u00e9ra thermique, renvoi de l\u2019image de la cam\u00e9ra sur les t\u00e9l\u00e9phones des participants.<\/p>\n\n\n\n<p>La journ\u00e9e avait \u00e9t\u00e9 particuli\u00e8rement ensoleill\u00e9e, mais la temp\u00e9rature approchait les 0\u00b0 en ce d\u00e9but de soir\u00e9e. Le rayonnement infrarouge r\u00e9v\u00e9lait \u00e0 quel point les pierres des murs orient\u00e9es au sud avaient emmagasin\u00e9 de chaleur.<\/p>\n\n\n\n<p>Les discussions pendant et apr\u00e8s la balade ont \u00e9t\u00e9 l\u2019occasion de r\u00e9flexion sur les strat\u00e9gies d\u2019isolation. Si l\u2019on s\u2019en tient \u00e0 l\u2019objectif affich\u00e9 par l\u2019association organisatrice (se mettre en route d\u00e8s maintenant pour arriver \u00e0 la neutralit\u00e9 des \u00e9missions de gaz \u00e0 effet de serre en 2050), il s\u2019agit de diviser par au moins 4 les \u00e9missions li\u00e9es au logement, par l\u2019efficacit\u00e9 \u00e9nerg\u00e9tique (l&rsquo;isolation et la programmation du chauffage selon les heures), la sobri\u00e9t\u00e9 (baisser un peu la temp\u00e9rature vis\u00e9e dans le logement) et la substitution (g\u00e9othermie, pompe \u00e0 chaleur etc.).<\/p>\n\n\n\n<p>Pour obtenir un r\u00e9sultat suffisant par des travaux d\u2019isolation, divers travaux ont montr\u00e9 qu\u2019on ne pouvait se contenter d\u2019une seule action (par exemple changer les fen\u00eatres) et qu\u2019il fallait au contraire plusieurs actions et m\u00eame, dans l\u2019id\u00e9al, agir sur toutes les sources de fuites. Le probl\u00e8me est que cela repr\u00e9sente rapidement des sommes importantes, difficiles \u00e0 r\u00e9unir pour beaucoup de m\u00e9nages (lesquels ont par ailleurs d\u2019autres projets de d\u00e9penses&nbsp;!).<\/p>\n\n\n\n<p>Une solution raisonnable serait alors de r\u00e9aliser les travaux par \u00e9tapes successives (tous les deux ou trois ans par exemple). C&rsquo;est ce qui a \u00e9t\u00e9 fait dans l<a href=\"https:\/\/sceaux-lagazette.fr\/index.php\/2022\/03\/11\/vous-reprendrez-bien-un-peu-de-gaz-russe\/\" target=\"_blank\" rel=\"noreferrer noopener\">&lsquo;exemple rapport\u00e9 ici<\/a>. Mais avec une condition indispensable&nbsp;: concevoir un programme global d\u00e8s le d\u00e9part et r\u00e9aliser les premiers travaux de mani\u00e8re \u00e0 ce que les suivants se d\u00e9roulent correctement et que les questions d\u2019interfaces soient bien anticip\u00e9es.<\/p>\n\n\n\n<p>Une telle solution pr\u00e9sente un risque&nbsp;: que les propri\u00e9taires r\u00e9alisent d\u2019abord les travaux les plus rentables et jamais les autres. Prenons un exemple. Imaginons qu\u2019une analyse montre que l\u2019on peut r\u00e9duire de 80 % la consommation d&rsquo;un pavillon, gros consommateur d\u2019\u00e9nergie, gr\u00e2ce \u00e0 5 actions:<\/p>\n\n\n\n<ul class=\"wp-block-list\"><li>Action A&nbsp;: gain 25%, co\u00fbt 15&nbsp;000 \u20ac<\/li><li>Action B&nbsp;:&nbsp; gain 10 %, co\u00fbt 2&nbsp;000 \u20ac<\/li><li>Action C&nbsp;:&nbsp; gain 15 %, co\u00fbt 25&nbsp;000 \u20ac<\/li><li>Action D&nbsp;: gain 20 %, co\u00fbt 30&nbsp;000 \u20ac<\/li><li>Action E&nbsp;: gain 10 %, co\u00fbt 8&nbsp;000 \u20ac<\/li><\/ul>\n\n\n\n<p>Le budget total est de 80&nbsp;000 \u20ac, ce qui est beaucoup. Le gain attendu, de 4000 \u20ac par an, donne un retour sur investissement en 20 ans (plus faible s\u2019il y a des aides).<\/p>\n\n\n\n<p>Le propri\u00e9taire peut choisir de ne r\u00e9aliser que les actions au meilleur rapport gain\/co\u00fbt, en l\u2019occurrence les actions A, B et E. Pour un co\u00fbt de 25\u00a0000 \u20ac, il diminue les pertes de 45 % et son gain annuel est de 2250 \u20ac, ce qui fait un retour sur investissement en 11 ans, beaucoup plus attrayant.<\/p>\n\n\n\n<p>Les travaux non r\u00e9alis\u00e9s (C et D) repr\u00e9sentent un co\u00fbt de 55&nbsp;000 \u20ac pour ne diminuer les pertes que de 35 %, avec un gain de 1750 \u20ac et un retour sur investissement de 32 ans&nbsp;: il y a un risque important qu\u2019ils ne soient jamais faits.<\/p>\n\n\n\n<p>La tentation est donc grande, pour les promoteurs d\u2019une isolation pouss\u00e9e, d\u2019inciter \u00e0 une solution globale imm\u00e9diate. Avec le risque que les propri\u00e9taires prennent peur et ne fassent rien&nbsp;!<\/p>\n\n\n\n<p>A mon sens, il vaut mieux \u00e9taler les actions (en ayant pens\u00e9 global au d\u00e9but) que les faire toutes \u00e0 moindre co\u00fbt.<\/p>\n\n\n\n<p>Prenons un exemple&nbsp;: la r\u00e9fection du toit. Si on la fait \u00e0 moindre co\u00fbt pour pouvoir payer aussi le changement de fen\u00eatres (avec une seule couche d\u2019isolation ou avec une \u00e9paisseur limit\u00e9e), on ne reviendra jamais dessus, car refaire les travaux deux fois co\u00fbte tr\u00e8s cher. Il est pr\u00e9f\u00e9rable de bien faire cette isolation, quitte \u00e0 reporter le changement de fen\u00eatres.<\/p>\n\n\n\n<p>Reprenons par ailleurs notre exemple chiffr\u00e9. Il est tout \u00e0 fait possible que le prix des \u00e9nergies fossiles augmente sensiblement d\u2019ici dix ans, avec la fin des gisements les plus faciles d\u2019acc\u00e8s et la mise en place progressive d\u2019une taxe carbone importante.&nbsp; Les travaux non rentables aujourd\u2019hui pourront tr\u00e8s bien le devenir demain. A condition qu\u2019on ait anticip\u00e9 leur r\u00e9alisation.<\/p>\n\n\n\n<p>Post-scriptum&nbsp;: <em>Z.E.N.2050 Maintenant<\/em> organise une r\u00e9union de pr\u00e9sentation de ses activit\u00e9s (il n\u2019y a pas que les balades thermiques&nbsp;!) <strong>le 21 mars \u00e0 19H 30, \u00e0 l\u2019ancienne mairie.<\/strong><\/p>\n\n\n\n<figure class=\"wp-block-image size-large\"><img decoding=\"async\" width=\"661\" height=\"496\" src=\"https:\/\/sceaux-lagazette.fr\/wp-content\/uploads\/2022\/03\/Invitation-21-mars.png\" alt=\"\" class=\"wp-image-6168\" srcset=\"https:\/\/sceaux-lagazette.fr\/wp-content\/uploads\/2022\/03\/Invitation-21-mars.png 661w, https:\/\/sceaux-lagazette.fr\/wp-content\/uploads\/2022\/03\/Invitation-21-mars-300x225.png 300w\" sizes=\"(max-width: 661px) 100vw, 661px\" \/><\/figure>\n","protected":false},"excerpt":{"rendered":"<p>Ce lundi 7 mars, l\u2019association Z.E.N.2050 Maintenant organisait une nouvelle balade avec la m\u00eame m\u00e9thode que pr\u00e9c\u00e9demment&nbsp;: visite de deux pavillons avec une cam\u00e9ra thermique, renvoi de l\u2019image de la cam\u00e9ra sur les t\u00e9l\u00e9phones des participants. La journ\u00e9e avait \u00e9t\u00e9 particuli\u00e8rement ensoleill\u00e9e, mais la temp\u00e9rature approchait les 0\u00b0 en ce&#8230;<\/p>\n","protected":false},"author":11,"featured_media":6178,"comment_status":"open","ping_status":"open","sticky":false,"template":"","format":"standard","meta":{"om_disable_all_campaigns":false,"_monsterinsights_skip_tracking":false,"_monsterinsights_sitenote_active":false,"_monsterinsights_sitenote_note":"","_monsterinsights_sitenote_category":0,"_uf_show_specific_survey":0,"_uf_disable_surveys":false,"footnotes":""},"categories":[53,253,266],"tags":[],"class_list":["post-6167","post","type-post","status-publish","format-standard","has-post-thumbnail","hentry","category-analyses","category-manifestations-locales","category-sceaux","entry","simple"],"yoast_head":"<!-- This site is optimized with the Yoast SEO plugin v25.6 - https:\/\/yoast.com\/wordpress\/plugins\/seo\/ -->\n<title>Balade thermique \u00e0 la Cit\u00e9 Henri Sellier - La Gazette<\/title>\n<meta name=\"robots\" content=\"index, follow, max-snippet:-1, max-image-preview:large, max-video-preview:-1\" \/>\n<link rel=\"canonical\" href=\"https:\/\/sceaux-lagazette.fr\/index.php\/2022\/03\/16\/balade-thermique-a-la-cite-henri-sellier\/\" \/>\n<meta property=\"og:locale\" content=\"fr_FR\" \/>\n<meta property=\"og:type\" content=\"article\" \/>\n<meta property=\"og:title\" content=\"Balade thermique \u00e0 la Cit\u00e9 Henri Sellier - La Gazette\" \/>\n<meta property=\"og:description\" content=\"Ce lundi 7 mars, l\u2019association Z.E.N.2050 Maintenant organisait une nouvelle balade avec la m\u00eame m\u00e9thode que pr\u00e9c\u00e9demment&nbsp;: visite de deux pavillons avec une cam\u00e9ra thermique, renvoi de l\u2019image de la cam\u00e9ra sur les t\u00e9l\u00e9phones des participants. La journ\u00e9e avait \u00e9t\u00e9 particuli\u00e8rement ensoleill\u00e9e, mais la temp\u00e9rature approchait les 0\u00b0 en ce&#8230;\" \/>\n<meta property=\"og:url\" content=\"https:\/\/sceaux-lagazette.fr\/index.php\/2022\/03\/16\/balade-thermique-a-la-cite-henri-sellier\/\" \/>\n<meta property=\"og:site_name\" content=\"La Gazette\" \/>\n<meta property=\"article:published_time\" content=\"2022-03-16T07:19:51+00:00\" \/>\n<meta property=\"article:modified_time\" content=\"2023-01-23T06:11:27+00:00\" \/>\n<meta property=\"og:image\" content=\"https:\/\/sceaux-lagazette.fr\/wp-content\/uploads\/2022\/03\/2019-07-02-Mostfa-Turki-1-scaled.jpg\" \/>\n\t<meta property=\"og:image:width\" content=\"2560\" \/>\n\t<meta property=\"og:image:height\" content=\"1709\" \/>\n\t<meta property=\"og:image:type\" content=\"image\/jpeg\" \/>\n<meta name=\"author\" content=\"G\u00e9rard Bardier\" \/>\n<meta name=\"twitter:card\" content=\"summary_large_image\" \/>\n<meta name=\"twitter:label1\" content=\"\u00c9crit par\" \/>\n\t<meta name=\"twitter:data1\" content=\"G\u00e9rard Bardier\" \/>\n\t<meta name=\"twitter:label2\" content=\"Dur\u00e9e de lecture estim\u00e9e\" \/>\n\t<meta name=\"twitter:data2\" content=\"4 minutes\" \/>\n<script type=\"application\/ld+json\" class=\"yoast-schema-graph\">{\"@context\":\"https:\/\/schema.org\",\"@graph\":[{\"@type\":\"Article\",\"@id\":\"https:\/\/sceaux-lagazette.fr\/index.php\/2022\/03\/16\/balade-thermique-a-la-cite-henri-sellier\/#article\",\"isPartOf\":{\"@id\":\"https:\/\/sceaux-lagazette.fr\/index.php\/2022\/03\/16\/balade-thermique-a-la-cite-henri-sellier\/\"},\"author\":{\"name\":\"G\u00e9rard Bardier\",\"@id\":\"https:\/\/sceaux-lagazette.fr\/#\/schema\/person\/5650e206a121f68c6f5e76379bccfbc4\"},\"headline\":\"Balade thermique \u00e0 la Cit\u00e9 Henri Sellier\",\"datePublished\":\"2022-03-16T07:19:51+00:00\",\"dateModified\":\"2023-01-23T06:11:27+00:00\",\"mainEntityOfPage\":{\"@id\":\"https:\/\/sceaux-lagazette.fr\/index.php\/2022\/03\/16\/balade-thermique-a-la-cite-henri-sellier\/\"},\"wordCount\":809,\"commentCount\":5,\"publisher\":{\"@id\":\"https:\/\/sceaux-lagazette.fr\/#organization\"},\"image\":{\"@id\":\"https:\/\/sceaux-lagazette.fr\/index.php\/2022\/03\/16\/balade-thermique-a-la-cite-henri-sellier\/#primaryimage\"},\"thumbnailUrl\":\"https:\/\/sceaux-lagazette.fr\/wp-content\/uploads\/2022\/03\/2019-07-02-Mostfa-Turki-1-scaled.jpg\",\"articleSection\":[\"Analyses\",\"Manifestations locales\",\"Sceaux\"],\"inLanguage\":\"fr-FR\",\"potentialAction\":[{\"@type\":\"CommentAction\",\"name\":\"Comment\",\"target\":[\"https:\/\/sceaux-lagazette.fr\/index.php\/2022\/03\/16\/balade-thermique-a-la-cite-henri-sellier\/#respond\"]}]},{\"@type\":\"WebPage\",\"@id\":\"https:\/\/sceaux-lagazette.fr\/index.php\/2022\/03\/16\/balade-thermique-a-la-cite-henri-sellier\/\",\"url\":\"https:\/\/sceaux-lagazette.fr\/index.php\/2022\/03\/16\/balade-thermique-a-la-cite-henri-sellier\/\",\"name\":\"Balade thermique \u00e0 la Cit\u00e9 Henri Sellier - La Gazette\",\"isPartOf\":{\"@id\":\"https:\/\/sceaux-lagazette.fr\/#website\"},\"primaryImageOfPage\":{\"@id\":\"https:\/\/sceaux-lagazette.fr\/index.php\/2022\/03\/16\/balade-thermique-a-la-cite-henri-sellier\/#primaryimage\"},\"image\":{\"@id\":\"https:\/\/sceaux-lagazette.fr\/index.php\/2022\/03\/16\/balade-thermique-a-la-cite-henri-sellier\/#primaryimage\"},\"thumbnailUrl\":\"https:\/\/sceaux-lagazette.fr\/wp-content\/uploads\/2022\/03\/2019-07-02-Mostfa-Turki-1-scaled.jpg\",\"datePublished\":\"2022-03-16T07:19:51+00:00\",\"dateModified\":\"2023-01-23T06:11:27+00:00\",\"breadcrumb\":{\"@id\":\"https:\/\/sceaux-lagazette.fr\/index.php\/2022\/03\/16\/balade-thermique-a-la-cite-henri-sellier\/#breadcrumb\"},\"inLanguage\":\"fr-FR\",\"potentialAction\":[{\"@type\":\"ReadAction\",\"target\":[\"https:\/\/sceaux-lagazette.fr\/index.php\/2022\/03\/16\/balade-thermique-a-la-cite-henri-sellier\/\"]}]},{\"@type\":\"ImageObject\",\"inLanguage\":\"fr-FR\",\"@id\":\"https:\/\/sceaux-lagazette.fr\/index.php\/2022\/03\/16\/balade-thermique-a-la-cite-henri-sellier\/#primaryimage\",\"url\":\"https:\/\/sceaux-lagazette.fr\/wp-content\/uploads\/2022\/03\/2019-07-02-Mostfa-Turki-1-scaled.jpg\",\"contentUrl\":\"https:\/\/sceaux-lagazette.fr\/wp-content\/uploads\/2022\/03\/2019-07-02-Mostfa-Turki-1-scaled.jpg\",\"width\":2560,\"height\":1709},{\"@type\":\"BreadcrumbList\",\"@id\":\"https:\/\/sceaux-lagazette.fr\/index.php\/2022\/03\/16\/balade-thermique-a-la-cite-henri-sellier\/#breadcrumb\",\"itemListElement\":[{\"@type\":\"ListItem\",\"position\":1,\"name\":\"Accueil\",\"item\":\"https:\/\/sceaux-lagazette.fr\/\"},{\"@type\":\"ListItem\",\"position\":2,\"name\":\"Balade thermique \u00e0 la Cit\u00e9 Henri Sellier\"}]},{\"@type\":\"WebSite\",\"@id\":\"https:\/\/sceaux-lagazette.fr\/#website\",\"url\":\"https:\/\/sceaux-lagazette.fr\/\",\"name\":\"La Gazette\",\"description\":\"Bourg-la-Reine, Ch\u00e2tenay, Fontenay, Sceaux\",\"publisher\":{\"@id\":\"https:\/\/sceaux-lagazette.fr\/#organization\"},\"potentialAction\":[{\"@type\":\"SearchAction\",\"target\":{\"@type\":\"EntryPoint\",\"urlTemplate\":\"https:\/\/sceaux-lagazette.fr\/?s={search_term_string}\"},\"query-input\":{\"@type\":\"PropertyValueSpecification\",\"valueRequired\":true,\"valueName\":\"search_term_string\"}}],\"inLanguage\":\"fr-FR\"},{\"@type\":\"Organization\",\"@id\":\"https:\/\/sceaux-lagazette.fr\/#organization\",\"name\":\"La Gazette\",\"url\":\"https:\/\/sceaux-lagazette.fr\/\",\"logo\":{\"@type\":\"ImageObject\",\"inLanguage\":\"fr-FR\",\"@id\":\"https:\/\/sceaux-lagazette.fr\/#\/schema\/logo\/image\/\",\"url\":\"https:\/\/sceaux-lagazette.fr\/wp-content\/uploads\/2025\/08\/Logo-Gazette-Aout-2025-V3.jpg\",\"contentUrl\":\"https:\/\/sceaux-lagazette.fr\/wp-content\/uploads\/2025\/08\/Logo-Gazette-Aout-2025-V3.jpg\",\"width\":525,\"height\":130,\"caption\":\"La Gazette\"},\"image\":{\"@id\":\"https:\/\/sceaux-lagazette.fr\/#\/schema\/logo\/image\/\"}},{\"@type\":\"Person\",\"@id\":\"https:\/\/sceaux-lagazette.fr\/#\/schema\/person\/5650e206a121f68c6f5e76379bccfbc4\",\"name\":\"G\u00e9rard Bardier\",\"image\":{\"@type\":\"ImageObject\",\"inLanguage\":\"fr-FR\",\"@id\":\"https:\/\/sceaux-lagazette.fr\/#\/schema\/person\/image\/\",\"url\":\"https:\/\/secure.gravatar.com\/avatar\/5cf4391ef9dbc0367750202561279a29?s=96&r=g\",\"contentUrl\":\"https:\/\/secure.gravatar.com\/avatar\/5cf4391ef9dbc0367750202561279a29?s=96&r=g\",\"caption\":\"G\u00e9rard Bardier\"},\"url\":\"https:\/\/sceaux-lagazette.fr\/index.php\/author\/gb\/\"}]}<\/script>\n<!-- \/ Yoast SEO plugin. -->","yoast_head_json":{"title":"Balade thermique \u00e0 la Cit\u00e9 Henri Sellier - La Gazette","robots":{"index":"index","follow":"follow","max-snippet":"max-snippet:-1","max-image-preview":"max-image-preview:large","max-video-preview":"max-video-preview:-1"},"canonical":"https:\/\/sceaux-lagazette.fr\/index.php\/2022\/03\/16\/balade-thermique-a-la-cite-henri-sellier\/","og_locale":"fr_FR","og_type":"article","og_title":"Balade thermique \u00e0 la Cit\u00e9 Henri Sellier - La Gazette","og_description":"Ce lundi 7 mars, l\u2019association Z.E.N.2050 Maintenant organisait une nouvelle balade avec la m\u00eame m\u00e9thode que pr\u00e9c\u00e9demment&nbsp;: visite de deux pavillons avec une cam\u00e9ra thermique, renvoi de l\u2019image de la cam\u00e9ra sur les t\u00e9l\u00e9phones des participants. La journ\u00e9e avait \u00e9t\u00e9 particuli\u00e8rement ensoleill\u00e9e, mais la temp\u00e9rature approchait les 0\u00b0 en ce&#8230;","og_url":"https:\/\/sceaux-lagazette.fr\/index.php\/2022\/03\/16\/balade-thermique-a-la-cite-henri-sellier\/","og_site_name":"La Gazette","article_published_time":"2022-03-16T07:19:51+00:00","article_modified_time":"2023-01-23T06:11:27+00:00","og_image":[{"width":2560,"height":1709,"url":"https:\/\/sceaux-lagazette.fr\/wp-content\/uploads\/2022\/03\/2019-07-02-Mostfa-Turki-1-scaled.jpg","type":"image\/jpeg"}],"author":"G\u00e9rard Bardier","twitter_card":"summary_large_image","twitter_misc":{"\u00c9crit par":"G\u00e9rard Bardier","Dur\u00e9e de lecture estim\u00e9e":"4 minutes"},"schema":{"@context":"https:\/\/schema.org","@graph":[{"@type":"Article","@id":"https:\/\/sceaux-lagazette.fr\/index.php\/2022\/03\/16\/balade-thermique-a-la-cite-henri-sellier\/#article","isPartOf":{"@id":"https:\/\/sceaux-lagazette.fr\/index.php\/2022\/03\/16\/balade-thermique-a-la-cite-henri-sellier\/"},"author":{"name":"G\u00e9rard Bardier","@id":"https:\/\/sceaux-lagazette.fr\/#\/schema\/person\/5650e206a121f68c6f5e76379bccfbc4"},"headline":"Balade thermique \u00e0 la Cit\u00e9 Henri Sellier","datePublished":"2022-03-16T07:19:51+00:00","dateModified":"2023-01-23T06:11:27+00:00","mainEntityOfPage":{"@id":"https:\/\/sceaux-lagazette.fr\/index.php\/2022\/03\/16\/balade-thermique-a-la-cite-henri-sellier\/"},"wordCount":809,"commentCount":5,"publisher":{"@id":"https:\/\/sceaux-lagazette.fr\/#organization"},"image":{"@id":"https:\/\/sceaux-lagazette.fr\/index.php\/2022\/03\/16\/balade-thermique-a-la-cite-henri-sellier\/#primaryimage"},"thumbnailUrl":"https:\/\/sceaux-lagazette.fr\/wp-content\/uploads\/2022\/03\/2019-07-02-Mostfa-Turki-1-scaled.jpg","articleSection":["Analyses","Manifestations locales","Sceaux"],"inLanguage":"fr-FR","potentialAction":[{"@type":"CommentAction","name":"Comment","target":["https:\/\/sceaux-lagazette.fr\/index.php\/2022\/03\/16\/balade-thermique-a-la-cite-henri-sellier\/#respond"]}]},{"@type":"WebPage","@id":"https:\/\/sceaux-lagazette.fr\/index.php\/2022\/03\/16\/balade-thermique-a-la-cite-henri-sellier\/","url":"https:\/\/sceaux-lagazette.fr\/index.php\/2022\/03\/16\/balade-thermique-a-la-cite-henri-sellier\/","name":"Balade thermique \u00e0 la Cit\u00e9 Henri Sellier - La Gazette","isPartOf":{"@id":"https:\/\/sceaux-lagazette.fr\/#website"},"primaryImageOfPage":{"@id":"https:\/\/sceaux-lagazette.fr\/index.php\/2022\/03\/16\/balade-thermique-a-la-cite-henri-sellier\/#primaryimage"},"image":{"@id":"https:\/\/sceaux-lagazette.fr\/index.php\/2022\/03\/16\/balade-thermique-a-la-cite-henri-sellier\/#primaryimage"},"thumbnailUrl":"https:\/\/sceaux-lagazette.fr\/wp-content\/uploads\/2022\/03\/2019-07-02-Mostfa-Turki-1-scaled.jpg","datePublished":"2022-03-16T07:19:51+00:00","dateModified":"2023-01-23T06:11:27+00:00","breadcrumb":{"@id":"https:\/\/sceaux-lagazette.fr\/index.php\/2022\/03\/16\/balade-thermique-a-la-cite-henri-sellier\/#breadcrumb"},"inLanguage":"fr-FR","potentialAction":[{"@type":"ReadAction","target":["https:\/\/sceaux-lagazette.fr\/index.php\/2022\/03\/16\/balade-thermique-a-la-cite-henri-sellier\/"]}]},{"@type":"ImageObject","inLanguage":"fr-FR","@id":"https:\/\/sceaux-lagazette.fr\/index.php\/2022\/03\/16\/balade-thermique-a-la-cite-henri-sellier\/#primaryimage","url":"https:\/\/sceaux-lagazette.fr\/wp-content\/uploads\/2022\/03\/2019-07-02-Mostfa-Turki-1-scaled.jpg","contentUrl":"https:\/\/sceaux-lagazette.fr\/wp-content\/uploads\/2022\/03\/2019-07-02-Mostfa-Turki-1-scaled.jpg","width":2560,"height":1709},{"@type":"BreadcrumbList","@id":"https:\/\/sceaux-lagazette.fr\/index.php\/2022\/03\/16\/balade-thermique-a-la-cite-henri-sellier\/#breadcrumb","itemListElement":[{"@type":"ListItem","position":1,"name":"Accueil","item":"https:\/\/sceaux-lagazette.fr\/"},{"@type":"ListItem","position":2,"name":"Balade thermique \u00e0 la Cit\u00e9 Henri Sellier"}]},{"@type":"WebSite","@id":"https:\/\/sceaux-lagazette.fr\/#website","url":"https:\/\/sceaux-lagazette.fr\/","name":"La Gazette","description":"Bourg-la-Reine, Ch\u00e2tenay, Fontenay, Sceaux","publisher":{"@id":"https:\/\/sceaux-lagazette.fr\/#organization"},"potentialAction":[{"@type":"SearchAction","target":{"@type":"EntryPoint","urlTemplate":"https:\/\/sceaux-lagazette.fr\/?s={search_term_string}"},"query-input":{"@type":"PropertyValueSpecification","valueRequired":true,"valueName":"search_term_string"}}],"inLanguage":"fr-FR"},{"@type":"Organization","@id":"https:\/\/sceaux-lagazette.fr\/#organization","name":"La Gazette","url":"https:\/\/sceaux-lagazette.fr\/","logo":{"@type":"ImageObject","inLanguage":"fr-FR","@id":"https:\/\/sceaux-lagazette.fr\/#\/schema\/logo\/image\/","url":"https:\/\/sceaux-lagazette.fr\/wp-content\/uploads\/2025\/08\/Logo-Gazette-Aout-2025-V3.jpg","contentUrl":"https:\/\/sceaux-lagazette.fr\/wp-content\/uploads\/2025\/08\/Logo-Gazette-Aout-2025-V3.jpg","width":525,"height":130,"caption":"La Gazette"},"image":{"@id":"https:\/\/sceaux-lagazette.fr\/#\/schema\/logo\/image\/"}},{"@type":"Person","@id":"https:\/\/sceaux-lagazette.fr\/#\/schema\/person\/5650e206a121f68c6f5e76379bccfbc4","name":"G\u00e9rard Bardier","image":{"@type":"ImageObject","inLanguage":"fr-FR","@id":"https:\/\/sceaux-lagazette.fr\/#\/schema\/person\/image\/","url":"https:\/\/secure.gravatar.com\/avatar\/5cf4391ef9dbc0367750202561279a29?s=96&r=g","contentUrl":"https:\/\/secure.gravatar.com\/avatar\/5cf4391ef9dbc0367750202561279a29?s=96&r=g","caption":"G\u00e9rard Bardier"},"url":"https:\/\/sceaux-lagazette.fr\/index.php\/author\/gb\/"}]}},"cc_featured_image_caption":{"caption_text":"Photo Mostfa Turki","source_text":"","source_url":""},"_links":{"self":[{"href":"https:\/\/sceaux-lagazette.fr\/index.php\/wp-json\/wp\/v2\/posts\/6167"}],"collection":[{"href":"https:\/\/sceaux-lagazette.fr\/index.php\/wp-json\/wp\/v2\/posts"}],"about":[{"href":"https:\/\/sceaux-lagazette.fr\/index.php\/wp-json\/wp\/v2\/types\/post"}],"author":[{"embeddable":true,"href":"https:\/\/sceaux-lagazette.fr\/index.php\/wp-json\/wp\/v2\/users\/11"}],"replies":[{"embeddable":true,"href":"https:\/\/sceaux-lagazette.fr\/index.php\/wp-json\/wp\/v2\/comments?post=6167"}],"version-history":[{"count":5,"href":"https:\/\/sceaux-lagazette.fr\/index.php\/wp-json\/wp\/v2\/posts\/6167\/revisions"}],"predecessor-version":[{"id":8703,"href":"https:\/\/sceaux-lagazette.fr\/index.php\/wp-json\/wp\/v2\/posts\/6167\/revisions\/8703"}],"wp:featuredmedia":[{"embeddable":true,"href":"https:\/\/sceaux-lagazette.fr\/index.php\/wp-json\/wp\/v2\/media\/6178"}],"wp:attachment":[{"href":"https:\/\/sceaux-lagazette.fr\/index.php\/wp-json\/wp\/v2\/media?parent=6167"}],"wp:term":[{"taxonomy":"category","embeddable":true,"href":"https:\/\/sceaux-lagazette.fr\/index.php\/wp-json\/wp\/v2\/categories?post=6167"},{"taxonomy":"post_tag","embeddable":true,"href":"https:\/\/sceaux-lagazette.fr\/index.php\/wp-json\/wp\/v2\/tags?post=6167"}],"curies":[{"name":"wp","href":"https:\/\/api.w.org\/{rel}","templated":true}]}}