{"id":6157,"date":"2022-03-14T08:42:05","date_gmt":"2022-03-14T07:42:05","guid":{"rendered":"https:\/\/sceaux-lagazette.fr\/?p=6157"},"modified":"2022-03-14T08:44:39","modified_gmt":"2022-03-14T07:44:39","slug":"indignites","status":"publish","type":"post","link":"https:\/\/sceaux-lagazette.fr\/index.php\/2022\/03\/14\/indignites\/","title":{"rendered":"Indignit\u00e9s"},"content":{"rendered":"\n<p>Le candidat Macron propose de porter \u00e0 65 ans l\u2019\u00e2ge l\u00e9gal de d\u00e9part en retraite, en repoussant celui-ci de 4 mois par an, donc en 9 ans. Et aussit\u00f4t des voix s\u2019\u00e9l\u00e8vent contre cette proposition. On peut contester la proposition, proposer d\u2019autres modalit\u00e9s. Mais certains arguments me scandalisent.<\/p>\n\n\n\n<p>Certains feignent de croire qu\u2019il n\u2019y a aucune raison d\u2019agir, comme si la baisse du ratio actifs\/ retrait\u00e9s \u00e0 l\u00e9gislation inchang\u00e9e n\u2019\u00e9tait pas <a rel=\"noreferrer noopener\" href=\"https:\/\/www.insee.fr\/fr\/statistiques\/3303333?sommaire=3353488\" target=\"_blank\">inscrite depuis longtemps<\/a> dans la pyramide des \u00e2ges. <a rel=\"noreferrer noopener\" href=\"https:\/\/www.vie-publique.fr\/rapport\/25037-lavenir-de-nos-retraites-rapport-au-premier-ministre\" target=\"_blank\">Le rapport Charpin<\/a> n\u2019a en effet \u00e9t\u00e9 publi\u00e9 qu\u2019il y a 24 ans, en 1998 et ils n\u2019ont probablement pas encore trouv\u00e9 le temps de lire, par exemple, cette phrase page 27&nbsp;: <em>\u00ab&nbsp;D\u2019ici \u00e0 2040, le nombre de personnes de plus de 60 ans va augmenter de pr\u00e8s de dix millions tandis que le nombre d\u2019actifs baisserait, selon ces projections, d\u2019environ un million&nbsp;\u00bb<\/em><\/p>\n\n\n\n<p>Depuis1998, des r\u00e9formes ont \u00e9t\u00e9 faites, le prix du point Agirc Arrco a \u00e9t\u00e9 bloqu\u00e9 de 2013 \u00e0 2017, permettant un fragile \u00e9quilibre. Mais nous avons toujours devant nous une baisse du ratio actifs\/retrait\u00e9s \u00e0 l\u00e9gislation constante.<\/p>\n\n\n\n<p>D\u2019autres (ou les m\u00eames) affirment que le report de l\u2019\u00e2ge de la retraite va mettre au ch\u00f4mage des millions de seniors (et des millions de jeunes aussi, ne soyons pas mesquins), prouvant ainsi leur m\u00e9diocre connaissance d&rsquo;un <a rel=\"noreferrer noopener\" href=\"https:\/\/verel.typepad.fr\/verel\/2006\/12\/la_dmographie_n.html\" target=\"_blank\">m\u00e9canisme \u00e9conomique<\/a> de base : l&#8217;emploi augmente avec le nombre d&rsquo;actifs. Apparemment, que ce ne soit pas ce qui s\u2019est pass\u00e9 <a rel=\"noreferrer noopener\" href=\"https:\/\/www.insee.fr\/fr\/statistiques\/2489498#figure1_radio4\" target=\"_blank\">depuis les diff\u00e9rentes r\u00e9formes de retraite <\/a>ne semble pas les d\u00e9ranger.<\/p>\n\n\n\n<p>Je crois que la palme de l\u2019indignit\u00e9 est pour cet \u00e9conomiste qui essaie de nous faire pleurer sur le fait que la dur\u00e9e de vie en retraite risque de passer en dessous de 25 ans avec une telle r\u00e9forme. J\u2019imagine que le m\u00eame sera pr\u00eat \u00e0 faire gr\u00e8ve le jour o\u00f9 on n\u2019aura plus le droit de reprendre plus de 8 fois des frites \u00e0 la cantine.<\/p>\n\n\n\n<p>Pas un mot sur le fait que les dizaines de milliards que <a href=\"https:\/\/www.vie-publique.fr\/fiches\/37945-quel-est-le-budget-consacre-aux-retraites\" target=\"_blank\" rel=\"noreferrer noopener\">nous d\u00e9pensons <\/a>de plus que nos voisins pour les retraites ne sont pas disponibles pour l\u2019\u00e9ducation, la sant\u00e9 ou la justice.<\/p>\n\n\n\n<p>D\u2019autres utilisent un argument de justice sociale en \u00e9voquant \u00ab&nbsp;<a rel=\"noreferrer noopener\" href=\"https:\/\/sceaux-lagazette.fr\/index.php\/2022\/01\/06\/pauvrete-et-retraites\/\" target=\"_blank\">les plus pauvres, dont \u00bc sont d\u00e9j\u00e0 morts \u00e0 62 ans&nbsp;<\/a>\u00bb. Techniquement, c\u2019est un argument pourri&nbsp;: les plus pauvres en question ont un niveau de vie mensuel moyen de 500 \u20ac, aides sociales comprises&nbsp;: la plupart sont dans cette situation faute de pouvoir travailler, la question de la retraite ne se pose pas vraiment.<\/p>\n\n\n\n<p>Mais surtout, cela consiste \u00e0 utiliser la situation des 5 % les plus pauvres pour refuser tout changement pour les 95 % restants. C\u2019est simplement indigne.<\/p>\n\n\n\n<p>Oui,<a href=\"http:\/\/sceaux-lagazette.fr\/index.php\/2022\/01\/06\/pauvrete-et-retraites\/\" target=\"_blank\" rel=\"noreferrer noopener\"> l\u2019esp\u00e9rance de vie augmente avec le revenu<\/a>. Et donc, si tout le monde part en retraite au m\u00eame \u00e2ge, ce sont les plus riches qui ont l\u2019esp\u00e9rance de vie en retraite la plus longue.<\/p>\n\n\n\n<p>Il faut rappeler ici que pour pouvoir partir en retraite \u00ab&nbsp;\u00e0 taux plein&nbsp;\u00bb, il faut respecter deux crit\u00e8res&nbsp;: celui de l\u2019\u00e2ge (62 ans dans le r\u00e9gime g\u00e9n\u00e9ral, avec des exceptions pour ceux qui ont commenc\u00e9 \u00e0 travailler avant l\u2019\u00e2ge de 20 ans) et celui du nombre de trimestres valid\u00e9s. Jusque 1993, le crit\u00e8re de trimestre \u00e9tait g\u00e9n\u00e9ralement respect\u00e9 avant celui de l\u2019\u00e2ge. Les diff\u00e9rentes r\u00e9formes men\u00e9es depuis, en augmentant le nombre de trimestres exig\u00e9s, ont chang\u00e9 les choses&nbsp;: c\u2019est souvent le crit\u00e8re d\u2019\u00e2ge qui est atteint en premier. Si on reporte de 3 ans l\u2019\u00e2ge de d\u00e9part sans toucher au nombre de trimestres, cela risque de changer de nouveau. <\/p>\n\n\n\n<p>Le fait que le crit\u00e8re de trimestres soit le plus important en pratique va plut\u00f4t dans le sens de la justice sociale&nbsp;: les plus bas revenus ont souvent commenc\u00e9 plus t\u00f4t leur carri\u00e8re. Une augmentation du seul \u00e2ge l\u00e9gal affecterait au contraire tous ceux qui ont commenc\u00e9 \u00e0 travailler t\u00f4t, pas ceux qui ont fait des \u00e9tudes longues et doivent d\u00e9j\u00e0 attendre 65 ans pour partir en retraite.<\/p>\n\n\n\n<p>Cela ne r\u00e9glera pas le probl\u00e8me des 5 % les plus pauvres, qui n\u2019ont pas forc\u00e9ment cotis\u00e9 beaucoup, et sont souvent sans emploi&nbsp;: leur cas proc\u00e8de d\u2019autres d\u00e9marches.<\/p>\n\n\n\n<p>\u00c9tonnamment, je n\u2019entends gu\u00e8re les (ir)responsables politiques de gauche \u00e9voquer cette solution et exiger qu&rsquo;on augmente la dur\u00e9e de cotisation plut\u00f4t que l&rsquo;\u00e2ge l\u00e9gal minimal de d\u00e9part. S\u2019ils croyaient vraiment \u00e0 la justice sociale dont ils parlent \u00e0 longueur de meeting, ne serait-ce pas pourtant leur priorit\u00e9\u00a0? Il est vrai qu\u2019ils se mettent la t\u00eate dans le sable sur ce sujet depuis des d\u00e9cennies, pr\u00e9f\u00e9rant apparemment que la droite le traite. \u00c0 sa fa\u00e7on.<\/p>\n\n\n\n<p>En 2003, la CFDT a obtenu que la r\u00e9forme Fillon qui alignait (quel scandale&nbsp;!) le nombre d\u2019ann\u00e9es de cotisation du public sur le priv\u00e9 int\u00e8gre une reconnaissance des carri\u00e8res longues&nbsp;! &nbsp;Nos bonnes \u00e2mes de gauche ont alors cri\u00e9 \u00ab&nbsp;haro&nbsp;\u00bb sur la CFDT, montrant bien qu\u2019elles n\u2019en avaient en fait rien \u00e0 faire de ceux et celles qui avaient commenc\u00e9 t\u00f4t \u00e0 travailler.<\/p>\n\n\n\n<p>\u00c0 force d&rsquo;\u00e9voquer hypocritement les conditions de vie des plus pauvres pour en r\u00e9alit\u00e9 d\u00e9fendre l\u2019int\u00e9r\u00eat des professions interm\u00e9diaires et sup\u00e9rieures, la gauche a perdu le vote ouvrier&nbsp;: c\u2019est Marine Le Pen qui <a rel=\"noreferrer noopener\" href=\"https:\/\/www.lesechos.fr\/elections\/presidentielle\/age-sexe-classe-sociale-qui-vote-quoi-a-deux-mois-de-la-presidentielle-1385304\" target=\"_blank\">est en t\u00eate <\/a>dans cette cat\u00e9gorie de la population.<\/p>\n\n\n\n<p>Avec des d\u00e9cennies de tels comportements indignes, faut-il s\u2019\u00e9tonner que <a href=\"https:\/\/fr.wikipedia.org\/wiki\/Liste_de_sondages_sur_l%27%C3%A9lection_pr%C3%A9sidentielle_fran%C3%A7aise_de_2022\" target=\"_blank\" rel=\"noreferrer noopener\">les sondages<\/a> donnent actuellement moins de 25 % des voix \u00e0 l\u2019ensemble des 6 candidats de gauche&nbsp;?<\/p>\n","protected":false},"excerpt":{"rendered":"<p>Le candidat Macron propose de porter \u00e0 65 ans l\u2019\u00e2ge l\u00e9gal de d\u00e9part en retraite, en repoussant celui-ci de 4 mois par an, donc en 9 ans. Et aussit\u00f4t des voix s\u2019\u00e9l\u00e8vent contre cette proposition. On peut contester la proposition, proposer d\u2019autres modalit\u00e9s. Mais certains arguments me scandalisent. Certains feignent&#8230;<\/p>\n","protected":false},"author":11,"featured_media":6159,"comment_status":"open","ping_status":"open","sticky":false,"template":"","format":"standard","meta":{"om_disable_all_campaigns":false,"_monsterinsights_skip_tracking":false,"_monsterinsights_sitenote_active":false,"_monsterinsights_sitenote_note":"","_monsterinsights_sitenote_category":0,"_uf_show_specific_survey":0,"_uf_disable_surveys":false,"footnotes":""},"categories":[220],"tags":[],"class_list":["post-6157","post","type-post","status-publish","format-standard","has-post-thumbnail","hentry","category-humeurs","entry","simple"],"yoast_head":"<!-- This site is optimized with the Yoast SEO plugin v25.6 - https:\/\/yoast.com\/wordpress\/plugins\/seo\/ -->\n<title>Indignit\u00e9s - La Gazette<\/title>\n<meta name=\"robots\" content=\"index, follow, max-snippet:-1, max-image-preview:large, max-video-preview:-1\" \/>\n<link rel=\"canonical\" href=\"https:\/\/sceaux-lagazette.fr\/index.php\/2022\/03\/14\/indignites\/\" \/>\n<meta property=\"og:locale\" content=\"fr_FR\" \/>\n<meta property=\"og:type\" content=\"article\" \/>\n<meta property=\"og:title\" content=\"Indignit\u00e9s - La Gazette\" \/>\n<meta property=\"og:description\" content=\"Le candidat Macron propose de porter \u00e0 65 ans l\u2019\u00e2ge l\u00e9gal de d\u00e9part en retraite, en repoussant celui-ci de 4 mois par an, donc en 9 ans. Et aussit\u00f4t des voix s\u2019\u00e9l\u00e8vent contre cette proposition. On peut contester la proposition, proposer d\u2019autres modalit\u00e9s. Mais certains arguments me scandalisent. Certains feignent&#8230;\" \/>\n<meta property=\"og:url\" content=\"https:\/\/sceaux-lagazette.fr\/index.php\/2022\/03\/14\/indignites\/\" \/>\n<meta property=\"og:site_name\" content=\"La Gazette\" \/>\n<meta property=\"article:published_time\" content=\"2022-03-14T07:42:05+00:00\" \/>\n<meta property=\"article:modified_time\" content=\"2022-03-14T07:44:39+00:00\" \/>\n<meta property=\"og:image\" content=\"https:\/\/sceaux-lagazette.fr\/wp-content\/uploads\/2022\/03\/Couple-senior-640px-Senior-3336451_1920.jpg\" \/>\n\t<meta property=\"og:image:width\" content=\"640\" \/>\n\t<meta property=\"og:image:height\" content=\"480\" \/>\n\t<meta property=\"og:image:type\" content=\"image\/jpeg\" \/>\n<meta name=\"author\" content=\"G\u00e9rard Bardier\" \/>\n<meta name=\"twitter:card\" content=\"summary_large_image\" \/>\n<meta name=\"twitter:label1\" content=\"\u00c9crit par\" \/>\n\t<meta name=\"twitter:data1\" content=\"G\u00e9rard Bardier\" \/>\n\t<meta name=\"twitter:label2\" content=\"Dur\u00e9e de lecture estim\u00e9e\" \/>\n\t<meta name=\"twitter:data2\" content=\"5 minutes\" \/>\n<script type=\"application\/ld+json\" class=\"yoast-schema-graph\">{\"@context\":\"https:\/\/schema.org\",\"@graph\":[{\"@type\":\"Article\",\"@id\":\"https:\/\/sceaux-lagazette.fr\/index.php\/2022\/03\/14\/indignites\/#article\",\"isPartOf\":{\"@id\":\"https:\/\/sceaux-lagazette.fr\/index.php\/2022\/03\/14\/indignites\/\"},\"author\":{\"name\":\"G\u00e9rard Bardier\",\"@id\":\"https:\/\/sceaux-lagazette.fr\/#\/schema\/person\/5650e206a121f68c6f5e76379bccfbc4\"},\"headline\":\"Indignit\u00e9s\",\"datePublished\":\"2022-03-14T07:42:05+00:00\",\"dateModified\":\"2022-03-14T07:44:39+00:00\",\"mainEntityOfPage\":{\"@id\":\"https:\/\/sceaux-lagazette.fr\/index.php\/2022\/03\/14\/indignites\/\"},\"wordCount\":983,\"commentCount\":3,\"publisher\":{\"@id\":\"https:\/\/sceaux-lagazette.fr\/#organization\"},\"image\":{\"@id\":\"https:\/\/sceaux-lagazette.fr\/index.php\/2022\/03\/14\/indignites\/#primaryimage\"},\"thumbnailUrl\":\"https:\/\/sceaux-lagazette.fr\/wp-content\/uploads\/2022\/03\/Couple-senior-640px-Senior-3336451_1920.jpg\",\"articleSection\":[\"Humeurs\"],\"inLanguage\":\"fr-FR\",\"potentialAction\":[{\"@type\":\"CommentAction\",\"name\":\"Comment\",\"target\":[\"https:\/\/sceaux-lagazette.fr\/index.php\/2022\/03\/14\/indignites\/#respond\"]}]},{\"@type\":\"WebPage\",\"@id\":\"https:\/\/sceaux-lagazette.fr\/index.php\/2022\/03\/14\/indignites\/\",\"url\":\"https:\/\/sceaux-lagazette.fr\/index.php\/2022\/03\/14\/indignites\/\",\"name\":\"Indignit\u00e9s - La Gazette\",\"isPartOf\":{\"@id\":\"https:\/\/sceaux-lagazette.fr\/#website\"},\"primaryImageOfPage\":{\"@id\":\"https:\/\/sceaux-lagazette.fr\/index.php\/2022\/03\/14\/indignites\/#primaryimage\"},\"image\":{\"@id\":\"https:\/\/sceaux-lagazette.fr\/index.php\/2022\/03\/14\/indignites\/#primaryimage\"},\"thumbnailUrl\":\"https:\/\/sceaux-lagazette.fr\/wp-content\/uploads\/2022\/03\/Couple-senior-640px-Senior-3336451_1920.jpg\",\"datePublished\":\"2022-03-14T07:42:05+00:00\",\"dateModified\":\"2022-03-14T07:44:39+00:00\",\"breadcrumb\":{\"@id\":\"https:\/\/sceaux-lagazette.fr\/index.php\/2022\/03\/14\/indignites\/#breadcrumb\"},\"inLanguage\":\"fr-FR\",\"potentialAction\":[{\"@type\":\"ReadAction\",\"target\":[\"https:\/\/sceaux-lagazette.fr\/index.php\/2022\/03\/14\/indignites\/\"]}]},{\"@type\":\"ImageObject\",\"inLanguage\":\"fr-FR\",\"@id\":\"https:\/\/sceaux-lagazette.fr\/index.php\/2022\/03\/14\/indignites\/#primaryimage\",\"url\":\"https:\/\/sceaux-lagazette.fr\/wp-content\/uploads\/2022\/03\/Couple-senior-640px-Senior-3336451_1920.jpg\",\"contentUrl\":\"https:\/\/sceaux-lagazette.fr\/wp-content\/uploads\/2022\/03\/Couple-senior-640px-Senior-3336451_1920.jpg\",\"width\":640,\"height\":480},{\"@type\":\"BreadcrumbList\",\"@id\":\"https:\/\/sceaux-lagazette.fr\/index.php\/2022\/03\/14\/indignites\/#breadcrumb\",\"itemListElement\":[{\"@type\":\"ListItem\",\"position\":1,\"name\":\"Accueil\",\"item\":\"https:\/\/sceaux-lagazette.fr\/\"},{\"@type\":\"ListItem\",\"position\":2,\"name\":\"Indignit\u00e9s\"}]},{\"@type\":\"WebSite\",\"@id\":\"https:\/\/sceaux-lagazette.fr\/#website\",\"url\":\"https:\/\/sceaux-lagazette.fr\/\",\"name\":\"La Gazette\",\"description\":\"Bourg-la-Reine, Ch\u00e2tenay, Fontenay, Sceaux\",\"publisher\":{\"@id\":\"https:\/\/sceaux-lagazette.fr\/#organization\"},\"potentialAction\":[{\"@type\":\"SearchAction\",\"target\":{\"@type\":\"EntryPoint\",\"urlTemplate\":\"https:\/\/sceaux-lagazette.fr\/?s={search_term_string}\"},\"query-input\":{\"@type\":\"PropertyValueSpecification\",\"valueRequired\":true,\"valueName\":\"search_term_string\"}}],\"inLanguage\":\"fr-FR\"},{\"@type\":\"Organization\",\"@id\":\"https:\/\/sceaux-lagazette.fr\/#organization\",\"name\":\"La Gazette\",\"url\":\"https:\/\/sceaux-lagazette.fr\/\",\"logo\":{\"@type\":\"ImageObject\",\"inLanguage\":\"fr-FR\",\"@id\":\"https:\/\/sceaux-lagazette.fr\/#\/schema\/logo\/image\/\",\"url\":\"https:\/\/sceaux-lagazette.fr\/wp-content\/uploads\/2025\/08\/Logo-Gazette-Aout-2025-V3.jpg\",\"contentUrl\":\"https:\/\/sceaux-lagazette.fr\/wp-content\/uploads\/2025\/08\/Logo-Gazette-Aout-2025-V3.jpg\",\"width\":525,\"height\":130,\"caption\":\"La Gazette\"},\"image\":{\"@id\":\"https:\/\/sceaux-lagazette.fr\/#\/schema\/logo\/image\/\"}},{\"@type\":\"Person\",\"@id\":\"https:\/\/sceaux-lagazette.fr\/#\/schema\/person\/5650e206a121f68c6f5e76379bccfbc4\",\"name\":\"G\u00e9rard Bardier\",\"image\":{\"@type\":\"ImageObject\",\"inLanguage\":\"fr-FR\",\"@id\":\"https:\/\/sceaux-lagazette.fr\/#\/schema\/person\/image\/\",\"url\":\"https:\/\/secure.gravatar.com\/avatar\/5cf4391ef9dbc0367750202561279a29?s=96&r=g\",\"contentUrl\":\"https:\/\/secure.gravatar.com\/avatar\/5cf4391ef9dbc0367750202561279a29?s=96&r=g\",\"caption\":\"G\u00e9rard Bardier\"},\"url\":\"https:\/\/sceaux-lagazette.fr\/index.php\/author\/gb\/\"}]}<\/script>\n<!-- \/ Yoast SEO plugin. -->","yoast_head_json":{"title":"Indignit\u00e9s - La Gazette","robots":{"index":"index","follow":"follow","max-snippet":"max-snippet:-1","max-image-preview":"max-image-preview:large","max-video-preview":"max-video-preview:-1"},"canonical":"https:\/\/sceaux-lagazette.fr\/index.php\/2022\/03\/14\/indignites\/","og_locale":"fr_FR","og_type":"article","og_title":"Indignit\u00e9s - La Gazette","og_description":"Le candidat Macron propose de porter \u00e0 65 ans l\u2019\u00e2ge l\u00e9gal de d\u00e9part en retraite, en repoussant celui-ci de 4 mois par an, donc en 9 ans. Et aussit\u00f4t des voix s\u2019\u00e9l\u00e8vent contre cette proposition. On peut contester la proposition, proposer d\u2019autres modalit\u00e9s. Mais certains arguments me scandalisent. Certains feignent&#8230;","og_url":"https:\/\/sceaux-lagazette.fr\/index.php\/2022\/03\/14\/indignites\/","og_site_name":"La Gazette","article_published_time":"2022-03-14T07:42:05+00:00","article_modified_time":"2022-03-14T07:44:39+00:00","og_image":[{"width":640,"height":480,"url":"https:\/\/sceaux-lagazette.fr\/wp-content\/uploads\/2022\/03\/Couple-senior-640px-Senior-3336451_1920.jpg","type":"image\/jpeg"}],"author":"G\u00e9rard Bardier","twitter_card":"summary_large_image","twitter_misc":{"\u00c9crit par":"G\u00e9rard Bardier","Dur\u00e9e de lecture estim\u00e9e":"5 minutes"},"schema":{"@context":"https:\/\/schema.org","@graph":[{"@type":"Article","@id":"https:\/\/sceaux-lagazette.fr\/index.php\/2022\/03\/14\/indignites\/#article","isPartOf":{"@id":"https:\/\/sceaux-lagazette.fr\/index.php\/2022\/03\/14\/indignites\/"},"author":{"name":"G\u00e9rard Bardier","@id":"https:\/\/sceaux-lagazette.fr\/#\/schema\/person\/5650e206a121f68c6f5e76379bccfbc4"},"headline":"Indignit\u00e9s","datePublished":"2022-03-14T07:42:05+00:00","dateModified":"2022-03-14T07:44:39+00:00","mainEntityOfPage":{"@id":"https:\/\/sceaux-lagazette.fr\/index.php\/2022\/03\/14\/indignites\/"},"wordCount":983,"commentCount":3,"publisher":{"@id":"https:\/\/sceaux-lagazette.fr\/#organization"},"image":{"@id":"https:\/\/sceaux-lagazette.fr\/index.php\/2022\/03\/14\/indignites\/#primaryimage"},"thumbnailUrl":"https:\/\/sceaux-lagazette.fr\/wp-content\/uploads\/2022\/03\/Couple-senior-640px-Senior-3336451_1920.jpg","articleSection":["Humeurs"],"inLanguage":"fr-FR","potentialAction":[{"@type":"CommentAction","name":"Comment","target":["https:\/\/sceaux-lagazette.fr\/index.php\/2022\/03\/14\/indignites\/#respond"]}]},{"@type":"WebPage","@id":"https:\/\/sceaux-lagazette.fr\/index.php\/2022\/03\/14\/indignites\/","url":"https:\/\/sceaux-lagazette.fr\/index.php\/2022\/03\/14\/indignites\/","name":"Indignit\u00e9s - La Gazette","isPartOf":{"@id":"https:\/\/sceaux-lagazette.fr\/#website"},"primaryImageOfPage":{"@id":"https:\/\/sceaux-lagazette.fr\/index.php\/2022\/03\/14\/indignites\/#primaryimage"},"image":{"@id":"https:\/\/sceaux-lagazette.fr\/index.php\/2022\/03\/14\/indignites\/#primaryimage"},"thumbnailUrl":"https:\/\/sceaux-lagazette.fr\/wp-content\/uploads\/2022\/03\/Couple-senior-640px-Senior-3336451_1920.jpg","datePublished":"2022-03-14T07:42:05+00:00","dateModified":"2022-03-14T07:44:39+00:00","breadcrumb":{"@id":"https:\/\/sceaux-lagazette.fr\/index.php\/2022\/03\/14\/indignites\/#breadcrumb"},"inLanguage":"fr-FR","potentialAction":[{"@type":"ReadAction","target":["https:\/\/sceaux-lagazette.fr\/index.php\/2022\/03\/14\/indignites\/"]}]},{"@type":"ImageObject","inLanguage":"fr-FR","@id":"https:\/\/sceaux-lagazette.fr\/index.php\/2022\/03\/14\/indignites\/#primaryimage","url":"https:\/\/sceaux-lagazette.fr\/wp-content\/uploads\/2022\/03\/Couple-senior-640px-Senior-3336451_1920.jpg","contentUrl":"https:\/\/sceaux-lagazette.fr\/wp-content\/uploads\/2022\/03\/Couple-senior-640px-Senior-3336451_1920.jpg","width":640,"height":480},{"@type":"BreadcrumbList","@id":"https:\/\/sceaux-lagazette.fr\/index.php\/2022\/03\/14\/indignites\/#breadcrumb","itemListElement":[{"@type":"ListItem","position":1,"name":"Accueil","item":"https:\/\/sceaux-lagazette.fr\/"},{"@type":"ListItem","position":2,"name":"Indignit\u00e9s"}]},{"@type":"WebSite","@id":"https:\/\/sceaux-lagazette.fr\/#website","url":"https:\/\/sceaux-lagazette.fr\/","name":"La Gazette","description":"Bourg-la-Reine, Ch\u00e2tenay, Fontenay, Sceaux","publisher":{"@id":"https:\/\/sceaux-lagazette.fr\/#organization"},"potentialAction":[{"@type":"SearchAction","target":{"@type":"EntryPoint","urlTemplate":"https:\/\/sceaux-lagazette.fr\/?s={search_term_string}"},"query-input":{"@type":"PropertyValueSpecification","valueRequired":true,"valueName":"search_term_string"}}],"inLanguage":"fr-FR"},{"@type":"Organization","@id":"https:\/\/sceaux-lagazette.fr\/#organization","name":"La Gazette","url":"https:\/\/sceaux-lagazette.fr\/","logo":{"@type":"ImageObject","inLanguage":"fr-FR","@id":"https:\/\/sceaux-lagazette.fr\/#\/schema\/logo\/image\/","url":"https:\/\/sceaux-lagazette.fr\/wp-content\/uploads\/2025\/08\/Logo-Gazette-Aout-2025-V3.jpg","contentUrl":"https:\/\/sceaux-lagazette.fr\/wp-content\/uploads\/2025\/08\/Logo-Gazette-Aout-2025-V3.jpg","width":525,"height":130,"caption":"La Gazette"},"image":{"@id":"https:\/\/sceaux-lagazette.fr\/#\/schema\/logo\/image\/"}},{"@type":"Person","@id":"https:\/\/sceaux-lagazette.fr\/#\/schema\/person\/5650e206a121f68c6f5e76379bccfbc4","name":"G\u00e9rard Bardier","image":{"@type":"ImageObject","inLanguage":"fr-FR","@id":"https:\/\/sceaux-lagazette.fr\/#\/schema\/person\/image\/","url":"https:\/\/secure.gravatar.com\/avatar\/5cf4391ef9dbc0367750202561279a29?s=96&r=g","contentUrl":"https:\/\/secure.gravatar.com\/avatar\/5cf4391ef9dbc0367750202561279a29?s=96&r=g","caption":"G\u00e9rard Bardier"},"url":"https:\/\/sceaux-lagazette.fr\/index.php\/author\/gb\/"}]}},"cc_featured_image_caption":{"caption_text":"Pixabay Libre de droit","source_text":"","source_url":""},"_links":{"self":[{"href":"https:\/\/sceaux-lagazette.fr\/index.php\/wp-json\/wp\/v2\/posts\/6157"}],"collection":[{"href":"https:\/\/sceaux-lagazette.fr\/index.php\/wp-json\/wp\/v2\/posts"}],"about":[{"href":"https:\/\/sceaux-lagazette.fr\/index.php\/wp-json\/wp\/v2\/types\/post"}],"author":[{"embeddable":true,"href":"https:\/\/sceaux-lagazette.fr\/index.php\/wp-json\/wp\/v2\/users\/11"}],"replies":[{"embeddable":true,"href":"https:\/\/sceaux-lagazette.fr\/index.php\/wp-json\/wp\/v2\/comments?post=6157"}],"version-history":[{"count":7,"href":"https:\/\/sceaux-lagazette.fr\/index.php\/wp-json\/wp\/v2\/posts\/6157\/revisions"}],"predecessor-version":[{"id":6166,"href":"https:\/\/sceaux-lagazette.fr\/index.php\/wp-json\/wp\/v2\/posts\/6157\/revisions\/6166"}],"wp:featuredmedia":[{"embeddable":true,"href":"https:\/\/sceaux-lagazette.fr\/index.php\/wp-json\/wp\/v2\/media\/6159"}],"wp:attachment":[{"href":"https:\/\/sceaux-lagazette.fr\/index.php\/wp-json\/wp\/v2\/media?parent=6157"}],"wp:term":[{"taxonomy":"category","embeddable":true,"href":"https:\/\/sceaux-lagazette.fr\/index.php\/wp-json\/wp\/v2\/categories?post=6157"},{"taxonomy":"post_tag","embeddable":true,"href":"https:\/\/sceaux-lagazette.fr\/index.php\/wp-json\/wp\/v2\/tags?post=6157"}],"curies":[{"name":"wp","href":"https:\/\/api.w.org\/{rel}","templated":true}]}}