{"id":6074,"date":"2022-03-10T10:00:19","date_gmt":"2022-03-10T09:00:19","guid":{"rendered":"https:\/\/sceaux-lagazette.fr\/?p=6074"},"modified":"2023-03-12T10:24:06","modified_gmt":"2023-03-12T09:24:06","slug":"danse-vente-et-utopie","status":"publish","type":"post","link":"https:\/\/sceaux-lagazette.fr\/index.php\/2022\/03\/10\/danse-vente-et-utopie\/","title":{"rendered":"Danse, vente et utopie"},"content":{"rendered":"\n<p>On est aux F\u00e9libres, il prend un diabolo grenadine et moi un express. De quoi d\u00e9lier les langues. C\u2019est plus s\u00fbr que les d\u00e9tecteurs de mensonges de la CIA (version Jason Bourne). D\u2019ailleurs, aucun secret ne r\u00e9siste \u00e0 un tel traitement. D\u2019embl\u00e9e, il lance du lourd&nbsp;: entre la danse et le textile, il n\u2019y a qu\u2019un pas, disons un entrechat. Explication.<\/p>\n\n\n\n<p>Adel Haddad va sur ses 21 ans et se voit entrepreneur. Tout en poursuivant ses \u00e9tudes, il s\u2019est d\u00e9j\u00e0 lanc\u00e9 dans l\u2019aventure. Il a choisi les fringues. C\u00f4t\u00e9 CV&nbsp;: Ecole maternelle puis primaire du Clos Saint-Marcel, IUT Sceaux. En ce moment, ne le cherchez pas, il est \u00e0 Bruges. Il fait tout de m\u00eame quelques sauts par ici pour retrouver les amis et embrasser sa famille.<\/p>\n\n\n\n<h2 class=\"wp-block-heading\">Musique, danse et mode<\/h2>\n\n\n\n<p>Il a commenc\u00e9 la danse enfant, \u00e0 l\u2019\u00e2ge de sept ans. Il suit 4 ann\u00e9es les cours de la MJC et les 3 ann\u00e9es suivantes ceux de la Maison de la Musique et de la danse du Plessis-Robinson. Ensuite, il passe au <a href=\"https:\/\/laxstudio.fr\">Lax Studio<\/a>, \u00e0 Belleville (Paris, France). Le niveau, \u00e0 \u00e9tape, a augment\u00e9. \u00ab&nbsp;J\u2019aime tout le moderne, la samba le hip-hop, tout\u2026&nbsp;\u00bb Pour fixer les id\u00e9es, c\u2019est une activit\u00e9 hebdomadaire et m\u00eame parfois quotidienne, et non pas de ces fr\u00e9n\u00e9sies r\u00e9serv\u00e9es aux mariages et aux anniversaires. D\u2019autant que pour le hip-hop qui semble le brancher plus, il faut de la place. On aurait vite fait d\u2019accrocher le pied d\u2019une grand-m\u00e8re paisiblement attabl\u00e9e \u00e0 c\u00f4t\u00e9 de la mari\u00e9e.<\/p>\n\n\n\n<p>Au lyc\u00e9e Marie-Curie, deux comparses et lui avaient cr\u00e9\u00e9 H3RA, un groupe assez rap chauff\u00e9 \u00e0 la Caisse claire. La MJC est leur QG. Ils font mieux que des maquettes, des morceaux, des clips, des EP (Extended Play, en deux mots, plus qu\u2019un single, moins qu\u2019un album) se produisent au Trianon. Jetez un coup d\u2019oreille par ici.<\/p>\n\n\n\n<div class=\"wp-block-image\"><figure class=\"alignleft size-medium\"><img decoding=\"async\" width=\"291\" height=\"300\" src=\"https:\/\/sceaux-lagazette.fr\/wp-content\/uploads\/2022\/03\/Soul2-291x300.png\" alt=\"\" class=\"wp-image-6081\" srcset=\"https:\/\/sceaux-lagazette.fr\/wp-content\/uploads\/2022\/03\/Soul2-291x300.png 291w, https:\/\/sceaux-lagazette.fr\/wp-content\/uploads\/2022\/03\/Soul2.png 476w\" sizes=\"(max-width: 291px) 100vw, 291px\" \/><\/figure><\/div>\n\n\n\n<p>Voil\u00e0 pour le fond de sauce. Pour le principal, sa cr\u00e9ation d\u2019une autoentreprise qui commercialise des T-shirts et de sweats, il faut faire le liant. Son go\u00fbt pour la mode est c\u00e2bl\u00e9 quelque part (on supposera que c\u2019est dans son cortex orbitofrontal). \u00ab&nbsp;<em>Depuis toujours, j\u2019aime observer les gens. Leur fa\u00e7on de marcher. Les allures.<\/em>&nbsp;\u00bb Or, quand il se met aux shootings (entendez&nbsp;: \u00e0 photographier ses produits), donc \u00e0 solliciter des amis pour les porter, il leur demande de bouger, de bien bouger, plus coco, plus&nbsp;! Et bouger, pour lui, c\u2019est danser.<\/p>\n\n\n\n<p>C\u2019est ainsi que ses amis du Lax Studio vont se pr\u00eater au jeu, autrement dit, ils acceptent de la jouer mannequins.<\/p>\n\n\n\n<h2 class=\"wp-block-heading\">Au commencement, le logo<\/h2>\n\n\n\n<p>\u00ab&nbsp;<em>Rien ne me pr\u00e9destinait \u00e0 me lancer. J\u2019avais envie, c\u2019est tout. J\u2019avais envie de cr\u00e9er quelque chose de commercial, d\u2019imaginer des produits. Le T-shirt et le sweat ont \u00e9t\u00e9 pour moi le plus simple, le plus direct. Je n\u2019avais pas d\u2019argent ni les partenaires pour investir des sommes importantes. Je ne voulais pas perdre d\u2019argent<\/em>.&nbsp;\u00bb Sain principe.<\/p>\n\n\n\n<p>Adel Haddad s\u2019inspire alors de son r\u00e9seau de proches. De quoi ont-ils besoin&nbsp;? Plus pragmatique, on meurt. Il s\u2019inspire aussi de sa solidarit\u00e9 pour le durable, le labellis\u00e9 bio. Il m\u00e9lange les deux (au shaker et non \u00e0 la cuiller, comme James) et l\u2019olive qui parach\u00e8ve le cocktail, c\u2019est sa propre capacit\u00e9 cr\u00e9atrice. Il dessine lui-m\u00eame les v\u00eatements. A l\u2019ancienne, donc \u00e0 la main.<\/p>\n\n\n\n<p>Evidemment, une question se pose. Pourquoi diable se lancer dans un march\u00e9 aussi satur\u00e9 que celui des T-shirts et des sweats&nbsp;? Deux raisons, semble-t-il. La premi\u00e8re est que, s\u2019il y a du monde sur le cr\u00e9neau, c\u2019est qu\u2019il y a des besoins. La seconde est la marque. On existe par la marque.<\/p>\n\n\n\n<p>D\u00e8s le d\u00e9but, il pense logo. Il a imagin\u00e9 des c\u0153urs crois\u00e9s, non en pensant \u00e0 Playtex qu\u2019il n\u2019a aucune raison de conna\u00eetre et encore moins de transcrire, mais \u00e0 cause de la tendresse, de la simplicit\u00e9, de la vitalit\u00e9. Le c\u0153ur est un universel, \u00ab&nbsp;chacun peut se l\u2019approprier.&nbsp;\u00bb Cette ing\u00e9nuit\u00e9 rappellera aux fans des vinyles sixties bien labour\u00e9s <em><a href=\"https:\/\/www.youtube.com\/watch?v=DZc7jsWZe64\">Rock my soul<\/a><\/em> de \u00ab&nbsp;Peter Paul &amp; Mary&nbsp;\u00bb.<\/p>\n\n\n\n<p>Il va vite. L\u2019id\u00e9e de <a href=\"https:\/\/soulco.fr\">SOUL<\/a> remonte \u00e0 mai 2020 et sa cr\u00e9ation \u00e0 juin qui suit. On ne peut pas dire qu\u2019il ait ch\u00f4m\u00e9. Pour faire faire un bon T-shirt, faut chercher. Chercher quoi&nbsp;? Un bon fournisseur, comp\u00e9tent et qui livre \u00e0 temps&nbsp;; un bon grammage, il faut que ce soit \u00e9pais, que \u00e7a tienne (et il n\u2019h\u00e9site pas)&nbsp;; une bonne coupe. Il a fallu d\u00e9finir tout \u00e7a. Il est fier de sa mati\u00e8re, de ses cotons bios, de leur masse au toucher, du label international GOTS \u00ab Global Organic Textile Standards \u00bb.<\/p>\n\n\n\n<div class=\"wp-block-image\"><figure class=\"alignright size-medium\"><img decoding=\"async\" width=\"300\" height=\"300\" src=\"https:\/\/sceaux-lagazette.fr\/wp-content\/uploads\/2022\/03\/Soul5-T-shirt2-300x300.jpg\" alt=\"\" class=\"wp-image-6083\" srcset=\"https:\/\/sceaux-lagazette.fr\/wp-content\/uploads\/2022\/03\/Soul5-T-shirt2-300x300.jpg 300w, https:\/\/sceaux-lagazette.fr\/wp-content\/uploads\/2022\/03\/Soul5-T-shirt2-150x150.jpg 150w, https:\/\/sceaux-lagazette.fr\/wp-content\/uploads\/2022\/03\/Soul5-T-shirt2.jpg 540w\" sizes=\"(max-width: 300px) 100vw, 300px\" \/><\/figure><\/div>\n\n\n\n<p>Il n\u2019est pas que r\u00eaveur. Sa formation \u00e0 l\u2019IUT de Sceaux lui apporte du contenu op\u00e9rationnel : communication, gestion de projet, management, fonctionnement d\u2019entreprise. Avec sa troisi\u00e8me ann\u00e9e \u00e0 l\u2019universit\u00e9 Vives de Bruges, il se frotte \u00e0 l\u2019international. Cours en anglais, population cosmopolite. Et creuse encore un peu plus le business management et le droit europ\u00e9en. C\u2019est important quand on a des clients dans quatre pays europ\u00e9ens (Belgique, Pays Bas, Allemagne, Suisse) et qu\u2019on aspire clairement \u00e0 angliciser la marque.<\/p>\n\n\n\n<h2 class=\"wp-block-heading\">Le site Soulco.fr<\/h2>\n\n\n\n<p><a href=\"https:\/\/soulco.fr\">SOUL<\/a> vend sur Internet et le site est tr\u00e8s sympa. Tr\u00e8s complet, tr\u00e8s parlant. Adel Haddad g\u00e8re tout de la commande \u00e0 la livraison. Il n\u2019est pas seul. Cette mise place doit beaucoup \u00e0 une \u00e9quipe. Tous sont \u00e9tudiants. Ses amis de la danse pour les photos (mod\u00e8le f\u00e9minin et mod\u00e8le masculin), un photographe, un designer du site et de la communication sur les r\u00e9seaux sociaux, un coach (il lui faut bien confronter ses id\u00e9es, ses intentions).<\/p>\n\n\n\n<p>Quant \u00e0 lui, il est multidirectionnel, il g\u00e8re le site, fait des shootings, mais aussi de la compta, des achats, de l\u2019emballage, de l\u2019exp\u00e9dition&nbsp;; la relation avec les fournisseurs, la discussion de partenariats avec de gros influenceurs. Il ne recule devant rien.<\/p>\n\n\n\n<p>Ajoutez \u00e0 cela qu\u2019il poursuit ses \u00e9tudes qui impliquent des devoirs chaque semaine, qu\u2019il a un m\u00e9moire universitaire \u00e0 produire. Entre tous ces moments de concentration mentale, il danse. Il \u00e9coute de la musique.<\/p>\n\n\n\n<p>Fin juin, il quittera Bruges. Sa double vie d\u2019\u00e9tudiant et d\u2019entrepreneur n\u2019est pas finie. Il veut suivre un master, tourn\u00e9 en quoi&nbsp;? \u2026vous avez devin\u00e9\u2026 en entrepreneuriat.<\/p>\n\n\n\n<p>En attendant, ses fringues, en plus d\u2019\u00eatre en ligne, seront dans la boutique \u00e9ph\u00e9m\u00e8re que ses amis de <em><a href=\"https:\/\/alamodedechezvous.fr\">alamodedechezvous<\/a><\/em> vont tenir \u00e0 l\u2019ancienne mairie de Sceaux samedi et dimanche qui viennent, les 12 et 13 mars. M\u00eames valeurs : une g\u00e9n\u00e9ration, un style, du rythme, une conscience des lendemains qui d\u00e9chantent et l\u2019envie de vivre, de travailler autrement et d\u2019\u00eatre utile. La ville aussi l\u2019a associ\u00e9. \u00ab&nbsp;<em>C\u2019est un soutien, dont je la remercie, \u00e0 la fois comme jeune entreprise et dans mon positionnement pour la mode durable.<\/em>&nbsp;\u00bb<\/p>\n\n\n\n<p>Nous nous s\u00e9parons, chacun a faim. Des spaghettis \u00e0 la bolognaise attendent Adel Haddad, tandis que je m\u2019achemine vers un thon en papillote accompagn\u00e9 de pommes de terre vapeur. En chemin, une question surgit&nbsp;:<br> &#8212; Que voulez-vous apporter au march\u00e9&nbsp;?<br> &#8212; Une approche alternative de la mode. Un esprit \u00ab\u00a0Feel good\u00a0\u00bb. SOUL est con\u00e7u par des jeunes pour des jeunes. S\u2019il faut le dire en un mot, je dirai&nbsp;: authenticit\u00e9.<\/p>\n\n\n\n<p>.<\/p>\n","protected":false},"excerpt":{"rendered":"<p>On est aux F\u00e9libres, il prend un diabolo grenadine et moi un express. De quoi d\u00e9lier les langues. C\u2019est plus s\u00fbr que les d\u00e9tecteurs de mensonges de la CIA (version Jason Bourne). D\u2019ailleurs, aucun secret ne r\u00e9siste \u00e0 un tel traitement. D\u2019embl\u00e9e, il lance du lourd&nbsp;: entre la danse et&#8230;<\/p>\n","protected":false},"author":6,"featured_media":6080,"comment_status":"open","ping_status":"open","sticky":false,"template":"","format":"standard","meta":{"om_disable_all_campaigns":false,"_monsterinsights_skip_tracking":false,"_monsterinsights_sitenote_active":false,"_monsterinsights_sitenote_note":"","_monsterinsights_sitenote_category":0,"_uf_show_specific_survey":0,"_uf_disable_surveys":false,"footnotes":""},"categories":[59],"tags":[],"class_list":["post-6074","post","type-post","status-publish","format-standard","has-post-thumbnail","hentry","category-portraits","entry","simple"],"yoast_head":"<!-- This site is optimized with the Yoast SEO plugin v25.6 - https:\/\/yoast.com\/wordpress\/plugins\/seo\/ -->\n<title>Danse, vente et utopie - La Gazette<\/title>\n<meta name=\"robots\" content=\"index, follow, max-snippet:-1, max-image-preview:large, max-video-preview:-1\" \/>\n<link rel=\"canonical\" href=\"https:\/\/sceaux-lagazette.fr\/index.php\/2022\/03\/10\/danse-vente-et-utopie\/\" \/>\n<meta property=\"og:locale\" content=\"fr_FR\" \/>\n<meta property=\"og:type\" content=\"article\" \/>\n<meta property=\"og:title\" content=\"Danse, vente et utopie - La Gazette\" \/>\n<meta property=\"og:description\" content=\"On est aux F\u00e9libres, il prend un diabolo grenadine et moi un express. De quoi d\u00e9lier les langues. C\u2019est plus s\u00fbr que les d\u00e9tecteurs de mensonges de la CIA (version Jason Bourne). D\u2019ailleurs, aucun secret ne r\u00e9siste \u00e0 un tel traitement. D\u2019embl\u00e9e, il lance du lourd&nbsp;: entre la danse et&#8230;\" \/>\n<meta property=\"og:url\" content=\"https:\/\/sceaux-lagazette.fr\/index.php\/2022\/03\/10\/danse-vente-et-utopie\/\" \/>\n<meta property=\"og:site_name\" content=\"La Gazette\" \/>\n<meta property=\"article:published_time\" content=\"2022-03-10T09:00:19+00:00\" \/>\n<meta property=\"article:modified_time\" content=\"2023-03-12T09:24:06+00:00\" \/>\n<meta property=\"og:image\" content=\"https:\/\/sceaux-lagazette.fr\/wp-content\/uploads\/2022\/03\/Soul4.jpg\" \/>\n\t<meta property=\"og:image:width\" content=\"1280\" \/>\n\t<meta property=\"og:image:height\" content=\"720\" \/>\n\t<meta property=\"og:image:type\" content=\"image\/jpeg\" \/>\n<meta name=\"author\" content=\"Maurice Zytnicki\" \/>\n<meta name=\"twitter:card\" content=\"summary_large_image\" \/>\n<meta name=\"twitter:label1\" content=\"\u00c9crit par\" \/>\n\t<meta name=\"twitter:data1\" content=\"Maurice Zytnicki\" \/>\n\t<meta name=\"twitter:label2\" content=\"Dur\u00e9e de lecture estim\u00e9e\" \/>\n\t<meta name=\"twitter:data2\" content=\"7 minutes\" \/>\n<script type=\"application\/ld+json\" class=\"yoast-schema-graph\">{\"@context\":\"https:\/\/schema.org\",\"@graph\":[{\"@type\":\"Article\",\"@id\":\"https:\/\/sceaux-lagazette.fr\/index.php\/2022\/03\/10\/danse-vente-et-utopie\/#article\",\"isPartOf\":{\"@id\":\"https:\/\/sceaux-lagazette.fr\/index.php\/2022\/03\/10\/danse-vente-et-utopie\/\"},\"author\":{\"name\":\"Maurice Zytnicki\",\"@id\":\"https:\/\/sceaux-lagazette.fr\/#\/schema\/person\/060ab8fc058c4220d9079707a58da9f1\"},\"headline\":\"Danse, vente et utopie\",\"datePublished\":\"2022-03-10T09:00:19+00:00\",\"dateModified\":\"2023-03-12T09:24:06+00:00\",\"mainEntityOfPage\":{\"@id\":\"https:\/\/sceaux-lagazette.fr\/index.php\/2022\/03\/10\/danse-vente-et-utopie\/\"},\"wordCount\":1312,\"commentCount\":0,\"publisher\":{\"@id\":\"https:\/\/sceaux-lagazette.fr\/#organization\"},\"image\":{\"@id\":\"https:\/\/sceaux-lagazette.fr\/index.php\/2022\/03\/10\/danse-vente-et-utopie\/#primaryimage\"},\"thumbnailUrl\":\"https:\/\/sceaux-lagazette.fr\/wp-content\/uploads\/2022\/03\/Soul4.jpg\",\"articleSection\":[\"Portraits\"],\"inLanguage\":\"fr-FR\",\"potentialAction\":[{\"@type\":\"CommentAction\",\"name\":\"Comment\",\"target\":[\"https:\/\/sceaux-lagazette.fr\/index.php\/2022\/03\/10\/danse-vente-et-utopie\/#respond\"]}]},{\"@type\":\"WebPage\",\"@id\":\"https:\/\/sceaux-lagazette.fr\/index.php\/2022\/03\/10\/danse-vente-et-utopie\/\",\"url\":\"https:\/\/sceaux-lagazette.fr\/index.php\/2022\/03\/10\/danse-vente-et-utopie\/\",\"name\":\"Danse, vente et utopie - La Gazette\",\"isPartOf\":{\"@id\":\"https:\/\/sceaux-lagazette.fr\/#website\"},\"primaryImageOfPage\":{\"@id\":\"https:\/\/sceaux-lagazette.fr\/index.php\/2022\/03\/10\/danse-vente-et-utopie\/#primaryimage\"},\"image\":{\"@id\":\"https:\/\/sceaux-lagazette.fr\/index.php\/2022\/03\/10\/danse-vente-et-utopie\/#primaryimage\"},\"thumbnailUrl\":\"https:\/\/sceaux-lagazette.fr\/wp-content\/uploads\/2022\/03\/Soul4.jpg\",\"datePublished\":\"2022-03-10T09:00:19+00:00\",\"dateModified\":\"2023-03-12T09:24:06+00:00\",\"breadcrumb\":{\"@id\":\"https:\/\/sceaux-lagazette.fr\/index.php\/2022\/03\/10\/danse-vente-et-utopie\/#breadcrumb\"},\"inLanguage\":\"fr-FR\",\"potentialAction\":[{\"@type\":\"ReadAction\",\"target\":[\"https:\/\/sceaux-lagazette.fr\/index.php\/2022\/03\/10\/danse-vente-et-utopie\/\"]}]},{\"@type\":\"ImageObject\",\"inLanguage\":\"fr-FR\",\"@id\":\"https:\/\/sceaux-lagazette.fr\/index.php\/2022\/03\/10\/danse-vente-et-utopie\/#primaryimage\",\"url\":\"https:\/\/sceaux-lagazette.fr\/wp-content\/uploads\/2022\/03\/Soul4.jpg\",\"contentUrl\":\"https:\/\/sceaux-lagazette.fr\/wp-content\/uploads\/2022\/03\/Soul4.jpg\",\"width\":1280,\"height\":720},{\"@type\":\"BreadcrumbList\",\"@id\":\"https:\/\/sceaux-lagazette.fr\/index.php\/2022\/03\/10\/danse-vente-et-utopie\/#breadcrumb\",\"itemListElement\":[{\"@type\":\"ListItem\",\"position\":1,\"name\":\"Accueil\",\"item\":\"https:\/\/sceaux-lagazette.fr\/\"},{\"@type\":\"ListItem\",\"position\":2,\"name\":\"Danse, vente et utopie\"}]},{\"@type\":\"WebSite\",\"@id\":\"https:\/\/sceaux-lagazette.fr\/#website\",\"url\":\"https:\/\/sceaux-lagazette.fr\/\",\"name\":\"La Gazette\",\"description\":\"Bourg-la-Reine, Ch\u00e2tenay, Fontenay, Sceaux\",\"publisher\":{\"@id\":\"https:\/\/sceaux-lagazette.fr\/#organization\"},\"potentialAction\":[{\"@type\":\"SearchAction\",\"target\":{\"@type\":\"EntryPoint\",\"urlTemplate\":\"https:\/\/sceaux-lagazette.fr\/?s={search_term_string}\"},\"query-input\":{\"@type\":\"PropertyValueSpecification\",\"valueRequired\":true,\"valueName\":\"search_term_string\"}}],\"inLanguage\":\"fr-FR\"},{\"@type\":\"Organization\",\"@id\":\"https:\/\/sceaux-lagazette.fr\/#organization\",\"name\":\"La Gazette\",\"url\":\"https:\/\/sceaux-lagazette.fr\/\",\"logo\":{\"@type\":\"ImageObject\",\"inLanguage\":\"fr-FR\",\"@id\":\"https:\/\/sceaux-lagazette.fr\/#\/schema\/logo\/image\/\",\"url\":\"https:\/\/sceaux-lagazette.fr\/wp-content\/uploads\/2025\/08\/Logo-Gazette-Aout-2025-V3.jpg\",\"contentUrl\":\"https:\/\/sceaux-lagazette.fr\/wp-content\/uploads\/2025\/08\/Logo-Gazette-Aout-2025-V3.jpg\",\"width\":525,\"height\":130,\"caption\":\"La Gazette\"},\"image\":{\"@id\":\"https:\/\/sceaux-lagazette.fr\/#\/schema\/logo\/image\/\"}},{\"@type\":\"Person\",\"@id\":\"https:\/\/sceaux-lagazette.fr\/#\/schema\/person\/060ab8fc058c4220d9079707a58da9f1\",\"name\":\"Maurice Zytnicki\",\"image\":{\"@type\":\"ImageObject\",\"inLanguage\":\"fr-FR\",\"@id\":\"https:\/\/sceaux-lagazette.fr\/#\/schema\/person\/image\/\",\"url\":\"https:\/\/secure.gravatar.com\/avatar\/d94d30d6fa0e9cb7af48a89366fc0cdb?s=96&r=g\",\"contentUrl\":\"https:\/\/secure.gravatar.com\/avatar\/d94d30d6fa0e9cb7af48a89366fc0cdb?s=96&r=g\",\"caption\":\"Maurice Zytnicki\"},\"url\":\"https:\/\/sceaux-lagazette.fr\/index.php\/author\/maurice\/\"}]}<\/script>\n<!-- \/ Yoast SEO plugin. -->","yoast_head_json":{"title":"Danse, vente et utopie - La Gazette","robots":{"index":"index","follow":"follow","max-snippet":"max-snippet:-1","max-image-preview":"max-image-preview:large","max-video-preview":"max-video-preview:-1"},"canonical":"https:\/\/sceaux-lagazette.fr\/index.php\/2022\/03\/10\/danse-vente-et-utopie\/","og_locale":"fr_FR","og_type":"article","og_title":"Danse, vente et utopie - La Gazette","og_description":"On est aux F\u00e9libres, il prend un diabolo grenadine et moi un express. De quoi d\u00e9lier les langues. C\u2019est plus s\u00fbr que les d\u00e9tecteurs de mensonges de la CIA (version Jason Bourne). D\u2019ailleurs, aucun secret ne r\u00e9siste \u00e0 un tel traitement. D\u2019embl\u00e9e, il lance du lourd&nbsp;: entre la danse et&#8230;","og_url":"https:\/\/sceaux-lagazette.fr\/index.php\/2022\/03\/10\/danse-vente-et-utopie\/","og_site_name":"La Gazette","article_published_time":"2022-03-10T09:00:19+00:00","article_modified_time":"2023-03-12T09:24:06+00:00","og_image":[{"width":1280,"height":720,"url":"https:\/\/sceaux-lagazette.fr\/wp-content\/uploads\/2022\/03\/Soul4.jpg","type":"image\/jpeg"}],"author":"Maurice Zytnicki","twitter_card":"summary_large_image","twitter_misc":{"\u00c9crit par":"Maurice Zytnicki","Dur\u00e9e de lecture estim\u00e9e":"7 minutes"},"schema":{"@context":"https:\/\/schema.org","@graph":[{"@type":"Article","@id":"https:\/\/sceaux-lagazette.fr\/index.php\/2022\/03\/10\/danse-vente-et-utopie\/#article","isPartOf":{"@id":"https:\/\/sceaux-lagazette.fr\/index.php\/2022\/03\/10\/danse-vente-et-utopie\/"},"author":{"name":"Maurice Zytnicki","@id":"https:\/\/sceaux-lagazette.fr\/#\/schema\/person\/060ab8fc058c4220d9079707a58da9f1"},"headline":"Danse, vente et utopie","datePublished":"2022-03-10T09:00:19+00:00","dateModified":"2023-03-12T09:24:06+00:00","mainEntityOfPage":{"@id":"https:\/\/sceaux-lagazette.fr\/index.php\/2022\/03\/10\/danse-vente-et-utopie\/"},"wordCount":1312,"commentCount":0,"publisher":{"@id":"https:\/\/sceaux-lagazette.fr\/#organization"},"image":{"@id":"https:\/\/sceaux-lagazette.fr\/index.php\/2022\/03\/10\/danse-vente-et-utopie\/#primaryimage"},"thumbnailUrl":"https:\/\/sceaux-lagazette.fr\/wp-content\/uploads\/2022\/03\/Soul4.jpg","articleSection":["Portraits"],"inLanguage":"fr-FR","potentialAction":[{"@type":"CommentAction","name":"Comment","target":["https:\/\/sceaux-lagazette.fr\/index.php\/2022\/03\/10\/danse-vente-et-utopie\/#respond"]}]},{"@type":"WebPage","@id":"https:\/\/sceaux-lagazette.fr\/index.php\/2022\/03\/10\/danse-vente-et-utopie\/","url":"https:\/\/sceaux-lagazette.fr\/index.php\/2022\/03\/10\/danse-vente-et-utopie\/","name":"Danse, vente et utopie - La Gazette","isPartOf":{"@id":"https:\/\/sceaux-lagazette.fr\/#website"},"primaryImageOfPage":{"@id":"https:\/\/sceaux-lagazette.fr\/index.php\/2022\/03\/10\/danse-vente-et-utopie\/#primaryimage"},"image":{"@id":"https:\/\/sceaux-lagazette.fr\/index.php\/2022\/03\/10\/danse-vente-et-utopie\/#primaryimage"},"thumbnailUrl":"https:\/\/sceaux-lagazette.fr\/wp-content\/uploads\/2022\/03\/Soul4.jpg","datePublished":"2022-03-10T09:00:19+00:00","dateModified":"2023-03-12T09:24:06+00:00","breadcrumb":{"@id":"https:\/\/sceaux-lagazette.fr\/index.php\/2022\/03\/10\/danse-vente-et-utopie\/#breadcrumb"},"inLanguage":"fr-FR","potentialAction":[{"@type":"ReadAction","target":["https:\/\/sceaux-lagazette.fr\/index.php\/2022\/03\/10\/danse-vente-et-utopie\/"]}]},{"@type":"ImageObject","inLanguage":"fr-FR","@id":"https:\/\/sceaux-lagazette.fr\/index.php\/2022\/03\/10\/danse-vente-et-utopie\/#primaryimage","url":"https:\/\/sceaux-lagazette.fr\/wp-content\/uploads\/2022\/03\/Soul4.jpg","contentUrl":"https:\/\/sceaux-lagazette.fr\/wp-content\/uploads\/2022\/03\/Soul4.jpg","width":1280,"height":720},{"@type":"BreadcrumbList","@id":"https:\/\/sceaux-lagazette.fr\/index.php\/2022\/03\/10\/danse-vente-et-utopie\/#breadcrumb","itemListElement":[{"@type":"ListItem","position":1,"name":"Accueil","item":"https:\/\/sceaux-lagazette.fr\/"},{"@type":"ListItem","position":2,"name":"Danse, vente et utopie"}]},{"@type":"WebSite","@id":"https:\/\/sceaux-lagazette.fr\/#website","url":"https:\/\/sceaux-lagazette.fr\/","name":"La Gazette","description":"Bourg-la-Reine, Ch\u00e2tenay, Fontenay, Sceaux","publisher":{"@id":"https:\/\/sceaux-lagazette.fr\/#organization"},"potentialAction":[{"@type":"SearchAction","target":{"@type":"EntryPoint","urlTemplate":"https:\/\/sceaux-lagazette.fr\/?s={search_term_string}"},"query-input":{"@type":"PropertyValueSpecification","valueRequired":true,"valueName":"search_term_string"}}],"inLanguage":"fr-FR"},{"@type":"Organization","@id":"https:\/\/sceaux-lagazette.fr\/#organization","name":"La Gazette","url":"https:\/\/sceaux-lagazette.fr\/","logo":{"@type":"ImageObject","inLanguage":"fr-FR","@id":"https:\/\/sceaux-lagazette.fr\/#\/schema\/logo\/image\/","url":"https:\/\/sceaux-lagazette.fr\/wp-content\/uploads\/2025\/08\/Logo-Gazette-Aout-2025-V3.jpg","contentUrl":"https:\/\/sceaux-lagazette.fr\/wp-content\/uploads\/2025\/08\/Logo-Gazette-Aout-2025-V3.jpg","width":525,"height":130,"caption":"La Gazette"},"image":{"@id":"https:\/\/sceaux-lagazette.fr\/#\/schema\/logo\/image\/"}},{"@type":"Person","@id":"https:\/\/sceaux-lagazette.fr\/#\/schema\/person\/060ab8fc058c4220d9079707a58da9f1","name":"Maurice Zytnicki","image":{"@type":"ImageObject","inLanguage":"fr-FR","@id":"https:\/\/sceaux-lagazette.fr\/#\/schema\/person\/image\/","url":"https:\/\/secure.gravatar.com\/avatar\/d94d30d6fa0e9cb7af48a89366fc0cdb?s=96&r=g","contentUrl":"https:\/\/secure.gravatar.com\/avatar\/d94d30d6fa0e9cb7af48a89366fc0cdb?s=96&r=g","caption":"Maurice Zytnicki"},"url":"https:\/\/sceaux-lagazette.fr\/index.php\/author\/maurice\/"}]}},"cc_featured_image_caption":{"caption_text":"Source: SOUL","source_text":"","source_url":""},"_links":{"self":[{"href":"https:\/\/sceaux-lagazette.fr\/index.php\/wp-json\/wp\/v2\/posts\/6074"}],"collection":[{"href":"https:\/\/sceaux-lagazette.fr\/index.php\/wp-json\/wp\/v2\/posts"}],"about":[{"href":"https:\/\/sceaux-lagazette.fr\/index.php\/wp-json\/wp\/v2\/types\/post"}],"author":[{"embeddable":true,"href":"https:\/\/sceaux-lagazette.fr\/index.php\/wp-json\/wp\/v2\/users\/6"}],"replies":[{"embeddable":true,"href":"https:\/\/sceaux-lagazette.fr\/index.php\/wp-json\/wp\/v2\/comments?post=6074"}],"version-history":[{"count":7,"href":"https:\/\/sceaux-lagazette.fr\/index.php\/wp-json\/wp\/v2\/posts\/6074\/revisions"}],"predecessor-version":[{"id":6146,"href":"https:\/\/sceaux-lagazette.fr\/index.php\/wp-json\/wp\/v2\/posts\/6074\/revisions\/6146"}],"wp:featuredmedia":[{"embeddable":true,"href":"https:\/\/sceaux-lagazette.fr\/index.php\/wp-json\/wp\/v2\/media\/6080"}],"wp:attachment":[{"href":"https:\/\/sceaux-lagazette.fr\/index.php\/wp-json\/wp\/v2\/media?parent=6074"}],"wp:term":[{"taxonomy":"category","embeddable":true,"href":"https:\/\/sceaux-lagazette.fr\/index.php\/wp-json\/wp\/v2\/categories?post=6074"},{"taxonomy":"post_tag","embeddable":true,"href":"https:\/\/sceaux-lagazette.fr\/index.php\/wp-json\/wp\/v2\/tags?post=6074"}],"curies":[{"name":"wp","href":"https:\/\/api.w.org\/{rel}","templated":true}]}}