{"id":6059,"date":"2022-03-07T09:30:58","date_gmt":"2022-03-07T08:30:58","guid":{"rendered":"https:\/\/sceaux-lagazette.fr\/?p=6059"},"modified":"2022-03-07T21:38:55","modified_gmt":"2022-03-07T20:38:55","slug":"modes-dhier-et-daujourdhui","status":"publish","type":"post","link":"https:\/\/sceaux-lagazette.fr\/index.php\/2022\/03\/07\/modes-dhier-et-daujourdhui\/","title":{"rendered":"Modes d\u2019hier et d\u2019aujourd\u2019hui"},"content":{"rendered":"\n<p>Tout a commenc\u00e9 avec le covid. \u00ab&nbsp;<em>Nous \u00e9tions souvent inoccup\u00e9s, dit Manuela. Difficile de se mobiliser avec les cours en ligne. A distance, ils n\u2019\u00e9taient pas vraiment passionnants.<\/em>&nbsp;\u00bb Ils sont trois, El\u00e9onore Edgar et elle, Manuela, qui se connaissent depuis toujours. Le toujours, c\u2019est le lyc\u00e9e. Pendant le premier confinement, l\u2019id\u00e9e germe. Pendant le deuxi\u00e8me, elle prend forme. Ils se lancent, c\u2019est du tout neuf, mais ils sont d\u00e9j\u00e0 tr\u00e8s \u00ab&nbsp;op\u00e9rationnels&nbsp;\u00bb. Les 12 et 13 mars, ils seront \u00e0 Sceaux.<\/p>\n\n\n\n<p>Ce sera un magasin \u00e9ph\u00e9m\u00e8re. Quelque chose d\u2019\u00e9l\u00e9gant, avec plein de v\u00eatements accroch\u00e9s consciencieusement, m\u00e9thodiquement sur des portants align\u00e9s, agr\u00e9ment\u00e9s de couleurs et d\u2019explications. Question organisation, \u00e7a ne sera pas du nougat. Edgar \u00e9tudie \u00e0 Paris, El\u00e9onore \u00e0 Lille et Manuela \u00e0 Londres. Mais ils ont du r\u00e9pondant. Les deux premiers sont en \u00e9coles de commerce, la troisi\u00e8me suit un cursus de management. Merci les t\u00e9l\u00e9coms et merci surtout le sens de la programmation. Tout l\u2019entretien avec Manuela, en visioconf\u00e9rence <em>channel<\/em> oblige, a montr\u00e9 que la coordination et le planning ne sont pas des mots vides.<\/p>\n\n\n\n<h2 class=\"wp-block-heading\">Conviction<\/h2>\n\n\n\n<p><a href=\"https:\/\/alamodedechezvous.fr\">\u00ab&nbsp;A la mode de chez vous&nbsp;\u00bb<\/a> est n\u00e9 d\u2019une conviction. Il a grandi d\u2019une volont\u00e9 de m\u00e9thode. La conviction&nbsp;: agir pour la plan\u00e8te. N\u2019allons pas jusqu\u2019\u00e0 pr\u00e9tendre que ce n\u2019est pas tendance. Hyper tendance m\u00eame. Bon, mais les arguments lui viennent naturellement \u00e0 la bouche. Elle y croit, elle s\u2019anime&nbsp;: \u00ab&nbsp;La dur\u00e9e de vie des v\u00eatements se r\u00e9duit constamment. On est dans une course \u00e0 la consommation absurde.&nbsp;\u00bb La seconde main est une des solutions, faut-il pr\u00e9ciser qu\u2019on parle de v\u00eatements f\u00e9minins. La mode est un cycle. Vidons l\u2019armoire des grand-m\u00e8res&nbsp;!<\/p>\n\n\n\n<p>Vous l\u2019aurez compris, l\u2019\u00e9quipe milite pour la Slow fashion, c\u2019est-\u00e0-dire l\u2019alternative \u00e0 cette hyperconsommation des v\u00eatements, couramment tax\u00e9e de Fast fashion. Elle s\u2019inscrit contre les \u00ab&nbsp;<em>grandes enseignes de mode [qui] incitent perp\u00e9tuellement les consommateurs \u00e0 acheter et \u00e0 racheter gr\u00e2ce \u00e0 des offres marketing agressives, des sollicitations permanentes et des publicit\u00e9s de r\u00eave.<\/em>&nbsp;\u00bb<a href=\"#_ftn1\">[1]<\/a><\/p>\n\n\n\n<p>La Slow fashion, c\u2019est \u00ab&nbsp;<em>repenser nos comportements d\u2019achat. Plut\u00f4t que de changer, jeter et renouveler sans cesse nos v\u00eatements, il appelle \u00e0 d\u00e9sirer son v\u00eatement, \u00e0 s&rsquo;assurer de son r\u00e9el besoin et bien s\u00fbr, \u00e0 favoriser un v\u00eatement de qualit\u00e9, durable et \u00e9coresponsable. \u00ab\u00a0Consommer moins mais mieux\u00a0\u00bb !<\/em>&nbsp;\u00bb <a href=\"#_ftn2\">[2]<\/a><\/p>\n\n\n\n<p>Un tr\u00e8s beau site d\u00e9velopp\u00e9 par <a href=\"https:\/\/maolab.fr\">Maolab<\/a> illustre des visuels bien con\u00e7us l\u2019esprit de l\u2019engagement.<\/p>\n\n\n\n<h2 class=\"wp-block-heading\">M\u00e9thode<\/h2>\n\n\n\n<p><a href=\"https:\/\/alamodedechezvous.fr\">\u00ab&nbsp;A la mode de chez vous&nbsp;\u00bb<\/a> se fixe deux grands objectifs&nbsp;: faciliter la vente et convaincre d\u2019acheter des 2<sup>e<\/sup> main. Faciliter la vente, c\u2019est d\u2019abord collecter efficacement. La d\u00e9cision \u00ab&nbsp;Je vide mon armoire&nbsp;\u00bb, le don \u00e0 une association ne sont pas des actions simples. Il faut vouloir faire le vide, \u00e9ventuellement laver, forc\u00e9ment se d\u00e9placer.<\/p>\n\n\n\n<div class=\"wp-block-image\"><figure class=\"alignleft size-medium is-resized\"><img decoding=\"async\" src=\"https:\/\/sceaux-lagazette.fr\/wp-content\/uploads\/2022\/03\/AlamodedechezvousLetrioV2-300x200.jpg\" alt=\"\" class=\"wp-image-6064\" width=\"395\" height=\"263\" srcset=\"https:\/\/sceaux-lagazette.fr\/wp-content\/uploads\/2022\/03\/AlamodedechezvousLetrioV2-300x200.jpg 300w, https:\/\/sceaux-lagazette.fr\/wp-content\/uploads\/2022\/03\/AlamodedechezvousLetrioV2-1024x682.jpg 1024w, https:\/\/sceaux-lagazette.fr\/wp-content\/uploads\/2022\/03\/AlamodedechezvousLetrioV2-768x512.jpg 768w, https:\/\/sceaux-lagazette.fr\/wp-content\/uploads\/2022\/03\/AlamodedechezvousLetrioV2-1536x1024.jpg 1536w, https:\/\/sceaux-lagazette.fr\/wp-content\/uploads\/2022\/03\/AlamodedechezvousLetrioV2.jpg 1688w\" sizes=\"(max-width: 395px) 100vw, 395px\" \/><\/figure><\/div>\n\n\n\n<p>Il y a bien la mise en ligne par des sites comme Vinted, \u00ab&nbsp;mais ce n\u2019est pas notre cr\u00e9neau. Nous pr\u00e9f\u00e9rons cr\u00e9er du contact r\u00e9el et avoir la ma\u00eetrise des v\u00eatements en vente&nbsp;\u00bb. Ils trient, car ils veulent trier, organiser par style, par taille. Leur concept n\u2019est pas seulement de vendre, c\u2019est de penser des tendances et de les montrer.<\/p>\n\n\n\n<p>Le deuxi\u00e8me objectif, le convaincre, le \u00ab&nbsp;J\u2019ach\u00e8te responsable&nbsp;\u00bb, c\u2019est pour eux transmuter la seconde main en v\u00eatement joli, tendance, unique. Ils jouent sur le paradoxe de pr\u00e9senter le v\u00eatement selon les crit\u00e8res d\u2019exposition du neuf et de promouvoir en m\u00eame son histoire, sa contribution \u00e0 l\u2019\u00e9conomie circulaire.<\/p>\n\n\n\n<h2 class=\"wp-block-heading\">Magasins \u00e9ph\u00e9m\u00e8res<\/h2>\n\n\n\n<p>Concr\u00e8tement, comme \u00e7a se passe&nbsp;? <em>\u00ab&nbsp;Simplement, dit-elle en projetant dans la peau du vendeur. J\u2019appelle alamodedechez vous, \u2026. Je fais mon tri sur la base des crit\u00e8res&nbsp;: belles mati\u00e8res, made in France, belles marques. Et puis, nous venons chercher les v\u00eatements et proc\u00e9dons \u00e9ventuellement \u00e0 un nouveau tri. Ce qui n\u2019est pas vendable est donn\u00e9 \u00e0 des associations comme la Croix rouge ou Refashion. Ce qui est retenu est \u00e9tiquet\u00e9 et entr\u00e9 en stock.<\/em>&nbsp;\u00bb<\/p>\n\n\n\n<p>Parfois, mais tr\u00e8s marginalement, il y a du nettoyage \u00e0 pr\u00e9voir, un ourlet \u00e0 refaire. Lorsque les transformations n\u00e9cessaires sont importantes et que le v\u00eatement en vaut le coup, il est donn\u00e9 \u00e0 des upcyclers qui le modifient et le commercialise \u00e0 leur convenance.<\/p>\n\n\n\n<div class=\"wp-block-image\"><figure class=\"alignright size-medium\"><img decoding=\"async\" width=\"277\" height=\"300\" src=\"https:\/\/sceaux-lagazette.fr\/wp-content\/uploads\/2022\/03\/AlamodedechezvousPortants-277x300.png\" alt=\"\" class=\"wp-image-6068\" srcset=\"https:\/\/sceaux-lagazette.fr\/wp-content\/uploads\/2022\/03\/AlamodedechezvousPortants-277x300.png 277w, https:\/\/sceaux-lagazette.fr\/wp-content\/uploads\/2022\/03\/AlamodedechezvousPortants.png 502w\" sizes=\"(max-width: 277px) 100vw, 277px\" \/><\/figure><\/div>\n\n\n\n<p>La vente est con\u00e7ue sous forme de magasins \u00e9ph\u00e9m\u00e8res. Ce sont des \u00e9v\u00e9nements qu\u2019ils organisent dans des villes en les espa\u00e7ant assez pour pouvoir recr\u00e9er une collection. Dans ces magasins, ils d\u00e9ploient des portants, accrochent des s\u00e9ries de chemisiers, de robes et de chapeaux. C\u2019est profus, bien arrang\u00e9, \u00e9tudi\u00e9. On n\u2018est pas dans une friperie&nbsp;; on est dans une belle boutique. On est conseill\u00e9. Toute l\u2019\u00e9quipe est mobilis\u00e9e. Elle est \u00e0 l\u2019\u00e9coute. On se parle. Ce n\u2019est pas une d\u00e9crochez-moi-\u00e7a, on parle mati\u00e8re et coloris. On cherche ensemble ce qui peut convenir. <\/p>\n\n\n\n<p>Sur chaque cintre un ruban de couleur indique la taille. Rouge, M&nbsp;; vert S&nbsp;; Violet XL. Si Rimbaud avait plus \u00e9t\u00e9 port\u00e9 sur l\u2019habillement, il aurait sans doute \u00e9crit un sonnet sur les consonnes et les tailles.<\/p>\n\n\n\n<p>Des kak\u00e9monos dispensent aux chalands des nouvelles du front de la consommation&nbsp;: comment \u00eatre belle et responsable, le v\u00eatement qui me va, les m\u00e9rites du vintage. Des partenaires proposent des cr\u00e9ations r\u00e9alis\u00e9es dans une d\u00e9marche d\u2019<em>upcycling<\/em>, c\u2019est-\u00e0-dire bas\u00e9es sur des valorisations de v\u00eatements existants et m\u00e9tamorphos\u00e9s, sur des r\u00e9utilisations de tissus, de laines ou de cuirs.<\/p>\n\n\n\n<p><em>\u00ab&nbsp;La ma\u00eetrise des prix est un aspect essentiel du projet. Nous ne voulons pas brader les belles pi\u00e8ces qui nous sont confi\u00e9es. Nous avons un calcul tr\u00e8s pr\u00e9cis des prix en fonction du prix d\u2019origine estim\u00e9, de la marque, de la mati\u00e8re. Un v\u00eatement est un achat r\u00e9fl\u00e9chi et non compulsif et nous voulons mettre cette valeur au c\u0153ur du projet.&nbsp;\u00bb<\/em><\/p>\n\n\n\n<h2 class=\"wp-block-heading\">Choix associatif<\/h2>\n\n\n\n<p>Car c\u2019est une association qui est \u00e0 la man\u0153uvre, et non un commerce stricto sensu. Elle est sans but lucratif. 50% de la vente est vers\u00e9 au propri\u00e9taire initial et le reste pourvoit aux besoins de fonctionnement. Pas de r\u00e9tribution des membres. Une association fondamentalement \u00e9tudiante et qui, actuellement du moins, souhaite le rester. Ses trois fondateurs&nbsp;: El\u00e9onore s\u2019occupe de la communication, Edgar de la logistique et des collectes, Manuela des partenaires et des salles. Autour d\u2019eux&nbsp;: une dizaine de b\u00e9n\u00e9voles qui participent \u00e0 toutes les op\u00e9rations n\u00e9cessaires.<\/p>\n\n\n\n<p>Pour l\u2019instant, la pr\u00e9sence est principalement en Ile-de-France. \u00ab&nbsp;L\u2019id\u00e9al, ce serait de cr\u00e9er une structure p\u00e9renne mais \u00e9tudiante.&nbsp;\u00bb Chim\u00e8re&nbsp;? Quadrature du cercle&nbsp;? L\u2019avenir dira si une activit\u00e9 peut rester p\u00e9renne tout en \u00e9tant g\u00e9r\u00e9e par des \u00e9tudiants au statut par d\u00e9finition \u00e9ph\u00e9m\u00e8re. Ils creusent le sillon.<\/p>\n\n\n\n<p>Des \u00e9tudiants les rejoignent. Leur profil&nbsp;? \u00ab&nbsp;Pas compliqu\u00e9&nbsp;: \u00eatre convaincu de la Slow fashion, \u00eatre pr\u00e9sents lors des trois ventes annuelles. Ce sont des moments tr\u00e8s importants, c\u2019est l\u00e0 que se cr\u00e9e notre collectif, qu\u2019on se soude&nbsp;!)&nbsp;? Nos visios toutes les deux semaines permettent de rester group\u00e9s et inform\u00e9s de l\u2019avancement. Mais il nous faut aussi \u00eatre ensemble.&nbsp;\u00bb Une derni\u00e8re qualit\u00e9 qu\u2019elle mentionne d\u2019une voix appuy\u00e9e&nbsp;: la bonne humeur&nbsp;! Si elle, pas de convivialit\u00e9 et sans convivialit\u00e9 les ventes perdent de leur originalit\u00e9.<\/p>\n\n\n\n<h2 class=\"wp-block-heading\">En mars \u00e0 Sceaux<\/h2>\n\n\n\n<p>Le prochain magasin \u00e9ph\u00e9m\u00e8re est \u00e0 Sceaux, \u00e0 l\u2019ancienne mairie, les samedi 12 et dimanche 13 mars. Il proposera en outre une formation d\u2019une heure sur la cr\u00e9ation de v\u00eatements. Vous trouverez des d\u00e9tails sur <a href=\"https:\/\/www.facebook.com\/alamodedechezvous\/\">leur page Facebook<\/a>&nbsp;: \u00ab&nbsp;<em>Apr\u00e8s plusieurs mois de collecte intense, nous vous avons d\u00e9nich\u00e9 de tr\u00e8s belles pi\u00e8ces et de tr\u00e8s belles marques. Vous pourrez shopper de super p\u00e9pites lors de cette vente exceptionnelle. <\/em><em>\ud83d\ude0e&nbsp;<\/em>\u00bb Dixit. On n\u2019a pas chang\u00e9 un mot.<\/p>\n\n\n\n<p>On ne changera rien non plus \u00e0 leur devise, joliment trouv\u00e9e&nbsp;: \u00ab&nbsp;<em>La mode d\u2019hier est d\u2019aujourd\u2019hui&nbsp;<\/em>\u00bb.<\/p>\n\n\n\n<figure class=\"wp-block-image size-large\"><img decoding=\"async\" width=\"832\" height=\"561\" src=\"https:\/\/sceaux-lagazette.fr\/wp-content\/uploads\/2022\/03\/AlamodedechezvousPortants2.png\" alt=\"\" class=\"wp-image-6072\" srcset=\"https:\/\/sceaux-lagazette.fr\/wp-content\/uploads\/2022\/03\/AlamodedechezvousPortants2.png 832w, https:\/\/sceaux-lagazette.fr\/wp-content\/uploads\/2022\/03\/AlamodedechezvousPortants2-300x202.png 300w, https:\/\/sceaux-lagazette.fr\/wp-content\/uploads\/2022\/03\/AlamodedechezvousPortants2-768x518.png 768w\" sizes=\"(max-width: 832px) 100vw, 832px\" \/><\/figure>\n\n\n\n<hr class=\"wp-block-separator\"\/>\n\n\n\n<p><a rel=\"noreferrer noopener\" href=\"http:\/\/alamodedechezvous.fr\/wp-content\/uploads\/2022\/01\/Une-journe%CC%81e-A%CC%80-la-mode-V2.mp4\" target=\"_blank\">Une pr\u00e9sentation vid\u00e9o<\/a> par ici, <a href=\"https:\/\/www.facebook.com\/watch\/?v=459191705708305\">des t\u00e9moignages<\/a> par l\u00e0 et<a rel=\"noreferrer noopener\" href=\"https:\/\/www.facebook.com\/alamodedechezvous\/videos\/246870627257842\" target=\"_blank\"> un reportage de France 2<\/a>. <\/p>\n\n\n\n<hr class=\"wp-block-separator\"\/>\n\n\n\n<p><a href=\"#_ftnref1\">[1]<\/a> Source :<a href=\"https:\/\/thelma-rose.com\/blog\/slow-fashion-definition-engagements-enjeux-n13\" target=\"_blank\" rel=\"noreferrer noopener\"> https:\/\/thelma-rose.com\/blog\/slow-fashion-definition-engagements-enjeux-n13<\/a><br><a href=\"#_ftnref2\">[2]<\/a> M\u00eame source<\/p>\n\n\n\n<hr class=\"wp-block-separator\"\/>\n\n\n\n<p><\/p>\n","protected":false},"excerpt":{"rendered":"<p>Tout a commenc\u00e9 avec le covid. \u00ab&nbsp;Nous \u00e9tions souvent inoccup\u00e9s, dit Manuela. Difficile de se mobiliser avec les cours en ligne. A distance, ils n\u2019\u00e9taient pas vraiment passionnants.&nbsp;\u00bb Ils sont trois, El\u00e9onore Edgar et elle, Manuela, qui se connaissent depuis toujours. Le toujours, c\u2019est le lyc\u00e9e. Pendant le premier confinement,&#8230;<\/p>\n","protected":false},"author":6,"featured_media":6063,"comment_status":"open","ping_status":"open","sticky":false,"template":"","format":"standard","meta":{"om_disable_all_campaigns":false,"_monsterinsights_skip_tracking":false,"_monsterinsights_sitenote_active":false,"_monsterinsights_sitenote_note":"","_monsterinsights_sitenote_category":0,"_uf_show_specific_survey":0,"_uf_disable_surveys":false,"footnotes":""},"categories":[59],"tags":[],"class_list":["post-6059","post","type-post","status-publish","format-standard","has-post-thumbnail","hentry","category-portraits","entry","simple"],"yoast_head":"<!-- This site is optimized with the Yoast SEO plugin v25.6 - https:\/\/yoast.com\/wordpress\/plugins\/seo\/ -->\n<title>Modes d\u2019hier et d\u2019aujourd\u2019hui - La Gazette<\/title>\n<meta name=\"robots\" content=\"index, follow, max-snippet:-1, max-image-preview:large, max-video-preview:-1\" \/>\n<link rel=\"canonical\" href=\"https:\/\/sceaux-lagazette.fr\/index.php\/2022\/03\/07\/modes-dhier-et-daujourdhui\/\" \/>\n<meta property=\"og:locale\" content=\"fr_FR\" \/>\n<meta property=\"og:type\" content=\"article\" \/>\n<meta property=\"og:title\" content=\"Modes d\u2019hier et d\u2019aujourd\u2019hui - La Gazette\" \/>\n<meta property=\"og:description\" content=\"Tout a commenc\u00e9 avec le covid. \u00ab&nbsp;Nous \u00e9tions souvent inoccup\u00e9s, dit Manuela. Difficile de se mobiliser avec les cours en ligne. A distance, ils n\u2019\u00e9taient pas vraiment passionnants.&nbsp;\u00bb Ils sont trois, El\u00e9onore Edgar et elle, Manuela, qui se connaissent depuis toujours. Le toujours, c\u2019est le lyc\u00e9e. Pendant le premier confinement,&#8230;\" \/>\n<meta property=\"og:url\" content=\"https:\/\/sceaux-lagazette.fr\/index.php\/2022\/03\/07\/modes-dhier-et-daujourdhui\/\" \/>\n<meta property=\"og:site_name\" content=\"La Gazette\" \/>\n<meta property=\"article:published_time\" content=\"2022-03-07T08:30:58+00:00\" \/>\n<meta property=\"article:modified_time\" content=\"2022-03-07T20:38:55+00:00\" \/>\n<meta property=\"og:image\" content=\"https:\/\/sceaux-lagazette.fr\/wp-content\/uploads\/2022\/03\/AFFICHE-AMCV-SCEAUX-v3.png\" \/>\n\t<meta property=\"og:image:width\" content=\"2402\" \/>\n\t<meta property=\"og:image:height\" content=\"2145\" \/>\n\t<meta property=\"og:image:type\" content=\"image\/png\" \/>\n<meta name=\"author\" content=\"Maurice Zytnicki\" \/>\n<meta name=\"twitter:card\" content=\"summary_large_image\" \/>\n<meta name=\"twitter:label1\" content=\"\u00c9crit par\" \/>\n\t<meta name=\"twitter:data1\" content=\"Maurice Zytnicki\" \/>\n\t<meta name=\"twitter:label2\" content=\"Dur\u00e9e de lecture estim\u00e9e\" \/>\n\t<meta name=\"twitter:data2\" content=\"7 minutes\" \/>\n<script type=\"application\/ld+json\" class=\"yoast-schema-graph\">{\"@context\":\"https:\/\/schema.org\",\"@graph\":[{\"@type\":\"Article\",\"@id\":\"https:\/\/sceaux-lagazette.fr\/index.php\/2022\/03\/07\/modes-dhier-et-daujourdhui\/#article\",\"isPartOf\":{\"@id\":\"https:\/\/sceaux-lagazette.fr\/index.php\/2022\/03\/07\/modes-dhier-et-daujourdhui\/\"},\"author\":{\"name\":\"Maurice Zytnicki\",\"@id\":\"https:\/\/sceaux-lagazette.fr\/#\/schema\/person\/060ab8fc058c4220d9079707a58da9f1\"},\"headline\":\"Modes d\u2019hier et d\u2019aujourd\u2019hui\",\"datePublished\":\"2022-03-07T08:30:58+00:00\",\"dateModified\":\"2022-03-07T20:38:55+00:00\",\"mainEntityOfPage\":{\"@id\":\"https:\/\/sceaux-lagazette.fr\/index.php\/2022\/03\/07\/modes-dhier-et-daujourdhui\/\"},\"wordCount\":1495,\"commentCount\":0,\"publisher\":{\"@id\":\"https:\/\/sceaux-lagazette.fr\/#organization\"},\"image\":{\"@id\":\"https:\/\/sceaux-lagazette.fr\/index.php\/2022\/03\/07\/modes-dhier-et-daujourdhui\/#primaryimage\"},\"thumbnailUrl\":\"https:\/\/sceaux-lagazette.fr\/wp-content\/uploads\/2022\/03\/AFFICHE-AMCV-SCEAUX-v3.png\",\"articleSection\":[\"Portraits\"],\"inLanguage\":\"fr-FR\",\"potentialAction\":[{\"@type\":\"CommentAction\",\"name\":\"Comment\",\"target\":[\"https:\/\/sceaux-lagazette.fr\/index.php\/2022\/03\/07\/modes-dhier-et-daujourdhui\/#respond\"]}]},{\"@type\":\"WebPage\",\"@id\":\"https:\/\/sceaux-lagazette.fr\/index.php\/2022\/03\/07\/modes-dhier-et-daujourdhui\/\",\"url\":\"https:\/\/sceaux-lagazette.fr\/index.php\/2022\/03\/07\/modes-dhier-et-daujourdhui\/\",\"name\":\"Modes d\u2019hier et d\u2019aujourd\u2019hui - La Gazette\",\"isPartOf\":{\"@id\":\"https:\/\/sceaux-lagazette.fr\/#website\"},\"primaryImageOfPage\":{\"@id\":\"https:\/\/sceaux-lagazette.fr\/index.php\/2022\/03\/07\/modes-dhier-et-daujourdhui\/#primaryimage\"},\"image\":{\"@id\":\"https:\/\/sceaux-lagazette.fr\/index.php\/2022\/03\/07\/modes-dhier-et-daujourdhui\/#primaryimage\"},\"thumbnailUrl\":\"https:\/\/sceaux-lagazette.fr\/wp-content\/uploads\/2022\/03\/AFFICHE-AMCV-SCEAUX-v3.png\",\"datePublished\":\"2022-03-07T08:30:58+00:00\",\"dateModified\":\"2022-03-07T20:38:55+00:00\",\"breadcrumb\":{\"@id\":\"https:\/\/sceaux-lagazette.fr\/index.php\/2022\/03\/07\/modes-dhier-et-daujourdhui\/#breadcrumb\"},\"inLanguage\":\"fr-FR\",\"potentialAction\":[{\"@type\":\"ReadAction\",\"target\":[\"https:\/\/sceaux-lagazette.fr\/index.php\/2022\/03\/07\/modes-dhier-et-daujourdhui\/\"]}]},{\"@type\":\"ImageObject\",\"inLanguage\":\"fr-FR\",\"@id\":\"https:\/\/sceaux-lagazette.fr\/index.php\/2022\/03\/07\/modes-dhier-et-daujourdhui\/#primaryimage\",\"url\":\"https:\/\/sceaux-lagazette.fr\/wp-content\/uploads\/2022\/03\/AFFICHE-AMCV-SCEAUX-v3.png\",\"contentUrl\":\"https:\/\/sceaux-lagazette.fr\/wp-content\/uploads\/2022\/03\/AFFICHE-AMCV-SCEAUX-v3.png\",\"width\":2402,\"height\":2145},{\"@type\":\"BreadcrumbList\",\"@id\":\"https:\/\/sceaux-lagazette.fr\/index.php\/2022\/03\/07\/modes-dhier-et-daujourdhui\/#breadcrumb\",\"itemListElement\":[{\"@type\":\"ListItem\",\"position\":1,\"name\":\"Accueil\",\"item\":\"https:\/\/sceaux-lagazette.fr\/\"},{\"@type\":\"ListItem\",\"position\":2,\"name\":\"Modes d\u2019hier et d\u2019aujourd\u2019hui\"}]},{\"@type\":\"WebSite\",\"@id\":\"https:\/\/sceaux-lagazette.fr\/#website\",\"url\":\"https:\/\/sceaux-lagazette.fr\/\",\"name\":\"La Gazette\",\"description\":\"Bourg-la-Reine, Ch\u00e2tenay, Fontenay, Sceaux\",\"publisher\":{\"@id\":\"https:\/\/sceaux-lagazette.fr\/#organization\"},\"potentialAction\":[{\"@type\":\"SearchAction\",\"target\":{\"@type\":\"EntryPoint\",\"urlTemplate\":\"https:\/\/sceaux-lagazette.fr\/?s={search_term_string}\"},\"query-input\":{\"@type\":\"PropertyValueSpecification\",\"valueRequired\":true,\"valueName\":\"search_term_string\"}}],\"inLanguage\":\"fr-FR\"},{\"@type\":\"Organization\",\"@id\":\"https:\/\/sceaux-lagazette.fr\/#organization\",\"name\":\"La Gazette\",\"url\":\"https:\/\/sceaux-lagazette.fr\/\",\"logo\":{\"@type\":\"ImageObject\",\"inLanguage\":\"fr-FR\",\"@id\":\"https:\/\/sceaux-lagazette.fr\/#\/schema\/logo\/image\/\",\"url\":\"https:\/\/sceaux-lagazette.fr\/wp-content\/uploads\/2025\/08\/Logo-Gazette-Aout-2025-V3.jpg\",\"contentUrl\":\"https:\/\/sceaux-lagazette.fr\/wp-content\/uploads\/2025\/08\/Logo-Gazette-Aout-2025-V3.jpg\",\"width\":525,\"height\":130,\"caption\":\"La Gazette\"},\"image\":{\"@id\":\"https:\/\/sceaux-lagazette.fr\/#\/schema\/logo\/image\/\"}},{\"@type\":\"Person\",\"@id\":\"https:\/\/sceaux-lagazette.fr\/#\/schema\/person\/060ab8fc058c4220d9079707a58da9f1\",\"name\":\"Maurice Zytnicki\",\"image\":{\"@type\":\"ImageObject\",\"inLanguage\":\"fr-FR\",\"@id\":\"https:\/\/sceaux-lagazette.fr\/#\/schema\/person\/image\/\",\"url\":\"https:\/\/secure.gravatar.com\/avatar\/d94d30d6fa0e9cb7af48a89366fc0cdb?s=96&r=g\",\"contentUrl\":\"https:\/\/secure.gravatar.com\/avatar\/d94d30d6fa0e9cb7af48a89366fc0cdb?s=96&r=g\",\"caption\":\"Maurice Zytnicki\"},\"url\":\"https:\/\/sceaux-lagazette.fr\/index.php\/author\/maurice\/\"}]}<\/script>\n<!-- \/ Yoast SEO plugin. -->","yoast_head_json":{"title":"Modes d\u2019hier et d\u2019aujourd\u2019hui - La Gazette","robots":{"index":"index","follow":"follow","max-snippet":"max-snippet:-1","max-image-preview":"max-image-preview:large","max-video-preview":"max-video-preview:-1"},"canonical":"https:\/\/sceaux-lagazette.fr\/index.php\/2022\/03\/07\/modes-dhier-et-daujourdhui\/","og_locale":"fr_FR","og_type":"article","og_title":"Modes d\u2019hier et d\u2019aujourd\u2019hui - La Gazette","og_description":"Tout a commenc\u00e9 avec le covid. \u00ab&nbsp;Nous \u00e9tions souvent inoccup\u00e9s, dit Manuela. Difficile de se mobiliser avec les cours en ligne. A distance, ils n\u2019\u00e9taient pas vraiment passionnants.&nbsp;\u00bb Ils sont trois, El\u00e9onore Edgar et elle, Manuela, qui se connaissent depuis toujours. Le toujours, c\u2019est le lyc\u00e9e. Pendant le premier confinement,&#8230;","og_url":"https:\/\/sceaux-lagazette.fr\/index.php\/2022\/03\/07\/modes-dhier-et-daujourdhui\/","og_site_name":"La Gazette","article_published_time":"2022-03-07T08:30:58+00:00","article_modified_time":"2022-03-07T20:38:55+00:00","og_image":[{"width":2402,"height":2145,"url":"https:\/\/sceaux-lagazette.fr\/wp-content\/uploads\/2022\/03\/AFFICHE-AMCV-SCEAUX-v3.png","type":"image\/png"}],"author":"Maurice Zytnicki","twitter_card":"summary_large_image","twitter_misc":{"\u00c9crit par":"Maurice Zytnicki","Dur\u00e9e de lecture estim\u00e9e":"7 minutes"},"schema":{"@context":"https:\/\/schema.org","@graph":[{"@type":"Article","@id":"https:\/\/sceaux-lagazette.fr\/index.php\/2022\/03\/07\/modes-dhier-et-daujourdhui\/#article","isPartOf":{"@id":"https:\/\/sceaux-lagazette.fr\/index.php\/2022\/03\/07\/modes-dhier-et-daujourdhui\/"},"author":{"name":"Maurice Zytnicki","@id":"https:\/\/sceaux-lagazette.fr\/#\/schema\/person\/060ab8fc058c4220d9079707a58da9f1"},"headline":"Modes d\u2019hier et d\u2019aujourd\u2019hui","datePublished":"2022-03-07T08:30:58+00:00","dateModified":"2022-03-07T20:38:55+00:00","mainEntityOfPage":{"@id":"https:\/\/sceaux-lagazette.fr\/index.php\/2022\/03\/07\/modes-dhier-et-daujourdhui\/"},"wordCount":1495,"commentCount":0,"publisher":{"@id":"https:\/\/sceaux-lagazette.fr\/#organization"},"image":{"@id":"https:\/\/sceaux-lagazette.fr\/index.php\/2022\/03\/07\/modes-dhier-et-daujourdhui\/#primaryimage"},"thumbnailUrl":"https:\/\/sceaux-lagazette.fr\/wp-content\/uploads\/2022\/03\/AFFICHE-AMCV-SCEAUX-v3.png","articleSection":["Portraits"],"inLanguage":"fr-FR","potentialAction":[{"@type":"CommentAction","name":"Comment","target":["https:\/\/sceaux-lagazette.fr\/index.php\/2022\/03\/07\/modes-dhier-et-daujourdhui\/#respond"]}]},{"@type":"WebPage","@id":"https:\/\/sceaux-lagazette.fr\/index.php\/2022\/03\/07\/modes-dhier-et-daujourdhui\/","url":"https:\/\/sceaux-lagazette.fr\/index.php\/2022\/03\/07\/modes-dhier-et-daujourdhui\/","name":"Modes d\u2019hier et d\u2019aujourd\u2019hui - La Gazette","isPartOf":{"@id":"https:\/\/sceaux-lagazette.fr\/#website"},"primaryImageOfPage":{"@id":"https:\/\/sceaux-lagazette.fr\/index.php\/2022\/03\/07\/modes-dhier-et-daujourdhui\/#primaryimage"},"image":{"@id":"https:\/\/sceaux-lagazette.fr\/index.php\/2022\/03\/07\/modes-dhier-et-daujourdhui\/#primaryimage"},"thumbnailUrl":"https:\/\/sceaux-lagazette.fr\/wp-content\/uploads\/2022\/03\/AFFICHE-AMCV-SCEAUX-v3.png","datePublished":"2022-03-07T08:30:58+00:00","dateModified":"2022-03-07T20:38:55+00:00","breadcrumb":{"@id":"https:\/\/sceaux-lagazette.fr\/index.php\/2022\/03\/07\/modes-dhier-et-daujourdhui\/#breadcrumb"},"inLanguage":"fr-FR","potentialAction":[{"@type":"ReadAction","target":["https:\/\/sceaux-lagazette.fr\/index.php\/2022\/03\/07\/modes-dhier-et-daujourdhui\/"]}]},{"@type":"ImageObject","inLanguage":"fr-FR","@id":"https:\/\/sceaux-lagazette.fr\/index.php\/2022\/03\/07\/modes-dhier-et-daujourdhui\/#primaryimage","url":"https:\/\/sceaux-lagazette.fr\/wp-content\/uploads\/2022\/03\/AFFICHE-AMCV-SCEAUX-v3.png","contentUrl":"https:\/\/sceaux-lagazette.fr\/wp-content\/uploads\/2022\/03\/AFFICHE-AMCV-SCEAUX-v3.png","width":2402,"height":2145},{"@type":"BreadcrumbList","@id":"https:\/\/sceaux-lagazette.fr\/index.php\/2022\/03\/07\/modes-dhier-et-daujourdhui\/#breadcrumb","itemListElement":[{"@type":"ListItem","position":1,"name":"Accueil","item":"https:\/\/sceaux-lagazette.fr\/"},{"@type":"ListItem","position":2,"name":"Modes d\u2019hier et d\u2019aujourd\u2019hui"}]},{"@type":"WebSite","@id":"https:\/\/sceaux-lagazette.fr\/#website","url":"https:\/\/sceaux-lagazette.fr\/","name":"La Gazette","description":"Bourg-la-Reine, Ch\u00e2tenay, Fontenay, Sceaux","publisher":{"@id":"https:\/\/sceaux-lagazette.fr\/#organization"},"potentialAction":[{"@type":"SearchAction","target":{"@type":"EntryPoint","urlTemplate":"https:\/\/sceaux-lagazette.fr\/?s={search_term_string}"},"query-input":{"@type":"PropertyValueSpecification","valueRequired":true,"valueName":"search_term_string"}}],"inLanguage":"fr-FR"},{"@type":"Organization","@id":"https:\/\/sceaux-lagazette.fr\/#organization","name":"La Gazette","url":"https:\/\/sceaux-lagazette.fr\/","logo":{"@type":"ImageObject","inLanguage":"fr-FR","@id":"https:\/\/sceaux-lagazette.fr\/#\/schema\/logo\/image\/","url":"https:\/\/sceaux-lagazette.fr\/wp-content\/uploads\/2025\/08\/Logo-Gazette-Aout-2025-V3.jpg","contentUrl":"https:\/\/sceaux-lagazette.fr\/wp-content\/uploads\/2025\/08\/Logo-Gazette-Aout-2025-V3.jpg","width":525,"height":130,"caption":"La Gazette"},"image":{"@id":"https:\/\/sceaux-lagazette.fr\/#\/schema\/logo\/image\/"}},{"@type":"Person","@id":"https:\/\/sceaux-lagazette.fr\/#\/schema\/person\/060ab8fc058c4220d9079707a58da9f1","name":"Maurice Zytnicki","image":{"@type":"ImageObject","inLanguage":"fr-FR","@id":"https:\/\/sceaux-lagazette.fr\/#\/schema\/person\/image\/","url":"https:\/\/secure.gravatar.com\/avatar\/d94d30d6fa0e9cb7af48a89366fc0cdb?s=96&r=g","contentUrl":"https:\/\/secure.gravatar.com\/avatar\/d94d30d6fa0e9cb7af48a89366fc0cdb?s=96&r=g","caption":"Maurice Zytnicki"},"url":"https:\/\/sceaux-lagazette.fr\/index.php\/author\/maurice\/"}]}},"cc_featured_image_caption":{"caption_text":"Source : alamodedechezvous","source_text":"","source_url":""},"_links":{"self":[{"href":"https:\/\/sceaux-lagazette.fr\/index.php\/wp-json\/wp\/v2\/posts\/6059"}],"collection":[{"href":"https:\/\/sceaux-lagazette.fr\/index.php\/wp-json\/wp\/v2\/posts"}],"about":[{"href":"https:\/\/sceaux-lagazette.fr\/index.php\/wp-json\/wp\/v2\/types\/post"}],"author":[{"embeddable":true,"href":"https:\/\/sceaux-lagazette.fr\/index.php\/wp-json\/wp\/v2\/users\/6"}],"replies":[{"embeddable":true,"href":"https:\/\/sceaux-lagazette.fr\/index.php\/wp-json\/wp\/v2\/comments?post=6059"}],"version-history":[{"count":8,"href":"https:\/\/sceaux-lagazette.fr\/index.php\/wp-json\/wp\/v2\/posts\/6059\/revisions"}],"predecessor-version":[{"id":6109,"href":"https:\/\/sceaux-lagazette.fr\/index.php\/wp-json\/wp\/v2\/posts\/6059\/revisions\/6109"}],"wp:featuredmedia":[{"embeddable":true,"href":"https:\/\/sceaux-lagazette.fr\/index.php\/wp-json\/wp\/v2\/media\/6063"}],"wp:attachment":[{"href":"https:\/\/sceaux-lagazette.fr\/index.php\/wp-json\/wp\/v2\/media?parent=6059"}],"wp:term":[{"taxonomy":"category","embeddable":true,"href":"https:\/\/sceaux-lagazette.fr\/index.php\/wp-json\/wp\/v2\/categories?post=6059"},{"taxonomy":"post_tag","embeddable":true,"href":"https:\/\/sceaux-lagazette.fr\/index.php\/wp-json\/wp\/v2\/tags?post=6059"}],"curies":[{"name":"wp","href":"https:\/\/api.w.org\/{rel}","templated":true}]}}