{"id":5939,"date":"2022-02-25T09:07:21","date_gmt":"2022-02-25T08:07:21","guid":{"rendered":"https:\/\/sceaux-lagazette.fr\/?p=5939"},"modified":"2022-02-26T09:05:11","modified_gmt":"2022-02-26T08:05:11","slug":"22-vla-les-scouts","status":"publish","type":"post","link":"https:\/\/sceaux-lagazette.fr\/index.php\/2022\/02\/25\/22-vla-les-scouts\/","title":{"rendered":"22, v\u2019la les scouts !"},"content":{"rendered":"\n<p>La notation classique de la journ\u00e9e du 22 f\u00e9vrier 2022 (soit 22-02-2022) en fait un palindrome. C\u2019est-\u00e0-dire que si on le lit de droite \u00e0 gauche, on obtient le m\u00eame r\u00e9sultat que si on le lit de gauche \u00e0 droite (du moins si on ne s\u2019int\u00e9resse qu\u2019aux chiffres et qu\u2019on fait abstraction des tirets).<\/p>\n\n\n\n<p>Wikip\u00e9dia <a href=\"https:\/\/fr.wikipedia.org\/wiki\/Palindrome\" target=\"_blank\" rel=\"noreferrer noopener\">nous propose<\/a> quelques exemples de mots palindromes (comme radar, kayak ou ressasser) ainsi que des expressions comme palindrome \u00ab&nbsp;Engage le jeu que je le gagne&nbsp;\u00bb&nbsp;;<\/p>\n\n\n\n<p>Des dates palindromes, il y en a d\u00e9j\u00e0 eu l\u2019ann\u00e9e derni\u00e8re (12-02-2021), mais il n\u2019y en aura plus avant longtemps&nbsp;: l\u2019an prochain, lire de droite \u00e0 gauche fera commencer par un 32, et nos mois n\u2019ont que 31 jours au maximum\u2026<\/p>\n\n\n\n<p>Lib\u00e9ration avait surtout relev\u00e9 que la date du 22 f\u00e9vrier \u00e9tait pleine de \u00ab&nbsp;2&nbsp;\u00bb et en a fait <a href=\"https:\/\/www.liberation.fr\/idees-et-debats\/22022022-libe-voit-des-2-partout-20220221_D3T3H2JU35APFH2PAWOTA7XMSE\/\" target=\"_blank\" rel=\"noreferrer noopener\">sa couverture<\/a>.<\/p>\n\n\n\n<h2 class=\"wp-block-heading\">Date anniversaire<\/h2>\n\n\n\n<p>Mais le 22 f\u00e9vrier n\u2019\u00e9tait pas qu\u2019un palindrome, c\u2019\u00e9tait aussi la journ\u00e9e mondiale du scoutisme&nbsp;: son fondateur, <a href=\"https:\/\/fr.wikipedia.org\/wiki\/Robert_Baden-Powell\" target=\"_blank\" rel=\"noreferrer noopener\">Robert Baden-Powell<\/a>, est n\u00e9 le 22 f\u00e9vrier 1857. Un mouvement d\u00e9j\u00e0 vieux de 115 ans dans le monde, mais qui semble bien vivant si on regarde l\u2019\u00e9volution de ses effectifs&nbsp;:&nbsp; en 2008, Wikip\u00e9dia <a href=\"https:\/\/fr.wikipedia.org\/wiki\/Scoutisme\" target=\"_blank\" rel=\"noreferrer noopener\">comptait<\/a> 28 millions de scouts dans le monde, et le mouvement en affiche aujourd\u2019hui plus de 50 millions, avec un objectif de 100 millions avant la fin de la d\u00e9cennie.<\/p>\n\n\n\n<p>Les U.S.A., qui comptent plusieurs millions de scouts, ont longtemps \u00e9t\u00e9 le pays qui en comptait le plus. Onze des 12 am\u00e9ricains qui ont march\u00e9 sur la lune avaient \u00e9t\u00e9 scouts.<\/p>\n\n\n\n<p>Aujourd\u2019hui, on trouve en Indon\u00e9sie, aux Philippines ou en Inde des associations scoutes nationales comptant plusieurs millions d\u2019adh\u00e9rents. Dans ces pays, le scoutisme est consid\u00e9r\u00e9 comme un outil de d\u00e9veloppement et d\u2019\u00e9ducation particuli\u00e8rement pertinent.<\/p>\n\n\n\n<p>L<a href=\"https:\/\/www.scout.org\/fr\/node\/6894\" target=\"_blank\" rel=\"noreferrer noopener\">\u2019organisation mondiale du scoutisme<\/a> ne reconnait qu\u2019<a href=\"https:\/\/www.scout.org\/fr\/node\/6890\" target=\"_blank\" rel=\"noreferrer noopener\">une association par pays<\/a>, association qui peut \u00eatre une f\u00e9d\u00e9ration. En France, il s\u2019agit de l\u2019<a href=\"https:\/\/www.scoutisme-francais.fr\/\" target=\"_blank\" rel=\"noreferrer noopener\">association du scoutisme fran\u00e7ais<\/a> (fond\u00e9e en 1941) qui regroupe les <a href=\"https:\/\/sgdf.fr\/\" target=\"_blank\" rel=\"noreferrer noopener\">Scouts et Guides de France<\/a> (SGDF), les <a href=\"https:\/\/www.eedf.fr\/\" target=\"_blank\" rel=\"noreferrer noopener\">\u00c9claireurs et \u00c9claireuses de France <\/a>(EEDF), les <a href=\"https:\/\/eeudf.org\/\" target=\"_blank\" rel=\"noreferrer noopener\">\u00c9claireurs et \u00c9claireurs unionistes de France<\/a> (EEUDF), les<a href=\"https:\/\/www.eeif.org\/\" target=\"_blank\" rel=\"noreferrer noopener\"> \u00c9claireurs et \u00c9claireuses isra\u00e9lites de France <\/a>(EEIDF), les <a href=\"https:\/\/scoutsmusulmans.fr\/\" target=\"_blank\" rel=\"noreferrer noopener\">Scouts musulmans de France<\/a> et les <a href=\"https:\/\/www.edln.org\/\" target=\"_blank\" rel=\"noreferrer noopener\">\u00c9claireurs de la nature<\/a> (EDLN).<\/p>\n\n\n\n<p>Le scoutisme s\u2019est assez peu d\u00e9velopp\u00e9 en France (le mouvement a plus d\u2019adh\u00e9rents en Belgique, pays qui compte pourtant 6 fois moins d\u2019habitants) mais il peut s\u2019enorgueillir de compter parmi ses anciens des personnalit\u00e9s comme l\u2019<a href=\"https:\/\/fr.scoutwiki.org\/Henri_Grou%C3%A8s\" target=\"_blank\" rel=\"noreferrer noopener\">Abb\u00e9 Pierre <\/a>(chez les <a href=\"https:\/\/fr.wikipedia.org\/wiki\/Scouts_de_France\" target=\"_blank\" rel=\"noreferrer noopener\">Scouts de France<\/a>), <a href=\"https:\/\/fr.scoutwiki.org\/Simone_Veil\" target=\"_blank\" rel=\"noreferrer noopener\">Simone Veil<\/a> (\u00e0 la <a href=\"https:\/\/fr.scoutwiki.org\/F%C3%A9d%C3%A9ration_fran%C3%A7aise_des_%C3%A9claireuses\" target=\"_blank\" rel=\"noreferrer noopener\">FFE<\/a> d\u2019o\u00f9 sont issus les EEIDF ) ou <a href=\"https:\/\/fr.scoutwiki.org\/Jean-Jacques_Goldman\" target=\"_blank\" rel=\"noreferrer noopener\">Jean-Jacques Goldmann<\/a> (chez les <a href=\"https:\/\/fr.wikipedia.org\/wiki\/%C3%89claireuses_%C3%89claireurs_de_France\" target=\"_blank\" rel=\"noreferrer noopener\">EEDF<\/a>). Certains ont m\u00eame \u00e9t\u00e9 adultes responsables, souvent de longues ann\u00e9es, comme <a href=\"https:\/\/fr.scoutwiki.org\/Michel_Rocard\" target=\"_blank\" rel=\"noreferrer noopener\">Michel Rocard<\/a> et <a href=\"https:\/\/fr.wikipedia.org\/wiki\/Esther_Duflo\" target=\"_blank\" rel=\"noreferrer noopener\">Esther Duflot<\/a> (chez les <a href=\"https:\/\/fr.wikipedia.org\/wiki\/%C3%89claireuses_et_%C3%89claireurs_unionistes_de_France\" target=\"_blank\" rel=\"noreferrer noopener\">EEUDF<\/a> tous deux).<\/p>\n\n\n\n<p>L\u2019ensemble des associations de scoutisme ont souffert de la m\u00e9diatisation de deux affaires li\u00e9es \u00e0 deux associations marginales utilisant le nom de \u00ab&nbsp;scout&nbsp;\u00bb (celui-ci n\u2019est pas prot\u00e9g\u00e9), celle de l\u2019abb\u00e9 Cottard (5 morts par imprudence) et celle de l\u2019abb\u00e9 Preynat (p\u00e9dophilie). La m\u00e9diatisation de la premi\u00e8re s\u2019est traduite \u00e0 la fin des ann\u00e9es 90 par une baisse s\u00e9v\u00e8re des effectifs d\u2019associations qui n\u2019y \u00e9taient pourtant pas li\u00e9es (division par deux des effectifs pour le scoutisme fran\u00e7ais entre 1990 et 2004). Pourtant les associations affili\u00e9es ont pris depuis longtemps des mesures pour assurer la s\u00e9curit\u00e9 des jeunes qui leurs sont confi\u00e9s. Le <a href=\"https:\/\/www.sports.gouv.fr\/IMG\/pdf\/scouts_et_guidesdefrance.pdf\" target=\"_blank\" rel=\"noreferrer noopener\">rapport d\u2019inspection<\/a> de la jeunesse et des sports \u00e9tabli en 2019 \u00e0 la suite du contr\u00f4le de l\u2019association SGDF souligne dans sa synth\u00e8se que \u00ab&nbsp;<em>sa pr\u00e9occupation constante de la s\u00e9curit\u00e9 des mineurs accueillis se traduit par une politique volontariste de protection de l\u2019enfance et de lutte contre la p\u00e9do-criminalit\u00e9, sur laquelle elle communique tant en interne qu\u2019en externe au mouvement&nbsp;<\/em>\u00bb.<\/p>\n\n\n\n<p>Depuis, la croissance des effectifs est largement de retour, y compris malgr\u00e9 l\u2019\u00e9pisode du Covid. Les SGDF, par exemple, ont vu leurs effectifs cro\u00eetre de 50 % depuis la fusion entre les Scouts de France et les Guides de France en 2003. Il est probable que le regain d\u2019int\u00e9r\u00eat de la population pour la nature et l\u2019environnement soit une des raisons de cette croissance. Sur la base d\u2019une augmentation des effectifs de 2% par an, le nombre de scouts s\u2019\u00e9l\u00e8vera \u00e0 222.222 dans 22 ans si l\u2019effectif aujourd\u2019hui est de 143742. CQFD<\/p>\n","protected":false},"excerpt":{"rendered":"<p>La notation classique de la journ\u00e9e du 22 f\u00e9vrier 2022 (soit 22-02-2022) en fait un palindrome. C\u2019est-\u00e0-dire que si on le lit de droite \u00e0 gauche, on obtient le m\u00eame r\u00e9sultat que si on le lit de gauche \u00e0 droite (du moins si on ne s\u2019int\u00e9resse qu\u2019aux chiffres et qu\u2019on&#8230;<\/p>\n","protected":false},"author":11,"featured_media":5943,"comment_status":"open","ping_status":"open","sticky":false,"template":"","format":"standard","meta":{"om_disable_all_campaigns":false,"_monsterinsights_skip_tracking":false,"_monsterinsights_sitenote_active":false,"_monsterinsights_sitenote_note":"","_monsterinsights_sitenote_category":0,"_uf_show_specific_survey":0,"_uf_disable_surveys":false,"footnotes":""},"categories":[53],"tags":[],"class_list":["post-5939","post","type-post","status-publish","format-standard","has-post-thumbnail","hentry","category-analyses","entry","simple"],"yoast_head":"<!-- This site is optimized with the Yoast SEO plugin v25.6 - https:\/\/yoast.com\/wordpress\/plugins\/seo\/ -->\n<title>22, v\u2019la les scouts ! - La Gazette<\/title>\n<meta name=\"robots\" content=\"index, follow, max-snippet:-1, max-image-preview:large, max-video-preview:-1\" \/>\n<link rel=\"canonical\" href=\"https:\/\/sceaux-lagazette.fr\/index.php\/2022\/02\/25\/22-vla-les-scouts\/\" \/>\n<meta property=\"og:locale\" content=\"fr_FR\" \/>\n<meta property=\"og:type\" content=\"article\" \/>\n<meta property=\"og:title\" content=\"22, v\u2019la les scouts ! - La Gazette\" \/>\n<meta property=\"og:description\" content=\"La notation classique de la journ\u00e9e du 22 f\u00e9vrier 2022 (soit 22-02-2022) en fait un palindrome. C\u2019est-\u00e0-dire que si on le lit de droite \u00e0 gauche, on obtient le m\u00eame r\u00e9sultat que si on le lit de gauche \u00e0 droite (du moins si on ne s\u2019int\u00e9resse qu\u2019aux chiffres et qu\u2019on&#8230;\" \/>\n<meta property=\"og:url\" content=\"https:\/\/sceaux-lagazette.fr\/index.php\/2022\/02\/25\/22-vla-les-scouts\/\" \/>\n<meta property=\"og:site_name\" content=\"La Gazette\" \/>\n<meta property=\"article:published_time\" content=\"2022-02-25T08:07:21+00:00\" \/>\n<meta property=\"article:modified_time\" content=\"2022-02-26T08:05:11+00:00\" \/>\n<meta property=\"og:image\" content=\"https:\/\/sceaux-lagazette.fr\/wp-content\/uploads\/2022\/02\/22-02-2022.png\" \/>\n\t<meta property=\"og:image:width\" content=\"2000\" \/>\n\t<meta property=\"og:image:height\" content=\"717\" \/>\n\t<meta property=\"og:image:type\" content=\"image\/png\" \/>\n<meta name=\"author\" content=\"G\u00e9rard Bardier\" \/>\n<meta name=\"twitter:card\" content=\"summary_large_image\" \/>\n<meta name=\"twitter:label1\" content=\"\u00c9crit par\" \/>\n\t<meta name=\"twitter:data1\" content=\"G\u00e9rard Bardier\" \/>\n\t<meta name=\"twitter:label2\" content=\"Dur\u00e9e de lecture estim\u00e9e\" \/>\n\t<meta name=\"twitter:data2\" content=\"4 minutes\" \/>\n<script type=\"application\/ld+json\" class=\"yoast-schema-graph\">{\"@context\":\"https:\/\/schema.org\",\"@graph\":[{\"@type\":\"Article\",\"@id\":\"https:\/\/sceaux-lagazette.fr\/index.php\/2022\/02\/25\/22-vla-les-scouts\/#article\",\"isPartOf\":{\"@id\":\"https:\/\/sceaux-lagazette.fr\/index.php\/2022\/02\/25\/22-vla-les-scouts\/\"},\"author\":{\"name\":\"G\u00e9rard Bardier\",\"@id\":\"https:\/\/sceaux-lagazette.fr\/#\/schema\/person\/5650e206a121f68c6f5e76379bccfbc4\"},\"headline\":\"22, v\u2019la les scouts !\",\"datePublished\":\"2022-02-25T08:07:21+00:00\",\"dateModified\":\"2022-02-26T08:05:11+00:00\",\"mainEntityOfPage\":{\"@id\":\"https:\/\/sceaux-lagazette.fr\/index.php\/2022\/02\/25\/22-vla-les-scouts\/\"},\"wordCount\":777,\"commentCount\":0,\"publisher\":{\"@id\":\"https:\/\/sceaux-lagazette.fr\/#organization\"},\"image\":{\"@id\":\"https:\/\/sceaux-lagazette.fr\/index.php\/2022\/02\/25\/22-vla-les-scouts\/#primaryimage\"},\"thumbnailUrl\":\"https:\/\/sceaux-lagazette.fr\/wp-content\/uploads\/2022\/02\/22-02-2022.png\",\"articleSection\":[\"Analyses\"],\"inLanguage\":\"fr-FR\",\"potentialAction\":[{\"@type\":\"CommentAction\",\"name\":\"Comment\",\"target\":[\"https:\/\/sceaux-lagazette.fr\/index.php\/2022\/02\/25\/22-vla-les-scouts\/#respond\"]}]},{\"@type\":\"WebPage\",\"@id\":\"https:\/\/sceaux-lagazette.fr\/index.php\/2022\/02\/25\/22-vla-les-scouts\/\",\"url\":\"https:\/\/sceaux-lagazette.fr\/index.php\/2022\/02\/25\/22-vla-les-scouts\/\",\"name\":\"22, v\u2019la les scouts ! - La Gazette\",\"isPartOf\":{\"@id\":\"https:\/\/sceaux-lagazette.fr\/#website\"},\"primaryImageOfPage\":{\"@id\":\"https:\/\/sceaux-lagazette.fr\/index.php\/2022\/02\/25\/22-vla-les-scouts\/#primaryimage\"},\"image\":{\"@id\":\"https:\/\/sceaux-lagazette.fr\/index.php\/2022\/02\/25\/22-vla-les-scouts\/#primaryimage\"},\"thumbnailUrl\":\"https:\/\/sceaux-lagazette.fr\/wp-content\/uploads\/2022\/02\/22-02-2022.png\",\"datePublished\":\"2022-02-25T08:07:21+00:00\",\"dateModified\":\"2022-02-26T08:05:11+00:00\",\"breadcrumb\":{\"@id\":\"https:\/\/sceaux-lagazette.fr\/index.php\/2022\/02\/25\/22-vla-les-scouts\/#breadcrumb\"},\"inLanguage\":\"fr-FR\",\"potentialAction\":[{\"@type\":\"ReadAction\",\"target\":[\"https:\/\/sceaux-lagazette.fr\/index.php\/2022\/02\/25\/22-vla-les-scouts\/\"]}]},{\"@type\":\"ImageObject\",\"inLanguage\":\"fr-FR\",\"@id\":\"https:\/\/sceaux-lagazette.fr\/index.php\/2022\/02\/25\/22-vla-les-scouts\/#primaryimage\",\"url\":\"https:\/\/sceaux-lagazette.fr\/wp-content\/uploads\/2022\/02\/22-02-2022.png\",\"contentUrl\":\"https:\/\/sceaux-lagazette.fr\/wp-content\/uploads\/2022\/02\/22-02-2022.png\",\"width\":2000,\"height\":717},{\"@type\":\"BreadcrumbList\",\"@id\":\"https:\/\/sceaux-lagazette.fr\/index.php\/2022\/02\/25\/22-vla-les-scouts\/#breadcrumb\",\"itemListElement\":[{\"@type\":\"ListItem\",\"position\":1,\"name\":\"Accueil\",\"item\":\"https:\/\/sceaux-lagazette.fr\/\"},{\"@type\":\"ListItem\",\"position\":2,\"name\":\"22, v\u2019la les scouts !\"}]},{\"@type\":\"WebSite\",\"@id\":\"https:\/\/sceaux-lagazette.fr\/#website\",\"url\":\"https:\/\/sceaux-lagazette.fr\/\",\"name\":\"La Gazette\",\"description\":\"Bourg-la-Reine, Ch\u00e2tenay, Fontenay, Sceaux\",\"publisher\":{\"@id\":\"https:\/\/sceaux-lagazette.fr\/#organization\"},\"potentialAction\":[{\"@type\":\"SearchAction\",\"target\":{\"@type\":\"EntryPoint\",\"urlTemplate\":\"https:\/\/sceaux-lagazette.fr\/?s={search_term_string}\"},\"query-input\":{\"@type\":\"PropertyValueSpecification\",\"valueRequired\":true,\"valueName\":\"search_term_string\"}}],\"inLanguage\":\"fr-FR\"},{\"@type\":\"Organization\",\"@id\":\"https:\/\/sceaux-lagazette.fr\/#organization\",\"name\":\"La Gazette\",\"url\":\"https:\/\/sceaux-lagazette.fr\/\",\"logo\":{\"@type\":\"ImageObject\",\"inLanguage\":\"fr-FR\",\"@id\":\"https:\/\/sceaux-lagazette.fr\/#\/schema\/logo\/image\/\",\"url\":\"https:\/\/sceaux-lagazette.fr\/wp-content\/uploads\/2025\/08\/Logo-Gazette-Aout-2025-V3.jpg\",\"contentUrl\":\"https:\/\/sceaux-lagazette.fr\/wp-content\/uploads\/2025\/08\/Logo-Gazette-Aout-2025-V3.jpg\",\"width\":525,\"height\":130,\"caption\":\"La Gazette\"},\"image\":{\"@id\":\"https:\/\/sceaux-lagazette.fr\/#\/schema\/logo\/image\/\"}},{\"@type\":\"Person\",\"@id\":\"https:\/\/sceaux-lagazette.fr\/#\/schema\/person\/5650e206a121f68c6f5e76379bccfbc4\",\"name\":\"G\u00e9rard Bardier\",\"image\":{\"@type\":\"ImageObject\",\"inLanguage\":\"fr-FR\",\"@id\":\"https:\/\/sceaux-lagazette.fr\/#\/schema\/person\/image\/\",\"url\":\"https:\/\/secure.gravatar.com\/avatar\/5cf4391ef9dbc0367750202561279a29?s=96&r=g\",\"contentUrl\":\"https:\/\/secure.gravatar.com\/avatar\/5cf4391ef9dbc0367750202561279a29?s=96&r=g\",\"caption\":\"G\u00e9rard Bardier\"},\"url\":\"https:\/\/sceaux-lagazette.fr\/index.php\/author\/gb\/\"}]}<\/script>\n<!-- \/ Yoast SEO plugin. -->","yoast_head_json":{"title":"22, v\u2019la les scouts ! - La Gazette","robots":{"index":"index","follow":"follow","max-snippet":"max-snippet:-1","max-image-preview":"max-image-preview:large","max-video-preview":"max-video-preview:-1"},"canonical":"https:\/\/sceaux-lagazette.fr\/index.php\/2022\/02\/25\/22-vla-les-scouts\/","og_locale":"fr_FR","og_type":"article","og_title":"22, v\u2019la les scouts ! - La Gazette","og_description":"La notation classique de la journ\u00e9e du 22 f\u00e9vrier 2022 (soit 22-02-2022) en fait un palindrome. C\u2019est-\u00e0-dire que si on le lit de droite \u00e0 gauche, on obtient le m\u00eame r\u00e9sultat que si on le lit de gauche \u00e0 droite (du moins si on ne s\u2019int\u00e9resse qu\u2019aux chiffres et qu\u2019on&#8230;","og_url":"https:\/\/sceaux-lagazette.fr\/index.php\/2022\/02\/25\/22-vla-les-scouts\/","og_site_name":"La Gazette","article_published_time":"2022-02-25T08:07:21+00:00","article_modified_time":"2022-02-26T08:05:11+00:00","og_image":[{"width":2000,"height":717,"url":"https:\/\/sceaux-lagazette.fr\/wp-content\/uploads\/2022\/02\/22-02-2022.png","type":"image\/png"}],"author":"G\u00e9rard Bardier","twitter_card":"summary_large_image","twitter_misc":{"\u00c9crit par":"G\u00e9rard Bardier","Dur\u00e9e de lecture estim\u00e9e":"4 minutes"},"schema":{"@context":"https:\/\/schema.org","@graph":[{"@type":"Article","@id":"https:\/\/sceaux-lagazette.fr\/index.php\/2022\/02\/25\/22-vla-les-scouts\/#article","isPartOf":{"@id":"https:\/\/sceaux-lagazette.fr\/index.php\/2022\/02\/25\/22-vla-les-scouts\/"},"author":{"name":"G\u00e9rard Bardier","@id":"https:\/\/sceaux-lagazette.fr\/#\/schema\/person\/5650e206a121f68c6f5e76379bccfbc4"},"headline":"22, v\u2019la les scouts !","datePublished":"2022-02-25T08:07:21+00:00","dateModified":"2022-02-26T08:05:11+00:00","mainEntityOfPage":{"@id":"https:\/\/sceaux-lagazette.fr\/index.php\/2022\/02\/25\/22-vla-les-scouts\/"},"wordCount":777,"commentCount":0,"publisher":{"@id":"https:\/\/sceaux-lagazette.fr\/#organization"},"image":{"@id":"https:\/\/sceaux-lagazette.fr\/index.php\/2022\/02\/25\/22-vla-les-scouts\/#primaryimage"},"thumbnailUrl":"https:\/\/sceaux-lagazette.fr\/wp-content\/uploads\/2022\/02\/22-02-2022.png","articleSection":["Analyses"],"inLanguage":"fr-FR","potentialAction":[{"@type":"CommentAction","name":"Comment","target":["https:\/\/sceaux-lagazette.fr\/index.php\/2022\/02\/25\/22-vla-les-scouts\/#respond"]}]},{"@type":"WebPage","@id":"https:\/\/sceaux-lagazette.fr\/index.php\/2022\/02\/25\/22-vla-les-scouts\/","url":"https:\/\/sceaux-lagazette.fr\/index.php\/2022\/02\/25\/22-vla-les-scouts\/","name":"22, v\u2019la les scouts ! - La Gazette","isPartOf":{"@id":"https:\/\/sceaux-lagazette.fr\/#website"},"primaryImageOfPage":{"@id":"https:\/\/sceaux-lagazette.fr\/index.php\/2022\/02\/25\/22-vla-les-scouts\/#primaryimage"},"image":{"@id":"https:\/\/sceaux-lagazette.fr\/index.php\/2022\/02\/25\/22-vla-les-scouts\/#primaryimage"},"thumbnailUrl":"https:\/\/sceaux-lagazette.fr\/wp-content\/uploads\/2022\/02\/22-02-2022.png","datePublished":"2022-02-25T08:07:21+00:00","dateModified":"2022-02-26T08:05:11+00:00","breadcrumb":{"@id":"https:\/\/sceaux-lagazette.fr\/index.php\/2022\/02\/25\/22-vla-les-scouts\/#breadcrumb"},"inLanguage":"fr-FR","potentialAction":[{"@type":"ReadAction","target":["https:\/\/sceaux-lagazette.fr\/index.php\/2022\/02\/25\/22-vla-les-scouts\/"]}]},{"@type":"ImageObject","inLanguage":"fr-FR","@id":"https:\/\/sceaux-lagazette.fr\/index.php\/2022\/02\/25\/22-vla-les-scouts\/#primaryimage","url":"https:\/\/sceaux-lagazette.fr\/wp-content\/uploads\/2022\/02\/22-02-2022.png","contentUrl":"https:\/\/sceaux-lagazette.fr\/wp-content\/uploads\/2022\/02\/22-02-2022.png","width":2000,"height":717},{"@type":"BreadcrumbList","@id":"https:\/\/sceaux-lagazette.fr\/index.php\/2022\/02\/25\/22-vla-les-scouts\/#breadcrumb","itemListElement":[{"@type":"ListItem","position":1,"name":"Accueil","item":"https:\/\/sceaux-lagazette.fr\/"},{"@type":"ListItem","position":2,"name":"22, v\u2019la les scouts !"}]},{"@type":"WebSite","@id":"https:\/\/sceaux-lagazette.fr\/#website","url":"https:\/\/sceaux-lagazette.fr\/","name":"La Gazette","description":"Bourg-la-Reine, Ch\u00e2tenay, Fontenay, Sceaux","publisher":{"@id":"https:\/\/sceaux-lagazette.fr\/#organization"},"potentialAction":[{"@type":"SearchAction","target":{"@type":"EntryPoint","urlTemplate":"https:\/\/sceaux-lagazette.fr\/?s={search_term_string}"},"query-input":{"@type":"PropertyValueSpecification","valueRequired":true,"valueName":"search_term_string"}}],"inLanguage":"fr-FR"},{"@type":"Organization","@id":"https:\/\/sceaux-lagazette.fr\/#organization","name":"La Gazette","url":"https:\/\/sceaux-lagazette.fr\/","logo":{"@type":"ImageObject","inLanguage":"fr-FR","@id":"https:\/\/sceaux-lagazette.fr\/#\/schema\/logo\/image\/","url":"https:\/\/sceaux-lagazette.fr\/wp-content\/uploads\/2025\/08\/Logo-Gazette-Aout-2025-V3.jpg","contentUrl":"https:\/\/sceaux-lagazette.fr\/wp-content\/uploads\/2025\/08\/Logo-Gazette-Aout-2025-V3.jpg","width":525,"height":130,"caption":"La Gazette"},"image":{"@id":"https:\/\/sceaux-lagazette.fr\/#\/schema\/logo\/image\/"}},{"@type":"Person","@id":"https:\/\/sceaux-lagazette.fr\/#\/schema\/person\/5650e206a121f68c6f5e76379bccfbc4","name":"G\u00e9rard Bardier","image":{"@type":"ImageObject","inLanguage":"fr-FR","@id":"https:\/\/sceaux-lagazette.fr\/#\/schema\/person\/image\/","url":"https:\/\/secure.gravatar.com\/avatar\/5cf4391ef9dbc0367750202561279a29?s=96&r=g","contentUrl":"https:\/\/secure.gravatar.com\/avatar\/5cf4391ef9dbc0367750202561279a29?s=96&r=g","caption":"G\u00e9rard Bardier"},"url":"https:\/\/sceaux-lagazette.fr\/index.php\/author\/gb\/"}]}},"cc_featured_image_caption":{"caption_text":"Image G\u00e9rard Bardier","source_text":"","source_url":""},"_links":{"self":[{"href":"https:\/\/sceaux-lagazette.fr\/index.php\/wp-json\/wp\/v2\/posts\/5939"}],"collection":[{"href":"https:\/\/sceaux-lagazette.fr\/index.php\/wp-json\/wp\/v2\/posts"}],"about":[{"href":"https:\/\/sceaux-lagazette.fr\/index.php\/wp-json\/wp\/v2\/types\/post"}],"author":[{"embeddable":true,"href":"https:\/\/sceaux-lagazette.fr\/index.php\/wp-json\/wp\/v2\/users\/11"}],"replies":[{"embeddable":true,"href":"https:\/\/sceaux-lagazette.fr\/index.php\/wp-json\/wp\/v2\/comments?post=5939"}],"version-history":[{"count":7,"href":"https:\/\/sceaux-lagazette.fr\/index.php\/wp-json\/wp\/v2\/posts\/5939\/revisions"}],"predecessor-version":[{"id":5948,"href":"https:\/\/sceaux-lagazette.fr\/index.php\/wp-json\/wp\/v2\/posts\/5939\/revisions\/5948"}],"wp:featuredmedia":[{"embeddable":true,"href":"https:\/\/sceaux-lagazette.fr\/index.php\/wp-json\/wp\/v2\/media\/5943"}],"wp:attachment":[{"href":"https:\/\/sceaux-lagazette.fr\/index.php\/wp-json\/wp\/v2\/media?parent=5939"}],"wp:term":[{"taxonomy":"category","embeddable":true,"href":"https:\/\/sceaux-lagazette.fr\/index.php\/wp-json\/wp\/v2\/categories?post=5939"},{"taxonomy":"post_tag","embeddable":true,"href":"https:\/\/sceaux-lagazette.fr\/index.php\/wp-json\/wp\/v2\/tags?post=5939"}],"curies":[{"name":"wp","href":"https:\/\/api.w.org\/{rel}","templated":true}]}}