{"id":5778,"date":"2022-02-10T09:30:34","date_gmt":"2022-02-10T08:30:34","guid":{"rendered":"https:\/\/sceaux-lagazette.fr\/?p=5778"},"modified":"2022-02-10T08:02:36","modified_gmt":"2022-02-10T07:02:36","slug":"autopartage-et-artisanat-au-conseil-municipal","status":"publish","type":"post","link":"https:\/\/sceaux-lagazette.fr\/index.php\/2022\/02\/10\/autopartage-et-artisanat-au-conseil-municipal\/","title":{"rendered":"Autopartage et artisanat au Conseil Municipal"},"content":{"rendered":"\n<p>Avant de passer au d\u00e9bat budg\u00e9taire, <a href=\"https:\/\/sceaux-lagazette.fr\/index.php\/2022\/02\/08\/debat-budgetaire-a-sceaux\/\" target=\"_blank\" rel=\"noreferrer noopener\">sujet que LGdS a comment\u00e9 avant-hier,<\/a> le Conseil municipal a abord\u00e9 diff\u00e9rents points, dont deux que j\u2019ai relev\u00e9. Le premier est une exp\u00e9rimentation d\u2019une offre d\u2019autopartage qui renouvelle compl\u00e8tement celle d\u2019Autolib\u2019\u00a0; le second est un partenariat avec la Chambre des m\u00e9tiers pour promouvoir l\u2019excellence locale. Les deux propositions furent adapt\u00e9es \u00e0 l\u2019unanimit\u00e9, ce qui permet de s\u2019attarder sur le contenu plut\u00f4t que sur les diff\u00e9rends.\u00a0<\/p>\n\n\n\n<h2 class=\"wp-block-heading\">Une nouvelle offre <\/h2>\n\n\n\n<p>C\u2019est Patrice Patt\u00e9e, adjoint en charge des mobilit\u00e9s qui a pr\u00e9sent\u00e9 le projet contrat d\u2019exp\u00e9rimentation d\u2019une dur\u00e9e de trois ans d\u2019un service d\u2019autopartage avec Communauto. Cette entreprise, d\u2019origine qu\u00e9b\u00e9coise, est tr\u00e8s pr\u00e9sente \u00e0 Paris et \u00e9tend son offre dans la p\u00e9riph\u00e9rie. Dans la zone qui nous concerne, elle pr\u00e9voit de d\u00e9ployer une station au RER Robinson et une autre en face de la mairie, en remplacement de celles d\u2019Autolib\u2019. S\u2019y ajoutera une \u00e0 Bagneaux, non loin de Sceaux.<\/p>\n\n\n\n<p>Parmi les caract\u00e9ristiques de l\u2019offre, relevons que les voitures doivent \u00eatre rapport\u00e9es \u00e0 l\u2019endroit o\u00f9 elles ont \u00e9t\u00e9 prises et qu\u2019elles sont conformes au label Autopartage, qu\u2019elles sont Crit\u2019Air1 et hybrides. La r\u00e9servation se fait \u00e0 partir d\u2019une application et la tarification prend en compte des besoins dits de longue dur\u00e9e, comme un week-end. En plus de la location pour des courses d\u2019une heure ou deux, le service a un volet clairement en concurrence avec la location de voitures. On n\u2019est pas dans le besoin impr\u00e9vu, urgent, tel que le taxi, mais plut\u00f4t dans le parcours organis\u00e9 \u00e0 l\u2019avance et avec un v\u00e9hicule disponible non loin de chez soi.<\/p>\n\n\n\n<p><a href=\"https:\/\/paris.communauto.com\/tarifs\/\">Le site de Communauto<\/a> d\u00e9taille les trois types d\u2019abonnement ainsi que le tarif sans abonnement.<\/p>\n\n\n\n<h2 class=\"wp-block-heading\">Pourquoi eux&nbsp;?<\/h2>\n\n\n\n<p>Les esprits de Philippe Szynkowski et de Jean-Christophe Dessanges ont d\u00fb interf\u00e9rer silencieusement, car ils ont s\u00e9par\u00e9ment pos\u00e9 une m\u00eame question de fa\u00e7ons proches&nbsp;: comment a \u00e9t\u00e9 fait le choix de cette entreprise&nbsp;?<\/p>\n\n\n\n<p>La r\u00e9ponse de Patrice Patt\u00e9e, pour inattendue que je l\u2019ai trouv\u00e9e, \u00e9tait bien simple \u00e0 comprendre. On ne s\u2019est pas bouscul\u00e9 au portillon (l\u2019expression est de moi). Les op\u00e9rateurs d\u2019autopartage pr\u00e9f\u00e8rent Paris \u00e0 sa banlieue. Il faut croire que Communauto est dans une strat\u00e9gie de croissance g\u00e9ographique. Car, a insist\u00e9 l\u2019\u00e9lu, la ville ne prend pas en l\u2019occurrence de risque financier. Son engagement consiste \u00e0 autoriser l\u2019occupation du domaine public et son intervention s\u2019arr\u00eate l\u00e0. Le financement des stations et des op\u00e9rations relatives aux v\u00e9hicules est de la responsabilit\u00e9 de Communauto.<\/p>\n\n\n\n<p>Cette consid\u00e9ration a r\u00e9pondu \u00e9galement au regret de Jean-Christophe Dessanges que les moyens de suivi de la prestation n\u2019aient pas \u00e9t\u00e9 \u00e9voqu\u00e9s dans la pr\u00e9sentation du projet. Il semble bien que la ville s\u2019en remette au prestataire pour juger de la rentabilit\u00e9 ou non de l\u2019affaire. \u00ab&nbsp;S\u2019ils perdent de l\u2019argent, ils s\u2019arr\u00eateront&nbsp;\u00bb.<\/p>\n\n\n\n<p>Oui da. En m\u00eame temps, comme l\u2019a sugg\u00e9r\u00e9 Philippe Szynkowski, il sera int\u00e9ressant de suivre les usages et les profils des utilisateurs. Ne dit-on pas souvent que les voitures sont gar\u00e9es l\u2019essentiel de leur temps. On peut r\u00eaver de voir un jour le parc automobile diminuer d\u2019un bon quelque chose par le seul effet du partage. Et la location (rapproch\u00e9e des lieux de r\u00e9sidence et non plus cantonn\u00e9e aux gares et aux a\u00e9roports) semble un puissant levier. Raison de plus d\u2019en suivre les performances.<\/p>\n\n\n\n<h2 class=\"wp-block-heading\">Partenariat avec la chambre de m\u00e9tiers et de l\u2019artisanat<\/h2>\n\n\n\n<p>Tout autre fut la pr\u00e9sentation et la discussion qui s\u2019ensuivit sur la convention-cadre avec la Chambre de m\u00e9tiers et de l\u2019artisanat de la r\u00e9gion Ile-de-France-d\u00e9l\u00e9gation des Hauts-de-Seine. Cette convention, d\u2019une dur\u00e9e de 3 ans, se traduit par un soutien d\u2019un montant total de 4.500 euros par an en direction des artisans et commer\u00e7ants qui font montre d\u2019un sens particulier de la qualit\u00e9 de prestation.<\/p>\n\n\n\n<p>La question fut pos\u00e9e de savoir si la municipalit\u00e9 \u00e9tait l\u00e9gitime dans l\u2019appr\u00e9ciation de la qualit\u00e9 de tel ou tel service. Mais on a vite compris que l\u2019attribution d\u2019un label \u00e9tait du seul ressort de la Chambre des m\u00e9tiers et que la ville n\u2019intervient qu\u2019au titre d\u2019appui. Celle-ci ne serait d\u2019ailleurs pas autoris\u00e9e \u00e0 soutenir directement une entreprise donn\u00e9e, quels que soient ses m\u00e9rites. C\u2019est donc par le truchement de la Chambre des m\u00e9tiers, organisme public qui \u0153uvre au d\u00e9veloppement \u00e9conomique, que la ville peut encourager les \u00e9nergies quand elles manifestent une \u00e9coute pertinente et comp\u00e9tente du client. L\u2019aide est modeste, mais le symbole n\u2019en est pas moins utile. Stimuler, c\u2019est d\u2019abord reconna\u00eetre.<\/p>\n","protected":false},"excerpt":{"rendered":"<p>Avant de passer au d\u00e9bat budg\u00e9taire, sujet que LGdS a comment\u00e9 avant-hier, le Conseil municipal a abord\u00e9 diff\u00e9rents points, dont deux que j\u2019ai relev\u00e9. Le premier est une exp\u00e9rimentation d\u2019une offre d\u2019autopartage qui renouvelle compl\u00e8tement celle d\u2019Autolib\u2019\u00a0; le second est un partenariat avec la Chambre des m\u00e9tiers pour promouvoir l\u2019excellence&#8230;<\/p>\n","protected":false},"author":6,"featured_media":5780,"comment_status":"open","ping_status":"open","sticky":false,"template":"","format":"standard","meta":{"om_disable_all_campaigns":false,"_monsterinsights_skip_tracking":false,"_monsterinsights_sitenote_active":false,"_monsterinsights_sitenote_note":"","_monsterinsights_sitenote_category":0,"_uf_show_specific_survey":0,"_uf_disable_surveys":false,"footnotes":""},"categories":[246],"tags":[],"class_list":["post-5778","post","type-post","status-publish","format-standard","has-post-thumbnail","hentry","category-vie-publique","entry","simple"],"yoast_head":"<!-- This site is optimized with the Yoast SEO plugin v25.6 - https:\/\/yoast.com\/wordpress\/plugins\/seo\/ -->\n<title>Autopartage et artisanat au Conseil Municipal - La Gazette<\/title>\n<meta name=\"robots\" content=\"index, follow, max-snippet:-1, max-image-preview:large, max-video-preview:-1\" \/>\n<link rel=\"canonical\" href=\"https:\/\/sceaux-lagazette.fr\/index.php\/2022\/02\/10\/autopartage-et-artisanat-au-conseil-municipal\/\" \/>\n<meta property=\"og:locale\" content=\"fr_FR\" \/>\n<meta property=\"og:type\" content=\"article\" \/>\n<meta property=\"og:title\" content=\"Autopartage et artisanat au Conseil Municipal - La Gazette\" \/>\n<meta property=\"og:description\" content=\"Avant de passer au d\u00e9bat budg\u00e9taire, sujet que LGdS a comment\u00e9 avant-hier, le Conseil municipal a abord\u00e9 diff\u00e9rents points, dont deux que j\u2019ai relev\u00e9. Le premier est une exp\u00e9rimentation d\u2019une offre d\u2019autopartage qui renouvelle compl\u00e8tement celle d\u2019Autolib\u2019\u00a0; le second est un partenariat avec la Chambre des m\u00e9tiers pour promouvoir l\u2019excellence&#8230;\" \/>\n<meta property=\"og:url\" content=\"https:\/\/sceaux-lagazette.fr\/index.php\/2022\/02\/10\/autopartage-et-artisanat-au-conseil-municipal\/\" \/>\n<meta property=\"og:site_name\" content=\"La Gazette\" \/>\n<meta property=\"article:published_time\" content=\"2022-02-10T08:30:34+00:00\" \/>\n<meta property=\"og:image\" content=\"https:\/\/sceaux-lagazette.fr\/wp-content\/uploads\/2022\/02\/Logo-Communauto.jpg\" \/>\n\t<meta property=\"og:image:width\" content=\"480\" \/>\n\t<meta property=\"og:image:height\" content=\"163\" \/>\n\t<meta property=\"og:image:type\" content=\"image\/jpeg\" \/>\n<meta name=\"author\" content=\"Maurice Zytnicki\" \/>\n<meta name=\"twitter:card\" content=\"summary_large_image\" \/>\n<meta name=\"twitter:label1\" content=\"\u00c9crit par\" \/>\n\t<meta name=\"twitter:data1\" content=\"Maurice Zytnicki\" \/>\n\t<meta name=\"twitter:label2\" content=\"Dur\u00e9e de lecture estim\u00e9e\" \/>\n\t<meta name=\"twitter:data2\" content=\"4 minutes\" \/>\n<script type=\"application\/ld+json\" class=\"yoast-schema-graph\">{\"@context\":\"https:\/\/schema.org\",\"@graph\":[{\"@type\":\"Article\",\"@id\":\"https:\/\/sceaux-lagazette.fr\/index.php\/2022\/02\/10\/autopartage-et-artisanat-au-conseil-municipal\/#article\",\"isPartOf\":{\"@id\":\"https:\/\/sceaux-lagazette.fr\/index.php\/2022\/02\/10\/autopartage-et-artisanat-au-conseil-municipal\/\"},\"author\":{\"name\":\"Maurice Zytnicki\",\"@id\":\"https:\/\/sceaux-lagazette.fr\/#\/schema\/person\/060ab8fc058c4220d9079707a58da9f1\"},\"headline\":\"Autopartage et artisanat au Conseil Municipal\",\"datePublished\":\"2022-02-10T08:30:34+00:00\",\"mainEntityOfPage\":{\"@id\":\"https:\/\/sceaux-lagazette.fr\/index.php\/2022\/02\/10\/autopartage-et-artisanat-au-conseil-municipal\/\"},\"wordCount\":863,\"commentCount\":0,\"publisher\":{\"@id\":\"https:\/\/sceaux-lagazette.fr\/#organization\"},\"image\":{\"@id\":\"https:\/\/sceaux-lagazette.fr\/index.php\/2022\/02\/10\/autopartage-et-artisanat-au-conseil-municipal\/#primaryimage\"},\"thumbnailUrl\":\"https:\/\/sceaux-lagazette.fr\/wp-content\/uploads\/2022\/02\/Logo-Communauto.jpg\",\"articleSection\":[\"Vie publique\"],\"inLanguage\":\"fr-FR\",\"potentialAction\":[{\"@type\":\"CommentAction\",\"name\":\"Comment\",\"target\":[\"https:\/\/sceaux-lagazette.fr\/index.php\/2022\/02\/10\/autopartage-et-artisanat-au-conseil-municipal\/#respond\"]}]},{\"@type\":\"WebPage\",\"@id\":\"https:\/\/sceaux-lagazette.fr\/index.php\/2022\/02\/10\/autopartage-et-artisanat-au-conseil-municipal\/\",\"url\":\"https:\/\/sceaux-lagazette.fr\/index.php\/2022\/02\/10\/autopartage-et-artisanat-au-conseil-municipal\/\",\"name\":\"Autopartage et artisanat au Conseil Municipal - La Gazette\",\"isPartOf\":{\"@id\":\"https:\/\/sceaux-lagazette.fr\/#website\"},\"primaryImageOfPage\":{\"@id\":\"https:\/\/sceaux-lagazette.fr\/index.php\/2022\/02\/10\/autopartage-et-artisanat-au-conseil-municipal\/#primaryimage\"},\"image\":{\"@id\":\"https:\/\/sceaux-lagazette.fr\/index.php\/2022\/02\/10\/autopartage-et-artisanat-au-conseil-municipal\/#primaryimage\"},\"thumbnailUrl\":\"https:\/\/sceaux-lagazette.fr\/wp-content\/uploads\/2022\/02\/Logo-Communauto.jpg\",\"datePublished\":\"2022-02-10T08:30:34+00:00\",\"breadcrumb\":{\"@id\":\"https:\/\/sceaux-lagazette.fr\/index.php\/2022\/02\/10\/autopartage-et-artisanat-au-conseil-municipal\/#breadcrumb\"},\"inLanguage\":\"fr-FR\",\"potentialAction\":[{\"@type\":\"ReadAction\",\"target\":[\"https:\/\/sceaux-lagazette.fr\/index.php\/2022\/02\/10\/autopartage-et-artisanat-au-conseil-municipal\/\"]}]},{\"@type\":\"ImageObject\",\"inLanguage\":\"fr-FR\",\"@id\":\"https:\/\/sceaux-lagazette.fr\/index.php\/2022\/02\/10\/autopartage-et-artisanat-au-conseil-municipal\/#primaryimage\",\"url\":\"https:\/\/sceaux-lagazette.fr\/wp-content\/uploads\/2022\/02\/Logo-Communauto.jpg\",\"contentUrl\":\"https:\/\/sceaux-lagazette.fr\/wp-content\/uploads\/2022\/02\/Logo-Communauto.jpg\",\"width\":480,\"height\":163},{\"@type\":\"BreadcrumbList\",\"@id\":\"https:\/\/sceaux-lagazette.fr\/index.php\/2022\/02\/10\/autopartage-et-artisanat-au-conseil-municipal\/#breadcrumb\",\"itemListElement\":[{\"@type\":\"ListItem\",\"position\":1,\"name\":\"Accueil\",\"item\":\"https:\/\/sceaux-lagazette.fr\/\"},{\"@type\":\"ListItem\",\"position\":2,\"name\":\"Autopartage et artisanat au Conseil Municipal\"}]},{\"@type\":\"WebSite\",\"@id\":\"https:\/\/sceaux-lagazette.fr\/#website\",\"url\":\"https:\/\/sceaux-lagazette.fr\/\",\"name\":\"La Gazette\",\"description\":\"Bourg-la-Reine, Ch\u00e2tenay, Fontenay, Sceaux\",\"publisher\":{\"@id\":\"https:\/\/sceaux-lagazette.fr\/#organization\"},\"potentialAction\":[{\"@type\":\"SearchAction\",\"target\":{\"@type\":\"EntryPoint\",\"urlTemplate\":\"https:\/\/sceaux-lagazette.fr\/?s={search_term_string}\"},\"query-input\":{\"@type\":\"PropertyValueSpecification\",\"valueRequired\":true,\"valueName\":\"search_term_string\"}}],\"inLanguage\":\"fr-FR\"},{\"@type\":\"Organization\",\"@id\":\"https:\/\/sceaux-lagazette.fr\/#organization\",\"name\":\"La Gazette\",\"url\":\"https:\/\/sceaux-lagazette.fr\/\",\"logo\":{\"@type\":\"ImageObject\",\"inLanguage\":\"fr-FR\",\"@id\":\"https:\/\/sceaux-lagazette.fr\/#\/schema\/logo\/image\/\",\"url\":\"https:\/\/sceaux-lagazette.fr\/wp-content\/uploads\/2025\/08\/Logo-Gazette-Aout-2025-V3.jpg\",\"contentUrl\":\"https:\/\/sceaux-lagazette.fr\/wp-content\/uploads\/2025\/08\/Logo-Gazette-Aout-2025-V3.jpg\",\"width\":525,\"height\":130,\"caption\":\"La Gazette\"},\"image\":{\"@id\":\"https:\/\/sceaux-lagazette.fr\/#\/schema\/logo\/image\/\"}},{\"@type\":\"Person\",\"@id\":\"https:\/\/sceaux-lagazette.fr\/#\/schema\/person\/060ab8fc058c4220d9079707a58da9f1\",\"name\":\"Maurice Zytnicki\",\"image\":{\"@type\":\"ImageObject\",\"inLanguage\":\"fr-FR\",\"@id\":\"https:\/\/sceaux-lagazette.fr\/#\/schema\/person\/image\/\",\"url\":\"https:\/\/secure.gravatar.com\/avatar\/d94d30d6fa0e9cb7af48a89366fc0cdb?s=96&r=g\",\"contentUrl\":\"https:\/\/secure.gravatar.com\/avatar\/d94d30d6fa0e9cb7af48a89366fc0cdb?s=96&r=g\",\"caption\":\"Maurice Zytnicki\"},\"url\":\"https:\/\/sceaux-lagazette.fr\/index.php\/author\/maurice\/\"}]}<\/script>\n<!-- \/ Yoast SEO plugin. -->","yoast_head_json":{"title":"Autopartage et artisanat au Conseil Municipal - La Gazette","robots":{"index":"index","follow":"follow","max-snippet":"max-snippet:-1","max-image-preview":"max-image-preview:large","max-video-preview":"max-video-preview:-1"},"canonical":"https:\/\/sceaux-lagazette.fr\/index.php\/2022\/02\/10\/autopartage-et-artisanat-au-conseil-municipal\/","og_locale":"fr_FR","og_type":"article","og_title":"Autopartage et artisanat au Conseil Municipal - La Gazette","og_description":"Avant de passer au d\u00e9bat budg\u00e9taire, sujet que LGdS a comment\u00e9 avant-hier, le Conseil municipal a abord\u00e9 diff\u00e9rents points, dont deux que j\u2019ai relev\u00e9. Le premier est une exp\u00e9rimentation d\u2019une offre d\u2019autopartage qui renouvelle compl\u00e8tement celle d\u2019Autolib\u2019\u00a0; le second est un partenariat avec la Chambre des m\u00e9tiers pour promouvoir l\u2019excellence&#8230;","og_url":"https:\/\/sceaux-lagazette.fr\/index.php\/2022\/02\/10\/autopartage-et-artisanat-au-conseil-municipal\/","og_site_name":"La Gazette","article_published_time":"2022-02-10T08:30:34+00:00","og_image":[{"width":480,"height":163,"url":"https:\/\/sceaux-lagazette.fr\/wp-content\/uploads\/2022\/02\/Logo-Communauto.jpg","type":"image\/jpeg"}],"author":"Maurice Zytnicki","twitter_card":"summary_large_image","twitter_misc":{"\u00c9crit par":"Maurice Zytnicki","Dur\u00e9e de lecture estim\u00e9e":"4 minutes"},"schema":{"@context":"https:\/\/schema.org","@graph":[{"@type":"Article","@id":"https:\/\/sceaux-lagazette.fr\/index.php\/2022\/02\/10\/autopartage-et-artisanat-au-conseil-municipal\/#article","isPartOf":{"@id":"https:\/\/sceaux-lagazette.fr\/index.php\/2022\/02\/10\/autopartage-et-artisanat-au-conseil-municipal\/"},"author":{"name":"Maurice Zytnicki","@id":"https:\/\/sceaux-lagazette.fr\/#\/schema\/person\/060ab8fc058c4220d9079707a58da9f1"},"headline":"Autopartage et artisanat au Conseil Municipal","datePublished":"2022-02-10T08:30:34+00:00","mainEntityOfPage":{"@id":"https:\/\/sceaux-lagazette.fr\/index.php\/2022\/02\/10\/autopartage-et-artisanat-au-conseil-municipal\/"},"wordCount":863,"commentCount":0,"publisher":{"@id":"https:\/\/sceaux-lagazette.fr\/#organization"},"image":{"@id":"https:\/\/sceaux-lagazette.fr\/index.php\/2022\/02\/10\/autopartage-et-artisanat-au-conseil-municipal\/#primaryimage"},"thumbnailUrl":"https:\/\/sceaux-lagazette.fr\/wp-content\/uploads\/2022\/02\/Logo-Communauto.jpg","articleSection":["Vie publique"],"inLanguage":"fr-FR","potentialAction":[{"@type":"CommentAction","name":"Comment","target":["https:\/\/sceaux-lagazette.fr\/index.php\/2022\/02\/10\/autopartage-et-artisanat-au-conseil-municipal\/#respond"]}]},{"@type":"WebPage","@id":"https:\/\/sceaux-lagazette.fr\/index.php\/2022\/02\/10\/autopartage-et-artisanat-au-conseil-municipal\/","url":"https:\/\/sceaux-lagazette.fr\/index.php\/2022\/02\/10\/autopartage-et-artisanat-au-conseil-municipal\/","name":"Autopartage et artisanat au Conseil Municipal - La Gazette","isPartOf":{"@id":"https:\/\/sceaux-lagazette.fr\/#website"},"primaryImageOfPage":{"@id":"https:\/\/sceaux-lagazette.fr\/index.php\/2022\/02\/10\/autopartage-et-artisanat-au-conseil-municipal\/#primaryimage"},"image":{"@id":"https:\/\/sceaux-lagazette.fr\/index.php\/2022\/02\/10\/autopartage-et-artisanat-au-conseil-municipal\/#primaryimage"},"thumbnailUrl":"https:\/\/sceaux-lagazette.fr\/wp-content\/uploads\/2022\/02\/Logo-Communauto.jpg","datePublished":"2022-02-10T08:30:34+00:00","breadcrumb":{"@id":"https:\/\/sceaux-lagazette.fr\/index.php\/2022\/02\/10\/autopartage-et-artisanat-au-conseil-municipal\/#breadcrumb"},"inLanguage":"fr-FR","potentialAction":[{"@type":"ReadAction","target":["https:\/\/sceaux-lagazette.fr\/index.php\/2022\/02\/10\/autopartage-et-artisanat-au-conseil-municipal\/"]}]},{"@type":"ImageObject","inLanguage":"fr-FR","@id":"https:\/\/sceaux-lagazette.fr\/index.php\/2022\/02\/10\/autopartage-et-artisanat-au-conseil-municipal\/#primaryimage","url":"https:\/\/sceaux-lagazette.fr\/wp-content\/uploads\/2022\/02\/Logo-Communauto.jpg","contentUrl":"https:\/\/sceaux-lagazette.fr\/wp-content\/uploads\/2022\/02\/Logo-Communauto.jpg","width":480,"height":163},{"@type":"BreadcrumbList","@id":"https:\/\/sceaux-lagazette.fr\/index.php\/2022\/02\/10\/autopartage-et-artisanat-au-conseil-municipal\/#breadcrumb","itemListElement":[{"@type":"ListItem","position":1,"name":"Accueil","item":"https:\/\/sceaux-lagazette.fr\/"},{"@type":"ListItem","position":2,"name":"Autopartage et artisanat au Conseil Municipal"}]},{"@type":"WebSite","@id":"https:\/\/sceaux-lagazette.fr\/#website","url":"https:\/\/sceaux-lagazette.fr\/","name":"La Gazette","description":"Bourg-la-Reine, Ch\u00e2tenay, Fontenay, Sceaux","publisher":{"@id":"https:\/\/sceaux-lagazette.fr\/#organization"},"potentialAction":[{"@type":"SearchAction","target":{"@type":"EntryPoint","urlTemplate":"https:\/\/sceaux-lagazette.fr\/?s={search_term_string}"},"query-input":{"@type":"PropertyValueSpecification","valueRequired":true,"valueName":"search_term_string"}}],"inLanguage":"fr-FR"},{"@type":"Organization","@id":"https:\/\/sceaux-lagazette.fr\/#organization","name":"La Gazette","url":"https:\/\/sceaux-lagazette.fr\/","logo":{"@type":"ImageObject","inLanguage":"fr-FR","@id":"https:\/\/sceaux-lagazette.fr\/#\/schema\/logo\/image\/","url":"https:\/\/sceaux-lagazette.fr\/wp-content\/uploads\/2025\/08\/Logo-Gazette-Aout-2025-V3.jpg","contentUrl":"https:\/\/sceaux-lagazette.fr\/wp-content\/uploads\/2025\/08\/Logo-Gazette-Aout-2025-V3.jpg","width":525,"height":130,"caption":"La Gazette"},"image":{"@id":"https:\/\/sceaux-lagazette.fr\/#\/schema\/logo\/image\/"}},{"@type":"Person","@id":"https:\/\/sceaux-lagazette.fr\/#\/schema\/person\/060ab8fc058c4220d9079707a58da9f1","name":"Maurice Zytnicki","image":{"@type":"ImageObject","inLanguage":"fr-FR","@id":"https:\/\/sceaux-lagazette.fr\/#\/schema\/person\/image\/","url":"https:\/\/secure.gravatar.com\/avatar\/d94d30d6fa0e9cb7af48a89366fc0cdb?s=96&r=g","contentUrl":"https:\/\/secure.gravatar.com\/avatar\/d94d30d6fa0e9cb7af48a89366fc0cdb?s=96&r=g","caption":"Maurice Zytnicki"},"url":"https:\/\/sceaux-lagazette.fr\/index.php\/author\/maurice\/"}]}},"cc_featured_image_caption":{"caption_text":"Source : site Communauto","source_text":"","source_url":""},"_links":{"self":[{"href":"https:\/\/sceaux-lagazette.fr\/index.php\/wp-json\/wp\/v2\/posts\/5778"}],"collection":[{"href":"https:\/\/sceaux-lagazette.fr\/index.php\/wp-json\/wp\/v2\/posts"}],"about":[{"href":"https:\/\/sceaux-lagazette.fr\/index.php\/wp-json\/wp\/v2\/types\/post"}],"author":[{"embeddable":true,"href":"https:\/\/sceaux-lagazette.fr\/index.php\/wp-json\/wp\/v2\/users\/6"}],"replies":[{"embeddable":true,"href":"https:\/\/sceaux-lagazette.fr\/index.php\/wp-json\/wp\/v2\/comments?post=5778"}],"version-history":[{"count":2,"href":"https:\/\/sceaux-lagazette.fr\/index.php\/wp-json\/wp\/v2\/posts\/5778\/revisions"}],"predecessor-version":[{"id":5781,"href":"https:\/\/sceaux-lagazette.fr\/index.php\/wp-json\/wp\/v2\/posts\/5778\/revisions\/5781"}],"wp:featuredmedia":[{"embeddable":true,"href":"https:\/\/sceaux-lagazette.fr\/index.php\/wp-json\/wp\/v2\/media\/5780"}],"wp:attachment":[{"href":"https:\/\/sceaux-lagazette.fr\/index.php\/wp-json\/wp\/v2\/media?parent=5778"}],"wp:term":[{"taxonomy":"category","embeddable":true,"href":"https:\/\/sceaux-lagazette.fr\/index.php\/wp-json\/wp\/v2\/categories?post=5778"},{"taxonomy":"post_tag","embeddable":true,"href":"https:\/\/sceaux-lagazette.fr\/index.php\/wp-json\/wp\/v2\/tags?post=5778"}],"curies":[{"name":"wp","href":"https:\/\/api.w.org\/{rel}","templated":true}]}}