{"id":5649,"date":"2022-02-12T10:00:06","date_gmt":"2022-02-12T09:00:06","guid":{"rendered":"https:\/\/sceaux-lagazette.fr\/?p=5649"},"modified":"2022-02-19T23:15:25","modified_gmt":"2022-02-19T22:15:25","slug":"archets-feminins-pour-cordes-cubaines","status":"publish","type":"post","link":"https:\/\/sceaux-lagazette.fr\/index.php\/2022\/02\/12\/archets-feminins-pour-cordes-cubaines\/","title":{"rendered":"Archets f\u00e9minins pour cordes cubaines"},"content":{"rendered":"\n<p>On fait sur Internet des rencontres parfois surprenantes. Pour qui aime les \u00ab\u00a0fusions\u00a0\u00bb, \u00e0 entendre ici comme croisements entre genres musicaux \u00e9loign\u00e9s, un peu comme il y a eu le jazz-rock. Dans le cas pr\u00e9sent, c&rsquo;est une \u00ab\u00a0fusion\u00a0\u00bb entre musique classique et musique latino. C&rsquo;est remarquable et \u00e7a se partage.<\/p>\n\n\n\n<p>Formation f\u00e9minine, s&rsquo;il en est, cubaine, la \u00ab\u00a0Camerata Romeu\u00a0\u00bb a \u00e9t\u00e9 fond\u00e9e par Zenaida Romeu, chef d&rsquo;orchestre aux multiples r\u00e9compenses (nominations aux Grammy Latino, prix Cubadisco, m\u00e9daille de Marseille, de Philadelphie, H\u00f4te d\u2019honneur de Los Angeles,&#8230;). Elle a dirig\u00e9 des orchestres symphoniques aux Etats Unis, Nicaragua, R\u00e9publique Dominicaine, Canada\u2026<\/p>\n\n\n\n<p>N\u00e9e dans une famille de musiciens,  elle vit toujours \u00e0 La Havane. Pour elle, semble-t-il, la musique classique n&rsquo;est ni <em>has been<\/em> ni r\u00e9serv\u00e9e aux privil\u00e9gi\u00e9s. En conviant son orchestre de cordes \u00e0 jouer des sonorit\u00e9s de la musique latino-am\u00e9ricaine, elle cherche un compos\u00e9 hybride croisant la culture populaire cubaine et la musique de chambre d\u2019Europe centrale.<\/p>\n\n\n\n<p>Ecoutez Guaguanco et attendez trois minutes pour saisir ce qu&rsquo;aux yeux de ces filles \u00ab\u00a0fusion\u00a0\u00bb veut dire. <br><\/p>\n\n\n\n<figure class=\"wp-block-embed-youtube wp-block-embed is-type-video is-provider-youtube wp-embed-aspect-4-3 wp-has-aspect-ratio\"><div class=\"wp-block-embed__wrapper\">\n<iframe loading=\"lazy\" title=\"Guaguanco.mpg\" width=\"500\" height=\"375\" src=\"https:\/\/www.youtube.com\/embed\/d11NGffLcYU?feature=oembed\" frameborder=\"0\" allow=\"accelerometer; autoplay; clipboard-write; encrypted-media; gyroscope; picture-in-picture; web-share\" referrerpolicy=\"strict-origin-when-cross-origin\" allowfullscreen><\/iframe>\n<\/div><figcaption>Camerata en guaguanco<\/figcaption><\/figure>\n\n\n\n<p>Plus classique, encore que, on est dans le tango argentin revisit\u00e9 par l&rsquo;orchestre  \u00e0 cordes, cette fois-ci accompagn\u00e9 d&rsquo;une pianiste et d&rsquo;un&#8230; accord\u00e9oniste. Normal, c&rsquo;est du Astor Piazzolla. <\/p>\n\n\n\n<figure class=\"wp-block-embed-youtube wp-block-embed is-type-video is-provider-youtube wp-embed-aspect-16-9 wp-has-aspect-ratio\"><div class=\"wp-block-embed__wrapper\">\n<iframe loading=\"lazy\" title=\"FRACANAPA.mpg\" width=\"500\" height=\"281\" src=\"https:\/\/www.youtube.com\/embed\/FOgR-QC7JY0?feature=oembed\" frameborder=\"0\" allow=\"accelerometer; autoplay; clipboard-write; encrypted-media; gyroscope; picture-in-picture; web-share\" referrerpolicy=\"strict-origin-when-cross-origin\" allowfullscreen><\/iframe>\n<\/div><\/figure>\n\n\n\n<p><\/p>\n","protected":false},"excerpt":{"rendered":"<p>On fait sur Internet des rencontres parfois surprenantes. Pour qui aime les \u00ab\u00a0fusions\u00a0\u00bb, \u00e0 entendre ici comme croisements entre genres musicaux \u00e9loign\u00e9s, un peu comme il y a eu le jazz-rock. Dans le cas pr\u00e9sent, c&rsquo;est une \u00ab\u00a0fusion\u00a0\u00bb entre musique classique et musique latino. C&rsquo;est remarquable et \u00e7a se partage.&#8230;<\/p>\n","protected":false},"author":6,"featured_media":5823,"comment_status":"open","ping_status":"open","sticky":false,"template":"","format":"standard","meta":{"om_disable_all_campaigns":false,"_monsterinsights_skip_tracking":false,"_monsterinsights_sitenote_active":false,"_monsterinsights_sitenote_note":"","_monsterinsights_sitenote_category":0,"_uf_show_specific_survey":0,"_uf_disable_surveys":false,"footnotes":""},"categories":[248],"tags":[],"class_list":["post-5649","post","type-post","status-publish","format-standard","has-post-thumbnail","hentry","category-musique","entry","simple"],"yoast_head":"<!-- This site is optimized with the Yoast SEO plugin v25.6 - https:\/\/yoast.com\/wordpress\/plugins\/seo\/ -->\n<title>Archets f\u00e9minins pour cordes cubaines - La Gazette<\/title>\n<meta name=\"robots\" content=\"index, follow, max-snippet:-1, max-image-preview:large, max-video-preview:-1\" \/>\n<link rel=\"canonical\" href=\"https:\/\/sceaux-lagazette.fr\/index.php\/2022\/02\/12\/archets-feminins-pour-cordes-cubaines\/\" \/>\n<meta property=\"og:locale\" content=\"fr_FR\" \/>\n<meta property=\"og:type\" content=\"article\" \/>\n<meta property=\"og:title\" content=\"Archets f\u00e9minins pour cordes cubaines - La Gazette\" \/>\n<meta property=\"og:description\" content=\"On fait sur Internet des rencontres parfois surprenantes. Pour qui aime les \u00ab\u00a0fusions\u00a0\u00bb, \u00e0 entendre ici comme croisements entre genres musicaux \u00e9loign\u00e9s, un peu comme il y a eu le jazz-rock. Dans le cas pr\u00e9sent, c&rsquo;est une \u00ab\u00a0fusion\u00a0\u00bb entre musique classique et musique latino. C&rsquo;est remarquable et \u00e7a se partage.&#8230;\" \/>\n<meta property=\"og:url\" content=\"https:\/\/sceaux-lagazette.fr\/index.php\/2022\/02\/12\/archets-feminins-pour-cordes-cubaines\/\" \/>\n<meta property=\"og:site_name\" content=\"La Gazette\" \/>\n<meta property=\"article:published_time\" content=\"2022-02-12T09:00:06+00:00\" \/>\n<meta property=\"article:modified_time\" content=\"2022-02-19T22:15:25+00:00\" \/>\n<meta property=\"og:image\" content=\"https:\/\/sceaux-lagazette.fr\/wp-content\/uploads\/2022\/02\/Camerata-Romeu.jpg\" \/>\n\t<meta property=\"og:image:width\" content=\"1386\" \/>\n\t<meta property=\"og:image:height\" content=\"466\" \/>\n\t<meta property=\"og:image:type\" content=\"image\/jpeg\" \/>\n<meta name=\"author\" content=\"Maurice Zytnicki\" \/>\n<meta name=\"twitter:card\" content=\"summary_large_image\" \/>\n<meta name=\"twitter:label1\" content=\"\u00c9crit par\" \/>\n\t<meta name=\"twitter:data1\" content=\"Maurice Zytnicki\" \/>\n\t<meta name=\"twitter:label2\" content=\"Dur\u00e9e de lecture estim\u00e9e\" \/>\n\t<meta name=\"twitter:data2\" content=\"1 minute\" \/>\n<script type=\"application\/ld+json\" class=\"yoast-schema-graph\">{\"@context\":\"https:\/\/schema.org\",\"@graph\":[{\"@type\":\"Article\",\"@id\":\"https:\/\/sceaux-lagazette.fr\/index.php\/2022\/02\/12\/archets-feminins-pour-cordes-cubaines\/#article\",\"isPartOf\":{\"@id\":\"https:\/\/sceaux-lagazette.fr\/index.php\/2022\/02\/12\/archets-feminins-pour-cordes-cubaines\/\"},\"author\":{\"name\":\"Maurice Zytnicki\",\"@id\":\"https:\/\/sceaux-lagazette.fr\/#\/schema\/person\/060ab8fc058c4220d9079707a58da9f1\"},\"headline\":\"Archets f\u00e9minins pour cordes cubaines\",\"datePublished\":\"2022-02-12T09:00:06+00:00\",\"dateModified\":\"2022-02-19T22:15:25+00:00\",\"mainEntityOfPage\":{\"@id\":\"https:\/\/sceaux-lagazette.fr\/index.php\/2022\/02\/12\/archets-feminins-pour-cordes-cubaines\/\"},\"wordCount\":247,\"commentCount\":14,\"publisher\":{\"@id\":\"https:\/\/sceaux-lagazette.fr\/#organization\"},\"image\":{\"@id\":\"https:\/\/sceaux-lagazette.fr\/index.php\/2022\/02\/12\/archets-feminins-pour-cordes-cubaines\/#primaryimage\"},\"thumbnailUrl\":\"https:\/\/sceaux-lagazette.fr\/wp-content\/uploads\/2022\/02\/Camerata-Romeu.jpg\",\"articleSection\":[\"Musique\"],\"inLanguage\":\"fr-FR\",\"potentialAction\":[{\"@type\":\"CommentAction\",\"name\":\"Comment\",\"target\":[\"https:\/\/sceaux-lagazette.fr\/index.php\/2022\/02\/12\/archets-feminins-pour-cordes-cubaines\/#respond\"]}]},{\"@type\":\"WebPage\",\"@id\":\"https:\/\/sceaux-lagazette.fr\/index.php\/2022\/02\/12\/archets-feminins-pour-cordes-cubaines\/\",\"url\":\"https:\/\/sceaux-lagazette.fr\/index.php\/2022\/02\/12\/archets-feminins-pour-cordes-cubaines\/\",\"name\":\"Archets f\u00e9minins pour cordes cubaines - La Gazette\",\"isPartOf\":{\"@id\":\"https:\/\/sceaux-lagazette.fr\/#website\"},\"primaryImageOfPage\":{\"@id\":\"https:\/\/sceaux-lagazette.fr\/index.php\/2022\/02\/12\/archets-feminins-pour-cordes-cubaines\/#primaryimage\"},\"image\":{\"@id\":\"https:\/\/sceaux-lagazette.fr\/index.php\/2022\/02\/12\/archets-feminins-pour-cordes-cubaines\/#primaryimage\"},\"thumbnailUrl\":\"https:\/\/sceaux-lagazette.fr\/wp-content\/uploads\/2022\/02\/Camerata-Romeu.jpg\",\"datePublished\":\"2022-02-12T09:00:06+00:00\",\"dateModified\":\"2022-02-19T22:15:25+00:00\",\"breadcrumb\":{\"@id\":\"https:\/\/sceaux-lagazette.fr\/index.php\/2022\/02\/12\/archets-feminins-pour-cordes-cubaines\/#breadcrumb\"},\"inLanguage\":\"fr-FR\",\"potentialAction\":[{\"@type\":\"ReadAction\",\"target\":[\"https:\/\/sceaux-lagazette.fr\/index.php\/2022\/02\/12\/archets-feminins-pour-cordes-cubaines\/\"]}]},{\"@type\":\"ImageObject\",\"inLanguage\":\"fr-FR\",\"@id\":\"https:\/\/sceaux-lagazette.fr\/index.php\/2022\/02\/12\/archets-feminins-pour-cordes-cubaines\/#primaryimage\",\"url\":\"https:\/\/sceaux-lagazette.fr\/wp-content\/uploads\/2022\/02\/Camerata-Romeu.jpg\",\"contentUrl\":\"https:\/\/sceaux-lagazette.fr\/wp-content\/uploads\/2022\/02\/Camerata-Romeu.jpg\",\"width\":1386,\"height\":466},{\"@type\":\"BreadcrumbList\",\"@id\":\"https:\/\/sceaux-lagazette.fr\/index.php\/2022\/02\/12\/archets-feminins-pour-cordes-cubaines\/#breadcrumb\",\"itemListElement\":[{\"@type\":\"ListItem\",\"position\":1,\"name\":\"Accueil\",\"item\":\"https:\/\/sceaux-lagazette.fr\/\"},{\"@type\":\"ListItem\",\"position\":2,\"name\":\"Archets f\u00e9minins pour cordes cubaines\"}]},{\"@type\":\"WebSite\",\"@id\":\"https:\/\/sceaux-lagazette.fr\/#website\",\"url\":\"https:\/\/sceaux-lagazette.fr\/\",\"name\":\"La Gazette\",\"description\":\"Bourg-la-Reine, Ch\u00e2tenay, Fontenay, Sceaux\",\"publisher\":{\"@id\":\"https:\/\/sceaux-lagazette.fr\/#organization\"},\"potentialAction\":[{\"@type\":\"SearchAction\",\"target\":{\"@type\":\"EntryPoint\",\"urlTemplate\":\"https:\/\/sceaux-lagazette.fr\/?s={search_term_string}\"},\"query-input\":{\"@type\":\"PropertyValueSpecification\",\"valueRequired\":true,\"valueName\":\"search_term_string\"}}],\"inLanguage\":\"fr-FR\"},{\"@type\":\"Organization\",\"@id\":\"https:\/\/sceaux-lagazette.fr\/#organization\",\"name\":\"La Gazette\",\"url\":\"https:\/\/sceaux-lagazette.fr\/\",\"logo\":{\"@type\":\"ImageObject\",\"inLanguage\":\"fr-FR\",\"@id\":\"https:\/\/sceaux-lagazette.fr\/#\/schema\/logo\/image\/\",\"url\":\"https:\/\/sceaux-lagazette.fr\/wp-content\/uploads\/2025\/08\/Logo-Gazette-Aout-2025-V3.jpg\",\"contentUrl\":\"https:\/\/sceaux-lagazette.fr\/wp-content\/uploads\/2025\/08\/Logo-Gazette-Aout-2025-V3.jpg\",\"width\":525,\"height\":130,\"caption\":\"La Gazette\"},\"image\":{\"@id\":\"https:\/\/sceaux-lagazette.fr\/#\/schema\/logo\/image\/\"}},{\"@type\":\"Person\",\"@id\":\"https:\/\/sceaux-lagazette.fr\/#\/schema\/person\/060ab8fc058c4220d9079707a58da9f1\",\"name\":\"Maurice Zytnicki\",\"image\":{\"@type\":\"ImageObject\",\"inLanguage\":\"fr-FR\",\"@id\":\"https:\/\/sceaux-lagazette.fr\/#\/schema\/person\/image\/\",\"url\":\"https:\/\/secure.gravatar.com\/avatar\/d94d30d6fa0e9cb7af48a89366fc0cdb?s=96&r=g\",\"contentUrl\":\"https:\/\/secure.gravatar.com\/avatar\/d94d30d6fa0e9cb7af48a89366fc0cdb?s=96&r=g\",\"caption\":\"Maurice Zytnicki\"},\"url\":\"https:\/\/sceaux-lagazette.fr\/index.php\/author\/maurice\/\"}]}<\/script>\n<!-- \/ Yoast SEO plugin. -->","yoast_head_json":{"title":"Archets f\u00e9minins pour cordes cubaines - La Gazette","robots":{"index":"index","follow":"follow","max-snippet":"max-snippet:-1","max-image-preview":"max-image-preview:large","max-video-preview":"max-video-preview:-1"},"canonical":"https:\/\/sceaux-lagazette.fr\/index.php\/2022\/02\/12\/archets-feminins-pour-cordes-cubaines\/","og_locale":"fr_FR","og_type":"article","og_title":"Archets f\u00e9minins pour cordes cubaines - La Gazette","og_description":"On fait sur Internet des rencontres parfois surprenantes. Pour qui aime les \u00ab\u00a0fusions\u00a0\u00bb, \u00e0 entendre ici comme croisements entre genres musicaux \u00e9loign\u00e9s, un peu comme il y a eu le jazz-rock. Dans le cas pr\u00e9sent, c&rsquo;est une \u00ab\u00a0fusion\u00a0\u00bb entre musique classique et musique latino. C&rsquo;est remarquable et \u00e7a se partage.&#8230;","og_url":"https:\/\/sceaux-lagazette.fr\/index.php\/2022\/02\/12\/archets-feminins-pour-cordes-cubaines\/","og_site_name":"La Gazette","article_published_time":"2022-02-12T09:00:06+00:00","article_modified_time":"2022-02-19T22:15:25+00:00","og_image":[{"width":1386,"height":466,"url":"https:\/\/sceaux-lagazette.fr\/wp-content\/uploads\/2022\/02\/Camerata-Romeu.jpg","type":"image\/jpeg"}],"author":"Maurice Zytnicki","twitter_card":"summary_large_image","twitter_misc":{"\u00c9crit par":"Maurice Zytnicki","Dur\u00e9e de lecture estim\u00e9e":"1 minute"},"schema":{"@context":"https:\/\/schema.org","@graph":[{"@type":"Article","@id":"https:\/\/sceaux-lagazette.fr\/index.php\/2022\/02\/12\/archets-feminins-pour-cordes-cubaines\/#article","isPartOf":{"@id":"https:\/\/sceaux-lagazette.fr\/index.php\/2022\/02\/12\/archets-feminins-pour-cordes-cubaines\/"},"author":{"name":"Maurice Zytnicki","@id":"https:\/\/sceaux-lagazette.fr\/#\/schema\/person\/060ab8fc058c4220d9079707a58da9f1"},"headline":"Archets f\u00e9minins pour cordes cubaines","datePublished":"2022-02-12T09:00:06+00:00","dateModified":"2022-02-19T22:15:25+00:00","mainEntityOfPage":{"@id":"https:\/\/sceaux-lagazette.fr\/index.php\/2022\/02\/12\/archets-feminins-pour-cordes-cubaines\/"},"wordCount":247,"commentCount":14,"publisher":{"@id":"https:\/\/sceaux-lagazette.fr\/#organization"},"image":{"@id":"https:\/\/sceaux-lagazette.fr\/index.php\/2022\/02\/12\/archets-feminins-pour-cordes-cubaines\/#primaryimage"},"thumbnailUrl":"https:\/\/sceaux-lagazette.fr\/wp-content\/uploads\/2022\/02\/Camerata-Romeu.jpg","articleSection":["Musique"],"inLanguage":"fr-FR","potentialAction":[{"@type":"CommentAction","name":"Comment","target":["https:\/\/sceaux-lagazette.fr\/index.php\/2022\/02\/12\/archets-feminins-pour-cordes-cubaines\/#respond"]}]},{"@type":"WebPage","@id":"https:\/\/sceaux-lagazette.fr\/index.php\/2022\/02\/12\/archets-feminins-pour-cordes-cubaines\/","url":"https:\/\/sceaux-lagazette.fr\/index.php\/2022\/02\/12\/archets-feminins-pour-cordes-cubaines\/","name":"Archets f\u00e9minins pour cordes cubaines - La Gazette","isPartOf":{"@id":"https:\/\/sceaux-lagazette.fr\/#website"},"primaryImageOfPage":{"@id":"https:\/\/sceaux-lagazette.fr\/index.php\/2022\/02\/12\/archets-feminins-pour-cordes-cubaines\/#primaryimage"},"image":{"@id":"https:\/\/sceaux-lagazette.fr\/index.php\/2022\/02\/12\/archets-feminins-pour-cordes-cubaines\/#primaryimage"},"thumbnailUrl":"https:\/\/sceaux-lagazette.fr\/wp-content\/uploads\/2022\/02\/Camerata-Romeu.jpg","datePublished":"2022-02-12T09:00:06+00:00","dateModified":"2022-02-19T22:15:25+00:00","breadcrumb":{"@id":"https:\/\/sceaux-lagazette.fr\/index.php\/2022\/02\/12\/archets-feminins-pour-cordes-cubaines\/#breadcrumb"},"inLanguage":"fr-FR","potentialAction":[{"@type":"ReadAction","target":["https:\/\/sceaux-lagazette.fr\/index.php\/2022\/02\/12\/archets-feminins-pour-cordes-cubaines\/"]}]},{"@type":"ImageObject","inLanguage":"fr-FR","@id":"https:\/\/sceaux-lagazette.fr\/index.php\/2022\/02\/12\/archets-feminins-pour-cordes-cubaines\/#primaryimage","url":"https:\/\/sceaux-lagazette.fr\/wp-content\/uploads\/2022\/02\/Camerata-Romeu.jpg","contentUrl":"https:\/\/sceaux-lagazette.fr\/wp-content\/uploads\/2022\/02\/Camerata-Romeu.jpg","width":1386,"height":466},{"@type":"BreadcrumbList","@id":"https:\/\/sceaux-lagazette.fr\/index.php\/2022\/02\/12\/archets-feminins-pour-cordes-cubaines\/#breadcrumb","itemListElement":[{"@type":"ListItem","position":1,"name":"Accueil","item":"https:\/\/sceaux-lagazette.fr\/"},{"@type":"ListItem","position":2,"name":"Archets f\u00e9minins pour cordes cubaines"}]},{"@type":"WebSite","@id":"https:\/\/sceaux-lagazette.fr\/#website","url":"https:\/\/sceaux-lagazette.fr\/","name":"La Gazette","description":"Bourg-la-Reine, Ch\u00e2tenay, Fontenay, Sceaux","publisher":{"@id":"https:\/\/sceaux-lagazette.fr\/#organization"},"potentialAction":[{"@type":"SearchAction","target":{"@type":"EntryPoint","urlTemplate":"https:\/\/sceaux-lagazette.fr\/?s={search_term_string}"},"query-input":{"@type":"PropertyValueSpecification","valueRequired":true,"valueName":"search_term_string"}}],"inLanguage":"fr-FR"},{"@type":"Organization","@id":"https:\/\/sceaux-lagazette.fr\/#organization","name":"La Gazette","url":"https:\/\/sceaux-lagazette.fr\/","logo":{"@type":"ImageObject","inLanguage":"fr-FR","@id":"https:\/\/sceaux-lagazette.fr\/#\/schema\/logo\/image\/","url":"https:\/\/sceaux-lagazette.fr\/wp-content\/uploads\/2025\/08\/Logo-Gazette-Aout-2025-V3.jpg","contentUrl":"https:\/\/sceaux-lagazette.fr\/wp-content\/uploads\/2025\/08\/Logo-Gazette-Aout-2025-V3.jpg","width":525,"height":130,"caption":"La Gazette"},"image":{"@id":"https:\/\/sceaux-lagazette.fr\/#\/schema\/logo\/image\/"}},{"@type":"Person","@id":"https:\/\/sceaux-lagazette.fr\/#\/schema\/person\/060ab8fc058c4220d9079707a58da9f1","name":"Maurice Zytnicki","image":{"@type":"ImageObject","inLanguage":"fr-FR","@id":"https:\/\/sceaux-lagazette.fr\/#\/schema\/person\/image\/","url":"https:\/\/secure.gravatar.com\/avatar\/d94d30d6fa0e9cb7af48a89366fc0cdb?s=96&r=g","contentUrl":"https:\/\/secure.gravatar.com\/avatar\/d94d30d6fa0e9cb7af48a89366fc0cdb?s=96&r=g","caption":"Maurice Zytnicki"},"url":"https:\/\/sceaux-lagazette.fr\/index.php\/author\/maurice\/"}]}},"cc_featured_image_caption":{"caption_text":"Source : https:\/\/camerataromeu.com\/videos\/","source_text":"","source_url":""},"_links":{"self":[{"href":"https:\/\/sceaux-lagazette.fr\/index.php\/wp-json\/wp\/v2\/posts\/5649"}],"collection":[{"href":"https:\/\/sceaux-lagazette.fr\/index.php\/wp-json\/wp\/v2\/posts"}],"about":[{"href":"https:\/\/sceaux-lagazette.fr\/index.php\/wp-json\/wp\/v2\/types\/post"}],"author":[{"embeddable":true,"href":"https:\/\/sceaux-lagazette.fr\/index.php\/wp-json\/wp\/v2\/users\/6"}],"replies":[{"embeddable":true,"href":"https:\/\/sceaux-lagazette.fr\/index.php\/wp-json\/wp\/v2\/comments?post=5649"}],"version-history":[{"count":9,"href":"https:\/\/sceaux-lagazette.fr\/index.php\/wp-json\/wp\/v2\/posts\/5649\/revisions"}],"predecessor-version":[{"id":5817,"href":"https:\/\/sceaux-lagazette.fr\/index.php\/wp-json\/wp\/v2\/posts\/5649\/revisions\/5817"}],"wp:featuredmedia":[{"embeddable":true,"href":"https:\/\/sceaux-lagazette.fr\/index.php\/wp-json\/wp\/v2\/media\/5823"}],"wp:attachment":[{"href":"https:\/\/sceaux-lagazette.fr\/index.php\/wp-json\/wp\/v2\/media?parent=5649"}],"wp:term":[{"taxonomy":"category","embeddable":true,"href":"https:\/\/sceaux-lagazette.fr\/index.php\/wp-json\/wp\/v2\/categories?post=5649"},{"taxonomy":"post_tag","embeddable":true,"href":"https:\/\/sceaux-lagazette.fr\/index.php\/wp-json\/wp\/v2\/tags?post=5649"}],"curies":[{"name":"wp","href":"https:\/\/api.w.org\/{rel}","templated":true}]}}