{"id":5465,"date":"2022-01-12T10:10:48","date_gmt":"2022-01-12T09:10:48","guid":{"rendered":"https:\/\/sceaux-lagazette.fr\/?p=5465"},"modified":"2022-01-11T21:01:06","modified_gmt":"2022-01-11T20:01:06","slug":"les-dimensions-dun-plan-pieton","status":"publish","type":"post","link":"https:\/\/sceaux-lagazette.fr\/index.php\/2022\/01\/12\/les-dimensions-dun-plan-pieton\/","title":{"rendered":"Les dimensions d\u2019un Plan pi\u00e9ton"},"content":{"rendered":"\n<p>Pour <em>60 millions de pi\u00e9tons (60MP)<\/em>, si les efforts de d\u00e9veloppement des mobilit\u00e9s actives encouragent (\u00e0 bon droit) le v\u00e9lo, ils n\u00e9gligent trop souvent la marche \u00e0 pied. En la mati\u00e8re, l\u2019association y voit la grande oubli\u00e9e. C\u2019est pourquoi elle a con\u00e7u des plans pi\u00e9tons qu\u2019elle soumet aux \u00e9lus pour \u00e0 la fois d\u00e9fendre un certain nombre de principes et pour collecter les bonnes pratiques qu\u2019ils peuvent appliquer.<\/p>\n\n\n\n<p>Les plans pi\u00e9tons de <em>60MP s<\/em>ont d\u00e9clin\u00e9s selon l\u2019\u00e9chelon du territoire vis\u00e9&nbsp;: national, r\u00e9gional, d\u00e9partemental, municipal&nbsp;; ils sont <a href=\"http:\/\/www.pietons.org\/cat\/plan-pieton--104.html\">accessibles en ligne<\/a>. Le quatri\u00e8me est celui qui nous concerne le plus directement. Au lieu d\u2019en reprendre les 40 propositions qui couvrent un ensemble g\u00e9n\u00e9rique de besoins, un petit extrait appliqu\u00e9 \u00e0 la situation de Sceaux traduira mieux l\u2019esprit de la d\u00e9marche.<\/p>\n\n\n\n<p>Ce qui suit ne pr\u00e9juge pas de ce qui existe d\u00e9j\u00e0 ou qui est planifi\u00e9 et dont nous rendrons compte ult\u00e9rieurement. Les propositions de <em>60MP <\/em>reprises sont celles qui nous semblent adapt\u00e9es \u00e0 la r\u00e9alit\u00e9 municipale. Le lien vers l\u2019original donn\u00e9 plus haut permet de suivre les interpr\u00e9tations qui en ont \u00e9t\u00e9 faites. Le plan en 6 axes de 60MP est repris avec les m\u00eames intitul\u00e9s.<\/p>\n\n\n\n<h2 class=\"wp-block-heading\">1- Pour une strat\u00e9gie de valorisation de la marche comme une mobilit\u00e9 prioritaire<\/h2>\n\n\n\n<p>A Sceaux, la marche est d\u00e9j\u00e0 fortement d\u00e9velopp\u00e9e avec la rue pi\u00e9tonne et les diverses zones vertes. Son extension suppose donc d\u2019identifier des parcours d\u2019int\u00e9r\u00eat. Les priorit\u00e9s pourraient relever de la volont\u00e9 de mieux relier les quartiers, de traiter des ant\u00e9c\u00e9dents d\u2019accidentalit\u00e9, d\u2019accro\u00eetre l\u2019attrait touristique. Ou toute autre raison \u00e0 d\u00e9finir.<\/p>\n\n\n\n<p><em>60MP<\/em> recommande un plan annuel \u00ab pi\u00e9ton \u00bb programmant et budg\u00e9tisant les projets d\u2019am\u00e9nagement. Un suivi de l\u2019ex\u00e9cution de ce plan marche serait un instrument essentiel que l\u2019\u00e9lu en charge des mobilit\u00e9s devrait piloter.<\/p>\n\n\n\n<p>La continuit\u00e9 et la qualit\u00e9 des cheminements pi\u00e9tons, de m\u00eame que leur contr\u00f4le dans l\u2019attribution des permis de construire, devraient \u00eatre int\u00e9gr\u00e9s dans le PLU.<\/p>\n\n\n\n<p>La mise \u00e0 jour du plan de mise en accessibilit\u00e9 de la voirie et des am\u00e9nagements des espaces publics (PAVE) est consid\u00e9r\u00e9e comme importante. Elle permet de tenir compte de l\u2019intrusion des nouvelles mobilit\u00e9s (trottinettes \u00e9lectriques et autres EDPM), avec confirmation de leur interdiction de circuler et de stationner sur les trottoirs.<\/p>\n\n\n\n<h2 class=\"wp-block-heading\">2- La valorisation de la marche \u00e0 pied dans la ville<\/h2>\n\n\n\n<p>Une signal\u00e9tique pi\u00e9tonne (distance-temps de parcours) pour rejoindre les p\u00f4les d\u2019attractivit\u00e9 : gare, \u00e9coles, commerces et zones commerciales, \u00e9quipements municipaux est en cours de r\u00e9alisation. Elle devrait \u00eatre \u00e9tendue. Le concours des habitants et des associations agissant sur ce th\u00e8me est une pr\u00e9cieuse source de propositions.<\/p>\n\n\n\n<p>La r\u00e9alisation de bancs ou d\u2019assises \u00e0 intervalle r\u00e9gulier est \u00e0 la fois utile au repos des personnes \u00e2g\u00e9es et \u00e0 l\u2019invitation \u00e0 la marche. D\u2019une fa\u00e7on plus g\u00e9n\u00e9rale, la valorisation de la marche devrait \u00eatre par des \u00e9quipements et am\u00e9nagements qui rendent les trajets attrayants.<\/p>\n\n\n\n<p>La sensibilisation \u00e0 la pratique de la marche et \u00e0 ses bienfaits dans les \u00e9coles et les lyc\u00e9es est \u00e0 entreprendre. Elle peut prendre naturellement place parmi les initiatives qui existent sur la ville et qui traitent des mobilit\u00e9s douces.<\/p>\n\n\n\n<h2 class=\"wp-block-heading\">3- L\u2019am\u00e9lioration de la marchabilit\u00e9 des trottoirs<\/h2>\n\n\n\n<p>Un diagnostic sur l\u2019\u00e9tat des trottoirs est \u00e0 faire, \u00e0 moins qu\u2019il n\u2019ait \u00e9t\u00e9 men\u00e9 r\u00e9cemment. Sur cette base devra \u00eatre d\u00e9fini un programme d\u2019entretien et de nettoiement (suppression des d\u00e9fauts de plan\u00e9it\u00e9, contr\u00f4le de l\u2019adh\u00e9rence &#8230;).<\/p>\n\n\n\n<h2 class=\"wp-block-heading\">4- L\u2019accroissement des espaces pi\u00e9tonniers ou prioritairement r\u00e9serv\u00e9s aux pi\u00e9tons :<\/h2>\n\n\n\n<p>Il est demand\u00e9 de fixer par arr\u00eat\u00e9 municipal de l\u2019allure du pas \u00e0 4 km\/h en tout lieu o\u00f9 elle est exig\u00e9e par le Code de la route.<\/p>\n\n\n\n<p>La cr\u00e9ation de rues-\u00e9coles est en cours. Une communication sur les projets en cours serait bienvenue. <em>60MP<\/em> est favorable au d\u00e9veloppement de ces rues. Tout am\u00e9nagement des abords des \u00e9coles doit donc \u00eatre examin\u00e9 au regard de son impact sur les rues environnantes afin de ne pas desservir l\u2019objectif initial.<\/p>\n\n\n\n<h2 class=\"wp-block-heading\">5- La s\u00e9curisation des carrefours et des passages pi\u00e9tons<\/h2>\n\n\n\n<p>Ce point, \u00e0 ma connaissance, n\u2019est pas crucial \u00e0 Sceaux. On n\u2019entend pas parler de carrefours particuli\u00e8rement \u00ab accidentog\u00e8nes \u00bb pour les pi\u00e9tons (si erreur, LGdS en rendra bien \u00e9videmment compte). Peut-\u00eatre la qualit\u00e9 du marquage du passage pi\u00e9ton par endroits. <em>60MP<\/em> \u00e9voque l\u2019int\u00e9r\u00eat de la maintenance de son caract\u00e8re r\u00e9tro-r\u00e9fl\u00e9chissant.<\/p>\n\n\n\n<h2 class=\"wp-block-heading\">6- La garantie d\u2019une coexistence pacifi\u00e9e avec les cyclistes et les utilisateurs d\u2019engins de d\u00e9placement personnel<\/h2>\n\n\n\n<p>Ici les demandes de <em>60MP<\/em> sont nettement plus tangibles. Elles sont assez nombreuses. La liste convient mieux.<\/p>\n\n\n\n<ul class=\"wp-block-list\"><li>La suppression des voies cyclables \u00e0 double sens lorsque la s\u00e9curit\u00e9 des travers\u00e9es pi\u00e9tonnes n\u2019est pas assur\u00e9e (masque d\u00fb au stationnement).<\/li><li>La suppression du \u00ab C\u00e9dez le passage des v\u00e9los \u00bb dans les carrefours \u00e0 feu d\u00e8s lors que le flux pi\u00e9ton est r\u00e9gulier.<\/li><li>La limitation de la vitesse sur les pistes et bandes cyclables \u00e0 20 km\/h.<\/li><li>Le pied-\u00e0-terre des v\u00e9los et EDPM dans les aires pi\u00e9tonnes.<\/li><li>L\u2019interdiction de circuler \u00e0 v\u00e9lo ou engin de d\u00e9placement personnel sur les trottoirs dans les parties non affect\u00e9es aux pistes cyclables.<\/li><\/ul>\n\n\n\n<p>La rigueur des demandes traduit sans doute les \u00ab&nbsp;frottements&nbsp;\u00bb qui existent actuellement entre pi\u00e9tons et cyclistes (les trottinettes surtout) et que l\u2019association rapporte r\u00e9guli\u00e8rement. Incidemment, une analyse int\u00e9ressante sur les multiples facettes du sujet est disponible sur le site de <a href=\"https:\/\/www.securite-routiere-az.fr\/debats\/cohabitation-cyclistes-pietons-un-ideal-illusoire\/\">securiteroutiere-az.fr<\/a>. &nbsp;<\/p>\n\n\n\n<h2 class=\"wp-block-heading\">Qu\u2019en pensent les \u00e9lus&nbsp;?<\/h2>\n\n\n\n<p>Les attentes formul\u00e9es par 60MP ne sont pas isol\u00e9es. Elles sont soutenues et m\u00eame \u00e9tendues par d\u2019autres associations, \u00e0 commencer par <em>Rue de l\u2019Avenir<\/em>. Suivons-la quand elle consid\u00e8re la marche comme <em>\u00ab&nbsp;le maillon qui articule la cha\u00eene des d\u00e9placements. Elle concerne tous les individus qui ont l\u2019usage de leurs jambes ou ceux qui ont une mobilit\u00e9 r\u00e9duite, et qui effectuent de nombreux trajets courts ou longs, y compris quand il s\u2019agit d\u2019aller chercher sa voiture ou rejoindre un transport collectif. Pour certaines populations d\u00e9favoris\u00e9es, c\u2019est parfois le seul moyen de d\u00e9placement. La marche doit \u00eatre le mode de d\u00e9placement absolument garanti dans le cadre d\u2019une accessibilit\u00e9 possible et s\u00fbre pour tous&nbsp;<\/em>\u00bb.<\/p>\n\n\n\n<p>Cela ne vaut-il pas un plan&nbsp;? La Gazette sollicitera le point de vue des \u00e9lus sans consid\u00e9ration de liste pour conna\u00eetre leur approche de la question.<\/p>\n","protected":false},"excerpt":{"rendered":"<p>Pour 60 millions de pi\u00e9tons (60MP), si les efforts de d\u00e9veloppement des mobilit\u00e9s actives encouragent (\u00e0 bon droit) le v\u00e9lo, ils n\u00e9gligent trop souvent la marche \u00e0 pied. En la mati\u00e8re, l\u2019association y voit la grande oubli\u00e9e. C\u2019est pourquoi elle a con\u00e7u des plans pi\u00e9tons qu\u2019elle soumet aux \u00e9lus pour&#8230;<\/p>\n","protected":false},"author":6,"featured_media":5473,"comment_status":"open","ping_status":"open","sticky":false,"template":"","format":"standard","meta":{"om_disable_all_campaigns":false,"_monsterinsights_skip_tracking":false,"_monsterinsights_sitenote_active":false,"_monsterinsights_sitenote_note":"","_monsterinsights_sitenote_category":0,"_uf_show_specific_survey":0,"_uf_disable_surveys":false,"footnotes":""},"categories":[238],"tags":[],"class_list":["post-5465","post","type-post","status-publish","format-standard","has-post-thumbnail","hentry","category-opinions","entry","simple"],"yoast_head":"<!-- This site is optimized with the Yoast SEO plugin v25.6 - https:\/\/yoast.com\/wordpress\/plugins\/seo\/ -->\n<title>Les dimensions d\u2019un Plan pi\u00e9ton - La Gazette<\/title>\n<meta name=\"robots\" content=\"index, follow, max-snippet:-1, max-image-preview:large, max-video-preview:-1\" \/>\n<link rel=\"canonical\" href=\"https:\/\/sceaux-lagazette.fr\/index.php\/2022\/01\/12\/les-dimensions-dun-plan-pieton\/\" \/>\n<meta property=\"og:locale\" content=\"fr_FR\" \/>\n<meta property=\"og:type\" content=\"article\" \/>\n<meta property=\"og:title\" content=\"Les dimensions d\u2019un Plan pi\u00e9ton - La Gazette\" \/>\n<meta property=\"og:description\" content=\"Pour 60 millions de pi\u00e9tons (60MP), si les efforts de d\u00e9veloppement des mobilit\u00e9s actives encouragent (\u00e0 bon droit) le v\u00e9lo, ils n\u00e9gligent trop souvent la marche \u00e0 pied. En la mati\u00e8re, l\u2019association y voit la grande oubli\u00e9e. C\u2019est pourquoi elle a con\u00e7u des plans pi\u00e9tons qu\u2019elle soumet aux \u00e9lus pour&#8230;\" \/>\n<meta property=\"og:url\" content=\"https:\/\/sceaux-lagazette.fr\/index.php\/2022\/01\/12\/les-dimensions-dun-plan-pieton\/\" \/>\n<meta property=\"og:site_name\" content=\"La Gazette\" \/>\n<meta property=\"article:published_time\" content=\"2022-01-12T09:10:48+00:00\" \/>\n<meta property=\"og:image\" content=\"https:\/\/sceaux-lagazette.fr\/wp-content\/uploads\/2022\/01\/Logo60MP.jpg\" \/>\n\t<meta property=\"og:image:width\" content=\"924\" \/>\n\t<meta property=\"og:image:height\" content=\"413\" \/>\n\t<meta property=\"og:image:type\" content=\"image\/jpeg\" \/>\n<meta name=\"author\" content=\"Maurice Zytnicki\" \/>\n<meta name=\"twitter:card\" content=\"summary_large_image\" \/>\n<meta name=\"twitter:label1\" content=\"\u00c9crit par\" \/>\n\t<meta name=\"twitter:data1\" content=\"Maurice Zytnicki\" \/>\n\t<meta name=\"twitter:label2\" content=\"Dur\u00e9e de lecture estim\u00e9e\" \/>\n\t<meta name=\"twitter:data2\" content=\"6 minutes\" \/>\n<script type=\"application\/ld+json\" class=\"yoast-schema-graph\">{\"@context\":\"https:\/\/schema.org\",\"@graph\":[{\"@type\":\"Article\",\"@id\":\"https:\/\/sceaux-lagazette.fr\/index.php\/2022\/01\/12\/les-dimensions-dun-plan-pieton\/#article\",\"isPartOf\":{\"@id\":\"https:\/\/sceaux-lagazette.fr\/index.php\/2022\/01\/12\/les-dimensions-dun-plan-pieton\/\"},\"author\":{\"name\":\"Maurice Zytnicki\",\"@id\":\"https:\/\/sceaux-lagazette.fr\/#\/schema\/person\/060ab8fc058c4220d9079707a58da9f1\"},\"headline\":\"Les dimensions d\u2019un Plan pi\u00e9ton\",\"datePublished\":\"2022-01-12T09:10:48+00:00\",\"mainEntityOfPage\":{\"@id\":\"https:\/\/sceaux-lagazette.fr\/index.php\/2022\/01\/12\/les-dimensions-dun-plan-pieton\/\"},\"wordCount\":1169,\"commentCount\":0,\"publisher\":{\"@id\":\"https:\/\/sceaux-lagazette.fr\/#organization\"},\"image\":{\"@id\":\"https:\/\/sceaux-lagazette.fr\/index.php\/2022\/01\/12\/les-dimensions-dun-plan-pieton\/#primaryimage\"},\"thumbnailUrl\":\"https:\/\/sceaux-lagazette.fr\/wp-content\/uploads\/2022\/01\/Logo60MP.jpg\",\"articleSection\":[\"Opinions\"],\"inLanguage\":\"fr-FR\",\"potentialAction\":[{\"@type\":\"CommentAction\",\"name\":\"Comment\",\"target\":[\"https:\/\/sceaux-lagazette.fr\/index.php\/2022\/01\/12\/les-dimensions-dun-plan-pieton\/#respond\"]}]},{\"@type\":\"WebPage\",\"@id\":\"https:\/\/sceaux-lagazette.fr\/index.php\/2022\/01\/12\/les-dimensions-dun-plan-pieton\/\",\"url\":\"https:\/\/sceaux-lagazette.fr\/index.php\/2022\/01\/12\/les-dimensions-dun-plan-pieton\/\",\"name\":\"Les dimensions d\u2019un Plan pi\u00e9ton - La Gazette\",\"isPartOf\":{\"@id\":\"https:\/\/sceaux-lagazette.fr\/#website\"},\"primaryImageOfPage\":{\"@id\":\"https:\/\/sceaux-lagazette.fr\/index.php\/2022\/01\/12\/les-dimensions-dun-plan-pieton\/#primaryimage\"},\"image\":{\"@id\":\"https:\/\/sceaux-lagazette.fr\/index.php\/2022\/01\/12\/les-dimensions-dun-plan-pieton\/#primaryimage\"},\"thumbnailUrl\":\"https:\/\/sceaux-lagazette.fr\/wp-content\/uploads\/2022\/01\/Logo60MP.jpg\",\"datePublished\":\"2022-01-12T09:10:48+00:00\",\"breadcrumb\":{\"@id\":\"https:\/\/sceaux-lagazette.fr\/index.php\/2022\/01\/12\/les-dimensions-dun-plan-pieton\/#breadcrumb\"},\"inLanguage\":\"fr-FR\",\"potentialAction\":[{\"@type\":\"ReadAction\",\"target\":[\"https:\/\/sceaux-lagazette.fr\/index.php\/2022\/01\/12\/les-dimensions-dun-plan-pieton\/\"]}]},{\"@type\":\"ImageObject\",\"inLanguage\":\"fr-FR\",\"@id\":\"https:\/\/sceaux-lagazette.fr\/index.php\/2022\/01\/12\/les-dimensions-dun-plan-pieton\/#primaryimage\",\"url\":\"https:\/\/sceaux-lagazette.fr\/wp-content\/uploads\/2022\/01\/Logo60MP.jpg\",\"contentUrl\":\"https:\/\/sceaux-lagazette.fr\/wp-content\/uploads\/2022\/01\/Logo60MP.jpg\",\"width\":924,\"height\":413},{\"@type\":\"BreadcrumbList\",\"@id\":\"https:\/\/sceaux-lagazette.fr\/index.php\/2022\/01\/12\/les-dimensions-dun-plan-pieton\/#breadcrumb\",\"itemListElement\":[{\"@type\":\"ListItem\",\"position\":1,\"name\":\"Accueil\",\"item\":\"https:\/\/sceaux-lagazette.fr\/\"},{\"@type\":\"ListItem\",\"position\":2,\"name\":\"Les dimensions d\u2019un Plan pi\u00e9ton\"}]},{\"@type\":\"WebSite\",\"@id\":\"https:\/\/sceaux-lagazette.fr\/#website\",\"url\":\"https:\/\/sceaux-lagazette.fr\/\",\"name\":\"La Gazette\",\"description\":\"Bourg-la-Reine, Ch\u00e2tenay, Fontenay, Sceaux\",\"publisher\":{\"@id\":\"https:\/\/sceaux-lagazette.fr\/#organization\"},\"potentialAction\":[{\"@type\":\"SearchAction\",\"target\":{\"@type\":\"EntryPoint\",\"urlTemplate\":\"https:\/\/sceaux-lagazette.fr\/?s={search_term_string}\"},\"query-input\":{\"@type\":\"PropertyValueSpecification\",\"valueRequired\":true,\"valueName\":\"search_term_string\"}}],\"inLanguage\":\"fr-FR\"},{\"@type\":\"Organization\",\"@id\":\"https:\/\/sceaux-lagazette.fr\/#organization\",\"name\":\"La Gazette\",\"url\":\"https:\/\/sceaux-lagazette.fr\/\",\"logo\":{\"@type\":\"ImageObject\",\"inLanguage\":\"fr-FR\",\"@id\":\"https:\/\/sceaux-lagazette.fr\/#\/schema\/logo\/image\/\",\"url\":\"https:\/\/sceaux-lagazette.fr\/wp-content\/uploads\/2025\/08\/Logo-Gazette-Aout-2025-V3.jpg\",\"contentUrl\":\"https:\/\/sceaux-lagazette.fr\/wp-content\/uploads\/2025\/08\/Logo-Gazette-Aout-2025-V3.jpg\",\"width\":525,\"height\":130,\"caption\":\"La Gazette\"},\"image\":{\"@id\":\"https:\/\/sceaux-lagazette.fr\/#\/schema\/logo\/image\/\"}},{\"@type\":\"Person\",\"@id\":\"https:\/\/sceaux-lagazette.fr\/#\/schema\/person\/060ab8fc058c4220d9079707a58da9f1\",\"name\":\"Maurice Zytnicki\",\"image\":{\"@type\":\"ImageObject\",\"inLanguage\":\"fr-FR\",\"@id\":\"https:\/\/sceaux-lagazette.fr\/#\/schema\/person\/image\/\",\"url\":\"https:\/\/secure.gravatar.com\/avatar\/d94d30d6fa0e9cb7af48a89366fc0cdb?s=96&r=g\",\"contentUrl\":\"https:\/\/secure.gravatar.com\/avatar\/d94d30d6fa0e9cb7af48a89366fc0cdb?s=96&r=g\",\"caption\":\"Maurice Zytnicki\"},\"url\":\"https:\/\/sceaux-lagazette.fr\/index.php\/author\/maurice\/\"}]}<\/script>\n<!-- \/ Yoast SEO plugin. -->","yoast_head_json":{"title":"Les dimensions d\u2019un Plan pi\u00e9ton - La Gazette","robots":{"index":"index","follow":"follow","max-snippet":"max-snippet:-1","max-image-preview":"max-image-preview:large","max-video-preview":"max-video-preview:-1"},"canonical":"https:\/\/sceaux-lagazette.fr\/index.php\/2022\/01\/12\/les-dimensions-dun-plan-pieton\/","og_locale":"fr_FR","og_type":"article","og_title":"Les dimensions d\u2019un Plan pi\u00e9ton - La Gazette","og_description":"Pour 60 millions de pi\u00e9tons (60MP), si les efforts de d\u00e9veloppement des mobilit\u00e9s actives encouragent (\u00e0 bon droit) le v\u00e9lo, ils n\u00e9gligent trop souvent la marche \u00e0 pied. En la mati\u00e8re, l\u2019association y voit la grande oubli\u00e9e. C\u2019est pourquoi elle a con\u00e7u des plans pi\u00e9tons qu\u2019elle soumet aux \u00e9lus pour&#8230;","og_url":"https:\/\/sceaux-lagazette.fr\/index.php\/2022\/01\/12\/les-dimensions-dun-plan-pieton\/","og_site_name":"La Gazette","article_published_time":"2022-01-12T09:10:48+00:00","og_image":[{"width":924,"height":413,"url":"https:\/\/sceaux-lagazette.fr\/wp-content\/uploads\/2022\/01\/Logo60MP.jpg","type":"image\/jpeg"}],"author":"Maurice Zytnicki","twitter_card":"summary_large_image","twitter_misc":{"\u00c9crit par":"Maurice Zytnicki","Dur\u00e9e de lecture estim\u00e9e":"6 minutes"},"schema":{"@context":"https:\/\/schema.org","@graph":[{"@type":"Article","@id":"https:\/\/sceaux-lagazette.fr\/index.php\/2022\/01\/12\/les-dimensions-dun-plan-pieton\/#article","isPartOf":{"@id":"https:\/\/sceaux-lagazette.fr\/index.php\/2022\/01\/12\/les-dimensions-dun-plan-pieton\/"},"author":{"name":"Maurice Zytnicki","@id":"https:\/\/sceaux-lagazette.fr\/#\/schema\/person\/060ab8fc058c4220d9079707a58da9f1"},"headline":"Les dimensions d\u2019un Plan pi\u00e9ton","datePublished":"2022-01-12T09:10:48+00:00","mainEntityOfPage":{"@id":"https:\/\/sceaux-lagazette.fr\/index.php\/2022\/01\/12\/les-dimensions-dun-plan-pieton\/"},"wordCount":1169,"commentCount":0,"publisher":{"@id":"https:\/\/sceaux-lagazette.fr\/#organization"},"image":{"@id":"https:\/\/sceaux-lagazette.fr\/index.php\/2022\/01\/12\/les-dimensions-dun-plan-pieton\/#primaryimage"},"thumbnailUrl":"https:\/\/sceaux-lagazette.fr\/wp-content\/uploads\/2022\/01\/Logo60MP.jpg","articleSection":["Opinions"],"inLanguage":"fr-FR","potentialAction":[{"@type":"CommentAction","name":"Comment","target":["https:\/\/sceaux-lagazette.fr\/index.php\/2022\/01\/12\/les-dimensions-dun-plan-pieton\/#respond"]}]},{"@type":"WebPage","@id":"https:\/\/sceaux-lagazette.fr\/index.php\/2022\/01\/12\/les-dimensions-dun-plan-pieton\/","url":"https:\/\/sceaux-lagazette.fr\/index.php\/2022\/01\/12\/les-dimensions-dun-plan-pieton\/","name":"Les dimensions d\u2019un Plan pi\u00e9ton - La Gazette","isPartOf":{"@id":"https:\/\/sceaux-lagazette.fr\/#website"},"primaryImageOfPage":{"@id":"https:\/\/sceaux-lagazette.fr\/index.php\/2022\/01\/12\/les-dimensions-dun-plan-pieton\/#primaryimage"},"image":{"@id":"https:\/\/sceaux-lagazette.fr\/index.php\/2022\/01\/12\/les-dimensions-dun-plan-pieton\/#primaryimage"},"thumbnailUrl":"https:\/\/sceaux-lagazette.fr\/wp-content\/uploads\/2022\/01\/Logo60MP.jpg","datePublished":"2022-01-12T09:10:48+00:00","breadcrumb":{"@id":"https:\/\/sceaux-lagazette.fr\/index.php\/2022\/01\/12\/les-dimensions-dun-plan-pieton\/#breadcrumb"},"inLanguage":"fr-FR","potentialAction":[{"@type":"ReadAction","target":["https:\/\/sceaux-lagazette.fr\/index.php\/2022\/01\/12\/les-dimensions-dun-plan-pieton\/"]}]},{"@type":"ImageObject","inLanguage":"fr-FR","@id":"https:\/\/sceaux-lagazette.fr\/index.php\/2022\/01\/12\/les-dimensions-dun-plan-pieton\/#primaryimage","url":"https:\/\/sceaux-lagazette.fr\/wp-content\/uploads\/2022\/01\/Logo60MP.jpg","contentUrl":"https:\/\/sceaux-lagazette.fr\/wp-content\/uploads\/2022\/01\/Logo60MP.jpg","width":924,"height":413},{"@type":"BreadcrumbList","@id":"https:\/\/sceaux-lagazette.fr\/index.php\/2022\/01\/12\/les-dimensions-dun-plan-pieton\/#breadcrumb","itemListElement":[{"@type":"ListItem","position":1,"name":"Accueil","item":"https:\/\/sceaux-lagazette.fr\/"},{"@type":"ListItem","position":2,"name":"Les dimensions d\u2019un Plan pi\u00e9ton"}]},{"@type":"WebSite","@id":"https:\/\/sceaux-lagazette.fr\/#website","url":"https:\/\/sceaux-lagazette.fr\/","name":"La Gazette","description":"Bourg-la-Reine, Ch\u00e2tenay, Fontenay, Sceaux","publisher":{"@id":"https:\/\/sceaux-lagazette.fr\/#organization"},"potentialAction":[{"@type":"SearchAction","target":{"@type":"EntryPoint","urlTemplate":"https:\/\/sceaux-lagazette.fr\/?s={search_term_string}"},"query-input":{"@type":"PropertyValueSpecification","valueRequired":true,"valueName":"search_term_string"}}],"inLanguage":"fr-FR"},{"@type":"Organization","@id":"https:\/\/sceaux-lagazette.fr\/#organization","name":"La Gazette","url":"https:\/\/sceaux-lagazette.fr\/","logo":{"@type":"ImageObject","inLanguage":"fr-FR","@id":"https:\/\/sceaux-lagazette.fr\/#\/schema\/logo\/image\/","url":"https:\/\/sceaux-lagazette.fr\/wp-content\/uploads\/2025\/08\/Logo-Gazette-Aout-2025-V3.jpg","contentUrl":"https:\/\/sceaux-lagazette.fr\/wp-content\/uploads\/2025\/08\/Logo-Gazette-Aout-2025-V3.jpg","width":525,"height":130,"caption":"La Gazette"},"image":{"@id":"https:\/\/sceaux-lagazette.fr\/#\/schema\/logo\/image\/"}},{"@type":"Person","@id":"https:\/\/sceaux-lagazette.fr\/#\/schema\/person\/060ab8fc058c4220d9079707a58da9f1","name":"Maurice Zytnicki","image":{"@type":"ImageObject","inLanguage":"fr-FR","@id":"https:\/\/sceaux-lagazette.fr\/#\/schema\/person\/image\/","url":"https:\/\/secure.gravatar.com\/avatar\/d94d30d6fa0e9cb7af48a89366fc0cdb?s=96&r=g","contentUrl":"https:\/\/secure.gravatar.com\/avatar\/d94d30d6fa0e9cb7af48a89366fc0cdb?s=96&r=g","caption":"Maurice Zytnicki"},"url":"https:\/\/sceaux-lagazette.fr\/index.php\/author\/maurice\/"}]}},"cc_featured_image_caption":{"caption_text":"","source_text":"","source_url":""},"_links":{"self":[{"href":"https:\/\/sceaux-lagazette.fr\/index.php\/wp-json\/wp\/v2\/posts\/5465"}],"collection":[{"href":"https:\/\/sceaux-lagazette.fr\/index.php\/wp-json\/wp\/v2\/posts"}],"about":[{"href":"https:\/\/sceaux-lagazette.fr\/index.php\/wp-json\/wp\/v2\/types\/post"}],"author":[{"embeddable":true,"href":"https:\/\/sceaux-lagazette.fr\/index.php\/wp-json\/wp\/v2\/users\/6"}],"replies":[{"embeddable":true,"href":"https:\/\/sceaux-lagazette.fr\/index.php\/wp-json\/wp\/v2\/comments?post=5465"}],"version-history":[{"count":3,"href":"https:\/\/sceaux-lagazette.fr\/index.php\/wp-json\/wp\/v2\/posts\/5465\/revisions"}],"predecessor-version":[{"id":5474,"href":"https:\/\/sceaux-lagazette.fr\/index.php\/wp-json\/wp\/v2\/posts\/5465\/revisions\/5474"}],"wp:featuredmedia":[{"embeddable":true,"href":"https:\/\/sceaux-lagazette.fr\/index.php\/wp-json\/wp\/v2\/media\/5473"}],"wp:attachment":[{"href":"https:\/\/sceaux-lagazette.fr\/index.php\/wp-json\/wp\/v2\/media?parent=5465"}],"wp:term":[{"taxonomy":"category","embeddable":true,"href":"https:\/\/sceaux-lagazette.fr\/index.php\/wp-json\/wp\/v2\/categories?post=5465"},{"taxonomy":"post_tag","embeddable":true,"href":"https:\/\/sceaux-lagazette.fr\/index.php\/wp-json\/wp\/v2\/tags?post=5465"}],"curies":[{"name":"wp","href":"https:\/\/api.w.org\/{rel}","templated":true}]}}