{"id":5288,"date":"2021-12-14T07:58:31","date_gmt":"2021-12-14T06:58:31","guid":{"rendered":"https:\/\/sceaux-lagazette.fr\/?p=5288"},"modified":"2021-12-14T07:58:32","modified_gmt":"2021-12-14T06:58:32","slug":"radioactivite-restons-rationnels","status":"publish","type":"post","link":"https:\/\/sceaux-lagazette.fr\/index.php\/2021\/12\/14\/radioactivite-restons-rationnels\/","title":{"rendered":"Radioactivit\u00e9, restons rationnels"},"content":{"rendered":"\n<p>La radioactivit\u00e9 est connue depuis 1896. Les chercheurs et utilisateurs ont vite compris les risques de celle-ci. Les deux bombes atomiques largu\u00e9es sur le Japon en 1945 ont fait prendre conscience \u00e0 l\u2019ensemble de la population des dangers du nucl\u00e9aire. L\u2019utilisation pacifique de celui-ci, pour produire de l\u2019\u00e9nergie ou dans le domaine de la sant\u00e9, n\u2019a pas supprim\u00e9 les craintes, <a href=\"https:\/\/www.google.com\/search?q=id%C3%A9es+noires&amp;client=firefox-b-d&amp;sxsrf=AOaemvLDTJhq_P5UquNZdqhi9CdNB5OSPw:1639420577492&amp;source=lnms&amp;tbm=isch&amp;sa=X&amp;ved=2ahUKEwjvg6LJteH0AhXQAWMBHddODWAQ_AUoAnoECAIQBA&amp;biw=1656&amp;bih=904&amp;dpr=1#imgrc=cUMOKJTy2FUyzM\" target=\"_blank\" rel=\"noreferrer noopener\">le dessin <\/a>de Franquin (l\u2019auteur de Gaston Lagaffe), paru \u00e0 la fin des ann\u00e9es 70, en atteste. A l\u2019\u00e9poque certains craignaient que la radioactivit\u00e9 produite dans les r\u00e9acteurs nucl\u00e9aires entra\u00eene des cancers ou des anomalies g\u00e9n\u00e9tiques chez les travailleurs de la centrale et dans la population alentour. Plus de 40 ans plus tard, les faits devraient avoir convaincu que ces craintes \u00e9taient non fond\u00e9es. Et pourtant\u2026<\/p>\n\n\n\n<p><em>S&rsquo;il y a un probl\u00e8me avec la centrale qui est en amont de la capitale, il faudra \u00e9vacuer 12 millions de personnes et ne pas revenir avant 20 000 ans<\/em>. C\u2019est ce <a href=\"https:\/\/twitter.com\/JLMelenchon\/status\/1467504113546108933\" target=\"_blank\" rel=\"noreferrer noopener\">qu\u2019a d\u00e9clar\u00e9<\/a> Jean-Luc M\u00e9lenchon lors d\u2019un meeting \u00e0 Paris, le 5 d\u00e9cembre 2021.<\/p>\n\n\n\n<h2 class=\"wp-block-heading\">Il y a des risques avec la radioactivit\u00e9<\/h2>\n\n\n\n<p>Marie Curie, ch\u00e8re au c\u0153ur des Sc\u00e9ens, est<a href=\"https:\/\/fr.wikipedia.org\/wiki\/Marie_Curie\" target=\"_blank\" rel=\"noreferrer noopener\"> d\u00e9c\u00e9d\u00e9e en 1934<\/a> des suites de la radioactivit\u00e9 subie lors de ses nombreux travaux avec des \u00e9l\u00e9ments radioactifs. La radioactivit\u00e9 est dangereuse. Mais elle l\u2019est de la m\u00eame mani\u00e8re que tout le reste. Si une personne re\u00e7oit sur la t\u00eate une voiture d\u2019une tonne, elle meurt. Mais si elle re\u00e7oit, toujours sur la t\u00eate un poids d\u2019un gramme, cela ne lui fait rien. Comme pour les poisons, tout est une question de dosage&nbsp;!<\/p>\n\n\n\n<p>Depuis Hiroshima, on consid\u00e8re qu\u2019une radioactivit\u00e9 de 5 Sievert (5Sv) tue 50 % des personnes qui y sont soumis. Mais seulement 10% des personnes soumises \u00e0 seulement 1 Sievert&nbsp;: il y a une relation lin\u00e9aire entre le taux de mortalit\u00e9 et la dose. Pour les doses faibles, en dessous de 0,2Sv, on ne sait plus tr\u00e8s bien ce qui se passe, s\u2019il reste un effet notable. Il y a des th\u00e9ories pour expliquer cette inexistence, mais l\u2019essentiel n\u2019est pas l\u00e0. Par prudence, on utilise le principe d\u2019une relation lin\u00e9aire sans seuil, et c\u2019est sur cette base qu\u2019il a \u00e9t\u00e9 estim\u00e9 (\u00e0 l\u2019issue d\u2019un calcul) que l\u2019accident de Tchernobyl avait \u00e9t\u00e9 la cause de 3000 d\u00e9c\u00e8s. Mais d\u2019un autre c\u00f4t\u00e9, on a donn\u00e9 des limites d\u2019exposition pour tous ceux que leur travail confronte \u00e0 la radioactivit\u00e9, qu\u2019ils travaillent dans des centrales nucl\u00e9aires ou dans des services de radiologie, limites qui ne sont donc pas z\u00e9ro. La limite annuelle est de 1mSV pour le corps entier, soit 100 fois moins que le niveau \u00e0 partir duquel il y a des effets mesur\u00e9s.<\/p>\n\n\n\n<h2 class=\"wp-block-heading\">Il y a de la radioactivit\u00e9 partout<\/h2>\n\n\n\n<p>De toute mani\u00e8re, nous sommes expos\u00e9s \u00e0 de faibles doses de radioactivit\u00e9. Cette radioactivit\u00e9 naturelle a des origines diverses&nbsp;: tellurique (l\u2019uranium et le thorium dans le sol pour l\u2019essentiel), cosmique, primaire (le rayonnement de l\u2019espace) ou secondaire (les particules cr\u00e9\u00e9es dans l\u2019atmosph\u00e8re par les rayons venus de l\u2019espace), alimentaire (les produits que nous consommons contiennent des \u00e9l\u00e9ments radioactifs) ou a\u00e9rienne (le radon qui peut s\u2019accumuler dans les espaces clos, maisons en granite en particulier).<\/p>\n\n\n\n<p>Nous pouvons aussi \u00eatre expos\u00e9s \u00e0 des rayons ionisants de source artificielle&nbsp;: traitements et examens m\u00e9dicaux, r\u00e9sidus des essais militaires et des activit\u00e9s industrielles, rejets de Tchernobyl ou de Fukushima\u2026 La principale source artificielle en France (et de loin) est m\u00e9dicale.<\/p>\n\n\n\n<p>L\u2019IRSN (Institut de Radioprotection et de S\u00fbret\u00e9 Nucl\u00e9aire) a publi\u00e9 <a href=\"https:\/\/www.irsn.fr\/FR\/Actualites_presse\/Communiques_et_dossiers_de_presse\/Documents\/IRSN_Rapport%20EXPOP_def.pdf\" target=\"_blank\" rel=\"noreferrer noopener\">un rapport<\/a> sur l\u2019exposition de la population fran\u00e7aise, dans lequel il pr\u00e9sente divers exemples possibles d\u2019exposition se traduisant par une dose annuelle comprise entre 2,4 et 14 mSv par an (sauf \u00e9v\u00e9nement m\u00e9dical provisoire)<\/p>\n\n\n\n<p>La variabilit\u00e9 dans l\u2019espace national de la radioactivit\u00e9 naturelle n\u2019a pas d\u2019impact mesurable sur la fr\u00e9quence des cancers&nbsp;: ils ne sont pas plus nombreux par exemple dans le Massif central (en r\u00e9alit\u00e9 les diff\u00e9rences territoriales de l\u2019apparition des cancers \u00e9voquent plut\u00f4t les diff\u00e9rences dans la consommation d\u2019alcool et de tabac\u2026)<\/p>\n\n\n\n<p>Dans le monde, il existe des r\u00e9gions aux sols beaucoup plus radioactifs : dans l&rsquo;\u00e9tat du Kerala, en Inde, la radioactivit\u00e9 naturelle est de 17 mSv\/an (avec des pics \u00e0 150) et dans la ville de Ramsar en Iran sur les bords de la Caspienne la radioactivit\u00e9 naturelle atteint 260 mSv\/an. Dans les deux cas, aucun effet sur l\u2019homme <a href=\"http:\/\/radioprotection.unblog.fr\/2014\/11\/10\/publication-scientifique-sur-la-bonne-sante-des-enfants-ayant-frequente-lecole-primaire-la-plus-radioactive-au-monde-qui-nest-situee-ni-a-fukushima-ni-a-tchernobyl\/\" target=\"_blank\" rel=\"noreferrer noopener\">n\u2019a pu \u00eatre constat\u00e9<\/a>.<\/p>\n\n\n\n<p>Si l\u2019on compare cette radioactivit\u00e9 naturelle avec celle re\u00e7ue par les travailleurs du nucl\u00e9aire, on comprend que les appr\u00e9hensions de Franquin \u00e9taient sans fondement. Est-il utile de pr\u00e9ciser que la radioactivit\u00e9 n\u2019est pas augment\u00e9e par la pr\u00e9sence d\u2019une centrale nucl\u00e9aire dans la zone&nbsp;? Il n\u2019est pas s\u00fbr que tous les anti nucl\u00e9aires en soient convaincus aujourd\u2019hui.<\/p>\n\n\n\n<h2 class=\"wp-block-heading\">La radioactivit\u00e9 li\u00e9e \u00e0 un \u00e9v\u00e9nement d\u00e9cro\u00eet dans le temps.<\/h2>\n\n\n\n<p>La radioactivit\u00e9 d\u2019un \u00e9l\u00e9ment est caract\u00e9ris\u00e9e par sa demi-vie, c\u2019est-\u00e0-dire le temps n\u00e9cessaire \u00e0 la d\u00e9sint\u00e9gration de la moiti\u00e9 des atomes. Au bout de ce temps, il ne reste que la moiti\u00e9 de la quantit\u00e9 initiale, au bout de deux fois ce temps, plus qu\u2019un quart de la quantit\u00e9 initiale et au bout de 10 fois ce temps, plus qu\u2019un milli\u00e8me.<\/p>\n\n\n\n<p>Si l\u2019on croise les facteurs de risques li\u00e9s au volume de radioactivit\u00e9 initiale, au danger possible, \u00e0 la demi-vie et \u00e0 la volatilit\u00e9, on trouve dans les rejets radioactifs trois \u00e9l\u00e9ments qui m\u00e9ritent une surveillance particuli\u00e8re&nbsp;:<\/p>\n\n\n\n<ul class=\"wp-block-list\"><li>L\u2019iode 131, du fait de sa possible fixation dans la thyro\u00efde. Il a une faible demi-vie (8 jours)<\/li><li>Le c\u00e9sium 137, parce qu\u2019il est pr\u00e9sent en assez grande quantit\u00e9, qu\u2019il est volatil et qu\u2019il a une demi-vie assez longue<\/li><li>Le plutonium, car il a une demi-vie tr\u00e8s longue (24.000 ans pour le PU 239). A contrario, il ne repr\u00e9sentait que 0,01% de l\u2019activit\u00e9 rejet\u00e9e \u00e0 Tchernobyl et il n\u2019est pas volatil (il n\u2019y en avait donc pas dans le nuage de Tchernobyl).<\/li><\/ul>\n\n\n\n<p>Le graphique ci-dessous, tir\u00e9e d\u00a0\u00bbun <a href=\"https:\/\/www.irsn.fr\/FR\/Actualites_presse\/Communiques_et_dossiers_de_presse\/Documents\/IRSN_Rapport%20EXPOP_def.pdf\" target=\"_blank\" rel=\"noreferrer noopener\">rapport<\/a> de l&rsquo;IRSN, illustre la diminution de la radioactivit\u00e9 r\u00e9sultante en France de l\u2019accident de Tchernobyl dans le temps (attention, l\u2019\u00e9chelle verticale est logarithmique). On notera que, m\u00eame au d\u00e9but et dans les zones les plus touch\u00e9es, la dose est nettement inf\u00e9rieure \u00e0 celle de la radioactivit\u00e9 naturelle. Aujourd\u2019hui, plus de 30 ans apr\u00e8s l\u2019accident, la dose r\u00e9siduelle n\u2019est quasiment plus due qu\u2019au c\u00e9sium.<\/p>\n\n\n\n<figure class=\"wp-block-image size-large\"><img decoding=\"async\" width=\"879\" height=\"413\" src=\"https:\/\/sceaux-lagazette.fr\/wp-content\/uploads\/2021\/12\/Impact-Tchernobyl-en-France.png\" alt=\"\" class=\"wp-image-5289\" srcset=\"https:\/\/sceaux-lagazette.fr\/wp-content\/uploads\/2021\/12\/Impact-Tchernobyl-en-France.png 879w, https:\/\/sceaux-lagazette.fr\/wp-content\/uploads\/2021\/12\/Impact-Tchernobyl-en-France-300x141.png 300w, https:\/\/sceaux-lagazette.fr\/wp-content\/uploads\/2021\/12\/Impact-Tchernobyl-en-France-768x361.png 768w\" sizes=\"(max-width: 879px) 100vw, 879px\" \/><\/figure>\n\n\n\n<h2 class=\"wp-block-heading\">Quel risque pour Paris&nbsp;?<\/h2>\n\n\n\n<p>Revenons aux affirmations du candidat M\u00e9lenchon, \u00e9voqu\u00e9es en d\u00e9but d\u2019article.<\/p>\n\n\n\n<ul class=\"wp-block-list\"><li>Une \u00e9vacuation ne serait pas li\u00e9e \u00e0 \u00ab&nbsp;un probl\u00e8me&nbsp;\u00bb quelconque, mais \u00e0 un accident majeur, \u00e9v\u00e9nement qui ne s\u2019est rencontr\u00e9 qu\u2019\u00e0 Tchernobyl (sur un mod\u00e8le diff\u00e9rent de celui existant en France) et \u00e0 Fukushima, apr\u00e8s un raz de mar\u00e9e de force 9 provoquant une vague de 14 m\u00e8tres de haut.<\/li><li>Une telle \u00e9vacuation ne concernerait au pire qu\u2019une zone limit\u00e9e autour de la centrale&nbsp;: \u00e0 Fukushima, il est apparu apr\u00e8s coup que la zone d\u2019\u00e9vacuation avait \u00e9t\u00e9 trop grande. Pourtant elle n\u2019a pas d\u00e9pass\u00e9 40km. La r\u00e9gion parisienne ne serait pas concern\u00e9e par un accident \u00e0 Nogent-sur-Seine, dans l\u2019Aube (Paris est \u00e0 plus de 100km). La ville un peu importante la plus proche de la centrale, Melun, se trouve \u00e0 70km de cette derni\u00e8re. On imagine que par pr\u00e9caution, la distribution de plaquettes d\u2019iode serait r\u00e9alis\u00e9e bien au-del\u00e0 d\u2019une \u00e9ventuelle zone d\u2019\u00e9vacuation.<\/li><li>Si zone \u00e9vacu\u00e9e il y avait, \u00e0 proximit\u00e9 de la centrale, il n\u2019y a pas de raison que ce soit pour 20&nbsp;000 ans. On <a href=\"http:\/\/radioprotection.unblog.fr\/2014\/11\/10\/publication-scientifique-sur-la-bonne-sante-des-enfants-ayant-frequente-lecole-primaire-la-plus-radioactive-au-monde-qui-nest-situee-ni-a-fukushima-ni-a-tchernobyl\/\" target=\"_blank\" rel=\"noreferrer noopener\">visite aujourd\u2019hui<\/a> Tchernobyl. La zone d\u2019exclusion de Fukushima, d\u00e9j\u00e0 pass\u00e9e de 1150 km2 \u00e0 340 km2 en avril 2019, <a rel=\"noreferrer noopener\" href=\"https:\/\/www.fournisseur-energie.com\/actualites\/fukushima-reouverture-zone-exclusion-nucleaire\/\" target=\"_blank\">devrait \u00eatre supprim\u00e9e<\/a> en 2023.<\/li><\/ul>\n\n\n\n<p>Les acteurs du nucl\u00e9aire ont tir\u00e9 les le\u00e7ons des accidents et incidents (Three Mile Island, Blayais, Fukushima) pour am\u00e9liorer la s\u00e9curit\u00e9, au point que<a rel=\"noreferrer noopener\" href=\"https:\/\/www.telos-eu.com\/fr\/economie\/surete-nucleaire-jusquou-ne-pas-aller-trop-loin.html\" target=\"_blank\"> certains trouvent<\/a> que l\u2019ASN en fait trop. On a l\u2019impression que les antinucl\u00e9aires n\u2019ont tir\u00e9 aucun enseignement depuis 40 ans pour faire \u00e9voluer leur discours, sauf pour affirmer que les accidents prouvent qu\u2019ils avaient raison.<\/p>\n\n\n\n<p>Sur le m\u00eame sujet<\/p>\n\n\n\n<p><a rel=\"noreferrer noopener\" href=\"https:\/\/sceaux-lagazette.fr\/index.php\/2021\/10\/29\/dou-viendra-notre-electricite-demain\/\" target=\"_blank\">D&rsquo;o\u00f9 viendra notre \u00e9lectricit\u00e9 demain ?<\/a><\/p>\n\n\n\n<p><a rel=\"noreferrer noopener\" href=\"https:\/\/sceaux-lagazette.fr\/index.php\/2021\/10\/18\/une-energie-concentree\/\" target=\"_blank\">Une \u00e9nergie concentr\u00e9e<\/a><\/p>\n\n\n\n<p>Quel avenir pour le <a rel=\"noreferrer noopener\" href=\"https:\/\/sceaux-lagazette.fr\/index.php\/2021\/10\/11\/quel-avenir-pour-le-nucleaire-en-france\/\" target=\"_blank\">nucl\u00e9aire en France?<\/a><\/p>\n\n\n\n<p><a href=\"https:\/\/sceaux-lagazette.fr\/index.php\/2020\/11\/20\/atome-ou-charbon\/\" target=\"_blank\" rel=\"noreferrer noopener\">Atome ou charbon ?<\/a><\/p>\n","protected":false},"excerpt":{"rendered":"<p>La radioactivit\u00e9 est connue depuis 1896. Les chercheurs et utilisateurs ont vite compris les risques de celle-ci. Les deux bombes atomiques largu\u00e9es sur le Japon en 1945 ont fait prendre conscience \u00e0 l\u2019ensemble de la population des dangers du nucl\u00e9aire. L\u2019utilisation pacifique de celui-ci, pour produire de l\u2019\u00e9nergie ou dans&#8230;<\/p>\n","protected":false},"author":11,"featured_media":5292,"comment_status":"open","ping_status":"open","sticky":false,"template":"","format":"standard","meta":{"om_disable_all_campaigns":false,"_monsterinsights_skip_tracking":false,"_monsterinsights_sitenote_active":false,"_monsterinsights_sitenote_note":"","_monsterinsights_sitenote_category":0,"_uf_show_specific_survey":0,"_uf_disable_surveys":false,"footnotes":""},"categories":[53],"tags":[],"class_list":["post-5288","post","type-post","status-publish","format-standard","has-post-thumbnail","hentry","category-analyses","entry","simple"],"yoast_head":"<!-- This site is optimized with the Yoast SEO plugin v25.6 - https:\/\/yoast.com\/wordpress\/plugins\/seo\/ -->\n<title>Radioactivit\u00e9, restons rationnels - La Gazette<\/title>\n<meta name=\"robots\" content=\"index, follow, max-snippet:-1, max-image-preview:large, max-video-preview:-1\" \/>\n<link rel=\"canonical\" href=\"https:\/\/sceaux-lagazette.fr\/index.php\/2021\/12\/14\/radioactivite-restons-rationnels\/\" \/>\n<meta property=\"og:locale\" content=\"fr_FR\" \/>\n<meta property=\"og:type\" content=\"article\" \/>\n<meta property=\"og:title\" content=\"Radioactivit\u00e9, restons rationnels - La Gazette\" \/>\n<meta property=\"og:description\" content=\"La radioactivit\u00e9 est connue depuis 1896. Les chercheurs et utilisateurs ont vite compris les risques de celle-ci. Les deux bombes atomiques largu\u00e9es sur le Japon en 1945 ont fait prendre conscience \u00e0 l\u2019ensemble de la population des dangers du nucl\u00e9aire. L\u2019utilisation pacifique de celui-ci, pour produire de l\u2019\u00e9nergie ou dans&#8230;\" \/>\n<meta property=\"og:url\" content=\"https:\/\/sceaux-lagazette.fr\/index.php\/2021\/12\/14\/radioactivite-restons-rationnels\/\" \/>\n<meta property=\"og:site_name\" content=\"La Gazette\" \/>\n<meta property=\"article:published_time\" content=\"2021-12-14T06:58:31+00:00\" \/>\n<meta property=\"article:modified_time\" content=\"2021-12-14T06:58:32+00:00\" \/>\n<meta property=\"og:image\" content=\"https:\/\/sceaux-lagazette.fr\/wp-content\/uploads\/2021\/12\/Echelle-des-\u00e9v\u00e9nements-nucl\u00e9aires.png\" \/>\n\t<meta property=\"og:image:width\" content=\"290\" \/>\n\t<meta property=\"og:image:height\" content=\"161\" \/>\n\t<meta property=\"og:image:type\" content=\"image\/png\" \/>\n<meta name=\"author\" content=\"G\u00e9rard Bardier\" \/>\n<meta name=\"twitter:card\" content=\"summary_large_image\" \/>\n<meta name=\"twitter:label1\" content=\"\u00c9crit par\" \/>\n\t<meta name=\"twitter:data1\" content=\"G\u00e9rard Bardier\" \/>\n\t<meta name=\"twitter:label2\" content=\"Dur\u00e9e de lecture estim\u00e9e\" \/>\n\t<meta name=\"twitter:data2\" content=\"7 minutes\" \/>\n<script type=\"application\/ld+json\" class=\"yoast-schema-graph\">{\"@context\":\"https:\/\/schema.org\",\"@graph\":[{\"@type\":\"Article\",\"@id\":\"https:\/\/sceaux-lagazette.fr\/index.php\/2021\/12\/14\/radioactivite-restons-rationnels\/#article\",\"isPartOf\":{\"@id\":\"https:\/\/sceaux-lagazette.fr\/index.php\/2021\/12\/14\/radioactivite-restons-rationnels\/\"},\"author\":{\"name\":\"G\u00e9rard Bardier\",\"@id\":\"https:\/\/sceaux-lagazette.fr\/#\/schema\/person\/5650e206a121f68c6f5e76379bccfbc4\"},\"headline\":\"Radioactivit\u00e9, restons rationnels\",\"datePublished\":\"2021-12-14T06:58:31+00:00\",\"dateModified\":\"2021-12-14T06:58:32+00:00\",\"mainEntityOfPage\":{\"@id\":\"https:\/\/sceaux-lagazette.fr\/index.php\/2021\/12\/14\/radioactivite-restons-rationnels\/\"},\"wordCount\":1488,\"commentCount\":4,\"publisher\":{\"@id\":\"https:\/\/sceaux-lagazette.fr\/#organization\"},\"image\":{\"@id\":\"https:\/\/sceaux-lagazette.fr\/index.php\/2021\/12\/14\/radioactivite-restons-rationnels\/#primaryimage\"},\"thumbnailUrl\":\"https:\/\/sceaux-lagazette.fr\/wp-content\/uploads\/2021\/12\/Echelle-des-\u00e9v\u00e9nements-nucl\u00e9aires.png\",\"articleSection\":[\"Analyses\"],\"inLanguage\":\"fr-FR\",\"potentialAction\":[{\"@type\":\"CommentAction\",\"name\":\"Comment\",\"target\":[\"https:\/\/sceaux-lagazette.fr\/index.php\/2021\/12\/14\/radioactivite-restons-rationnels\/#respond\"]}]},{\"@type\":\"WebPage\",\"@id\":\"https:\/\/sceaux-lagazette.fr\/index.php\/2021\/12\/14\/radioactivite-restons-rationnels\/\",\"url\":\"https:\/\/sceaux-lagazette.fr\/index.php\/2021\/12\/14\/radioactivite-restons-rationnels\/\",\"name\":\"Radioactivit\u00e9, restons rationnels - La Gazette\",\"isPartOf\":{\"@id\":\"https:\/\/sceaux-lagazette.fr\/#website\"},\"primaryImageOfPage\":{\"@id\":\"https:\/\/sceaux-lagazette.fr\/index.php\/2021\/12\/14\/radioactivite-restons-rationnels\/#primaryimage\"},\"image\":{\"@id\":\"https:\/\/sceaux-lagazette.fr\/index.php\/2021\/12\/14\/radioactivite-restons-rationnels\/#primaryimage\"},\"thumbnailUrl\":\"https:\/\/sceaux-lagazette.fr\/wp-content\/uploads\/2021\/12\/Echelle-des-\u00e9v\u00e9nements-nucl\u00e9aires.png\",\"datePublished\":\"2021-12-14T06:58:31+00:00\",\"dateModified\":\"2021-12-14T06:58:32+00:00\",\"breadcrumb\":{\"@id\":\"https:\/\/sceaux-lagazette.fr\/index.php\/2021\/12\/14\/radioactivite-restons-rationnels\/#breadcrumb\"},\"inLanguage\":\"fr-FR\",\"potentialAction\":[{\"@type\":\"ReadAction\",\"target\":[\"https:\/\/sceaux-lagazette.fr\/index.php\/2021\/12\/14\/radioactivite-restons-rationnels\/\"]}]},{\"@type\":\"ImageObject\",\"inLanguage\":\"fr-FR\",\"@id\":\"https:\/\/sceaux-lagazette.fr\/index.php\/2021\/12\/14\/radioactivite-restons-rationnels\/#primaryimage\",\"url\":\"https:\/\/sceaux-lagazette.fr\/wp-content\/uploads\/2021\/12\/Echelle-des-\u00e9v\u00e9nements-nucl\u00e9aires.png\",\"contentUrl\":\"https:\/\/sceaux-lagazette.fr\/wp-content\/uploads\/2021\/12\/Echelle-des-\u00e9v\u00e9nements-nucl\u00e9aires.png\",\"width\":290,\"height\":161},{\"@type\":\"BreadcrumbList\",\"@id\":\"https:\/\/sceaux-lagazette.fr\/index.php\/2021\/12\/14\/radioactivite-restons-rationnels\/#breadcrumb\",\"itemListElement\":[{\"@type\":\"ListItem\",\"position\":1,\"name\":\"Accueil\",\"item\":\"https:\/\/sceaux-lagazette.fr\/\"},{\"@type\":\"ListItem\",\"position\":2,\"name\":\"Radioactivit\u00e9, restons rationnels\"}]},{\"@type\":\"WebSite\",\"@id\":\"https:\/\/sceaux-lagazette.fr\/#website\",\"url\":\"https:\/\/sceaux-lagazette.fr\/\",\"name\":\"La Gazette\",\"description\":\"Bourg-la-Reine, Ch\u00e2tenay, Fontenay, Sceaux\",\"publisher\":{\"@id\":\"https:\/\/sceaux-lagazette.fr\/#organization\"},\"potentialAction\":[{\"@type\":\"SearchAction\",\"target\":{\"@type\":\"EntryPoint\",\"urlTemplate\":\"https:\/\/sceaux-lagazette.fr\/?s={search_term_string}\"},\"query-input\":{\"@type\":\"PropertyValueSpecification\",\"valueRequired\":true,\"valueName\":\"search_term_string\"}}],\"inLanguage\":\"fr-FR\"},{\"@type\":\"Organization\",\"@id\":\"https:\/\/sceaux-lagazette.fr\/#organization\",\"name\":\"La Gazette\",\"url\":\"https:\/\/sceaux-lagazette.fr\/\",\"logo\":{\"@type\":\"ImageObject\",\"inLanguage\":\"fr-FR\",\"@id\":\"https:\/\/sceaux-lagazette.fr\/#\/schema\/logo\/image\/\",\"url\":\"https:\/\/sceaux-lagazette.fr\/wp-content\/uploads\/2025\/08\/Logo-Gazette-Aout-2025-V3.jpg\",\"contentUrl\":\"https:\/\/sceaux-lagazette.fr\/wp-content\/uploads\/2025\/08\/Logo-Gazette-Aout-2025-V3.jpg\",\"width\":525,\"height\":130,\"caption\":\"La Gazette\"},\"image\":{\"@id\":\"https:\/\/sceaux-lagazette.fr\/#\/schema\/logo\/image\/\"}},{\"@type\":\"Person\",\"@id\":\"https:\/\/sceaux-lagazette.fr\/#\/schema\/person\/5650e206a121f68c6f5e76379bccfbc4\",\"name\":\"G\u00e9rard Bardier\",\"image\":{\"@type\":\"ImageObject\",\"inLanguage\":\"fr-FR\",\"@id\":\"https:\/\/sceaux-lagazette.fr\/#\/schema\/person\/image\/\",\"url\":\"https:\/\/secure.gravatar.com\/avatar\/5cf4391ef9dbc0367750202561279a29?s=96&r=g\",\"contentUrl\":\"https:\/\/secure.gravatar.com\/avatar\/5cf4391ef9dbc0367750202561279a29?s=96&r=g\",\"caption\":\"G\u00e9rard Bardier\"},\"url\":\"https:\/\/sceaux-lagazette.fr\/index.php\/author\/gb\/\"}]}<\/script>\n<!-- \/ Yoast SEO plugin. -->","yoast_head_json":{"title":"Radioactivit\u00e9, restons rationnels - La Gazette","robots":{"index":"index","follow":"follow","max-snippet":"max-snippet:-1","max-image-preview":"max-image-preview:large","max-video-preview":"max-video-preview:-1"},"canonical":"https:\/\/sceaux-lagazette.fr\/index.php\/2021\/12\/14\/radioactivite-restons-rationnels\/","og_locale":"fr_FR","og_type":"article","og_title":"Radioactivit\u00e9, restons rationnels - La Gazette","og_description":"La radioactivit\u00e9 est connue depuis 1896. Les chercheurs et utilisateurs ont vite compris les risques de celle-ci. Les deux bombes atomiques largu\u00e9es sur le Japon en 1945 ont fait prendre conscience \u00e0 l\u2019ensemble de la population des dangers du nucl\u00e9aire. L\u2019utilisation pacifique de celui-ci, pour produire de l\u2019\u00e9nergie ou dans&#8230;","og_url":"https:\/\/sceaux-lagazette.fr\/index.php\/2021\/12\/14\/radioactivite-restons-rationnels\/","og_site_name":"La Gazette","article_published_time":"2021-12-14T06:58:31+00:00","article_modified_time":"2021-12-14T06:58:32+00:00","og_image":[{"width":290,"height":161,"url":"https:\/\/sceaux-lagazette.fr\/wp-content\/uploads\/2021\/12\/Echelle-des-\u00e9v\u00e9nements-nucl\u00e9aires.png","type":"image\/png"}],"author":"G\u00e9rard Bardier","twitter_card":"summary_large_image","twitter_misc":{"\u00c9crit par":"G\u00e9rard Bardier","Dur\u00e9e de lecture estim\u00e9e":"7 minutes"},"schema":{"@context":"https:\/\/schema.org","@graph":[{"@type":"Article","@id":"https:\/\/sceaux-lagazette.fr\/index.php\/2021\/12\/14\/radioactivite-restons-rationnels\/#article","isPartOf":{"@id":"https:\/\/sceaux-lagazette.fr\/index.php\/2021\/12\/14\/radioactivite-restons-rationnels\/"},"author":{"name":"G\u00e9rard Bardier","@id":"https:\/\/sceaux-lagazette.fr\/#\/schema\/person\/5650e206a121f68c6f5e76379bccfbc4"},"headline":"Radioactivit\u00e9, restons rationnels","datePublished":"2021-12-14T06:58:31+00:00","dateModified":"2021-12-14T06:58:32+00:00","mainEntityOfPage":{"@id":"https:\/\/sceaux-lagazette.fr\/index.php\/2021\/12\/14\/radioactivite-restons-rationnels\/"},"wordCount":1488,"commentCount":4,"publisher":{"@id":"https:\/\/sceaux-lagazette.fr\/#organization"},"image":{"@id":"https:\/\/sceaux-lagazette.fr\/index.php\/2021\/12\/14\/radioactivite-restons-rationnels\/#primaryimage"},"thumbnailUrl":"https:\/\/sceaux-lagazette.fr\/wp-content\/uploads\/2021\/12\/Echelle-des-\u00e9v\u00e9nements-nucl\u00e9aires.png","articleSection":["Analyses"],"inLanguage":"fr-FR","potentialAction":[{"@type":"CommentAction","name":"Comment","target":["https:\/\/sceaux-lagazette.fr\/index.php\/2021\/12\/14\/radioactivite-restons-rationnels\/#respond"]}]},{"@type":"WebPage","@id":"https:\/\/sceaux-lagazette.fr\/index.php\/2021\/12\/14\/radioactivite-restons-rationnels\/","url":"https:\/\/sceaux-lagazette.fr\/index.php\/2021\/12\/14\/radioactivite-restons-rationnels\/","name":"Radioactivit\u00e9, restons rationnels - La Gazette","isPartOf":{"@id":"https:\/\/sceaux-lagazette.fr\/#website"},"primaryImageOfPage":{"@id":"https:\/\/sceaux-lagazette.fr\/index.php\/2021\/12\/14\/radioactivite-restons-rationnels\/#primaryimage"},"image":{"@id":"https:\/\/sceaux-lagazette.fr\/index.php\/2021\/12\/14\/radioactivite-restons-rationnels\/#primaryimage"},"thumbnailUrl":"https:\/\/sceaux-lagazette.fr\/wp-content\/uploads\/2021\/12\/Echelle-des-\u00e9v\u00e9nements-nucl\u00e9aires.png","datePublished":"2021-12-14T06:58:31+00:00","dateModified":"2021-12-14T06:58:32+00:00","breadcrumb":{"@id":"https:\/\/sceaux-lagazette.fr\/index.php\/2021\/12\/14\/radioactivite-restons-rationnels\/#breadcrumb"},"inLanguage":"fr-FR","potentialAction":[{"@type":"ReadAction","target":["https:\/\/sceaux-lagazette.fr\/index.php\/2021\/12\/14\/radioactivite-restons-rationnels\/"]}]},{"@type":"ImageObject","inLanguage":"fr-FR","@id":"https:\/\/sceaux-lagazette.fr\/index.php\/2021\/12\/14\/radioactivite-restons-rationnels\/#primaryimage","url":"https:\/\/sceaux-lagazette.fr\/wp-content\/uploads\/2021\/12\/Echelle-des-\u00e9v\u00e9nements-nucl\u00e9aires.png","contentUrl":"https:\/\/sceaux-lagazette.fr\/wp-content\/uploads\/2021\/12\/Echelle-des-\u00e9v\u00e9nements-nucl\u00e9aires.png","width":290,"height":161},{"@type":"BreadcrumbList","@id":"https:\/\/sceaux-lagazette.fr\/index.php\/2021\/12\/14\/radioactivite-restons-rationnels\/#breadcrumb","itemListElement":[{"@type":"ListItem","position":1,"name":"Accueil","item":"https:\/\/sceaux-lagazette.fr\/"},{"@type":"ListItem","position":2,"name":"Radioactivit\u00e9, restons rationnels"}]},{"@type":"WebSite","@id":"https:\/\/sceaux-lagazette.fr\/#website","url":"https:\/\/sceaux-lagazette.fr\/","name":"La Gazette","description":"Bourg-la-Reine, Ch\u00e2tenay, Fontenay, Sceaux","publisher":{"@id":"https:\/\/sceaux-lagazette.fr\/#organization"},"potentialAction":[{"@type":"SearchAction","target":{"@type":"EntryPoint","urlTemplate":"https:\/\/sceaux-lagazette.fr\/?s={search_term_string}"},"query-input":{"@type":"PropertyValueSpecification","valueRequired":true,"valueName":"search_term_string"}}],"inLanguage":"fr-FR"},{"@type":"Organization","@id":"https:\/\/sceaux-lagazette.fr\/#organization","name":"La Gazette","url":"https:\/\/sceaux-lagazette.fr\/","logo":{"@type":"ImageObject","inLanguage":"fr-FR","@id":"https:\/\/sceaux-lagazette.fr\/#\/schema\/logo\/image\/","url":"https:\/\/sceaux-lagazette.fr\/wp-content\/uploads\/2025\/08\/Logo-Gazette-Aout-2025-V3.jpg","contentUrl":"https:\/\/sceaux-lagazette.fr\/wp-content\/uploads\/2025\/08\/Logo-Gazette-Aout-2025-V3.jpg","width":525,"height":130,"caption":"La Gazette"},"image":{"@id":"https:\/\/sceaux-lagazette.fr\/#\/schema\/logo\/image\/"}},{"@type":"Person","@id":"https:\/\/sceaux-lagazette.fr\/#\/schema\/person\/5650e206a121f68c6f5e76379bccfbc4","name":"G\u00e9rard Bardier","image":{"@type":"ImageObject","inLanguage":"fr-FR","@id":"https:\/\/sceaux-lagazette.fr\/#\/schema\/person\/image\/","url":"https:\/\/secure.gravatar.com\/avatar\/5cf4391ef9dbc0367750202561279a29?s=96&r=g","contentUrl":"https:\/\/secure.gravatar.com\/avatar\/5cf4391ef9dbc0367750202561279a29?s=96&r=g","caption":"G\u00e9rard Bardier"},"url":"https:\/\/sceaux-lagazette.fr\/index.php\/author\/gb\/"}]}},"cc_featured_image_caption":{"caption_text":false,"source_text":false,"source_url":false},"_links":{"self":[{"href":"https:\/\/sceaux-lagazette.fr\/index.php\/wp-json\/wp\/v2\/posts\/5288"}],"collection":[{"href":"https:\/\/sceaux-lagazette.fr\/index.php\/wp-json\/wp\/v2\/posts"}],"about":[{"href":"https:\/\/sceaux-lagazette.fr\/index.php\/wp-json\/wp\/v2\/types\/post"}],"author":[{"embeddable":true,"href":"https:\/\/sceaux-lagazette.fr\/index.php\/wp-json\/wp\/v2\/users\/11"}],"replies":[{"embeddable":true,"href":"https:\/\/sceaux-lagazette.fr\/index.php\/wp-json\/wp\/v2\/comments?post=5288"}],"version-history":[{"count":3,"href":"https:\/\/sceaux-lagazette.fr\/index.php\/wp-json\/wp\/v2\/posts\/5288\/revisions"}],"predecessor-version":[{"id":5297,"href":"https:\/\/sceaux-lagazette.fr\/index.php\/wp-json\/wp\/v2\/posts\/5288\/revisions\/5297"}],"wp:featuredmedia":[{"embeddable":true,"href":"https:\/\/sceaux-lagazette.fr\/index.php\/wp-json\/wp\/v2\/media\/5292"}],"wp:attachment":[{"href":"https:\/\/sceaux-lagazette.fr\/index.php\/wp-json\/wp\/v2\/media?parent=5288"}],"wp:term":[{"taxonomy":"category","embeddable":true,"href":"https:\/\/sceaux-lagazette.fr\/index.php\/wp-json\/wp\/v2\/categories?post=5288"},{"taxonomy":"post_tag","embeddable":true,"href":"https:\/\/sceaux-lagazette.fr\/index.php\/wp-json\/wp\/v2\/tags?post=5288"}],"curies":[{"name":"wp","href":"https:\/\/api.w.org\/{rel}","templated":true}]}}