{"id":5281,"date":"2021-12-10T09:30:39","date_gmt":"2021-12-10T08:30:39","guid":{"rendered":"https:\/\/sceaux-lagazette.fr\/?p=5281"},"modified":"2022-10-17T18:17:54","modified_gmt":"2022-10-17T16:17:54","slug":"parler-du-territoire-un-jour-de-pluie","status":"publish","type":"post","link":"https:\/\/sceaux-lagazette.fr\/index.php\/2021\/12\/10\/parler-du-territoire-un-jour-de-pluie\/","title":{"rendered":"Parler du territoire, un jour de pluie"},"content":{"rendered":"\n<p>Samedi apr\u00e8s-midi \u00e0 Antony, dans une salle municipale \u00e0 c\u00f4t\u00e9 du march\u00e9, se tenait une r\u00e9union \u00e0 l\u2019initiative d\u2019associations aussi diverses que vari\u00e9es du territoire Vall\u00e9e Sud. La pluie et le froid, la nuit qui tombe vite, n\u2019avaient pas dissuad\u00e9 une cinquantaine de personnes de participer \u00e0 une r\u00e9flexion collective en liaison avec <a href=\"https:\/\/www.valleesud.fr\/fr\/donnez-votre-avis-sur-le-pcaet\">la consultation publique<\/a> sur le Plan Climat Air Energie Territorial (PCAET). <a href=\"https:\/\/sceaux-lagazette.fr\/index.php\/2021\/12\/09\/plan-climat-on-demande-votre-avis\/\" target=\"_blank\" rel=\"noreferrer noopener\">L&rsquo;article de G\u00e9rard Bardier<\/a> hier a situ\u00e9 le contexte et les parties prenantes. Il reprenait \u00e0 sa mani\u00e8re ce que fut l&rsquo;introduction \u00e0 l&rsquo;apr\u00e8s-midi. On n&rsquo;y reviendra pas.   <\/p>\n\n\n\n<p>L\u2019organisatrice en \u00e9tait la CATTE, Coordination des Associations du Territoire pour la Transition Ecologique, impliqu\u00e9e d\u00e8s le d\u00e9but dans les ateliers participatifs organis\u00e9s par les \u00e9lus des onze villes du territoire.<\/p>\n\n\n\n<p>Comme son nom l\u2019indique, la CATTE n\u2019est pas pour l\u2019heure d\u2019une association, mais une coordination. Une quarantaine d\u2019associations y contribuent, dont les objets varient de la promotion du v\u00e9lo \u00e0 la d\u00e9fense des trames vertes, du v\u00e9g\u00e9tarisme \u00e0 des projets pratiques d\u2019am\u00e9lioration des performances thermiques des b\u00e2timents, en passant par des AMAP ou des Repair caf\u00e9. C\u2019est dire l\u2019\u00e9ventail de sensibilit\u00e9s qui s\u2019y expriment.<\/p>\n\n\n\n<p>Avant d\u2019en passer \u00e0 ce que lesdites sensibilit\u00e9s de la CATTE pensent du PCAET, rappelons \u00e0 ceux \u00e0 qui cela aurait \u00e9chapp\u00e9 les objectifs que VSGP lui assigne :<\/p>\n\n\n\n<ul class=\"wp-block-list\"><li>La r\u00e9duction de 40%des \u00e9missions de gaz \u00e0 effets de serre en 2030<\/li><li>100% de d\u00e9chets valoris\u00e9s d\u2019ici 2030<\/li><li>100% des logements r\u00e9nov\u00e9s \u00e9nerg\u00e9tiquement d\u2019ici 2050<\/li><li>La r\u00e9duction de 45% des d\u00e9chets sur le territoire d\u2019ici 2050<\/li><li>15% de d\u00e9placement \u00e0 v\u00e9lo d\u2019ici 2050<\/li><\/ul>\n\n\n\n<p>source&nbsp;: <a href=\"https:\/\/www.valleesud.fr\/fr\/PCAET\">https:\/\/www.valleesud.fr\/fr\/PCAET<\/a><\/p>\n\n\n\n<h2 class=\"wp-block-heading\">L\u2019heure est \u00e0 l\u2019action<\/h2>\n\n\n\n<p>La r\u00e9union d\u2019Antony visait les communes de la partie sud du Territoire, une autre \u00e9tant pr\u00e9vue pour le nord. Elle a commenc\u00e9 par une pr\u00e9sentation g\u00e9n\u00e9rale du contexte suivie d\u2019une pr\u00e9sentation du travail que la CATTE a men\u00e9 sur le PCAET dans sa phase projet. L\u2019assistance a \u00e9t\u00e9 ensuite divis\u00e9e en quatre groupes repartis en quatre tables, chacune \u00e9tant dot\u00e9e de post-its de couleur (une couleur par th\u00e8me) pour exprimer des propositions. Ces \u00ab&nbsp;ateliers&nbsp;\u00bb, lieux de discussion, ont permis \u00e0 la CATTE de collecter et partager de nouvelles id\u00e9es. Les posts-its affich\u00e9s rassembl\u00e9s par th\u00e8me sur un mur ont fait l\u2019objet d\u2019une synth\u00e8se au pied lev\u00e9 par les animateurs de la rencontre. Pas \u00e9vident. Enfin, un vibrant appel \u00e0 participer \u00e0 la consultation publique.<\/p>\n\n\n\n<p>Ces th\u00e8mes de r\u00e9flexion sont ceux-l\u00e0 m\u00eames que la CATTE avait utilis\u00e9s pour le PCAET, \u00e0 savoir (sans notion d\u2019importance dans l\u2019ordre d\u2019apparition)&nbsp;: l\u2019alimentation, les b\u00e2timents, la consommation, la nature en ville, l\u2019\u00e9nergie, les mobilit\u00e9s. R\u00e9sumons les id\u00e9es que la CATTE avait port\u00e9es aupr\u00e8s de VSGP et faisons-les suivre par les contributions issues de la rencontre de samedi.<\/p>\n\n\n\n<p>Commen\u00e7ons par le premier.<\/p>\n\n\n\n<h2 class=\"wp-block-heading\">Alimentation<\/h2>\n\n\n\n<div class=\"wp-block-image\"><figure class=\"alignright size-medium\"><img decoding=\"async\" width=\"300\" height=\"300\" src=\"https:\/\/sceaux-lagazette.fr\/wp-content\/uploads\/2021\/12\/2021-12-04-CATTE2-300x300.jpg\" alt=\"\" class=\"wp-image-5283\" srcset=\"https:\/\/sceaux-lagazette.fr\/wp-content\/uploads\/2021\/12\/2021-12-04-CATTE2-300x300.jpg 300w, https:\/\/sceaux-lagazette.fr\/wp-content\/uploads\/2021\/12\/2021-12-04-CATTE2-1022x1024.jpg 1022w, https:\/\/sceaux-lagazette.fr\/wp-content\/uploads\/2021\/12\/2021-12-04-CATTE2-150x150.jpg 150w, https:\/\/sceaux-lagazette.fr\/wp-content\/uploads\/2021\/12\/2021-12-04-CATTE2-768x770.jpg 768w, https:\/\/sceaux-lagazette.fr\/wp-content\/uploads\/2021\/12\/2021-12-04-CATTE2-1533x1536.jpg 1533w, https:\/\/sceaux-lagazette.fr\/wp-content\/uploads\/2021\/12\/2021-12-04-CATTE2-2043x2048.jpg 2043w\" sizes=\"(max-width: 300px) 100vw, 300px\" \/><\/figure><\/div>\n\n\n\n<p>Les contributions de la CATTE au projet de PCAET avaient exprim\u00e9 des exigences de deux repas par semaine sans viande et sans poisson dans la restauration collective. Plus menu v\u00e9g\u00e9tarien en option tous les jours. L\u2019argument en est que les produits animaux repr\u00e9sentent 70% de l\u2019empreinte carbone de l\u2019alimentation. S\u2019y ajoute la lutte contre le gaspillage alimentaire. La seconde demande \u00e9tait la cr\u00e9ation d\u2019un label pour les \u00ab&nbsp;restaurants durables&nbsp;\u00bb qui proposent des plats v\u00e9g\u00e9tariens, des produits de saisons, bio, en circuits courts\u2026.).<\/p>\n\n\n\n<p>En s\u00e9ance, se sont ajout\u00e9es l\u2019\u00e9ducation des enfants aux menus v\u00e9g\u00e9tariens, la mutualisation des cuisines centrales (\u00e0 pr\u00e9ciser sans doute, car cela existe d\u00e9j\u00e0) et des flux logistiques (probablement par des achats group\u00e9s).<\/p>\n\n\n\n<h2 class=\"wp-block-heading\">B\u00e2timents<\/h2>\n\n\n\n<p>L\u2019engagement de r\u00e9nover 6000 logements par an, affich\u00e9 dans le projet de PCAET, avait soulev\u00e9 un doute profond. Ce nombre de 6000 est certes n\u00e9cessaire pour atteindre les objectifs d\u2019isolation des habitations. Est-il pour autant r\u00e9aliste&nbsp;? Les entreprises sont-elles en mesure de r\u00e9aliser les travaux&nbsp;? Les habitants ont-ils connaissance des co\u00fbts (aide au financement incluse)&nbsp;? Rien n\u2019est moins s\u00fbr. C\u2019est pourquoi un projet phare de 1000 logements \u00e9tait propos\u00e9 avec un accompagnement financier attractif et une forte sensibilisation du grand public aux avantages de la sobri\u00e9t\u00e9.<\/p>\n\n\n\n<p>D\u2019autres demandes avaient \u00e9t\u00e9 formul\u00e9es, dont un effort de r\u00e9novation du parc tertiaire priv\u00e9, et plus g\u00e9n\u00e9ralement le choix de la r\u00e9novation plut\u00f4t que de la d\u00e9molition.<\/p>\n\n\n\n<p>Les \u00ab&nbsp;ateliers&nbsp;\u00bb ont propos\u00e9 de mieux responsabiliser les entrepreneurs \u00e0 l\u2019aide de contrats performance-\u00e9nergie, ainsi que d\u2019utiliser des mat\u00e9riaux biosourc\u00e9s. L\u2019impact de ce type de norme serait \u00e0 identifier.<\/p>\n\n\n\n<h2 class=\"wp-block-heading\">Consommation<\/h2>\n\n\n\n<p>La consommation est comprise dans un cycle global incluant la production, l\u2019acheminement, les d\u00e9chets et l\u2019\u00e9conomie circulaire. Elle situe la consommation des biens \u00e0 20% de l\u2019empreinte carbone totale.<\/p>\n\n\n\n<p>La CATTE avait promu l\u2019\u00e9conomie circulaire et de recyclage des mat\u00e9riaux du BTP (Bagneux semble-t-il pr\u00e9voit un \u00e9copole \u00e0 cet effet). Elle avait aussi insist\u00e9 sur la sensibilisation des citoyens sur la part des d\u00e9chets dans les \u00e9missions de CO2.<\/p>\n\n\n\n<p>Lors du r\u00e9sum\u00e9 des contributions de l\u2019atelier, la logique des 5R est rappel\u00e9e&nbsp;:<\/p>\n\n\n\n<blockquote class=\"wp-block-quote is-layout-flow wp-block-quote-is-layout-flow\"><p>&gt; Refuser ce dont nous n&rsquo;avons pas besoin comme les tickets de caisse, les prospectus, la publicit\u00e9.<br>&gt; R\u00e9duire les gaspillages alimentaires, les emballages jetables et pr\u00e9f\u00e9rer acheter en vrac, r\u00e9parer, troquer, donner.<br>&gt; R\u00e9utiliser ce que nous consommons et qui peut avoir une seconde vie&nbsp;: sacs en tissus, contenants en verre,\u2026<br>&gt; Recycler ce que nous ne pouvons ni refuser, ni r\u00e9duire, ni r\u00e9utiliser&nbsp;: le verre, le papier, le carton, le m\u00e9tal.<br>&gt; Rendre \u00e0 la terre les d\u00e9chets organiques&nbsp;: aliments, bois, cartons non souill\u00e9s, feuilles, herbe.<\/p><cite>Source&nbsp;: <a href=\"https:\/\/villages78entransition.fr\/la-regle-des-5-r-a-suivre-dans-lordre-pour-reduire-ses-dechets\/\">https:\/\/villages78entransition.fr\/la-regle-des-5-r-a-suivre-dans-lordre-pour-reduire-ses-dechets\/<\/a><\/cite><\/blockquote>\n\n\n\n<p>Des composteurs dans les immeubles sont propos\u00e9s. De m\u00eame qu\u2019un accroissement des locaux destin\u00e9s \u00e0 la r\u00e9paration. Un couplage avec la Chambre des m\u00e9tiers est \u00e9voqu\u00e9.<\/p>\n\n\n\n<h2 class=\"wp-block-heading\">Nature en ville<\/h2>\n\n\n\n<p>Ce th\u00e8me rassemble les partisans de la biodiversit\u00e9 en zone urbaine. Ils proposent de refabriquer des domaines verts de plusieurs hectares pour que des esp\u00e8ces de la faune puissent s\u2019y \u00e9battre et s\u2019y reproduire. Pour les constructions neuves, l\u2019id\u00e9e est qu\u2019elles soient au c\u0153ur d\u2019\u00eelots arbor\u00e9s et de pleine terre. De plus, \u00e9tait demand\u00e9e une cartographie de la v\u00e9g\u00e9tation et des r\u00e9seaux \u00e9cologiques (je n\u2019en ai pas capt\u00e9 le sens) lesquels souffrent d\u2019un d\u00e9ficit de comptage d\u00fb au fait, apprend-on, que les jardins et les parcs d\u2019immeubles en sont ignor\u00e9s.<\/p>\n\n\n\n<p>En s\u00e9ance, des demandes de friches inaccessibles, seules \u00e0 m\u00eame de prot\u00e9ger les b\u00eates, ont \u00e9t\u00e9 \u00e9mises. Encore convient-il de leur donner un espace suffisant et donc de relier les friches les unes aux autres. Il n\u2019est pas certain que la faisabilit\u00e9 ait \u00e9t\u00e9 abord\u00e9e. Je passe \u00e0 un autre point&nbsp;: r\u00e9duire l\u2019imperm\u00e9abilisation des sols, tant sur les espaces publics que dans les espaces priv\u00e9s..<\/p>\n\n\n\n<h2 class=\"wp-block-heading\">Energie<\/h2>\n\n\n\n<div class=\"wp-block-image\"><figure class=\"alignleft size-medium\"><img decoding=\"async\" width=\"252\" height=\"300\" src=\"https:\/\/sceaux-lagazette.fr\/wp-content\/uploads\/2021\/12\/2021-12-04-CATTE1-252x300.jpg\" alt=\"\" class=\"wp-image-5285\" srcset=\"https:\/\/sceaux-lagazette.fr\/wp-content\/uploads\/2021\/12\/2021-12-04-CATTE1-252x300.jpg 252w, https:\/\/sceaux-lagazette.fr\/wp-content\/uploads\/2021\/12\/2021-12-04-CATTE1-860x1024.jpg 860w, https:\/\/sceaux-lagazette.fr\/wp-content\/uploads\/2021\/12\/2021-12-04-CATTE1-768x914.jpg 768w, https:\/\/sceaux-lagazette.fr\/wp-content\/uploads\/2021\/12\/2021-12-04-CATTE1-1290x1536.jpg 1290w, https:\/\/sceaux-lagazette.fr\/wp-content\/uploads\/2021\/12\/2021-12-04-CATTE1-1720x2048.jpg 1720w\" sizes=\"(max-width: 252px) 100vw, 252px\" \/><\/figure><\/div>\n\n\n\n<p>Tout cruciaux qu\u2019ils soient, les enjeux en mati\u00e8re d\u2019\u00e9nergie ne s\u2019en r\u00e9sument pas moins ais\u00e9ment. La CATTE avait envoy\u00e9 des messages simples&nbsp;: r\u00e9duire drastiquement la part fossile (elle est de 65% actuellement)&nbsp;; par cons\u00e9quent, d\u00e9velopper les autres sources et promouvoir l\u2019\u00e9lectricit\u00e9&nbsp;; inciter \u00e0 la sobri\u00e9t\u00e9, lutter contre le gaspillage. Elle rappelle l\u2019importance de l\u2019information, \u00e0 la fois en direction des citoyens (sur les passoires thermiques notamment) et vers les communes sur l\u2019\u00e9volution de la l\u00e9gislation.<\/p>\n\n\n\n<p>Les propositions de la salle poursuivent les demandes d\u2019aide \u00e0 la r\u00e9novation des b\u00e2timents. Elles insistent sur la communication n\u00e9cessaire aupr\u00e8s des particuliers sur les fins annonc\u00e9es concernant le fioul et les moteurs thermiques. Elles appellent aussi au d\u00e9veloppement de la g\u00e9othermie et des \u00e9nergies vertes. Elles ajoutent cependant des actions sur les \u00e9clairages publics.<\/p>\n\n\n\n<h2 class=\"wp-block-heading\">Mobilit\u00e9s<\/h2>\n\n\n\n<p>La contribution au PCAET avait suivi quatre directions. Le soutien aux mobilit\u00e9s autres que la voiture&nbsp;; la r\u00e9duction des d\u00e9placements contraints&nbsp;; l\u2019am\u00e9lioration des transports publics&nbsp;; le d\u00e9veloppement des transports scolaires, y compris \u00e0 v\u00e9lo.<\/p>\n\n\n\n<p>Sur le multimodal (partage entre les types de transports), la volont\u00e9 \u00e9tait d\u2019avancer sur les d\u00e9partementales 906, 986 et 920, de m\u00eame que sur les gares qui ont vocation \u00e0 faciliter les passages d\u2019un mode \u00e0 un mode. Il y avait \u00e9galement la volont\u00e9 d\u2019\u00e9tudier de nouveaux usages de la ligne Orlyval qui sera concurrenc\u00e9e par le tram.<\/p>\n\n\n\n<p>Les propositions faites en \u00ab&nbsp;atelier&nbsp;\u00bb ont relev\u00e9 parfois de l\u2019amont avec le souhait de voir se rapprocher l\u2019emploi, parfois du fonctionnement&nbsp;: am\u00e9lioration de la s\u00e9curit\u00e9 pour les femmes dans les transports publics, de meilleures amplitudes du RER et des bus. Bien s\u00fbr, le v\u00e9lo a fait l\u2019objet d\u2019attentions&nbsp;: am\u00e9nagements des voiries, infrastructures de stationnement. Et puis, cerise sur le g\u00e2teau, espoir de prolongement du m\u00e9tro (ligne 4) jusqu\u2019\u00e0 Robinson.<\/p>\n\n\n\n<h2 class=\"wp-block-heading\">Des \u00e9claireurs&nbsp;?<\/h2>\n\n\n\n<p>Ces dialogues d\u2019apr\u00e8s-midi gris \u00e0 Antony t\u00e9moignaient d\u2019une envie&nbsp;: celle de se r\u00e9unir pour s\u2019entretenir des affaires collectives. Relevons que cela reste &nbsp;inhabituel et qu\u2019il y a de l\u2019esp\u00e9rance.<\/p>\n\n\n\n<p>En m\u00eame temps, on sentait une sorte de \u00ab&nbsp;Y&rsquo;a qu&rsquo;\u00e0 en faire plus, faut qu&rsquo;on soit plus ambitieux&nbsp;\u00bb, assez facile \u00e0 exiger des politiques. Surtout si l\u2019on ne s\u2019inqui\u00e8te pas trop de l\u2019acceptabilit\u00e9 sociale. Il ne s\u2019agit pas de refuser l\u2019exercice, mais de se demander comment prendre en compte, dans une certaine part, les forces qui s\u2019opposent aux demandes. Les meilleures intentions ont leurs objecteurs, le v\u00e9lo irrite les automobilistes (les pi\u00e9tons aussi), l\u2019\u00e9conomie circulaire inqui\u00e8te les artisans c\u00f4t\u00e9 r\u00e9paration et les ouvriers c\u00f4t\u00e9 fabrication. On en reste \u00e0 ces deux exemples, car l\u2019essentiel est de reconna\u00eetre tout l\u2019int\u00e9r\u00eat de s\u2019assembler pour proposer \u00e0 condition d\u2019anticiper les contestations dans leur mise en application.<\/p>\n\n\n\n<p>A retenir aussi de cet apr\u00e8s-midi&nbsp;: l\u2019investissement personnel de ses animateurs. Ils se sont d\u00e9pens\u00e9s dans son organisation et sa conduite. \u00c7a se respecte&nbsp;; mieux, \u00e7a s\u2019estime. A retenir encore l\u2019assistance&nbsp;: tout honorable qu\u2019en fut le nombre, elle \u00e9tait acquise&nbsp;; elle se reconnaissait qui dans le v\u00e9g\u00e9tarisme, qui dans le v\u00e9lo ou la for\u00eat urbaine. On n\u2019\u00e9tait pas dans le questionnement du quidam. C\u2019est le sort du \u00ab&nbsp;participatif&nbsp;\u00bb. Il entrecroise en g\u00e9n\u00e9ral la force de ses propositions et l\u2019imaginaire d\u2019une avant-garde.<\/p>\n","protected":false},"excerpt":{"rendered":"<p>Samedi apr\u00e8s-midi \u00e0 Antony, dans une salle municipale \u00e0 c\u00f4t\u00e9 du march\u00e9, se tenait une r\u00e9union \u00e0 l\u2019initiative d\u2019associations aussi diverses que vari\u00e9es du territoire Vall\u00e9e Sud. La pluie et le froid, la nuit qui tombe vite, n\u2019avaient pas dissuad\u00e9 une cinquantaine de personnes de participer \u00e0 une r\u00e9flexion collective&#8230;<\/p>\n","protected":false},"author":6,"featured_media":5282,"comment_status":"open","ping_status":"open","sticky":false,"template":"","format":"standard","meta":{"om_disable_all_campaigns":false,"_monsterinsights_skip_tracking":false,"_monsterinsights_sitenote_active":false,"_monsterinsights_sitenote_note":"","_monsterinsights_sitenote_category":0,"_uf_show_specific_survey":0,"_uf_disable_surveys":false,"footnotes":""},"categories":[267,246],"tags":[],"class_list":["post-5281","post","type-post","status-publish","format-standard","has-post-thumbnail","hentry","category-antony","category-vie-publique","entry","simple"],"yoast_head":"<!-- This site is optimized with the Yoast SEO plugin v25.6 - https:\/\/yoast.com\/wordpress\/plugins\/seo\/ -->\n<title>Parler du territoire, un jour de pluie - La Gazette<\/title>\n<meta name=\"robots\" content=\"index, follow, max-snippet:-1, max-image-preview:large, max-video-preview:-1\" \/>\n<link rel=\"canonical\" href=\"https:\/\/sceaux-lagazette.fr\/index.php\/2021\/12\/10\/parler-du-territoire-un-jour-de-pluie\/\" \/>\n<meta property=\"og:locale\" content=\"fr_FR\" \/>\n<meta property=\"og:type\" content=\"article\" \/>\n<meta property=\"og:title\" content=\"Parler du territoire, un jour de pluie - La Gazette\" \/>\n<meta property=\"og:description\" content=\"Samedi apr\u00e8s-midi \u00e0 Antony, dans une salle municipale \u00e0 c\u00f4t\u00e9 du march\u00e9, se tenait une r\u00e9union \u00e0 l\u2019initiative d\u2019associations aussi diverses que vari\u00e9es du territoire Vall\u00e9e Sud. La pluie et le froid, la nuit qui tombe vite, n\u2019avaient pas dissuad\u00e9 une cinquantaine de personnes de participer \u00e0 une r\u00e9flexion collective&#8230;\" \/>\n<meta property=\"og:url\" content=\"https:\/\/sceaux-lagazette.fr\/index.php\/2021\/12\/10\/parler-du-territoire-un-jour-de-pluie\/\" \/>\n<meta property=\"og:site_name\" content=\"La Gazette\" \/>\n<meta property=\"article:published_time\" content=\"2021-12-10T08:30:39+00:00\" \/>\n<meta property=\"article:modified_time\" content=\"2022-10-17T16:17:54+00:00\" \/>\n<meta property=\"og:image\" content=\"https:\/\/sceaux-lagazette.fr\/wp-content\/uploads\/2021\/12\/2021-12-04-CATTE3-scaled.jpg\" \/>\n\t<meta property=\"og:image:width\" content=\"2560\" \/>\n\t<meta property=\"og:image:height\" content=\"1366\" \/>\n\t<meta property=\"og:image:type\" content=\"image\/jpeg\" \/>\n<meta name=\"author\" content=\"Maurice Zytnicki\" \/>\n<meta name=\"twitter:card\" content=\"summary_large_image\" \/>\n<meta name=\"twitter:label1\" content=\"\u00c9crit par\" \/>\n\t<meta name=\"twitter:data1\" content=\"Maurice Zytnicki\" \/>\n\t<meta name=\"twitter:label2\" content=\"Dur\u00e9e de lecture estim\u00e9e\" \/>\n\t<meta name=\"twitter:data2\" content=\"9 minutes\" \/>\n<script type=\"application\/ld+json\" class=\"yoast-schema-graph\">{\"@context\":\"https:\/\/schema.org\",\"@graph\":[{\"@type\":\"Article\",\"@id\":\"https:\/\/sceaux-lagazette.fr\/index.php\/2021\/12\/10\/parler-du-territoire-un-jour-de-pluie\/#article\",\"isPartOf\":{\"@id\":\"https:\/\/sceaux-lagazette.fr\/index.php\/2021\/12\/10\/parler-du-territoire-un-jour-de-pluie\/\"},\"author\":{\"name\":\"Maurice Zytnicki\",\"@id\":\"https:\/\/sceaux-lagazette.fr\/#\/schema\/person\/060ab8fc058c4220d9079707a58da9f1\"},\"headline\":\"Parler du territoire, un jour de pluie\",\"datePublished\":\"2021-12-10T08:30:39+00:00\",\"dateModified\":\"2022-10-17T16:17:54+00:00\",\"mainEntityOfPage\":{\"@id\":\"https:\/\/sceaux-lagazette.fr\/index.php\/2021\/12\/10\/parler-du-territoire-un-jour-de-pluie\/\"},\"wordCount\":1874,\"commentCount\":2,\"publisher\":{\"@id\":\"https:\/\/sceaux-lagazette.fr\/#organization\"},\"image\":{\"@id\":\"https:\/\/sceaux-lagazette.fr\/index.php\/2021\/12\/10\/parler-du-territoire-un-jour-de-pluie\/#primaryimage\"},\"thumbnailUrl\":\"https:\/\/sceaux-lagazette.fr\/wp-content\/uploads\/2021\/12\/2021-12-04-CATTE3-scaled.jpg\",\"articleSection\":[\"Antony\",\"Vie publique\"],\"inLanguage\":\"fr-FR\",\"potentialAction\":[{\"@type\":\"CommentAction\",\"name\":\"Comment\",\"target\":[\"https:\/\/sceaux-lagazette.fr\/index.php\/2021\/12\/10\/parler-du-territoire-un-jour-de-pluie\/#respond\"]}]},{\"@type\":\"WebPage\",\"@id\":\"https:\/\/sceaux-lagazette.fr\/index.php\/2021\/12\/10\/parler-du-territoire-un-jour-de-pluie\/\",\"url\":\"https:\/\/sceaux-lagazette.fr\/index.php\/2021\/12\/10\/parler-du-territoire-un-jour-de-pluie\/\",\"name\":\"Parler du territoire, un jour de pluie - La Gazette\",\"isPartOf\":{\"@id\":\"https:\/\/sceaux-lagazette.fr\/#website\"},\"primaryImageOfPage\":{\"@id\":\"https:\/\/sceaux-lagazette.fr\/index.php\/2021\/12\/10\/parler-du-territoire-un-jour-de-pluie\/#primaryimage\"},\"image\":{\"@id\":\"https:\/\/sceaux-lagazette.fr\/index.php\/2021\/12\/10\/parler-du-territoire-un-jour-de-pluie\/#primaryimage\"},\"thumbnailUrl\":\"https:\/\/sceaux-lagazette.fr\/wp-content\/uploads\/2021\/12\/2021-12-04-CATTE3-scaled.jpg\",\"datePublished\":\"2021-12-10T08:30:39+00:00\",\"dateModified\":\"2022-10-17T16:17:54+00:00\",\"breadcrumb\":{\"@id\":\"https:\/\/sceaux-lagazette.fr\/index.php\/2021\/12\/10\/parler-du-territoire-un-jour-de-pluie\/#breadcrumb\"},\"inLanguage\":\"fr-FR\",\"potentialAction\":[{\"@type\":\"ReadAction\",\"target\":[\"https:\/\/sceaux-lagazette.fr\/index.php\/2021\/12\/10\/parler-du-territoire-un-jour-de-pluie\/\"]}]},{\"@type\":\"ImageObject\",\"inLanguage\":\"fr-FR\",\"@id\":\"https:\/\/sceaux-lagazette.fr\/index.php\/2021\/12\/10\/parler-du-territoire-un-jour-de-pluie\/#primaryimage\",\"url\":\"https:\/\/sceaux-lagazette.fr\/wp-content\/uploads\/2021\/12\/2021-12-04-CATTE3-scaled.jpg\",\"contentUrl\":\"https:\/\/sceaux-lagazette.fr\/wp-content\/uploads\/2021\/12\/2021-12-04-CATTE3-scaled.jpg\",\"width\":2560,\"height\":1366},{\"@type\":\"BreadcrumbList\",\"@id\":\"https:\/\/sceaux-lagazette.fr\/index.php\/2021\/12\/10\/parler-du-territoire-un-jour-de-pluie\/#breadcrumb\",\"itemListElement\":[{\"@type\":\"ListItem\",\"position\":1,\"name\":\"Accueil\",\"item\":\"https:\/\/sceaux-lagazette.fr\/\"},{\"@type\":\"ListItem\",\"position\":2,\"name\":\"Parler du territoire, un jour de pluie\"}]},{\"@type\":\"WebSite\",\"@id\":\"https:\/\/sceaux-lagazette.fr\/#website\",\"url\":\"https:\/\/sceaux-lagazette.fr\/\",\"name\":\"La Gazette\",\"description\":\"Bourg-la-Reine, Ch\u00e2tenay, Fontenay, Sceaux\",\"publisher\":{\"@id\":\"https:\/\/sceaux-lagazette.fr\/#organization\"},\"potentialAction\":[{\"@type\":\"SearchAction\",\"target\":{\"@type\":\"EntryPoint\",\"urlTemplate\":\"https:\/\/sceaux-lagazette.fr\/?s={search_term_string}\"},\"query-input\":{\"@type\":\"PropertyValueSpecification\",\"valueRequired\":true,\"valueName\":\"search_term_string\"}}],\"inLanguage\":\"fr-FR\"},{\"@type\":\"Organization\",\"@id\":\"https:\/\/sceaux-lagazette.fr\/#organization\",\"name\":\"La Gazette\",\"url\":\"https:\/\/sceaux-lagazette.fr\/\",\"logo\":{\"@type\":\"ImageObject\",\"inLanguage\":\"fr-FR\",\"@id\":\"https:\/\/sceaux-lagazette.fr\/#\/schema\/logo\/image\/\",\"url\":\"https:\/\/sceaux-lagazette.fr\/wp-content\/uploads\/2025\/08\/Logo-Gazette-Aout-2025-V3.jpg\",\"contentUrl\":\"https:\/\/sceaux-lagazette.fr\/wp-content\/uploads\/2025\/08\/Logo-Gazette-Aout-2025-V3.jpg\",\"width\":525,\"height\":130,\"caption\":\"La Gazette\"},\"image\":{\"@id\":\"https:\/\/sceaux-lagazette.fr\/#\/schema\/logo\/image\/\"}},{\"@type\":\"Person\",\"@id\":\"https:\/\/sceaux-lagazette.fr\/#\/schema\/person\/060ab8fc058c4220d9079707a58da9f1\",\"name\":\"Maurice Zytnicki\",\"image\":{\"@type\":\"ImageObject\",\"inLanguage\":\"fr-FR\",\"@id\":\"https:\/\/sceaux-lagazette.fr\/#\/schema\/person\/image\/\",\"url\":\"https:\/\/secure.gravatar.com\/avatar\/d94d30d6fa0e9cb7af48a89366fc0cdb?s=96&r=g\",\"contentUrl\":\"https:\/\/secure.gravatar.com\/avatar\/d94d30d6fa0e9cb7af48a89366fc0cdb?s=96&r=g\",\"caption\":\"Maurice Zytnicki\"},\"url\":\"https:\/\/sceaux-lagazette.fr\/index.php\/author\/maurice\/\"}]}<\/script>\n<!-- \/ Yoast SEO plugin. -->","yoast_head_json":{"title":"Parler du territoire, un jour de pluie - La Gazette","robots":{"index":"index","follow":"follow","max-snippet":"max-snippet:-1","max-image-preview":"max-image-preview:large","max-video-preview":"max-video-preview:-1"},"canonical":"https:\/\/sceaux-lagazette.fr\/index.php\/2021\/12\/10\/parler-du-territoire-un-jour-de-pluie\/","og_locale":"fr_FR","og_type":"article","og_title":"Parler du territoire, un jour de pluie - La Gazette","og_description":"Samedi apr\u00e8s-midi \u00e0 Antony, dans une salle municipale \u00e0 c\u00f4t\u00e9 du march\u00e9, se tenait une r\u00e9union \u00e0 l\u2019initiative d\u2019associations aussi diverses que vari\u00e9es du territoire Vall\u00e9e Sud. La pluie et le froid, la nuit qui tombe vite, n\u2019avaient pas dissuad\u00e9 une cinquantaine de personnes de participer \u00e0 une r\u00e9flexion collective&#8230;","og_url":"https:\/\/sceaux-lagazette.fr\/index.php\/2021\/12\/10\/parler-du-territoire-un-jour-de-pluie\/","og_site_name":"La Gazette","article_published_time":"2021-12-10T08:30:39+00:00","article_modified_time":"2022-10-17T16:17:54+00:00","og_image":[{"width":2560,"height":1366,"url":"https:\/\/sceaux-lagazette.fr\/wp-content\/uploads\/2021\/12\/2021-12-04-CATTE3-scaled.jpg","type":"image\/jpeg"}],"author":"Maurice Zytnicki","twitter_card":"summary_large_image","twitter_misc":{"\u00c9crit par":"Maurice Zytnicki","Dur\u00e9e de lecture estim\u00e9e":"9 minutes"},"schema":{"@context":"https:\/\/schema.org","@graph":[{"@type":"Article","@id":"https:\/\/sceaux-lagazette.fr\/index.php\/2021\/12\/10\/parler-du-territoire-un-jour-de-pluie\/#article","isPartOf":{"@id":"https:\/\/sceaux-lagazette.fr\/index.php\/2021\/12\/10\/parler-du-territoire-un-jour-de-pluie\/"},"author":{"name":"Maurice Zytnicki","@id":"https:\/\/sceaux-lagazette.fr\/#\/schema\/person\/060ab8fc058c4220d9079707a58da9f1"},"headline":"Parler du territoire, un jour de pluie","datePublished":"2021-12-10T08:30:39+00:00","dateModified":"2022-10-17T16:17:54+00:00","mainEntityOfPage":{"@id":"https:\/\/sceaux-lagazette.fr\/index.php\/2021\/12\/10\/parler-du-territoire-un-jour-de-pluie\/"},"wordCount":1874,"commentCount":2,"publisher":{"@id":"https:\/\/sceaux-lagazette.fr\/#organization"},"image":{"@id":"https:\/\/sceaux-lagazette.fr\/index.php\/2021\/12\/10\/parler-du-territoire-un-jour-de-pluie\/#primaryimage"},"thumbnailUrl":"https:\/\/sceaux-lagazette.fr\/wp-content\/uploads\/2021\/12\/2021-12-04-CATTE3-scaled.jpg","articleSection":["Antony","Vie publique"],"inLanguage":"fr-FR","potentialAction":[{"@type":"CommentAction","name":"Comment","target":["https:\/\/sceaux-lagazette.fr\/index.php\/2021\/12\/10\/parler-du-territoire-un-jour-de-pluie\/#respond"]}]},{"@type":"WebPage","@id":"https:\/\/sceaux-lagazette.fr\/index.php\/2021\/12\/10\/parler-du-territoire-un-jour-de-pluie\/","url":"https:\/\/sceaux-lagazette.fr\/index.php\/2021\/12\/10\/parler-du-territoire-un-jour-de-pluie\/","name":"Parler du territoire, un jour de pluie - La Gazette","isPartOf":{"@id":"https:\/\/sceaux-lagazette.fr\/#website"},"primaryImageOfPage":{"@id":"https:\/\/sceaux-lagazette.fr\/index.php\/2021\/12\/10\/parler-du-territoire-un-jour-de-pluie\/#primaryimage"},"image":{"@id":"https:\/\/sceaux-lagazette.fr\/index.php\/2021\/12\/10\/parler-du-territoire-un-jour-de-pluie\/#primaryimage"},"thumbnailUrl":"https:\/\/sceaux-lagazette.fr\/wp-content\/uploads\/2021\/12\/2021-12-04-CATTE3-scaled.jpg","datePublished":"2021-12-10T08:30:39+00:00","dateModified":"2022-10-17T16:17:54+00:00","breadcrumb":{"@id":"https:\/\/sceaux-lagazette.fr\/index.php\/2021\/12\/10\/parler-du-territoire-un-jour-de-pluie\/#breadcrumb"},"inLanguage":"fr-FR","potentialAction":[{"@type":"ReadAction","target":["https:\/\/sceaux-lagazette.fr\/index.php\/2021\/12\/10\/parler-du-territoire-un-jour-de-pluie\/"]}]},{"@type":"ImageObject","inLanguage":"fr-FR","@id":"https:\/\/sceaux-lagazette.fr\/index.php\/2021\/12\/10\/parler-du-territoire-un-jour-de-pluie\/#primaryimage","url":"https:\/\/sceaux-lagazette.fr\/wp-content\/uploads\/2021\/12\/2021-12-04-CATTE3-scaled.jpg","contentUrl":"https:\/\/sceaux-lagazette.fr\/wp-content\/uploads\/2021\/12\/2021-12-04-CATTE3-scaled.jpg","width":2560,"height":1366},{"@type":"BreadcrumbList","@id":"https:\/\/sceaux-lagazette.fr\/index.php\/2021\/12\/10\/parler-du-territoire-un-jour-de-pluie\/#breadcrumb","itemListElement":[{"@type":"ListItem","position":1,"name":"Accueil","item":"https:\/\/sceaux-lagazette.fr\/"},{"@type":"ListItem","position":2,"name":"Parler du territoire, un jour de pluie"}]},{"@type":"WebSite","@id":"https:\/\/sceaux-lagazette.fr\/#website","url":"https:\/\/sceaux-lagazette.fr\/","name":"La Gazette","description":"Bourg-la-Reine, Ch\u00e2tenay, Fontenay, Sceaux","publisher":{"@id":"https:\/\/sceaux-lagazette.fr\/#organization"},"potentialAction":[{"@type":"SearchAction","target":{"@type":"EntryPoint","urlTemplate":"https:\/\/sceaux-lagazette.fr\/?s={search_term_string}"},"query-input":{"@type":"PropertyValueSpecification","valueRequired":true,"valueName":"search_term_string"}}],"inLanguage":"fr-FR"},{"@type":"Organization","@id":"https:\/\/sceaux-lagazette.fr\/#organization","name":"La Gazette","url":"https:\/\/sceaux-lagazette.fr\/","logo":{"@type":"ImageObject","inLanguage":"fr-FR","@id":"https:\/\/sceaux-lagazette.fr\/#\/schema\/logo\/image\/","url":"https:\/\/sceaux-lagazette.fr\/wp-content\/uploads\/2025\/08\/Logo-Gazette-Aout-2025-V3.jpg","contentUrl":"https:\/\/sceaux-lagazette.fr\/wp-content\/uploads\/2025\/08\/Logo-Gazette-Aout-2025-V3.jpg","width":525,"height":130,"caption":"La Gazette"},"image":{"@id":"https:\/\/sceaux-lagazette.fr\/#\/schema\/logo\/image\/"}},{"@type":"Person","@id":"https:\/\/sceaux-lagazette.fr\/#\/schema\/person\/060ab8fc058c4220d9079707a58da9f1","name":"Maurice Zytnicki","image":{"@type":"ImageObject","inLanguage":"fr-FR","@id":"https:\/\/sceaux-lagazette.fr\/#\/schema\/person\/image\/","url":"https:\/\/secure.gravatar.com\/avatar\/d94d30d6fa0e9cb7af48a89366fc0cdb?s=96&r=g","contentUrl":"https:\/\/secure.gravatar.com\/avatar\/d94d30d6fa0e9cb7af48a89366fc0cdb?s=96&r=g","caption":"Maurice Zytnicki"},"url":"https:\/\/sceaux-lagazette.fr\/index.php\/author\/maurice\/"}]}},"cc_featured_image_caption":{"caption_text":"","source_text":"","source_url":""},"_links":{"self":[{"href":"https:\/\/sceaux-lagazette.fr\/index.php\/wp-json\/wp\/v2\/posts\/5281"}],"collection":[{"href":"https:\/\/sceaux-lagazette.fr\/index.php\/wp-json\/wp\/v2\/posts"}],"about":[{"href":"https:\/\/sceaux-lagazette.fr\/index.php\/wp-json\/wp\/v2\/types\/post"}],"author":[{"embeddable":true,"href":"https:\/\/sceaux-lagazette.fr\/index.php\/wp-json\/wp\/v2\/users\/6"}],"replies":[{"embeddable":true,"href":"https:\/\/sceaux-lagazette.fr\/index.php\/wp-json\/wp\/v2\/comments?post=5281"}],"version-history":[{"count":2,"href":"https:\/\/sceaux-lagazette.fr\/index.php\/wp-json\/wp\/v2\/posts\/5281\/revisions"}],"predecessor-version":[{"id":7737,"href":"https:\/\/sceaux-lagazette.fr\/index.php\/wp-json\/wp\/v2\/posts\/5281\/revisions\/7737"}],"wp:featuredmedia":[{"embeddable":true,"href":"https:\/\/sceaux-lagazette.fr\/index.php\/wp-json\/wp\/v2\/media\/5282"}],"wp:attachment":[{"href":"https:\/\/sceaux-lagazette.fr\/index.php\/wp-json\/wp\/v2\/media?parent=5281"}],"wp:term":[{"taxonomy":"category","embeddable":true,"href":"https:\/\/sceaux-lagazette.fr\/index.php\/wp-json\/wp\/v2\/categories?post=5281"},{"taxonomy":"post_tag","embeddable":true,"href":"https:\/\/sceaux-lagazette.fr\/index.php\/wp-json\/wp\/v2\/tags?post=5281"}],"curies":[{"name":"wp","href":"https:\/\/api.w.org\/{rel}","templated":true}]}}