{"id":5112,"date":"2021-11-22T08:04:08","date_gmt":"2021-11-22T07:04:08","guid":{"rendered":"https:\/\/sceaux-lagazette.fr\/?p=5112"},"modified":"2021-11-25T21:42:15","modified_gmt":"2021-11-25T20:42:15","slug":"reactions-a-propos-de-nos-futurs-energetiques","status":"publish","type":"post","link":"https:\/\/sceaux-lagazette.fr\/index.php\/2021\/11\/22\/reactions-a-propos-de-nos-futurs-energetiques\/","title":{"rendered":"R\u00e9actions \u00e0 propos de nos futurs \u00e9nerg\u00e9tiques"},"content":{"rendered":"\n<p>Lundi 25 octobre, RTE, le gestionnaire du transport \u00e9lectrique publiait son rapport sur les \u00ab&nbsp;futurs \u00e9nerg\u00e9tiques 2050&nbsp;\u00bb. La Gazette en a fait <a href=\"https:\/\/sceaux-lagazette.fr\/index.php\/2021\/10\/29\/dou-viendra-notre-electricite-demain\/\" target=\"_blank\" rel=\"noreferrer noopener\">un bref compte rendu<\/a>.<\/p>\n\n\n\n<p>Ce rapport aborde deux \u00e9l\u00e9ments cl\u00e9s pour notre avenir et celui de nos enfants&nbsp;: la question de l\u2019\u00e9mission des gaz \u00e0 effet de serre d\u2019une part, celle de notre capacit\u00e9 \u00e0 produire dans de bonnes conditions une \u00e9nergie qui est au c\u0153ur de notre mode de vie d\u2019autre part. Rappelons ici \u00e0 quel point nous b\u00e9n\u00e9ficions de l\u2019\u00e9nergie dans tous nos gestes quotidiens. Jean-Marc Jancovici a ainsi calcul\u00e9 que l\u2019\u00e9nergie que nous consommons correspond \u00e0 ce que qu\u2019auraient pu fournir jadis 200 esclaves pour chacun d\u2019entre nous&nbsp;! Pour continuer \u00e0 pouvoir b\u00e9n\u00e9ficier d&rsquo;une \u00e9lectricit\u00e9 toujours disponible, il s&rsquo;agit d&rsquo;investir chaque ann\u00e9e environ 1% du PIB de la France.<\/p>\n\n\n\n<h2 class=\"wp-block-heading\">La r\u00e9action des politiques<\/h2>\n\n\n\n<p>Les r\u00e9actions \u00e0 ce rapport se sont \u00e9tal\u00e9es en trois temps&nbsp;: au moment de sa sortie, apr\u00e8s les d\u00e9clarations de Macron sur la mise en chantier de nouveaux r\u00e9acteurs et enfin \u00e0 l\u2019occasion d\u2019\u00e9v\u00e9nements propres \u00e0 tel ou tel parti (quand un leader intervient dans un m\u00e9dia, pour la primaire LR par exemple). A lire ces r\u00e9actions, le sentiment dominant est que ces politiques n\u2019ont pas lu le rapport (m\u00eame s\u2019ils pr\u00e9tendent en parler, voire s\u2019appuyer sur ses conclusions) et qu\u2019ils n\u2019ont pas chang\u00e9 d\u2019avis.<\/p>\n\n\n\n<h2 class=\"wp-block-heading\">Les \u00e9cologistes<\/h2>\n\n\n\n<p>Yannick Jadot, probablement celui qui donne la plus grande place \u00e0 ces questions dans son programme, a <a rel=\"noreferrer noopener\" href=\"https:\/\/twitter.com\/yjadot\/status\/1452887258282012673\" target=\"_blank\">r\u00e9agi<\/a> d\u00e8s le lendemain de la publication du rapport, \u00e0 l\u2019occasion d\u2019une intervention sur LCI\u00a0:<\/p>\n\n\n\n<p><em>\u00ab&nbsp;Le travail men\u00e9 par RTE d\u00e9montre que le 100% renouvelable est possible. C\u2019est une excellente nouvelle. Mais il existe une manipulation du gouvernement pour pr\u00e9senter les EPR comme in\u00e9luctables, ce qui ne tient pas compte de la ma\u00eetrise des consommations dans les sc\u00e9narios.&nbsp;\u00bb<\/em><\/p>\n\n\n\n<p>Mathieu Orphelin, <a href=\"https:\/\/www.ouest-france.fr\/environnement\/point-de-vue-et-si-on-agissait-pour-notre-autonomie-energetique-95ea8e9a-45f5-11ec-96ae-982a92adf433\" target=\"_blank\" rel=\"noreferrer noopener\">porte-parole de sa campagne<\/a> ajoute&nbsp;:<\/p>\n\n\n\n<p><em>\u00ab&nbsp;Dans notre sc\u00e9nario 100% renouvelable, la consommation d\u2019\u00e9lectricit\u00e9 augmente en 2050, mais \u00e0 543 t\u00e9rawatts-heures [contre 645 TWh pour le sc\u00e9nario de r\u00e9f\u00e9rence RTE], car il y a des leviers de sobri\u00e9t\u00e9 tr\u00e8s concrets \u00e0 utiliser, qui offrent d\u2019ailleurs des avantages pour le pouvoir d\u2019achat \u00bb<\/em><\/p>\n\n\n\n<p>Yannick Jadot continue par ailleurs \u00e0<a rel=\"noreferrer noopener\" href=\"https:\/\/twitter.com\/EnergieEELV\/status\/1460186255107534848\" target=\"_blank\"> affirmer<\/a> que le renouvelable co\u00fbte beaucoup moins cher que le nucl\u00e9aire, alors m\u00eame que le rapport RTE a permis d\u2019estimer le co\u00fbt (important) des installations visant \u00e0 compenser la variabilit\u00e9 subie de ce renouvelable. Manifestement, EELV refuse de prendre ce co\u00fbt en compte. Il am\u00e8ne pourtant, selon RTE, un sur cout total des sc\u00e9narios 100 % renouvelables, de 11 \u00e0 19 milliards par an par rapport au sc\u00e9nario avec 14 nouveaux EPR.<\/p>\n\n\n\n<h2 class=\"wp-block-heading\">Les autres candidats de gauche<\/h2>\n\n\n\n<p>Jean-Luc M\u00e9lenchon avait un moment pris la position d\u2019une fermeture de tout le nucl\u00e9aire au plus vite (en refusant le <a rel=\"noreferrer noopener\" href=\"https:\/\/fr.wikipedia.org\/wiki\/Grand_car%C3%A9nage\" target=\"_blank\">Grand Car\u00e9nage<\/a> dont il estimait le co\u00fbt \u00e0 150 milliards d\u2019euros). Il est un peu revenu sur ces propos pour se d\u00e9clarer (comme Yannick Jadot) <a rel=\"noreferrer noopener\" href=\"https:\/\/twitter.com\/JLMelenchon\/status\/1457819190040145928\" target=\"_blank\">favorable<\/a> au sc\u00e9nario N\u00e9gawatt (100% renouvelable en 2050), et \u00e9voque la sortie totale du nucl\u00e9aire pour 2030. Pour lui, le<a rel=\"noreferrer noopener\" href=\"https:\/\/twitter.com\/JLMelenchon\/status\/1456314545836896263\" target=\"_blank\"> danger principal <\/a>est <a rel=\"noreferrer noopener\" href=\"https:\/\/www.lejdd.fr\/Politique\/tribune-jean-luc-melenchon-eviter-le-black-out-nucleaire-4073754\" target=\"_blank\">le nucl\u00e9aire<\/a>.<\/p>\n\n\n\n<p>De son c\u00f4t\u00e9 Anne Hidalgo<a href=\"https:\/\/twitter.com\/BFMTV\/status\/1453617291803901955\" target=\"_blank\" rel=\"noreferrer noopener\"> estime<\/a> qu\u2019il faut prolonger les centrales nucl\u00e9aires le temps de monter en charge avec le renouvelable, mais refuse la construction de nouveaux EPR. Dans le m\u00eame temps, elle propose de baisser la TVA sur l\u2019\u00e9nergie, mesure qui ne va pas vraiment dans le sens d\u2019une baisse de la consommation.<\/p>\n\n\n\n<p>Fabien Roussel se d\u00e9marque par une position pronucl\u00e9aire constante. Il en est de m\u00eame d\u2019Arnaud Montebourg.<\/p>\n\n\n\n<h2 class=\"wp-block-heading\">Les positions \u00e0 droite<\/h2>\n\n\n\n<p>A droite , la position est de privil\u00e9gier le nucl\u00e9aire, consid\u00e9r\u00e9 comme une technologie ma\u00eetris\u00e9e dans le pays et avantageuse pour une \u00e9conomie d\u00e9carbon\u00e9e. Xavier Bertrand se d\u00e9marque en voulant <a rel=\"noreferrer noopener\" href=\"https:\/\/twitter.com\/xavierbertrand\/status\/1444940913264955392\" target=\"_blank\">arr\u00eater tout nouveau projet \u00e9olien<\/a>, position que Val\u00e9rie P\u00e9cresse ne partage pas. <\/p>\n\n\n\n<h2 class=\"wp-block-heading\">L\u2019extr\u00eame droite<\/h2>\n\n\n\n<p>Marine Le Pen va plus loin<a rel=\"noreferrer noopener\" href=\"https:\/\/twitter.com\/franceinfo\/status\/1460142953800863744\" target=\"_blank\"> en d\u00e9clarant <\/a>le 15 novembre&nbsp;: \u00ab&nbsp;l\u2019objectif est qu\u2019il n\u2019y ait plus d\u2019\u00e9oliennes. La premi\u00e8re chose que je vais faire c&rsquo;est arr\u00eater les chantiers qui sont en cours&nbsp;\u00bb. Elle souhaite m\u00eame rouvrir Fessenheim et relancer le projet Astrid.<\/p>\n\n\n\n<h2 class=\"wp-block-heading\">Le gouvernement<\/h2>\n\n\n\n<p>Emmanuel Macron a d\u00e9clar\u00e9 une relance de la construction de r\u00e9acteurs quelques jours apr\u00e8s la parution du rapport. Si cette d\u00e9cision contraste avec la fermeture des deux r\u00e9acteurs de Fessenheim en 2020, elle va dans le sens de signes multiples donn\u00e9s par le Pr\u00e9sident de la R\u00e9publique depuis un an.<\/p>\n\n\n\n<h2 class=\"wp-block-heading\">La presse<\/h2>\n\n\n\n<p>La presse s\u2019est fait l\u2019\u00e9cho de la publication du rapport. Elle est revenue sur le sujet lors de la d\u00e9claration de Macron sur la construction de r\u00e9acteurs. En g\u00e9n\u00e9ral, elle a pr\u00e9sent\u00e9 le rapport dans sa globalit\u00e9 et ses principaux r\u00e9sultats&nbsp;: <a rel=\"noreferrer noopener\" href=\"https:\/\/www.lemonde.fr\/economie\/article\/2021\/10\/25\/electricite-entre-le-nucleaire-et-les-energies-renouvelables-six-scenarios-pour-2050_6099789_3234.html\" target=\"_blank\">Le Monde<\/a>, <a rel=\"noreferrer noopener\" href=\"https:\/\/www.lefigaro.fr\/societes\/nucleaire-eolien-solaire-ce-qu-il-faut-retenir-du-rapport-tres-attendu-sur-l-avenir-energetique-de-la-france-20211025\" target=\"_blank\">Le Figaro<\/a>, <a rel=\"noreferrer noopener\" href=\"https:\/\/www.lepoint.fr\/environnement\/avenir-energetique-six-scenarios-de-production-possibles-selon-rte-25-10-2021-2449159_1927.php\" target=\"_blank\">Le Point<\/a>, <a rel=\"noreferrer noopener\" href=\"https:\/\/www.humanite.fr\/rapport-rte-electrise-le-mix-energetique-du-futur-725238\" target=\"_blank\">l\u2019Humanit\u00e9<\/a>,  l<a rel=\"noreferrer noopener\" href=\"https:\/\/www.usinenouvelle.com\/article\/anti-eolien-et-anti-nucleaire-renvoyes-dos-a-dos-par-rte-sur-le-mix-electrique-en-2050.N1101494\" target=\"_blank\">\u2019Usine Nouvelle<\/a>, <a rel=\"noreferrer noopener\" href=\"https:\/\/www.liberation.fr\/economie\/neutralite-carbone-pour-rte-le-futur-energetique-passera-par-le-nucleaire-sans-se-passer-des-renouvelables-20211025_QPPONBU2WVCXHLBABRC3WSZ72M\/\" target=\"_blank\">Lib\u00e9ration<\/a>, l<a rel=\"noreferrer noopener\" href=\"https:\/\/www.nouvelobs.com\/ecologie-politique\/20211025.OBS50247\/nucleaire-eoliennes-ce-qu-il-faut-retenir-des-scenarios-energetiques-de-rte.html\" target=\"_blank\">\u2019Obs<\/a>, <a rel=\"noreferrer noopener\" href=\"https:\/\/www.rtl.fr\/actu\/economie-consommation\/quel-futur-pour-l-energie-en-france-7900090308\" target=\"_blank\">RTL<\/a>, <a rel=\"noreferrer noopener\" href=\"https:\/\/www.europe1.fr\/economie\/energies-renouvelables-nucleaire-les-pistes-de-rte-pour-une-neutralite-carbone-4073418\" target=\"_blank\">Europe 1<\/a>, <a rel=\"noreferrer noopener\" href=\"https:\/\/www.franceculture.fr\/emissions\/le-billet-politique\/nucleaire-ou-renouvelables-l-heure-des-choix\" target=\"_blank\">France Culture<\/a>, <a rel=\"noreferrer noopener\" href=\"https:\/\/www.la-croix.com\/Economie\/Electricite-2050-France-aura-besoin-nucleaire-renouvelables-2021-10-25-1201182182\" target=\"_blank\">la Croix<\/a>, <a rel=\"noreferrer noopener\" href=\"https:\/\/www.publicsenat.fr\/article\/debat\/que-faut-il-retenir-du-rapport-de-rte-qui-prevoit-une-neutralite-carbone-en-2050\" target=\"_blank\">Public S\u00e9nat<\/a>\u2026<\/p>\n\n\n\n<p>Quelques-uns ont abord\u00e9 un point particulier&nbsp;: ainsi Marianne <a href=\"https:\/\/www.marianne.net\/societe\/ecologie\/est-il-envisageable-de-demanteler-le-parc-eolien-comme-le-propose-marine-le-pen\" target=\"_blank\" rel=\"noreferrer noopener\">avec la position <\/a>de Marine Le Pen, La Croix <a href=\"https:\/\/www.la-croix.com\/Economie\/Transition-energetique-facture-Francais-augmenterait-peu-2021-10-25-1201182208\" target=\"_blank\" rel=\"noreferrer noopener\">sur la facture d\u2019\u00e9lectricit\u00e9<\/a> des Fran\u00e7ais, Ouest-France <a href=\"https:\/\/www.ouest-france.fr\/environnement\/nucleaire\/la-question-du-jour-approuvez-vous-la-construction-de-nouvelles-centrales-nucleaires-en-france-c0e350d0-4237-11ec-bf34-dccbc8c1efb2\" target=\"_blank\" rel=\"noreferrer noopener\">sur l\u2019implantation de nouveaux r\u00e9acteurs<\/a>. 20 minutes a analys\u00e9 \u00ab&nbsp;<a rel=\"noreferrer noopener\" href=\"https:\/\/www.20minutes.fr\/politique\/3157495-20211027-presidentielle-2022-cache-derriere-sobriete-energetique-defendue-yannick-jadot-jean-luc-melenchon\" target=\"_blank\">ce qui se cache derri\u00e8re la sobri\u00e9t\u00e9 propos\u00e9e par Jadot et M\u00e9lenchon<\/a>&nbsp;\u00bb. Les \u00c9chos ont <a href=\"https:\/\/www.lesechos.fr\/elections\/presidentielle\/le-nucleaire-sujet-surprise-et-clivant-de-la-campagne-presidentielle-1358170\" target=\"_blank\" rel=\"noreferrer noopener\">observ\u00e9 <\/a>comment la question de l\u2019avenir \u00e9lectrique appara\u00eet comme un sujet clivant pour la pr\u00e9sidentielle. L\u2019Usine nouvelle a <a href=\"https:\/\/www.nouvelobs.com\/ecologie-politique\/20211025.OBS50247\/nucleaire-eoliennes-ce-qu-il-faut-retenir-des-scenarios-energetiques-de-rte.html\" target=\"_blank\" rel=\"noreferrer noopener\">expliqu\u00e9<\/a> pourquoi le recours au nucl\u00e9aire est moins cher qu\u2019une solution 100% renouvelable. Le Monde <a href=\"https:\/\/www.lemonde.fr\/politique\/article\/2021\/11\/10\/president-en-zigzag-homme-des-lobbys-nombreuses-reactions-politiques-apres-l-annonce-de-la-relance-du-nucleaire-par-emmanuel-macron_6101627_823448.html\" target=\"_blank\" rel=\"noreferrer noopener\">a r\u00e9agi<\/a> aux annonces de Macron sur le sujet. France Inter a abord\u00e9<a href=\"https:\/\/www.franceinter.fr\/economie\/le-nucleaire-beaucoup-plus-cher-que-le-renouvelable-yannick-jadot-dit-il-vrai\" target=\"_blank\" rel=\"noreferrer noopener\"> la question du co\u00fbt compar\u00e9<\/a> du renouvelable et du nucl\u00e9aire. Sur cette antenne, Thomas Legrand propose son <a rel=\"noreferrer noopener\" href=\"https:\/\/www.franceinter.fr\/emissions\/l-edito-politique\/l-edito-politique-du-mercredi-27-octobre-2021\" target=\"_blank\">analyse politique<\/a>.<\/p>\n\n\n\n<h2 class=\"wp-block-heading\">La Cour des comptes<\/h2>\n\n\n\n<p>La Cour des comptes a publi\u00e9 le 18 novembre <a href=\"https:\/\/www.ccomptes.fr\/fr\/documents\/57738\" target=\"_blank\" rel=\"noreferrer noopener\">un document<\/a> de quelques dizaines de pages qui pose de mani\u00e8re g\u00e9n\u00e9rale le probl\u00e8me. Elle pr\u00e9sente l\u2019urgence de prendre des d\u00e9cisions sur le sujet. Interrog\u00e9 sur Europe1, son pr\u00e9sident, Pierre Moscovici, <a href=\"https:\/\/www.europe1.fr\/economie\/nucleaire-la-cour-des-comptes-preconise-un-scenario-de-25-a-30-reacteurs-4077706#utm_term=Autofeed&amp;utm_medium=Social&amp;xtor=CS1-16&amp;utm_source=Twitter&amp;Echobox=1637224673\" target=\"_blank\" rel=\"noreferrer noopener\">propose un sc\u00e9nario <\/a>avec 25 \u00e0 30 r\u00e9acteurs nucl\u00e9aires. A noter que la Cour des comptes envisage une augmentation de 35% des besoins, quand RTE l\u2019estime \u00e0 20%<\/p>\n\n\n\n<h2 class=\"wp-block-heading\">Les techniciens<\/h2>\n\n\n\n<p>Sur les r\u00e9seaux sociaux, des vulgarisateurs se sont progressivement conna\u00eetre sur le sujet de l\u2019\u00e9nergie ou du nucl\u00e9aire. On citera notamment<a href=\"https:\/\/www.linkedin.com\/pulse\/le-prix-du-p%C3%A9trole-impose-dacc%C3%A9l%C3%A9rer-la-d%C3%A9carbonation-maxence-cordiez\/\" target=\"_blank\" rel=\"noreferrer noopener\"> Maxence Cordier<\/a>, <a href=\"https:\/\/www.lepoint.fr\/economie\/nucleaire-eolien-et-solaire-quel-sera-le-visage-de-la-france-en-2050--27-10-2021-2449614_28.php\" target=\"_blank\" rel=\"noreferrer noopener\">Nicolas Goldberg<\/a>, <a href=\"https:\/\/doseequivalentbanana.home.blog\/\" target=\"_blank\" rel=\"noreferrer noopener\">Tristan Kamin<\/a>, <a href=\"https:\/\/www.youtube.com\/c\/LeR%C3%A9veilleur\/about\" target=\"_blank\" rel=\"noreferrer noopener\">Rodolphe Meyer<\/a>, <a href=\"https:\/\/twitter.com\/Mangeon4\" target=\"_blank\" rel=\"noreferrer noopener\">Michel Mangeon<\/a>, il y en a d\u2019autres. Ceux-l\u00e0 ont lu attentivement le rapport. Ils le trouvent particuli\u00e8rement riche et document\u00e9 (ce qui ne veut pas dire qu\u2019ils sont pour autant d\u2019accord sur tout) et y voient un document de r\u00e9f\u00e9rence. Ils partagent g\u00e9n\u00e9ralement le sens des conclusions&nbsp;: la plupart d\u2019entre eux estiment que la priorit\u00e9 est de r\u00e9duire l\u2019utilisation des combustibles fossiles (qui \u00e9mettent des GES). Pour cela, il ne s\u2019agit pas de choisir entre nucl\u00e9aire et renouvelables, mais de s\u2019appuyer sur les deux.<\/p>\n\n\n\n<p>On trouve chez d\u2019autres intervenants des remarques sur deux points&nbsp;: le gain attendu de la sobri\u00e9t\u00e9 et l\u2019\u00e9valuation des besoins \u00e9lectriques.<\/p>\n\n\n\n<p>Sur la sobri\u00e9t\u00e9, l\u2019objectif d\u2019une r\u00e9duction de la consommation (par la sobri\u00e9t\u00e9, mais aussi l\u2019efficacit\u00e9 \u00e9nerg\u00e9tique) para\u00eet d\u2019autant plus ambitieux que l\u2019ann\u00e9e de r\u00e9f\u00e9rence est 2020, ann\u00e9e de sous consommation \u00e0 cause du Covid.<\/p>\n\n\n\n<p>Sur l\u2019\u00e9valuation des besoins, un commentateur remarque que d\u2019autres pays pr\u00e9voient une augmentation beaucoup plus forte de leur consommation, comme le montre le graphique ci-dessous, issu du rapport RTE. Il consid\u00e8re que sur le sujet, les Pays-Bas et le Royaume-Uni (qui ont selon lui l\u2019approche la moins id\u00e9ologique) pr\u00e9voient de tr\u00e8s fortes augmentations des besoins. <\/p>\n\n\n\n<figure class=\"wp-block-image size-large\"><img decoding=\"async\" width=\"845\" height=\"454\" src=\"https:\/\/sceaux-lagazette.fr\/wp-content\/uploads\/2021\/11\/Besoins-\u00e9lectricit\u00e9-Europe-rapport-RTE.png\" alt=\"\" class=\"wp-image-5126\" srcset=\"https:\/\/sceaux-lagazette.fr\/wp-content\/uploads\/2021\/11\/Besoins-\u00e9lectricit\u00e9-Europe-rapport-RTE.png 845w, https:\/\/sceaux-lagazette.fr\/wp-content\/uploads\/2021\/11\/Besoins-\u00e9lectricit\u00e9-Europe-rapport-RTE-300x161.png 300w, https:\/\/sceaux-lagazette.fr\/wp-content\/uploads\/2021\/11\/Besoins-\u00e9lectricit\u00e9-Europe-rapport-RTE-768x413.png 768w\" sizes=\"(max-width: 845px) 100vw, 845px\" \/><\/figure>\n\n\n\n<p><a rel=\"noreferrer noopener\" href=\"https:\/\/twitter.com\/maxcordiez\/status\/1460282339028873218\" target=\"_blank\">Pour Maxence Cordier<\/a>, un des experts du domaine, \u00ab&nbsp;<em>en 2021, la plupart des candidats \u00e0 l&rsquo;\u00e9lection pr\u00e9sidentielle (encore heureux, pas tous&#8230;) n&rsquo;ont pas encore compris que l&rsquo;urgence absolue pour le climat et notre s\u00e9curit\u00e9 \u00e9nerg\u00e9tique est de sortir de fa\u00e7on organis\u00e9e des combustibles fossiles<\/em>.&nbsp;\u00bb Faut-il suivre ce jugement dans toutes ses cons\u00e9quences&nbsp;?<\/p>\n","protected":false},"excerpt":{"rendered":"<p>Lundi 25 octobre, RTE, le gestionnaire du transport \u00e9lectrique publiait son rapport sur les \u00ab&nbsp;futurs \u00e9nerg\u00e9tiques 2050&nbsp;\u00bb. La Gazette en a fait un bref compte rendu. Ce rapport aborde deux \u00e9l\u00e9ments cl\u00e9s pour notre avenir et celui de nos enfants&nbsp;: la question de l\u2019\u00e9mission des gaz \u00e0 effet de serre&#8230;<\/p>\n","protected":false},"author":11,"featured_media":5123,"comment_status":"open","ping_status":"open","sticky":false,"template":"","format":"standard","meta":{"om_disable_all_campaigns":false,"_monsterinsights_skip_tracking":false,"_monsterinsights_sitenote_active":false,"_monsterinsights_sitenote_note":"","_monsterinsights_sitenote_category":0,"_uf_show_specific_survey":0,"_uf_disable_surveys":false,"footnotes":""},"categories":[53],"tags":[],"class_list":["post-5112","post","type-post","status-publish","format-standard","has-post-thumbnail","hentry","category-analyses","entry","simple"],"yoast_head":"<!-- This site is optimized with the Yoast SEO plugin v25.6 - https:\/\/yoast.com\/wordpress\/plugins\/seo\/ -->\n<title>R\u00e9actions \u00e0 propos de nos futurs \u00e9nerg\u00e9tiques - La Gazette<\/title>\n<meta name=\"robots\" content=\"index, follow, max-snippet:-1, max-image-preview:large, max-video-preview:-1\" \/>\n<link rel=\"canonical\" href=\"https:\/\/sceaux-lagazette.fr\/index.php\/2021\/11\/22\/reactions-a-propos-de-nos-futurs-energetiques\/\" \/>\n<meta property=\"og:locale\" content=\"fr_FR\" \/>\n<meta property=\"og:type\" content=\"article\" \/>\n<meta property=\"og:title\" content=\"R\u00e9actions \u00e0 propos de nos futurs \u00e9nerg\u00e9tiques - La Gazette\" \/>\n<meta property=\"og:description\" content=\"Lundi 25 octobre, RTE, le gestionnaire du transport \u00e9lectrique publiait son rapport sur les \u00ab&nbsp;futurs \u00e9nerg\u00e9tiques 2050&nbsp;\u00bb. La Gazette en a fait un bref compte rendu. Ce rapport aborde deux \u00e9l\u00e9ments cl\u00e9s pour notre avenir et celui de nos enfants&nbsp;: la question de l\u2019\u00e9mission des gaz \u00e0 effet de serre&#8230;\" \/>\n<meta property=\"og:url\" content=\"https:\/\/sceaux-lagazette.fr\/index.php\/2021\/11\/22\/reactions-a-propos-de-nos-futurs-energetiques\/\" \/>\n<meta property=\"og:site_name\" content=\"La Gazette\" \/>\n<meta property=\"article:published_time\" content=\"2021-11-22T07:04:08+00:00\" \/>\n<meta property=\"article:modified_time\" content=\"2021-11-25T20:42:15+00:00\" \/>\n<meta property=\"og:image\" content=\"https:\/\/sceaux-lagazette.fr\/wp-content\/uploads\/2021\/11\/ligne-haute-tension-banque-d-images-et-photos-gratuites-libres-de-droits-t\u00e9l\u00e9chargement-gratuits-144-174-1560x1040-1.jpg\" \/>\n\t<meta property=\"og:image:width\" content=\"1560\" \/>\n\t<meta property=\"og:image:height\" content=\"1040\" \/>\n\t<meta property=\"og:image:type\" content=\"image\/jpeg\" \/>\n<meta name=\"author\" content=\"G\u00e9rard Bardier\" \/>\n<meta name=\"twitter:card\" content=\"summary_large_image\" \/>\n<meta name=\"twitter:label1\" content=\"\u00c9crit par\" \/>\n\t<meta name=\"twitter:data1\" content=\"G\u00e9rard Bardier\" \/>\n\t<meta name=\"twitter:label2\" content=\"Dur\u00e9e de lecture estim\u00e9e\" \/>\n\t<meta name=\"twitter:data2\" content=\"7 minutes\" \/>\n<script type=\"application\/ld+json\" class=\"yoast-schema-graph\">{\"@context\":\"https:\/\/schema.org\",\"@graph\":[{\"@type\":\"Article\",\"@id\":\"https:\/\/sceaux-lagazette.fr\/index.php\/2021\/11\/22\/reactions-a-propos-de-nos-futurs-energetiques\/#article\",\"isPartOf\":{\"@id\":\"https:\/\/sceaux-lagazette.fr\/index.php\/2021\/11\/22\/reactions-a-propos-de-nos-futurs-energetiques\/\"},\"author\":{\"name\":\"G\u00e9rard Bardier\",\"@id\":\"https:\/\/sceaux-lagazette.fr\/#\/schema\/person\/5650e206a121f68c6f5e76379bccfbc4\"},\"headline\":\"R\u00e9actions \u00e0 propos de nos futurs \u00e9nerg\u00e9tiques\",\"datePublished\":\"2021-11-22T07:04:08+00:00\",\"dateModified\":\"2021-11-25T20:42:15+00:00\",\"mainEntityOfPage\":{\"@id\":\"https:\/\/sceaux-lagazette.fr\/index.php\/2021\/11\/22\/reactions-a-propos-de-nos-futurs-energetiques\/\"},\"wordCount\":1432,\"commentCount\":0,\"publisher\":{\"@id\":\"https:\/\/sceaux-lagazette.fr\/#organization\"},\"image\":{\"@id\":\"https:\/\/sceaux-lagazette.fr\/index.php\/2021\/11\/22\/reactions-a-propos-de-nos-futurs-energetiques\/#primaryimage\"},\"thumbnailUrl\":\"https:\/\/sceaux-lagazette.fr\/wp-content\/uploads\/2021\/11\/ligne-haute-tension-banque-d-images-et-photos-gratuites-libres-de-droits-t\u00e9l\u00e9chargement-gratuits-144-174-1560x1040-1.jpg\",\"articleSection\":[\"Analyses\"],\"inLanguage\":\"fr-FR\",\"potentialAction\":[{\"@type\":\"CommentAction\",\"name\":\"Comment\",\"target\":[\"https:\/\/sceaux-lagazette.fr\/index.php\/2021\/11\/22\/reactions-a-propos-de-nos-futurs-energetiques\/#respond\"]}]},{\"@type\":\"WebPage\",\"@id\":\"https:\/\/sceaux-lagazette.fr\/index.php\/2021\/11\/22\/reactions-a-propos-de-nos-futurs-energetiques\/\",\"url\":\"https:\/\/sceaux-lagazette.fr\/index.php\/2021\/11\/22\/reactions-a-propos-de-nos-futurs-energetiques\/\",\"name\":\"R\u00e9actions \u00e0 propos de nos futurs \u00e9nerg\u00e9tiques - La Gazette\",\"isPartOf\":{\"@id\":\"https:\/\/sceaux-lagazette.fr\/#website\"},\"primaryImageOfPage\":{\"@id\":\"https:\/\/sceaux-lagazette.fr\/index.php\/2021\/11\/22\/reactions-a-propos-de-nos-futurs-energetiques\/#primaryimage\"},\"image\":{\"@id\":\"https:\/\/sceaux-lagazette.fr\/index.php\/2021\/11\/22\/reactions-a-propos-de-nos-futurs-energetiques\/#primaryimage\"},\"thumbnailUrl\":\"https:\/\/sceaux-lagazette.fr\/wp-content\/uploads\/2021\/11\/ligne-haute-tension-banque-d-images-et-photos-gratuites-libres-de-droits-t\u00e9l\u00e9chargement-gratuits-144-174-1560x1040-1.jpg\",\"datePublished\":\"2021-11-22T07:04:08+00:00\",\"dateModified\":\"2021-11-25T20:42:15+00:00\",\"breadcrumb\":{\"@id\":\"https:\/\/sceaux-lagazette.fr\/index.php\/2021\/11\/22\/reactions-a-propos-de-nos-futurs-energetiques\/#breadcrumb\"},\"inLanguage\":\"fr-FR\",\"potentialAction\":[{\"@type\":\"ReadAction\",\"target\":[\"https:\/\/sceaux-lagazette.fr\/index.php\/2021\/11\/22\/reactions-a-propos-de-nos-futurs-energetiques\/\"]}]},{\"@type\":\"ImageObject\",\"inLanguage\":\"fr-FR\",\"@id\":\"https:\/\/sceaux-lagazette.fr\/index.php\/2021\/11\/22\/reactions-a-propos-de-nos-futurs-energetiques\/#primaryimage\",\"url\":\"https:\/\/sceaux-lagazette.fr\/wp-content\/uploads\/2021\/11\/ligne-haute-tension-banque-d-images-et-photos-gratuites-libres-de-droits-t\u00e9l\u00e9chargement-gratuits-144-174-1560x1040-1.jpg\",\"contentUrl\":\"https:\/\/sceaux-lagazette.fr\/wp-content\/uploads\/2021\/11\/ligne-haute-tension-banque-d-images-et-photos-gratuites-libres-de-droits-t\u00e9l\u00e9chargement-gratuits-144-174-1560x1040-1.jpg\",\"width\":1560,\"height\":1040},{\"@type\":\"BreadcrumbList\",\"@id\":\"https:\/\/sceaux-lagazette.fr\/index.php\/2021\/11\/22\/reactions-a-propos-de-nos-futurs-energetiques\/#breadcrumb\",\"itemListElement\":[{\"@type\":\"ListItem\",\"position\":1,\"name\":\"Accueil\",\"item\":\"https:\/\/sceaux-lagazette.fr\/\"},{\"@type\":\"ListItem\",\"position\":2,\"name\":\"R\u00e9actions \u00e0 propos de nos futurs \u00e9nerg\u00e9tiques\"}]},{\"@type\":\"WebSite\",\"@id\":\"https:\/\/sceaux-lagazette.fr\/#website\",\"url\":\"https:\/\/sceaux-lagazette.fr\/\",\"name\":\"La Gazette\",\"description\":\"Bourg-la-Reine, Ch\u00e2tenay, Fontenay, Sceaux\",\"publisher\":{\"@id\":\"https:\/\/sceaux-lagazette.fr\/#organization\"},\"potentialAction\":[{\"@type\":\"SearchAction\",\"target\":{\"@type\":\"EntryPoint\",\"urlTemplate\":\"https:\/\/sceaux-lagazette.fr\/?s={search_term_string}\"},\"query-input\":{\"@type\":\"PropertyValueSpecification\",\"valueRequired\":true,\"valueName\":\"search_term_string\"}}],\"inLanguage\":\"fr-FR\"},{\"@type\":\"Organization\",\"@id\":\"https:\/\/sceaux-lagazette.fr\/#organization\",\"name\":\"La Gazette\",\"url\":\"https:\/\/sceaux-lagazette.fr\/\",\"logo\":{\"@type\":\"ImageObject\",\"inLanguage\":\"fr-FR\",\"@id\":\"https:\/\/sceaux-lagazette.fr\/#\/schema\/logo\/image\/\",\"url\":\"https:\/\/sceaux-lagazette.fr\/wp-content\/uploads\/2025\/08\/Logo-Gazette-Aout-2025-V3.jpg\",\"contentUrl\":\"https:\/\/sceaux-lagazette.fr\/wp-content\/uploads\/2025\/08\/Logo-Gazette-Aout-2025-V3.jpg\",\"width\":525,\"height\":130,\"caption\":\"La Gazette\"},\"image\":{\"@id\":\"https:\/\/sceaux-lagazette.fr\/#\/schema\/logo\/image\/\"}},{\"@type\":\"Person\",\"@id\":\"https:\/\/sceaux-lagazette.fr\/#\/schema\/person\/5650e206a121f68c6f5e76379bccfbc4\",\"name\":\"G\u00e9rard Bardier\",\"image\":{\"@type\":\"ImageObject\",\"inLanguage\":\"fr-FR\",\"@id\":\"https:\/\/sceaux-lagazette.fr\/#\/schema\/person\/image\/\",\"url\":\"https:\/\/secure.gravatar.com\/avatar\/5cf4391ef9dbc0367750202561279a29?s=96&r=g\",\"contentUrl\":\"https:\/\/secure.gravatar.com\/avatar\/5cf4391ef9dbc0367750202561279a29?s=96&r=g\",\"caption\":\"G\u00e9rard Bardier\"},\"url\":\"https:\/\/sceaux-lagazette.fr\/index.php\/author\/gb\/\"}]}<\/script>\n<!-- \/ Yoast SEO plugin. -->","yoast_head_json":{"title":"R\u00e9actions \u00e0 propos de nos futurs \u00e9nerg\u00e9tiques - La Gazette","robots":{"index":"index","follow":"follow","max-snippet":"max-snippet:-1","max-image-preview":"max-image-preview:large","max-video-preview":"max-video-preview:-1"},"canonical":"https:\/\/sceaux-lagazette.fr\/index.php\/2021\/11\/22\/reactions-a-propos-de-nos-futurs-energetiques\/","og_locale":"fr_FR","og_type":"article","og_title":"R\u00e9actions \u00e0 propos de nos futurs \u00e9nerg\u00e9tiques - La Gazette","og_description":"Lundi 25 octobre, RTE, le gestionnaire du transport \u00e9lectrique publiait son rapport sur les \u00ab&nbsp;futurs \u00e9nerg\u00e9tiques 2050&nbsp;\u00bb. La Gazette en a fait un bref compte rendu. Ce rapport aborde deux \u00e9l\u00e9ments cl\u00e9s pour notre avenir et celui de nos enfants&nbsp;: la question de l\u2019\u00e9mission des gaz \u00e0 effet de serre&#8230;","og_url":"https:\/\/sceaux-lagazette.fr\/index.php\/2021\/11\/22\/reactions-a-propos-de-nos-futurs-energetiques\/","og_site_name":"La Gazette","article_published_time":"2021-11-22T07:04:08+00:00","article_modified_time":"2021-11-25T20:42:15+00:00","og_image":[{"width":1560,"height":1040,"url":"https:\/\/sceaux-lagazette.fr\/wp-content\/uploads\/2021\/11\/ligne-haute-tension-banque-d-images-et-photos-gratuites-libres-de-droits-t\u00e9l\u00e9chargement-gratuits-144-174-1560x1040-1.jpg","type":"image\/jpeg"}],"author":"G\u00e9rard Bardier","twitter_card":"summary_large_image","twitter_misc":{"\u00c9crit par":"G\u00e9rard Bardier","Dur\u00e9e de lecture estim\u00e9e":"7 minutes"},"schema":{"@context":"https:\/\/schema.org","@graph":[{"@type":"Article","@id":"https:\/\/sceaux-lagazette.fr\/index.php\/2021\/11\/22\/reactions-a-propos-de-nos-futurs-energetiques\/#article","isPartOf":{"@id":"https:\/\/sceaux-lagazette.fr\/index.php\/2021\/11\/22\/reactions-a-propos-de-nos-futurs-energetiques\/"},"author":{"name":"G\u00e9rard Bardier","@id":"https:\/\/sceaux-lagazette.fr\/#\/schema\/person\/5650e206a121f68c6f5e76379bccfbc4"},"headline":"R\u00e9actions \u00e0 propos de nos futurs \u00e9nerg\u00e9tiques","datePublished":"2021-11-22T07:04:08+00:00","dateModified":"2021-11-25T20:42:15+00:00","mainEntityOfPage":{"@id":"https:\/\/sceaux-lagazette.fr\/index.php\/2021\/11\/22\/reactions-a-propos-de-nos-futurs-energetiques\/"},"wordCount":1432,"commentCount":0,"publisher":{"@id":"https:\/\/sceaux-lagazette.fr\/#organization"},"image":{"@id":"https:\/\/sceaux-lagazette.fr\/index.php\/2021\/11\/22\/reactions-a-propos-de-nos-futurs-energetiques\/#primaryimage"},"thumbnailUrl":"https:\/\/sceaux-lagazette.fr\/wp-content\/uploads\/2021\/11\/ligne-haute-tension-banque-d-images-et-photos-gratuites-libres-de-droits-t\u00e9l\u00e9chargement-gratuits-144-174-1560x1040-1.jpg","articleSection":["Analyses"],"inLanguage":"fr-FR","potentialAction":[{"@type":"CommentAction","name":"Comment","target":["https:\/\/sceaux-lagazette.fr\/index.php\/2021\/11\/22\/reactions-a-propos-de-nos-futurs-energetiques\/#respond"]}]},{"@type":"WebPage","@id":"https:\/\/sceaux-lagazette.fr\/index.php\/2021\/11\/22\/reactions-a-propos-de-nos-futurs-energetiques\/","url":"https:\/\/sceaux-lagazette.fr\/index.php\/2021\/11\/22\/reactions-a-propos-de-nos-futurs-energetiques\/","name":"R\u00e9actions \u00e0 propos de nos futurs \u00e9nerg\u00e9tiques - La Gazette","isPartOf":{"@id":"https:\/\/sceaux-lagazette.fr\/#website"},"primaryImageOfPage":{"@id":"https:\/\/sceaux-lagazette.fr\/index.php\/2021\/11\/22\/reactions-a-propos-de-nos-futurs-energetiques\/#primaryimage"},"image":{"@id":"https:\/\/sceaux-lagazette.fr\/index.php\/2021\/11\/22\/reactions-a-propos-de-nos-futurs-energetiques\/#primaryimage"},"thumbnailUrl":"https:\/\/sceaux-lagazette.fr\/wp-content\/uploads\/2021\/11\/ligne-haute-tension-banque-d-images-et-photos-gratuites-libres-de-droits-t\u00e9l\u00e9chargement-gratuits-144-174-1560x1040-1.jpg","datePublished":"2021-11-22T07:04:08+00:00","dateModified":"2021-11-25T20:42:15+00:00","breadcrumb":{"@id":"https:\/\/sceaux-lagazette.fr\/index.php\/2021\/11\/22\/reactions-a-propos-de-nos-futurs-energetiques\/#breadcrumb"},"inLanguage":"fr-FR","potentialAction":[{"@type":"ReadAction","target":["https:\/\/sceaux-lagazette.fr\/index.php\/2021\/11\/22\/reactions-a-propos-de-nos-futurs-energetiques\/"]}]},{"@type":"ImageObject","inLanguage":"fr-FR","@id":"https:\/\/sceaux-lagazette.fr\/index.php\/2021\/11\/22\/reactions-a-propos-de-nos-futurs-energetiques\/#primaryimage","url":"https:\/\/sceaux-lagazette.fr\/wp-content\/uploads\/2021\/11\/ligne-haute-tension-banque-d-images-et-photos-gratuites-libres-de-droits-t\u00e9l\u00e9chargement-gratuits-144-174-1560x1040-1.jpg","contentUrl":"https:\/\/sceaux-lagazette.fr\/wp-content\/uploads\/2021\/11\/ligne-haute-tension-banque-d-images-et-photos-gratuites-libres-de-droits-t\u00e9l\u00e9chargement-gratuits-144-174-1560x1040-1.jpg","width":1560,"height":1040},{"@type":"BreadcrumbList","@id":"https:\/\/sceaux-lagazette.fr\/index.php\/2021\/11\/22\/reactions-a-propos-de-nos-futurs-energetiques\/#breadcrumb","itemListElement":[{"@type":"ListItem","position":1,"name":"Accueil","item":"https:\/\/sceaux-lagazette.fr\/"},{"@type":"ListItem","position":2,"name":"R\u00e9actions \u00e0 propos de nos futurs \u00e9nerg\u00e9tiques"}]},{"@type":"WebSite","@id":"https:\/\/sceaux-lagazette.fr\/#website","url":"https:\/\/sceaux-lagazette.fr\/","name":"La Gazette","description":"Bourg-la-Reine, Ch\u00e2tenay, Fontenay, Sceaux","publisher":{"@id":"https:\/\/sceaux-lagazette.fr\/#organization"},"potentialAction":[{"@type":"SearchAction","target":{"@type":"EntryPoint","urlTemplate":"https:\/\/sceaux-lagazette.fr\/?s={search_term_string}"},"query-input":{"@type":"PropertyValueSpecification","valueRequired":true,"valueName":"search_term_string"}}],"inLanguage":"fr-FR"},{"@type":"Organization","@id":"https:\/\/sceaux-lagazette.fr\/#organization","name":"La Gazette","url":"https:\/\/sceaux-lagazette.fr\/","logo":{"@type":"ImageObject","inLanguage":"fr-FR","@id":"https:\/\/sceaux-lagazette.fr\/#\/schema\/logo\/image\/","url":"https:\/\/sceaux-lagazette.fr\/wp-content\/uploads\/2025\/08\/Logo-Gazette-Aout-2025-V3.jpg","contentUrl":"https:\/\/sceaux-lagazette.fr\/wp-content\/uploads\/2025\/08\/Logo-Gazette-Aout-2025-V3.jpg","width":525,"height":130,"caption":"La Gazette"},"image":{"@id":"https:\/\/sceaux-lagazette.fr\/#\/schema\/logo\/image\/"}},{"@type":"Person","@id":"https:\/\/sceaux-lagazette.fr\/#\/schema\/person\/5650e206a121f68c6f5e76379bccfbc4","name":"G\u00e9rard Bardier","image":{"@type":"ImageObject","inLanguage":"fr-FR","@id":"https:\/\/sceaux-lagazette.fr\/#\/schema\/person\/image\/","url":"https:\/\/secure.gravatar.com\/avatar\/5cf4391ef9dbc0367750202561279a29?s=96&r=g","contentUrl":"https:\/\/secure.gravatar.com\/avatar\/5cf4391ef9dbc0367750202561279a29?s=96&r=g","caption":"G\u00e9rard Bardier"},"url":"https:\/\/sceaux-lagazette.fr\/index.php\/author\/gb\/"}]}},"cc_featured_image_caption":{"caption_text":false,"source_text":false,"source_url":false},"_links":{"self":[{"href":"https:\/\/sceaux-lagazette.fr\/index.php\/wp-json\/wp\/v2\/posts\/5112"}],"collection":[{"href":"https:\/\/sceaux-lagazette.fr\/index.php\/wp-json\/wp\/v2\/posts"}],"about":[{"href":"https:\/\/sceaux-lagazette.fr\/index.php\/wp-json\/wp\/v2\/types\/post"}],"author":[{"embeddable":true,"href":"https:\/\/sceaux-lagazette.fr\/index.php\/wp-json\/wp\/v2\/users\/11"}],"replies":[{"embeddable":true,"href":"https:\/\/sceaux-lagazette.fr\/index.php\/wp-json\/wp\/v2\/comments?post=5112"}],"version-history":[{"count":12,"href":"https:\/\/sceaux-lagazette.fr\/index.php\/wp-json\/wp\/v2\/posts\/5112\/revisions"}],"predecessor-version":[{"id":5177,"href":"https:\/\/sceaux-lagazette.fr\/index.php\/wp-json\/wp\/v2\/posts\/5112\/revisions\/5177"}],"wp:featuredmedia":[{"embeddable":true,"href":"https:\/\/sceaux-lagazette.fr\/index.php\/wp-json\/wp\/v2\/media\/5123"}],"wp:attachment":[{"href":"https:\/\/sceaux-lagazette.fr\/index.php\/wp-json\/wp\/v2\/media?parent=5112"}],"wp:term":[{"taxonomy":"category","embeddable":true,"href":"https:\/\/sceaux-lagazette.fr\/index.php\/wp-json\/wp\/v2\/categories?post=5112"},{"taxonomy":"post_tag","embeddable":true,"href":"https:\/\/sceaux-lagazette.fr\/index.php\/wp-json\/wp\/v2\/tags?post=5112"}],"curies":[{"name":"wp","href":"https:\/\/api.w.org\/{rel}","templated":true}]}}