{"id":4885,"date":"2021-10-25T09:00:29","date_gmt":"2021-10-25T07:00:29","guid":{"rendered":"https:\/\/sceaux-lagazette.fr\/?p=4885"},"modified":"2023-05-01T18:39:38","modified_gmt":"2023-05-01T16:39:38","slug":"conseil-municipal-au-quartier-des-blagis","status":"publish","type":"post","link":"https:\/\/sceaux-lagazette.fr\/index.php\/2021\/10\/25\/conseil-municipal-au-quartier-des-blagis\/","title":{"rendered":"Conseil municipal au quartier des Blagis"},"content":{"rendered":"\n<p>Le 16 octobre, le conseil municipal a quitt\u00e9 la mairie pour se d\u00e9porter (se d\u00e9centraliser a-t-on pu entendre) vers le gymnase des Blagis. Et c\u2019est dans une vaste salle compl\u00e8tement recouverte de lattes de bois de quelque quatre centim\u00e8tres de large sur deux bons centim\u00e8tres d\u2019\u00e9paisseur, avec des buts de hand-ball rabattus et coll\u00e9s sur des murs oppos\u00e9s, des paniers de basket ramen\u00e9s vers le plafond, qu\u2019ont \u00e9t\u00e9 dress\u00e9es nombre de tables pour accueillir les 33 conseillers et leurs invit\u00e9s.<\/p>\n\n\n\n<p>Car il y eut des invit\u00e9s et non des moindres. Le <a href=\"https:\/\/www.facebook.com\/Ville-de-Sceaux-135863343145565\/\">site Facebook de la ville<\/a> nous les liste: <em>Georges Siffredi, pr\u00e9sident du d\u00e9partement des Hauts-de-Seine; Damien Vanoverschelde, directeur g\u00e9n\u00e9ral de Hauts-de-Seine Habitat; Sandrine Auclair, directrice de Sceaux Bourg-la-Reine Habitat; le Commissaire de police de Ch\u00e2tenay-Malabry; St\u00e9phane Ducout, DG adjoint de Vall\u00e9e Sud-Grand Paris; Bernard Deljarrie, administrateur du CSCB; S\u00e9verine Bouisset, directrice des G\u00e9meaux<\/em>.<\/p>\n\n\n\n<p>C\u2019est dire combien Philippe Laurent et sa majorit\u00e9 s\u2019\u00e9taient efforc\u00e9s de donner le plus large \u00e9cho \u00e0 leur politique de d\u00e9veloppement du quartier. Evidemment, l\u2019opposition (une partie du moins) y vit une op\u00e9ration de com\u2019, ce qui est ind\u00e9niable (toute information publique est une com\u2019), mais pour en r\u00e9duire le contenu \u00e0 une simple\u2026 manipulation.<\/p>\n\n\n\n<p>Justement, le contenu, quel fut-il&nbsp;? La cr\u00e9ation d\u2019une agence postale communale, la cr\u00e9ation d\u2019une <a href=\"https:\/\/www.gouvernement.fr\/2-000-maisons-france-services-d-ici-a-2022\">maison France Services<\/a> qui fera l\u2019interface avec des organismes comme la CAF, les Imp\u00f4ts, l\u2019Assurance maladie, l\u2019Assurance vieillesse ou P\u00f4le emploi. Ce furent aussi des attentes de la municipalit\u00e9 en direction de l\u2019Etat pour la s\u00e9curit\u00e9, l\u2019accompagnement scolaire, la r\u00e9novation \u00e9nerg\u00e9tique&nbsp;; du d\u00e9partement sur des aspects financiers&nbsp;; de Hauts-de-Seine Habitat pour la r\u00e9novation du centre commercial et du parc de logements, de Sceaux-BLR Habitat pour la r\u00e9novation \u00e9galement&nbsp;; de VSGP pour l\u2019am\u00e9lioration des transports en commun&nbsp;; du CSCB pour le d\u00e9veloppement de son action culturelle et sociale&nbsp;; des G\u00e9meaux enfin pour son ouverture \u00e0 de nouveaux publics.<\/p>\n\n\n\n<p>Ainsi s&rsquo;est d\u00e9gag\u00e9 une sorte de r\u00e9seaux d\u2019acteurs que Philippe Laurent compte mobiliser pour redynamiser le quartier, y am\u00e9liorer la s\u00e9curit\u00e9 et les transports, lui donner une attractivit\u00e9 qui semble lui faire d\u00e9faut (\u00e0 moins qu\u2019elle ne soit sous-estim\u00e9e). Attractivit\u00e9 qu\u2019on comprend comme une articulation entre des r\u00e9novations, la pr\u00e9sence de services publics, des bus reliant mieux le quartier et le centre, la qualit\u00e9 scolaire et la culture.<\/p>\n\n\n\n<h2 class=\"wp-block-heading\">Voir<\/h2>\n\n\n\n<p>Parmi les oppositions qui se sont manifest\u00e9es, il en fut de deux natures. La premi\u00e8re fut une liste de tout ce qui n\u2019y \u00e9tait pas, une d\u00e9nonciation nerveuse du manque d\u2019ambition et d\u2019une \u00ab\u00a0mascarade\u00a0\u00bb sans autre but que l\u2019autopromotion de l\u2018\u00e9quipe municipale. Sabine Ngo Mahob, \u00e9lue de la majorit\u00e9, habitante du quartier, eut alors une une col\u00e8re courte mais \u00e9loquente du si peu de cas fait de la pr\u00e9sence de riverains, assistant peut-\u00eatre pour la premi\u00e8re fois \u00e0 un conseil municipal, peut-\u00eatre fiers que les \u00e9lus se rapprochent d\u2019eux. Je comprenais que, pour elle, ce conseil-l\u00e0 n\u2019\u00e9tait pas dans l\u2019entre-soi, il avait un public nouveau, il appelait \u00e0 un surcro\u00eet de p\u00e9dagogie et d\u2019inspiration.<\/p>\n\n\n\n<p>Une autre opposition se situait dans la proposition. Il y eut l\u2019id\u00e9e de Christiane Gautier d\u2019un centre de sant\u00e9 pluridisciplinaire, j\u2019y reviendrai plus loin, et celle de Liliane Wietzerbin sur les objectifs (peut-\u00eatre y en a-t-il eu d\u2019autres, je n\u2019ai pu assister qu\u2019\u00e0 2h30 de s\u00e9ance). Pour cette derni\u00e8re, d\u00e9finir une vision pour le quartier demande, pour \u00eatre r\u00e9aliste, de d\u00e9finir un point z\u00e9ro, un r\u00e9f\u00e9rentiel de la situation existante qui permette de situer l\u2019effort et les buts \u00e0 atteindre. Elle trouve les mesures propos\u00e9es ponctuelles et ne constituant pas \u00e0 proprement parler une vision&nbsp;; d\u2019autant que le budget associ\u00e9 \u00e0 la \u00ab&nbsp;feuille de route&nbsp;\u00bb (l\u2019expression est de Philippe Laurent) n\u2019est pas apparent.<\/p>\n\n\n\n<p>Il faut reconna\u00eetre qu\u2019une \u00ab&nbsp;vision&nbsp;\u00bb n\u2019\u00e9tait pas vraiment perceptible mais, en \u00e9coutant Liliane Wietzerbin, une question venait \u00e0 l&rsquo;esprit: A quoi devrait donc ressembler une vision du quartier&nbsp;?&nbsp;A quoi pense-t-elle&nbsp;? Comment la d\u00e9crirait-elle&nbsp;? Le maire avait parl\u00e9 d\u2019attractivit\u00e9, de convivialit\u00e9, de valorisation des talents, ce qui \u00e9tait en effet tr\u00e8s g\u00e9n\u00e9ral, puis de la liste d\u2019actions qui appara\u00eet donc comme prosa\u00efque, de sorte que la vision serait entre ces deux niveaux. O\u00f9 pr\u00e9cis\u00e9ment&nbsp;? Commentaires bienvenus de celles et ceux qui ont une vision. Ils seront publi\u00e9s.<\/p>\n\n\n\n<p>Une vision, c\u2019est une vue \u00ab&nbsp;d\u2019en haut&nbsp;\u00bb. Elle est n\u00e9cessaire, elle n\u2019est pas tout. Un quartier est largement l\u2019\u0153uvre de ses habitants. De la fa\u00e7on dont ils l\u2019occupent et s\u2019en pr\u00e9occupent, dont ils l\u2019esp\u00e8rent. L\u2019initiative municipale pose cette question-l\u00e0, au moins en faisant appel \u00e0 l\u2019implication de tous. Il n\u2019est pas certain que la meilleure voie ait \u00e9t\u00e9 emprunt\u00e9e pour y parvenir. Les \u00ab&nbsp;Parlons ensemble&nbsp;\u00bb ont privil\u00e9gi\u00e9 les requ\u00eates en direction de la municipalit\u00e9, laquelle, en retour, r\u00e9pond par le plan d\u2019action. On est loin de \u00ab&nbsp;l\u2019auto-organisation&nbsp;\u00bb des habitants, de la prise en main par eux-m\u00eames des questions de sociabilit\u00e9. De ce point de vue, et sans rien retirer aux actions que Chantal Brault et Numa Isnard m\u00e8nent sur le quartier, les associations, les actions du CSCB, les commerces sont des vecteurs plus puissants que les gestes municipaux. Il faut les deux, mais chacun a sa logique.<\/p>\n\n\n\n<p>Le d\u00e9veloppement du quartier par les initiatives \u00ab&nbsp;d\u2019en bas&nbsp;\u00bb passe aussi par un juste p\u00e9rim\u00e8tre, en l\u2019occurrence une offre de services assurant une certaine autosuffisance. C\u2019est Jean-Philippe Allardi qui a parl\u00e9 des Blagis comme d\u2019un \u00ab&nbsp;lieu de centralit\u00e9&nbsp;\u00bb. On le suit tout \u00e0 fait&nbsp;; la g\u00e9ographie est avec lui. Et les \u00ab&nbsp;Parlons ensemble&nbsp;\u00bb ont largement \u00e9voqu\u00e9 la compl\u00e9mentarit\u00e9 entre Fontenay, Bagneux et BLR. De son c\u00f4t\u00e9, Jean-Christophe Dessanges l\u2019appelait aussi de ses v\u0153ux. Pourquoi, d\u00e8s lors, ce qui semble une \u00e9vidence (en est-ce vraiment une&nbsp;?) ne s\u2019incarne-t-elle pas pour l\u2019instant&nbsp;? Car on ne voit pas les quatre communes s\u2019associant dans une communication autour des moyens dont elles disposent et que d\u2019ailleurs elles partagent d\u00e9j\u00e0. Ni la f\u00eate des Blagis impliquer clairement les autres communes. Le centre de sant\u00e9, que propose Christiane Gautier, a toutes les raisons d\u2019\u00eatre pens\u00e9 en commun. Des obstacles existent vraisemblablement. On aimerait les conna\u00eetre. Pour esp\u00e9rer les surmonter.<\/p>\n\n\n\n<h2 class=\"wp-block-heading\">Le dos<\/h2>\n\n\n\n<p>Les heures passant, il se confirme que l\u2019engagement municipal (et plus g\u00e9n\u00e9ralement politique) r\u00e9clame des capacit\u00e9s physiques qui ne sont pas le lot de tous. Le dos a ses raisons que la raison ignore et la conscience sature de d\u00e9bats prolong\u00e9s. Si les gradins du gymnase remplissent tout \u00e0 fait leur r\u00f4le pendant les 2 fois 30 minutes d\u2019un match de hand (d\u2019autant qu\u2019on se l\u00e8ve au moment des hourras&nbsp;!), ils deviennent hostiles dans la longue dur\u00e9e. La belle lumi\u00e8re qui tombait des fen\u00eatres \u00e0 battant et au verre d\u00e9poli, la paisible horloge num\u00e9rique du panneau des scores, avaient perdu leur pouvoir antalgique. <\/p>\n\n\n\n<p>Et puis les choses sont claires&nbsp;: une impulsion est donn\u00e9e, des mesures sont prises et seront accompagn\u00e9es. On sait bien que maintenant c\u2019est dans le quotidien des habitants, dans leurs rapports au voisinage, que le gros du d\u00e9fi reste \u00e0 relever.<\/p>\n","protected":false},"excerpt":{"rendered":"<p>Le 16 octobre, le conseil municipal a quitt\u00e9 la mairie pour se d\u00e9porter (se d\u00e9centraliser a-t-on pu entendre) vers le gymnase des Blagis. Et c\u2019est dans une vaste salle compl\u00e8tement recouverte de lattes de bois de quelque quatre centim\u00e8tres de large sur deux bons centim\u00e8tres d\u2019\u00e9paisseur, avec des buts de&#8230;<\/p>\n","protected":false},"author":6,"featured_media":4892,"comment_status":"open","ping_status":"open","sticky":false,"template":"","format":"standard","meta":{"om_disable_all_campaigns":false,"_monsterinsights_skip_tracking":false,"_monsterinsights_sitenote_active":false,"_monsterinsights_sitenote_note":"","_monsterinsights_sitenote_category":0,"_uf_show_specific_survey":0,"_uf_disable_surveys":false,"footnotes":""},"categories":[59,266],"tags":[],"class_list":["post-4885","post","type-post","status-publish","format-standard","has-post-thumbnail","hentry","category-portraits","category-sceaux","entry","simple"],"yoast_head":"<!-- This site is optimized with the Yoast SEO plugin v25.6 - https:\/\/yoast.com\/wordpress\/plugins\/seo\/ -->\n<title>Conseil municipal au quartier des Blagis - La Gazette<\/title>\n<meta name=\"robots\" content=\"index, follow, max-snippet:-1, max-image-preview:large, max-video-preview:-1\" \/>\n<link rel=\"canonical\" href=\"https:\/\/sceaux-lagazette.fr\/index.php\/2021\/10\/25\/conseil-municipal-au-quartier-des-blagis\/\" \/>\n<meta property=\"og:locale\" content=\"fr_FR\" \/>\n<meta property=\"og:type\" content=\"article\" \/>\n<meta property=\"og:title\" content=\"Conseil municipal au quartier des Blagis - La Gazette\" \/>\n<meta property=\"og:description\" content=\"Le 16 octobre, le conseil municipal a quitt\u00e9 la mairie pour se d\u00e9porter (se d\u00e9centraliser a-t-on pu entendre) vers le gymnase des Blagis. Et c\u2019est dans une vaste salle compl\u00e8tement recouverte de lattes de bois de quelque quatre centim\u00e8tres de large sur deux bons centim\u00e8tres d\u2019\u00e9paisseur, avec des buts de&#8230;\" \/>\n<meta property=\"og:url\" content=\"https:\/\/sceaux-lagazette.fr\/index.php\/2021\/10\/25\/conseil-municipal-au-quartier-des-blagis\/\" \/>\n<meta property=\"og:site_name\" content=\"La Gazette\" \/>\n<meta property=\"article:published_time\" content=\"2021-10-25T07:00:29+00:00\" \/>\n<meta property=\"article:modified_time\" content=\"2023-05-01T16:39:38+00:00\" \/>\n<meta property=\"og:image\" content=\"https:\/\/sceaux-lagazette.fr\/wp-content\/uploads\/2021\/10\/CM-aux-Blagis-16-10-2021.jpg\" \/>\n\t<meta property=\"og:image:width\" content=\"1048\" \/>\n\t<meta property=\"og:image:height\" content=\"544\" \/>\n\t<meta property=\"og:image:type\" content=\"image\/jpeg\" \/>\n<meta name=\"author\" content=\"Maurice Zytnicki\" \/>\n<meta name=\"twitter:card\" content=\"summary_large_image\" \/>\n<meta name=\"twitter:label1\" content=\"\u00c9crit par\" \/>\n\t<meta name=\"twitter:data1\" content=\"Maurice Zytnicki\" \/>\n\t<meta name=\"twitter:label2\" content=\"Dur\u00e9e de lecture estim\u00e9e\" \/>\n\t<meta name=\"twitter:data2\" content=\"7 minutes\" \/>\n<script type=\"application\/ld+json\" class=\"yoast-schema-graph\">{\"@context\":\"https:\/\/schema.org\",\"@graph\":[{\"@type\":\"Article\",\"@id\":\"https:\/\/sceaux-lagazette.fr\/index.php\/2021\/10\/25\/conseil-municipal-au-quartier-des-blagis\/#article\",\"isPartOf\":{\"@id\":\"https:\/\/sceaux-lagazette.fr\/index.php\/2021\/10\/25\/conseil-municipal-au-quartier-des-blagis\/\"},\"author\":{\"name\":\"Maurice Zytnicki\",\"@id\":\"https:\/\/sceaux-lagazette.fr\/#\/schema\/person\/060ab8fc058c4220d9079707a58da9f1\"},\"headline\":\"Conseil municipal au quartier des Blagis\",\"datePublished\":\"2021-10-25T07:00:29+00:00\",\"dateModified\":\"2023-05-01T16:39:38+00:00\",\"mainEntityOfPage\":{\"@id\":\"https:\/\/sceaux-lagazette.fr\/index.php\/2021\/10\/25\/conseil-municipal-au-quartier-des-blagis\/\"},\"wordCount\":1341,\"commentCount\":4,\"publisher\":{\"@id\":\"https:\/\/sceaux-lagazette.fr\/#organization\"},\"image\":{\"@id\":\"https:\/\/sceaux-lagazette.fr\/index.php\/2021\/10\/25\/conseil-municipal-au-quartier-des-blagis\/#primaryimage\"},\"thumbnailUrl\":\"https:\/\/sceaux-lagazette.fr\/wp-content\/uploads\/2021\/10\/CM-aux-Blagis-16-10-2021.jpg\",\"articleSection\":[\"Portraits\",\"Sceaux\"],\"inLanguage\":\"fr-FR\",\"potentialAction\":[{\"@type\":\"CommentAction\",\"name\":\"Comment\",\"target\":[\"https:\/\/sceaux-lagazette.fr\/index.php\/2021\/10\/25\/conseil-municipal-au-quartier-des-blagis\/#respond\"]}]},{\"@type\":\"WebPage\",\"@id\":\"https:\/\/sceaux-lagazette.fr\/index.php\/2021\/10\/25\/conseil-municipal-au-quartier-des-blagis\/\",\"url\":\"https:\/\/sceaux-lagazette.fr\/index.php\/2021\/10\/25\/conseil-municipal-au-quartier-des-blagis\/\",\"name\":\"Conseil municipal au quartier des Blagis - La Gazette\",\"isPartOf\":{\"@id\":\"https:\/\/sceaux-lagazette.fr\/#website\"},\"primaryImageOfPage\":{\"@id\":\"https:\/\/sceaux-lagazette.fr\/index.php\/2021\/10\/25\/conseil-municipal-au-quartier-des-blagis\/#primaryimage\"},\"image\":{\"@id\":\"https:\/\/sceaux-lagazette.fr\/index.php\/2021\/10\/25\/conseil-municipal-au-quartier-des-blagis\/#primaryimage\"},\"thumbnailUrl\":\"https:\/\/sceaux-lagazette.fr\/wp-content\/uploads\/2021\/10\/CM-aux-Blagis-16-10-2021.jpg\",\"datePublished\":\"2021-10-25T07:00:29+00:00\",\"dateModified\":\"2023-05-01T16:39:38+00:00\",\"breadcrumb\":{\"@id\":\"https:\/\/sceaux-lagazette.fr\/index.php\/2021\/10\/25\/conseil-municipal-au-quartier-des-blagis\/#breadcrumb\"},\"inLanguage\":\"fr-FR\",\"potentialAction\":[{\"@type\":\"ReadAction\",\"target\":[\"https:\/\/sceaux-lagazette.fr\/index.php\/2021\/10\/25\/conseil-municipal-au-quartier-des-blagis\/\"]}]},{\"@type\":\"ImageObject\",\"inLanguage\":\"fr-FR\",\"@id\":\"https:\/\/sceaux-lagazette.fr\/index.php\/2021\/10\/25\/conseil-municipal-au-quartier-des-blagis\/#primaryimage\",\"url\":\"https:\/\/sceaux-lagazette.fr\/wp-content\/uploads\/2021\/10\/CM-aux-Blagis-16-10-2021.jpg\",\"contentUrl\":\"https:\/\/sceaux-lagazette.fr\/wp-content\/uploads\/2021\/10\/CM-aux-Blagis-16-10-2021.jpg\",\"width\":1048,\"height\":544},{\"@type\":\"BreadcrumbList\",\"@id\":\"https:\/\/sceaux-lagazette.fr\/index.php\/2021\/10\/25\/conseil-municipal-au-quartier-des-blagis\/#breadcrumb\",\"itemListElement\":[{\"@type\":\"ListItem\",\"position\":1,\"name\":\"Accueil\",\"item\":\"https:\/\/sceaux-lagazette.fr\/\"},{\"@type\":\"ListItem\",\"position\":2,\"name\":\"Conseil municipal au quartier des Blagis\"}]},{\"@type\":\"WebSite\",\"@id\":\"https:\/\/sceaux-lagazette.fr\/#website\",\"url\":\"https:\/\/sceaux-lagazette.fr\/\",\"name\":\"La Gazette\",\"description\":\"Bourg-la-Reine, Ch\u00e2tenay, Fontenay, Sceaux\",\"publisher\":{\"@id\":\"https:\/\/sceaux-lagazette.fr\/#organization\"},\"potentialAction\":[{\"@type\":\"SearchAction\",\"target\":{\"@type\":\"EntryPoint\",\"urlTemplate\":\"https:\/\/sceaux-lagazette.fr\/?s={search_term_string}\"},\"query-input\":{\"@type\":\"PropertyValueSpecification\",\"valueRequired\":true,\"valueName\":\"search_term_string\"}}],\"inLanguage\":\"fr-FR\"},{\"@type\":\"Organization\",\"@id\":\"https:\/\/sceaux-lagazette.fr\/#organization\",\"name\":\"La Gazette\",\"url\":\"https:\/\/sceaux-lagazette.fr\/\",\"logo\":{\"@type\":\"ImageObject\",\"inLanguage\":\"fr-FR\",\"@id\":\"https:\/\/sceaux-lagazette.fr\/#\/schema\/logo\/image\/\",\"url\":\"https:\/\/sceaux-lagazette.fr\/wp-content\/uploads\/2025\/08\/Logo-Gazette-Aout-2025-V3.jpg\",\"contentUrl\":\"https:\/\/sceaux-lagazette.fr\/wp-content\/uploads\/2025\/08\/Logo-Gazette-Aout-2025-V3.jpg\",\"width\":525,\"height\":130,\"caption\":\"La Gazette\"},\"image\":{\"@id\":\"https:\/\/sceaux-lagazette.fr\/#\/schema\/logo\/image\/\"}},{\"@type\":\"Person\",\"@id\":\"https:\/\/sceaux-lagazette.fr\/#\/schema\/person\/060ab8fc058c4220d9079707a58da9f1\",\"name\":\"Maurice Zytnicki\",\"image\":{\"@type\":\"ImageObject\",\"inLanguage\":\"fr-FR\",\"@id\":\"https:\/\/sceaux-lagazette.fr\/#\/schema\/person\/image\/\",\"url\":\"https:\/\/secure.gravatar.com\/avatar\/d94d30d6fa0e9cb7af48a89366fc0cdb?s=96&r=g\",\"contentUrl\":\"https:\/\/secure.gravatar.com\/avatar\/d94d30d6fa0e9cb7af48a89366fc0cdb?s=96&r=g\",\"caption\":\"Maurice Zytnicki\"},\"url\":\"https:\/\/sceaux-lagazette.fr\/index.php\/author\/maurice\/\"}]}<\/script>\n<!-- \/ Yoast SEO plugin. -->","yoast_head_json":{"title":"Conseil municipal au quartier des Blagis - La Gazette","robots":{"index":"index","follow":"follow","max-snippet":"max-snippet:-1","max-image-preview":"max-image-preview:large","max-video-preview":"max-video-preview:-1"},"canonical":"https:\/\/sceaux-lagazette.fr\/index.php\/2021\/10\/25\/conseil-municipal-au-quartier-des-blagis\/","og_locale":"fr_FR","og_type":"article","og_title":"Conseil municipal au quartier des Blagis - La Gazette","og_description":"Le 16 octobre, le conseil municipal a quitt\u00e9 la mairie pour se d\u00e9porter (se d\u00e9centraliser a-t-on pu entendre) vers le gymnase des Blagis. Et c\u2019est dans une vaste salle compl\u00e8tement recouverte de lattes de bois de quelque quatre centim\u00e8tres de large sur deux bons centim\u00e8tres d\u2019\u00e9paisseur, avec des buts de&#8230;","og_url":"https:\/\/sceaux-lagazette.fr\/index.php\/2021\/10\/25\/conseil-municipal-au-quartier-des-blagis\/","og_site_name":"La Gazette","article_published_time":"2021-10-25T07:00:29+00:00","article_modified_time":"2023-05-01T16:39:38+00:00","og_image":[{"width":1048,"height":544,"url":"https:\/\/sceaux-lagazette.fr\/wp-content\/uploads\/2021\/10\/CM-aux-Blagis-16-10-2021.jpg","type":"image\/jpeg"}],"author":"Maurice Zytnicki","twitter_card":"summary_large_image","twitter_misc":{"\u00c9crit par":"Maurice Zytnicki","Dur\u00e9e de lecture estim\u00e9e":"7 minutes"},"schema":{"@context":"https:\/\/schema.org","@graph":[{"@type":"Article","@id":"https:\/\/sceaux-lagazette.fr\/index.php\/2021\/10\/25\/conseil-municipal-au-quartier-des-blagis\/#article","isPartOf":{"@id":"https:\/\/sceaux-lagazette.fr\/index.php\/2021\/10\/25\/conseil-municipal-au-quartier-des-blagis\/"},"author":{"name":"Maurice Zytnicki","@id":"https:\/\/sceaux-lagazette.fr\/#\/schema\/person\/060ab8fc058c4220d9079707a58da9f1"},"headline":"Conseil municipal au quartier des Blagis","datePublished":"2021-10-25T07:00:29+00:00","dateModified":"2023-05-01T16:39:38+00:00","mainEntityOfPage":{"@id":"https:\/\/sceaux-lagazette.fr\/index.php\/2021\/10\/25\/conseil-municipal-au-quartier-des-blagis\/"},"wordCount":1341,"commentCount":4,"publisher":{"@id":"https:\/\/sceaux-lagazette.fr\/#organization"},"image":{"@id":"https:\/\/sceaux-lagazette.fr\/index.php\/2021\/10\/25\/conseil-municipal-au-quartier-des-blagis\/#primaryimage"},"thumbnailUrl":"https:\/\/sceaux-lagazette.fr\/wp-content\/uploads\/2021\/10\/CM-aux-Blagis-16-10-2021.jpg","articleSection":["Portraits","Sceaux"],"inLanguage":"fr-FR","potentialAction":[{"@type":"CommentAction","name":"Comment","target":["https:\/\/sceaux-lagazette.fr\/index.php\/2021\/10\/25\/conseil-municipal-au-quartier-des-blagis\/#respond"]}]},{"@type":"WebPage","@id":"https:\/\/sceaux-lagazette.fr\/index.php\/2021\/10\/25\/conseil-municipal-au-quartier-des-blagis\/","url":"https:\/\/sceaux-lagazette.fr\/index.php\/2021\/10\/25\/conseil-municipal-au-quartier-des-blagis\/","name":"Conseil municipal au quartier des Blagis - La Gazette","isPartOf":{"@id":"https:\/\/sceaux-lagazette.fr\/#website"},"primaryImageOfPage":{"@id":"https:\/\/sceaux-lagazette.fr\/index.php\/2021\/10\/25\/conseil-municipal-au-quartier-des-blagis\/#primaryimage"},"image":{"@id":"https:\/\/sceaux-lagazette.fr\/index.php\/2021\/10\/25\/conseil-municipal-au-quartier-des-blagis\/#primaryimage"},"thumbnailUrl":"https:\/\/sceaux-lagazette.fr\/wp-content\/uploads\/2021\/10\/CM-aux-Blagis-16-10-2021.jpg","datePublished":"2021-10-25T07:00:29+00:00","dateModified":"2023-05-01T16:39:38+00:00","breadcrumb":{"@id":"https:\/\/sceaux-lagazette.fr\/index.php\/2021\/10\/25\/conseil-municipal-au-quartier-des-blagis\/#breadcrumb"},"inLanguage":"fr-FR","potentialAction":[{"@type":"ReadAction","target":["https:\/\/sceaux-lagazette.fr\/index.php\/2021\/10\/25\/conseil-municipal-au-quartier-des-blagis\/"]}]},{"@type":"ImageObject","inLanguage":"fr-FR","@id":"https:\/\/sceaux-lagazette.fr\/index.php\/2021\/10\/25\/conseil-municipal-au-quartier-des-blagis\/#primaryimage","url":"https:\/\/sceaux-lagazette.fr\/wp-content\/uploads\/2021\/10\/CM-aux-Blagis-16-10-2021.jpg","contentUrl":"https:\/\/sceaux-lagazette.fr\/wp-content\/uploads\/2021\/10\/CM-aux-Blagis-16-10-2021.jpg","width":1048,"height":544},{"@type":"BreadcrumbList","@id":"https:\/\/sceaux-lagazette.fr\/index.php\/2021\/10\/25\/conseil-municipal-au-quartier-des-blagis\/#breadcrumb","itemListElement":[{"@type":"ListItem","position":1,"name":"Accueil","item":"https:\/\/sceaux-lagazette.fr\/"},{"@type":"ListItem","position":2,"name":"Conseil municipal au quartier des Blagis"}]},{"@type":"WebSite","@id":"https:\/\/sceaux-lagazette.fr\/#website","url":"https:\/\/sceaux-lagazette.fr\/","name":"La Gazette","description":"Bourg-la-Reine, Ch\u00e2tenay, Fontenay, Sceaux","publisher":{"@id":"https:\/\/sceaux-lagazette.fr\/#organization"},"potentialAction":[{"@type":"SearchAction","target":{"@type":"EntryPoint","urlTemplate":"https:\/\/sceaux-lagazette.fr\/?s={search_term_string}"},"query-input":{"@type":"PropertyValueSpecification","valueRequired":true,"valueName":"search_term_string"}}],"inLanguage":"fr-FR"},{"@type":"Organization","@id":"https:\/\/sceaux-lagazette.fr\/#organization","name":"La Gazette","url":"https:\/\/sceaux-lagazette.fr\/","logo":{"@type":"ImageObject","inLanguage":"fr-FR","@id":"https:\/\/sceaux-lagazette.fr\/#\/schema\/logo\/image\/","url":"https:\/\/sceaux-lagazette.fr\/wp-content\/uploads\/2025\/08\/Logo-Gazette-Aout-2025-V3.jpg","contentUrl":"https:\/\/sceaux-lagazette.fr\/wp-content\/uploads\/2025\/08\/Logo-Gazette-Aout-2025-V3.jpg","width":525,"height":130,"caption":"La Gazette"},"image":{"@id":"https:\/\/sceaux-lagazette.fr\/#\/schema\/logo\/image\/"}},{"@type":"Person","@id":"https:\/\/sceaux-lagazette.fr\/#\/schema\/person\/060ab8fc058c4220d9079707a58da9f1","name":"Maurice Zytnicki","image":{"@type":"ImageObject","inLanguage":"fr-FR","@id":"https:\/\/sceaux-lagazette.fr\/#\/schema\/person\/image\/","url":"https:\/\/secure.gravatar.com\/avatar\/d94d30d6fa0e9cb7af48a89366fc0cdb?s=96&r=g","contentUrl":"https:\/\/secure.gravatar.com\/avatar\/d94d30d6fa0e9cb7af48a89366fc0cdb?s=96&r=g","caption":"Maurice Zytnicki"},"url":"https:\/\/sceaux-lagazette.fr\/index.php\/author\/maurice\/"}]}},"cc_featured_image_caption":{"caption_text":"","source_text":"","source_url":""},"_links":{"self":[{"href":"https:\/\/sceaux-lagazette.fr\/index.php\/wp-json\/wp\/v2\/posts\/4885"}],"collection":[{"href":"https:\/\/sceaux-lagazette.fr\/index.php\/wp-json\/wp\/v2\/posts"}],"about":[{"href":"https:\/\/sceaux-lagazette.fr\/index.php\/wp-json\/wp\/v2\/types\/post"}],"author":[{"embeddable":true,"href":"https:\/\/sceaux-lagazette.fr\/index.php\/wp-json\/wp\/v2\/users\/6"}],"replies":[{"embeddable":true,"href":"https:\/\/sceaux-lagazette.fr\/index.php\/wp-json\/wp\/v2\/comments?post=4885"}],"version-history":[{"count":8,"href":"https:\/\/sceaux-lagazette.fr\/index.php\/wp-json\/wp\/v2\/posts\/4885\/revisions"}],"predecessor-version":[{"id":7741,"href":"https:\/\/sceaux-lagazette.fr\/index.php\/wp-json\/wp\/v2\/posts\/4885\/revisions\/7741"}],"wp:featuredmedia":[{"embeddable":true,"href":"https:\/\/sceaux-lagazette.fr\/index.php\/wp-json\/wp\/v2\/media\/4892"}],"wp:attachment":[{"href":"https:\/\/sceaux-lagazette.fr\/index.php\/wp-json\/wp\/v2\/media?parent=4885"}],"wp:term":[{"taxonomy":"category","embeddable":true,"href":"https:\/\/sceaux-lagazette.fr\/index.php\/wp-json\/wp\/v2\/categories?post=4885"},{"taxonomy":"post_tag","embeddable":true,"href":"https:\/\/sceaux-lagazette.fr\/index.php\/wp-json\/wp\/v2\/tags?post=4885"}],"curies":[{"name":"wp","href":"https:\/\/api.w.org\/{rel}","templated":true}]}}