{"id":4882,"date":"2021-10-30T08:23:00","date_gmt":"2021-10-30T06:23:00","guid":{"rendered":"https:\/\/sceaux-lagazette.fr\/?p=4882"},"modified":"2022-01-18T10:15:28","modified_gmt":"2022-01-18T09:15:28","slug":"temps-de-travail-en-france-2-2","status":"publish","type":"post","link":"https:\/\/sceaux-lagazette.fr\/index.php\/2021\/10\/30\/temps-de-travail-en-france-2-2\/","title":{"rendered":"Temps de travail en France (2\/2)"},"content":{"rendered":"\n<h2 class=\"wp-block-heading\">Les candidats et la dur\u00e9e du travail<\/h2>\n\n\n\n<p>Dans<a href=\"https:\/\/sceaux-lagazette.fr\/index.php\/2021\/10\/26\/temps-de-travail-en-france-1-2\/\" target=\"_blank\" rel=\"noreferrer noopener\"> un pr\u00e9c\u00e9dent article<\/a>, ont \u00e9t\u00e9 pr\u00e9sent\u00e9s diff\u00e9rents aspects de la question du temps de travail. Elle avait \u00e9t\u00e9 abord\u00e9e dans un discours pr\u00e9sidentiel d\u2019o\u00f9 nous \u00e9tions partis. La r\u00e9action importante des m\u00e9dias \u00e0 ce qui n\u2019\u00e9tait qu\u2019un point parmi d\u2019autres montre que le sujet reste sensible dans le syst\u00e8me politico-m\u00e9diatique (ce qui ne prouve en rien qu\u2019il le soit dans la population). On peut en effet noter que plusieurs candidats \u00e0 la pr\u00e9sidentielle l\u2019ont int\u00e9gr\u00e9 \u00e0 leurs programmes. L\u2019Est r\u00e9publicain en a fait <a rel=\"noreferrer noopener\" href=\"https:\/\/www.estrepublicain.fr\/economie\/2021\/10\/13\/du-pays-qui-travaille-moins-que-les-autres-aux-32-heures-quelles-sont-les-positions-des-candidats-sur-le-travail\" target=\"_blank\">un recensement <\/a>sur lequel s\u2019appuie la suite de cet article. Avec d\u2019abord un constat global\u00a0: de mani\u00e8re g\u00e9n\u00e9rale, la droite souhaite assouplir les 35 heures, quand la gauche se positionne plut\u00f4t en faveur d&rsquo;une r\u00e9duction du temps de travail. On ajoutera le fait que le pr\u00e9sident actuel explique \u00ab\u00a0je ne suis pas pour changer la dur\u00e9e du travail par la loi\u00a0\u00bb<\/p>\n\n\n\n<p>Ceux qui veulent agir \u00e0 droite proposent rarement de le faire par la loi (mais Xavier Bertrand envisage de repasser \u00e0 39 heures par r\u00e9f\u00e9rendum), plus souvent en favorisant \u00e9conomiquement (imp\u00f4t et ou charges sociales) les heures au-del\u00e0 de 35 heures. On sent que le sujet n\u2019est plus vraiment central.<\/p>\n\n\n\n<p>Yannick Jadot et Jean-Luc M\u00e9lenchon se prononcent tous les deux pour une poursuite de la r\u00e9duction du temps de travail. Ils sont sur le sujet en accord avec la CGT qui \u00ab&nbsp;<a href=\"https:\/\/www.lemonde.fr\/politique\/article\/2021\/10\/15\/la-cgt-relance-sa-campagne-en-faveur-de-la-semaine-des-32-heures_6098527_823448.html\" target=\"_blank\" rel=\"noreferrer noopener\">relance sa campagne en faveur des 32 heures&nbsp;\u00bb.<\/a><\/p>\n\n\n\n<p>Sur le sujet, le Parti socialiste appara\u00eet divis\u00e9. Anne Hidalgo semble pencher elle aussi pour une r\u00e9duction du temps de travail. St\u00e9phane le Foll, qui souhaitait lui aussi \u00eatre candidat, <a href=\"https:\/\/www.lemonde.fr\/election-presidentielle-2022\/article\/2021\/10\/15\/election-presidentielle-2022-stephane-le-foll-ne-fera-pas-campagne-pour-anne-hidalgo_6098523_6059010.html\" target=\"_blank\" rel=\"noreferrer noopener\">note<\/a>&nbsp;:\u00ab Je suis tr\u00e8s surpris que la gauche reparte sur les trente-deux heures alors que ce n\u2019est pas une demande de ceux \u00e0 qui on devrait s\u2019adresser.&nbsp;\u00bb Arnaud Montebourg, dont on ne sait plus tr\u00e8s bien o\u00f9 il est, va dans le m\u00eame sens, en consid\u00e9rant que les salari\u00e9s pr\u00e9f\u00e8rent une augmentation des salaires qu\u2019une baisse du temps de travail.<\/p>\n\n\n\n<p>Petite remarque tr\u00e8s personnelle sur le sujet&nbsp;: au moment du passage aux 35 heures, les cadres \u00e9taient tr\u00e8s demandeurs de jours RTT. La position des autres salari\u00e9s \u00e9tait plus diverse. En simplifiant tr\u00e8s fort, on pourrait dire que les moins bien pay\u00e9s d\u2019une part, les plus jeunes d\u2019autre part, montraient une certaine pr\u00e9f\u00e9rence pour plus de salaire alors que les mieux pay\u00e9s et les plus \u00e2g\u00e9s montraient une certaine pr\u00e9f\u00e9rence pour la r\u00e9duction du temps de travail. On ne sera pas \u00e9tonn\u00e9 \u00e0 cette aune de voir la CGT <a href=\"https:\/\/www.lemonde.fr\/politique\/article\/2021\/10\/15\/la-cgt-relance-sa-campagne-en-faveur-de-la-semaine-des-32-heures_6098527_823448.html\" target=\"_blank\" rel=\"noreferrer noopener\">plaider<\/a> pour les 32 heures.<\/p>\n\n\n\n<p>Mais la r\u00e9alit\u00e9 est que, sur la dur\u00e9e du travail comme sur les retraites, la demande citoyenne est massivement de pouvoir choisir, et m\u00eame de pouvoir faire \u00e9voluer ce choix selon ses \u00e9tapes de carri\u00e8re et de vie.<\/p>\n\n\n\n<h2 class=\"wp-block-heading\">Les candidats et les retraites<\/h2>\n\n\n\n<p>Plusieurs candidats ont fait de la question des retraites un axe important de leur campagne. On peut <a href=\"https:\/\/www.planet.fr\/politique-presidentielle-a-quel-age-partirez-vous-a-la-retraite-selon-les-candidats.2343049.29334.html\" target=\"_blank\" rel=\"noreferrer noopener\">trouver ici <\/a>un diaporama faisant l\u2019inventaire des propositions pour la plupart des candidats. Sans surprise, on trouve sur ce sujet la m\u00eame distinction droite gauche, avec une exception&nbsp;: Marine le Pen s\u2019est prononc\u00e9e \u00e0 plusieurs reprises pour la retraite \u00e0 60 ans.<\/p>\n\n\n\n<h2 class=\"wp-block-heading\">Temps de travail et emploi<\/h2>\n\n\n\n<p>Le projet de passage aux 35 heures a clairement \u00e9t\u00e9 pr\u00e9sent\u00e9 comme un moyen d\u2019augmenter l\u2019emploi et de diminuer le ch\u00f4mage&nbsp;: d\u2019o\u00f9 l\u2019expression \u00ab&nbsp;partager le travail&nbsp;\u00bb. Au d\u00e9part, il \u00e9tait question de partager aussi la r\u00e9mun\u00e9ration, mais cette possibilit\u00e9 a \u00e9t\u00e9 \u00e9cart\u00e9e pour les bas salaires, avec toute la difficult\u00e9 de d\u00e9finir une limite. Le bilan de ce passage incite-t-il \u00e0 continuer l\u2019op\u00e9ration ?<\/p>\n\n\n\n<p>Il a \u00e9t\u00e9 rappel\u00e9 dans <a href=\"https:\/\/sceaux-lagazette.fr\/index.php\/2021\/10\/12\/repousser-lage-de-depart-en-retraite\/\" target=\"_blank\" rel=\"noreferrer noopener\">un article sur les retraites<\/a> que, pour les \u00e9conomistes, la quantit\u00e9 de travail n\u2019est pas un g\u00e2teau fixe que l\u2019on peut partager de diff\u00e9rentes mani\u00e8res, mais que la quantit\u00e9 de travail augmente avec la population active, c\u2019est-\u00e0-dire avec l\u2019offre de force de travail. Diminuer cette offre en passant aux 35 heures ne pouvait que conduire \u00e0 une r\u00e9duction du nombre total d\u2019heures travaill\u00e9es. C\u2019est bien ce qui s\u2019est pass\u00e9&nbsp;: le nombre d\u2019emplois n\u2019a pas augment\u00e9 de 10 %.<\/p>\n\n\n\n<p>Dans la mesure o\u00f9 le passage aux 35 heures n\u2019a pas \u00e9t\u00e9 r\u00e9alis\u00e9 \u00e0 salaire horaire constant, notre pays a \u00e9t\u00e9 confront\u00e9 \u00e0 trois types de probl\u00e8mes&nbsp;:<\/p>\n\n\n\n<p>Les 35 heures pay\u00e9es 39 conduisent \u00e0 un partage de la valeur ajout\u00e9e plus favorable aux salari\u00e9s et moins aux entreprises. L\u2019effet semble avoir \u00e9t\u00e9 relativement faible, en tous les cas pas au point de provoquer un ch\u00f4mage massif, comme cela a \u00e9t\u00e9 le cas entre 1973 (premier choc p\u00e9trolier) et 1984 (mise en \u0153uvre du plan Mauroy Delors, rest\u00e9 dans les m\u00e9moires comme \u00ab&nbsp;tournant de la rigueur&nbsp;\u00bb).<\/p>\n\n\n\n<p>Le salaire des moins qualifi\u00e9s a augment\u00e9 de mani\u00e8re relative, c\u2019est-\u00e0-dire que le ratio entre SMIC et salaire m\u00e9dian a augment\u00e9. Or, il \u00e9tait d\u00e9j\u00e0 tr\u00e8s \u00e9lev\u00e9 (64% en 1984, 58% en 1993, 67 % en 2005) quand il \u00e9tait inf\u00e9rieur \u00e0 50 % chez la plupart de nos voisins. La cons\u00e9quence est connue&nbsp;: cette situation participe \u00e0 un ch\u00f4mage beaucoup plus \u00e9lev\u00e9 chez les moins qualifi\u00e9s, en particulier ceux arrivant sur le march\u00e9 du travail, malgr\u00e9 les all\u00e9gements de charge sur les bas salaires.<\/p>\n\n\n\n<p>L\u2019augmentation importante du salaire horaire a forc\u00e9ment un impact inflationniste sur les prix en g\u00e9n\u00e9ral ou sur les co\u00fbts d\u2019une entreprise donn\u00e9e. Cette augmentation a eu lieu alors qu\u2019il n\u2019\u00e9tait pas possible de proc\u00e9der \u00e0 une d\u00e9valuation pour la compenser (passage \u00e0 l\u2019euro). La politique dite de d\u00e9sinflation comp\u00e9titive men\u00e9e de 1984 \u00e0 1993 par les gouvernements de droite et de gauche a largement particip\u00e9 \u00e0 la r\u00e9ussite \u00e9conomique des premi\u00e8res ann\u00e9es Jospin, caract\u00e9ris\u00e9es par une cr\u00e9ation massive d\u2019emplois et une balance commerciale positive (elle l\u2019a \u00e9t\u00e9 de 1991 \u00e0 2004). L\u2019augmentation du salaire horaire, alors que l\u2019Allemagne faisait la politique inverse (r\u00e9formes Hartz), a particip\u00e9 au d\u00e9clin du commerce ext\u00e9rieur, alors que l\u2019exc\u00e9dent allemand explosait au contraire. On peut faire l\u2019hypoth\u00e8se que certains emplois sont pass\u00e9s d\u2019un pays \u00e0 l\u2019autre. Les valeurs observ\u00e9es sur le commerce ext\u00e9rieur font penser que ces transferts se sont compt\u00e9s en centaines de milliers d\u2019emplois.<\/p>\n\n\n\n<p>Rien ne plaide donc pour une r\u00e9duction (ou une augmentation) g\u00e9n\u00e9rale du temps de travail&nbsp;: sur ce sujet, il vaut bien mieux laisser les acteurs (entreprises et salari\u00e9s) agir. La question de la retraite est \u00e0 contrario une question nationale, sur laquelle il parait normal que les candidats se positionnent.<\/p>\n","protected":false},"excerpt":{"rendered":"<p>Les candidats et la dur\u00e9e du travail Dans un pr\u00e9c\u00e9dent article, ont \u00e9t\u00e9 pr\u00e9sent\u00e9s diff\u00e9rents aspects de la question du temps de travail. Elle avait \u00e9t\u00e9 abord\u00e9e dans un discours pr\u00e9sidentiel d\u2019o\u00f9 nous \u00e9tions partis. La r\u00e9action importante des m\u00e9dias \u00e0 ce qui n\u2019\u00e9tait qu\u2019un point parmi d\u2019autres montre que&#8230;<\/p>\n","protected":false},"author":11,"featured_media":4928,"comment_status":"open","ping_status":"open","sticky":false,"template":"","format":"standard","meta":{"om_disable_all_campaigns":false,"_monsterinsights_skip_tracking":false,"_monsterinsights_sitenote_active":false,"_monsterinsights_sitenote_note":"","_monsterinsights_sitenote_category":0,"_uf_show_specific_survey":0,"_uf_disable_surveys":false,"footnotes":""},"categories":[53],"tags":[],"class_list":["post-4882","post","type-post","status-publish","format-standard","has-post-thumbnail","hentry","category-analyses","entry","simple"],"yoast_head":"<!-- This site is optimized with the Yoast SEO plugin v25.6 - https:\/\/yoast.com\/wordpress\/plugins\/seo\/ -->\n<title>Temps de travail en France (2\/2) - La Gazette<\/title>\n<meta name=\"robots\" content=\"index, follow, max-snippet:-1, max-image-preview:large, max-video-preview:-1\" \/>\n<link rel=\"canonical\" href=\"https:\/\/sceaux-lagazette.fr\/index.php\/2021\/10\/30\/temps-de-travail-en-france-2-2\/\" \/>\n<meta property=\"og:locale\" content=\"fr_FR\" \/>\n<meta property=\"og:type\" content=\"article\" \/>\n<meta property=\"og:title\" content=\"Temps de travail en France (2\/2) - La Gazette\" \/>\n<meta property=\"og:description\" content=\"Les candidats et la dur\u00e9e du travail Dans un pr\u00e9c\u00e9dent article, ont \u00e9t\u00e9 pr\u00e9sent\u00e9s diff\u00e9rents aspects de la question du temps de travail. Elle avait \u00e9t\u00e9 abord\u00e9e dans un discours pr\u00e9sidentiel d\u2019o\u00f9 nous \u00e9tions partis. La r\u00e9action importante des m\u00e9dias \u00e0 ce qui n\u2019\u00e9tait qu\u2019un point parmi d\u2019autres montre que&#8230;\" \/>\n<meta property=\"og:url\" content=\"https:\/\/sceaux-lagazette.fr\/index.php\/2021\/10\/30\/temps-de-travail-en-france-2-2\/\" \/>\n<meta property=\"og:site_name\" content=\"La Gazette\" \/>\n<meta property=\"article:published_time\" content=\"2021-10-30T06:23:00+00:00\" \/>\n<meta property=\"article:modified_time\" content=\"2022-01-18T09:15:28+00:00\" \/>\n<meta property=\"og:image\" content=\"https:\/\/sceaux-lagazette.fr\/wp-content\/uploads\/2021\/10\/Assembl\u00e9e-Nationale-500_F_47811815_qFBWrb0du6O4jvFtqiwt4xuvIcc3shgZ.jpg\" \/>\n\t<meta property=\"og:image:width\" content=\"500\" \/>\n\t<meta property=\"og:image:height\" content=\"163\" \/>\n\t<meta property=\"og:image:type\" content=\"image\/jpeg\" \/>\n<meta name=\"author\" content=\"G\u00e9rard Bardier\" \/>\n<meta name=\"twitter:card\" content=\"summary_large_image\" \/>\n<meta name=\"twitter:label1\" content=\"\u00c9crit par\" \/>\n\t<meta name=\"twitter:data1\" content=\"G\u00e9rard Bardier\" \/>\n\t<meta name=\"twitter:label2\" content=\"Dur\u00e9e de lecture estim\u00e9e\" \/>\n\t<meta name=\"twitter:data2\" content=\"6 minutes\" \/>\n<script type=\"application\/ld+json\" class=\"yoast-schema-graph\">{\"@context\":\"https:\/\/schema.org\",\"@graph\":[{\"@type\":\"Article\",\"@id\":\"https:\/\/sceaux-lagazette.fr\/index.php\/2021\/10\/30\/temps-de-travail-en-france-2-2\/#article\",\"isPartOf\":{\"@id\":\"https:\/\/sceaux-lagazette.fr\/index.php\/2021\/10\/30\/temps-de-travail-en-france-2-2\/\"},\"author\":{\"name\":\"G\u00e9rard Bardier\",\"@id\":\"https:\/\/sceaux-lagazette.fr\/#\/schema\/person\/5650e206a121f68c6f5e76379bccfbc4\"},\"headline\":\"Temps de travail en France (2\/2)\",\"datePublished\":\"2021-10-30T06:23:00+00:00\",\"dateModified\":\"2022-01-18T09:15:28+00:00\",\"mainEntityOfPage\":{\"@id\":\"https:\/\/sceaux-lagazette.fr\/index.php\/2021\/10\/30\/temps-de-travail-en-france-2-2\/\"},\"wordCount\":1193,\"commentCount\":1,\"publisher\":{\"@id\":\"https:\/\/sceaux-lagazette.fr\/#organization\"},\"image\":{\"@id\":\"https:\/\/sceaux-lagazette.fr\/index.php\/2021\/10\/30\/temps-de-travail-en-france-2-2\/#primaryimage\"},\"thumbnailUrl\":\"https:\/\/sceaux-lagazette.fr\/wp-content\/uploads\/2021\/10\/Assembl\u00e9e-Nationale-500_F_47811815_qFBWrb0du6O4jvFtqiwt4xuvIcc3shgZ.jpg\",\"articleSection\":[\"Analyses\"],\"inLanguage\":\"fr-FR\",\"potentialAction\":[{\"@type\":\"CommentAction\",\"name\":\"Comment\",\"target\":[\"https:\/\/sceaux-lagazette.fr\/index.php\/2021\/10\/30\/temps-de-travail-en-france-2-2\/#respond\"]}]},{\"@type\":\"WebPage\",\"@id\":\"https:\/\/sceaux-lagazette.fr\/index.php\/2021\/10\/30\/temps-de-travail-en-france-2-2\/\",\"url\":\"https:\/\/sceaux-lagazette.fr\/index.php\/2021\/10\/30\/temps-de-travail-en-france-2-2\/\",\"name\":\"Temps de travail en France (2\/2) - La Gazette\",\"isPartOf\":{\"@id\":\"https:\/\/sceaux-lagazette.fr\/#website\"},\"primaryImageOfPage\":{\"@id\":\"https:\/\/sceaux-lagazette.fr\/index.php\/2021\/10\/30\/temps-de-travail-en-france-2-2\/#primaryimage\"},\"image\":{\"@id\":\"https:\/\/sceaux-lagazette.fr\/index.php\/2021\/10\/30\/temps-de-travail-en-france-2-2\/#primaryimage\"},\"thumbnailUrl\":\"https:\/\/sceaux-lagazette.fr\/wp-content\/uploads\/2021\/10\/Assembl\u00e9e-Nationale-500_F_47811815_qFBWrb0du6O4jvFtqiwt4xuvIcc3shgZ.jpg\",\"datePublished\":\"2021-10-30T06:23:00+00:00\",\"dateModified\":\"2022-01-18T09:15:28+00:00\",\"breadcrumb\":{\"@id\":\"https:\/\/sceaux-lagazette.fr\/index.php\/2021\/10\/30\/temps-de-travail-en-france-2-2\/#breadcrumb\"},\"inLanguage\":\"fr-FR\",\"potentialAction\":[{\"@type\":\"ReadAction\",\"target\":[\"https:\/\/sceaux-lagazette.fr\/index.php\/2021\/10\/30\/temps-de-travail-en-france-2-2\/\"]}]},{\"@type\":\"ImageObject\",\"inLanguage\":\"fr-FR\",\"@id\":\"https:\/\/sceaux-lagazette.fr\/index.php\/2021\/10\/30\/temps-de-travail-en-france-2-2\/#primaryimage\",\"url\":\"https:\/\/sceaux-lagazette.fr\/wp-content\/uploads\/2021\/10\/Assembl\u00e9e-Nationale-500_F_47811815_qFBWrb0du6O4jvFtqiwt4xuvIcc3shgZ.jpg\",\"contentUrl\":\"https:\/\/sceaux-lagazette.fr\/wp-content\/uploads\/2021\/10\/Assembl\u00e9e-Nationale-500_F_47811815_qFBWrb0du6O4jvFtqiwt4xuvIcc3shgZ.jpg\",\"width\":500,\"height\":163},{\"@type\":\"BreadcrumbList\",\"@id\":\"https:\/\/sceaux-lagazette.fr\/index.php\/2021\/10\/30\/temps-de-travail-en-france-2-2\/#breadcrumb\",\"itemListElement\":[{\"@type\":\"ListItem\",\"position\":1,\"name\":\"Accueil\",\"item\":\"https:\/\/sceaux-lagazette.fr\/\"},{\"@type\":\"ListItem\",\"position\":2,\"name\":\"Temps de travail en France (2\/2)\"}]},{\"@type\":\"WebSite\",\"@id\":\"https:\/\/sceaux-lagazette.fr\/#website\",\"url\":\"https:\/\/sceaux-lagazette.fr\/\",\"name\":\"La Gazette\",\"description\":\"Bourg-la-Reine, Ch\u00e2tenay, Fontenay, Sceaux\",\"publisher\":{\"@id\":\"https:\/\/sceaux-lagazette.fr\/#organization\"},\"potentialAction\":[{\"@type\":\"SearchAction\",\"target\":{\"@type\":\"EntryPoint\",\"urlTemplate\":\"https:\/\/sceaux-lagazette.fr\/?s={search_term_string}\"},\"query-input\":{\"@type\":\"PropertyValueSpecification\",\"valueRequired\":true,\"valueName\":\"search_term_string\"}}],\"inLanguage\":\"fr-FR\"},{\"@type\":\"Organization\",\"@id\":\"https:\/\/sceaux-lagazette.fr\/#organization\",\"name\":\"La Gazette\",\"url\":\"https:\/\/sceaux-lagazette.fr\/\",\"logo\":{\"@type\":\"ImageObject\",\"inLanguage\":\"fr-FR\",\"@id\":\"https:\/\/sceaux-lagazette.fr\/#\/schema\/logo\/image\/\",\"url\":\"https:\/\/sceaux-lagazette.fr\/wp-content\/uploads\/2025\/08\/Logo-Gazette-Aout-2025-V3.jpg\",\"contentUrl\":\"https:\/\/sceaux-lagazette.fr\/wp-content\/uploads\/2025\/08\/Logo-Gazette-Aout-2025-V3.jpg\",\"width\":525,\"height\":130,\"caption\":\"La Gazette\"},\"image\":{\"@id\":\"https:\/\/sceaux-lagazette.fr\/#\/schema\/logo\/image\/\"}},{\"@type\":\"Person\",\"@id\":\"https:\/\/sceaux-lagazette.fr\/#\/schema\/person\/5650e206a121f68c6f5e76379bccfbc4\",\"name\":\"G\u00e9rard Bardier\",\"image\":{\"@type\":\"ImageObject\",\"inLanguage\":\"fr-FR\",\"@id\":\"https:\/\/sceaux-lagazette.fr\/#\/schema\/person\/image\/\",\"url\":\"https:\/\/secure.gravatar.com\/avatar\/5cf4391ef9dbc0367750202561279a29?s=96&r=g\",\"contentUrl\":\"https:\/\/secure.gravatar.com\/avatar\/5cf4391ef9dbc0367750202561279a29?s=96&r=g\",\"caption\":\"G\u00e9rard Bardier\"},\"url\":\"https:\/\/sceaux-lagazette.fr\/index.php\/author\/gb\/\"}]}<\/script>\n<!-- \/ Yoast SEO plugin. -->","yoast_head_json":{"title":"Temps de travail en France (2\/2) - La Gazette","robots":{"index":"index","follow":"follow","max-snippet":"max-snippet:-1","max-image-preview":"max-image-preview:large","max-video-preview":"max-video-preview:-1"},"canonical":"https:\/\/sceaux-lagazette.fr\/index.php\/2021\/10\/30\/temps-de-travail-en-france-2-2\/","og_locale":"fr_FR","og_type":"article","og_title":"Temps de travail en France (2\/2) - La Gazette","og_description":"Les candidats et la dur\u00e9e du travail Dans un pr\u00e9c\u00e9dent article, ont \u00e9t\u00e9 pr\u00e9sent\u00e9s diff\u00e9rents aspects de la question du temps de travail. Elle avait \u00e9t\u00e9 abord\u00e9e dans un discours pr\u00e9sidentiel d\u2019o\u00f9 nous \u00e9tions partis. La r\u00e9action importante des m\u00e9dias \u00e0 ce qui n\u2019\u00e9tait qu\u2019un point parmi d\u2019autres montre que&#8230;","og_url":"https:\/\/sceaux-lagazette.fr\/index.php\/2021\/10\/30\/temps-de-travail-en-france-2-2\/","og_site_name":"La Gazette","article_published_time":"2021-10-30T06:23:00+00:00","article_modified_time":"2022-01-18T09:15:28+00:00","og_image":[{"width":500,"height":163,"url":"https:\/\/sceaux-lagazette.fr\/wp-content\/uploads\/2021\/10\/Assembl\u00e9e-Nationale-500_F_47811815_qFBWrb0du6O4jvFtqiwt4xuvIcc3shgZ.jpg","type":"image\/jpeg"}],"author":"G\u00e9rard Bardier","twitter_card":"summary_large_image","twitter_misc":{"\u00c9crit par":"G\u00e9rard Bardier","Dur\u00e9e de lecture estim\u00e9e":"6 minutes"},"schema":{"@context":"https:\/\/schema.org","@graph":[{"@type":"Article","@id":"https:\/\/sceaux-lagazette.fr\/index.php\/2021\/10\/30\/temps-de-travail-en-france-2-2\/#article","isPartOf":{"@id":"https:\/\/sceaux-lagazette.fr\/index.php\/2021\/10\/30\/temps-de-travail-en-france-2-2\/"},"author":{"name":"G\u00e9rard Bardier","@id":"https:\/\/sceaux-lagazette.fr\/#\/schema\/person\/5650e206a121f68c6f5e76379bccfbc4"},"headline":"Temps de travail en France (2\/2)","datePublished":"2021-10-30T06:23:00+00:00","dateModified":"2022-01-18T09:15:28+00:00","mainEntityOfPage":{"@id":"https:\/\/sceaux-lagazette.fr\/index.php\/2021\/10\/30\/temps-de-travail-en-france-2-2\/"},"wordCount":1193,"commentCount":1,"publisher":{"@id":"https:\/\/sceaux-lagazette.fr\/#organization"},"image":{"@id":"https:\/\/sceaux-lagazette.fr\/index.php\/2021\/10\/30\/temps-de-travail-en-france-2-2\/#primaryimage"},"thumbnailUrl":"https:\/\/sceaux-lagazette.fr\/wp-content\/uploads\/2021\/10\/Assembl\u00e9e-Nationale-500_F_47811815_qFBWrb0du6O4jvFtqiwt4xuvIcc3shgZ.jpg","articleSection":["Analyses"],"inLanguage":"fr-FR","potentialAction":[{"@type":"CommentAction","name":"Comment","target":["https:\/\/sceaux-lagazette.fr\/index.php\/2021\/10\/30\/temps-de-travail-en-france-2-2\/#respond"]}]},{"@type":"WebPage","@id":"https:\/\/sceaux-lagazette.fr\/index.php\/2021\/10\/30\/temps-de-travail-en-france-2-2\/","url":"https:\/\/sceaux-lagazette.fr\/index.php\/2021\/10\/30\/temps-de-travail-en-france-2-2\/","name":"Temps de travail en France (2\/2) - La Gazette","isPartOf":{"@id":"https:\/\/sceaux-lagazette.fr\/#website"},"primaryImageOfPage":{"@id":"https:\/\/sceaux-lagazette.fr\/index.php\/2021\/10\/30\/temps-de-travail-en-france-2-2\/#primaryimage"},"image":{"@id":"https:\/\/sceaux-lagazette.fr\/index.php\/2021\/10\/30\/temps-de-travail-en-france-2-2\/#primaryimage"},"thumbnailUrl":"https:\/\/sceaux-lagazette.fr\/wp-content\/uploads\/2021\/10\/Assembl\u00e9e-Nationale-500_F_47811815_qFBWrb0du6O4jvFtqiwt4xuvIcc3shgZ.jpg","datePublished":"2021-10-30T06:23:00+00:00","dateModified":"2022-01-18T09:15:28+00:00","breadcrumb":{"@id":"https:\/\/sceaux-lagazette.fr\/index.php\/2021\/10\/30\/temps-de-travail-en-france-2-2\/#breadcrumb"},"inLanguage":"fr-FR","potentialAction":[{"@type":"ReadAction","target":["https:\/\/sceaux-lagazette.fr\/index.php\/2021\/10\/30\/temps-de-travail-en-france-2-2\/"]}]},{"@type":"ImageObject","inLanguage":"fr-FR","@id":"https:\/\/sceaux-lagazette.fr\/index.php\/2021\/10\/30\/temps-de-travail-en-france-2-2\/#primaryimage","url":"https:\/\/sceaux-lagazette.fr\/wp-content\/uploads\/2021\/10\/Assembl\u00e9e-Nationale-500_F_47811815_qFBWrb0du6O4jvFtqiwt4xuvIcc3shgZ.jpg","contentUrl":"https:\/\/sceaux-lagazette.fr\/wp-content\/uploads\/2021\/10\/Assembl\u00e9e-Nationale-500_F_47811815_qFBWrb0du6O4jvFtqiwt4xuvIcc3shgZ.jpg","width":500,"height":163},{"@type":"BreadcrumbList","@id":"https:\/\/sceaux-lagazette.fr\/index.php\/2021\/10\/30\/temps-de-travail-en-france-2-2\/#breadcrumb","itemListElement":[{"@type":"ListItem","position":1,"name":"Accueil","item":"https:\/\/sceaux-lagazette.fr\/"},{"@type":"ListItem","position":2,"name":"Temps de travail en France (2\/2)"}]},{"@type":"WebSite","@id":"https:\/\/sceaux-lagazette.fr\/#website","url":"https:\/\/sceaux-lagazette.fr\/","name":"La Gazette","description":"Bourg-la-Reine, Ch\u00e2tenay, Fontenay, Sceaux","publisher":{"@id":"https:\/\/sceaux-lagazette.fr\/#organization"},"potentialAction":[{"@type":"SearchAction","target":{"@type":"EntryPoint","urlTemplate":"https:\/\/sceaux-lagazette.fr\/?s={search_term_string}"},"query-input":{"@type":"PropertyValueSpecification","valueRequired":true,"valueName":"search_term_string"}}],"inLanguage":"fr-FR"},{"@type":"Organization","@id":"https:\/\/sceaux-lagazette.fr\/#organization","name":"La Gazette","url":"https:\/\/sceaux-lagazette.fr\/","logo":{"@type":"ImageObject","inLanguage":"fr-FR","@id":"https:\/\/sceaux-lagazette.fr\/#\/schema\/logo\/image\/","url":"https:\/\/sceaux-lagazette.fr\/wp-content\/uploads\/2025\/08\/Logo-Gazette-Aout-2025-V3.jpg","contentUrl":"https:\/\/sceaux-lagazette.fr\/wp-content\/uploads\/2025\/08\/Logo-Gazette-Aout-2025-V3.jpg","width":525,"height":130,"caption":"La Gazette"},"image":{"@id":"https:\/\/sceaux-lagazette.fr\/#\/schema\/logo\/image\/"}},{"@type":"Person","@id":"https:\/\/sceaux-lagazette.fr\/#\/schema\/person\/5650e206a121f68c6f5e76379bccfbc4","name":"G\u00e9rard Bardier","image":{"@type":"ImageObject","inLanguage":"fr-FR","@id":"https:\/\/sceaux-lagazette.fr\/#\/schema\/person\/image\/","url":"https:\/\/secure.gravatar.com\/avatar\/5cf4391ef9dbc0367750202561279a29?s=96&r=g","contentUrl":"https:\/\/secure.gravatar.com\/avatar\/5cf4391ef9dbc0367750202561279a29?s=96&r=g","caption":"G\u00e9rard Bardier"},"url":"https:\/\/sceaux-lagazette.fr\/index.php\/author\/gb\/"}]}},"cc_featured_image_caption":{"caption_text":"","source_text":"","source_url":""},"_links":{"self":[{"href":"https:\/\/sceaux-lagazette.fr\/index.php\/wp-json\/wp\/v2\/posts\/4882"}],"collection":[{"href":"https:\/\/sceaux-lagazette.fr\/index.php\/wp-json\/wp\/v2\/posts"}],"about":[{"href":"https:\/\/sceaux-lagazette.fr\/index.php\/wp-json\/wp\/v2\/types\/post"}],"author":[{"embeddable":true,"href":"https:\/\/sceaux-lagazette.fr\/index.php\/wp-json\/wp\/v2\/users\/11"}],"replies":[{"embeddable":true,"href":"https:\/\/sceaux-lagazette.fr\/index.php\/wp-json\/wp\/v2\/comments?post=4882"}],"version-history":[{"count":9,"href":"https:\/\/sceaux-lagazette.fr\/index.php\/wp-json\/wp\/v2\/posts\/4882\/revisions"}],"predecessor-version":[{"id":5524,"href":"https:\/\/sceaux-lagazette.fr\/index.php\/wp-json\/wp\/v2\/posts\/4882\/revisions\/5524"}],"wp:featuredmedia":[{"embeddable":true,"href":"https:\/\/sceaux-lagazette.fr\/index.php\/wp-json\/wp\/v2\/media\/4928"}],"wp:attachment":[{"href":"https:\/\/sceaux-lagazette.fr\/index.php\/wp-json\/wp\/v2\/media?parent=4882"}],"wp:term":[{"taxonomy":"category","embeddable":true,"href":"https:\/\/sceaux-lagazette.fr\/index.php\/wp-json\/wp\/v2\/categories?post=4882"},{"taxonomy":"post_tag","embeddable":true,"href":"https:\/\/sceaux-lagazette.fr\/index.php\/wp-json\/wp\/v2\/tags?post=4882"}],"curies":[{"name":"wp","href":"https:\/\/api.w.org\/{rel}","templated":true}]}}