{"id":4682,"date":"2021-10-04T09:30:29","date_gmt":"2021-10-04T07:30:29","guid":{"rendered":"https:\/\/sceaux-lagazette.fr\/?p=4682"},"modified":"2021-10-01T09:10:08","modified_gmt":"2021-10-01T07:10:08","slug":"une-fois-que-tu-sais","status":"publish","type":"post","link":"https:\/\/sceaux-lagazette.fr\/index.php\/2021\/10\/04\/une-fois-que-tu-sais\/","title":{"rendered":"Une fois que tu sais"},"content":{"rendered":"\n<p>Emmanuel Cappelin a r\u00e9alis\u00e9 un long m\u00e9trage documentaire sur les questions li\u00e9es au changement climatique. C\u2019est son premier film et il vient de sortir. Il propose une analyse qu\u2019il appuie sur un nombre d\u2019entretiens avec des sp\u00e9cialistes du climat, des extraits de conf\u00e9rence, des descriptions de lieux que l\u2019ancien chef op\u00e9rateur d\u2019Arthus-Bertrand sait filmer.<\/p>\n\n\n\n<p>\u00ab\u00a0<em>Une fois que tu sais<\/em>\u00a0\u00bb est d\u00e9di\u00e9 \u00e0 ceux qui donnent leur vie \u00e0 la recherche sur le climat\u00a0; il rend hommage \u00e0 l\u2019action collective et solidaire permette de pr\u00e9parer une transition la plus humaine possible.<\/p>\n\n\n\n<p>A mes yeux, il r\u00e9sume bien toute l&rsquo;ambigu\u00eft\u00e9 et la somme de contradictions que nous devons affronter. D\u00e9j\u00e0, le titre du film laisse sous-entendre que savoir suffit \u00e0 changer nos comportements et le sens de notre vie. Est-ce bien vrai?<\/p>\n\n\n\n<p>D&rsquo;abord, Il faut accepter qu&rsquo;il y a quelque chose d&rsquo;in\u00e9luctable dans la situation actuelle. Le changement climatique, nous sommes contraints de le vivre qu&rsquo;on le veuille ou non, et il pose une question existentielle. Ainsi, nous savons tous, individuellement, que nous allons mourir. Qu&rsquo;est-ce que cette prise de conscience radicale provoque au plus profond de notre moi, dans ce qui guide mes choix de vie?<\/p>\n\n\n\n<p>Ce que je vois, ce que je lis et entends me conduit \u00e0 penser qu&rsquo;il n&rsquo;y a pas de r\u00e9ponse unique, et que chacun s&rsquo;accommode de ce qu&rsquo;il trouve.<\/p>\n\n\n\n<p>Le changement climatique est en cours, le GIEC le montre assez pour qu&rsquo;on n&rsquo;ait plus besoin de le d\u00e9montrer (il n&rsquo;est pire sourd que celui qui ne veut entendre). Les cons\u00e9quences en sont imaginables, descriptibles, d\u00e9j\u00e0 visibles et v\u00e9cues.<\/p>\n\n\n\n<p>Vais-je me r\u00e9signer et subir, ou puis-je \u00ab\u00a0faire quelque chose\u00a0\u00bb pour que\u2026\u2026 ? Et c&rsquo;est bien l\u00e0 que le probl\u00e8me se noue. Pour que \u2026\u2026 quoi?<\/p>\n\n\n\n<p>Que faire avec en perspective, la mort. Apr\u00e8s d&rsquo;autres et avant d&rsquo;autres dont font partie ceux qui me sont chers. Et, justement, quelle r\u00e9ponse ou quel exemple puis-je leur donner qu&rsquo;ils acceptent comme juste.<\/p>\n\n\n\n<p>Et puis donner sa vie\u00a0: comment ? Comme le sergent Marcel Kalafut, mort pour la France au Mali, ou bien comme m\u00e8re Teresa qui a donn\u00e9 sa vie au service des autres?<\/p>\n\n\n\n<p>En descendant dans la rue pour partager et hurler des slogans anti\u2026quelque chose ? Ou bien en s&rsquo;astreignant \u00e0 une vie r\u00e9duite pleine de renoncements, en esp\u00e9rant\u2026 ? Quoi, au fait ?<\/p>\n\n\n\n<p>Pour m\u00e8re Teresa, elle l&rsquo;a clairement dit. Pour le sergent Kalafut on peut s&rsquo;interroger : le sens du service, au nom de quoi ? La gloire ? Une m\u00e9daille f\u00fbt-elle posthume&nbsp;? Le devoir&nbsp;?<\/p>\n\n\n\n<p>Et pour moi&nbsp;? En faisant de la recherche sur le climat&nbsp;? En participant \u00e0 des actions comme celles engag\u00e9es par le Shift Project<a href=\"#_ftn1\">[1]<\/a> ou encore ZEN 2050<a href=\"#_ftn2\">[2]<\/a>, en esp\u00e9rant limiter les effets de ce changement ? Alors que je sais que toute action n&rsquo;est que transformation d&rsquo;\u00e9nergie, et encore aujourd&rsquo;hui majoritairement d&rsquo;origine fossile ? Et donc\u2026<\/p>\n\n\n\n<p>Pour d&rsquo;autres et ils sont nombreux, peu importe, pourvu qu&rsquo;on fasse quelque chose, n&rsquo;importe quoi, mais on ne peut pas rester \u00ab\u00a0les deux pieds dans le m\u00eame sabot\u00a0\u00bb. Ne serait-ce pas de l&rsquo;activisme\u2026 aveuglant et aveugl\u00e9 ?<\/p>\n\n\n\n<p>Agir emp\u00eacherait-il de penser&nbsp;? Bien compliqu\u00e9 tout \u00e7a.<\/p>\n\n\n\n<p>Le documentaire qui est un appel militant \u00e0 l\u2019action radicale m\u2019a laiss\u00e9 en plein doute.<\/p>\n\n\n\n<p>Faut-il envisager d\u00e8s maintenant de basculer dans une \u00e9conomie de guerre faite de rationnements, de restrictions, de difficult\u00e9s pour tous, de souffrances pour beaucoup, comme l&rsquo;on fait nos parents et grands-parents depuis 1940 jusqu&rsquo;en 1949&nbsp;?<\/p>\n\n\n\n<p>Comment fonder un espoir collectif sans une ambition plus haute que notre seul sens de la conservation&nbsp;?<\/p>\n\n\n\n<hr class=\"wp-block-separator\"\/>\n\n\n\n<p><a href=\"#_ftnref1\">[1]<\/a> Le Shift Project est un think tank qui travaille sur les questions climatiques et environnementales. Son site est tr\u00e8s int\u00e9ressant.<br><a href=\"#_ftnref2\">[2]<\/a> ZEN 2050 Maintenant est une association sc\u00e9enne qui s\u2019emploie \u00e0 d\u00e9cliner concr\u00e8tement, au plan local, les plans d\u2019actions initi\u00e9s aux niveaux national ou territorial.<\/p>\n","protected":false},"excerpt":{"rendered":"<p>Emmanuel Cappelin a r\u00e9alis\u00e9 un long m\u00e9trage documentaire sur les questions li\u00e9es au changement climatique. C\u2019est son premier film et il vient de sortir. Il propose une analyse qu\u2019il appuie sur un nombre d\u2019entretiens avec des sp\u00e9cialistes du climat, des extraits de conf\u00e9rence, des descriptions de lieux que l\u2019ancien chef&#8230;<\/p>\n","protected":false},"author":28,"featured_media":4684,"comment_status":"open","ping_status":"open","sticky":false,"template":"","format":"standard","meta":{"om_disable_all_campaigns":false,"_monsterinsights_skip_tracking":false,"_monsterinsights_sitenote_active":false,"_monsterinsights_sitenote_note":"","_monsterinsights_sitenote_category":0,"_uf_show_specific_survey":0,"_uf_disable_surveys":false,"footnotes":""},"categories":[53],"tags":[],"class_list":["post-4682","post","type-post","status-publish","format-standard","has-post-thumbnail","hentry","category-analyses","entry","simple"],"yoast_head":"<!-- This site is optimized with the Yoast SEO plugin v25.6 - https:\/\/yoast.com\/wordpress\/plugins\/seo\/ -->\n<title>Une fois que tu sais - La Gazette<\/title>\n<meta name=\"robots\" content=\"index, follow, max-snippet:-1, max-image-preview:large, max-video-preview:-1\" \/>\n<link rel=\"canonical\" href=\"https:\/\/sceaux-lagazette.fr\/index.php\/2021\/10\/04\/une-fois-que-tu-sais\/\" \/>\n<meta property=\"og:locale\" content=\"fr_FR\" \/>\n<meta property=\"og:type\" content=\"article\" \/>\n<meta property=\"og:title\" content=\"Une fois que tu sais - La Gazette\" \/>\n<meta property=\"og:description\" content=\"Emmanuel Cappelin a r\u00e9alis\u00e9 un long m\u00e9trage documentaire sur les questions li\u00e9es au changement climatique. C\u2019est son premier film et il vient de sortir. Il propose une analyse qu\u2019il appuie sur un nombre d\u2019entretiens avec des sp\u00e9cialistes du climat, des extraits de conf\u00e9rence, des descriptions de lieux que l\u2019ancien chef&#8230;\" \/>\n<meta property=\"og:url\" content=\"https:\/\/sceaux-lagazette.fr\/index.php\/2021\/10\/04\/une-fois-que-tu-sais\/\" \/>\n<meta property=\"og:site_name\" content=\"La Gazette\" \/>\n<meta property=\"article:published_time\" content=\"2021-10-04T07:30:29+00:00\" \/>\n<meta property=\"og:image\" content=\"https:\/\/sceaux-lagazette.fr\/wp-content\/uploads\/2021\/10\/Une-fois-que-tu-sais.jpg\" \/>\n\t<meta property=\"og:image:width\" content=\"696\" \/>\n\t<meta property=\"og:image:height\" content=\"546\" \/>\n\t<meta property=\"og:image:type\" content=\"image\/jpeg\" \/>\n<meta name=\"author\" content=\"Jean-Claude Herrenschmidt\" \/>\n<meta name=\"twitter:card\" content=\"summary_large_image\" \/>\n<meta name=\"twitter:label1\" content=\"\u00c9crit par\" \/>\n\t<meta name=\"twitter:data1\" content=\"Jean-Claude Herrenschmidt\" \/>\n\t<meta name=\"twitter:label2\" content=\"Dur\u00e9e de lecture estim\u00e9e\" \/>\n\t<meta name=\"twitter:data2\" content=\"3 minutes\" \/>\n<script type=\"application\/ld+json\" class=\"yoast-schema-graph\">{\"@context\":\"https:\/\/schema.org\",\"@graph\":[{\"@type\":\"Article\",\"@id\":\"https:\/\/sceaux-lagazette.fr\/index.php\/2021\/10\/04\/une-fois-que-tu-sais\/#article\",\"isPartOf\":{\"@id\":\"https:\/\/sceaux-lagazette.fr\/index.php\/2021\/10\/04\/une-fois-que-tu-sais\/\"},\"author\":{\"name\":\"Jean-Claude Herrenschmidt\",\"@id\":\"https:\/\/sceaux-lagazette.fr\/#\/schema\/person\/33fa531190c9596cebfe8fcb9411d0bb\"},\"headline\":\"Une fois que tu sais\",\"datePublished\":\"2021-10-04T07:30:29+00:00\",\"mainEntityOfPage\":{\"@id\":\"https:\/\/sceaux-lagazette.fr\/index.php\/2021\/10\/04\/une-fois-que-tu-sais\/\"},\"wordCount\":699,\"commentCount\":0,\"publisher\":{\"@id\":\"https:\/\/sceaux-lagazette.fr\/#organization\"},\"image\":{\"@id\":\"https:\/\/sceaux-lagazette.fr\/index.php\/2021\/10\/04\/une-fois-que-tu-sais\/#primaryimage\"},\"thumbnailUrl\":\"https:\/\/sceaux-lagazette.fr\/wp-content\/uploads\/2021\/10\/Une-fois-que-tu-sais.jpg\",\"articleSection\":[\"Analyses\"],\"inLanguage\":\"fr-FR\",\"potentialAction\":[{\"@type\":\"CommentAction\",\"name\":\"Comment\",\"target\":[\"https:\/\/sceaux-lagazette.fr\/index.php\/2021\/10\/04\/une-fois-que-tu-sais\/#respond\"]}]},{\"@type\":\"WebPage\",\"@id\":\"https:\/\/sceaux-lagazette.fr\/index.php\/2021\/10\/04\/une-fois-que-tu-sais\/\",\"url\":\"https:\/\/sceaux-lagazette.fr\/index.php\/2021\/10\/04\/une-fois-que-tu-sais\/\",\"name\":\"Une fois que tu sais - La Gazette\",\"isPartOf\":{\"@id\":\"https:\/\/sceaux-lagazette.fr\/#website\"},\"primaryImageOfPage\":{\"@id\":\"https:\/\/sceaux-lagazette.fr\/index.php\/2021\/10\/04\/une-fois-que-tu-sais\/#primaryimage\"},\"image\":{\"@id\":\"https:\/\/sceaux-lagazette.fr\/index.php\/2021\/10\/04\/une-fois-que-tu-sais\/#primaryimage\"},\"thumbnailUrl\":\"https:\/\/sceaux-lagazette.fr\/wp-content\/uploads\/2021\/10\/Une-fois-que-tu-sais.jpg\",\"datePublished\":\"2021-10-04T07:30:29+00:00\",\"breadcrumb\":{\"@id\":\"https:\/\/sceaux-lagazette.fr\/index.php\/2021\/10\/04\/une-fois-que-tu-sais\/#breadcrumb\"},\"inLanguage\":\"fr-FR\",\"potentialAction\":[{\"@type\":\"ReadAction\",\"target\":[\"https:\/\/sceaux-lagazette.fr\/index.php\/2021\/10\/04\/une-fois-que-tu-sais\/\"]}]},{\"@type\":\"ImageObject\",\"inLanguage\":\"fr-FR\",\"@id\":\"https:\/\/sceaux-lagazette.fr\/index.php\/2021\/10\/04\/une-fois-que-tu-sais\/#primaryimage\",\"url\":\"https:\/\/sceaux-lagazette.fr\/wp-content\/uploads\/2021\/10\/Une-fois-que-tu-sais.jpg\",\"contentUrl\":\"https:\/\/sceaux-lagazette.fr\/wp-content\/uploads\/2021\/10\/Une-fois-que-tu-sais.jpg\",\"width\":696,\"height\":546},{\"@type\":\"BreadcrumbList\",\"@id\":\"https:\/\/sceaux-lagazette.fr\/index.php\/2021\/10\/04\/une-fois-que-tu-sais\/#breadcrumb\",\"itemListElement\":[{\"@type\":\"ListItem\",\"position\":1,\"name\":\"Accueil\",\"item\":\"https:\/\/sceaux-lagazette.fr\/\"},{\"@type\":\"ListItem\",\"position\":2,\"name\":\"Une fois que tu sais\"}]},{\"@type\":\"WebSite\",\"@id\":\"https:\/\/sceaux-lagazette.fr\/#website\",\"url\":\"https:\/\/sceaux-lagazette.fr\/\",\"name\":\"La Gazette\",\"description\":\"Bourg-la-Reine, Ch\u00e2tenay, Fontenay, Sceaux\",\"publisher\":{\"@id\":\"https:\/\/sceaux-lagazette.fr\/#organization\"},\"potentialAction\":[{\"@type\":\"SearchAction\",\"target\":{\"@type\":\"EntryPoint\",\"urlTemplate\":\"https:\/\/sceaux-lagazette.fr\/?s={search_term_string}\"},\"query-input\":{\"@type\":\"PropertyValueSpecification\",\"valueRequired\":true,\"valueName\":\"search_term_string\"}}],\"inLanguage\":\"fr-FR\"},{\"@type\":\"Organization\",\"@id\":\"https:\/\/sceaux-lagazette.fr\/#organization\",\"name\":\"La Gazette\",\"url\":\"https:\/\/sceaux-lagazette.fr\/\",\"logo\":{\"@type\":\"ImageObject\",\"inLanguage\":\"fr-FR\",\"@id\":\"https:\/\/sceaux-lagazette.fr\/#\/schema\/logo\/image\/\",\"url\":\"https:\/\/sceaux-lagazette.fr\/wp-content\/uploads\/2025\/08\/Logo-Gazette-Aout-2025-V3.jpg\",\"contentUrl\":\"https:\/\/sceaux-lagazette.fr\/wp-content\/uploads\/2025\/08\/Logo-Gazette-Aout-2025-V3.jpg\",\"width\":525,\"height\":130,\"caption\":\"La Gazette\"},\"image\":{\"@id\":\"https:\/\/sceaux-lagazette.fr\/#\/schema\/logo\/image\/\"}},{\"@type\":\"Person\",\"@id\":\"https:\/\/sceaux-lagazette.fr\/#\/schema\/person\/33fa531190c9596cebfe8fcb9411d0bb\",\"name\":\"Jean-Claude Herrenschmidt\",\"image\":{\"@type\":\"ImageObject\",\"inLanguage\":\"fr-FR\",\"@id\":\"https:\/\/sceaux-lagazette.fr\/#\/schema\/person\/image\/\",\"url\":\"https:\/\/secure.gravatar.com\/avatar\/816423af13c7b24aed117a9bf5b04b4e?s=96&r=g\",\"contentUrl\":\"https:\/\/secure.gravatar.com\/avatar\/816423af13c7b24aed117a9bf5b04b4e?s=96&r=g\",\"caption\":\"Jean-Claude Herrenschmidt\"},\"url\":\"https:\/\/sceaux-lagazette.fr\/index.php\/author\/jean-claude\/\"}]}<\/script>\n<!-- \/ Yoast SEO plugin. -->","yoast_head_json":{"title":"Une fois que tu sais - La Gazette","robots":{"index":"index","follow":"follow","max-snippet":"max-snippet:-1","max-image-preview":"max-image-preview:large","max-video-preview":"max-video-preview:-1"},"canonical":"https:\/\/sceaux-lagazette.fr\/index.php\/2021\/10\/04\/une-fois-que-tu-sais\/","og_locale":"fr_FR","og_type":"article","og_title":"Une fois que tu sais - La Gazette","og_description":"Emmanuel Cappelin a r\u00e9alis\u00e9 un long m\u00e9trage documentaire sur les questions li\u00e9es au changement climatique. C\u2019est son premier film et il vient de sortir. Il propose une analyse qu\u2019il appuie sur un nombre d\u2019entretiens avec des sp\u00e9cialistes du climat, des extraits de conf\u00e9rence, des descriptions de lieux que l\u2019ancien chef&#8230;","og_url":"https:\/\/sceaux-lagazette.fr\/index.php\/2021\/10\/04\/une-fois-que-tu-sais\/","og_site_name":"La Gazette","article_published_time":"2021-10-04T07:30:29+00:00","og_image":[{"width":696,"height":546,"url":"https:\/\/sceaux-lagazette.fr\/wp-content\/uploads\/2021\/10\/Une-fois-que-tu-sais.jpg","type":"image\/jpeg"}],"author":"Jean-Claude Herrenschmidt","twitter_card":"summary_large_image","twitter_misc":{"\u00c9crit par":"Jean-Claude Herrenschmidt","Dur\u00e9e de lecture estim\u00e9e":"3 minutes"},"schema":{"@context":"https:\/\/schema.org","@graph":[{"@type":"Article","@id":"https:\/\/sceaux-lagazette.fr\/index.php\/2021\/10\/04\/une-fois-que-tu-sais\/#article","isPartOf":{"@id":"https:\/\/sceaux-lagazette.fr\/index.php\/2021\/10\/04\/une-fois-que-tu-sais\/"},"author":{"name":"Jean-Claude Herrenschmidt","@id":"https:\/\/sceaux-lagazette.fr\/#\/schema\/person\/33fa531190c9596cebfe8fcb9411d0bb"},"headline":"Une fois que tu sais","datePublished":"2021-10-04T07:30:29+00:00","mainEntityOfPage":{"@id":"https:\/\/sceaux-lagazette.fr\/index.php\/2021\/10\/04\/une-fois-que-tu-sais\/"},"wordCount":699,"commentCount":0,"publisher":{"@id":"https:\/\/sceaux-lagazette.fr\/#organization"},"image":{"@id":"https:\/\/sceaux-lagazette.fr\/index.php\/2021\/10\/04\/une-fois-que-tu-sais\/#primaryimage"},"thumbnailUrl":"https:\/\/sceaux-lagazette.fr\/wp-content\/uploads\/2021\/10\/Une-fois-que-tu-sais.jpg","articleSection":["Analyses"],"inLanguage":"fr-FR","potentialAction":[{"@type":"CommentAction","name":"Comment","target":["https:\/\/sceaux-lagazette.fr\/index.php\/2021\/10\/04\/une-fois-que-tu-sais\/#respond"]}]},{"@type":"WebPage","@id":"https:\/\/sceaux-lagazette.fr\/index.php\/2021\/10\/04\/une-fois-que-tu-sais\/","url":"https:\/\/sceaux-lagazette.fr\/index.php\/2021\/10\/04\/une-fois-que-tu-sais\/","name":"Une fois que tu sais - La Gazette","isPartOf":{"@id":"https:\/\/sceaux-lagazette.fr\/#website"},"primaryImageOfPage":{"@id":"https:\/\/sceaux-lagazette.fr\/index.php\/2021\/10\/04\/une-fois-que-tu-sais\/#primaryimage"},"image":{"@id":"https:\/\/sceaux-lagazette.fr\/index.php\/2021\/10\/04\/une-fois-que-tu-sais\/#primaryimage"},"thumbnailUrl":"https:\/\/sceaux-lagazette.fr\/wp-content\/uploads\/2021\/10\/Une-fois-que-tu-sais.jpg","datePublished":"2021-10-04T07:30:29+00:00","breadcrumb":{"@id":"https:\/\/sceaux-lagazette.fr\/index.php\/2021\/10\/04\/une-fois-que-tu-sais\/#breadcrumb"},"inLanguage":"fr-FR","potentialAction":[{"@type":"ReadAction","target":["https:\/\/sceaux-lagazette.fr\/index.php\/2021\/10\/04\/une-fois-que-tu-sais\/"]}]},{"@type":"ImageObject","inLanguage":"fr-FR","@id":"https:\/\/sceaux-lagazette.fr\/index.php\/2021\/10\/04\/une-fois-que-tu-sais\/#primaryimage","url":"https:\/\/sceaux-lagazette.fr\/wp-content\/uploads\/2021\/10\/Une-fois-que-tu-sais.jpg","contentUrl":"https:\/\/sceaux-lagazette.fr\/wp-content\/uploads\/2021\/10\/Une-fois-que-tu-sais.jpg","width":696,"height":546},{"@type":"BreadcrumbList","@id":"https:\/\/sceaux-lagazette.fr\/index.php\/2021\/10\/04\/une-fois-que-tu-sais\/#breadcrumb","itemListElement":[{"@type":"ListItem","position":1,"name":"Accueil","item":"https:\/\/sceaux-lagazette.fr\/"},{"@type":"ListItem","position":2,"name":"Une fois que tu sais"}]},{"@type":"WebSite","@id":"https:\/\/sceaux-lagazette.fr\/#website","url":"https:\/\/sceaux-lagazette.fr\/","name":"La Gazette","description":"Bourg-la-Reine, Ch\u00e2tenay, Fontenay, Sceaux","publisher":{"@id":"https:\/\/sceaux-lagazette.fr\/#organization"},"potentialAction":[{"@type":"SearchAction","target":{"@type":"EntryPoint","urlTemplate":"https:\/\/sceaux-lagazette.fr\/?s={search_term_string}"},"query-input":{"@type":"PropertyValueSpecification","valueRequired":true,"valueName":"search_term_string"}}],"inLanguage":"fr-FR"},{"@type":"Organization","@id":"https:\/\/sceaux-lagazette.fr\/#organization","name":"La Gazette","url":"https:\/\/sceaux-lagazette.fr\/","logo":{"@type":"ImageObject","inLanguage":"fr-FR","@id":"https:\/\/sceaux-lagazette.fr\/#\/schema\/logo\/image\/","url":"https:\/\/sceaux-lagazette.fr\/wp-content\/uploads\/2025\/08\/Logo-Gazette-Aout-2025-V3.jpg","contentUrl":"https:\/\/sceaux-lagazette.fr\/wp-content\/uploads\/2025\/08\/Logo-Gazette-Aout-2025-V3.jpg","width":525,"height":130,"caption":"La Gazette"},"image":{"@id":"https:\/\/sceaux-lagazette.fr\/#\/schema\/logo\/image\/"}},{"@type":"Person","@id":"https:\/\/sceaux-lagazette.fr\/#\/schema\/person\/33fa531190c9596cebfe8fcb9411d0bb","name":"Jean-Claude Herrenschmidt","image":{"@type":"ImageObject","inLanguage":"fr-FR","@id":"https:\/\/sceaux-lagazette.fr\/#\/schema\/person\/image\/","url":"https:\/\/secure.gravatar.com\/avatar\/816423af13c7b24aed117a9bf5b04b4e?s=96&r=g","contentUrl":"https:\/\/secure.gravatar.com\/avatar\/816423af13c7b24aed117a9bf5b04b4e?s=96&r=g","caption":"Jean-Claude Herrenschmidt"},"url":"https:\/\/sceaux-lagazette.fr\/index.php\/author\/jean-claude\/"}]}},"cc_featured_image_caption":{"caption_text":false,"source_text":false,"source_url":false},"_links":{"self":[{"href":"https:\/\/sceaux-lagazette.fr\/index.php\/wp-json\/wp\/v2\/posts\/4682"}],"collection":[{"href":"https:\/\/sceaux-lagazette.fr\/index.php\/wp-json\/wp\/v2\/posts"}],"about":[{"href":"https:\/\/sceaux-lagazette.fr\/index.php\/wp-json\/wp\/v2\/types\/post"}],"author":[{"embeddable":true,"href":"https:\/\/sceaux-lagazette.fr\/index.php\/wp-json\/wp\/v2\/users\/28"}],"replies":[{"embeddable":true,"href":"https:\/\/sceaux-lagazette.fr\/index.php\/wp-json\/wp\/v2\/comments?post=4682"}],"version-history":[{"count":1,"href":"https:\/\/sceaux-lagazette.fr\/index.php\/wp-json\/wp\/v2\/posts\/4682\/revisions"}],"predecessor-version":[{"id":4683,"href":"https:\/\/sceaux-lagazette.fr\/index.php\/wp-json\/wp\/v2\/posts\/4682\/revisions\/4683"}],"wp:featuredmedia":[{"embeddable":true,"href":"https:\/\/sceaux-lagazette.fr\/index.php\/wp-json\/wp\/v2\/media\/4684"}],"wp:attachment":[{"href":"https:\/\/sceaux-lagazette.fr\/index.php\/wp-json\/wp\/v2\/media?parent=4682"}],"wp:term":[{"taxonomy":"category","embeddable":true,"href":"https:\/\/sceaux-lagazette.fr\/index.php\/wp-json\/wp\/v2\/categories?post=4682"},{"taxonomy":"post_tag","embeddable":true,"href":"https:\/\/sceaux-lagazette.fr\/index.php\/wp-json\/wp\/v2\/tags?post=4682"}],"curies":[{"name":"wp","href":"https:\/\/api.w.org\/{rel}","templated":true}]}}