{"id":46600,"date":"2026-09-03T08:30:19","date_gmt":"2026-09-03T06:30:19","guid":{"rendered":"https:\/\/sceaux-lagazette.fr\/?p=46600"},"modified":"2026-09-03T08:49:35","modified_gmt":"2026-09-03T06:49:35","slug":"maeva-mel-chanter-pour-rassembler","status":"publish","type":"post","link":"https:\/\/sceaux-lagazette.fr\/index.php\/2026\/09\/03\/maeva-mel-chanter-pour-rassembler\/","title":{"rendered":"Maeva Mel : chanter pour rassembler"},"content":{"rendered":"\n<p>Maeva Mel est une mezzo-soprano aux r\u00e9pertoires multiples, jazz, blues et rythm&rsquo;n blues, soul, pop-rock, \u00e9lectro. Elle se produit dans des salles de spectacles, des cabarets, de grands h\u00f4tels. Un trajet \u00e9tonnant dont elle parle volontiers. Avec son association <em>La Passion du Chant<\/em>, elle propose des animations en tous genres, f\u00eates de villes, c\u00e9r\u00e9monies, bapt\u00eames, fian\u00e7ailles\u2026. Ce qui confirme que l\u2019associatif est compatible avec tout. Important de le rappeler en d\u00e9but septembre quand se tiennent tous ces forums d&rsquo;associations.<\/p>\n\n\n\n<h3 class=\"wp-block-heading\"><strong>Pierre Bozzonne&nbsp;: Qu\u2019est-ce qui vous a donn\u00e9 envie de devenir chanteuse ?<\/strong><\/h3>\n\n\n\n<p><strong>Maeva <\/strong>Il y a eu un moment pr\u00e9cis o\u00f9 le d\u00e9clic s\u2019est produit, celui qui m\u2019a donn\u00e9 envie de chanter. C\u2019est important pour moi, parce que je ne m\u2019en suis jamais vraiment \u00e9loign\u00e9e : j\u2019y tiens beaucoup, je veux rester la m\u00eame, toujours enthousiaste. Tout a commenc\u00e9 lors d\u2019un concert. J\u2019y ai vu une chanteuse noire am\u00e9ricaine qui me faisait r\u00eaver. Je devais avoir 17 ou 18 ans. Ce moment-l\u00e0 a \u00e9t\u00e9 fondateur : il m\u2019a donn\u00e9 la motivation et l\u2019envie profonde de chanter. C\u2019\u00e9tait <strong><em>Patty LaBelle,<\/em><\/strong> avec la chanson <em>Voulez-vous coucher avec moi ce soir ?<\/em>, reprise dans Moulin Rouge. Cette chanson est devenue l\u2019un des embl\u00e8mes du film. Apr\u00e8s ce concert, quelque chose s\u2019est impos\u00e9 \u00e0 moi comme une \u00e9vidence. J\u2019ai eu un v\u00e9ritable d\u00e9clic : je me suis dit que je voulais chanter comme elle.<\/p>\n\n\n\n<h3 class=\"wp-block-heading\"><strong>Est-ce que vous chantiez d\u00e9j\u00e0 beaucoup quand vous \u00e9tiez plus jeune ?<\/strong><\/h3>\n\n\n\n<p>Non, justement : je ne chantais pas particuli\u00e8rement avant. Ce concert a \u00e9t\u00e9 un v\u00e9ritable choc esth\u00e9tique. J\u2019ai ressenti comme une \u00e9vidence : cette profondeur dans le chant, cette voix qui vient de l\u2019\u00e2me, je voulais moi aussi l\u2019atteindre, parce que je la ressentais profond\u00e9ment cette possibilit\u00e9, comme elle. C\u2019est aussi \u00e0 ce moment-l\u00e0 que j\u2019ai compris que mon univers int\u00e9rieur, musicalement, \u00e9tait davantage nourri par des influences de chanteuses noires que par des r\u00e9f\u00e9rences blanches. Puis il y a eu d\u2019autres influences par la suite&nbsp;: un tas d\u2019artistes qui m\u2019ont touch\u00e9e, qui m\u2019ont plu et qui m\u2019ont donn\u00e9 envie de chanter \u2014 qui ont nourri ce d\u00e9clic.<\/p>\n\n\n\n<h3 class=\"wp-block-heading\"><strong>Quels autres artistes vous viennent \u00e0 l\u2019esprit ?<\/strong><\/h3>\n\n\n\n<p>Janis Joplin, bien s\u00fbr, pour sa dimension symbolique et sa voix extraordinaire. Il y a aussi Aretha Franklin et Billie Holiday : des voix immenses, parmi les plus grandes.<\/p>\n\n\n\n<h3 class=\"wp-block-heading\"><strong>Dans quel environnement avez-vous grandi, sans entrer n\u00e9cessairement dans les d\u00e9tails ?<\/strong><\/h3>\n\n\n\n<p>J\u2019ai grandi en R\u00e9gion Parisienne, dans un environnement assez ferm\u00e9 \u00e0 l\u2019expression artistique. Mes parents \u00e9taient tr\u00e8s pudiques, tr\u00e8s referm\u00e9s sur eux-m\u00eames. Une famille d\u2019immigr\u00e9e hispano-marocaine. Dans ce cadre familial, il existait des r\u00e8gles implicites tr\u00e8s fortes : ne pas se montrer, ne pas parler de soi, ne pas se faire remarquer.<\/p>\n\n\n\n<h3 class=\"wp-block-heading\"><strong>Et vous, avez-vous choisi de prendre le contrepied : vous montrer, prendre votre place et vous exprimer davantage ?<\/strong><\/h3>\n\n\n\n<p>J\u2019ai fait l\u2019inverse, parce que je sentais d\u00e9j\u00e0 en moi ce caract\u00e8re-l\u00e0. J\u2019ai toujours eu un temp\u00e9rament tr\u00e8s ouvert aux autres : expansif, extraverti et naturellement tourn\u00e9 vers les gens.<\/p>\n\n\n\n<h3 class=\"wp-block-heading\"><strong>\u00c0 17 ans, vous vivez donc un v\u00e9ritable choc esth\u00e9tique en entendant chanter cette artiste. Comment s\u2019est op\u00e9r\u00e9e ensuite la bascule entre cette r\u00e9v\u00e9lation int\u00e9rieure et le moment o\u00f9 vous avez d\u00e9cid\u00e9 de monter sur sc\u00e8ne ? Est-ce qu\u2019il y a eu une p\u00e9riode o\u00f9 vous avez essay\u00e9 de suivre une voie plus traditionnelle \u2014 avec des \u00e9tudes, un travail ou des exp\u00e9riences professionnelles classiques \u2014 avant de vous dire que cela ne vous correspondait plus et qu\u2019il fallait faire autre chose ?<\/strong><\/h3>\n\n\n\n<p>Eh bien justement, non. C\u2019est l\u00e0 que l\u2019\u00e9vidence est apparue.&nbsp; Je n\u2019avais ni travaill\u00e9 dans ce milieu, ni amis, ni connaissances parmi les musiciens, les producteurs, les chanteurs ou les chanteuses.<\/p>\n\n\n\n<p>Ce n\u2019\u00e9tait pas tout \u00e0 fait un hasard \u2014 je crois beaucoup \u00e0 l\u2019astral \u2014 mais tout est arriv\u00e9 un soir, alors que j\u2019\u00e9tais all\u00e9e \u00e9couter un groupe dans un piano-bar parisien, La P\u00e9rigourdine, \u00e0 Saint-Michel.<\/p>\n\n\n\n<p>Les musiciens jouaient devant un public assez restreint et ont demand\u00e9 si quelqu\u2019un voulait chanter, choisir une chanson ou participer d\u2019une mani\u00e8re ou d\u2019une autre. J\u2019ai os\u00e9 lever la main : \u00ab Moi, je veux bien chanter. \u00bb Quand je me suis lev\u00e9e et que j\u2019ai chant\u00e9, les gens se sont lev\u00e9s \u00e0 leur tour pour m\u2019applaudir. C\u2019est \u00e0 ce moment-l\u00e0 que je me suis dit : il y a vraiment quelque chose qui m\u2019appelle.<\/p>\n\n\n\n<h3 class=\"wp-block-heading\">C\u2019\u00e9tait donc une sorte de live, avec de vrais musiciens \u2014 un piano, des instrumentistes \u2014 et la possibilit\u00e9 de choisir une chanson dans leur r\u00e9pertoire.<\/h3>\n\n\n\n<p>Il y a eu une vraie connivence, aussi bien avec les musiciens qu\u2019avec le public. Avec les musiciens, quelque chose s\u2019est mis en place tr\u00e8s naturellement : je les ai suivis, ils m\u2019ont suivie. Pourtant, chaque chanteuse et chaque chanteur a sa propre tonalit\u00e9, sa mani\u00e8re d\u2019aborder une chanson. L\u00e0, je ne sais pas comment l\u2019expliquer, mais il y a eu une fluidit\u00e9 absolue.<\/p>\n\n\n\n<p>En rentrant chez moi, je me suis dit : \u00ab C\u2019est ce m\u00e9tier-l\u00e0 que je veux faire. Il n\u2019y a pas d\u2019autre solution. \u00bb Et m\u00eame si je devais continuer \u00e0 faire de petits boulots pour vivre \u2014 parce que la chanson, on le sait, n\u2019est pas un m\u00e9tier de s\u00e9curit\u00e9, loin de l\u00e0 \u2014 ce n\u2019\u00e9tait pas grave. Je pourrais toujours travailler dans la semaine et chanter le week-end ou en soir\u00e9e.<\/p>\n\n\n\n<h3 class=\"wp-block-heading\"><strong>Quand vous \u00eates mont\u00e9e sur sc\u00e8ne, avez-vous ressenti du stress ou de l\u2019angoisse, ou est-ce que cela vous a sembl\u00e9 naturel ?<\/strong><\/h3>\n\n\n\n<p>Cela m\u2019a sembl\u00e9 assez naturel, m\u00eame si, bien s\u00fbr, j\u2019avais malgr\u00e9 tout beaucoup le trac.<\/p>\n\n\n\n<h3 class=\"wp-block-heading\"><strong>Est-ce que vous ressentez encore le trac aujourd\u2019hui ?<\/strong><\/h3>\n\n\n\n<p>Avec l\u2019\u00e2ge, le trac est moins pr\u00e9sent. J\u2019en ai moins qu\u2019avant, mais il est toujours l\u00e0, au moins au d\u00e9but. Tr\u00e8s souvent, je ne connais pas la salle. Je change r\u00e9guli\u00e8rement d\u2019endroit, j\u2019arrive dans un lieu que je ne ma\u00eetrise pas encore. Ce n\u2019est pas comme lorsque je connais d\u00e9j\u00e0 le bar, la sc\u00e8ne, le son, sa mani\u00e8re de se diffuser, ou m\u00eame les clients. L\u00e0, au contraire, je me sens \u00e0 l\u2019aise.<\/p>\n\n\n\n<h3 class=\"wp-block-heading\"><strong>Est-ce qu\u2019il vous arrive de ressentir certains endroits comme plus accueillants ou, au contraire, plus hostiles ?<\/strong><\/h3>\n\n\n\n<p>Oui, bien s\u00fbr. Dans les grands h\u00f4tels, en particulier, il m\u2019est souvent arriv\u00e9 de ressentir cela \u2014 que ce soit au Lutetia, \u00e0 Cannes ou dans d\u2019autres lieux du m\u00eame type. Dans ces contextes, les gens d\u00eenent ou prennent un verre, mais ils n\u2019\u00e9coutent pas vraiment. Ils discutent entre eux, parfois m\u00eame de leurs contrats ou de leurs affaires. Ce n\u2019est donc pas le m\u00eame \u00e9tat d\u2019esprit que quelqu\u2019un qui vient simplement se d\u00e9tendre, boire un verre et \u00e9couter une chanteuse.<\/p>\n\n\n\n<h3 class=\"wp-block-heading\"><strong>Je comprends mieux le contexte. Dans ces moments o\u00f9 vous sentez que l\u2019ambiance est un peu hostile, ou que le public se d\u00e9sint\u00e9resse de votre prestation, comment parvenez-vous \u00e0 d\u00e9passer cela mentalement ?<\/strong><\/h3>\n\n\n\n<p>Comme je suis hypersensible, j\u2019ai appris \u00e0 me prot\u00e9ger afin que l\u2019attitude du public ne perturbe pas mon chant. Dans ces moments-l\u00e0, je me dis que ce n\u2019est pas grave si les gens discutent : l\u2019essentiel est que je continue \u00e0 prendre du plaisir.<\/p>\n\n\n\n<p>Je me recentre alors sur la musique. J\u2019encha\u00eene une premi\u00e8re chanson, puis une deuxi\u00e8me et une troisi\u00e8me ; peu \u00e0 peu, je retrouve mon \u00e9nergie. Je cherche un plaisir simple, presque celui d\u2019un karaok\u00e9: chanter d\u2019abord pour moi, tout en restant attentive \u00e0 l\u2019ambiance du lieu.<\/p>\n\n\n\n<p>Dans les grands h\u00f4tels, je sais que je peux parfois devenir une sorte de bande-son : une pr\u00e9sence musicale qui accompagne l\u2019atmosph\u00e8re en arri\u00e8re-plan. Mon r\u00f4le est alors de cr\u00e9er un fond sonore pendant que les clients \u2014 tr\u00e8s souvent des hommes \u2014 discutent ou n\u00e9gocient.<\/p>\n\n\n\n<p>Mais cette situation est sp\u00e9cifique aux grands h\u00f4tels. Je ne la retrouve pas dans les petits bars de quartier, les restaurants, les salles des f\u00eates ou les cabarets. Dans ces lieux, les gens viennent r\u00e9ellement partager un moment : ils aiment que l\u2019on \u00e9change avec eux, que l\u2019on plaisante et que l\u2019on chante ensemble. Ils sont r\u00e9ceptifs et viennent v\u00e9ritablement pour nous \u00e9couter.<\/p>\n\n\n\n<h3 class=\"wp-block-heading\"><strong>\u00c0 l\u2019inverse des exp\u00e9riences plus difficiles, quel est le moment de votre carri\u00e8re o\u00f9 vous avez pris le plus de plaisir ? Y a-t-il un lieu, une sc\u00e8ne ou une soir\u00e9e qui vous revient imm\u00e9diatement en m\u00e9moire, parce que tout s\u2019y est d\u00e9roul\u00e9 de fa\u00e7on particuli\u00e8rement heureuse ou intense ?<\/strong><\/h3>\n\n\n\n<p>Oui, le souvenir qui me revient imm\u00e9diatement, c\u2019est le troph\u00e9e Lanc\u00f4me \u00e0 Saint-Quentin-en-Yvelines. Le d\u00e9cor \u00e9tait \u00e9videmment sublime. <em>(Elle a les yeux qui p\u00e9tillent). <\/em>Je me suis retrouv\u00e9e projet\u00e9e dans un univers de haute aristocratie : des \u00e9l\u00e9gantes, des femmes avec des chapeaux extraordinaires, des tenues superbes. Pour moi, petite fille de rapatri\u00e9s et d\u2019\u00e9migr\u00e9s, cela a \u00e9t\u00e9 tr\u00e8s fort. Rien que d\u2019y repenser, j\u2019en ressens encore l\u2019\u00e9motion. Cela m\u2019a \u00e9norm\u00e9ment touch\u00e9e, parce que j\u2019ai r\u00e9alis\u00e9 que, sans la chanson, je n\u2019aurais sans doute jamais pu entrer dans ce milieu-l\u00e0.<\/p>\n\n\n\n<h3 class=\"wp-block-heading\"><strong>Ce qui vous a marqu\u00e9e, est-ce d\u2019abord le fait d\u2019entrer en contact avec un milieu social tr\u00e8s \u00e9loign\u00e9 de votre milieu d\u2019origine ? Ou bien y avait-il aussi quelque chose dans l\u2019accueil du public \u2014 son app\u00e9tence, sa joie, cette forme d\u2019osmose qui pouvait se cr\u00e9er entre vous et lui?<\/strong><\/h3>\n\n\n\n<p>Oui, il y avait cela aussi. Mais, un peu comme dans les grands h\u00f4tels, ce type de milieu s\u2019accompagne d\u2019une certaine r\u00e9serve. Ce ne sont pas des personnes qui vont forc\u00e9ment manifester leur joie de mani\u00e8re expansive, applaudir spontan\u00e9ment en rythme ou exprimer leur enthousiasme comme d\u2019autres publics peuvent le faire.<\/p>\n\n\n\n<h3 class=\"wp-block-heading\"><strong>Donc, ce qui vous a le plus impressionn\u00e9e, c\u2019est vraiment le lieu lui-m\u00eame&nbsp;!<\/strong><\/h3>\n\n\n\n<p>Ce qui m\u2019a vraiment marqu\u00e9e, c\u2019est l\u2019atmosph\u00e8re du lieu : le d\u00e9cor, l\u2019ensemble des personnes pr\u00e9sentes, tout ce que cela d\u00e9gageait. J\u2019ai ressenti quelque chose de profond\u00e9ment bouleversant. Je me suis dit : \u00ab Quel r\u00e9gal ! Quel bonheur de faire ce m\u00e9tier. \u00bb<\/p>\n\n\n\n<p>Je ne viens pas du tout de ce type de milieu. Je me suis demand\u00e9 si, en temps normal, j\u2019aurais pu me retrouver dans un endroit comme celui-l\u00e0, simplement comme une chanteuse parmi d\u2019autres. La r\u00e9ponse m\u2019a sembl\u00e9 \u00e9vidente : non. J\u2019avais pourtant d\u00e9j\u00e0 int\u00e9gr\u00e9 deux groupes de jazz compos\u00e9s, \u00e0 l\u2019\u00e9poque, de Versaillais, de chefs d\u2019entreprise et de personnes issues de milieux aristocratiques. J\u2019avais trouv\u00e9 cela touchant, presque attendrissant, mais je ne le vivais pas de la m\u00eame mani\u00e8re.<\/p>\n\n\n\n<p>C\u2019est vraiment lorsque je me suis retrouv\u00e9e sur ces terrains de golf, dans le cadre du troph\u00e9e Lanc\u00f4me, au contact d\u2019une grande marque de luxe, que j\u2019ai ressenti toute la force de cette exp\u00e9rience : le luxe parisien, l\u2019abondance, la beaut\u00e9. J\u2019\u00e9tais heureuse, tout simplement \u2014 heureuse de chanter devant ce public.<\/p>\n\n\n\n<h3 class=\"wp-block-heading\"><strong>Comment proc\u00e9dez-vous pour trouver de nouvelles dates et n\u00e9gocier vos contrats ? Quelle est votre d\u00e9marche g\u00e9n\u00e9rale lorsque vous souhaitez contacter un bar, un h\u00f4tel ou un cabaret : comment identifiez-vous les lieux, comment les approchez-vous, et comment pr\u00e9sentez-vous votre projet ?<\/strong><\/h3>\n\n\n\n<p>En g\u00e9n\u00e9ral, je passe beaucoup par les r\u00e9seaux sociaux. Je consulte r\u00e9guli\u00e8rement les pages de bars, de cabarets ou de restaurants que je ne connais pas encore, afin d\u2019identifier de nouveaux lieux o\u00f9 je pourrais me produire.<\/p>\n\n\n\n<p>Par exemple, j\u2019ai r\u00e9cemment rep\u00e9r\u00e9 un bar rue des Lombards, pr\u00e8s d\u2019un \u00e9tablissement qui s\u2019appelle l\u2019Hupper Caf\u00e9. Il n\u2019existe que depuis trois ou quatre mois, et je compte aller le voir. J\u2019ai aussi rep\u00e9r\u00e9 un autre lieu \u00e0 Bastille, Le Noir de Blanc, que j\u2019ai d\u00e9j\u00e0 contact\u00e9. Selon les cas, j\u2019envoie un message directement via le site internet du lieu ou par sa page Instagram. Parfois, j\u2019appelle \u00e9galement pour me pr\u00e9senter et demander un rendez-vous.<\/p>\n\n\n\n<p>Lors du rendez-vous, j\u2019explique concr\u00e8tement ce que je peux apporter. Je mets notamment en avant le fait que je dispose d\u2019une petite sono, tr\u00e8s peu encombrante. (Aujourd\u2019hui, il faut \u00eatre r\u00e9aliste : beaucoup d\u2019\u00e9tablissements n\u2019ont plus forc\u00e9ment les moyens, ni le budget, pour engager \u00e0 la fois des musiciens, un DJ, une chanteuse, un ing\u00e9nieur du son, etc.). Je leur pr\u00e9sente donc une formule plus \u00e9conomique, qui reste efficace et donne tr\u00e8s bien sur place. D\u2019une certaine mani\u00e8re, cela peut produire un rendu proche de celui d\u2019un groupe de musiciens, tout en co\u00fbtant beaucoup moins cher.<\/p>\n\n\n\n<p>C\u2019est un peu commercial, bien s\u00fbr, mais je suis oblig\u00e9e de passer par l\u00e0 pour r\u00e9ussir \u00e0 travailler tous les mois. J\u2019ai remarqu\u00e9 que cette approche plaisait aux responsables de lieux : elle les rassure et les motive aussi, je pense.<\/p>\n\n\n\n<h3 class=\"wp-block-heading\"><strong>Est-ce que vous avez en t\u00eate quelques-uns des endroits o\u00f9 vous vous \u00eates d\u00e9j\u00e0 produite ?<\/strong><\/h3>\n\n\n\n<p>Houl\u00e0, oui, il y en a beaucoup! Je pense notamment au Monroe Jazz Club, au Bataclan, \u00e0 La Cigale, au Piano Zinc, au Stonewall ou encore \u00e0 l\u2019Amn\u00e9sia. J\u2019ai \u00e9galement chant\u00e9 dans plusieurs discoth\u00e8ques, comme le Foch \u2014 tenu par Tony Gomez \u2014 ainsi que le K, le Majestic, et d\u2019autres lieux encore.<\/p>\n\n\n\n<h3 class=\"wp-block-heading\"><strong>J\u2019aimerais qu\u2019on aborde ici l\u2019aspect plus technique des choses. Lorsque vous arrivez dans un nouveau lieu, prenez-vous le temps d\u2019observer l\u2019acoustique et la qualit\u00e9 du son ? Est-ce que vous faites quelques tests pour trouver vos marques avant de chanter ?<\/strong><\/h3>\n\n\n\n<p>Oui, tout \u00e0 fait. R\u00e9cemment, par exemple, j\u2019ai chant\u00e9 sur une p\u00e9niche qui traversait Paris en passant sous les ponts. D\u00e8s mon arriv\u00e9e, avant m\u00eame que les clients ne s\u2019installent, j\u2019ai branch\u00e9 ma sono et fait un premier test.<\/p>\n\n\n\n<p>Je suis all\u00e9e jusqu\u2019au ponton, en passant par le bar, afin d\u2019\u00e9couter la sonorit\u00e9 du lieu : la mani\u00e8re dont le micro portait, mais aussi la fa\u00e7on dont la musique se diffusait dans l\u2019espace. Bien s\u00fbr, tant qu\u2019il n\u2019y a personne, le rendu reste diff\u00e9rent. Le son change automatiquement lorsqu\u2019il y a 30, 50 ou 100 personnes : les conversations absorbent une partie de la puissance et le micro peut sembler moins pr\u00e9sent.<\/p>\n\n\n\n<p>C\u2019est alors \u00e0 moi de bien diriger le son. Si je me d\u00e9place d\u2019une table \u00e0 l\u2019autre et que je remarque que l\u2019on m\u2019entend moins bien \u00e0 certains endroits, j\u2019ajuste discr\u00e8tement le volume \u2014 celui de la musique, celui du micro, ou les deux \u00e0 la fois. Ainsi, je m\u2019assure que le son reste bien diffus\u00e9 dans tout le lieu.<\/p>\n\n\n\n<h3 class=\"wp-block-heading\"><strong>J\u2019ai vu que vous \u00e9voluiez aussi dans le milieu du Marais. Au-del\u00e0 de sa dimension artistique et festive, c\u2019est avant tout le lieu d\u2019une communaut\u00e9 singuli\u00e8re et forte. Comment trouve-t-on sa place, et comment est-on accueillie, lorsqu\u2019on est une chanteuse femme au milieu de drag queens, de transformistes et de travestis&nbsp;?<\/strong><\/h3>\n\n\n\n<p>En fait, j\u2019ai d\u00e9couvert ce milieu naturellement gr\u00e2ce \u00e0 deux ou trois amis proches, effectivement gays. Au d\u00e9part, il s\u2019agissait simplement de sortir avec eux, de passer une bonne soir\u00e9e et de boire un verre. Et puis, comme souvent chez moi, l\u2019envie de chanter et de me produire est venue de mani\u00e8re tr\u00e8s spontan\u00e9e. Mais sinc\u00e8rement, je me suis toujours sentie bien accueillie.<\/p>\n\n\n\n<p>Dans une troupe de transformistes, il y a g\u00e9n\u00e9ralement entre trois et cinq personnes. Moi, j\u2019arrive un peu comme un \u00e9lectron libre&nbsp;: je peux \u00eatre la quatri\u00e8me, la cinqui\u00e8me ou la sixi\u00e8me pr\u00e9sence sur sc\u00e8ne. Mais je n\u2019ai jamais eu le sentiment d\u2019\u00eatre mise de c\u00f4t\u00e9.<\/p>\n\n\n\n<h3 class=\"wp-block-heading\"><strong>Je l\u2019ai moi-m\u00eame constat\u00e9 lorsque je vous ai vue sur sc\u00e8ne, lors d\u2019une grande soir\u00e9e organis\u00e9e pour un anniversaire dans un lieu bien connu du Marais. Vous vous en \u00eates tr\u00e8s bien sortie, et je n\u2019ai pas per\u00e7u, dans le public \u2014 compos\u00e9 presque exclusivement de personnes gays \u2014 de r\u00e9action d\u2019\u00e9tonnement ou de d\u00e9calage. Au contraire, j\u2019ai eu le sentiment que votre pr\u00e9sence passait tr\u00e8s bien.<\/strong><\/h3>\n\n\n\n<p>C\u2019est vrai. Je pense que cela fonctionne parce que toutes ces disciplines sont parfaitement compatibles&nbsp;: le drag, le chant, l\u2019animation et la danse s\u2019accordent naturellement.<br>Au fond, tous ces \u00e9l\u00e9ments ne forment qu\u2019un seul et m\u00eame spectacle.<\/p>\n\n\n\n<p>Et je dirais m\u00eame que \u00e7a participe \u00e0 une certaine pause dans le spectacle toujours un peu extravagant de surench\u00e8res, de drag queen, etc. &nbsp;Et votre arriv\u00e9e justement permet de faire une pause. Et \u00e7a leur permet \u00e0 elles de se changer, de se d\u00e9maquiller, de se remaquiller, etc. Et je trouve que c&rsquo;est tr\u00e8s bien et c&rsquo;est assez fluide. &nbsp;<\/p>\n\n\n\n<p><em>(Pour celles et ceux qui ne connaissent pas cet univers, il faut se r\u00e9f\u00e9rer \u00e0 l\u2019ancien Cabaret de Michou&nbsp;: on y voyait des artistes imiter des chanteuses consid\u00e9r\u00e9es comme des ic\u00f4nes queer, comme Dalida, Sylvie Vartan, Mireille Mathieu, France Gall, Zizi Jeanmaire ou C\u00e9line Dion. Ils ne reprennent pas r\u00e9ellement leur voix&nbsp;: ils jouent en playback. Gr\u00e2ce aux mimiques, \u00e0 l\u2019attitude et \u00e0 la synchronisation avec la voix originale, ils donnent au public l\u2019impression d\u2019avoir face \u00e0 lui l\u2019artiste incarn\u00e9e).<\/em><\/p>\n\n\n\n<p>Oui, vous avez compl\u00e8tement raison. Justement, ces univers sont compl\u00e9mentaires. J\u2019apporte mon c\u00f4t\u00e9 showgirl, mais aussi mon sens de l\u2019animation&nbsp;: je vais \u00e0 la rencontre du public, l\u2019invite \u00e0 participer, \u00e0 taper dans les mains, et cr\u00e9e un lien direct avec lui. J\u2019occupe ainsi pleinement la sc\u00e8ne et transmet le plaisir d\u2019\u00eatre l\u00e0, avec les gens et pour eux.<\/p>\n\n\n\n<p>Le transformiste, de son c\u00f4t\u00e9, travaille autrement&nbsp;: il ne chante pas r\u00e9ellement, puisqu\u2019il interpr\u00e8te en playback \u2014 ce qu\u2019on appelle le lipsync \u2014 des titres associ\u00e9s \u00e0 de grandes voix comme C\u00e9line Dion ou Whitney Houston.<\/p>\n\n\n\n<p>Le public aime cette forme de spectacle, mais il appr\u00e9cie aussi la pr\u00e9sence d\u2019une vraie chanteuse, d\u2019une vraie femme, qui apporte une autre \u00e9nergie sur sc\u00e8ne. Finalement, tout se compl\u00e8te. Je suis aussi \u00e0 l\u2019aise seule en soliste que dans une troupe, que ce soit avec un danseur, un transformiste ou m\u00eame un DJ. Dans tous les cas, je me sens \u00e0 ma place, parce que je sais pourquoi je suis l\u00e0&nbsp;: je ne viens pas pour moi, je viens pour les autres. \u00c0 partir de l\u00e0, tout est clair dans ma t\u00eate&nbsp;: j\u2019ai un r\u00f4le pr\u00e9cis \u00e0 jouer, et je le joue \u00e0 fond.<\/p>\n\n\n\n<h3 class=\"wp-block-heading\"><strong>Justement, \u00e0 propos de ce r\u00f4le, comment parvenez-vous \u00e0 cr\u00e9er ce lien avec le public&nbsp;? Je vous ai vue tr\u00e8s directement en interaction avec lui&nbsp;: vous allez chercher les regards, vous vous approchez des personnes, vous les captez et vous les entra\u00eenez avec vous. Au-del\u00e0 du chant, de la ma\u00eetrise vocale et de la technique \u2014 dont nous avons d\u00e9j\u00e0 \u00e9voqu\u00e9 les principaux aspects \u2014 on sent chez vous un besoin fort d\u2019aller vers le public, le chercher, le convaincre et, d\u2019une certaine mani\u00e8re, de faire en sorte qu\u2019il soit heureux de partager ce moment avec vous.<\/strong><\/h3>\n\n\n\n<p>Oui, c\u2019est primordial. Quand on chante, il n\u2019y a pas seulement l\u2019\u00e9motion port\u00e9e par la voix&nbsp;: il y a aussi une \u00e9nergie qui circule. Pour moi, cette \u00e9nergie doit aller vers le public, \u00eatre partag\u00e9e, presque vibrer avec lui. Si l\u2019on reste dans son coin, sans aller vers les gens, le lien ne se cr\u00e9e pas vraiment. Le public peut \u00e9couter avec attention, gentillesse et politesse, mais il ne participe pas pleinement. Il manque alors cet \u00e9change d\u2019\u00e9nergie, cette vibration commune qui donne tout son sens au moment partag\u00e9. C\u2019est pour cette raison que j\u2019ai besoin d\u2019aller vers les gens. Le chant a pour moi une dimension presque spirituelle&nbsp;: il ne s\u2019agit pas seulement de chanter, de danser ou de faire la fofolle sur sc\u00e8ne. J\u2019ai aussi besoin de transmettre des messages d\u2019amour, de bienveillance et de tol\u00e9rance. Et c\u2019est pr\u00e9cis\u00e9ment parce que je vais \u00e0 la rencontre du public que je peux faire passer ces messages.<\/p>\n\n\n\n<h3 class=\"wp-block-heading\"><strong>Parlons maintenant de votre actualit\u00e9, qui est particuli\u00e8rement importante. Il y a deux raisons principales \u00e0 notre pr\u00e9sence aujourd\u2019hui. La premi\u00e8re concerne la F\u00eate des associations, \u00e0 laquelle vous allez participer. J\u2019aimerais que vous nous en parliez.<\/strong><\/h3>\n\n\n\n<p>Alors, il s\u2019agit d\u2019un festival annuel, organis\u00e9 chaque ann\u00e9e au mois de septembre \u00e0 Clamart et partout ailleurs. Il r\u00e9unit plusieurs villes et permet aux associations de se pr\u00e9senter, de partager leurs activit\u00e9s et de proposer des temps forts au public. J\u2019y pr\u00e9sente mon association, <em>La Passion du Chant<strong>. <\/strong><\/em>J\u2019y mets mes comp\u00e9tences au service de diff\u00e9rents projets&nbsp;: comme choriste, chanteuse, animatrice au sein de formations musicales, mais aussi en tant que soliste. J\u2019y apporte des conseils, j\u2019aide \u00e0 monter des groupes musicaux et j\u2019accompagne les personnes qui souhaitent \u00eatre orient\u00e9es vers des prestations adapt\u00e9es.<\/p>\n\n\n\n<p>Elle s\u2019adresse notamment aux personnes qui souhaitent organiser une soir\u00e9e priv\u00e9e, un mariage ou un \u00e9v\u00e9nement, mais qui ne savent pas toujours comment s\u2019y prendre, n\u2019ont pas les contacts n\u00e9cessaires ou manquent de temps pour tout organiser.<\/p>\n\n\n\n<p>De mon c\u00f4t\u00e9, je les accompagne tout \u00e0 fait gratuitement&nbsp;: je mets \u00e0 leur disposition mon savoir-faire, mon exp\u00e9rience et mon r\u00e9seau. Lorsque c\u2019est pertinent, j\u2019essaie aussi de les mettre en relation avec d\u2019autres artistes, afin de cr\u00e9er des collaborations et de leur permettre de travailler. Je g\u00e8re absolument tout moi-m\u00eame.<\/p>\n\n\n\n<p>Il me faut \u00eatre tr\u00e8s claire&nbsp;: m\u00eame les amis les plus proches n\u2019ont pas forc\u00e9ment une sensibilit\u00e9 artistique, et c\u2019est d\u2019ailleurs le cas de mes meilleurs amis. Pour ne pas les solliciter dans un domaine qui n\u2019est pas le leur, j\u2019ai pris l\u2019habitude de tout organiser seule.<\/p>\n\n\n\n<p>Concr\u00e8tement, je m\u2019occupe de la prospection, des rendez-vous, des shows, du mat\u00e9riel lorsqu\u2019il en faut, et de la recherche d\u2019autres prestataires si n\u00e9cessaire. Par exemple, dans une grande salle, une sono de 300 watts comme celle que j\u2019utilise ici ne suffit pas toujours. Selon le lieu et le type d\u2019\u00e9v\u00e9nement, il peut \u00eatre indispensable de faire appel \u00e0 un ing\u00e9nieur du son ou de pr\u00e9voir un syst\u00e8me de sonorisation plus puissant. On ne sonorise pas de la m\u00eame mani\u00e8re un petit salon, un caf\u00e9 de quartier, une salle des f\u00eates, un grand th\u00e9\u00e2tre ou un cabaret. Chaque lieu demande une adaptation sp\u00e9cifique.<\/p>\n\n\n\n<p>Il y a une sc\u00e8ne ouverte \u00e0 l\u2019occasion de la f\u00eate des associations. &nbsp;Comme les associations sont nombreuses, les organisateurs nous proposent des formats courts&nbsp;: de petits concerts, ou mini-shows, d\u2019environ quinze minutes par association. Pour moi, c\u2019est un format id\u00e9al&nbsp;: je chante, donc l\u2019installation est rapide et ne demande pas une longue pr\u00e9paration.<\/p>\n\n\n\n<h3 class=\"wp-block-heading\"><strong>Voil\u00e0 pour votre actualit\u00e9 imm\u00e9diate. Pour terminer, vous m\u2019avez aussi parl\u00e9 de projets \u00e0 venir, dans des cadres un peu nouveaux pour vous&nbsp;: notamment la possibilit\u00e9 de travailler en voix off. Mais il ne s\u2019agit pas forc\u00e9ment de la voix off telle qu\u2019on l\u2019entend habituellement dans les spots publicitaires, \u00e0 la radio ou ailleurs, avec des com\u00e9diens qui pr\u00e9sentent un produit ou un service. Dans votre cas, il s\u2019agit plut\u00f4t d\u2019une voix off li\u00e9e au chant.<\/strong><\/h3>\n\n\n\n<p>C\u2019est \u00e7a. Il peut s\u2019agir de chant, mais aussi de jingles publicitaires ou de voix parl\u00e9e. Je me suis donc enregistr\u00e9e avec ma sono. Un ami, passionn\u00e9 de montage vid\u00e9o et audio, et \u00e9quip\u00e9 des logiciels adapt\u00e9s, a assembl\u00e9 ma voix parl\u00e9e entre deux extraits de chansons. Nous avons r\u00e9alis\u00e9 une courte maquette d\u2019une minute, sous forme de d\u00e9mo. On m\u2019avait bien pr\u00e9cis\u00e9 qu\u2019elle ne devait pas d\u00e9passer cette dur\u00e9e, donc j\u2019ai respect\u00e9 le format demand\u00e9. Je vais maintenant l\u2019envoyer \u00e0 des stations de radio, \u00e0 des cha\u00eenes de t\u00e9l\u00e9vision et \u00e0 des soci\u00e9t\u00e9s de doublage, par exemple Les Bing Brothers.<\/p>\n\n\n\n<h3 class=\"wp-block-heading\"><strong>Bonne chance pour la suite! <\/strong><\/h3>\n\n\n\n<p><\/p>\n","protected":false},"excerpt":{"rendered":"<p>Maeva Mel est une mezzo-soprano aux r\u00e9pertoires multiples, jazz, blues et rythm&rsquo;n blues, soul, pop-rock, \u00e9lectro. Elle se produit dans des salles de spectacles, des cabarets, de grands h\u00f4tels. Un trajet \u00e9tonnant dont elle parle volontiers. Avec son association La Passion du Chant, elle propose des animations en tous genres,&#8230;<\/p>\n","protected":false},"author":46,"featured_media":46601,"comment_status":"open","ping_status":"open","sticky":false,"template":"","format":"standard","meta":{"om_disable_all_campaigns":false,"_monsterinsights_skip_tracking":false,"_uf_show_specific_survey":0,"_uf_disable_surveys":false,"footnotes":"","_members_access_role":[],"_members_access_error":""},"categories":[59],"tags":[],"class_list":["post-46600","post","type-post","status-publish","format-standard","has-post-thumbnail","hentry","category-portraits","entry","simple"],"yoast_head":"<!-- This site is optimized with the Yoast SEO plugin v25.6 - https:\/\/yoast.com\/wordpress\/plugins\/seo\/ -->\n<title>Maeva Mel : chanter pour rassembler - La Gazette<\/title>\n<meta name=\"robots\" content=\"index, follow, max-snippet:-1, max-image-preview:large, max-video-preview:-1\" \/>\n<link rel=\"canonical\" href=\"https:\/\/sceaux-lagazette.fr\/index.php\/2026\/09\/03\/maeva-mel-chanter-pour-rassembler\/\" \/>\n<meta property=\"og:locale\" content=\"fr_FR\" \/>\n<meta property=\"og:type\" content=\"article\" \/>\n<meta property=\"og:title\" content=\"Maeva Mel : chanter pour rassembler - La Gazette\" \/>\n<meta property=\"og:description\" content=\"Maeva Mel est une mezzo-soprano aux r\u00e9pertoires multiples, jazz, blues et rythm&rsquo;n blues, soul, pop-rock, \u00e9lectro. Elle se produit dans des salles de spectacles, des cabarets, de grands h\u00f4tels. Un trajet \u00e9tonnant dont elle parle volontiers. Avec son association La Passion du Chant, elle propose des animations en tous genres,&#8230;\" \/>\n<meta property=\"og:url\" content=\"https:\/\/sceaux-lagazette.fr\/index.php\/2026\/09\/03\/maeva-mel-chanter-pour-rassembler\/\" \/>\n<meta property=\"og:site_name\" content=\"La Gazette\" \/>\n<meta property=\"article:published_time\" content=\"2026-09-03T06:30:19+00:00\" \/>\n<meta property=\"article:modified_time\" content=\"2026-09-03T06:49:35+00:00\" \/>\n<meta property=\"og:image\" content=\"https:\/\/sceaux-lagazette.fr\/wp-content\/uploads\/2026\/09\/Maeva.jpg\" \/>\n\t<meta property=\"og:image:width\" content=\"910\" \/>\n\t<meta property=\"og:image:height\" content=\"472\" \/>\n\t<meta property=\"og:image:type\" content=\"image\/jpeg\" \/>\n<meta name=\"author\" content=\"Pierre Bozzonne\" \/>\n<meta name=\"twitter:card\" content=\"summary_large_image\" \/>\n<meta name=\"twitter:label1\" content=\"\u00c9crit par\" \/>\n\t<meta name=\"twitter:data1\" content=\"Pierre Bozzonne\" \/>\n\t<meta name=\"twitter:label2\" content=\"Dur\u00e9e de lecture estim\u00e9e\" \/>\n\t<meta name=\"twitter:data2\" content=\"20 minutes\" \/>\n<script type=\"application\/ld+json\" class=\"yoast-schema-graph\">{\"@context\":\"https:\/\/schema.org\",\"@graph\":[{\"@type\":\"Article\",\"@id\":\"https:\/\/sceaux-lagazette.fr\/index.php\/2026\/09\/03\/maeva-mel-chanter-pour-rassembler\/#article\",\"isPartOf\":{\"@id\":\"https:\/\/sceaux-lagazette.fr\/index.php\/2026\/09\/03\/maeva-mel-chanter-pour-rassembler\/\"},\"author\":{\"name\":\"Pierre Bozzonne\",\"@id\":\"https:\/\/sceaux-lagazette.fr\/#\/schema\/person\/fc66afcc3e1fb790b5c83a90d0b83e6a\"},\"headline\":\"Maeva Mel : chanter pour rassembler\",\"datePublished\":\"2026-09-03T06:30:19+00:00\",\"dateModified\":\"2026-09-03T06:49:35+00:00\",\"mainEntityOfPage\":{\"@id\":\"https:\/\/sceaux-lagazette.fr\/index.php\/2026\/09\/03\/maeva-mel-chanter-pour-rassembler\/\"},\"wordCount\":4300,\"commentCount\":0,\"publisher\":{\"@id\":\"https:\/\/sceaux-lagazette.fr\/#organization\"},\"image\":{\"@id\":\"https:\/\/sceaux-lagazette.fr\/index.php\/2026\/09\/03\/maeva-mel-chanter-pour-rassembler\/#primaryimage\"},\"thumbnailUrl\":\"https:\/\/sceaux-lagazette.fr\/wp-content\/uploads\/2026\/09\/Maeva.jpg\",\"articleSection\":[\"Portraits\"],\"inLanguage\":\"fr-FR\",\"potentialAction\":[{\"@type\":\"CommentAction\",\"name\":\"Comment\",\"target\":[\"https:\/\/sceaux-lagazette.fr\/index.php\/2026\/09\/03\/maeva-mel-chanter-pour-rassembler\/#respond\"]}]},{\"@type\":\"WebPage\",\"@id\":\"https:\/\/sceaux-lagazette.fr\/index.php\/2026\/09\/03\/maeva-mel-chanter-pour-rassembler\/\",\"url\":\"https:\/\/sceaux-lagazette.fr\/index.php\/2026\/09\/03\/maeva-mel-chanter-pour-rassembler\/\",\"name\":\"Maeva Mel : chanter pour rassembler - La Gazette\",\"isPartOf\":{\"@id\":\"https:\/\/sceaux-lagazette.fr\/#website\"},\"primaryImageOfPage\":{\"@id\":\"https:\/\/sceaux-lagazette.fr\/index.php\/2026\/09\/03\/maeva-mel-chanter-pour-rassembler\/#primaryimage\"},\"image\":{\"@id\":\"https:\/\/sceaux-lagazette.fr\/index.php\/2026\/09\/03\/maeva-mel-chanter-pour-rassembler\/#primaryimage\"},\"thumbnailUrl\":\"https:\/\/sceaux-lagazette.fr\/wp-content\/uploads\/2026\/09\/Maeva.jpg\",\"datePublished\":\"2026-09-03T06:30:19+00:00\",\"dateModified\":\"2026-09-03T06:49:35+00:00\",\"breadcrumb\":{\"@id\":\"https:\/\/sceaux-lagazette.fr\/index.php\/2026\/09\/03\/maeva-mel-chanter-pour-rassembler\/#breadcrumb\"},\"inLanguage\":\"fr-FR\",\"potentialAction\":[{\"@type\":\"ReadAction\",\"target\":[\"https:\/\/sceaux-lagazette.fr\/index.php\/2026\/09\/03\/maeva-mel-chanter-pour-rassembler\/\"]}]},{\"@type\":\"ImageObject\",\"inLanguage\":\"fr-FR\",\"@id\":\"https:\/\/sceaux-lagazette.fr\/index.php\/2026\/09\/03\/maeva-mel-chanter-pour-rassembler\/#primaryimage\",\"url\":\"https:\/\/sceaux-lagazette.fr\/wp-content\/uploads\/2026\/09\/Maeva.jpg\",\"contentUrl\":\"https:\/\/sceaux-lagazette.fr\/wp-content\/uploads\/2026\/09\/Maeva.jpg\",\"width\":910,\"height\":472},{\"@type\":\"BreadcrumbList\",\"@id\":\"https:\/\/sceaux-lagazette.fr\/index.php\/2026\/09\/03\/maeva-mel-chanter-pour-rassembler\/#breadcrumb\",\"itemListElement\":[{\"@type\":\"ListItem\",\"position\":1,\"name\":\"Accueil\",\"item\":\"https:\/\/sceaux-lagazette.fr\/\"},{\"@type\":\"ListItem\",\"position\":2,\"name\":\"Maeva Mel : chanter pour rassembler\"}]},{\"@type\":\"WebSite\",\"@id\":\"https:\/\/sceaux-lagazette.fr\/#website\",\"url\":\"https:\/\/sceaux-lagazette.fr\/\",\"name\":\"La Gazette\",\"description\":\"Bourg-la-Reine, Ch\u00e2tenay, Fontenay, Sceaux\",\"publisher\":{\"@id\":\"https:\/\/sceaux-lagazette.fr\/#organization\"},\"potentialAction\":[{\"@type\":\"SearchAction\",\"target\":{\"@type\":\"EntryPoint\",\"urlTemplate\":\"https:\/\/sceaux-lagazette.fr\/?s={search_term_string}\"},\"query-input\":{\"@type\":\"PropertyValueSpecification\",\"valueRequired\":true,\"valueName\":\"search_term_string\"}}],\"inLanguage\":\"fr-FR\"},{\"@type\":\"Organization\",\"@id\":\"https:\/\/sceaux-lagazette.fr\/#organization\",\"name\":\"La Gazette\",\"url\":\"https:\/\/sceaux-lagazette.fr\/\",\"logo\":{\"@type\":\"ImageObject\",\"inLanguage\":\"fr-FR\",\"@id\":\"https:\/\/sceaux-lagazette.fr\/#\/schema\/logo\/image\/\",\"url\":\"https:\/\/sceaux-lagazette.fr\/wp-content\/uploads\/2025\/08\/Logo-Gazette-Aout-2025-V3.jpg\",\"contentUrl\":\"https:\/\/sceaux-lagazette.fr\/wp-content\/uploads\/2025\/08\/Logo-Gazette-Aout-2025-V3.jpg\",\"width\":525,\"height\":130,\"caption\":\"La Gazette\"},\"image\":{\"@id\":\"https:\/\/sceaux-lagazette.fr\/#\/schema\/logo\/image\/\"}},{\"@type\":\"Person\",\"@id\":\"https:\/\/sceaux-lagazette.fr\/#\/schema\/person\/fc66afcc3e1fb790b5c83a90d0b83e6a\",\"name\":\"Pierre Bozzonne\",\"image\":{\"@type\":\"ImageObject\",\"inLanguage\":\"fr-FR\",\"@id\":\"https:\/\/sceaux-lagazette.fr\/#\/schema\/person\/image\/\",\"url\":\"https:\/\/secure.gravatar.com\/avatar\/c4f964cef1aa41a485b745cba2cc0047?s=96&r=g\",\"contentUrl\":\"https:\/\/secure.gravatar.com\/avatar\/c4f964cef1aa41a485b745cba2cc0047?s=96&r=g\",\"caption\":\"Pierre Bozzonne\"},\"url\":\"https:\/\/sceaux-lagazette.fr\/index.php\/author\/pierre-bozzonne\/\"}]}<\/script>\n<!-- \/ Yoast SEO plugin. -->","yoast_head_json":{"title":"Maeva Mel : chanter pour rassembler - La Gazette","robots":{"index":"index","follow":"follow","max-snippet":"max-snippet:-1","max-image-preview":"max-image-preview:large","max-video-preview":"max-video-preview:-1"},"canonical":"https:\/\/sceaux-lagazette.fr\/index.php\/2026\/09\/03\/maeva-mel-chanter-pour-rassembler\/","og_locale":"fr_FR","og_type":"article","og_title":"Maeva Mel : chanter pour rassembler - La Gazette","og_description":"Maeva Mel est une mezzo-soprano aux r\u00e9pertoires multiples, jazz, blues et rythm&rsquo;n blues, soul, pop-rock, \u00e9lectro. Elle se produit dans des salles de spectacles, des cabarets, de grands h\u00f4tels. Un trajet \u00e9tonnant dont elle parle volontiers. Avec son association La Passion du Chant, elle propose des animations en tous genres,&#8230;","og_url":"https:\/\/sceaux-lagazette.fr\/index.php\/2026\/09\/03\/maeva-mel-chanter-pour-rassembler\/","og_site_name":"La Gazette","article_published_time":"2026-09-03T06:30:19+00:00","article_modified_time":"2026-09-03T06:49:35+00:00","og_image":[{"width":910,"height":472,"url":"https:\/\/sceaux-lagazette.fr\/wp-content\/uploads\/2026\/09\/Maeva.jpg","type":"image\/jpeg"}],"author":"Pierre Bozzonne","twitter_card":"summary_large_image","twitter_misc":{"\u00c9crit par":"Pierre Bozzonne","Dur\u00e9e de lecture estim\u00e9e":"20 minutes"},"schema":{"@context":"https:\/\/schema.org","@graph":[{"@type":"Article","@id":"https:\/\/sceaux-lagazette.fr\/index.php\/2026\/09\/03\/maeva-mel-chanter-pour-rassembler\/#article","isPartOf":{"@id":"https:\/\/sceaux-lagazette.fr\/index.php\/2026\/09\/03\/maeva-mel-chanter-pour-rassembler\/"},"author":{"name":"Pierre Bozzonne","@id":"https:\/\/sceaux-lagazette.fr\/#\/schema\/person\/fc66afcc3e1fb790b5c83a90d0b83e6a"},"headline":"Maeva Mel : chanter pour rassembler","datePublished":"2026-09-03T06:30:19+00:00","dateModified":"2026-09-03T06:49:35+00:00","mainEntityOfPage":{"@id":"https:\/\/sceaux-lagazette.fr\/index.php\/2026\/09\/03\/maeva-mel-chanter-pour-rassembler\/"},"wordCount":4300,"commentCount":0,"publisher":{"@id":"https:\/\/sceaux-lagazette.fr\/#organization"},"image":{"@id":"https:\/\/sceaux-lagazette.fr\/index.php\/2026\/09\/03\/maeva-mel-chanter-pour-rassembler\/#primaryimage"},"thumbnailUrl":"https:\/\/sceaux-lagazette.fr\/wp-content\/uploads\/2026\/09\/Maeva.jpg","articleSection":["Portraits"],"inLanguage":"fr-FR","potentialAction":[{"@type":"CommentAction","name":"Comment","target":["https:\/\/sceaux-lagazette.fr\/index.php\/2026\/09\/03\/maeva-mel-chanter-pour-rassembler\/#respond"]}]},{"@type":"WebPage","@id":"https:\/\/sceaux-lagazette.fr\/index.php\/2026\/09\/03\/maeva-mel-chanter-pour-rassembler\/","url":"https:\/\/sceaux-lagazette.fr\/index.php\/2026\/09\/03\/maeva-mel-chanter-pour-rassembler\/","name":"Maeva Mel : chanter pour rassembler - La Gazette","isPartOf":{"@id":"https:\/\/sceaux-lagazette.fr\/#website"},"primaryImageOfPage":{"@id":"https:\/\/sceaux-lagazette.fr\/index.php\/2026\/09\/03\/maeva-mel-chanter-pour-rassembler\/#primaryimage"},"image":{"@id":"https:\/\/sceaux-lagazette.fr\/index.php\/2026\/09\/03\/maeva-mel-chanter-pour-rassembler\/#primaryimage"},"thumbnailUrl":"https:\/\/sceaux-lagazette.fr\/wp-content\/uploads\/2026\/09\/Maeva.jpg","datePublished":"2026-09-03T06:30:19+00:00","dateModified":"2026-09-03T06:49:35+00:00","breadcrumb":{"@id":"https:\/\/sceaux-lagazette.fr\/index.php\/2026\/09\/03\/maeva-mel-chanter-pour-rassembler\/#breadcrumb"},"inLanguage":"fr-FR","potentialAction":[{"@type":"ReadAction","target":["https:\/\/sceaux-lagazette.fr\/index.php\/2026\/09\/03\/maeva-mel-chanter-pour-rassembler\/"]}]},{"@type":"ImageObject","inLanguage":"fr-FR","@id":"https:\/\/sceaux-lagazette.fr\/index.php\/2026\/09\/03\/maeva-mel-chanter-pour-rassembler\/#primaryimage","url":"https:\/\/sceaux-lagazette.fr\/wp-content\/uploads\/2026\/09\/Maeva.jpg","contentUrl":"https:\/\/sceaux-lagazette.fr\/wp-content\/uploads\/2026\/09\/Maeva.jpg","width":910,"height":472},{"@type":"BreadcrumbList","@id":"https:\/\/sceaux-lagazette.fr\/index.php\/2026\/09\/03\/maeva-mel-chanter-pour-rassembler\/#breadcrumb","itemListElement":[{"@type":"ListItem","position":1,"name":"Accueil","item":"https:\/\/sceaux-lagazette.fr\/"},{"@type":"ListItem","position":2,"name":"Maeva Mel : chanter pour rassembler"}]},{"@type":"WebSite","@id":"https:\/\/sceaux-lagazette.fr\/#website","url":"https:\/\/sceaux-lagazette.fr\/","name":"La Gazette","description":"Bourg-la-Reine, Ch\u00e2tenay, Fontenay, Sceaux","publisher":{"@id":"https:\/\/sceaux-lagazette.fr\/#organization"},"potentialAction":[{"@type":"SearchAction","target":{"@type":"EntryPoint","urlTemplate":"https:\/\/sceaux-lagazette.fr\/?s={search_term_string}"},"query-input":{"@type":"PropertyValueSpecification","valueRequired":true,"valueName":"search_term_string"}}],"inLanguage":"fr-FR"},{"@type":"Organization","@id":"https:\/\/sceaux-lagazette.fr\/#organization","name":"La Gazette","url":"https:\/\/sceaux-lagazette.fr\/","logo":{"@type":"ImageObject","inLanguage":"fr-FR","@id":"https:\/\/sceaux-lagazette.fr\/#\/schema\/logo\/image\/","url":"https:\/\/sceaux-lagazette.fr\/wp-content\/uploads\/2025\/08\/Logo-Gazette-Aout-2025-V3.jpg","contentUrl":"https:\/\/sceaux-lagazette.fr\/wp-content\/uploads\/2025\/08\/Logo-Gazette-Aout-2025-V3.jpg","width":525,"height":130,"caption":"La Gazette"},"image":{"@id":"https:\/\/sceaux-lagazette.fr\/#\/schema\/logo\/image\/"}},{"@type":"Person","@id":"https:\/\/sceaux-lagazette.fr\/#\/schema\/person\/fc66afcc3e1fb790b5c83a90d0b83e6a","name":"Pierre Bozzonne","image":{"@type":"ImageObject","inLanguage":"fr-FR","@id":"https:\/\/sceaux-lagazette.fr\/#\/schema\/person\/image\/","url":"https:\/\/secure.gravatar.com\/avatar\/c4f964cef1aa41a485b745cba2cc0047?s=96&r=g","contentUrl":"https:\/\/secure.gravatar.com\/avatar\/c4f964cef1aa41a485b745cba2cc0047?s=96&r=g","caption":"Pierre Bozzonne"},"url":"https:\/\/sceaux-lagazette.fr\/index.php\/author\/pierre-bozzonne\/"}]}},"cc_featured_image_caption":{"caption_text":"Cr\u00e9dit Maeva","source_text":"","source_url":""},"_links":{"self":[{"href":"https:\/\/sceaux-lagazette.fr\/index.php\/wp-json\/wp\/v2\/posts\/46600"}],"collection":[{"href":"https:\/\/sceaux-lagazette.fr\/index.php\/wp-json\/wp\/v2\/posts"}],"about":[{"href":"https:\/\/sceaux-lagazette.fr\/index.php\/wp-json\/wp\/v2\/types\/post"}],"author":[{"embeddable":true,"href":"https:\/\/sceaux-lagazette.fr\/index.php\/wp-json\/wp\/v2\/users\/46"}],"replies":[{"embeddable":true,"href":"https:\/\/sceaux-lagazette.fr\/index.php\/wp-json\/wp\/v2\/comments?post=46600"}],"version-history":[{"count":5,"href":"https:\/\/sceaux-lagazette.fr\/index.php\/wp-json\/wp\/v2\/posts\/46600\/revisions"}],"predecessor-version":[{"id":46609,"href":"https:\/\/sceaux-lagazette.fr\/index.php\/wp-json\/wp\/v2\/posts\/46600\/revisions\/46609"}],"wp:featuredmedia":[{"embeddable":true,"href":"https:\/\/sceaux-lagazette.fr\/index.php\/wp-json\/wp\/v2\/media\/46601"}],"wp:attachment":[{"href":"https:\/\/sceaux-lagazette.fr\/index.php\/wp-json\/wp\/v2\/media?parent=46600"}],"wp:term":[{"taxonomy":"category","embeddable":true,"href":"https:\/\/sceaux-lagazette.fr\/index.php\/wp-json\/wp\/v2\/categories?post=46600"},{"taxonomy":"post_tag","embeddable":true,"href":"https:\/\/sceaux-lagazette.fr\/index.php\/wp-json\/wp\/v2\/tags?post=46600"}],"curies":[{"name":"wp","href":"https:\/\/api.w.org\/{rel}","templated":true}]}}