{"id":46592,"date":"2026-09-02T09:44:48","date_gmt":"2026-09-02T07:44:48","guid":{"rendered":"https:\/\/sceaux-lagazette.fr\/?p=46592"},"modified":"2026-09-02T09:53:40","modified_gmt":"2026-09-02T07:53:40","slug":"sellerie-et-maroquinerie-le-cuir-selon-david-zanini","status":"publish","type":"post","link":"https:\/\/sceaux-lagazette.fr\/index.php\/2026\/09\/02\/sellerie-et-maroquinerie-le-cuir-selon-david-zanini\/","title":{"rendered":"Sellerie et maroquinerie : le cuir selon David Zanini"},"content":{"rendered":"\n<p>David Zanini est sellier-maroquinier. Dans son atelier, \u00e0 <strong>Fontenay-aux-Roses<\/strong> rue Boris Vild\u00e9, sont accroch\u00e9s aux murs, des dizaines d\u2019outils et, l\u00e0, des fauteuils de tous styles en cours de r\u00e9novation. Des sacs en cuir \u00e9pais sont accroch\u00e9s sur des portants devant la vitrine.<\/p>\n\n\n\n<p>Labellis\u00e9 Artisan d\u2019art par la Chambre des M\u00e9tiers et de l\u2019Artisanat (CMA) des Hauts-de-Seine, David Zanini parle volontiers de son m\u00e9tier \u2014 ou plut\u00f4t de ses m\u00e9tiers.<\/p>\n\n\n\n<p>Ancien cadre marketing chez Renault, David Zanini avait quitt\u00e9 le constructeur pour changer de vie et s\u2019\u00e9loigner du monde des PowerPoint. Il voulait \u00ab&nbsp;<em>\u00eatre libre, ne plus d\u00e9pendre d\u2019une hi\u00e9rarchie<\/em>&nbsp;\u00bb. Il passe chez les Compagnons du Devoir un CAP sellerie o\u00f9 il apprend \u00e0 travailler les mat\u00e9riaux souples \u2014 tissu, similicuir, cuir, toile ou b\u00e2che \u2014 destin\u00e9s \u00e0 habiller une structure rigide. &nbsp;<\/p>\n\n\n\n<p>Rest\u00e9 sur sa faim avec le cuir, qu\u2019il appr\u00e9cie d\u2019embl\u00e9e, il poursuit chez les Compagnons du Devoir avec un CAP de maroquinerie.<\/p>\n\n\n\n<h2 class=\"wp-block-heading\">Le cuir respire<\/h2>\n\n\n\n<p>Le cuir l\u2019int\u00e9resse parce que \u00ab\u00a0<em>c&rsquo;est la trace de vie<\/em>\u00a0\u00bb r\u00e9pond-il sans r\u00e9fl\u00e9chir. C&rsquo;est un mat\u00e9riau vivant. Il existe certes des types de cuir \u00e0 l\u2019aspect \u00ab\u00a0parfait\u00a0\u00bb, mais il n\u2019en est pas fan. \u00ab\u00a0<em>Moi, j&rsquo;aime bien les cuirs o\u00f9 on distingue les traces de vie de l\u2019animal\u00a0: \u00a0C&rsquo;est une b\u00eate qui a v\u00e9cu. Veines, pliures, cicatrice de toutes sortes\u00a0: coup de cornes, de barbel\u00e9s, piq\u00fbres d\u2019insectes, traces d&rsquo;urine&#8230;<\/em>\u00a0\u00bb Animalistes, n\u2019insistez pas\u00a0! Oui du v\u00e9cu et c\u2019est \u00e0 ce titre que \u00ab\u00a0<em>100% des gens \u00e0 qui j&rsquo;ai montr\u00e9 ce cuir, l\u2019ont retenu<\/em>\u00a0\u00bb. S\u2019il \u00e9vitera de mettre les piq\u00fbres \u00e0 un endroit tr\u00e8s voyant, \u00ab<em>\u00a0contrairement \u00e0 l&rsquo;Herm\u00e8s, qui veut un cuir avec z\u00e9ro d\u00e9faut, j\u2019aime les imperfections.<\/em>\u00a0\u00bb<\/p>\n\n\n\n<p>Pour la d\u00e9monstration, il tire une peau avec ses mains. Des nuances de couleurs apparaissent selon l\u2019axe de tension. La peau n&rsquo;est pas uniforme. Beaucoup peuvent ressemblent \u00e0 du ska\u00ef\u00a9, ou de la cro\u00fbte de cuir enduite. Les \u00ab&nbsp;vraies&nbsp;\u00bb ont v\u00e9cu&nbsp;!<\/p>\n\n\n\n<p>Une peau, une fois mise \u00e0 plat, suit les contours des flancs, des pattes, du collet, du croupon\u2026 Le pr\u00eatant, c&rsquo;est la tension, l&rsquo;\u00e9lasticit\u00e9 du cuir. Globalement, \u00e7a part du centre de la peau vers les c\u00f4t\u00e9s, les extr\u00e9mit\u00e9s. \u00ab&nbsp;<em>Il faut respecter le sens du pr\u00eatant. On ne peut pas tailler les pi\u00e8ces n&rsquo;importe comment. Sinon, elles ne se d\u00e9formeront pas de la m\u00eame mani\u00e8re et cela peut engendrer des d\u00e9fauts lors de l\u2019assemblage.<\/em>&nbsp;\u00bb<\/p>\n\n\n\n<p>La partie du cuir appel\u00e9e &nbsp;\u00ab&nbsp;flanc&nbsp;\u00bb, c&rsquo;est la peau du ventre, celle qui se tend et se d\u00e9tend en permanence. Elle est hyper \u00e9lastique. Au contraire, le dosseret, la peau du dos, est plus rigide. Elle se tient dans le temps.<\/p>\n\n\n\n<p>En moyenne, un bovin, c&rsquo;est 3-4 m\u00e8tres carr\u00e9s. Certaines peaux peuvent faire jusqu\u2019\u00e0 7m2. Sachant que pour un fauteuil complet, la surface n\u00e9cessaire est rapidement entre 6 et 7m2.<\/p>\n\n\n\n<p>Devant son \u00e9tabli, David Zanini montre fi\u00e8rement, toutes ses productions. Il les commente, en explique les moindres d\u00e9tails. Ces peaux-l\u00e0 font entre 6 et 7 m\u00e8tres carr\u00e9s. \u00ab&nbsp;<em>Pour ce fauteuil, <\/em>dit-il en montrant l\u2019un d\u2019entre eux<em>, j\u2019ai eu besoin <\/em><em>de 7 m\u00e8tres carr\u00e9s.&nbsp;<\/em>\u00bb<\/p>\n\n\n\n<h2 class=\"wp-block-heading\">Objectif fesses<\/h2>\n\n\n\n<p>En sellerie d&rsquo;ameublement, son activit\u00e9 principale est la r\u00e9novation d&rsquo;assise. Partout o\u00f9 vous vous asseyez, il sait intervenir. Objectif fesses&nbsp;? \u00ab&nbsp;<em>Exactement, r\u00e9pond-il en souriant. \u00c7a peut \u00eatre un tabouret, une selle de moto, un fauteuil de voiture, un fauteuil club, ce fauteuil design, une table m\u00e9dicale<\/em>, <em>etc.<\/em>&nbsp;\u00bb<\/p>\n\n\n\n<p>R\u00e9nover prend tout son sens si l\u2019objet a une valeur marchande (objet sign\u00e9 par un designer comme un fauteuil Eames) ou une valeur affective, qui justifie de le refaire et le maintenir en \u00e9tat.<\/p>\n\n\n\n<p>Du c\u00f4t\u00e9 affectif, si vous aimez son design et que vous savez qu&rsquo;en neuf, il n\u2019existe plus, vous retrouverez un vrai confort. David Zanini ajustera l\u2019assise que ce soit en termes de confort, hauteur ou design.<\/p>\n\n\n\n<p>Parce que r\u00e9nover est co\u00fbteux. Avant de commencer la sellerie proprement dite, il faut d\u00e9j\u00e0 compter entre 10 et 20 heures de travail. Il faut d\u00e9monter l\u2019ensemble des couches de garnitures (cuir, toile \u00e9paisse, toile de jute, crin, mousse, sangles..), soit des centaines d\u2019agrafes ou semences, mettre le ch\u00e2ssis &nbsp;\u00e0 nu, le nettoyer et le renforcer. Puis, il offre \u00e0 sa client\u00e8le du sur-mesure, de l\u2019unique. Que ce soit en tissu, en similicuir, ou en cuir. Tout d\u00e9pendra du budget ou des attentes et de l\u2019usage surtout. S\u2019il y a des enfants, des petits-enfants, si c&rsquo;est pour une cuisine, vous aurez besoin d\u2019un mat\u00e9riau qu\u2019on peut nettoyer d\u2019un seul coup d\u2019\u00e9ponge.<\/p>\n\n\n\n<p>Il est clair qu\u2019au m\u00eame prix, on peut acheter deux fauteuils neufs chez Ikea, Maison du Monde. Mais ce ne seront pas les m\u00eames mat\u00e9riaux. Il s\u2019agira probablement de faux cuir \u00e0 des prix standardis\u00e9s.<\/p>\n\n\n\n<h2 class=\"wp-block-heading\">Push pull+<\/h2>\n\n\n\n<p>Commercialement parlant, la sellerie et la maroquinerie sont deux activit\u00e9s diff\u00e9rentes. La maroquinerie des sacs et des portefeuilles s\u2019appuie sur un mode \u00ab&nbsp;push&nbsp;\u00bb. La sellerie, prestation de service, est plut\u00f4t en mode \u00ab&nbsp;pull&nbsp;\u00bb&nbsp;: le client vient vers lui pour la r\u00e9novation d\u2019un fauteuil en particulier. &nbsp;<\/p>\n\n\n\n<p>Dans le premier cas, David Zanini promeut et distribue ses produits, souvent par des actions directes (publicit\u00e9, prospection \u2026). Dans le second cas, il cherche \u00e0 susciter l&rsquo;int\u00e9r\u00eat et le d\u00e9sir chez le consommateur, qui vient alors de lui-m\u00eame vers le produit ou la marque.<\/p>\n\n\n\n<p>\u00ab&nbsp;<em>Vous avez toute la probl\u00e9matique de l&rsquo;artisan, <\/em>dit-il<em>, qui doit produire de ses mains pour vivre. Ici, proche banlieue parisienne, les clients &nbsp;ne mettent pas le prix qu&rsquo;ils pourraient mettre chez un confr\u00e8re parisien. \u00ab&nbsp;J&rsquo;ai fait des stages dans les maroquineries artisanales \u00e0 Paris. On vous vend un sac \u00e0 400 euros sans probl\u00e8me. Une fois pass\u00e9 le p\u00e9riph&rsquo;, les clients n\u2019acceptent plus le m\u00eame prix. Mes sacs en totalit\u00e9 cr\u00e9\u00e9s par moi s\u2019affichent entre 200 et 330 euros.<\/em>&nbsp;\u00bb<\/p>\n\n\n\n<h2 class=\"wp-block-heading\">Ouvrir l\u2019activit\u00e9<\/h2>\n\n\n\n<p>La CMA de Nanterre vient de cr\u00e9er un club d&rsquo;artisans d&rsquo;art. Il compte d\u00e9j\u00e0 25 artisans : une souffleuse de verre, une c\u00e9ramiste, une vanni\u00e8re, une chapeli\u00e8re et bien d\u2019autres encore. On est dans le partage d\u2019exp\u00e9rience. La CMA entretient des relations <s>suivies <\/s>avec les \u00e9lus locaux en charge du commerce. Lors de la remise du label artisan d&rsquo;art, David Zanini \u00e9tait ainsi accompagn\u00e9 par l\u2019\u00e9lue de Fontenay, Nad\u00e8ge Hammoudi.<\/p>\n\n\n\n<p>L\u2019artisanat d\u2019art lui ouvre des perspectives. En sellerie, il s\u2019int\u00e9resse aux voitures de collection. Les selleries y sont complexes et passionnantes. Il y a aussi les voiles d&rsquo;ombrage (celles qu&rsquo;on place sur une terrasse ou un jardin). Les gens ont besoin d\u2019ombre. Plut\u00f4t qu\u2019un store banne fix\u00e9 au mur de la maison, les voiles d\u2019ombrage permettent des solutions plus esth\u00e9tiques et originales. David Zanini sait d\u00e9nicher des tissus remarquables.<\/p>\n\n\n\n<p>D\u00e9j\u00e0 il est dans la transmission. Il est en train de rejoindre <em>De l&rsquo;or dans les mains, <\/em>une association qui fait d\u00e9couvrir les m\u00e9tiers manuels aux \u00e9l\u00e8ves de 5<sup>e<\/sup>. Elle intervient partout en France et lui-m\u00eame interviendra bient\u00f4t au coll\u00e8ge Marie-Curie de Sceaux.<\/p>\n\n\n\n<figure class=\"wp-block-gallery has-nested-images columns-default is-cropped wp-block-gallery-1 is-layout-flex wp-block-gallery-is-layout-flex\">\n<figure class=\"wp-block-image size-large\"><img decoding=\"async\" width=\"540\" height=\"720\" data-id=\"46596\" src=\"https:\/\/sceaux-lagazette.fr\/wp-content\/uploads\/2026\/09\/Zanini-Fauteuil-Aer-nouveau-Avant.jpg\" alt=\"\" class=\"wp-image-46596\" srcset=\"https:\/\/sceaux-lagazette.fr\/wp-content\/uploads\/2026\/09\/Zanini-Fauteuil-Aer-nouveau-Avant.jpg 540w, https:\/\/sceaux-lagazette.fr\/wp-content\/uploads\/2026\/09\/Zanini-Fauteuil-Aer-nouveau-Avant-225x300.jpg 225w\" sizes=\"(max-width: 540px) 100vw, 540px\" \/><figcaption class=\"wp-element-caption\">Fauteuil Art nouveau Avant<\/figcaption><\/figure>\n\n\n\n<figure class=\"wp-block-image size-large\"><img decoding=\"async\" width=\"540\" height=\"720\" data-id=\"46598\" src=\"https:\/\/sceaux-lagazette.fr\/wp-content\/uploads\/2026\/09\/Zanini-Fauteuil-Aer-nouveau-Apres.jpg\" alt=\"\" class=\"wp-image-46598\" srcset=\"https:\/\/sceaux-lagazette.fr\/wp-content\/uploads\/2026\/09\/Zanini-Fauteuil-Aer-nouveau-Apres.jpg 540w, https:\/\/sceaux-lagazette.fr\/wp-content\/uploads\/2026\/09\/Zanini-Fauteuil-Aer-nouveau-Apres-225x300.jpg 225w\" sizes=\"(max-width: 540px) 100vw, 540px\" \/><figcaption class=\"wp-element-caption\">Fauteuil Art nouveau Apr\u00e8s<\/figcaption><\/figure>\n<\/figure>\n\n\n\n<p><\/p>\n","protected":false},"excerpt":{"rendered":"<p>David Zanini est sellier-maroquinier. Dans son atelier, \u00e0 Fontenay-aux-Roses rue Boris Vild\u00e9, sont accroch\u00e9s aux murs, des dizaines d\u2019outils et, l\u00e0, des fauteuils de tous styles en cours de r\u00e9novation. Des sacs en cuir \u00e9pais sont accroch\u00e9s sur des portants devant la vitrine. Labellis\u00e9 Artisan d\u2019art par la Chambre des&#8230;<\/p>\n","protected":false},"author":6,"featured_media":46594,"comment_status":"open","ping_status":"open","sticky":false,"template":"","format":"standard","meta":{"om_disable_all_campaigns":false,"_monsterinsights_skip_tracking":false,"_uf_show_specific_survey":0,"_uf_disable_surveys":false,"footnotes":"","_members_access_role":[],"_members_access_error":""},"categories":[264,59],"tags":[],"class_list":["post-46592","post","type-post","status-publish","format-standard","has-post-thumbnail","hentry","category-fontenay-aux-roses","category-portraits","entry","simple"],"yoast_head":"<!-- This site is optimized with the Yoast SEO plugin v25.6 - https:\/\/yoast.com\/wordpress\/plugins\/seo\/ -->\n<title>Sellerie et maroquinerie : le cuir selon David Zanini - La Gazette<\/title>\n<meta name=\"robots\" content=\"index, follow, max-snippet:-1, max-image-preview:large, max-video-preview:-1\" \/>\n<link rel=\"canonical\" href=\"https:\/\/sceaux-lagazette.fr\/index.php\/2026\/09\/02\/sellerie-et-maroquinerie-le-cuir-selon-david-zanini\/\" \/>\n<meta property=\"og:locale\" content=\"fr_FR\" \/>\n<meta property=\"og:type\" content=\"article\" \/>\n<meta property=\"og:title\" content=\"Sellerie et maroquinerie : le cuir selon David Zanini - La Gazette\" \/>\n<meta property=\"og:description\" content=\"David Zanini est sellier-maroquinier. Dans son atelier, \u00e0 Fontenay-aux-Roses rue Boris Vild\u00e9, sont accroch\u00e9s aux murs, des dizaines d\u2019outils et, l\u00e0, des fauteuils de tous styles en cours de r\u00e9novation. Des sacs en cuir \u00e9pais sont accroch\u00e9s sur des portants devant la vitrine. Labellis\u00e9 Artisan d\u2019art par la Chambre des&#8230;\" \/>\n<meta property=\"og:url\" content=\"https:\/\/sceaux-lagazette.fr\/index.php\/2026\/09\/02\/sellerie-et-maroquinerie-le-cuir-selon-david-zanini\/\" \/>\n<meta property=\"og:site_name\" content=\"La Gazette\" \/>\n<meta property=\"article:published_time\" content=\"2026-09-02T07:44:48+00:00\" \/>\n<meta property=\"article:modified_time\" content=\"2026-09-02T07:53:40+00:00\" \/>\n<meta property=\"og:image\" content=\"https:\/\/sceaux-lagazette.fr\/wp-content\/uploads\/2026\/09\/Zanini-1.jpg\" \/>\n\t<meta property=\"og:image:width\" content=\"960\" \/>\n\t<meta property=\"og:image:height\" content=\"640\" \/>\n\t<meta property=\"og:image:type\" content=\"image\/jpeg\" \/>\n<meta name=\"author\" content=\"Maurice Zytnicki\" \/>\n<meta name=\"twitter:card\" content=\"summary_large_image\" \/>\n<meta name=\"twitter:label1\" content=\"\u00c9crit par\" \/>\n\t<meta name=\"twitter:data1\" content=\"Maurice Zytnicki\" \/>\n\t<meta name=\"twitter:label2\" content=\"Dur\u00e9e de lecture estim\u00e9e\" \/>\n\t<meta name=\"twitter:data2\" content=\"7 minutes\" \/>\n<script type=\"application\/ld+json\" class=\"yoast-schema-graph\">{\"@context\":\"https:\/\/schema.org\",\"@graph\":[{\"@type\":\"Article\",\"@id\":\"https:\/\/sceaux-lagazette.fr\/index.php\/2026\/09\/02\/sellerie-et-maroquinerie-le-cuir-selon-david-zanini\/#article\",\"isPartOf\":{\"@id\":\"https:\/\/sceaux-lagazette.fr\/index.php\/2026\/09\/02\/sellerie-et-maroquinerie-le-cuir-selon-david-zanini\/\"},\"author\":{\"name\":\"Maurice Zytnicki\",\"@id\":\"https:\/\/sceaux-lagazette.fr\/#\/schema\/person\/060ab8fc058c4220d9079707a58da9f1\"},\"headline\":\"Sellerie et maroquinerie : le cuir selon David Zanini\",\"datePublished\":\"2026-09-02T07:44:48+00:00\",\"dateModified\":\"2026-09-02T07:53:40+00:00\",\"mainEntityOfPage\":{\"@id\":\"https:\/\/sceaux-lagazette.fr\/index.php\/2026\/09\/02\/sellerie-et-maroquinerie-le-cuir-selon-david-zanini\/\"},\"wordCount\":1312,\"commentCount\":0,\"publisher\":{\"@id\":\"https:\/\/sceaux-lagazette.fr\/#organization\"},\"image\":{\"@id\":\"https:\/\/sceaux-lagazette.fr\/index.php\/2026\/09\/02\/sellerie-et-maroquinerie-le-cuir-selon-david-zanini\/#primaryimage\"},\"thumbnailUrl\":\"https:\/\/sceaux-lagazette.fr\/wp-content\/uploads\/2026\/09\/Zanini-1.jpg\",\"articleSection\":[\"Fontenay-aux-Roses\",\"Portraits\"],\"inLanguage\":\"fr-FR\",\"potentialAction\":[{\"@type\":\"CommentAction\",\"name\":\"Comment\",\"target\":[\"https:\/\/sceaux-lagazette.fr\/index.php\/2026\/09\/02\/sellerie-et-maroquinerie-le-cuir-selon-david-zanini\/#respond\"]}]},{\"@type\":\"WebPage\",\"@id\":\"https:\/\/sceaux-lagazette.fr\/index.php\/2026\/09\/02\/sellerie-et-maroquinerie-le-cuir-selon-david-zanini\/\",\"url\":\"https:\/\/sceaux-lagazette.fr\/index.php\/2026\/09\/02\/sellerie-et-maroquinerie-le-cuir-selon-david-zanini\/\",\"name\":\"Sellerie et maroquinerie : le cuir selon David Zanini - La Gazette\",\"isPartOf\":{\"@id\":\"https:\/\/sceaux-lagazette.fr\/#website\"},\"primaryImageOfPage\":{\"@id\":\"https:\/\/sceaux-lagazette.fr\/index.php\/2026\/09\/02\/sellerie-et-maroquinerie-le-cuir-selon-david-zanini\/#primaryimage\"},\"image\":{\"@id\":\"https:\/\/sceaux-lagazette.fr\/index.php\/2026\/09\/02\/sellerie-et-maroquinerie-le-cuir-selon-david-zanini\/#primaryimage\"},\"thumbnailUrl\":\"https:\/\/sceaux-lagazette.fr\/wp-content\/uploads\/2026\/09\/Zanini-1.jpg\",\"datePublished\":\"2026-09-02T07:44:48+00:00\",\"dateModified\":\"2026-09-02T07:53:40+00:00\",\"breadcrumb\":{\"@id\":\"https:\/\/sceaux-lagazette.fr\/index.php\/2026\/09\/02\/sellerie-et-maroquinerie-le-cuir-selon-david-zanini\/#breadcrumb\"},\"inLanguage\":\"fr-FR\",\"potentialAction\":[{\"@type\":\"ReadAction\",\"target\":[\"https:\/\/sceaux-lagazette.fr\/index.php\/2026\/09\/02\/sellerie-et-maroquinerie-le-cuir-selon-david-zanini\/\"]}]},{\"@type\":\"ImageObject\",\"inLanguage\":\"fr-FR\",\"@id\":\"https:\/\/sceaux-lagazette.fr\/index.php\/2026\/09\/02\/sellerie-et-maroquinerie-le-cuir-selon-david-zanini\/#primaryimage\",\"url\":\"https:\/\/sceaux-lagazette.fr\/wp-content\/uploads\/2026\/09\/Zanini-1.jpg\",\"contentUrl\":\"https:\/\/sceaux-lagazette.fr\/wp-content\/uploads\/2026\/09\/Zanini-1.jpg\",\"width\":960,\"height\":640},{\"@type\":\"BreadcrumbList\",\"@id\":\"https:\/\/sceaux-lagazette.fr\/index.php\/2026\/09\/02\/sellerie-et-maroquinerie-le-cuir-selon-david-zanini\/#breadcrumb\",\"itemListElement\":[{\"@type\":\"ListItem\",\"position\":1,\"name\":\"Accueil\",\"item\":\"https:\/\/sceaux-lagazette.fr\/\"},{\"@type\":\"ListItem\",\"position\":2,\"name\":\"Sellerie et maroquinerie : le cuir selon David Zanini\"}]},{\"@type\":\"WebSite\",\"@id\":\"https:\/\/sceaux-lagazette.fr\/#website\",\"url\":\"https:\/\/sceaux-lagazette.fr\/\",\"name\":\"La Gazette\",\"description\":\"Bourg-la-Reine, Ch\u00e2tenay, Fontenay, Sceaux\",\"publisher\":{\"@id\":\"https:\/\/sceaux-lagazette.fr\/#organization\"},\"potentialAction\":[{\"@type\":\"SearchAction\",\"target\":{\"@type\":\"EntryPoint\",\"urlTemplate\":\"https:\/\/sceaux-lagazette.fr\/?s={search_term_string}\"},\"query-input\":{\"@type\":\"PropertyValueSpecification\",\"valueRequired\":true,\"valueName\":\"search_term_string\"}}],\"inLanguage\":\"fr-FR\"},{\"@type\":\"Organization\",\"@id\":\"https:\/\/sceaux-lagazette.fr\/#organization\",\"name\":\"La Gazette\",\"url\":\"https:\/\/sceaux-lagazette.fr\/\",\"logo\":{\"@type\":\"ImageObject\",\"inLanguage\":\"fr-FR\",\"@id\":\"https:\/\/sceaux-lagazette.fr\/#\/schema\/logo\/image\/\",\"url\":\"https:\/\/sceaux-lagazette.fr\/wp-content\/uploads\/2025\/08\/Logo-Gazette-Aout-2025-V3.jpg\",\"contentUrl\":\"https:\/\/sceaux-lagazette.fr\/wp-content\/uploads\/2025\/08\/Logo-Gazette-Aout-2025-V3.jpg\",\"width\":525,\"height\":130,\"caption\":\"La Gazette\"},\"image\":{\"@id\":\"https:\/\/sceaux-lagazette.fr\/#\/schema\/logo\/image\/\"}},{\"@type\":\"Person\",\"@id\":\"https:\/\/sceaux-lagazette.fr\/#\/schema\/person\/060ab8fc058c4220d9079707a58da9f1\",\"name\":\"Maurice Zytnicki\",\"image\":{\"@type\":\"ImageObject\",\"inLanguage\":\"fr-FR\",\"@id\":\"https:\/\/sceaux-lagazette.fr\/#\/schema\/person\/image\/\",\"url\":\"https:\/\/secure.gravatar.com\/avatar\/d94d30d6fa0e9cb7af48a89366fc0cdb?s=96&r=g\",\"contentUrl\":\"https:\/\/secure.gravatar.com\/avatar\/d94d30d6fa0e9cb7af48a89366fc0cdb?s=96&r=g\",\"caption\":\"Maurice Zytnicki\"},\"url\":\"https:\/\/sceaux-lagazette.fr\/index.php\/author\/maurice\/\"}]}<\/script>\n<!-- \/ Yoast SEO plugin. -->","yoast_head_json":{"title":"Sellerie et maroquinerie : le cuir selon David Zanini - La Gazette","robots":{"index":"index","follow":"follow","max-snippet":"max-snippet:-1","max-image-preview":"max-image-preview:large","max-video-preview":"max-video-preview:-1"},"canonical":"https:\/\/sceaux-lagazette.fr\/index.php\/2026\/09\/02\/sellerie-et-maroquinerie-le-cuir-selon-david-zanini\/","og_locale":"fr_FR","og_type":"article","og_title":"Sellerie et maroquinerie : le cuir selon David Zanini - La Gazette","og_description":"David Zanini est sellier-maroquinier. Dans son atelier, \u00e0 Fontenay-aux-Roses rue Boris Vild\u00e9, sont accroch\u00e9s aux murs, des dizaines d\u2019outils et, l\u00e0, des fauteuils de tous styles en cours de r\u00e9novation. Des sacs en cuir \u00e9pais sont accroch\u00e9s sur des portants devant la vitrine. Labellis\u00e9 Artisan d\u2019art par la Chambre des&#8230;","og_url":"https:\/\/sceaux-lagazette.fr\/index.php\/2026\/09\/02\/sellerie-et-maroquinerie-le-cuir-selon-david-zanini\/","og_site_name":"La Gazette","article_published_time":"2026-09-02T07:44:48+00:00","article_modified_time":"2026-09-02T07:53:40+00:00","og_image":[{"width":960,"height":640,"url":"https:\/\/sceaux-lagazette.fr\/wp-content\/uploads\/2026\/09\/Zanini-1.jpg","type":"image\/jpeg"}],"author":"Maurice Zytnicki","twitter_card":"summary_large_image","twitter_misc":{"\u00c9crit par":"Maurice Zytnicki","Dur\u00e9e de lecture estim\u00e9e":"7 minutes"},"schema":{"@context":"https:\/\/schema.org","@graph":[{"@type":"Article","@id":"https:\/\/sceaux-lagazette.fr\/index.php\/2026\/09\/02\/sellerie-et-maroquinerie-le-cuir-selon-david-zanini\/#article","isPartOf":{"@id":"https:\/\/sceaux-lagazette.fr\/index.php\/2026\/09\/02\/sellerie-et-maroquinerie-le-cuir-selon-david-zanini\/"},"author":{"name":"Maurice Zytnicki","@id":"https:\/\/sceaux-lagazette.fr\/#\/schema\/person\/060ab8fc058c4220d9079707a58da9f1"},"headline":"Sellerie et maroquinerie : le cuir selon David Zanini","datePublished":"2026-09-02T07:44:48+00:00","dateModified":"2026-09-02T07:53:40+00:00","mainEntityOfPage":{"@id":"https:\/\/sceaux-lagazette.fr\/index.php\/2026\/09\/02\/sellerie-et-maroquinerie-le-cuir-selon-david-zanini\/"},"wordCount":1312,"commentCount":0,"publisher":{"@id":"https:\/\/sceaux-lagazette.fr\/#organization"},"image":{"@id":"https:\/\/sceaux-lagazette.fr\/index.php\/2026\/09\/02\/sellerie-et-maroquinerie-le-cuir-selon-david-zanini\/#primaryimage"},"thumbnailUrl":"https:\/\/sceaux-lagazette.fr\/wp-content\/uploads\/2026\/09\/Zanini-1.jpg","articleSection":["Fontenay-aux-Roses","Portraits"],"inLanguage":"fr-FR","potentialAction":[{"@type":"CommentAction","name":"Comment","target":["https:\/\/sceaux-lagazette.fr\/index.php\/2026\/09\/02\/sellerie-et-maroquinerie-le-cuir-selon-david-zanini\/#respond"]}]},{"@type":"WebPage","@id":"https:\/\/sceaux-lagazette.fr\/index.php\/2026\/09\/02\/sellerie-et-maroquinerie-le-cuir-selon-david-zanini\/","url":"https:\/\/sceaux-lagazette.fr\/index.php\/2026\/09\/02\/sellerie-et-maroquinerie-le-cuir-selon-david-zanini\/","name":"Sellerie et maroquinerie : le cuir selon David Zanini - La Gazette","isPartOf":{"@id":"https:\/\/sceaux-lagazette.fr\/#website"},"primaryImageOfPage":{"@id":"https:\/\/sceaux-lagazette.fr\/index.php\/2026\/09\/02\/sellerie-et-maroquinerie-le-cuir-selon-david-zanini\/#primaryimage"},"image":{"@id":"https:\/\/sceaux-lagazette.fr\/index.php\/2026\/09\/02\/sellerie-et-maroquinerie-le-cuir-selon-david-zanini\/#primaryimage"},"thumbnailUrl":"https:\/\/sceaux-lagazette.fr\/wp-content\/uploads\/2026\/09\/Zanini-1.jpg","datePublished":"2026-09-02T07:44:48+00:00","dateModified":"2026-09-02T07:53:40+00:00","breadcrumb":{"@id":"https:\/\/sceaux-lagazette.fr\/index.php\/2026\/09\/02\/sellerie-et-maroquinerie-le-cuir-selon-david-zanini\/#breadcrumb"},"inLanguage":"fr-FR","potentialAction":[{"@type":"ReadAction","target":["https:\/\/sceaux-lagazette.fr\/index.php\/2026\/09\/02\/sellerie-et-maroquinerie-le-cuir-selon-david-zanini\/"]}]},{"@type":"ImageObject","inLanguage":"fr-FR","@id":"https:\/\/sceaux-lagazette.fr\/index.php\/2026\/09\/02\/sellerie-et-maroquinerie-le-cuir-selon-david-zanini\/#primaryimage","url":"https:\/\/sceaux-lagazette.fr\/wp-content\/uploads\/2026\/09\/Zanini-1.jpg","contentUrl":"https:\/\/sceaux-lagazette.fr\/wp-content\/uploads\/2026\/09\/Zanini-1.jpg","width":960,"height":640},{"@type":"BreadcrumbList","@id":"https:\/\/sceaux-lagazette.fr\/index.php\/2026\/09\/02\/sellerie-et-maroquinerie-le-cuir-selon-david-zanini\/#breadcrumb","itemListElement":[{"@type":"ListItem","position":1,"name":"Accueil","item":"https:\/\/sceaux-lagazette.fr\/"},{"@type":"ListItem","position":2,"name":"Sellerie et maroquinerie : le cuir selon David Zanini"}]},{"@type":"WebSite","@id":"https:\/\/sceaux-lagazette.fr\/#website","url":"https:\/\/sceaux-lagazette.fr\/","name":"La Gazette","description":"Bourg-la-Reine, Ch\u00e2tenay, Fontenay, Sceaux","publisher":{"@id":"https:\/\/sceaux-lagazette.fr\/#organization"},"potentialAction":[{"@type":"SearchAction","target":{"@type":"EntryPoint","urlTemplate":"https:\/\/sceaux-lagazette.fr\/?s={search_term_string}"},"query-input":{"@type":"PropertyValueSpecification","valueRequired":true,"valueName":"search_term_string"}}],"inLanguage":"fr-FR"},{"@type":"Organization","@id":"https:\/\/sceaux-lagazette.fr\/#organization","name":"La Gazette","url":"https:\/\/sceaux-lagazette.fr\/","logo":{"@type":"ImageObject","inLanguage":"fr-FR","@id":"https:\/\/sceaux-lagazette.fr\/#\/schema\/logo\/image\/","url":"https:\/\/sceaux-lagazette.fr\/wp-content\/uploads\/2025\/08\/Logo-Gazette-Aout-2025-V3.jpg","contentUrl":"https:\/\/sceaux-lagazette.fr\/wp-content\/uploads\/2025\/08\/Logo-Gazette-Aout-2025-V3.jpg","width":525,"height":130,"caption":"La Gazette"},"image":{"@id":"https:\/\/sceaux-lagazette.fr\/#\/schema\/logo\/image\/"}},{"@type":"Person","@id":"https:\/\/sceaux-lagazette.fr\/#\/schema\/person\/060ab8fc058c4220d9079707a58da9f1","name":"Maurice Zytnicki","image":{"@type":"ImageObject","inLanguage":"fr-FR","@id":"https:\/\/sceaux-lagazette.fr\/#\/schema\/person\/image\/","url":"https:\/\/secure.gravatar.com\/avatar\/d94d30d6fa0e9cb7af48a89366fc0cdb?s=96&r=g","contentUrl":"https:\/\/secure.gravatar.com\/avatar\/d94d30d6fa0e9cb7af48a89366fc0cdb?s=96&r=g","caption":"Maurice Zytnicki"},"url":"https:\/\/sceaux-lagazette.fr\/index.php\/author\/maurice\/"}]}},"cc_featured_image_caption":{"caption_text":"Photo LGdS","source_text":"","source_url":""},"_links":{"self":[{"href":"https:\/\/sceaux-lagazette.fr\/index.php\/wp-json\/wp\/v2\/posts\/46592"}],"collection":[{"href":"https:\/\/sceaux-lagazette.fr\/index.php\/wp-json\/wp\/v2\/posts"}],"about":[{"href":"https:\/\/sceaux-lagazette.fr\/index.php\/wp-json\/wp\/v2\/types\/post"}],"author":[{"embeddable":true,"href":"https:\/\/sceaux-lagazette.fr\/index.php\/wp-json\/wp\/v2\/users\/6"}],"replies":[{"embeddable":true,"href":"https:\/\/sceaux-lagazette.fr\/index.php\/wp-json\/wp\/v2\/comments?post=46592"}],"version-history":[{"count":3,"href":"https:\/\/sceaux-lagazette.fr\/index.php\/wp-json\/wp\/v2\/posts\/46592\/revisions"}],"predecessor-version":[{"id":46599,"href":"https:\/\/sceaux-lagazette.fr\/index.php\/wp-json\/wp\/v2\/posts\/46592\/revisions\/46599"}],"wp:featuredmedia":[{"embeddable":true,"href":"https:\/\/sceaux-lagazette.fr\/index.php\/wp-json\/wp\/v2\/media\/46594"}],"wp:attachment":[{"href":"https:\/\/sceaux-lagazette.fr\/index.php\/wp-json\/wp\/v2\/media?parent=46592"}],"wp:term":[{"taxonomy":"category","embeddable":true,"href":"https:\/\/sceaux-lagazette.fr\/index.php\/wp-json\/wp\/v2\/categories?post=46592"},{"taxonomy":"post_tag","embeddable":true,"href":"https:\/\/sceaux-lagazette.fr\/index.php\/wp-json\/wp\/v2\/tags?post=46592"}],"curies":[{"name":"wp","href":"https:\/\/api.w.org\/{rel}","templated":true}]}}