{"id":46585,"date":"2026-09-01T08:32:17","date_gmt":"2026-09-01T06:32:17","guid":{"rendered":"https:\/\/sceaux-lagazette.fr\/?p=46585"},"modified":"2026-09-01T08:33:36","modified_gmt":"2026-09-01T06:33:36","slug":"sante-mentale-des-jeunes-deux-lyceennes-a-linitiative","status":"publish","type":"post","link":"https:\/\/sceaux-lagazette.fr\/index.php\/2026\/09\/01\/sante-mentale-des-jeunes-deux-lyceennes-a-linitiative\/","title":{"rendered":"Sant\u00e9 mentale\u00a0des jeunes: deux lyc\u00e9ennes \u00e0 l\u2019initiative"},"content":{"rendered":"\n<p>Enora Caze et Louison Schorter Le Coq \u00e9taient lyc\u00e9ennes lorsqu\u2019elles ont propos\u00e9 l&rsquo;ann\u00e9e derni\u00e8re l\u2019id\u00e9e du Forum de la Sant\u00e9 mentale \u00e0 Bourg-la-Reine. La premi\u00e8re vient d\u2019obtenir le bac et s\u2019est d\u00e9j\u00e0 inscrite en fac. La seconde passe en Terminale. L\u2019id\u00e9e est une chose, la mise-en-\u0153uvre en est une autre.<\/p>\n\n\n\n<p>Elles proposent le sujet \u00e0 David Correia, le r\u00e9f\u00e9rent Jeunesse de la ville, lequel en parle \u00e0 Lise-Marie Le Jean, \u00e9lue en charge de la sant\u00e9 \u00e0 BLR. L\u2019id\u00e9e s\u00e9duit, elle prend forme, devient un projet et se tient aux Colonnes en juin 2026.<\/p>\n\n\n\n<h2 class=\"wp-block-heading\">Pour pr\u00e9venir, rep\u00e9rer les signaux<\/h2>\n\n\n\n<p>Les deux filles se connaissent de longue date. Membres du CJC, le Conseil des jeunes citoyens, elles avaient men\u00e9, il y a quelques ann\u00e9es, une premi\u00e8re initiative, un gala de charit\u00e9 en faveur du Liban (signe de pr\u00e9cocit\u00e9&nbsp;?).<\/p>\n\n\n\n<p>Pourquoi un d\u00e9bat sur la sant\u00e9 mentale&nbsp;? Elles savent d\u2019exp\u00e9rience que le sujet est d\u2019importance dans les lyc\u00e9es, mais soulignent qu\u2019un documentaire sur M6 <a href=\"https:\/\/www.m6.fr\/sante-mentale-briser-le-tabou-p_27010\/sante-mentale-briser-le-tabou-c_13121737\"><em>Sant\u00e9 mentale, briser le tabou<\/em><\/a> les a particuli\u00e8rement sensibilis\u00e9es.<\/p>\n\n\n\n<p>Le contexte s\u2019y pr\u00eatait. Les t\u00e9moignages de Nicolas Demorand sur sa maladie, largement relay\u00e9s dans la presse, ont mis en lumi\u00e8re les \u00ab&nbsp;<em>treize millions de personnes en France<\/em>&nbsp;\u00bb concern\u00e9es.<\/p>\n\n\n\n<p>De plus, Enora et Louison ont envie de mettre l\u2019accent sur la d\u00e9tection et la pr\u00e9vention. Les deux jeunes femmes \u00e9voquent avec pr\u00e9cision les comportements annonciateurs&nbsp;: les TCA (troubles des conduites alimentaires), l\u2019anorexie ou la boulimie, les addictions alimentaires, l\u2019anxi\u00e9t\u00e9 s\u00e9v\u00e8re, les addictions diverses comme celles dont les autour de l\u2019utilisation intensive des \u00e9crans.<\/p>\n\n\n\n<h2 class=\"wp-block-heading\">De l\u2019id\u00e9e au forum<\/h2>\n\n\n\n<p>Elles savent que les risques s\u2019aiguisent avec l\u2019adolescence, la vuln\u00e9rabilit\u00e9, la susceptibilit\u00e9 aux jugements, le r\u00f4le des r\u00e9seaux sociaux, l\u2019hypersexualisation des filles, les nouveaux \u00e9mules du masculinisme, les isolements progressifs. Elles ont envie d\u2019agir, \u00e0 leur mesure, modestement, mais d\u2019agir quand m\u00eame.<\/p>\n\n\n\n<p>Leur objectif \u00e9tait de toucher un public aussi large que possible, dans un lieu accueillant, autour de tables rondes pour interagir avec des professionnels de sant\u00e9. Louison insiste aussi sur la n\u00e9cessit\u00e9 d\u2019informer les \u00ab&nbsp;<em>personnes mal dans leur peau<\/em>&nbsp;\u00bb sur l\u2019aide qu\u2019elles peuvent trouver avant que la situation ne s\u2019aggrave.<\/p>\n\n\n\n<p>David Correia, auquel La Gazette a <a href=\"https:\/\/sceaux-lagazette.fr\/index.php\/2026\/07\/02\/referent-jeunesse-a-bourg-la-reine\/\">consacr\u00e9 un article<\/a>, anime le CJC. Il accompagne le projet. Lise-Marie Le Jean et Hanane Hajji lui donnent forme. Elles ont le r\u00e9seau, trouvent des professionnels de sant\u00e9 et des acteurs m\u00e9dico-sociaux. Il faut dire que la ville dispose d\u2019un <a href=\"https:\/\/www.bourg-la-reine.fr\/annuaire\/548755\/10612-pole-sante-et-solidarite.htm\">P\u00f4le Sant\u00e9 Solidarit\u00e9<\/a> qui accompagne les personnes en situation de handicap, soutient l\u2019inclusion scolaire des enfants.<\/p>\n\n\n\n<p>Des mails sont envoy\u00e9s aux h\u00f4pitaux et aux centres de soin l\u2019Etablissement public de Sant\u00e9, EPS Erasme \u00e0 Antony, \u00ab&nbsp;<em>sp\u00e9cialis\u00e9 en sant\u00e9 mentale \u00e0 tout \u00e2ge de la vie. Sa vocation est d\u2019accueillir prioritairement les r\u00e9sidents du d\u00e9partement des Hauts-de-Seine.&nbsp;<\/em>\u00bb<\/p>\n\n\n\n<p>Les lyc\u00e9ennes ajoutent leurs propres sources. L\u2019application smartphone <a href=\"https:\/\/fr.wikipedia.org\/wiki\/Lyynk\">Lyynk<\/a> \u00ab&nbsp;<em>lanc\u00e9e en&nbsp;septembre 2024 par l&rsquo;influenceuse <\/em><a href=\"https:\/\/fr.wikipedia.org\/wiki\/Miel_Abitbol?action=edit&amp;redlink=1\"><em>Miel Abitbol<\/em><\/a>&nbsp;\u00bb s\u2019adresse aux personnes \u00ab&nbsp;<em>confront\u00e9es au harc\u00e8lement ou \u00e0 d\u2019autres violences, \u00e0 la d\u00e9pression ou aux id\u00e9es noires, \u00e0 une addiction ou \u00e0 des TCA&nbsp;<\/em>\u00bb (Wikipedia).<\/p>\n\n\n\n<p>Elles contactent la <a href=\"https:\/\/fr.wikipedia.org\/wiki\/\u0152uvre_Falret\">Fondation Falret<\/a>, qui \u00ab&nbsp;<em>accompagne des personnes souffrant de troubles psychiques et\/ou en difficult\u00e9s psychosociales afin qu\u2019elles trouvent leur place dans la soci\u00e9t\u00e9 et exercent pleinement leur citoyennet\u00e9.&nbsp;<\/em>\u00bb (Wikipedia)<\/p>\n\n\n\n<p>Cependant, les deux lyc\u00e9ennes ont leurs cours. Lousin est en premi\u00e8re g\u00e9n\u00e9rale. Enora pr\u00e9pare son bac et des concours pour son orientation universitaire. Les r\u00e9unions s\u2019encha\u00eenent&nbsp;: quand l\u2019une ne peut \u00eatre pr\u00e9sente, l\u2019autre prend le relai.<\/p>\n\n\n\n<p>En janvier, elles pr\u00e9parent sous Canva une affiche du Forum qui a ensuite \u00e9t\u00e9 trait\u00e9e par l\u2019\u00e9quipe de com de la ville. Elle sera diffus\u00e9e dans BLR Mag et chez des commer\u00e7ants.<\/p>\n\n\n\n<h2 class=\"wp-block-heading\">Parents, jeunes et professionnels<\/h2>\n\n\n\n<p>Lors de la r\u00e9union de consolidation fin avril, il est convenu que le forum se tiendra de 20h \u00e0 22h. La Ville met \u00e0 disposition la salle des Colonnes. Une premi\u00e8re partie est compos\u00e9e d\u2019interventions de professionnels d\u2019une dur\u00e9e plafonn\u00e9e \u00e0 de sept minutes&nbsp;; une seconde partie, d\u2019\u00e9changes directs autour de tables rondes.<\/p>\n\n\n\n<p>Un pr\u00e9c\u00e9dent <a href=\"https:\/\/sceaux-lagazette.fr\/index.php\/2026\/06\/15\/forum-de-prevention-sur-la-sante-mentale-a-bourg-la-reine\/\">article de La Gazette<\/a> a rendu compte du forum. Des sp\u00e9cialistes y ont abord\u00e9 plusieurs th\u00e8mes tels que l\u2019anxi\u00e9t\u00e9, la d\u00e9pression, la phobie scolaire, le harc\u00e8lement ou encore l\u2019addiction aux \u00e9crans. Les intervenants ont soulign\u00e9 la hausse de certaines formes de mal-\u00eatre chez les adolescents et l\u2019importance de rep\u00e9rer les signes pr\u00e9coces (sympt\u00f4mes physiques, absent\u00e9isme, repli sur soi, usage excessif des \u00e9crans). <\/p>\n\n\n\n<p>Le forum a eu le grand b\u00e9n\u00e9fice de pr\u00e9senter les dispositifs d\u2019accompagnement existants, notamment le r\u00f4le des m\u00e9diateurs scolaires, des psychologues et des associations d\u2019aide, bref les nombreux organismes qui peuvent intervenir \u00e0 des degr\u00e9s divers dans l\u2019identification et la prise en compte de ces d\u00e9rives. Il aura aussi rappel\u00e9 que les troubles comme les TCA, l\u2019anxi\u00e9t\u00e9 ou les TDAH (troubles de l\u2019attention avec ou sans hyperactivit\u00e9) se manifestent par des signaux que les parents ou les amis peuvent rep\u00e9rer, et qu\u2019un psychologue peut rapidement aider \u00e0 \u00e9valuer.<\/p>\n\n\n\n<p>Ainsi, avec l\u2019aide de la ville, Enora et Louison ont ouvert une porte et rappel\u00e9 que les ressources existent aussi, et qu\u2019entre l\u2019inqui\u00e9tude et l\u2019aide, il y a parfois une parole \u00e0 oser. C\u2019est peu, mais c\u2019est d\u00e9j\u00e0 beaucoup.<\/p>\n\n\n\n<hr class=\"wp-block-separator has-alpha-channel-opacity\"\/>\n\n\n\n<h2 class=\"wp-block-heading\">En savoir plus<\/h2>\n\n\n\n<ul class=\"wp-block-list\">\n<li><a href=\"https:\/\/sceaux-lagazette.fr\/index.php\/2026\/06\/15\/forum-de-prevention-sur-la-sante-mentale-a-bourg-la-reine\/\">Le forum vu dans la Gazette<\/a><\/li>\n\n\n\n<li><a href=\"https:\/\/sceaux-lagazette.fr\/index.php\/2024\/06\/11\/sante-mentale-des-jeunes\/\">La sant\u00e9 mentale des jeunes dans la Gazette<\/a><\/li>\n\n\n\n<li><a href=\"https:\/\/www.monparcourshandicap.gouv.fr\/actualite\/quest-ce-que-le-trouble-du-deficit-dattention-avec-ou-sans-hyperactivite-tdah\">D\u00e9finition TDAH et prise en charge<\/a><\/li>\n\n\n\n<li><a href=\"https:\/\/falret.org\/\">Fondation FALRET<\/a><\/li>\n\n\n\n<li><a href=\"https:\/\/www.eps-erasme.fr\">EPS Erasme<\/a><\/li>\n\n\n\n<li><a href=\"https:\/\/sceaux-lagazette.fr\/index.php\/2024\/07\/11\/clinique-dupre\/\">Clinique Dupr\u00e9 (l\u2019article de la Gazette)<\/a><\/li>\n\n\n\n<li><a href=\"https:\/\/fr.wikipedia.org\/wiki\/Lyynk\">Lyynk<\/a><\/li>\n\n\n\n<li><a href=\"https:\/\/www.bourg-la-reine.fr\/actualite\/27182\/1https:\/www.bourg-la-reine.fr\/actualite\/27182\/10319-rejoins-le-conseil-des-jeunes-citoyens.htm0319-rejoins-le-conseil-des-jeunes-citoyens.htm\">Rejoindre le CJC<\/a><\/li>\n\n\n\n<li><a href=\"https:\/\/www.bourg-la-reine.fr\/annuaire\/548755\/10612-pole-sante-et-solidarite.htm\">Le P\u00f4le Sant\u00e9 Solidarit\u00e9<\/a> de Bourg-la-Reine<\/li>\n<\/ul>\n","protected":false},"excerpt":{"rendered":"<p>Enora Caze et Louison Schorter Le Coq \u00e9taient lyc\u00e9ennes lorsqu\u2019elles ont propos\u00e9 l&rsquo;ann\u00e9e derni\u00e8re l\u2019id\u00e9e du Forum de la Sant\u00e9 mentale \u00e0 Bourg-la-Reine. La premi\u00e8re vient d\u2019obtenir le bac et s\u2019est d\u00e9j\u00e0 inscrite en fac. La seconde passe en Terminale. L\u2019id\u00e9e est une chose, la mise-en-\u0153uvre en est une autre.&#8230;<\/p>\n","protected":false},"author":6,"featured_media":46587,"comment_status":"open","ping_status":"open","sticky":false,"template":"","format":"standard","meta":{"om_disable_all_campaigns":false,"_monsterinsights_skip_tracking":false,"_uf_show_specific_survey":0,"_uf_disable_surveys":false,"footnotes":"","_members_access_role":[],"_members_access_error":""},"categories":[265,293,60],"tags":[],"class_list":["post-46585","post","type-post","status-publish","format-standard","has-post-thumbnail","hentry","category-bourg-la-reine","category-educations","category-sante","entry","simple"],"yoast_head":"<!-- This site is optimized with the Yoast SEO plugin v25.6 - https:\/\/yoast.com\/wordpress\/plugins\/seo\/ -->\n<title>Sant\u00e9 mentale\u00a0des jeunes: deux lyc\u00e9ennes \u00e0 l\u2019initiative - La Gazette<\/title>\n<meta name=\"robots\" content=\"index, follow, max-snippet:-1, max-image-preview:large, max-video-preview:-1\" \/>\n<link rel=\"canonical\" href=\"https:\/\/sceaux-lagazette.fr\/index.php\/2026\/09\/01\/sante-mentale-des-jeunes-deux-lyceennes-a-linitiative\/\" \/>\n<meta property=\"og:locale\" content=\"fr_FR\" \/>\n<meta property=\"og:type\" content=\"article\" \/>\n<meta property=\"og:title\" content=\"Sant\u00e9 mentale\u00a0des jeunes: deux lyc\u00e9ennes \u00e0 l\u2019initiative - La Gazette\" \/>\n<meta property=\"og:description\" content=\"Enora Caze et Louison Schorter Le Coq \u00e9taient lyc\u00e9ennes lorsqu\u2019elles ont propos\u00e9 l&rsquo;ann\u00e9e derni\u00e8re l\u2019id\u00e9e du Forum de la Sant\u00e9 mentale \u00e0 Bourg-la-Reine. La premi\u00e8re vient d\u2019obtenir le bac et s\u2019est d\u00e9j\u00e0 inscrite en fac. La seconde passe en Terminale. L\u2019id\u00e9e est une chose, la mise-en-\u0153uvre en est une autre.&#8230;\" \/>\n<meta property=\"og:url\" content=\"https:\/\/sceaux-lagazette.fr\/index.php\/2026\/09\/01\/sante-mentale-des-jeunes-deux-lyceennes-a-linitiative\/\" \/>\n<meta property=\"og:site_name\" content=\"La Gazette\" \/>\n<meta property=\"article:published_time\" content=\"2026-09-01T06:32:17+00:00\" \/>\n<meta property=\"article:modified_time\" content=\"2026-09-01T06:33:36+00:00\" \/>\n<meta property=\"og:image\" content=\"https:\/\/sceaux-lagazette.fr\/wp-content\/uploads\/2026\/09\/Forum-Sante-mentale-BLR-mai-2026-Rogne.jpg\" \/>\n\t<meta property=\"og:image:width\" content=\"382\" \/>\n\t<meta property=\"og:image:height\" content=\"273\" \/>\n\t<meta property=\"og:image:type\" content=\"image\/jpeg\" \/>\n<meta name=\"author\" content=\"Maurice Zytnicki\" \/>\n<meta name=\"twitter:card\" content=\"summary_large_image\" \/>\n<meta name=\"twitter:label1\" content=\"\u00c9crit par\" \/>\n\t<meta name=\"twitter:data1\" content=\"Maurice Zytnicki\" \/>\n\t<meta name=\"twitter:label2\" content=\"Dur\u00e9e de lecture estim\u00e9e\" \/>\n\t<meta name=\"twitter:data2\" content=\"5 minutes\" \/>\n<script type=\"application\/ld+json\" class=\"yoast-schema-graph\">{\"@context\":\"https:\/\/schema.org\",\"@graph\":[{\"@type\":\"Article\",\"@id\":\"https:\/\/sceaux-lagazette.fr\/index.php\/2026\/09\/01\/sante-mentale-des-jeunes-deux-lyceennes-a-linitiative\/#article\",\"isPartOf\":{\"@id\":\"https:\/\/sceaux-lagazette.fr\/index.php\/2026\/09\/01\/sante-mentale-des-jeunes-deux-lyceennes-a-linitiative\/\"},\"author\":{\"name\":\"Maurice Zytnicki\",\"@id\":\"https:\/\/sceaux-lagazette.fr\/#\/schema\/person\/060ab8fc058c4220d9079707a58da9f1\"},\"headline\":\"Sant\u00e9 mentale\u00a0des jeunes: deux lyc\u00e9ennes \u00e0 l\u2019initiative\",\"datePublished\":\"2026-09-01T06:32:17+00:00\",\"dateModified\":\"2026-09-01T06:33:36+00:00\",\"mainEntityOfPage\":{\"@id\":\"https:\/\/sceaux-lagazette.fr\/index.php\/2026\/09\/01\/sante-mentale-des-jeunes-deux-lyceennes-a-linitiative\/\"},\"wordCount\":1046,\"commentCount\":0,\"publisher\":{\"@id\":\"https:\/\/sceaux-lagazette.fr\/#organization\"},\"image\":{\"@id\":\"https:\/\/sceaux-lagazette.fr\/index.php\/2026\/09\/01\/sante-mentale-des-jeunes-deux-lyceennes-a-linitiative\/#primaryimage\"},\"thumbnailUrl\":\"https:\/\/sceaux-lagazette.fr\/wp-content\/uploads\/2026\/09\/Forum-Sante-mentale-BLR-mai-2026-Rogne.jpg\",\"articleSection\":[\"Bourg-la-Reine\",\"Educations\",\"Sant\u00e9\"],\"inLanguage\":\"fr-FR\",\"potentialAction\":[{\"@type\":\"CommentAction\",\"name\":\"Comment\",\"target\":[\"https:\/\/sceaux-lagazette.fr\/index.php\/2026\/09\/01\/sante-mentale-des-jeunes-deux-lyceennes-a-linitiative\/#respond\"]}]},{\"@type\":\"WebPage\",\"@id\":\"https:\/\/sceaux-lagazette.fr\/index.php\/2026\/09\/01\/sante-mentale-des-jeunes-deux-lyceennes-a-linitiative\/\",\"url\":\"https:\/\/sceaux-lagazette.fr\/index.php\/2026\/09\/01\/sante-mentale-des-jeunes-deux-lyceennes-a-linitiative\/\",\"name\":\"Sant\u00e9 mentale\u00a0des jeunes: deux lyc\u00e9ennes \u00e0 l\u2019initiative - La Gazette\",\"isPartOf\":{\"@id\":\"https:\/\/sceaux-lagazette.fr\/#website\"},\"primaryImageOfPage\":{\"@id\":\"https:\/\/sceaux-lagazette.fr\/index.php\/2026\/09\/01\/sante-mentale-des-jeunes-deux-lyceennes-a-linitiative\/#primaryimage\"},\"image\":{\"@id\":\"https:\/\/sceaux-lagazette.fr\/index.php\/2026\/09\/01\/sante-mentale-des-jeunes-deux-lyceennes-a-linitiative\/#primaryimage\"},\"thumbnailUrl\":\"https:\/\/sceaux-lagazette.fr\/wp-content\/uploads\/2026\/09\/Forum-Sante-mentale-BLR-mai-2026-Rogne.jpg\",\"datePublished\":\"2026-09-01T06:32:17+00:00\",\"dateModified\":\"2026-09-01T06:33:36+00:00\",\"breadcrumb\":{\"@id\":\"https:\/\/sceaux-lagazette.fr\/index.php\/2026\/09\/01\/sante-mentale-des-jeunes-deux-lyceennes-a-linitiative\/#breadcrumb\"},\"inLanguage\":\"fr-FR\",\"potentialAction\":[{\"@type\":\"ReadAction\",\"target\":[\"https:\/\/sceaux-lagazette.fr\/index.php\/2026\/09\/01\/sante-mentale-des-jeunes-deux-lyceennes-a-linitiative\/\"]}]},{\"@type\":\"ImageObject\",\"inLanguage\":\"fr-FR\",\"@id\":\"https:\/\/sceaux-lagazette.fr\/index.php\/2026\/09\/01\/sante-mentale-des-jeunes-deux-lyceennes-a-linitiative\/#primaryimage\",\"url\":\"https:\/\/sceaux-lagazette.fr\/wp-content\/uploads\/2026\/09\/Forum-Sante-mentale-BLR-mai-2026-Rogne.jpg\",\"contentUrl\":\"https:\/\/sceaux-lagazette.fr\/wp-content\/uploads\/2026\/09\/Forum-Sante-mentale-BLR-mai-2026-Rogne.jpg\",\"width\":382,\"height\":273},{\"@type\":\"BreadcrumbList\",\"@id\":\"https:\/\/sceaux-lagazette.fr\/index.php\/2026\/09\/01\/sante-mentale-des-jeunes-deux-lyceennes-a-linitiative\/#breadcrumb\",\"itemListElement\":[{\"@type\":\"ListItem\",\"position\":1,\"name\":\"Accueil\",\"item\":\"https:\/\/sceaux-lagazette.fr\/\"},{\"@type\":\"ListItem\",\"position\":2,\"name\":\"Sant\u00e9 mentale\u00a0des jeunes: deux lyc\u00e9ennes \u00e0 l\u2019initiative\"}]},{\"@type\":\"WebSite\",\"@id\":\"https:\/\/sceaux-lagazette.fr\/#website\",\"url\":\"https:\/\/sceaux-lagazette.fr\/\",\"name\":\"La Gazette\",\"description\":\"Bourg-la-Reine, Ch\u00e2tenay, Fontenay, Sceaux\",\"publisher\":{\"@id\":\"https:\/\/sceaux-lagazette.fr\/#organization\"},\"potentialAction\":[{\"@type\":\"SearchAction\",\"target\":{\"@type\":\"EntryPoint\",\"urlTemplate\":\"https:\/\/sceaux-lagazette.fr\/?s={search_term_string}\"},\"query-input\":{\"@type\":\"PropertyValueSpecification\",\"valueRequired\":true,\"valueName\":\"search_term_string\"}}],\"inLanguage\":\"fr-FR\"},{\"@type\":\"Organization\",\"@id\":\"https:\/\/sceaux-lagazette.fr\/#organization\",\"name\":\"La Gazette\",\"url\":\"https:\/\/sceaux-lagazette.fr\/\",\"logo\":{\"@type\":\"ImageObject\",\"inLanguage\":\"fr-FR\",\"@id\":\"https:\/\/sceaux-lagazette.fr\/#\/schema\/logo\/image\/\",\"url\":\"https:\/\/sceaux-lagazette.fr\/wp-content\/uploads\/2025\/08\/Logo-Gazette-Aout-2025-V3.jpg\",\"contentUrl\":\"https:\/\/sceaux-lagazette.fr\/wp-content\/uploads\/2025\/08\/Logo-Gazette-Aout-2025-V3.jpg\",\"width\":525,\"height\":130,\"caption\":\"La Gazette\"},\"image\":{\"@id\":\"https:\/\/sceaux-lagazette.fr\/#\/schema\/logo\/image\/\"}},{\"@type\":\"Person\",\"@id\":\"https:\/\/sceaux-lagazette.fr\/#\/schema\/person\/060ab8fc058c4220d9079707a58da9f1\",\"name\":\"Maurice Zytnicki\",\"image\":{\"@type\":\"ImageObject\",\"inLanguage\":\"fr-FR\",\"@id\":\"https:\/\/sceaux-lagazette.fr\/#\/schema\/person\/image\/\",\"url\":\"https:\/\/secure.gravatar.com\/avatar\/d94d30d6fa0e9cb7af48a89366fc0cdb?s=96&r=g\",\"contentUrl\":\"https:\/\/secure.gravatar.com\/avatar\/d94d30d6fa0e9cb7af48a89366fc0cdb?s=96&r=g\",\"caption\":\"Maurice Zytnicki\"},\"url\":\"https:\/\/sceaux-lagazette.fr\/index.php\/author\/maurice\/\"}]}<\/script>\n<!-- \/ Yoast SEO plugin. -->","yoast_head_json":{"title":"Sant\u00e9 mentale\u00a0des jeunes: deux lyc\u00e9ennes \u00e0 l\u2019initiative - La Gazette","robots":{"index":"index","follow":"follow","max-snippet":"max-snippet:-1","max-image-preview":"max-image-preview:large","max-video-preview":"max-video-preview:-1"},"canonical":"https:\/\/sceaux-lagazette.fr\/index.php\/2026\/09\/01\/sante-mentale-des-jeunes-deux-lyceennes-a-linitiative\/","og_locale":"fr_FR","og_type":"article","og_title":"Sant\u00e9 mentale\u00a0des jeunes: deux lyc\u00e9ennes \u00e0 l\u2019initiative - La Gazette","og_description":"Enora Caze et Louison Schorter Le Coq \u00e9taient lyc\u00e9ennes lorsqu\u2019elles ont propos\u00e9 l&rsquo;ann\u00e9e derni\u00e8re l\u2019id\u00e9e du Forum de la Sant\u00e9 mentale \u00e0 Bourg-la-Reine. La premi\u00e8re vient d\u2019obtenir le bac et s\u2019est d\u00e9j\u00e0 inscrite en fac. La seconde passe en Terminale. L\u2019id\u00e9e est une chose, la mise-en-\u0153uvre en est une autre.&#8230;","og_url":"https:\/\/sceaux-lagazette.fr\/index.php\/2026\/09\/01\/sante-mentale-des-jeunes-deux-lyceennes-a-linitiative\/","og_site_name":"La Gazette","article_published_time":"2026-09-01T06:32:17+00:00","article_modified_time":"2026-09-01T06:33:36+00:00","og_image":[{"width":382,"height":273,"url":"https:\/\/sceaux-lagazette.fr\/wp-content\/uploads\/2026\/09\/Forum-Sante-mentale-BLR-mai-2026-Rogne.jpg","type":"image\/jpeg"}],"author":"Maurice Zytnicki","twitter_card":"summary_large_image","twitter_misc":{"\u00c9crit par":"Maurice Zytnicki","Dur\u00e9e de lecture estim\u00e9e":"5 minutes"},"schema":{"@context":"https:\/\/schema.org","@graph":[{"@type":"Article","@id":"https:\/\/sceaux-lagazette.fr\/index.php\/2026\/09\/01\/sante-mentale-des-jeunes-deux-lyceennes-a-linitiative\/#article","isPartOf":{"@id":"https:\/\/sceaux-lagazette.fr\/index.php\/2026\/09\/01\/sante-mentale-des-jeunes-deux-lyceennes-a-linitiative\/"},"author":{"name":"Maurice Zytnicki","@id":"https:\/\/sceaux-lagazette.fr\/#\/schema\/person\/060ab8fc058c4220d9079707a58da9f1"},"headline":"Sant\u00e9 mentale\u00a0des jeunes: deux lyc\u00e9ennes \u00e0 l\u2019initiative","datePublished":"2026-09-01T06:32:17+00:00","dateModified":"2026-09-01T06:33:36+00:00","mainEntityOfPage":{"@id":"https:\/\/sceaux-lagazette.fr\/index.php\/2026\/09\/01\/sante-mentale-des-jeunes-deux-lyceennes-a-linitiative\/"},"wordCount":1046,"commentCount":0,"publisher":{"@id":"https:\/\/sceaux-lagazette.fr\/#organization"},"image":{"@id":"https:\/\/sceaux-lagazette.fr\/index.php\/2026\/09\/01\/sante-mentale-des-jeunes-deux-lyceennes-a-linitiative\/#primaryimage"},"thumbnailUrl":"https:\/\/sceaux-lagazette.fr\/wp-content\/uploads\/2026\/09\/Forum-Sante-mentale-BLR-mai-2026-Rogne.jpg","articleSection":["Bourg-la-Reine","Educations","Sant\u00e9"],"inLanguage":"fr-FR","potentialAction":[{"@type":"CommentAction","name":"Comment","target":["https:\/\/sceaux-lagazette.fr\/index.php\/2026\/09\/01\/sante-mentale-des-jeunes-deux-lyceennes-a-linitiative\/#respond"]}]},{"@type":"WebPage","@id":"https:\/\/sceaux-lagazette.fr\/index.php\/2026\/09\/01\/sante-mentale-des-jeunes-deux-lyceennes-a-linitiative\/","url":"https:\/\/sceaux-lagazette.fr\/index.php\/2026\/09\/01\/sante-mentale-des-jeunes-deux-lyceennes-a-linitiative\/","name":"Sant\u00e9 mentale\u00a0des jeunes: deux lyc\u00e9ennes \u00e0 l\u2019initiative - La Gazette","isPartOf":{"@id":"https:\/\/sceaux-lagazette.fr\/#website"},"primaryImageOfPage":{"@id":"https:\/\/sceaux-lagazette.fr\/index.php\/2026\/09\/01\/sante-mentale-des-jeunes-deux-lyceennes-a-linitiative\/#primaryimage"},"image":{"@id":"https:\/\/sceaux-lagazette.fr\/index.php\/2026\/09\/01\/sante-mentale-des-jeunes-deux-lyceennes-a-linitiative\/#primaryimage"},"thumbnailUrl":"https:\/\/sceaux-lagazette.fr\/wp-content\/uploads\/2026\/09\/Forum-Sante-mentale-BLR-mai-2026-Rogne.jpg","datePublished":"2026-09-01T06:32:17+00:00","dateModified":"2026-09-01T06:33:36+00:00","breadcrumb":{"@id":"https:\/\/sceaux-lagazette.fr\/index.php\/2026\/09\/01\/sante-mentale-des-jeunes-deux-lyceennes-a-linitiative\/#breadcrumb"},"inLanguage":"fr-FR","potentialAction":[{"@type":"ReadAction","target":["https:\/\/sceaux-lagazette.fr\/index.php\/2026\/09\/01\/sante-mentale-des-jeunes-deux-lyceennes-a-linitiative\/"]}]},{"@type":"ImageObject","inLanguage":"fr-FR","@id":"https:\/\/sceaux-lagazette.fr\/index.php\/2026\/09\/01\/sante-mentale-des-jeunes-deux-lyceennes-a-linitiative\/#primaryimage","url":"https:\/\/sceaux-lagazette.fr\/wp-content\/uploads\/2026\/09\/Forum-Sante-mentale-BLR-mai-2026-Rogne.jpg","contentUrl":"https:\/\/sceaux-lagazette.fr\/wp-content\/uploads\/2026\/09\/Forum-Sante-mentale-BLR-mai-2026-Rogne.jpg","width":382,"height":273},{"@type":"BreadcrumbList","@id":"https:\/\/sceaux-lagazette.fr\/index.php\/2026\/09\/01\/sante-mentale-des-jeunes-deux-lyceennes-a-linitiative\/#breadcrumb","itemListElement":[{"@type":"ListItem","position":1,"name":"Accueil","item":"https:\/\/sceaux-lagazette.fr\/"},{"@type":"ListItem","position":2,"name":"Sant\u00e9 mentale\u00a0des jeunes: deux lyc\u00e9ennes \u00e0 l\u2019initiative"}]},{"@type":"WebSite","@id":"https:\/\/sceaux-lagazette.fr\/#website","url":"https:\/\/sceaux-lagazette.fr\/","name":"La Gazette","description":"Bourg-la-Reine, Ch\u00e2tenay, Fontenay, Sceaux","publisher":{"@id":"https:\/\/sceaux-lagazette.fr\/#organization"},"potentialAction":[{"@type":"SearchAction","target":{"@type":"EntryPoint","urlTemplate":"https:\/\/sceaux-lagazette.fr\/?s={search_term_string}"},"query-input":{"@type":"PropertyValueSpecification","valueRequired":true,"valueName":"search_term_string"}}],"inLanguage":"fr-FR"},{"@type":"Organization","@id":"https:\/\/sceaux-lagazette.fr\/#organization","name":"La Gazette","url":"https:\/\/sceaux-lagazette.fr\/","logo":{"@type":"ImageObject","inLanguage":"fr-FR","@id":"https:\/\/sceaux-lagazette.fr\/#\/schema\/logo\/image\/","url":"https:\/\/sceaux-lagazette.fr\/wp-content\/uploads\/2025\/08\/Logo-Gazette-Aout-2025-V3.jpg","contentUrl":"https:\/\/sceaux-lagazette.fr\/wp-content\/uploads\/2025\/08\/Logo-Gazette-Aout-2025-V3.jpg","width":525,"height":130,"caption":"La Gazette"},"image":{"@id":"https:\/\/sceaux-lagazette.fr\/#\/schema\/logo\/image\/"}},{"@type":"Person","@id":"https:\/\/sceaux-lagazette.fr\/#\/schema\/person\/060ab8fc058c4220d9079707a58da9f1","name":"Maurice Zytnicki","image":{"@type":"ImageObject","inLanguage":"fr-FR","@id":"https:\/\/sceaux-lagazette.fr\/#\/schema\/person\/image\/","url":"https:\/\/secure.gravatar.com\/avatar\/d94d30d6fa0e9cb7af48a89366fc0cdb?s=96&r=g","contentUrl":"https:\/\/secure.gravatar.com\/avatar\/d94d30d6fa0e9cb7af48a89366fc0cdb?s=96&r=g","caption":"Maurice Zytnicki"},"url":"https:\/\/sceaux-lagazette.fr\/index.php\/author\/maurice\/"}]}},"cc_featured_image_caption":{"caption_text":"Source Ville de Bourg-la-Reine","source_text":"","source_url":""},"_links":{"self":[{"href":"https:\/\/sceaux-lagazette.fr\/index.php\/wp-json\/wp\/v2\/posts\/46585"}],"collection":[{"href":"https:\/\/sceaux-lagazette.fr\/index.php\/wp-json\/wp\/v2\/posts"}],"about":[{"href":"https:\/\/sceaux-lagazette.fr\/index.php\/wp-json\/wp\/v2\/types\/post"}],"author":[{"embeddable":true,"href":"https:\/\/sceaux-lagazette.fr\/index.php\/wp-json\/wp\/v2\/users\/6"}],"replies":[{"embeddable":true,"href":"https:\/\/sceaux-lagazette.fr\/index.php\/wp-json\/wp\/v2\/comments?post=46585"}],"version-history":[{"count":3,"href":"https:\/\/sceaux-lagazette.fr\/index.php\/wp-json\/wp\/v2\/posts\/46585\/revisions"}],"predecessor-version":[{"id":46590,"href":"https:\/\/sceaux-lagazette.fr\/index.php\/wp-json\/wp\/v2\/posts\/46585\/revisions\/46590"}],"wp:featuredmedia":[{"embeddable":true,"href":"https:\/\/sceaux-lagazette.fr\/index.php\/wp-json\/wp\/v2\/media\/46587"}],"wp:attachment":[{"href":"https:\/\/sceaux-lagazette.fr\/index.php\/wp-json\/wp\/v2\/media?parent=46585"}],"wp:term":[{"taxonomy":"category","embeddable":true,"href":"https:\/\/sceaux-lagazette.fr\/index.php\/wp-json\/wp\/v2\/categories?post=46585"},{"taxonomy":"post_tag","embeddable":true,"href":"https:\/\/sceaux-lagazette.fr\/index.php\/wp-json\/wp\/v2\/tags?post=46585"}],"curies":[{"name":"wp","href":"https:\/\/api.w.org\/{rel}","templated":true}]}}