{"id":46574,"date":"2026-08-31T14:00:00","date_gmt":"2026-08-31T12:00:00","guid":{"rendered":"https:\/\/sceaux-lagazette.fr\/?p=46574"},"modified":"2026-08-31T13:46:22","modified_gmt":"2026-08-31T11:46:22","slug":"celle-qui-a-danse-avec-le-chaos","status":"publish","type":"post","link":"https:\/\/sceaux-lagazette.fr\/index.php\/2026\/08\/31\/celle-qui-a-danse-avec-le-chaos\/","title":{"rendered":"Celle qui a dans\u00e9 avec le chaos"},"content":{"rendered":"\n<p>Rachel Charrie est connue des amateurs des F\u00e9libres, le caf\u00e9 restaurant en face de l\u2019\u00e9glise de Sceaux. Elle y est serveuse, ce qui d\u00e9montre que les salles ou les terrasses ne sont pas des exclusivit\u00e9s des th\u00e9\u00e2tres. Elle est aussi com\u00e9dienne. Le spectacle qu\u2019elle donne du 3 au 5 septembre \u00e0 Paris, <em>On verra,<\/em> est un seule en sc\u00e8ne, un r\u00e9cit de vie, de blessures, de rages et d\u2019esp\u00e9rances, de \u00ab&nbsp;<em>danses avec le chaos<\/em>&nbsp;\u00bb dit-elle. En entrem\u00ealant l\u2019humour et le drame, elle fait de son histoire intime un universel&nbsp;: elle dit qu\u2019on peut \u00eatre heureuse, le d\u00e9fendre, malgr\u00e9 un pass\u00e9 rong\u00e9 de m\u00e9chancet\u00e9s.<\/p>\n\n\n\n<p>Elle est longue, fine, ses mains surtout, de longs doigts tr\u00e8s mobiles, son visage est plus doux que ses nombreux shootings (comme mod\u00e8le d\u2019artistes photographes) plus sculpt\u00e9s, contrast\u00e9s, o\u00f9 sa beaut\u00e9 appara\u00eet dans la rigueur des lumi\u00e8res. Au caf\u00e9 o\u00f9 se tient l\u2019entretien, derri\u00e8re son expresso et son jus d\u2019orange, son visage est \u00e9mouvant et ing\u00e9nu. Son spectacle est pr\u00eat. Elle est rassur\u00e9e, bien que la perspective doive l\u2019angoisser sur les bords aussi cuirass\u00e9s soient-ils.<\/p>\n\n\n\n<p>Son enfance a \u00e9t\u00e9 une souffrance. Elle est abandonn\u00e9e \u00e0 un an, est recueillie \u00e0 la DASS jusqu\u2019\u00e0 8 ans, reprise par une m\u00e8re pour qui elle ne compte pas. Elle raconte \u00e7a, ce pourrait \u00eatre un long cri tragique, et cela n\u2019est pas. Elle n\u2019est pas vo\u00fbt\u00e9e par les ann\u00e9es de peine, elle est grande, \u00e9lanc\u00e9e, \u00e9nergique. Elle raconte avec distance ses ann\u00e9es de promiscuit\u00e9 et d\u2019ind\u00e9cences, de violences, elle n\u2019est pas soumise \u00e0 elle-m\u00eame. Elle est seule en sc\u00e8ne, mais le spectacle montre un double, une autre, Camille. En sc\u00e8ne&nbsp;: Rachel et Camille. Deux femmes se parlent et d\u00e9sint\u00e8grent ce qui aurait pu \u00eatre un monologue.<\/p>\n\n\n\n<h2 class=\"wp-block-heading\">La lutte avec l\u2019ange<\/h2>\n\n\n\n<p>Camille est l\u2019ange gardien. \u00c0 c\u00f4t\u00e9 de la table, de la chaise et du miroir qui composent le d\u00e9cor, se trouveront deux ailes d\u2019ange. Le deux, le couple est au centre du r\u00e9cit que Rachel Charrie a \u00e9crit. Et ce couple est un lieu d\u2019\u00e9change et de lutte. Qu\u2019est-ce qu\u2019\u00eatre deux&nbsp;? Quand elle rentrait de l\u2019\u00e9cole o\u00f9, timide, elle \u00e9tait une proie facile, sa m\u00e8re tout occup\u00e9e \u00e0 son chaos personnel et \u00e0 ses amants violents n\u2019avait que faire de ses d\u00e9sarrois. Elle se souvient qu\u2019en 3<sup>e<\/sup>, son professeur d\u2019histoire g\u00e9ographie s\u2019int\u00e9ressait \u00e0 elle. Elle lui demandait \u00ab&nbsp;<em>comment \u00e7a va<\/em>&nbsp;?&nbsp;\u00bb C\u2019\u00e9tait la seule.<\/p>\n\n\n<div class=\"wp-block-image\">\n<figure class=\"alignright size-large is-resized\"><img decoding=\"async\" width=\"1024\" height=\"1024\" src=\"https:\/\/sceaux-lagazette.fr\/wp-content\/uploads\/2026\/08\/Annonce-spectacle-Rachel-Charrie-1024x1024.jpg\" alt=\"\" class=\"wp-image-46578\" style=\"width:324px;height:auto\" srcset=\"https:\/\/sceaux-lagazette.fr\/wp-content\/uploads\/2026\/08\/Annonce-spectacle-Rachel-Charrie-1024x1024.jpg 1024w, https:\/\/sceaux-lagazette.fr\/wp-content\/uploads\/2026\/08\/Annonce-spectacle-Rachel-Charrie-300x300.jpg 300w, https:\/\/sceaux-lagazette.fr\/wp-content\/uploads\/2026\/08\/Annonce-spectacle-Rachel-Charrie-150x150.jpg 150w, https:\/\/sceaux-lagazette.fr\/wp-content\/uploads\/2026\/08\/Annonce-spectacle-Rachel-Charrie-768x768.jpg 768w, https:\/\/sceaux-lagazette.fr\/wp-content\/uploads\/2026\/08\/Annonce-spectacle-Rachel-Charrie-1536x1536.jpg 1536w, https:\/\/sceaux-lagazette.fr\/wp-content\/uploads\/2026\/08\/Annonce-spectacle-Rachel-Charrie.jpg 2048w\" sizes=\"(max-width: 1024px) 100vw, 1024px\" \/><figcaption class=\"wp-element-caption\">(c) Alexia Vic<\/figcaption><\/figure><\/div>\n\n\n<p>Et la magie du th\u00e9\u00e2tre, pour elle, est de pouvoir d\u00e9passer la r\u00e9alit\u00e9 en y semant l\u2019ironie et la joie sans lesquelles elle n\u2019aurait pas v\u00e9cue. Son ange gardien est successivement protectrice et d\u00e9pressive. Rachel prendra le dessus et la soutiendra ensuite. Elle a de bonnes raisons de croire que les protections ne sont pas inalt\u00e9rables. L\u2019ange gardien l\u2019a pr\u00e9serv\u00e9e du d\u00e9sespoir absolu en lui rappelant la douceur de sa famille d\u2019accueil, mais cette pr\u00e9sence myst\u00e9rieuse demande qu\u2019on la combatte, comme Jacob avait combattu l\u2019Esprit qui lui \u00e9tait apparu.<\/p>\n\n\n\n<p>Et si elle recouvre ses forces, l\u2019ange doit perdre des siennes. C\u2019est le principe de la boxe et des vases communiquant avec peut-\u00eatre le soup\u00e7on qu\u2019il n\u2019existe pas de \u00ab&nbsp;sauveur supr\u00eame&nbsp;\u00bb. Qu\u2019il faut savoir remettre en cause les apparitions, m\u00eame les plus secourables.<\/p>\n\n\n\n<p>Rachel, apr\u00e8s quelques saisons en enfer, plusieurs sortes d\u2019enfers, a connu ses <em>Illuminations<\/em>. Ses formations th\u00e9\u00e2trales l\u2019ont transform\u00e9e. Son corps et ses cris, de comprim\u00e9s qu\u2019ils \u00e9taient, sont devenus avec les ans et l\u2019ardeur, des moments exprim\u00e9s. Elle a appris que la d\u00e9rision est une des figures de la r\u00e9sistance. Sur sc\u00e8ne, elle est joyeuse, imaginative, grave, anim\u00e9e, corporelle, elle dira que le bonheur existe et qu\u2019elle l\u2019a connu petite fille.<\/p>\n\n\n\n<p><a href=\"https:\/\/www.instagram.com\/peter_tournier\/\">Peter Tournier<\/a>, le directeur d\u2019acteurs dont elle a suivi le cours \u00e0 l&rsquo;<em>Intercultural method,<\/em> l\u2019a beaucoup inspir\u00e9e lorsqu\u2019elle a con\u00e7u la mise en sc\u00e8ne. Alexia Vic, artiste photographe avec qui elle est li\u00e9e d\u2019amiti\u00e9, d\u2019admiration et d\u2019une exp\u00e9rience de mod\u00e8le, a cr\u00e9\u00e9 l\u2019affiche troublante de son spectacle.<\/p>\n\n\n\n<p>Ici l\u2019ombre&nbsp;! une femme parle aux femmes et m\u00eame aux hommes \u00ab&nbsp;arm\u00e9s&nbsp;\u00bb ou d\u00e9sarm\u00e9s. Elle affirme que la r\u00e9silience existe et que la flamme ne s\u2019\u00e9teint pas tant que demeure l\u2019empire sur soi. Venez le v\u00e9rifier vous-m\u00eames, allez voir <em>On verra<\/em>. Le spectacle, \u00e9crit et interpr\u00e9t\u00e9 par Rachel Charrie, passe les jeudi 3, vendredi 4 et samedi 5 septembre 2026 au <a href=\"https:\/\/theatredugouvernail.fr\/produit\/on-verra\/\">th\u00e9\u00e2tre du Gouvernail<\/a>, Passage de Thionville, Paris. M\u00e9tro Ourcq.<\/p>\n\n\n\n<hr class=\"wp-block-separator has-alpha-channel-opacity\"\/>\n\n\n<div class=\"wp-block-image\">\n<figure class=\"alignright size-full is-resized\"><img decoding=\"async\" width=\"220\" height=\"175\" src=\"https:\/\/sceaux-lagazette.fr\/wp-content\/uploads\/2026\/08\/image.png\" alt=\"\" class=\"wp-image-46579\" style=\"width:189px;height:auto\"\/><\/figure><\/div>\n\n\n<p><strong>Horaires des spectacles<\/strong><br>\u25c6 Jeudi 3 septembre \u00e0 20h<br>\u25c6 Vendredi 4 \u00e0 20h30<br>\u25c6 Samedi 5 \u00e0 20h<\/p>\n\n\n\n<p><a href=\"https:\/\/www.billetweb.fr\/on-verra1\">Billetterie en ligne<\/a><\/p>\n\n\n\n<p class=\"has-regular-font-size\"><strong>Acc\u00e8s transport en commun<\/strong><br>\u25c6 RER B prendre en queue, ce qui facilite la correspondance \u00e0 Gare du Nord vers la ligne 5. Descendre \u00e0 la station Ourcq. C\u2019est tout pr\u00e8s.<\/p>\n\n\n\n<p><\/p>\n","protected":false},"excerpt":{"rendered":"<p>Rachel Charrie est connue des amateurs des F\u00e9libres, le caf\u00e9 restaurant en face de l\u2019\u00e9glise de Sceaux. Elle y est serveuse, ce qui d\u00e9montre que les salles ou les terrasses ne sont pas des exclusivit\u00e9s des th\u00e9\u00e2tres. Elle est aussi com\u00e9dienne. Le spectacle qu\u2019elle donne du 3 au 5 septembre&#8230;<\/p>\n","protected":false},"author":6,"featured_media":46577,"comment_status":"open","ping_status":"open","sticky":true,"template":"","format":"standard","meta":{"om_disable_all_campaigns":false,"_monsterinsights_skip_tracking":false,"_uf_show_specific_survey":0,"_uf_disable_surveys":false,"footnotes":"","_members_access_role":[],"_members_access_error":""},"categories":[59,266],"tags":[],"class_list":["post-46574","post","type-post","status-publish","format-standard","has-post-thumbnail","hentry","category-portraits","category-sceaux","entry","simple"],"yoast_head":"<!-- This site is optimized with the Yoast SEO plugin v25.6 - https:\/\/yoast.com\/wordpress\/plugins\/seo\/ -->\n<title>Celle qui a dans\u00e9 avec le chaos - La Gazette<\/title>\n<meta name=\"robots\" content=\"index, follow, max-snippet:-1, max-image-preview:large, max-video-preview:-1\" \/>\n<link rel=\"canonical\" href=\"https:\/\/sceaux-lagazette.fr\/index.php\/2026\/08\/31\/celle-qui-a-danse-avec-le-chaos\/\" \/>\n<meta property=\"og:locale\" content=\"fr_FR\" \/>\n<meta property=\"og:type\" content=\"article\" \/>\n<meta property=\"og:title\" content=\"Celle qui a dans\u00e9 avec le chaos - La Gazette\" \/>\n<meta property=\"og:description\" content=\"Rachel Charrie est connue des amateurs des F\u00e9libres, le caf\u00e9 restaurant en face de l\u2019\u00e9glise de Sceaux. Elle y est serveuse, ce qui d\u00e9montre que les salles ou les terrasses ne sont pas des exclusivit\u00e9s des th\u00e9\u00e2tres. Elle est aussi com\u00e9dienne. Le spectacle qu\u2019elle donne du 3 au 5 septembre&#8230;\" \/>\n<meta property=\"og:url\" content=\"https:\/\/sceaux-lagazette.fr\/index.php\/2026\/08\/31\/celle-qui-a-danse-avec-le-chaos\/\" \/>\n<meta property=\"og:site_name\" content=\"La Gazette\" \/>\n<meta property=\"article:published_time\" content=\"2026-08-31T12:00:00+00:00\" \/>\n<meta property=\"og:image\" content=\"https:\/\/sceaux-lagazette.fr\/wp-content\/uploads\/2026\/08\/Rachel-Charrie-devant-elise-Sceaux-sans-chaises.jpg\" \/>\n\t<meta property=\"og:image:width\" content=\"1556\" \/>\n\t<meta property=\"og:image:height\" content=\"1011\" \/>\n\t<meta property=\"og:image:type\" content=\"image\/jpeg\" \/>\n<meta name=\"author\" content=\"Maurice Zytnicki\" \/>\n<meta name=\"twitter:card\" content=\"summary_large_image\" \/>\n<meta name=\"twitter:label1\" content=\"\u00c9crit par\" \/>\n\t<meta name=\"twitter:data1\" content=\"Maurice Zytnicki\" \/>\n\t<meta name=\"twitter:label2\" content=\"Dur\u00e9e de lecture estim\u00e9e\" \/>\n\t<meta name=\"twitter:data2\" content=\"5 minutes\" \/>\n<script type=\"application\/ld+json\" class=\"yoast-schema-graph\">{\"@context\":\"https:\/\/schema.org\",\"@graph\":[{\"@type\":\"Article\",\"@id\":\"https:\/\/sceaux-lagazette.fr\/index.php\/2026\/08\/31\/celle-qui-a-danse-avec-le-chaos\/#article\",\"isPartOf\":{\"@id\":\"https:\/\/sceaux-lagazette.fr\/index.php\/2026\/08\/31\/celle-qui-a-danse-avec-le-chaos\/\"},\"author\":{\"name\":\"Maurice Zytnicki\",\"@id\":\"https:\/\/sceaux-lagazette.fr\/#\/schema\/person\/060ab8fc058c4220d9079707a58da9f1\"},\"headline\":\"Celle qui a dans\u00e9 avec le chaos\",\"datePublished\":\"2026-08-31T12:00:00+00:00\",\"mainEntityOfPage\":{\"@id\":\"https:\/\/sceaux-lagazette.fr\/index.php\/2026\/08\/31\/celle-qui-a-danse-avec-le-chaos\/\"},\"wordCount\":901,\"commentCount\":0,\"publisher\":{\"@id\":\"https:\/\/sceaux-lagazette.fr\/#organization\"},\"image\":{\"@id\":\"https:\/\/sceaux-lagazette.fr\/index.php\/2026\/08\/31\/celle-qui-a-danse-avec-le-chaos\/#primaryimage\"},\"thumbnailUrl\":\"https:\/\/sceaux-lagazette.fr\/wp-content\/uploads\/2026\/08\/Rachel-Charrie-devant-elise-Sceaux-sans-chaises.jpg\",\"articleSection\":[\"Portraits\",\"Sceaux\"],\"inLanguage\":\"fr-FR\",\"potentialAction\":[{\"@type\":\"CommentAction\",\"name\":\"Comment\",\"target\":[\"https:\/\/sceaux-lagazette.fr\/index.php\/2026\/08\/31\/celle-qui-a-danse-avec-le-chaos\/#respond\"]}]},{\"@type\":\"WebPage\",\"@id\":\"https:\/\/sceaux-lagazette.fr\/index.php\/2026\/08\/31\/celle-qui-a-danse-avec-le-chaos\/\",\"url\":\"https:\/\/sceaux-lagazette.fr\/index.php\/2026\/08\/31\/celle-qui-a-danse-avec-le-chaos\/\",\"name\":\"Celle qui a dans\u00e9 avec le chaos - La Gazette\",\"isPartOf\":{\"@id\":\"https:\/\/sceaux-lagazette.fr\/#website\"},\"primaryImageOfPage\":{\"@id\":\"https:\/\/sceaux-lagazette.fr\/index.php\/2026\/08\/31\/celle-qui-a-danse-avec-le-chaos\/#primaryimage\"},\"image\":{\"@id\":\"https:\/\/sceaux-lagazette.fr\/index.php\/2026\/08\/31\/celle-qui-a-danse-avec-le-chaos\/#primaryimage\"},\"thumbnailUrl\":\"https:\/\/sceaux-lagazette.fr\/wp-content\/uploads\/2026\/08\/Rachel-Charrie-devant-elise-Sceaux-sans-chaises.jpg\",\"datePublished\":\"2026-08-31T12:00:00+00:00\",\"breadcrumb\":{\"@id\":\"https:\/\/sceaux-lagazette.fr\/index.php\/2026\/08\/31\/celle-qui-a-danse-avec-le-chaos\/#breadcrumb\"},\"inLanguage\":\"fr-FR\",\"potentialAction\":[{\"@type\":\"ReadAction\",\"target\":[\"https:\/\/sceaux-lagazette.fr\/index.php\/2026\/08\/31\/celle-qui-a-danse-avec-le-chaos\/\"]}]},{\"@type\":\"ImageObject\",\"inLanguage\":\"fr-FR\",\"@id\":\"https:\/\/sceaux-lagazette.fr\/index.php\/2026\/08\/31\/celle-qui-a-danse-avec-le-chaos\/#primaryimage\",\"url\":\"https:\/\/sceaux-lagazette.fr\/wp-content\/uploads\/2026\/08\/Rachel-Charrie-devant-elise-Sceaux-sans-chaises.jpg\",\"contentUrl\":\"https:\/\/sceaux-lagazette.fr\/wp-content\/uploads\/2026\/08\/Rachel-Charrie-devant-elise-Sceaux-sans-chaises.jpg\",\"width\":1556,\"height\":1011},{\"@type\":\"BreadcrumbList\",\"@id\":\"https:\/\/sceaux-lagazette.fr\/index.php\/2026\/08\/31\/celle-qui-a-danse-avec-le-chaos\/#breadcrumb\",\"itemListElement\":[{\"@type\":\"ListItem\",\"position\":1,\"name\":\"Accueil\",\"item\":\"https:\/\/sceaux-lagazette.fr\/\"},{\"@type\":\"ListItem\",\"position\":2,\"name\":\"Celle qui a dans\u00e9 avec le chaos\"}]},{\"@type\":\"WebSite\",\"@id\":\"https:\/\/sceaux-lagazette.fr\/#website\",\"url\":\"https:\/\/sceaux-lagazette.fr\/\",\"name\":\"La Gazette\",\"description\":\"Bourg-la-Reine, Ch\u00e2tenay, Fontenay, Sceaux\",\"publisher\":{\"@id\":\"https:\/\/sceaux-lagazette.fr\/#organization\"},\"potentialAction\":[{\"@type\":\"SearchAction\",\"target\":{\"@type\":\"EntryPoint\",\"urlTemplate\":\"https:\/\/sceaux-lagazette.fr\/?s={search_term_string}\"},\"query-input\":{\"@type\":\"PropertyValueSpecification\",\"valueRequired\":true,\"valueName\":\"search_term_string\"}}],\"inLanguage\":\"fr-FR\"},{\"@type\":\"Organization\",\"@id\":\"https:\/\/sceaux-lagazette.fr\/#organization\",\"name\":\"La Gazette\",\"url\":\"https:\/\/sceaux-lagazette.fr\/\",\"logo\":{\"@type\":\"ImageObject\",\"inLanguage\":\"fr-FR\",\"@id\":\"https:\/\/sceaux-lagazette.fr\/#\/schema\/logo\/image\/\",\"url\":\"https:\/\/sceaux-lagazette.fr\/wp-content\/uploads\/2025\/08\/Logo-Gazette-Aout-2025-V3.jpg\",\"contentUrl\":\"https:\/\/sceaux-lagazette.fr\/wp-content\/uploads\/2025\/08\/Logo-Gazette-Aout-2025-V3.jpg\",\"width\":525,\"height\":130,\"caption\":\"La Gazette\"},\"image\":{\"@id\":\"https:\/\/sceaux-lagazette.fr\/#\/schema\/logo\/image\/\"}},{\"@type\":\"Person\",\"@id\":\"https:\/\/sceaux-lagazette.fr\/#\/schema\/person\/060ab8fc058c4220d9079707a58da9f1\",\"name\":\"Maurice Zytnicki\",\"image\":{\"@type\":\"ImageObject\",\"inLanguage\":\"fr-FR\",\"@id\":\"https:\/\/sceaux-lagazette.fr\/#\/schema\/person\/image\/\",\"url\":\"https:\/\/secure.gravatar.com\/avatar\/d94d30d6fa0e9cb7af48a89366fc0cdb?s=96&r=g\",\"contentUrl\":\"https:\/\/secure.gravatar.com\/avatar\/d94d30d6fa0e9cb7af48a89366fc0cdb?s=96&r=g\",\"caption\":\"Maurice Zytnicki\"},\"url\":\"https:\/\/sceaux-lagazette.fr\/index.php\/author\/maurice\/\"}]}<\/script>\n<!-- \/ Yoast SEO plugin. -->","yoast_head_json":{"title":"Celle qui a dans\u00e9 avec le chaos - La Gazette","robots":{"index":"index","follow":"follow","max-snippet":"max-snippet:-1","max-image-preview":"max-image-preview:large","max-video-preview":"max-video-preview:-1"},"canonical":"https:\/\/sceaux-lagazette.fr\/index.php\/2026\/08\/31\/celle-qui-a-danse-avec-le-chaos\/","og_locale":"fr_FR","og_type":"article","og_title":"Celle qui a dans\u00e9 avec le chaos - La Gazette","og_description":"Rachel Charrie est connue des amateurs des F\u00e9libres, le caf\u00e9 restaurant en face de l\u2019\u00e9glise de Sceaux. Elle y est serveuse, ce qui d\u00e9montre que les salles ou les terrasses ne sont pas des exclusivit\u00e9s des th\u00e9\u00e2tres. Elle est aussi com\u00e9dienne. Le spectacle qu\u2019elle donne du 3 au 5 septembre&#8230;","og_url":"https:\/\/sceaux-lagazette.fr\/index.php\/2026\/08\/31\/celle-qui-a-danse-avec-le-chaos\/","og_site_name":"La Gazette","article_published_time":"2026-08-31T12:00:00+00:00","og_image":[{"width":1556,"height":1011,"url":"https:\/\/sceaux-lagazette.fr\/wp-content\/uploads\/2026\/08\/Rachel-Charrie-devant-elise-Sceaux-sans-chaises.jpg","type":"image\/jpeg"}],"author":"Maurice Zytnicki","twitter_card":"summary_large_image","twitter_misc":{"\u00c9crit par":"Maurice Zytnicki","Dur\u00e9e de lecture estim\u00e9e":"5 minutes"},"schema":{"@context":"https:\/\/schema.org","@graph":[{"@type":"Article","@id":"https:\/\/sceaux-lagazette.fr\/index.php\/2026\/08\/31\/celle-qui-a-danse-avec-le-chaos\/#article","isPartOf":{"@id":"https:\/\/sceaux-lagazette.fr\/index.php\/2026\/08\/31\/celle-qui-a-danse-avec-le-chaos\/"},"author":{"name":"Maurice Zytnicki","@id":"https:\/\/sceaux-lagazette.fr\/#\/schema\/person\/060ab8fc058c4220d9079707a58da9f1"},"headline":"Celle qui a dans\u00e9 avec le chaos","datePublished":"2026-08-31T12:00:00+00:00","mainEntityOfPage":{"@id":"https:\/\/sceaux-lagazette.fr\/index.php\/2026\/08\/31\/celle-qui-a-danse-avec-le-chaos\/"},"wordCount":901,"commentCount":0,"publisher":{"@id":"https:\/\/sceaux-lagazette.fr\/#organization"},"image":{"@id":"https:\/\/sceaux-lagazette.fr\/index.php\/2026\/08\/31\/celle-qui-a-danse-avec-le-chaos\/#primaryimage"},"thumbnailUrl":"https:\/\/sceaux-lagazette.fr\/wp-content\/uploads\/2026\/08\/Rachel-Charrie-devant-elise-Sceaux-sans-chaises.jpg","articleSection":["Portraits","Sceaux"],"inLanguage":"fr-FR","potentialAction":[{"@type":"CommentAction","name":"Comment","target":["https:\/\/sceaux-lagazette.fr\/index.php\/2026\/08\/31\/celle-qui-a-danse-avec-le-chaos\/#respond"]}]},{"@type":"WebPage","@id":"https:\/\/sceaux-lagazette.fr\/index.php\/2026\/08\/31\/celle-qui-a-danse-avec-le-chaos\/","url":"https:\/\/sceaux-lagazette.fr\/index.php\/2026\/08\/31\/celle-qui-a-danse-avec-le-chaos\/","name":"Celle qui a dans\u00e9 avec le chaos - La Gazette","isPartOf":{"@id":"https:\/\/sceaux-lagazette.fr\/#website"},"primaryImageOfPage":{"@id":"https:\/\/sceaux-lagazette.fr\/index.php\/2026\/08\/31\/celle-qui-a-danse-avec-le-chaos\/#primaryimage"},"image":{"@id":"https:\/\/sceaux-lagazette.fr\/index.php\/2026\/08\/31\/celle-qui-a-danse-avec-le-chaos\/#primaryimage"},"thumbnailUrl":"https:\/\/sceaux-lagazette.fr\/wp-content\/uploads\/2026\/08\/Rachel-Charrie-devant-elise-Sceaux-sans-chaises.jpg","datePublished":"2026-08-31T12:00:00+00:00","breadcrumb":{"@id":"https:\/\/sceaux-lagazette.fr\/index.php\/2026\/08\/31\/celle-qui-a-danse-avec-le-chaos\/#breadcrumb"},"inLanguage":"fr-FR","potentialAction":[{"@type":"ReadAction","target":["https:\/\/sceaux-lagazette.fr\/index.php\/2026\/08\/31\/celle-qui-a-danse-avec-le-chaos\/"]}]},{"@type":"ImageObject","inLanguage":"fr-FR","@id":"https:\/\/sceaux-lagazette.fr\/index.php\/2026\/08\/31\/celle-qui-a-danse-avec-le-chaos\/#primaryimage","url":"https:\/\/sceaux-lagazette.fr\/wp-content\/uploads\/2026\/08\/Rachel-Charrie-devant-elise-Sceaux-sans-chaises.jpg","contentUrl":"https:\/\/sceaux-lagazette.fr\/wp-content\/uploads\/2026\/08\/Rachel-Charrie-devant-elise-Sceaux-sans-chaises.jpg","width":1556,"height":1011},{"@type":"BreadcrumbList","@id":"https:\/\/sceaux-lagazette.fr\/index.php\/2026\/08\/31\/celle-qui-a-danse-avec-le-chaos\/#breadcrumb","itemListElement":[{"@type":"ListItem","position":1,"name":"Accueil","item":"https:\/\/sceaux-lagazette.fr\/"},{"@type":"ListItem","position":2,"name":"Celle qui a dans\u00e9 avec le chaos"}]},{"@type":"WebSite","@id":"https:\/\/sceaux-lagazette.fr\/#website","url":"https:\/\/sceaux-lagazette.fr\/","name":"La Gazette","description":"Bourg-la-Reine, Ch\u00e2tenay, Fontenay, Sceaux","publisher":{"@id":"https:\/\/sceaux-lagazette.fr\/#organization"},"potentialAction":[{"@type":"SearchAction","target":{"@type":"EntryPoint","urlTemplate":"https:\/\/sceaux-lagazette.fr\/?s={search_term_string}"},"query-input":{"@type":"PropertyValueSpecification","valueRequired":true,"valueName":"search_term_string"}}],"inLanguage":"fr-FR"},{"@type":"Organization","@id":"https:\/\/sceaux-lagazette.fr\/#organization","name":"La Gazette","url":"https:\/\/sceaux-lagazette.fr\/","logo":{"@type":"ImageObject","inLanguage":"fr-FR","@id":"https:\/\/sceaux-lagazette.fr\/#\/schema\/logo\/image\/","url":"https:\/\/sceaux-lagazette.fr\/wp-content\/uploads\/2025\/08\/Logo-Gazette-Aout-2025-V3.jpg","contentUrl":"https:\/\/sceaux-lagazette.fr\/wp-content\/uploads\/2025\/08\/Logo-Gazette-Aout-2025-V3.jpg","width":525,"height":130,"caption":"La Gazette"},"image":{"@id":"https:\/\/sceaux-lagazette.fr\/#\/schema\/logo\/image\/"}},{"@type":"Person","@id":"https:\/\/sceaux-lagazette.fr\/#\/schema\/person\/060ab8fc058c4220d9079707a58da9f1","name":"Maurice Zytnicki","image":{"@type":"ImageObject","inLanguage":"fr-FR","@id":"https:\/\/sceaux-lagazette.fr\/#\/schema\/person\/image\/","url":"https:\/\/secure.gravatar.com\/avatar\/d94d30d6fa0e9cb7af48a89366fc0cdb?s=96&r=g","contentUrl":"https:\/\/secure.gravatar.com\/avatar\/d94d30d6fa0e9cb7af48a89366fc0cdb?s=96&r=g","caption":"Maurice Zytnicki"},"url":"https:\/\/sceaux-lagazette.fr\/index.php\/author\/maurice\/"}]}},"cc_featured_image_caption":{"caption_text":"Photo Rachel Charrie","source_text":"","source_url":""},"_links":{"self":[{"href":"https:\/\/sceaux-lagazette.fr\/index.php\/wp-json\/wp\/v2\/posts\/46574"}],"collection":[{"href":"https:\/\/sceaux-lagazette.fr\/index.php\/wp-json\/wp\/v2\/posts"}],"about":[{"href":"https:\/\/sceaux-lagazette.fr\/index.php\/wp-json\/wp\/v2\/types\/post"}],"author":[{"embeddable":true,"href":"https:\/\/sceaux-lagazette.fr\/index.php\/wp-json\/wp\/v2\/users\/6"}],"replies":[{"embeddable":true,"href":"https:\/\/sceaux-lagazette.fr\/index.php\/wp-json\/wp\/v2\/comments?post=46574"}],"version-history":[{"count":6,"href":"https:\/\/sceaux-lagazette.fr\/index.php\/wp-json\/wp\/v2\/posts\/46574\/revisions"}],"predecessor-version":[{"id":46584,"href":"https:\/\/sceaux-lagazette.fr\/index.php\/wp-json\/wp\/v2\/posts\/46574\/revisions\/46584"}],"wp:featuredmedia":[{"embeddable":true,"href":"https:\/\/sceaux-lagazette.fr\/index.php\/wp-json\/wp\/v2\/media\/46577"}],"wp:attachment":[{"href":"https:\/\/sceaux-lagazette.fr\/index.php\/wp-json\/wp\/v2\/media?parent=46574"}],"wp:term":[{"taxonomy":"category","embeddable":true,"href":"https:\/\/sceaux-lagazette.fr\/index.php\/wp-json\/wp\/v2\/categories?post=46574"},{"taxonomy":"post_tag","embeddable":true,"href":"https:\/\/sceaux-lagazette.fr\/index.php\/wp-json\/wp\/v2\/tags?post=46574"}],"curies":[{"name":"wp","href":"https:\/\/api.w.org\/{rel}","templated":true}]}}