{"id":46570,"date":"2026-08-31T08:30:03","date_gmt":"2026-08-31T06:30:03","guid":{"rendered":"https:\/\/sceaux-lagazette.fr\/?p=46570"},"modified":"2026-08-31T10:01:30","modified_gmt":"2026-08-31T08:01:30","slug":"forums-associatifs-a-vos-agendas","status":"publish","type":"post","link":"https:\/\/sceaux-lagazette.fr\/index.php\/2026\/08\/31\/forums-associatifs-a-vos-agendas\/","title":{"rendered":"Forums associatifs : \u00e0 vos agendas !"},"content":{"rendered":"\n<p>Les mois de cong\u00e9s d\u2019\u00e9t\u00e9 s\u2019ach\u00e8vent. La Gazette reprend. Apr\u00e8s ses republications hebdomadaires, elle retrouve son rythme quotidien. Pour l\u2019heure, une urgence s\u2019impose&nbsp;: annoncer les forums associatifs de nos quatre communes. Ils se tiennent tous en m\u00eame temps&nbsp;: le prochain weekend. Cette concomitance est naturelle&nbsp;: il s\u2019agit de s\u2019informer sur les activit\u00e9s de l\u2019ann\u00e9e et, pour celles qui conviennent, de s\u2019y inscrire sans tarder.<\/p>\n\n\n\n<p>En esp\u00e9rant que cet \u00e9t\u00e9 s\u2019est bien pass\u00e9 pour vous, nous vous souhaitons une bonne reprise.<\/p>\n\n\n\n<p>Voici, extraits des magazines municipaux, les agendas des forums.<\/p>\n\n\n\n<h2 class=\"wp-block-heading\">Bourg-la-Reine<\/h2>\n\n\n\n<p class=\"has-vivid-red-color has-text-color has-link-color wp-elements-d92498b0565a84b92999afb322fad46b\"><strong>Samedi 5 septembre 2026, de 9h \u00e0 18h au Complexe Sportif des Bas-Coquarts (8 avenue de Montrouge).<\/strong><\/p>\n\n\n\n<p>Une centaine d\u2019associations seront pr\u00e9sentes pour pr\u00e9senter leurs activit\u00e9s, recueillir votre adh\u00e9sion, recruter de nouveaux b\u00e9n\u00e9voles, r\u00e9aliser des animations ou simplement vous rencontrer.<\/p>\n\n\n\n<p>L\u2019occasion \u00e9galement d\u2019\u00e9changer avec le nouveau conseiller municipal d\u00e9l\u00e9gu\u00e9 \u00e0 la Vie associative, Philippe Li\u00e9geois.<\/p>\n\n\n\n<p>Les associations seront r\u00e9parties en cinq grandes th\u00e9matiques :<\/p>\n\n\n\n<ul class=\"wp-block-list\">\n<li>Culture et loisirs.<\/li>\n\n\n\n<li>Sport et bien-\u00eatre.<\/li>\n\n\n\n<li>Sant\u00e9 et solidarit\u00e9.<\/li>\n\n\n\n<li>\u00c9ducation.<\/li>\n\n\n\n<li>Environnement et d\u00e9veloppement durable.<\/li>\n<\/ul>\n\n\n\n<h2 class=\"wp-block-heading\">Ch\u00e2tenay-Malabry<\/h2>\n\n\n\n<p class=\"has-vivid-red-color has-text-color has-link-color wp-elements-9e5d2cc6e1c72851f1c57b590b2ef3ab\"><strong>Samedi 5 septembre 2026, de 9h \u00e0 18h, \u00e0 l\u2019Espace omnisports Pierre B\u00e9r\u00e9govoy (160 avenue de la Division Leclerc).<\/strong><\/p>\n\n\n\n<ul class=\"wp-block-list\">\n<li>Rencontres et inscriptions aupr\u00e8s des associations de la ville.<\/li>\n\n\n\n<li>L\u2019atelier solidaire de l\u2019IDSU qui r\u00e9pare les v\u00e9los et les objets du quotidien proposera des diagnostics gratuits de vos deux roues. Petits ateliers pour les 10-18 ans, pour apprendre \u00e0 r\u00e9parer une crevaison, un d\u00e9railleur, \u00e0 r\u00e9gler des freins \u00e0 10h, 15h et 17h, en acc\u00e8s libre.<\/li>\n\n\n\n<li>Restauration sur place.<\/li>\n<\/ul>\n\n\n\n<h2 class=\"wp-block-heading\">Fontenay-aux-Roses<\/h2>\n\n\n\n<p class=\"has-vivid-red-color has-text-color has-link-color wp-elements-675f83ef7b161360021b743c08d4bf71\"><strong>Dimanche 6 septembre 2026 de 10h \u00e0 18h au Gymnase du parc (7 avenue du Parc).<\/strong><\/p>\n\n\n\n<ul class=\"wp-block-list\">\n<li>Stands d\u2019informations des associations avec des animations.<\/li>\n\n\n\n<li>D\u00e9monstrations.<\/li>\n\n\n\n<li>C\u00e9r\u00e9monie du b\u00e9n\u00e9volat o\u00f9 la Ville f\u00e9licite plusieurs b\u00e9n\u00e9voles pour leur engagement associatif.<\/li>\n\n\n\n<li>Opportunit\u00e9s de b\u00e9n\u00e9volat.<\/li>\n<\/ul>\n\n\n\n<h2 class=\"wp-block-heading\">Sceaux<\/h2>\n\n\n\n<p class=\"has-vivid-red-color has-text-color has-link-color wp-elements-8170e50614105a347e80fde9fb0bad14\"><strong>Samedi 5 septembre de 14h \u00e0 18h30, f\u00eate du sport au jardin de la M\u00e9nagerie (70 rue Houdan).<\/strong><\/p>\n\n\n\n<ul class=\"wp-block-list\">\n<li>Plus d\u2019une trentaine d\u2019associations sportives d\u2019une grande diversit\u00e9 de disciplines sportives, auxquelles s\u2019ajoutent les activit\u00e9s du Centre social et culturel des Blagis (CSCB), de l\u2019Animath\u00e8que MJC et de la piscine des Blagis.<\/li>\n\n\n\n<li>D\u00e9monstrations d\u2019activit\u00e9s\u00a0: tir \u00e0 l\u2019arc, judo, capoeira, k-pop, canne de combat, etc.<\/li>\n\n\n\n<li>Activit\u00e9s libres, ouvertes \u00e0 tous, permettront \u00e9galement de s\u2019initier \u00e0 des pratiques sportives vari\u00e9es.<\/li>\n<\/ul>\n","protected":false},"excerpt":{"rendered":"<p>Les mois de cong\u00e9s d\u2019\u00e9t\u00e9 s\u2019ach\u00e8vent. La Gazette reprend. Apr\u00e8s ses republications hebdomadaires, elle retrouve son rythme quotidien. Pour l\u2019heure, une urgence s\u2019impose&nbsp;: annoncer les forums associatifs de nos quatre communes. Ils se tiennent tous en m\u00eame temps&nbsp;: le prochain weekend. Cette concomitance est naturelle&nbsp;: il s\u2019agit de s\u2019informer sur&#8230;<\/p>\n","protected":false},"author":20,"featured_media":46573,"comment_status":"open","ping_status":"open","sticky":true,"template":"","format":"standard","meta":{"om_disable_all_campaigns":false,"_monsterinsights_skip_tracking":false,"_uf_show_specific_survey":0,"_uf_disable_surveys":false,"footnotes":"","_members_access_role":[],"_members_access_error":""},"categories":[261,265,263,264,266],"tags":[],"class_list":["post-46570","post","type-post","status-publish","format-standard","has-post-thumbnail","hentry","category-associations","category-bourg-la-reine","category-chatenay-malabry","category-fontenay-aux-roses","category-sceaux","entry","simple"],"yoast_head":"<!-- This site is optimized with the Yoast SEO plugin v25.6 - https:\/\/yoast.com\/wordpress\/plugins\/seo\/ -->\n<title>Forums associatifs : \u00e0 vos agendas ! - La Gazette<\/title>\n<meta name=\"robots\" content=\"index, follow, max-snippet:-1, max-image-preview:large, max-video-preview:-1\" \/>\n<link rel=\"canonical\" href=\"https:\/\/sceaux-lagazette.fr\/index.php\/2026\/08\/31\/forums-associatifs-a-vos-agendas\/\" \/>\n<meta property=\"og:locale\" content=\"fr_FR\" \/>\n<meta property=\"og:type\" content=\"article\" \/>\n<meta property=\"og:title\" content=\"Forums associatifs : \u00e0 vos agendas ! - La Gazette\" \/>\n<meta property=\"og:description\" content=\"Les mois de cong\u00e9s d\u2019\u00e9t\u00e9 s\u2019ach\u00e8vent. La Gazette reprend. Apr\u00e8s ses republications hebdomadaires, elle retrouve son rythme quotidien. Pour l\u2019heure, une urgence s\u2019impose&nbsp;: annoncer les forums associatifs de nos quatre communes. Ils se tiennent tous en m\u00eame temps&nbsp;: le prochain weekend. Cette concomitance est naturelle&nbsp;: il s\u2019agit de s\u2019informer sur&#8230;\" \/>\n<meta property=\"og:url\" content=\"https:\/\/sceaux-lagazette.fr\/index.php\/2026\/08\/31\/forums-associatifs-a-vos-agendas\/\" \/>\n<meta property=\"og:site_name\" content=\"La Gazette\" \/>\n<meta property=\"article:published_time\" content=\"2026-08-31T06:30:03+00:00\" \/>\n<meta property=\"article:modified_time\" content=\"2026-08-31T08:01:30+00:00\" \/>\n<meta property=\"og:image\" content=\"https:\/\/sceaux-lagazette.fr\/wp-content\/uploads\/2026\/08\/Forums-assos-2026.jpg\" \/>\n\t<meta property=\"og:image:width\" content=\"938\" \/>\n\t<meta property=\"og:image:height\" content=\"376\" \/>\n\t<meta property=\"og:image:type\" content=\"image\/jpeg\" \/>\n<meta name=\"author\" content=\"LGdS\" \/>\n<meta name=\"twitter:card\" content=\"summary_large_image\" \/>\n<meta name=\"twitter:label1\" content=\"\u00c9crit par\" \/>\n\t<meta name=\"twitter:data1\" content=\"LGdS\" \/>\n\t<meta name=\"twitter:label2\" content=\"Dur\u00e9e de lecture estim\u00e9e\" \/>\n\t<meta name=\"twitter:data2\" content=\"3 minutes\" \/>\n<script type=\"application\/ld+json\" class=\"yoast-schema-graph\">{\"@context\":\"https:\/\/schema.org\",\"@graph\":[{\"@type\":\"Article\",\"@id\":\"https:\/\/sceaux-lagazette.fr\/index.php\/2026\/08\/31\/forums-associatifs-a-vos-agendas\/#article\",\"isPartOf\":{\"@id\":\"https:\/\/sceaux-lagazette.fr\/index.php\/2026\/08\/31\/forums-associatifs-a-vos-agendas\/\"},\"author\":{\"name\":\"LGdS\",\"@id\":\"https:\/\/sceaux-lagazette.fr\/#\/schema\/person\/806960bbccfc3b4ae295c2b54730eb27\"},\"headline\":\"Forums associatifs : \u00e0 vos agendas !\",\"datePublished\":\"2026-08-31T06:30:03+00:00\",\"dateModified\":\"2026-08-31T08:01:30+00:00\",\"mainEntityOfPage\":{\"@id\":\"https:\/\/sceaux-lagazette.fr\/index.php\/2026\/08\/31\/forums-associatifs-a-vos-agendas\/\"},\"wordCount\":422,\"commentCount\":0,\"publisher\":{\"@id\":\"https:\/\/sceaux-lagazette.fr\/#organization\"},\"image\":{\"@id\":\"https:\/\/sceaux-lagazette.fr\/index.php\/2026\/08\/31\/forums-associatifs-a-vos-agendas\/#primaryimage\"},\"thumbnailUrl\":\"https:\/\/sceaux-lagazette.fr\/wp-content\/uploads\/2026\/08\/Forums-assos-2026.jpg\",\"articleSection\":[\"Associations\",\"Bourg-la-Reine\",\"Ch\u00e2tenay-Malabry\",\"Fontenay-aux-Roses\",\"Sceaux\"],\"inLanguage\":\"fr-FR\",\"potentialAction\":[{\"@type\":\"CommentAction\",\"name\":\"Comment\",\"target\":[\"https:\/\/sceaux-lagazette.fr\/index.php\/2026\/08\/31\/forums-associatifs-a-vos-agendas\/#respond\"]}]},{\"@type\":\"WebPage\",\"@id\":\"https:\/\/sceaux-lagazette.fr\/index.php\/2026\/08\/31\/forums-associatifs-a-vos-agendas\/\",\"url\":\"https:\/\/sceaux-lagazette.fr\/index.php\/2026\/08\/31\/forums-associatifs-a-vos-agendas\/\",\"name\":\"Forums associatifs : \u00e0 vos agendas ! - La Gazette\",\"isPartOf\":{\"@id\":\"https:\/\/sceaux-lagazette.fr\/#website\"},\"primaryImageOfPage\":{\"@id\":\"https:\/\/sceaux-lagazette.fr\/index.php\/2026\/08\/31\/forums-associatifs-a-vos-agendas\/#primaryimage\"},\"image\":{\"@id\":\"https:\/\/sceaux-lagazette.fr\/index.php\/2026\/08\/31\/forums-associatifs-a-vos-agendas\/#primaryimage\"},\"thumbnailUrl\":\"https:\/\/sceaux-lagazette.fr\/wp-content\/uploads\/2026\/08\/Forums-assos-2026.jpg\",\"datePublished\":\"2026-08-31T06:30:03+00:00\",\"dateModified\":\"2026-08-31T08:01:30+00:00\",\"breadcrumb\":{\"@id\":\"https:\/\/sceaux-lagazette.fr\/index.php\/2026\/08\/31\/forums-associatifs-a-vos-agendas\/#breadcrumb\"},\"inLanguage\":\"fr-FR\",\"potentialAction\":[{\"@type\":\"ReadAction\",\"target\":[\"https:\/\/sceaux-lagazette.fr\/index.php\/2026\/08\/31\/forums-associatifs-a-vos-agendas\/\"]}]},{\"@type\":\"ImageObject\",\"inLanguage\":\"fr-FR\",\"@id\":\"https:\/\/sceaux-lagazette.fr\/index.php\/2026\/08\/31\/forums-associatifs-a-vos-agendas\/#primaryimage\",\"url\":\"https:\/\/sceaux-lagazette.fr\/wp-content\/uploads\/2026\/08\/Forums-assos-2026.jpg\",\"contentUrl\":\"https:\/\/sceaux-lagazette.fr\/wp-content\/uploads\/2026\/08\/Forums-assos-2026.jpg\",\"width\":938,\"height\":376},{\"@type\":\"BreadcrumbList\",\"@id\":\"https:\/\/sceaux-lagazette.fr\/index.php\/2026\/08\/31\/forums-associatifs-a-vos-agendas\/#breadcrumb\",\"itemListElement\":[{\"@type\":\"ListItem\",\"position\":1,\"name\":\"Accueil\",\"item\":\"https:\/\/sceaux-lagazette.fr\/\"},{\"@type\":\"ListItem\",\"position\":2,\"name\":\"Forums associatifs : \u00e0 vos agendas !\"}]},{\"@type\":\"WebSite\",\"@id\":\"https:\/\/sceaux-lagazette.fr\/#website\",\"url\":\"https:\/\/sceaux-lagazette.fr\/\",\"name\":\"La Gazette\",\"description\":\"Bourg-la-Reine, Ch\u00e2tenay, Fontenay, Sceaux\",\"publisher\":{\"@id\":\"https:\/\/sceaux-lagazette.fr\/#organization\"},\"potentialAction\":[{\"@type\":\"SearchAction\",\"target\":{\"@type\":\"EntryPoint\",\"urlTemplate\":\"https:\/\/sceaux-lagazette.fr\/?s={search_term_string}\"},\"query-input\":{\"@type\":\"PropertyValueSpecification\",\"valueRequired\":true,\"valueName\":\"search_term_string\"}}],\"inLanguage\":\"fr-FR\"},{\"@type\":\"Organization\",\"@id\":\"https:\/\/sceaux-lagazette.fr\/#organization\",\"name\":\"La Gazette\",\"url\":\"https:\/\/sceaux-lagazette.fr\/\",\"logo\":{\"@type\":\"ImageObject\",\"inLanguage\":\"fr-FR\",\"@id\":\"https:\/\/sceaux-lagazette.fr\/#\/schema\/logo\/image\/\",\"url\":\"https:\/\/sceaux-lagazette.fr\/wp-content\/uploads\/2025\/08\/Logo-Gazette-Aout-2025-V3.jpg\",\"contentUrl\":\"https:\/\/sceaux-lagazette.fr\/wp-content\/uploads\/2025\/08\/Logo-Gazette-Aout-2025-V3.jpg\",\"width\":525,\"height\":130,\"caption\":\"La Gazette\"},\"image\":{\"@id\":\"https:\/\/sceaux-lagazette.fr\/#\/schema\/logo\/image\/\"}},{\"@type\":\"Person\",\"@id\":\"https:\/\/sceaux-lagazette.fr\/#\/schema\/person\/806960bbccfc3b4ae295c2b54730eb27\",\"name\":\"LGdS\",\"image\":{\"@type\":\"ImageObject\",\"inLanguage\":\"fr-FR\",\"@id\":\"https:\/\/sceaux-lagazette.fr\/#\/schema\/person\/image\/\",\"url\":\"https:\/\/secure.gravatar.com\/avatar\/996280e569d55491618abd43c427078e?s=96&r=g\",\"contentUrl\":\"https:\/\/secure.gravatar.com\/avatar\/996280e569d55491618abd43c427078e?s=96&r=g\",\"caption\":\"LGdS\"},\"url\":\"https:\/\/sceaux-lagazette.fr\/index.php\/author\/lgds\/\"}]}<\/script>\n<!-- \/ Yoast SEO plugin. -->","yoast_head_json":{"title":"Forums associatifs : \u00e0 vos agendas ! - La Gazette","robots":{"index":"index","follow":"follow","max-snippet":"max-snippet:-1","max-image-preview":"max-image-preview:large","max-video-preview":"max-video-preview:-1"},"canonical":"https:\/\/sceaux-lagazette.fr\/index.php\/2026\/08\/31\/forums-associatifs-a-vos-agendas\/","og_locale":"fr_FR","og_type":"article","og_title":"Forums associatifs : \u00e0 vos agendas ! - La Gazette","og_description":"Les mois de cong\u00e9s d\u2019\u00e9t\u00e9 s\u2019ach\u00e8vent. La Gazette reprend. Apr\u00e8s ses republications hebdomadaires, elle retrouve son rythme quotidien. Pour l\u2019heure, une urgence s\u2019impose&nbsp;: annoncer les forums associatifs de nos quatre communes. Ils se tiennent tous en m\u00eame temps&nbsp;: le prochain weekend. Cette concomitance est naturelle&nbsp;: il s\u2019agit de s\u2019informer sur&#8230;","og_url":"https:\/\/sceaux-lagazette.fr\/index.php\/2026\/08\/31\/forums-associatifs-a-vos-agendas\/","og_site_name":"La Gazette","article_published_time":"2026-08-31T06:30:03+00:00","article_modified_time":"2026-08-31T08:01:30+00:00","og_image":[{"width":938,"height":376,"url":"https:\/\/sceaux-lagazette.fr\/wp-content\/uploads\/2026\/08\/Forums-assos-2026.jpg","type":"image\/jpeg"}],"author":"LGdS","twitter_card":"summary_large_image","twitter_misc":{"\u00c9crit par":"LGdS","Dur\u00e9e de lecture estim\u00e9e":"3 minutes"},"schema":{"@context":"https:\/\/schema.org","@graph":[{"@type":"Article","@id":"https:\/\/sceaux-lagazette.fr\/index.php\/2026\/08\/31\/forums-associatifs-a-vos-agendas\/#article","isPartOf":{"@id":"https:\/\/sceaux-lagazette.fr\/index.php\/2026\/08\/31\/forums-associatifs-a-vos-agendas\/"},"author":{"name":"LGdS","@id":"https:\/\/sceaux-lagazette.fr\/#\/schema\/person\/806960bbccfc3b4ae295c2b54730eb27"},"headline":"Forums associatifs : \u00e0 vos agendas !","datePublished":"2026-08-31T06:30:03+00:00","dateModified":"2026-08-31T08:01:30+00:00","mainEntityOfPage":{"@id":"https:\/\/sceaux-lagazette.fr\/index.php\/2026\/08\/31\/forums-associatifs-a-vos-agendas\/"},"wordCount":422,"commentCount":0,"publisher":{"@id":"https:\/\/sceaux-lagazette.fr\/#organization"},"image":{"@id":"https:\/\/sceaux-lagazette.fr\/index.php\/2026\/08\/31\/forums-associatifs-a-vos-agendas\/#primaryimage"},"thumbnailUrl":"https:\/\/sceaux-lagazette.fr\/wp-content\/uploads\/2026\/08\/Forums-assos-2026.jpg","articleSection":["Associations","Bourg-la-Reine","Ch\u00e2tenay-Malabry","Fontenay-aux-Roses","Sceaux"],"inLanguage":"fr-FR","potentialAction":[{"@type":"CommentAction","name":"Comment","target":["https:\/\/sceaux-lagazette.fr\/index.php\/2026\/08\/31\/forums-associatifs-a-vos-agendas\/#respond"]}]},{"@type":"WebPage","@id":"https:\/\/sceaux-lagazette.fr\/index.php\/2026\/08\/31\/forums-associatifs-a-vos-agendas\/","url":"https:\/\/sceaux-lagazette.fr\/index.php\/2026\/08\/31\/forums-associatifs-a-vos-agendas\/","name":"Forums associatifs : \u00e0 vos agendas ! - La Gazette","isPartOf":{"@id":"https:\/\/sceaux-lagazette.fr\/#website"},"primaryImageOfPage":{"@id":"https:\/\/sceaux-lagazette.fr\/index.php\/2026\/08\/31\/forums-associatifs-a-vos-agendas\/#primaryimage"},"image":{"@id":"https:\/\/sceaux-lagazette.fr\/index.php\/2026\/08\/31\/forums-associatifs-a-vos-agendas\/#primaryimage"},"thumbnailUrl":"https:\/\/sceaux-lagazette.fr\/wp-content\/uploads\/2026\/08\/Forums-assos-2026.jpg","datePublished":"2026-08-31T06:30:03+00:00","dateModified":"2026-08-31T08:01:30+00:00","breadcrumb":{"@id":"https:\/\/sceaux-lagazette.fr\/index.php\/2026\/08\/31\/forums-associatifs-a-vos-agendas\/#breadcrumb"},"inLanguage":"fr-FR","potentialAction":[{"@type":"ReadAction","target":["https:\/\/sceaux-lagazette.fr\/index.php\/2026\/08\/31\/forums-associatifs-a-vos-agendas\/"]}]},{"@type":"ImageObject","inLanguage":"fr-FR","@id":"https:\/\/sceaux-lagazette.fr\/index.php\/2026\/08\/31\/forums-associatifs-a-vos-agendas\/#primaryimage","url":"https:\/\/sceaux-lagazette.fr\/wp-content\/uploads\/2026\/08\/Forums-assos-2026.jpg","contentUrl":"https:\/\/sceaux-lagazette.fr\/wp-content\/uploads\/2026\/08\/Forums-assos-2026.jpg","width":938,"height":376},{"@type":"BreadcrumbList","@id":"https:\/\/sceaux-lagazette.fr\/index.php\/2026\/08\/31\/forums-associatifs-a-vos-agendas\/#breadcrumb","itemListElement":[{"@type":"ListItem","position":1,"name":"Accueil","item":"https:\/\/sceaux-lagazette.fr\/"},{"@type":"ListItem","position":2,"name":"Forums associatifs : \u00e0 vos agendas !"}]},{"@type":"WebSite","@id":"https:\/\/sceaux-lagazette.fr\/#website","url":"https:\/\/sceaux-lagazette.fr\/","name":"La Gazette","description":"Bourg-la-Reine, Ch\u00e2tenay, Fontenay, Sceaux","publisher":{"@id":"https:\/\/sceaux-lagazette.fr\/#organization"},"potentialAction":[{"@type":"SearchAction","target":{"@type":"EntryPoint","urlTemplate":"https:\/\/sceaux-lagazette.fr\/?s={search_term_string}"},"query-input":{"@type":"PropertyValueSpecification","valueRequired":true,"valueName":"search_term_string"}}],"inLanguage":"fr-FR"},{"@type":"Organization","@id":"https:\/\/sceaux-lagazette.fr\/#organization","name":"La Gazette","url":"https:\/\/sceaux-lagazette.fr\/","logo":{"@type":"ImageObject","inLanguage":"fr-FR","@id":"https:\/\/sceaux-lagazette.fr\/#\/schema\/logo\/image\/","url":"https:\/\/sceaux-lagazette.fr\/wp-content\/uploads\/2025\/08\/Logo-Gazette-Aout-2025-V3.jpg","contentUrl":"https:\/\/sceaux-lagazette.fr\/wp-content\/uploads\/2025\/08\/Logo-Gazette-Aout-2025-V3.jpg","width":525,"height":130,"caption":"La Gazette"},"image":{"@id":"https:\/\/sceaux-lagazette.fr\/#\/schema\/logo\/image\/"}},{"@type":"Person","@id":"https:\/\/sceaux-lagazette.fr\/#\/schema\/person\/806960bbccfc3b4ae295c2b54730eb27","name":"LGdS","image":{"@type":"ImageObject","inLanguage":"fr-FR","@id":"https:\/\/sceaux-lagazette.fr\/#\/schema\/person\/image\/","url":"https:\/\/secure.gravatar.com\/avatar\/996280e569d55491618abd43c427078e?s=96&r=g","contentUrl":"https:\/\/secure.gravatar.com\/avatar\/996280e569d55491618abd43c427078e?s=96&r=g","caption":"LGdS"},"url":"https:\/\/sceaux-lagazette.fr\/index.php\/author\/lgds\/"}]}},"cc_featured_image_caption":{"caption_text":"","source_text":"","source_url":""},"_links":{"self":[{"href":"https:\/\/sceaux-lagazette.fr\/index.php\/wp-json\/wp\/v2\/posts\/46570"}],"collection":[{"href":"https:\/\/sceaux-lagazette.fr\/index.php\/wp-json\/wp\/v2\/posts"}],"about":[{"href":"https:\/\/sceaux-lagazette.fr\/index.php\/wp-json\/wp\/v2\/types\/post"}],"author":[{"embeddable":true,"href":"https:\/\/sceaux-lagazette.fr\/index.php\/wp-json\/wp\/v2\/users\/20"}],"replies":[{"embeddable":true,"href":"https:\/\/sceaux-lagazette.fr\/index.php\/wp-json\/wp\/v2\/comments?post=46570"}],"version-history":[{"count":1,"href":"https:\/\/sceaux-lagazette.fr\/index.php\/wp-json\/wp\/v2\/posts\/46570\/revisions"}],"predecessor-version":[{"id":46571,"href":"https:\/\/sceaux-lagazette.fr\/index.php\/wp-json\/wp\/v2\/posts\/46570\/revisions\/46571"}],"wp:featuredmedia":[{"embeddable":true,"href":"https:\/\/sceaux-lagazette.fr\/index.php\/wp-json\/wp\/v2\/media\/46573"}],"wp:attachment":[{"href":"https:\/\/sceaux-lagazette.fr\/index.php\/wp-json\/wp\/v2\/media?parent=46570"}],"wp:term":[{"taxonomy":"category","embeddable":true,"href":"https:\/\/sceaux-lagazette.fr\/index.php\/wp-json\/wp\/v2\/categories?post=46570"},{"taxonomy":"post_tag","embeddable":true,"href":"https:\/\/sceaux-lagazette.fr\/index.php\/wp-json\/wp\/v2\/tags?post=46570"}],"curies":[{"name":"wp","href":"https:\/\/api.w.org\/{rel}","templated":true}]}}