{"id":45969,"date":"2026-04-23T16:29:22","date_gmt":"2026-04-23T14:29:22","guid":{"rendered":"https:\/\/sceaux-lagazette.fr\/?p=45969"},"modified":"2026-04-24T18:23:36","modified_gmt":"2026-04-24T16:23:36","slug":"fin-de-saison-pour-lasa-basket","status":"publish","type":"post","link":"https:\/\/sceaux-lagazette.fr\/index.php\/2026\/04\/23\/fin-de-saison-pour-lasa-basket\/","title":{"rendered":"Fin de saison pour l\u2019ASA basket"},"content":{"rendered":"\n<p>Samedi dernier s\u2019est jou\u00e9 le l\u2019ultime match de la saison pour l\u2019ASA Sceaux Basket. Les Sc\u00e9ennes l\u2019ont emport\u00e9 87 \u00e0 70 aux Clos-Saint-Marcel face \u00e0 Saumur.<\/p>\n\n\n\n<h2 class=\"wp-block-heading\">Un dernier match sur une bonne note<\/h2>\n\n\n\n<p>D\u00e8s le d\u00e9part, les joueuses de Sceaux prennent les devants. Elles ne se feront jamais rattraper par une \u00e9quipe de Saumur pourtant pas mauvaise, mais en dessous du niveau des Sc\u00e9ennes. Tir \u00e0 3 points, lancers francs\u2026 L\u2019ASA a \u00e9t\u00e9 meilleure sur tous les aspects du jeu sauf peut-\u00eatre sur les rebonds offensifs (quand la balle rebondit apr\u00e8s un tir rat\u00e9). C\u2019est donc logiquement que Sceaux l\u2019emporte. Le public \u00e9tait au rendez-vous, des centaines de personnes dans les tribunes et beaucoup d\u2019enfants !<\/p>\n\n\n\n<h2 class=\"wp-block-heading\">Une deuxi\u00e8me place au bout du bout<\/h2>\n\n\n\n<p>En parall\u00e8le de ce match, Trith-Saint-L\u00e9ger jouait contre Calais pour rester premier du championnat. Et ils n\u2019ont pas manqu\u00e9 le coup, avec une victoire 73 \u00e0 56. L\u2019ASA devra donc se contenter d\u2019une deuxi\u00e8me place, alors qu\u2019une d\u00e9faite de Trith leur aurait permis de monter. Mais cette saison reste de haut niveau pour le club et ne risque pas de les d\u00e9courager. De plus, la f\u00e9d\u00e9ration de basket a fait comprendre au club qu\u2019une place pourrait se lib\u00e9rer pour eux en Ligue 2 f\u00e9minine si une \u00e9quipe de ce championnat \u00e9tait amen\u00e9e \u00e0 descendre administrativement. Comprenez qu\u2019un club n\u2019ayant pas un mod\u00e8le \u00e9conomique satisfaisant aux yeux de la f\u00e9d\u00e9ration pourrait descendre de division, peu importe leurs r\u00e9sultats sportifs. Mais rien n\u2019est encore fait et nous ne manquerons pas de vous en reparler si la situation \u00e9volue.<\/p>\n\n\n\n<h2 class=\"wp-block-heading\">C\u00e9l\u00e9bration pour la fin de saison<\/h2>\n\n\n\n<p>Loin des enjeux du championnat, ce match a aussi \u00e9t\u00e9 l\u2019occasion de f\u00eater cette saison apr\u00e8s 18 victoires pour 2 d\u00e9faites. Le match fut suivi d\u2019un discours de la num\u00e9ro 30, Imane El Garti, face au public. Elle \u00e9tait sortie peu avant la fin du match dans un moment plein d\u2019\u00e9motion. \u00c0 15 secondes de la fin du match, plus rien ne se jouait. Les joueuses ont arr\u00eat\u00e9 de faire tourner le ballon et le public s\u2019est lev\u00e9 pour se pr\u00e9parer \u00e0 applaudir leur \u00e9quipe au dernier coup de buzzer. Le Maire de Sceaux, Philippe Laurent \u00e9tait pr\u00e9sent pour ce match et a offert des fleurs aux joueuses de l\u2019\u00e9quipe.<\/p>\n\n\n\n<p>A lire sur la Gazette<\/p>\n\n\n\n<p><a href=\"https:\/\/sceaux-lagazette.fr\/index.php\/2026\/04\/10\/lasa-basket-se-qualifiera-t-elle-en-ligue-feminine-2\/\">L\u2019ASA Basket se qualifiera-t-elle en ligue f\u00e9minine 2&nbsp;?<\/a><\/p>\n\n\n\n<p><a href=\"https:\/\/sceaux-lagazette.fr\/index.php\/2026\/04\/15\/un-dernier-match-electrique-pour-lasa-sceaux-samedi-prochain\/\">Un dernier match \u00e9lectrique pour l\u2019ASA Sceaux, samedi prochain<\/a><\/p>\n","protected":false},"excerpt":{"rendered":"<p>Samedi dernier s\u2019est jou\u00e9 le l\u2019ultime match de la saison pour l\u2019ASA Sceaux Basket. Les Sc\u00e9ennes l\u2019ont emport\u00e9 87 \u00e0 70 aux Clos-Saint-Marcel face \u00e0 Saumur. Un dernier match sur une bonne note D\u00e8s le d\u00e9part, les joueuses de Sceaux prennent les devants. Elles ne se feront jamais rattraper par&#8230;<\/p>\n","protected":false},"author":47,"featured_media":45976,"comment_status":"open","ping_status":"open","sticky":false,"template":"","format":"standard","meta":{"om_disable_all_campaigns":false,"_monsterinsights_skip_tracking":false,"_monsterinsights_sitenote_active":false,"_monsterinsights_sitenote_note":"","_monsterinsights_sitenote_category":0,"_uf_show_specific_survey":0,"_uf_disable_surveys":false,"footnotes":""},"categories":[266,289],"tags":[],"class_list":["post-45969","post","type-post","status-publish","format-standard","has-post-thumbnail","hentry","category-sceaux","category-sport","entry","simple"],"yoast_head":"<!-- This site is optimized with the Yoast SEO plugin v25.6 - https:\/\/yoast.com\/wordpress\/plugins\/seo\/ -->\n<title>Fin de saison pour l\u2019ASA basket - La Gazette<\/title>\n<meta name=\"robots\" content=\"index, follow, max-snippet:-1, max-image-preview:large, max-video-preview:-1\" \/>\n<link rel=\"canonical\" href=\"https:\/\/sceaux-lagazette.fr\/index.php\/2026\/04\/23\/fin-de-saison-pour-lasa-basket\/\" \/>\n<meta property=\"og:locale\" content=\"fr_FR\" \/>\n<meta property=\"og:type\" content=\"article\" \/>\n<meta property=\"og:title\" content=\"Fin de saison pour l\u2019ASA basket - La Gazette\" \/>\n<meta property=\"og:description\" content=\"Samedi dernier s\u2019est jou\u00e9 le l\u2019ultime match de la saison pour l\u2019ASA Sceaux Basket. Les Sc\u00e9ennes l\u2019ont emport\u00e9 87 \u00e0 70 aux Clos-Saint-Marcel face \u00e0 Saumur. Un dernier match sur une bonne note D\u00e8s le d\u00e9part, les joueuses de Sceaux prennent les devants. Elles ne se feront jamais rattraper par&#8230;\" \/>\n<meta property=\"og:url\" content=\"https:\/\/sceaux-lagazette.fr\/index.php\/2026\/04\/23\/fin-de-saison-pour-lasa-basket\/\" \/>\n<meta property=\"og:site_name\" content=\"La Gazette\" \/>\n<meta property=\"article:published_time\" content=\"2026-04-23T14:29:22+00:00\" \/>\n<meta property=\"article:modified_time\" content=\"2026-04-24T16:23:36+00:00\" \/>\n<meta property=\"og:image\" content=\"https:\/\/sceaux-lagazette.fr\/wp-content\/uploads\/2026\/04\/Match-ASA-Basket-avril-2026.jpg\" \/>\n\t<meta property=\"og:image:width\" content=\"838\" \/>\n\t<meta property=\"og:image:height\" content=\"472\" \/>\n\t<meta property=\"og:image:type\" content=\"image\/jpeg\" \/>\n<meta name=\"author\" content=\"Arthur Le Bot\" \/>\n<meta name=\"twitter:card\" content=\"summary_large_image\" \/>\n<meta name=\"twitter:label1\" content=\"\u00c9crit par\" \/>\n\t<meta name=\"twitter:data1\" content=\"Arthur Le Bot\" \/>\n\t<meta name=\"twitter:label2\" content=\"Dur\u00e9e de lecture estim\u00e9e\" \/>\n\t<meta name=\"twitter:data2\" content=\"3 minutes\" \/>\n<script type=\"application\/ld+json\" class=\"yoast-schema-graph\">{\"@context\":\"https:\/\/schema.org\",\"@graph\":[{\"@type\":\"Article\",\"@id\":\"https:\/\/sceaux-lagazette.fr\/index.php\/2026\/04\/23\/fin-de-saison-pour-lasa-basket\/#article\",\"isPartOf\":{\"@id\":\"https:\/\/sceaux-lagazette.fr\/index.php\/2026\/04\/23\/fin-de-saison-pour-lasa-basket\/\"},\"author\":{\"name\":\"Arthur Le Bot\",\"@id\":\"https:\/\/sceaux-lagazette.fr\/#\/schema\/person\/a0aeb4be1078eb92511909cea29cf1b2\"},\"headline\":\"Fin de saison pour l\u2019ASA basket\",\"datePublished\":\"2026-04-23T14:29:22+00:00\",\"dateModified\":\"2026-04-24T16:23:36+00:00\",\"mainEntityOfPage\":{\"@id\":\"https:\/\/sceaux-lagazette.fr\/index.php\/2026\/04\/23\/fin-de-saison-pour-lasa-basket\/\"},\"wordCount\":440,\"commentCount\":0,\"publisher\":{\"@id\":\"https:\/\/sceaux-lagazette.fr\/#organization\"},\"image\":{\"@id\":\"https:\/\/sceaux-lagazette.fr\/index.php\/2026\/04\/23\/fin-de-saison-pour-lasa-basket\/#primaryimage\"},\"thumbnailUrl\":\"https:\/\/sceaux-lagazette.fr\/wp-content\/uploads\/2026\/04\/Match-ASA-Basket-avril-2026.jpg\",\"articleSection\":[\"Sceaux\",\"Sport\"],\"inLanguage\":\"fr-FR\",\"potentialAction\":[{\"@type\":\"CommentAction\",\"name\":\"Comment\",\"target\":[\"https:\/\/sceaux-lagazette.fr\/index.php\/2026\/04\/23\/fin-de-saison-pour-lasa-basket\/#respond\"]}]},{\"@type\":\"WebPage\",\"@id\":\"https:\/\/sceaux-lagazette.fr\/index.php\/2026\/04\/23\/fin-de-saison-pour-lasa-basket\/\",\"url\":\"https:\/\/sceaux-lagazette.fr\/index.php\/2026\/04\/23\/fin-de-saison-pour-lasa-basket\/\",\"name\":\"Fin de saison pour l\u2019ASA basket - La Gazette\",\"isPartOf\":{\"@id\":\"https:\/\/sceaux-lagazette.fr\/#website\"},\"primaryImageOfPage\":{\"@id\":\"https:\/\/sceaux-lagazette.fr\/index.php\/2026\/04\/23\/fin-de-saison-pour-lasa-basket\/#primaryimage\"},\"image\":{\"@id\":\"https:\/\/sceaux-lagazette.fr\/index.php\/2026\/04\/23\/fin-de-saison-pour-lasa-basket\/#primaryimage\"},\"thumbnailUrl\":\"https:\/\/sceaux-lagazette.fr\/wp-content\/uploads\/2026\/04\/Match-ASA-Basket-avril-2026.jpg\",\"datePublished\":\"2026-04-23T14:29:22+00:00\",\"dateModified\":\"2026-04-24T16:23:36+00:00\",\"breadcrumb\":{\"@id\":\"https:\/\/sceaux-lagazette.fr\/index.php\/2026\/04\/23\/fin-de-saison-pour-lasa-basket\/#breadcrumb\"},\"inLanguage\":\"fr-FR\",\"potentialAction\":[{\"@type\":\"ReadAction\",\"target\":[\"https:\/\/sceaux-lagazette.fr\/index.php\/2026\/04\/23\/fin-de-saison-pour-lasa-basket\/\"]}]},{\"@type\":\"ImageObject\",\"inLanguage\":\"fr-FR\",\"@id\":\"https:\/\/sceaux-lagazette.fr\/index.php\/2026\/04\/23\/fin-de-saison-pour-lasa-basket\/#primaryimage\",\"url\":\"https:\/\/sceaux-lagazette.fr\/wp-content\/uploads\/2026\/04\/Match-ASA-Basket-avril-2026.jpg\",\"contentUrl\":\"https:\/\/sceaux-lagazette.fr\/wp-content\/uploads\/2026\/04\/Match-ASA-Basket-avril-2026.jpg\",\"width\":838,\"height\":472},{\"@type\":\"BreadcrumbList\",\"@id\":\"https:\/\/sceaux-lagazette.fr\/index.php\/2026\/04\/23\/fin-de-saison-pour-lasa-basket\/#breadcrumb\",\"itemListElement\":[{\"@type\":\"ListItem\",\"position\":1,\"name\":\"Accueil\",\"item\":\"https:\/\/sceaux-lagazette.fr\/\"},{\"@type\":\"ListItem\",\"position\":2,\"name\":\"Fin de saison pour l\u2019ASA basket\"}]},{\"@type\":\"WebSite\",\"@id\":\"https:\/\/sceaux-lagazette.fr\/#website\",\"url\":\"https:\/\/sceaux-lagazette.fr\/\",\"name\":\"La Gazette\",\"description\":\"Bourg-la-Reine, Ch\u00e2tenay, Fontenay, Sceaux\",\"publisher\":{\"@id\":\"https:\/\/sceaux-lagazette.fr\/#organization\"},\"potentialAction\":[{\"@type\":\"SearchAction\",\"target\":{\"@type\":\"EntryPoint\",\"urlTemplate\":\"https:\/\/sceaux-lagazette.fr\/?s={search_term_string}\"},\"query-input\":{\"@type\":\"PropertyValueSpecification\",\"valueRequired\":true,\"valueName\":\"search_term_string\"}}],\"inLanguage\":\"fr-FR\"},{\"@type\":\"Organization\",\"@id\":\"https:\/\/sceaux-lagazette.fr\/#organization\",\"name\":\"La Gazette\",\"url\":\"https:\/\/sceaux-lagazette.fr\/\",\"logo\":{\"@type\":\"ImageObject\",\"inLanguage\":\"fr-FR\",\"@id\":\"https:\/\/sceaux-lagazette.fr\/#\/schema\/logo\/image\/\",\"url\":\"https:\/\/sceaux-lagazette.fr\/wp-content\/uploads\/2025\/08\/Logo-Gazette-Aout-2025-V3.jpg\",\"contentUrl\":\"https:\/\/sceaux-lagazette.fr\/wp-content\/uploads\/2025\/08\/Logo-Gazette-Aout-2025-V3.jpg\",\"width\":525,\"height\":130,\"caption\":\"La Gazette\"},\"image\":{\"@id\":\"https:\/\/sceaux-lagazette.fr\/#\/schema\/logo\/image\/\"}},{\"@type\":\"Person\",\"@id\":\"https:\/\/sceaux-lagazette.fr\/#\/schema\/person\/a0aeb4be1078eb92511909cea29cf1b2\",\"name\":\"Arthur Le Bot\",\"image\":{\"@type\":\"ImageObject\",\"inLanguage\":\"fr-FR\",\"@id\":\"https:\/\/sceaux-lagazette.fr\/#\/schema\/person\/image\/\",\"url\":\"https:\/\/secure.gravatar.com\/avatar\/cf65c16a00ddef522b4ff6fd34e9709c?s=96&r=g\",\"contentUrl\":\"https:\/\/secure.gravatar.com\/avatar\/cf65c16a00ddef522b4ff6fd34e9709c?s=96&r=g\",\"caption\":\"Arthur Le Bot\"},\"url\":\"https:\/\/sceaux-lagazette.fr\/index.php\/author\/arthur-le-bot\/\"}]}<\/script>\n<!-- \/ Yoast SEO plugin. -->","yoast_head_json":{"title":"Fin de saison pour l\u2019ASA basket - La Gazette","robots":{"index":"index","follow":"follow","max-snippet":"max-snippet:-1","max-image-preview":"max-image-preview:large","max-video-preview":"max-video-preview:-1"},"canonical":"https:\/\/sceaux-lagazette.fr\/index.php\/2026\/04\/23\/fin-de-saison-pour-lasa-basket\/","og_locale":"fr_FR","og_type":"article","og_title":"Fin de saison pour l\u2019ASA basket - La Gazette","og_description":"Samedi dernier s\u2019est jou\u00e9 le l\u2019ultime match de la saison pour l\u2019ASA Sceaux Basket. Les Sc\u00e9ennes l\u2019ont emport\u00e9 87 \u00e0 70 aux Clos-Saint-Marcel face \u00e0 Saumur. Un dernier match sur une bonne note D\u00e8s le d\u00e9part, les joueuses de Sceaux prennent les devants. Elles ne se feront jamais rattraper par&#8230;","og_url":"https:\/\/sceaux-lagazette.fr\/index.php\/2026\/04\/23\/fin-de-saison-pour-lasa-basket\/","og_site_name":"La Gazette","article_published_time":"2026-04-23T14:29:22+00:00","article_modified_time":"2026-04-24T16:23:36+00:00","og_image":[{"width":838,"height":472,"url":"https:\/\/sceaux-lagazette.fr\/wp-content\/uploads\/2026\/04\/Match-ASA-Basket-avril-2026.jpg","type":"image\/jpeg"}],"author":"Arthur Le Bot","twitter_card":"summary_large_image","twitter_misc":{"\u00c9crit par":"Arthur Le Bot","Dur\u00e9e de lecture estim\u00e9e":"3 minutes"},"schema":{"@context":"https:\/\/schema.org","@graph":[{"@type":"Article","@id":"https:\/\/sceaux-lagazette.fr\/index.php\/2026\/04\/23\/fin-de-saison-pour-lasa-basket\/#article","isPartOf":{"@id":"https:\/\/sceaux-lagazette.fr\/index.php\/2026\/04\/23\/fin-de-saison-pour-lasa-basket\/"},"author":{"name":"Arthur Le Bot","@id":"https:\/\/sceaux-lagazette.fr\/#\/schema\/person\/a0aeb4be1078eb92511909cea29cf1b2"},"headline":"Fin de saison pour l\u2019ASA basket","datePublished":"2026-04-23T14:29:22+00:00","dateModified":"2026-04-24T16:23:36+00:00","mainEntityOfPage":{"@id":"https:\/\/sceaux-lagazette.fr\/index.php\/2026\/04\/23\/fin-de-saison-pour-lasa-basket\/"},"wordCount":440,"commentCount":0,"publisher":{"@id":"https:\/\/sceaux-lagazette.fr\/#organization"},"image":{"@id":"https:\/\/sceaux-lagazette.fr\/index.php\/2026\/04\/23\/fin-de-saison-pour-lasa-basket\/#primaryimage"},"thumbnailUrl":"https:\/\/sceaux-lagazette.fr\/wp-content\/uploads\/2026\/04\/Match-ASA-Basket-avril-2026.jpg","articleSection":["Sceaux","Sport"],"inLanguage":"fr-FR","potentialAction":[{"@type":"CommentAction","name":"Comment","target":["https:\/\/sceaux-lagazette.fr\/index.php\/2026\/04\/23\/fin-de-saison-pour-lasa-basket\/#respond"]}]},{"@type":"WebPage","@id":"https:\/\/sceaux-lagazette.fr\/index.php\/2026\/04\/23\/fin-de-saison-pour-lasa-basket\/","url":"https:\/\/sceaux-lagazette.fr\/index.php\/2026\/04\/23\/fin-de-saison-pour-lasa-basket\/","name":"Fin de saison pour l\u2019ASA basket - La Gazette","isPartOf":{"@id":"https:\/\/sceaux-lagazette.fr\/#website"},"primaryImageOfPage":{"@id":"https:\/\/sceaux-lagazette.fr\/index.php\/2026\/04\/23\/fin-de-saison-pour-lasa-basket\/#primaryimage"},"image":{"@id":"https:\/\/sceaux-lagazette.fr\/index.php\/2026\/04\/23\/fin-de-saison-pour-lasa-basket\/#primaryimage"},"thumbnailUrl":"https:\/\/sceaux-lagazette.fr\/wp-content\/uploads\/2026\/04\/Match-ASA-Basket-avril-2026.jpg","datePublished":"2026-04-23T14:29:22+00:00","dateModified":"2026-04-24T16:23:36+00:00","breadcrumb":{"@id":"https:\/\/sceaux-lagazette.fr\/index.php\/2026\/04\/23\/fin-de-saison-pour-lasa-basket\/#breadcrumb"},"inLanguage":"fr-FR","potentialAction":[{"@type":"ReadAction","target":["https:\/\/sceaux-lagazette.fr\/index.php\/2026\/04\/23\/fin-de-saison-pour-lasa-basket\/"]}]},{"@type":"ImageObject","inLanguage":"fr-FR","@id":"https:\/\/sceaux-lagazette.fr\/index.php\/2026\/04\/23\/fin-de-saison-pour-lasa-basket\/#primaryimage","url":"https:\/\/sceaux-lagazette.fr\/wp-content\/uploads\/2026\/04\/Match-ASA-Basket-avril-2026.jpg","contentUrl":"https:\/\/sceaux-lagazette.fr\/wp-content\/uploads\/2026\/04\/Match-ASA-Basket-avril-2026.jpg","width":838,"height":472},{"@type":"BreadcrumbList","@id":"https:\/\/sceaux-lagazette.fr\/index.php\/2026\/04\/23\/fin-de-saison-pour-lasa-basket\/#breadcrumb","itemListElement":[{"@type":"ListItem","position":1,"name":"Accueil","item":"https:\/\/sceaux-lagazette.fr\/"},{"@type":"ListItem","position":2,"name":"Fin de saison pour l\u2019ASA basket"}]},{"@type":"WebSite","@id":"https:\/\/sceaux-lagazette.fr\/#website","url":"https:\/\/sceaux-lagazette.fr\/","name":"La Gazette","description":"Bourg-la-Reine, Ch\u00e2tenay, Fontenay, Sceaux","publisher":{"@id":"https:\/\/sceaux-lagazette.fr\/#organization"},"potentialAction":[{"@type":"SearchAction","target":{"@type":"EntryPoint","urlTemplate":"https:\/\/sceaux-lagazette.fr\/?s={search_term_string}"},"query-input":{"@type":"PropertyValueSpecification","valueRequired":true,"valueName":"search_term_string"}}],"inLanguage":"fr-FR"},{"@type":"Organization","@id":"https:\/\/sceaux-lagazette.fr\/#organization","name":"La Gazette","url":"https:\/\/sceaux-lagazette.fr\/","logo":{"@type":"ImageObject","inLanguage":"fr-FR","@id":"https:\/\/sceaux-lagazette.fr\/#\/schema\/logo\/image\/","url":"https:\/\/sceaux-lagazette.fr\/wp-content\/uploads\/2025\/08\/Logo-Gazette-Aout-2025-V3.jpg","contentUrl":"https:\/\/sceaux-lagazette.fr\/wp-content\/uploads\/2025\/08\/Logo-Gazette-Aout-2025-V3.jpg","width":525,"height":130,"caption":"La Gazette"},"image":{"@id":"https:\/\/sceaux-lagazette.fr\/#\/schema\/logo\/image\/"}},{"@type":"Person","@id":"https:\/\/sceaux-lagazette.fr\/#\/schema\/person\/a0aeb4be1078eb92511909cea29cf1b2","name":"Arthur Le Bot","image":{"@type":"ImageObject","inLanguage":"fr-FR","@id":"https:\/\/sceaux-lagazette.fr\/#\/schema\/person\/image\/","url":"https:\/\/secure.gravatar.com\/avatar\/cf65c16a00ddef522b4ff6fd34e9709c?s=96&r=g","contentUrl":"https:\/\/secure.gravatar.com\/avatar\/cf65c16a00ddef522b4ff6fd34e9709c?s=96&r=g","caption":"Arthur Le Bot"},"url":"https:\/\/sceaux-lagazette.fr\/index.php\/author\/arthur-le-bot\/"}]}},"cc_featured_image_caption":{"caption_text":"Photo: A. Le Bot","source_text":"","source_url":""},"_links":{"self":[{"href":"https:\/\/sceaux-lagazette.fr\/index.php\/wp-json\/wp\/v2\/posts\/45969"}],"collection":[{"href":"https:\/\/sceaux-lagazette.fr\/index.php\/wp-json\/wp\/v2\/posts"}],"about":[{"href":"https:\/\/sceaux-lagazette.fr\/index.php\/wp-json\/wp\/v2\/types\/post"}],"author":[{"embeddable":true,"href":"https:\/\/sceaux-lagazette.fr\/index.php\/wp-json\/wp\/v2\/users\/47"}],"replies":[{"embeddable":true,"href":"https:\/\/sceaux-lagazette.fr\/index.php\/wp-json\/wp\/v2\/comments?post=45969"}],"version-history":[{"count":4,"href":"https:\/\/sceaux-lagazette.fr\/index.php\/wp-json\/wp\/v2\/posts\/45969\/revisions"}],"predecessor-version":[{"id":45992,"href":"https:\/\/sceaux-lagazette.fr\/index.php\/wp-json\/wp\/v2\/posts\/45969\/revisions\/45992"}],"wp:featuredmedia":[{"embeddable":true,"href":"https:\/\/sceaux-lagazette.fr\/index.php\/wp-json\/wp\/v2\/media\/45976"}],"wp:attachment":[{"href":"https:\/\/sceaux-lagazette.fr\/index.php\/wp-json\/wp\/v2\/media?parent=45969"}],"wp:term":[{"taxonomy":"category","embeddable":true,"href":"https:\/\/sceaux-lagazette.fr\/index.php\/wp-json\/wp\/v2\/categories?post=45969"},{"taxonomy":"post_tag","embeddable":true,"href":"https:\/\/sceaux-lagazette.fr\/index.php\/wp-json\/wp\/v2\/tags?post=45969"}],"curies":[{"name":"wp","href":"https:\/\/api.w.org\/{rel}","templated":true}]}}