{"id":45966,"date":"2026-04-29T08:30:18","date_gmt":"2026-04-29T06:30:18","guid":{"rendered":"https:\/\/sceaux-lagazette.fr\/?p=45966"},"modified":"2026-04-26T18:02:57","modified_gmt":"2026-04-26T16:02:57","slug":"associer-les-citoyens-a-la-vie-municipale-retour-dexperience","status":"publish","type":"post","link":"https:\/\/sceaux-lagazette.fr\/index.php\/2026\/04\/29\/associer-les-citoyens-a-la-vie-municipale-retour-dexperience\/","title":{"rendered":"Associer les citoyens \u00e0 la vie municipale : retour d\u2019exp\u00e9rience"},"content":{"rendered":"\n<p>L\u2019association <a href=\"https:\/\/transition-ecologique-chatenay.fr\/\">Transition Ecologique Chatenay<\/a> propose des actions de sensibilisation aux questions d\u2019environnement \u00e0 tous les publics. Mais si la prise de conscience et les changements de comportement individuel sur ces sujets sont n\u00e9cessaires, ils sont loin d\u2019\u00eatre suffisants (cf <a href=\"https:\/\/www.carbone4.com\/publication-faire-sa-part\">l\u2019\u00e9tude de carbone 4<\/a> sur la part possible des gestes individuels)&nbsp;: des changements structurels sont incontournables. Consciente de cela et d\u00e9sireuse d\u2019encourager ces \u00e9volutions, TEC a mis en place un groupe th\u00e9matique \u00ab&nbsp;Municipalit\u00e9 et Territoire&nbsp;\u00bb, M&amp;T. L\u2019ambition principale de ce groupe est d\u2019aider ses membres \u00e0 prendre part \u00e0 la vie municipale et territoriale en utilisant les moyens d\u2019expression publique actuellement disponibles.<\/p>\n\n\n\n<p>Le retour d\u2019exp\u00e9rience de ce groupe que j\u2019ai anim\u00e9 pendant 5 ans apporte un \u00e9clairage concret \u00e0 l\u2019analyse des 5 difficult\u00e9s soulev\u00e9es dans <a href=\"https:\/\/sceaux-lagazette.fr\/index.php\/2026\/04\/09\/associer-les-citoyens-a-la-vie-municipale-introduction\/#comment-13518\">l\u2019article introductif de G\u00e9rard Bardier<\/a>.<\/p>\n\n\n\n<h2 class=\"wp-block-heading\">Cinq ann\u00e9es d\u2019activit\u00e9\u2026<\/h2>\n\n\n\n<p>Ce groupe rassemble une quinzaine d\u2019adh\u00e9rents et de sympathisants dont la moiti\u00e9 environ participe r\u00e9guli\u00e8rement aux quelques r\u00e9unions (3 \u00e0 5) tenues chaque ann\u00e9e. Lors de ces r\u00e9unions, on d\u00e9crypte collectivement de mani\u00e8re apartisane les enjeux des consultations et enqu\u00eates publiques, plans locaux, etc\u2026 et le cas \u00e9ch\u00e9ant<strong>,<\/strong>&nbsp;on y r\u00e9dige des propositions ou des synth\u00e8ses explicatives sur des sujets trait\u00e9s. Lorsque c\u2019est possible, le groupe apporte une collaboration citoyenne aux actions contribuant \u00e0 la sensibilisation des Ch\u00e2tenaisiens aux tenants et aboutissants de la transition \u00e9cologique.<\/p>\n\n\n\n<p>Parmi les sujets abord\u00e9s pendant cette p\u00e9riode se trouvent en premi\u00e8re place les enqu\u00eates relatives au Plan Climat Air Energie du Territoire (<a href=\"https:\/\/www.valleesud.fr\/vos-services\/pcaet\/les-10-projets-phares-du-pcaet-pour-un-avenir-durable\/\">PCAET<\/a>) et au Plan Local d\u2019Urbanisme Intercommunal (<a href=\"https:\/\/www.valleesud.fr\/vos-services\/urbanisme\/le-plui\/\">PLUI<\/a>), ainsi que le suivi de leur mise en \u0153uvre en coordination avec la Coordination des Associations du Territoire pour la Transition Ecologique (<a href=\"https:\/\/catte-vsgp.org\/index.php\/2026\/01\/30\/municipales-2026\/\">CATTE<\/a>)&nbsp;: ce sont des documents importants pour la mise en \u0153uvre locale de la transition \u00e9cologique sur notre territoire.<\/p>\n\n\n\n<p>A cela, il faut ajouter un certain nombre d&rsquo;enqu\u00eates publiques relatives \u00e0 Ch\u00e2tenay-Malabry concernant le quartier LaVall\u00e9e, la r\u00e9novation de la Cit\u00e9 Jardin, l&rsquo;implantation d\u2019un d\u00e9monstrateur \u00e9cologique, l&rsquo;autorisation de forage pour la g\u00e9othermie &#8230; Sans oublier, les deux enqu\u00eates men\u00e9es par la Commission Nationale du D\u00e9bat Public (CNDP) qui nous concernaient \u00e0 savoir la prolongation du tramway T10 vers la gare de Clamart et le changement de dispositif de traitement des eaux propos\u00e9 par le Syndicat des Eaux D\u2019Ile-de-France (<a href=\"https:\/\/www.sedif.com\/\">SEDIF<\/a>).<\/p>\n\n\n\n<p>Nous nous sommes \u00e9galement int\u00e9ress\u00e9s au traitement de nos ordures m\u00e9nag\u00e8res, avons particip\u00e9 \u00e0 une \u00e9tude sociologique commandit\u00e9e par Eiffage sur la mani\u00e8re dont le quartier LaVall\u00e9e \u00e9tait per\u00e7u. Nous avons \u00e9galement \u00e9t\u00e9 invit\u00e9s \u00e0 participer au comit\u00e9 de la for\u00eat domaniale de Verri\u00e8res par l&rsquo;ONF avec lequel nous sommes en contact pour d\u2019autres activit\u00e9s de l\u2019association. Le groupe a aussi organis\u00e9 des soir\u00e9es de sensibilisation&nbsp;: sur les transports en Ile de France, sur les grands plans organisant la transition dans notre r\u00e9gion (comme le <a href=\"https:\/\/www.iledefrance.fr\/toutes-les-actualites\/le-sdrif-e-ile-de-france-objectif-2040\">Sch\u00e9ma Directeur R\u00e9gional d\u2019Ile-de-France<\/a>), sur la comparaison des sc\u00e9narios de d\u00e9veloppement \u00e9nerg\u00e9tique nationaux propos\u00e9s par le R\u00e9seau de Transport d\u2019Electricit\u00e9 (<a href=\"https:\/\/www.rte-france.com\/donnees-publications\/etudes-prospectives\/futurs-energetique-2050#Reactualisationdeletude2026\">RTE<\/a>), l\u2019Agence de la transition \u00e9cologique (<a href=\"https:\/\/www.ademe.fr\/les-futurs-en-transition\/les-scenarios\/\">ADEME<\/a>) et l\u2019association <a href=\"https:\/\/www.ademe.fr\/les-futurs-en-transition\/les-scenarios\/\">negaWatt<\/a>.<\/p>\n\n\n\n<h2 class=\"wp-block-heading\">\u2026 qui permettent de faire un bilan sur les 5 difficult\u00e9s \u00e9voqu\u00e9es dans l\u2019article initial<\/h2>\n\n\n\n<p>La premi\u00e8re difficult\u00e9 mentionn\u00e9e porte sur <strong>la difficult\u00e9 de mobiliser<\/strong>&nbsp;: notre groupe ne comprend qu\u2019une quinzaine de personnes (dont une moiti\u00e9 v\u00e9ritablement impliqu\u00e9e et active) sur plus de quatre cents sympathisants. Cela reste faible : question de priorit\u00e9, de disponibilit\u00e9, de sentiment d\u2019ill\u00e9gitimit\u00e9 ou d\u2019incomp\u00e9tence\u2026&nbsp;? Pourtant les r\u00e9unions d\u2019information et de sensibilisation ouvertes \u00e0 tous et organis\u00e9es par ce groupe ont r\u00e9uni un public plus large prouvant l\u2019int\u00e9r\u00eat soulev\u00e9 par les probl\u00e9matiques \u00e9tudi\u00e9es par notre groupe.<\/p>\n\n\n\n<h2 class=\"wp-block-heading\">Le manque de disponibilit\u00e9s<\/h2>\n\n\n\n<p>Le deuxi\u00e8me obstacle cit\u00e9 est li\u00e9 \u00e0 <strong>l\u2019\u00e9nergie et le temps n\u00e9cessaires<\/strong> pour s\u2019approprier les dossiers (pour le PLUI, c\u2019est plus de 1000 pages, dont certaines assez techniques \u2026). Il faut donc des personnes suffisamment disponibles et motiv\u00e9es, avec le risque que ces personnes ne soient pas toujours les plus nuanc\u00e9es. Aborder ces sujets au sein d\u2019un groupe permet de b\u00e9n\u00e9ficier de la diversit\u00e9 des comp\u00e9tences et des opinions internes d\u00e8s lors que r\u00e8gne un climat de bienveillance, d\u2019\u00e9coute et de respect mutuel, climat que notre association promeut dans l\u2019ensemble de ses activit\u00e9s. Ceci permet d\u2019introduire de la nuance et d\u2019\u00e9chapper aux enjeux de posture h\u00e9las trop courants dans la vie publique. Ce climat permet de se r\u00e9partir en confiance la t\u00e2che cons\u00e9quente d\u2019appropriation en fonction des connaissances et disponibilit\u00e9s de chacun. Le partage qui en r\u00e9sulte facilite une mont\u00e9e en comp\u00e9tence collective et rend l\u2019indispensable processus d\u2019acculturation moins abrupt. Ensuite, fort de ce bagage commun, chaque membre du groupe est encourag\u00e9 \u00e0 d\u00e9poser de mani\u00e8re argument\u00e9e son avis dans l\u2019enqu\u00eate publique en fonction de sa propre sensibilit\u00e9 sans chercher \u00e0 converger vers un point de vue commun. Pour autant, l\u2019exp\u00e9rience montre que les \u00e9changes internes au groupe ont tendance \u00e0 temp\u00e9rer les avis les plus extr\u00eames. M\u00eame si elle ne l\u2019a jamais encore fait, notre association ne s\u2019interdit pas de d\u00e9poser un avis le jour o\u00f9 la convergence des points de vue sera jug\u00e9e suffisante. Mais l\u2019objectif du groupe reste surtout de faciliter la compr\u00e9hension et l\u2019expression citoyenne de ses membres sur les sujets qui touchent \u00e0 la transition \u00e9cologique.<\/p>\n\n\n\n<h2 class=\"wp-block-heading\">Confusions entre concertation et (mauvais) d\u00e9bat<\/h2>\n\n\n\n<p>La troisi\u00e8me difficult\u00e9 soulev\u00e9e porte sur le risque de <strong>confondre concertation et d\u00e9bat<\/strong>. Les enqu\u00eates publiques auxquelles le groupe M&amp;T s\u2019est int\u00e9ress\u00e9 s\u2019apparentent sans ambigu\u00eft\u00e9 \u00e0 des concertations, mais d\u2019un type un peu particulier pour au moins deux raisons. La concertation n\u2019est pas directe et passe par un tiers qui joue un r\u00f4le central pour \u00e9viter toute confusion avec un d\u00e9bat. En effet, les remarques faites lors d\u2019une enqu\u00eate publique tant par les citoyens que par les associations sont analys\u00e9es et synth\u00e9tis\u00e9es par un commissaire enqu\u00eateur. Il les traduit ensuite sous forme de questions au Ma\u00eetre d\u2019ouvrage du projet. Enfin, sur la base des r\u00e9ponses du ma\u00eetre d\u2019ouvrage, le commissaire r\u00e9dige alors une synth\u00e8se, donne son avis sur le projet et formule le cas \u00e9ch\u00e9ant des observations et remarques. La volont\u00e9 d\u2019\u00e9coute et de construction collective, qui caract\u00e9rise en principe cette personne, est le garant de l\u2019utilit\u00e9 et de la qualit\u00e9 du r\u00e9sultat de ces enqu\u00eates publiques. Les documents de synth\u00e8se restent accessibles un an apr\u00e8s les conclusions de l\u2019enqu\u00eate publique. Ils permettent ainsi de se faire une id\u00e9e des arguments et contre arguments exprim\u00e9s en \u00e9vitant un d\u00e9bat direct probablement st\u00e9rile entre ma\u00eetre d\u2019ouvrage et opposants au projet les plus convaincus. Mais, a contrario, il n\u2019y a pas d\u2019interaction positive directe entre l\u2019\u00e9metteur d\u2019une remarque et le ma\u00eetre d\u2019ouvrage, alors qu\u2019elle serait susceptible d\u2019apporter \u00e0 la fois une meilleure compr\u00e9hension des contraintes et am\u00e9lioration du projet. La seconde raison est que les enqu\u00eates publiques portent g\u00e9n\u00e9ralement sur des projets souvent bien avanc\u00e9s. Et la marge d\u2019ajustements est faible du point de vue du Ma\u00eetre d\u2019ouvrage. Il faut de tr\u00e8s solides raisons pour voir une enqu\u00eate publique remettre en cause profond\u00e9ment le projet sur lequel elle porte. Reste alors la voie du recours pour les opposants irr\u00e9ductibles ce qui soul\u00e8ve d\u2019autres probl\u00e8mes. Par contre, il arrive r\u00e9guli\u00e8rement que les remarques et observations faites par le commissaire, potentiellement inspir\u00e9es des commentaires re\u00e7us, soient reprises par le ma\u00eetre d\u2019ouvrage et se traduisent in fine par des opportunit\u00e9s d\u2019am\u00e9lioration du projet.<\/p>\n\n\n\n<p>A noter que lors de l\u2019\u00e9laboration du Plan Local d\u2019Urbanisme Intercommunal en 2021, des ateliers de concertation amont ont \u00e9t\u00e9 organis\u00e9s par un cabinet d\u2019expertise pour le compte du territoire. Dans chaque commune, ces ateliers (limit\u00e9s \u00e0 50 places \u00e0 Ch\u00e2tenay) ont permis aux citoyens les plus r\u00e9actifs et les plus motiv\u00e9s de prendre connaissance du diagnostic et de r\u00e9fl\u00e9chir ensemble en petits groupes savamment constitu\u00e9s sur les th\u00e9matiques du d\u00e9veloppement \u00e9conomique, de l\u2019habitat et des formes urbaines, des d\u00e9placements et de l\u2019environnement et le cadre de vie. Quelques mois plus tard, une pr\u00e9sentation de la synth\u00e8se de ces travaux a \u00e9t\u00e9 r\u00e9alis\u00e9e \u00e9galement dans chaque commune avant de servir dans l\u2019\u00e9laboration finale du PLUI. Sans \u00eatre parfait, cet exercice de consultation a \u00e9t\u00e9 plut\u00f4t appr\u00e9ci\u00e9 et a mis en \u00e9vidence dans ce cas l\u2019int\u00e9r\u00eat d\u2019un acteur externe (les consultants repr\u00e9sentant le Territoire) comme catalyseur pour \u00e9viter le pi\u00e8ge du d\u00e9bat st\u00e9rile par l\u2019organisation et la conduite \u00e9clair\u00e9e des \u00e9changes.<\/p>\n\n\n\n<h2 class=\"wp-block-heading\">L question des comp\u00e9tences\u2026<\/h2>\n\n\n\n<p>La quatri\u00e8me difficult\u00e9 \u00e9voqu\u00e9e porte sur <strong>la n\u00e9cessit\u00e9 d\u2019avoir des comp\u00e9tences<\/strong> souvent multiples pour participer. Le constat que nous avons fait au sein de notre groupe est qu\u2019il est pr\u00e9f\u00e9rable d\u2019avoir une palette large de comp\u00e9tences. En effet, les dossiers soumis \u00e0 enqu\u00eate publique sont souvent complexes et pr\u00e9sentent des facettes multiples&nbsp;: techniques (architecture, urbanisme, sant\u00e9, \u00e9cologie, \u00e9nergie \u2026), juridiques, sociologiques, \u00e9conomiques, etc\u2026 Mais, aborder ces enqu\u00eates en ayant dans notre groupe des personnes ayant des comp\u00e9tences diverses notamment en mati\u00e8re de gestion municipale et d\u2019enqu\u00eate publique a permis de pallier collectivement cette difficult\u00e9. L\u2019appui sur nos r\u00e9seaux associatifs a pu occasionnellement nous aider \u00e0 comprendre certains aspects des projets. Ajoutons qu\u2019un effort de communication et de vulgarisation accompagne tr\u00e8s souvent la r\u00e9daction des documents associ\u00e9s aux enqu\u00eates publiques et aux concertations de la CNDP\u2026 La marche \u00e0 franchir moins haute et la n\u00e9cessit\u00e9 de disposer d\u2019une expertise tr\u00e8s pointue sont \u00e0 relativiser au regard de la capacit\u00e9 de savoir naviguer dans les dossiers et surtout d\u2019avoir le temps et la volont\u00e9 de le faire.<\/p>\n\n\n\n<p>Derni\u00e8re difficult\u00e9<strong>&nbsp;: \u00eatre en phase avec la r\u00e9alit\u00e9 du probl\u00e8me<\/strong> auquel le projet est cens\u00e9 apporter des r\u00e9ponses. Notre groupe th\u00e9matique ne s\u2019est pas v\u00e9ritablement heurt\u00e9 \u00e0 cette difficult\u00e9 dans les dossiers examin\u00e9s. Naturellement, chacun a pu avoir son opinion sur la priorisation relative des diff\u00e9rents probl\u00e8mes. Reste que notre groupe n\u2019est probablement pas un \u00e9chantillon repr\u00e9sentatif de la population ch\u00e2tenaisienne.&nbsp;<\/p>\n\n\n\n<h2 class=\"wp-block-heading\">La demande d\u2019expression dans un jeu de contraintes<\/h2>\n\n\n\n<p>Notre retour d\u2019exp\u00e9rience montre qu\u2019il existe d\u2019ores et d\u00e9j\u00e0 des opportunit\u00e9s institutionnelles pour s\u2019exprimer en dehors des \u00e9lections, et commencer \u00e0 prendre part \u00e0 la vie de la commune et du territoire dans une approche \u00e9cocitoyenne. Cependant, on constate que&nbsp;:<\/p>\n\n\n\n<ul class=\"wp-block-list\">\n<li>l\u2019acc\u00e8s \u00e0 l\u2019information compl\u00e8te et contradictoire est compliqu\u00e9,<\/li>\n\n\n\n<li>les sujets souvent complexes et \u00e0 tiroir n\u00e9cessitent un temps significatif de formation et d\u2019acc\u00e8s aux documents mis en ligne lors des enqu\u00eates ou consultation,<\/li>\n\n\n\n<li>l\u2019impact de l\u2019engagement citoyen est aujourd\u2019hui r\u00e9duit, car les enqu\u00eates publiques concernent des projets le plus souvent quasiment ficel\u00e9s, ce qui peut d\u00e9motiver,<\/li>\n\n\n\n<li>la mobilisation du public reste difficile, soit que celui-ci ne se sente pas l\u00e9gitime, soit qu\u2019il consid\u00e8re son implication inutile (tout est d\u00e9j\u00e0 d\u00e9cid\u00e9\u2026), soit qu\u2019il manque de temps (d\u2019o\u00f9 l\u2019int\u00e9r\u00eat de mutualiser le travail comme nous avons pu le faire) etc\u2026<\/li>\n\n\n\n<li>les associations comme TEC ont un r\u00f4le \u00e0 jouer face \u00e0 l\u2019absence de &nbsp;demande d\u00e9mocratique &nbsp;des citoyens et \u00e0 leur d\u00e9fiance vis-\u00e0-vis des \u00e9lus et des institutions (<a href=\"https:\/\/www.publicsenat.fr\/actualites\/societe\/mefiance-illegitimite-elus-corrompus-une-enquete-revele-le-profond-malaise-des-francais-vis-a-vis-du-monde-politique\">lien vers Public S\u00e9nat<\/a>).<\/li>\n<\/ul>\n\n\n\n<p>Conventions citoyennes, consultations sur internet, ateliers collaboratifs&#8230; les outils de participation citoyenne poursuivent leur essor. Les propositions ne manquent pas mais toutes ne se valent probablement pas. Au-del\u00e0 des enqu\u00eates et consultations dirig\u00e9es vers les grands projets (PLUI, prolongement du T10\u2026), il y a probablement une place pour une d\u00e9mocratie \u00ab\u00a0du quotidien\u00a0\u00bb incitant les expressions citoyennes diversifi\u00e9es et le plus en amont possible. D\u2019o\u00f9 les nombreuses propositions qui ont fait flor\u00e8s au moment des municipales.<\/p>\n\n\n\n<p>Le mot de la fin sera <a href=\"https:\/\/www.drieat.ile-de-france.developpement-durable.gouv.fr\/decouvrez-le-reseau-de-la-participation-citoyenne-a13061.html\">celui de la Direction R\u00e9gionale et Interd\u00e9partementale de l\u2019Environnement, de l\u2019Am\u00e9nagement et des Transports (DRIEAT) d\u2019\u00cele-de-France<\/a>&nbsp;: sur la <a href=\"https:\/\/www.drieat.ile-de-france.developpement-durable.gouv.fr\/decouvrez-le-reseau-de-la-participation-citoyenne-a13061.html\">page d\u00e9di\u00e9e \u00e0 son r\u00e9seau particip\u2019action<\/a>, on peut lire ce texte qui souligne l\u2019importance du sujet&nbsp;:<\/p>\n\n\n\n<p><em>\u00ab&nbsp;Mettre les usagers au c\u0153ur des politiques publiques est une condition essentielle \u00e0 la r\u00e9alisation de projets durables, compris et partag\u00e9s. Cet objectif est d\u2019autant plus pr\u00e9gnant dans un contexte de transition \u00e9cologique qui implique des changements dans nos pratiques et modes de vie.<\/em><\/p>\n\n\n\n<p><em>Que la concertation pr\u00e9alable soit obligatoire ou facultative, l\u2019enjeu d\u2019une d\u00e9marche participative amont est de garantir un dialogue constructif entre d\u00e9cideurs, concepteurs, b\u00e9n\u00e9ficiaires et l\u2019ensemble des parties prenantes. Il s\u2019agit de nourrir les r\u00e9flexions sur un projet \u00e0 venir des attendus et exp\u00e9riences v\u00e9cues de l\u2019ensemble des parties prenantes, en favorisant un d\u00e9bat \u00e9clair\u00e9 par une information transparente et compr\u00e9hensible par tous.&nbsp;\u00bb<\/em><\/p>\n\n\n\n<p><a id=\"_msocom_1\"><\/a><\/p>\n\n\n\n<p><a id=\"_msocom_2\"><\/a><\/p>\n\n\n\n<p><\/p>\n","protected":false},"excerpt":{"rendered":"<p>L\u2019association Transition Ecologique Chatenay propose des actions de sensibilisation aux questions d\u2019environnement \u00e0 tous les publics. Mais si la prise de conscience et les changements de comportement individuel sur ces sujets sont n\u00e9cessaires, ils sont loin d\u2019\u00eatre suffisants (cf l\u2019\u00e9tude de carbone 4 sur la part possible des gestes individuels)&nbsp;:&#8230;<\/p>\n","protected":false},"author":36,"featured_media":38182,"comment_status":"open","ping_status":"open","sticky":false,"template":"","format":"standard","meta":{"om_disable_all_campaigns":false,"_monsterinsights_skip_tracking":false,"_monsterinsights_sitenote_active":false,"_monsterinsights_sitenote_note":"","_monsterinsights_sitenote_category":0,"_uf_show_specific_survey":0,"_uf_disable_surveys":false,"footnotes":""},"categories":[237],"tags":[],"class_list":["post-45966","post","type-post","status-publish","format-standard","has-post-thumbnail","hentry","category-tribunes","entry","simple"],"yoast_head":"<!-- This site is optimized with the Yoast SEO plugin v25.6 - https:\/\/yoast.com\/wordpress\/plugins\/seo\/ -->\n<title>Associer les citoyens \u00e0 la vie municipale : retour d\u2019exp\u00e9rience - La Gazette<\/title>\n<meta name=\"robots\" content=\"index, follow, max-snippet:-1, max-image-preview:large, max-video-preview:-1\" \/>\n<link rel=\"canonical\" href=\"https:\/\/sceaux-lagazette.fr\/index.php\/2026\/04\/29\/associer-les-citoyens-a-la-vie-municipale-retour-dexperience\/\" \/>\n<meta property=\"og:locale\" content=\"fr_FR\" \/>\n<meta property=\"og:type\" content=\"article\" \/>\n<meta property=\"og:title\" content=\"Associer les citoyens \u00e0 la vie municipale : retour d\u2019exp\u00e9rience - La Gazette\" \/>\n<meta property=\"og:description\" content=\"L\u2019association Transition Ecologique Chatenay propose des actions de sensibilisation aux questions d\u2019environnement \u00e0 tous les publics. Mais si la prise de conscience et les changements de comportement individuel sur ces sujets sont n\u00e9cessaires, ils sont loin d\u2019\u00eatre suffisants (cf l\u2019\u00e9tude de carbone 4 sur la part possible des gestes individuels)&nbsp;:&#8230;\" \/>\n<meta property=\"og:url\" content=\"https:\/\/sceaux-lagazette.fr\/index.php\/2026\/04\/29\/associer-les-citoyens-a-la-vie-municipale-retour-dexperience\/\" \/>\n<meta property=\"og:site_name\" content=\"La Gazette\" \/>\n<meta property=\"article:published_time\" content=\"2026-04-29T06:30:18+00:00\" \/>\n<meta property=\"og:image\" content=\"https:\/\/sceaux-lagazette.fr\/wp-content\/uploads\/2024\/02\/Avis-enquete-publique.jpg\" \/>\n\t<meta property=\"og:image:width\" content=\"926\" \/>\n\t<meta property=\"og:image:height\" content=\"530\" \/>\n\t<meta property=\"og:image:type\" content=\"image\/jpeg\" \/>\n<meta name=\"author\" content=\"Joseph Maire\" \/>\n<meta name=\"twitter:card\" content=\"summary_large_image\" \/>\n<meta name=\"twitter:label1\" content=\"\u00c9crit par\" \/>\n\t<meta name=\"twitter:data1\" content=\"Joseph Maire\" \/>\n\t<meta name=\"twitter:label2\" content=\"Dur\u00e9e de lecture estim\u00e9e\" \/>\n\t<meta name=\"twitter:data2\" content=\"11 minutes\" \/>\n<script type=\"application\/ld+json\" class=\"yoast-schema-graph\">{\"@context\":\"https:\/\/schema.org\",\"@graph\":[{\"@type\":\"Article\",\"@id\":\"https:\/\/sceaux-lagazette.fr\/index.php\/2026\/04\/29\/associer-les-citoyens-a-la-vie-municipale-retour-dexperience\/#article\",\"isPartOf\":{\"@id\":\"https:\/\/sceaux-lagazette.fr\/index.php\/2026\/04\/29\/associer-les-citoyens-a-la-vie-municipale-retour-dexperience\/\"},\"author\":{\"name\":\"Joseph Maire\",\"@id\":\"https:\/\/sceaux-lagazette.fr\/#\/schema\/person\/dfea50b400ac380d471f25a1db2724c6\"},\"headline\":\"Associer les citoyens \u00e0 la vie municipale : retour d\u2019exp\u00e9rience\",\"datePublished\":\"2026-04-29T06:30:18+00:00\",\"mainEntityOfPage\":{\"@id\":\"https:\/\/sceaux-lagazette.fr\/index.php\/2026\/04\/29\/associer-les-citoyens-a-la-vie-municipale-retour-dexperience\/\"},\"wordCount\":2343,\"commentCount\":0,\"publisher\":{\"@id\":\"https:\/\/sceaux-lagazette.fr\/#organization\"},\"image\":{\"@id\":\"https:\/\/sceaux-lagazette.fr\/index.php\/2026\/04\/29\/associer-les-citoyens-a-la-vie-municipale-retour-dexperience\/#primaryimage\"},\"thumbnailUrl\":\"https:\/\/sceaux-lagazette.fr\/wp-content\/uploads\/2024\/02\/Avis-enquete-publique.jpg\",\"articleSection\":[\"Tribunes\"],\"inLanguage\":\"fr-FR\",\"potentialAction\":[{\"@type\":\"CommentAction\",\"name\":\"Comment\",\"target\":[\"https:\/\/sceaux-lagazette.fr\/index.php\/2026\/04\/29\/associer-les-citoyens-a-la-vie-municipale-retour-dexperience\/#respond\"]}]},{\"@type\":\"WebPage\",\"@id\":\"https:\/\/sceaux-lagazette.fr\/index.php\/2026\/04\/29\/associer-les-citoyens-a-la-vie-municipale-retour-dexperience\/\",\"url\":\"https:\/\/sceaux-lagazette.fr\/index.php\/2026\/04\/29\/associer-les-citoyens-a-la-vie-municipale-retour-dexperience\/\",\"name\":\"Associer les citoyens \u00e0 la vie municipale : retour d\u2019exp\u00e9rience - La Gazette\",\"isPartOf\":{\"@id\":\"https:\/\/sceaux-lagazette.fr\/#website\"},\"primaryImageOfPage\":{\"@id\":\"https:\/\/sceaux-lagazette.fr\/index.php\/2026\/04\/29\/associer-les-citoyens-a-la-vie-municipale-retour-dexperience\/#primaryimage\"},\"image\":{\"@id\":\"https:\/\/sceaux-lagazette.fr\/index.php\/2026\/04\/29\/associer-les-citoyens-a-la-vie-municipale-retour-dexperience\/#primaryimage\"},\"thumbnailUrl\":\"https:\/\/sceaux-lagazette.fr\/wp-content\/uploads\/2024\/02\/Avis-enquete-publique.jpg\",\"datePublished\":\"2026-04-29T06:30:18+00:00\",\"breadcrumb\":{\"@id\":\"https:\/\/sceaux-lagazette.fr\/index.php\/2026\/04\/29\/associer-les-citoyens-a-la-vie-municipale-retour-dexperience\/#breadcrumb\"},\"inLanguage\":\"fr-FR\",\"potentialAction\":[{\"@type\":\"ReadAction\",\"target\":[\"https:\/\/sceaux-lagazette.fr\/index.php\/2026\/04\/29\/associer-les-citoyens-a-la-vie-municipale-retour-dexperience\/\"]}]},{\"@type\":\"ImageObject\",\"inLanguage\":\"fr-FR\",\"@id\":\"https:\/\/sceaux-lagazette.fr\/index.php\/2026\/04\/29\/associer-les-citoyens-a-la-vie-municipale-retour-dexperience\/#primaryimage\",\"url\":\"https:\/\/sceaux-lagazette.fr\/wp-content\/uploads\/2024\/02\/Avis-enquete-publique.jpg\",\"contentUrl\":\"https:\/\/sceaux-lagazette.fr\/wp-content\/uploads\/2024\/02\/Avis-enquete-publique.jpg\",\"width\":926,\"height\":530},{\"@type\":\"BreadcrumbList\",\"@id\":\"https:\/\/sceaux-lagazette.fr\/index.php\/2026\/04\/29\/associer-les-citoyens-a-la-vie-municipale-retour-dexperience\/#breadcrumb\",\"itemListElement\":[{\"@type\":\"ListItem\",\"position\":1,\"name\":\"Accueil\",\"item\":\"https:\/\/sceaux-lagazette.fr\/\"},{\"@type\":\"ListItem\",\"position\":2,\"name\":\"Associer les citoyens \u00e0 la vie municipale : retour d\u2019exp\u00e9rience\"}]},{\"@type\":\"WebSite\",\"@id\":\"https:\/\/sceaux-lagazette.fr\/#website\",\"url\":\"https:\/\/sceaux-lagazette.fr\/\",\"name\":\"La Gazette\",\"description\":\"Bourg-la-Reine, Ch\u00e2tenay, Fontenay, Sceaux\",\"publisher\":{\"@id\":\"https:\/\/sceaux-lagazette.fr\/#organization\"},\"potentialAction\":[{\"@type\":\"SearchAction\",\"target\":{\"@type\":\"EntryPoint\",\"urlTemplate\":\"https:\/\/sceaux-lagazette.fr\/?s={search_term_string}\"},\"query-input\":{\"@type\":\"PropertyValueSpecification\",\"valueRequired\":true,\"valueName\":\"search_term_string\"}}],\"inLanguage\":\"fr-FR\"},{\"@type\":\"Organization\",\"@id\":\"https:\/\/sceaux-lagazette.fr\/#organization\",\"name\":\"La Gazette\",\"url\":\"https:\/\/sceaux-lagazette.fr\/\",\"logo\":{\"@type\":\"ImageObject\",\"inLanguage\":\"fr-FR\",\"@id\":\"https:\/\/sceaux-lagazette.fr\/#\/schema\/logo\/image\/\",\"url\":\"https:\/\/sceaux-lagazette.fr\/wp-content\/uploads\/2025\/08\/Logo-Gazette-Aout-2025-V3.jpg\",\"contentUrl\":\"https:\/\/sceaux-lagazette.fr\/wp-content\/uploads\/2025\/08\/Logo-Gazette-Aout-2025-V3.jpg\",\"width\":525,\"height\":130,\"caption\":\"La Gazette\"},\"image\":{\"@id\":\"https:\/\/sceaux-lagazette.fr\/#\/schema\/logo\/image\/\"}},{\"@type\":\"Person\",\"@id\":\"https:\/\/sceaux-lagazette.fr\/#\/schema\/person\/dfea50b400ac380d471f25a1db2724c6\",\"name\":\"Joseph Maire\",\"image\":{\"@type\":\"ImageObject\",\"inLanguage\":\"fr-FR\",\"@id\":\"https:\/\/sceaux-lagazette.fr\/#\/schema\/person\/image\/\",\"url\":\"https:\/\/secure.gravatar.com\/avatar\/206e891ded46fc8425612abef607e528?s=96&r=g\",\"contentUrl\":\"https:\/\/secure.gravatar.com\/avatar\/206e891ded46fc8425612abef607e528?s=96&r=g\",\"caption\":\"Joseph Maire\"},\"url\":\"https:\/\/sceaux-lagazette.fr\/index.php\/author\/jma\/\"}]}<\/script>\n<!-- \/ Yoast SEO plugin. -->","yoast_head_json":{"title":"Associer les citoyens \u00e0 la vie municipale : retour d\u2019exp\u00e9rience - La Gazette","robots":{"index":"index","follow":"follow","max-snippet":"max-snippet:-1","max-image-preview":"max-image-preview:large","max-video-preview":"max-video-preview:-1"},"canonical":"https:\/\/sceaux-lagazette.fr\/index.php\/2026\/04\/29\/associer-les-citoyens-a-la-vie-municipale-retour-dexperience\/","og_locale":"fr_FR","og_type":"article","og_title":"Associer les citoyens \u00e0 la vie municipale : retour d\u2019exp\u00e9rience - La Gazette","og_description":"L\u2019association Transition Ecologique Chatenay propose des actions de sensibilisation aux questions d\u2019environnement \u00e0 tous les publics. Mais si la prise de conscience et les changements de comportement individuel sur ces sujets sont n\u00e9cessaires, ils sont loin d\u2019\u00eatre suffisants (cf l\u2019\u00e9tude de carbone 4 sur la part possible des gestes individuels)&nbsp;:&#8230;","og_url":"https:\/\/sceaux-lagazette.fr\/index.php\/2026\/04\/29\/associer-les-citoyens-a-la-vie-municipale-retour-dexperience\/","og_site_name":"La Gazette","article_published_time":"2026-04-29T06:30:18+00:00","og_image":[{"width":926,"height":530,"url":"https:\/\/sceaux-lagazette.fr\/wp-content\/uploads\/2024\/02\/Avis-enquete-publique.jpg","type":"image\/jpeg"}],"author":"Joseph Maire","twitter_card":"summary_large_image","twitter_misc":{"\u00c9crit par":"Joseph Maire","Dur\u00e9e de lecture estim\u00e9e":"11 minutes"},"schema":{"@context":"https:\/\/schema.org","@graph":[{"@type":"Article","@id":"https:\/\/sceaux-lagazette.fr\/index.php\/2026\/04\/29\/associer-les-citoyens-a-la-vie-municipale-retour-dexperience\/#article","isPartOf":{"@id":"https:\/\/sceaux-lagazette.fr\/index.php\/2026\/04\/29\/associer-les-citoyens-a-la-vie-municipale-retour-dexperience\/"},"author":{"name":"Joseph Maire","@id":"https:\/\/sceaux-lagazette.fr\/#\/schema\/person\/dfea50b400ac380d471f25a1db2724c6"},"headline":"Associer les citoyens \u00e0 la vie municipale : retour d\u2019exp\u00e9rience","datePublished":"2026-04-29T06:30:18+00:00","mainEntityOfPage":{"@id":"https:\/\/sceaux-lagazette.fr\/index.php\/2026\/04\/29\/associer-les-citoyens-a-la-vie-municipale-retour-dexperience\/"},"wordCount":2343,"commentCount":0,"publisher":{"@id":"https:\/\/sceaux-lagazette.fr\/#organization"},"image":{"@id":"https:\/\/sceaux-lagazette.fr\/index.php\/2026\/04\/29\/associer-les-citoyens-a-la-vie-municipale-retour-dexperience\/#primaryimage"},"thumbnailUrl":"https:\/\/sceaux-lagazette.fr\/wp-content\/uploads\/2024\/02\/Avis-enquete-publique.jpg","articleSection":["Tribunes"],"inLanguage":"fr-FR","potentialAction":[{"@type":"CommentAction","name":"Comment","target":["https:\/\/sceaux-lagazette.fr\/index.php\/2026\/04\/29\/associer-les-citoyens-a-la-vie-municipale-retour-dexperience\/#respond"]}]},{"@type":"WebPage","@id":"https:\/\/sceaux-lagazette.fr\/index.php\/2026\/04\/29\/associer-les-citoyens-a-la-vie-municipale-retour-dexperience\/","url":"https:\/\/sceaux-lagazette.fr\/index.php\/2026\/04\/29\/associer-les-citoyens-a-la-vie-municipale-retour-dexperience\/","name":"Associer les citoyens \u00e0 la vie municipale : retour d\u2019exp\u00e9rience - La Gazette","isPartOf":{"@id":"https:\/\/sceaux-lagazette.fr\/#website"},"primaryImageOfPage":{"@id":"https:\/\/sceaux-lagazette.fr\/index.php\/2026\/04\/29\/associer-les-citoyens-a-la-vie-municipale-retour-dexperience\/#primaryimage"},"image":{"@id":"https:\/\/sceaux-lagazette.fr\/index.php\/2026\/04\/29\/associer-les-citoyens-a-la-vie-municipale-retour-dexperience\/#primaryimage"},"thumbnailUrl":"https:\/\/sceaux-lagazette.fr\/wp-content\/uploads\/2024\/02\/Avis-enquete-publique.jpg","datePublished":"2026-04-29T06:30:18+00:00","breadcrumb":{"@id":"https:\/\/sceaux-lagazette.fr\/index.php\/2026\/04\/29\/associer-les-citoyens-a-la-vie-municipale-retour-dexperience\/#breadcrumb"},"inLanguage":"fr-FR","potentialAction":[{"@type":"ReadAction","target":["https:\/\/sceaux-lagazette.fr\/index.php\/2026\/04\/29\/associer-les-citoyens-a-la-vie-municipale-retour-dexperience\/"]}]},{"@type":"ImageObject","inLanguage":"fr-FR","@id":"https:\/\/sceaux-lagazette.fr\/index.php\/2026\/04\/29\/associer-les-citoyens-a-la-vie-municipale-retour-dexperience\/#primaryimage","url":"https:\/\/sceaux-lagazette.fr\/wp-content\/uploads\/2024\/02\/Avis-enquete-publique.jpg","contentUrl":"https:\/\/sceaux-lagazette.fr\/wp-content\/uploads\/2024\/02\/Avis-enquete-publique.jpg","width":926,"height":530},{"@type":"BreadcrumbList","@id":"https:\/\/sceaux-lagazette.fr\/index.php\/2026\/04\/29\/associer-les-citoyens-a-la-vie-municipale-retour-dexperience\/#breadcrumb","itemListElement":[{"@type":"ListItem","position":1,"name":"Accueil","item":"https:\/\/sceaux-lagazette.fr\/"},{"@type":"ListItem","position":2,"name":"Associer les citoyens \u00e0 la vie municipale : retour d\u2019exp\u00e9rience"}]},{"@type":"WebSite","@id":"https:\/\/sceaux-lagazette.fr\/#website","url":"https:\/\/sceaux-lagazette.fr\/","name":"La Gazette","description":"Bourg-la-Reine, Ch\u00e2tenay, Fontenay, Sceaux","publisher":{"@id":"https:\/\/sceaux-lagazette.fr\/#organization"},"potentialAction":[{"@type":"SearchAction","target":{"@type":"EntryPoint","urlTemplate":"https:\/\/sceaux-lagazette.fr\/?s={search_term_string}"},"query-input":{"@type":"PropertyValueSpecification","valueRequired":true,"valueName":"search_term_string"}}],"inLanguage":"fr-FR"},{"@type":"Organization","@id":"https:\/\/sceaux-lagazette.fr\/#organization","name":"La Gazette","url":"https:\/\/sceaux-lagazette.fr\/","logo":{"@type":"ImageObject","inLanguage":"fr-FR","@id":"https:\/\/sceaux-lagazette.fr\/#\/schema\/logo\/image\/","url":"https:\/\/sceaux-lagazette.fr\/wp-content\/uploads\/2025\/08\/Logo-Gazette-Aout-2025-V3.jpg","contentUrl":"https:\/\/sceaux-lagazette.fr\/wp-content\/uploads\/2025\/08\/Logo-Gazette-Aout-2025-V3.jpg","width":525,"height":130,"caption":"La Gazette"},"image":{"@id":"https:\/\/sceaux-lagazette.fr\/#\/schema\/logo\/image\/"}},{"@type":"Person","@id":"https:\/\/sceaux-lagazette.fr\/#\/schema\/person\/dfea50b400ac380d471f25a1db2724c6","name":"Joseph Maire","image":{"@type":"ImageObject","inLanguage":"fr-FR","@id":"https:\/\/sceaux-lagazette.fr\/#\/schema\/person\/image\/","url":"https:\/\/secure.gravatar.com\/avatar\/206e891ded46fc8425612abef607e528?s=96&r=g","contentUrl":"https:\/\/secure.gravatar.com\/avatar\/206e891ded46fc8425612abef607e528?s=96&r=g","caption":"Joseph Maire"},"url":"https:\/\/sceaux-lagazette.fr\/index.php\/author\/jma\/"}]}},"cc_featured_image_caption":{"caption_text":"","source_text":"","source_url":""},"_links":{"self":[{"href":"https:\/\/sceaux-lagazette.fr\/index.php\/wp-json\/wp\/v2\/posts\/45966"}],"collection":[{"href":"https:\/\/sceaux-lagazette.fr\/index.php\/wp-json\/wp\/v2\/posts"}],"about":[{"href":"https:\/\/sceaux-lagazette.fr\/index.php\/wp-json\/wp\/v2\/types\/post"}],"author":[{"embeddable":true,"href":"https:\/\/sceaux-lagazette.fr\/index.php\/wp-json\/wp\/v2\/users\/36"}],"replies":[{"embeddable":true,"href":"https:\/\/sceaux-lagazette.fr\/index.php\/wp-json\/wp\/v2\/comments?post=45966"}],"version-history":[{"count":2,"href":"https:\/\/sceaux-lagazette.fr\/index.php\/wp-json\/wp\/v2\/posts\/45966\/revisions"}],"predecessor-version":[{"id":45968,"href":"https:\/\/sceaux-lagazette.fr\/index.php\/wp-json\/wp\/v2\/posts\/45966\/revisions\/45968"}],"wp:featuredmedia":[{"embeddable":true,"href":"https:\/\/sceaux-lagazette.fr\/index.php\/wp-json\/wp\/v2\/media\/38182"}],"wp:attachment":[{"href":"https:\/\/sceaux-lagazette.fr\/index.php\/wp-json\/wp\/v2\/media?parent=45966"}],"wp:term":[{"taxonomy":"category","embeddable":true,"href":"https:\/\/sceaux-lagazette.fr\/index.php\/wp-json\/wp\/v2\/categories?post=45966"},{"taxonomy":"post_tag","embeddable":true,"href":"https:\/\/sceaux-lagazette.fr\/index.php\/wp-json\/wp\/v2\/tags?post=45966"}],"curies":[{"name":"wp","href":"https:\/\/api.w.org\/{rel}","templated":true}]}}