{"id":4593,"date":"2021-09-20T11:38:05","date_gmt":"2021-09-20T09:38:05","guid":{"rendered":"https:\/\/sceaux-lagazette.fr\/?p=4593"},"modified":"2022-10-17T18:22:09","modified_gmt":"2022-10-17T16:22:09","slug":"randonnee-photo-a-travers-sceaux","status":"publish","type":"post","link":"https:\/\/sceaux-lagazette.fr\/index.php\/2021\/09\/20\/randonnee-photo-a-travers-sceaux\/","title":{"rendered":"Randonn\u00e9e photo \u00e0 travers Sceaux"},"content":{"rendered":"\n<p>Dans le cadre des journ\u00e9es europ\u00e9ennes du patrimoine, les 18 et 19 septembre, une randonn\u00e9e photo \u00e9tait signal\u00e9e dans Sceaux Mag. Son titre \u00ab&nbsp;Sceaux \u00e0 travers les quartiers&nbsp;\u00bb ne pouvait qu\u2019attirer le Sc\u00e9en d\u2019assez fra\u00eeche date que je suis encore. Le fait qu\u2019elle soit anim\u00e9e par un guide \u00ab&nbsp;conf\u00e9renci\u00e8re nationale&nbsp;\u00bb ne pouvait que rassurer, m\u00eame si je ne connaissais pas la guide en question, Corinne Jager.<\/p>\n\n\n\n<p>Mon \u00e9pouse et moi-m\u00eame nous sommes donc inscrits pour le samedi&nbsp;: choix judicieux, il a fait beau&nbsp;! Je n\u2019avais pour tout appareil photographique que mon t\u00e9l\u00e9phone portable, mais j\u2019avais mal compris ce point. Il ne s\u2019agissait en effet pas de prendre des photos, mais de d\u00e9couvrir notre ville par le biais d\u2019anciennes photos distribu\u00e9es par notre guide.<\/p>\n\n\n\n<p>Nous avons donc arpent\u00e9 une petite partie de la ville (en deux heures, difficile de faire plus&nbsp;!) en d\u00e9couvrant comment elle avait \u00e9volu\u00e9 dans le temps, les b\u00e2timents toujours existants et ceux qui ont \u00e9t\u00e9 modifi\u00e9s ou remplac\u00e9s. L\u2019\u00e9rudition de notre guide est impressionnante, sa seule limite \u00e9tant le manque de documentation existant sur certaines questions, comme elle a pu le souligner \u00e0 plusieurs reprises. Le groupe, compos\u00e9 d\u2019une bonne douzaine de participants, comprenait suffisamment de Sc\u00e9ens de longue date pour pouvoir confronter les souvenirs de telle ou telle situation disparue depuis 40 ou 50 ans.<\/p>\n\n\n\n<p>J\u2019ai donc (entre autres) d\u00e9couvert que Sceaux s\u2019est cr\u00e9\u00e9 en \u00e9tant un march\u00e9 aux bestiaux au XVII<sup>e<\/sup> si\u00e8cle. Et que de fil en aiguille, on se retrouve avec des commerces de bouche dans la rue Houdan&nbsp;!<\/p>\n\n\n\n<p>Comme on est parti de l\u2019office du tourisme, Florian a \u00e9t\u00e9 \u00e9voqu\u00e9 assez rapidement. Je ne comprends toujours pas pourquoi on accorde tant d\u2019attention \u00e0 ce type qui s\u2019est avant tout content\u00e9 de vivre de ses rentes. On n\u2019en fait pas le dixi\u00e8me pour la famille Curie et ses prix Nobel&nbsp;!<\/p>\n\n\n\n<p>D\u2019autres figures de la ville ont \u00e9t\u00e9 \u00e9voqu\u00e9es, notamment&nbsp;:<\/p>\n\n\n\n<ul class=\"wp-block-list\"><li>La marquise de Tr\u00e9vise qui vend le domaine de Sceaux au d\u00e9partement de la Seine, mais conserve le <a href=\"https:\/\/domaine-de-sceaux.hauts-de-seine.fr\/le-domaine\/patrimoine-bati\/petit-chateau\" target=\"_blank\" rel=\"noreferrer noopener\">petit ch\u00e2teau<\/a>&nbsp;;<\/li><li>Michel Charaire, qui d\u00e9veloppe l\u2019imprimerie acquise avec son fr\u00e8re et devient maire de la ville qu\u2019il modernise&nbsp;;<\/li><li>Pierre-Fran\u00e7ois Palloy, entrepreneur en b\u00e2timent, qui utilise ses 400 ouvriers en sous-charge pour d\u00e9molir la Bastille. La Gazette lui a consacr\u00e9 <a href=\"https:\/\/sceaux-lagazette.fr\/index.php\/2020\/06\/25\/la-gloire-du-demolisseur\/\" target=\"_blank\" rel=\"noreferrer noopener\">un article<\/a>&nbsp;;<\/li><li><a href=\"https:\/\/archives.sceaux.fr\/renaudin-hugues-auguste\" target=\"_blank\" rel=\"noreferrer noopener\">Hugues Auguste Renaudin<\/a>, notaire et philanthrope.<\/li><\/ul>\n\n\n\n<p>Cette ballade a d\u00e9j\u00e0 eu lieu l\u2019ann\u00e9e derni\u00e8re. On ne peut que conseiller d\u2019y participer si elle est de nouveau programm\u00e9e l\u2019an prochain&nbsp;!<\/p>\n\n\n\n<p>Et encore merci \u00e0 notre guide !<\/p>\n","protected":false},"excerpt":{"rendered":"<p>Dans le cadre des journ\u00e9es europ\u00e9ennes du patrimoine, les 18 et 19 septembre, une randonn\u00e9e photo \u00e9tait signal\u00e9e dans Sceaux Mag. Son titre \u00ab&nbsp;Sceaux \u00e0 travers les quartiers&nbsp;\u00bb ne pouvait qu\u2019attirer le Sc\u00e9en d\u2019assez fra\u00eeche date que je suis encore. Le fait qu\u2019elle soit anim\u00e9e par un guide \u00ab&nbsp;conf\u00e9renci\u00e8re nationale&nbsp;\u00bb&#8230;<\/p>\n","protected":false},"author":11,"featured_media":4595,"comment_status":"open","ping_status":"open","sticky":false,"template":"","format":"standard","meta":{"om_disable_all_campaigns":false,"_monsterinsights_skip_tracking":false,"_monsterinsights_sitenote_active":false,"_monsterinsights_sitenote_note":"","_monsterinsights_sitenote_category":0,"_uf_show_specific_survey":0,"_uf_disable_surveys":false,"footnotes":""},"categories":[55,122,5,266],"tags":[],"class_list":["post-4593","post","type-post","status-publish","format-standard","has-post-thumbnail","hentry","category-detente","category-histoire-de-sceaux","category-des-quartiers-de-sceaux","category-sceaux","entry","simple"],"yoast_head":"<!-- This site is optimized with the Yoast SEO plugin v25.6 - https:\/\/yoast.com\/wordpress\/plugins\/seo\/ -->\n<title>Randonn\u00e9e photo \u00e0 travers Sceaux - La Gazette<\/title>\n<meta name=\"robots\" content=\"index, follow, max-snippet:-1, max-image-preview:large, max-video-preview:-1\" \/>\n<link rel=\"canonical\" href=\"https:\/\/sceaux-lagazette.fr\/index.php\/2021\/09\/20\/randonnee-photo-a-travers-sceaux\/\" \/>\n<meta property=\"og:locale\" content=\"fr_FR\" \/>\n<meta property=\"og:type\" content=\"article\" \/>\n<meta property=\"og:title\" content=\"Randonn\u00e9e photo \u00e0 travers Sceaux - La Gazette\" \/>\n<meta property=\"og:description\" content=\"Dans le cadre des journ\u00e9es europ\u00e9ennes du patrimoine, les 18 et 19 septembre, une randonn\u00e9e photo \u00e9tait signal\u00e9e dans Sceaux Mag. Son titre \u00ab&nbsp;Sceaux \u00e0 travers les quartiers&nbsp;\u00bb ne pouvait qu\u2019attirer le Sc\u00e9en d\u2019assez fra\u00eeche date que je suis encore. Le fait qu\u2019elle soit anim\u00e9e par un guide \u00ab&nbsp;conf\u00e9renci\u00e8re nationale&nbsp;\u00bb&#8230;\" \/>\n<meta property=\"og:url\" content=\"https:\/\/sceaux-lagazette.fr\/index.php\/2021\/09\/20\/randonnee-photo-a-travers-sceaux\/\" \/>\n<meta property=\"og:site_name\" content=\"La Gazette\" \/>\n<meta property=\"article:published_time\" content=\"2021-09-20T09:38:05+00:00\" \/>\n<meta property=\"article:modified_time\" content=\"2022-10-17T16:22:09+00:00\" \/>\n<meta property=\"og:image\" content=\"https:\/\/sceaux-lagazette.fr\/wp-content\/uploads\/2021\/09\/Journ\u00e9es-europ\u00e9ennes-du-patrimoine.jpg\" \/>\n\t<meta property=\"og:image:width\" content=\"1080\" \/>\n\t<meta property=\"og:image:height\" content=\"1080\" \/>\n\t<meta property=\"og:image:type\" content=\"image\/jpeg\" \/>\n<meta name=\"author\" content=\"G\u00e9rard Bardier\" \/>\n<meta name=\"twitter:card\" content=\"summary_large_image\" \/>\n<meta name=\"twitter:label1\" content=\"\u00c9crit par\" \/>\n\t<meta name=\"twitter:data1\" content=\"G\u00e9rard Bardier\" \/>\n\t<meta name=\"twitter:label2\" content=\"Dur\u00e9e de lecture estim\u00e9e\" \/>\n\t<meta name=\"twitter:data2\" content=\"2 minutes\" \/>\n<script type=\"application\/ld+json\" class=\"yoast-schema-graph\">{\"@context\":\"https:\/\/schema.org\",\"@graph\":[{\"@type\":\"Article\",\"@id\":\"https:\/\/sceaux-lagazette.fr\/index.php\/2021\/09\/20\/randonnee-photo-a-travers-sceaux\/#article\",\"isPartOf\":{\"@id\":\"https:\/\/sceaux-lagazette.fr\/index.php\/2021\/09\/20\/randonnee-photo-a-travers-sceaux\/\"},\"author\":{\"name\":\"G\u00e9rard Bardier\",\"@id\":\"https:\/\/sceaux-lagazette.fr\/#\/schema\/person\/5650e206a121f68c6f5e76379bccfbc4\"},\"headline\":\"Randonn\u00e9e photo \u00e0 travers Sceaux\",\"datePublished\":\"2021-09-20T09:38:05+00:00\",\"dateModified\":\"2022-10-17T16:22:09+00:00\",\"mainEntityOfPage\":{\"@id\":\"https:\/\/sceaux-lagazette.fr\/index.php\/2021\/09\/20\/randonnee-photo-a-travers-sceaux\/\"},\"wordCount\":477,\"commentCount\":2,\"publisher\":{\"@id\":\"https:\/\/sceaux-lagazette.fr\/#organization\"},\"image\":{\"@id\":\"https:\/\/sceaux-lagazette.fr\/index.php\/2021\/09\/20\/randonnee-photo-a-travers-sceaux\/#primaryimage\"},\"thumbnailUrl\":\"https:\/\/sceaux-lagazette.fr\/wp-content\/uploads\/2021\/09\/Journ\u00e9es-europ\u00e9ennes-du-patrimoine.jpg\",\"articleSection\":[\"D\u00e9tente\",\"Histoire(s)\",\"Quartiers\",\"Sceaux\"],\"inLanguage\":\"fr-FR\",\"potentialAction\":[{\"@type\":\"CommentAction\",\"name\":\"Comment\",\"target\":[\"https:\/\/sceaux-lagazette.fr\/index.php\/2021\/09\/20\/randonnee-photo-a-travers-sceaux\/#respond\"]}]},{\"@type\":\"WebPage\",\"@id\":\"https:\/\/sceaux-lagazette.fr\/index.php\/2021\/09\/20\/randonnee-photo-a-travers-sceaux\/\",\"url\":\"https:\/\/sceaux-lagazette.fr\/index.php\/2021\/09\/20\/randonnee-photo-a-travers-sceaux\/\",\"name\":\"Randonn\u00e9e photo \u00e0 travers Sceaux - La Gazette\",\"isPartOf\":{\"@id\":\"https:\/\/sceaux-lagazette.fr\/#website\"},\"primaryImageOfPage\":{\"@id\":\"https:\/\/sceaux-lagazette.fr\/index.php\/2021\/09\/20\/randonnee-photo-a-travers-sceaux\/#primaryimage\"},\"image\":{\"@id\":\"https:\/\/sceaux-lagazette.fr\/index.php\/2021\/09\/20\/randonnee-photo-a-travers-sceaux\/#primaryimage\"},\"thumbnailUrl\":\"https:\/\/sceaux-lagazette.fr\/wp-content\/uploads\/2021\/09\/Journ\u00e9es-europ\u00e9ennes-du-patrimoine.jpg\",\"datePublished\":\"2021-09-20T09:38:05+00:00\",\"dateModified\":\"2022-10-17T16:22:09+00:00\",\"breadcrumb\":{\"@id\":\"https:\/\/sceaux-lagazette.fr\/index.php\/2021\/09\/20\/randonnee-photo-a-travers-sceaux\/#breadcrumb\"},\"inLanguage\":\"fr-FR\",\"potentialAction\":[{\"@type\":\"ReadAction\",\"target\":[\"https:\/\/sceaux-lagazette.fr\/index.php\/2021\/09\/20\/randonnee-photo-a-travers-sceaux\/\"]}]},{\"@type\":\"ImageObject\",\"inLanguage\":\"fr-FR\",\"@id\":\"https:\/\/sceaux-lagazette.fr\/index.php\/2021\/09\/20\/randonnee-photo-a-travers-sceaux\/#primaryimage\",\"url\":\"https:\/\/sceaux-lagazette.fr\/wp-content\/uploads\/2021\/09\/Journ\u00e9es-europ\u00e9ennes-du-patrimoine.jpg\",\"contentUrl\":\"https:\/\/sceaux-lagazette.fr\/wp-content\/uploads\/2021\/09\/Journ\u00e9es-europ\u00e9ennes-du-patrimoine.jpg\",\"width\":1080,\"height\":1080},{\"@type\":\"BreadcrumbList\",\"@id\":\"https:\/\/sceaux-lagazette.fr\/index.php\/2021\/09\/20\/randonnee-photo-a-travers-sceaux\/#breadcrumb\",\"itemListElement\":[{\"@type\":\"ListItem\",\"position\":1,\"name\":\"Accueil\",\"item\":\"https:\/\/sceaux-lagazette.fr\/\"},{\"@type\":\"ListItem\",\"position\":2,\"name\":\"Randonn\u00e9e photo \u00e0 travers Sceaux\"}]},{\"@type\":\"WebSite\",\"@id\":\"https:\/\/sceaux-lagazette.fr\/#website\",\"url\":\"https:\/\/sceaux-lagazette.fr\/\",\"name\":\"La Gazette\",\"description\":\"Bourg-la-Reine, Ch\u00e2tenay, Fontenay, Sceaux\",\"publisher\":{\"@id\":\"https:\/\/sceaux-lagazette.fr\/#organization\"},\"potentialAction\":[{\"@type\":\"SearchAction\",\"target\":{\"@type\":\"EntryPoint\",\"urlTemplate\":\"https:\/\/sceaux-lagazette.fr\/?s={search_term_string}\"},\"query-input\":{\"@type\":\"PropertyValueSpecification\",\"valueRequired\":true,\"valueName\":\"search_term_string\"}}],\"inLanguage\":\"fr-FR\"},{\"@type\":\"Organization\",\"@id\":\"https:\/\/sceaux-lagazette.fr\/#organization\",\"name\":\"La Gazette\",\"url\":\"https:\/\/sceaux-lagazette.fr\/\",\"logo\":{\"@type\":\"ImageObject\",\"inLanguage\":\"fr-FR\",\"@id\":\"https:\/\/sceaux-lagazette.fr\/#\/schema\/logo\/image\/\",\"url\":\"https:\/\/sceaux-lagazette.fr\/wp-content\/uploads\/2025\/08\/Logo-Gazette-Aout-2025-V3.jpg\",\"contentUrl\":\"https:\/\/sceaux-lagazette.fr\/wp-content\/uploads\/2025\/08\/Logo-Gazette-Aout-2025-V3.jpg\",\"width\":525,\"height\":130,\"caption\":\"La Gazette\"},\"image\":{\"@id\":\"https:\/\/sceaux-lagazette.fr\/#\/schema\/logo\/image\/\"}},{\"@type\":\"Person\",\"@id\":\"https:\/\/sceaux-lagazette.fr\/#\/schema\/person\/5650e206a121f68c6f5e76379bccfbc4\",\"name\":\"G\u00e9rard Bardier\",\"image\":{\"@type\":\"ImageObject\",\"inLanguage\":\"fr-FR\",\"@id\":\"https:\/\/sceaux-lagazette.fr\/#\/schema\/person\/image\/\",\"url\":\"https:\/\/secure.gravatar.com\/avatar\/5cf4391ef9dbc0367750202561279a29?s=96&r=g\",\"contentUrl\":\"https:\/\/secure.gravatar.com\/avatar\/5cf4391ef9dbc0367750202561279a29?s=96&r=g\",\"caption\":\"G\u00e9rard Bardier\"},\"url\":\"https:\/\/sceaux-lagazette.fr\/index.php\/author\/gb\/\"}]}<\/script>\n<!-- \/ Yoast SEO plugin. -->","yoast_head_json":{"title":"Randonn\u00e9e photo \u00e0 travers Sceaux - La Gazette","robots":{"index":"index","follow":"follow","max-snippet":"max-snippet:-1","max-image-preview":"max-image-preview:large","max-video-preview":"max-video-preview:-1"},"canonical":"https:\/\/sceaux-lagazette.fr\/index.php\/2021\/09\/20\/randonnee-photo-a-travers-sceaux\/","og_locale":"fr_FR","og_type":"article","og_title":"Randonn\u00e9e photo \u00e0 travers Sceaux - La Gazette","og_description":"Dans le cadre des journ\u00e9es europ\u00e9ennes du patrimoine, les 18 et 19 septembre, une randonn\u00e9e photo \u00e9tait signal\u00e9e dans Sceaux Mag. Son titre \u00ab&nbsp;Sceaux \u00e0 travers les quartiers&nbsp;\u00bb ne pouvait qu\u2019attirer le Sc\u00e9en d\u2019assez fra\u00eeche date que je suis encore. Le fait qu\u2019elle soit anim\u00e9e par un guide \u00ab&nbsp;conf\u00e9renci\u00e8re nationale&nbsp;\u00bb&#8230;","og_url":"https:\/\/sceaux-lagazette.fr\/index.php\/2021\/09\/20\/randonnee-photo-a-travers-sceaux\/","og_site_name":"La Gazette","article_published_time":"2021-09-20T09:38:05+00:00","article_modified_time":"2022-10-17T16:22:09+00:00","og_image":[{"width":1080,"height":1080,"url":"https:\/\/sceaux-lagazette.fr\/wp-content\/uploads\/2021\/09\/Journ\u00e9es-europ\u00e9ennes-du-patrimoine.jpg","type":"image\/jpeg"}],"author":"G\u00e9rard Bardier","twitter_card":"summary_large_image","twitter_misc":{"\u00c9crit par":"G\u00e9rard Bardier","Dur\u00e9e de lecture estim\u00e9e":"2 minutes"},"schema":{"@context":"https:\/\/schema.org","@graph":[{"@type":"Article","@id":"https:\/\/sceaux-lagazette.fr\/index.php\/2021\/09\/20\/randonnee-photo-a-travers-sceaux\/#article","isPartOf":{"@id":"https:\/\/sceaux-lagazette.fr\/index.php\/2021\/09\/20\/randonnee-photo-a-travers-sceaux\/"},"author":{"name":"G\u00e9rard Bardier","@id":"https:\/\/sceaux-lagazette.fr\/#\/schema\/person\/5650e206a121f68c6f5e76379bccfbc4"},"headline":"Randonn\u00e9e photo \u00e0 travers Sceaux","datePublished":"2021-09-20T09:38:05+00:00","dateModified":"2022-10-17T16:22:09+00:00","mainEntityOfPage":{"@id":"https:\/\/sceaux-lagazette.fr\/index.php\/2021\/09\/20\/randonnee-photo-a-travers-sceaux\/"},"wordCount":477,"commentCount":2,"publisher":{"@id":"https:\/\/sceaux-lagazette.fr\/#organization"},"image":{"@id":"https:\/\/sceaux-lagazette.fr\/index.php\/2021\/09\/20\/randonnee-photo-a-travers-sceaux\/#primaryimage"},"thumbnailUrl":"https:\/\/sceaux-lagazette.fr\/wp-content\/uploads\/2021\/09\/Journ\u00e9es-europ\u00e9ennes-du-patrimoine.jpg","articleSection":["D\u00e9tente","Histoire(s)","Quartiers","Sceaux"],"inLanguage":"fr-FR","potentialAction":[{"@type":"CommentAction","name":"Comment","target":["https:\/\/sceaux-lagazette.fr\/index.php\/2021\/09\/20\/randonnee-photo-a-travers-sceaux\/#respond"]}]},{"@type":"WebPage","@id":"https:\/\/sceaux-lagazette.fr\/index.php\/2021\/09\/20\/randonnee-photo-a-travers-sceaux\/","url":"https:\/\/sceaux-lagazette.fr\/index.php\/2021\/09\/20\/randonnee-photo-a-travers-sceaux\/","name":"Randonn\u00e9e photo \u00e0 travers Sceaux - La Gazette","isPartOf":{"@id":"https:\/\/sceaux-lagazette.fr\/#website"},"primaryImageOfPage":{"@id":"https:\/\/sceaux-lagazette.fr\/index.php\/2021\/09\/20\/randonnee-photo-a-travers-sceaux\/#primaryimage"},"image":{"@id":"https:\/\/sceaux-lagazette.fr\/index.php\/2021\/09\/20\/randonnee-photo-a-travers-sceaux\/#primaryimage"},"thumbnailUrl":"https:\/\/sceaux-lagazette.fr\/wp-content\/uploads\/2021\/09\/Journ\u00e9es-europ\u00e9ennes-du-patrimoine.jpg","datePublished":"2021-09-20T09:38:05+00:00","dateModified":"2022-10-17T16:22:09+00:00","breadcrumb":{"@id":"https:\/\/sceaux-lagazette.fr\/index.php\/2021\/09\/20\/randonnee-photo-a-travers-sceaux\/#breadcrumb"},"inLanguage":"fr-FR","potentialAction":[{"@type":"ReadAction","target":["https:\/\/sceaux-lagazette.fr\/index.php\/2021\/09\/20\/randonnee-photo-a-travers-sceaux\/"]}]},{"@type":"ImageObject","inLanguage":"fr-FR","@id":"https:\/\/sceaux-lagazette.fr\/index.php\/2021\/09\/20\/randonnee-photo-a-travers-sceaux\/#primaryimage","url":"https:\/\/sceaux-lagazette.fr\/wp-content\/uploads\/2021\/09\/Journ\u00e9es-europ\u00e9ennes-du-patrimoine.jpg","contentUrl":"https:\/\/sceaux-lagazette.fr\/wp-content\/uploads\/2021\/09\/Journ\u00e9es-europ\u00e9ennes-du-patrimoine.jpg","width":1080,"height":1080},{"@type":"BreadcrumbList","@id":"https:\/\/sceaux-lagazette.fr\/index.php\/2021\/09\/20\/randonnee-photo-a-travers-sceaux\/#breadcrumb","itemListElement":[{"@type":"ListItem","position":1,"name":"Accueil","item":"https:\/\/sceaux-lagazette.fr\/"},{"@type":"ListItem","position":2,"name":"Randonn\u00e9e photo \u00e0 travers Sceaux"}]},{"@type":"WebSite","@id":"https:\/\/sceaux-lagazette.fr\/#website","url":"https:\/\/sceaux-lagazette.fr\/","name":"La Gazette","description":"Bourg-la-Reine, Ch\u00e2tenay, Fontenay, Sceaux","publisher":{"@id":"https:\/\/sceaux-lagazette.fr\/#organization"},"potentialAction":[{"@type":"SearchAction","target":{"@type":"EntryPoint","urlTemplate":"https:\/\/sceaux-lagazette.fr\/?s={search_term_string}"},"query-input":{"@type":"PropertyValueSpecification","valueRequired":true,"valueName":"search_term_string"}}],"inLanguage":"fr-FR"},{"@type":"Organization","@id":"https:\/\/sceaux-lagazette.fr\/#organization","name":"La Gazette","url":"https:\/\/sceaux-lagazette.fr\/","logo":{"@type":"ImageObject","inLanguage":"fr-FR","@id":"https:\/\/sceaux-lagazette.fr\/#\/schema\/logo\/image\/","url":"https:\/\/sceaux-lagazette.fr\/wp-content\/uploads\/2025\/08\/Logo-Gazette-Aout-2025-V3.jpg","contentUrl":"https:\/\/sceaux-lagazette.fr\/wp-content\/uploads\/2025\/08\/Logo-Gazette-Aout-2025-V3.jpg","width":525,"height":130,"caption":"La Gazette"},"image":{"@id":"https:\/\/sceaux-lagazette.fr\/#\/schema\/logo\/image\/"}},{"@type":"Person","@id":"https:\/\/sceaux-lagazette.fr\/#\/schema\/person\/5650e206a121f68c6f5e76379bccfbc4","name":"G\u00e9rard Bardier","image":{"@type":"ImageObject","inLanguage":"fr-FR","@id":"https:\/\/sceaux-lagazette.fr\/#\/schema\/person\/image\/","url":"https:\/\/secure.gravatar.com\/avatar\/5cf4391ef9dbc0367750202561279a29?s=96&r=g","contentUrl":"https:\/\/secure.gravatar.com\/avatar\/5cf4391ef9dbc0367750202561279a29?s=96&r=g","caption":"G\u00e9rard Bardier"},"url":"https:\/\/sceaux-lagazette.fr\/index.php\/author\/gb\/"}]}},"cc_featured_image_caption":{"caption_text":"","source_text":"","source_url":""},"_links":{"self":[{"href":"https:\/\/sceaux-lagazette.fr\/index.php\/wp-json\/wp\/v2\/posts\/4593"}],"collection":[{"href":"https:\/\/sceaux-lagazette.fr\/index.php\/wp-json\/wp\/v2\/posts"}],"about":[{"href":"https:\/\/sceaux-lagazette.fr\/index.php\/wp-json\/wp\/v2\/types\/post"}],"author":[{"embeddable":true,"href":"https:\/\/sceaux-lagazette.fr\/index.php\/wp-json\/wp\/v2\/users\/11"}],"replies":[{"embeddable":true,"href":"https:\/\/sceaux-lagazette.fr\/index.php\/wp-json\/wp\/v2\/comments?post=4593"}],"version-history":[{"count":2,"href":"https:\/\/sceaux-lagazette.fr\/index.php\/wp-json\/wp\/v2\/posts\/4593\/revisions"}],"predecessor-version":[{"id":4596,"href":"https:\/\/sceaux-lagazette.fr\/index.php\/wp-json\/wp\/v2\/posts\/4593\/revisions\/4596"}],"wp:featuredmedia":[{"embeddable":true,"href":"https:\/\/sceaux-lagazette.fr\/index.php\/wp-json\/wp\/v2\/media\/4595"}],"wp:attachment":[{"href":"https:\/\/sceaux-lagazette.fr\/index.php\/wp-json\/wp\/v2\/media?parent=4593"}],"wp:term":[{"taxonomy":"category","embeddable":true,"href":"https:\/\/sceaux-lagazette.fr\/index.php\/wp-json\/wp\/v2\/categories?post=4593"},{"taxonomy":"post_tag","embeddable":true,"href":"https:\/\/sceaux-lagazette.fr\/index.php\/wp-json\/wp\/v2\/tags?post=4593"}],"curies":[{"name":"wp","href":"https:\/\/api.w.org\/{rel}","templated":true}]}}