{"id":45916,"date":"2026-04-28T08:30:57","date_gmt":"2026-04-28T06:30:57","guid":{"rendered":"https:\/\/sceaux-lagazette.fr\/?p=45916"},"modified":"2026-04-26T18:02:12","modified_gmt":"2026-04-26T16:02:12","slug":"helene-krief-entre-peinture-et-sculpture","status":"publish","type":"post","link":"https:\/\/sceaux-lagazette.fr\/index.php\/2026\/04\/28\/helene-krief-entre-peinture-et-sculpture\/","title":{"rendered":"H\u00e9l\u00e8ne Krief entre peinture et sculpture"},"content":{"rendered":"\n<p>Elle travaille la terre, le m\u00e9tal, le bois et la pierre. Elle peint sur papier, toile ou carton. Les deux disciplines rel\u00e8vent chez elle de deux gestes diff\u00e9rents. \u00ab&nbsp;<em>En sculpture, je sais o\u00f9 je vais. En peinture, je peins depuis toujours, mais la part du doute est plus importante.&nbsp;\u00bb<\/em> Quand H\u00e9l\u00e8ne Krief parle de ses influences, elle invite \u00e0 d\u00e9couvrir des pages d\u2019histoire de l\u2019art, \u00e0 les prendre en partage.<\/p>\n\n\n\n<p>La peinture l\u2019a toujours accompagn\u00e9e, de la Tunisie, au S\u00e9n\u00e9gal ou au Canada. Quand la famille rentre en France, elle rencontre par hasard Jo\u00eblle Lionne, sculpteure qui a marqu\u00e9 un petit groupe de fid\u00e8les. Une passion na\u00eet. C\u2019est ainsi qu\u2019elle s\u2019initie \u00e0 la sculpture, elle ne la quittera plus.<\/p>\n\n\n\n<p>Ses premiers pas vont vers le travail du bois. Les temp\u00eates de 1999 ont abattu quantit\u00e9 d\u2019arbres. L\u2019atelier en tire parti. Elle travaille des planches \u00e9paisses, non d\u00e9grossies, y inscrit des formes \u00e9pur\u00e9es\u2026 Elle pense \u00e0 Matisse. Elle cherche dans ces formes un \u00e9quilibre, une coh\u00e9rence avec le mat\u00e9riau.<\/p>\n\n\n\n<h2 class=\"wp-block-heading\">Des rencontres<\/h2>\n\n\n\n<p>Plus tard, H\u00e9l\u00e8ne Krief suit les cours de Laurent Okroglic, professeur de dessin aux Ateliers Beaux-Arts de la ville de Paris. Son regard se forme. Elle y apprend le dessin d\u2019apr\u00e8s mod\u00e8le vivant. Laurent Okroglic l\u2019encourage \u00e0 s\u2019affranchir de la figuration. Il a compris qu\u2019elle s\u2019y ennuie. Elle trouve dans des d\u00e9coupages, collages, pliages, papiers et cartons une autre aventure, proches du \u00ab&nbsp;cadavre exquis&nbsp;\u00bb. En d\u00e9ployant ses pliages, on y d\u00e9couvre un inattendu, qu\u2019elle recompose.<\/p>\n\n\n<div class=\"wp-block-image\">\n<figure class=\"alignright size-full is-resized\"><img decoding=\"async\" width=\"603\" height=\"747\" src=\"https:\/\/sceaux-lagazette.fr\/wp-content\/uploads\/2026\/04\/photo-Helene-Krief-.jpg\" alt=\"\" class=\"wp-image-45924\" style=\"width:319px;height:auto\" srcset=\"https:\/\/sceaux-lagazette.fr\/wp-content\/uploads\/2026\/04\/photo-Helene-Krief-.jpg 603w, https:\/\/sceaux-lagazette.fr\/wp-content\/uploads\/2026\/04\/photo-Helene-Krief--242x300.jpg 242w\" sizes=\"(max-width: 603px) 100vw, 603px\" \/><figcaption class=\"wp-element-caption\">H\u00e9l\u00e8ne Krief Photo H. Krief<\/figcaption><\/figure><\/div>\n\n\n<p>Une autre rencontre importante est celle d\u2019Olivier di Pizio, directeur de <em>R\u00e9alit\u00e9s nouvelles<\/em> et enseignant aux Ateliers Beaux-Arts de la Ville de Paris qui la sensibilise <em>\u00e0 l\u2019art contemporain et l\u2019ouvre \u00e0 un questionnement nouveau.<\/em><\/p>\n\n\n\n<p>De ses multiples inspirations, elle cite les Fauves, Odilon Redon, et m\u00eame (incroyable&nbsp;!) Gustave Moreau. Pour elle, \u00ab&nbsp;<em>l\u2019essentiel, c\u2019est la couleur<\/em>&nbsp;\u00bb. Matisse encore, qui s\u2019impose \u00e0 elle quand elle arrange, combine ses \u00ab&nbsp;<em>Formes femmes&nbsp;\u00bb,<\/em> <a href=\"https:\/\/fr.wikipedia.org\/wiki\/Pattern#:~:text=Le%20mot%20\"><em>patterns<\/em><\/a> \u00e9pur\u00e9s, conjugu\u00e9s sur la toile.<\/p>\n\n\n\n<p>Dans son cheminement artistique, la sculpture est toujours pr\u00e9sente. Une pi\u00e8ce en appelle une autre. Il y a plusieurs ann\u00e9es, elle \u00e9tait <em>\u00ab&nbsp;dans une g\u00e9om\u00e9trisation des volumes \u00bb.<\/em> Ses formes \u00e9taient lisses, polies. Elle cherchait dans l\u2019argile des formes simples, un \u00e9quilibre qui trouvait ses sources chez Constantin Brancusi ou Eduardo Chillida, \u00ab&nbsp;<em>ces grands du XXe si\u00e8cle<\/em>&nbsp;\u00bb.<\/p>\n\n\n\n<p>Elle avait en t\u00eate les lacs gel\u00e9s du Qu\u00e9bec, quand la glace se rompt brusquement, se soul\u00e8ve dans un bruit assourdissant. Sa s\u00e9rie \u00ab&nbsp;<em>D\u00e9b\u00e2cles&nbsp;\u00bb <\/em>se<em> rem\u00e9more <\/em>l\u2019\u00e9motion ressentie lors de ces insubordinations de l\u2019eau.<\/p>\n\n\n\n<h2 class=\"wp-block-heading\">L\u2019esquisse lib\u00e9ratrice<\/h2>\n\n\n\n<p>Ces temps-ci, elle revient \u00e0 la terre. \u00ab&nbsp;<em>J\u2019aime la terre<\/em>.&nbsp;<em>Tailler la pierre, devient trop \u00e9prouvant sourit-elle.&nbsp;\u00bb <\/em>Le modelage de ses \u00ab&nbsp;<em>Poup\u00e9es votives&nbsp;\u00bb,<\/em> lui permet de s\u2019affranchir d\u2019une certaine rigueur premi\u00e8re, ses rep\u00e8res ont chang\u00e9. Elle les trouve dans les <em>Figures<\/em> de Laurent Esquerr\u00e9, de Germaine Richier ou encore dans les arts premiers, dans lesquels elle puise \u00ab&nbsp;<em>un autre imaginaire<\/em>&nbsp;\u00bb,<\/p>\n\n\n<div class=\"wp-block-image\">\n<figure class=\"alignleft size-large is-resized\"><img decoding=\"async\" width=\"783\" height=\"1024\" src=\"https:\/\/sceaux-lagazette.fr\/wp-content\/uploads\/2026\/04\/DSC_0393-2-783x1024.jpg\" alt=\"\" class=\"wp-image-45926\" style=\"width:205px;height:auto\" srcset=\"https:\/\/sceaux-lagazette.fr\/wp-content\/uploads\/2026\/04\/DSC_0393-2-783x1024.jpg 783w, https:\/\/sceaux-lagazette.fr\/wp-content\/uploads\/2026\/04\/DSC_0393-2-230x300.jpg 230w, https:\/\/sceaux-lagazette.fr\/wp-content\/uploads\/2026\/04\/DSC_0393-2-768x1004.jpg 768w, https:\/\/sceaux-lagazette.fr\/wp-content\/uploads\/2026\/04\/DSC_0393-2-1175x1536.jpg 1175w, https:\/\/sceaux-lagazette.fr\/wp-content\/uploads\/2026\/04\/DSC_0393-2.jpg 1469w\" sizes=\"(max-width: 783px) 100vw, 783px\" \/><figcaption class=\"wp-element-caption\">Photo H. Krief<\/figcaption><\/figure><\/div>\n\n\n<p>Ces artistes mettent en \u00e9vidence ce qu\u2019elle appelle \u00ab<em>&nbsp;la maladresse<\/em>&nbsp;\u00bb. Elle fait r\u00e9sonner dans le mot une intention libertaire. Ce qui est en jeu pour elle est \u00ab&nbsp;<em>l\u2019authenticit\u00e9&nbsp;du brut&nbsp;\u00bb.<\/em> En ne cherchant plus le \u00ab&nbsp;<em>fini<\/em>&nbsp;\u00bb, elle a le sentiment de pouvoir explorer des voies nouvelles. Cette esth\u00e9tique est pr\u00e9sente \u00e0 chaque instant, \u00ab&nbsp;<em>il faut que \u00e7a tienne<\/em>&nbsp;\u00bb, sinon, c\u2019est mou, informe. La maladresse est une d\u00e9marche, ce n\u2019est pas un laisser-aller.<\/p>\n\n\n\n<p>Cette expressivit\u00e9, ce qu\u2019elle appelle son c\u00f4t\u00e9 baroque, fera que les personnages auront des fantaisies au-dessus de leur t\u00eate, des chapeaux farfelus de carnaval ou de bal masqu\u00e9, des oiseaux, des feuilles.<\/p>\n\n\n\n<p>\u00ab&nbsp;<em>Quand j\u2019ai commenc\u00e9 la sculpture, j\u2019\u00e9tais na\u00efve<\/em>&nbsp;\u00bb, c\u2019est-\u00e0-dire ignorante de ce que la sculpture supposait comme travail. Entour\u00e9e des tableaux que son p\u00e8re, grand amateur, achetait sur un coup de t\u00eate\u2026 avant de les revendre par manque d\u2019argent. Il en ach\u00e8te tant que tous les murs de l\u2019appartement sont couverts. Elle en fut nourrie et grandit entour\u00e9e de ces toiles. Au fil des d\u00e9penses erratiques du p\u00e8re, les tableaux vendus disparaissent et laissent leurs traces sur les murs. Cela l\u2019a marqu\u00e9e. \u00ab&nbsp;<em>C\u2019est, <\/em>pense-t-elle<em>, pour remplir ces vides que je me suis mise \u00e0 peindre<\/em>.&nbsp;\u00bb Peindre devient comme une r\u00e9paration de disparitions.<\/p>\n\n\n\n<p><\/p>\n","protected":false},"excerpt":{"rendered":"<p>Elle travaille la terre, le m\u00e9tal, le bois et la pierre. Elle peint sur papier, toile ou carton. Les deux disciplines rel\u00e8vent chez elle de deux gestes diff\u00e9rents. \u00ab&nbsp;En sculpture, je sais o\u00f9 je vais. En peinture, je peins depuis toujours, mais la part du doute est plus importante.&nbsp;\u00bb Quand&#8230;<\/p>\n","protected":false},"author":6,"featured_media":45921,"comment_status":"open","ping_status":"open","sticky":false,"template":"","format":"standard","meta":{"om_disable_all_campaigns":false,"_monsterinsights_skip_tracking":false,"_monsterinsights_sitenote_active":false,"_monsterinsights_sitenote_note":"","_monsterinsights_sitenote_category":0,"_uf_show_specific_survey":0,"_uf_disable_surveys":false,"footnotes":""},"categories":[59,266],"tags":[],"class_list":["post-45916","post","type-post","status-publish","format-standard","has-post-thumbnail","hentry","category-portraits","category-sceaux","entry","simple"],"yoast_head":"<!-- This site is optimized with the Yoast SEO plugin v25.6 - https:\/\/yoast.com\/wordpress\/plugins\/seo\/ -->\n<title>H\u00e9l\u00e8ne Krief entre peinture et sculpture - La Gazette<\/title>\n<meta name=\"robots\" content=\"index, follow, max-snippet:-1, max-image-preview:large, max-video-preview:-1\" \/>\n<link rel=\"canonical\" href=\"https:\/\/sceaux-lagazette.fr\/index.php\/2026\/04\/28\/helene-krief-entre-peinture-et-sculpture\/\" \/>\n<meta property=\"og:locale\" content=\"fr_FR\" \/>\n<meta property=\"og:type\" content=\"article\" \/>\n<meta property=\"og:title\" content=\"H\u00e9l\u00e8ne Krief entre peinture et sculpture - La Gazette\" \/>\n<meta property=\"og:description\" content=\"Elle travaille la terre, le m\u00e9tal, le bois et la pierre. Elle peint sur papier, toile ou carton. Les deux disciplines rel\u00e8vent chez elle de deux gestes diff\u00e9rents. \u00ab&nbsp;En sculpture, je sais o\u00f9 je vais. En peinture, je peins depuis toujours, mais la part du doute est plus importante.&nbsp;\u00bb Quand&#8230;\" \/>\n<meta property=\"og:url\" content=\"https:\/\/sceaux-lagazette.fr\/index.php\/2026\/04\/28\/helene-krief-entre-peinture-et-sculpture\/\" \/>\n<meta property=\"og:site_name\" content=\"La Gazette\" \/>\n<meta property=\"article:published_time\" content=\"2026-04-28T06:30:57+00:00\" \/>\n<meta property=\"og:image\" content=\"https:\/\/sceaux-lagazette.fr\/wp-content\/uploads\/2026\/04\/Krief-3-scruplures-format-paysage.jpg\" \/>\n\t<meta property=\"og:image:width\" content=\"1600\" \/>\n\t<meta property=\"og:image:height\" content=\"900\" \/>\n\t<meta property=\"og:image:type\" content=\"image\/jpeg\" \/>\n<meta name=\"author\" content=\"Maurice Zytnicki\" \/>\n<meta name=\"twitter:card\" content=\"summary_large_image\" \/>\n<meta name=\"twitter:label1\" content=\"\u00c9crit par\" \/>\n\t<meta name=\"twitter:data1\" content=\"Maurice Zytnicki\" \/>\n\t<meta name=\"twitter:label2\" content=\"Dur\u00e9e de lecture estim\u00e9e\" \/>\n\t<meta name=\"twitter:data2\" content=\"4 minutes\" \/>\n<script type=\"application\/ld+json\" class=\"yoast-schema-graph\">{\"@context\":\"https:\/\/schema.org\",\"@graph\":[{\"@type\":\"Article\",\"@id\":\"https:\/\/sceaux-lagazette.fr\/index.php\/2026\/04\/28\/helene-krief-entre-peinture-et-sculpture\/#article\",\"isPartOf\":{\"@id\":\"https:\/\/sceaux-lagazette.fr\/index.php\/2026\/04\/28\/helene-krief-entre-peinture-et-sculpture\/\"},\"author\":{\"name\":\"Maurice Zytnicki\",\"@id\":\"https:\/\/sceaux-lagazette.fr\/#\/schema\/person\/060ab8fc058c4220d9079707a58da9f1\"},\"headline\":\"H\u00e9l\u00e8ne Krief entre peinture et sculpture\",\"datePublished\":\"2026-04-28T06:30:57+00:00\",\"mainEntityOfPage\":{\"@id\":\"https:\/\/sceaux-lagazette.fr\/index.php\/2026\/04\/28\/helene-krief-entre-peinture-et-sculpture\/\"},\"wordCount\":820,\"commentCount\":0,\"publisher\":{\"@id\":\"https:\/\/sceaux-lagazette.fr\/#organization\"},\"image\":{\"@id\":\"https:\/\/sceaux-lagazette.fr\/index.php\/2026\/04\/28\/helene-krief-entre-peinture-et-sculpture\/#primaryimage\"},\"thumbnailUrl\":\"https:\/\/sceaux-lagazette.fr\/wp-content\/uploads\/2026\/04\/Krief-3-scruplures-format-paysage.jpg\",\"articleSection\":[\"Portraits\",\"Sceaux\"],\"inLanguage\":\"fr-FR\",\"potentialAction\":[{\"@type\":\"CommentAction\",\"name\":\"Comment\",\"target\":[\"https:\/\/sceaux-lagazette.fr\/index.php\/2026\/04\/28\/helene-krief-entre-peinture-et-sculpture\/#respond\"]}]},{\"@type\":\"WebPage\",\"@id\":\"https:\/\/sceaux-lagazette.fr\/index.php\/2026\/04\/28\/helene-krief-entre-peinture-et-sculpture\/\",\"url\":\"https:\/\/sceaux-lagazette.fr\/index.php\/2026\/04\/28\/helene-krief-entre-peinture-et-sculpture\/\",\"name\":\"H\u00e9l\u00e8ne Krief entre peinture et sculpture - La Gazette\",\"isPartOf\":{\"@id\":\"https:\/\/sceaux-lagazette.fr\/#website\"},\"primaryImageOfPage\":{\"@id\":\"https:\/\/sceaux-lagazette.fr\/index.php\/2026\/04\/28\/helene-krief-entre-peinture-et-sculpture\/#primaryimage\"},\"image\":{\"@id\":\"https:\/\/sceaux-lagazette.fr\/index.php\/2026\/04\/28\/helene-krief-entre-peinture-et-sculpture\/#primaryimage\"},\"thumbnailUrl\":\"https:\/\/sceaux-lagazette.fr\/wp-content\/uploads\/2026\/04\/Krief-3-scruplures-format-paysage.jpg\",\"datePublished\":\"2026-04-28T06:30:57+00:00\",\"breadcrumb\":{\"@id\":\"https:\/\/sceaux-lagazette.fr\/index.php\/2026\/04\/28\/helene-krief-entre-peinture-et-sculpture\/#breadcrumb\"},\"inLanguage\":\"fr-FR\",\"potentialAction\":[{\"@type\":\"ReadAction\",\"target\":[\"https:\/\/sceaux-lagazette.fr\/index.php\/2026\/04\/28\/helene-krief-entre-peinture-et-sculpture\/\"]}]},{\"@type\":\"ImageObject\",\"inLanguage\":\"fr-FR\",\"@id\":\"https:\/\/sceaux-lagazette.fr\/index.php\/2026\/04\/28\/helene-krief-entre-peinture-et-sculpture\/#primaryimage\",\"url\":\"https:\/\/sceaux-lagazette.fr\/wp-content\/uploads\/2026\/04\/Krief-3-scruplures-format-paysage.jpg\",\"contentUrl\":\"https:\/\/sceaux-lagazette.fr\/wp-content\/uploads\/2026\/04\/Krief-3-scruplures-format-paysage.jpg\",\"width\":1600,\"height\":900},{\"@type\":\"BreadcrumbList\",\"@id\":\"https:\/\/sceaux-lagazette.fr\/index.php\/2026\/04\/28\/helene-krief-entre-peinture-et-sculpture\/#breadcrumb\",\"itemListElement\":[{\"@type\":\"ListItem\",\"position\":1,\"name\":\"Accueil\",\"item\":\"https:\/\/sceaux-lagazette.fr\/\"},{\"@type\":\"ListItem\",\"position\":2,\"name\":\"H\u00e9l\u00e8ne Krief entre peinture et sculpture\"}]},{\"@type\":\"WebSite\",\"@id\":\"https:\/\/sceaux-lagazette.fr\/#website\",\"url\":\"https:\/\/sceaux-lagazette.fr\/\",\"name\":\"La Gazette\",\"description\":\"Bourg-la-Reine, Ch\u00e2tenay, Fontenay, Sceaux\",\"publisher\":{\"@id\":\"https:\/\/sceaux-lagazette.fr\/#organization\"},\"potentialAction\":[{\"@type\":\"SearchAction\",\"target\":{\"@type\":\"EntryPoint\",\"urlTemplate\":\"https:\/\/sceaux-lagazette.fr\/?s={search_term_string}\"},\"query-input\":{\"@type\":\"PropertyValueSpecification\",\"valueRequired\":true,\"valueName\":\"search_term_string\"}}],\"inLanguage\":\"fr-FR\"},{\"@type\":\"Organization\",\"@id\":\"https:\/\/sceaux-lagazette.fr\/#organization\",\"name\":\"La Gazette\",\"url\":\"https:\/\/sceaux-lagazette.fr\/\",\"logo\":{\"@type\":\"ImageObject\",\"inLanguage\":\"fr-FR\",\"@id\":\"https:\/\/sceaux-lagazette.fr\/#\/schema\/logo\/image\/\",\"url\":\"https:\/\/sceaux-lagazette.fr\/wp-content\/uploads\/2025\/08\/Logo-Gazette-Aout-2025-V3.jpg\",\"contentUrl\":\"https:\/\/sceaux-lagazette.fr\/wp-content\/uploads\/2025\/08\/Logo-Gazette-Aout-2025-V3.jpg\",\"width\":525,\"height\":130,\"caption\":\"La Gazette\"},\"image\":{\"@id\":\"https:\/\/sceaux-lagazette.fr\/#\/schema\/logo\/image\/\"}},{\"@type\":\"Person\",\"@id\":\"https:\/\/sceaux-lagazette.fr\/#\/schema\/person\/060ab8fc058c4220d9079707a58da9f1\",\"name\":\"Maurice Zytnicki\",\"image\":{\"@type\":\"ImageObject\",\"inLanguage\":\"fr-FR\",\"@id\":\"https:\/\/sceaux-lagazette.fr\/#\/schema\/person\/image\/\",\"url\":\"https:\/\/secure.gravatar.com\/avatar\/d94d30d6fa0e9cb7af48a89366fc0cdb?s=96&r=g\",\"contentUrl\":\"https:\/\/secure.gravatar.com\/avatar\/d94d30d6fa0e9cb7af48a89366fc0cdb?s=96&r=g\",\"caption\":\"Maurice Zytnicki\"},\"url\":\"https:\/\/sceaux-lagazette.fr\/index.php\/author\/maurice\/\"}]}<\/script>\n<!-- \/ Yoast SEO plugin. -->","yoast_head_json":{"title":"H\u00e9l\u00e8ne Krief entre peinture et sculpture - La Gazette","robots":{"index":"index","follow":"follow","max-snippet":"max-snippet:-1","max-image-preview":"max-image-preview:large","max-video-preview":"max-video-preview:-1"},"canonical":"https:\/\/sceaux-lagazette.fr\/index.php\/2026\/04\/28\/helene-krief-entre-peinture-et-sculpture\/","og_locale":"fr_FR","og_type":"article","og_title":"H\u00e9l\u00e8ne Krief entre peinture et sculpture - La Gazette","og_description":"Elle travaille la terre, le m\u00e9tal, le bois et la pierre. Elle peint sur papier, toile ou carton. Les deux disciplines rel\u00e8vent chez elle de deux gestes diff\u00e9rents. \u00ab&nbsp;En sculpture, je sais o\u00f9 je vais. En peinture, je peins depuis toujours, mais la part du doute est plus importante.&nbsp;\u00bb Quand&#8230;","og_url":"https:\/\/sceaux-lagazette.fr\/index.php\/2026\/04\/28\/helene-krief-entre-peinture-et-sculpture\/","og_site_name":"La Gazette","article_published_time":"2026-04-28T06:30:57+00:00","og_image":[{"width":1600,"height":900,"url":"https:\/\/sceaux-lagazette.fr\/wp-content\/uploads\/2026\/04\/Krief-3-scruplures-format-paysage.jpg","type":"image\/jpeg"}],"author":"Maurice Zytnicki","twitter_card":"summary_large_image","twitter_misc":{"\u00c9crit par":"Maurice Zytnicki","Dur\u00e9e de lecture estim\u00e9e":"4 minutes"},"schema":{"@context":"https:\/\/schema.org","@graph":[{"@type":"Article","@id":"https:\/\/sceaux-lagazette.fr\/index.php\/2026\/04\/28\/helene-krief-entre-peinture-et-sculpture\/#article","isPartOf":{"@id":"https:\/\/sceaux-lagazette.fr\/index.php\/2026\/04\/28\/helene-krief-entre-peinture-et-sculpture\/"},"author":{"name":"Maurice Zytnicki","@id":"https:\/\/sceaux-lagazette.fr\/#\/schema\/person\/060ab8fc058c4220d9079707a58da9f1"},"headline":"H\u00e9l\u00e8ne Krief entre peinture et sculpture","datePublished":"2026-04-28T06:30:57+00:00","mainEntityOfPage":{"@id":"https:\/\/sceaux-lagazette.fr\/index.php\/2026\/04\/28\/helene-krief-entre-peinture-et-sculpture\/"},"wordCount":820,"commentCount":0,"publisher":{"@id":"https:\/\/sceaux-lagazette.fr\/#organization"},"image":{"@id":"https:\/\/sceaux-lagazette.fr\/index.php\/2026\/04\/28\/helene-krief-entre-peinture-et-sculpture\/#primaryimage"},"thumbnailUrl":"https:\/\/sceaux-lagazette.fr\/wp-content\/uploads\/2026\/04\/Krief-3-scruplures-format-paysage.jpg","articleSection":["Portraits","Sceaux"],"inLanguage":"fr-FR","potentialAction":[{"@type":"CommentAction","name":"Comment","target":["https:\/\/sceaux-lagazette.fr\/index.php\/2026\/04\/28\/helene-krief-entre-peinture-et-sculpture\/#respond"]}]},{"@type":"WebPage","@id":"https:\/\/sceaux-lagazette.fr\/index.php\/2026\/04\/28\/helene-krief-entre-peinture-et-sculpture\/","url":"https:\/\/sceaux-lagazette.fr\/index.php\/2026\/04\/28\/helene-krief-entre-peinture-et-sculpture\/","name":"H\u00e9l\u00e8ne Krief entre peinture et sculpture - La Gazette","isPartOf":{"@id":"https:\/\/sceaux-lagazette.fr\/#website"},"primaryImageOfPage":{"@id":"https:\/\/sceaux-lagazette.fr\/index.php\/2026\/04\/28\/helene-krief-entre-peinture-et-sculpture\/#primaryimage"},"image":{"@id":"https:\/\/sceaux-lagazette.fr\/index.php\/2026\/04\/28\/helene-krief-entre-peinture-et-sculpture\/#primaryimage"},"thumbnailUrl":"https:\/\/sceaux-lagazette.fr\/wp-content\/uploads\/2026\/04\/Krief-3-scruplures-format-paysage.jpg","datePublished":"2026-04-28T06:30:57+00:00","breadcrumb":{"@id":"https:\/\/sceaux-lagazette.fr\/index.php\/2026\/04\/28\/helene-krief-entre-peinture-et-sculpture\/#breadcrumb"},"inLanguage":"fr-FR","potentialAction":[{"@type":"ReadAction","target":["https:\/\/sceaux-lagazette.fr\/index.php\/2026\/04\/28\/helene-krief-entre-peinture-et-sculpture\/"]}]},{"@type":"ImageObject","inLanguage":"fr-FR","@id":"https:\/\/sceaux-lagazette.fr\/index.php\/2026\/04\/28\/helene-krief-entre-peinture-et-sculpture\/#primaryimage","url":"https:\/\/sceaux-lagazette.fr\/wp-content\/uploads\/2026\/04\/Krief-3-scruplures-format-paysage.jpg","contentUrl":"https:\/\/sceaux-lagazette.fr\/wp-content\/uploads\/2026\/04\/Krief-3-scruplures-format-paysage.jpg","width":1600,"height":900},{"@type":"BreadcrumbList","@id":"https:\/\/sceaux-lagazette.fr\/index.php\/2026\/04\/28\/helene-krief-entre-peinture-et-sculpture\/#breadcrumb","itemListElement":[{"@type":"ListItem","position":1,"name":"Accueil","item":"https:\/\/sceaux-lagazette.fr\/"},{"@type":"ListItem","position":2,"name":"H\u00e9l\u00e8ne Krief entre peinture et sculpture"}]},{"@type":"WebSite","@id":"https:\/\/sceaux-lagazette.fr\/#website","url":"https:\/\/sceaux-lagazette.fr\/","name":"La Gazette","description":"Bourg-la-Reine, Ch\u00e2tenay, Fontenay, Sceaux","publisher":{"@id":"https:\/\/sceaux-lagazette.fr\/#organization"},"potentialAction":[{"@type":"SearchAction","target":{"@type":"EntryPoint","urlTemplate":"https:\/\/sceaux-lagazette.fr\/?s={search_term_string}"},"query-input":{"@type":"PropertyValueSpecification","valueRequired":true,"valueName":"search_term_string"}}],"inLanguage":"fr-FR"},{"@type":"Organization","@id":"https:\/\/sceaux-lagazette.fr\/#organization","name":"La Gazette","url":"https:\/\/sceaux-lagazette.fr\/","logo":{"@type":"ImageObject","inLanguage":"fr-FR","@id":"https:\/\/sceaux-lagazette.fr\/#\/schema\/logo\/image\/","url":"https:\/\/sceaux-lagazette.fr\/wp-content\/uploads\/2025\/08\/Logo-Gazette-Aout-2025-V3.jpg","contentUrl":"https:\/\/sceaux-lagazette.fr\/wp-content\/uploads\/2025\/08\/Logo-Gazette-Aout-2025-V3.jpg","width":525,"height":130,"caption":"La Gazette"},"image":{"@id":"https:\/\/sceaux-lagazette.fr\/#\/schema\/logo\/image\/"}},{"@type":"Person","@id":"https:\/\/sceaux-lagazette.fr\/#\/schema\/person\/060ab8fc058c4220d9079707a58da9f1","name":"Maurice Zytnicki","image":{"@type":"ImageObject","inLanguage":"fr-FR","@id":"https:\/\/sceaux-lagazette.fr\/#\/schema\/person\/image\/","url":"https:\/\/secure.gravatar.com\/avatar\/d94d30d6fa0e9cb7af48a89366fc0cdb?s=96&r=g","contentUrl":"https:\/\/secure.gravatar.com\/avatar\/d94d30d6fa0e9cb7af48a89366fc0cdb?s=96&r=g","caption":"Maurice Zytnicki"},"url":"https:\/\/sceaux-lagazette.fr\/index.php\/author\/maurice\/"}]}},"cc_featured_image_caption":{"caption_text":"Trois sculptures. Photo. H. Krief","source_text":"","source_url":""},"_links":{"self":[{"href":"https:\/\/sceaux-lagazette.fr\/index.php\/wp-json\/wp\/v2\/posts\/45916"}],"collection":[{"href":"https:\/\/sceaux-lagazette.fr\/index.php\/wp-json\/wp\/v2\/posts"}],"about":[{"href":"https:\/\/sceaux-lagazette.fr\/index.php\/wp-json\/wp\/v2\/types\/post"}],"author":[{"embeddable":true,"href":"https:\/\/sceaux-lagazette.fr\/index.php\/wp-json\/wp\/v2\/users\/6"}],"replies":[{"embeddable":true,"href":"https:\/\/sceaux-lagazette.fr\/index.php\/wp-json\/wp\/v2\/comments?post=45916"}],"version-history":[{"count":4,"href":"https:\/\/sceaux-lagazette.fr\/index.php\/wp-json\/wp\/v2\/posts\/45916\/revisions"}],"predecessor-version":[{"id":45927,"href":"https:\/\/sceaux-lagazette.fr\/index.php\/wp-json\/wp\/v2\/posts\/45916\/revisions\/45927"}],"wp:featuredmedia":[{"embeddable":true,"href":"https:\/\/sceaux-lagazette.fr\/index.php\/wp-json\/wp\/v2\/media\/45921"}],"wp:attachment":[{"href":"https:\/\/sceaux-lagazette.fr\/index.php\/wp-json\/wp\/v2\/media?parent=45916"}],"wp:term":[{"taxonomy":"category","embeddable":true,"href":"https:\/\/sceaux-lagazette.fr\/index.php\/wp-json\/wp\/v2\/categories?post=45916"},{"taxonomy":"post_tag","embeddable":true,"href":"https:\/\/sceaux-lagazette.fr\/index.php\/wp-json\/wp\/v2\/tags?post=45916"}],"curies":[{"name":"wp","href":"https:\/\/api.w.org\/{rel}","templated":true}]}}